{"id":99921,"date":"2024-09-29T06:00:00","date_gmt":"2024-09-29T03:00:00","guid":{"rendered":"https:\/\/buletin.de\/bucuresti\/?p=99921"},"modified":"2025-09-29T18:40:10","modified_gmt":"2025-09-29T15:40:10","slug":"sector-1-colegiul-tudor-vianu-si-doua-scoli-reabilitate-cu-45-milioane-euro","status":"publish","type":"post","link":"https:\/\/buletin.de\/bucuresti\/sector-1-colegiul-tudor-vianu-si-doua-scoli-reabilitate-cu-45-milioane-euro\/","title":{"rendered":"Sector 1 | Colegiul \u201eTudor Vianu\u201d \u0219i dou\u0103 \u0219coli, reabilitate cu 45 milioane euro"},"content":{"rendered":"\n<p><strong>Colegiul Na\u021bional de Informatic\u0103 \u201eTudor Vianu\u201d \u0219i alte dou\u0103 unit\u0103\u021bi de \u00eenv\u0103\u021b\u0103m\u00e2nt din Sectorul 1 vor fi reabilitate cu circa 45 milioane de euro, conform unor<a href=\"https:\/\/primarias1ro-my.sharepoint.com\/:f:\/g\/personal\/secretariat_primarias1_ro\/EjCZaf_mRltEvLvFR1D2aWEBUxLJ6Z_2N0UqINRHKCP4qg?e=7kOXac\" target=\"_blank\" rel=\"noreferrer noopener\"> proiecte de hot\u0103r\u00e2re<\/a> de pe masa Consiliului Local. Este vorba despre \u0218coala Gimnazial\u0103 nr. 178 \u0219i \u0218coala Gimnazial\u0103 \u201eSf\u00e2ntul Nicolae.\u201d<\/strong><\/p>\n\n\n\n<p><strong>UPDATE<\/strong>: Proiectul nu a fost suspus la vot nici de aceast\u0103 dat\u0103, din lips\u0103 de cvorum. Din 27 de consilieri locali, doar 5 au mai r\u0103mas la \u0219edin\u021b\u0103 c\u00e2nd urma s\u0103 se discut\u0103 acest proiect. <\/p>\n\n\n\n<hr class=\"wp-block-separator has-alpha-channel-opacity\"\/>\n\n\n\n<h2 class=\"wp-block-heading\" id=\"h-lucrari-de-peste-22-milioane-euro-la-tudor-vianu\">Lucr\u0103ri de peste 22 milioane euro la \u201eTudor Vianu\u201d<\/h2>\n\n\n\n<p><strong>Cea mai mare sum\u0103, 22,7 milioane de euro (TVA inclus),  va fi folosit\u0103 pentru modernizarea Colegiului \u201eTudor Vianu\u201d, unde lucr\u0103rile vor dura doi ani. <\/strong><\/p>\n\n\n\n<p>Cl\u0103direa principal\u0103 are o suprafa\u021b\u0103 construit\u0103 de <strong>2.149,54 metri p\u0103tra\u021bi <\/strong>\u0219i este format\u0103 din patru corpuri:<\/p>\n\n\n\n<ul class=\"wp-block-list\">\n<li>Corpul A dinspre strada arh. lon Mincu (S par\u021bial+P+2E)<\/li>\n\n\n\n<li>Corpul B (D+P+2E)<\/li>\n\n\n\n<li>Corpul C de leg\u0103tur\u0103 (P) <\/li>\n\n\n\n<li>Corpul D care con\u021bine sala de evenimente \u015fi biblioteca (P+1).<\/li>\n<\/ul>\n\n\n\n<figure class=\"wp-block-gallery has-nested-images columns-default is-cropped wp-block-gallery-1 is-layout-flex wp-block-gallery-is-layout-flex\">\n<figure class=\"wp-block-image size-large\"><a href=\"https:\/\/buletin.de\/bucuresti\/wp-content\/uploads\/Vianu-2.png\"><img fetchpriority=\"high\" decoding=\"async\" width=\"900\" height=\"819\" data-id=\"100000\" src=\"data:image\/gif;base64,R0lGODlhAQABAAAAACH5BAEKAAEALAAAAAABAAEAAAICTAEAOw==\" data-src=\"https:\/\/buletin.de\/bucuresti\/wp-content\/uploads\/Vianu-2.png\" alt=\"\" class=\"wp-image-100000 lazyload\" data-sizes=\"auto\" data-srcset=\"https:\/\/buletin.de\/bucuresti\/wp-content\/uploads\/Vianu-2.png 900w, https:\/\/buletin.de\/bucuresti\/wp-content\/uploads\/Vianu-2-300x273.png 300w, https:\/\/buletin.de\/bucuresti\/wp-content\/uploads\/Vianu-2-768x699.png 768w, https:\/\/buletin.de\/bucuresti\/wp-content\/uploads\/Vianu-2-600x546.png 600w, https:\/\/buletin.de\/bucuresti\/wp-content\/uploads\/Vianu-2-20x18.png 20w\" sizes=\"(max-width: 900px) 100vw, 900px\" \/><\/a><\/figure>\n\n\n\n<figure class=\"wp-block-image size-large\"><a href=\"https:\/\/buletin.de\/bucuresti\/wp-content\/uploads\/Vianu.png\"><img decoding=\"async\" width=\"900\" height=\"619\" data-id=\"100001\" src=\"data:image\/gif;base64,R0lGODlhAQABAAAAACH5BAEKAAEALAAAAAABAAEAAAICTAEAOw==\" data-src=\"https:\/\/buletin.de\/bucuresti\/wp-content\/uploads\/Vianu-900x619.png\" alt=\"\" class=\"wp-image-100001 lazyload\" data-sizes=\"auto\" data-srcset=\"https:\/\/buletin.de\/bucuresti\/wp-content\/uploads\/Vianu-900x619.png 900w, https:\/\/buletin.de\/bucuresti\/wp-content\/uploads\/Vianu-300x206.png 300w, https:\/\/buletin.de\/bucuresti\/wp-content\/uploads\/Vianu-768x529.png 768w, https:\/\/buletin.de\/bucuresti\/wp-content\/uploads\/Vianu-1100x757.png 1100w, https:\/\/buletin.de\/bucuresti\/wp-content\/uploads\/Vianu-600x413.png 600w, https:\/\/buletin.de\/bucuresti\/wp-content\/uploads\/Vianu-20x14.png 20w, https:\/\/buletin.de\/bucuresti\/wp-content\/uploads\/Vianu.png 1148w\" sizes=\"(max-width: 900px) 100vw, 900px\" \/><\/a><\/figure>\n<figcaption class=\"blocks-gallery-caption wp-element-caption\">C.N.I. \u201eTudor Vianu\u201d. Foto: Google Maps<\/figcaption><\/figure>\n\n\n\n<p>Cu aproape un secol vechime, corpurile A \u0219i B prezint\u0103<em> \u201epu\u021bine degrad\u0103ri la exterior: <strong>fisuri, exfolieri sau desprinderi de tencuial\u0103, sisteme de climatizare prinse pe fa\u021bad\u0103<\/strong> ce dau un aspect nepl\u0103cut\u201d<\/em>, conform proiectului de hot\u0103r\u00e2re.<\/p>\n\n\n\n<p>Totodat\u0103, termoizola\u021bia de vat\u0103 mineral\u0103 din pod este deteriorat\u0103. Cele dou\u0103 corpuri au fost construite \u00een perioada 1925-1928.<\/p>\n\n\n\n<p>La nivelul corpurilor C si D, s-au degradat garniturile \u0219i sistemele de \u00eenchidere ale t\u00e2mpl\u0103riei exterioare. De altfel, u\u0219ile \u0219i ferestrele din lemn prezint\u0103 fisuri \u00een cazul corpului D.<\/p>\n\n\n\n<p>Cl\u0103direa nu \u00eendepline\u0219te criteriile de accesibilitate pentru persoanele cu dizabilit\u0103\u0163i:<strong> nu exist\u0103 rampe de acces, lift sau grupuri sanitare amenajate special.<\/strong> Din acest motiv, se propune construirea unui <strong>\u201enod nou de circula\u021bie cu lift \u015fi scara exterioar\u0103 pentru evacuare \u00een caz de incendiu\u201d.<\/strong><\/p>\n\n\n\n<blockquote class=\"wp-block-quote is-layout-flow wp-block-quote-is-layout-flow\">\n<p>Instala\u0163iile sanitare prezint\u0103 probleme majore ce duc la inunda\u0163ii la nivelul demisolului \u0219i \u00een curtea incintei.<\/p>\n<\/blockquote>\n\n\n\n<p>\u00cen plus, sistemul de \u00eenc\u0103lzire \u0219i instala\u021biile electrice prezint\u0103 deficien\u021be. Astfel, lucr\u0103rile vor include:<\/p>\n\n\n\n<ul class=\"wp-block-list\">\n<li>reabilitare energetic\u0103<\/li>\n\n\n\n<li>modific\u0103ri la nivelul instala\u021biilor<\/li>\n\n\n\n<li>recompartiment\u0103ri arhitecturale pentru reconfigurarea func\u0163ional\u0103 a cl\u0103dirii<\/li>\n\n\n\n<li>repara\u0163ii locale ale acoperi\u0219ului<\/li>\n\n\n\n<li><strong>consolidarea Tronsonelor A \u0219i B, cu demolarea \u0219i refacerea Tronsonului C<\/strong><\/li>\n<\/ul>\n\n\n\n<p><strong>CITE\u0218TE \u0218I: <a href=\"https:\/\/buletin.de\/bucuresti\/scolile-ilegale-ale-capitalei-unde-se-invata-in-trei-schimburi-si-ce-spun-primarii-de-sector-despre-problema\/\">\u0218colile \u201eilegale\u201d ale Capitalei. Unde se \u00eenva\u021b\u0103 \u00een trei schimburi \u0219i ce spun primarii de sector despre problem\u0103<\/a><\/strong><\/p>\n\n\n\n<h2 class=\"wp-block-heading\" id=\"h-\u0219coala-gimnaziala-178-modernizata-cu-peste-11-milioane-euro\">\u0218coala Gimnazial\u0103 178, modernizat\u0103 cu peste 11 milioane euro<\/h2>\n\n\n\n<p>Cu o vechime de aproape <strong>\u0219ase decenii<\/strong>, cl\u0103direa \u0219colii a suferit multiple degrad\u0103ri \u00een timp. Proiectul propune reabilitarea \u0219i consolidarea construc\u021biei, dar \u0219i lucr\u0103ri de modernizare, printre care <strong>instalarea de panouri fotovoltaice<\/strong> sau a unei <strong>platforme pentru colectarea selectiv\u0103 a de\u0219eurilor. <\/strong><\/p>\n\n\n\n<p>Imobilul are un<strong> regim de \u00een\u0103l\u021bime P+2E <\/strong>(parter \u0219i dou\u0103 etaje) \u0219i a fost construit \u00een form\u0103 de U, fiind format din trei tronsoane desp\u0103r\u021bite prin rosturi antiseismice.<\/p>\n\n\n\n<p><strong>\u00cen cazul acestei \u0219coli, lucr\u0103rile vor dura un an de la data \u00eenceperii acestora, iar valoarea investi\u021biei se ridic\u0103 la 58, 7 milioane lei (TVA inclus).<\/strong><\/p>\n\n\n\n<figure class=\"wp-block-image size-large\"><a href=\"https:\/\/buletin.de\/bucuresti\/wp-content\/uploads\/Slide1.jpg\"><img decoding=\"async\" width=\"900\" height=\"431\" src=\"data:image\/gif;base64,R0lGODlhAQABAAAAACH5BAEKAAEALAAAAAABAAEAAAICTAEAOw==\" data-src=\"https:\/\/buletin.de\/bucuresti\/wp-content\/uploads\/Slide1-900x431.jpg\" alt=\"\" class=\"wp-image-99993 lazyload\" data-sizes=\"auto\" data-srcset=\"https:\/\/buletin.de\/bucuresti\/wp-content\/uploads\/Slide1-900x431.jpg 900w, https:\/\/buletin.de\/bucuresti\/wp-content\/uploads\/Slide1-300x144.jpg 300w, https:\/\/buletin.de\/bucuresti\/wp-content\/uploads\/Slide1-768x368.jpg 768w, https:\/\/buletin.de\/bucuresti\/wp-content\/uploads\/Slide1-600x288.jpg 600w, https:\/\/buletin.de\/bucuresti\/wp-content\/uploads\/Slide1-20x10.jpg 20w, https:\/\/buletin.de\/bucuresti\/wp-content\/uploads\/Slide1.jpg 960w\" sizes=\"(max-width: 900px) 100vw, 900px\" \/><\/a><figcaption class=\"wp-element-caption\">Foto: scoalanr178.ro<\/figcaption><\/figure>\n\n\n\n<p>Conform documentului, deficien\u021bele \u00eent\u00e2lnite la \u0218coala Gimnazial\u0103 178 sunt:<\/p>\n\n\n\n<ul class=\"wp-block-list\">\n<li>\u201eelementele de anvelop\u0103 (pere\u0163ii exteriori) au rezisten\u021be termice care nu corespund cerin\u021belor actuale<\/li>\n\n\n\n<li>se prezint\u0103 zone cu termosistem degradat, fisuri \u00een zonele de cuplare, \u00een pere\u021bii structurali, \u00een plan\u0219eele de beton armat \u0219i \u00een pardoselile din materiale rigide (mozaic), rostul dintre trotuar \u0219i construc\u0163ie este local, neetan\u0219;<\/li>\n\n\n\n<li>t\u00e2mpl\u0103ria nu respect\u0103 rezisten\u0163ele termice minime prev\u0103zute \u00een normativele acuale, garniturile \u0219i sistemele de \u00eenchidere ale t\u00e2mpl\u0103riei exterioare sunt deteriorate<\/li>\n\n\n\n<li>cl\u0103direa \u0219colii nu este amenajat\u0103 pentru persoanele cu dizabilit\u0103\u0163i: rampele de acces \u00een cl\u0103dire sunt neconforme, nu exist\u0103 lift pentru deplasarea pe vertical\u0103, grupuri sanitare neamenajate special pentru persoanele cu dizabilit\u0103\u021bi<\/li>\n\n\n\n<li>acoperisul \u0219colii este tip terasa necirculabil\u0103, iar la nivelul terasei au ap\u0103rut infiltra\u0163ii de ap\u0103<\/li>\n\n\n\n<li>cl\u0103direa \u0219colii nu dispune de instala\u021bii de climatizare \u0219i nici de sisteme de ventilare organizat\u0103<\/li>\n\n\n\n<li>pentru iluminat sunt folosite corpuri fluorescente, care nu ofer\u0103 necesarul de lumin\u0103 pentru lucru \u0219i sunt ineficiente energetic<\/li>\n\n\n\n<li>centrala termic\u0103 este veche \u0219i necesit\u0103 \u00eenlocuire<\/li>\n\n\n\n<li>corpurile de \u00eenc\u0103lzire sunt radiatore de o\u0163el care nu au fost sp\u0103late sau cur\u0103\u021bate \u00een ultimii 3 ani \u0219i nu sunt prev\u0103zute cu robinete termostatice.\u201d<\/li>\n<\/ul>\n\n\n\n<figure class=\"wp-block-gallery has-nested-images columns-default is-cropped wp-block-gallery-2 is-layout-flex wp-block-gallery-is-layout-flex\">\n<figure class=\"wp-block-image size-large\"><a href=\"https:\/\/buletin.de\/bucuresti\/wp-content\/uploads\/178-1.png\"><img loading=\"lazy\" decoding=\"async\" width=\"900\" height=\"772\" data-id=\"99989\" src=\"data:image\/gif;base64,R0lGODlhAQABAAAAACH5BAEKAAEALAAAAAABAAEAAAICTAEAOw==\" data-src=\"https:\/\/buletin.de\/bucuresti\/wp-content\/uploads\/178-1-900x772.png\" alt=\"\" class=\"wp-image-99989 lazyload\" data-sizes=\"auto\" data-srcset=\"https:\/\/buletin.de\/bucuresti\/wp-content\/uploads\/178-1-900x772.png 900w, https:\/\/buletin.de\/bucuresti\/wp-content\/uploads\/178-1-300x257.png 300w, https:\/\/buletin.de\/bucuresti\/wp-content\/uploads\/178-1-768x659.png 768w, https:\/\/buletin.de\/bucuresti\/wp-content\/uploads\/178-1-600x515.png 600w, https:\/\/buletin.de\/bucuresti\/wp-content\/uploads\/178-1-20x17.png 20w, https:\/\/buletin.de\/bucuresti\/wp-content\/uploads\/178-1.png 965w\" sizes=\"(max-width: 900px) 100vw, 900px\" \/><\/a><\/figure>\n\n\n\n<figure class=\"wp-block-image size-large\"><a href=\"https:\/\/buletin.de\/bucuresti\/wp-content\/uploads\/image_2024-09-28_000608035.png\"><img loading=\"lazy\" decoding=\"async\" width=\"900\" height=\"716\" data-id=\"99988\" src=\"data:image\/gif;base64,R0lGODlhAQABAAAAACH5BAEKAAEALAAAAAABAAEAAAICTAEAOw==\" data-src=\"https:\/\/buletin.de\/bucuresti\/wp-content\/uploads\/image_2024-09-28_000608035-900x716.png\" alt=\"\" class=\"wp-image-99988 lazyload\" data-sizes=\"auto\" data-srcset=\"https:\/\/buletin.de\/bucuresti\/wp-content\/uploads\/image_2024-09-28_000608035-900x716.png 900w, https:\/\/buletin.de\/bucuresti\/wp-content\/uploads\/image_2024-09-28_000608035-300x239.png 300w, https:\/\/buletin.de\/bucuresti\/wp-content\/uploads\/image_2024-09-28_000608035-768x611.png 768w, https:\/\/buletin.de\/bucuresti\/wp-content\/uploads\/image_2024-09-28_000608035-600x478.png 600w, https:\/\/buletin.de\/bucuresti\/wp-content\/uploads\/image_2024-09-28_000608035-20x16.png 20w, https:\/\/buletin.de\/bucuresti\/wp-content\/uploads\/image_2024-09-28_000608035.png 1025w\" sizes=\"(max-width: 900px) 100vw, 900px\" \/><\/a><\/figure>\n<figcaption class=\"blocks-gallery-caption wp-element-caption\">Foto: Google Maps<\/figcaption><\/figure>\n\n\n\n<p>Lucr\u0103rile propuse includ: <em><strong>consolidarea celor 3 tronsoane<\/strong>; reabilitare energetic\u0103; modific\u0103ri la nivelul instala\u021biilor; <strong>dotare \u0219i echipare cl\u0103dire pentru persoanele cu dizabilit\u0103\u021bi<\/strong>; recompartiment\u0103ri arhitecturale pentru reconfigurarea func\u0163ional\u0103; realizare grup electrogen, T.E.G. si gospod\u0103rie de ap\u0103;<strong> realizare platform\u0103 colectare de\u0219euri selective<\/strong>, repara\u0163ii locale ale acoperi\u0219ului existent; <strong>amplasare panouri fotovoltaice<\/strong> \u0219i instala\u021bie HVAC<\/em>.<\/p>\n\n\n\n<p><strong>CITE\u0218TE \u0218I:<\/strong> <a href=\"https:\/\/buletin.de\/bucuresti\/video-culisele-afacerii-sfinte-din-voluntari-cum-strange-primaria-lui-pandele-8-000-de-pelerini-pentru-deplasarea-la-moastele-sf-parascheva\/\" target=\"_blank\" rel=\"noreferrer noopener\"><strong>VIDEO | Culisele \u201eAfacerii Sfinte\u201d din Voluntari. Cum str\u00e2nge Prim\u0103ria lui Pandele 8.000 de pelerini pentru deplasarea la moa\u0219tele Sf. Parascheva<\/strong><\/a><\/p>\n\n\n\n<h2 class=\"wp-block-heading\" id=\"h-peste-10-milioane-euro-pentru-\u0219coala-gimnaziala-sfantul-nicolae\">Peste 10 milioane euro pentru \u0218coala Gimnazial\u0103 \u201eSf\u00e2ntul Nicolae\u201d<\/h2>\n\n\n\n<p>Lucr\u0103rile vizeaz\u0103 corpul principal al \u0219colii. Cl\u0103direa a fost construit\u0103 \u00een <strong>1957<\/strong>, iar de-a lungul timpului au  fost realizate diverse lucr\u0103ri de reabilitare, inclusiv construirea unui acoperi\u0219 de tip \u0219arpant\u0103.<\/p>\n\n\n\n<p>Imobilul nu a suferit degrad\u0103ri majori, ci doar<strong> deterior\u0103ri la nivelul finisajelor, interioare \u0219i exterioare<\/strong> deopotriv\u0103. <\/p>\n\n\n\n<p><em>Cl\u0103direa nu dispune de instala\u0163ii de climatizare \u0219i nici de sisteme de ventilare organizat\u0103, iar elementele de anvelop\u0103 pere\u0163ii exteriori au rezisten\u0163e termice care nu corespund cerin\u0163elor actuale<\/em>, se arat\u0103 \u00een proiectul de hot\u0103r\u00e2re.<\/p>\n\n\n\n<figure class=\"wp-block-gallery has-nested-images columns-default is-cropped wp-block-gallery-3 is-layout-flex wp-block-gallery-is-layout-flex\">\n<figure class=\"wp-block-image size-large\"><a href=\"https:\/\/buletin.de\/bucuresti\/wp-content\/uploads\/P1070129-min.jpg\"><img loading=\"lazy\" decoding=\"async\" width=\"900\" height=\"675\" data-id=\"99996\" src=\"data:image\/gif;base64,R0lGODlhAQABAAAAACH5BAEKAAEALAAAAAABAAEAAAICTAEAOw==\" data-src=\"https:\/\/buletin.de\/bucuresti\/wp-content\/uploads\/P1070129-min-900x675.jpg\" alt=\"\" class=\"wp-image-99996 lazyload\" data-sizes=\"auto\" data-srcset=\"https:\/\/buletin.de\/bucuresti\/wp-content\/uploads\/P1070129-min-900x675.jpg 900w, https:\/\/buletin.de\/bucuresti\/wp-content\/uploads\/P1070129-min-300x225.jpg 300w, https:\/\/buletin.de\/bucuresti\/wp-content\/uploads\/P1070129-min-768x576.jpg 768w, https:\/\/buletin.de\/bucuresti\/wp-content\/uploads\/P1070129-min-1536x1152.jpg 1536w, https:\/\/buletin.de\/bucuresti\/wp-content\/uploads\/P1070129-min-1600x1200.jpg 1600w, https:\/\/buletin.de\/bucuresti\/wp-content\/uploads\/P1070129-min-1100x825.jpg 1100w, https:\/\/buletin.de\/bucuresti\/wp-content\/uploads\/P1070129-min-600x450.jpg 600w, https:\/\/buletin.de\/bucuresti\/wp-content\/uploads\/P1070129-min-20x15.jpg 20w, https:\/\/buletin.de\/bucuresti\/wp-content\/uploads\/P1070129-min.jpg 2000w\" sizes=\"(max-width: 900px) 100vw, 900px\" \/><\/a><\/figure>\n\n\n\n<figure class=\"wp-block-image size-large\"><a href=\"https:\/\/buletin.de\/bucuresti\/wp-content\/uploads\/DSC00801-min.png\"><img loading=\"lazy\" decoding=\"async\" width=\"900\" height=\"675\" data-id=\"99995\" src=\"data:image\/gif;base64,R0lGODlhAQABAAAAACH5BAEKAAEALAAAAAABAAEAAAICTAEAOw==\" data-src=\"https:\/\/buletin.de\/bucuresti\/wp-content\/uploads\/DSC00801-min-900x675.png\" alt=\"\" class=\"wp-image-99995 lazyload\" data-sizes=\"auto\" data-srcset=\"https:\/\/buletin.de\/bucuresti\/wp-content\/uploads\/DSC00801-min-900x675.png 900w, https:\/\/buletin.de\/bucuresti\/wp-content\/uploads\/DSC00801-min-300x225.png 300w, https:\/\/buletin.de\/bucuresti\/wp-content\/uploads\/DSC00801-min-768x576.png 768w, https:\/\/buletin.de\/bucuresti\/wp-content\/uploads\/DSC00801-min-600x450.png 600w, https:\/\/buletin.de\/bucuresti\/wp-content\/uploads\/DSC00801-min-20x15.png 20w, https:\/\/buletin.de\/bucuresti\/wp-content\/uploads\/DSC00801-min.png 1000w\" sizes=\"(max-width: 900px) 100vw, 900px\" \/><\/a><\/figure>\n<figcaption class=\"blocks-gallery-caption wp-element-caption\">Foto: scoalasfantulnicolae.ro<\/figcaption><\/figure>\n\n\n\n<p><strong>Durata proiectului este de un an, iar valoarea acestuia dep\u0103\u0219e\u0219te 53 milioane lei (TVA inclus).<\/strong> Lucr\u0103rile propuse urm\u0103resc, cu prec\u0103dere, <strong>reabilitarea termic\u0103<\/strong> a \u0219colii:<\/p>\n\n\n\n<ul class=\"wp-block-list\">\n<li>\u201eRefacere termoizola\u021bie pere\u021bi exteriori supraterani cu 20 cm polistiren expandat, pe exterior, iar pentru pere\u0163ii care \u00eenconjoar\u0103 terenul de sport exterior (\u00een interiorul formei U a cl\u0103dirii) 20 cm polistiren extrudat. Pentru minimizarea pun\u021bilor termice \u00een jurul t\u00e2mpl\u0103riei se va termoizola cu 5 cm polistiren expandat<\/li>\n\n\n\n<li>\u00cenlocuirea t\u00e2mplariei existente cu t\u00e2mpl\u0103rie din PVC pentacameral \u0219i geam triplu termoizolant, tratat low-e \u0219i clapeta de ventilare<\/li>\n\n\n\n<li>Termoizolarea pl\u0103cii sub pod cu 25 cm vat\u0103 mineral\u0103, peste plac\u0103 \u0219i hidroizolarea acesteia<\/li>\n\n\n\n<li>Sp\u0103larea \u0219i \u00eentre\u021binerea corpurilor de \u00eenc\u0103lzire din o\u0163el. Corpurile actuale nu au fost cur\u0103\u021bate \u0219i sunt afectate de depuneri de piatr\u0103 \u0219i biomas\u0103. Se dore\u0219te cur\u0103\u021barea \u0219i \u00eentre\u021binerea lor. Acestea vor fi dotate cu robine\u0163i cu cap termostatic \u00een scopul cre\u0219terii eficien\u021bei instala\u0163iei de \u00eenc\u0103lzire<\/li>\n\n\n\n<li>\u00cenlocuirea coloanelor \u0219i conductelor pentru \u00eenc\u0103lzire \u0219i ap\u0103 cald\u0103 menajer\u0103 \u0219i termoizolarea acestora \u00een spa\u0163iile ne\u00eenc\u0103lzite (spa\u021biu tehnic exterior) pentru a reduce pierderile termice<\/li>\n\n\n\n<li>Montarea de baterii cu senzor pentru ap\u0103 la obiectele sanitare pentru a diminua pierderile de ap\u0103<\/li>\n\n\n\n<li>\u00cenlocuirea corpurilor de iluminat cu becuri LED pentru reducerea semnificativ\u0103 a energiei electrice pentru iluminat artificial<\/li>\n\n\n\n<li>Dotarea cu sistem de ventilatoare descentralizat pentru evacuarea aerului viciat, cu recuperatoare de caldur\u0103. Aerul proaspat, \u00een special \u00een cladirile de \u00eenv\u0103\u021b\u0103m\u00e2nt unde copii petrec multe ore pe zi,este foarte important. De asemenea pentru a reduce risipa de c\u0103ldur\u0103 prin re\u00eemprospatarea aerului, instala\u021bia de ventilare mecanic\u0103 va fi dotat\u0103 cu recuperatoare de c\u0103ldur\u0103.<\/li>\n\n\n\n<li>Verificarea tuturor echipamentelor \u0219i \u00eenlocuirea celor care \u0219i-au iesit din parametrii. Dat fiind faptul c\u0103 este o cl\u0103dire existent\u0103, par\u021bial nefolosit\u0103, o parte din echipamentele acesteia necesit\u0103 repara\u021bii.\u201d<\/li>\n<\/ul>\n\n\n\n<figure class=\"wp-block-image size-large\"><a href=\"https:\/\/buletin.de\/bucuresti\/wp-content\/uploads\/P1070111-min.jpg\"><img loading=\"lazy\" decoding=\"async\" width=\"900\" height=\"675\" src=\"data:image\/gif;base64,R0lGODlhAQABAAAAACH5BAEKAAEALAAAAAABAAEAAAICTAEAOw==\" data-src=\"https:\/\/buletin.de\/bucuresti\/wp-content\/uploads\/P1070111-min-900x675.jpg\" alt=\"\" class=\"wp-image-99997 lazyload\" data-sizes=\"auto\" data-srcset=\"https:\/\/buletin.de\/bucuresti\/wp-content\/uploads\/P1070111-min-900x675.jpg 900w, https:\/\/buletin.de\/bucuresti\/wp-content\/uploads\/P1070111-min-300x225.jpg 300w, https:\/\/buletin.de\/bucuresti\/wp-content\/uploads\/P1070111-min-768x576.jpg 768w, https:\/\/buletin.de\/bucuresti\/wp-content\/uploads\/P1070111-min-1536x1152.jpg 1536w, https:\/\/buletin.de\/bucuresti\/wp-content\/uploads\/P1070111-min-1600x1200.jpg 1600w, https:\/\/buletin.de\/bucuresti\/wp-content\/uploads\/P1070111-min-1100x825.jpg 1100w, https:\/\/buletin.de\/bucuresti\/wp-content\/uploads\/P1070111-min-600x450.jpg 600w, https:\/\/buletin.de\/bucuresti\/wp-content\/uploads\/P1070111-min-20x15.jpg 20w, https:\/\/buletin.de\/bucuresti\/wp-content\/uploads\/P1070111-min.jpg 2000w\" sizes=\"(max-width: 900px) 100vw, 900px\" \/><\/a><figcaption class=\"wp-element-caption\">Foto: scoalasfantulnicolae.ro<\/figcaption><\/figure>\n\n\n\n<p><strong>CITE\u0218TE \u0218I:<a href=\"https:\/\/buletin.de\/bucuresti\/sector-1-proiectul-exproprierii-fostei-gropi-de-gunoi-chiajna-rudeni-din-nou-pe-ordinea-de-zi\/\" target=\"_blank\" rel=\"noreferrer noopener\"> Sector 1 | Proiectul exproprierii fostei gropi de gunoi Chiajna-Rudeni, din nou pe ordinea de zi<\/a><\/strong><\/p>\n\n\n\n<p><br><\/p>\n\n\n\n<p><\/p>\n","protected":false},"excerpt":{"rendered":"<p>Colegiul Na\u021bional de Informatic\u0103 \u201eTudor Vianu\u201d \u0219i alte dou\u0103 unit\u0103\u021bi de \u00eenv\u0103\u021b\u0103m\u00e2nt din Sectorul 1 vor fi reabilitate cu circa 45 milioane de euro, conform unor proiecte de hot\u0103r\u00e2re de pe masa Consiliului Local. Este vorba despre \u0218coala Gimnazial\u0103 nr. 178 \u0219i \u0218coala Gimnazial\u0103 \u201eSf\u00e2ntul Nicolae.\u201d UPDATE: Proiectul nu a fost suspus la vot nici [&hellip;]<\/p>\n","protected":false},"author":55,"featured_media":99990,"comment_status":"closed","ping_status":"open","sticky":false,"template":"","format":"standard","meta":{"_acf_changed":false,"inline_featured_image":false,"ngg_post_thumbnail":0,"footnotes":""},"categories":[6994,3421,5762,24],"tags":[15510,633,15513,12824,7434,9795,15511,15512,530,308,15508],"ppma_author":[22573],"class_list":["post-99921","post","type-post","status-publish","format-standard","has-post-thumbnail","hentry","category-stiri-2","category-educatie","category-main","category-primarie","tag-colegiul-national-de-informatica-tudor-vianu","tag-consolidare","tag-invatamant-sector-1","tag-licee-bucuresti","tag-modernizare-scoli","tag-reabilitare-scoli","tag-scoala-gimnaziala-178","tag-scoala-gimnaziala-sfantul-nicolae","tag-scoli-bucuresti","tag-sector-1","tag-vianu"],"acf":[],"yoast_head":"<!-- This site is optimized with the Yoast SEO Premium plugin v25.3 (Yoast SEO v27.4) - https:\/\/yoast.com\/product\/yoast-seo-premium-wordpress\/ -->\n<title>Sector 1 | Colegiul \u201eTudor Vianu\u201d \u0219i dou\u0103 \u0219coli, reabilitate cu 45 milioane euro - Buletin de Bucure\u0219ti<\/title>\n<meta name=\"description\" content=\"Colegiul Na\u021bional de Informatic\u0103 \u201eTudor Vianu\u201d \u0219i alte dou\u0103 \u0219coli din Sectorul 1 vor fi reabilitate cu circa 45 milioane de euro.\" \/>\n<meta name=\"robots\" content=\"index, follow, max-snippet:-1, max-image-preview:large, max-video-preview:-1\" \/>\n<link rel=\"canonical\" href=\"https:\/\/buletin.de\/bucuresti\/sector-1-colegiul-tudor-vianu-si-doua-scoli-reabilitate-cu-45-milioane-euro\/\" \/>\n<meta property=\"og:locale\" content=\"en_GB\" \/>\n<meta property=\"og:type\" content=\"article\" \/>\n<meta property=\"og:title\" content=\"Sector 1 | Colegiul \u201eTudor Vianu\u201d \u0219i dou\u0103 \u0219coli, reabilitate cu 45 milioane euro\" \/>\n<meta property=\"og:description\" content=\"Colegiul Na\u021bional de Informatic\u0103 \u201eTudor Vianu\u201d \u0219i alte dou\u0103 \u0219coli din Sectorul 1 vor fi reabilitate cu circa 45 milioane de euro.\" \/>\n<meta property=\"og:url\" content=\"https:\/\/buletin.de\/bucuresti\/sector-1-colegiul-tudor-vianu-si-doua-scoli-reabilitate-cu-45-milioane-euro\/\" \/>\n<meta property=\"og:site_name\" content=\"Buletin de Bucure\u0219ti\" \/>\n<meta property=\"article:publisher\" content=\"https:\/\/www.facebook.com\/buletin.de.buc\" \/>\n<meta property=\"article:published_time\" content=\"2024-09-29T03:00:00+00:00\" \/>\n<meta property=\"article:modified_time\" content=\"2025-09-29T15:40:10+00:00\" \/>\n<meta property=\"og:image\" content=\"https:\/\/buletin.de\/bucuresti\/wp-content\/uploads\/Tudor-Vianu.png\" \/>\n\t<meta property=\"og:image:width\" content=\"979\" \/>\n\t<meta property=\"og:image:height\" content=\"667\" \/>\n\t<meta property=\"og:image:type\" content=\"image\/png\" \/>\n<meta name=\"author\" content=\"Andreea Tudor\" \/>\n<meta name=\"twitter:card\" content=\"summary_large_image\" \/>\n<meta name=\"twitter:label1\" content=\"Written by\" \/>\n\t<meta name=\"twitter:data1\" content=\"Andreea Tudor\" \/>\n\t<meta name=\"twitter:label2\" content=\"Estimated reading time\" \/>\n\t<meta name=\"twitter:data2\" content=\"7 minutes\" \/>\n<script type=\"application\/ld+json\" class=\"yoast-schema-graph\">{\"@context\":\"https:\\\/\\\/schema.org\",\"@graph\":[{\"@type\":\"Article\",\"@id\":\"https:\\\/\\\/buletin.de\\\/bucuresti\\\/sector-1-colegiul-tudor-vianu-si-doua-scoli-reabilitate-cu-45-milioane-euro\\\/#article\",\"isPartOf\":{\"@id\":\"https:\\\/\\\/buletin.de\\\/bucuresti\\\/sector-1-colegiul-tudor-vianu-si-doua-scoli-reabilitate-cu-45-milioane-euro\\\/\"},\"author\":{\"name\":\"Andreea Tudor\",\"@id\":\"https:\\\/\\\/buletin.de\\\/bucuresti\\\/#\\\/schema\\\/person\\\/150590659efde715459d159da012f501\"},\"headline\":\"Sector 1 | Colegiul \u201eTudor Vianu\u201d \u0219i dou\u0103 \u0219coli, reabilitate cu 45 milioane euro\",\"datePublished\":\"2024-09-29T03:00:00+00:00\",\"dateModified\":\"2025-09-29T15:40:10+00:00\",\"mainEntityOfPage\":{\"@id\":\"https:\\\/\\\/buletin.de\\\/bucuresti\\\/sector-1-colegiul-tudor-vianu-si-doua-scoli-reabilitate-cu-45-milioane-euro\\\/\"},\"wordCount\":1284,\"publisher\":{\"@id\":\"https:\\\/\\\/buletin.de\\\/bucuresti\\\/#organization\"},\"image\":{\"@id\":\"https:\\\/\\\/buletin.de\\\/bucuresti\\\/sector-1-colegiul-tudor-vianu-si-doua-scoli-reabilitate-cu-45-milioane-euro\\\/#primaryimage\"},\"thumbnailUrl\":\"https:\\\/\\\/buletin.de\\\/bucuresti\\\/wp-content\\\/uploads\\\/Tudor-Vianu.png\",\"keywords\":[\"colegiul national de informatica tudor vianu\",\"consolidare\",\"invatamant sector 1\",\"licee bucuresti\",\"modernizare scoli\",\"Reabilitare scoli\",\"scoala gimnaziala 178\",\"scoala gimnaziala sfantul nicolae\",\"scoli bucuresti\",\"Sector 1\",\"vianu\"],\"articleSection\":[\"Articole\",\"Educa\u021bie\",\"Main\",\"Prim\u0103rie\"],\"inLanguage\":\"en-GB\",\"copyrightYear\":\"2024\",\"copyrightHolder\":{\"@id\":\"https:\\\/\\\/buletin.de\\\/bucuresti\\\/#organization\"}},{\"@type\":\"WebPage\",\"@id\":\"https:\\\/\\\/buletin.de\\\/bucuresti\\\/sector-1-colegiul-tudor-vianu-si-doua-scoli-reabilitate-cu-45-milioane-euro\\\/\",\"url\":\"https:\\\/\\\/buletin.de\\\/bucuresti\\\/sector-1-colegiul-tudor-vianu-si-doua-scoli-reabilitate-cu-45-milioane-euro\\\/\",\"name\":\"Sector 1 | Colegiul \u201eTudor Vianu\u201d \u0219i dou\u0103 \u0219coli, reabilitate cu 45 milioane euro - Buletin de Bucure\u0219ti\",\"isPartOf\":{\"@id\":\"https:\\\/\\\/buletin.de\\\/bucuresti\\\/#website\"},\"primaryImageOfPage\":{\"@id\":\"https:\\\/\\\/buletin.de\\\/bucuresti\\\/sector-1-colegiul-tudor-vianu-si-doua-scoli-reabilitate-cu-45-milioane-euro\\\/#primaryimage\"},\"image\":{\"@id\":\"https:\\\/\\\/buletin.de\\\/bucuresti\\\/sector-1-colegiul-tudor-vianu-si-doua-scoli-reabilitate-cu-45-milioane-euro\\\/#primaryimage\"},\"thumbnailUrl\":\"https:\\\/\\\/buletin.de\\\/bucuresti\\\/wp-content\\\/uploads\\\/Tudor-Vianu.png\",\"datePublished\":\"2024-09-29T03:00:00+00:00\",\"dateModified\":\"2025-09-29T15:40:10+00:00\",\"description\":\"Colegiul Na\u021bional de Informatic\u0103 \u201eTudor Vianu\u201d \u0219i alte dou\u0103 \u0219coli din Sectorul 1 vor fi reabilitate cu circa 45 milioane de euro.\",\"breadcrumb\":{\"@id\":\"https:\\\/\\\/buletin.de\\\/bucuresti\\\/sector-1-colegiul-tudor-vianu-si-doua-scoli-reabilitate-cu-45-milioane-euro\\\/#breadcrumb\"},\"inLanguage\":\"en-GB\",\"potentialAction\":[{\"@type\":\"ReadAction\",\"target\":[\"https:\\\/\\\/buletin.de\\\/bucuresti\\\/sector-1-colegiul-tudor-vianu-si-doua-scoli-reabilitate-cu-45-milioane-euro\\\/\"]}]},{\"@type\":\"ImageObject\",\"inLanguage\":\"en-GB\",\"@id\":\"https:\\\/\\\/buletin.de\\\/bucuresti\\\/sector-1-colegiul-tudor-vianu-si-doua-scoli-reabilitate-cu-45-milioane-euro\\\/#primaryimage\",\"url\":\"https:\\\/\\\/buletin.de\\\/bucuresti\\\/wp-content\\\/uploads\\\/Tudor-Vianu.png\",\"contentUrl\":\"https:\\\/\\\/buletin.de\\\/bucuresti\\\/wp-content\\\/uploads\\\/Tudor-Vianu.png\",\"width\":979,\"height\":667,\"caption\":\"C.N.I. \u201eTudor Vianu\u201d \u0219i dou\u0103 \u0219coli, reabilitate cu 45 milioane euro. Foto: Google Maps\"},{\"@type\":\"BreadcrumbList\",\"@id\":\"https:\\\/\\\/buletin.de\\\/bucuresti\\\/sector-1-colegiul-tudor-vianu-si-doua-scoli-reabilitate-cu-45-milioane-euro\\\/#breadcrumb\",\"itemListElement\":[{\"@type\":\"ListItem\",\"position\":1,\"name\":\"Acas\u0103\",\"item\":\"https:\\\/\\\/buletin.de\\\/bucuresti\\\/\"},{\"@type\":\"ListItem\",\"position\":2,\"name\":\"Sector 1 | Colegiul \u201eTudor Vianu\u201d \u0219i dou\u0103 \u0219coli, reabilitate cu 45 milioane euro\"}]},{\"@type\":\"WebSite\",\"@id\":\"https:\\\/\\\/buletin.de\\\/bucuresti\\\/#website\",\"url\":\"https:\\\/\\\/buletin.de\\\/bucuresti\\\/\",\"name\":\"Buletin de Bucure\u0219ti\",\"description\":\"\u0218tiri \u0219i investiga\u021bii esen\u021biale din capital\u0103\",\"publisher\":{\"@id\":\"https:\\\/\\\/buletin.de\\\/bucuresti\\\/#organization\"},\"potentialAction\":[{\"@type\":\"SearchAction\",\"target\":{\"@type\":\"EntryPoint\",\"urlTemplate\":\"https:\\\/\\\/buletin.de\\\/bucuresti\\\/?s={search_term_string}\"},\"query-input\":{\"@type\":\"PropertyValueSpecification\",\"valueRequired\":true,\"valueName\":\"search_term_string\"}}],\"inLanguage\":\"en-GB\"},{\"@type\":\"Organization\",\"@id\":\"https:\\\/\\\/buletin.de\\\/bucuresti\\\/#organization\",\"name\":\"Buletin de Bucure\u0219ti\",\"url\":\"https:\\\/\\\/buletin.de\\\/bucuresti\\\/\",\"logo\":{\"@type\":\"ImageObject\",\"inLanguage\":\"en-GB\",\"@id\":\"https:\\\/\\\/buletin.de\\\/bucuresti\\\/#\\\/schema\\\/logo\\\/image\\\/\",\"url\":\"https:\\\/\\\/buletin.de\\\/bucuresti\\\/wp-content\\\/uploads\\\/logo-bdb-full-wide-vernil-transparent.png\",\"contentUrl\":\"https:\\\/\\\/buletin.de\\\/bucuresti\\\/wp-content\\\/uploads\\\/logo-bdb-full-wide-vernil-transparent.png\",\"width\":1782,\"height\":626,\"caption\":\"Buletin de Bucure\u0219ti\"},\"image\":{\"@id\":\"https:\\\/\\\/buletin.de\\\/bucuresti\\\/#\\\/schema\\\/logo\\\/image\\\/\"},\"sameAs\":[\"https:\\\/\\\/www.facebook.com\\\/buletin.de.buc\",\"https:\\\/\\\/www.instagram.com\\\/buletinde.bucuresti\\\/\"]},{\"@type\":\"Person\",\"@id\":\"https:\\\/\\\/buletin.de\\\/bucuresti\\\/#\\\/schema\\\/person\\\/150590659efde715459d159da012f501\",\"name\":\"Andreea Tudor\",\"image\":{\"@type\":\"ImageObject\",\"inLanguage\":\"en-GB\",\"@id\":\"https:\\\/\\\/secure.gravatar.com\\\/avatar\\\/a88705a186ab0b67f3349bcbced506c09e37256fbaad0e7f3bd1a79b4599f589?s=96&d=monsterid&r=g79290610aa1a65c2b86eebc2ca5aee8f\",\"url\":\"https:\\\/\\\/secure.gravatar.com\\\/avatar\\\/a88705a186ab0b67f3349bcbced506c09e37256fbaad0e7f3bd1a79b4599f589?s=96&d=monsterid&r=g\",\"contentUrl\":\"https:\\\/\\\/secure.gravatar.com\\\/avatar\\\/a88705a186ab0b67f3349bcbced506c09e37256fbaad0e7f3bd1a79b4599f589?s=96&d=monsterid&r=g\",\"caption\":\"Andreea Tudor\"},\"description\":\"N\u0103scut\u0103 \u0219i crescut\u0103 \u00een Bucure\u0219ti, sus\u021bin\u0103toare a presei independente. A\u0219a am ajuns redactor la Buletin de Bucure\u0219ti. Fiind eu, \u00eens\u0103mi, parte a sistemului de \u00eenv\u0103\u021b\u0103m\u00e2nt rom\u00e2nesc \u0219i pasionat\u0103 de domeniul social, pun sub lup\u0103 tot ceea ce se \u00eent\u00e2mpl\u0103 \u00een sfera educa\u021biei. Cred cu t\u0103rie c\u0103 presa \u201epentru cet\u0103\u021beni\u201d este presa independent\u0103. Oamenii au nevoie de o informare corect\u0103 pentru a \u00een\u021belege pe deplin ce se \u00eent\u00e2mpl\u0103 \u00een jurul lor \u0219i pentru a lua ac\u021biune \u00eempotriva nedrept\u0103\u021bilor.\",\"url\":\"https:\\\/\\\/buletin.de\\\/bucuresti\\\/author\\\/andreeatudor\\\/\"}]}<\/script>\n<!-- \/ Yoast SEO Premium plugin. -->","yoast_head_json":{"title":"Sector 1 | Colegiul \u201eTudor Vianu\u201d \u0219i dou\u0103 \u0219coli, reabilitate cu 45 milioane euro - Buletin de Bucure\u0219ti","description":"Colegiul Na\u021bional de Informatic\u0103 \u201eTudor Vianu\u201d \u0219i alte dou\u0103 \u0219coli din Sectorul 1 vor fi reabilitate cu circa 45 milioane de euro.","robots":{"index":"index","follow":"follow","max-snippet":"max-snippet:-1","max-image-preview":"max-image-preview:large","max-video-preview":"max-video-preview:-1"},"canonical":"https:\/\/buletin.de\/bucuresti\/sector-1-colegiul-tudor-vianu-si-doua-scoli-reabilitate-cu-45-milioane-euro\/","og_locale":"en_GB","og_type":"article","og_title":"Sector 1 | Colegiul \u201eTudor Vianu\u201d \u0219i dou\u0103 \u0219coli, reabilitate cu 45 milioane euro","og_description":"Colegiul Na\u021bional de Informatic\u0103 \u201eTudor Vianu\u201d \u0219i alte dou\u0103 \u0219coli din Sectorul 1 vor fi reabilitate cu circa 45 milioane de euro.","og_url":"https:\/\/buletin.de\/bucuresti\/sector-1-colegiul-tudor-vianu-si-doua-scoli-reabilitate-cu-45-milioane-euro\/","og_site_name":"Buletin de Bucure\u0219ti","article_publisher":"https:\/\/www.facebook.com\/buletin.de.buc","article_published_time":"2024-09-29T03:00:00+00:00","article_modified_time":"2025-09-29T15:40:10+00:00","og_image":[{"width":979,"height":667,"url":"https:\/\/buletin.de\/bucuresti\/wp-content\/uploads\/Tudor-Vianu.png","type":"image\/png"}],"author":"Andreea Tudor","twitter_card":"summary_large_image","twitter_misc":{"Written by":"Andreea Tudor","Estimated reading time":"7 minutes"},"schema":{"@context":"https:\/\/schema.org","@graph":[{"@type":"Article","@id":"https:\/\/buletin.de\/bucuresti\/sector-1-colegiul-tudor-vianu-si-doua-scoli-reabilitate-cu-45-milioane-euro\/#article","isPartOf":{"@id":"https:\/\/buletin.de\/bucuresti\/sector-1-colegiul-tudor-vianu-si-doua-scoli-reabilitate-cu-45-milioane-euro\/"},"author":{"name":"Andreea Tudor","@id":"https:\/\/buletin.de\/bucuresti\/#\/schema\/person\/150590659efde715459d159da012f501"},"headline":"Sector 1 | Colegiul \u201eTudor Vianu\u201d \u0219i dou\u0103 \u0219coli, reabilitate cu 45 milioane euro","datePublished":"2024-09-29T03:00:00+00:00","dateModified":"2025-09-29T15:40:10+00:00","mainEntityOfPage":{"@id":"https:\/\/buletin.de\/bucuresti\/sector-1-colegiul-tudor-vianu-si-doua-scoli-reabilitate-cu-45-milioane-euro\/"},"wordCount":1284,"publisher":{"@id":"https:\/\/buletin.de\/bucuresti\/#organization"},"image":{"@id":"https:\/\/buletin.de\/bucuresti\/sector-1-colegiul-tudor-vianu-si-doua-scoli-reabilitate-cu-45-milioane-euro\/#primaryimage"},"thumbnailUrl":"https:\/\/buletin.de\/bucuresti\/wp-content\/uploads\/Tudor-Vianu.png","keywords":["colegiul national de informatica tudor vianu","consolidare","invatamant sector 1","licee bucuresti","modernizare scoli","Reabilitare scoli","scoala gimnaziala 178","scoala gimnaziala sfantul nicolae","scoli bucuresti","Sector 1","vianu"],"articleSection":["Articole","Educa\u021bie","Main","Prim\u0103rie"],"inLanguage":"en-GB","copyrightYear":"2024","copyrightHolder":{"@id":"https:\/\/buletin.de\/bucuresti\/#organization"}},{"@type":"WebPage","@id":"https:\/\/buletin.de\/bucuresti\/sector-1-colegiul-tudor-vianu-si-doua-scoli-reabilitate-cu-45-milioane-euro\/","url":"https:\/\/buletin.de\/bucuresti\/sector-1-colegiul-tudor-vianu-si-doua-scoli-reabilitate-cu-45-milioane-euro\/","name":"Sector 1 | Colegiul \u201eTudor Vianu\u201d \u0219i dou\u0103 \u0219coli, reabilitate cu 45 milioane euro - Buletin de Bucure\u0219ti","isPartOf":{"@id":"https:\/\/buletin.de\/bucuresti\/#website"},"primaryImageOfPage":{"@id":"https:\/\/buletin.de\/bucuresti\/sector-1-colegiul-tudor-vianu-si-doua-scoli-reabilitate-cu-45-milioane-euro\/#primaryimage"},"image":{"@id":"https:\/\/buletin.de\/bucuresti\/sector-1-colegiul-tudor-vianu-si-doua-scoli-reabilitate-cu-45-milioane-euro\/#primaryimage"},"thumbnailUrl":"https:\/\/buletin.de\/bucuresti\/wp-content\/uploads\/Tudor-Vianu.png","datePublished":"2024-09-29T03:00:00+00:00","dateModified":"2025-09-29T15:40:10+00:00","description":"Colegiul Na\u021bional de Informatic\u0103 \u201eTudor Vianu\u201d \u0219i alte dou\u0103 \u0219coli din Sectorul 1 vor fi reabilitate cu circa 45 milioane de euro.","breadcrumb":{"@id":"https:\/\/buletin.de\/bucuresti\/sector-1-colegiul-tudor-vianu-si-doua-scoli-reabilitate-cu-45-milioane-euro\/#breadcrumb"},"inLanguage":"en-GB","potentialAction":[{"@type":"ReadAction","target":["https:\/\/buletin.de\/bucuresti\/sector-1-colegiul-tudor-vianu-si-doua-scoli-reabilitate-cu-45-milioane-euro\/"]}]},{"@type":"ImageObject","inLanguage":"en-GB","@id":"https:\/\/buletin.de\/bucuresti\/sector-1-colegiul-tudor-vianu-si-doua-scoli-reabilitate-cu-45-milioane-euro\/#primaryimage","url":"https:\/\/buletin.de\/bucuresti\/wp-content\/uploads\/Tudor-Vianu.png","contentUrl":"https:\/\/buletin.de\/bucuresti\/wp-content\/uploads\/Tudor-Vianu.png","width":979,"height":667,"caption":"C.N.I. \u201eTudor Vianu\u201d \u0219i dou\u0103 \u0219coli, reabilitate cu 45 milioane euro. Foto: Google Maps"},{"@type":"BreadcrumbList","@id":"https:\/\/buletin.de\/bucuresti\/sector-1-colegiul-tudor-vianu-si-doua-scoli-reabilitate-cu-45-milioane-euro\/#breadcrumb","itemListElement":[{"@type":"ListItem","position":1,"name":"Acas\u0103","item":"https:\/\/buletin.de\/bucuresti\/"},{"@type":"ListItem","position":2,"name":"Sector 1 | Colegiul \u201eTudor Vianu\u201d \u0219i dou\u0103 \u0219coli, reabilitate cu 45 milioane euro"}]},{"@type":"WebSite","@id":"https:\/\/buletin.de\/bucuresti\/#website","url":"https:\/\/buletin.de\/bucuresti\/","name":"Buletin de Bucure\u0219ti","description":"\u0218tiri \u0219i investiga\u021bii esen\u021biale din capital\u0103","publisher":{"@id":"https:\/\/buletin.de\/bucuresti\/#organization"},"potentialAction":[{"@type":"SearchAction","target":{"@type":"EntryPoint","urlTemplate":"https:\/\/buletin.de\/bucuresti\/?s={search_term_string}"},"query-input":{"@type":"PropertyValueSpecification","valueRequired":true,"valueName":"search_term_string"}}],"inLanguage":"en-GB"},{"@type":"Organization","@id":"https:\/\/buletin.de\/bucuresti\/#organization","name":"Buletin de Bucure\u0219ti","url":"https:\/\/buletin.de\/bucuresti\/","logo":{"@type":"ImageObject","inLanguage":"en-GB","@id":"https:\/\/buletin.de\/bucuresti\/#\/schema\/logo\/image\/","url":"https:\/\/buletin.de\/bucuresti\/wp-content\/uploads\/logo-bdb-full-wide-vernil-transparent.png","contentUrl":"https:\/\/buletin.de\/bucuresti\/wp-content\/uploads\/logo-bdb-full-wide-vernil-transparent.png","width":1782,"height":626,"caption":"Buletin de Bucure\u0219ti"},"image":{"@id":"https:\/\/buletin.de\/bucuresti\/#\/schema\/logo\/image\/"},"sameAs":["https:\/\/www.facebook.com\/buletin.de.buc","https:\/\/www.instagram.com\/buletinde.bucuresti\/"]},{"@type":"Person","@id":"https:\/\/buletin.de\/bucuresti\/#\/schema\/person\/150590659efde715459d159da012f501","name":"Andreea Tudor","image":{"@type":"ImageObject","inLanguage":"en-GB","@id":"https:\/\/secure.gravatar.com\/avatar\/a88705a186ab0b67f3349bcbced506c09e37256fbaad0e7f3bd1a79b4599f589?s=96&d=monsterid&r=g79290610aa1a65c2b86eebc2ca5aee8f","url":"https:\/\/secure.gravatar.com\/avatar\/a88705a186ab0b67f3349bcbced506c09e37256fbaad0e7f3bd1a79b4599f589?s=96&d=monsterid&r=g","contentUrl":"https:\/\/secure.gravatar.com\/avatar\/a88705a186ab0b67f3349bcbced506c09e37256fbaad0e7f3bd1a79b4599f589?s=96&d=monsterid&r=g","caption":"Andreea Tudor"},"description":"N\u0103scut\u0103 \u0219i crescut\u0103 \u00een Bucure\u0219ti, sus\u021bin\u0103toare a presei independente. A\u0219a am ajuns redactor la Buletin de Bucure\u0219ti. Fiind eu, \u00eens\u0103mi, parte a sistemului de \u00eenv\u0103\u021b\u0103m\u00e2nt rom\u00e2nesc \u0219i pasionat\u0103 de domeniul social, pun sub lup\u0103 tot ceea ce se \u00eent\u00e2mpl\u0103 \u00een sfera educa\u021biei. Cred cu t\u0103rie c\u0103 presa \u201epentru cet\u0103\u021beni\u201d este presa independent\u0103. Oamenii au nevoie de o informare corect\u0103 pentru a \u00een\u021belege pe deplin ce se \u00eent\u00e2mpl\u0103 \u00een jurul lor \u0219i pentru a lua ac\u021biune \u00eempotriva nedrept\u0103\u021bilor.","url":"https:\/\/buletin.de\/bucuresti\/author\/andreeatudor\/"}]}},"authors":[{"term_id":22573,"user_id":55,"is_guest":0,"slug":"andreeatudor","display_name":"Andreea Tudor","avatar_url":"https:\/\/secure.gravatar.com\/avatar\/a88705a186ab0b67f3349bcbced506c09e37256fbaad0e7f3bd1a79b4599f589?s=96&d=monsterid&r=g","0":null,"1":"","2":"","3":"","4":"","5":"","6":"","7":"","8":""}],"_links":{"self":[{"href":"https:\/\/buletin.de\/bucuresti\/wp-json\/wp\/v2\/posts\/99921","targetHints":{"allow":["GET"]}}],"collection":[{"href":"https:\/\/buletin.de\/bucuresti\/wp-json\/wp\/v2\/posts"}],"about":[{"href":"https:\/\/buletin.de\/bucuresti\/wp-json\/wp\/v2\/types\/post"}],"author":[{"embeddable":true,"href":"https:\/\/buletin.de\/bucuresti\/wp-json\/wp\/v2\/users\/55"}],"replies":[{"embeddable":true,"href":"https:\/\/buletin.de\/bucuresti\/wp-json\/wp\/v2\/comments?post=99921"}],"version-history":[{"count":15,"href":"https:\/\/buletin.de\/bucuresti\/wp-json\/wp\/v2\/posts\/99921\/revisions"}],"predecessor-version":[{"id":149885,"href":"https:\/\/buletin.de\/bucuresti\/wp-json\/wp\/v2\/posts\/99921\/revisions\/149885"}],"wp:featuredmedia":[{"embeddable":true,"href":"https:\/\/buletin.de\/bucuresti\/wp-json\/wp\/v2\/media\/99990"}],"wp:attachment":[{"href":"https:\/\/buletin.de\/bucuresti\/wp-json\/wp\/v2\/media?parent=99921"}],"wp:term":[{"taxonomy":"category","embeddable":true,"href":"https:\/\/buletin.de\/bucuresti\/wp-json\/wp\/v2\/categories?post=99921"},{"taxonomy":"post_tag","embeddable":true,"href":"https:\/\/buletin.de\/bucuresti\/wp-json\/wp\/v2\/tags?post=99921"},{"taxonomy":"author","embeddable":true,"href":"https:\/\/buletin.de\/bucuresti\/wp-json\/wp\/v2\/ppma_author?post=99921"}],"curies":[{"name":"wp","href":"https:\/\/api.w.org\/{rel}","templated":true}]}}