{"id":99894,"date":"2024-09-27T13:46:06","date_gmt":"2024-09-27T10:46:06","guid":{"rendered":"https:\/\/buletin.de\/bucuresti\/?p=99894"},"modified":"2024-09-27T13:46:06","modified_gmt":"2024-09-27T10:46:06","slug":"sector-3-detinatorii-de-autorizatii-de-parcare-nominale-si-nenominale-pot-parca-pentru-perioade-mai-lungi-daca-anunta-primaria","status":"publish","type":"post","link":"https:\/\/buletin.de\/bucuresti\/sector-3-detinatorii-de-autorizatii-de-parcare-nominale-si-nenominale-pot-parca-pentru-perioade-mai-lungi-daca-anunta-primaria\/","title":{"rendered":"Sector 3 | De\u021bin\u0103torii de autoriza\u021bii de parcare nominale \u0219i nenominale pot parca pentru perioade mai lungi, dac\u0103 anun\u021b\u0103 prim\u0103ria"},"content":{"rendered":"\n<p><strong>Locuitorii Sectorului 3 care au autoriza\u021bii de parcare nominale \u0219i nenominale pot ocupa locurile goale din sector pentru perioade mai lungi de 7 zile, \u00een urma unei solicit\u0103ri. <\/strong><\/p>\n\n\n\n<p><strong>Noile m\u0103suri adoptate joi, 26 septembrie, de Consiliul Local al Sectorului 3 permit ocuparea locurilor \u00een anumite condi\u021bii.<\/strong><\/p>\n\n\n\n<p>Hot\u0103r\u00e2rea a fost adoptat\u0103 \u201eca urmare a solicit\u0103rilor venite din partea cet\u0103\u0163enilor privind necesitatea sta\u0163ion\u0103rii autovehiculelor pe o perioad\u0103 mai mare de 7 zile consecutive\u201d, conform referatului de aprobare.<\/p>\n\n\n\n<p>P\u00e2n\u0103 acum, locuitorii sectorului care aveau autoriza\u021bii de parcare nominale sau nenominale nu puteau ocupa acela\u0219i loc mai mult de 7 zile consecutive f\u0103r\u0103 a fi sanc\u021biona\u021bi.<\/p>\n\n\n\n<p><strong>CITE\u0218TE \u0218I: <\/strong><a href=\"https:\/\/buletin.de\/bucuresti\/sector-3-44-de-cismele-cu-apa-potabila-vor-fi-montate-in-zonele-aglomerate\/\"><strong>Sector 3 | 44 de ci\u0219mele cu ap\u0103 potabil\u0103 vor fi montate \u00een zonele aglomerate<\/strong><\/a><\/p>\n\n\n\n<h3 class=\"wp-block-heading\" id=\"h-perioada-maxima-de-sta\u021bionare-\u0219i-alte-limitari-pentru-cei-cu-autoriza\u021bii-de-parcare-nominale-\u0219i-nenominale\"><strong>Perioada maxim\u0103 de sta\u021bionare \u0219i alte limit\u0103ri<\/strong> pentru cei cu <strong>autoriza\u021bii de parcare nominale \u0219i nenominale<\/strong><\/h3>\n\n\n\n<p>Astfel, cei care au astfel de autoriza\u021bii \u0219i vor s\u0103 ocupe un loc de parcare, pe o perioad\u0103 mai mare de \u0219apte zile consecutive, trebuie s\u0103 depun\u0103 o cerere prin <strong>Sistemul Informatic de Gestionare a Parc\u0103rilor (GIS)<\/strong>.<\/p>\n\n\n\n<p>Cererea trebuie s\u0103 fie justificat\u0103 prin <strong>motive \u00eentemeiate, cum ar fi concedii, deplas\u0103ri \u00een interes profesional sau probleme medicale.<\/strong> Ele vor fi analizate, conform hot\u0103r\u00e2rii, \u0219i aprobate de c\u0103tre administratorul parc\u0103rii \u0219i direc\u021bia de specialitate.<\/p>\n\n\n\n<p>Noul regulament stabile\u0219te c\u0103 ma\u0219inile pot ocupa locurile de parcare pentru o perioad\u0103 de maximum 30 de zile consecutive. Dac\u0103 aceast\u0103 perioad\u0103 este dep\u0103\u0219it\u0103, proprietarul ma\u0219inii va trebui s\u0103 pl\u0103teasc\u0103 un tarif suplimentar.<\/p>\n\n\n\n<p>Conform noilor prevederi, perioada total\u0103 de sta\u021bionare nu trebuie s\u0103 dep\u0103\u0219easc\u0103 60 de zile \u00eentr-un an calendaristic. \u00cen cazul \u00een care aceast\u0103 limit\u0103 este dep\u0103\u0219it\u0103, utilizatorii vor trebui s\u0103 achite un tarif suplimentar pentru fiecare zi de parcare \u00een plus.<\/p>\n\n\n\n<p><strong>CITE\u0218TE \u0218I: <\/strong><a href=\"https:\/\/buletin.de\/bucuresti\/primaria-sector-3-isi-mareste-echipa-de-ridicari-auto-care-sunt-conditiil-de-angajare\/\"><strong>Prim\u0103ria Sector 3 \u00ee\u0219i m\u0103re\u0219te echipa de ridic\u0103ri auto. Care sunt condi\u021biile de angajare<\/strong><\/a><\/p>\n\n\n\n<h2 class=\"wp-block-heading\" id=\"h-nu-mai-trebuie-mutate-ma\u0219inile-pentru-cura\u021benie-in-fiecare-saptamana\"><strong>Nu mai trebuie mutate ma\u0219inile pentru cur\u0103\u021benie \u00een fiecare s\u0103pt\u0103m\u00e2n\u0103<\/strong><\/h2>\n\n\n\n<p>Potrivit noului regulament pentru gestionarea locurilor de parcare de re\u0219edin\u021b\u0103, ac\u021biunea de salubrizare pe sub autoturisme va avea loc din octombrie doar o dat\u0103 pe lun\u0103, nu o dat\u0103 la 7 zile, cum se \u00eent\u00e2mpla p\u00e2n\u0103 acum.<\/p>\n\n\n\n<p>Schimbarea a fost adoptat\u0103 \u00een unanimitate de consilierii locali.<\/p>\n\n\n\n<p>\u00cen ziua dedicat\u0103 salubriz\u0103rii locurilor de parcare, titularii care au autoriza\u021bie de parcare pentru un loc nominal pot utiliza gratuit locurile de parcare nenominale din alte zone, prevede regulamentul modificat.<\/p>\n\n\n\n<p><a href=\"http:\/\/parcare, pentru care insist\u0103 Robert Negoi\u0163\u0103\">Buletin de Bucure\u0219ti a scris c\u0103 Prim\u0103ria Sector 3 a ridicat 448 de ma\u015fini<\/a> pentru cur\u0103\u0163enie, \u00een cadrul programului \u201econtroversat\u201d de salubrizare pe locurile de parcare de re\u0219edin\u021b\u0103, contestat de cet\u0103\u021beni.<\/p>\n\n\n\n<p>Programul s\u0103pt\u0103m\u00e2nal de cur\u0103\u021bare a locurilor de parcare a fost implementat de la 1 august. P\u00e2n\u0103 acum, nicio autoriza\u021bie de parcare nu a fost anulat\u0103. Reprezenta\u021bii nu au precizat dac\u0103 s-au aplicat amenzi.<\/p>\n\n\n\n<p><strong>CITE\u0218TE \u0218I: <\/strong><a href=\"https:\/\/buletin.de\/bucuresti\/sector-3-nu-mai-trebuie-mutate-masinile-pentru-curatenie-in-fiecare-saptamana\/\"><strong>Sector 3 | Nu mai trebuie mutate ma\u0219inile pentru cur\u0103\u021benie \u00een fiecare s\u0103pt\u0103m\u00e2n\u0103<\/strong><\/a><\/p>\n","protected":false},"excerpt":{"rendered":"<p>Locuitorii Sectorului 3 care au autoriza\u021bii de parcare nominale \u0219i nenominale pot ocupa locurile goale din sector pentru perioade mai lungi de 7 zile, \u00een urma unei solicit\u0103ri. Noile m\u0103suri adoptate joi, 26 septembrie, de Consiliul Local al Sectorului 3 permit ocuparea locurilor \u00een anumite condi\u021bii. Hot\u0103r\u00e2rea a fost adoptat\u0103 \u201eca urmare a solicit\u0103rilor venite [&hellip;]<\/p>\n","protected":false},"author":59,"featured_media":99896,"comment_status":"closed","ping_status":"open","sticky":false,"template":"","format":"standard","meta":{"_acf_changed":false,"inline_featured_image":false,"ngg_post_thumbnail":0,"footnotes":""},"categories":[6994,24,62],"tags":[9,2527,3174,440],"ppma_author":[22572],"class_list":["post-99894","post","type-post","status-publish","format-standard","has-post-thumbnail","hentry","category-stiri-2","category-primarie","category-stiri","tag-bucuresti","tag-consiliul-local-sector-3","tag-primaria-sectorului-3","tag-sector-3"],"acf":[],"yoast_head":"<!-- This site is optimized with the Yoast SEO Premium plugin v25.3 (Yoast SEO v27.4) - https:\/\/yoast.com\/product\/yoast-seo-premium-wordpress\/ -->\n<title>Sector 3 | De\u021bin\u0103torii de autoriza\u021bii de parcare nominale \u0219i nenominale pot parca pentru perioade mai lungi, dac\u0103 anun\u021b\u0103 prim\u0103ria - Buletin de Bucure\u0219ti<\/title>\n<meta name=\"description\" content=\"Sector 3 | De\u021bin\u0103torii de autoriza\u021bii de parcare nominale \u0219i nenominale pot ocupa locuri pentru perioade mai lungi, dac\u0103 anun\u021b\u0103 prim\u0103ria\" \/>\n<meta name=\"robots\" content=\"index, follow, max-snippet:-1, max-image-preview:large, max-video-preview:-1\" \/>\n<link rel=\"canonical\" href=\"https:\/\/buletin.de\/bucuresti\/sector-3-detinatorii-de-autorizatii-de-parcare-nominale-si-nenominale-pot-parca-pentru-perioade-mai-lungi-daca-anunta-primaria\/\" \/>\n<meta property=\"og:locale\" content=\"en_GB\" \/>\n<meta property=\"og:type\" content=\"article\" \/>\n<meta property=\"og:title\" content=\"Sector 3 | De\u021bin\u0103torii de autoriza\u021bii de parcare nominale \u0219i nenominale pot parca pentru perioade mai lungi, dac\u0103 anun\u021b\u0103 prim\u0103ria\" \/>\n<meta property=\"og:description\" content=\"Sector 3 | De\u021bin\u0103torii de autoriza\u021bii de parcare nominale \u0219i nenominale pot ocupa locuri pentru perioade mai lungi, dac\u0103 anun\u021b\u0103 prim\u0103ria\" \/>\n<meta property=\"og:url\" content=\"https:\/\/buletin.de\/bucuresti\/sector-3-detinatorii-de-autorizatii-de-parcare-nominale-si-nenominale-pot-parca-pentru-perioade-mai-lungi-daca-anunta-primaria\/\" \/>\n<meta property=\"og:site_name\" content=\"Buletin de Bucure\u0219ti\" \/>\n<meta property=\"article:publisher\" content=\"https:\/\/www.facebook.com\/buletin.de.buc\" \/>\n<meta property=\"article:published_time\" content=\"2024-09-27T10:46:06+00:00\" \/>\n<meta property=\"og:image\" content=\"https:\/\/buletin.de\/bucuresti\/wp-content\/uploads\/Parcari-S3.jpeg\" \/>\n\t<meta property=\"og:image:width\" content=\"1600\" \/>\n\t<meta property=\"og:image:height\" content=\"1200\" \/>\n\t<meta property=\"og:image:type\" content=\"image\/jpeg\" \/>\n<meta name=\"author\" content=\"C\u0103t\u0103lin Anghel-Dimache\" \/>\n<meta name=\"twitter:card\" content=\"summary_large_image\" \/>\n<meta name=\"twitter:label1\" content=\"Written by\" \/>\n\t<meta name=\"twitter:data1\" content=\"C\u0103t\u0103lin Anghel-Dimache\" \/>\n\t<meta name=\"twitter:label2\" content=\"Estimated reading time\" \/>\n\t<meta name=\"twitter:data2\" content=\"3 minutes\" \/>\n<script type=\"application\/ld+json\" class=\"yoast-schema-graph\">{\"@context\":\"https:\\\/\\\/schema.org\",\"@graph\":[{\"@type\":\"Article\",\"@id\":\"https:\\\/\\\/buletin.de\\\/bucuresti\\\/sector-3-detinatorii-de-autorizatii-de-parcare-nominale-si-nenominale-pot-parca-pentru-perioade-mai-lungi-daca-anunta-primaria\\\/#article\",\"isPartOf\":{\"@id\":\"https:\\\/\\\/buletin.de\\\/bucuresti\\\/sector-3-detinatorii-de-autorizatii-de-parcare-nominale-si-nenominale-pot-parca-pentru-perioade-mai-lungi-daca-anunta-primaria\\\/\"},\"author\":{\"name\":\"C\u0103t\u0103lin Anghel-Dimache\",\"@id\":\"https:\\\/\\\/buletin.de\\\/bucuresti\\\/#\\\/schema\\\/person\\\/0ac9db30080482be87c7386a30f98796\"},\"headline\":\"Sector 3 | De\u021bin\u0103torii de autoriza\u021bii de parcare nominale \u0219i nenominale pot parca pentru perioade mai lungi, dac\u0103 anun\u021b\u0103 prim\u0103ria\",\"datePublished\":\"2024-09-27T10:46:06+00:00\",\"mainEntityOfPage\":{\"@id\":\"https:\\\/\\\/buletin.de\\\/bucuresti\\\/sector-3-detinatorii-de-autorizatii-de-parcare-nominale-si-nenominale-pot-parca-pentru-perioade-mai-lungi-daca-anunta-primaria\\\/\"},\"wordCount\":538,\"publisher\":{\"@id\":\"https:\\\/\\\/buletin.de\\\/bucuresti\\\/#organization\"},\"image\":{\"@id\":\"https:\\\/\\\/buletin.de\\\/bucuresti\\\/sector-3-detinatorii-de-autorizatii-de-parcare-nominale-si-nenominale-pot-parca-pentru-perioade-mai-lungi-daca-anunta-primaria\\\/#primaryimage\"},\"thumbnailUrl\":\"https:\\\/\\\/buletin.de\\\/bucuresti\\\/wp-content\\\/uploads\\\/Parcari-S3.jpeg\",\"keywords\":[\"bucuresti\",\"consiliul local sector 3\",\"primaria sectorului 3\",\"Sector 3\"],\"articleSection\":[\"Articole\",\"Prim\u0103rie\",\"\u0218tiri\"],\"inLanguage\":\"en-GB\",\"copyrightYear\":\"2024\",\"copyrightHolder\":{\"@id\":\"https:\\\/\\\/buletin.de\\\/bucuresti\\\/#organization\"}},{\"@type\":\"WebPage\",\"@id\":\"https:\\\/\\\/buletin.de\\\/bucuresti\\\/sector-3-detinatorii-de-autorizatii-de-parcare-nominale-si-nenominale-pot-parca-pentru-perioade-mai-lungi-daca-anunta-primaria\\\/\",\"url\":\"https:\\\/\\\/buletin.de\\\/bucuresti\\\/sector-3-detinatorii-de-autorizatii-de-parcare-nominale-si-nenominale-pot-parca-pentru-perioade-mai-lungi-daca-anunta-primaria\\\/\",\"name\":\"Sector 3 | De\u021bin\u0103torii de autoriza\u021bii de parcare nominale \u0219i nenominale pot parca pentru perioade mai lungi, dac\u0103 anun\u021b\u0103 prim\u0103ria - Buletin de Bucure\u0219ti\",\"isPartOf\":{\"@id\":\"https:\\\/\\\/buletin.de\\\/bucuresti\\\/#website\"},\"primaryImageOfPage\":{\"@id\":\"https:\\\/\\\/buletin.de\\\/bucuresti\\\/sector-3-detinatorii-de-autorizatii-de-parcare-nominale-si-nenominale-pot-parca-pentru-perioade-mai-lungi-daca-anunta-primaria\\\/#primaryimage\"},\"image\":{\"@id\":\"https:\\\/\\\/buletin.de\\\/bucuresti\\\/sector-3-detinatorii-de-autorizatii-de-parcare-nominale-si-nenominale-pot-parca-pentru-perioade-mai-lungi-daca-anunta-primaria\\\/#primaryimage\"},\"thumbnailUrl\":\"https:\\\/\\\/buletin.de\\\/bucuresti\\\/wp-content\\\/uploads\\\/Parcari-S3.jpeg\",\"datePublished\":\"2024-09-27T10:46:06+00:00\",\"description\":\"Sector 3 | De\u021bin\u0103torii de autoriza\u021bii de parcare nominale \u0219i nenominale pot ocupa locuri pentru perioade mai lungi, dac\u0103 anun\u021b\u0103 prim\u0103ria\",\"breadcrumb\":{\"@id\":\"https:\\\/\\\/buletin.de\\\/bucuresti\\\/sector-3-detinatorii-de-autorizatii-de-parcare-nominale-si-nenominale-pot-parca-pentru-perioade-mai-lungi-daca-anunta-primaria\\\/#breadcrumb\"},\"inLanguage\":\"en-GB\",\"potentialAction\":[{\"@type\":\"ReadAction\",\"target\":[\"https:\\\/\\\/buletin.de\\\/bucuresti\\\/sector-3-detinatorii-de-autorizatii-de-parcare-nominale-si-nenominale-pot-parca-pentru-perioade-mai-lungi-daca-anunta-primaria\\\/\"]}]},{\"@type\":\"ImageObject\",\"inLanguage\":\"en-GB\",\"@id\":\"https:\\\/\\\/buletin.de\\\/bucuresti\\\/sector-3-detinatorii-de-autorizatii-de-parcare-nominale-si-nenominale-pot-parca-pentru-perioade-mai-lungi-daca-anunta-primaria\\\/#primaryimage\",\"url\":\"https:\\\/\\\/buletin.de\\\/bucuresti\\\/wp-content\\\/uploads\\\/Parcari-S3.jpeg\",\"contentUrl\":\"https:\\\/\\\/buletin.de\\\/bucuresti\\\/wp-content\\\/uploads\\\/Parcari-S3.jpeg\",\"width\":1600,\"height\":1200,\"caption\":\"De\u021bin\u0103torii de autoriza\u021bii de parcare nominale \u0219i nenominale pot ocupa locuri pentru perioade mai lungi. FOTO: Ana Anghel-Dimache\"},{\"@type\":\"BreadcrumbList\",\"@id\":\"https:\\\/\\\/buletin.de\\\/bucuresti\\\/sector-3-detinatorii-de-autorizatii-de-parcare-nominale-si-nenominale-pot-parca-pentru-perioade-mai-lungi-daca-anunta-primaria\\\/#breadcrumb\",\"itemListElement\":[{\"@type\":\"ListItem\",\"position\":1,\"name\":\"Acas\u0103\",\"item\":\"https:\\\/\\\/buletin.de\\\/bucuresti\\\/\"},{\"@type\":\"ListItem\",\"position\":2,\"name\":\"Sector 3 | De\u021bin\u0103torii de autoriza\u021bii de parcare nominale \u0219i nenominale pot parca pentru perioade mai lungi, dac\u0103 anun\u021b\u0103 prim\u0103ria\"}]},{\"@type\":\"WebSite\",\"@id\":\"https:\\\/\\\/buletin.de\\\/bucuresti\\\/#website\",\"url\":\"https:\\\/\\\/buletin.de\\\/bucuresti\\\/\",\"name\":\"Buletin de Bucure\u0219ti\",\"description\":\"\u0218tiri \u0219i investiga\u021bii esen\u021biale din capital\u0103\",\"publisher\":{\"@id\":\"https:\\\/\\\/buletin.de\\\/bucuresti\\\/#organization\"},\"potentialAction\":[{\"@type\":\"SearchAction\",\"target\":{\"@type\":\"EntryPoint\",\"urlTemplate\":\"https:\\\/\\\/buletin.de\\\/bucuresti\\\/?s={search_term_string}\"},\"query-input\":{\"@type\":\"PropertyValueSpecification\",\"valueRequired\":true,\"valueName\":\"search_term_string\"}}],\"inLanguage\":\"en-GB\"},{\"@type\":\"Organization\",\"@id\":\"https:\\\/\\\/buletin.de\\\/bucuresti\\\/#organization\",\"name\":\"Buletin de Bucure\u0219ti\",\"url\":\"https:\\\/\\\/buletin.de\\\/bucuresti\\\/\",\"logo\":{\"@type\":\"ImageObject\",\"inLanguage\":\"en-GB\",\"@id\":\"https:\\\/\\\/buletin.de\\\/bucuresti\\\/#\\\/schema\\\/logo\\\/image\\\/\",\"url\":\"https:\\\/\\\/buletin.de\\\/bucuresti\\\/wp-content\\\/uploads\\\/logo-bdb-full-wide-vernil-transparent.png\",\"contentUrl\":\"https:\\\/\\\/buletin.de\\\/bucuresti\\\/wp-content\\\/uploads\\\/logo-bdb-full-wide-vernil-transparent.png\",\"width\":1782,\"height\":626,\"caption\":\"Buletin de Bucure\u0219ti\"},\"image\":{\"@id\":\"https:\\\/\\\/buletin.de\\\/bucuresti\\\/#\\\/schema\\\/logo\\\/image\\\/\"},\"sameAs\":[\"https:\\\/\\\/www.facebook.com\\\/buletin.de.buc\",\"https:\\\/\\\/www.instagram.com\\\/buletinde.bucuresti\\\/\"]},{\"@type\":\"Person\",\"@id\":\"https:\\\/\\\/buletin.de\\\/bucuresti\\\/#\\\/schema\\\/person\\\/0ac9db30080482be87c7386a30f98796\",\"name\":\"C\u0103t\u0103lin Anghel-Dimache\",\"image\":{\"@type\":\"ImageObject\",\"inLanguage\":\"en-GB\",\"@id\":\"https:\\\/\\\/buletin.de\\\/bucuresti\\\/wp-content\\\/uploads\\\/Catalin-Anghel-Dimache-96x96.jpgbd9e43c5b25186d5b8e917ac61ad86c4\",\"url\":\"https:\\\/\\\/buletin.de\\\/bucuresti\\\/wp-content\\\/uploads\\\/Catalin-Anghel-Dimache-96x96.jpg\",\"contentUrl\":\"https:\\\/\\\/buletin.de\\\/bucuresti\\\/wp-content\\\/uploads\\\/Catalin-Anghel-Dimache-96x96.jpg\",\"caption\":\"C\u0103t\u0103lin Anghel-Dimache\"},\"description\":\"A absolvit Facultatea de Jurnalism \u0219i \u0218tiin\u021bele Comunic\u0103rii a Universit\u0103\u021bii din Bucure\u0219ti \u00een 2024. Scrie despre mediu \u0219i teme sociale, dar \u0219i despre cum se reflect\u0103 ele \u00een via\u021ba cotidian\u0103 a bucure\u0219tenilor, cu un ochi atent la pove\u0219tile personale din spatele titlurilor. N\u0103scut \u0219i crescut \u00een Bucure\u0219ti, a f\u0103cut un pas c\u0103tre presa local\u0103, din pasiune pentru ora\u0219ul s\u0103u \u0219i oamenii din el.\",\"url\":\"https:\\\/\\\/buletin.de\\\/bucuresti\\\/author\\\/catalin-anghel-dimache\\\/\"}]}<\/script>\n<!-- \/ Yoast SEO Premium plugin. -->","yoast_head_json":{"title":"Sector 3 | De\u021bin\u0103torii de autoriza\u021bii de parcare nominale \u0219i nenominale pot parca pentru perioade mai lungi, dac\u0103 anun\u021b\u0103 prim\u0103ria - Buletin de Bucure\u0219ti","description":"Sector 3 | De\u021bin\u0103torii de autoriza\u021bii de parcare nominale \u0219i nenominale pot ocupa locuri pentru perioade mai lungi, dac\u0103 anun\u021b\u0103 prim\u0103ria","robots":{"index":"index","follow":"follow","max-snippet":"max-snippet:-1","max-image-preview":"max-image-preview:large","max-video-preview":"max-video-preview:-1"},"canonical":"https:\/\/buletin.de\/bucuresti\/sector-3-detinatorii-de-autorizatii-de-parcare-nominale-si-nenominale-pot-parca-pentru-perioade-mai-lungi-daca-anunta-primaria\/","og_locale":"en_GB","og_type":"article","og_title":"Sector 3 | De\u021bin\u0103torii de autoriza\u021bii de parcare nominale \u0219i nenominale pot parca pentru perioade mai lungi, dac\u0103 anun\u021b\u0103 prim\u0103ria","og_description":"Sector 3 | De\u021bin\u0103torii de autoriza\u021bii de parcare nominale \u0219i nenominale pot ocupa locuri pentru perioade mai lungi, dac\u0103 anun\u021b\u0103 prim\u0103ria","og_url":"https:\/\/buletin.de\/bucuresti\/sector-3-detinatorii-de-autorizatii-de-parcare-nominale-si-nenominale-pot-parca-pentru-perioade-mai-lungi-daca-anunta-primaria\/","og_site_name":"Buletin de Bucure\u0219ti","article_publisher":"https:\/\/www.facebook.com\/buletin.de.buc","article_published_time":"2024-09-27T10:46:06+00:00","og_image":[{"width":1600,"height":1200,"url":"https:\/\/buletin.de\/bucuresti\/wp-content\/uploads\/Parcari-S3.jpeg","type":"image\/jpeg"}],"author":"C\u0103t\u0103lin Anghel-Dimache","twitter_card":"summary_large_image","twitter_misc":{"Written by":"C\u0103t\u0103lin Anghel-Dimache","Estimated reading time":"3 minutes"},"schema":{"@context":"https:\/\/schema.org","@graph":[{"@type":"Article","@id":"https:\/\/buletin.de\/bucuresti\/sector-3-detinatorii-de-autorizatii-de-parcare-nominale-si-nenominale-pot-parca-pentru-perioade-mai-lungi-daca-anunta-primaria\/#article","isPartOf":{"@id":"https:\/\/buletin.de\/bucuresti\/sector-3-detinatorii-de-autorizatii-de-parcare-nominale-si-nenominale-pot-parca-pentru-perioade-mai-lungi-daca-anunta-primaria\/"},"author":{"name":"C\u0103t\u0103lin Anghel-Dimache","@id":"https:\/\/buletin.de\/bucuresti\/#\/schema\/person\/0ac9db30080482be87c7386a30f98796"},"headline":"Sector 3 | De\u021bin\u0103torii de autoriza\u021bii de parcare nominale \u0219i nenominale pot parca pentru perioade mai lungi, dac\u0103 anun\u021b\u0103 prim\u0103ria","datePublished":"2024-09-27T10:46:06+00:00","mainEntityOfPage":{"@id":"https:\/\/buletin.de\/bucuresti\/sector-3-detinatorii-de-autorizatii-de-parcare-nominale-si-nenominale-pot-parca-pentru-perioade-mai-lungi-daca-anunta-primaria\/"},"wordCount":538,"publisher":{"@id":"https:\/\/buletin.de\/bucuresti\/#organization"},"image":{"@id":"https:\/\/buletin.de\/bucuresti\/sector-3-detinatorii-de-autorizatii-de-parcare-nominale-si-nenominale-pot-parca-pentru-perioade-mai-lungi-daca-anunta-primaria\/#primaryimage"},"thumbnailUrl":"https:\/\/buletin.de\/bucuresti\/wp-content\/uploads\/Parcari-S3.jpeg","keywords":["bucuresti","consiliul local sector 3","primaria sectorului 3","Sector 3"],"articleSection":["Articole","Prim\u0103rie","\u0218tiri"],"inLanguage":"en-GB","copyrightYear":"2024","copyrightHolder":{"@id":"https:\/\/buletin.de\/bucuresti\/#organization"}},{"@type":"WebPage","@id":"https:\/\/buletin.de\/bucuresti\/sector-3-detinatorii-de-autorizatii-de-parcare-nominale-si-nenominale-pot-parca-pentru-perioade-mai-lungi-daca-anunta-primaria\/","url":"https:\/\/buletin.de\/bucuresti\/sector-3-detinatorii-de-autorizatii-de-parcare-nominale-si-nenominale-pot-parca-pentru-perioade-mai-lungi-daca-anunta-primaria\/","name":"Sector 3 | De\u021bin\u0103torii de autoriza\u021bii de parcare nominale \u0219i nenominale pot parca pentru perioade mai lungi, dac\u0103 anun\u021b\u0103 prim\u0103ria - Buletin de Bucure\u0219ti","isPartOf":{"@id":"https:\/\/buletin.de\/bucuresti\/#website"},"primaryImageOfPage":{"@id":"https:\/\/buletin.de\/bucuresti\/sector-3-detinatorii-de-autorizatii-de-parcare-nominale-si-nenominale-pot-parca-pentru-perioade-mai-lungi-daca-anunta-primaria\/#primaryimage"},"image":{"@id":"https:\/\/buletin.de\/bucuresti\/sector-3-detinatorii-de-autorizatii-de-parcare-nominale-si-nenominale-pot-parca-pentru-perioade-mai-lungi-daca-anunta-primaria\/#primaryimage"},"thumbnailUrl":"https:\/\/buletin.de\/bucuresti\/wp-content\/uploads\/Parcari-S3.jpeg","datePublished":"2024-09-27T10:46:06+00:00","description":"Sector 3 | De\u021bin\u0103torii de autoriza\u021bii de parcare nominale \u0219i nenominale pot ocupa locuri pentru perioade mai lungi, dac\u0103 anun\u021b\u0103 prim\u0103ria","breadcrumb":{"@id":"https:\/\/buletin.de\/bucuresti\/sector-3-detinatorii-de-autorizatii-de-parcare-nominale-si-nenominale-pot-parca-pentru-perioade-mai-lungi-daca-anunta-primaria\/#breadcrumb"},"inLanguage":"en-GB","potentialAction":[{"@type":"ReadAction","target":["https:\/\/buletin.de\/bucuresti\/sector-3-detinatorii-de-autorizatii-de-parcare-nominale-si-nenominale-pot-parca-pentru-perioade-mai-lungi-daca-anunta-primaria\/"]}]},{"@type":"ImageObject","inLanguage":"en-GB","@id":"https:\/\/buletin.de\/bucuresti\/sector-3-detinatorii-de-autorizatii-de-parcare-nominale-si-nenominale-pot-parca-pentru-perioade-mai-lungi-daca-anunta-primaria\/#primaryimage","url":"https:\/\/buletin.de\/bucuresti\/wp-content\/uploads\/Parcari-S3.jpeg","contentUrl":"https:\/\/buletin.de\/bucuresti\/wp-content\/uploads\/Parcari-S3.jpeg","width":1600,"height":1200,"caption":"De\u021bin\u0103torii de autoriza\u021bii de parcare nominale \u0219i nenominale pot ocupa locuri pentru perioade mai lungi. FOTO: Ana Anghel-Dimache"},{"@type":"BreadcrumbList","@id":"https:\/\/buletin.de\/bucuresti\/sector-3-detinatorii-de-autorizatii-de-parcare-nominale-si-nenominale-pot-parca-pentru-perioade-mai-lungi-daca-anunta-primaria\/#breadcrumb","itemListElement":[{"@type":"ListItem","position":1,"name":"Acas\u0103","item":"https:\/\/buletin.de\/bucuresti\/"},{"@type":"ListItem","position":2,"name":"Sector 3 | De\u021bin\u0103torii de autoriza\u021bii de parcare nominale \u0219i nenominale pot parca pentru perioade mai lungi, dac\u0103 anun\u021b\u0103 prim\u0103ria"}]},{"@type":"WebSite","@id":"https:\/\/buletin.de\/bucuresti\/#website","url":"https:\/\/buletin.de\/bucuresti\/","name":"Buletin de Bucure\u0219ti","description":"\u0218tiri \u0219i investiga\u021bii esen\u021biale din capital\u0103","publisher":{"@id":"https:\/\/buletin.de\/bucuresti\/#organization"},"potentialAction":[{"@type":"SearchAction","target":{"@type":"EntryPoint","urlTemplate":"https:\/\/buletin.de\/bucuresti\/?s={search_term_string}"},"query-input":{"@type":"PropertyValueSpecification","valueRequired":true,"valueName":"search_term_string"}}],"inLanguage":"en-GB"},{"@type":"Organization","@id":"https:\/\/buletin.de\/bucuresti\/#organization","name":"Buletin de Bucure\u0219ti","url":"https:\/\/buletin.de\/bucuresti\/","logo":{"@type":"ImageObject","inLanguage":"en-GB","@id":"https:\/\/buletin.de\/bucuresti\/#\/schema\/logo\/image\/","url":"https:\/\/buletin.de\/bucuresti\/wp-content\/uploads\/logo-bdb-full-wide-vernil-transparent.png","contentUrl":"https:\/\/buletin.de\/bucuresti\/wp-content\/uploads\/logo-bdb-full-wide-vernil-transparent.png","width":1782,"height":626,"caption":"Buletin de Bucure\u0219ti"},"image":{"@id":"https:\/\/buletin.de\/bucuresti\/#\/schema\/logo\/image\/"},"sameAs":["https:\/\/www.facebook.com\/buletin.de.buc","https:\/\/www.instagram.com\/buletinde.bucuresti\/"]},{"@type":"Person","@id":"https:\/\/buletin.de\/bucuresti\/#\/schema\/person\/0ac9db30080482be87c7386a30f98796","name":"C\u0103t\u0103lin Anghel-Dimache","image":{"@type":"ImageObject","inLanguage":"en-GB","@id":"https:\/\/buletin.de\/bucuresti\/wp-content\/uploads\/Catalin-Anghel-Dimache-96x96.jpgbd9e43c5b25186d5b8e917ac61ad86c4","url":"https:\/\/buletin.de\/bucuresti\/wp-content\/uploads\/Catalin-Anghel-Dimache-96x96.jpg","contentUrl":"https:\/\/buletin.de\/bucuresti\/wp-content\/uploads\/Catalin-Anghel-Dimache-96x96.jpg","caption":"C\u0103t\u0103lin Anghel-Dimache"},"description":"A absolvit Facultatea de Jurnalism \u0219i \u0218tiin\u021bele Comunic\u0103rii a Universit\u0103\u021bii din Bucure\u0219ti \u00een 2024. Scrie despre mediu \u0219i teme sociale, dar \u0219i despre cum se reflect\u0103 ele \u00een via\u021ba cotidian\u0103 a bucure\u0219tenilor, cu un ochi atent la pove\u0219tile personale din spatele titlurilor. N\u0103scut \u0219i crescut \u00een Bucure\u0219ti, a f\u0103cut un pas c\u0103tre presa local\u0103, din pasiune pentru ora\u0219ul s\u0103u \u0219i oamenii din el.","url":"https:\/\/buletin.de\/bucuresti\/author\/catalin-anghel-dimache\/"}]}},"authors":[{"term_id":22572,"user_id":59,"is_guest":0,"slug":"catalin-anghel-dimache","display_name":"C\u0103t\u0103lin Anghel-Dimache","avatar_url":"https:\/\/buletin.de\/bucuresti\/wp-content\/uploads\/Catalin-Anghel-Dimache-96x96.jpg","0":null,"1":"","2":"","3":"","4":"","5":"","6":"","7":"","8":""}],"_links":{"self":[{"href":"https:\/\/buletin.de\/bucuresti\/wp-json\/wp\/v2\/posts\/99894","targetHints":{"allow":["GET"]}}],"collection":[{"href":"https:\/\/buletin.de\/bucuresti\/wp-json\/wp\/v2\/posts"}],"about":[{"href":"https:\/\/buletin.de\/bucuresti\/wp-json\/wp\/v2\/types\/post"}],"author":[{"embeddable":true,"href":"https:\/\/buletin.de\/bucuresti\/wp-json\/wp\/v2\/users\/59"}],"replies":[{"embeddable":true,"href":"https:\/\/buletin.de\/bucuresti\/wp-json\/wp\/v2\/comments?post=99894"}],"version-history":[{"count":3,"href":"https:\/\/buletin.de\/bucuresti\/wp-json\/wp\/v2\/posts\/99894\/revisions"}],"predecessor-version":[{"id":99905,"href":"https:\/\/buletin.de\/bucuresti\/wp-json\/wp\/v2\/posts\/99894\/revisions\/99905"}],"wp:featuredmedia":[{"embeddable":true,"href":"https:\/\/buletin.de\/bucuresti\/wp-json\/wp\/v2\/media\/99896"}],"wp:attachment":[{"href":"https:\/\/buletin.de\/bucuresti\/wp-json\/wp\/v2\/media?parent=99894"}],"wp:term":[{"taxonomy":"category","embeddable":true,"href":"https:\/\/buletin.de\/bucuresti\/wp-json\/wp\/v2\/categories?post=99894"},{"taxonomy":"post_tag","embeddable":true,"href":"https:\/\/buletin.de\/bucuresti\/wp-json\/wp\/v2\/tags?post=99894"},{"taxonomy":"author","embeddable":true,"href":"https:\/\/buletin.de\/bucuresti\/wp-json\/wp\/v2\/ppma_author?post=99894"}],"curies":[{"name":"wp","href":"https:\/\/api.w.org\/{rel}","templated":true}]}}