{"id":99814,"date":"2024-09-26T21:55:25","date_gmt":"2024-09-26T18:55:25","guid":{"rendered":"https:\/\/buletin.de\/bucuresti\/?p=99814"},"modified":"2024-09-26T22:13:01","modified_gmt":"2024-09-26T19:13:01","slug":"nici-macar-nicolae-ciuca-nu-ar-fi-votat-candidatul-pnl-la-primaria-bucuresti-l-as-fi-votat-pe-nicusor-dan","status":"publish","type":"post","link":"https:\/\/buletin.de\/bucuresti\/nici-macar-nicolae-ciuca-nu-ar-fi-votat-candidatul-pnl-la-primaria-bucuresti-l-as-fi-votat-pe-nicusor-dan\/","title":{"rendered":"Nici m\u0103car Nicolae Ciuc\u0103 nu ar fi votat candidatul PNL la Prim\u0103ria Bucure\u0219ti. \u201eL-a\u0219 fi votat pe Nicu\u0219or Dan\u201d"},"content":{"rendered":"\n<p><strong>Nicolae Ciuc\u0103 nu ar fi votat candidatul PNL la Prim\u0103ria Bucure\u0219ti, potrivit unei declara\u021bii pe care liderul liberal a f\u0103cut-o \u00eentr-un interviu acordat <a href=\"https:\/\/www.gandul.ro\/politica\/nicolae-ciuca-l-ar-fi-votat-primar-pe-nicusor-dan-nu-pe-sebastian-burduja-candidatul-pnl-exista-aceste-elemente-de-congruenta-intre-noi-20313598\" target=\"_blank\" rel=\"noreferrer noopener\">G\u00e2ndul<\/a>. <\/strong><\/p>\n\n\n\n<p>Pre\u0219edintele PNL Nicolae Ciuc\u0103 \u0219i primarul general Nicu\u0219or Dan au b\u0103tut palma, la propriu, pentru o colaborare \u00een ce prive\u0219te constituirea unei majorit\u0103\u021bi \u00een Consiliul General al Capitalei, \u00een cadrul interviului. <\/p>\n\n\n\n<p>\u00cen acela\u0219i context, \u00eentrebat dac\u0103 l-a votat pe Nicu\u0219or Dan la alegerile locale, liderul liberal a afirmat c\u0103 ar fi f\u0103cut-o, dar nu locuie\u0219te \u00een Bucure\u0219ti \u0219i, \u00een consecin\u021b\u0103, nu are drept de vot \u00een Capital\u0103.<\/p>\n\n\n\n<p>\u201eLocuiesc \u00een Balote\u0219ti, deci nu am dreptul s\u0103 votez \u00een Bucure\u0219ti, dar l-a\u0219 fi votat pe Nicu\u0219or Dan\u201d, a declarat Nicolae Ciuc\u0103.<\/p>\n\n\n\n<h2 class=\"wp-block-heading\" id=\"h-ciuca-nu-ar-fi-votat-candidatul-pnl-iar-declara\u021bia-a-starnit-furia-liberalilor\">Ciuc\u0103 nu ar fi votat candidatul PNL, iar declara\u021bia a st\u00e2rnit furia liberalilor<\/h2>\n\n\n\n<p><strong>Declara\u021bia liderului PNL vine \u00een contextul \u00een care, la alegerilor locale de pe 9 iunie, liberalii au avut un candidat propriu pentru Prim\u0103ria Capitalei, \u00een persoana lui Sebastian Burduja. <\/strong><\/p>\n\n\n\n<p>Declara\u021bia lui Nicolae Ciuc\u0103 despre votul pe care i l-ar fi dat lui Nicu\u0219or Dan a deranjat \u00een interiorul PNL, iar acum mai mul\u021bi liberali sunt extrem de nemul\u021bumi\u021bi, potrivit <a href=\"https:\/\/www.digi24.ro\/stiri\/actualitate\/politica\/liberalii-demoralizati-dupa-ce-nicolae-ciuca-a-declarat-ca-l-ar-fi-votat-pe-nicusor-dan-la-primaria-capitalei-2944917\" target=\"_blank\" rel=\"noreferrer noopener\">Digi24<\/a>. <\/p>\n\n\n\n<p>Afirma\u021bia \u00eei demoralizeaz\u0103 pe liberali, pentru c\u0103 \u00eensu\u0219i Nicolae Ciuc\u0103 a fost cel care l-ar fi propus pe Sebastian Burduja la Prim\u0103ria Capitalei.<\/p>\n\n\n\n<p><strong>Declara\u021bia vine \u00een contextul \u00een care, \u00een prezent, noul Consiliu General al Municipiului Bucure\u0219ti \u00ee\u0219i intr\u0103 \u00een atribu\u021bii \u00een octombrie \u0219i nici un partid nu de\u021bine singur majoritatea.<\/strong><\/p>\n\n\n\n<p>Tot Digi24 a publicat informa\u021bia potrivit c\u0103reia PNL ar negocia cu USR o alian\u021b\u0103 \u00een CGMB pentru a crea o astfel de majoritate, informa\u021bie negat\u0103 de Vlad Voiculescu. <\/p>\n\n\n\n<p>\u201eV\u0103d la \u0219tiri c\u0103 PNL vorbe\u0219te despre negocieri cu USR pentru formarea unei majorit\u0103\u021bi \u00een Consiliul General al Municipiului Bucure\u0219ti. Este o perdea de fum a PNL, nimic mai mult.<\/p>\n\n\n\n<p><strong>Nu exist\u0103 nicio negociere. Exist\u0103 o majoritate anti-PSD care nu mai este dec\u00e2t par\u021bial func\u021bional\u0103 tocmai din cauza tr\u0103d\u0103rii PNL!<\/strong>\u201d, <a href=\"https:\/\/www.facebook.com\/100050261958969\/posts\/1211629583855762\/?mibextid=WC7FNe&amp;rdid=DRQ5OjhrbOmCD2LA\" target=\"_blank\" rel=\"noreferrer noopener\">a scris liderul USR Bucure\u0219ti<\/a>, \u00eentr-o reac\u021bie public\u0103.<\/p>\n\n\n\n<p>CITE\u0218TE \u0218I:\u00a0<strong><a href=\"https:\/\/buletin.de\/bucuresti\/usr-bucuresti-nu-negociaza-cu-pnl-pentru-consiliul-general-anunta-vlad-voiculescu-ce-spuneau-liderii-in-august\/\" target=\"_blank\" rel=\"noreferrer noopener\">USR Bucure\u0219ti nu negociaz\u0103 cu PNL pentru Consiliul General, anun\u021b\u0103 Vlad Voiculescu. Ce spuneau liderii \u00een august<\/a><\/strong><\/p>\n\n\n\n<p>\u00cen replic\u0103, Sebasitan Burduja a men\u021bionat, pentru Buletin de Bucure\u0219ti, c\u0103 \u201ePNL Bucure\u0219ti a avut o pozi\u021bie clar\u0103 at\u00e2t \u00eenainte, c\u00e2t \u0219i dup\u0103 alegerile locale: vom lucra \u00eentotdeauna \u00een beneficiul bucure\u0219tenilor, sus\u021bin\u00e2nd toate proiectele care aduc un plus pentru Capital\u0103.<\/p>\n\n\n\n<p>La fel de adev\u0103rat este ca vom respinge, cu argumente \u0219i date concrete, toate proiectele care nu schimb\u0103 \u00een bine via\u021ba bucure\u0219tenilor sau contravin valorilor noastre liberale.\u201d<\/p>\n\n\n\n<p>CITE\u0218TE \u0218I: <strong><a href=\"https:\/\/buletin.de\/bucuresti\/liderul-pnl-bucuresti-despre-negarea-negocierilor-de-catre-usr-nu-vom-raspunde-atacurilor-politice-cu-aceeasi-moneda\/\" target=\"_blank\" rel=\"noreferrer noopener\">Liderul PNL Bucure\u0219ti despre negarea negocierilor de c\u0103tre USR: \u201eNu vom r\u0103spunde atacurilor politice cu aceea\u0219i moned\u0103\u201d<\/a><\/strong><\/p>\n\n\n\n<p><\/p>\n","protected":false},"excerpt":{"rendered":"<p>Nicolae Ciuc\u0103 nu ar fi votat candidatul PNL la Prim\u0103ria Bucure\u0219ti, potrivit unei declara\u021bii pe care liderul liberal a f\u0103cut-o \u00eentr-un interviu acordat G\u00e2ndul. Pre\u0219edintele PNL Nicolae Ciuc\u0103 \u0219i primarul general Nicu\u0219or Dan au b\u0103tut palma, la propriu, pentru o colaborare \u00een ce prive\u0219te constituirea unei majorit\u0103\u021bi \u00een Consiliul General al Capitalei, \u00een cadrul interviului. [&hellip;]<\/p>\n","protected":false},"author":1,"featured_media":99815,"comment_status":"closed","ping_status":"open","sticky":false,"template":"","format":"standard","meta":{"_acf_changed":false,"inline_featured_image":false,"ngg_post_thumbnail":0,"footnotes":""},"categories":[6994,5762,9025],"tags":[1979,223,762,3151,276],"ppma_author":[22583],"class_list":["post-99814","post","type-post","status-publish","format-standard","has-post-thumbnail","hentry","category-stiri-2","category-main","category-politic","tag-nicolae-ciuca","tag-nicusor-dan","tag-pnl","tag-pnl-bucuresti","tag-primaria-bucuresti"],"acf":[],"yoast_head":"<!-- This site is optimized with the Yoast SEO Premium plugin v25.3 (Yoast SEO v27.4) - https:\/\/yoast.com\/product\/yoast-seo-premium-wordpress\/ -->\n<title>Nici m\u0103car Nicolae Ciuc\u0103 nu ar fi votat candidatul PNL la Prim\u0103ria Bucure\u0219ti. \u201eL-a\u0219 fi votat pe Nicu\u0219or Dan\u201d - Buletin de Bucure\u0219ti<\/title>\n<meta name=\"description\" content=\"Ciuc\u0103 nu ar fi votat candidatul PNL la Prim\u0103ria Bucure\u0219ti, potrivit unei declara\u021bii pe care liderul liberal a f\u0103cut-o \u00eentr-un interviu.\" \/>\n<meta name=\"robots\" content=\"index, follow, max-snippet:-1, max-image-preview:large, max-video-preview:-1\" \/>\n<link rel=\"canonical\" href=\"https:\/\/buletin.de\/bucuresti\/nici-macar-nicolae-ciuca-nu-ar-fi-votat-candidatul-pnl-la-primaria-bucuresti-l-as-fi-votat-pe-nicusor-dan\/\" \/>\n<meta property=\"og:locale\" content=\"en_GB\" \/>\n<meta property=\"og:type\" content=\"article\" \/>\n<meta property=\"og:title\" content=\"Nici m\u0103car Nicolae Ciuc\u0103 nu ar fi votat candidatul PNL la Prim\u0103ria Bucure\u0219ti. \u201eL-a\u0219 fi votat pe Nicu\u0219or Dan\u201d\" \/>\n<meta property=\"og:description\" content=\"Ciuc\u0103 nu ar fi votat candidatul PNL la Prim\u0103ria Bucure\u0219ti, potrivit unei declara\u021bii pe care liderul liberal a f\u0103cut-o \u00eentr-un interviu.\" \/>\n<meta property=\"og:url\" content=\"https:\/\/buletin.de\/bucuresti\/nici-macar-nicolae-ciuca-nu-ar-fi-votat-candidatul-pnl-la-primaria-bucuresti-l-as-fi-votat-pe-nicusor-dan\/\" \/>\n<meta property=\"og:site_name\" content=\"Buletin de Bucure\u0219ti\" \/>\n<meta property=\"article:publisher\" content=\"https:\/\/www.facebook.com\/buletin.de.buc\" \/>\n<meta property=\"article:published_time\" content=\"2024-09-26T18:55:25+00:00\" \/>\n<meta property=\"article:modified_time\" content=\"2024-09-26T19:13:01+00:00\" \/>\n<meta property=\"og:image\" content=\"https:\/\/buletin.de\/bucuresti\/wp-content\/uploads\/ciuca-dan.png\" \/>\n\t<meta property=\"og:image:width\" content=\"1200\" \/>\n\t<meta property=\"og:image:height\" content=\"581\" \/>\n\t<meta property=\"og:image:type\" content=\"image\/png\" \/>\n<meta name=\"author\" content=\"Redac\u021bia Buletin de Bucure\u0219ti\" \/>\n<meta name=\"twitter:card\" content=\"summary_large_image\" \/>\n<meta name=\"twitter:label1\" content=\"Written by\" \/>\n\t<meta name=\"twitter:data1\" content=\"Redac\u021bia Buletin de Bucure\u0219ti\" \/>\n\t<meta name=\"twitter:label2\" content=\"Estimated reading time\" \/>\n\t<meta name=\"twitter:data2\" content=\"3 minutes\" \/>\n<script type=\"application\/ld+json\" class=\"yoast-schema-graph\">{\"@context\":\"https:\\\/\\\/schema.org\",\"@graph\":[{\"@type\":\"Article\",\"@id\":\"https:\\\/\\\/buletin.de\\\/bucuresti\\\/nici-macar-nicolae-ciuca-nu-ar-fi-votat-candidatul-pnl-la-primaria-bucuresti-l-as-fi-votat-pe-nicusor-dan\\\/#article\",\"isPartOf\":{\"@id\":\"https:\\\/\\\/buletin.de\\\/bucuresti\\\/nici-macar-nicolae-ciuca-nu-ar-fi-votat-candidatul-pnl-la-primaria-bucuresti-l-as-fi-votat-pe-nicusor-dan\\\/\"},\"author\":{\"name\":\"Redac\u021bia Buletin de Bucure\u0219ti\",\"@id\":\"https:\\\/\\\/buletin.de\\\/bucuresti\\\/#\\\/schema\\\/person\\\/2bbcf854e5f2419a13804af574d06ab1\"},\"headline\":\"Nici m\u0103car Nicolae Ciuc\u0103 nu ar fi votat candidatul PNL la Prim\u0103ria Bucure\u0219ti. \u201eL-a\u0219 fi votat pe Nicu\u0219or Dan\u201d\",\"datePublished\":\"2024-09-26T18:55:25+00:00\",\"dateModified\":\"2024-09-26T19:13:01+00:00\",\"mainEntityOfPage\":{\"@id\":\"https:\\\/\\\/buletin.de\\\/bucuresti\\\/nici-macar-nicolae-ciuca-nu-ar-fi-votat-candidatul-pnl-la-primaria-bucuresti-l-as-fi-votat-pe-nicusor-dan\\\/\"},\"wordCount\":517,\"publisher\":{\"@id\":\"https:\\\/\\\/buletin.de\\\/bucuresti\\\/#organization\"},\"image\":{\"@id\":\"https:\\\/\\\/buletin.de\\\/bucuresti\\\/nici-macar-nicolae-ciuca-nu-ar-fi-votat-candidatul-pnl-la-primaria-bucuresti-l-as-fi-votat-pe-nicusor-dan\\\/#primaryimage\"},\"thumbnailUrl\":\"https:\\\/\\\/buletin.de\\\/bucuresti\\\/wp-content\\\/uploads\\\/ciuca-dan.png\",\"keywords\":[\"Nicolae Ciuc\u0103\",\"nicusor dan\",\"PNL\",\"pnl bucuresti\",\"primaria bucuresti\"],\"articleSection\":[\"Articole\",\"Main\",\"Politic\"],\"inLanguage\":\"en-GB\",\"copyrightYear\":\"2024\",\"copyrightHolder\":{\"@id\":\"https:\\\/\\\/buletin.de\\\/bucuresti\\\/#organization\"}},{\"@type\":\"WebPage\",\"@id\":\"https:\\\/\\\/buletin.de\\\/bucuresti\\\/nici-macar-nicolae-ciuca-nu-ar-fi-votat-candidatul-pnl-la-primaria-bucuresti-l-as-fi-votat-pe-nicusor-dan\\\/\",\"url\":\"https:\\\/\\\/buletin.de\\\/bucuresti\\\/nici-macar-nicolae-ciuca-nu-ar-fi-votat-candidatul-pnl-la-primaria-bucuresti-l-as-fi-votat-pe-nicusor-dan\\\/\",\"name\":\"Nici m\u0103car Nicolae Ciuc\u0103 nu ar fi votat candidatul PNL la Prim\u0103ria Bucure\u0219ti. \u201eL-a\u0219 fi votat pe Nicu\u0219or Dan\u201d - Buletin de Bucure\u0219ti\",\"isPartOf\":{\"@id\":\"https:\\\/\\\/buletin.de\\\/bucuresti\\\/#website\"},\"primaryImageOfPage\":{\"@id\":\"https:\\\/\\\/buletin.de\\\/bucuresti\\\/nici-macar-nicolae-ciuca-nu-ar-fi-votat-candidatul-pnl-la-primaria-bucuresti-l-as-fi-votat-pe-nicusor-dan\\\/#primaryimage\"},\"image\":{\"@id\":\"https:\\\/\\\/buletin.de\\\/bucuresti\\\/nici-macar-nicolae-ciuca-nu-ar-fi-votat-candidatul-pnl-la-primaria-bucuresti-l-as-fi-votat-pe-nicusor-dan\\\/#primaryimage\"},\"thumbnailUrl\":\"https:\\\/\\\/buletin.de\\\/bucuresti\\\/wp-content\\\/uploads\\\/ciuca-dan.png\",\"datePublished\":\"2024-09-26T18:55:25+00:00\",\"dateModified\":\"2024-09-26T19:13:01+00:00\",\"description\":\"Ciuc\u0103 nu ar fi votat candidatul PNL la Prim\u0103ria Bucure\u0219ti, potrivit unei declara\u021bii pe care liderul liberal a f\u0103cut-o \u00eentr-un interviu.\",\"breadcrumb\":{\"@id\":\"https:\\\/\\\/buletin.de\\\/bucuresti\\\/nici-macar-nicolae-ciuca-nu-ar-fi-votat-candidatul-pnl-la-primaria-bucuresti-l-as-fi-votat-pe-nicusor-dan\\\/#breadcrumb\"},\"inLanguage\":\"en-GB\",\"potentialAction\":[{\"@type\":\"ReadAction\",\"target\":[\"https:\\\/\\\/buletin.de\\\/bucuresti\\\/nici-macar-nicolae-ciuca-nu-ar-fi-votat-candidatul-pnl-la-primaria-bucuresti-l-as-fi-votat-pe-nicusor-dan\\\/\"]}]},{\"@type\":\"ImageObject\",\"inLanguage\":\"en-GB\",\"@id\":\"https:\\\/\\\/buletin.de\\\/bucuresti\\\/nici-macar-nicolae-ciuca-nu-ar-fi-votat-candidatul-pnl-la-primaria-bucuresti-l-as-fi-votat-pe-nicusor-dan\\\/#primaryimage\",\"url\":\"https:\\\/\\\/buletin.de\\\/bucuresti\\\/wp-content\\\/uploads\\\/ciuca-dan.png\",\"contentUrl\":\"https:\\\/\\\/buletin.de\\\/bucuresti\\\/wp-content\\\/uploads\\\/ciuca-dan.png\",\"width\":1200,\"height\":581,\"caption\":\"Nici m\u0103car Nicolae Ciuc\u0103 nu ar fi votat candidatul PNL la Prim\u0103ria Bucure\u0219ti. Captur\u0103 video\"},{\"@type\":\"BreadcrumbList\",\"@id\":\"https:\\\/\\\/buletin.de\\\/bucuresti\\\/nici-macar-nicolae-ciuca-nu-ar-fi-votat-candidatul-pnl-la-primaria-bucuresti-l-as-fi-votat-pe-nicusor-dan\\\/#breadcrumb\",\"itemListElement\":[{\"@type\":\"ListItem\",\"position\":1,\"name\":\"Acas\u0103\",\"item\":\"https:\\\/\\\/buletin.de\\\/bucuresti\\\/\"},{\"@type\":\"ListItem\",\"position\":2,\"name\":\"Nici m\u0103car Nicolae Ciuc\u0103 nu ar fi votat candidatul PNL la Prim\u0103ria Bucure\u0219ti. \u201eL-a\u0219 fi votat pe Nicu\u0219or Dan\u201d\"}]},{\"@type\":\"WebSite\",\"@id\":\"https:\\\/\\\/buletin.de\\\/bucuresti\\\/#website\",\"url\":\"https:\\\/\\\/buletin.de\\\/bucuresti\\\/\",\"name\":\"Buletin de Bucure\u0219ti\",\"description\":\"\u0218tiri \u0219i investiga\u021bii esen\u021biale din capital\u0103\",\"publisher\":{\"@id\":\"https:\\\/\\\/buletin.de\\\/bucuresti\\\/#organization\"},\"potentialAction\":[{\"@type\":\"SearchAction\",\"target\":{\"@type\":\"EntryPoint\",\"urlTemplate\":\"https:\\\/\\\/buletin.de\\\/bucuresti\\\/?s={search_term_string}\"},\"query-input\":{\"@type\":\"PropertyValueSpecification\",\"valueRequired\":true,\"valueName\":\"search_term_string\"}}],\"inLanguage\":\"en-GB\"},{\"@type\":\"Organization\",\"@id\":\"https:\\\/\\\/buletin.de\\\/bucuresti\\\/#organization\",\"name\":\"Buletin de Bucure\u0219ti\",\"url\":\"https:\\\/\\\/buletin.de\\\/bucuresti\\\/\",\"logo\":{\"@type\":\"ImageObject\",\"inLanguage\":\"en-GB\",\"@id\":\"https:\\\/\\\/buletin.de\\\/bucuresti\\\/#\\\/schema\\\/logo\\\/image\\\/\",\"url\":\"https:\\\/\\\/buletin.de\\\/bucuresti\\\/wp-content\\\/uploads\\\/logo-bdb-full-wide-vernil-transparent.png\",\"contentUrl\":\"https:\\\/\\\/buletin.de\\\/bucuresti\\\/wp-content\\\/uploads\\\/logo-bdb-full-wide-vernil-transparent.png\",\"width\":1782,\"height\":626,\"caption\":\"Buletin de Bucure\u0219ti\"},\"image\":{\"@id\":\"https:\\\/\\\/buletin.de\\\/bucuresti\\\/#\\\/schema\\\/logo\\\/image\\\/\"},\"sameAs\":[\"https:\\\/\\\/www.facebook.com\\\/buletin.de.buc\",\"https:\\\/\\\/www.instagram.com\\\/buletinde.bucuresti\\\/\"]},{\"@type\":\"Person\",\"@id\":\"https:\\\/\\\/buletin.de\\\/bucuresti\\\/#\\\/schema\\\/person\\\/2bbcf854e5f2419a13804af574d06ab1\",\"name\":\"Redac\u021bia Buletin de Bucure\u0219ti\",\"image\":{\"@type\":\"ImageObject\",\"inLanguage\":\"en-GB\",\"@id\":\"https:\\\/\\\/secure.gravatar.com\\\/avatar\\\/18c5342381ed1a08620e6280424e3e5efc958618f5d67c522c9e44c1bc6f9226?s=96&d=monsterid&r=g60c7cd0ad92c68c049fcd4bb3504d609\",\"url\":\"https:\\\/\\\/secure.gravatar.com\\\/avatar\\\/18c5342381ed1a08620e6280424e3e5efc958618f5d67c522c9e44c1bc6f9226?s=96&d=monsterid&r=g\",\"contentUrl\":\"https:\\\/\\\/secure.gravatar.com\\\/avatar\\\/18c5342381ed1a08620e6280424e3e5efc958618f5d67c522c9e44c1bc6f9226?s=96&d=monsterid&r=g\",\"caption\":\"Redac\u021bia Buletin de Bucure\u0219ti\"},\"description\":\"Buletin de Bucure\u0219ti exist\u0103 din vara anului 2019.\",\"url\":\"https:\\\/\\\/buletin.de\\\/bucuresti\\\/author\\\/adminbuletin\\\/\"}]}<\/script>\n<!-- \/ Yoast SEO Premium plugin. -->","yoast_head_json":{"title":"Nici m\u0103car Nicolae Ciuc\u0103 nu ar fi votat candidatul PNL la Prim\u0103ria Bucure\u0219ti. \u201eL-a\u0219 fi votat pe Nicu\u0219or Dan\u201d - Buletin de Bucure\u0219ti","description":"Ciuc\u0103 nu ar fi votat candidatul PNL la Prim\u0103ria Bucure\u0219ti, potrivit unei declara\u021bii pe care liderul liberal a f\u0103cut-o \u00eentr-un interviu.","robots":{"index":"index","follow":"follow","max-snippet":"max-snippet:-1","max-image-preview":"max-image-preview:large","max-video-preview":"max-video-preview:-1"},"canonical":"https:\/\/buletin.de\/bucuresti\/nici-macar-nicolae-ciuca-nu-ar-fi-votat-candidatul-pnl-la-primaria-bucuresti-l-as-fi-votat-pe-nicusor-dan\/","og_locale":"en_GB","og_type":"article","og_title":"Nici m\u0103car Nicolae Ciuc\u0103 nu ar fi votat candidatul PNL la Prim\u0103ria Bucure\u0219ti. \u201eL-a\u0219 fi votat pe Nicu\u0219or Dan\u201d","og_description":"Ciuc\u0103 nu ar fi votat candidatul PNL la Prim\u0103ria Bucure\u0219ti, potrivit unei declara\u021bii pe care liderul liberal a f\u0103cut-o \u00eentr-un interviu.","og_url":"https:\/\/buletin.de\/bucuresti\/nici-macar-nicolae-ciuca-nu-ar-fi-votat-candidatul-pnl-la-primaria-bucuresti-l-as-fi-votat-pe-nicusor-dan\/","og_site_name":"Buletin de Bucure\u0219ti","article_publisher":"https:\/\/www.facebook.com\/buletin.de.buc","article_published_time":"2024-09-26T18:55:25+00:00","article_modified_time":"2024-09-26T19:13:01+00:00","og_image":[{"width":1200,"height":581,"url":"https:\/\/buletin.de\/bucuresti\/wp-content\/uploads\/ciuca-dan.png","type":"image\/png"}],"author":"Redac\u021bia Buletin de Bucure\u0219ti","twitter_card":"summary_large_image","twitter_misc":{"Written by":"Redac\u021bia Buletin de Bucure\u0219ti","Estimated reading time":"3 minutes"},"schema":{"@context":"https:\/\/schema.org","@graph":[{"@type":"Article","@id":"https:\/\/buletin.de\/bucuresti\/nici-macar-nicolae-ciuca-nu-ar-fi-votat-candidatul-pnl-la-primaria-bucuresti-l-as-fi-votat-pe-nicusor-dan\/#article","isPartOf":{"@id":"https:\/\/buletin.de\/bucuresti\/nici-macar-nicolae-ciuca-nu-ar-fi-votat-candidatul-pnl-la-primaria-bucuresti-l-as-fi-votat-pe-nicusor-dan\/"},"author":{"name":"Redac\u021bia Buletin de Bucure\u0219ti","@id":"https:\/\/buletin.de\/bucuresti\/#\/schema\/person\/2bbcf854e5f2419a13804af574d06ab1"},"headline":"Nici m\u0103car Nicolae Ciuc\u0103 nu ar fi votat candidatul PNL la Prim\u0103ria Bucure\u0219ti. \u201eL-a\u0219 fi votat pe Nicu\u0219or Dan\u201d","datePublished":"2024-09-26T18:55:25+00:00","dateModified":"2024-09-26T19:13:01+00:00","mainEntityOfPage":{"@id":"https:\/\/buletin.de\/bucuresti\/nici-macar-nicolae-ciuca-nu-ar-fi-votat-candidatul-pnl-la-primaria-bucuresti-l-as-fi-votat-pe-nicusor-dan\/"},"wordCount":517,"publisher":{"@id":"https:\/\/buletin.de\/bucuresti\/#organization"},"image":{"@id":"https:\/\/buletin.de\/bucuresti\/nici-macar-nicolae-ciuca-nu-ar-fi-votat-candidatul-pnl-la-primaria-bucuresti-l-as-fi-votat-pe-nicusor-dan\/#primaryimage"},"thumbnailUrl":"https:\/\/buletin.de\/bucuresti\/wp-content\/uploads\/ciuca-dan.png","keywords":["Nicolae Ciuc\u0103","nicusor dan","PNL","pnl bucuresti","primaria bucuresti"],"articleSection":["Articole","Main","Politic"],"inLanguage":"en-GB","copyrightYear":"2024","copyrightHolder":{"@id":"https:\/\/buletin.de\/bucuresti\/#organization"}},{"@type":"WebPage","@id":"https:\/\/buletin.de\/bucuresti\/nici-macar-nicolae-ciuca-nu-ar-fi-votat-candidatul-pnl-la-primaria-bucuresti-l-as-fi-votat-pe-nicusor-dan\/","url":"https:\/\/buletin.de\/bucuresti\/nici-macar-nicolae-ciuca-nu-ar-fi-votat-candidatul-pnl-la-primaria-bucuresti-l-as-fi-votat-pe-nicusor-dan\/","name":"Nici m\u0103car Nicolae Ciuc\u0103 nu ar fi votat candidatul PNL la Prim\u0103ria Bucure\u0219ti. \u201eL-a\u0219 fi votat pe Nicu\u0219or Dan\u201d - Buletin de Bucure\u0219ti","isPartOf":{"@id":"https:\/\/buletin.de\/bucuresti\/#website"},"primaryImageOfPage":{"@id":"https:\/\/buletin.de\/bucuresti\/nici-macar-nicolae-ciuca-nu-ar-fi-votat-candidatul-pnl-la-primaria-bucuresti-l-as-fi-votat-pe-nicusor-dan\/#primaryimage"},"image":{"@id":"https:\/\/buletin.de\/bucuresti\/nici-macar-nicolae-ciuca-nu-ar-fi-votat-candidatul-pnl-la-primaria-bucuresti-l-as-fi-votat-pe-nicusor-dan\/#primaryimage"},"thumbnailUrl":"https:\/\/buletin.de\/bucuresti\/wp-content\/uploads\/ciuca-dan.png","datePublished":"2024-09-26T18:55:25+00:00","dateModified":"2024-09-26T19:13:01+00:00","description":"Ciuc\u0103 nu ar fi votat candidatul PNL la Prim\u0103ria Bucure\u0219ti, potrivit unei declara\u021bii pe care liderul liberal a f\u0103cut-o \u00eentr-un interviu.","breadcrumb":{"@id":"https:\/\/buletin.de\/bucuresti\/nici-macar-nicolae-ciuca-nu-ar-fi-votat-candidatul-pnl-la-primaria-bucuresti-l-as-fi-votat-pe-nicusor-dan\/#breadcrumb"},"inLanguage":"en-GB","potentialAction":[{"@type":"ReadAction","target":["https:\/\/buletin.de\/bucuresti\/nici-macar-nicolae-ciuca-nu-ar-fi-votat-candidatul-pnl-la-primaria-bucuresti-l-as-fi-votat-pe-nicusor-dan\/"]}]},{"@type":"ImageObject","inLanguage":"en-GB","@id":"https:\/\/buletin.de\/bucuresti\/nici-macar-nicolae-ciuca-nu-ar-fi-votat-candidatul-pnl-la-primaria-bucuresti-l-as-fi-votat-pe-nicusor-dan\/#primaryimage","url":"https:\/\/buletin.de\/bucuresti\/wp-content\/uploads\/ciuca-dan.png","contentUrl":"https:\/\/buletin.de\/bucuresti\/wp-content\/uploads\/ciuca-dan.png","width":1200,"height":581,"caption":"Nici m\u0103car Nicolae Ciuc\u0103 nu ar fi votat candidatul PNL la Prim\u0103ria Bucure\u0219ti. Captur\u0103 video"},{"@type":"BreadcrumbList","@id":"https:\/\/buletin.de\/bucuresti\/nici-macar-nicolae-ciuca-nu-ar-fi-votat-candidatul-pnl-la-primaria-bucuresti-l-as-fi-votat-pe-nicusor-dan\/#breadcrumb","itemListElement":[{"@type":"ListItem","position":1,"name":"Acas\u0103","item":"https:\/\/buletin.de\/bucuresti\/"},{"@type":"ListItem","position":2,"name":"Nici m\u0103car Nicolae Ciuc\u0103 nu ar fi votat candidatul PNL la Prim\u0103ria Bucure\u0219ti. \u201eL-a\u0219 fi votat pe Nicu\u0219or Dan\u201d"}]},{"@type":"WebSite","@id":"https:\/\/buletin.de\/bucuresti\/#website","url":"https:\/\/buletin.de\/bucuresti\/","name":"Buletin de Bucure\u0219ti","description":"\u0218tiri \u0219i investiga\u021bii esen\u021biale din capital\u0103","publisher":{"@id":"https:\/\/buletin.de\/bucuresti\/#organization"},"potentialAction":[{"@type":"SearchAction","target":{"@type":"EntryPoint","urlTemplate":"https:\/\/buletin.de\/bucuresti\/?s={search_term_string}"},"query-input":{"@type":"PropertyValueSpecification","valueRequired":true,"valueName":"search_term_string"}}],"inLanguage":"en-GB"},{"@type":"Organization","@id":"https:\/\/buletin.de\/bucuresti\/#organization","name":"Buletin de Bucure\u0219ti","url":"https:\/\/buletin.de\/bucuresti\/","logo":{"@type":"ImageObject","inLanguage":"en-GB","@id":"https:\/\/buletin.de\/bucuresti\/#\/schema\/logo\/image\/","url":"https:\/\/buletin.de\/bucuresti\/wp-content\/uploads\/logo-bdb-full-wide-vernil-transparent.png","contentUrl":"https:\/\/buletin.de\/bucuresti\/wp-content\/uploads\/logo-bdb-full-wide-vernil-transparent.png","width":1782,"height":626,"caption":"Buletin de Bucure\u0219ti"},"image":{"@id":"https:\/\/buletin.de\/bucuresti\/#\/schema\/logo\/image\/"},"sameAs":["https:\/\/www.facebook.com\/buletin.de.buc","https:\/\/www.instagram.com\/buletinde.bucuresti\/"]},{"@type":"Person","@id":"https:\/\/buletin.de\/bucuresti\/#\/schema\/person\/2bbcf854e5f2419a13804af574d06ab1","name":"Redac\u021bia Buletin de Bucure\u0219ti","image":{"@type":"ImageObject","inLanguage":"en-GB","@id":"https:\/\/secure.gravatar.com\/avatar\/18c5342381ed1a08620e6280424e3e5efc958618f5d67c522c9e44c1bc6f9226?s=96&d=monsterid&r=g60c7cd0ad92c68c049fcd4bb3504d609","url":"https:\/\/secure.gravatar.com\/avatar\/18c5342381ed1a08620e6280424e3e5efc958618f5d67c522c9e44c1bc6f9226?s=96&d=monsterid&r=g","contentUrl":"https:\/\/secure.gravatar.com\/avatar\/18c5342381ed1a08620e6280424e3e5efc958618f5d67c522c9e44c1bc6f9226?s=96&d=monsterid&r=g","caption":"Redac\u021bia Buletin de Bucure\u0219ti"},"description":"Buletin de Bucure\u0219ti exist\u0103 din vara anului 2019.","url":"https:\/\/buletin.de\/bucuresti\/author\/adminbuletin\/"}]}},"authors":[{"term_id":22583,"user_id":1,"is_guest":0,"slug":"adminbuletin","display_name":"Redac\u021bia Buletin de Bucure\u0219ti","avatar_url":"https:\/\/secure.gravatar.com\/avatar\/18c5342381ed1a08620e6280424e3e5efc958618f5d67c522c9e44c1bc6f9226?s=96&d=monsterid&r=g","0":null,"1":"","2":"","3":"","4":"","5":"","6":"","7":"","8":""}],"_links":{"self":[{"href":"https:\/\/buletin.de\/bucuresti\/wp-json\/wp\/v2\/posts\/99814","targetHints":{"allow":["GET"]}}],"collection":[{"href":"https:\/\/buletin.de\/bucuresti\/wp-json\/wp\/v2\/posts"}],"about":[{"href":"https:\/\/buletin.de\/bucuresti\/wp-json\/wp\/v2\/types\/post"}],"author":[{"embeddable":true,"href":"https:\/\/buletin.de\/bucuresti\/wp-json\/wp\/v2\/users\/1"}],"replies":[{"embeddable":true,"href":"https:\/\/buletin.de\/bucuresti\/wp-json\/wp\/v2\/comments?post=99814"}],"version-history":[{"count":2,"href":"https:\/\/buletin.de\/bucuresti\/wp-json\/wp\/v2\/posts\/99814\/revisions"}],"predecessor-version":[{"id":99817,"href":"https:\/\/buletin.de\/bucuresti\/wp-json\/wp\/v2\/posts\/99814\/revisions\/99817"}],"wp:featuredmedia":[{"embeddable":true,"href":"https:\/\/buletin.de\/bucuresti\/wp-json\/wp\/v2\/media\/99815"}],"wp:attachment":[{"href":"https:\/\/buletin.de\/bucuresti\/wp-json\/wp\/v2\/media?parent=99814"}],"wp:term":[{"taxonomy":"category","embeddable":true,"href":"https:\/\/buletin.de\/bucuresti\/wp-json\/wp\/v2\/categories?post=99814"},{"taxonomy":"post_tag","embeddable":true,"href":"https:\/\/buletin.de\/bucuresti\/wp-json\/wp\/v2\/tags?post=99814"},{"taxonomy":"author","embeddable":true,"href":"https:\/\/buletin.de\/bucuresti\/wp-json\/wp\/v2\/ppma_author?post=99814"}],"curies":[{"name":"wp","href":"https:\/\/api.w.org\/{rel}","templated":true}]}}