{"id":9981,"date":"2020-08-03T16:40:22","date_gmt":"2020-08-03T13:40:22","guid":{"rendered":"https:\/\/buletin.de\/bucuresti\/?p=9981"},"modified":"2020-08-03T17:59:37","modified_gmt":"2020-08-03T14:59:37","slug":"spitalul-modular-covid-19-inaugurat-acum-trei-luni-de-gabriela-firea-nu-are-aviz-de-la-dsp-la-fata-locului-basculante-in-loc-de-ambulante","status":"publish","type":"post","link":"https:\/\/buletin.de\/bucuresti\/spitalul-modular-covid-19-inaugurat-acum-trei-luni-de-gabriela-firea-nu-are-aviz-de-la-dsp-la-fata-locului-basculante-in-loc-de-ambulante\/","title":{"rendered":"Spitalul modular COVID-19, inaugurat acum trei luni de Gabriela Firea, nu are aviz de la DSP. La fa\u021ba locului, basculante \u00een loc de ambulan\u021be"},"content":{"rendered":"\n<p><strong>Primarul General al Capitalei, Gabriela Firea, anun\u021ba pe 5 mai c\u0103 inaugureaz\u0103 cel mai mare spital din \u021bar\u0103 pentru cazurile cu infec\u021bie u\u0219oar\u0103 Covid-19, o sec\u021bie extern\u0103 a Spitalului de Boli Infec\u021bioase Victor Babe\u0219. Tot atunci, edilul-\u0219ef anun\u021ba c\u0103 spitalul modular ar fi fost construit \u00eentr-un timp record de dou\u0103 s\u0103pt\u0103m\u00e2ni de Compania Municipal\u0103 Consolid\u0103ri \u0219i ar fi gata s\u0103 primeasc\u0103 500 de bolnavi c\u00e2t de cur\u00e2nd.<\/strong><\/p>\n\n\n\n<p>La trei luni distan\u021b\u0103, spitalul nu poate primi \u00eenc\u0103 pacien\u021bi. \u00cen urm\u0103 cu c\u00e2teva zile, Gabriela Firea anun\u021ba c\u0103 \u201c<em>deocamdat\u0103, se deschid saloane pentru aproape 400 de pacien\u021bi, restul spa\u021biilor fiind amenajate pentru cadrele medicale si personalul auxiliar<\/em>\u201d dar \u0219i c\u0103 unitatea \u00eenc\u0103 a\u0219teapt\u0103 avizul de la DSP.<\/p>\n\n\n\n<figure><iframe src=\"https:\/\/www.facebook.com\/plugins\/post.php?href=https%3A%2F%2Fwww.facebook.com%2Fgabifirea%2Fposts%2F3404103479652435&amp;width=500\" width=\"500\" height=\"797\" style=\"border:none;overflow:hidden\" scrolling=\"no\" frameborder=\"0\" allowtransparency=\"true\" allow=\"encrypted-media\"><\/iframe><\/figure>\n\n\n\n<p>La fa\u021ba locului, pe 3 august, nici urma de pacien\u021bi, cadre medicale sau ambulan\u021be. <\/p>\n\n\n\n<p>O serie de imagini, transmise de un cititor Buletin de Bucure\u0219ti, arat\u0103 c\u0103 \u00een curte nu este nici urm\u0103 de activitate, \u00een timp ce mai multe basculante \u00eenc\u0103 sunt parcate \u00een imediata vecin\u0103tate a spitalului modular.<\/p>\n\n\n\n<figure class=\"wp-block-gallery columns-2 is-cropped wp-block-gallery-1 is-layout-flex wp-block-gallery-is-layout-flex\"><ul class=\"blocks-gallery-grid\"><li class=\"blocks-gallery-item\"><figure><img fetchpriority=\"high\" decoding=\"async\" width=\"900\" height=\"675\" src=\"data:image\/gif;base64,R0lGODlhAQABAAAAACH5BAEKAAEALAAAAAABAAEAAAICTAEAOw==\" data-src=\"https:\/\/buletin.de\/bucuresti\/wp-content\/uploads\/116931759_211213106981735_3099347959631024846_n-2-900x675.jpg\" alt=\"\" data-id=\"9987\" data-link=\"https:\/\/buletin.de\/bucuresti\/?attachment_id=9987\" class=\"wp-image-9987 lazyload\" data-sizes=\"auto\" data-srcset=\"https:\/\/buletin.de\/bucuresti\/wp-content\/uploads\/116931759_211213106981735_3099347959631024846_n-2-900x675.jpg 900w, https:\/\/buletin.de\/bucuresti\/wp-content\/uploads\/116931759_211213106981735_3099347959631024846_n-2-scaled-600x450.jpg 600w, https:\/\/buletin.de\/bucuresti\/wp-content\/uploads\/116931759_211213106981735_3099347959631024846_n-2-300x225.jpg 300w, https:\/\/buletin.de\/bucuresti\/wp-content\/uploads\/116931759_211213106981735_3099347959631024846_n-2-768x576.jpg 768w, https:\/\/buletin.de\/bucuresti\/wp-content\/uploads\/116931759_211213106981735_3099347959631024846_n-2-1536x1152.jpg 1536w, https:\/\/buletin.de\/bucuresti\/wp-content\/uploads\/116931759_211213106981735_3099347959631024846_n-2-2048x1536.jpg 2048w, https:\/\/buletin.de\/bucuresti\/wp-content\/uploads\/116931759_211213106981735_3099347959631024846_n-2-1060x795.jpg 1060w, https:\/\/buletin.de\/bucuresti\/wp-content\/uploads\/116931759_211213106981735_3099347959631024846_n-2-550x413.jpg 550w, https:\/\/buletin.de\/bucuresti\/wp-content\/uploads\/116931759_211213106981735_3099347959631024846_n-2-667x500.jpg 667w, https:\/\/buletin.de\/bucuresti\/wp-content\/uploads\/116931759_211213106981735_3099347959631024846_n-2-1920x1440.jpg 1920w, https:\/\/buletin.de\/bucuresti\/wp-content\/uploads\/116931759_211213106981735_3099347959631024846_n-2-1440x1080.jpg 1440w\" sizes=\"(max-width: 900px) 100vw, 900px\" \/><\/figure><\/li><li class=\"blocks-gallery-item\"><figure><img decoding=\"async\" width=\"900\" height=\"675\" src=\"data:image\/gif;base64,R0lGODlhAQABAAAAACH5BAEKAAEALAAAAAABAAEAAAICTAEAOw==\" data-src=\"https:\/\/buletin.de\/bucuresti\/wp-content\/uploads\/117116222_1010169286092216_2270994028542133671_n-1-900x675.jpg\" alt=\"\" data-id=\"9988\" data-link=\"https:\/\/buletin.de\/bucuresti\/?attachment_id=9988\" class=\"wp-image-9988 lazyload\" data-sizes=\"auto\" data-srcset=\"https:\/\/buletin.de\/bucuresti\/wp-content\/uploads\/117116222_1010169286092216_2270994028542133671_n-1-900x675.jpg 900w, https:\/\/buletin.de\/bucuresti\/wp-content\/uploads\/117116222_1010169286092216_2270994028542133671_n-1-scaled-600x450.jpg 600w, https:\/\/buletin.de\/bucuresti\/wp-content\/uploads\/117116222_1010169286092216_2270994028542133671_n-1-300x225.jpg 300w, https:\/\/buletin.de\/bucuresti\/wp-content\/uploads\/117116222_1010169286092216_2270994028542133671_n-1-768x576.jpg 768w, https:\/\/buletin.de\/bucuresti\/wp-content\/uploads\/117116222_1010169286092216_2270994028542133671_n-1-1536x1152.jpg 1536w, https:\/\/buletin.de\/bucuresti\/wp-content\/uploads\/117116222_1010169286092216_2270994028542133671_n-1-2048x1536.jpg 2048w, https:\/\/buletin.de\/bucuresti\/wp-content\/uploads\/117116222_1010169286092216_2270994028542133671_n-1-1060x795.jpg 1060w, https:\/\/buletin.de\/bucuresti\/wp-content\/uploads\/117116222_1010169286092216_2270994028542133671_n-1-550x413.jpg 550w, https:\/\/buletin.de\/bucuresti\/wp-content\/uploads\/117116222_1010169286092216_2270994028542133671_n-1-667x500.jpg 667w, https:\/\/buletin.de\/bucuresti\/wp-content\/uploads\/117116222_1010169286092216_2270994028542133671_n-1-1920x1440.jpg 1920w, https:\/\/buletin.de\/bucuresti\/wp-content\/uploads\/117116222_1010169286092216_2270994028542133671_n-1-1440x1080.jpg 1440w\" sizes=\"(max-width: 900px) 100vw, 900px\" \/><\/figure><\/li><\/ul><\/figure>\n\n\n\n<p><br><a href=\"https:\/\/www.facebook.com\/gabifirea\/photos\/pcb.3404103479652435\/3404103359652447\/?type=3&amp;theater\">Surs\u0103 cover<\/a><\/p>\n","protected":false},"excerpt":{"rendered":"<p>Primarul General al Capitalei, Gabriela Firea, anun\u021ba pe 5 mai c\u0103 inaugureaz\u0103 cel mai mare spital din \u021bar\u0103 pentru cazurile cu infec\u021bie u\u0219oar\u0103 Covid-19, o sec\u021bie extern\u0103 a Spitalului de Boli Infec\u021bioase Victor Babe\u0219. Tot atunci, edilul-\u0219ef anun\u021ba c\u0103 spitalul modular ar fi fost construit \u00eentr-un timp record de dou\u0103 s\u0103pt\u0103m\u00e2ni de Compania Municipal\u0103 Consolid\u0103ri [&hellip;]<\/p>\n","protected":false},"author":10,"featured_media":9986,"comment_status":"closed","ping_status":"open","sticky":false,"template":"","format":"standard","meta":{"_acf_changed":false,"inline_featured_image":false,"ngg_post_thumbnail":0,"footnotes":""},"categories":[996],"tags":[648,28,1399],"ppma_author":[22575],"class_list":["post-9981","post","type-post","status-publish","format-standard","has-post-thumbnail","hentry","category-covid-19","tag-covid-19","tag-firea","tag-spital-modular"],"acf":[],"yoast_head":"<!-- This site is optimized with the Yoast SEO Premium plugin v25.3 (Yoast SEO v27.5) - https:\/\/yoast.com\/product\/yoast-seo-premium-wordpress\/ -->\n<title>Spitalul modular COVID-19, inaugurat acum trei luni de Gabriela Firea, nu are aviz de la DSP. La fa\u021ba locului, basculante \u00een loc de ambulan\u021be - Buletin de Bucure\u0219ti<\/title>\n<meta name=\"robots\" content=\"index, follow, max-snippet:-1, max-image-preview:large, max-video-preview:-1\" \/>\n<link rel=\"canonical\" href=\"https:\/\/buletin.de\/bucuresti\/spitalul-modular-covid-19-inaugurat-acum-trei-luni-de-gabriela-firea-nu-are-aviz-de-la-dsp-la-fata-locului-basculante-in-loc-de-ambulante\/\" \/>\n<meta property=\"og:locale\" content=\"en_GB\" \/>\n<meta property=\"og:type\" content=\"article\" \/>\n<meta property=\"og:title\" content=\"Spitalul modular COVID-19, inaugurat acum trei luni de Gabriela Firea, nu are aviz de la DSP. La fa\u021ba locului, basculante \u00een loc de ambulan\u021be\" \/>\n<meta property=\"og:description\" content=\"Primarul General al Capitalei, Gabriela Firea, anun\u021ba pe 5 mai c\u0103 inaugureaz\u0103 cel mai mare spital din \u021bar\u0103 pentru cazurile cu infec\u021bie u\u0219oar\u0103 Covid-19, o sec\u021bie extern\u0103 a Spitalului de Boli Infec\u021bioase Victor Babe\u0219. Tot atunci, edilul-\u0219ef anun\u021ba c\u0103 spitalul modular ar fi fost construit \u00eentr-un timp record de dou\u0103 s\u0103pt\u0103m\u00e2ni de Compania Municipal\u0103 Consolid\u0103ri [&hellip;]\" \/>\n<meta property=\"og:url\" content=\"https:\/\/buletin.de\/bucuresti\/spitalul-modular-covid-19-inaugurat-acum-trei-luni-de-gabriela-firea-nu-are-aviz-de-la-dsp-la-fata-locului-basculante-in-loc-de-ambulante\/\" \/>\n<meta property=\"og:site_name\" content=\"Buletin de Bucure\u0219ti\" \/>\n<meta property=\"article:publisher\" content=\"https:\/\/www.facebook.com\/buletin.de.buc\" \/>\n<meta property=\"article:published_time\" content=\"2020-08-03T13:40:22+00:00\" \/>\n<meta property=\"article:modified_time\" content=\"2020-08-03T14:59:37+00:00\" \/>\n<meta property=\"og:image\" content=\"https:\/\/buletin.de\/bucuresti\/wp-content\/uploads\/116654357_3404103366319113_2124935481823391743_o.jpg\" \/>\n\t<meta property=\"og:image:width\" content=\"1440\" \/>\n\t<meta property=\"og:image:height\" content=\"813\" \/>\n\t<meta property=\"og:image:type\" content=\"image\/jpeg\" \/>\n<meta name=\"author\" content=\"C\u0103t\u0103lin Dosca\u0219\" \/>\n<meta name=\"twitter:card\" content=\"summary_large_image\" \/>\n<meta name=\"twitter:label1\" content=\"Written by\" \/>\n\t<meta name=\"twitter:data1\" content=\"C\u0103t\u0103lin Dosca\u0219\" \/>\n\t<meta name=\"twitter:label2\" content=\"Estimated reading time\" \/>\n\t<meta name=\"twitter:data2\" content=\"1 minute\" \/>\n<script type=\"application\/ld+json\" class=\"yoast-schema-graph\">{\"@context\":\"https:\\\/\\\/schema.org\",\"@graph\":[{\"@type\":\"Article\",\"@id\":\"https:\\\/\\\/buletin.de\\\/bucuresti\\\/spitalul-modular-covid-19-inaugurat-acum-trei-luni-de-gabriela-firea-nu-are-aviz-de-la-dsp-la-fata-locului-basculante-in-loc-de-ambulante\\\/#article\",\"isPartOf\":{\"@id\":\"https:\\\/\\\/buletin.de\\\/bucuresti\\\/spitalul-modular-covid-19-inaugurat-acum-trei-luni-de-gabriela-firea-nu-are-aviz-de-la-dsp-la-fata-locului-basculante-in-loc-de-ambulante\\\/\"},\"author\":{\"name\":\"C\u0103t\u0103lin Dosca\u0219\",\"@id\":\"https:\\\/\\\/buletin.de\\\/bucuresti\\\/#\\\/schema\\\/person\\\/31117187ed4d0bdb0a4c7d6acc79d0f8\"},\"headline\":\"Spitalul modular COVID-19, inaugurat acum trei luni de Gabriela Firea, nu are aviz de la DSP. La fa\u021ba locului, basculante \u00een loc de ambulan\u021be\",\"datePublished\":\"2020-08-03T13:40:22+00:00\",\"dateModified\":\"2020-08-03T14:59:37+00:00\",\"mainEntityOfPage\":{\"@id\":\"https:\\\/\\\/buletin.de\\\/bucuresti\\\/spitalul-modular-covid-19-inaugurat-acum-trei-luni-de-gabriela-firea-nu-are-aviz-de-la-dsp-la-fata-locului-basculante-in-loc-de-ambulante\\\/\"},\"wordCount\":213,\"publisher\":{\"@id\":\"https:\\\/\\\/buletin.de\\\/bucuresti\\\/#organization\"},\"image\":{\"@id\":\"https:\\\/\\\/buletin.de\\\/bucuresti\\\/spitalul-modular-covid-19-inaugurat-acum-trei-luni-de-gabriela-firea-nu-are-aviz-de-la-dsp-la-fata-locului-basculante-in-loc-de-ambulante\\\/#primaryimage\"},\"thumbnailUrl\":\"https:\\\/\\\/buletin.de\\\/bucuresti\\\/wp-content\\\/uploads\\\/116654357_3404103366319113_2124935481823391743_o.jpg\",\"keywords\":[\"covid-19\",\"firea\",\"spital modular\"],\"articleSection\":[\"Covid-19\"],\"inLanguage\":\"en-GB\",\"copyrightYear\":\"2020\",\"copyrightHolder\":{\"@id\":\"https:\\\/\\\/buletin.de\\\/bucuresti\\\/#organization\"}},{\"@type\":\"WebPage\",\"@id\":\"https:\\\/\\\/buletin.de\\\/bucuresti\\\/spitalul-modular-covid-19-inaugurat-acum-trei-luni-de-gabriela-firea-nu-are-aviz-de-la-dsp-la-fata-locului-basculante-in-loc-de-ambulante\\\/\",\"url\":\"https:\\\/\\\/buletin.de\\\/bucuresti\\\/spitalul-modular-covid-19-inaugurat-acum-trei-luni-de-gabriela-firea-nu-are-aviz-de-la-dsp-la-fata-locului-basculante-in-loc-de-ambulante\\\/\",\"name\":\"Spitalul modular COVID-19, inaugurat acum trei luni de Gabriela Firea, nu are aviz de la DSP. La fa\u021ba locului, basculante \u00een loc de ambulan\u021be - Buletin de Bucure\u0219ti\",\"isPartOf\":{\"@id\":\"https:\\\/\\\/buletin.de\\\/bucuresti\\\/#website\"},\"primaryImageOfPage\":{\"@id\":\"https:\\\/\\\/buletin.de\\\/bucuresti\\\/spitalul-modular-covid-19-inaugurat-acum-trei-luni-de-gabriela-firea-nu-are-aviz-de-la-dsp-la-fata-locului-basculante-in-loc-de-ambulante\\\/#primaryimage\"},\"image\":{\"@id\":\"https:\\\/\\\/buletin.de\\\/bucuresti\\\/spitalul-modular-covid-19-inaugurat-acum-trei-luni-de-gabriela-firea-nu-are-aviz-de-la-dsp-la-fata-locului-basculante-in-loc-de-ambulante\\\/#primaryimage\"},\"thumbnailUrl\":\"https:\\\/\\\/buletin.de\\\/bucuresti\\\/wp-content\\\/uploads\\\/116654357_3404103366319113_2124935481823391743_o.jpg\",\"datePublished\":\"2020-08-03T13:40:22+00:00\",\"dateModified\":\"2020-08-03T14:59:37+00:00\",\"breadcrumb\":{\"@id\":\"https:\\\/\\\/buletin.de\\\/bucuresti\\\/spitalul-modular-covid-19-inaugurat-acum-trei-luni-de-gabriela-firea-nu-are-aviz-de-la-dsp-la-fata-locului-basculante-in-loc-de-ambulante\\\/#breadcrumb\"},\"inLanguage\":\"en-GB\",\"potentialAction\":[{\"@type\":\"ReadAction\",\"target\":[\"https:\\\/\\\/buletin.de\\\/bucuresti\\\/spitalul-modular-covid-19-inaugurat-acum-trei-luni-de-gabriela-firea-nu-are-aviz-de-la-dsp-la-fata-locului-basculante-in-loc-de-ambulante\\\/\"]}]},{\"@type\":\"ImageObject\",\"inLanguage\":\"en-GB\",\"@id\":\"https:\\\/\\\/buletin.de\\\/bucuresti\\\/spitalul-modular-covid-19-inaugurat-acum-trei-luni-de-gabriela-firea-nu-are-aviz-de-la-dsp-la-fata-locului-basculante-in-loc-de-ambulante\\\/#primaryimage\",\"url\":\"https:\\\/\\\/buletin.de\\\/bucuresti\\\/wp-content\\\/uploads\\\/116654357_3404103366319113_2124935481823391743_o.jpg\",\"contentUrl\":\"https:\\\/\\\/buletin.de\\\/bucuresti\\\/wp-content\\\/uploads\\\/116654357_3404103366319113_2124935481823391743_o.jpg\",\"width\":1440,\"height\":813},{\"@type\":\"BreadcrumbList\",\"@id\":\"https:\\\/\\\/buletin.de\\\/bucuresti\\\/spitalul-modular-covid-19-inaugurat-acum-trei-luni-de-gabriela-firea-nu-are-aviz-de-la-dsp-la-fata-locului-basculante-in-loc-de-ambulante\\\/#breadcrumb\",\"itemListElement\":[{\"@type\":\"ListItem\",\"position\":1,\"name\":\"Acas\u0103\",\"item\":\"https:\\\/\\\/buletin.de\\\/bucuresti\\\/\"},{\"@type\":\"ListItem\",\"position\":2,\"name\":\"Spitalul modular COVID-19, inaugurat acum trei luni de Gabriela Firea, nu are aviz de la DSP. La fa\u021ba locului, basculante \u00een loc de ambulan\u021be\"}]},{\"@type\":\"WebSite\",\"@id\":\"https:\\\/\\\/buletin.de\\\/bucuresti\\\/#website\",\"url\":\"https:\\\/\\\/buletin.de\\\/bucuresti\\\/\",\"name\":\"Buletin de Bucure\u0219ti\",\"description\":\"\u0218tiri \u0219i investiga\u021bii esen\u021biale din capital\u0103\",\"publisher\":{\"@id\":\"https:\\\/\\\/buletin.de\\\/bucuresti\\\/#organization\"},\"potentialAction\":[{\"@type\":\"SearchAction\",\"target\":{\"@type\":\"EntryPoint\",\"urlTemplate\":\"https:\\\/\\\/buletin.de\\\/bucuresti\\\/?s={search_term_string}\"},\"query-input\":{\"@type\":\"PropertyValueSpecification\",\"valueRequired\":true,\"valueName\":\"search_term_string\"}}],\"inLanguage\":\"en-GB\"},{\"@type\":\"Organization\",\"@id\":\"https:\\\/\\\/buletin.de\\\/bucuresti\\\/#organization\",\"name\":\"Buletin de Bucure\u0219ti\",\"url\":\"https:\\\/\\\/buletin.de\\\/bucuresti\\\/\",\"logo\":{\"@type\":\"ImageObject\",\"inLanguage\":\"en-GB\",\"@id\":\"https:\\\/\\\/buletin.de\\\/bucuresti\\\/#\\\/schema\\\/logo\\\/image\\\/\",\"url\":\"https:\\\/\\\/buletin.de\\\/bucuresti\\\/wp-content\\\/uploads\\\/logo-bdb-full-wide-vernil-transparent.png\",\"contentUrl\":\"https:\\\/\\\/buletin.de\\\/bucuresti\\\/wp-content\\\/uploads\\\/logo-bdb-full-wide-vernil-transparent.png\",\"width\":1782,\"height\":626,\"caption\":\"Buletin de Bucure\u0219ti\"},\"image\":{\"@id\":\"https:\\\/\\\/buletin.de\\\/bucuresti\\\/#\\\/schema\\\/logo\\\/image\\\/\"},\"sameAs\":[\"https:\\\/\\\/www.facebook.com\\\/buletin.de.buc\",\"https:\\\/\\\/www.instagram.com\\\/buletinde.bucuresti\\\/\"]},{\"@type\":\"Person\",\"@id\":\"https:\\\/\\\/buletin.de\\\/bucuresti\\\/#\\\/schema\\\/person\\\/31117187ed4d0bdb0a4c7d6acc79d0f8\",\"name\":\"C\u0103t\u0103lin Dosca\u0219\",\"image\":{\"@type\":\"ImageObject\",\"inLanguage\":\"en-GB\",\"@id\":\"https:\\\/\\\/buletin.de\\\/bucuresti\\\/wp-content\\\/uploads\\\/Catalin-Doscas-e1732731064764-96x96.jpga93e2943bb3b1c1f9ead823df6e6317a\",\"url\":\"https:\\\/\\\/buletin.de\\\/bucuresti\\\/wp-content\\\/uploads\\\/Catalin-Doscas-e1732731064764-96x96.jpg\",\"contentUrl\":\"https:\\\/\\\/buletin.de\\\/bucuresti\\\/wp-content\\\/uploads\\\/Catalin-Doscas-e1732731064764-96x96.jpg\",\"caption\":\"C\u0103t\u0103lin Dosca\u0219\"},\"description\":\"Reporter \u0219i redactor-\u0219ef Buletin de Bucure\u0219ti. Lucreaz\u0103 \u00een mass-media de la v\u00e2rsta de 15 ani, c\u00e2nd a publicat primele articole \u00een presa local\u0103 din Tecuci. \u00cen Bucure\u0219ti a lucrat \u00een redac\u021bii radio ca reporter, redactor \u0219i prezentator (StudentFM, Na\u021bionalFM, Radio Total, Smart FM), unde a acoperit domeniile politic, economic, social \u0219i externe. Ulterior, a fost editor-coordonator al postului Realitatea FM. Experien\u021ba \u00een jurnalismul online a dob\u00e2ndit-o la portalul B365.ro, unde a fost editor. \u00cen 2012 s-a angajat \u00een televiziune. La Realitatea TV a fost, pe r\u00e2nd, reporter la sec\u021bia Social, reporter special la emisiunea de reportaje \u0219i anchete \u201eReporterii Realit\u0103\u021bii\u201d, dar \u0219i editor al jurnalelor de \u0219tiri. Ulterior, a f\u0103cut parte din sec\u021bia de Investiga\u021bii de la Digi24 \u0219i a lucrat la campania \u201eRom\u00e2nia furat\u0103\u201d. A revenit \u00een presa scris\u0103 \u00een 2017, ca reporter special, \u00een cadrul unui proiect de repozi\u021bionare a tabloidului Libertatea \u00een cotidian generalist. Este jurnalist Buletin de Bucure\u0219ti din 2019.\",\"url\":\"https:\\\/\\\/buletin.de\\\/bucuresti\\\/author\\\/catalin\\\/\"}]}<\/script>\n<!-- \/ Yoast SEO Premium plugin. -->","yoast_head_json":{"title":"Spitalul modular COVID-19, inaugurat acum trei luni de Gabriela Firea, nu are aviz de la DSP. La fa\u021ba locului, basculante \u00een loc de ambulan\u021be - Buletin de Bucure\u0219ti","robots":{"index":"index","follow":"follow","max-snippet":"max-snippet:-1","max-image-preview":"max-image-preview:large","max-video-preview":"max-video-preview:-1"},"canonical":"https:\/\/buletin.de\/bucuresti\/spitalul-modular-covid-19-inaugurat-acum-trei-luni-de-gabriela-firea-nu-are-aviz-de-la-dsp-la-fata-locului-basculante-in-loc-de-ambulante\/","og_locale":"en_GB","og_type":"article","og_title":"Spitalul modular COVID-19, inaugurat acum trei luni de Gabriela Firea, nu are aviz de la DSP. La fa\u021ba locului, basculante \u00een loc de ambulan\u021be","og_description":"Primarul General al Capitalei, Gabriela Firea, anun\u021ba pe 5 mai c\u0103 inaugureaz\u0103 cel mai mare spital din \u021bar\u0103 pentru cazurile cu infec\u021bie u\u0219oar\u0103 Covid-19, o sec\u021bie extern\u0103 a Spitalului de Boli Infec\u021bioase Victor Babe\u0219. Tot atunci, edilul-\u0219ef anun\u021ba c\u0103 spitalul modular ar fi fost construit \u00eentr-un timp record de dou\u0103 s\u0103pt\u0103m\u00e2ni de Compania Municipal\u0103 Consolid\u0103ri [&hellip;]","og_url":"https:\/\/buletin.de\/bucuresti\/spitalul-modular-covid-19-inaugurat-acum-trei-luni-de-gabriela-firea-nu-are-aviz-de-la-dsp-la-fata-locului-basculante-in-loc-de-ambulante\/","og_site_name":"Buletin de Bucure\u0219ti","article_publisher":"https:\/\/www.facebook.com\/buletin.de.buc","article_published_time":"2020-08-03T13:40:22+00:00","article_modified_time":"2020-08-03T14:59:37+00:00","og_image":[{"width":1440,"height":813,"url":"https:\/\/buletin.de\/bucuresti\/wp-content\/uploads\/116654357_3404103366319113_2124935481823391743_o.jpg","type":"image\/jpeg"}],"author":"C\u0103t\u0103lin Dosca\u0219","twitter_card":"summary_large_image","twitter_misc":{"Written by":"C\u0103t\u0103lin Dosca\u0219","Estimated reading time":"1 minute"},"schema":{"@context":"https:\/\/schema.org","@graph":[{"@type":"Article","@id":"https:\/\/buletin.de\/bucuresti\/spitalul-modular-covid-19-inaugurat-acum-trei-luni-de-gabriela-firea-nu-are-aviz-de-la-dsp-la-fata-locului-basculante-in-loc-de-ambulante\/#article","isPartOf":{"@id":"https:\/\/buletin.de\/bucuresti\/spitalul-modular-covid-19-inaugurat-acum-trei-luni-de-gabriela-firea-nu-are-aviz-de-la-dsp-la-fata-locului-basculante-in-loc-de-ambulante\/"},"author":{"name":"C\u0103t\u0103lin Dosca\u0219","@id":"https:\/\/buletin.de\/bucuresti\/#\/schema\/person\/31117187ed4d0bdb0a4c7d6acc79d0f8"},"headline":"Spitalul modular COVID-19, inaugurat acum trei luni de Gabriela Firea, nu are aviz de la DSP. La fa\u021ba locului, basculante \u00een loc de ambulan\u021be","datePublished":"2020-08-03T13:40:22+00:00","dateModified":"2020-08-03T14:59:37+00:00","mainEntityOfPage":{"@id":"https:\/\/buletin.de\/bucuresti\/spitalul-modular-covid-19-inaugurat-acum-trei-luni-de-gabriela-firea-nu-are-aviz-de-la-dsp-la-fata-locului-basculante-in-loc-de-ambulante\/"},"wordCount":213,"publisher":{"@id":"https:\/\/buletin.de\/bucuresti\/#organization"},"image":{"@id":"https:\/\/buletin.de\/bucuresti\/spitalul-modular-covid-19-inaugurat-acum-trei-luni-de-gabriela-firea-nu-are-aviz-de-la-dsp-la-fata-locului-basculante-in-loc-de-ambulante\/#primaryimage"},"thumbnailUrl":"https:\/\/buletin.de\/bucuresti\/wp-content\/uploads\/116654357_3404103366319113_2124935481823391743_o.jpg","keywords":["covid-19","firea","spital modular"],"articleSection":["Covid-19"],"inLanguage":"en-GB","copyrightYear":"2020","copyrightHolder":{"@id":"https:\/\/buletin.de\/bucuresti\/#organization"}},{"@type":"WebPage","@id":"https:\/\/buletin.de\/bucuresti\/spitalul-modular-covid-19-inaugurat-acum-trei-luni-de-gabriela-firea-nu-are-aviz-de-la-dsp-la-fata-locului-basculante-in-loc-de-ambulante\/","url":"https:\/\/buletin.de\/bucuresti\/spitalul-modular-covid-19-inaugurat-acum-trei-luni-de-gabriela-firea-nu-are-aviz-de-la-dsp-la-fata-locului-basculante-in-loc-de-ambulante\/","name":"Spitalul modular COVID-19, inaugurat acum trei luni de Gabriela Firea, nu are aviz de la DSP. La fa\u021ba locului, basculante \u00een loc de ambulan\u021be - Buletin de Bucure\u0219ti","isPartOf":{"@id":"https:\/\/buletin.de\/bucuresti\/#website"},"primaryImageOfPage":{"@id":"https:\/\/buletin.de\/bucuresti\/spitalul-modular-covid-19-inaugurat-acum-trei-luni-de-gabriela-firea-nu-are-aviz-de-la-dsp-la-fata-locului-basculante-in-loc-de-ambulante\/#primaryimage"},"image":{"@id":"https:\/\/buletin.de\/bucuresti\/spitalul-modular-covid-19-inaugurat-acum-trei-luni-de-gabriela-firea-nu-are-aviz-de-la-dsp-la-fata-locului-basculante-in-loc-de-ambulante\/#primaryimage"},"thumbnailUrl":"https:\/\/buletin.de\/bucuresti\/wp-content\/uploads\/116654357_3404103366319113_2124935481823391743_o.jpg","datePublished":"2020-08-03T13:40:22+00:00","dateModified":"2020-08-03T14:59:37+00:00","breadcrumb":{"@id":"https:\/\/buletin.de\/bucuresti\/spitalul-modular-covid-19-inaugurat-acum-trei-luni-de-gabriela-firea-nu-are-aviz-de-la-dsp-la-fata-locului-basculante-in-loc-de-ambulante\/#breadcrumb"},"inLanguage":"en-GB","potentialAction":[{"@type":"ReadAction","target":["https:\/\/buletin.de\/bucuresti\/spitalul-modular-covid-19-inaugurat-acum-trei-luni-de-gabriela-firea-nu-are-aviz-de-la-dsp-la-fata-locului-basculante-in-loc-de-ambulante\/"]}]},{"@type":"ImageObject","inLanguage":"en-GB","@id":"https:\/\/buletin.de\/bucuresti\/spitalul-modular-covid-19-inaugurat-acum-trei-luni-de-gabriela-firea-nu-are-aviz-de-la-dsp-la-fata-locului-basculante-in-loc-de-ambulante\/#primaryimage","url":"https:\/\/buletin.de\/bucuresti\/wp-content\/uploads\/116654357_3404103366319113_2124935481823391743_o.jpg","contentUrl":"https:\/\/buletin.de\/bucuresti\/wp-content\/uploads\/116654357_3404103366319113_2124935481823391743_o.jpg","width":1440,"height":813},{"@type":"BreadcrumbList","@id":"https:\/\/buletin.de\/bucuresti\/spitalul-modular-covid-19-inaugurat-acum-trei-luni-de-gabriela-firea-nu-are-aviz-de-la-dsp-la-fata-locului-basculante-in-loc-de-ambulante\/#breadcrumb","itemListElement":[{"@type":"ListItem","position":1,"name":"Acas\u0103","item":"https:\/\/buletin.de\/bucuresti\/"},{"@type":"ListItem","position":2,"name":"Spitalul modular COVID-19, inaugurat acum trei luni de Gabriela Firea, nu are aviz de la DSP. La fa\u021ba locului, basculante \u00een loc de ambulan\u021be"}]},{"@type":"WebSite","@id":"https:\/\/buletin.de\/bucuresti\/#website","url":"https:\/\/buletin.de\/bucuresti\/","name":"Buletin de Bucure\u0219ti","description":"\u0218tiri \u0219i investiga\u021bii esen\u021biale din capital\u0103","publisher":{"@id":"https:\/\/buletin.de\/bucuresti\/#organization"},"potentialAction":[{"@type":"SearchAction","target":{"@type":"EntryPoint","urlTemplate":"https:\/\/buletin.de\/bucuresti\/?s={search_term_string}"},"query-input":{"@type":"PropertyValueSpecification","valueRequired":true,"valueName":"search_term_string"}}],"inLanguage":"en-GB"},{"@type":"Organization","@id":"https:\/\/buletin.de\/bucuresti\/#organization","name":"Buletin de Bucure\u0219ti","url":"https:\/\/buletin.de\/bucuresti\/","logo":{"@type":"ImageObject","inLanguage":"en-GB","@id":"https:\/\/buletin.de\/bucuresti\/#\/schema\/logo\/image\/","url":"https:\/\/buletin.de\/bucuresti\/wp-content\/uploads\/logo-bdb-full-wide-vernil-transparent.png","contentUrl":"https:\/\/buletin.de\/bucuresti\/wp-content\/uploads\/logo-bdb-full-wide-vernil-transparent.png","width":1782,"height":626,"caption":"Buletin de Bucure\u0219ti"},"image":{"@id":"https:\/\/buletin.de\/bucuresti\/#\/schema\/logo\/image\/"},"sameAs":["https:\/\/www.facebook.com\/buletin.de.buc","https:\/\/www.instagram.com\/buletinde.bucuresti\/"]},{"@type":"Person","@id":"https:\/\/buletin.de\/bucuresti\/#\/schema\/person\/31117187ed4d0bdb0a4c7d6acc79d0f8","name":"C\u0103t\u0103lin Dosca\u0219","image":{"@type":"ImageObject","inLanguage":"en-GB","@id":"https:\/\/buletin.de\/bucuresti\/wp-content\/uploads\/Catalin-Doscas-e1732731064764-96x96.jpga93e2943bb3b1c1f9ead823df6e6317a","url":"https:\/\/buletin.de\/bucuresti\/wp-content\/uploads\/Catalin-Doscas-e1732731064764-96x96.jpg","contentUrl":"https:\/\/buletin.de\/bucuresti\/wp-content\/uploads\/Catalin-Doscas-e1732731064764-96x96.jpg","caption":"C\u0103t\u0103lin Dosca\u0219"},"description":"Reporter \u0219i redactor-\u0219ef Buletin de Bucure\u0219ti. Lucreaz\u0103 \u00een mass-media de la v\u00e2rsta de 15 ani, c\u00e2nd a publicat primele articole \u00een presa local\u0103 din Tecuci. \u00cen Bucure\u0219ti a lucrat \u00een redac\u021bii radio ca reporter, redactor \u0219i prezentator (StudentFM, Na\u021bionalFM, Radio Total, Smart FM), unde a acoperit domeniile politic, economic, social \u0219i externe. Ulterior, a fost editor-coordonator al postului Realitatea FM. Experien\u021ba \u00een jurnalismul online a dob\u00e2ndit-o la portalul B365.ro, unde a fost editor. \u00cen 2012 s-a angajat \u00een televiziune. La Realitatea TV a fost, pe r\u00e2nd, reporter la sec\u021bia Social, reporter special la emisiunea de reportaje \u0219i anchete \u201eReporterii Realit\u0103\u021bii\u201d, dar \u0219i editor al jurnalelor de \u0219tiri. Ulterior, a f\u0103cut parte din sec\u021bia de Investiga\u021bii de la Digi24 \u0219i a lucrat la campania \u201eRom\u00e2nia furat\u0103\u201d. A revenit \u00een presa scris\u0103 \u00een 2017, ca reporter special, \u00een cadrul unui proiect de repozi\u021bionare a tabloidului Libertatea \u00een cotidian generalist. Este jurnalist Buletin de Bucure\u0219ti din 2019.","url":"https:\/\/buletin.de\/bucuresti\/author\/catalin\/"}]}},"authors":[{"term_id":22575,"user_id":10,"is_guest":0,"slug":"catalin","display_name":"C\u0103t\u0103lin Dosca\u0219","avatar_url":"https:\/\/buletin.de\/bucuresti\/wp-content\/uploads\/Catalin-Doscas-e1732731064764-96x96.jpg","0":null,"1":"","2":"","3":"","4":"","5":"","6":"","7":"","8":""}],"_links":{"self":[{"href":"https:\/\/buletin.de\/bucuresti\/wp-json\/wp\/v2\/posts\/9981","targetHints":{"allow":["GET"]}}],"collection":[{"href":"https:\/\/buletin.de\/bucuresti\/wp-json\/wp\/v2\/posts"}],"about":[{"href":"https:\/\/buletin.de\/bucuresti\/wp-json\/wp\/v2\/types\/post"}],"author":[{"embeddable":true,"href":"https:\/\/buletin.de\/bucuresti\/wp-json\/wp\/v2\/users\/10"}],"replies":[{"embeddable":true,"href":"https:\/\/buletin.de\/bucuresti\/wp-json\/wp\/v2\/comments?post=9981"}],"version-history":[{"count":5,"href":"https:\/\/buletin.de\/bucuresti\/wp-json\/wp\/v2\/posts\/9981\/revisions"}],"predecessor-version":[{"id":9999,"href":"https:\/\/buletin.de\/bucuresti\/wp-json\/wp\/v2\/posts\/9981\/revisions\/9999"}],"wp:featuredmedia":[{"embeddable":true,"href":"https:\/\/buletin.de\/bucuresti\/wp-json\/wp\/v2\/media\/9986"}],"wp:attachment":[{"href":"https:\/\/buletin.de\/bucuresti\/wp-json\/wp\/v2\/media?parent=9981"}],"wp:term":[{"taxonomy":"category","embeddable":true,"href":"https:\/\/buletin.de\/bucuresti\/wp-json\/wp\/v2\/categories?post=9981"},{"taxonomy":"post_tag","embeddable":true,"href":"https:\/\/buletin.de\/bucuresti\/wp-json\/wp\/v2\/tags?post=9981"},{"taxonomy":"author","embeddable":true,"href":"https:\/\/buletin.de\/bucuresti\/wp-json\/wp\/v2\/ppma_author?post=9981"}],"curies":[{"name":"wp","href":"https:\/\/api.w.org\/{rel}","templated":true}]}}