{"id":9975,"date":"2020-08-03T17:39:41","date_gmt":"2020-08-03T14:39:41","guid":{"rendered":"https:\/\/buletin.de\/bucuresti\/?p=9975"},"modified":"2020-08-03T17:39:41","modified_gmt":"2020-08-03T14:39:41","slug":"harta-interactiva-masca-devine-obligatorie-in-zonele-aglomerate-din-bucuresti","status":"publish","type":"post","link":"https:\/\/buletin.de\/bucuresti\/harta-interactiva-masca-devine-obligatorie-in-zonele-aglomerate-din-bucuresti\/","title":{"rendered":"HART\u0102 INTERACTIV\u0102 | Masca devine obligatorie \u00een zonele aglomerate din Bucure\u0219ti"},"content":{"rendered":"\n<p><strong>Municipiul Bucure\u0219ti se al\u0103tur\u0103 celor 19 jude\u021be unde masca a devenit obligatorie \u0219i \u00een spa\u021biile exterioare. Am f\u0103cut o hart\u0103 interactiv\u0103 a jude\u021belor care au introdus m\u0103suri suplimentare pentru a combate r\u0103sp\u00e2ndirea noului coronavirus, pe care o vom actualiza pe m\u0103sur\u0103 ce apar modific\u0103ri din partea autorit\u0103\u021bilor.<\/strong><\/p>\n\n\n\n<p>\u00cencep\u00e2nd de m\u00e2ine, purtarea m\u0103\u0219tii este obligatorie \u00een Bucure\u0219ti \u00een zonele pietonale din Centrul Vechi, la spectacolele \u00een aer liber \u0219i \u00een zonele de a\u0219teptare pentru pasageri (g\u0103ri, autog\u0103ri etc.).Obligtivitatea purt\u0103rii m\u0103\u0219tii \u00een Bucure\u0219ti a fost decis\u0103 ast\u0103zi de c\u0103tre Comitetului Municipal pentru Situa\u021bii de Urgen\u021b\u0103, intr\u00e2nd \u00een aplicare de m\u00e2ine.<\/p>\n\n\n\n<p>Pe l\u00e2ng\u0103 Bucure\u0219ti, Hunedoara, Timi\u0219, Gorj, Sibiu \u0219i Dolj sunt ultimele jude\u021be care au introdus m\u0103suri supliementare. \u00cen total, peste 20 de jude\u021be au impus purtarea obligatorie a m\u0103\u0219tii \u0219i \u00een spa\u021bii exterioare, dup\u0103 ce Guvernul a dat comitetelor jude\u021bene pentru sita\u021bii de urgen\u021b\u0103 responsabilitatea de a decide condi\u021biile noilor restric\u021bii \u00een perioada urm\u0103toare.<\/p>\n\n\n\n<div class=\"infogram-embed\" data-id=\"45beedb2-8ad6-43c3-ae68-6dffdd09d3ed\" data-type=\"interactive\" data-title=\"Masuri-judete-3\"><\/div><script>!function(e,i,n,s){var t=\"InfogramEmbeds\",d=e.getElementsByTagName(\"script\")[0];if(window[t]&&window[t].initialized)window[t].process&&window[t].process();else if(!e.getElementById(n)){var o=e.createElement(\"script\");o.async=1,o.id=n,o.src=\"https:\/\/e.infogram.com\/js\/dist\/embed-loader-min.js\",d.parentNode.insertBefore(o,d)}}(document,0,\"infogram-async\");<\/script>\n\n\n\n<p>Nepuratarea m\u0103\u0219tii at\u00e2t \u00een spa\u021biile \u00eenchise \u0219i mijloacele de transport \u00een comun, c\u00e2t \u0219i \u00een spa\u021biile exterioare precum pie\u021be sau sta\u021bii de autobuz, poate fi sanc\u021bionat\u0103 cu amenzi \u00eentre 500 \u0219i 2500 de lei, conform legii st\u0103rii de alert\u0103.<\/p>\n","protected":false},"excerpt":{"rendered":"<p>Municipiul Bucure\u0219ti se al\u0103tur\u0103 celor 19 jude\u021be unde masca a devenit obligatorie \u0219i \u00een spa\u021biile exterioare. Am f\u0103cut o hart\u0103 interactiv\u0103 a jude\u021belor care au introdus m\u0103suri suplimentare pentru a combate r\u0103sp\u00e2ndirea noului coronavirus, pe care o vom actualiza pe m\u0103sur\u0103 ce apar modific\u0103ri din partea autorit\u0103\u021bilor. \u00cencep\u00e2nd de m\u00e2ine, purtarea m\u0103\u0219tii este obligatorie \u00een [&hellip;]<\/p>\n","protected":false},"author":15,"featured_media":9995,"comment_status":"closed","ping_status":"open","sticky":false,"template":"","format":"standard","meta":{"_acf_changed":false,"inline_featured_image":false,"ngg_post_thumbnail":0,"footnotes":""},"categories":[996,62],"tags":[9,529,643,1158,1035,1080],"ppma_author":[22592],"class_list":["post-9975","post","type-post","status-publish","format-standard","has-post-thumbnail","hentry","category-covid-19","category-stiri","tag-bucuresti","tag-coronavirus","tag-covid19","tag-harta","tag-infografic","tag-masca"],"acf":[],"yoast_head":"<!-- This site is optimized with the Yoast SEO Premium plugin v25.3 (Yoast SEO v27.5) - https:\/\/yoast.com\/product\/yoast-seo-premium-wordpress\/ -->\n<title>HART\u0102 INTERACTIV\u0102 | Masca devine obligatorie \u00een zonele aglomerate din Bucure\u0219ti - Buletin de Bucure\u0219ti<\/title>\n<meta name=\"robots\" content=\"index, follow, max-snippet:-1, max-image-preview:large, max-video-preview:-1\" \/>\n<link rel=\"canonical\" href=\"https:\/\/buletin.de\/bucuresti\/harta-interactiva-masca-devine-obligatorie-in-zonele-aglomerate-din-bucuresti\/\" \/>\n<meta property=\"og:locale\" content=\"en_GB\" \/>\n<meta property=\"og:type\" content=\"article\" \/>\n<meta property=\"og:title\" content=\"HART\u0102 INTERACTIV\u0102 | Masca devine obligatorie \u00een zonele aglomerate din Bucure\u0219ti\" \/>\n<meta property=\"og:description\" content=\"Municipiul Bucure\u0219ti se al\u0103tur\u0103 celor 19 jude\u021be unde masca a devenit obligatorie \u0219i \u00een spa\u021biile exterioare. Am f\u0103cut o hart\u0103 interactiv\u0103 a jude\u021belor care au introdus m\u0103suri suplimentare pentru a combate r\u0103sp\u00e2ndirea noului coronavirus, pe care o vom actualiza pe m\u0103sur\u0103 ce apar modific\u0103ri din partea autorit\u0103\u021bilor. \u00cencep\u00e2nd de m\u00e2ine, purtarea m\u0103\u0219tii este obligatorie \u00een [&hellip;]\" \/>\n<meta property=\"og:url\" content=\"https:\/\/buletin.de\/bucuresti\/harta-interactiva-masca-devine-obligatorie-in-zonele-aglomerate-din-bucuresti\/\" \/>\n<meta property=\"og:site_name\" content=\"Buletin de Bucure\u0219ti\" \/>\n<meta property=\"article:publisher\" content=\"https:\/\/www.facebook.com\/buletin.de.buc\" \/>\n<meta property=\"article:published_time\" content=\"2020-08-03T14:39:41+00:00\" \/>\n<meta property=\"og:image\" content=\"https:\/\/buletin.de\/bucuresti\/wp-content\/uploads\/Screen-Shot-2020-08-03-at-17.31.10.png\" \/>\n\t<meta property=\"og:image:width\" content=\"1042\" \/>\n\t<meta property=\"og:image:height\" content=\"764\" \/>\n\t<meta property=\"og:image:type\" content=\"image\/png\" \/>\n<meta name=\"author\" content=\"Irina Anghel\" \/>\n<meta name=\"twitter:card\" content=\"summary_large_image\" \/>\n<meta name=\"twitter:label1\" content=\"Written by\" \/>\n\t<meta name=\"twitter:data1\" content=\"Irina Anghel\" \/>\n\t<meta name=\"twitter:label2\" content=\"Estimated reading time\" \/>\n\t<meta name=\"twitter:data2\" content=\"1 minute\" \/>\n<script type=\"application\/ld+json\" class=\"yoast-schema-graph\">{\"@context\":\"https:\\\/\\\/schema.org\",\"@graph\":[{\"@type\":\"Article\",\"@id\":\"https:\\\/\\\/buletin.de\\\/bucuresti\\\/harta-interactiva-masca-devine-obligatorie-in-zonele-aglomerate-din-bucuresti\\\/#article\",\"isPartOf\":{\"@id\":\"https:\\\/\\\/buletin.de\\\/bucuresti\\\/harta-interactiva-masca-devine-obligatorie-in-zonele-aglomerate-din-bucuresti\\\/\"},\"author\":{\"name\":\"Irina Anghel\",\"@id\":\"https:\\\/\\\/buletin.de\\\/bucuresti\\\/#\\\/schema\\\/person\\\/7a01591ad05c4d2c7261fe7f0383d2af\"},\"headline\":\"HART\u0102 INTERACTIV\u0102 | Masca devine obligatorie \u00een zonele aglomerate din Bucure\u0219ti\",\"datePublished\":\"2020-08-03T14:39:41+00:00\",\"mainEntityOfPage\":{\"@id\":\"https:\\\/\\\/buletin.de\\\/bucuresti\\\/harta-interactiva-masca-devine-obligatorie-in-zonele-aglomerate-din-bucuresti\\\/\"},\"wordCount\":247,\"publisher\":{\"@id\":\"https:\\\/\\\/buletin.de\\\/bucuresti\\\/#organization\"},\"image\":{\"@id\":\"https:\\\/\\\/buletin.de\\\/bucuresti\\\/harta-interactiva-masca-devine-obligatorie-in-zonele-aglomerate-din-bucuresti\\\/#primaryimage\"},\"thumbnailUrl\":\"https:\\\/\\\/buletin.de\\\/bucuresti\\\/wp-content\\\/uploads\\\/Screen-Shot-2020-08-03-at-17.31.10.png\",\"keywords\":[\"bucuresti\",\"coronavirus\",\"covid19\",\"harta\",\"infografic\",\"masca\"],\"articleSection\":[\"Covid-19\",\"\u0218tiri\"],\"inLanguage\":\"en-GB\",\"copyrightYear\":\"2020\",\"copyrightHolder\":{\"@id\":\"https:\\\/\\\/buletin.de\\\/bucuresti\\\/#organization\"}},{\"@type\":\"WebPage\",\"@id\":\"https:\\\/\\\/buletin.de\\\/bucuresti\\\/harta-interactiva-masca-devine-obligatorie-in-zonele-aglomerate-din-bucuresti\\\/\",\"url\":\"https:\\\/\\\/buletin.de\\\/bucuresti\\\/harta-interactiva-masca-devine-obligatorie-in-zonele-aglomerate-din-bucuresti\\\/\",\"name\":\"HART\u0102 INTERACTIV\u0102 | Masca devine obligatorie \u00een zonele aglomerate din Bucure\u0219ti - Buletin de Bucure\u0219ti\",\"isPartOf\":{\"@id\":\"https:\\\/\\\/buletin.de\\\/bucuresti\\\/#website\"},\"primaryImageOfPage\":{\"@id\":\"https:\\\/\\\/buletin.de\\\/bucuresti\\\/harta-interactiva-masca-devine-obligatorie-in-zonele-aglomerate-din-bucuresti\\\/#primaryimage\"},\"image\":{\"@id\":\"https:\\\/\\\/buletin.de\\\/bucuresti\\\/harta-interactiva-masca-devine-obligatorie-in-zonele-aglomerate-din-bucuresti\\\/#primaryimage\"},\"thumbnailUrl\":\"https:\\\/\\\/buletin.de\\\/bucuresti\\\/wp-content\\\/uploads\\\/Screen-Shot-2020-08-03-at-17.31.10.png\",\"datePublished\":\"2020-08-03T14:39:41+00:00\",\"breadcrumb\":{\"@id\":\"https:\\\/\\\/buletin.de\\\/bucuresti\\\/harta-interactiva-masca-devine-obligatorie-in-zonele-aglomerate-din-bucuresti\\\/#breadcrumb\"},\"inLanguage\":\"en-GB\",\"potentialAction\":[{\"@type\":\"ReadAction\",\"target\":[\"https:\\\/\\\/buletin.de\\\/bucuresti\\\/harta-interactiva-masca-devine-obligatorie-in-zonele-aglomerate-din-bucuresti\\\/\"]}]},{\"@type\":\"ImageObject\",\"inLanguage\":\"en-GB\",\"@id\":\"https:\\\/\\\/buletin.de\\\/bucuresti\\\/harta-interactiva-masca-devine-obligatorie-in-zonele-aglomerate-din-bucuresti\\\/#primaryimage\",\"url\":\"https:\\\/\\\/buletin.de\\\/bucuresti\\\/wp-content\\\/uploads\\\/Screen-Shot-2020-08-03-at-17.31.10.png\",\"contentUrl\":\"https:\\\/\\\/buletin.de\\\/bucuresti\\\/wp-content\\\/uploads\\\/Screen-Shot-2020-08-03-at-17.31.10.png\",\"width\":1042,\"height\":764},{\"@type\":\"BreadcrumbList\",\"@id\":\"https:\\\/\\\/buletin.de\\\/bucuresti\\\/harta-interactiva-masca-devine-obligatorie-in-zonele-aglomerate-din-bucuresti\\\/#breadcrumb\",\"itemListElement\":[{\"@type\":\"ListItem\",\"position\":1,\"name\":\"Acas\u0103\",\"item\":\"https:\\\/\\\/buletin.de\\\/bucuresti\\\/\"},{\"@type\":\"ListItem\",\"position\":2,\"name\":\"HART\u0102 INTERACTIV\u0102 | Masca devine obligatorie \u00een zonele aglomerate din Bucure\u0219ti\"}]},{\"@type\":\"WebSite\",\"@id\":\"https:\\\/\\\/buletin.de\\\/bucuresti\\\/#website\",\"url\":\"https:\\\/\\\/buletin.de\\\/bucuresti\\\/\",\"name\":\"Buletin de Bucure\u0219ti\",\"description\":\"\u0218tiri \u0219i investiga\u021bii esen\u021biale din capital\u0103\",\"publisher\":{\"@id\":\"https:\\\/\\\/buletin.de\\\/bucuresti\\\/#organization\"},\"potentialAction\":[{\"@type\":\"SearchAction\",\"target\":{\"@type\":\"EntryPoint\",\"urlTemplate\":\"https:\\\/\\\/buletin.de\\\/bucuresti\\\/?s={search_term_string}\"},\"query-input\":{\"@type\":\"PropertyValueSpecification\",\"valueRequired\":true,\"valueName\":\"search_term_string\"}}],\"inLanguage\":\"en-GB\"},{\"@type\":\"Organization\",\"@id\":\"https:\\\/\\\/buletin.de\\\/bucuresti\\\/#organization\",\"name\":\"Buletin de Bucure\u0219ti\",\"url\":\"https:\\\/\\\/buletin.de\\\/bucuresti\\\/\",\"logo\":{\"@type\":\"ImageObject\",\"inLanguage\":\"en-GB\",\"@id\":\"https:\\\/\\\/buletin.de\\\/bucuresti\\\/#\\\/schema\\\/logo\\\/image\\\/\",\"url\":\"https:\\\/\\\/buletin.de\\\/bucuresti\\\/wp-content\\\/uploads\\\/logo-bdb-full-wide-vernil-transparent.png\",\"contentUrl\":\"https:\\\/\\\/buletin.de\\\/bucuresti\\\/wp-content\\\/uploads\\\/logo-bdb-full-wide-vernil-transparent.png\",\"width\":1782,\"height\":626,\"caption\":\"Buletin de Bucure\u0219ti\"},\"image\":{\"@id\":\"https:\\\/\\\/buletin.de\\\/bucuresti\\\/#\\\/schema\\\/logo\\\/image\\\/\"},\"sameAs\":[\"https:\\\/\\\/www.facebook.com\\\/buletin.de.buc\",\"https:\\\/\\\/www.instagram.com\\\/buletinde.bucuresti\\\/\"]},{\"@type\":\"Person\",\"@id\":\"https:\\\/\\\/buletin.de\\\/bucuresti\\\/#\\\/schema\\\/person\\\/7a01591ad05c4d2c7261fe7f0383d2af\",\"name\":\"Irina Anghel\",\"image\":{\"@type\":\"ImageObject\",\"inLanguage\":\"en-GB\",\"@id\":\"https:\\\/\\\/secure.gravatar.com\\\/avatar\\\/e7d429cbd0c7fe915f817961c0ffb96b407bc87e15aa35cee85f77146f8cce7e?s=96&d=monsterid&r=g693374df2a66e3f4935d210ea15b95ff\",\"url\":\"https:\\\/\\\/secure.gravatar.com\\\/avatar\\\/e7d429cbd0c7fe915f817961c0ffb96b407bc87e15aa35cee85f77146f8cce7e?s=96&d=monsterid&r=g\",\"contentUrl\":\"https:\\\/\\\/secure.gravatar.com\\\/avatar\\\/e7d429cbd0c7fe915f817961c0ffb96b407bc87e15aa35cee85f77146f8cce7e?s=96&d=monsterid&r=g\",\"caption\":\"Irina Anghel\"},\"url\":\"https:\\\/\\\/buletin.de\\\/bucuresti\\\/author\\\/irina\\\/\"}]}<\/script>\n<!-- \/ Yoast SEO Premium plugin. -->","yoast_head_json":{"title":"HART\u0102 INTERACTIV\u0102 | Masca devine obligatorie \u00een zonele aglomerate din Bucure\u0219ti - Buletin de Bucure\u0219ti","robots":{"index":"index","follow":"follow","max-snippet":"max-snippet:-1","max-image-preview":"max-image-preview:large","max-video-preview":"max-video-preview:-1"},"canonical":"https:\/\/buletin.de\/bucuresti\/harta-interactiva-masca-devine-obligatorie-in-zonele-aglomerate-din-bucuresti\/","og_locale":"en_GB","og_type":"article","og_title":"HART\u0102 INTERACTIV\u0102 | Masca devine obligatorie \u00een zonele aglomerate din Bucure\u0219ti","og_description":"Municipiul Bucure\u0219ti se al\u0103tur\u0103 celor 19 jude\u021be unde masca a devenit obligatorie \u0219i \u00een spa\u021biile exterioare. Am f\u0103cut o hart\u0103 interactiv\u0103 a jude\u021belor care au introdus m\u0103suri suplimentare pentru a combate r\u0103sp\u00e2ndirea noului coronavirus, pe care o vom actualiza pe m\u0103sur\u0103 ce apar modific\u0103ri din partea autorit\u0103\u021bilor. \u00cencep\u00e2nd de m\u00e2ine, purtarea m\u0103\u0219tii este obligatorie \u00een [&hellip;]","og_url":"https:\/\/buletin.de\/bucuresti\/harta-interactiva-masca-devine-obligatorie-in-zonele-aglomerate-din-bucuresti\/","og_site_name":"Buletin de Bucure\u0219ti","article_publisher":"https:\/\/www.facebook.com\/buletin.de.buc","article_published_time":"2020-08-03T14:39:41+00:00","og_image":[{"width":1042,"height":764,"url":"https:\/\/buletin.de\/bucuresti\/wp-content\/uploads\/Screen-Shot-2020-08-03-at-17.31.10.png","type":"image\/png"}],"author":"Irina Anghel","twitter_card":"summary_large_image","twitter_misc":{"Written by":"Irina Anghel","Estimated reading time":"1 minute"},"schema":{"@context":"https:\/\/schema.org","@graph":[{"@type":"Article","@id":"https:\/\/buletin.de\/bucuresti\/harta-interactiva-masca-devine-obligatorie-in-zonele-aglomerate-din-bucuresti\/#article","isPartOf":{"@id":"https:\/\/buletin.de\/bucuresti\/harta-interactiva-masca-devine-obligatorie-in-zonele-aglomerate-din-bucuresti\/"},"author":{"name":"Irina Anghel","@id":"https:\/\/buletin.de\/bucuresti\/#\/schema\/person\/7a01591ad05c4d2c7261fe7f0383d2af"},"headline":"HART\u0102 INTERACTIV\u0102 | Masca devine obligatorie \u00een zonele aglomerate din Bucure\u0219ti","datePublished":"2020-08-03T14:39:41+00:00","mainEntityOfPage":{"@id":"https:\/\/buletin.de\/bucuresti\/harta-interactiva-masca-devine-obligatorie-in-zonele-aglomerate-din-bucuresti\/"},"wordCount":247,"publisher":{"@id":"https:\/\/buletin.de\/bucuresti\/#organization"},"image":{"@id":"https:\/\/buletin.de\/bucuresti\/harta-interactiva-masca-devine-obligatorie-in-zonele-aglomerate-din-bucuresti\/#primaryimage"},"thumbnailUrl":"https:\/\/buletin.de\/bucuresti\/wp-content\/uploads\/Screen-Shot-2020-08-03-at-17.31.10.png","keywords":["bucuresti","coronavirus","covid19","harta","infografic","masca"],"articleSection":["Covid-19","\u0218tiri"],"inLanguage":"en-GB","copyrightYear":"2020","copyrightHolder":{"@id":"https:\/\/buletin.de\/bucuresti\/#organization"}},{"@type":"WebPage","@id":"https:\/\/buletin.de\/bucuresti\/harta-interactiva-masca-devine-obligatorie-in-zonele-aglomerate-din-bucuresti\/","url":"https:\/\/buletin.de\/bucuresti\/harta-interactiva-masca-devine-obligatorie-in-zonele-aglomerate-din-bucuresti\/","name":"HART\u0102 INTERACTIV\u0102 | Masca devine obligatorie \u00een zonele aglomerate din Bucure\u0219ti - Buletin de Bucure\u0219ti","isPartOf":{"@id":"https:\/\/buletin.de\/bucuresti\/#website"},"primaryImageOfPage":{"@id":"https:\/\/buletin.de\/bucuresti\/harta-interactiva-masca-devine-obligatorie-in-zonele-aglomerate-din-bucuresti\/#primaryimage"},"image":{"@id":"https:\/\/buletin.de\/bucuresti\/harta-interactiva-masca-devine-obligatorie-in-zonele-aglomerate-din-bucuresti\/#primaryimage"},"thumbnailUrl":"https:\/\/buletin.de\/bucuresti\/wp-content\/uploads\/Screen-Shot-2020-08-03-at-17.31.10.png","datePublished":"2020-08-03T14:39:41+00:00","breadcrumb":{"@id":"https:\/\/buletin.de\/bucuresti\/harta-interactiva-masca-devine-obligatorie-in-zonele-aglomerate-din-bucuresti\/#breadcrumb"},"inLanguage":"en-GB","potentialAction":[{"@type":"ReadAction","target":["https:\/\/buletin.de\/bucuresti\/harta-interactiva-masca-devine-obligatorie-in-zonele-aglomerate-din-bucuresti\/"]}]},{"@type":"ImageObject","inLanguage":"en-GB","@id":"https:\/\/buletin.de\/bucuresti\/harta-interactiva-masca-devine-obligatorie-in-zonele-aglomerate-din-bucuresti\/#primaryimage","url":"https:\/\/buletin.de\/bucuresti\/wp-content\/uploads\/Screen-Shot-2020-08-03-at-17.31.10.png","contentUrl":"https:\/\/buletin.de\/bucuresti\/wp-content\/uploads\/Screen-Shot-2020-08-03-at-17.31.10.png","width":1042,"height":764},{"@type":"BreadcrumbList","@id":"https:\/\/buletin.de\/bucuresti\/harta-interactiva-masca-devine-obligatorie-in-zonele-aglomerate-din-bucuresti\/#breadcrumb","itemListElement":[{"@type":"ListItem","position":1,"name":"Acas\u0103","item":"https:\/\/buletin.de\/bucuresti\/"},{"@type":"ListItem","position":2,"name":"HART\u0102 INTERACTIV\u0102 | Masca devine obligatorie \u00een zonele aglomerate din Bucure\u0219ti"}]},{"@type":"WebSite","@id":"https:\/\/buletin.de\/bucuresti\/#website","url":"https:\/\/buletin.de\/bucuresti\/","name":"Buletin de Bucure\u0219ti","description":"\u0218tiri \u0219i investiga\u021bii esen\u021biale din capital\u0103","publisher":{"@id":"https:\/\/buletin.de\/bucuresti\/#organization"},"potentialAction":[{"@type":"SearchAction","target":{"@type":"EntryPoint","urlTemplate":"https:\/\/buletin.de\/bucuresti\/?s={search_term_string}"},"query-input":{"@type":"PropertyValueSpecification","valueRequired":true,"valueName":"search_term_string"}}],"inLanguage":"en-GB"},{"@type":"Organization","@id":"https:\/\/buletin.de\/bucuresti\/#organization","name":"Buletin de Bucure\u0219ti","url":"https:\/\/buletin.de\/bucuresti\/","logo":{"@type":"ImageObject","inLanguage":"en-GB","@id":"https:\/\/buletin.de\/bucuresti\/#\/schema\/logo\/image\/","url":"https:\/\/buletin.de\/bucuresti\/wp-content\/uploads\/logo-bdb-full-wide-vernil-transparent.png","contentUrl":"https:\/\/buletin.de\/bucuresti\/wp-content\/uploads\/logo-bdb-full-wide-vernil-transparent.png","width":1782,"height":626,"caption":"Buletin de Bucure\u0219ti"},"image":{"@id":"https:\/\/buletin.de\/bucuresti\/#\/schema\/logo\/image\/"},"sameAs":["https:\/\/www.facebook.com\/buletin.de.buc","https:\/\/www.instagram.com\/buletinde.bucuresti\/"]},{"@type":"Person","@id":"https:\/\/buletin.de\/bucuresti\/#\/schema\/person\/7a01591ad05c4d2c7261fe7f0383d2af","name":"Irina Anghel","image":{"@type":"ImageObject","inLanguage":"en-GB","@id":"https:\/\/secure.gravatar.com\/avatar\/e7d429cbd0c7fe915f817961c0ffb96b407bc87e15aa35cee85f77146f8cce7e?s=96&d=monsterid&r=g693374df2a66e3f4935d210ea15b95ff","url":"https:\/\/secure.gravatar.com\/avatar\/e7d429cbd0c7fe915f817961c0ffb96b407bc87e15aa35cee85f77146f8cce7e?s=96&d=monsterid&r=g","contentUrl":"https:\/\/secure.gravatar.com\/avatar\/e7d429cbd0c7fe915f817961c0ffb96b407bc87e15aa35cee85f77146f8cce7e?s=96&d=monsterid&r=g","caption":"Irina Anghel"},"url":"https:\/\/buletin.de\/bucuresti\/author\/irina\/"}]}},"authors":[{"term_id":22592,"user_id":15,"is_guest":0,"slug":"irina","display_name":"Irina Anghel","avatar_url":"https:\/\/secure.gravatar.com\/avatar\/e7d429cbd0c7fe915f817961c0ffb96b407bc87e15aa35cee85f77146f8cce7e?s=96&d=monsterid&r=g","0":null,"1":"","2":"","3":"","4":"","5":"","6":"","7":"","8":""}],"_links":{"self":[{"href":"https:\/\/buletin.de\/bucuresti\/wp-json\/wp\/v2\/posts\/9975","targetHints":{"allow":["GET"]}}],"collection":[{"href":"https:\/\/buletin.de\/bucuresti\/wp-json\/wp\/v2\/posts"}],"about":[{"href":"https:\/\/buletin.de\/bucuresti\/wp-json\/wp\/v2\/types\/post"}],"author":[{"embeddable":true,"href":"https:\/\/buletin.de\/bucuresti\/wp-json\/wp\/v2\/users\/15"}],"replies":[{"embeddable":true,"href":"https:\/\/buletin.de\/bucuresti\/wp-json\/wp\/v2\/comments?post=9975"}],"version-history":[{"count":5,"href":"https:\/\/buletin.de\/bucuresti\/wp-json\/wp\/v2\/posts\/9975\/revisions"}],"predecessor-version":[{"id":9998,"href":"https:\/\/buletin.de\/bucuresti\/wp-json\/wp\/v2\/posts\/9975\/revisions\/9998"}],"wp:featuredmedia":[{"embeddable":true,"href":"https:\/\/buletin.de\/bucuresti\/wp-json\/wp\/v2\/media\/9995"}],"wp:attachment":[{"href":"https:\/\/buletin.de\/bucuresti\/wp-json\/wp\/v2\/media?parent=9975"}],"wp:term":[{"taxonomy":"category","embeddable":true,"href":"https:\/\/buletin.de\/bucuresti\/wp-json\/wp\/v2\/categories?post=9975"},{"taxonomy":"post_tag","embeddable":true,"href":"https:\/\/buletin.de\/bucuresti\/wp-json\/wp\/v2\/tags?post=9975"},{"taxonomy":"author","embeddable":true,"href":"https:\/\/buletin.de\/bucuresti\/wp-json\/wp\/v2\/ppma_author?post=9975"}],"curies":[{"name":"wp","href":"https:\/\/api.w.org\/{rel}","templated":true}]}}