{"id":99741,"date":"2024-09-26T16:00:38","date_gmt":"2024-09-26T13:00:38","guid":{"rendered":"https:\/\/buletin.de\/bucuresti\/?p=99741"},"modified":"2024-09-30T11:50:11","modified_gmt":"2024-09-30T08:50:11","slug":"peste-257-000-de-lei-cheltuiti-doar-pentru-plantele-ornamentale-de-pe-podul-lui-negoita","status":"publish","type":"post","link":"https:\/\/buletin.de\/bucuresti\/peste-257-000-de-lei-cheltuiti-doar-pentru-plantele-ornamentale-de-pe-podul-lui-negoita\/","title":{"rendered":"Peste 257.000 de lei cheltui\u021bi doar pentru plantele ornamentale de pe podul lui Negoi\u021b\u0103"},"content":{"rendered":"\n<p><strong>Peste 257.000 de lei din bani publici cost\u0103 jardinierele \u0219i plantele ornamentale de pe podul lui Negoi\u021b\u0103, potrivit devizului actualizat ata\u0219at la hot\u0103r\u00e2rea prin care s-au aprobat cheltuielile efectuate de Prim\u0103ria Sectorului 3 pentru trecerea peste D\u00e2mbovi\u021ba construit\u0103 \u00een dreptul str\u0103zii Drumul Lunca Priporului.<\/strong><\/p>\n\n\n\n<p>Astfel, <a href=\"https:\/\/www.primarie3.ro\/images\/uploads\/consiliu_local\/Punctul_10_din_26.09.2024.pdf\" target=\"_blank\" rel=\"noreferrer noopener\">conform documentului<\/a>, pentru cofrajele necesare construirii jardinierelor, au fost aloca\u021bi peste 79.000 de lei, pentru betonul b\u0103gat \u00een respectivele cofraje \u00eenc\u0103 circa 41.000 de lei, iar pentru arm\u0103turi 86.747 de lei. <\/p>\n\n\n\n<p>P\u00e2m\u00e2ntul pus \u00een jardinierele de la noul pod peste D\u00e2mbovi\u021ba i-a costat pe locuitorii Sectorului 3 \u00eenc\u0103 12.000 de lei, iar plantele ornamentale puse \u00een p\u0103m\u00e2nt au mai scos \u00eenc\u0103 11.739 de lei.<\/p>\n\n\n\n<p>\u00cen total, doar pentru florile \u0219i arbu\u0219tii planta\u021bi pe marginea construc\u021biei care face leg\u0103tura \u00eentre Sectorul 3 \u0219i cartierele reziden\u021biale construite dincolo de r\u00e2u, Prim\u0103ria a cheltuit 257.774 de lei.<\/p>\n\n\n\n<h2 class=\"wp-block-heading\" id=\"h-plantele-ornamentale-de-pe-podul-lui-negoi\u021ba-construit-fara-autoriza\u021bie-de-la-primaria-generala\">Plantele ornamentale de pe podul lui Negoi\u021b\u0103 construit f\u0103r\u0103 autoriza\u021bie de la Prim\u0103ria General\u0103<\/h2>\n\n\n\n<p>\u201ePentru acest pod nu exist\u0103 autoriza\u021bie de construc\u021bie legal emis\u0103, iar cei de la Apele Rom\u00e2ne protejeaz\u0103 infractorii. \u00cen plus, varianta modern\u0103 a unei vorbe din popor este \u00abNumele primarului pe toate jardinierele\u00bb. <\/p>\n\n\n\n<p><strong>Ne ia ame\u021beala c\u00e2nd vedem aliniate jardinierele cu sigla RSN, adic\u0103 ini\u021bialele Robert Sorin Negoi\u021b\u0103<\/strong>\u201d, a precizat activistul civic Marian \u0218teic\u0103, \u00een cadrul \u0219edin\u021bei Consiliului Local al Sectorului 3 \u00een care s-a adoptat actualizarea devizului pentru podul de peste D\u00e2mbovi\u021ba de la Lunca Priporului.<\/p>\n\n\n\n<p><strong>\u0218i Constantin Neagu, consilier local PNL, a atras aten\u021bia c\u0103 podul nu poate fi recep\u021bionat, din moment ce nu exist\u0103 autoriza\u021bii de construc\u021bie de la Prim\u0103ria General\u0103, iar Prim\u0103ria Sector 3 nu avea dreptul s\u0103 construiasc\u0103 pe splaiul D\u00e2mbovi\u021bei.<\/strong><\/p>\n\n\n\n<p>\u201eNoi am cerut transferarea administr\u0103rii splaiului D\u00e2mbovi\u021bei de dou\u0103 ori. O dat\u0103 \u00een 2019 \u0219i acum, la \u00eenceputul anului. Splaiul este \u00eentr-o stare groaznic\u0103, avem sesiz\u0103ri vizavi de tot felul de accidente, de cum arat\u0103 malurile, pline de buruieni. <\/p>\n\n\n\n<p>Vizavi de pod, acesta a fost construit exclusiv pe suprafa\u021ba cedat\u0103 de Apele Rom\u00e2ne. Nu am dep\u0103\u0219it un metru aceast\u0103 suprafa\u021b\u0103. Nu este nimic ilegal\u201d, a explicat Marius Popescu, din aparatul de specialitate al Prim\u0103riei Sectorului 3.<\/p>\n\n\n\n<p><strong>\u201eCe treab\u0103 au Apele Rom\u00e2ne cu Splaiul Unirii? Dumneavoastr\u0103 a\u021bi dat \u00een func\u021biune un pod care se conecteaz\u0103 pe ambele maluri cu acest splai asupra c\u0103ruia nu avem voie s\u0103 intervenim\u201d, a replicat consilierul local Constantin Neagu, care a vrut s\u0103 afle cum a fost recep\u021bionat podul \u00een aceste condi\u021bii. <\/strong><\/p>\n\n\n\n<p>Marius Popescu a afirmat c\u0103 procesul de recep\u021bie abia a \u00eenceput \u0219i mai dureaz\u0103.<\/p>\n\n\n\n<p>Hot\u0103r\u00e2rea de actualizarea a devizului pentru podului de peste D\u00e2mbovi\u021ba a fost adoptat cu 15 voturi pentru, 6 \u00eempotriv\u0103 \u0219i 3 ab\u021bineri.<\/p>\n\n\n\n<iframe width=\"560\" height=\"315\" src=\"https:\/\/www.youtube.com\/embed\/eBtONycxLw4?si=atbOk_R-vIWSPIRD&amp;start=6980\" title=\"YouTube video player\" frameborder=\"0\" allow=\"accelerometer; autoplay; clipboard-write; encrypted-media; gyroscope; picture-in-picture; web-share\" referrerpolicy=\"strict-origin-when-cross-origin\" allowfullscreen><\/iframe>\n\n\n\n<p>CITE\u0218TE \u0218I: <strong><a href=\"https:\/\/buletin.de\/bucuresti\/video-culisele-afacerii-sfinte-din-voluntari-cum-strange-primaria-lui-pandele-8-000-de-pelerini-pentru-deplasarea-la-moastele-sf-parascheva\/\" target=\"_blank\" rel=\"noreferrer noopener\">VIDEO | Culisele \u201eAfacerii Sfinte\u201d din Voluntari. Cum str\u00e2nge Prim\u0103ria lui Pandele 8.000 de pelerini pentru deplasarea la moa\u0219tele Sf. Parascheva<\/a><\/strong><\/p>\n\n\n\n<h2 class=\"wp-block-heading\" id=\"h-9-milioane-de-lei-costul-total\">9 milioane de lei, costul total<\/h2>\n\n\n\n<p><strong>\u201ePodul lui Negoi\u021b\u0103\u201d de peste D\u00e2mbovi\u021ba, construit \u00een dreptul str\u0103zii Drumul Lunca Priporului, <a href=\"https:\/\/buletin.de\/bucuresti\/podul-lui-negoita-de-peste-dambovita-este-gata-a-fost-deschis-circulatiei\/\" target=\"_blank\" rel=\"noreferrer noopener\">a fost deschis pentru circula\u021bia rutier\u0103 <\/a>pe 12 septembrie.<\/strong><\/p>\n\n\n\n<p>Prim\u0103ria Sector 3 s-a l\u0103udat c\u0103 a terminat podul, cu o l\u0103\u021bime total\u0103 de 34,45 m, \u0219i o lungime de 42 m, \u00een doar trei luni.<\/p>\n\n\n\n<p>\u201eParapetele direc\u021bionale sunt completate de jardiniere din beton prefabricat, contribuind la aspectul estetic \u0219i func\u021bional, aici urm\u00e2nd s\u0103 se planteze copaci \u0219i alte plante ornamentale \u00een perioada urm\u0103toare\u201d, men\u021biona institu\u021bia<a href=\"https:\/\/www.facebook.com\/share\/p\/tPGByXBV5kX6XT1C\/\" target=\"_blank\" rel=\"noreferrer noopener\"> \u00een anun\u021bul de deschidere<\/a>.<\/p>\n\n\n\n<p>Lucrarea a costat a costat, \u00een total, 9.320.555,12 lei.<\/p>\n\n\n\n<p>CITE\u0218TE \u0218I: <strong><a href=\"https:\/\/buletin.de\/bucuresti\/podul-lui-negoita-de-peste-dambovita-este-gata-a-fost-deschis-circulatiei\/\" target=\"_blank\" rel=\"noreferrer noopener\">\u201ePodul lui Negoi\u021b\u0103\u201d de peste D\u00e2mbovi\u021ba este gata. A fost deschis circula\u021biei<\/a><\/strong><\/p>\n\n\n\n<h2 class=\"wp-block-heading\" id=\"h-podul-lui-negoi\u021ba-de-peste-dambovi\u021ba-convenabil-pentru-familia-sa\">\u201ePodul lui Negoi\u021b\u0103\u201d de peste D\u00e2mbovi\u021ba, convenabil pentru familia sa<\/h2>\n\n\n\n<p><strong>Buletin de Bucure\u0219ti a scris c\u0103 lucrarea a fost efectuat\u0103 de compania Algorithm Residential, \u00een condi\u021biile \u00een care podul este construit \u00een dreptul mai multor complexe reziden\u0163iale de\u0163inute de familia Negoi\u0163\u0103.<\/strong><\/p>\n\n\n\n<p>Proiectul a fost votat la \u00eenceputul lunii februarie, dup\u0103 mai multe s\u0103pt\u0103m\u00e2ni de scandal, \u00een care consilierii de Opozi\u0163ie au recurs inclusiv la neasigurarea cvorumului de \u015fedin\u0163\u0103 pentru a bloca proiectul. <\/p>\n\n\n\n<p>Controversa vine din faptul c\u0103 vizavi de Lunca Priporului, care se intersecteaz\u0103 cu Splaiul Unirii, stau salb\u0103 mai multe proiecte imobiliare ale familiei Negoi\u0163\u0103, precum Confort City, Trend Residence ori Hils Splai.<\/p>\n\n\n\n<p>Apropierea convenabil\u0103 de proiectele imobiliare ale familiei Negoi\u021b\u0103 a fost motivul pentru care, \u00een momentul \u00een care a fost supus la vot \u00een Consiliul Local al Sectorului 3, doar consilierii din partea PSD \u015fi PB2020 (partidul \u00eenfiin\u0163at de Robert Negoi\u0163\u0103) au votat \u00een unanimitate DA. <\/p>\n\n\n\n<p><strong>Liberalii au avut 3 voturi de DA, 1 NU, iar doi consilieri nu au votat. Un consilier PMP nu a votat, iar cel\u0103lalt a votat DA. Consilierii USR ori nu au votat, ori au votat NU.<\/strong><\/p>\n\n\n\n<p>CITE\u0218TE \u0218I: <strong><a href=\"https:\/\/buletin.de\/bucuresti\/sector-3-pod-peste-dambovita-in-zona-in-care-fratii-negoita-au-interese-imobiliare-este-al-doilea-in-zona-dupa-cel-facut-in-2020\/\" target=\"_blank\" rel=\"noreferrer noopener\">Sector 3 | Pod peste D\u00e2mbovi\u0163a, \u00een zona \u00een care fra\u0163ii Negoi\u0163\u0103 au interese imobiliare. Este al doilea \u00een zon\u0103, dup\u0103 cel f\u0103cut \u00een 2020<\/a><\/strong><\/p>\n\n\n\n<p><br><\/p>\n","protected":false},"excerpt":{"rendered":"<p>Peste 257.000 de lei din bani publici cost\u0103 jardinierele \u0219i plantele ornamentale de pe podul lui Negoi\u021b\u0103, potrivit devizului actualizat ata\u0219at la hot\u0103r\u00e2rea prin care s-au aprobat cheltuielile efectuate de Prim\u0103ria Sectorului 3 pentru trecerea peste D\u00e2mbovi\u021ba construit\u0103 \u00een dreptul str\u0103zii Drumul Lunca Priporului. Astfel, conform documentului, pentru cofrajele necesare construirii jardinierelor, au fost aloca\u021bi [&hellip;]<\/p>\n","protected":false},"author":60,"featured_media":99800,"comment_status":"closed","ping_status":"open","sticky":false,"template":"","format":"standard","meta":{"_acf_changed":false,"inline_featured_image":false,"ngg_post_thumbnail":0,"footnotes":""},"categories":[6994,5762,24],"tags":[15452,2527,14369,13562,440,7642],"ppma_author":[22582],"class_list":["post-99741","post","type-post","status-publish","format-standard","has-post-thumbnail","hentry","category-stiri-2","category-main","category-primarie","tag-cheltuieli-plante-ornamentale","tag-consiliul-local-sector-3","tag-lunca-priporului","tag-podul-lui-negoita","tag-sector-3","tag-splaiul-unirii"],"acf":[],"yoast_head":"<!-- This site is optimized with the Yoast SEO Premium plugin v25.3 (Yoast SEO v27.4) - https:\/\/yoast.com\/product\/yoast-seo-premium-wordpress\/ -->\n<title>Peste 257.000 de lei cheltui\u021bi doar pentru plantele ornamentale de pe podul lui Negoi\u021b\u0103 - Buletin de Bucure\u0219ti<\/title>\n<meta name=\"robots\" content=\"index, follow, max-snippet:-1, max-image-preview:large, max-video-preview:-1\" \/>\n<link rel=\"canonical\" href=\"https:\/\/buletin.de\/bucuresti\/peste-257-000-de-lei-cheltuiti-doar-pentru-plantele-ornamentale-de-pe-podul-lui-negoita\/\" \/>\n<meta property=\"og:locale\" content=\"en_GB\" \/>\n<meta property=\"og:type\" content=\"article\" \/>\n<meta property=\"og:title\" content=\"Peste 257.000 de lei cheltui\u021bi doar pentru plantele ornamentale de pe podul lui Negoi\u021b\u0103\" \/>\n<meta property=\"og:description\" content=\"Peste 257.000 de lei din bani publici cost\u0103 jardinierele \u0219i plantele ornamentale de pe podul lui Negoi\u021b\u0103, potrivit devizului actualizat ata\u0219at la hot\u0103r\u00e2rea prin care s-au aprobat cheltuielile efectuate de Prim\u0103ria Sectorului 3 pentru trecerea peste D\u00e2mbovi\u021ba construit\u0103 \u00een dreptul str\u0103zii Drumul Lunca Priporului. Astfel, conform documentului, pentru cofrajele necesare construirii jardinierelor, au fost aloca\u021bi [&hellip;]\" \/>\n<meta property=\"og:url\" content=\"https:\/\/buletin.de\/bucuresti\/peste-257-000-de-lei-cheltuiti-doar-pentru-plantele-ornamentale-de-pe-podul-lui-negoita\/\" \/>\n<meta property=\"og:site_name\" content=\"Buletin de Bucure\u0219ti\" \/>\n<meta property=\"article:publisher\" content=\"https:\/\/www.facebook.com\/buletin.de.buc\" \/>\n<meta property=\"article:published_time\" content=\"2024-09-26T13:00:38+00:00\" \/>\n<meta property=\"article:modified_time\" content=\"2024-09-30T08:50:11+00:00\" \/>\n<meta property=\"og:image\" content=\"https:\/\/buletin.de\/bucuresti\/wp-content\/uploads\/planteornamentalepodnegoita.jpg\" \/>\n\t<meta property=\"og:image:width\" content=\"1600\" \/>\n\t<meta property=\"og:image:height\" content=\"1066\" \/>\n\t<meta property=\"og:image:type\" content=\"image\/jpeg\" \/>\n<meta name=\"author\" content=\"R\u0103zvan Chiru\u021b\u0103\" \/>\n<meta name=\"twitter:card\" content=\"summary_large_image\" \/>\n<meta name=\"twitter:label1\" content=\"Written by\" \/>\n\t<meta name=\"twitter:data1\" content=\"R\u0103zvan Chiru\u021b\u0103\" \/>\n\t<meta name=\"twitter:label2\" content=\"Estimated reading time\" \/>\n\t<meta name=\"twitter:data2\" content=\"4 minutes\" \/>\n<script type=\"application\/ld+json\" class=\"yoast-schema-graph\">{\"@context\":\"https:\\\/\\\/schema.org\",\"@graph\":[{\"@type\":\"Article\",\"@id\":\"https:\\\/\\\/buletin.de\\\/bucuresti\\\/peste-257-000-de-lei-cheltuiti-doar-pentru-plantele-ornamentale-de-pe-podul-lui-negoita\\\/#article\",\"isPartOf\":{\"@id\":\"https:\\\/\\\/buletin.de\\\/bucuresti\\\/peste-257-000-de-lei-cheltuiti-doar-pentru-plantele-ornamentale-de-pe-podul-lui-negoita\\\/\"},\"author\":{\"name\":\"R\u0103zvan Chiru\u021b\u0103\",\"@id\":\"https:\\\/\\\/buletin.de\\\/bucuresti\\\/#\\\/schema\\\/person\\\/a76df728dfc913795a9d90e346b253bb\"},\"headline\":\"Peste 257.000 de lei cheltui\u021bi doar pentru plantele ornamentale de pe podul lui Negoi\u021b\u0103\",\"datePublished\":\"2024-09-26T13:00:38+00:00\",\"dateModified\":\"2024-09-30T08:50:11+00:00\",\"mainEntityOfPage\":{\"@id\":\"https:\\\/\\\/buletin.de\\\/bucuresti\\\/peste-257-000-de-lei-cheltuiti-doar-pentru-plantele-ornamentale-de-pe-podul-lui-negoita\\\/\"},\"wordCount\":862,\"publisher\":{\"@id\":\"https:\\\/\\\/buletin.de\\\/bucuresti\\\/#organization\"},\"image\":{\"@id\":\"https:\\\/\\\/buletin.de\\\/bucuresti\\\/peste-257-000-de-lei-cheltuiti-doar-pentru-plantele-ornamentale-de-pe-podul-lui-negoita\\\/#primaryimage\"},\"thumbnailUrl\":\"https:\\\/\\\/buletin.de\\\/bucuresti\\\/wp-content\\\/uploads\\\/planteornamentalepodnegoita.jpg\",\"keywords\":[\"cheltuieli plante ornamentale\",\"consiliul local sector 3\",\"lunca priporului\",\"podul lui negoita\",\"Sector 3\",\"Splaiul Unirii\"],\"articleSection\":[\"Articole\",\"Main\",\"Prim\u0103rie\"],\"inLanguage\":\"en-GB\",\"copyrightYear\":\"2024\",\"copyrightHolder\":{\"@id\":\"https:\\\/\\\/buletin.de\\\/bucuresti\\\/#organization\"}},{\"@type\":\"WebPage\",\"@id\":\"https:\\\/\\\/buletin.de\\\/bucuresti\\\/peste-257-000-de-lei-cheltuiti-doar-pentru-plantele-ornamentale-de-pe-podul-lui-negoita\\\/\",\"url\":\"https:\\\/\\\/buletin.de\\\/bucuresti\\\/peste-257-000-de-lei-cheltuiti-doar-pentru-plantele-ornamentale-de-pe-podul-lui-negoita\\\/\",\"name\":\"Peste 257.000 de lei cheltui\u021bi doar pentru plantele ornamentale de pe podul lui Negoi\u021b\u0103 - Buletin de Bucure\u0219ti\",\"isPartOf\":{\"@id\":\"https:\\\/\\\/buletin.de\\\/bucuresti\\\/#website\"},\"primaryImageOfPage\":{\"@id\":\"https:\\\/\\\/buletin.de\\\/bucuresti\\\/peste-257-000-de-lei-cheltuiti-doar-pentru-plantele-ornamentale-de-pe-podul-lui-negoita\\\/#primaryimage\"},\"image\":{\"@id\":\"https:\\\/\\\/buletin.de\\\/bucuresti\\\/peste-257-000-de-lei-cheltuiti-doar-pentru-plantele-ornamentale-de-pe-podul-lui-negoita\\\/#primaryimage\"},\"thumbnailUrl\":\"https:\\\/\\\/buletin.de\\\/bucuresti\\\/wp-content\\\/uploads\\\/planteornamentalepodnegoita.jpg\",\"datePublished\":\"2024-09-26T13:00:38+00:00\",\"dateModified\":\"2024-09-30T08:50:11+00:00\",\"breadcrumb\":{\"@id\":\"https:\\\/\\\/buletin.de\\\/bucuresti\\\/peste-257-000-de-lei-cheltuiti-doar-pentru-plantele-ornamentale-de-pe-podul-lui-negoita\\\/#breadcrumb\"},\"inLanguage\":\"en-GB\",\"potentialAction\":[{\"@type\":\"ReadAction\",\"target\":[\"https:\\\/\\\/buletin.de\\\/bucuresti\\\/peste-257-000-de-lei-cheltuiti-doar-pentru-plantele-ornamentale-de-pe-podul-lui-negoita\\\/\"]}]},{\"@type\":\"ImageObject\",\"inLanguage\":\"en-GB\",\"@id\":\"https:\\\/\\\/buletin.de\\\/bucuresti\\\/peste-257-000-de-lei-cheltuiti-doar-pentru-plantele-ornamentale-de-pe-podul-lui-negoita\\\/#primaryimage\",\"url\":\"https:\\\/\\\/buletin.de\\\/bucuresti\\\/wp-content\\\/uploads\\\/planteornamentalepodnegoita.jpg\",\"contentUrl\":\"https:\\\/\\\/buletin.de\\\/bucuresti\\\/wp-content\\\/uploads\\\/planteornamentalepodnegoita.jpg\",\"width\":1600,\"height\":1066,\"caption\":\"Peste 257.000 de lei cheltui\u021bi pentru plantele ornamentale de pe podul lui Negoi\u021b\u0103. Foto Prim\u0103ria Sectorului 3\"},{\"@type\":\"BreadcrumbList\",\"@id\":\"https:\\\/\\\/buletin.de\\\/bucuresti\\\/peste-257-000-de-lei-cheltuiti-doar-pentru-plantele-ornamentale-de-pe-podul-lui-negoita\\\/#breadcrumb\",\"itemListElement\":[{\"@type\":\"ListItem\",\"position\":1,\"name\":\"Acas\u0103\",\"item\":\"https:\\\/\\\/buletin.de\\\/bucuresti\\\/\"},{\"@type\":\"ListItem\",\"position\":2,\"name\":\"Peste 257.000 de lei cheltui\u021bi doar pentru plantele ornamentale de pe podul lui Negoi\u021b\u0103\"}]},{\"@type\":\"WebSite\",\"@id\":\"https:\\\/\\\/buletin.de\\\/bucuresti\\\/#website\",\"url\":\"https:\\\/\\\/buletin.de\\\/bucuresti\\\/\",\"name\":\"Buletin de Bucure\u0219ti\",\"description\":\"\u0218tiri \u0219i investiga\u021bii esen\u021biale din capital\u0103\",\"publisher\":{\"@id\":\"https:\\\/\\\/buletin.de\\\/bucuresti\\\/#organization\"},\"potentialAction\":[{\"@type\":\"SearchAction\",\"target\":{\"@type\":\"EntryPoint\",\"urlTemplate\":\"https:\\\/\\\/buletin.de\\\/bucuresti\\\/?s={search_term_string}\"},\"query-input\":{\"@type\":\"PropertyValueSpecification\",\"valueRequired\":true,\"valueName\":\"search_term_string\"}}],\"inLanguage\":\"en-GB\"},{\"@type\":\"Organization\",\"@id\":\"https:\\\/\\\/buletin.de\\\/bucuresti\\\/#organization\",\"name\":\"Buletin de Bucure\u0219ti\",\"url\":\"https:\\\/\\\/buletin.de\\\/bucuresti\\\/\",\"logo\":{\"@type\":\"ImageObject\",\"inLanguage\":\"en-GB\",\"@id\":\"https:\\\/\\\/buletin.de\\\/bucuresti\\\/#\\\/schema\\\/logo\\\/image\\\/\",\"url\":\"https:\\\/\\\/buletin.de\\\/bucuresti\\\/wp-content\\\/uploads\\\/logo-bdb-full-wide-vernil-transparent.png\",\"contentUrl\":\"https:\\\/\\\/buletin.de\\\/bucuresti\\\/wp-content\\\/uploads\\\/logo-bdb-full-wide-vernil-transparent.png\",\"width\":1782,\"height\":626,\"caption\":\"Buletin de Bucure\u0219ti\"},\"image\":{\"@id\":\"https:\\\/\\\/buletin.de\\\/bucuresti\\\/#\\\/schema\\\/logo\\\/image\\\/\"},\"sameAs\":[\"https:\\\/\\\/www.facebook.com\\\/buletin.de.buc\",\"https:\\\/\\\/www.instagram.com\\\/buletinde.bucuresti\\\/\"]},{\"@type\":\"Person\",\"@id\":\"https:\\\/\\\/buletin.de\\\/bucuresti\\\/#\\\/schema\\\/person\\\/a76df728dfc913795a9d90e346b253bb\",\"name\":\"R\u0103zvan Chiru\u021b\u0103\",\"image\":{\"@type\":\"ImageObject\",\"inLanguage\":\"en-GB\",\"@id\":\"https:\\\/\\\/buletin.de\\\/bucuresti\\\/wp-content\\\/uploads\\\/Razvan-Chiruta-96x96.jpge7143b996fd4241fbd6ee1f6b6b7b267\",\"url\":\"https:\\\/\\\/buletin.de\\\/bucuresti\\\/wp-content\\\/uploads\\\/Razvan-Chiruta-96x96.jpg\",\"contentUrl\":\"https:\\\/\\\/buletin.de\\\/bucuresti\\\/wp-content\\\/uploads\\\/Razvan-Chiruta-96x96.jpg\",\"caption\":\"R\u0103zvan Chiru\u021b\u0103\"},\"description\":\"R\u0103zvan Chiru\u021b\u0103 este redactor-\u0219ef adjunct din iulie 2024. A fost redactor-\u0219ef al PRESShub \u00eentre 2022 \u0219i iunie 2024. Anterior, a fost redactor-\u0219ef al Newsweek Rom\u00e2nia, din 2018 p\u00e2n\u0103 \u00een 2021, \u0219i al cotidianului Rom\u00e2nia liber\u0103, \u00eentre 2015 \u0219i 2017. Este absolvent de Jurnalism, \u00een cadrul Universit\u0103\u021bii \u201eAl.I.Cuza\u201d din Ia\u0219i, \u0219i a urmat un master \u00een Managementul institu\u021biilor mass-media (f\u0103r\u0103 diserta\u021bie) la Facultatea de Jurnalism \u0219i \u0218tiin\u021bele Comunic\u0103rii din cadrul Universit\u0103\u021bii din Bucure\u0219ti. \u0218i-a \u00eenceput cariera la Opinia studen\u021beasc\u0103, cunoscuta \u0219coal\u0103 de pres\u0103 din Ia\u0219i. A lucrat \u00een presa local\u0103, apoi a devenit corespondent pentru Ia\u0219i al cotidianului Evenimentul Zilei. Din 2004, a coordonat pentru \u0219ase luni sec\u021bia de coresponden\u021bi a Evenimentului Zilei. A mai lucrat la s\u0103pt\u0103m\u00e2nalul Prezent \u0219i a colaborat cu revistele Dilema Veche \u0219i Suplimentul de Cultur\u0103. Este co-autor \u00een volumele \u201eMass-media \u0219i democra\u021bia \u00een Rom\u00e2nia post-comunist\u0103\u201d (ed. a II-a), Ed. Institutul European, Ia\u0219i, 2013, \u0219i \u201eCOVID - 19. Dimensiuni ale gestionarii pandemiei\u201d, Editura Junimea, Ia\u0219i, 2020.\",\"url\":\"https:\\\/\\\/buletin.de\\\/bucuresti\\\/author\\\/razvan-chiruta\\\/\"}]}<\/script>\n<!-- \/ Yoast SEO Premium plugin. -->","yoast_head_json":{"title":"Peste 257.000 de lei cheltui\u021bi doar pentru plantele ornamentale de pe podul lui Negoi\u021b\u0103 - Buletin de Bucure\u0219ti","robots":{"index":"index","follow":"follow","max-snippet":"max-snippet:-1","max-image-preview":"max-image-preview:large","max-video-preview":"max-video-preview:-1"},"canonical":"https:\/\/buletin.de\/bucuresti\/peste-257-000-de-lei-cheltuiti-doar-pentru-plantele-ornamentale-de-pe-podul-lui-negoita\/","og_locale":"en_GB","og_type":"article","og_title":"Peste 257.000 de lei cheltui\u021bi doar pentru plantele ornamentale de pe podul lui Negoi\u021b\u0103","og_description":"Peste 257.000 de lei din bani publici cost\u0103 jardinierele \u0219i plantele ornamentale de pe podul lui Negoi\u021b\u0103, potrivit devizului actualizat ata\u0219at la hot\u0103r\u00e2rea prin care s-au aprobat cheltuielile efectuate de Prim\u0103ria Sectorului 3 pentru trecerea peste D\u00e2mbovi\u021ba construit\u0103 \u00een dreptul str\u0103zii Drumul Lunca Priporului. Astfel, conform documentului, pentru cofrajele necesare construirii jardinierelor, au fost aloca\u021bi [&hellip;]","og_url":"https:\/\/buletin.de\/bucuresti\/peste-257-000-de-lei-cheltuiti-doar-pentru-plantele-ornamentale-de-pe-podul-lui-negoita\/","og_site_name":"Buletin de Bucure\u0219ti","article_publisher":"https:\/\/www.facebook.com\/buletin.de.buc","article_published_time":"2024-09-26T13:00:38+00:00","article_modified_time":"2024-09-30T08:50:11+00:00","og_image":[{"width":1600,"height":1066,"url":"https:\/\/buletin.de\/bucuresti\/wp-content\/uploads\/planteornamentalepodnegoita.jpg","type":"image\/jpeg"}],"author":"R\u0103zvan Chiru\u021b\u0103","twitter_card":"summary_large_image","twitter_misc":{"Written by":"R\u0103zvan Chiru\u021b\u0103","Estimated reading time":"4 minutes"},"schema":{"@context":"https:\/\/schema.org","@graph":[{"@type":"Article","@id":"https:\/\/buletin.de\/bucuresti\/peste-257-000-de-lei-cheltuiti-doar-pentru-plantele-ornamentale-de-pe-podul-lui-negoita\/#article","isPartOf":{"@id":"https:\/\/buletin.de\/bucuresti\/peste-257-000-de-lei-cheltuiti-doar-pentru-plantele-ornamentale-de-pe-podul-lui-negoita\/"},"author":{"name":"R\u0103zvan Chiru\u021b\u0103","@id":"https:\/\/buletin.de\/bucuresti\/#\/schema\/person\/a76df728dfc913795a9d90e346b253bb"},"headline":"Peste 257.000 de lei cheltui\u021bi doar pentru plantele ornamentale de pe podul lui Negoi\u021b\u0103","datePublished":"2024-09-26T13:00:38+00:00","dateModified":"2024-09-30T08:50:11+00:00","mainEntityOfPage":{"@id":"https:\/\/buletin.de\/bucuresti\/peste-257-000-de-lei-cheltuiti-doar-pentru-plantele-ornamentale-de-pe-podul-lui-negoita\/"},"wordCount":862,"publisher":{"@id":"https:\/\/buletin.de\/bucuresti\/#organization"},"image":{"@id":"https:\/\/buletin.de\/bucuresti\/peste-257-000-de-lei-cheltuiti-doar-pentru-plantele-ornamentale-de-pe-podul-lui-negoita\/#primaryimage"},"thumbnailUrl":"https:\/\/buletin.de\/bucuresti\/wp-content\/uploads\/planteornamentalepodnegoita.jpg","keywords":["cheltuieli plante ornamentale","consiliul local sector 3","lunca priporului","podul lui negoita","Sector 3","Splaiul Unirii"],"articleSection":["Articole","Main","Prim\u0103rie"],"inLanguage":"en-GB","copyrightYear":"2024","copyrightHolder":{"@id":"https:\/\/buletin.de\/bucuresti\/#organization"}},{"@type":"WebPage","@id":"https:\/\/buletin.de\/bucuresti\/peste-257-000-de-lei-cheltuiti-doar-pentru-plantele-ornamentale-de-pe-podul-lui-negoita\/","url":"https:\/\/buletin.de\/bucuresti\/peste-257-000-de-lei-cheltuiti-doar-pentru-plantele-ornamentale-de-pe-podul-lui-negoita\/","name":"Peste 257.000 de lei cheltui\u021bi doar pentru plantele ornamentale de pe podul lui Negoi\u021b\u0103 - Buletin de Bucure\u0219ti","isPartOf":{"@id":"https:\/\/buletin.de\/bucuresti\/#website"},"primaryImageOfPage":{"@id":"https:\/\/buletin.de\/bucuresti\/peste-257-000-de-lei-cheltuiti-doar-pentru-plantele-ornamentale-de-pe-podul-lui-negoita\/#primaryimage"},"image":{"@id":"https:\/\/buletin.de\/bucuresti\/peste-257-000-de-lei-cheltuiti-doar-pentru-plantele-ornamentale-de-pe-podul-lui-negoita\/#primaryimage"},"thumbnailUrl":"https:\/\/buletin.de\/bucuresti\/wp-content\/uploads\/planteornamentalepodnegoita.jpg","datePublished":"2024-09-26T13:00:38+00:00","dateModified":"2024-09-30T08:50:11+00:00","breadcrumb":{"@id":"https:\/\/buletin.de\/bucuresti\/peste-257-000-de-lei-cheltuiti-doar-pentru-plantele-ornamentale-de-pe-podul-lui-negoita\/#breadcrumb"},"inLanguage":"en-GB","potentialAction":[{"@type":"ReadAction","target":["https:\/\/buletin.de\/bucuresti\/peste-257-000-de-lei-cheltuiti-doar-pentru-plantele-ornamentale-de-pe-podul-lui-negoita\/"]}]},{"@type":"ImageObject","inLanguage":"en-GB","@id":"https:\/\/buletin.de\/bucuresti\/peste-257-000-de-lei-cheltuiti-doar-pentru-plantele-ornamentale-de-pe-podul-lui-negoita\/#primaryimage","url":"https:\/\/buletin.de\/bucuresti\/wp-content\/uploads\/planteornamentalepodnegoita.jpg","contentUrl":"https:\/\/buletin.de\/bucuresti\/wp-content\/uploads\/planteornamentalepodnegoita.jpg","width":1600,"height":1066,"caption":"Peste 257.000 de lei cheltui\u021bi pentru plantele ornamentale de pe podul lui Negoi\u021b\u0103. Foto Prim\u0103ria Sectorului 3"},{"@type":"BreadcrumbList","@id":"https:\/\/buletin.de\/bucuresti\/peste-257-000-de-lei-cheltuiti-doar-pentru-plantele-ornamentale-de-pe-podul-lui-negoita\/#breadcrumb","itemListElement":[{"@type":"ListItem","position":1,"name":"Acas\u0103","item":"https:\/\/buletin.de\/bucuresti\/"},{"@type":"ListItem","position":2,"name":"Peste 257.000 de lei cheltui\u021bi doar pentru plantele ornamentale de pe podul lui Negoi\u021b\u0103"}]},{"@type":"WebSite","@id":"https:\/\/buletin.de\/bucuresti\/#website","url":"https:\/\/buletin.de\/bucuresti\/","name":"Buletin de Bucure\u0219ti","description":"\u0218tiri \u0219i investiga\u021bii esen\u021biale din capital\u0103","publisher":{"@id":"https:\/\/buletin.de\/bucuresti\/#organization"},"potentialAction":[{"@type":"SearchAction","target":{"@type":"EntryPoint","urlTemplate":"https:\/\/buletin.de\/bucuresti\/?s={search_term_string}"},"query-input":{"@type":"PropertyValueSpecification","valueRequired":true,"valueName":"search_term_string"}}],"inLanguage":"en-GB"},{"@type":"Organization","@id":"https:\/\/buletin.de\/bucuresti\/#organization","name":"Buletin de Bucure\u0219ti","url":"https:\/\/buletin.de\/bucuresti\/","logo":{"@type":"ImageObject","inLanguage":"en-GB","@id":"https:\/\/buletin.de\/bucuresti\/#\/schema\/logo\/image\/","url":"https:\/\/buletin.de\/bucuresti\/wp-content\/uploads\/logo-bdb-full-wide-vernil-transparent.png","contentUrl":"https:\/\/buletin.de\/bucuresti\/wp-content\/uploads\/logo-bdb-full-wide-vernil-transparent.png","width":1782,"height":626,"caption":"Buletin de Bucure\u0219ti"},"image":{"@id":"https:\/\/buletin.de\/bucuresti\/#\/schema\/logo\/image\/"},"sameAs":["https:\/\/www.facebook.com\/buletin.de.buc","https:\/\/www.instagram.com\/buletinde.bucuresti\/"]},{"@type":"Person","@id":"https:\/\/buletin.de\/bucuresti\/#\/schema\/person\/a76df728dfc913795a9d90e346b253bb","name":"R\u0103zvan Chiru\u021b\u0103","image":{"@type":"ImageObject","inLanguage":"en-GB","@id":"https:\/\/buletin.de\/bucuresti\/wp-content\/uploads\/Razvan-Chiruta-96x96.jpge7143b996fd4241fbd6ee1f6b6b7b267","url":"https:\/\/buletin.de\/bucuresti\/wp-content\/uploads\/Razvan-Chiruta-96x96.jpg","contentUrl":"https:\/\/buletin.de\/bucuresti\/wp-content\/uploads\/Razvan-Chiruta-96x96.jpg","caption":"R\u0103zvan Chiru\u021b\u0103"},"description":"R\u0103zvan Chiru\u021b\u0103 este redactor-\u0219ef adjunct din iulie 2024. A fost redactor-\u0219ef al PRESShub \u00eentre 2022 \u0219i iunie 2024. Anterior, a fost redactor-\u0219ef al Newsweek Rom\u00e2nia, din 2018 p\u00e2n\u0103 \u00een 2021, \u0219i al cotidianului Rom\u00e2nia liber\u0103, \u00eentre 2015 \u0219i 2017. Este absolvent de Jurnalism, \u00een cadrul Universit\u0103\u021bii \u201eAl.I.Cuza\u201d din Ia\u0219i, \u0219i a urmat un master \u00een Managementul institu\u021biilor mass-media (f\u0103r\u0103 diserta\u021bie) la Facultatea de Jurnalism \u0219i \u0218tiin\u021bele Comunic\u0103rii din cadrul Universit\u0103\u021bii din Bucure\u0219ti. \u0218i-a \u00eenceput cariera la Opinia studen\u021beasc\u0103, cunoscuta \u0219coal\u0103 de pres\u0103 din Ia\u0219i. A lucrat \u00een presa local\u0103, apoi a devenit corespondent pentru Ia\u0219i al cotidianului Evenimentul Zilei. Din 2004, a coordonat pentru \u0219ase luni sec\u021bia de coresponden\u021bi a Evenimentului Zilei. A mai lucrat la s\u0103pt\u0103m\u00e2nalul Prezent \u0219i a colaborat cu revistele Dilema Veche \u0219i Suplimentul de Cultur\u0103. Este co-autor \u00een volumele \u201eMass-media \u0219i democra\u021bia \u00een Rom\u00e2nia post-comunist\u0103\u201d (ed. a II-a), Ed. Institutul European, Ia\u0219i, 2013, \u0219i \u201eCOVID - 19. Dimensiuni ale gestionarii pandemiei\u201d, Editura Junimea, Ia\u0219i, 2020.","url":"https:\/\/buletin.de\/bucuresti\/author\/razvan-chiruta\/"}]}},"authors":[{"term_id":22582,"user_id":60,"is_guest":0,"slug":"razvan-chiruta","display_name":"R\u0103zvan Chiru\u021b\u0103","avatar_url":"https:\/\/buletin.de\/bucuresti\/wp-content\/uploads\/Razvan-Chiruta-96x96.jpg","0":null,"1":"","2":"","3":"","4":"","5":"","6":"","7":"","8":""}],"_links":{"self":[{"href":"https:\/\/buletin.de\/bucuresti\/wp-json\/wp\/v2\/posts\/99741","targetHints":{"allow":["GET"]}}],"collection":[{"href":"https:\/\/buletin.de\/bucuresti\/wp-json\/wp\/v2\/posts"}],"about":[{"href":"https:\/\/buletin.de\/bucuresti\/wp-json\/wp\/v2\/types\/post"}],"author":[{"embeddable":true,"href":"https:\/\/buletin.de\/bucuresti\/wp-json\/wp\/v2\/users\/60"}],"replies":[{"embeddable":true,"href":"https:\/\/buletin.de\/bucuresti\/wp-json\/wp\/v2\/comments?post=99741"}],"version-history":[{"count":8,"href":"https:\/\/buletin.de\/bucuresti\/wp-json\/wp\/v2\/posts\/99741\/revisions"}],"predecessor-version":[{"id":99835,"href":"https:\/\/buletin.de\/bucuresti\/wp-json\/wp\/v2\/posts\/99741\/revisions\/99835"}],"wp:featuredmedia":[{"embeddable":true,"href":"https:\/\/buletin.de\/bucuresti\/wp-json\/wp\/v2\/media\/99800"}],"wp:attachment":[{"href":"https:\/\/buletin.de\/bucuresti\/wp-json\/wp\/v2\/media?parent=99741"}],"wp:term":[{"taxonomy":"category","embeddable":true,"href":"https:\/\/buletin.de\/bucuresti\/wp-json\/wp\/v2\/categories?post=99741"},{"taxonomy":"post_tag","embeddable":true,"href":"https:\/\/buletin.de\/bucuresti\/wp-json\/wp\/v2\/tags?post=99741"},{"taxonomy":"author","embeddable":true,"href":"https:\/\/buletin.de\/bucuresti\/wp-json\/wp\/v2\/ppma_author?post=99741"}],"curies":[{"name":"wp","href":"https:\/\/api.w.org\/{rel}","templated":true}]}}