{"id":99729,"date":"2024-09-26T14:56:59","date_gmt":"2024-09-26T11:56:59","guid":{"rendered":"https:\/\/buletin.de\/bucuresti\/?p=99729"},"modified":"2024-09-26T14:56:59","modified_gmt":"2024-09-26T11:56:59","slug":"sector-3-44-de-cismele-cu-apa-potabila-vor-fi-montate-in-zonele-aglomerate","status":"publish","type":"post","link":"https:\/\/buletin.de\/bucuresti\/sector-3-44-de-cismele-cu-apa-potabila-vor-fi-montate-in-zonele-aglomerate\/","title":{"rendered":"Sector 3 |\u00a044 de ci\u0219mele cu ap\u0103 potabil\u0103 vor fi montate \u00een zonele aglomerate"},"content":{"rendered":"\n<p><strong>44 de ci\u0219mele cu ap\u0103 potabil\u0103 vor fi montate \u00een zonele aglomerate din Sectorul 3, potrivit unei <a href=\"https:\/\/www.primarie3.ro\/images\/uploads\/consiliu_local\/Punctul_1_din_26.09.2024.pdf\">hot\u0103r\u00e2ri a Consiliului Local<\/a> adoptat\u0103 \u00een \u0219edin\u021ba din 26 septembrie.<\/strong><\/p>\n\n\n\n<p>\u00cen cadrul \u0219edin\u021bei, un cet\u0103\u021bean a luat cuv\u00e2ntul pentru a \u00eentreba cum pot fi siguri oamenii c\u0103 apa din ci\u0219mele va fi \u00eentr-adev\u0103r potabil\u0103.<\/p>\n\n\n\n<h2 class=\"wp-block-heading\" id=\"h-ci\u0219mele-cu-apa-potabila-cu-cod-qr\">Ci\u0219mele cu ap\u0103 potabil\u0103 cu cod QR<\/h2>\n\n\n\n<p>C\u0103t\u0103lin Moldoveanu, consilier local din partea PNL \u0219i totodat\u0103 ini\u021biatorul proiectului, a declarat c\u0103 va urma un protocol de colaborare cu Apa Nova, iar ci\u0219melele ar urma s\u0103 fie dotate cu un <strong>cod QR<\/strong>, astfel \u00eenc\u00e2t cet\u0103\u021benii s\u0103 aib\u0103 acces la <strong>analizele privind calitatea apei<\/strong>.<\/p>\n\n\n\n<blockquote class=\"wp-block-quote is-layout-flow wp-block-quote-is-layout-flow\">\n<p>Apa care vine la buc\u0103taria noastr\u0103 s\u0103 fie aceea\u0219i din ci\u0219mele, care este ap\u0103 potabil\u0103.<\/p>\n<\/blockquote>\n\n\n\n<p>Proiectul a fost adoptat cu 28 voturi pentru \u0219i o ab\u021binere.<\/p>\n\n\n\n<h2 class=\"wp-block-heading\" id=\"h-costurile-vor-fi-prezentate-ulterior\">Costurile vor fi prezentate ulterior<\/h2>\n\n\n\n<p>Documentul nu men\u021bioneaz\u0103 un<strong> termen pentru implementarea celor 44 de ci\u0219mele cu ap\u0103 potabil\u0103 <\/strong>sau <strong>valoarea investi\u021biei<\/strong>, ci doar c\u0103 finan\u021barea se va face din bugetul local.<\/p>\n\n\n\n<p>\u00centrebat de bugetul proiectului de c\u0103tre Opozi\u021bie, C\u0103t\u0103lin Moldoveanu declar\u0103 c\u0103 Direc\u021bia Administrare a Domeniului Public se va ocupa de <strong>evaluarea costurilor<\/strong>, iar indicatorii tehnico-economici vor intra la vot \u00een Consiliu Local. <\/p>\n\n\n\n<p>Totu\u0219i, \u00eentr-o alt\u0103 \u0219edin\u021b\u0103, consilierii locali au alocat 2 milioane lei pentru montarea ci\u0219melelor, printr-o rectificare bugetar\u0103.<\/p>\n\n\n\n<p>Ini\u021bial, proiectul prevedea 42 ci\u0219mele, \u00eens\u0103 \u00een timpul \u0219edin\u021bei, au mai fost ad\u0103ugate dou\u0103, printr-un amendament.<\/p>\n\n\n\n<p><strong>CITE\u0218TE \u0218I: <a href=\"https:\/\/buletin.de\/bucuresti\/video-culisele-afacerii-sfinte-din-voluntari-cum-strange-primaria-lui-pandele-8-000-de-pelerini-pentru-deplasarea-la-moastele-sf-parascheva\/\">VIDEO | Culisele \u201eAfacerii Sfinte\u201d din Voluntari. Cum str\u00e2nge Prim\u0103ria lui Pandele 8.000 de pelerini pentru deplasarea la moa\u0219tele Sf. Parascheva<\/a><\/strong><\/p>\n\n\n\n<h2 class=\"wp-block-heading\" id=\"h-unde-vor-fi-montate-cele-44-ci\u0219mele-cu-apa-potabila\">Unde vor fi montate cele 44 ci\u0219mele cu ap\u0103 potabil\u0103<\/h2>\n\n\n\n<p>Cele 44 ci\u0219mele cu ap\u0103 potabil\u0103 ar urma s\u0103 fie dotate cu<strong> robine\u021bi de umplere recipiente, pulverizatoare de cea\u021b\u0103 \u0219i ad\u0103p\u0103tori pentru animale<\/strong>. Acestea ar trebui amplasate \u00een urm\u0103toarele loca\u021bii:<\/p>\n\n\n\n<ul class=\"wp-block-list\">\n<li>Pia\u021ba Mini\u015f<\/li>\n\n\n\n<li>Pia\u021ba Trapezului<\/li>\n\n\n\n<li>Pia\u021ba Titan (2 ci\u0219mele)<\/li>\n\n\n\n<li>Pia\u021ba R\u00e2mnicu S\u0103rat<\/li>\n\n\n\n<li>Pia\u021ba Nerva Traian<\/li>\n\n\n\n<li>Metrou Mihai Bravu<\/li>\n\n\n\n<li>Metrou 1 Decembrie 1918<\/li>\n\n\n\n<li>Metrou Anghel Saligny<\/li>\n\n\n\n<li>Metrou Republica<\/li>\n\n\n\n<li>Metrou Pantelimon<\/li>\n\n\n\n<li>Metrou Nicolae Grigorescu<\/li>\n\n\n\n<li>Metrou Pia\u021ba Muncii<\/li>\n\n\n\n<li>Metrou Nicoale Teclu<\/li>\n\n\n\n<li>Metrou Titan<\/li>\n\n\n\n<li>Drumul Gura Cali\u021bei<\/li>\n\n\n\n<li>Hala Traian<\/li>\n\n\n\n<li>Faur Poarta 4<\/li>\n\n\n\n<li>Parcul IOR<\/li>\n\n\n\n<li>Parcul Teilor<\/li>\n\n\n\n<li>Parcul Ozana<\/li>\n\n\n\n<li>Parcul Nerva Traian<\/li>\n\n\n\n<li>Parcul Tit\u0103nel (2 ci\u0219mele)<\/li>\n\n\n\n<li>Parcul Emil G\u00e2rleanu<\/li>\n\n\n\n<li>Parcul Timpuri Noi<\/li>\n\n\n\n<li>Parcul \u201eGheorghe Petra\u0219cu\u201d<\/li>\n\n\n\n<li>Parcul Sportiv Aleea Mizil<\/li>\n\n\n\n<li>intersec\u021bia Pia\u021ba Alba Iulia &#8211; Bulevardul Unirii<\/li>\n\n\n\n<li>Biblioteca Na\u021bional\u0103 a Rom\u00e2niei<\/li>\n\n\n\n<li>Tribunalul Bucuresti<\/li>\n\n\n\n<li>intersec\u021bia dintre Calea Dude\u0219ti \u0219i Bd. Mihai Bravu<\/li>\n\n\n\n<li>Palatul BNR ( strada Lipscani)<\/li>\n\n\n\n<li>Spitalul Col\u021bea<\/li>\n\n\n\n<li>Biserica M\u00e2n\u0103stirii \u201eStavropoleos&#8221;<\/li>\n\n\n\n<li>Parklake Mall<\/li>\n\n\n\n<li>Policlinica Titan<\/li>\n\n\n\n<li>Policlinica Vitan<\/li>\n\n\n\n<li>Policlinica Baba Novac<\/li>\n\n\n\n<li>Cimitirul Izvorul Nou<\/li>\n\n\n\n<li>Spitalul Victor Babe\u0219<\/li>\n\n\n\n<li>Institutul Bancar Rom\u00e2n<\/li>\n\n\n\n<li>Metroul Dristor<\/li>\n\n\n\n<li>\u0218oseaua Industriilor<\/li>\n<\/ul>\n\n\n\n<p><strong>CITE\u0218TE \u0218I: <a href=\"https:\/\/buletin.de\/bucuresti\/intersectia-distopica-de-pe-soseaua-progresul-care-produce-un-accident-pe-luna-politia-cere-mutarea-unui-stalp-stb-dupa-ce-un-om-a-murit-strivit\/\">Intersec\u021bia \u201edistopic\u0103\u201d de pe \u0218oseaua Progresul care produce un accident pe lun\u0103. Poli\u021bia cere mutarea unui st\u00e2lp STB, dup\u0103 ce un om a murit strivit<\/a><\/strong><\/p>\n\n\n\n<p><\/p>\n","protected":false},"excerpt":{"rendered":"<p>44 de ci\u0219mele cu ap\u0103 potabil\u0103 vor fi montate \u00een zonele aglomerate din Sectorul 3, potrivit unei hot\u0103r\u00e2ri a Consiliului Local adoptat\u0103 \u00een \u0219edin\u021ba din 26 septembrie. \u00cen cadrul \u0219edin\u021bei, un cet\u0103\u021bean a luat cuv\u00e2ntul pentru a \u00eentreba cum pot fi siguri oamenii c\u0103 apa din ci\u0219mele va fi \u00eentr-adev\u0103r potabil\u0103. Ci\u0219mele cu ap\u0103 potabil\u0103 [&hellip;]<\/p>\n","protected":false},"author":55,"featured_media":99772,"comment_status":"closed","ping_status":"open","sticky":false,"template":"","format":"standard","meta":{"_acf_changed":false,"inline_featured_image":false,"ngg_post_thumbnail":0,"footnotes":""},"categories":[6994,5762,24],"tags":[15425,15426,8978,2998,7128,15427,440],"ppma_author":[22573],"class_list":["post-99729","post","type-post","status-publish","format-standard","has-post-thumbnail","hentry","category-stiri-2","category-main","category-primarie","tag-acces-apa-potabila","tag-apa-pentru-animale","tag-apa-potabila","tag-canicula","tag-cismele","tag-cismele-sector-3","tag-sector-3"],"acf":[],"yoast_head":"<!-- This site is optimized with the Yoast SEO Premium plugin v25.3 (Yoast SEO v27.4) - https:\/\/yoast.com\/product\/yoast-seo-premium-wordpress\/ -->\n<title>Sector 3 |\u00a044 de ci\u0219mele cu ap\u0103 potabil\u0103 vor fi montate \u00een zonele aglomerate - Buletin de Bucure\u0219ti<\/title>\n<meta name=\"description\" content=\"44 de ci\u0219mele cu ap\u0103 potabil\u0103 vor fi montate \u00een zonele aglomerate din Sectorul 3, potrivit unei hot\u0103r\u00e2ri a Consiliului Local.\" \/>\n<meta name=\"robots\" content=\"index, follow, max-snippet:-1, max-image-preview:large, max-video-preview:-1\" \/>\n<link rel=\"canonical\" href=\"https:\/\/buletin.de\/bucuresti\/sector-3-44-de-cismele-cu-apa-potabila-vor-fi-montate-in-zonele-aglomerate\/\" \/>\n<meta property=\"og:locale\" content=\"en_GB\" \/>\n<meta property=\"og:type\" content=\"article\" \/>\n<meta property=\"og:title\" content=\"Sector 3 |\u00a044 de ci\u0219mele cu ap\u0103 potabil\u0103 vor fi montate \u00een zonele aglomerate\" \/>\n<meta property=\"og:description\" content=\"44 de ci\u0219mele cu ap\u0103 potabil\u0103 vor fi montate \u00een zonele aglomerate din Sectorul 3, potrivit unei hot\u0103r\u00e2ri a Consiliului Local.\" \/>\n<meta property=\"og:url\" content=\"https:\/\/buletin.de\/bucuresti\/sector-3-44-de-cismele-cu-apa-potabila-vor-fi-montate-in-zonele-aglomerate\/\" \/>\n<meta property=\"og:site_name\" content=\"Buletin de Bucure\u0219ti\" \/>\n<meta property=\"article:publisher\" content=\"https:\/\/www.facebook.com\/buletin.de.buc\" \/>\n<meta property=\"article:published_time\" content=\"2024-09-26T11:56:59+00:00\" \/>\n<meta property=\"og:image\" content=\"https:\/\/buletin.de\/bucuresti\/wp-content\/uploads\/cf1ya2mf7aw.jpg\" \/>\n\t<meta property=\"og:image:width\" content=\"1600\" \/>\n\t<meta property=\"og:image:height\" content=\"1200\" \/>\n\t<meta property=\"og:image:type\" content=\"image\/jpeg\" \/>\n<meta name=\"author\" content=\"Andreea Tudor\" \/>\n<meta name=\"twitter:card\" content=\"summary_large_image\" \/>\n<meta name=\"twitter:label1\" content=\"Written by\" \/>\n\t<meta name=\"twitter:data1\" content=\"Andreea Tudor\" \/>\n\t<meta name=\"twitter:label2\" content=\"Estimated reading time\" \/>\n\t<meta name=\"twitter:data2\" content=\"3 minutes\" \/>\n<script type=\"application\/ld+json\" class=\"yoast-schema-graph\">{\"@context\":\"https:\\\/\\\/schema.org\",\"@graph\":[{\"@type\":\"Article\",\"@id\":\"https:\\\/\\\/buletin.de\\\/bucuresti\\\/sector-3-44-de-cismele-cu-apa-potabila-vor-fi-montate-in-zonele-aglomerate\\\/#article\",\"isPartOf\":{\"@id\":\"https:\\\/\\\/buletin.de\\\/bucuresti\\\/sector-3-44-de-cismele-cu-apa-potabila-vor-fi-montate-in-zonele-aglomerate\\\/\"},\"author\":{\"name\":\"Andreea Tudor\",\"@id\":\"https:\\\/\\\/buletin.de\\\/bucuresti\\\/#\\\/schema\\\/person\\\/150590659efde715459d159da012f501\"},\"headline\":\"Sector 3 |\u00a044 de ci\u0219mele cu ap\u0103 potabil\u0103 vor fi montate \u00een zonele aglomerate\",\"datePublished\":\"2024-09-26T11:56:59+00:00\",\"mainEntityOfPage\":{\"@id\":\"https:\\\/\\\/buletin.de\\\/bucuresti\\\/sector-3-44-de-cismele-cu-apa-potabila-vor-fi-montate-in-zonele-aglomerate\\\/\"},\"wordCount\":512,\"publisher\":{\"@id\":\"https:\\\/\\\/buletin.de\\\/bucuresti\\\/#organization\"},\"image\":{\"@id\":\"https:\\\/\\\/buletin.de\\\/bucuresti\\\/sector-3-44-de-cismele-cu-apa-potabila-vor-fi-montate-in-zonele-aglomerate\\\/#primaryimage\"},\"thumbnailUrl\":\"https:\\\/\\\/buletin.de\\\/bucuresti\\\/wp-content\\\/uploads\\\/cf1ya2mf7aw.jpg\",\"keywords\":[\"acces apa potabila\",\"apa pentru animale\",\"apa potabila\",\"canicula\",\"cismele\",\"cismele sector 3\",\"Sector 3\"],\"articleSection\":[\"Articole\",\"Main\",\"Prim\u0103rie\"],\"inLanguage\":\"en-GB\",\"copyrightYear\":\"2024\",\"copyrightHolder\":{\"@id\":\"https:\\\/\\\/buletin.de\\\/bucuresti\\\/#organization\"}},{\"@type\":\"WebPage\",\"@id\":\"https:\\\/\\\/buletin.de\\\/bucuresti\\\/sector-3-44-de-cismele-cu-apa-potabila-vor-fi-montate-in-zonele-aglomerate\\\/\",\"url\":\"https:\\\/\\\/buletin.de\\\/bucuresti\\\/sector-3-44-de-cismele-cu-apa-potabila-vor-fi-montate-in-zonele-aglomerate\\\/\",\"name\":\"Sector 3 |\u00a044 de ci\u0219mele cu ap\u0103 potabil\u0103 vor fi montate \u00een zonele aglomerate - Buletin de Bucure\u0219ti\",\"isPartOf\":{\"@id\":\"https:\\\/\\\/buletin.de\\\/bucuresti\\\/#website\"},\"primaryImageOfPage\":{\"@id\":\"https:\\\/\\\/buletin.de\\\/bucuresti\\\/sector-3-44-de-cismele-cu-apa-potabila-vor-fi-montate-in-zonele-aglomerate\\\/#primaryimage\"},\"image\":{\"@id\":\"https:\\\/\\\/buletin.de\\\/bucuresti\\\/sector-3-44-de-cismele-cu-apa-potabila-vor-fi-montate-in-zonele-aglomerate\\\/#primaryimage\"},\"thumbnailUrl\":\"https:\\\/\\\/buletin.de\\\/bucuresti\\\/wp-content\\\/uploads\\\/cf1ya2mf7aw.jpg\",\"datePublished\":\"2024-09-26T11:56:59+00:00\",\"description\":\"44 de ci\u0219mele cu ap\u0103 potabil\u0103 vor fi montate \u00een zonele aglomerate din Sectorul 3, potrivit unei hot\u0103r\u00e2ri a Consiliului Local.\",\"breadcrumb\":{\"@id\":\"https:\\\/\\\/buletin.de\\\/bucuresti\\\/sector-3-44-de-cismele-cu-apa-potabila-vor-fi-montate-in-zonele-aglomerate\\\/#breadcrumb\"},\"inLanguage\":\"en-GB\",\"potentialAction\":[{\"@type\":\"ReadAction\",\"target\":[\"https:\\\/\\\/buletin.de\\\/bucuresti\\\/sector-3-44-de-cismele-cu-apa-potabila-vor-fi-montate-in-zonele-aglomerate\\\/\"]}]},{\"@type\":\"ImageObject\",\"inLanguage\":\"en-GB\",\"@id\":\"https:\\\/\\\/buletin.de\\\/bucuresti\\\/sector-3-44-de-cismele-cu-apa-potabila-vor-fi-montate-in-zonele-aglomerate\\\/#primaryimage\",\"url\":\"https:\\\/\\\/buletin.de\\\/bucuresti\\\/wp-content\\\/uploads\\\/cf1ya2mf7aw.jpg\",\"contentUrl\":\"https:\\\/\\\/buletin.de\\\/bucuresti\\\/wp-content\\\/uploads\\\/cf1ya2mf7aw.jpg\",\"width\":1600,\"height\":1200,\"caption\":\"44 de ci\u0219mele cu ap\u0103 potabil\u0103 vor fi montate \u00een zonele aglomerate din sector. Foto: Unsplash\"},{\"@type\":\"BreadcrumbList\",\"@id\":\"https:\\\/\\\/buletin.de\\\/bucuresti\\\/sector-3-44-de-cismele-cu-apa-potabila-vor-fi-montate-in-zonele-aglomerate\\\/#breadcrumb\",\"itemListElement\":[{\"@type\":\"ListItem\",\"position\":1,\"name\":\"Acas\u0103\",\"item\":\"https:\\\/\\\/buletin.de\\\/bucuresti\\\/\"},{\"@type\":\"ListItem\",\"position\":2,\"name\":\"Sector 3 |\u00a044 de ci\u0219mele cu ap\u0103 potabil\u0103 vor fi montate \u00een zonele aglomerate\"}]},{\"@type\":\"WebSite\",\"@id\":\"https:\\\/\\\/buletin.de\\\/bucuresti\\\/#website\",\"url\":\"https:\\\/\\\/buletin.de\\\/bucuresti\\\/\",\"name\":\"Buletin de Bucure\u0219ti\",\"description\":\"\u0218tiri \u0219i investiga\u021bii esen\u021biale din capital\u0103\",\"publisher\":{\"@id\":\"https:\\\/\\\/buletin.de\\\/bucuresti\\\/#organization\"},\"potentialAction\":[{\"@type\":\"SearchAction\",\"target\":{\"@type\":\"EntryPoint\",\"urlTemplate\":\"https:\\\/\\\/buletin.de\\\/bucuresti\\\/?s={search_term_string}\"},\"query-input\":{\"@type\":\"PropertyValueSpecification\",\"valueRequired\":true,\"valueName\":\"search_term_string\"}}],\"inLanguage\":\"en-GB\"},{\"@type\":\"Organization\",\"@id\":\"https:\\\/\\\/buletin.de\\\/bucuresti\\\/#organization\",\"name\":\"Buletin de Bucure\u0219ti\",\"url\":\"https:\\\/\\\/buletin.de\\\/bucuresti\\\/\",\"logo\":{\"@type\":\"ImageObject\",\"inLanguage\":\"en-GB\",\"@id\":\"https:\\\/\\\/buletin.de\\\/bucuresti\\\/#\\\/schema\\\/logo\\\/image\\\/\",\"url\":\"https:\\\/\\\/buletin.de\\\/bucuresti\\\/wp-content\\\/uploads\\\/logo-bdb-full-wide-vernil-transparent.png\",\"contentUrl\":\"https:\\\/\\\/buletin.de\\\/bucuresti\\\/wp-content\\\/uploads\\\/logo-bdb-full-wide-vernil-transparent.png\",\"width\":1782,\"height\":626,\"caption\":\"Buletin de Bucure\u0219ti\"},\"image\":{\"@id\":\"https:\\\/\\\/buletin.de\\\/bucuresti\\\/#\\\/schema\\\/logo\\\/image\\\/\"},\"sameAs\":[\"https:\\\/\\\/www.facebook.com\\\/buletin.de.buc\",\"https:\\\/\\\/www.instagram.com\\\/buletinde.bucuresti\\\/\"]},{\"@type\":\"Person\",\"@id\":\"https:\\\/\\\/buletin.de\\\/bucuresti\\\/#\\\/schema\\\/person\\\/150590659efde715459d159da012f501\",\"name\":\"Andreea Tudor\",\"image\":{\"@type\":\"ImageObject\",\"inLanguage\":\"en-GB\",\"@id\":\"https:\\\/\\\/secure.gravatar.com\\\/avatar\\\/a88705a186ab0b67f3349bcbced506c09e37256fbaad0e7f3bd1a79b4599f589?s=96&d=monsterid&r=g79290610aa1a65c2b86eebc2ca5aee8f\",\"url\":\"https:\\\/\\\/secure.gravatar.com\\\/avatar\\\/a88705a186ab0b67f3349bcbced506c09e37256fbaad0e7f3bd1a79b4599f589?s=96&d=monsterid&r=g\",\"contentUrl\":\"https:\\\/\\\/secure.gravatar.com\\\/avatar\\\/a88705a186ab0b67f3349bcbced506c09e37256fbaad0e7f3bd1a79b4599f589?s=96&d=monsterid&r=g\",\"caption\":\"Andreea Tudor\"},\"description\":\"N\u0103scut\u0103 \u0219i crescut\u0103 \u00een Bucure\u0219ti, sus\u021bin\u0103toare a presei independente. A\u0219a am ajuns redactor la Buletin de Bucure\u0219ti. Fiind eu, \u00eens\u0103mi, parte a sistemului de \u00eenv\u0103\u021b\u0103m\u00e2nt rom\u00e2nesc \u0219i pasionat\u0103 de domeniul social, pun sub lup\u0103 tot ceea ce se \u00eent\u00e2mpl\u0103 \u00een sfera educa\u021biei. Cred cu t\u0103rie c\u0103 presa \u201epentru cet\u0103\u021beni\u201d este presa independent\u0103. Oamenii au nevoie de o informare corect\u0103 pentru a \u00een\u021belege pe deplin ce se \u00eent\u00e2mpl\u0103 \u00een jurul lor \u0219i pentru a lua ac\u021biune \u00eempotriva nedrept\u0103\u021bilor.\",\"url\":\"https:\\\/\\\/buletin.de\\\/bucuresti\\\/author\\\/andreeatudor\\\/\"}]}<\/script>\n<!-- \/ Yoast SEO Premium plugin. -->","yoast_head_json":{"title":"Sector 3 |\u00a044 de ci\u0219mele cu ap\u0103 potabil\u0103 vor fi montate \u00een zonele aglomerate - Buletin de Bucure\u0219ti","description":"44 de ci\u0219mele cu ap\u0103 potabil\u0103 vor fi montate \u00een zonele aglomerate din Sectorul 3, potrivit unei hot\u0103r\u00e2ri a Consiliului Local.","robots":{"index":"index","follow":"follow","max-snippet":"max-snippet:-1","max-image-preview":"max-image-preview:large","max-video-preview":"max-video-preview:-1"},"canonical":"https:\/\/buletin.de\/bucuresti\/sector-3-44-de-cismele-cu-apa-potabila-vor-fi-montate-in-zonele-aglomerate\/","og_locale":"en_GB","og_type":"article","og_title":"Sector 3 |\u00a044 de ci\u0219mele cu ap\u0103 potabil\u0103 vor fi montate \u00een zonele aglomerate","og_description":"44 de ci\u0219mele cu ap\u0103 potabil\u0103 vor fi montate \u00een zonele aglomerate din Sectorul 3, potrivit unei hot\u0103r\u00e2ri a Consiliului Local.","og_url":"https:\/\/buletin.de\/bucuresti\/sector-3-44-de-cismele-cu-apa-potabila-vor-fi-montate-in-zonele-aglomerate\/","og_site_name":"Buletin de Bucure\u0219ti","article_publisher":"https:\/\/www.facebook.com\/buletin.de.buc","article_published_time":"2024-09-26T11:56:59+00:00","og_image":[{"width":1600,"height":1200,"url":"https:\/\/buletin.de\/bucuresti\/wp-content\/uploads\/cf1ya2mf7aw.jpg","type":"image\/jpeg"}],"author":"Andreea Tudor","twitter_card":"summary_large_image","twitter_misc":{"Written by":"Andreea Tudor","Estimated reading time":"3 minutes"},"schema":{"@context":"https:\/\/schema.org","@graph":[{"@type":"Article","@id":"https:\/\/buletin.de\/bucuresti\/sector-3-44-de-cismele-cu-apa-potabila-vor-fi-montate-in-zonele-aglomerate\/#article","isPartOf":{"@id":"https:\/\/buletin.de\/bucuresti\/sector-3-44-de-cismele-cu-apa-potabila-vor-fi-montate-in-zonele-aglomerate\/"},"author":{"name":"Andreea Tudor","@id":"https:\/\/buletin.de\/bucuresti\/#\/schema\/person\/150590659efde715459d159da012f501"},"headline":"Sector 3 |\u00a044 de ci\u0219mele cu ap\u0103 potabil\u0103 vor fi montate \u00een zonele aglomerate","datePublished":"2024-09-26T11:56:59+00:00","mainEntityOfPage":{"@id":"https:\/\/buletin.de\/bucuresti\/sector-3-44-de-cismele-cu-apa-potabila-vor-fi-montate-in-zonele-aglomerate\/"},"wordCount":512,"publisher":{"@id":"https:\/\/buletin.de\/bucuresti\/#organization"},"image":{"@id":"https:\/\/buletin.de\/bucuresti\/sector-3-44-de-cismele-cu-apa-potabila-vor-fi-montate-in-zonele-aglomerate\/#primaryimage"},"thumbnailUrl":"https:\/\/buletin.de\/bucuresti\/wp-content\/uploads\/cf1ya2mf7aw.jpg","keywords":["acces apa potabila","apa pentru animale","apa potabila","canicula","cismele","cismele sector 3","Sector 3"],"articleSection":["Articole","Main","Prim\u0103rie"],"inLanguage":"en-GB","copyrightYear":"2024","copyrightHolder":{"@id":"https:\/\/buletin.de\/bucuresti\/#organization"}},{"@type":"WebPage","@id":"https:\/\/buletin.de\/bucuresti\/sector-3-44-de-cismele-cu-apa-potabila-vor-fi-montate-in-zonele-aglomerate\/","url":"https:\/\/buletin.de\/bucuresti\/sector-3-44-de-cismele-cu-apa-potabila-vor-fi-montate-in-zonele-aglomerate\/","name":"Sector 3 |\u00a044 de ci\u0219mele cu ap\u0103 potabil\u0103 vor fi montate \u00een zonele aglomerate - Buletin de Bucure\u0219ti","isPartOf":{"@id":"https:\/\/buletin.de\/bucuresti\/#website"},"primaryImageOfPage":{"@id":"https:\/\/buletin.de\/bucuresti\/sector-3-44-de-cismele-cu-apa-potabila-vor-fi-montate-in-zonele-aglomerate\/#primaryimage"},"image":{"@id":"https:\/\/buletin.de\/bucuresti\/sector-3-44-de-cismele-cu-apa-potabila-vor-fi-montate-in-zonele-aglomerate\/#primaryimage"},"thumbnailUrl":"https:\/\/buletin.de\/bucuresti\/wp-content\/uploads\/cf1ya2mf7aw.jpg","datePublished":"2024-09-26T11:56:59+00:00","description":"44 de ci\u0219mele cu ap\u0103 potabil\u0103 vor fi montate \u00een zonele aglomerate din Sectorul 3, potrivit unei hot\u0103r\u00e2ri a Consiliului Local.","breadcrumb":{"@id":"https:\/\/buletin.de\/bucuresti\/sector-3-44-de-cismele-cu-apa-potabila-vor-fi-montate-in-zonele-aglomerate\/#breadcrumb"},"inLanguage":"en-GB","potentialAction":[{"@type":"ReadAction","target":["https:\/\/buletin.de\/bucuresti\/sector-3-44-de-cismele-cu-apa-potabila-vor-fi-montate-in-zonele-aglomerate\/"]}]},{"@type":"ImageObject","inLanguage":"en-GB","@id":"https:\/\/buletin.de\/bucuresti\/sector-3-44-de-cismele-cu-apa-potabila-vor-fi-montate-in-zonele-aglomerate\/#primaryimage","url":"https:\/\/buletin.de\/bucuresti\/wp-content\/uploads\/cf1ya2mf7aw.jpg","contentUrl":"https:\/\/buletin.de\/bucuresti\/wp-content\/uploads\/cf1ya2mf7aw.jpg","width":1600,"height":1200,"caption":"44 de ci\u0219mele cu ap\u0103 potabil\u0103 vor fi montate \u00een zonele aglomerate din sector. Foto: Unsplash"},{"@type":"BreadcrumbList","@id":"https:\/\/buletin.de\/bucuresti\/sector-3-44-de-cismele-cu-apa-potabila-vor-fi-montate-in-zonele-aglomerate\/#breadcrumb","itemListElement":[{"@type":"ListItem","position":1,"name":"Acas\u0103","item":"https:\/\/buletin.de\/bucuresti\/"},{"@type":"ListItem","position":2,"name":"Sector 3 |\u00a044 de ci\u0219mele cu ap\u0103 potabil\u0103 vor fi montate \u00een zonele aglomerate"}]},{"@type":"WebSite","@id":"https:\/\/buletin.de\/bucuresti\/#website","url":"https:\/\/buletin.de\/bucuresti\/","name":"Buletin de Bucure\u0219ti","description":"\u0218tiri \u0219i investiga\u021bii esen\u021biale din capital\u0103","publisher":{"@id":"https:\/\/buletin.de\/bucuresti\/#organization"},"potentialAction":[{"@type":"SearchAction","target":{"@type":"EntryPoint","urlTemplate":"https:\/\/buletin.de\/bucuresti\/?s={search_term_string}"},"query-input":{"@type":"PropertyValueSpecification","valueRequired":true,"valueName":"search_term_string"}}],"inLanguage":"en-GB"},{"@type":"Organization","@id":"https:\/\/buletin.de\/bucuresti\/#organization","name":"Buletin de Bucure\u0219ti","url":"https:\/\/buletin.de\/bucuresti\/","logo":{"@type":"ImageObject","inLanguage":"en-GB","@id":"https:\/\/buletin.de\/bucuresti\/#\/schema\/logo\/image\/","url":"https:\/\/buletin.de\/bucuresti\/wp-content\/uploads\/logo-bdb-full-wide-vernil-transparent.png","contentUrl":"https:\/\/buletin.de\/bucuresti\/wp-content\/uploads\/logo-bdb-full-wide-vernil-transparent.png","width":1782,"height":626,"caption":"Buletin de Bucure\u0219ti"},"image":{"@id":"https:\/\/buletin.de\/bucuresti\/#\/schema\/logo\/image\/"},"sameAs":["https:\/\/www.facebook.com\/buletin.de.buc","https:\/\/www.instagram.com\/buletinde.bucuresti\/"]},{"@type":"Person","@id":"https:\/\/buletin.de\/bucuresti\/#\/schema\/person\/150590659efde715459d159da012f501","name":"Andreea Tudor","image":{"@type":"ImageObject","inLanguage":"en-GB","@id":"https:\/\/secure.gravatar.com\/avatar\/a88705a186ab0b67f3349bcbced506c09e37256fbaad0e7f3bd1a79b4599f589?s=96&d=monsterid&r=g79290610aa1a65c2b86eebc2ca5aee8f","url":"https:\/\/secure.gravatar.com\/avatar\/a88705a186ab0b67f3349bcbced506c09e37256fbaad0e7f3bd1a79b4599f589?s=96&d=monsterid&r=g","contentUrl":"https:\/\/secure.gravatar.com\/avatar\/a88705a186ab0b67f3349bcbced506c09e37256fbaad0e7f3bd1a79b4599f589?s=96&d=monsterid&r=g","caption":"Andreea Tudor"},"description":"N\u0103scut\u0103 \u0219i crescut\u0103 \u00een Bucure\u0219ti, sus\u021bin\u0103toare a presei independente. A\u0219a am ajuns redactor la Buletin de Bucure\u0219ti. Fiind eu, \u00eens\u0103mi, parte a sistemului de \u00eenv\u0103\u021b\u0103m\u00e2nt rom\u00e2nesc \u0219i pasionat\u0103 de domeniul social, pun sub lup\u0103 tot ceea ce se \u00eent\u00e2mpl\u0103 \u00een sfera educa\u021biei. Cred cu t\u0103rie c\u0103 presa \u201epentru cet\u0103\u021beni\u201d este presa independent\u0103. Oamenii au nevoie de o informare corect\u0103 pentru a \u00een\u021belege pe deplin ce se \u00eent\u00e2mpl\u0103 \u00een jurul lor \u0219i pentru a lua ac\u021biune \u00eempotriva nedrept\u0103\u021bilor.","url":"https:\/\/buletin.de\/bucuresti\/author\/andreeatudor\/"}]}},"authors":[{"term_id":22573,"user_id":55,"is_guest":0,"slug":"andreeatudor","display_name":"Andreea Tudor","avatar_url":"https:\/\/secure.gravatar.com\/avatar\/a88705a186ab0b67f3349bcbced506c09e37256fbaad0e7f3bd1a79b4599f589?s=96&d=monsterid&r=g","0":null,"1":"","2":"","3":"","4":"","5":"","6":"","7":"","8":""}],"_links":{"self":[{"href":"https:\/\/buletin.de\/bucuresti\/wp-json\/wp\/v2\/posts\/99729","targetHints":{"allow":["GET"]}}],"collection":[{"href":"https:\/\/buletin.de\/bucuresti\/wp-json\/wp\/v2\/posts"}],"about":[{"href":"https:\/\/buletin.de\/bucuresti\/wp-json\/wp\/v2\/types\/post"}],"author":[{"embeddable":true,"href":"https:\/\/buletin.de\/bucuresti\/wp-json\/wp\/v2\/users\/55"}],"replies":[{"embeddable":true,"href":"https:\/\/buletin.de\/bucuresti\/wp-json\/wp\/v2\/comments?post=99729"}],"version-history":[{"count":4,"href":"https:\/\/buletin.de\/bucuresti\/wp-json\/wp\/v2\/posts\/99729\/revisions"}],"predecessor-version":[{"id":99789,"href":"https:\/\/buletin.de\/bucuresti\/wp-json\/wp\/v2\/posts\/99729\/revisions\/99789"}],"wp:featuredmedia":[{"embeddable":true,"href":"https:\/\/buletin.de\/bucuresti\/wp-json\/wp\/v2\/media\/99772"}],"wp:attachment":[{"href":"https:\/\/buletin.de\/bucuresti\/wp-json\/wp\/v2\/media?parent=99729"}],"wp:term":[{"taxonomy":"category","embeddable":true,"href":"https:\/\/buletin.de\/bucuresti\/wp-json\/wp\/v2\/categories?post=99729"},{"taxonomy":"post_tag","embeddable":true,"href":"https:\/\/buletin.de\/bucuresti\/wp-json\/wp\/v2\/tags?post=99729"},{"taxonomy":"author","embeddable":true,"href":"https:\/\/buletin.de\/bucuresti\/wp-json\/wp\/v2\/ppma_author?post=99729"}],"curies":[{"name":"wp","href":"https:\/\/api.w.org\/{rel}","templated":true}]}}