{"id":9968,"date":"2020-08-03T16:03:30","date_gmt":"2020-08-03T13:03:30","guid":{"rendered":"https:\/\/buletin.de\/bucuresti\/?p=9968"},"modified":"2020-08-03T16:07:41","modified_gmt":"2020-08-03T13:07:41","slug":"pmb-dupa-amenda-de-100-000-de-lei-de-la-garda-de-mediu-registrul-spatiilor-verzi-conditionat-de-disponibilitatea-fondurilor-bugetare-dar-in-lista-de-prioritati","status":"publish","type":"post","link":"https:\/\/buletin.de\/bucuresti\/pmb-dupa-amenda-de-100-000-de-lei-de-la-garda-de-mediu-registrul-spatiilor-verzi-conditionat-de-disponibilitatea-fondurilor-bugetare-dar-in-lista-de-prioritati\/","title":{"rendered":"PMB, dup\u0103 amenda de 100.000 de lei de la Garda de Mediu: Registrul Spa\u021biilor Verzi, \u201econdi\u021bionat de disponibilitatea fondurilor bugetare\u201d, dar \u201e\u00een lista de priorit\u0103\u021bi\u201d"},"content":{"rendered":"\n<p><strong>De\u0219i Prim\u0103ria Capitalei a fost amendat\u0103 cu 100.000 de lei de Garda de Mediu, \u00een urma unui control care a constatat c\u0103 institu\u021bia nu de\u021bine un Registru al Spa\u021biilor Verzi conform normelor, biroul de pres\u0103 al PMB a transmis, la solicitarea Buletin de Bucure\u0219ti, c\u0103 actualizarea eviden\u021bei spa\u021biilor verzi este condi\u021bionat\u0103 de disponibilitatea fondurilor bugetare.<\/strong><\/p>\n\n\n\n<p>La sf\u00e2r\u0219itul lunii mai, Buletin de Bucure\u0219ti dezv\u0103luia c\u0103 Prim\u0103ria Municipiului Bucure\u0219ti a r\u0103mas f\u0103r\u0103 servicii de mentenan\u021b\u0103 \u0219i dezvoltare pentru Banca de Date Urbane, platforma software care integreaz\u0103 \u0219ase componente digitale ale muncipalit\u0103\u021bii, printre care \u0219i RegVer.<\/p>\n\n\n\n<p>Mai exact, pentru c\u0103 Registrul Verde este incomplet \u0219i neactualizat, el nu con\u021bine elemente precum data plant\u0103rii arborilor, c\u00e2nd au fost f\u0103cute interven\u021biile asupra lor \u0219i de c\u0103tre cine, ce tratamente au fost aplicate \u0219i care este raza r\u0103d\u0103cinilor. <\/p>\n\n\n\n<p>O lun\u0103 mai t\u00e2rziu, <a href=\"https:\/\/buletin.de\/bucuresti\/pmb-amendata-de-ministerul-mediului-din-cauza-registrului-verde-dupa-dezvaluirile-buletin-de-bucuresti-s-au-trasat-masuri-de-conformare-care-vor-fi-verificate-periodic\/\">Prim\u0103ria Capitalei a fost amendat\u0103 cu 100.000 de lei de Garda de Mediu<\/a>, \u00een urma unui control care constata c\u0103 institu\u021bia nu de\u021bine un Registru al Spa\u021biilor Verzi conform normelor.<\/p>\n\n\n\n<p>Cu toate c\u0103 amenda a venit la pachet cu \u201em\u0103suri de conformare care vor fi verificate periodic\u201d, Prim\u0103ria Municipilului Bucure\u0219ti a transmis, la solicitarea Buletin de Bucure\u0219ti, c\u0103 Registrul Spa\u021biilor Verzi al Municipiului Bucure\u0219ti este \u00een lista de priorit\u0103\u021bi, dar \u0219i c\u0103 acest demers este condi\u021bionat \u0219i de disponibilitatea fondurilor bugetare.<\/p>\n\n\n\n<p>Red\u0103m, mai jos, r\u0103spunsul integral transmis de Direc\u021bia de Pres\u0103 a Prim\u0103riei Municipiului Bucure\u0219ti. <\/p>\n\n\n\n<blockquote class=\"wp-block-quote is-layout-flow wp-block-quote-is-layout-flow\"><p>Prim\u0103ria Municipiului Bucure\u0219ti a finalizat, \u00een anul 2011, inventarierea spa\u021biilor verzi de pe domeniul public \u00een cadrul obiectivului de investi\u021bii \u201eCadastrul Verde al Municipiului Bucure\u0219ti \u2013 Registrul spa\u021biilor verzi\u201d ca urmare a obliga\u021biilor ce revin autorit\u0103\u021bilor publice locale, conform prevederilor art. 16 din Legea nr. 24\/2007 privind reglementarea \u0219i administrarea spa\u021biilor verzi din intravilanul localit\u0103\u021bilor, republicat\u0103, de a \u021bine eviden\u021ba spa\u021biilor verzi aflate pe teritoriul unit\u0103\u021bilor administrative, prin constituirea registrelor locale ale spa\u021biilor verzi, pe care le actualizeaz\u0103 ori de c\u00e2te ori intervin modific\u0103ri.<\/p><p>Registrul Spatiilor Verzi al Municipiului Bucure\u0219ti a fost realizat ca un sistem informa\u021bional de \u00eenregistrare \u0219i eviden\u021b\u0103 a spa\u021biilor verzi aflate \u00een intravilanul Municipiului Bucure\u0219ti, inventariate \u00een perioada 2010-2011 \u0219i reprezentate pe planuri topografice, put\u00e2nd fi accesat pe site-ul Prim\u0103riei Municipiului Bucure\u0219ti. <\/p><p>Varianta disponibil\u0103 la aceast\u0103 dat\u0103 are doar rol consultativ \u0219i nu atrage r\u0103spundere juridic\u0103.<\/p><p>Facem precizarea ca <strong>Prim\u0103ria Capitalei are in lista de priorit\u0103\u021bi evaluarea \u0219i actualizarea Registrului Spatiilor Verzi al Municipiului Bucure\u0219ti<\/strong>, acest lucru fiind necesar a se realiza \u00een strict\u0103 corelare cu actualizarea Planului Urbanistic General al Capitalei \u0219i \u00een conformitate cu Ordinul MDRT nr. 1466\/2010.<\/p><p>Men\u021bion\u0103m, de asemenea, c\u0103 <strong>acest demers este condi\u021bionat \u0219i de disponibilitatea fondurilor bugetare.<\/strong><\/p><\/blockquote>\n\n\n\n<p>Cite\u0219te \u0219i <\/p>\n\n\n\n<p><a href=\"https:\/\/buletin.de\/bucuresti\/marea-mutilare-a-arborilor-din-bucuresti-i-pierdem-5-000-de-arbori-in-fiecare-an-iar-copacii-din-jurul-blocurilor-vor-disparea\/\">Marea Mutilare a Arborilor din Bucure\u0219ti (I) | Pierdem 5.000 de arbori \u00een fiecare an, iar copacii din jurul blocurilor vor disp\u0103rea<\/a><\/p>\n\n\n\n<p><a href=\"https:\/\/buletin.de\/bucuresti\/marea-mutilare-a-arborilor-din-bucuresti-ii-milioane-de-euro-cheltuite-pentru-un-registru-verde-incomplet\/\">Marea Mutilare a Arborilor din Bucure\u0219ti (II) | Milioane de euro, cheltuite pentru un Registru Verde incomplet<\/a><\/p>\n\n\n\n<p><a href=\"https:\/\/buletin.de\/bucuresti\/marea-mutilare-a-arborilor-din-bucuresti-iii-banca-de-date-urbane-a-capitalei-care-include-si-registrul-verde-a-ramas-fara-mentenanta\/\">Marea Mutilare a Arborilor din Bucure\u0219ti (III) | Banca de Date Urbane a Capitalei, care include \u0219i Registrul Verde, a r\u0103mas f\u0103r\u0103 mentenan\u021b\u0103<\/a><\/p>\n\n\n\n<p><\/p>\n","protected":false},"excerpt":{"rendered":"<p>De\u0219i Prim\u0103ria Capitalei a fost amendat\u0103 cu 100.000 de lei de Garda de Mediu, \u00een urma unui control care a constatat c\u0103 institu\u021bia nu de\u021bine un Registru al Spa\u021biilor Verzi conform normelor, biroul de pres\u0103 al PMB a transmis, la solicitarea Buletin de Bucure\u0219ti, c\u0103 actualizarea eviden\u021bei spa\u021biilor verzi este condi\u021bionat\u0103 de disponibilitatea fondurilor bugetare. [&hellip;]<\/p>\n","protected":false},"author":10,"featured_media":9971,"comment_status":"closed","ping_status":"open","sticky":false,"template":"","format":"standard","meta":{"_acf_changed":false,"inline_featured_image":false,"ngg_post_thumbnail":0,"footnotes":""},"categories":[109],"tags":[1093,850,1072],"ppma_author":[22575],"class_list":["post-9968","post","type-post","status-publish","format-standard","has-post-thumbnail","hentry","category-mediu","tag-actualizare","tag-amenda","tag-registrul-verde"],"acf":[],"yoast_head":"<!-- This site is optimized with the Yoast SEO Premium plugin v25.3 (Yoast SEO v27.4) - https:\/\/yoast.com\/product\/yoast-seo-premium-wordpress\/ -->\n<title>PMB, dup\u0103 amenda de 100.000 de lei de la Garda de Mediu: Registrul Spa\u021biilor Verzi, \u201econdi\u021bionat de disponibilitatea fondurilor bugetare\u201d, dar \u201e\u00een lista de priorit\u0103\u021bi\u201d - Buletin de Bucure\u0219ti<\/title>\n<meta name=\"robots\" content=\"index, follow, max-snippet:-1, max-image-preview:large, max-video-preview:-1\" \/>\n<link rel=\"canonical\" href=\"https:\/\/buletin.de\/bucuresti\/pmb-dupa-amenda-de-100-000-de-lei-de-la-garda-de-mediu-registrul-spatiilor-verzi-conditionat-de-disponibilitatea-fondurilor-bugetare-dar-in-lista-de-prioritati\/\" \/>\n<meta property=\"og:locale\" content=\"en_GB\" \/>\n<meta property=\"og:type\" content=\"article\" \/>\n<meta property=\"og:title\" content=\"PMB, dup\u0103 amenda de 100.000 de lei de la Garda de Mediu: Registrul Spa\u021biilor Verzi, \u201econdi\u021bionat de disponibilitatea fondurilor bugetare\u201d, dar \u201e\u00een lista de priorit\u0103\u021bi\u201d\" \/>\n<meta property=\"og:description\" content=\"De\u0219i Prim\u0103ria Capitalei a fost amendat\u0103 cu 100.000 de lei de Garda de Mediu, \u00een urma unui control care a constatat c\u0103 institu\u021bia nu de\u021bine un Registru al Spa\u021biilor Verzi conform normelor, biroul de pres\u0103 al PMB a transmis, la solicitarea Buletin de Bucure\u0219ti, c\u0103 actualizarea eviden\u021bei spa\u021biilor verzi este condi\u021bionat\u0103 de disponibilitatea fondurilor bugetare. [&hellip;]\" \/>\n<meta property=\"og:url\" content=\"https:\/\/buletin.de\/bucuresti\/pmb-dupa-amenda-de-100-000-de-lei-de-la-garda-de-mediu-registrul-spatiilor-verzi-conditionat-de-disponibilitatea-fondurilor-bugetare-dar-in-lista-de-prioritati\/\" \/>\n<meta property=\"og:site_name\" content=\"Buletin de Bucure\u0219ti\" \/>\n<meta property=\"article:publisher\" content=\"https:\/\/www.facebook.com\/buletin.de.buc\" \/>\n<meta property=\"article:published_time\" content=\"2020-08-03T13:03:30+00:00\" \/>\n<meta property=\"article:modified_time\" content=\"2020-08-03T13:07:41+00:00\" \/>\n<meta property=\"og:image\" content=\"https:\/\/buletin.de\/bucuresti\/wp-content\/uploads\/reg-ver.jpg\" \/>\n\t<meta property=\"og:image:width\" content=\"1655\" \/>\n\t<meta property=\"og:image:height\" content=\"1150\" \/>\n\t<meta property=\"og:image:type\" content=\"image\/jpeg\" \/>\n<meta name=\"author\" content=\"C\u0103t\u0103lin Dosca\u0219\" \/>\n<meta name=\"twitter:card\" content=\"summary_large_image\" \/>\n<meta name=\"twitter:label1\" content=\"Written by\" \/>\n\t<meta name=\"twitter:data1\" content=\"C\u0103t\u0103lin Dosca\u0219\" \/>\n\t<meta name=\"twitter:label2\" content=\"Estimated reading time\" \/>\n\t<meta name=\"twitter:data2\" content=\"3 minutes\" \/>\n<script type=\"application\/ld+json\" class=\"yoast-schema-graph\">{\"@context\":\"https:\\\/\\\/schema.org\",\"@graph\":[{\"@type\":\"Article\",\"@id\":\"https:\\\/\\\/buletin.de\\\/bucuresti\\\/pmb-dupa-amenda-de-100-000-de-lei-de-la-garda-de-mediu-registrul-spatiilor-verzi-conditionat-de-disponibilitatea-fondurilor-bugetare-dar-in-lista-de-prioritati\\\/#article\",\"isPartOf\":{\"@id\":\"https:\\\/\\\/buletin.de\\\/bucuresti\\\/pmb-dupa-amenda-de-100-000-de-lei-de-la-garda-de-mediu-registrul-spatiilor-verzi-conditionat-de-disponibilitatea-fondurilor-bugetare-dar-in-lista-de-prioritati\\\/\"},\"author\":{\"name\":\"C\u0103t\u0103lin Dosca\u0219\",\"@id\":\"https:\\\/\\\/buletin.de\\\/bucuresti\\\/#\\\/schema\\\/person\\\/31117187ed4d0bdb0a4c7d6acc79d0f8\"},\"headline\":\"PMB, dup\u0103 amenda de 100.000 de lei de la Garda de Mediu: Registrul Spa\u021biilor Verzi, \u201econdi\u021bionat de disponibilitatea fondurilor bugetare\u201d, dar \u201e\u00een lista de priorit\u0103\u021bi\u201d\",\"datePublished\":\"2020-08-03T13:03:30+00:00\",\"dateModified\":\"2020-08-03T13:07:41+00:00\",\"mainEntityOfPage\":{\"@id\":\"https:\\\/\\\/buletin.de\\\/bucuresti\\\/pmb-dupa-amenda-de-100-000-de-lei-de-la-garda-de-mediu-registrul-spatiilor-verzi-conditionat-de-disponibilitatea-fondurilor-bugetare-dar-in-lista-de-prioritati\\\/\"},\"wordCount\":589,\"publisher\":{\"@id\":\"https:\\\/\\\/buletin.de\\\/bucuresti\\\/#organization\"},\"image\":{\"@id\":\"https:\\\/\\\/buletin.de\\\/bucuresti\\\/pmb-dupa-amenda-de-100-000-de-lei-de-la-garda-de-mediu-registrul-spatiilor-verzi-conditionat-de-disponibilitatea-fondurilor-bugetare-dar-in-lista-de-prioritati\\\/#primaryimage\"},\"thumbnailUrl\":\"https:\\\/\\\/buletin.de\\\/bucuresti\\\/wp-content\\\/uploads\\\/reg-ver.jpg\",\"keywords\":[\"actualizare\",\"amenda\",\"registrul verde\"],\"articleSection\":[\"Mediu\"],\"inLanguage\":\"en-GB\",\"copyrightYear\":\"2020\",\"copyrightHolder\":{\"@id\":\"https:\\\/\\\/buletin.de\\\/bucuresti\\\/#organization\"}},{\"@type\":\"WebPage\",\"@id\":\"https:\\\/\\\/buletin.de\\\/bucuresti\\\/pmb-dupa-amenda-de-100-000-de-lei-de-la-garda-de-mediu-registrul-spatiilor-verzi-conditionat-de-disponibilitatea-fondurilor-bugetare-dar-in-lista-de-prioritati\\\/\",\"url\":\"https:\\\/\\\/buletin.de\\\/bucuresti\\\/pmb-dupa-amenda-de-100-000-de-lei-de-la-garda-de-mediu-registrul-spatiilor-verzi-conditionat-de-disponibilitatea-fondurilor-bugetare-dar-in-lista-de-prioritati\\\/\",\"name\":\"PMB, dup\u0103 amenda de 100.000 de lei de la Garda de Mediu: Registrul Spa\u021biilor Verzi, \u201econdi\u021bionat de disponibilitatea fondurilor bugetare\u201d, dar \u201e\u00een lista de priorit\u0103\u021bi\u201d - Buletin de Bucure\u0219ti\",\"isPartOf\":{\"@id\":\"https:\\\/\\\/buletin.de\\\/bucuresti\\\/#website\"},\"primaryImageOfPage\":{\"@id\":\"https:\\\/\\\/buletin.de\\\/bucuresti\\\/pmb-dupa-amenda-de-100-000-de-lei-de-la-garda-de-mediu-registrul-spatiilor-verzi-conditionat-de-disponibilitatea-fondurilor-bugetare-dar-in-lista-de-prioritati\\\/#primaryimage\"},\"image\":{\"@id\":\"https:\\\/\\\/buletin.de\\\/bucuresti\\\/pmb-dupa-amenda-de-100-000-de-lei-de-la-garda-de-mediu-registrul-spatiilor-verzi-conditionat-de-disponibilitatea-fondurilor-bugetare-dar-in-lista-de-prioritati\\\/#primaryimage\"},\"thumbnailUrl\":\"https:\\\/\\\/buletin.de\\\/bucuresti\\\/wp-content\\\/uploads\\\/reg-ver.jpg\",\"datePublished\":\"2020-08-03T13:03:30+00:00\",\"dateModified\":\"2020-08-03T13:07:41+00:00\",\"breadcrumb\":{\"@id\":\"https:\\\/\\\/buletin.de\\\/bucuresti\\\/pmb-dupa-amenda-de-100-000-de-lei-de-la-garda-de-mediu-registrul-spatiilor-verzi-conditionat-de-disponibilitatea-fondurilor-bugetare-dar-in-lista-de-prioritati\\\/#breadcrumb\"},\"inLanguage\":\"en-GB\",\"potentialAction\":[{\"@type\":\"ReadAction\",\"target\":[\"https:\\\/\\\/buletin.de\\\/bucuresti\\\/pmb-dupa-amenda-de-100-000-de-lei-de-la-garda-de-mediu-registrul-spatiilor-verzi-conditionat-de-disponibilitatea-fondurilor-bugetare-dar-in-lista-de-prioritati\\\/\"]}]},{\"@type\":\"ImageObject\",\"inLanguage\":\"en-GB\",\"@id\":\"https:\\\/\\\/buletin.de\\\/bucuresti\\\/pmb-dupa-amenda-de-100-000-de-lei-de-la-garda-de-mediu-registrul-spatiilor-verzi-conditionat-de-disponibilitatea-fondurilor-bugetare-dar-in-lista-de-prioritati\\\/#primaryimage\",\"url\":\"https:\\\/\\\/buletin.de\\\/bucuresti\\\/wp-content\\\/uploads\\\/reg-ver.jpg\",\"contentUrl\":\"https:\\\/\\\/buletin.de\\\/bucuresti\\\/wp-content\\\/uploads\\\/reg-ver.jpg\",\"width\":1655,\"height\":1150},{\"@type\":\"BreadcrumbList\",\"@id\":\"https:\\\/\\\/buletin.de\\\/bucuresti\\\/pmb-dupa-amenda-de-100-000-de-lei-de-la-garda-de-mediu-registrul-spatiilor-verzi-conditionat-de-disponibilitatea-fondurilor-bugetare-dar-in-lista-de-prioritati\\\/#breadcrumb\",\"itemListElement\":[{\"@type\":\"ListItem\",\"position\":1,\"name\":\"Acas\u0103\",\"item\":\"https:\\\/\\\/buletin.de\\\/bucuresti\\\/\"},{\"@type\":\"ListItem\",\"position\":2,\"name\":\"PMB, dup\u0103 amenda de 100.000 de lei de la Garda de Mediu: Registrul Spa\u021biilor Verzi, \u201econdi\u021bionat de disponibilitatea fondurilor bugetare\u201d, dar \u201e\u00een lista de priorit\u0103\u021bi\u201d\"}]},{\"@type\":\"WebSite\",\"@id\":\"https:\\\/\\\/buletin.de\\\/bucuresti\\\/#website\",\"url\":\"https:\\\/\\\/buletin.de\\\/bucuresti\\\/\",\"name\":\"Buletin de Bucure\u0219ti\",\"description\":\"\u0218tiri \u0219i investiga\u021bii esen\u021biale din capital\u0103\",\"publisher\":{\"@id\":\"https:\\\/\\\/buletin.de\\\/bucuresti\\\/#organization\"},\"potentialAction\":[{\"@type\":\"SearchAction\",\"target\":{\"@type\":\"EntryPoint\",\"urlTemplate\":\"https:\\\/\\\/buletin.de\\\/bucuresti\\\/?s={search_term_string}\"},\"query-input\":{\"@type\":\"PropertyValueSpecification\",\"valueRequired\":true,\"valueName\":\"search_term_string\"}}],\"inLanguage\":\"en-GB\"},{\"@type\":\"Organization\",\"@id\":\"https:\\\/\\\/buletin.de\\\/bucuresti\\\/#organization\",\"name\":\"Buletin de Bucure\u0219ti\",\"url\":\"https:\\\/\\\/buletin.de\\\/bucuresti\\\/\",\"logo\":{\"@type\":\"ImageObject\",\"inLanguage\":\"en-GB\",\"@id\":\"https:\\\/\\\/buletin.de\\\/bucuresti\\\/#\\\/schema\\\/logo\\\/image\\\/\",\"url\":\"https:\\\/\\\/buletin.de\\\/bucuresti\\\/wp-content\\\/uploads\\\/logo-bdb-full-wide-vernil-transparent.png\",\"contentUrl\":\"https:\\\/\\\/buletin.de\\\/bucuresti\\\/wp-content\\\/uploads\\\/logo-bdb-full-wide-vernil-transparent.png\",\"width\":1782,\"height\":626,\"caption\":\"Buletin de Bucure\u0219ti\"},\"image\":{\"@id\":\"https:\\\/\\\/buletin.de\\\/bucuresti\\\/#\\\/schema\\\/logo\\\/image\\\/\"},\"sameAs\":[\"https:\\\/\\\/www.facebook.com\\\/buletin.de.buc\",\"https:\\\/\\\/www.instagram.com\\\/buletinde.bucuresti\\\/\"]},{\"@type\":\"Person\",\"@id\":\"https:\\\/\\\/buletin.de\\\/bucuresti\\\/#\\\/schema\\\/person\\\/31117187ed4d0bdb0a4c7d6acc79d0f8\",\"name\":\"C\u0103t\u0103lin Dosca\u0219\",\"image\":{\"@type\":\"ImageObject\",\"inLanguage\":\"en-GB\",\"@id\":\"https:\\\/\\\/buletin.de\\\/bucuresti\\\/wp-content\\\/uploads\\\/Catalin-Doscas-e1732731064764-96x96.jpga93e2943bb3b1c1f9ead823df6e6317a\",\"url\":\"https:\\\/\\\/buletin.de\\\/bucuresti\\\/wp-content\\\/uploads\\\/Catalin-Doscas-e1732731064764-96x96.jpg\",\"contentUrl\":\"https:\\\/\\\/buletin.de\\\/bucuresti\\\/wp-content\\\/uploads\\\/Catalin-Doscas-e1732731064764-96x96.jpg\",\"caption\":\"C\u0103t\u0103lin Dosca\u0219\"},\"description\":\"Reporter \u0219i redactor-\u0219ef Buletin de Bucure\u0219ti. Lucreaz\u0103 \u00een mass-media de la v\u00e2rsta de 15 ani, c\u00e2nd a publicat primele articole \u00een presa local\u0103 din Tecuci. \u00cen Bucure\u0219ti a lucrat \u00een redac\u021bii radio ca reporter, redactor \u0219i prezentator (StudentFM, Na\u021bionalFM, Radio Total, Smart FM), unde a acoperit domeniile politic, economic, social \u0219i externe. Ulterior, a fost editor-coordonator al postului Realitatea FM. Experien\u021ba \u00een jurnalismul online a dob\u00e2ndit-o la portalul B365.ro, unde a fost editor. \u00cen 2012 s-a angajat \u00een televiziune. La Realitatea TV a fost, pe r\u00e2nd, reporter la sec\u021bia Social, reporter special la emisiunea de reportaje \u0219i anchete \u201eReporterii Realit\u0103\u021bii\u201d, dar \u0219i editor al jurnalelor de \u0219tiri. Ulterior, a f\u0103cut parte din sec\u021bia de Investiga\u021bii de la Digi24 \u0219i a lucrat la campania \u201eRom\u00e2nia furat\u0103\u201d. A revenit \u00een presa scris\u0103 \u00een 2017, ca reporter special, \u00een cadrul unui proiect de repozi\u021bionare a tabloidului Libertatea \u00een cotidian generalist. Este jurnalist Buletin de Bucure\u0219ti din 2019.\",\"url\":\"https:\\\/\\\/buletin.de\\\/bucuresti\\\/author\\\/catalin\\\/\"}]}<\/script>\n<!-- \/ Yoast SEO Premium plugin. -->","yoast_head_json":{"title":"PMB, dup\u0103 amenda de 100.000 de lei de la Garda de Mediu: Registrul Spa\u021biilor Verzi, \u201econdi\u021bionat de disponibilitatea fondurilor bugetare\u201d, dar \u201e\u00een lista de priorit\u0103\u021bi\u201d - Buletin de Bucure\u0219ti","robots":{"index":"index","follow":"follow","max-snippet":"max-snippet:-1","max-image-preview":"max-image-preview:large","max-video-preview":"max-video-preview:-1"},"canonical":"https:\/\/buletin.de\/bucuresti\/pmb-dupa-amenda-de-100-000-de-lei-de-la-garda-de-mediu-registrul-spatiilor-verzi-conditionat-de-disponibilitatea-fondurilor-bugetare-dar-in-lista-de-prioritati\/","og_locale":"en_GB","og_type":"article","og_title":"PMB, dup\u0103 amenda de 100.000 de lei de la Garda de Mediu: Registrul Spa\u021biilor Verzi, \u201econdi\u021bionat de disponibilitatea fondurilor bugetare\u201d, dar \u201e\u00een lista de priorit\u0103\u021bi\u201d","og_description":"De\u0219i Prim\u0103ria Capitalei a fost amendat\u0103 cu 100.000 de lei de Garda de Mediu, \u00een urma unui control care a constatat c\u0103 institu\u021bia nu de\u021bine un Registru al Spa\u021biilor Verzi conform normelor, biroul de pres\u0103 al PMB a transmis, la solicitarea Buletin de Bucure\u0219ti, c\u0103 actualizarea eviden\u021bei spa\u021biilor verzi este condi\u021bionat\u0103 de disponibilitatea fondurilor bugetare. [&hellip;]","og_url":"https:\/\/buletin.de\/bucuresti\/pmb-dupa-amenda-de-100-000-de-lei-de-la-garda-de-mediu-registrul-spatiilor-verzi-conditionat-de-disponibilitatea-fondurilor-bugetare-dar-in-lista-de-prioritati\/","og_site_name":"Buletin de Bucure\u0219ti","article_publisher":"https:\/\/www.facebook.com\/buletin.de.buc","article_published_time":"2020-08-03T13:03:30+00:00","article_modified_time":"2020-08-03T13:07:41+00:00","og_image":[{"width":1655,"height":1150,"url":"https:\/\/buletin.de\/bucuresti\/wp-content\/uploads\/reg-ver.jpg","type":"image\/jpeg"}],"author":"C\u0103t\u0103lin Dosca\u0219","twitter_card":"summary_large_image","twitter_misc":{"Written by":"C\u0103t\u0103lin Dosca\u0219","Estimated reading time":"3 minutes"},"schema":{"@context":"https:\/\/schema.org","@graph":[{"@type":"Article","@id":"https:\/\/buletin.de\/bucuresti\/pmb-dupa-amenda-de-100-000-de-lei-de-la-garda-de-mediu-registrul-spatiilor-verzi-conditionat-de-disponibilitatea-fondurilor-bugetare-dar-in-lista-de-prioritati\/#article","isPartOf":{"@id":"https:\/\/buletin.de\/bucuresti\/pmb-dupa-amenda-de-100-000-de-lei-de-la-garda-de-mediu-registrul-spatiilor-verzi-conditionat-de-disponibilitatea-fondurilor-bugetare-dar-in-lista-de-prioritati\/"},"author":{"name":"C\u0103t\u0103lin Dosca\u0219","@id":"https:\/\/buletin.de\/bucuresti\/#\/schema\/person\/31117187ed4d0bdb0a4c7d6acc79d0f8"},"headline":"PMB, dup\u0103 amenda de 100.000 de lei de la Garda de Mediu: Registrul Spa\u021biilor Verzi, \u201econdi\u021bionat de disponibilitatea fondurilor bugetare\u201d, dar \u201e\u00een lista de priorit\u0103\u021bi\u201d","datePublished":"2020-08-03T13:03:30+00:00","dateModified":"2020-08-03T13:07:41+00:00","mainEntityOfPage":{"@id":"https:\/\/buletin.de\/bucuresti\/pmb-dupa-amenda-de-100-000-de-lei-de-la-garda-de-mediu-registrul-spatiilor-verzi-conditionat-de-disponibilitatea-fondurilor-bugetare-dar-in-lista-de-prioritati\/"},"wordCount":589,"publisher":{"@id":"https:\/\/buletin.de\/bucuresti\/#organization"},"image":{"@id":"https:\/\/buletin.de\/bucuresti\/pmb-dupa-amenda-de-100-000-de-lei-de-la-garda-de-mediu-registrul-spatiilor-verzi-conditionat-de-disponibilitatea-fondurilor-bugetare-dar-in-lista-de-prioritati\/#primaryimage"},"thumbnailUrl":"https:\/\/buletin.de\/bucuresti\/wp-content\/uploads\/reg-ver.jpg","keywords":["actualizare","amenda","registrul verde"],"articleSection":["Mediu"],"inLanguage":"en-GB","copyrightYear":"2020","copyrightHolder":{"@id":"https:\/\/buletin.de\/bucuresti\/#organization"}},{"@type":"WebPage","@id":"https:\/\/buletin.de\/bucuresti\/pmb-dupa-amenda-de-100-000-de-lei-de-la-garda-de-mediu-registrul-spatiilor-verzi-conditionat-de-disponibilitatea-fondurilor-bugetare-dar-in-lista-de-prioritati\/","url":"https:\/\/buletin.de\/bucuresti\/pmb-dupa-amenda-de-100-000-de-lei-de-la-garda-de-mediu-registrul-spatiilor-verzi-conditionat-de-disponibilitatea-fondurilor-bugetare-dar-in-lista-de-prioritati\/","name":"PMB, dup\u0103 amenda de 100.000 de lei de la Garda de Mediu: Registrul Spa\u021biilor Verzi, \u201econdi\u021bionat de disponibilitatea fondurilor bugetare\u201d, dar \u201e\u00een lista de priorit\u0103\u021bi\u201d - Buletin de Bucure\u0219ti","isPartOf":{"@id":"https:\/\/buletin.de\/bucuresti\/#website"},"primaryImageOfPage":{"@id":"https:\/\/buletin.de\/bucuresti\/pmb-dupa-amenda-de-100-000-de-lei-de-la-garda-de-mediu-registrul-spatiilor-verzi-conditionat-de-disponibilitatea-fondurilor-bugetare-dar-in-lista-de-prioritati\/#primaryimage"},"image":{"@id":"https:\/\/buletin.de\/bucuresti\/pmb-dupa-amenda-de-100-000-de-lei-de-la-garda-de-mediu-registrul-spatiilor-verzi-conditionat-de-disponibilitatea-fondurilor-bugetare-dar-in-lista-de-prioritati\/#primaryimage"},"thumbnailUrl":"https:\/\/buletin.de\/bucuresti\/wp-content\/uploads\/reg-ver.jpg","datePublished":"2020-08-03T13:03:30+00:00","dateModified":"2020-08-03T13:07:41+00:00","breadcrumb":{"@id":"https:\/\/buletin.de\/bucuresti\/pmb-dupa-amenda-de-100-000-de-lei-de-la-garda-de-mediu-registrul-spatiilor-verzi-conditionat-de-disponibilitatea-fondurilor-bugetare-dar-in-lista-de-prioritati\/#breadcrumb"},"inLanguage":"en-GB","potentialAction":[{"@type":"ReadAction","target":["https:\/\/buletin.de\/bucuresti\/pmb-dupa-amenda-de-100-000-de-lei-de-la-garda-de-mediu-registrul-spatiilor-verzi-conditionat-de-disponibilitatea-fondurilor-bugetare-dar-in-lista-de-prioritati\/"]}]},{"@type":"ImageObject","inLanguage":"en-GB","@id":"https:\/\/buletin.de\/bucuresti\/pmb-dupa-amenda-de-100-000-de-lei-de-la-garda-de-mediu-registrul-spatiilor-verzi-conditionat-de-disponibilitatea-fondurilor-bugetare-dar-in-lista-de-prioritati\/#primaryimage","url":"https:\/\/buletin.de\/bucuresti\/wp-content\/uploads\/reg-ver.jpg","contentUrl":"https:\/\/buletin.de\/bucuresti\/wp-content\/uploads\/reg-ver.jpg","width":1655,"height":1150},{"@type":"BreadcrumbList","@id":"https:\/\/buletin.de\/bucuresti\/pmb-dupa-amenda-de-100-000-de-lei-de-la-garda-de-mediu-registrul-spatiilor-verzi-conditionat-de-disponibilitatea-fondurilor-bugetare-dar-in-lista-de-prioritati\/#breadcrumb","itemListElement":[{"@type":"ListItem","position":1,"name":"Acas\u0103","item":"https:\/\/buletin.de\/bucuresti\/"},{"@type":"ListItem","position":2,"name":"PMB, dup\u0103 amenda de 100.000 de lei de la Garda de Mediu: Registrul Spa\u021biilor Verzi, \u201econdi\u021bionat de disponibilitatea fondurilor bugetare\u201d, dar \u201e\u00een lista de priorit\u0103\u021bi\u201d"}]},{"@type":"WebSite","@id":"https:\/\/buletin.de\/bucuresti\/#website","url":"https:\/\/buletin.de\/bucuresti\/","name":"Buletin de Bucure\u0219ti","description":"\u0218tiri \u0219i investiga\u021bii esen\u021biale din capital\u0103","publisher":{"@id":"https:\/\/buletin.de\/bucuresti\/#organization"},"potentialAction":[{"@type":"SearchAction","target":{"@type":"EntryPoint","urlTemplate":"https:\/\/buletin.de\/bucuresti\/?s={search_term_string}"},"query-input":{"@type":"PropertyValueSpecification","valueRequired":true,"valueName":"search_term_string"}}],"inLanguage":"en-GB"},{"@type":"Organization","@id":"https:\/\/buletin.de\/bucuresti\/#organization","name":"Buletin de Bucure\u0219ti","url":"https:\/\/buletin.de\/bucuresti\/","logo":{"@type":"ImageObject","inLanguage":"en-GB","@id":"https:\/\/buletin.de\/bucuresti\/#\/schema\/logo\/image\/","url":"https:\/\/buletin.de\/bucuresti\/wp-content\/uploads\/logo-bdb-full-wide-vernil-transparent.png","contentUrl":"https:\/\/buletin.de\/bucuresti\/wp-content\/uploads\/logo-bdb-full-wide-vernil-transparent.png","width":1782,"height":626,"caption":"Buletin de Bucure\u0219ti"},"image":{"@id":"https:\/\/buletin.de\/bucuresti\/#\/schema\/logo\/image\/"},"sameAs":["https:\/\/www.facebook.com\/buletin.de.buc","https:\/\/www.instagram.com\/buletinde.bucuresti\/"]},{"@type":"Person","@id":"https:\/\/buletin.de\/bucuresti\/#\/schema\/person\/31117187ed4d0bdb0a4c7d6acc79d0f8","name":"C\u0103t\u0103lin Dosca\u0219","image":{"@type":"ImageObject","inLanguage":"en-GB","@id":"https:\/\/buletin.de\/bucuresti\/wp-content\/uploads\/Catalin-Doscas-e1732731064764-96x96.jpga93e2943bb3b1c1f9ead823df6e6317a","url":"https:\/\/buletin.de\/bucuresti\/wp-content\/uploads\/Catalin-Doscas-e1732731064764-96x96.jpg","contentUrl":"https:\/\/buletin.de\/bucuresti\/wp-content\/uploads\/Catalin-Doscas-e1732731064764-96x96.jpg","caption":"C\u0103t\u0103lin Dosca\u0219"},"description":"Reporter \u0219i redactor-\u0219ef Buletin de Bucure\u0219ti. Lucreaz\u0103 \u00een mass-media de la v\u00e2rsta de 15 ani, c\u00e2nd a publicat primele articole \u00een presa local\u0103 din Tecuci. \u00cen Bucure\u0219ti a lucrat \u00een redac\u021bii radio ca reporter, redactor \u0219i prezentator (StudentFM, Na\u021bionalFM, Radio Total, Smart FM), unde a acoperit domeniile politic, economic, social \u0219i externe. Ulterior, a fost editor-coordonator al postului Realitatea FM. Experien\u021ba \u00een jurnalismul online a dob\u00e2ndit-o la portalul B365.ro, unde a fost editor. \u00cen 2012 s-a angajat \u00een televiziune. La Realitatea TV a fost, pe r\u00e2nd, reporter la sec\u021bia Social, reporter special la emisiunea de reportaje \u0219i anchete \u201eReporterii Realit\u0103\u021bii\u201d, dar \u0219i editor al jurnalelor de \u0219tiri. Ulterior, a f\u0103cut parte din sec\u021bia de Investiga\u021bii de la Digi24 \u0219i a lucrat la campania \u201eRom\u00e2nia furat\u0103\u201d. A revenit \u00een presa scris\u0103 \u00een 2017, ca reporter special, \u00een cadrul unui proiect de repozi\u021bionare a tabloidului Libertatea \u00een cotidian generalist. Este jurnalist Buletin de Bucure\u0219ti din 2019.","url":"https:\/\/buletin.de\/bucuresti\/author\/catalin\/"}]}},"authors":[{"term_id":22575,"user_id":10,"is_guest":0,"slug":"catalin","display_name":"C\u0103t\u0103lin Dosca\u0219","avatar_url":"https:\/\/buletin.de\/bucuresti\/wp-content\/uploads\/Catalin-Doscas-e1732731064764-96x96.jpg","0":null,"1":"","2":"","3":"","4":"","5":"","6":"","7":"","8":""}],"_links":{"self":[{"href":"https:\/\/buletin.de\/bucuresti\/wp-json\/wp\/v2\/posts\/9968","targetHints":{"allow":["GET"]}}],"collection":[{"href":"https:\/\/buletin.de\/bucuresti\/wp-json\/wp\/v2\/posts"}],"about":[{"href":"https:\/\/buletin.de\/bucuresti\/wp-json\/wp\/v2\/types\/post"}],"author":[{"embeddable":true,"href":"https:\/\/buletin.de\/bucuresti\/wp-json\/wp\/v2\/users\/10"}],"replies":[{"embeddable":true,"href":"https:\/\/buletin.de\/bucuresti\/wp-json\/wp\/v2\/comments?post=9968"}],"version-history":[{"count":4,"href":"https:\/\/buletin.de\/bucuresti\/wp-json\/wp\/v2\/posts\/9968\/revisions"}],"predecessor-version":[{"id":9977,"href":"https:\/\/buletin.de\/bucuresti\/wp-json\/wp\/v2\/posts\/9968\/revisions\/9977"}],"wp:featuredmedia":[{"embeddable":true,"href":"https:\/\/buletin.de\/bucuresti\/wp-json\/wp\/v2\/media\/9971"}],"wp:attachment":[{"href":"https:\/\/buletin.de\/bucuresti\/wp-json\/wp\/v2\/media?parent=9968"}],"wp:term":[{"taxonomy":"category","embeddable":true,"href":"https:\/\/buletin.de\/bucuresti\/wp-json\/wp\/v2\/categories?post=9968"},{"taxonomy":"post_tag","embeddable":true,"href":"https:\/\/buletin.de\/bucuresti\/wp-json\/wp\/v2\/tags?post=9968"},{"taxonomy":"author","embeddable":true,"href":"https:\/\/buletin.de\/bucuresti\/wp-json\/wp\/v2\/ppma_author?post=9968"}],"curies":[{"name":"wp","href":"https:\/\/api.w.org\/{rel}","templated":true}]}}