{"id":99660,"date":"2024-09-26T05:51:59","date_gmt":"2024-09-26T02:51:59","guid":{"rendered":"https:\/\/buletin.de\/bucuresti\/?p=99660"},"modified":"2024-09-26T08:42:05","modified_gmt":"2024-09-26T05:42:05","slug":"meciul-fcsb-rigas-fs-modifica-traseele-a-patru-linii","status":"publish","type":"post","link":"https:\/\/buletin.de\/bucuresti\/meciul-fcsb-rigas-fs-modifica-traseele-a-patru-linii\/","title":{"rendered":"Meciul FCSB \u2013 Rigas FS modific\u0103 traseele a patru linii de transport \u00een comun"},"content":{"rendered":"\n<p><strong>Meciul FCSB &#8211; Rigas FS modific\u0103 traseele a patru linii de transport \u00een comun, potrivit <a href=\"https:\/\/tpbi.ro\/meciul-fcsb-rigas-fs-tpbi-modifica-traseele-a-patru-linii-de-transport-in-comun-si-prelungeste-orarul-de-circulatie-in-zona-arena-nationala\/\">TPBI.<\/a> De asemenea, programul se prelunge\u0219te pentru alte opt. Meciul FCSB &#8211; Rigas FS, este programat pe 26 septembrie, de la ora 22:00, pe Arena Na\u021bional\u0103.<\/strong><\/p>\n\n\n\n<p>Cele patru linii vor func\u021biona pe trasee modificate, astfel:<\/p>\n\n\n\n<p><strong>Linia 86<\/strong>&nbsp;va func\u021biona pe traseul de baz\u0103 \u00eentre terminalul \u201eCl\u0103bucet\u201d \u0219i intersec\u021bia Str.&nbsp;Vatra Luminoas\u0103\/ Str. Tony Bulandra. Apoi, traseul se  modific\u0103, \u00een ambele sensuri, pe Str. Tony Bulandra, cu \u00eentoarcere \u00een Depoul Vatra Luminoas\u0103.<\/p>\n\n\n\n<p><strong>Linia 90<\/strong>&nbsp;va func\u021biona pe traseul de baz\u0103 \u00eentre terminalul \u201eSem\u0103n\u0103toarea\u201d \u0219i intersec\u021bia Str. Vatra Luminoas\u0103\/ Str. Tony Bulandra, apoi pe un traseu modificat, \u00een ambele sensuri, pe Str. Tony Bulandra, cu \u00eentoarcere \u00een Depoul Vatra Luminoas\u0103.<\/p>\n\n\n\n<p><strong>Linia 104<\/strong>&nbsp;va func\u021biona pe traseul de baz\u0103 \u00eentre terminalul \u201eComplex Comercial Pantelimon\u201d \u0219i intersec\u021bia \u0218os. Iancului\/ Bd. Pierre de Coubertin, apoi pe un traseu modificat, \u00een ambele sensuri, pe \u0218os. Iancului, \u0218os. Mihai Bravu, Bd. Decebal, apoi traseul actual.<\/p>\n\n\n\n<p><strong>Linia 143&nbsp;<\/strong>va func\u021biona pe traseul de baz\u0103 \u00eentre terminalul \u201eBucur Obor\u201d \u0219i intersec\u021bia Str.&nbsp;Baicului\/ \u0218oseaua Pantelimon, apoi pe un traseu modificat pe:<\/p>\n\n\n\n<ul class=\"wp-block-list\">\n<li>\u0218oseaua Pantelimon;<\/li>\n\n\n\n<li>Bd.&nbsp;Ferdinand;<\/li>\n\n\n\n<li>Bd. G\u0103rii Obor, p\u00e2n\u0103 la terminalul&nbsp; \u201eBaicului\u201d (linii 69, 85, 382);<\/li>\n\n\n\n<li>\u00eentoarcere pe Str. Baicului, Str. Paharnicul Turturea, Str. Dumitru Slugeru;<\/li>\n\n\n\n<li>traseul actual.<\/li>\n<\/ul>\n\n\n\n<p><strong>CITE\u0218TE \u0218I:<\/strong> <a href=\"https:\/\/buletin.de\/bucuresti\/trei-santiere-noi-pentru-termoficare\/\">Trei \u0219antiere noi pentru termoficare. 18 sunt deschise, p\u00e2n\u0103 acum, \u00een toat\u0103 Capitala<\/a><\/p>\n\n\n\n<h2 class=\"wp-block-heading\" id=\"h-meciul-fcsb-rigas-fs-modifica-traseele-opt-linii-stb-i\u0219i-modifica-programul\"><strong>Meciul FCSB &#8211; Rigas FS modific\u0103 traseele<\/strong>. Opt linii STB \u00ee\u0219i modific\u0103 programul<\/h2>\n\n\n\n<p>De asemenea,\u00a0<strong>programele de func\u021bionare pentru liniile 40, 55, 86, 90, 104, 311, N1 \u0219i N10 se vor decala\/ prelungi<\/strong>, dup\u0103 cum urmeaz\u0103:<\/p>\n\n\n\n<p><strong>Liniile 40 \u0219i linia 55&nbsp;<\/strong> vor avea ultimele<strong>&nbsp;treceri \u00een zona stadionului \u00een jurul orei 0:30. Linia 86&nbsp;<\/strong>va avea<strong>&nbsp;ultima trecere \u00een jurul orei 0:15 iar linia 90, \u00een jurul orei 0:00<\/strong>.<\/p>\n\n\n\n<p>L<strong>inia 104 va trece, in zona stadionului \u00een jurul orei 0:20,<\/strong>&nbsp;iar&nbsp;<strong>linia 311 \u00een jurul orei 0:30.<\/strong><\/p>\n\n\n\n<p>Liniile de noapte N1 \u0219i N10 vor asigura treceri cu autobuze \u00een zona Arenei Na\u021bionale la fiecare 5 minute:<\/p>\n\n\n\n<ul class=\"wp-block-list\">\n<li><strong>linia N1 \u2013 \u00eentre orele 23:45-0:15;<\/strong><\/li>\n\n\n\n<li><strong>linia N10 \u00een intervalul 0:05-0:35.<\/strong><\/li>\n<\/ul>\n\n\n\n<p>TPIB precizeaz\u0103 c\u0103  spectatorii pot utiliza \u0219i autobuzele celorlalte linii de noapte, Acestea circul\u0103 la un interval de 30 de minute.<\/p>\n\n\n\n<p><strong>CITE\u0218TE \u0218I:<\/strong> <a href=\"https:\/\/buletin.de\/bucuresti\/perchezitii-dna-la-un-dezvoltator-imobiliar-din-clanul-vasiloi-din-bucuresti\/\">Perchezi\u021bii DNA la un dezvoltator imobiliar din clanul Vasiloi din Bucure\u0219ti<\/a><\/p>\n\n\n\n<p><\/p>\n","protected":false},"excerpt":{"rendered":"<p>Meciul FCSB &#8211; Rigas FS modific\u0103 traseele a patru linii de transport \u00een comun, potrivit TPBI. De asemenea, programul se prelunge\u0219te pentru alte opt. Meciul FCSB &#8211; Rigas FS, este programat pe 26 septembrie, de la ora 22:00, pe Arena Na\u021bional\u0103. Cele patru linii vor func\u021biona pe trasee modificate, astfel: Linia 86&nbsp;va func\u021biona pe traseul [&hellip;]<\/p>\n","protected":false},"author":49,"featured_media":99664,"comment_status":"closed","ping_status":"open","sticky":false,"template":"","format":"standard","meta":{"_acf_changed":false,"inline_featured_image":false,"ngg_post_thumbnail":0,"footnotes":""},"categories":[6994,62,650],"tags":[261,11344,12150,12151,15412,2842],"ppma_author":[22574],"class_list":["post-99660","post","type-post","status-publish","format-standard","has-post-thumbnail","hentry","category-stiri-2","category-stiri","category-transport","tag-arena-nationala","tag-linia-104","tag-linia-86","tag-linia-90","tag-meciul-fcsb-rigas-fs","tag-tpbi"],"acf":[],"yoast_head":"<!-- This site is optimized with the Yoast SEO Premium plugin v25.3 (Yoast SEO v27.4) - https:\/\/yoast.com\/product\/yoast-seo-premium-wordpress\/ -->\n<title>Meciul FCSB \u2013 Rigas FS modific\u0103 traseele a patru linii de transport \u00een comun - Buletin de Bucure\u0219ti<\/title>\n<meta name=\"description\" content=\"Meciul FCSB \u2013 Rigas FS modific\u0103 traseele a patru linii de transport \u00een comun. este programat de la ora 21:00, pe Arena Na\u021bional\u0103.\" \/>\n<meta name=\"robots\" content=\"index, follow, max-snippet:-1, max-image-preview:large, max-video-preview:-1\" \/>\n<link rel=\"canonical\" href=\"https:\/\/buletin.de\/bucuresti\/meciul-fcsb-rigas-fs-modifica-traseele-a-patru-linii\/\" \/>\n<meta property=\"og:locale\" content=\"en_GB\" \/>\n<meta property=\"og:type\" content=\"article\" \/>\n<meta property=\"og:title\" content=\"Meciul FCSB \u2013 Rigas FS modific\u0103 traseele a patru linii de transport \u00een comun\" \/>\n<meta property=\"og:description\" content=\"Meciul FCSB \u2013 Rigas FS modific\u0103 traseele a patru linii de transport \u00een comun. este programat de la ora 21:00, pe Arena Na\u021bional\u0103.\" \/>\n<meta property=\"og:url\" content=\"https:\/\/buletin.de\/bucuresti\/meciul-fcsb-rigas-fs-modifica-traseele-a-patru-linii\/\" \/>\n<meta property=\"og:site_name\" content=\"Buletin de Bucure\u0219ti\" \/>\n<meta property=\"article:publisher\" content=\"https:\/\/www.facebook.com\/buletin.de.buc\" \/>\n<meta property=\"article:published_time\" content=\"2024-09-26T02:51:59+00:00\" \/>\n<meta property=\"article:modified_time\" content=\"2024-09-26T05:42:05+00:00\" \/>\n<meta property=\"og:image\" content=\"https:\/\/buletin.de\/bucuresti\/wp-content\/uploads\/ArenaNationala_N1.jpeg\" \/>\n\t<meta property=\"og:image:width\" content=\"2000\" \/>\n\t<meta property=\"og:image:height\" content=\"1265\" \/>\n\t<meta property=\"og:image:type\" content=\"image\/jpeg\" \/>\n<meta name=\"author\" content=\"Diana Matei\" \/>\n<meta name=\"twitter:card\" content=\"summary_large_image\" \/>\n<meta name=\"twitter:label1\" content=\"Written by\" \/>\n\t<meta name=\"twitter:data1\" content=\"Diana Matei\" \/>\n\t<meta name=\"twitter:label2\" content=\"Estimated reading time\" \/>\n\t<meta name=\"twitter:data2\" content=\"2 minutes\" \/>\n<script type=\"application\/ld+json\" class=\"yoast-schema-graph\">{\"@context\":\"https:\\\/\\\/schema.org\",\"@graph\":[{\"@type\":\"Article\",\"@id\":\"https:\\\/\\\/buletin.de\\\/bucuresti\\\/meciul-fcsb-rigas-fs-modifica-traseele-a-patru-linii\\\/#article\",\"isPartOf\":{\"@id\":\"https:\\\/\\\/buletin.de\\\/bucuresti\\\/meciul-fcsb-rigas-fs-modifica-traseele-a-patru-linii\\\/\"},\"author\":{\"name\":\"Diana Matei\",\"@id\":\"https:\\\/\\\/buletin.de\\\/bucuresti\\\/#\\\/schema\\\/person\\\/7e46040573290777280a0835d81ea4ea\"},\"headline\":\"Meciul FCSB \u2013 Rigas FS modific\u0103 traseele a patru linii de transport \u00een comun\",\"datePublished\":\"2024-09-26T02:51:59+00:00\",\"dateModified\":\"2024-09-26T05:42:05+00:00\",\"mainEntityOfPage\":{\"@id\":\"https:\\\/\\\/buletin.de\\\/bucuresti\\\/meciul-fcsb-rigas-fs-modifica-traseele-a-patru-linii\\\/\"},\"wordCount\":400,\"publisher\":{\"@id\":\"https:\\\/\\\/buletin.de\\\/bucuresti\\\/#organization\"},\"image\":{\"@id\":\"https:\\\/\\\/buletin.de\\\/bucuresti\\\/meciul-fcsb-rigas-fs-modifica-traseele-a-patru-linii\\\/#primaryimage\"},\"thumbnailUrl\":\"https:\\\/\\\/buletin.de\\\/bucuresti\\\/wp-content\\\/uploads\\\/ArenaNationala_N1.jpeg\",\"keywords\":[\"arena nationala\",\"linia 104\",\"linia 86\",\"linia 90\",\"Meciul FCSB \u2013 Rigas FS\",\"tpbi\"],\"articleSection\":[\"Articole\",\"\u0218tiri\",\"Transport\"],\"inLanguage\":\"en-GB\",\"copyrightYear\":\"2024\",\"copyrightHolder\":{\"@id\":\"https:\\\/\\\/buletin.de\\\/bucuresti\\\/#organization\"}},{\"@type\":\"WebPage\",\"@id\":\"https:\\\/\\\/buletin.de\\\/bucuresti\\\/meciul-fcsb-rigas-fs-modifica-traseele-a-patru-linii\\\/\",\"url\":\"https:\\\/\\\/buletin.de\\\/bucuresti\\\/meciul-fcsb-rigas-fs-modifica-traseele-a-patru-linii\\\/\",\"name\":\"Meciul FCSB \u2013 Rigas FS modific\u0103 traseele a patru linii de transport \u00een comun - Buletin de Bucure\u0219ti\",\"isPartOf\":{\"@id\":\"https:\\\/\\\/buletin.de\\\/bucuresti\\\/#website\"},\"primaryImageOfPage\":{\"@id\":\"https:\\\/\\\/buletin.de\\\/bucuresti\\\/meciul-fcsb-rigas-fs-modifica-traseele-a-patru-linii\\\/#primaryimage\"},\"image\":{\"@id\":\"https:\\\/\\\/buletin.de\\\/bucuresti\\\/meciul-fcsb-rigas-fs-modifica-traseele-a-patru-linii\\\/#primaryimage\"},\"thumbnailUrl\":\"https:\\\/\\\/buletin.de\\\/bucuresti\\\/wp-content\\\/uploads\\\/ArenaNationala_N1.jpeg\",\"datePublished\":\"2024-09-26T02:51:59+00:00\",\"dateModified\":\"2024-09-26T05:42:05+00:00\",\"description\":\"Meciul FCSB \u2013 Rigas FS modific\u0103 traseele a patru linii de transport \u00een comun. este programat de la ora 21:00, pe Arena Na\u021bional\u0103.\",\"breadcrumb\":{\"@id\":\"https:\\\/\\\/buletin.de\\\/bucuresti\\\/meciul-fcsb-rigas-fs-modifica-traseele-a-patru-linii\\\/#breadcrumb\"},\"inLanguage\":\"en-GB\",\"potentialAction\":[{\"@type\":\"ReadAction\",\"target\":[\"https:\\\/\\\/buletin.de\\\/bucuresti\\\/meciul-fcsb-rigas-fs-modifica-traseele-a-patru-linii\\\/\"]}]},{\"@type\":\"ImageObject\",\"inLanguage\":\"en-GB\",\"@id\":\"https:\\\/\\\/buletin.de\\\/bucuresti\\\/meciul-fcsb-rigas-fs-modifica-traseele-a-patru-linii\\\/#primaryimage\",\"url\":\"https:\\\/\\\/buletin.de\\\/bucuresti\\\/wp-content\\\/uploads\\\/ArenaNationala_N1.jpeg\",\"contentUrl\":\"https:\\\/\\\/buletin.de\\\/bucuresti\\\/wp-content\\\/uploads\\\/ArenaNationala_N1.jpeg\",\"width\":2000,\"height\":1265,\"caption\":\"Meciul FCSB \u2013 Rigas FS modific\u0103 traseele a patru linii STB. FOTO: TPBI\"},{\"@type\":\"BreadcrumbList\",\"@id\":\"https:\\\/\\\/buletin.de\\\/bucuresti\\\/meciul-fcsb-rigas-fs-modifica-traseele-a-patru-linii\\\/#breadcrumb\",\"itemListElement\":[{\"@type\":\"ListItem\",\"position\":1,\"name\":\"Acas\u0103\",\"item\":\"https:\\\/\\\/buletin.de\\\/bucuresti\\\/\"},{\"@type\":\"ListItem\",\"position\":2,\"name\":\"Meciul FCSB \u2013 Rigas FS modific\u0103 traseele a patru linii de transport \u00een comun\"}]},{\"@type\":\"WebSite\",\"@id\":\"https:\\\/\\\/buletin.de\\\/bucuresti\\\/#website\",\"url\":\"https:\\\/\\\/buletin.de\\\/bucuresti\\\/\",\"name\":\"Buletin de Bucure\u0219ti\",\"description\":\"\u0218tiri \u0219i investiga\u021bii esen\u021biale din capital\u0103\",\"publisher\":{\"@id\":\"https:\\\/\\\/buletin.de\\\/bucuresti\\\/#organization\"},\"potentialAction\":[{\"@type\":\"SearchAction\",\"target\":{\"@type\":\"EntryPoint\",\"urlTemplate\":\"https:\\\/\\\/buletin.de\\\/bucuresti\\\/?s={search_term_string}\"},\"query-input\":{\"@type\":\"PropertyValueSpecification\",\"valueRequired\":true,\"valueName\":\"search_term_string\"}}],\"inLanguage\":\"en-GB\"},{\"@type\":\"Organization\",\"@id\":\"https:\\\/\\\/buletin.de\\\/bucuresti\\\/#organization\",\"name\":\"Buletin de Bucure\u0219ti\",\"url\":\"https:\\\/\\\/buletin.de\\\/bucuresti\\\/\",\"logo\":{\"@type\":\"ImageObject\",\"inLanguage\":\"en-GB\",\"@id\":\"https:\\\/\\\/buletin.de\\\/bucuresti\\\/#\\\/schema\\\/logo\\\/image\\\/\",\"url\":\"https:\\\/\\\/buletin.de\\\/bucuresti\\\/wp-content\\\/uploads\\\/logo-bdb-full-wide-vernil-transparent.png\",\"contentUrl\":\"https:\\\/\\\/buletin.de\\\/bucuresti\\\/wp-content\\\/uploads\\\/logo-bdb-full-wide-vernil-transparent.png\",\"width\":1782,\"height\":626,\"caption\":\"Buletin de Bucure\u0219ti\"},\"image\":{\"@id\":\"https:\\\/\\\/buletin.de\\\/bucuresti\\\/#\\\/schema\\\/logo\\\/image\\\/\"},\"sameAs\":[\"https:\\\/\\\/www.facebook.com\\\/buletin.de.buc\",\"https:\\\/\\\/www.instagram.com\\\/buletinde.bucuresti\\\/\"]},{\"@type\":\"Person\",\"@id\":\"https:\\\/\\\/buletin.de\\\/bucuresti\\\/#\\\/schema\\\/person\\\/7e46040573290777280a0835d81ea4ea\",\"name\":\"Diana Matei\",\"image\":{\"@type\":\"ImageObject\",\"inLanguage\":\"en-GB\",\"@id\":\"https:\\\/\\\/buletin.de\\\/bucuresti\\\/wp-content\\\/uploads\\\/9-2-96x96.jpg1e8590b30871d70e62ebcdaf2eff570c\",\"url\":\"https:\\\/\\\/buletin.de\\\/bucuresti\\\/wp-content\\\/uploads\\\/9-2-96x96.jpg\",\"contentUrl\":\"https:\\\/\\\/buletin.de\\\/bucuresti\\\/wp-content\\\/uploads\\\/9-2-96x96.jpg\",\"caption\":\"Diana Matei\"},\"url\":\"https:\\\/\\\/buletin.de\\\/bucuresti\\\/author\\\/dianamatei\\\/\"}]}<\/script>\n<!-- \/ Yoast SEO Premium plugin. -->","yoast_head_json":{"title":"Meciul FCSB \u2013 Rigas FS modific\u0103 traseele a patru linii de transport \u00een comun - Buletin de Bucure\u0219ti","description":"Meciul FCSB \u2013 Rigas FS modific\u0103 traseele a patru linii de transport \u00een comun. este programat de la ora 21:00, pe Arena Na\u021bional\u0103.","robots":{"index":"index","follow":"follow","max-snippet":"max-snippet:-1","max-image-preview":"max-image-preview:large","max-video-preview":"max-video-preview:-1"},"canonical":"https:\/\/buletin.de\/bucuresti\/meciul-fcsb-rigas-fs-modifica-traseele-a-patru-linii\/","og_locale":"en_GB","og_type":"article","og_title":"Meciul FCSB \u2013 Rigas FS modific\u0103 traseele a patru linii de transport \u00een comun","og_description":"Meciul FCSB \u2013 Rigas FS modific\u0103 traseele a patru linii de transport \u00een comun. este programat de la ora 21:00, pe Arena Na\u021bional\u0103.","og_url":"https:\/\/buletin.de\/bucuresti\/meciul-fcsb-rigas-fs-modifica-traseele-a-patru-linii\/","og_site_name":"Buletin de Bucure\u0219ti","article_publisher":"https:\/\/www.facebook.com\/buletin.de.buc","article_published_time":"2024-09-26T02:51:59+00:00","article_modified_time":"2024-09-26T05:42:05+00:00","og_image":[{"width":2000,"height":1265,"url":"https:\/\/buletin.de\/bucuresti\/wp-content\/uploads\/ArenaNationala_N1.jpeg","type":"image\/jpeg"}],"author":"Diana Matei","twitter_card":"summary_large_image","twitter_misc":{"Written by":"Diana Matei","Estimated reading time":"2 minutes"},"schema":{"@context":"https:\/\/schema.org","@graph":[{"@type":"Article","@id":"https:\/\/buletin.de\/bucuresti\/meciul-fcsb-rigas-fs-modifica-traseele-a-patru-linii\/#article","isPartOf":{"@id":"https:\/\/buletin.de\/bucuresti\/meciul-fcsb-rigas-fs-modifica-traseele-a-patru-linii\/"},"author":{"name":"Diana Matei","@id":"https:\/\/buletin.de\/bucuresti\/#\/schema\/person\/7e46040573290777280a0835d81ea4ea"},"headline":"Meciul FCSB \u2013 Rigas FS modific\u0103 traseele a patru linii de transport \u00een comun","datePublished":"2024-09-26T02:51:59+00:00","dateModified":"2024-09-26T05:42:05+00:00","mainEntityOfPage":{"@id":"https:\/\/buletin.de\/bucuresti\/meciul-fcsb-rigas-fs-modifica-traseele-a-patru-linii\/"},"wordCount":400,"publisher":{"@id":"https:\/\/buletin.de\/bucuresti\/#organization"},"image":{"@id":"https:\/\/buletin.de\/bucuresti\/meciul-fcsb-rigas-fs-modifica-traseele-a-patru-linii\/#primaryimage"},"thumbnailUrl":"https:\/\/buletin.de\/bucuresti\/wp-content\/uploads\/ArenaNationala_N1.jpeg","keywords":["arena nationala","linia 104","linia 86","linia 90","Meciul FCSB \u2013 Rigas FS","tpbi"],"articleSection":["Articole","\u0218tiri","Transport"],"inLanguage":"en-GB","copyrightYear":"2024","copyrightHolder":{"@id":"https:\/\/buletin.de\/bucuresti\/#organization"}},{"@type":"WebPage","@id":"https:\/\/buletin.de\/bucuresti\/meciul-fcsb-rigas-fs-modifica-traseele-a-patru-linii\/","url":"https:\/\/buletin.de\/bucuresti\/meciul-fcsb-rigas-fs-modifica-traseele-a-patru-linii\/","name":"Meciul FCSB \u2013 Rigas FS modific\u0103 traseele a patru linii de transport \u00een comun - Buletin de Bucure\u0219ti","isPartOf":{"@id":"https:\/\/buletin.de\/bucuresti\/#website"},"primaryImageOfPage":{"@id":"https:\/\/buletin.de\/bucuresti\/meciul-fcsb-rigas-fs-modifica-traseele-a-patru-linii\/#primaryimage"},"image":{"@id":"https:\/\/buletin.de\/bucuresti\/meciul-fcsb-rigas-fs-modifica-traseele-a-patru-linii\/#primaryimage"},"thumbnailUrl":"https:\/\/buletin.de\/bucuresti\/wp-content\/uploads\/ArenaNationala_N1.jpeg","datePublished":"2024-09-26T02:51:59+00:00","dateModified":"2024-09-26T05:42:05+00:00","description":"Meciul FCSB \u2013 Rigas FS modific\u0103 traseele a patru linii de transport \u00een comun. este programat de la ora 21:00, pe Arena Na\u021bional\u0103.","breadcrumb":{"@id":"https:\/\/buletin.de\/bucuresti\/meciul-fcsb-rigas-fs-modifica-traseele-a-patru-linii\/#breadcrumb"},"inLanguage":"en-GB","potentialAction":[{"@type":"ReadAction","target":["https:\/\/buletin.de\/bucuresti\/meciul-fcsb-rigas-fs-modifica-traseele-a-patru-linii\/"]}]},{"@type":"ImageObject","inLanguage":"en-GB","@id":"https:\/\/buletin.de\/bucuresti\/meciul-fcsb-rigas-fs-modifica-traseele-a-patru-linii\/#primaryimage","url":"https:\/\/buletin.de\/bucuresti\/wp-content\/uploads\/ArenaNationala_N1.jpeg","contentUrl":"https:\/\/buletin.de\/bucuresti\/wp-content\/uploads\/ArenaNationala_N1.jpeg","width":2000,"height":1265,"caption":"Meciul FCSB \u2013 Rigas FS modific\u0103 traseele a patru linii STB. FOTO: TPBI"},{"@type":"BreadcrumbList","@id":"https:\/\/buletin.de\/bucuresti\/meciul-fcsb-rigas-fs-modifica-traseele-a-patru-linii\/#breadcrumb","itemListElement":[{"@type":"ListItem","position":1,"name":"Acas\u0103","item":"https:\/\/buletin.de\/bucuresti\/"},{"@type":"ListItem","position":2,"name":"Meciul FCSB \u2013 Rigas FS modific\u0103 traseele a patru linii de transport \u00een comun"}]},{"@type":"WebSite","@id":"https:\/\/buletin.de\/bucuresti\/#website","url":"https:\/\/buletin.de\/bucuresti\/","name":"Buletin de Bucure\u0219ti","description":"\u0218tiri \u0219i investiga\u021bii esen\u021biale din capital\u0103","publisher":{"@id":"https:\/\/buletin.de\/bucuresti\/#organization"},"potentialAction":[{"@type":"SearchAction","target":{"@type":"EntryPoint","urlTemplate":"https:\/\/buletin.de\/bucuresti\/?s={search_term_string}"},"query-input":{"@type":"PropertyValueSpecification","valueRequired":true,"valueName":"search_term_string"}}],"inLanguage":"en-GB"},{"@type":"Organization","@id":"https:\/\/buletin.de\/bucuresti\/#organization","name":"Buletin de Bucure\u0219ti","url":"https:\/\/buletin.de\/bucuresti\/","logo":{"@type":"ImageObject","inLanguage":"en-GB","@id":"https:\/\/buletin.de\/bucuresti\/#\/schema\/logo\/image\/","url":"https:\/\/buletin.de\/bucuresti\/wp-content\/uploads\/logo-bdb-full-wide-vernil-transparent.png","contentUrl":"https:\/\/buletin.de\/bucuresti\/wp-content\/uploads\/logo-bdb-full-wide-vernil-transparent.png","width":1782,"height":626,"caption":"Buletin de Bucure\u0219ti"},"image":{"@id":"https:\/\/buletin.de\/bucuresti\/#\/schema\/logo\/image\/"},"sameAs":["https:\/\/www.facebook.com\/buletin.de.buc","https:\/\/www.instagram.com\/buletinde.bucuresti\/"]},{"@type":"Person","@id":"https:\/\/buletin.de\/bucuresti\/#\/schema\/person\/7e46040573290777280a0835d81ea4ea","name":"Diana Matei","image":{"@type":"ImageObject","inLanguage":"en-GB","@id":"https:\/\/buletin.de\/bucuresti\/wp-content\/uploads\/9-2-96x96.jpg1e8590b30871d70e62ebcdaf2eff570c","url":"https:\/\/buletin.de\/bucuresti\/wp-content\/uploads\/9-2-96x96.jpg","contentUrl":"https:\/\/buletin.de\/bucuresti\/wp-content\/uploads\/9-2-96x96.jpg","caption":"Diana Matei"},"url":"https:\/\/buletin.de\/bucuresti\/author\/dianamatei\/"}]}},"authors":[{"term_id":22574,"user_id":49,"is_guest":0,"slug":"dianamatei","display_name":"Diana Matei","avatar_url":"https:\/\/buletin.de\/bucuresti\/wp-content\/uploads\/9-2-96x96.jpg","0":null,"1":"","2":"","3":"","4":"","5":"","6":"","7":"","8":""}],"_links":{"self":[{"href":"https:\/\/buletin.de\/bucuresti\/wp-json\/wp\/v2\/posts\/99660","targetHints":{"allow":["GET"]}}],"collection":[{"href":"https:\/\/buletin.de\/bucuresti\/wp-json\/wp\/v2\/posts"}],"about":[{"href":"https:\/\/buletin.de\/bucuresti\/wp-json\/wp\/v2\/types\/post"}],"author":[{"embeddable":true,"href":"https:\/\/buletin.de\/bucuresti\/wp-json\/wp\/v2\/users\/49"}],"replies":[{"embeddable":true,"href":"https:\/\/buletin.de\/bucuresti\/wp-json\/wp\/v2\/comments?post=99660"}],"version-history":[{"count":3,"href":"https:\/\/buletin.de\/bucuresti\/wp-json\/wp\/v2\/posts\/99660\/revisions"}],"predecessor-version":[{"id":99709,"href":"https:\/\/buletin.de\/bucuresti\/wp-json\/wp\/v2\/posts\/99660\/revisions\/99709"}],"wp:featuredmedia":[{"embeddable":true,"href":"https:\/\/buletin.de\/bucuresti\/wp-json\/wp\/v2\/media\/99664"}],"wp:attachment":[{"href":"https:\/\/buletin.de\/bucuresti\/wp-json\/wp\/v2\/media?parent=99660"}],"wp:term":[{"taxonomy":"category","embeddable":true,"href":"https:\/\/buletin.de\/bucuresti\/wp-json\/wp\/v2\/categories?post=99660"},{"taxonomy":"post_tag","embeddable":true,"href":"https:\/\/buletin.de\/bucuresti\/wp-json\/wp\/v2\/tags?post=99660"},{"taxonomy":"author","embeddable":true,"href":"https:\/\/buletin.de\/bucuresti\/wp-json\/wp\/v2\/ppma_author?post=99660"}],"curies":[{"name":"wp","href":"https:\/\/api.w.org\/{rel}","templated":true}]}}