{"id":99261,"date":"2024-09-22T18:16:41","date_gmt":"2024-09-22T15:16:41","guid":{"rendered":"https:\/\/buletin.de\/bucuresti\/?p=99261"},"modified":"2024-09-22T18:24:23","modified_gmt":"2024-09-22T15:24:23","slug":"multa-lume-nu-stie-ca-dambovita-e-spatiu-public-dambovita-delivery-2024-planseul-cultural-al-raului-care-traverseaza-capitala","status":"publish","type":"post","link":"https:\/\/buletin.de\/bucuresti\/multa-lume-nu-stie-ca-dambovita-e-spatiu-public-dambovita-delivery-2024-planseul-cultural-al-raului-care-traverseaza-capitala\/","title":{"rendered":"\u201eMult\u0103 lume nu \u0219tie c\u0103 D\u00e2mbovi\u021ba e spa\u021biu public\u201d. D\u00e2mbovi\u021ba Delivery 2024: \u201eplan\u0219eul\u201d cultural al r\u00e2ului care traverseaz\u0103 Capitala"},"content":{"rendered":"\n<p><strong>De\u0219i \u00een ultimele zile plan\u0219eul de la Pia\u021ba Unirii, vechi de aproape 100 de ani \u0219i care st\u0103 s\u0103 se pr\u0103bu\u0219easc\u0103, a fost \u00een centrul discu\u021biilor, D\u00e2mbovi\u021ba Delivery 2024 propune un alt tip de \u201eplan\u0219eu\u201d, cultural \u0219i creativ, menit s\u0103 sus\u021bin\u0103, nu s\u0103 se pr\u0103bu\u0219easc\u0103. <\/strong><\/p>\n\n\n\n<p><strong>Evenimentul este o platform\u0103 de regenerare urban\u0103 \u0219i con\u0219tientizare a importan\u021bei r\u00e2ului D\u00e2mbovi\u021ba \u0219i al naturii urbane \u00een via\u021ba ora\u0219ului.<\/strong><\/p>\n\n\n\n<p>Weekendul 21-22 septembrie a adus \u00een aten\u021bia bucure\u0219tenilor a cincea edi\u021bie a evenimentului <a href=\"https:\/\/nodmakerspace.ro\/dambovita-delivery-2024\/\">D\u00e2mbovi\u021ba Delivery, organizat de Nod Makerspace.<\/a><\/p>\n\n\n\n<p>Manifestarea are ca scop re\u00eemprosp\u0103tarea rela\u021biei locuitorilor cu r\u00e2ul care traverseaz\u0103 Capitala, transform\u00e2nd malul D\u00e2mbovi\u021bei \u00eentr-un loc de explorare, socializare \u0219i lec\u021bii de sustenabilitate.<\/p>\n\n\n\n<p>S\u00e2mb\u0103t\u0103, evenimentul a atras aproape 7.000 de participan\u021bi, conform estim\u0103rilor Jandarmeriei. Atmosfera a fost efervescent\u0103, cu oameni de toate v\u00e2rstele care s-au \u00eengr\u0103m\u0103dit s\u0103 participe la atelierele \u0219i activit\u0103\u021bile desf\u0103\u0219urate de-a lungul r\u00e2ului.<\/p>\n\n\n\n<p>Duminic\u0103, \u00eens\u0103, povestea a fost u\u0219or diferit\u0103. \u00cen jurul pr\u00e2nzului, atmosfera era lini\u0219tit\u0103 \u0219i relaxat\u0103. Oamenii se plimbau \u00eencet pe maluri, mul\u021bi dintre ei \u00eenso\u021bi\u021bi de copii.<\/p>\n\n\n\n<p><strong>CITE\u0218TE \u0218I: <a href=\"https:\/\/buletin.de\/bucuresti\/vatmanul-implicat-in-accidentul-mortal-de-pe-soseaua-progresului-nu-consumase-droguri\/\">Vatmanul implicat \u00een accidentul mortal de pe \u0218oseaua Progresului nu consumase droguri. Rezultatele negative, confirmate<\/a><\/strong><\/p>\n\n\n\n<h3 class=\"wp-block-heading\" id=\"h-dambovi\u021ba-delivery-2024-un-parc-liniar-unde-oamenii-se-pot-bucura-de-apa-fauna-\u0219i-flora\">D\u00e2mbovi\u021ba Delivery 2024. \u201e<strong>Un parc liniar unde oamenii se pot bucura de ap\u0103, faun\u0103 \u0219i flor\u0103\u201d<\/strong><\/h3>\n\n\n\n<p>Unul dintre mesajele principale ale evenimentului a fost acela de a aduce \u00een aten\u021bia bucure\u0219tenilor <strong>poten\u021bialul \u00eenc\u0103 neexploatat al r\u00e2ului D\u00e2mbovi\u021ba.<\/strong><\/p>\n\n\n\n<p><em>\u201eD\u00e2mbovi\u021ba a fost, timp de mul\u021bi ani, un separator \u00eentre sectoare \u0219i cartiere, nu un loc al comunit\u0103\u021bii\u201d<\/em>, a explicat, pentru Buletin de Bucure\u0219ti, Valentin Talab\u0103, manager de comunicare la Nod Makerspace.<\/p>\n\n\n\n<p>Acesta este de p\u0103rere c\u0103 r\u00e2ul nu ar trebui perceput doar ca o infrastructur\u0103 utilitar\u0103, unde malurile sunt doar coridoare pentru traficul rutier, ci mai degrab\u0103 ca un loc de \u00eent\u00e2lnire pentru comunitate.<\/p>\n\n\n\n<blockquote class=\"wp-block-quote is-layout-flow wp-block-quote-is-layout-flow\">\n<p>Ne imagin\u0103m D\u00e2mbovi\u021ba ca o diagonal\u0103 verde-albastr\u0103 a ora\u0219ului, un parc liniar unde oamenii se pot bucura de ap\u0103, faun\u0103 \u0219i flor\u0103.<\/p>\n<cite>Valentin Talab\u0103, organizator d\u00e2mbovi\u021ba Delivery 2024<\/cite><\/blockquote>\n\n\n\n<p>Edi\u021bia D\u00e2mbovi\u021ba Delivery 2024 a pus accent pe proiecte comunitare \u0219i sustenabilitate.<\/p>\n\n\n\n<h3 class=\"wp-block-heading\" id=\"h-plimbarea-cu-caiacul-atrac\u021bia-principala\"><strong>Plimbarea cu caiacul &#8211; atrac\u021bia principal\u0103<\/strong><\/h3>\n\n\n\n<p>Principala atrac\u021bie a fost, f\u0103r\u0103 \u00eendoial\u0103, plimbarea cu caiacul \u0219i cu SUP-urile (Stand-Up Paddleboards &#8211; n. red.) pe D\u00e2mbovi\u021ba. Zeci de oameni au stat la r\u00e2nd pentru a se bucura de experien\u021ba de a v\u00e2sli pe malul r\u00e2ului.<\/p>\n\n\n\n<figure class=\"wp-block-image size-full\"><a href=\"https:\/\/buletin.de\/bucuresti\/wp-content\/uploads\/Dambovita-Delivery-7.jpeg\"><img fetchpriority=\"high\" decoding=\"async\" width=\"2000\" height=\"1500\" src=\"data:image\/gif;base64,R0lGODlhAQABAAAAACH5BAEKAAEALAAAAAABAAEAAAICTAEAOw==\" data-src=\"https:\/\/buletin.de\/bucuresti\/wp-content\/uploads\/Dambovita-Delivery-7.jpeg\" alt=\"\" class=\"wp-image-99263 lazyload\" data-sizes=\"auto\" data-srcset=\"https:\/\/buletin.de\/bucuresti\/wp-content\/uploads\/Dambovita-Delivery-7.jpeg 2000w, https:\/\/buletin.de\/bucuresti\/wp-content\/uploads\/Dambovita-Delivery-7-300x225.jpeg 300w, https:\/\/buletin.de\/bucuresti\/wp-content\/uploads\/Dambovita-Delivery-7-900x675.jpeg 900w, https:\/\/buletin.de\/bucuresti\/wp-content\/uploads\/Dambovita-Delivery-7-768x576.jpeg 768w, https:\/\/buletin.de\/bucuresti\/wp-content\/uploads\/Dambovita-Delivery-7-1536x1152.jpeg 1536w, https:\/\/buletin.de\/bucuresti\/wp-content\/uploads\/Dambovita-Delivery-7-1600x1200.jpeg 1600w, https:\/\/buletin.de\/bucuresti\/wp-content\/uploads\/Dambovita-Delivery-7-1100x825.jpeg 1100w, https:\/\/buletin.de\/bucuresti\/wp-content\/uploads\/Dambovita-Delivery-7-600x450.jpeg 600w, https:\/\/buletin.de\/bucuresti\/wp-content\/uploads\/Dambovita-Delivery-7-20x15.jpeg 20w\" sizes=\"(max-width: 2000px) 100vw, 2000px\" \/><\/a><figcaption class=\"wp-element-caption\">D\u00e2mbovi\u021ba Delivery 2024, plimbare cu SUP-ul. FOTO: C\u0103t\u0103lin Anghel-Dimache<\/figcaption><\/figure>\n\n\n\n<p>\u00cen acela\u0219i timp, malurile erau animate de alte activit\u0103\u021bi diverse: ateliere creative pentru copii, ateliere de art\u0103 urban\u0103, precum graffiti, sesiuni de sport \u0219i dans, iar seara s-au proiectat filme documentare pe teme de sustenabilitate \u0219i ecologie.<\/p>\n\n\n\n<figure class=\"wp-block-image size-full\"><img decoding=\"async\" width=\"2000\" height=\"1500\" src=\"data:image\/gif;base64,R0lGODlhAQABAAAAACH5BAEKAAEALAAAAAABAAEAAAICTAEAOw==\" data-src=\"https:\/\/buletin.de\/bucuresti\/wp-content\/uploads\/Dambovita-Delivery-2.jpeg\" alt=\"\u201eMult\u0103 lume nu \u0219tie c\u0103 D\u00e2mbovi\u021ba e spa\u021biu public\u201d. D\u00e2mbovi\u021ba Delivery 2024: \u201eplan\u0219eul\u201d cultural al r\u00e2ului care traverseaz\u0103 Capitala\" class=\"wp-image-99266 lazyload\" data-sizes=\"auto\" data-srcset=\"https:\/\/buletin.de\/bucuresti\/wp-content\/uploads\/Dambovita-Delivery-2.jpeg 2000w, https:\/\/buletin.de\/bucuresti\/wp-content\/uploads\/Dambovita-Delivery-2-300x225.jpeg 300w, https:\/\/buletin.de\/bucuresti\/wp-content\/uploads\/Dambovita-Delivery-2-900x675.jpeg 900w, https:\/\/buletin.de\/bucuresti\/wp-content\/uploads\/Dambovita-Delivery-2-768x576.jpeg 768w, https:\/\/buletin.de\/bucuresti\/wp-content\/uploads\/Dambovita-Delivery-2-1536x1152.jpeg 1536w, https:\/\/buletin.de\/bucuresti\/wp-content\/uploads\/Dambovita-Delivery-2-1600x1200.jpeg 1600w, https:\/\/buletin.de\/bucuresti\/wp-content\/uploads\/Dambovita-Delivery-2-1100x825.jpeg 1100w, https:\/\/buletin.de\/bucuresti\/wp-content\/uploads\/Dambovita-Delivery-2-600x450.jpeg 600w, https:\/\/buletin.de\/bucuresti\/wp-content\/uploads\/Dambovita-Delivery-2-20x15.jpeg 20w\" sizes=\"(max-width: 2000px) 100vw, 2000px\" \/><figcaption class=\"wp-element-caption\">Atelier de t\u00e2mpl\u0103rie. FOTO: C\u0103t\u0103lin Anghel-Dimache<\/figcaption><\/figure>\n\n\n\n<p>Un proiect inedit a fost <strong>instala\u021bia cu sistem de filtrare a apei din D\u00e2mbovi\u021ba<\/strong>, care a fost montat anul trecut \u0219i despre care Talab\u0103 spune c\u0103 unii oameni \u00eenc\u0103 privesc aceast\u0103 ini\u021biativ\u0103 cu scepticism.<\/p>\n\n\n\n<p>Pe l\u00e2ng\u0103 aceste instala\u021bii, au fost amplasate \u0219i <strong>plante decorative, mobilier urban pentru zonele de odihn\u0103 \u0219i mecanisme de colectare a de\u0219eurilor<\/strong>.<\/p>\n\n\n\n<p><strong>CITE\u0218TE \u0218I: <a href=\"https:\/\/buletin.de\/bucuresti\/aurelian-badulescu-a-fost-decorat-de-iohannis-fostul-viceprimar-al-lui-firea-s-a-remarcat-prin-agresivitate\/\">Aurelian B\u0103dulescu a fost decorat de Iohannis. Fostul viceprimar al lui Firea s-a remarcat prin agresivitate<\/a><\/strong><\/p>\n\n\n\n<h3 class=\"wp-block-heading\" id=\"h-principalii-poluatori-\u0219oferii-\u0219i-pescarii\"><strong>Principalii poluatori: \u0219oferii \u0219i pescarii<\/strong><\/h3>\n\n\n\n<p>O alt\u0103 ini\u021biativ\u0103 important\u0103 a fost legat\u0103 de cur\u0103\u021barea r\u00e2ului \u0219i a zonelor adiacente.<\/p>\n\n\n\n<p>Valentin Talab\u0103 a men\u021bionat c\u0103 <strong>\u0219oferii \u0219i pescarii sunt principalii poluatori ai zonei,<\/strong> dar sper\u0103 c\u0103, prin astfel de evenimente, oamenii vor deveni mai con\u0219tien\u021bi de impactul lor asupra mediului. <\/p>\n\n\n\n<p>El a men\u021bionat c\u0103 gunoaiele aruncate de \u0219oferi, precum chi\u0219toacele de \u021big\u0103ri, ajung \u00een albia r\u00e2ului, la fel ca PET-urile \u0219i alte de\u0219euri pe care le las\u0103 pescarii la mal.<\/p>\n\n\n\n<p>Din acest motiv, organizatorii D\u00e2mbovi\u021ba Delivery 2024 au amplasat de-a lungul malului indicatoare cu texte precum \u201eNu arunca \u021bigara pe geam\u201d \u0219i \u201eLua\u021bi cu voi toate ambalajele, sticlele \u0219i resturile! Nu l\u0103sa\u021bi dec\u00e2t amintiri frumoase \u00een urma voastr\u0103\u201d, cu scopul de a descuraja astfel de practici.<\/p>\n\n\n\n<figure class=\"wp-block-gallery has-nested-images columns-default is-cropped wp-block-gallery-1 is-layout-flex wp-block-gallery-is-layout-flex\">\n<figure class=\"wp-block-image size-full\"><a href=\"https:\/\/buletin.de\/bucuresti\/wp-content\/uploads\/\u201eMulta-lume-nu-stie-ca-Dambovita-e-spatiu-public.-Dambovita-Delivery-2024-\u201eplanseul-cultural-al-raului-care-traverseaza-Capitala.jpeg\"><img decoding=\"async\" width=\"1600\" height=\"1200\" data-id=\"99264\" src=\"data:image\/gif;base64,R0lGODlhAQABAAAAACH5BAEKAAEALAAAAAABAAEAAAICTAEAOw==\" data-src=\"https:\/\/buletin.de\/bucuresti\/wp-content\/uploads\/\u201eMulta-lume-nu-stie-ca-Dambovita-e-spatiu-public.-Dambovita-Delivery-2024-\u201eplanseul-cultural-al-raului-care-traverseaza-Capitala.jpeg\" alt=\"\" class=\"wp-image-99264 lazyload\" data-sizes=\"auto\" data-srcset=\"https:\/\/buletin.de\/bucuresti\/wp-content\/uploads\/\u201eMulta-lume-nu-stie-ca-Dambovita-e-spatiu-public.-Dambovita-Delivery-2024-\u201eplanseul-cultural-al-raului-care-traverseaza-Capitala.jpeg 1600w, https:\/\/buletin.de\/bucuresti\/wp-content\/uploads\/\u201eMulta-lume-nu-stie-ca-Dambovita-e-spatiu-public.-Dambovita-Delivery-2024-\u201eplanseul-cultural-al-raului-care-traverseaza-Capitala-300x225.jpeg 300w, https:\/\/buletin.de\/bucuresti\/wp-content\/uploads\/\u201eMulta-lume-nu-stie-ca-Dambovita-e-spatiu-public.-Dambovita-Delivery-2024-\u201eplanseul-cultural-al-raului-care-traverseaza-Capitala-900x675.jpeg 900w, https:\/\/buletin.de\/bucuresti\/wp-content\/uploads\/\u201eMulta-lume-nu-stie-ca-Dambovita-e-spatiu-public.-Dambovita-Delivery-2024-\u201eplanseul-cultural-al-raului-care-traverseaza-Capitala-768x576.jpeg 768w, https:\/\/buletin.de\/bucuresti\/wp-content\/uploads\/\u201eMulta-lume-nu-stie-ca-Dambovita-e-spatiu-public.-Dambovita-Delivery-2024-\u201eplanseul-cultural-al-raului-care-traverseaza-Capitala-1536x1152.jpeg 1536w, https:\/\/buletin.de\/bucuresti\/wp-content\/uploads\/\u201eMulta-lume-nu-stie-ca-Dambovita-e-spatiu-public.-Dambovita-Delivery-2024-\u201eplanseul-cultural-al-raului-care-traverseaza-Capitala-1100x825.jpeg 1100w, https:\/\/buletin.de\/bucuresti\/wp-content\/uploads\/\u201eMulta-lume-nu-stie-ca-Dambovita-e-spatiu-public.-Dambovita-Delivery-2024-\u201eplanseul-cultural-al-raului-care-traverseaza-Capitala-600x450.jpeg 600w, https:\/\/buletin.de\/bucuresti\/wp-content\/uploads\/\u201eMulta-lume-nu-stie-ca-Dambovita-e-spatiu-public.-Dambovita-Delivery-2024-\u201eplanseul-cultural-al-raului-care-traverseaza-Capitala-20x15.jpeg 20w\" sizes=\"(max-width: 1600px) 100vw, 1600px\" \/><\/a><\/figure>\n\n\n\n<figure class=\"wp-block-image size-full\"><a href=\"https:\/\/buletin.de\/bucuresti\/wp-content\/uploads\/Dambovita-Delivery-14.jpeg\"><img loading=\"lazy\" decoding=\"async\" width=\"2000\" height=\"1500\" data-id=\"99265\" src=\"data:image\/gif;base64,R0lGODlhAQABAAAAACH5BAEKAAEALAAAAAABAAEAAAICTAEAOw==\" data-src=\"https:\/\/buletin.de\/bucuresti\/wp-content\/uploads\/Dambovita-Delivery-14.jpeg\" alt=\"\" class=\"wp-image-99265 lazyload\" data-sizes=\"auto\" data-srcset=\"https:\/\/buletin.de\/bucuresti\/wp-content\/uploads\/Dambovita-Delivery-14.jpeg 2000w, https:\/\/buletin.de\/bucuresti\/wp-content\/uploads\/Dambovita-Delivery-14-300x225.jpeg 300w, https:\/\/buletin.de\/bucuresti\/wp-content\/uploads\/Dambovita-Delivery-14-900x675.jpeg 900w, https:\/\/buletin.de\/bucuresti\/wp-content\/uploads\/Dambovita-Delivery-14-768x576.jpeg 768w, https:\/\/buletin.de\/bucuresti\/wp-content\/uploads\/Dambovita-Delivery-14-1536x1152.jpeg 1536w, https:\/\/buletin.de\/bucuresti\/wp-content\/uploads\/Dambovita-Delivery-14-1600x1200.jpeg 1600w, https:\/\/buletin.de\/bucuresti\/wp-content\/uploads\/Dambovita-Delivery-14-1100x825.jpeg 1100w, https:\/\/buletin.de\/bucuresti\/wp-content\/uploads\/Dambovita-Delivery-14-600x450.jpeg 600w, https:\/\/buletin.de\/bucuresti\/wp-content\/uploads\/Dambovita-Delivery-14-20x15.jpeg 20w\" sizes=\"(max-width: 2000px) 100vw, 2000px\" \/><\/a><\/figure>\n<figcaption class=\"blocks-gallery-caption wp-element-caption\">Mesaje \u00eempotriva polu\u0103rii r\u00e2ului<\/figcaption><\/figure>\n\n\n\n<p>\u00cen plus, la eveniment s-au putut colecta telefoane vechi, care vor ajunge \u00een diverse instala\u021bii pentru plante, cu scopul ca natura s\u0103 revendice terenul pierdut \u00een fa\u021ba progresului tehnologic.<\/p>\n\n\n\n<h3 class=\"wp-block-heading\" id=\"h-natura-din-mijlocul-ora\u0219ului-la-dambovi\u021ba-delivery-2024\"><strong>Natura din mijlocul ora\u0219ului<\/strong>, la D\u00e2mbovi\u021ba Delivery 2024<\/h3>\n\n\n\n<p>Cei prezen\u021bi la eveniment au apreciat atmosfera relaxat\u0103 de duminic\u0103, unde timpul p\u0103rea s\u0103 \u00eencetineasc\u0103 pe m\u0103sur\u0103 ce r\u00e2ul curgea.<\/p>\n\n\n\n<p>\u201e<em>Mi-a dat impresia c\u0103 ora\u0219ul mai poate s\u0103 \u0219i respire, chiar dac\u0103 doar pentru dou\u0103 zile. Cel mai tare \u00eemi place c\u0103 pot s\u0103 m\u0103 plimb pe strad\u0103 \u0219i \u00een jur sunt al\u021bi oameni, nu ma\u0219ini<\/em>\u201d, a spus Marius, unul dintre participan\u021bi, care a venit s\u0103 se plimbe cu caiacul al\u0103turi de fiul s\u0103u.<\/p>\n\n\n\n<p><em>\u201eNu m\u0103 a\u0219teptam s\u0103 fie at\u00e2t de bine organizat. De obicei, sunt sceptic la astfel de lucruri, n-am a\u0219tept\u0103ri, dar ast\u0103zi chiar m-am sim\u021bit relaxat\u201d<\/em>, a spus un alt participant.<\/p>\n\n\n\n<p>Valentin Talab\u0103 a men\u021bionat c\u0103 mul\u021bi bucure\u0219teni nu con\u0219tientizeaz\u0103 poten\u021bialul acestui spa\u021biu \u0219i importan\u021ba revalorific\u0103rii lui.&nbsp;<\/p>\n\n\n\n<blockquote class=\"wp-block-quote is-layout-flow wp-block-quote-is-layout-flow\">\n<p>Mult\u0103 lume nu \u0219tie c\u0103 D\u00e2mbovi\u021ba e spa\u021biu public. Vrem s\u0103 ar\u0103t\u0103m asta \u0219i s\u0103 scoatem \u00een fa\u021b\u0103 frumuse\u021bea r\u00e2ului<\/p>\n<cite>Valentin Talab\u0103, communication manager nod Makerspace<\/cite><\/blockquote>\n\n\n\n<p>Organizatorii evenimentului au men\u021bionat c\u0103 num\u0103rul mare de oameni care au venit la D\u00e2mbovi\u021ba Delivery i-a \u00eencurajat s\u0103 extind\u0103 conceptul \u0219i \u00een alte zone ale ora\u0219ului, tot de-a lungul r\u00e2ului, pentru edi\u021biile urm\u0103toare.<\/p>\n\n\n\n<p><strong>CITE\u0218TE \u0218I: <a href=\"https:\/\/buletin.de\/bucuresti\/aurelian-badulescu-despre-decoratia-de-la-iohannis-am-primit-o-cu-bucurie\/\">Aurelian B\u0103dulescu despre decora\u021bia de la Iohannis: \u201eAm primit-o cu bucurie\u201d<\/a><\/strong><\/p>\n","protected":false},"excerpt":{"rendered":"<p>De\u0219i \u00een ultimele zile plan\u0219eul de la Pia\u021ba Unirii, vechi de aproape 100 de ani \u0219i care st\u0103 s\u0103 se pr\u0103bu\u0219easc\u0103, a fost \u00een centrul discu\u021biilor, D\u00e2mbovi\u021ba Delivery 2024 propune un alt tip de \u201eplan\u0219eu\u201d, cultural \u0219i creativ, menit s\u0103 sus\u021bin\u0103, nu s\u0103 se pr\u0103bu\u0219easc\u0103. Evenimentul este o platform\u0103 de regenerare urban\u0103 \u0219i con\u0219tientizare a [&hellip;]<\/p>\n","protected":false},"author":59,"featured_media":99262,"comment_status":"closed","ping_status":"open","sticky":false,"template":"","format":"standard","meta":{"_acf_changed":false,"inline_featured_image":false,"ngg_post_thumbnail":0,"footnotes":""},"categories":[6994,5762,109],"tags":[9,2054,1283,6954,8552,7642],"ppma_author":[22572],"class_list":["post-99261","post","type-post","status-publish","format-standard","has-post-thumbnail","hentry","category-stiri-2","category-main","category-mediu","tag-bucuresti","tag-capitala","tag-dambovita","tag-dambovita-delivery","tag-raul-dambovita","tag-splaiul-unirii"],"acf":[],"yoast_head":"<!-- This site is optimized with the Yoast SEO Premium plugin v25.3 (Yoast SEO v27.4) - https:\/\/yoast.com\/product\/yoast-seo-premium-wordpress\/ -->\n<title>\u201eMult\u0103 lume nu \u0219tie c\u0103 D\u00e2mbovi\u021ba e spa\u021biu public\u201d. D\u00e2mbovi\u021ba Delivery 2024: \u201eplan\u0219eul\u201d cultural al r\u00e2ului care traverseaz\u0103 Capitala - Buletin de Bucure\u0219ti<\/title>\n<meta name=\"description\" content=\"\u201eMult\u0103 lume nu \u0219tie c\u0103 D\u00e2mbovi\u021ba e spa\u021biu public\u201d. D\u00e2mbovi\u021ba Delivery 2024: \u201eplan\u0219eul\u201d cultural al r\u00e2ului care traverseaz\u0103 Capitala\" \/>\n<meta name=\"robots\" content=\"index, follow, max-snippet:-1, max-image-preview:large, max-video-preview:-1\" \/>\n<link rel=\"canonical\" href=\"https:\/\/buletin.de\/bucuresti\/multa-lume-nu-stie-ca-dambovita-e-spatiu-public-dambovita-delivery-2024-planseul-cultural-al-raului-care-traverseaza-capitala\/\" \/>\n<meta property=\"og:locale\" content=\"en_GB\" \/>\n<meta property=\"og:type\" content=\"article\" \/>\n<meta property=\"og:title\" content=\"\u201eMult\u0103 lume nu \u0219tie c\u0103 D\u00e2mbovi\u021ba e spa\u021biu public\u201d. D\u00e2mbovi\u021ba Delivery 2024: \u201eplan\u0219eul\u201d cultural al r\u00e2ului care traverseaz\u0103 Capitala\" \/>\n<meta property=\"og:description\" content=\"\u201eMult\u0103 lume nu \u0219tie c\u0103 D\u00e2mbovi\u021ba e spa\u021biu public\u201d. D\u00e2mbovi\u021ba Delivery 2024: \u201eplan\u0219eul\u201d cultural al r\u00e2ului care traverseaz\u0103 Capitala\" \/>\n<meta property=\"og:url\" content=\"https:\/\/buletin.de\/bucuresti\/multa-lume-nu-stie-ca-dambovita-e-spatiu-public-dambovita-delivery-2024-planseul-cultural-al-raului-care-traverseaza-capitala\/\" \/>\n<meta property=\"og:site_name\" content=\"Buletin de Bucure\u0219ti\" \/>\n<meta property=\"article:publisher\" content=\"https:\/\/www.facebook.com\/buletin.de.buc\" \/>\n<meta property=\"article:published_time\" content=\"2024-09-22T15:16:41+00:00\" \/>\n<meta property=\"article:modified_time\" content=\"2024-09-22T15:24:23+00:00\" \/>\n<meta property=\"og:image\" content=\"https:\/\/buletin.de\/bucuresti\/wp-content\/uploads\/Dambovita-Delivery.jpeg\" \/>\n\t<meta property=\"og:image:width\" content=\"2000\" \/>\n\t<meta property=\"og:image:height\" content=\"1500\" \/>\n\t<meta property=\"og:image:type\" content=\"image\/jpeg\" \/>\n<meta name=\"author\" content=\"C\u0103t\u0103lin Anghel-Dimache\" \/>\n<meta name=\"twitter:card\" content=\"summary_large_image\" \/>\n<meta name=\"twitter:label1\" content=\"Written by\" \/>\n\t<meta name=\"twitter:data1\" content=\"C\u0103t\u0103lin Anghel-Dimache\" \/>\n\t<meta name=\"twitter:label2\" content=\"Estimated reading time\" \/>\n\t<meta name=\"twitter:data2\" content=\"5 minutes\" \/>\n<script type=\"application\/ld+json\" class=\"yoast-schema-graph\">{\"@context\":\"https:\\\/\\\/schema.org\",\"@graph\":[{\"@type\":\"Article\",\"@id\":\"https:\\\/\\\/buletin.de\\\/bucuresti\\\/multa-lume-nu-stie-ca-dambovita-e-spatiu-public-dambovita-delivery-2024-planseul-cultural-al-raului-care-traverseaza-capitala\\\/#article\",\"isPartOf\":{\"@id\":\"https:\\\/\\\/buletin.de\\\/bucuresti\\\/multa-lume-nu-stie-ca-dambovita-e-spatiu-public-dambovita-delivery-2024-planseul-cultural-al-raului-care-traverseaza-capitala\\\/\"},\"author\":{\"name\":\"C\u0103t\u0103lin Anghel-Dimache\",\"@id\":\"https:\\\/\\\/buletin.de\\\/bucuresti\\\/#\\\/schema\\\/person\\\/0ac9db30080482be87c7386a30f98796\"},\"headline\":\"\u201eMult\u0103 lume nu \u0219tie c\u0103 D\u00e2mbovi\u021ba e spa\u021biu public\u201d. D\u00e2mbovi\u021ba Delivery 2024: \u201eplan\u0219eul\u201d cultural al r\u00e2ului care traverseaz\u0103 Capitala\",\"datePublished\":\"2024-09-22T15:16:41+00:00\",\"dateModified\":\"2024-09-22T15:24:23+00:00\",\"mainEntityOfPage\":{\"@id\":\"https:\\\/\\\/buletin.de\\\/bucuresti\\\/multa-lume-nu-stie-ca-dambovita-e-spatiu-public-dambovita-delivery-2024-planseul-cultural-al-raului-care-traverseaza-capitala\\\/\"},\"wordCount\":1040,\"publisher\":{\"@id\":\"https:\\\/\\\/buletin.de\\\/bucuresti\\\/#organization\"},\"image\":{\"@id\":\"https:\\\/\\\/buletin.de\\\/bucuresti\\\/multa-lume-nu-stie-ca-dambovita-e-spatiu-public-dambovita-delivery-2024-planseul-cultural-al-raului-care-traverseaza-capitala\\\/#primaryimage\"},\"thumbnailUrl\":\"https:\\\/\\\/buletin.de\\\/bucuresti\\\/wp-content\\\/uploads\\\/Dambovita-Delivery.jpeg\",\"keywords\":[\"bucuresti\",\"Capitala\",\"dambovita\",\"dambovita delivery\",\"raul Dambovita\",\"Splaiul Unirii\"],\"articleSection\":[\"Articole\",\"Main\",\"Mediu\"],\"inLanguage\":\"en-GB\",\"copyrightYear\":\"2024\",\"copyrightHolder\":{\"@id\":\"https:\\\/\\\/buletin.de\\\/bucuresti\\\/#organization\"}},{\"@type\":\"WebPage\",\"@id\":\"https:\\\/\\\/buletin.de\\\/bucuresti\\\/multa-lume-nu-stie-ca-dambovita-e-spatiu-public-dambovita-delivery-2024-planseul-cultural-al-raului-care-traverseaza-capitala\\\/\",\"url\":\"https:\\\/\\\/buletin.de\\\/bucuresti\\\/multa-lume-nu-stie-ca-dambovita-e-spatiu-public-dambovita-delivery-2024-planseul-cultural-al-raului-care-traverseaza-capitala\\\/\",\"name\":\"\u201eMult\u0103 lume nu \u0219tie c\u0103 D\u00e2mbovi\u021ba e spa\u021biu public\u201d. D\u00e2mbovi\u021ba Delivery 2024: \u201eplan\u0219eul\u201d cultural al r\u00e2ului care traverseaz\u0103 Capitala - Buletin de Bucure\u0219ti\",\"isPartOf\":{\"@id\":\"https:\\\/\\\/buletin.de\\\/bucuresti\\\/#website\"},\"primaryImageOfPage\":{\"@id\":\"https:\\\/\\\/buletin.de\\\/bucuresti\\\/multa-lume-nu-stie-ca-dambovita-e-spatiu-public-dambovita-delivery-2024-planseul-cultural-al-raului-care-traverseaza-capitala\\\/#primaryimage\"},\"image\":{\"@id\":\"https:\\\/\\\/buletin.de\\\/bucuresti\\\/multa-lume-nu-stie-ca-dambovita-e-spatiu-public-dambovita-delivery-2024-planseul-cultural-al-raului-care-traverseaza-capitala\\\/#primaryimage\"},\"thumbnailUrl\":\"https:\\\/\\\/buletin.de\\\/bucuresti\\\/wp-content\\\/uploads\\\/Dambovita-Delivery.jpeg\",\"datePublished\":\"2024-09-22T15:16:41+00:00\",\"dateModified\":\"2024-09-22T15:24:23+00:00\",\"description\":\"\u201eMult\u0103 lume nu \u0219tie c\u0103 D\u00e2mbovi\u021ba e spa\u021biu public\u201d. D\u00e2mbovi\u021ba Delivery 2024: \u201eplan\u0219eul\u201d cultural al r\u00e2ului care traverseaz\u0103 Capitala\",\"breadcrumb\":{\"@id\":\"https:\\\/\\\/buletin.de\\\/bucuresti\\\/multa-lume-nu-stie-ca-dambovita-e-spatiu-public-dambovita-delivery-2024-planseul-cultural-al-raului-care-traverseaza-capitala\\\/#breadcrumb\"},\"inLanguage\":\"en-GB\",\"potentialAction\":[{\"@type\":\"ReadAction\",\"target\":[\"https:\\\/\\\/buletin.de\\\/bucuresti\\\/multa-lume-nu-stie-ca-dambovita-e-spatiu-public-dambovita-delivery-2024-planseul-cultural-al-raului-care-traverseaza-capitala\\\/\"]}]},{\"@type\":\"ImageObject\",\"inLanguage\":\"en-GB\",\"@id\":\"https:\\\/\\\/buletin.de\\\/bucuresti\\\/multa-lume-nu-stie-ca-dambovita-e-spatiu-public-dambovita-delivery-2024-planseul-cultural-al-raului-care-traverseaza-capitala\\\/#primaryimage\",\"url\":\"https:\\\/\\\/buletin.de\\\/bucuresti\\\/wp-content\\\/uploads\\\/Dambovita-Delivery.jpeg\",\"contentUrl\":\"https:\\\/\\\/buletin.de\\\/bucuresti\\\/wp-content\\\/uploads\\\/Dambovita-Delivery.jpeg\",\"width\":2000,\"height\":1500,\"caption\":\"D\u00e2mbovi\u021ba Delivery 2024: \u201eplan\u0219eul\u201d cultural al r\u00e2ului care traverseaz\u0103 Capitala. FOTO: C\u0103t\u0103lin Anghel-Dimache\"},{\"@type\":\"BreadcrumbList\",\"@id\":\"https:\\\/\\\/buletin.de\\\/bucuresti\\\/multa-lume-nu-stie-ca-dambovita-e-spatiu-public-dambovita-delivery-2024-planseul-cultural-al-raului-care-traverseaza-capitala\\\/#breadcrumb\",\"itemListElement\":[{\"@type\":\"ListItem\",\"position\":1,\"name\":\"Acas\u0103\",\"item\":\"https:\\\/\\\/buletin.de\\\/bucuresti\\\/\"},{\"@type\":\"ListItem\",\"position\":2,\"name\":\"\u201eMult\u0103 lume nu \u0219tie c\u0103 D\u00e2mbovi\u021ba e spa\u021biu public\u201d. D\u00e2mbovi\u021ba Delivery 2024: \u201eplan\u0219eul\u201d cultural al r\u00e2ului care traverseaz\u0103 Capitala\"}]},{\"@type\":\"WebSite\",\"@id\":\"https:\\\/\\\/buletin.de\\\/bucuresti\\\/#website\",\"url\":\"https:\\\/\\\/buletin.de\\\/bucuresti\\\/\",\"name\":\"Buletin de Bucure\u0219ti\",\"description\":\"\u0218tiri \u0219i investiga\u021bii esen\u021biale din capital\u0103\",\"publisher\":{\"@id\":\"https:\\\/\\\/buletin.de\\\/bucuresti\\\/#organization\"},\"potentialAction\":[{\"@type\":\"SearchAction\",\"target\":{\"@type\":\"EntryPoint\",\"urlTemplate\":\"https:\\\/\\\/buletin.de\\\/bucuresti\\\/?s={search_term_string}\"},\"query-input\":{\"@type\":\"PropertyValueSpecification\",\"valueRequired\":true,\"valueName\":\"search_term_string\"}}],\"inLanguage\":\"en-GB\"},{\"@type\":\"Organization\",\"@id\":\"https:\\\/\\\/buletin.de\\\/bucuresti\\\/#organization\",\"name\":\"Buletin de Bucure\u0219ti\",\"url\":\"https:\\\/\\\/buletin.de\\\/bucuresti\\\/\",\"logo\":{\"@type\":\"ImageObject\",\"inLanguage\":\"en-GB\",\"@id\":\"https:\\\/\\\/buletin.de\\\/bucuresti\\\/#\\\/schema\\\/logo\\\/image\\\/\",\"url\":\"https:\\\/\\\/buletin.de\\\/bucuresti\\\/wp-content\\\/uploads\\\/logo-bdb-full-wide-vernil-transparent.png\",\"contentUrl\":\"https:\\\/\\\/buletin.de\\\/bucuresti\\\/wp-content\\\/uploads\\\/logo-bdb-full-wide-vernil-transparent.png\",\"width\":1782,\"height\":626,\"caption\":\"Buletin de Bucure\u0219ti\"},\"image\":{\"@id\":\"https:\\\/\\\/buletin.de\\\/bucuresti\\\/#\\\/schema\\\/logo\\\/image\\\/\"},\"sameAs\":[\"https:\\\/\\\/www.facebook.com\\\/buletin.de.buc\",\"https:\\\/\\\/www.instagram.com\\\/buletinde.bucuresti\\\/\"]},{\"@type\":\"Person\",\"@id\":\"https:\\\/\\\/buletin.de\\\/bucuresti\\\/#\\\/schema\\\/person\\\/0ac9db30080482be87c7386a30f98796\",\"name\":\"C\u0103t\u0103lin Anghel-Dimache\",\"image\":{\"@type\":\"ImageObject\",\"inLanguage\":\"en-GB\",\"@id\":\"https:\\\/\\\/buletin.de\\\/bucuresti\\\/wp-content\\\/uploads\\\/Catalin-Anghel-Dimache-96x96.jpgbd9e43c5b25186d5b8e917ac61ad86c4\",\"url\":\"https:\\\/\\\/buletin.de\\\/bucuresti\\\/wp-content\\\/uploads\\\/Catalin-Anghel-Dimache-96x96.jpg\",\"contentUrl\":\"https:\\\/\\\/buletin.de\\\/bucuresti\\\/wp-content\\\/uploads\\\/Catalin-Anghel-Dimache-96x96.jpg\",\"caption\":\"C\u0103t\u0103lin Anghel-Dimache\"},\"description\":\"A absolvit Facultatea de Jurnalism \u0219i \u0218tiin\u021bele Comunic\u0103rii a Universit\u0103\u021bii din Bucure\u0219ti \u00een 2024. Scrie despre mediu \u0219i teme sociale, dar \u0219i despre cum se reflect\u0103 ele \u00een via\u021ba cotidian\u0103 a bucure\u0219tenilor, cu un ochi atent la pove\u0219tile personale din spatele titlurilor. N\u0103scut \u0219i crescut \u00een Bucure\u0219ti, a f\u0103cut un pas c\u0103tre presa local\u0103, din pasiune pentru ora\u0219ul s\u0103u \u0219i oamenii din el.\",\"url\":\"https:\\\/\\\/buletin.de\\\/bucuresti\\\/author\\\/catalin-anghel-dimache\\\/\"}]}<\/script>\n<!-- \/ Yoast SEO Premium plugin. -->","yoast_head_json":{"title":"\u201eMult\u0103 lume nu \u0219tie c\u0103 D\u00e2mbovi\u021ba e spa\u021biu public\u201d. D\u00e2mbovi\u021ba Delivery 2024: \u201eplan\u0219eul\u201d cultural al r\u00e2ului care traverseaz\u0103 Capitala - Buletin de Bucure\u0219ti","description":"\u201eMult\u0103 lume nu \u0219tie c\u0103 D\u00e2mbovi\u021ba e spa\u021biu public\u201d. D\u00e2mbovi\u021ba Delivery 2024: \u201eplan\u0219eul\u201d cultural al r\u00e2ului care traverseaz\u0103 Capitala","robots":{"index":"index","follow":"follow","max-snippet":"max-snippet:-1","max-image-preview":"max-image-preview:large","max-video-preview":"max-video-preview:-1"},"canonical":"https:\/\/buletin.de\/bucuresti\/multa-lume-nu-stie-ca-dambovita-e-spatiu-public-dambovita-delivery-2024-planseul-cultural-al-raului-care-traverseaza-capitala\/","og_locale":"en_GB","og_type":"article","og_title":"\u201eMult\u0103 lume nu \u0219tie c\u0103 D\u00e2mbovi\u021ba e spa\u021biu public\u201d. D\u00e2mbovi\u021ba Delivery 2024: \u201eplan\u0219eul\u201d cultural al r\u00e2ului care traverseaz\u0103 Capitala","og_description":"\u201eMult\u0103 lume nu \u0219tie c\u0103 D\u00e2mbovi\u021ba e spa\u021biu public\u201d. D\u00e2mbovi\u021ba Delivery 2024: \u201eplan\u0219eul\u201d cultural al r\u00e2ului care traverseaz\u0103 Capitala","og_url":"https:\/\/buletin.de\/bucuresti\/multa-lume-nu-stie-ca-dambovita-e-spatiu-public-dambovita-delivery-2024-planseul-cultural-al-raului-care-traverseaza-capitala\/","og_site_name":"Buletin de Bucure\u0219ti","article_publisher":"https:\/\/www.facebook.com\/buletin.de.buc","article_published_time":"2024-09-22T15:16:41+00:00","article_modified_time":"2024-09-22T15:24:23+00:00","og_image":[{"width":2000,"height":1500,"url":"https:\/\/buletin.de\/bucuresti\/wp-content\/uploads\/Dambovita-Delivery.jpeg","type":"image\/jpeg"}],"author":"C\u0103t\u0103lin Anghel-Dimache","twitter_card":"summary_large_image","twitter_misc":{"Written by":"C\u0103t\u0103lin Anghel-Dimache","Estimated reading time":"5 minutes"},"schema":{"@context":"https:\/\/schema.org","@graph":[{"@type":"Article","@id":"https:\/\/buletin.de\/bucuresti\/multa-lume-nu-stie-ca-dambovita-e-spatiu-public-dambovita-delivery-2024-planseul-cultural-al-raului-care-traverseaza-capitala\/#article","isPartOf":{"@id":"https:\/\/buletin.de\/bucuresti\/multa-lume-nu-stie-ca-dambovita-e-spatiu-public-dambovita-delivery-2024-planseul-cultural-al-raului-care-traverseaza-capitala\/"},"author":{"name":"C\u0103t\u0103lin Anghel-Dimache","@id":"https:\/\/buletin.de\/bucuresti\/#\/schema\/person\/0ac9db30080482be87c7386a30f98796"},"headline":"\u201eMult\u0103 lume nu \u0219tie c\u0103 D\u00e2mbovi\u021ba e spa\u021biu public\u201d. D\u00e2mbovi\u021ba Delivery 2024: \u201eplan\u0219eul\u201d cultural al r\u00e2ului care traverseaz\u0103 Capitala","datePublished":"2024-09-22T15:16:41+00:00","dateModified":"2024-09-22T15:24:23+00:00","mainEntityOfPage":{"@id":"https:\/\/buletin.de\/bucuresti\/multa-lume-nu-stie-ca-dambovita-e-spatiu-public-dambovita-delivery-2024-planseul-cultural-al-raului-care-traverseaza-capitala\/"},"wordCount":1040,"publisher":{"@id":"https:\/\/buletin.de\/bucuresti\/#organization"},"image":{"@id":"https:\/\/buletin.de\/bucuresti\/multa-lume-nu-stie-ca-dambovita-e-spatiu-public-dambovita-delivery-2024-planseul-cultural-al-raului-care-traverseaza-capitala\/#primaryimage"},"thumbnailUrl":"https:\/\/buletin.de\/bucuresti\/wp-content\/uploads\/Dambovita-Delivery.jpeg","keywords":["bucuresti","Capitala","dambovita","dambovita delivery","raul Dambovita","Splaiul Unirii"],"articleSection":["Articole","Main","Mediu"],"inLanguage":"en-GB","copyrightYear":"2024","copyrightHolder":{"@id":"https:\/\/buletin.de\/bucuresti\/#organization"}},{"@type":"WebPage","@id":"https:\/\/buletin.de\/bucuresti\/multa-lume-nu-stie-ca-dambovita-e-spatiu-public-dambovita-delivery-2024-planseul-cultural-al-raului-care-traverseaza-capitala\/","url":"https:\/\/buletin.de\/bucuresti\/multa-lume-nu-stie-ca-dambovita-e-spatiu-public-dambovita-delivery-2024-planseul-cultural-al-raului-care-traverseaza-capitala\/","name":"\u201eMult\u0103 lume nu \u0219tie c\u0103 D\u00e2mbovi\u021ba e spa\u021biu public\u201d. D\u00e2mbovi\u021ba Delivery 2024: \u201eplan\u0219eul\u201d cultural al r\u00e2ului care traverseaz\u0103 Capitala - Buletin de Bucure\u0219ti","isPartOf":{"@id":"https:\/\/buletin.de\/bucuresti\/#website"},"primaryImageOfPage":{"@id":"https:\/\/buletin.de\/bucuresti\/multa-lume-nu-stie-ca-dambovita-e-spatiu-public-dambovita-delivery-2024-planseul-cultural-al-raului-care-traverseaza-capitala\/#primaryimage"},"image":{"@id":"https:\/\/buletin.de\/bucuresti\/multa-lume-nu-stie-ca-dambovita-e-spatiu-public-dambovita-delivery-2024-planseul-cultural-al-raului-care-traverseaza-capitala\/#primaryimage"},"thumbnailUrl":"https:\/\/buletin.de\/bucuresti\/wp-content\/uploads\/Dambovita-Delivery.jpeg","datePublished":"2024-09-22T15:16:41+00:00","dateModified":"2024-09-22T15:24:23+00:00","description":"\u201eMult\u0103 lume nu \u0219tie c\u0103 D\u00e2mbovi\u021ba e spa\u021biu public\u201d. D\u00e2mbovi\u021ba Delivery 2024: \u201eplan\u0219eul\u201d cultural al r\u00e2ului care traverseaz\u0103 Capitala","breadcrumb":{"@id":"https:\/\/buletin.de\/bucuresti\/multa-lume-nu-stie-ca-dambovita-e-spatiu-public-dambovita-delivery-2024-planseul-cultural-al-raului-care-traverseaza-capitala\/#breadcrumb"},"inLanguage":"en-GB","potentialAction":[{"@type":"ReadAction","target":["https:\/\/buletin.de\/bucuresti\/multa-lume-nu-stie-ca-dambovita-e-spatiu-public-dambovita-delivery-2024-planseul-cultural-al-raului-care-traverseaza-capitala\/"]}]},{"@type":"ImageObject","inLanguage":"en-GB","@id":"https:\/\/buletin.de\/bucuresti\/multa-lume-nu-stie-ca-dambovita-e-spatiu-public-dambovita-delivery-2024-planseul-cultural-al-raului-care-traverseaza-capitala\/#primaryimage","url":"https:\/\/buletin.de\/bucuresti\/wp-content\/uploads\/Dambovita-Delivery.jpeg","contentUrl":"https:\/\/buletin.de\/bucuresti\/wp-content\/uploads\/Dambovita-Delivery.jpeg","width":2000,"height":1500,"caption":"D\u00e2mbovi\u021ba Delivery 2024: \u201eplan\u0219eul\u201d cultural al r\u00e2ului care traverseaz\u0103 Capitala. FOTO: C\u0103t\u0103lin Anghel-Dimache"},{"@type":"BreadcrumbList","@id":"https:\/\/buletin.de\/bucuresti\/multa-lume-nu-stie-ca-dambovita-e-spatiu-public-dambovita-delivery-2024-planseul-cultural-al-raului-care-traverseaza-capitala\/#breadcrumb","itemListElement":[{"@type":"ListItem","position":1,"name":"Acas\u0103","item":"https:\/\/buletin.de\/bucuresti\/"},{"@type":"ListItem","position":2,"name":"\u201eMult\u0103 lume nu \u0219tie c\u0103 D\u00e2mbovi\u021ba e spa\u021biu public\u201d. D\u00e2mbovi\u021ba Delivery 2024: \u201eplan\u0219eul\u201d cultural al r\u00e2ului care traverseaz\u0103 Capitala"}]},{"@type":"WebSite","@id":"https:\/\/buletin.de\/bucuresti\/#website","url":"https:\/\/buletin.de\/bucuresti\/","name":"Buletin de Bucure\u0219ti","description":"\u0218tiri \u0219i investiga\u021bii esen\u021biale din capital\u0103","publisher":{"@id":"https:\/\/buletin.de\/bucuresti\/#organization"},"potentialAction":[{"@type":"SearchAction","target":{"@type":"EntryPoint","urlTemplate":"https:\/\/buletin.de\/bucuresti\/?s={search_term_string}"},"query-input":{"@type":"PropertyValueSpecification","valueRequired":true,"valueName":"search_term_string"}}],"inLanguage":"en-GB"},{"@type":"Organization","@id":"https:\/\/buletin.de\/bucuresti\/#organization","name":"Buletin de Bucure\u0219ti","url":"https:\/\/buletin.de\/bucuresti\/","logo":{"@type":"ImageObject","inLanguage":"en-GB","@id":"https:\/\/buletin.de\/bucuresti\/#\/schema\/logo\/image\/","url":"https:\/\/buletin.de\/bucuresti\/wp-content\/uploads\/logo-bdb-full-wide-vernil-transparent.png","contentUrl":"https:\/\/buletin.de\/bucuresti\/wp-content\/uploads\/logo-bdb-full-wide-vernil-transparent.png","width":1782,"height":626,"caption":"Buletin de Bucure\u0219ti"},"image":{"@id":"https:\/\/buletin.de\/bucuresti\/#\/schema\/logo\/image\/"},"sameAs":["https:\/\/www.facebook.com\/buletin.de.buc","https:\/\/www.instagram.com\/buletinde.bucuresti\/"]},{"@type":"Person","@id":"https:\/\/buletin.de\/bucuresti\/#\/schema\/person\/0ac9db30080482be87c7386a30f98796","name":"C\u0103t\u0103lin Anghel-Dimache","image":{"@type":"ImageObject","inLanguage":"en-GB","@id":"https:\/\/buletin.de\/bucuresti\/wp-content\/uploads\/Catalin-Anghel-Dimache-96x96.jpgbd9e43c5b25186d5b8e917ac61ad86c4","url":"https:\/\/buletin.de\/bucuresti\/wp-content\/uploads\/Catalin-Anghel-Dimache-96x96.jpg","contentUrl":"https:\/\/buletin.de\/bucuresti\/wp-content\/uploads\/Catalin-Anghel-Dimache-96x96.jpg","caption":"C\u0103t\u0103lin Anghel-Dimache"},"description":"A absolvit Facultatea de Jurnalism \u0219i \u0218tiin\u021bele Comunic\u0103rii a Universit\u0103\u021bii din Bucure\u0219ti \u00een 2024. Scrie despre mediu \u0219i teme sociale, dar \u0219i despre cum se reflect\u0103 ele \u00een via\u021ba cotidian\u0103 a bucure\u0219tenilor, cu un ochi atent la pove\u0219tile personale din spatele titlurilor. N\u0103scut \u0219i crescut \u00een Bucure\u0219ti, a f\u0103cut un pas c\u0103tre presa local\u0103, din pasiune pentru ora\u0219ul s\u0103u \u0219i oamenii din el.","url":"https:\/\/buletin.de\/bucuresti\/author\/catalin-anghel-dimache\/"}]}},"authors":[{"term_id":22572,"user_id":59,"is_guest":0,"slug":"catalin-anghel-dimache","display_name":"C\u0103t\u0103lin Anghel-Dimache","avatar_url":"https:\/\/buletin.de\/bucuresti\/wp-content\/uploads\/Catalin-Anghel-Dimache-96x96.jpg","0":null,"1":"","2":"","3":"","4":"","5":"","6":"","7":"","8":""}],"_links":{"self":[{"href":"https:\/\/buletin.de\/bucuresti\/wp-json\/wp\/v2\/posts\/99261","targetHints":{"allow":["GET"]}}],"collection":[{"href":"https:\/\/buletin.de\/bucuresti\/wp-json\/wp\/v2\/posts"}],"about":[{"href":"https:\/\/buletin.de\/bucuresti\/wp-json\/wp\/v2\/types\/post"}],"author":[{"embeddable":true,"href":"https:\/\/buletin.de\/bucuresti\/wp-json\/wp\/v2\/users\/59"}],"replies":[{"embeddable":true,"href":"https:\/\/buletin.de\/bucuresti\/wp-json\/wp\/v2\/comments?post=99261"}],"version-history":[{"count":5,"href":"https:\/\/buletin.de\/bucuresti\/wp-json\/wp\/v2\/posts\/99261\/revisions"}],"predecessor-version":[{"id":99275,"href":"https:\/\/buletin.de\/bucuresti\/wp-json\/wp\/v2\/posts\/99261\/revisions\/99275"}],"wp:featuredmedia":[{"embeddable":true,"href":"https:\/\/buletin.de\/bucuresti\/wp-json\/wp\/v2\/media\/99262"}],"wp:attachment":[{"href":"https:\/\/buletin.de\/bucuresti\/wp-json\/wp\/v2\/media?parent=99261"}],"wp:term":[{"taxonomy":"category","embeddable":true,"href":"https:\/\/buletin.de\/bucuresti\/wp-json\/wp\/v2\/categories?post=99261"},{"taxonomy":"post_tag","embeddable":true,"href":"https:\/\/buletin.de\/bucuresti\/wp-json\/wp\/v2\/tags?post=99261"},{"taxonomy":"author","embeddable":true,"href":"https:\/\/buletin.de\/bucuresti\/wp-json\/wp\/v2\/ppma_author?post=99261"}],"curies":[{"name":"wp","href":"https:\/\/api.w.org\/{rel}","templated":true}]}}