{"id":99177,"date":"2024-09-22T12:23:21","date_gmt":"2024-09-22T09:23:21","guid":{"rendered":"https:\/\/buletin.de\/bucuresti\/?p=99177"},"modified":"2024-09-22T12:23:24","modified_gmt":"2024-09-22T09:23:24","slug":"vreme-frumoasa-si-calda","status":"publish","type":"post","link":"https:\/\/buletin.de\/bucuresti\/vreme-frumoasa-si-calda\/","title":{"rendered":"METEO |  Vremea la finalul lui septembrie \u00een Bucure\u0219ti"},"content":{"rendered":"\n<p><strong>Vremea la finalul lui septembrie \u00een Bucure\u0219ti:<a href=\"https:\/\/www.meteoromania.ro\/avertizari\/\"> <\/a>anun\u021b\u0103 temperaturi ridicate pentru aceast\u0103 perioad\u0103. Maximele termice ating 28-30 de grade, anun\u021b\u0103 <a href=\"https:\/\/www.meteoromania.ro\/avertizari\/\">ANM<\/a>.<\/strong><\/p>\n\n\n\n<p><strong>Luni, 23 septembrie,<\/strong> cerul va fi mai mult \u00eensorit iar v\u00e2ntul bate slab, cu 7 km\/h. Nu sunt anun\u021bate precipita\u021bii iar temperatura maxim\u0103 ajunge la 28 de grade. Minima termic\u0103 se va situa \u00een jurul valorii de 12 grade.<\/p>\n\n\n\n<p><strong>Mar\u021bi, 24 septembrie,<\/strong> este soare, pe tot parcursul zilei iar maxim\u0103 termic\u0103 mai cre\u0219te, p\u00e2n\u0103 la 30 de grade. Temperatura minim\u0103 se ridic\u0103 la 14 grade. V\u00e2ntul bate cu 9 km\/h \u0219i nu sunt precipita\u021bii.<\/p>\n\n\n\n<h2 class=\"wp-block-heading\" id=\"h-vremea-la-finalul-lui-septembrie-continua-panp-la-finalul-saptamanii\">Vremea la finalul lui septembrie continu\u0103 p\u00e2np la finalul s\u0103pt\u0103m\u00e2nii<\/h2>\n\n\n\n<p><strong>Vreme frumoas\u0103 \u0219i cald\u0103, la Bucure\u0219ti, s\u0103pt\u0103m\u00e2na viitoare.<\/strong> <strong>Miercuri, 25 septembrie,<\/strong> cerul este variabil \u00eens\u0103 temperatura maxim\u0103 se p\u0103streaz\u0103 ridicat\u0103 \u0219i poate ajunge la 28\u201130 de grade. V\u00e2ntul bate slab, cu 9 km\/h. Minima urc\u0103 la 15 rade.<\/p>\n\n\n\n<p><strong>Joi, 26 septembrie,<\/strong> vremea se p\u0103streaz\u0103 cald\u0103, cu cer mai mult senin \u0219i v\u00e2nt slab. Temperaturile se \u00eencadreaz\u0103 \u00eentre 15 \u0219i 28 de grade.<\/p>\n\n\n\n<p>Sf\u00e2r\u0219itul se s\u0103pt\u0103m\u00e2n\u0103 aduce, din nou, soare \u0219i temperaturi ridicate. Duminic\u0103, \u00eens\u0103, maxima nu mai trece de 20 de grade \u0219i sunt prognozate averse.<\/p>\n\n\n\n<p>Institutul de Hidrologie a avertizat c\u0103 debitele Dun\u0103rii vor cre\u0219te, p\u00e2n\u0103 la sf\u00e2r\u0219itul lunii, la intrarea \u00een \u021bar\u0103. Debitul la intrarea \u00een \u0163ar\u0103 (sec\u0163iunea Bazia\u015f) va fi \u00een cre\u0219tere p\u00e2n\u0103 la valoarea de 8300 m<sup>3<\/sup>\/s, situ\u00e2ndu-se peste media multianual\u0103 a lunii septembrie (3800 m<sup>3<\/sup>\/s). \u00cen aval de Por\u0163ile de Fier, debitele vor fi \u00een cre\u0219tere.<\/p>\n\n\n\n<p><strong>CITE\u0218TE \u0218I:<\/strong> <a href=\"https:\/\/buletin.de\/bucuresti\/taximetriste-false-descoperite-de-politie-in-centrul-capitalei\/\"><strong>Taximetriste false, descoperite de Poli\u021bie \u00een Centrul Capitalei<\/strong><\/a><\/p>\n\n\n\n<h2 class=\"wp-block-heading\" id=\"h-moldova-greu-incercata-de-ploi-ciclonul-boris-a-facut-prapad\"><strong>Moldova, greu \u00eencercat\u0103 de ploi. Ciclonul Boris a f\u0103cut pr\u0103p\u0103d<\/strong><\/h2>\n\n\n\n<p>Ciclonul Boris, care a afectat parte din Rom\u00e2nia, a f\u0103cut victime, \u00een Moldova. A fost cod ro\u0219u de inunda\u021bii pentru r\u00e2uri din jude\u021bele Gala\u021bi \u0219i Vaslui. S-au acumulat cantit\u0103\u021bi de ap\u0103 de p\u00e2n\u0103 la 150 litri pe metru p\u0103trat, adic\u0103 de trei ori mai mult dec\u00e2t media lunii septembrie, potrivit meteorologilor.<\/p>\n\n\n\n<p><strong>\u0218apte oameni au murit \u0219i peste 20.000 au fost afecta\u021bi de inunda\u021biile din jude\u021bul Vaslui.&nbsp;<\/strong><\/p>\n\n\n\n<p>19 localit\u0103\u0163i din jude\u0163ele Arge\u015f, Bac\u0103u, Buz\u0103u, Gala\u0163i, Hunedoara, Neam\u0163, V\u00e2lcea \u015fi Vrancea au fost afectate de ploile abundente.<\/p>\n\n\n\n<p><strong>CITE\u0218TE \u0218I:<\/strong> <a href=\"https:\/\/buletin.de\/bucuresti\/fcsb-petrolul-gaze-lacrimogene\/\"><strong>FCSB-Petrolul | Gaze lacrimogene, dup\u0103 o tactic\u0103 a suporterilor \u201ede a evita controlul corporal riguros\u201d<\/strong><\/a><\/p>\n\n\n\n<p><\/p>\n","protected":false},"excerpt":{"rendered":"<p>Vremea la finalul lui septembrie \u00een Bucure\u0219ti: anun\u021b\u0103 temperaturi ridicate pentru aceast\u0103 perioad\u0103. Maximele termice ating 28-30 de grade, anun\u021b\u0103 ANM. Luni, 23 septembrie, cerul va fi mai mult \u00eensorit iar v\u00e2ntul bate slab, cu 7 km\/h. Nu sunt anun\u021bate precipita\u021bii iar temperatura maxim\u0103 ajunge la 28 de grade. Minima termic\u0103 se va situa \u00een [&hellip;]<\/p>\n","protected":false},"author":49,"featured_media":73414,"comment_status":"closed","ping_status":"open","sticky":false,"template":"","format":"standard","meta":{"_acf_changed":false,"inline_featured_image":false,"ngg_post_thumbnail":0,"footnotes":""},"categories":[6994,62],"tags":[4314,5928,10452],"ppma_author":[22574],"class_list":["post-99177","post","type-post","status-publish","format-standard","has-post-thumbnail","hentry","category-stiri-2","category-stiri","tag-anm","tag-anm-prognoza-meteo","tag-temperaturi-bucuresti"],"acf":[],"yoast_head":"<!-- This site is optimized with the Yoast SEO Premium plugin v25.3 (Yoast SEO v27.4) - https:\/\/yoast.com\/product\/yoast-seo-premium-wordpress\/ -->\n<title>METEO | Vremea la finalul lui septembrie \u00een Bucure\u0219ti - Buletin de Bucure\u0219ti<\/title>\n<meta name=\"description\" content=\"Vremea la finalul lui septembrie \u00een Bucure\u0219ti: anun\u021b\u0103 temperaturi ridicate pentru aceast\u0103 perioad\u0103. Maximele termice ating 28-30 de grade.\" \/>\n<meta name=\"robots\" content=\"index, follow, max-snippet:-1, max-image-preview:large, max-video-preview:-1\" \/>\n<link rel=\"canonical\" href=\"https:\/\/buletin.de\/bucuresti\/vreme-frumoasa-si-calda\/\" \/>\n<meta property=\"og:locale\" content=\"en_GB\" \/>\n<meta property=\"og:type\" content=\"article\" \/>\n<meta property=\"og:title\" content=\"METEO | Vremea la finalul lui septembrie \u00een Bucure\u0219ti\" \/>\n<meta property=\"og:description\" content=\"Vremea la finalul lui septembrie \u00een Bucure\u0219ti: anun\u021b\u0103 temperaturi ridicate pentru aceast\u0103 perioad\u0103. Maximele termice ating 28-30 de grade.\" \/>\n<meta property=\"og:url\" content=\"https:\/\/buletin.de\/bucuresti\/vreme-frumoasa-si-calda\/\" \/>\n<meta property=\"og:site_name\" content=\"Buletin de Bucure\u0219ti\" \/>\n<meta property=\"article:publisher\" content=\"https:\/\/www.facebook.com\/buletin.de.buc\" \/>\n<meta property=\"article:published_time\" content=\"2024-09-22T09:23:21+00:00\" \/>\n<meta property=\"article:modified_time\" content=\"2024-09-22T09:23:24+00:00\" \/>\n<meta property=\"og:image\" content=\"https:\/\/buletin.de\/bucuresti\/wp-content\/uploads\/meteo-3.jpeg\" \/>\n\t<meta property=\"og:image:width\" content=\"800\" \/>\n\t<meta property=\"og:image:height\" content=\"1200\" \/>\n\t<meta property=\"og:image:type\" content=\"image\/jpeg\" \/>\n<meta name=\"author\" content=\"Diana Matei\" \/>\n<meta name=\"twitter:card\" content=\"summary_large_image\" \/>\n<meta name=\"twitter:label1\" content=\"Written by\" \/>\n\t<meta name=\"twitter:data1\" content=\"Diana Matei\" \/>\n\t<meta name=\"twitter:label2\" content=\"Estimated reading time\" \/>\n\t<meta name=\"twitter:data2\" content=\"2 minutes\" \/>\n<script type=\"application\/ld+json\" class=\"yoast-schema-graph\">{\"@context\":\"https:\\\/\\\/schema.org\",\"@graph\":[{\"@type\":\"Article\",\"@id\":\"https:\\\/\\\/buletin.de\\\/bucuresti\\\/vreme-frumoasa-si-calda\\\/#article\",\"isPartOf\":{\"@id\":\"https:\\\/\\\/buletin.de\\\/bucuresti\\\/vreme-frumoasa-si-calda\\\/\"},\"author\":{\"name\":\"Diana Matei\",\"@id\":\"https:\\\/\\\/buletin.de\\\/bucuresti\\\/#\\\/schema\\\/person\\\/7e46040573290777280a0835d81ea4ea\"},\"headline\":\"METEO | Vremea la finalul lui septembrie \u00een Bucure\u0219ti\",\"datePublished\":\"2024-09-22T09:23:21+00:00\",\"dateModified\":\"2024-09-22T09:23:24+00:00\",\"mainEntityOfPage\":{\"@id\":\"https:\\\/\\\/buletin.de\\\/bucuresti\\\/vreme-frumoasa-si-calda\\\/\"},\"wordCount\":424,\"publisher\":{\"@id\":\"https:\\\/\\\/buletin.de\\\/bucuresti\\\/#organization\"},\"image\":{\"@id\":\"https:\\\/\\\/buletin.de\\\/bucuresti\\\/vreme-frumoasa-si-calda\\\/#primaryimage\"},\"thumbnailUrl\":\"https:\\\/\\\/buletin.de\\\/bucuresti\\\/wp-content\\\/uploads\\\/meteo-3.jpeg\",\"keywords\":[\"anm\",\"anm prognoza meteo\",\"temperaturi Bucuresti\"],\"articleSection\":[\"Articole\",\"\u0218tiri\"],\"inLanguage\":\"en-GB\",\"copyrightYear\":\"2024\",\"copyrightHolder\":{\"@id\":\"https:\\\/\\\/buletin.de\\\/bucuresti\\\/#organization\"}},{\"@type\":\"WebPage\",\"@id\":\"https:\\\/\\\/buletin.de\\\/bucuresti\\\/vreme-frumoasa-si-calda\\\/\",\"url\":\"https:\\\/\\\/buletin.de\\\/bucuresti\\\/vreme-frumoasa-si-calda\\\/\",\"name\":\"METEO | Vremea la finalul lui septembrie \u00een Bucure\u0219ti - Buletin de Bucure\u0219ti\",\"isPartOf\":{\"@id\":\"https:\\\/\\\/buletin.de\\\/bucuresti\\\/#website\"},\"primaryImageOfPage\":{\"@id\":\"https:\\\/\\\/buletin.de\\\/bucuresti\\\/vreme-frumoasa-si-calda\\\/#primaryimage\"},\"image\":{\"@id\":\"https:\\\/\\\/buletin.de\\\/bucuresti\\\/vreme-frumoasa-si-calda\\\/#primaryimage\"},\"thumbnailUrl\":\"https:\\\/\\\/buletin.de\\\/bucuresti\\\/wp-content\\\/uploads\\\/meteo-3.jpeg\",\"datePublished\":\"2024-09-22T09:23:21+00:00\",\"dateModified\":\"2024-09-22T09:23:24+00:00\",\"description\":\"Vremea la finalul lui septembrie \u00een Bucure\u0219ti: anun\u021b\u0103 temperaturi ridicate pentru aceast\u0103 perioad\u0103. Maximele termice ating 28-30 de grade.\",\"breadcrumb\":{\"@id\":\"https:\\\/\\\/buletin.de\\\/bucuresti\\\/vreme-frumoasa-si-calda\\\/#breadcrumb\"},\"inLanguage\":\"en-GB\",\"potentialAction\":[{\"@type\":\"ReadAction\",\"target\":[\"https:\\\/\\\/buletin.de\\\/bucuresti\\\/vreme-frumoasa-si-calda\\\/\"]}]},{\"@type\":\"ImageObject\",\"inLanguage\":\"en-GB\",\"@id\":\"https:\\\/\\\/buletin.de\\\/bucuresti\\\/vreme-frumoasa-si-calda\\\/#primaryimage\",\"url\":\"https:\\\/\\\/buletin.de\\\/bucuresti\\\/wp-content\\\/uploads\\\/meteo-3.jpeg\",\"contentUrl\":\"https:\\\/\\\/buletin.de\\\/bucuresti\\\/wp-content\\\/uploads\\\/meteo-3.jpeg\",\"width\":800,\"height\":1200,\"caption\":\"METEO | Vremea se men\u021bine frumoas\u0103 \u0219i cald\u0103, \u00een weekend. Temperaturile maxime urc\u0103 p\u00e2n\u0103 la 28... 29 de grade. FOTO: Arhiva\"},{\"@type\":\"BreadcrumbList\",\"@id\":\"https:\\\/\\\/buletin.de\\\/bucuresti\\\/vreme-frumoasa-si-calda\\\/#breadcrumb\",\"itemListElement\":[{\"@type\":\"ListItem\",\"position\":1,\"name\":\"Acas\u0103\",\"item\":\"https:\\\/\\\/buletin.de\\\/bucuresti\\\/\"},{\"@type\":\"ListItem\",\"position\":2,\"name\":\"METEO | Vremea la finalul lui septembrie \u00een Bucure\u0219ti\"}]},{\"@type\":\"WebSite\",\"@id\":\"https:\\\/\\\/buletin.de\\\/bucuresti\\\/#website\",\"url\":\"https:\\\/\\\/buletin.de\\\/bucuresti\\\/\",\"name\":\"Buletin de Bucure\u0219ti\",\"description\":\"\u0218tiri \u0219i investiga\u021bii esen\u021biale din capital\u0103\",\"publisher\":{\"@id\":\"https:\\\/\\\/buletin.de\\\/bucuresti\\\/#organization\"},\"potentialAction\":[{\"@type\":\"SearchAction\",\"target\":{\"@type\":\"EntryPoint\",\"urlTemplate\":\"https:\\\/\\\/buletin.de\\\/bucuresti\\\/?s={search_term_string}\"},\"query-input\":{\"@type\":\"PropertyValueSpecification\",\"valueRequired\":true,\"valueName\":\"search_term_string\"}}],\"inLanguage\":\"en-GB\"},{\"@type\":\"Organization\",\"@id\":\"https:\\\/\\\/buletin.de\\\/bucuresti\\\/#organization\",\"name\":\"Buletin de Bucure\u0219ti\",\"url\":\"https:\\\/\\\/buletin.de\\\/bucuresti\\\/\",\"logo\":{\"@type\":\"ImageObject\",\"inLanguage\":\"en-GB\",\"@id\":\"https:\\\/\\\/buletin.de\\\/bucuresti\\\/#\\\/schema\\\/logo\\\/image\\\/\",\"url\":\"https:\\\/\\\/buletin.de\\\/bucuresti\\\/wp-content\\\/uploads\\\/logo-bdb-full-wide-vernil-transparent.png\",\"contentUrl\":\"https:\\\/\\\/buletin.de\\\/bucuresti\\\/wp-content\\\/uploads\\\/logo-bdb-full-wide-vernil-transparent.png\",\"width\":1782,\"height\":626,\"caption\":\"Buletin de Bucure\u0219ti\"},\"image\":{\"@id\":\"https:\\\/\\\/buletin.de\\\/bucuresti\\\/#\\\/schema\\\/logo\\\/image\\\/\"},\"sameAs\":[\"https:\\\/\\\/www.facebook.com\\\/buletin.de.buc\",\"https:\\\/\\\/www.instagram.com\\\/buletinde.bucuresti\\\/\"]},{\"@type\":\"Person\",\"@id\":\"https:\\\/\\\/buletin.de\\\/bucuresti\\\/#\\\/schema\\\/person\\\/7e46040573290777280a0835d81ea4ea\",\"name\":\"Diana Matei\",\"image\":{\"@type\":\"ImageObject\",\"inLanguage\":\"en-GB\",\"@id\":\"https:\\\/\\\/buletin.de\\\/bucuresti\\\/wp-content\\\/uploads\\\/9-2-96x96.jpg1e8590b30871d70e62ebcdaf2eff570c\",\"url\":\"https:\\\/\\\/buletin.de\\\/bucuresti\\\/wp-content\\\/uploads\\\/9-2-96x96.jpg\",\"contentUrl\":\"https:\\\/\\\/buletin.de\\\/bucuresti\\\/wp-content\\\/uploads\\\/9-2-96x96.jpg\",\"caption\":\"Diana Matei\"},\"url\":\"https:\\\/\\\/buletin.de\\\/bucuresti\\\/author\\\/dianamatei\\\/\"}]}<\/script>\n<!-- \/ Yoast SEO Premium plugin. -->","yoast_head_json":{"title":"METEO | Vremea la finalul lui septembrie \u00een Bucure\u0219ti - Buletin de Bucure\u0219ti","description":"Vremea la finalul lui septembrie \u00een Bucure\u0219ti: anun\u021b\u0103 temperaturi ridicate pentru aceast\u0103 perioad\u0103. Maximele termice ating 28-30 de grade.","robots":{"index":"index","follow":"follow","max-snippet":"max-snippet:-1","max-image-preview":"max-image-preview:large","max-video-preview":"max-video-preview:-1"},"canonical":"https:\/\/buletin.de\/bucuresti\/vreme-frumoasa-si-calda\/","og_locale":"en_GB","og_type":"article","og_title":"METEO | Vremea la finalul lui septembrie \u00een Bucure\u0219ti","og_description":"Vremea la finalul lui septembrie \u00een Bucure\u0219ti: anun\u021b\u0103 temperaturi ridicate pentru aceast\u0103 perioad\u0103. Maximele termice ating 28-30 de grade.","og_url":"https:\/\/buletin.de\/bucuresti\/vreme-frumoasa-si-calda\/","og_site_name":"Buletin de Bucure\u0219ti","article_publisher":"https:\/\/www.facebook.com\/buletin.de.buc","article_published_time":"2024-09-22T09:23:21+00:00","article_modified_time":"2024-09-22T09:23:24+00:00","og_image":[{"width":800,"height":1200,"url":"https:\/\/buletin.de\/bucuresti\/wp-content\/uploads\/meteo-3.jpeg","type":"image\/jpeg"}],"author":"Diana Matei","twitter_card":"summary_large_image","twitter_misc":{"Written by":"Diana Matei","Estimated reading time":"2 minutes"},"schema":{"@context":"https:\/\/schema.org","@graph":[{"@type":"Article","@id":"https:\/\/buletin.de\/bucuresti\/vreme-frumoasa-si-calda\/#article","isPartOf":{"@id":"https:\/\/buletin.de\/bucuresti\/vreme-frumoasa-si-calda\/"},"author":{"name":"Diana Matei","@id":"https:\/\/buletin.de\/bucuresti\/#\/schema\/person\/7e46040573290777280a0835d81ea4ea"},"headline":"METEO | Vremea la finalul lui septembrie \u00een Bucure\u0219ti","datePublished":"2024-09-22T09:23:21+00:00","dateModified":"2024-09-22T09:23:24+00:00","mainEntityOfPage":{"@id":"https:\/\/buletin.de\/bucuresti\/vreme-frumoasa-si-calda\/"},"wordCount":424,"publisher":{"@id":"https:\/\/buletin.de\/bucuresti\/#organization"},"image":{"@id":"https:\/\/buletin.de\/bucuresti\/vreme-frumoasa-si-calda\/#primaryimage"},"thumbnailUrl":"https:\/\/buletin.de\/bucuresti\/wp-content\/uploads\/meteo-3.jpeg","keywords":["anm","anm prognoza meteo","temperaturi Bucuresti"],"articleSection":["Articole","\u0218tiri"],"inLanguage":"en-GB","copyrightYear":"2024","copyrightHolder":{"@id":"https:\/\/buletin.de\/bucuresti\/#organization"}},{"@type":"WebPage","@id":"https:\/\/buletin.de\/bucuresti\/vreme-frumoasa-si-calda\/","url":"https:\/\/buletin.de\/bucuresti\/vreme-frumoasa-si-calda\/","name":"METEO | Vremea la finalul lui septembrie \u00een Bucure\u0219ti - Buletin de Bucure\u0219ti","isPartOf":{"@id":"https:\/\/buletin.de\/bucuresti\/#website"},"primaryImageOfPage":{"@id":"https:\/\/buletin.de\/bucuresti\/vreme-frumoasa-si-calda\/#primaryimage"},"image":{"@id":"https:\/\/buletin.de\/bucuresti\/vreme-frumoasa-si-calda\/#primaryimage"},"thumbnailUrl":"https:\/\/buletin.de\/bucuresti\/wp-content\/uploads\/meteo-3.jpeg","datePublished":"2024-09-22T09:23:21+00:00","dateModified":"2024-09-22T09:23:24+00:00","description":"Vremea la finalul lui septembrie \u00een Bucure\u0219ti: anun\u021b\u0103 temperaturi ridicate pentru aceast\u0103 perioad\u0103. Maximele termice ating 28-30 de grade.","breadcrumb":{"@id":"https:\/\/buletin.de\/bucuresti\/vreme-frumoasa-si-calda\/#breadcrumb"},"inLanguage":"en-GB","potentialAction":[{"@type":"ReadAction","target":["https:\/\/buletin.de\/bucuresti\/vreme-frumoasa-si-calda\/"]}]},{"@type":"ImageObject","inLanguage":"en-GB","@id":"https:\/\/buletin.de\/bucuresti\/vreme-frumoasa-si-calda\/#primaryimage","url":"https:\/\/buletin.de\/bucuresti\/wp-content\/uploads\/meteo-3.jpeg","contentUrl":"https:\/\/buletin.de\/bucuresti\/wp-content\/uploads\/meteo-3.jpeg","width":800,"height":1200,"caption":"METEO | Vremea se men\u021bine frumoas\u0103 \u0219i cald\u0103, \u00een weekend. Temperaturile maxime urc\u0103 p\u00e2n\u0103 la 28... 29 de grade. FOTO: Arhiva"},{"@type":"BreadcrumbList","@id":"https:\/\/buletin.de\/bucuresti\/vreme-frumoasa-si-calda\/#breadcrumb","itemListElement":[{"@type":"ListItem","position":1,"name":"Acas\u0103","item":"https:\/\/buletin.de\/bucuresti\/"},{"@type":"ListItem","position":2,"name":"METEO | Vremea la finalul lui septembrie \u00een Bucure\u0219ti"}]},{"@type":"WebSite","@id":"https:\/\/buletin.de\/bucuresti\/#website","url":"https:\/\/buletin.de\/bucuresti\/","name":"Buletin de Bucure\u0219ti","description":"\u0218tiri \u0219i investiga\u021bii esen\u021biale din capital\u0103","publisher":{"@id":"https:\/\/buletin.de\/bucuresti\/#organization"},"potentialAction":[{"@type":"SearchAction","target":{"@type":"EntryPoint","urlTemplate":"https:\/\/buletin.de\/bucuresti\/?s={search_term_string}"},"query-input":{"@type":"PropertyValueSpecification","valueRequired":true,"valueName":"search_term_string"}}],"inLanguage":"en-GB"},{"@type":"Organization","@id":"https:\/\/buletin.de\/bucuresti\/#organization","name":"Buletin de Bucure\u0219ti","url":"https:\/\/buletin.de\/bucuresti\/","logo":{"@type":"ImageObject","inLanguage":"en-GB","@id":"https:\/\/buletin.de\/bucuresti\/#\/schema\/logo\/image\/","url":"https:\/\/buletin.de\/bucuresti\/wp-content\/uploads\/logo-bdb-full-wide-vernil-transparent.png","contentUrl":"https:\/\/buletin.de\/bucuresti\/wp-content\/uploads\/logo-bdb-full-wide-vernil-transparent.png","width":1782,"height":626,"caption":"Buletin de Bucure\u0219ti"},"image":{"@id":"https:\/\/buletin.de\/bucuresti\/#\/schema\/logo\/image\/"},"sameAs":["https:\/\/www.facebook.com\/buletin.de.buc","https:\/\/www.instagram.com\/buletinde.bucuresti\/"]},{"@type":"Person","@id":"https:\/\/buletin.de\/bucuresti\/#\/schema\/person\/7e46040573290777280a0835d81ea4ea","name":"Diana Matei","image":{"@type":"ImageObject","inLanguage":"en-GB","@id":"https:\/\/buletin.de\/bucuresti\/wp-content\/uploads\/9-2-96x96.jpg1e8590b30871d70e62ebcdaf2eff570c","url":"https:\/\/buletin.de\/bucuresti\/wp-content\/uploads\/9-2-96x96.jpg","contentUrl":"https:\/\/buletin.de\/bucuresti\/wp-content\/uploads\/9-2-96x96.jpg","caption":"Diana Matei"},"url":"https:\/\/buletin.de\/bucuresti\/author\/dianamatei\/"}]}},"authors":[{"term_id":22574,"user_id":49,"is_guest":0,"slug":"dianamatei","display_name":"Diana Matei","avatar_url":"https:\/\/buletin.de\/bucuresti\/wp-content\/uploads\/9-2-96x96.jpg","0":null,"1":"","2":"","3":"","4":"","5":"","6":"","7":"","8":""}],"_links":{"self":[{"href":"https:\/\/buletin.de\/bucuresti\/wp-json\/wp\/v2\/posts\/99177","targetHints":{"allow":["GET"]}}],"collection":[{"href":"https:\/\/buletin.de\/bucuresti\/wp-json\/wp\/v2\/posts"}],"about":[{"href":"https:\/\/buletin.de\/bucuresti\/wp-json\/wp\/v2\/types\/post"}],"author":[{"embeddable":true,"href":"https:\/\/buletin.de\/bucuresti\/wp-json\/wp\/v2\/users\/49"}],"replies":[{"embeddable":true,"href":"https:\/\/buletin.de\/bucuresti\/wp-json\/wp\/v2\/comments?post=99177"}],"version-history":[{"count":2,"href":"https:\/\/buletin.de\/bucuresti\/wp-json\/wp\/v2\/posts\/99177\/revisions"}],"predecessor-version":[{"id":99211,"href":"https:\/\/buletin.de\/bucuresti\/wp-json\/wp\/v2\/posts\/99177\/revisions\/99211"}],"wp:featuredmedia":[{"embeddable":true,"href":"https:\/\/buletin.de\/bucuresti\/wp-json\/wp\/v2\/media\/73414"}],"wp:attachment":[{"href":"https:\/\/buletin.de\/bucuresti\/wp-json\/wp\/v2\/media?parent=99177"}],"wp:term":[{"taxonomy":"category","embeddable":true,"href":"https:\/\/buletin.de\/bucuresti\/wp-json\/wp\/v2\/categories?post=99177"},{"taxonomy":"post_tag","embeddable":true,"href":"https:\/\/buletin.de\/bucuresti\/wp-json\/wp\/v2\/tags?post=99177"},{"taxonomy":"author","embeddable":true,"href":"https:\/\/buletin.de\/bucuresti\/wp-json\/wp\/v2\/ppma_author?post=99177"}],"curies":[{"name":"wp","href":"https:\/\/api.w.org\/{rel}","templated":true}]}}