{"id":99061,"date":"2024-09-22T06:31:44","date_gmt":"2024-09-22T03:31:44","guid":{"rendered":"https:\/\/buletin.de\/bucuresti\/?p=99061"},"modified":"2024-09-22T19:26:18","modified_gmt":"2024-09-22T16:26:18","slug":"noile-spatii-pentru-soferii-stb-la-capetele-de-linii-aproape-finalizate","status":"publish","type":"post","link":"https:\/\/buletin.de\/bucuresti\/noile-spatii-pentru-soferii-stb-la-capetele-de-linii-aproape-finalizate\/","title":{"rendered":"Noi spa\u021bii de relaxare pentru \u0219oferii \u0219i vatmanii STB, la capetele de linii. Ce dot\u0103ri sunt incluse"},"content":{"rendered":"\n<p><strong>Un proiect destinat \u00eembun\u0103t\u0103\u021birii condi\u021biilor pentru \u0219oferii \u0219i vatmanii STB este \u00een curs de desf\u0103\u0219urare la Uzina de Repara\u021bii (URAC). Ini\u021biativa vizeaz\u0103 instalarea unor containere special amenajate la capetele de linii STB, iar prototipul este aproape finalizat.<\/strong><\/p>\n\n\n\n<h2 class=\"wp-block-heading\" id=\"h-noile-spa\u021bii-pentru-\u0219oferii-stb\"><strong>Noile spa\u021bii pentru \u0219oferii STB<\/strong><\/h2>\n\n\n\n<p>Containerul, cu o lungime de 4 metri, l\u0103\u021bime de 3 metri \u0219i o \u00een\u0103l\u021bime de 2,5 metri, este \u00eemp\u0103r\u021bit \u00een dou\u0103 compartimente.<\/p>\n\n\n\n<iframe width=\"560\" height=\"315\" src=\"https:\/\/www.youtube.com\/embed\/NK7thGhabsI?si=MD-E3OmUPCwKDZPx\" title=\"YouTube video player\" frameborder=\"0\" allow=\"accelerometer; autoplay; clipboard-write; encrypted-media; gyroscope; picture-in-picture; web-share\" referrerpolicy=\"strict-origin-when-cross-origin\" allowfullscreen><\/iframe>\n\n\n\n<p>Primul compartiment va func\u021biona ca grup sanitar, fiind dotat cu robinet instant, lavoar \u0219i toalet\u0103, iar cel de-al doilea compartiment este destinat pauzei \u0219oferilor, av\u00e2nd calorifer electric \u0219i aer condi\u021bionat pentru confort.<\/p>\n\n\n\n<p>Dup\u0103 finalizarea prototipului, acesta va fi amplasat \u00eentr-una din loca\u021biile unde este necesar, iar proiectul va intra ulterior \u00een produc\u021bie de serie, urm\u00e2nd s\u0103 fie implementat la toate capetele de linii, <a href=\"https:\/\/stb-sindicat.ro\/asa-vor-arata-noile-spatii-pentru-conducatorii-de-vehicule-la-capete-de-linii-stb-sa\/\">conform Sindicatului STB<\/a>.<\/p>\n\n\n\n<p><strong>CITE\u0218TE \u0218I: <\/strong><a href=\"https:\/\/buletin.de\/bucuresti\/primul-tren-cumparat-de-romania\/\"><strong>Noul tren InterRegio al Capitalei \u0219i rama \u201eGiurgiu\u201d pentru metroul din Drumul Taberei, expuse publicului<\/strong><\/a><\/p>\n\n\n\n<h2 class=\"wp-block-heading\" id=\"h-greva-din-2022\"><strong>Greva din 2022<\/strong><\/h2>\n\n\n\n<p>\u00cen 2022, o grev\u0103 a \u0219oferilor \u0219i vatmanilor STB a provocat un blocaj care a durat 5 zile. Buletin de Bucure\u0219ti a dezv\u0103luit atunci c\u0103 protestul a avut loc \u00een contextul \u00een care un audit intern a scos la suprafa\u021b\u0103 nereguli grave la autobazele \u0219i depourile societ\u0103\u021bii de transport. Verific\u0103rile ar fi urmat s\u0103 duc\u0103 la schimbarea procedurilor de sistem pentru achizi\u021biile publice din cadrul companiei.\u00a0<\/p>\n\n\n\n<p>\u00cen paralel, angaja\u021bii au cerut atunci major\u0103ri salariale \u0219i condi\u021bii mai bune de munc\u0103, printre care \u0219i amplasarea unor toalete la cap\u0103tul liniilor.<\/p>\n\n\n\n<p>Protestul de atunci a paralizat \u00eentreaga Capital\u0103, iar bucure\u0219tenii au fost nevoi\u021bi s\u0103 circule cu metroul, ma\u0219inile personale sau taxiurile.<\/p>\n\n\n\n<p>Conflictul de munc\u0103 a provocat un scandal major la nivelul administra\u021biei locale. Vasile Petrariu, liderul de sindicat al angaja\u021bilor STB \u0219i consilier general ales la acea vreme pe listele PSD, a fost acuzat atunci c\u0103 ar fi organizat o grev\u0103 ilegal\u0103.<\/p>\n\n\n\n<p>CITE\u0218TE \u0218I <a href=\"https:\/\/buletin.de\/bucuresti\/exclusiv-culisele-grevei-de-la-stb-supraconsumuri-record-de-motorina-in-autobaze-furnizori-suspecti-achizitii-inutile-de-piese-si-facturi-umflate\/\">EXCLUSIV | Culisele grevei de la STB: supraconsumuri record de motorin\u0103 \u00een autobaze, furnizori \u201esuspec\u021bi\u201d, achizi\u021bii inutile de piese \u0219i facturi \u201eumflate\u201d <\/a><\/p>\n\n\n\n<p>\u00cen urma acestei ac\u021biuni, mai mul\u021bi \u0219oferi \u0219i vatmani care nu au lucrat mai mult de 3 zile au fost concedia\u021bi sau sanc\u021biona\u021bi.<\/p>\n\n\n\n<p>Directorul Societ\u0103\u0163ii de Transport Bucure\u015fti (STB) de atunci, Adrian Cri\u0163, a precizat c\u0103 un \u015fofer de autobuz sau un vatman c\u00e2\u015ftiga peste 1.000 de euro pe lun\u0103 net.<\/p>\n\n\n\n<p><strong>CITE\u0218TE \u0218I: <a href=\"https:\/\/buletin.de\/bucuresti\/greva-de-la-stb-continua-in-ciuda-decizie-instantei-niciun-mijloc-de-transport-in-comun-in-trafic-la-aproape-trei-ore-de-la-decizia-de-suspendare-a-protestului\/\">Greva de la STB continu\u0103, \u00een ciuda deciziei instan\u021bei. Niciun mijloc de transport \u00een comun, \u00een trafic, la aproape trei ore de la decizia de suspendare a protestului<\/a><\/strong><\/p>\n\n\n\n<p><\/p>\n","protected":false},"excerpt":{"rendered":"<p>Un proiect destinat \u00eembun\u0103t\u0103\u021birii condi\u021biilor pentru \u0219oferii \u0219i vatmanii STB este \u00een curs de desf\u0103\u0219urare la Uzina de Repara\u021bii (URAC). Ini\u021biativa vizeaz\u0103 instalarea unor containere special amenajate la capetele de linii STB, iar prototipul este aproape finalizat. Noile spa\u021bii pentru \u0219oferii STB Containerul, cu o lungime de 4 metri, l\u0103\u021bime de 3 metri \u0219i o [&hellip;]<\/p>\n","protected":false},"author":59,"featured_media":99111,"comment_status":"closed","ping_status":"open","sticky":false,"template":"","format":"standard","meta":{"_acf_changed":false,"inline_featured_image":false,"ngg_post_thumbnail":0,"footnotes":""},"categories":[6994,62,650],"tags":[15311,2041,4731,2237,402,15310,15312],"ppma_author":[22572],"class_list":["post-99061","post","type-post","status-publish","format-standard","has-post-thumbnail","hentry","category-stiri-2","category-stiri","category-transport","tag-capete","tag-linii","tag-soferi-2","tag-spatii","tag-stb","tag-toalete","tag-vatman"],"acf":[],"yoast_head":"<!-- This site is optimized with the Yoast SEO Premium plugin v25.3 (Yoast SEO v27.4) - https:\/\/yoast.com\/product\/yoast-seo-premium-wordpress\/ -->\n<title>Noi spa\u021bii de relaxare pentru \u0219oferii \u0219i vatmanii STB, la capetele de linii. Ce dot\u0103ri sunt incluse - Buletin de Bucure\u0219ti<\/title>\n<meta name=\"description\" content=\"Un proiect destinat \u00eembun\u0103t\u0103\u021birii condi\u021biilor pentru \u0219oferii \u0219i vatmanii STB este \u00een curs de desf\u0103\u0219urare la Uzina de Repara\u021bii (URAC).\" \/>\n<meta name=\"robots\" content=\"index, follow, max-snippet:-1, max-image-preview:large, max-video-preview:-1\" \/>\n<link rel=\"canonical\" href=\"https:\/\/buletin.de\/bucuresti\/noile-spatii-pentru-soferii-stb-la-capetele-de-linii-aproape-finalizate\/\" \/>\n<meta property=\"og:locale\" content=\"en_GB\" \/>\n<meta property=\"og:type\" content=\"article\" \/>\n<meta property=\"og:title\" content=\"Noi spa\u021bii de relaxare pentru \u0219oferii \u0219i vatmanii STB, la capetele de linii. Ce dot\u0103ri sunt incluse\" \/>\n<meta property=\"og:description\" content=\"Un proiect destinat \u00eembun\u0103t\u0103\u021birii condi\u021biilor pentru \u0219oferii \u0219i vatmanii STB este \u00een curs de desf\u0103\u0219urare la Uzina de Repara\u021bii (URAC).\" \/>\n<meta property=\"og:url\" content=\"https:\/\/buletin.de\/bucuresti\/noile-spatii-pentru-soferii-stb-la-capetele-de-linii-aproape-finalizate\/\" \/>\n<meta property=\"og:site_name\" content=\"Buletin de Bucure\u0219ti\" \/>\n<meta property=\"article:publisher\" content=\"https:\/\/www.facebook.com\/buletin.de.buc\" \/>\n<meta property=\"article:published_time\" content=\"2024-09-22T03:31:44+00:00\" \/>\n<meta property=\"article:modified_time\" content=\"2024-09-22T16:26:18+00:00\" \/>\n<meta property=\"og:image\" content=\"https:\/\/buletin.de\/bucuresti\/wp-content\/uploads\/cabine.jpg\" \/>\n\t<meta property=\"og:image:width\" content=\"1548\" \/>\n\t<meta property=\"og:image:height\" content=\"1089\" \/>\n\t<meta property=\"og:image:type\" content=\"image\/jpeg\" \/>\n<meta name=\"author\" content=\"C\u0103t\u0103lin Anghel-Dimache\" \/>\n<meta name=\"twitter:card\" content=\"summary_large_image\" \/>\n<meta name=\"twitter:label1\" content=\"Written by\" \/>\n\t<meta name=\"twitter:data1\" content=\"C\u0103t\u0103lin Anghel-Dimache\" \/>\n\t<meta name=\"twitter:label2\" content=\"Estimated reading time\" \/>\n\t<meta name=\"twitter:data2\" content=\"2 minutes\" \/>\n<script type=\"application\/ld+json\" class=\"yoast-schema-graph\">{\"@context\":\"https:\\\/\\\/schema.org\",\"@graph\":[{\"@type\":\"Article\",\"@id\":\"https:\\\/\\\/buletin.de\\\/bucuresti\\\/noile-spatii-pentru-soferii-stb-la-capetele-de-linii-aproape-finalizate\\\/#article\",\"isPartOf\":{\"@id\":\"https:\\\/\\\/buletin.de\\\/bucuresti\\\/noile-spatii-pentru-soferii-stb-la-capetele-de-linii-aproape-finalizate\\\/\"},\"author\":{\"name\":\"C\u0103t\u0103lin Anghel-Dimache\",\"@id\":\"https:\\\/\\\/buletin.de\\\/bucuresti\\\/#\\\/schema\\\/person\\\/0ac9db30080482be87c7386a30f98796\"},\"headline\":\"Noi spa\u021bii de relaxare pentru \u0219oferii \u0219i vatmanii STB, la capetele de linii. Ce dot\u0103ri sunt incluse\",\"datePublished\":\"2024-09-22T03:31:44+00:00\",\"dateModified\":\"2024-09-22T16:26:18+00:00\",\"mainEntityOfPage\":{\"@id\":\"https:\\\/\\\/buletin.de\\\/bucuresti\\\/noile-spatii-pentru-soferii-stb-la-capetele-de-linii-aproape-finalizate\\\/\"},\"wordCount\":461,\"publisher\":{\"@id\":\"https:\\\/\\\/buletin.de\\\/bucuresti\\\/#organization\"},\"image\":{\"@id\":\"https:\\\/\\\/buletin.de\\\/bucuresti\\\/noile-spatii-pentru-soferii-stb-la-capetele-de-linii-aproape-finalizate\\\/#primaryimage\"},\"thumbnailUrl\":\"https:\\\/\\\/buletin.de\\\/bucuresti\\\/wp-content\\\/uploads\\\/cabine.jpg\",\"keywords\":[\"capete\",\"linii\",\"soferi\",\"spatii\",\"stb\",\"toalete\",\"vatman\"],\"articleSection\":[\"Articole\",\"\u0218tiri\",\"Transport\"],\"inLanguage\":\"en-GB\",\"copyrightYear\":\"2024\",\"copyrightHolder\":{\"@id\":\"https:\\\/\\\/buletin.de\\\/bucuresti\\\/#organization\"}},{\"@type\":\"WebPage\",\"@id\":\"https:\\\/\\\/buletin.de\\\/bucuresti\\\/noile-spatii-pentru-soferii-stb-la-capetele-de-linii-aproape-finalizate\\\/\",\"url\":\"https:\\\/\\\/buletin.de\\\/bucuresti\\\/noile-spatii-pentru-soferii-stb-la-capetele-de-linii-aproape-finalizate\\\/\",\"name\":\"Noi spa\u021bii de relaxare pentru \u0219oferii \u0219i vatmanii STB, la capetele de linii. Ce dot\u0103ri sunt incluse - Buletin de Bucure\u0219ti\",\"isPartOf\":{\"@id\":\"https:\\\/\\\/buletin.de\\\/bucuresti\\\/#website\"},\"primaryImageOfPage\":{\"@id\":\"https:\\\/\\\/buletin.de\\\/bucuresti\\\/noile-spatii-pentru-soferii-stb-la-capetele-de-linii-aproape-finalizate\\\/#primaryimage\"},\"image\":{\"@id\":\"https:\\\/\\\/buletin.de\\\/bucuresti\\\/noile-spatii-pentru-soferii-stb-la-capetele-de-linii-aproape-finalizate\\\/#primaryimage\"},\"thumbnailUrl\":\"https:\\\/\\\/buletin.de\\\/bucuresti\\\/wp-content\\\/uploads\\\/cabine.jpg\",\"datePublished\":\"2024-09-22T03:31:44+00:00\",\"dateModified\":\"2024-09-22T16:26:18+00:00\",\"description\":\"Un proiect destinat \u00eembun\u0103t\u0103\u021birii condi\u021biilor pentru \u0219oferii \u0219i vatmanii STB este \u00een curs de desf\u0103\u0219urare la Uzina de Repara\u021bii (URAC).\",\"breadcrumb\":{\"@id\":\"https:\\\/\\\/buletin.de\\\/bucuresti\\\/noile-spatii-pentru-soferii-stb-la-capetele-de-linii-aproape-finalizate\\\/#breadcrumb\"},\"inLanguage\":\"en-GB\",\"potentialAction\":[{\"@type\":\"ReadAction\",\"target\":[\"https:\\\/\\\/buletin.de\\\/bucuresti\\\/noile-spatii-pentru-soferii-stb-la-capetele-de-linii-aproape-finalizate\\\/\"]}]},{\"@type\":\"ImageObject\",\"inLanguage\":\"en-GB\",\"@id\":\"https:\\\/\\\/buletin.de\\\/bucuresti\\\/noile-spatii-pentru-soferii-stb-la-capetele-de-linii-aproape-finalizate\\\/#primaryimage\",\"url\":\"https:\\\/\\\/buletin.de\\\/bucuresti\\\/wp-content\\\/uploads\\\/cabine.jpg\",\"contentUrl\":\"https:\\\/\\\/buletin.de\\\/bucuresti\\\/wp-content\\\/uploads\\\/cabine.jpg\",\"width\":1548,\"height\":1089,\"caption\":\"Noi spa\u021bii de relaxare pentru \u0219oferii \u0219i vatmanii STB, la capetele de linii. Ce dot\u0103ri sunt incluse\"},{\"@type\":\"BreadcrumbList\",\"@id\":\"https:\\\/\\\/buletin.de\\\/bucuresti\\\/noile-spatii-pentru-soferii-stb-la-capetele-de-linii-aproape-finalizate\\\/#breadcrumb\",\"itemListElement\":[{\"@type\":\"ListItem\",\"position\":1,\"name\":\"Acas\u0103\",\"item\":\"https:\\\/\\\/buletin.de\\\/bucuresti\\\/\"},{\"@type\":\"ListItem\",\"position\":2,\"name\":\"Noi spa\u021bii de relaxare pentru \u0219oferii \u0219i vatmanii STB, la capetele de linii. Ce dot\u0103ri sunt incluse\"}]},{\"@type\":\"WebSite\",\"@id\":\"https:\\\/\\\/buletin.de\\\/bucuresti\\\/#website\",\"url\":\"https:\\\/\\\/buletin.de\\\/bucuresti\\\/\",\"name\":\"Buletin de Bucure\u0219ti\",\"description\":\"\u0218tiri \u0219i investiga\u021bii esen\u021biale din capital\u0103\",\"publisher\":{\"@id\":\"https:\\\/\\\/buletin.de\\\/bucuresti\\\/#organization\"},\"potentialAction\":[{\"@type\":\"SearchAction\",\"target\":{\"@type\":\"EntryPoint\",\"urlTemplate\":\"https:\\\/\\\/buletin.de\\\/bucuresti\\\/?s={search_term_string}\"},\"query-input\":{\"@type\":\"PropertyValueSpecification\",\"valueRequired\":true,\"valueName\":\"search_term_string\"}}],\"inLanguage\":\"en-GB\"},{\"@type\":\"Organization\",\"@id\":\"https:\\\/\\\/buletin.de\\\/bucuresti\\\/#organization\",\"name\":\"Buletin de Bucure\u0219ti\",\"url\":\"https:\\\/\\\/buletin.de\\\/bucuresti\\\/\",\"logo\":{\"@type\":\"ImageObject\",\"inLanguage\":\"en-GB\",\"@id\":\"https:\\\/\\\/buletin.de\\\/bucuresti\\\/#\\\/schema\\\/logo\\\/image\\\/\",\"url\":\"https:\\\/\\\/buletin.de\\\/bucuresti\\\/wp-content\\\/uploads\\\/logo-bdb-full-wide-vernil-transparent.png\",\"contentUrl\":\"https:\\\/\\\/buletin.de\\\/bucuresti\\\/wp-content\\\/uploads\\\/logo-bdb-full-wide-vernil-transparent.png\",\"width\":1782,\"height\":626,\"caption\":\"Buletin de Bucure\u0219ti\"},\"image\":{\"@id\":\"https:\\\/\\\/buletin.de\\\/bucuresti\\\/#\\\/schema\\\/logo\\\/image\\\/\"},\"sameAs\":[\"https:\\\/\\\/www.facebook.com\\\/buletin.de.buc\",\"https:\\\/\\\/www.instagram.com\\\/buletinde.bucuresti\\\/\"]},{\"@type\":\"Person\",\"@id\":\"https:\\\/\\\/buletin.de\\\/bucuresti\\\/#\\\/schema\\\/person\\\/0ac9db30080482be87c7386a30f98796\",\"name\":\"C\u0103t\u0103lin Anghel-Dimache\",\"image\":{\"@type\":\"ImageObject\",\"inLanguage\":\"en-GB\",\"@id\":\"https:\\\/\\\/buletin.de\\\/bucuresti\\\/wp-content\\\/uploads\\\/Catalin-Anghel-Dimache-96x96.jpgbd9e43c5b25186d5b8e917ac61ad86c4\",\"url\":\"https:\\\/\\\/buletin.de\\\/bucuresti\\\/wp-content\\\/uploads\\\/Catalin-Anghel-Dimache-96x96.jpg\",\"contentUrl\":\"https:\\\/\\\/buletin.de\\\/bucuresti\\\/wp-content\\\/uploads\\\/Catalin-Anghel-Dimache-96x96.jpg\",\"caption\":\"C\u0103t\u0103lin Anghel-Dimache\"},\"description\":\"A absolvit Facultatea de Jurnalism \u0219i \u0218tiin\u021bele Comunic\u0103rii a Universit\u0103\u021bii din Bucure\u0219ti \u00een 2024. Scrie despre mediu \u0219i teme sociale, dar \u0219i despre cum se reflect\u0103 ele \u00een via\u021ba cotidian\u0103 a bucure\u0219tenilor, cu un ochi atent la pove\u0219tile personale din spatele titlurilor. N\u0103scut \u0219i crescut \u00een Bucure\u0219ti, a f\u0103cut un pas c\u0103tre presa local\u0103, din pasiune pentru ora\u0219ul s\u0103u \u0219i oamenii din el.\",\"url\":\"https:\\\/\\\/buletin.de\\\/bucuresti\\\/author\\\/catalin-anghel-dimache\\\/\"}]}<\/script>\n<!-- \/ Yoast SEO Premium plugin. -->","yoast_head_json":{"title":"Noi spa\u021bii de relaxare pentru \u0219oferii \u0219i vatmanii STB, la capetele de linii. Ce dot\u0103ri sunt incluse - Buletin de Bucure\u0219ti","description":"Un proiect destinat \u00eembun\u0103t\u0103\u021birii condi\u021biilor pentru \u0219oferii \u0219i vatmanii STB este \u00een curs de desf\u0103\u0219urare la Uzina de Repara\u021bii (URAC).","robots":{"index":"index","follow":"follow","max-snippet":"max-snippet:-1","max-image-preview":"max-image-preview:large","max-video-preview":"max-video-preview:-1"},"canonical":"https:\/\/buletin.de\/bucuresti\/noile-spatii-pentru-soferii-stb-la-capetele-de-linii-aproape-finalizate\/","og_locale":"en_GB","og_type":"article","og_title":"Noi spa\u021bii de relaxare pentru \u0219oferii \u0219i vatmanii STB, la capetele de linii. Ce dot\u0103ri sunt incluse","og_description":"Un proiect destinat \u00eembun\u0103t\u0103\u021birii condi\u021biilor pentru \u0219oferii \u0219i vatmanii STB este \u00een curs de desf\u0103\u0219urare la Uzina de Repara\u021bii (URAC).","og_url":"https:\/\/buletin.de\/bucuresti\/noile-spatii-pentru-soferii-stb-la-capetele-de-linii-aproape-finalizate\/","og_site_name":"Buletin de Bucure\u0219ti","article_publisher":"https:\/\/www.facebook.com\/buletin.de.buc","article_published_time":"2024-09-22T03:31:44+00:00","article_modified_time":"2024-09-22T16:26:18+00:00","og_image":[{"width":1548,"height":1089,"url":"https:\/\/buletin.de\/bucuresti\/wp-content\/uploads\/cabine.jpg","type":"image\/jpeg"}],"author":"C\u0103t\u0103lin Anghel-Dimache","twitter_card":"summary_large_image","twitter_misc":{"Written by":"C\u0103t\u0103lin Anghel-Dimache","Estimated reading time":"2 minutes"},"schema":{"@context":"https:\/\/schema.org","@graph":[{"@type":"Article","@id":"https:\/\/buletin.de\/bucuresti\/noile-spatii-pentru-soferii-stb-la-capetele-de-linii-aproape-finalizate\/#article","isPartOf":{"@id":"https:\/\/buletin.de\/bucuresti\/noile-spatii-pentru-soferii-stb-la-capetele-de-linii-aproape-finalizate\/"},"author":{"name":"C\u0103t\u0103lin Anghel-Dimache","@id":"https:\/\/buletin.de\/bucuresti\/#\/schema\/person\/0ac9db30080482be87c7386a30f98796"},"headline":"Noi spa\u021bii de relaxare pentru \u0219oferii \u0219i vatmanii STB, la capetele de linii. Ce dot\u0103ri sunt incluse","datePublished":"2024-09-22T03:31:44+00:00","dateModified":"2024-09-22T16:26:18+00:00","mainEntityOfPage":{"@id":"https:\/\/buletin.de\/bucuresti\/noile-spatii-pentru-soferii-stb-la-capetele-de-linii-aproape-finalizate\/"},"wordCount":461,"publisher":{"@id":"https:\/\/buletin.de\/bucuresti\/#organization"},"image":{"@id":"https:\/\/buletin.de\/bucuresti\/noile-spatii-pentru-soferii-stb-la-capetele-de-linii-aproape-finalizate\/#primaryimage"},"thumbnailUrl":"https:\/\/buletin.de\/bucuresti\/wp-content\/uploads\/cabine.jpg","keywords":["capete","linii","soferi","spatii","stb","toalete","vatman"],"articleSection":["Articole","\u0218tiri","Transport"],"inLanguage":"en-GB","copyrightYear":"2024","copyrightHolder":{"@id":"https:\/\/buletin.de\/bucuresti\/#organization"}},{"@type":"WebPage","@id":"https:\/\/buletin.de\/bucuresti\/noile-spatii-pentru-soferii-stb-la-capetele-de-linii-aproape-finalizate\/","url":"https:\/\/buletin.de\/bucuresti\/noile-spatii-pentru-soferii-stb-la-capetele-de-linii-aproape-finalizate\/","name":"Noi spa\u021bii de relaxare pentru \u0219oferii \u0219i vatmanii STB, la capetele de linii. Ce dot\u0103ri sunt incluse - Buletin de Bucure\u0219ti","isPartOf":{"@id":"https:\/\/buletin.de\/bucuresti\/#website"},"primaryImageOfPage":{"@id":"https:\/\/buletin.de\/bucuresti\/noile-spatii-pentru-soferii-stb-la-capetele-de-linii-aproape-finalizate\/#primaryimage"},"image":{"@id":"https:\/\/buletin.de\/bucuresti\/noile-spatii-pentru-soferii-stb-la-capetele-de-linii-aproape-finalizate\/#primaryimage"},"thumbnailUrl":"https:\/\/buletin.de\/bucuresti\/wp-content\/uploads\/cabine.jpg","datePublished":"2024-09-22T03:31:44+00:00","dateModified":"2024-09-22T16:26:18+00:00","description":"Un proiect destinat \u00eembun\u0103t\u0103\u021birii condi\u021biilor pentru \u0219oferii \u0219i vatmanii STB este \u00een curs de desf\u0103\u0219urare la Uzina de Repara\u021bii (URAC).","breadcrumb":{"@id":"https:\/\/buletin.de\/bucuresti\/noile-spatii-pentru-soferii-stb-la-capetele-de-linii-aproape-finalizate\/#breadcrumb"},"inLanguage":"en-GB","potentialAction":[{"@type":"ReadAction","target":["https:\/\/buletin.de\/bucuresti\/noile-spatii-pentru-soferii-stb-la-capetele-de-linii-aproape-finalizate\/"]}]},{"@type":"ImageObject","inLanguage":"en-GB","@id":"https:\/\/buletin.de\/bucuresti\/noile-spatii-pentru-soferii-stb-la-capetele-de-linii-aproape-finalizate\/#primaryimage","url":"https:\/\/buletin.de\/bucuresti\/wp-content\/uploads\/cabine.jpg","contentUrl":"https:\/\/buletin.de\/bucuresti\/wp-content\/uploads\/cabine.jpg","width":1548,"height":1089,"caption":"Noi spa\u021bii de relaxare pentru \u0219oferii \u0219i vatmanii STB, la capetele de linii. Ce dot\u0103ri sunt incluse"},{"@type":"BreadcrumbList","@id":"https:\/\/buletin.de\/bucuresti\/noile-spatii-pentru-soferii-stb-la-capetele-de-linii-aproape-finalizate\/#breadcrumb","itemListElement":[{"@type":"ListItem","position":1,"name":"Acas\u0103","item":"https:\/\/buletin.de\/bucuresti\/"},{"@type":"ListItem","position":2,"name":"Noi spa\u021bii de relaxare pentru \u0219oferii \u0219i vatmanii STB, la capetele de linii. Ce dot\u0103ri sunt incluse"}]},{"@type":"WebSite","@id":"https:\/\/buletin.de\/bucuresti\/#website","url":"https:\/\/buletin.de\/bucuresti\/","name":"Buletin de Bucure\u0219ti","description":"\u0218tiri \u0219i investiga\u021bii esen\u021biale din capital\u0103","publisher":{"@id":"https:\/\/buletin.de\/bucuresti\/#organization"},"potentialAction":[{"@type":"SearchAction","target":{"@type":"EntryPoint","urlTemplate":"https:\/\/buletin.de\/bucuresti\/?s={search_term_string}"},"query-input":{"@type":"PropertyValueSpecification","valueRequired":true,"valueName":"search_term_string"}}],"inLanguage":"en-GB"},{"@type":"Organization","@id":"https:\/\/buletin.de\/bucuresti\/#organization","name":"Buletin de Bucure\u0219ti","url":"https:\/\/buletin.de\/bucuresti\/","logo":{"@type":"ImageObject","inLanguage":"en-GB","@id":"https:\/\/buletin.de\/bucuresti\/#\/schema\/logo\/image\/","url":"https:\/\/buletin.de\/bucuresti\/wp-content\/uploads\/logo-bdb-full-wide-vernil-transparent.png","contentUrl":"https:\/\/buletin.de\/bucuresti\/wp-content\/uploads\/logo-bdb-full-wide-vernil-transparent.png","width":1782,"height":626,"caption":"Buletin de Bucure\u0219ti"},"image":{"@id":"https:\/\/buletin.de\/bucuresti\/#\/schema\/logo\/image\/"},"sameAs":["https:\/\/www.facebook.com\/buletin.de.buc","https:\/\/www.instagram.com\/buletinde.bucuresti\/"]},{"@type":"Person","@id":"https:\/\/buletin.de\/bucuresti\/#\/schema\/person\/0ac9db30080482be87c7386a30f98796","name":"C\u0103t\u0103lin Anghel-Dimache","image":{"@type":"ImageObject","inLanguage":"en-GB","@id":"https:\/\/buletin.de\/bucuresti\/wp-content\/uploads\/Catalin-Anghel-Dimache-96x96.jpgbd9e43c5b25186d5b8e917ac61ad86c4","url":"https:\/\/buletin.de\/bucuresti\/wp-content\/uploads\/Catalin-Anghel-Dimache-96x96.jpg","contentUrl":"https:\/\/buletin.de\/bucuresti\/wp-content\/uploads\/Catalin-Anghel-Dimache-96x96.jpg","caption":"C\u0103t\u0103lin Anghel-Dimache"},"description":"A absolvit Facultatea de Jurnalism \u0219i \u0218tiin\u021bele Comunic\u0103rii a Universit\u0103\u021bii din Bucure\u0219ti \u00een 2024. Scrie despre mediu \u0219i teme sociale, dar \u0219i despre cum se reflect\u0103 ele \u00een via\u021ba cotidian\u0103 a bucure\u0219tenilor, cu un ochi atent la pove\u0219tile personale din spatele titlurilor. N\u0103scut \u0219i crescut \u00een Bucure\u0219ti, a f\u0103cut un pas c\u0103tre presa local\u0103, din pasiune pentru ora\u0219ul s\u0103u \u0219i oamenii din el.","url":"https:\/\/buletin.de\/bucuresti\/author\/catalin-anghel-dimache\/"}]}},"authors":[{"term_id":22572,"user_id":59,"is_guest":0,"slug":"catalin-anghel-dimache","display_name":"C\u0103t\u0103lin Anghel-Dimache","avatar_url":"https:\/\/buletin.de\/bucuresti\/wp-content\/uploads\/Catalin-Anghel-Dimache-96x96.jpg","0":null,"1":"","2":"","3":"","4":"","5":"","6":"","7":"","8":""}],"_links":{"self":[{"href":"https:\/\/buletin.de\/bucuresti\/wp-json\/wp\/v2\/posts\/99061","targetHints":{"allow":["GET"]}}],"collection":[{"href":"https:\/\/buletin.de\/bucuresti\/wp-json\/wp\/v2\/posts"}],"about":[{"href":"https:\/\/buletin.de\/bucuresti\/wp-json\/wp\/v2\/types\/post"}],"author":[{"embeddable":true,"href":"https:\/\/buletin.de\/bucuresti\/wp-json\/wp\/v2\/users\/59"}],"replies":[{"embeddable":true,"href":"https:\/\/buletin.de\/bucuresti\/wp-json\/wp\/v2\/comments?post=99061"}],"version-history":[{"count":6,"href":"https:\/\/buletin.de\/bucuresti\/wp-json\/wp\/v2\/posts\/99061\/revisions"}],"predecessor-version":[{"id":99147,"href":"https:\/\/buletin.de\/bucuresti\/wp-json\/wp\/v2\/posts\/99061\/revisions\/99147"}],"wp:featuredmedia":[{"embeddable":true,"href":"https:\/\/buletin.de\/bucuresti\/wp-json\/wp\/v2\/media\/99111"}],"wp:attachment":[{"href":"https:\/\/buletin.de\/bucuresti\/wp-json\/wp\/v2\/media?parent=99061"}],"wp:term":[{"taxonomy":"category","embeddable":true,"href":"https:\/\/buletin.de\/bucuresti\/wp-json\/wp\/v2\/categories?post=99061"},{"taxonomy":"post_tag","embeddable":true,"href":"https:\/\/buletin.de\/bucuresti\/wp-json\/wp\/v2\/tags?post=99061"},{"taxonomy":"author","embeddable":true,"href":"https:\/\/buletin.de\/bucuresti\/wp-json\/wp\/v2\/ppma_author?post=99061"}],"curies":[{"name":"wp","href":"https:\/\/api.w.org\/{rel}","templated":true}]}}