{"id":98831,"date":"2024-09-18T19:51:05","date_gmt":"2024-09-18T16:51:05","guid":{"rendered":"https:\/\/buletin.de\/bucuresti\/?p=98831"},"modified":"2024-09-19T06:02:44","modified_gmt":"2024-09-19T03:02:44","slug":"trenul-daciaa-bucuresti-viena-uitat-in-austria-din-cauza-inundatiilor","status":"publish","type":"post","link":"https:\/\/buletin.de\/bucuresti\/trenul-daciaa-bucuresti-viena-uitat-in-austria-din-cauza-inundatiilor\/","title":{"rendered":"Trenul \u201eDacia\u201d Bucure\u015fti-Viena, \u201euitat&#8221; \u00een Austria, cu tot cu ceferi\u0219ti, din cauza inunda\u021biilor"},"content":{"rendered":"\n<p><strong>Trenul Bucure\u015fti &#8211; Viena care a plecat s\u00e2mb\u0103t\u0103 c\u0103tre capitala Austriei nu s-a \u00eentors nici p\u00e2n\u0103 ast\u0103zi, din cauza inunda\u0163iilor care au lovit Europa Central\u0103. De patru zile, trei angaja\u0163i ai C\u0103ilor Ferate sunt bloca\u0163i acolo cu tot cu vagoane. Potrivit purt\u0103torului de cuv\u00e2nt CFR C\u0103l\u0103tori, citat de <a href=\"https:\/\/clubferoviar.ro\/ceferisti-blocati-la-viena\/?fbclid=IwY2xjawFX1ehleHRuA2FlbQIxMQABHb28wkBccrPI5_fOGrBNm_ubeXPax2EpYkE7hjQ1M7w2MfYaQU7OrTNtcg_aem_Px-qqqoSZ82gPp8mHc_v6A\">clubferoviar.ro<\/a>, trenul pleac\u0103 \u00een seara asta, 18 septembrie, c\u0103tre Rom\u00e2nia. <\/strong><\/p>\n\n\n\n<p>Trenul IRN Dacia 347 a pornit din Gara de Nord s\u00e2mb\u0103t\u0103 dup\u0103 amiaz\u0103 la ora 14:40 cu destina\u021bia Wien Hauuptbahnhof, unde trebuia s\u0103 ajung\u0103 a doua zi diminea\u021b\u0103, duminic\u0103, 15 septembrie, la ora 08:20, scrie clubferoviar.ro<\/p>\n\n\n\n<figure class=\"wp-block-image size-full\"><img fetchpriority=\"high\" decoding=\"async\" width=\"512\" height=\"512\" src=\"data:image\/gif;base64,R0lGODlhAQABAAAAACH5BAEKAAEALAAAAAABAAEAAAICTAEAOw==\" data-src=\"https:\/\/buletin.de\/bucuresti\/wp-content\/uploads\/Tren-Viena-Bucuresti.jpg\" alt=\"\" class=\"wp-image-98832 lazyload\" data-sizes=\"auto\" data-srcset=\"https:\/\/buletin.de\/bucuresti\/wp-content\/uploads\/Tren-Viena-Bucuresti.jpg 512w, https:\/\/buletin.de\/bucuresti\/wp-content\/uploads\/Tren-Viena-Bucuresti-300x300.jpg 300w, https:\/\/buletin.de\/bucuresti\/wp-content\/uploads\/Tren-Viena-Bucuresti-150x150.jpg 150w, https:\/\/buletin.de\/bucuresti\/wp-content\/uploads\/Tren-Viena-Bucuresti-24x24.jpg 24w, https:\/\/buletin.de\/bucuresti\/wp-content\/uploads\/Tren-Viena-Bucuresti-48x48.jpg 48w, https:\/\/buletin.de\/bucuresti\/wp-content\/uploads\/Tren-Viena-Bucuresti-96x96.jpg 96w, https:\/\/buletin.de\/bucuresti\/wp-content\/uploads\/Tren-Viena-Bucuresti-20x20.jpg 20w\" sizes=\"(max-width: 512px) 100vw, 512px\" \/><figcaption class=\"wp-element-caption\">foto: clubferoviar.ro<\/figcaption><\/figure>\n\n\n\n<p><strong>CITE\u015eTE \u015eI:<\/strong> <a href=\"https:\/\/buletin.de\/bucuresti\/un-tren-de-calatori-a-intrat-pe-o-linie-gresita-la-chitila-erori-successive\/\">Tren de c\u0103l\u0103tori, pe o linie gre\u0219it\u0103 la Chitila. Erori succesive \u201ereparate\u201d de mecanicul de locomotiv\u0103<\/a><\/p>\n\n\n\n<p>Trenul Bucure\u015fti-Viena a ajuns la destina\u0163ie, \u00eens\u0103 \u00eentoarcerea pe calea ferat\u0103 conform orarului ini\u0163ial ar fi fost imposibil\u0103. CFR C\u0103l\u0103tori a anun\u0163at \u00eenc\u0103 de a doua zi c\u0103 primise o \u00een\u015ftiin\u0163are de la compania feroviar\u0103 austriac\u0103 potrivit c\u0103reia linia a fost \u00eenchis\u0103 p\u00e2n\u0103 pe 17 septembrie 2024 (mar\u021bi), ora 23:59.<\/p>\n\n\n\n<p>\u00centre timp, cele cinci vagoane rom\u00e2ne\u0219ti din compunerea trenului Dacia au r\u0103mas blocate la Viena, cu tot cu cei doi \u00eenso\u021bitori de la cu\u0219ete \u0219i cu cel de la vagonul de dormit.<\/p>\n\n\n\n<p>Jurnali\u015ftii de la clubferoviar.ro povestesc c\u0103 \u00eenso\u0163itorii de tren rom\u00e2ni plecaser\u0103 la drum cu diurna pe o zi \u015fi cu ni\u015fte bani de buzunar. Au reu\u015fit s\u0103 treac\u0103 peste cele c\u00e2teva zile de blocaj cu mese luate la cantina feroviar\u0103 local\u0103.<\/p>\n\n\n\n<p>\u00centre timp, trenurile IR 686\/IR 1842 \u0219i IR 687\/IR 1841 Viena \u2013 Budapesta \u2013 Valea lui Mihai \u2013 Baia Mare\/Oradea \u0219i retur (grupe de vagoane de la \/la trenul Dacia) au fost limitate la sta\u021bia Budapesta \u0219i retur.<\/p>\n\n\n\n<p><strong>CITE\u015eTE \u00ceNTREGUL ARTICOL PE<\/strong> <a href=\"https:\/\/clubferoviar.ro\/ceferisti-blocati-la-viena\/?fbclid=IwY2xjawFX1ehleHRuA2FlbQIxMQABHb28wkBccrPI5_fOGrBNm_ubeXPax2EpYkE7hjQ1M7w2MfYaQU7OrTNtcg_aem_Px-qqqoSZ82gPp8mHc_v6A\">clubferoviar.ro<\/a>.<\/p>\n","protected":false},"excerpt":{"rendered":"<p>Trenul Bucure\u015fti &#8211; Viena care a plecat s\u00e2mb\u0103t\u0103 c\u0103tre capitala Austriei nu s-a \u00eentors nici p\u00e2n\u0103 ast\u0103zi, din cauza inunda\u0163iilor care au lovit Europa Central\u0103. De patru zile, trei angaja\u0163i ai C\u0103ilor Ferate sunt bloca\u0163i acolo cu tot cu vagoane. Potrivit purt\u0103torului de cuv\u00e2nt CFR C\u0103l\u0103tori, citat de clubferoviar.ro, trenul pleac\u0103 \u00een seara asta, 18 [&hellip;]<\/p>\n","protected":false},"author":8,"featured_media":98833,"comment_status":"closed","ping_status":"open","sticky":false,"template":"","format":"standard","meta":{"_acf_changed":false,"inline_featured_image":false,"ngg_post_thumbnail":0,"footnotes":""},"categories":[6994,9026,5762,650],"tags":[15251,5871,1941,15253,15250,15252],"ppma_author":[22586],"class_list":["post-98831","post","type-post","status-publish","format-standard","has-post-thumbnail","hentry","category-stiri-2","category-eveniment","category-main","category-transport","tag-ceferisti","tag-cfr-calatori-2","tag-gara-de-nord","tag-tren-blocat-in-austria-de-inundatii","tag-tren-bucuresti-viena","tag-trenul-dacia"],"acf":[],"yoast_head":"<!-- This site is optimized with the Yoast SEO Premium plugin v25.3 (Yoast SEO v27.5) - https:\/\/yoast.com\/product\/yoast-seo-premium-wordpress\/ -->\n<title>Trenul \u201eDacia\u201d Bucure\u015fti-Viena, \u201euitat&quot; \u00een Austria, cu tot cu ceferi\u0219ti, din cauza inunda\u021biilor - Buletin de Bucure\u0219ti<\/title>\n<meta name=\"description\" content=\"Trenul Bucure\u015fti - Viena care a plecat s\u00e2mb\u0103t\u0103 c\u0103tre capitala Austriei nu s-a \u00eentors nici p\u00e2n\u0103 ast\u0103zi, din cauza inunda\u0163iilor.\" \/>\n<meta name=\"robots\" content=\"index, follow, max-snippet:-1, max-image-preview:large, max-video-preview:-1\" \/>\n<link rel=\"canonical\" href=\"https:\/\/buletin.de\/bucuresti\/trenul-daciaa-bucuresti-viena-uitat-in-austria-din-cauza-inundatiilor\/\" \/>\n<meta property=\"og:locale\" content=\"en_GB\" \/>\n<meta property=\"og:type\" content=\"article\" \/>\n<meta property=\"og:title\" content=\"Trenul \u201eDacia\u201d Bucure\u015fti-Viena, \u201euitat&quot; \u00een Austria, cu tot cu ceferi\u0219ti, din cauza inunda\u021biilor\" \/>\n<meta property=\"og:description\" content=\"Trenul Bucure\u015fti - Viena care a plecat s\u00e2mb\u0103t\u0103 c\u0103tre capitala Austriei nu s-a \u00eentors nici p\u00e2n\u0103 ast\u0103zi, din cauza inunda\u0163iilor.\" \/>\n<meta property=\"og:url\" content=\"https:\/\/buletin.de\/bucuresti\/trenul-daciaa-bucuresti-viena-uitat-in-austria-din-cauza-inundatiilor\/\" \/>\n<meta property=\"og:site_name\" content=\"Buletin de Bucure\u0219ti\" \/>\n<meta property=\"article:publisher\" content=\"https:\/\/www.facebook.com\/buletin.de.buc\" \/>\n<meta property=\"article:published_time\" content=\"2024-09-18T16:51:05+00:00\" \/>\n<meta property=\"article:modified_time\" content=\"2024-09-19T03:02:44+00:00\" \/>\n<meta property=\"og:image\" content=\"https:\/\/buletin.de\/bucuresti\/wp-content\/uploads\/angajati-CFRR-Gara-de-Nord-INQUAM_Photos_George_Calin.jpg\" \/>\n\t<meta property=\"og:image:width\" content=\"2000\" \/>\n\t<meta property=\"og:image:height\" content=\"1334\" \/>\n\t<meta property=\"og:image:type\" content=\"image\/jpeg\" \/>\n<meta name=\"author\" content=\"Ionu\u021b Lepa\" \/>\n<meta name=\"twitter:card\" content=\"summary_large_image\" \/>\n<meta name=\"twitter:label1\" content=\"Written by\" \/>\n\t<meta name=\"twitter:data1\" content=\"Ionu\u021b Lepa\" \/>\n\t<meta name=\"twitter:label2\" content=\"Estimated reading time\" \/>\n\t<meta name=\"twitter:data2\" content=\"2 minutes\" \/>\n<script type=\"application\/ld+json\" class=\"yoast-schema-graph\">{\"@context\":\"https:\\\/\\\/schema.org\",\"@graph\":[{\"@type\":\"Article\",\"@id\":\"https:\\\/\\\/buletin.de\\\/bucuresti\\\/trenul-daciaa-bucuresti-viena-uitat-in-austria-din-cauza-inundatiilor\\\/#article\",\"isPartOf\":{\"@id\":\"https:\\\/\\\/buletin.de\\\/bucuresti\\\/trenul-daciaa-bucuresti-viena-uitat-in-austria-din-cauza-inundatiilor\\\/\"},\"author\":{\"name\":\"Ionu\u021b Lepa\",\"@id\":\"https:\\\/\\\/buletin.de\\\/bucuresti\\\/#\\\/schema\\\/person\\\/5272b8a057b33890940b57b837fc4ce6\"},\"headline\":\"Trenul \u201eDacia\u201d Bucure\u015fti-Viena, \u201euitat&#8221; \u00een Austria, cu tot cu ceferi\u0219ti, din cauza inunda\u021biilor\",\"datePublished\":\"2024-09-18T16:51:05+00:00\",\"dateModified\":\"2024-09-19T03:02:44+00:00\",\"mainEntityOfPage\":{\"@id\":\"https:\\\/\\\/buletin.de\\\/bucuresti\\\/trenul-daciaa-bucuresti-viena-uitat-in-austria-din-cauza-inundatiilor\\\/\"},\"wordCount\":336,\"publisher\":{\"@id\":\"https:\\\/\\\/buletin.de\\\/bucuresti\\\/#organization\"},\"image\":{\"@id\":\"https:\\\/\\\/buletin.de\\\/bucuresti\\\/trenul-daciaa-bucuresti-viena-uitat-in-austria-din-cauza-inundatiilor\\\/#primaryimage\"},\"thumbnailUrl\":\"https:\\\/\\\/buletin.de\\\/bucuresti\\\/wp-content\\\/uploads\\\/angajati-CFRR-Gara-de-Nord-INQUAM_Photos_George_Calin.jpg\",\"keywords\":[\"ceferisti\",\"CFR Calatori\",\"gara de nord\",\"tren blocat in austria de inundatii\",\"tren bucuresti-viena\",\"trenul dacia\"],\"articleSection\":[\"Articole\",\"Eveniment\",\"Main\",\"Transport\"],\"inLanguage\":\"en-GB\",\"copyrightYear\":\"2024\",\"copyrightHolder\":{\"@id\":\"https:\\\/\\\/buletin.de\\\/bucuresti\\\/#organization\"}},{\"@type\":\"WebPage\",\"@id\":\"https:\\\/\\\/buletin.de\\\/bucuresti\\\/trenul-daciaa-bucuresti-viena-uitat-in-austria-din-cauza-inundatiilor\\\/\",\"url\":\"https:\\\/\\\/buletin.de\\\/bucuresti\\\/trenul-daciaa-bucuresti-viena-uitat-in-austria-din-cauza-inundatiilor\\\/\",\"name\":\"Trenul \u201eDacia\u201d Bucure\u015fti-Viena, \u201euitat\\\" \u00een Austria, cu tot cu ceferi\u0219ti, din cauza inunda\u021biilor - Buletin de Bucure\u0219ti\",\"isPartOf\":{\"@id\":\"https:\\\/\\\/buletin.de\\\/bucuresti\\\/#website\"},\"primaryImageOfPage\":{\"@id\":\"https:\\\/\\\/buletin.de\\\/bucuresti\\\/trenul-daciaa-bucuresti-viena-uitat-in-austria-din-cauza-inundatiilor\\\/#primaryimage\"},\"image\":{\"@id\":\"https:\\\/\\\/buletin.de\\\/bucuresti\\\/trenul-daciaa-bucuresti-viena-uitat-in-austria-din-cauza-inundatiilor\\\/#primaryimage\"},\"thumbnailUrl\":\"https:\\\/\\\/buletin.de\\\/bucuresti\\\/wp-content\\\/uploads\\\/angajati-CFRR-Gara-de-Nord-INQUAM_Photos_George_Calin.jpg\",\"datePublished\":\"2024-09-18T16:51:05+00:00\",\"dateModified\":\"2024-09-19T03:02:44+00:00\",\"description\":\"Trenul Bucure\u015fti - Viena care a plecat s\u00e2mb\u0103t\u0103 c\u0103tre capitala Austriei nu s-a \u00eentors nici p\u00e2n\u0103 ast\u0103zi, din cauza inunda\u0163iilor.\",\"breadcrumb\":{\"@id\":\"https:\\\/\\\/buletin.de\\\/bucuresti\\\/trenul-daciaa-bucuresti-viena-uitat-in-austria-din-cauza-inundatiilor\\\/#breadcrumb\"},\"inLanguage\":\"en-GB\",\"potentialAction\":[{\"@type\":\"ReadAction\",\"target\":[\"https:\\\/\\\/buletin.de\\\/bucuresti\\\/trenul-daciaa-bucuresti-viena-uitat-in-austria-din-cauza-inundatiilor\\\/\"]}]},{\"@type\":\"ImageObject\",\"inLanguage\":\"en-GB\",\"@id\":\"https:\\\/\\\/buletin.de\\\/bucuresti\\\/trenul-daciaa-bucuresti-viena-uitat-in-austria-din-cauza-inundatiilor\\\/#primaryimage\",\"url\":\"https:\\\/\\\/buletin.de\\\/bucuresti\\\/wp-content\\\/uploads\\\/angajati-CFRR-Gara-de-Nord-INQUAM_Photos_George_Calin.jpg\",\"contentUrl\":\"https:\\\/\\\/buletin.de\\\/bucuresti\\\/wp-content\\\/uploads\\\/angajati-CFRR-Gara-de-Nord-INQUAM_Photos_George_Calin.jpg\",\"width\":2000,\"height\":1334,\"caption\":\"Metrorex caut\u0103 s\u0103 angajeze expert anticorup\u0163ie. Ce alte pozi\u0163ii mai sunt libere \u00een companie. FOTO: Arhiva\"},{\"@type\":\"BreadcrumbList\",\"@id\":\"https:\\\/\\\/buletin.de\\\/bucuresti\\\/trenul-daciaa-bucuresti-viena-uitat-in-austria-din-cauza-inundatiilor\\\/#breadcrumb\",\"itemListElement\":[{\"@type\":\"ListItem\",\"position\":1,\"name\":\"Acas\u0103\",\"item\":\"https:\\\/\\\/buletin.de\\\/bucuresti\\\/\"},{\"@type\":\"ListItem\",\"position\":2,\"name\":\"Trenul \u201eDacia\u201d Bucure\u015fti-Viena, \u201euitat&#8221; \u00een Austria, cu tot cu ceferi\u0219ti, din cauza inunda\u021biilor\"}]},{\"@type\":\"WebSite\",\"@id\":\"https:\\\/\\\/buletin.de\\\/bucuresti\\\/#website\",\"url\":\"https:\\\/\\\/buletin.de\\\/bucuresti\\\/\",\"name\":\"Buletin de Bucure\u0219ti\",\"description\":\"\u0218tiri \u0219i investiga\u021bii esen\u021biale din capital\u0103\",\"publisher\":{\"@id\":\"https:\\\/\\\/buletin.de\\\/bucuresti\\\/#organization\"},\"potentialAction\":[{\"@type\":\"SearchAction\",\"target\":{\"@type\":\"EntryPoint\",\"urlTemplate\":\"https:\\\/\\\/buletin.de\\\/bucuresti\\\/?s={search_term_string}\"},\"query-input\":{\"@type\":\"PropertyValueSpecification\",\"valueRequired\":true,\"valueName\":\"search_term_string\"}}],\"inLanguage\":\"en-GB\"},{\"@type\":\"Organization\",\"@id\":\"https:\\\/\\\/buletin.de\\\/bucuresti\\\/#organization\",\"name\":\"Buletin de Bucure\u0219ti\",\"url\":\"https:\\\/\\\/buletin.de\\\/bucuresti\\\/\",\"logo\":{\"@type\":\"ImageObject\",\"inLanguage\":\"en-GB\",\"@id\":\"https:\\\/\\\/buletin.de\\\/bucuresti\\\/#\\\/schema\\\/logo\\\/image\\\/\",\"url\":\"https:\\\/\\\/buletin.de\\\/bucuresti\\\/wp-content\\\/uploads\\\/logo-bdb-full-wide-vernil-transparent.png\",\"contentUrl\":\"https:\\\/\\\/buletin.de\\\/bucuresti\\\/wp-content\\\/uploads\\\/logo-bdb-full-wide-vernil-transparent.png\",\"width\":1782,\"height\":626,\"caption\":\"Buletin de Bucure\u0219ti\"},\"image\":{\"@id\":\"https:\\\/\\\/buletin.de\\\/bucuresti\\\/#\\\/schema\\\/logo\\\/image\\\/\"},\"sameAs\":[\"https:\\\/\\\/www.facebook.com\\\/buletin.de.buc\",\"https:\\\/\\\/www.instagram.com\\\/buletinde.bucuresti\\\/\"]},{\"@type\":\"Person\",\"@id\":\"https:\\\/\\\/buletin.de\\\/bucuresti\\\/#\\\/schema\\\/person\\\/5272b8a057b33890940b57b837fc4ce6\",\"name\":\"Ionu\u021b Lepa\",\"image\":{\"@type\":\"ImageObject\",\"inLanguage\":\"en-GB\",\"@id\":\"https:\\\/\\\/buletin.de\\\/bucuresti\\\/wp-content\\\/uploads\\\/Ionut-Lepa-96x96.jpg5c4e4d9e049808799a8821652d2410a4\",\"url\":\"https:\\\/\\\/buletin.de\\\/bucuresti\\\/wp-content\\\/uploads\\\/Ionut-Lepa-96x96.jpg\",\"contentUrl\":\"https:\\\/\\\/buletin.de\\\/bucuresti\\\/wp-content\\\/uploads\\\/Ionut-Lepa-96x96.jpg\",\"caption\":\"Ionu\u021b Lepa\"},\"url\":\"https:\\\/\\\/buletin.de\\\/bucuresti\\\/author\\\/ionutlepa\\\/\"}]}<\/script>\n<!-- \/ Yoast SEO Premium plugin. -->","yoast_head_json":{"title":"Trenul \u201eDacia\u201d Bucure\u015fti-Viena, \u201euitat\" \u00een Austria, cu tot cu ceferi\u0219ti, din cauza inunda\u021biilor - Buletin de Bucure\u0219ti","description":"Trenul Bucure\u015fti - Viena care a plecat s\u00e2mb\u0103t\u0103 c\u0103tre capitala Austriei nu s-a \u00eentors nici p\u00e2n\u0103 ast\u0103zi, din cauza inunda\u0163iilor.","robots":{"index":"index","follow":"follow","max-snippet":"max-snippet:-1","max-image-preview":"max-image-preview:large","max-video-preview":"max-video-preview:-1"},"canonical":"https:\/\/buletin.de\/bucuresti\/trenul-daciaa-bucuresti-viena-uitat-in-austria-din-cauza-inundatiilor\/","og_locale":"en_GB","og_type":"article","og_title":"Trenul \u201eDacia\u201d Bucure\u015fti-Viena, \u201euitat\" \u00een Austria, cu tot cu ceferi\u0219ti, din cauza inunda\u021biilor","og_description":"Trenul Bucure\u015fti - Viena care a plecat s\u00e2mb\u0103t\u0103 c\u0103tre capitala Austriei nu s-a \u00eentors nici p\u00e2n\u0103 ast\u0103zi, din cauza inunda\u0163iilor.","og_url":"https:\/\/buletin.de\/bucuresti\/trenul-daciaa-bucuresti-viena-uitat-in-austria-din-cauza-inundatiilor\/","og_site_name":"Buletin de Bucure\u0219ti","article_publisher":"https:\/\/www.facebook.com\/buletin.de.buc","article_published_time":"2024-09-18T16:51:05+00:00","article_modified_time":"2024-09-19T03:02:44+00:00","og_image":[{"width":2000,"height":1334,"url":"https:\/\/buletin.de\/bucuresti\/wp-content\/uploads\/angajati-CFRR-Gara-de-Nord-INQUAM_Photos_George_Calin.jpg","type":"image\/jpeg"}],"author":"Ionu\u021b Lepa","twitter_card":"summary_large_image","twitter_misc":{"Written by":"Ionu\u021b Lepa","Estimated reading time":"2 minutes"},"schema":{"@context":"https:\/\/schema.org","@graph":[{"@type":"Article","@id":"https:\/\/buletin.de\/bucuresti\/trenul-daciaa-bucuresti-viena-uitat-in-austria-din-cauza-inundatiilor\/#article","isPartOf":{"@id":"https:\/\/buletin.de\/bucuresti\/trenul-daciaa-bucuresti-viena-uitat-in-austria-din-cauza-inundatiilor\/"},"author":{"name":"Ionu\u021b Lepa","@id":"https:\/\/buletin.de\/bucuresti\/#\/schema\/person\/5272b8a057b33890940b57b837fc4ce6"},"headline":"Trenul \u201eDacia\u201d Bucure\u015fti-Viena, \u201euitat&#8221; \u00een Austria, cu tot cu ceferi\u0219ti, din cauza inunda\u021biilor","datePublished":"2024-09-18T16:51:05+00:00","dateModified":"2024-09-19T03:02:44+00:00","mainEntityOfPage":{"@id":"https:\/\/buletin.de\/bucuresti\/trenul-daciaa-bucuresti-viena-uitat-in-austria-din-cauza-inundatiilor\/"},"wordCount":336,"publisher":{"@id":"https:\/\/buletin.de\/bucuresti\/#organization"},"image":{"@id":"https:\/\/buletin.de\/bucuresti\/trenul-daciaa-bucuresti-viena-uitat-in-austria-din-cauza-inundatiilor\/#primaryimage"},"thumbnailUrl":"https:\/\/buletin.de\/bucuresti\/wp-content\/uploads\/angajati-CFRR-Gara-de-Nord-INQUAM_Photos_George_Calin.jpg","keywords":["ceferisti","CFR Calatori","gara de nord","tren blocat in austria de inundatii","tren bucuresti-viena","trenul dacia"],"articleSection":["Articole","Eveniment","Main","Transport"],"inLanguage":"en-GB","copyrightYear":"2024","copyrightHolder":{"@id":"https:\/\/buletin.de\/bucuresti\/#organization"}},{"@type":"WebPage","@id":"https:\/\/buletin.de\/bucuresti\/trenul-daciaa-bucuresti-viena-uitat-in-austria-din-cauza-inundatiilor\/","url":"https:\/\/buletin.de\/bucuresti\/trenul-daciaa-bucuresti-viena-uitat-in-austria-din-cauza-inundatiilor\/","name":"Trenul \u201eDacia\u201d Bucure\u015fti-Viena, \u201euitat\" \u00een Austria, cu tot cu ceferi\u0219ti, din cauza inunda\u021biilor - Buletin de Bucure\u0219ti","isPartOf":{"@id":"https:\/\/buletin.de\/bucuresti\/#website"},"primaryImageOfPage":{"@id":"https:\/\/buletin.de\/bucuresti\/trenul-daciaa-bucuresti-viena-uitat-in-austria-din-cauza-inundatiilor\/#primaryimage"},"image":{"@id":"https:\/\/buletin.de\/bucuresti\/trenul-daciaa-bucuresti-viena-uitat-in-austria-din-cauza-inundatiilor\/#primaryimage"},"thumbnailUrl":"https:\/\/buletin.de\/bucuresti\/wp-content\/uploads\/angajati-CFRR-Gara-de-Nord-INQUAM_Photos_George_Calin.jpg","datePublished":"2024-09-18T16:51:05+00:00","dateModified":"2024-09-19T03:02:44+00:00","description":"Trenul Bucure\u015fti - Viena care a plecat s\u00e2mb\u0103t\u0103 c\u0103tre capitala Austriei nu s-a \u00eentors nici p\u00e2n\u0103 ast\u0103zi, din cauza inunda\u0163iilor.","breadcrumb":{"@id":"https:\/\/buletin.de\/bucuresti\/trenul-daciaa-bucuresti-viena-uitat-in-austria-din-cauza-inundatiilor\/#breadcrumb"},"inLanguage":"en-GB","potentialAction":[{"@type":"ReadAction","target":["https:\/\/buletin.de\/bucuresti\/trenul-daciaa-bucuresti-viena-uitat-in-austria-din-cauza-inundatiilor\/"]}]},{"@type":"ImageObject","inLanguage":"en-GB","@id":"https:\/\/buletin.de\/bucuresti\/trenul-daciaa-bucuresti-viena-uitat-in-austria-din-cauza-inundatiilor\/#primaryimage","url":"https:\/\/buletin.de\/bucuresti\/wp-content\/uploads\/angajati-CFRR-Gara-de-Nord-INQUAM_Photos_George_Calin.jpg","contentUrl":"https:\/\/buletin.de\/bucuresti\/wp-content\/uploads\/angajati-CFRR-Gara-de-Nord-INQUAM_Photos_George_Calin.jpg","width":2000,"height":1334,"caption":"Metrorex caut\u0103 s\u0103 angajeze expert anticorup\u0163ie. Ce alte pozi\u0163ii mai sunt libere \u00een companie. FOTO: Arhiva"},{"@type":"BreadcrumbList","@id":"https:\/\/buletin.de\/bucuresti\/trenul-daciaa-bucuresti-viena-uitat-in-austria-din-cauza-inundatiilor\/#breadcrumb","itemListElement":[{"@type":"ListItem","position":1,"name":"Acas\u0103","item":"https:\/\/buletin.de\/bucuresti\/"},{"@type":"ListItem","position":2,"name":"Trenul \u201eDacia\u201d Bucure\u015fti-Viena, \u201euitat&#8221; \u00een Austria, cu tot cu ceferi\u0219ti, din cauza inunda\u021biilor"}]},{"@type":"WebSite","@id":"https:\/\/buletin.de\/bucuresti\/#website","url":"https:\/\/buletin.de\/bucuresti\/","name":"Buletin de Bucure\u0219ti","description":"\u0218tiri \u0219i investiga\u021bii esen\u021biale din capital\u0103","publisher":{"@id":"https:\/\/buletin.de\/bucuresti\/#organization"},"potentialAction":[{"@type":"SearchAction","target":{"@type":"EntryPoint","urlTemplate":"https:\/\/buletin.de\/bucuresti\/?s={search_term_string}"},"query-input":{"@type":"PropertyValueSpecification","valueRequired":true,"valueName":"search_term_string"}}],"inLanguage":"en-GB"},{"@type":"Organization","@id":"https:\/\/buletin.de\/bucuresti\/#organization","name":"Buletin de Bucure\u0219ti","url":"https:\/\/buletin.de\/bucuresti\/","logo":{"@type":"ImageObject","inLanguage":"en-GB","@id":"https:\/\/buletin.de\/bucuresti\/#\/schema\/logo\/image\/","url":"https:\/\/buletin.de\/bucuresti\/wp-content\/uploads\/logo-bdb-full-wide-vernil-transparent.png","contentUrl":"https:\/\/buletin.de\/bucuresti\/wp-content\/uploads\/logo-bdb-full-wide-vernil-transparent.png","width":1782,"height":626,"caption":"Buletin de Bucure\u0219ti"},"image":{"@id":"https:\/\/buletin.de\/bucuresti\/#\/schema\/logo\/image\/"},"sameAs":["https:\/\/www.facebook.com\/buletin.de.buc","https:\/\/www.instagram.com\/buletinde.bucuresti\/"]},{"@type":"Person","@id":"https:\/\/buletin.de\/bucuresti\/#\/schema\/person\/5272b8a057b33890940b57b837fc4ce6","name":"Ionu\u021b Lepa","image":{"@type":"ImageObject","inLanguage":"en-GB","@id":"https:\/\/buletin.de\/bucuresti\/wp-content\/uploads\/Ionut-Lepa-96x96.jpg5c4e4d9e049808799a8821652d2410a4","url":"https:\/\/buletin.de\/bucuresti\/wp-content\/uploads\/Ionut-Lepa-96x96.jpg","contentUrl":"https:\/\/buletin.de\/bucuresti\/wp-content\/uploads\/Ionut-Lepa-96x96.jpg","caption":"Ionu\u021b Lepa"},"url":"https:\/\/buletin.de\/bucuresti\/author\/ionutlepa\/"}]}},"authors":[{"term_id":22586,"user_id":8,"is_guest":0,"slug":"ionutlepa","display_name":"Ionu\u021b Lepa","avatar_url":"https:\/\/buletin.de\/bucuresti\/wp-content\/uploads\/Ionut-Lepa-96x96.jpg","0":null,"1":"","2":"","3":"","4":"","5":"","6":"","7":"","8":""}],"_links":{"self":[{"href":"https:\/\/buletin.de\/bucuresti\/wp-json\/wp\/v2\/posts\/98831","targetHints":{"allow":["GET"]}}],"collection":[{"href":"https:\/\/buletin.de\/bucuresti\/wp-json\/wp\/v2\/posts"}],"about":[{"href":"https:\/\/buletin.de\/bucuresti\/wp-json\/wp\/v2\/types\/post"}],"author":[{"embeddable":true,"href":"https:\/\/buletin.de\/bucuresti\/wp-json\/wp\/v2\/users\/8"}],"replies":[{"embeddable":true,"href":"https:\/\/buletin.de\/bucuresti\/wp-json\/wp\/v2\/comments?post=98831"}],"version-history":[{"count":4,"href":"https:\/\/buletin.de\/bucuresti\/wp-json\/wp\/v2\/posts\/98831\/revisions"}],"predecessor-version":[{"id":98838,"href":"https:\/\/buletin.de\/bucuresti\/wp-json\/wp\/v2\/posts\/98831\/revisions\/98838"}],"wp:featuredmedia":[{"embeddable":true,"href":"https:\/\/buletin.de\/bucuresti\/wp-json\/wp\/v2\/media\/98833"}],"wp:attachment":[{"href":"https:\/\/buletin.de\/bucuresti\/wp-json\/wp\/v2\/media?parent=98831"}],"wp:term":[{"taxonomy":"category","embeddable":true,"href":"https:\/\/buletin.de\/bucuresti\/wp-json\/wp\/v2\/categories?post=98831"},{"taxonomy":"post_tag","embeddable":true,"href":"https:\/\/buletin.de\/bucuresti\/wp-json\/wp\/v2\/tags?post=98831"},{"taxonomy":"author","embeddable":true,"href":"https:\/\/buletin.de\/bucuresti\/wp-json\/wp\/v2\/ppma_author?post=98831"}],"curies":[{"name":"wp","href":"https:\/\/api.w.org\/{rel}","templated":true}]}}