{"id":98697,"date":"2024-09-18T09:07:59","date_gmt":"2024-09-18T06:07:59","guid":{"rendered":"https:\/\/buletin.de\/bucuresti\/?p=98697"},"modified":"2024-09-18T09:07:59","modified_gmt":"2024-09-18T06:07:59","slug":"ce-vor-avea-in-comun-times-square-si-piata-victoriei-ecrane-pe-care-sa-ruleze-cotatiile-bursiere","status":"publish","type":"post","link":"https:\/\/buletin.de\/bucuresti\/ce-vor-avea-in-comun-times-square-si-piata-victoriei-ecrane-pe-care-sa-ruleze-cotatiile-bursiere\/","title":{"rendered":"Ce vor avea \u00een comun Times Square \u015fi Pia\u0163a Victoriei: ecrane pe care s\u0103 ruleze cota\u0163iile bursiere"},"content":{"rendered":"\n<p><strong>Ecrane pe care s\u0103 ruleze cota\u0163iile bursiere ar urma s\u0103 fie montate pe sediul Bursei de Valori Bucure\u015fti (BVB) de pe \u015foseaua Nicolae Titulescu 4-8 (cl\u0103direa America House). Este metoda prin care BVB vrea s\u0103 atrag\u0103 aten\u0163ia c\u0103 sunt multe companii importante listate la bursa rom\u00e2neasc\u0103 \u015fi, totodat\u0103, s\u0103 m\u0103reasc\u0103 num\u0103rul ac\u0163ionarilor, transmite <a href=\"https:\/\/www.profit.ro\/povesti-cu-profit\/financiar\/piata-de-capital\/exclusiv-foto-bvb-va-monta-in-piata-victoriei-un-ecran-cu-cotatii-bursiere-dupa-modelul-celui-din-times-square-povesti-despre-actiuni-la-o-cafea-21735942?utm_source=Rss&amp;utm_medium=Referral&amp;utm_campaign=Cross\">profit.ro<\/a> care citeaz\u0103 multiple surse din cadrul institu\u0163iei. <\/strong><\/p>\n\n\n\n<p>Bursa de Valori Bucure\u015fti ia \u00een calcul ca aceste benzi de afi\u015faj pe modelul celor amplasate \u00een celebra Times Square din inima New York-ului s\u0103 fie amplasate pe cl\u0103direa America House, aflat\u0103 la ie\u015firea din Pasajul Victoriei, pe bulevardul Titulescu. BVB are birouri \u00eenchiriate acolo, la etajul 1, pe partea cu ie\u015firea c\u0103tre Pia\u0163a Victoriei. Ecranele ar urma s\u0103 fie montate inclusiv c\u0103tre curtea interioar\u0103, unde sunt restaurante, iar cota\u0163iile ar fi urm\u0103rite de clien\u0163ii care stau la mese. <\/p>\n\n\n\n<p><strong>CITE\u015eTE \u015eI:<\/strong> REPORTAJ | <a href=\"https:\/\/buletin.de\/bucuresti\/reportaj-in-vizita-la-ziarul-local-cu-buget-de-35-de-milioane-de-euro-buletin-de-bergen-arata-ca-si-norvegia-are-bubele-ei\/\">\u00cen vizit\u0103 la un ziar local cu buget de 35 de milioane de euro: \u201eBuletin de Bergen\u201d \u015fi problemele zonelor metropolitane din Norvegia<\/a><\/p>\n\n\n\n<figure class=\"wp-block-image size-large\"><img fetchpriority=\"high\" decoding=\"async\" width=\"900\" height=\"406\" src=\"data:image\/gif;base64,R0lGODlhAQABAAAAACH5BAEKAAEALAAAAAABAAEAAAICTAEAOw==\" data-src=\"https:\/\/buletin.de\/bucuresti\/wp-content\/uploads\/curte-interioara-america-house-900x406.jpg\" alt=\"\" class=\"wp-image-98727 lazyload\" data-sizes=\"auto\" data-srcset=\"https:\/\/buletin.de\/bucuresti\/wp-content\/uploads\/curte-interioara-america-house-900x406.jpg 900w, https:\/\/buletin.de\/bucuresti\/wp-content\/uploads\/curte-interioara-america-house-300x135.jpg 300w, https:\/\/buletin.de\/bucuresti\/wp-content\/uploads\/curte-interioara-america-house-768x347.jpg 768w, https:\/\/buletin.de\/bucuresti\/wp-content\/uploads\/curte-interioara-america-house-600x271.jpg 600w, https:\/\/buletin.de\/bucuresti\/wp-content\/uploads\/curte-interioara-america-house-20x9.jpg 20w, https:\/\/buletin.de\/bucuresti\/wp-content\/uploads\/curte-interioara-america-house.jpg 1024w\" sizes=\"(max-width: 900px) 100vw, 900px\" \/><figcaption class=\"wp-element-caption\">foto: profit.ro<\/figcaption><\/figure>\n\n\n\n<p>Ecrane cu cota\u0163iile bursiere \u00een Pia\u0163a Victoriei. Jurnali\u015ftii profit.ro spun c\u0103 ideea este mai veche \u00een comunitatea bursier\u0103 rom\u00e2neasc\u0103, dar c\u0103 nu s-a ajuns niciodat\u0103 la un consens cu privire la cel mai bun amplasament. Acum, odat\u0103 cu alegerea locului, reprezentan\u0163ii BVB ar urma s\u0103 depun\u0103 documenta\u0163ia aferent\u0103 la Prim\u0103ria Sectorului 1. A\u015fteapt, \u00eens\u0103, schimbarea de mandat, pentru c\u0103 nu au \u00eencredere c\u0103 ar primi autoriza\u0163ia de construc\u0163ie de la administra\u0163ia Armand, cunoscut\u0103 pentru o rat\u0103 mic\u0103 de aprobare a autoriza\u0163iilor de construc\u0163ie. <\/p>\n\n\n\n<p><strong>CITE\u015eTE \u015eI:<\/strong> <a href=\"https:\/\/buletin.de\/bucuresti\/imprumut-de-153-milioane-de-euro-luat-de-primaria-capitalei-pentru-reabilitarea-de-cladiri-printre-ele-teatrul-foarte-mic\/\">\u00cemprumut de 153 milioane de euro luat de Prim\u0103ria Capitalei, pentru reabilitarea de cl\u0103diri, printre care \u0219i Teatrul Foarte Mic<\/a><\/p>\n\n\n\n<p>Un loc similar celui care ar urma s\u0103 fie amenajat la Pia\u0163a Victoriei a mai fost \u00een Pia\u0163a Roman\u0103. \u00cen anii de boom bursier 2006-2007, la o cafenea de acolo se str\u00e2ngeau investitori care puteau urm\u0103ri pe ecrane similare cota\u0163iile zilei \u00een timp real. Acum, puncteaz\u0103 jurnali\u015ftii profit.ro, cu o a\u015fteptare de aproape dou\u0103 decenii, BVB ar urma s\u0103 inaugureze noi benzi de afi\u015fare ale acestor cota\u0163ii.<\/p>\n\n\n\n<p>CITE\u015eTE \u00ceNTREGUL ARTICOL pe <a href=\"https:\/\/www.profit.ro\/povesti-cu-profit\/financiar\/piata-de-capital\/exclusiv-foto-bvb-va-monta-in-piata-victoriei-un-ecran-cu-cotatii-bursiere-dupa-modelul-celui-din-times-square-povesti-despre-actiuni-la-o-cafea-21735942?utm_source=Rss&amp;utm_medium=Referral&amp;utm_campaign=Cross\">profit.ro<\/a>.<\/p>\n\n\n\n<p><\/p>\n\n\n\n<p><\/p>\n\n\n\n<p><\/p>\n\n\n\n<p><\/p>\n\n\n\n<p><\/p>\n\n\n\n<p><\/p>\n\n\n\n<p><\/p>\n\n\n\n<p><\/p>\n\n\n\n<p><\/p>\n","protected":false},"excerpt":{"rendered":"<p>Ecrane pe care s\u0103 ruleze cota\u0163iile bursiere ar urma s\u0103 fie montate pe sediul Bursei de Valori Bucure\u015fti (BVB) de pe \u015foseaua Nicolae Titulescu 4-8 (cl\u0103direa America House). Este metoda prin care BVB vrea s\u0103 atrag\u0103 aten\u0163ia c\u0103 sunt multe companii importante listate la bursa rom\u00e2neasc\u0103 \u015fi, totodat\u0103, s\u0103 m\u0103reasc\u0103 num\u0103rul ac\u0163ionarilor, transmite profit.ro care [&hellip;]<\/p>\n","protected":false},"author":8,"featured_media":98701,"comment_status":"closed","ping_status":"open","sticky":false,"template":"","format":"standard","meta":{"_acf_changed":false,"inline_featured_image":false,"ngg_post_thumbnail":0,"footnotes":""},"categories":[6994,1,62],"tags":[15215,15214,15216],"ppma_author":[22586],"class_list":["post-98697","post","type-post","status-publish","format-standard","has-post-thumbnail","hentry","category-stiri-2","category-diverse","category-stiri","tag-america-house-titulescu","tag-bursa-de-valori-bucuresti","tag-ecran-cu-cotatii-bursiere-bucuresti"],"acf":[],"yoast_head":"<!-- This site is optimized with the Yoast SEO Premium plugin v25.3 (Yoast SEO v27.4) - https:\/\/yoast.com\/product\/yoast-seo-premium-wordpress\/ -->\n<title>Ce vor avea \u00een comun Times Square \u015fi Pia\u0163a Victoriei: ecrane pe care s\u0103 ruleze cota\u0163iile bursiere - Buletin de Bucure\u0219ti<\/title>\n<meta name=\"description\" content=\"Ecrane pe care s\u0103 ruleze cota\u0163iile bursiere ar urma s\u0103 fie montate pe sediul Bursei de Valori Bucure\u015fti (BVB) de pe \u015foseaua Nicolae Titulescu\" \/>\n<meta name=\"robots\" content=\"index, follow, max-snippet:-1, max-image-preview:large, max-video-preview:-1\" \/>\n<link rel=\"canonical\" href=\"https:\/\/buletin.de\/bucuresti\/ce-vor-avea-in-comun-times-square-si-piata-victoriei-ecrane-pe-care-sa-ruleze-cotatiile-bursiere\/\" \/>\n<meta property=\"og:locale\" content=\"en_GB\" \/>\n<meta property=\"og:type\" content=\"article\" \/>\n<meta property=\"og:title\" content=\"Ce vor avea \u00een comun Times Square \u015fi Pia\u0163a Victoriei: ecrane pe care s\u0103 ruleze cota\u0163iile bursiere\" \/>\n<meta property=\"og:description\" content=\"Ecrane pe care s\u0103 ruleze cota\u0163iile bursiere ar urma s\u0103 fie montate pe sediul Bursei de Valori Bucure\u015fti (BVB) de pe \u015foseaua Nicolae Titulescu\" \/>\n<meta property=\"og:url\" content=\"https:\/\/buletin.de\/bucuresti\/ce-vor-avea-in-comun-times-square-si-piata-victoriei-ecrane-pe-care-sa-ruleze-cotatiile-bursiere\/\" \/>\n<meta property=\"og:site_name\" content=\"Buletin de Bucure\u0219ti\" \/>\n<meta property=\"article:publisher\" content=\"https:\/\/www.facebook.com\/buletin.de.buc\" \/>\n<meta property=\"article:published_time\" content=\"2024-09-18T06:07:59+00:00\" \/>\n<meta property=\"og:image\" content=\"https:\/\/buletin.de\/bucuresti\/wp-content\/uploads\/america-house-titulescu.png\" \/>\n\t<meta property=\"og:image:width\" content=\"1086\" \/>\n\t<meta property=\"og:image:height\" content=\"702\" \/>\n\t<meta property=\"og:image:type\" content=\"image\/png\" \/>\n<meta name=\"author\" content=\"Ionu\u021b Lepa\" \/>\n<meta name=\"twitter:card\" content=\"summary_large_image\" \/>\n<meta name=\"twitter:label1\" content=\"Written by\" \/>\n\t<meta name=\"twitter:data1\" content=\"Ionu\u021b Lepa\" \/>\n\t<meta name=\"twitter:label2\" content=\"Estimated reading time\" \/>\n\t<meta name=\"twitter:data2\" content=\"2 minutes\" \/>\n<script type=\"application\/ld+json\" class=\"yoast-schema-graph\">{\"@context\":\"https:\\\/\\\/schema.org\",\"@graph\":[{\"@type\":\"Article\",\"@id\":\"https:\\\/\\\/buletin.de\\\/bucuresti\\\/ce-vor-avea-in-comun-times-square-si-piata-victoriei-ecrane-pe-care-sa-ruleze-cotatiile-bursiere\\\/#article\",\"isPartOf\":{\"@id\":\"https:\\\/\\\/buletin.de\\\/bucuresti\\\/ce-vor-avea-in-comun-times-square-si-piata-victoriei-ecrane-pe-care-sa-ruleze-cotatiile-bursiere\\\/\"},\"author\":{\"name\":\"Ionu\u021b Lepa\",\"@id\":\"https:\\\/\\\/buletin.de\\\/bucuresti\\\/#\\\/schema\\\/person\\\/5272b8a057b33890940b57b837fc4ce6\"},\"headline\":\"Ce vor avea \u00een comun Times Square \u015fi Pia\u0163a Victoriei: ecrane pe care s\u0103 ruleze cota\u0163iile bursiere\",\"datePublished\":\"2024-09-18T06:07:59+00:00\",\"mainEntityOfPage\":{\"@id\":\"https:\\\/\\\/buletin.de\\\/bucuresti\\\/ce-vor-avea-in-comun-times-square-si-piata-victoriei-ecrane-pe-care-sa-ruleze-cotatiile-bursiere\\\/\"},\"wordCount\":412,\"publisher\":{\"@id\":\"https:\\\/\\\/buletin.de\\\/bucuresti\\\/#organization\"},\"image\":{\"@id\":\"https:\\\/\\\/buletin.de\\\/bucuresti\\\/ce-vor-avea-in-comun-times-square-si-piata-victoriei-ecrane-pe-care-sa-ruleze-cotatiile-bursiere\\\/#primaryimage\"},\"thumbnailUrl\":\"https:\\\/\\\/buletin.de\\\/bucuresti\\\/wp-content\\\/uploads\\\/america-house-titulescu.png\",\"keywords\":[\"america house titulescu\",\"bursa de valori bucuresti\",\"ecran cu cotatii bursiere bucuresti\"],\"articleSection\":[\"Articole\",\"Diverse\",\"\u0218tiri\"],\"inLanguage\":\"en-GB\",\"copyrightYear\":\"2024\",\"copyrightHolder\":{\"@id\":\"https:\\\/\\\/buletin.de\\\/bucuresti\\\/#organization\"}},{\"@type\":\"WebPage\",\"@id\":\"https:\\\/\\\/buletin.de\\\/bucuresti\\\/ce-vor-avea-in-comun-times-square-si-piata-victoriei-ecrane-pe-care-sa-ruleze-cotatiile-bursiere\\\/\",\"url\":\"https:\\\/\\\/buletin.de\\\/bucuresti\\\/ce-vor-avea-in-comun-times-square-si-piata-victoriei-ecrane-pe-care-sa-ruleze-cotatiile-bursiere\\\/\",\"name\":\"Ce vor avea \u00een comun Times Square \u015fi Pia\u0163a Victoriei: ecrane pe care s\u0103 ruleze cota\u0163iile bursiere - Buletin de Bucure\u0219ti\",\"isPartOf\":{\"@id\":\"https:\\\/\\\/buletin.de\\\/bucuresti\\\/#website\"},\"primaryImageOfPage\":{\"@id\":\"https:\\\/\\\/buletin.de\\\/bucuresti\\\/ce-vor-avea-in-comun-times-square-si-piata-victoriei-ecrane-pe-care-sa-ruleze-cotatiile-bursiere\\\/#primaryimage\"},\"image\":{\"@id\":\"https:\\\/\\\/buletin.de\\\/bucuresti\\\/ce-vor-avea-in-comun-times-square-si-piata-victoriei-ecrane-pe-care-sa-ruleze-cotatiile-bursiere\\\/#primaryimage\"},\"thumbnailUrl\":\"https:\\\/\\\/buletin.de\\\/bucuresti\\\/wp-content\\\/uploads\\\/america-house-titulescu.png\",\"datePublished\":\"2024-09-18T06:07:59+00:00\",\"description\":\"Ecrane pe care s\u0103 ruleze cota\u0163iile bursiere ar urma s\u0103 fie montate pe sediul Bursei de Valori Bucure\u015fti (BVB) de pe \u015foseaua Nicolae Titulescu\",\"breadcrumb\":{\"@id\":\"https:\\\/\\\/buletin.de\\\/bucuresti\\\/ce-vor-avea-in-comun-times-square-si-piata-victoriei-ecrane-pe-care-sa-ruleze-cotatiile-bursiere\\\/#breadcrumb\"},\"inLanguage\":\"en-GB\",\"potentialAction\":[{\"@type\":\"ReadAction\",\"target\":[\"https:\\\/\\\/buletin.de\\\/bucuresti\\\/ce-vor-avea-in-comun-times-square-si-piata-victoriei-ecrane-pe-care-sa-ruleze-cotatiile-bursiere\\\/\"]}]},{\"@type\":\"ImageObject\",\"inLanguage\":\"en-GB\",\"@id\":\"https:\\\/\\\/buletin.de\\\/bucuresti\\\/ce-vor-avea-in-comun-times-square-si-piata-victoriei-ecrane-pe-care-sa-ruleze-cotatiile-bursiere\\\/#primaryimage\",\"url\":\"https:\\\/\\\/buletin.de\\\/bucuresti\\\/wp-content\\\/uploads\\\/america-house-titulescu.png\",\"contentUrl\":\"https:\\\/\\\/buletin.de\\\/bucuresti\\\/wp-content\\\/uploads\\\/america-house-titulescu.png\",\"width\":1086,\"height\":702,\"caption\":\"\u00cen Pia\u0163a Victoriei ar urma s\u0103 fie montat un ecran pe care s\u0103 ruleze cota\u0163iile bursiere\"},{\"@type\":\"BreadcrumbList\",\"@id\":\"https:\\\/\\\/buletin.de\\\/bucuresti\\\/ce-vor-avea-in-comun-times-square-si-piata-victoriei-ecrane-pe-care-sa-ruleze-cotatiile-bursiere\\\/#breadcrumb\",\"itemListElement\":[{\"@type\":\"ListItem\",\"position\":1,\"name\":\"Acas\u0103\",\"item\":\"https:\\\/\\\/buletin.de\\\/bucuresti\\\/\"},{\"@type\":\"ListItem\",\"position\":2,\"name\":\"Ce vor avea \u00een comun Times Square \u015fi Pia\u0163a Victoriei: ecrane pe care s\u0103 ruleze cota\u0163iile bursiere\"}]},{\"@type\":\"WebSite\",\"@id\":\"https:\\\/\\\/buletin.de\\\/bucuresti\\\/#website\",\"url\":\"https:\\\/\\\/buletin.de\\\/bucuresti\\\/\",\"name\":\"Buletin de Bucure\u0219ti\",\"description\":\"\u0218tiri \u0219i investiga\u021bii esen\u021biale din capital\u0103\",\"publisher\":{\"@id\":\"https:\\\/\\\/buletin.de\\\/bucuresti\\\/#organization\"},\"potentialAction\":[{\"@type\":\"SearchAction\",\"target\":{\"@type\":\"EntryPoint\",\"urlTemplate\":\"https:\\\/\\\/buletin.de\\\/bucuresti\\\/?s={search_term_string}\"},\"query-input\":{\"@type\":\"PropertyValueSpecification\",\"valueRequired\":true,\"valueName\":\"search_term_string\"}}],\"inLanguage\":\"en-GB\"},{\"@type\":\"Organization\",\"@id\":\"https:\\\/\\\/buletin.de\\\/bucuresti\\\/#organization\",\"name\":\"Buletin de Bucure\u0219ti\",\"url\":\"https:\\\/\\\/buletin.de\\\/bucuresti\\\/\",\"logo\":{\"@type\":\"ImageObject\",\"inLanguage\":\"en-GB\",\"@id\":\"https:\\\/\\\/buletin.de\\\/bucuresti\\\/#\\\/schema\\\/logo\\\/image\\\/\",\"url\":\"https:\\\/\\\/buletin.de\\\/bucuresti\\\/wp-content\\\/uploads\\\/logo-bdb-full-wide-vernil-transparent.png\",\"contentUrl\":\"https:\\\/\\\/buletin.de\\\/bucuresti\\\/wp-content\\\/uploads\\\/logo-bdb-full-wide-vernil-transparent.png\",\"width\":1782,\"height\":626,\"caption\":\"Buletin de Bucure\u0219ti\"},\"image\":{\"@id\":\"https:\\\/\\\/buletin.de\\\/bucuresti\\\/#\\\/schema\\\/logo\\\/image\\\/\"},\"sameAs\":[\"https:\\\/\\\/www.facebook.com\\\/buletin.de.buc\",\"https:\\\/\\\/www.instagram.com\\\/buletinde.bucuresti\\\/\"]},{\"@type\":\"Person\",\"@id\":\"https:\\\/\\\/buletin.de\\\/bucuresti\\\/#\\\/schema\\\/person\\\/5272b8a057b33890940b57b837fc4ce6\",\"name\":\"Ionu\u021b Lepa\",\"image\":{\"@type\":\"ImageObject\",\"inLanguage\":\"en-GB\",\"@id\":\"https:\\\/\\\/buletin.de\\\/bucuresti\\\/wp-content\\\/uploads\\\/Ionut-Lepa-96x96.jpg5c4e4d9e049808799a8821652d2410a4\",\"url\":\"https:\\\/\\\/buletin.de\\\/bucuresti\\\/wp-content\\\/uploads\\\/Ionut-Lepa-96x96.jpg\",\"contentUrl\":\"https:\\\/\\\/buletin.de\\\/bucuresti\\\/wp-content\\\/uploads\\\/Ionut-Lepa-96x96.jpg\",\"caption\":\"Ionu\u021b Lepa\"},\"url\":\"https:\\\/\\\/buletin.de\\\/bucuresti\\\/author\\\/ionutlepa\\\/\"}]}<\/script>\n<!-- \/ Yoast SEO Premium plugin. -->","yoast_head_json":{"title":"Ce vor avea \u00een comun Times Square \u015fi Pia\u0163a Victoriei: ecrane pe care s\u0103 ruleze cota\u0163iile bursiere - Buletin de Bucure\u0219ti","description":"Ecrane pe care s\u0103 ruleze cota\u0163iile bursiere ar urma s\u0103 fie montate pe sediul Bursei de Valori Bucure\u015fti (BVB) de pe \u015foseaua Nicolae Titulescu","robots":{"index":"index","follow":"follow","max-snippet":"max-snippet:-1","max-image-preview":"max-image-preview:large","max-video-preview":"max-video-preview:-1"},"canonical":"https:\/\/buletin.de\/bucuresti\/ce-vor-avea-in-comun-times-square-si-piata-victoriei-ecrane-pe-care-sa-ruleze-cotatiile-bursiere\/","og_locale":"en_GB","og_type":"article","og_title":"Ce vor avea \u00een comun Times Square \u015fi Pia\u0163a Victoriei: ecrane pe care s\u0103 ruleze cota\u0163iile bursiere","og_description":"Ecrane pe care s\u0103 ruleze cota\u0163iile bursiere ar urma s\u0103 fie montate pe sediul Bursei de Valori Bucure\u015fti (BVB) de pe \u015foseaua Nicolae Titulescu","og_url":"https:\/\/buletin.de\/bucuresti\/ce-vor-avea-in-comun-times-square-si-piata-victoriei-ecrane-pe-care-sa-ruleze-cotatiile-bursiere\/","og_site_name":"Buletin de Bucure\u0219ti","article_publisher":"https:\/\/www.facebook.com\/buletin.de.buc","article_published_time":"2024-09-18T06:07:59+00:00","og_image":[{"width":1086,"height":702,"url":"https:\/\/buletin.de\/bucuresti\/wp-content\/uploads\/america-house-titulescu.png","type":"image\/png"}],"author":"Ionu\u021b Lepa","twitter_card":"summary_large_image","twitter_misc":{"Written by":"Ionu\u021b Lepa","Estimated reading time":"2 minutes"},"schema":{"@context":"https:\/\/schema.org","@graph":[{"@type":"Article","@id":"https:\/\/buletin.de\/bucuresti\/ce-vor-avea-in-comun-times-square-si-piata-victoriei-ecrane-pe-care-sa-ruleze-cotatiile-bursiere\/#article","isPartOf":{"@id":"https:\/\/buletin.de\/bucuresti\/ce-vor-avea-in-comun-times-square-si-piata-victoriei-ecrane-pe-care-sa-ruleze-cotatiile-bursiere\/"},"author":{"name":"Ionu\u021b Lepa","@id":"https:\/\/buletin.de\/bucuresti\/#\/schema\/person\/5272b8a057b33890940b57b837fc4ce6"},"headline":"Ce vor avea \u00een comun Times Square \u015fi Pia\u0163a Victoriei: ecrane pe care s\u0103 ruleze cota\u0163iile bursiere","datePublished":"2024-09-18T06:07:59+00:00","mainEntityOfPage":{"@id":"https:\/\/buletin.de\/bucuresti\/ce-vor-avea-in-comun-times-square-si-piata-victoriei-ecrane-pe-care-sa-ruleze-cotatiile-bursiere\/"},"wordCount":412,"publisher":{"@id":"https:\/\/buletin.de\/bucuresti\/#organization"},"image":{"@id":"https:\/\/buletin.de\/bucuresti\/ce-vor-avea-in-comun-times-square-si-piata-victoriei-ecrane-pe-care-sa-ruleze-cotatiile-bursiere\/#primaryimage"},"thumbnailUrl":"https:\/\/buletin.de\/bucuresti\/wp-content\/uploads\/america-house-titulescu.png","keywords":["america house titulescu","bursa de valori bucuresti","ecran cu cotatii bursiere bucuresti"],"articleSection":["Articole","Diverse","\u0218tiri"],"inLanguage":"en-GB","copyrightYear":"2024","copyrightHolder":{"@id":"https:\/\/buletin.de\/bucuresti\/#organization"}},{"@type":"WebPage","@id":"https:\/\/buletin.de\/bucuresti\/ce-vor-avea-in-comun-times-square-si-piata-victoriei-ecrane-pe-care-sa-ruleze-cotatiile-bursiere\/","url":"https:\/\/buletin.de\/bucuresti\/ce-vor-avea-in-comun-times-square-si-piata-victoriei-ecrane-pe-care-sa-ruleze-cotatiile-bursiere\/","name":"Ce vor avea \u00een comun Times Square \u015fi Pia\u0163a Victoriei: ecrane pe care s\u0103 ruleze cota\u0163iile bursiere - Buletin de Bucure\u0219ti","isPartOf":{"@id":"https:\/\/buletin.de\/bucuresti\/#website"},"primaryImageOfPage":{"@id":"https:\/\/buletin.de\/bucuresti\/ce-vor-avea-in-comun-times-square-si-piata-victoriei-ecrane-pe-care-sa-ruleze-cotatiile-bursiere\/#primaryimage"},"image":{"@id":"https:\/\/buletin.de\/bucuresti\/ce-vor-avea-in-comun-times-square-si-piata-victoriei-ecrane-pe-care-sa-ruleze-cotatiile-bursiere\/#primaryimage"},"thumbnailUrl":"https:\/\/buletin.de\/bucuresti\/wp-content\/uploads\/america-house-titulescu.png","datePublished":"2024-09-18T06:07:59+00:00","description":"Ecrane pe care s\u0103 ruleze cota\u0163iile bursiere ar urma s\u0103 fie montate pe sediul Bursei de Valori Bucure\u015fti (BVB) de pe \u015foseaua Nicolae Titulescu","breadcrumb":{"@id":"https:\/\/buletin.de\/bucuresti\/ce-vor-avea-in-comun-times-square-si-piata-victoriei-ecrane-pe-care-sa-ruleze-cotatiile-bursiere\/#breadcrumb"},"inLanguage":"en-GB","potentialAction":[{"@type":"ReadAction","target":["https:\/\/buletin.de\/bucuresti\/ce-vor-avea-in-comun-times-square-si-piata-victoriei-ecrane-pe-care-sa-ruleze-cotatiile-bursiere\/"]}]},{"@type":"ImageObject","inLanguage":"en-GB","@id":"https:\/\/buletin.de\/bucuresti\/ce-vor-avea-in-comun-times-square-si-piata-victoriei-ecrane-pe-care-sa-ruleze-cotatiile-bursiere\/#primaryimage","url":"https:\/\/buletin.de\/bucuresti\/wp-content\/uploads\/america-house-titulescu.png","contentUrl":"https:\/\/buletin.de\/bucuresti\/wp-content\/uploads\/america-house-titulescu.png","width":1086,"height":702,"caption":"\u00cen Pia\u0163a Victoriei ar urma s\u0103 fie montat un ecran pe care s\u0103 ruleze cota\u0163iile bursiere"},{"@type":"BreadcrumbList","@id":"https:\/\/buletin.de\/bucuresti\/ce-vor-avea-in-comun-times-square-si-piata-victoriei-ecrane-pe-care-sa-ruleze-cotatiile-bursiere\/#breadcrumb","itemListElement":[{"@type":"ListItem","position":1,"name":"Acas\u0103","item":"https:\/\/buletin.de\/bucuresti\/"},{"@type":"ListItem","position":2,"name":"Ce vor avea \u00een comun Times Square \u015fi Pia\u0163a Victoriei: ecrane pe care s\u0103 ruleze cota\u0163iile bursiere"}]},{"@type":"WebSite","@id":"https:\/\/buletin.de\/bucuresti\/#website","url":"https:\/\/buletin.de\/bucuresti\/","name":"Buletin de Bucure\u0219ti","description":"\u0218tiri \u0219i investiga\u021bii esen\u021biale din capital\u0103","publisher":{"@id":"https:\/\/buletin.de\/bucuresti\/#organization"},"potentialAction":[{"@type":"SearchAction","target":{"@type":"EntryPoint","urlTemplate":"https:\/\/buletin.de\/bucuresti\/?s={search_term_string}"},"query-input":{"@type":"PropertyValueSpecification","valueRequired":true,"valueName":"search_term_string"}}],"inLanguage":"en-GB"},{"@type":"Organization","@id":"https:\/\/buletin.de\/bucuresti\/#organization","name":"Buletin de Bucure\u0219ti","url":"https:\/\/buletin.de\/bucuresti\/","logo":{"@type":"ImageObject","inLanguage":"en-GB","@id":"https:\/\/buletin.de\/bucuresti\/#\/schema\/logo\/image\/","url":"https:\/\/buletin.de\/bucuresti\/wp-content\/uploads\/logo-bdb-full-wide-vernil-transparent.png","contentUrl":"https:\/\/buletin.de\/bucuresti\/wp-content\/uploads\/logo-bdb-full-wide-vernil-transparent.png","width":1782,"height":626,"caption":"Buletin de Bucure\u0219ti"},"image":{"@id":"https:\/\/buletin.de\/bucuresti\/#\/schema\/logo\/image\/"},"sameAs":["https:\/\/www.facebook.com\/buletin.de.buc","https:\/\/www.instagram.com\/buletinde.bucuresti\/"]},{"@type":"Person","@id":"https:\/\/buletin.de\/bucuresti\/#\/schema\/person\/5272b8a057b33890940b57b837fc4ce6","name":"Ionu\u021b Lepa","image":{"@type":"ImageObject","inLanguage":"en-GB","@id":"https:\/\/buletin.de\/bucuresti\/wp-content\/uploads\/Ionut-Lepa-96x96.jpg5c4e4d9e049808799a8821652d2410a4","url":"https:\/\/buletin.de\/bucuresti\/wp-content\/uploads\/Ionut-Lepa-96x96.jpg","contentUrl":"https:\/\/buletin.de\/bucuresti\/wp-content\/uploads\/Ionut-Lepa-96x96.jpg","caption":"Ionu\u021b Lepa"},"url":"https:\/\/buletin.de\/bucuresti\/author\/ionutlepa\/"}]}},"authors":[{"term_id":22586,"user_id":8,"is_guest":0,"slug":"ionutlepa","display_name":"Ionu\u021b Lepa","avatar_url":"https:\/\/buletin.de\/bucuresti\/wp-content\/uploads\/Ionut-Lepa-96x96.jpg","0":null,"1":"","2":"","3":"","4":"","5":"","6":"","7":"","8":""}],"_links":{"self":[{"href":"https:\/\/buletin.de\/bucuresti\/wp-json\/wp\/v2\/posts\/98697","targetHints":{"allow":["GET"]}}],"collection":[{"href":"https:\/\/buletin.de\/bucuresti\/wp-json\/wp\/v2\/posts"}],"about":[{"href":"https:\/\/buletin.de\/bucuresti\/wp-json\/wp\/v2\/types\/post"}],"author":[{"embeddable":true,"href":"https:\/\/buletin.de\/bucuresti\/wp-json\/wp\/v2\/users\/8"}],"replies":[{"embeddable":true,"href":"https:\/\/buletin.de\/bucuresti\/wp-json\/wp\/v2\/comments?post=98697"}],"version-history":[{"count":2,"href":"https:\/\/buletin.de\/bucuresti\/wp-json\/wp\/v2\/posts\/98697\/revisions"}],"predecessor-version":[{"id":98731,"href":"https:\/\/buletin.de\/bucuresti\/wp-json\/wp\/v2\/posts\/98697\/revisions\/98731"}],"wp:featuredmedia":[{"embeddable":true,"href":"https:\/\/buletin.de\/bucuresti\/wp-json\/wp\/v2\/media\/98701"}],"wp:attachment":[{"href":"https:\/\/buletin.de\/bucuresti\/wp-json\/wp\/v2\/media?parent=98697"}],"wp:term":[{"taxonomy":"category","embeddable":true,"href":"https:\/\/buletin.de\/bucuresti\/wp-json\/wp\/v2\/categories?post=98697"},{"taxonomy":"post_tag","embeddable":true,"href":"https:\/\/buletin.de\/bucuresti\/wp-json\/wp\/v2\/tags?post=98697"},{"taxonomy":"author","embeddable":true,"href":"https:\/\/buletin.de\/bucuresti\/wp-json\/wp\/v2\/ppma_author?post=98697"}],"curies":[{"name":"wp","href":"https:\/\/api.w.org\/{rel}","templated":true}]}}