{"id":98627,"date":"2024-09-17T14:42:13","date_gmt":"2024-09-17T11:42:13","guid":{"rendered":"https:\/\/buletin.de\/bucuresti\/?p=98627"},"modified":"2024-09-17T15:06:25","modified_gmt":"2024-09-17T12:06:25","slug":"traseu-deviat-linia-446","status":"publish","type":"post","link":"https:\/\/buletin.de\/bucuresti\/traseu-deviat-linia-446\/","title":{"rendered":"ILFOV | Linia de autobuz 446 are un traseu deviat. Ma\u0219inile nu opresc \u00een cinci sta\u021bii"},"content":{"rendered":"\n<p><strong>Traseu deviat pentru linia 446<\/strong>. <strong><a href=\"https:\/\/x.com\/search?q=Societatea%20de%20Transport%20Bucuresti&amp;src=typed_query&amp;f=top\">STB<\/a> anun\u021b\u0103 c\u0103 autobuzele 446 circul\u0103 deviat. De asemenea, nu opresc \u00een cinci sta\u021bii din cauza lucr\u0103rilor de asfaltare pe Strada Pescar, din Sili\u0219tea Snagovului.<\/strong><\/p>\n\n\n\n<p>Afectat este sensul de mers c\u0103tre Gruiu-Lipia.<\/p>\n\n\n\n<p>De asemenea, STB a anun\u021bat c\u0103 nu vor fi efectuate cinci sta\u021bii:<\/p>\n\n\n\n<ul class=\"wp-block-list\">\n<li>Drumul Coadelor,<\/li>\n\n\n\n<li>Pescari,<\/li>\n\n\n\n<li>M\u0103n\u0103stirea Vlad \u021aepe\u0219,<\/li>\n\n\n\n<li>Baza Sportiv\u0103,<\/li>\n\n\n\n<li>Antim Ivireanu.<\/li>\n<\/ul>\n\n\n\n<p>Traseu deviat pentru linia 446. Linia metropolitan\u0103 446 circul\u0103 \u00eentre terminalele \u201eGruiu-Lipia\u201d\u200e \u0219i \u201ePia\u021ba Presei\u201d. Traseul are 55 de sta\u021bii.<\/p>\n\n\n\n<p>Societatea de transport nu a anun\u021bat c\u00e2t timp r\u0103m\u00e2ne \u00een vigoare aceast\u0103 m\u0103sur\u0103.<\/p>\n\n\n\n<p><strong>STB mai anun\u021b\u0103 c\u0103 de ast\u0103zi, 17 septembrie, liniile de tramvai 11, 19 \u0219i 23 vor\u00a0 func\u021biona pe traseele de baz\u0103, iar linia de autobuz 611 va fi suspendat\u0103, ca urmare a remedierii avariei la substa\u021bia electric\u0103 C.F.R. Progresul.<\/strong><\/p>\n\n\n\n<p><strong>CITE\u0218TE \u0218I:<\/strong> <a href=\"https:\/\/buletin.de\/bucuresti\/containere-pentru-deseurile-voluminoase\/\">Sector 6 | 16 puncte \u201evolante\u201d pentru de\u0219eurile voluminoase<\/a><\/p>\n\n\n\n<h2 class=\"wp-block-heading\" id=\"h-lucrarile-la-magistrala-6-modifica-traseul-liniei-403\">Lucr\u0103rile la Magistrala 6 modific\u0103 traseul liniei 403<\/h2>\n\n\n\n<p>Din 14 septembrie, autobuzele&nbsp;liniei 403 circul\u0103 pe un traseu modificat pe sensul spre&nbsp;\u201eVadu Anei\u201d. M\u0103sura a fost luat\u0103 dup\u0103 \u00eenchiderea bretelei de acces din DN1 pe Str. 23 August, pentru lucr\u0103rile de realizare a Magistralei 6 de metrou.<\/p>\n\n\n\n<p><strong>Linia 403<\/strong>&nbsp;va func\u021bioneaz\u0103 \u00eentre&nbsp;<strong>\u201ePia\u021ba Presei\u201d&nbsp;<\/strong>\u0219i&nbsp;<strong>\u201eVadu Anei\u201d<\/strong>&nbsp;astfel:<\/p>\n\n\n\n<ul class=\"wp-block-list\">\n<li>terminal \u201ePia\u021ba Presei\u201d;<\/li>\n\n\n\n<li>\u0218os. Bucure\u0219ti-Ploie\u0219ti;<\/li>\n\n\n\n<li>bretea Pasaj Otopeni;<\/li>\n\n\n\n<li>DNCB;<\/li>\n\n\n\n<li>Str. G\u0103rii Otopeni;<\/li>\n\n\n\n<li>Str. 23 August;<\/li>\n\n\n\n<li>traseul de baz\u0103.<\/li>\n<\/ul>\n\n\n\n<p>Pe sensul opus, traseul nu va fi modificat.<\/p>\n\n\n\n<p>Pe traseul modificat, autobuzele&nbsp;<strong>liniei 403<\/strong>&nbsp;vor opri \u00een sta\u021bia&nbsp;<strong>\u201ePasaj Otopeni\u201d<\/strong>, comun cu liniile 203 \u0219i 304. \u00cens\u0103 nu vor mai efectua sta\u021biile&nbsp;<strong>\u201eAMCO\u201d, \u201ePrim\u0103ria Otopeni\u201d, \u201ePrim\u0103rie\u201d&nbsp;<\/strong>\u0219i<strong>&nbsp;\u201eCimitirul Otopeni\u201d<\/strong>, de pe vechiul traseu.<\/p>\n\n\n\n<h2 class=\"wp-block-heading\" id=\"h-traseul-liniei-444-prelungit-in-localitatea-piscu\">Traseul liniei 444, prelungit \u00een localitatea Piscu<\/h2>\n\n\n\n<p>De luna trecut\u0103, linia metropolitan\u0103 444 \u00ee\u0219i extinde traseul.&nbsp;Pentru extinderea serviciului de transport public \u00een satul Piscu, linia metropolitan\u0103 444 func\u021bioneaz\u0103 pe un traseu prelungit.<\/p>\n\n\n\n<p>Astfel, de la intersec\u021bia Str. Monumentului\/Str. Olarilor, autobuzele liniei 444 circul\u0103 \u00een continuare pe Str. Olarilor, Str. Ialomi\u021bei (DC 182), p\u00e2n\u0103 la Str. Ialomi\u021bei nr. 1. Traseul liniei 444, prelungit \u00een localitatea Piscu, astfel:<\/p>\n\n\n\n<ul class=\"wp-block-list\">\n<li>pe sensul spre \u201ePia\u021ba Presei\u201d: \u201ePiscu\u201d, DC 182 (Str. Ialomi\u021bei, Str. Monumentui, Str. Hanului, Str. C\u00e2mpului, Str. Drumul Piscului), Sos. Bucure\u0219ti-Ploie\u0219ti, Alee Parcare Casa Presei, \u201ePia\u021ba Presei\u201d;<\/li>\n\n\n\n<li>pe sensul spre \u201ePiscu\u201d: \u201ePia\u021ba Presei\u201d, Alee Parcare Casa Presei, \u0218os. Bucure\u0219ti-Ploie\u0219ti, DC 181 (Str. M\u0103n\u0103stirea \u021aig\u0103ne\u0219ti), DC 182 (Str. Drumul Piscului, Str. C\u00e2mpului, Str. Hanului, Str. Monumentului, Str. Olarilor, Str. Ialomi\u021bei), \u201ePiscu\u201d.<\/li>\n<\/ul>\n\n\n\n<p><strong>CITE\u0218TE \u0218I:<\/strong>  <a href=\"https:\/\/buletin.de\/bucuresti\/sediile-dgitl-deschise-sambata\/\">Sector 3 | \u201eTaxele \u015fi impozitele\u201d, deschise inclusiv s\u00e2mb\u0103t\u0103, 28 septembrie<\/a><\/p>\n","protected":false},"excerpt":{"rendered":"<p>Traseu deviat pentru linia 446. STB anun\u021b\u0103 c\u0103 autobuzele 446 circul\u0103 deviat. De asemenea, nu opresc \u00een cinci sta\u021bii din cauza lucr\u0103rilor de asfaltare pe Strada Pescar, din Sili\u0219tea Snagovului. Afectat este sensul de mers c\u0103tre Gruiu-Lipia. De asemenea, STB a anun\u021bat c\u0103 nu vor fi efectuate cinci sta\u021bii: Traseu deviat pentru linia 446. Linia [&hellip;]<\/p>\n","protected":false},"author":49,"featured_media":98635,"comment_status":"closed","ping_status":"open","sticky":false,"template":"","format":"standard","meta":{"_acf_changed":false,"inline_featured_image":false,"ngg_post_thumbnail":0,"footnotes":""},"categories":[6994,62,650],"tags":[15199,820,15198,15200],"ppma_author":[22574],"class_list":["post-98627","post","type-post","status-publish","format-standard","has-post-thumbnail","hentry","category-stiri-2","category-stiri","category-transport","tag-gruiu-lipa","tag-ilfov","tag-linia-446","tag-silistea-snagovului"],"acf":[],"yoast_head":"<!-- This site is optimized with the Yoast SEO Premium plugin v25.3 (Yoast SEO v27.4) - https:\/\/yoast.com\/product\/yoast-seo-premium-wordpress\/ -->\n<title>ILFOV | Linia de autobuz 446 are un traseu deviat. Ma\u0219inile nu opresc \u00een cinci sta\u021bii - Buletin de Bucure\u0219ti<\/title>\n<meta name=\"description\" content=\"Traseu deviat linia 446. De asemenea, nu opresc \u00een cinci sta\u021bii din cauza lucr\u0103rilor de asfaltare pe Strada Pescar.\" \/>\n<meta name=\"robots\" content=\"index, follow, max-snippet:-1, max-image-preview:large, max-video-preview:-1\" \/>\n<link rel=\"canonical\" href=\"https:\/\/buletin.de\/bucuresti\/traseu-deviat-linia-446\/\" \/>\n<meta property=\"og:locale\" content=\"en_GB\" \/>\n<meta property=\"og:type\" content=\"article\" \/>\n<meta property=\"og:title\" content=\"ILFOV | Linia de autobuz 446 are un traseu deviat. Ma\u0219inile nu opresc \u00een cinci sta\u021bii\" \/>\n<meta property=\"og:description\" content=\"Traseu deviat linia 446. De asemenea, nu opresc \u00een cinci sta\u021bii din cauza lucr\u0103rilor de asfaltare pe Strada Pescar.\" \/>\n<meta property=\"og:url\" content=\"https:\/\/buletin.de\/bucuresti\/traseu-deviat-linia-446\/\" \/>\n<meta property=\"og:site_name\" content=\"Buletin de Bucure\u0219ti\" \/>\n<meta property=\"article:publisher\" content=\"https:\/\/www.facebook.com\/buletin.de.buc\" \/>\n<meta property=\"article:published_time\" content=\"2024-09-17T11:42:13+00:00\" \/>\n<meta property=\"article:modified_time\" content=\"2024-09-17T12:06:25+00:00\" \/>\n<meta property=\"og:image\" content=\"https:\/\/buletin.de\/bucuresti\/wp-content\/uploads\/stb-11.jpg\" \/>\n\t<meta property=\"og:image:width\" content=\"927\" \/>\n\t<meta property=\"og:image:height\" content=\"562\" \/>\n\t<meta property=\"og:image:type\" content=\"image\/jpeg\" \/>\n<meta name=\"author\" content=\"Diana Matei\" \/>\n<meta name=\"twitter:card\" content=\"summary_large_image\" \/>\n<meta name=\"twitter:label1\" content=\"Written by\" \/>\n\t<meta name=\"twitter:data1\" content=\"Diana Matei\" \/>\n\t<meta name=\"twitter:label2\" content=\"Estimated reading time\" \/>\n\t<meta name=\"twitter:data2\" content=\"2 minutes\" \/>\n<script type=\"application\/ld+json\" class=\"yoast-schema-graph\">{\"@context\":\"https:\\\/\\\/schema.org\",\"@graph\":[{\"@type\":\"Article\",\"@id\":\"https:\\\/\\\/buletin.de\\\/bucuresti\\\/traseu-deviat-linia-446\\\/#article\",\"isPartOf\":{\"@id\":\"https:\\\/\\\/buletin.de\\\/bucuresti\\\/traseu-deviat-linia-446\\\/\"},\"author\":{\"name\":\"Diana Matei\",\"@id\":\"https:\\\/\\\/buletin.de\\\/bucuresti\\\/#\\\/schema\\\/person\\\/7e46040573290777280a0835d81ea4ea\"},\"headline\":\"ILFOV | Linia de autobuz 446 are un traseu deviat. Ma\u0219inile nu opresc \u00een cinci sta\u021bii\",\"datePublished\":\"2024-09-17T11:42:13+00:00\",\"dateModified\":\"2024-09-17T12:06:25+00:00\",\"mainEntityOfPage\":{\"@id\":\"https:\\\/\\\/buletin.de\\\/bucuresti\\\/traseu-deviat-linia-446\\\/\"},\"wordCount\":454,\"publisher\":{\"@id\":\"https:\\\/\\\/buletin.de\\\/bucuresti\\\/#organization\"},\"image\":{\"@id\":\"https:\\\/\\\/buletin.de\\\/bucuresti\\\/traseu-deviat-linia-446\\\/#primaryimage\"},\"thumbnailUrl\":\"https:\\\/\\\/buletin.de\\\/bucuresti\\\/wp-content\\\/uploads\\\/stb-11.jpg\",\"keywords\":[\"Gruiu-Lipa\",\"Ilfov\",\"linia 446\",\"Silistea Snagovului\"],\"articleSection\":[\"Articole\",\"\u0218tiri\",\"Transport\"],\"inLanguage\":\"en-GB\",\"copyrightYear\":\"2024\",\"copyrightHolder\":{\"@id\":\"https:\\\/\\\/buletin.de\\\/bucuresti\\\/#organization\"}},{\"@type\":\"WebPage\",\"@id\":\"https:\\\/\\\/buletin.de\\\/bucuresti\\\/traseu-deviat-linia-446\\\/\",\"url\":\"https:\\\/\\\/buletin.de\\\/bucuresti\\\/traseu-deviat-linia-446\\\/\",\"name\":\"ILFOV | Linia de autobuz 446 are un traseu deviat. Ma\u0219inile nu opresc \u00een cinci sta\u021bii - Buletin de Bucure\u0219ti\",\"isPartOf\":{\"@id\":\"https:\\\/\\\/buletin.de\\\/bucuresti\\\/#website\"},\"primaryImageOfPage\":{\"@id\":\"https:\\\/\\\/buletin.de\\\/bucuresti\\\/traseu-deviat-linia-446\\\/#primaryimage\"},\"image\":{\"@id\":\"https:\\\/\\\/buletin.de\\\/bucuresti\\\/traseu-deviat-linia-446\\\/#primaryimage\"},\"thumbnailUrl\":\"https:\\\/\\\/buletin.de\\\/bucuresti\\\/wp-content\\\/uploads\\\/stb-11.jpg\",\"datePublished\":\"2024-09-17T11:42:13+00:00\",\"dateModified\":\"2024-09-17T12:06:25+00:00\",\"description\":\"Traseu deviat linia 446. De asemenea, nu opresc \u00een cinci sta\u021bii din cauza lucr\u0103rilor de asfaltare pe Strada Pescar.\",\"breadcrumb\":{\"@id\":\"https:\\\/\\\/buletin.de\\\/bucuresti\\\/traseu-deviat-linia-446\\\/#breadcrumb\"},\"inLanguage\":\"en-GB\",\"potentialAction\":[{\"@type\":\"ReadAction\",\"target\":[\"https:\\\/\\\/buletin.de\\\/bucuresti\\\/traseu-deviat-linia-446\\\/\"]}]},{\"@type\":\"ImageObject\",\"inLanguage\":\"en-GB\",\"@id\":\"https:\\\/\\\/buletin.de\\\/bucuresti\\\/traseu-deviat-linia-446\\\/#primaryimage\",\"url\":\"https:\\\/\\\/buletin.de\\\/bucuresti\\\/wp-content\\\/uploads\\\/stb-11.jpg\",\"contentUrl\":\"https:\\\/\\\/buletin.de\\\/bucuresti\\\/wp-content\\\/uploads\\\/stb-11.jpg\",\"width\":927,\"height\":562,\"caption\":\"Traseu deviat pentru linia 446. FOTO: STB\"},{\"@type\":\"BreadcrumbList\",\"@id\":\"https:\\\/\\\/buletin.de\\\/bucuresti\\\/traseu-deviat-linia-446\\\/#breadcrumb\",\"itemListElement\":[{\"@type\":\"ListItem\",\"position\":1,\"name\":\"Acas\u0103\",\"item\":\"https:\\\/\\\/buletin.de\\\/bucuresti\\\/\"},{\"@type\":\"ListItem\",\"position\":2,\"name\":\"ILFOV | Linia de autobuz 446 are un traseu deviat. Ma\u0219inile nu opresc \u00een cinci sta\u021bii\"}]},{\"@type\":\"WebSite\",\"@id\":\"https:\\\/\\\/buletin.de\\\/bucuresti\\\/#website\",\"url\":\"https:\\\/\\\/buletin.de\\\/bucuresti\\\/\",\"name\":\"Buletin de Bucure\u0219ti\",\"description\":\"\u0218tiri \u0219i investiga\u021bii esen\u021biale din capital\u0103\",\"publisher\":{\"@id\":\"https:\\\/\\\/buletin.de\\\/bucuresti\\\/#organization\"},\"potentialAction\":[{\"@type\":\"SearchAction\",\"target\":{\"@type\":\"EntryPoint\",\"urlTemplate\":\"https:\\\/\\\/buletin.de\\\/bucuresti\\\/?s={search_term_string}\"},\"query-input\":{\"@type\":\"PropertyValueSpecification\",\"valueRequired\":true,\"valueName\":\"search_term_string\"}}],\"inLanguage\":\"en-GB\"},{\"@type\":\"Organization\",\"@id\":\"https:\\\/\\\/buletin.de\\\/bucuresti\\\/#organization\",\"name\":\"Buletin de Bucure\u0219ti\",\"url\":\"https:\\\/\\\/buletin.de\\\/bucuresti\\\/\",\"logo\":{\"@type\":\"ImageObject\",\"inLanguage\":\"en-GB\",\"@id\":\"https:\\\/\\\/buletin.de\\\/bucuresti\\\/#\\\/schema\\\/logo\\\/image\\\/\",\"url\":\"https:\\\/\\\/buletin.de\\\/bucuresti\\\/wp-content\\\/uploads\\\/logo-bdb-full-wide-vernil-transparent.png\",\"contentUrl\":\"https:\\\/\\\/buletin.de\\\/bucuresti\\\/wp-content\\\/uploads\\\/logo-bdb-full-wide-vernil-transparent.png\",\"width\":1782,\"height\":626,\"caption\":\"Buletin de Bucure\u0219ti\"},\"image\":{\"@id\":\"https:\\\/\\\/buletin.de\\\/bucuresti\\\/#\\\/schema\\\/logo\\\/image\\\/\"},\"sameAs\":[\"https:\\\/\\\/www.facebook.com\\\/buletin.de.buc\",\"https:\\\/\\\/www.instagram.com\\\/buletinde.bucuresti\\\/\"]},{\"@type\":\"Person\",\"@id\":\"https:\\\/\\\/buletin.de\\\/bucuresti\\\/#\\\/schema\\\/person\\\/7e46040573290777280a0835d81ea4ea\",\"name\":\"Diana Matei\",\"image\":{\"@type\":\"ImageObject\",\"inLanguage\":\"en-GB\",\"@id\":\"https:\\\/\\\/buletin.de\\\/bucuresti\\\/wp-content\\\/uploads\\\/9-2-96x96.jpg1e8590b30871d70e62ebcdaf2eff570c\",\"url\":\"https:\\\/\\\/buletin.de\\\/bucuresti\\\/wp-content\\\/uploads\\\/9-2-96x96.jpg\",\"contentUrl\":\"https:\\\/\\\/buletin.de\\\/bucuresti\\\/wp-content\\\/uploads\\\/9-2-96x96.jpg\",\"caption\":\"Diana Matei\"},\"url\":\"https:\\\/\\\/buletin.de\\\/bucuresti\\\/author\\\/dianamatei\\\/\"}]}<\/script>\n<!-- \/ Yoast SEO Premium plugin. -->","yoast_head_json":{"title":"ILFOV | Linia de autobuz 446 are un traseu deviat. Ma\u0219inile nu opresc \u00een cinci sta\u021bii - Buletin de Bucure\u0219ti","description":"Traseu deviat linia 446. De asemenea, nu opresc \u00een cinci sta\u021bii din cauza lucr\u0103rilor de asfaltare pe Strada Pescar.","robots":{"index":"index","follow":"follow","max-snippet":"max-snippet:-1","max-image-preview":"max-image-preview:large","max-video-preview":"max-video-preview:-1"},"canonical":"https:\/\/buletin.de\/bucuresti\/traseu-deviat-linia-446\/","og_locale":"en_GB","og_type":"article","og_title":"ILFOV | Linia de autobuz 446 are un traseu deviat. Ma\u0219inile nu opresc \u00een cinci sta\u021bii","og_description":"Traseu deviat linia 446. De asemenea, nu opresc \u00een cinci sta\u021bii din cauza lucr\u0103rilor de asfaltare pe Strada Pescar.","og_url":"https:\/\/buletin.de\/bucuresti\/traseu-deviat-linia-446\/","og_site_name":"Buletin de Bucure\u0219ti","article_publisher":"https:\/\/www.facebook.com\/buletin.de.buc","article_published_time":"2024-09-17T11:42:13+00:00","article_modified_time":"2024-09-17T12:06:25+00:00","og_image":[{"width":927,"height":562,"url":"https:\/\/buletin.de\/bucuresti\/wp-content\/uploads\/stb-11.jpg","type":"image\/jpeg"}],"author":"Diana Matei","twitter_card":"summary_large_image","twitter_misc":{"Written by":"Diana Matei","Estimated reading time":"2 minutes"},"schema":{"@context":"https:\/\/schema.org","@graph":[{"@type":"Article","@id":"https:\/\/buletin.de\/bucuresti\/traseu-deviat-linia-446\/#article","isPartOf":{"@id":"https:\/\/buletin.de\/bucuresti\/traseu-deviat-linia-446\/"},"author":{"name":"Diana Matei","@id":"https:\/\/buletin.de\/bucuresti\/#\/schema\/person\/7e46040573290777280a0835d81ea4ea"},"headline":"ILFOV | Linia de autobuz 446 are un traseu deviat. Ma\u0219inile nu opresc \u00een cinci sta\u021bii","datePublished":"2024-09-17T11:42:13+00:00","dateModified":"2024-09-17T12:06:25+00:00","mainEntityOfPage":{"@id":"https:\/\/buletin.de\/bucuresti\/traseu-deviat-linia-446\/"},"wordCount":454,"publisher":{"@id":"https:\/\/buletin.de\/bucuresti\/#organization"},"image":{"@id":"https:\/\/buletin.de\/bucuresti\/traseu-deviat-linia-446\/#primaryimage"},"thumbnailUrl":"https:\/\/buletin.de\/bucuresti\/wp-content\/uploads\/stb-11.jpg","keywords":["Gruiu-Lipa","Ilfov","linia 446","Silistea Snagovului"],"articleSection":["Articole","\u0218tiri","Transport"],"inLanguage":"en-GB","copyrightYear":"2024","copyrightHolder":{"@id":"https:\/\/buletin.de\/bucuresti\/#organization"}},{"@type":"WebPage","@id":"https:\/\/buletin.de\/bucuresti\/traseu-deviat-linia-446\/","url":"https:\/\/buletin.de\/bucuresti\/traseu-deviat-linia-446\/","name":"ILFOV | Linia de autobuz 446 are un traseu deviat. Ma\u0219inile nu opresc \u00een cinci sta\u021bii - Buletin de Bucure\u0219ti","isPartOf":{"@id":"https:\/\/buletin.de\/bucuresti\/#website"},"primaryImageOfPage":{"@id":"https:\/\/buletin.de\/bucuresti\/traseu-deviat-linia-446\/#primaryimage"},"image":{"@id":"https:\/\/buletin.de\/bucuresti\/traseu-deviat-linia-446\/#primaryimage"},"thumbnailUrl":"https:\/\/buletin.de\/bucuresti\/wp-content\/uploads\/stb-11.jpg","datePublished":"2024-09-17T11:42:13+00:00","dateModified":"2024-09-17T12:06:25+00:00","description":"Traseu deviat linia 446. De asemenea, nu opresc \u00een cinci sta\u021bii din cauza lucr\u0103rilor de asfaltare pe Strada Pescar.","breadcrumb":{"@id":"https:\/\/buletin.de\/bucuresti\/traseu-deviat-linia-446\/#breadcrumb"},"inLanguage":"en-GB","potentialAction":[{"@type":"ReadAction","target":["https:\/\/buletin.de\/bucuresti\/traseu-deviat-linia-446\/"]}]},{"@type":"ImageObject","inLanguage":"en-GB","@id":"https:\/\/buletin.de\/bucuresti\/traseu-deviat-linia-446\/#primaryimage","url":"https:\/\/buletin.de\/bucuresti\/wp-content\/uploads\/stb-11.jpg","contentUrl":"https:\/\/buletin.de\/bucuresti\/wp-content\/uploads\/stb-11.jpg","width":927,"height":562,"caption":"Traseu deviat pentru linia 446. FOTO: STB"},{"@type":"BreadcrumbList","@id":"https:\/\/buletin.de\/bucuresti\/traseu-deviat-linia-446\/#breadcrumb","itemListElement":[{"@type":"ListItem","position":1,"name":"Acas\u0103","item":"https:\/\/buletin.de\/bucuresti\/"},{"@type":"ListItem","position":2,"name":"ILFOV | Linia de autobuz 446 are un traseu deviat. Ma\u0219inile nu opresc \u00een cinci sta\u021bii"}]},{"@type":"WebSite","@id":"https:\/\/buletin.de\/bucuresti\/#website","url":"https:\/\/buletin.de\/bucuresti\/","name":"Buletin de Bucure\u0219ti","description":"\u0218tiri \u0219i investiga\u021bii esen\u021biale din capital\u0103","publisher":{"@id":"https:\/\/buletin.de\/bucuresti\/#organization"},"potentialAction":[{"@type":"SearchAction","target":{"@type":"EntryPoint","urlTemplate":"https:\/\/buletin.de\/bucuresti\/?s={search_term_string}"},"query-input":{"@type":"PropertyValueSpecification","valueRequired":true,"valueName":"search_term_string"}}],"inLanguage":"en-GB"},{"@type":"Organization","@id":"https:\/\/buletin.de\/bucuresti\/#organization","name":"Buletin de Bucure\u0219ti","url":"https:\/\/buletin.de\/bucuresti\/","logo":{"@type":"ImageObject","inLanguage":"en-GB","@id":"https:\/\/buletin.de\/bucuresti\/#\/schema\/logo\/image\/","url":"https:\/\/buletin.de\/bucuresti\/wp-content\/uploads\/logo-bdb-full-wide-vernil-transparent.png","contentUrl":"https:\/\/buletin.de\/bucuresti\/wp-content\/uploads\/logo-bdb-full-wide-vernil-transparent.png","width":1782,"height":626,"caption":"Buletin de Bucure\u0219ti"},"image":{"@id":"https:\/\/buletin.de\/bucuresti\/#\/schema\/logo\/image\/"},"sameAs":["https:\/\/www.facebook.com\/buletin.de.buc","https:\/\/www.instagram.com\/buletinde.bucuresti\/"]},{"@type":"Person","@id":"https:\/\/buletin.de\/bucuresti\/#\/schema\/person\/7e46040573290777280a0835d81ea4ea","name":"Diana Matei","image":{"@type":"ImageObject","inLanguage":"en-GB","@id":"https:\/\/buletin.de\/bucuresti\/wp-content\/uploads\/9-2-96x96.jpg1e8590b30871d70e62ebcdaf2eff570c","url":"https:\/\/buletin.de\/bucuresti\/wp-content\/uploads\/9-2-96x96.jpg","contentUrl":"https:\/\/buletin.de\/bucuresti\/wp-content\/uploads\/9-2-96x96.jpg","caption":"Diana Matei"},"url":"https:\/\/buletin.de\/bucuresti\/author\/dianamatei\/"}]}},"authors":[{"term_id":22574,"user_id":49,"is_guest":0,"slug":"dianamatei","display_name":"Diana Matei","avatar_url":"https:\/\/buletin.de\/bucuresti\/wp-content\/uploads\/9-2-96x96.jpg","0":null,"1":"","2":"","3":"","4":"","5":"","6":"","7":"","8":""}],"_links":{"self":[{"href":"https:\/\/buletin.de\/bucuresti\/wp-json\/wp\/v2\/posts\/98627","targetHints":{"allow":["GET"]}}],"collection":[{"href":"https:\/\/buletin.de\/bucuresti\/wp-json\/wp\/v2\/posts"}],"about":[{"href":"https:\/\/buletin.de\/bucuresti\/wp-json\/wp\/v2\/types\/post"}],"author":[{"embeddable":true,"href":"https:\/\/buletin.de\/bucuresti\/wp-json\/wp\/v2\/users\/49"}],"replies":[{"embeddable":true,"href":"https:\/\/buletin.de\/bucuresti\/wp-json\/wp\/v2\/comments?post=98627"}],"version-history":[{"count":3,"href":"https:\/\/buletin.de\/bucuresti\/wp-json\/wp\/v2\/posts\/98627\/revisions"}],"predecessor-version":[{"id":98646,"href":"https:\/\/buletin.de\/bucuresti\/wp-json\/wp\/v2\/posts\/98627\/revisions\/98646"}],"wp:featuredmedia":[{"embeddable":true,"href":"https:\/\/buletin.de\/bucuresti\/wp-json\/wp\/v2\/media\/98635"}],"wp:attachment":[{"href":"https:\/\/buletin.de\/bucuresti\/wp-json\/wp\/v2\/media?parent=98627"}],"wp:term":[{"taxonomy":"category","embeddable":true,"href":"https:\/\/buletin.de\/bucuresti\/wp-json\/wp\/v2\/categories?post=98627"},{"taxonomy":"post_tag","embeddable":true,"href":"https:\/\/buletin.de\/bucuresti\/wp-json\/wp\/v2\/tags?post=98627"},{"taxonomy":"author","embeddable":true,"href":"https:\/\/buletin.de\/bucuresti\/wp-json\/wp\/v2\/ppma_author?post=98627"}],"curies":[{"name":"wp","href":"https:\/\/api.w.org\/{rel}","templated":true}]}}