{"id":98545,"date":"2024-09-16T18:11:00","date_gmt":"2024-09-16T15:11:00","guid":{"rendered":"https:\/\/buletin.de\/bucuresti\/?p=98545"},"modified":"2024-09-17T06:53:51","modified_gmt":"2024-09-17T03:53:51","slug":"cutremur-in-zona-vrancea-buzau-resimtit-in-capitala","status":"publish","type":"post","link":"https:\/\/buletin.de\/bucuresti\/cutremur-in-zona-vrancea-buzau-resimtit-in-capitala\/","title":{"rendered":"Cutremur \u00een zona Vrancea-Buz\u0103u, resim\u021bit \u00een Capital\u0103"},"content":{"rendered":"\n<p><strong>Cutremur \u00een Vrancea.<\/strong> <strong><a href=\"http:\/\/n1.infp.ro\/\">Institutul Na\u0163ional de Cercetare &#8211; Dezvoltare pentru Fizica P\u0103m\u00e2ntului<\/a> anun\u021b\u0103 c\u0103, la ora 17:40:18, s-a produs un cutremur, cu magnitudine de 5,5, la 152.5 km ad\u00e2ncime. Seismul a avut loc \u00een zona Vrancea.<\/strong><\/p>\n\n\n\n<p><br>Cutremurul s-a sim\u021bit \u0219i la Bucure\u0219ti \u0219i s-a produs \u00een apropierea urm\u0103toarelor ora\u0219e: <\/p>\n\n\n\n<ul class=\"wp-block-list\">\n<li>52km SE de Sf\u00e2ntu-Gheorghe:<\/li>\n\n\n\n<li>54km E de Bra\u0219ov;<\/li>\n\n\n\n<li> 62km NV de Buz\u0103u;<\/li>\n\n\n\n<li>70km V de Foc\u0219ani;<\/li>\n\n\n\n<li> 72km N de Ploie\u0219ti;<\/li>\n\n\n\n<li>97km NE de T\u00e2rgovi\u0219te.<\/li>\n<\/ul>\n\n\n\n<p><strong>Cutremur \u00een Vrancea.<\/strong> ISU Bucure\u0219ti-Ilfov precizeaz\u0103 c\u0103 nu sunt \u00eenregistrate apeluri la num\u0103rul de urgen\u021b\u0103 112.<\/p>\n\n\n\n<p><strong>CITE\u0218TE \u0218I:<\/strong> <a href=\"https:\/\/buletin.de\/bucuresti\/46-de-ani-de-la-cutremurul-din-1977-cat-de-nepregatit-e-bucurestiul-pentru-un-alt-dezastru\/\">47 de ani de la cutremurul din 1977. C\u00e2t de (ne)preg\u0103tit e Bucure\u0219tiul pentru un alt dezastru<\/a><\/p>\n\n\n\n<h2 class=\"wp-block-heading\" id=\"h-1-din-4-bucuresteni-ar-avea-de-suferit-in-urma-unui-cutremur-major\">1 din 4 bucure\u015fteni ar avea de suferit \u00een urma unui cutremur major<\/h2>\n\n\n\n<p>La \u00eenceputul acestui an, la 47 de ani de la cutremurul din \u201977, Funda\u021bia Comunitar\u0103 Bucure\u0219ti a tras un semnal de alarm\u0103: 1 din 4 bucure\u015fteni ar avea de suferit \u00een urma unui cutremur major, \u00eens\u0103 discu\u021biile despre preg\u0103tirea necesar\u0103 \u00een cazul unui dezastru natural lipsesc cu des\u0103v\u00e2r\u0219ire din spa\u021biul public, potrivit unui\u00a0<a href=\"https:\/\/www.agerpres.ro\/comunicate\/2024\/03\/01\/comunicat-de-presa-fundatia-comunitara-bucuresti--1257588\">comunicat de pres\u0103 remis Agerpres<\/a>.\u00a0\u00cen acest sens, elevii din 20 de \u015fcoli bucure\u0219tene au fost instrui\u0163i cu privire la regulile de comportament pentru cutremur, \u00een perioada 04-08 martie.<\/p>\n\n\n\n<p>La aproape 50 de ani de la acea tragedie, Bucure\u0219tiul nu este preg\u0103tit pentru a face fa\u021b\u0103 unei asemenea catastrofe. Multe dintre cl\u0103dirile afectate grav \u00een 1977 nu au fost consolidate niciodat\u0103. Acum pe lista construc\u021biilor aflate \u00een gradul de risc seismic 1. Pe listele oficiale apar 2500 de construc\u021bii cu risc \u00een cazul unui cutremur, din care 363 \u00een clasa I \u0219i 373 \u00een clasa a II-a.<\/p>\n\n\n\n<p><a href=\"https:\/\/buletin.de\/bucuresti\/analiza-pmb-23-000-de-cladiri-din-capitala-avariate-grav-la-un-cutremur-6500-de-oameni-si-ar-putea-pierde-viata-si-16-000-ar-fi-grav-raniti-2\/\">Buletin de Bucure\u0219ti<\/a>\u00a0a scris c\u0103, \u00een cazul unui seism puternic, aproximativ 23.000 de cl\u0103diri ar fi grav afectate. 6.500 de oameni ar putea muri iar 16.500 ar putea fi grav r\u0103nite. Printre cl\u0103dirile cu risc seismic ridicat se num\u0103r\u0103 \u0219i zeci de \u0219coli \u0219i licee, universit\u0103\u021bi \u0219i spitale.<\/p>\n\n\n\n<h2 class=\"wp-block-heading\" id=\"h-dezastrul-din-77\">Dezastrul din &#8217;77<\/h2>\n\n\n\n<p><a href=\"https:\/\/buletin.de\/bucuresti\/46-de-ani-de-la-cutremurul-din-1977-cat-de-nepregatit-e-bucurestiul-pentru-un-alt-dezastru\/\">Aproape 1.600 de oameni, dintre care peste 1.400 doar \u00een Capital\u0103, au murit \u00een cutremurul din 4 martie 1977<\/a>. Al\u021bi 11.300 au fost r\u0103ni\u021bi \u00een urma dezastrului care\u00a0a avut loc \u00een urm\u0103 cu 46 de ani, la ora 21:22. \u00a0Au fost distruse \u00een totalitate mai multe cl\u0103diri \u00eentre care \u0219i c\u00e2teva celebre: blocul \u201dCasata\u201d, blocul \u201dContinental\u201d, blocul \u201dNestor\u201d, blocul \u201dDun\u0103rea\u201d, blocul aflat l\u00e2ng\u0103 hotelul \u201dLido\u201d, blocul \u201eWilson\u201d. Spitalul Fundeni \u015fi Spitalul de Urgen\u0163\u0103 au suferit avarii importante \u015fi au fost evacuate.<\/p>\n\n\n\n<p>\u00cen ultimii 30 de ani, \u00een Bucure\u0219ti s-au consolidat doar 30 de cl\u0103diri.<\/p>\n\n\n\n<p><strong>CITE\u0218TE \u0218I:<\/strong> <a href=\"https:\/\/buletin.de\/bucuresti\/blocul-patria-al-inginerului-disident-gheorghe-ursu-va-fi-reabilitat-dupa-jumatate-de-secol-de-la-cutremurul-din-77-fiul-structura-era-compromisa-a-reusit-sa-camasuia\/\">Blocul \u201ePatria\u201d, al inginerului-disident Gheorghe Ursu, va fi reabilitat dup\u0103 jum\u0103tate de secol de la Cutremurul din \u201977. Fiul: \u201eStructura era compromis\u0103, a reu\u0219it s\u0103 c\u0103m\u0103\u0219uiasc\u0103 un sfert din c\u00e2t trebuia\u201d<\/a><\/p>\n","protected":false},"excerpt":{"rendered":"<p>Cutremur \u00een Vrancea. Institutul Na\u0163ional de Cercetare &#8211; Dezvoltare pentru Fizica P\u0103m\u00e2ntului anun\u021b\u0103 c\u0103, la ora 17:40:18, s-a produs un cutremur, cu magnitudine de 5,5, la 152.5 km ad\u00e2ncime. Seismul a avut loc \u00een zona Vrancea. Cutremurul s-a sim\u021bit \u0219i la Bucure\u0219ti \u0219i s-a produs \u00een apropierea urm\u0103toarelor ora\u0219e: Cutremur \u00een Vrancea. ISU Bucure\u0219ti-Ilfov precizeaz\u0103 [&hellip;]<\/p>\n","protected":false},"author":49,"featured_media":98569,"comment_status":"closed","ping_status":"open","sticky":false,"template":"","format":"standard","meta":{"_acf_changed":false,"inline_featured_image":false,"ngg_post_thumbnail":0,"footnotes":""},"categories":[6994,5762],"tags":[626,10243,8209,628],"ppma_author":[22574],"class_list":["post-98545","post","type-post","status-publish","format-standard","has-post-thumbnail","hentry","category-stiri-2","category-main","tag-cutremur","tag-cutremur-1977","tag-cutremur-vrancea","tag-seism"],"acf":[],"yoast_head":"<!-- This site is optimized with the Yoast SEO Premium plugin v25.3 (Yoast SEO v27.4) - https:\/\/yoast.com\/product\/yoast-seo-premium-wordpress\/ -->\n<title>Cutremur \u00een zona Vrancea-Buz\u0103u, resim\u021bit \u00een Capital\u0103 - Buletin de Bucure\u0219ti<\/title>\n<meta name=\"description\" content=\"Cutremur \u00een Vrancea. Cutremurul s-a sim\u021bit \u0219i la Bucure\u0219ti. Nu sunt \u00eenregistrate apeluri la num\u0103rul de urgen\u021b\u0103 112.\" \/>\n<meta name=\"robots\" content=\"index, follow, max-snippet:-1, max-image-preview:large, max-video-preview:-1\" \/>\n<link rel=\"canonical\" href=\"https:\/\/buletin.de\/bucuresti\/cutremur-in-zona-vrancea-buzau-resimtit-in-capitala\/\" \/>\n<meta property=\"og:locale\" content=\"en_GB\" \/>\n<meta property=\"og:type\" content=\"article\" \/>\n<meta property=\"og:title\" content=\"Cutremur \u00een zona Vrancea-Buz\u0103u, resim\u021bit \u00een Capital\u0103\" \/>\n<meta property=\"og:description\" content=\"Cutremur \u00een Vrancea. Cutremurul s-a sim\u021bit \u0219i la Bucure\u0219ti. Nu sunt \u00eenregistrate apeluri la num\u0103rul de urgen\u021b\u0103 112.\" \/>\n<meta property=\"og:url\" content=\"https:\/\/buletin.de\/bucuresti\/cutremur-in-zona-vrancea-buzau-resimtit-in-capitala\/\" \/>\n<meta property=\"og:site_name\" content=\"Buletin de Bucure\u0219ti\" \/>\n<meta property=\"article:publisher\" content=\"https:\/\/www.facebook.com\/buletin.de.buc\" \/>\n<meta property=\"article:published_time\" content=\"2024-09-16T15:11:00+00:00\" \/>\n<meta property=\"article:modified_time\" content=\"2024-09-17T03:53:51+00:00\" \/>\n<meta property=\"og:image\" content=\"https:\/\/buletin.de\/bucuresti\/wp-content\/uploads\/ID250903_INQUAM_Photos_George_Calin.jpg\" \/>\n\t<meta property=\"og:image:width\" content=\"2000\" \/>\n\t<meta property=\"og:image:height\" content=\"1333\" \/>\n\t<meta property=\"og:image:type\" content=\"image\/jpeg\" \/>\n<meta name=\"author\" content=\"Diana Matei\" \/>\n<meta name=\"twitter:card\" content=\"summary_large_image\" \/>\n<meta name=\"twitter:label1\" content=\"Written by\" \/>\n\t<meta name=\"twitter:data1\" content=\"Diana Matei\" \/>\n\t<meta name=\"twitter:label2\" content=\"Estimated reading time\" \/>\n\t<meta name=\"twitter:data2\" content=\"3 minutes\" \/>\n<script type=\"application\/ld+json\" class=\"yoast-schema-graph\">{\"@context\":\"https:\\\/\\\/schema.org\",\"@graph\":[{\"@type\":\"Article\",\"@id\":\"https:\\\/\\\/buletin.de\\\/bucuresti\\\/cutremur-in-zona-vrancea-buzau-resimtit-in-capitala\\\/#article\",\"isPartOf\":{\"@id\":\"https:\\\/\\\/buletin.de\\\/bucuresti\\\/cutremur-in-zona-vrancea-buzau-resimtit-in-capitala\\\/\"},\"author\":{\"name\":\"Diana Matei\",\"@id\":\"https:\\\/\\\/buletin.de\\\/bucuresti\\\/#\\\/schema\\\/person\\\/7e46040573290777280a0835d81ea4ea\"},\"headline\":\"Cutremur \u00een zona Vrancea-Buz\u0103u, resim\u021bit \u00een Capital\u0103\",\"datePublished\":\"2024-09-16T15:11:00+00:00\",\"dateModified\":\"2024-09-17T03:53:51+00:00\",\"mainEntityOfPage\":{\"@id\":\"https:\\\/\\\/buletin.de\\\/bucuresti\\\/cutremur-in-zona-vrancea-buzau-resimtit-in-capitala\\\/\"},\"wordCount\":487,\"publisher\":{\"@id\":\"https:\\\/\\\/buletin.de\\\/bucuresti\\\/#organization\"},\"image\":{\"@id\":\"https:\\\/\\\/buletin.de\\\/bucuresti\\\/cutremur-in-zona-vrancea-buzau-resimtit-in-capitala\\\/#primaryimage\"},\"thumbnailUrl\":\"https:\\\/\\\/buletin.de\\\/bucuresti\\\/wp-content\\\/uploads\\\/ID250903_INQUAM_Photos_George_Calin.jpg\",\"keywords\":[\"Cutremur\",\"cutremur 1977\",\"cutremur vrancea\",\"seism\"],\"articleSection\":[\"Articole\",\"Main\"],\"inLanguage\":\"en-GB\",\"copyrightYear\":\"2024\",\"copyrightHolder\":{\"@id\":\"https:\\\/\\\/buletin.de\\\/bucuresti\\\/#organization\"}},{\"@type\":\"WebPage\",\"@id\":\"https:\\\/\\\/buletin.de\\\/bucuresti\\\/cutremur-in-zona-vrancea-buzau-resimtit-in-capitala\\\/\",\"url\":\"https:\\\/\\\/buletin.de\\\/bucuresti\\\/cutremur-in-zona-vrancea-buzau-resimtit-in-capitala\\\/\",\"name\":\"Cutremur \u00een zona Vrancea-Buz\u0103u, resim\u021bit \u00een Capital\u0103 - Buletin de Bucure\u0219ti\",\"isPartOf\":{\"@id\":\"https:\\\/\\\/buletin.de\\\/bucuresti\\\/#website\"},\"primaryImageOfPage\":{\"@id\":\"https:\\\/\\\/buletin.de\\\/bucuresti\\\/cutremur-in-zona-vrancea-buzau-resimtit-in-capitala\\\/#primaryimage\"},\"image\":{\"@id\":\"https:\\\/\\\/buletin.de\\\/bucuresti\\\/cutremur-in-zona-vrancea-buzau-resimtit-in-capitala\\\/#primaryimage\"},\"thumbnailUrl\":\"https:\\\/\\\/buletin.de\\\/bucuresti\\\/wp-content\\\/uploads\\\/ID250903_INQUAM_Photos_George_Calin.jpg\",\"datePublished\":\"2024-09-16T15:11:00+00:00\",\"dateModified\":\"2024-09-17T03:53:51+00:00\",\"description\":\"Cutremur \u00een Vrancea. Cutremurul s-a sim\u021bit \u0219i la Bucure\u0219ti. Nu sunt \u00eenregistrate apeluri la num\u0103rul de urgen\u021b\u0103 112.\",\"breadcrumb\":{\"@id\":\"https:\\\/\\\/buletin.de\\\/bucuresti\\\/cutremur-in-zona-vrancea-buzau-resimtit-in-capitala\\\/#breadcrumb\"},\"inLanguage\":\"en-GB\",\"potentialAction\":[{\"@type\":\"ReadAction\",\"target\":[\"https:\\\/\\\/buletin.de\\\/bucuresti\\\/cutremur-in-zona-vrancea-buzau-resimtit-in-capitala\\\/\"]}]},{\"@type\":\"ImageObject\",\"inLanguage\":\"en-GB\",\"@id\":\"https:\\\/\\\/buletin.de\\\/bucuresti\\\/cutremur-in-zona-vrancea-buzau-resimtit-in-capitala\\\/#primaryimage\",\"url\":\"https:\\\/\\\/buletin.de\\\/bucuresti\\\/wp-content\\\/uploads\\\/ID250903_INQUAM_Photos_George_Calin.jpg\",\"contentUrl\":\"https:\\\/\\\/buletin.de\\\/bucuresti\\\/wp-content\\\/uploads\\\/ID250903_INQUAM_Photos_George_Calin.jpg\",\"width\":2000,\"height\":1333,\"caption\":\"Cutremur \u00een zona Vrancea-Buz\u0103u, resim\u021bit \u00een Capital\u0103. Inquam Photos \\\/ George C\u0103lin\"},{\"@type\":\"BreadcrumbList\",\"@id\":\"https:\\\/\\\/buletin.de\\\/bucuresti\\\/cutremur-in-zona-vrancea-buzau-resimtit-in-capitala\\\/#breadcrumb\",\"itemListElement\":[{\"@type\":\"ListItem\",\"position\":1,\"name\":\"Acas\u0103\",\"item\":\"https:\\\/\\\/buletin.de\\\/bucuresti\\\/\"},{\"@type\":\"ListItem\",\"position\":2,\"name\":\"Cutremur \u00een zona Vrancea-Buz\u0103u, resim\u021bit \u00een Capital\u0103\"}]},{\"@type\":\"WebSite\",\"@id\":\"https:\\\/\\\/buletin.de\\\/bucuresti\\\/#website\",\"url\":\"https:\\\/\\\/buletin.de\\\/bucuresti\\\/\",\"name\":\"Buletin de Bucure\u0219ti\",\"description\":\"\u0218tiri \u0219i investiga\u021bii esen\u021biale din capital\u0103\",\"publisher\":{\"@id\":\"https:\\\/\\\/buletin.de\\\/bucuresti\\\/#organization\"},\"potentialAction\":[{\"@type\":\"SearchAction\",\"target\":{\"@type\":\"EntryPoint\",\"urlTemplate\":\"https:\\\/\\\/buletin.de\\\/bucuresti\\\/?s={search_term_string}\"},\"query-input\":{\"@type\":\"PropertyValueSpecification\",\"valueRequired\":true,\"valueName\":\"search_term_string\"}}],\"inLanguage\":\"en-GB\"},{\"@type\":\"Organization\",\"@id\":\"https:\\\/\\\/buletin.de\\\/bucuresti\\\/#organization\",\"name\":\"Buletin de Bucure\u0219ti\",\"url\":\"https:\\\/\\\/buletin.de\\\/bucuresti\\\/\",\"logo\":{\"@type\":\"ImageObject\",\"inLanguage\":\"en-GB\",\"@id\":\"https:\\\/\\\/buletin.de\\\/bucuresti\\\/#\\\/schema\\\/logo\\\/image\\\/\",\"url\":\"https:\\\/\\\/buletin.de\\\/bucuresti\\\/wp-content\\\/uploads\\\/logo-bdb-full-wide-vernil-transparent.png\",\"contentUrl\":\"https:\\\/\\\/buletin.de\\\/bucuresti\\\/wp-content\\\/uploads\\\/logo-bdb-full-wide-vernil-transparent.png\",\"width\":1782,\"height\":626,\"caption\":\"Buletin de Bucure\u0219ti\"},\"image\":{\"@id\":\"https:\\\/\\\/buletin.de\\\/bucuresti\\\/#\\\/schema\\\/logo\\\/image\\\/\"},\"sameAs\":[\"https:\\\/\\\/www.facebook.com\\\/buletin.de.buc\",\"https:\\\/\\\/www.instagram.com\\\/buletinde.bucuresti\\\/\"]},{\"@type\":\"Person\",\"@id\":\"https:\\\/\\\/buletin.de\\\/bucuresti\\\/#\\\/schema\\\/person\\\/7e46040573290777280a0835d81ea4ea\",\"name\":\"Diana Matei\",\"image\":{\"@type\":\"ImageObject\",\"inLanguage\":\"en-GB\",\"@id\":\"https:\\\/\\\/buletin.de\\\/bucuresti\\\/wp-content\\\/uploads\\\/9-2-96x96.jpg1e8590b30871d70e62ebcdaf2eff570c\",\"url\":\"https:\\\/\\\/buletin.de\\\/bucuresti\\\/wp-content\\\/uploads\\\/9-2-96x96.jpg\",\"contentUrl\":\"https:\\\/\\\/buletin.de\\\/bucuresti\\\/wp-content\\\/uploads\\\/9-2-96x96.jpg\",\"caption\":\"Diana Matei\"},\"url\":\"https:\\\/\\\/buletin.de\\\/bucuresti\\\/author\\\/dianamatei\\\/\"}]}<\/script>\n<!-- \/ Yoast SEO Premium plugin. -->","yoast_head_json":{"title":"Cutremur \u00een zona Vrancea-Buz\u0103u, resim\u021bit \u00een Capital\u0103 - Buletin de Bucure\u0219ti","description":"Cutremur \u00een Vrancea. Cutremurul s-a sim\u021bit \u0219i la Bucure\u0219ti. Nu sunt \u00eenregistrate apeluri la num\u0103rul de urgen\u021b\u0103 112.","robots":{"index":"index","follow":"follow","max-snippet":"max-snippet:-1","max-image-preview":"max-image-preview:large","max-video-preview":"max-video-preview:-1"},"canonical":"https:\/\/buletin.de\/bucuresti\/cutremur-in-zona-vrancea-buzau-resimtit-in-capitala\/","og_locale":"en_GB","og_type":"article","og_title":"Cutremur \u00een zona Vrancea-Buz\u0103u, resim\u021bit \u00een Capital\u0103","og_description":"Cutremur \u00een Vrancea. Cutremurul s-a sim\u021bit \u0219i la Bucure\u0219ti. Nu sunt \u00eenregistrate apeluri la num\u0103rul de urgen\u021b\u0103 112.","og_url":"https:\/\/buletin.de\/bucuresti\/cutremur-in-zona-vrancea-buzau-resimtit-in-capitala\/","og_site_name":"Buletin de Bucure\u0219ti","article_publisher":"https:\/\/www.facebook.com\/buletin.de.buc","article_published_time":"2024-09-16T15:11:00+00:00","article_modified_time":"2024-09-17T03:53:51+00:00","og_image":[{"width":2000,"height":1333,"url":"https:\/\/buletin.de\/bucuresti\/wp-content\/uploads\/ID250903_INQUAM_Photos_George_Calin.jpg","type":"image\/jpeg"}],"author":"Diana Matei","twitter_card":"summary_large_image","twitter_misc":{"Written by":"Diana Matei","Estimated reading time":"3 minutes"},"schema":{"@context":"https:\/\/schema.org","@graph":[{"@type":"Article","@id":"https:\/\/buletin.de\/bucuresti\/cutremur-in-zona-vrancea-buzau-resimtit-in-capitala\/#article","isPartOf":{"@id":"https:\/\/buletin.de\/bucuresti\/cutremur-in-zona-vrancea-buzau-resimtit-in-capitala\/"},"author":{"name":"Diana Matei","@id":"https:\/\/buletin.de\/bucuresti\/#\/schema\/person\/7e46040573290777280a0835d81ea4ea"},"headline":"Cutremur \u00een zona Vrancea-Buz\u0103u, resim\u021bit \u00een Capital\u0103","datePublished":"2024-09-16T15:11:00+00:00","dateModified":"2024-09-17T03:53:51+00:00","mainEntityOfPage":{"@id":"https:\/\/buletin.de\/bucuresti\/cutremur-in-zona-vrancea-buzau-resimtit-in-capitala\/"},"wordCount":487,"publisher":{"@id":"https:\/\/buletin.de\/bucuresti\/#organization"},"image":{"@id":"https:\/\/buletin.de\/bucuresti\/cutremur-in-zona-vrancea-buzau-resimtit-in-capitala\/#primaryimage"},"thumbnailUrl":"https:\/\/buletin.de\/bucuresti\/wp-content\/uploads\/ID250903_INQUAM_Photos_George_Calin.jpg","keywords":["Cutremur","cutremur 1977","cutremur vrancea","seism"],"articleSection":["Articole","Main"],"inLanguage":"en-GB","copyrightYear":"2024","copyrightHolder":{"@id":"https:\/\/buletin.de\/bucuresti\/#organization"}},{"@type":"WebPage","@id":"https:\/\/buletin.de\/bucuresti\/cutremur-in-zona-vrancea-buzau-resimtit-in-capitala\/","url":"https:\/\/buletin.de\/bucuresti\/cutremur-in-zona-vrancea-buzau-resimtit-in-capitala\/","name":"Cutremur \u00een zona Vrancea-Buz\u0103u, resim\u021bit \u00een Capital\u0103 - Buletin de Bucure\u0219ti","isPartOf":{"@id":"https:\/\/buletin.de\/bucuresti\/#website"},"primaryImageOfPage":{"@id":"https:\/\/buletin.de\/bucuresti\/cutremur-in-zona-vrancea-buzau-resimtit-in-capitala\/#primaryimage"},"image":{"@id":"https:\/\/buletin.de\/bucuresti\/cutremur-in-zona-vrancea-buzau-resimtit-in-capitala\/#primaryimage"},"thumbnailUrl":"https:\/\/buletin.de\/bucuresti\/wp-content\/uploads\/ID250903_INQUAM_Photos_George_Calin.jpg","datePublished":"2024-09-16T15:11:00+00:00","dateModified":"2024-09-17T03:53:51+00:00","description":"Cutremur \u00een Vrancea. Cutremurul s-a sim\u021bit \u0219i la Bucure\u0219ti. Nu sunt \u00eenregistrate apeluri la num\u0103rul de urgen\u021b\u0103 112.","breadcrumb":{"@id":"https:\/\/buletin.de\/bucuresti\/cutremur-in-zona-vrancea-buzau-resimtit-in-capitala\/#breadcrumb"},"inLanguage":"en-GB","potentialAction":[{"@type":"ReadAction","target":["https:\/\/buletin.de\/bucuresti\/cutremur-in-zona-vrancea-buzau-resimtit-in-capitala\/"]}]},{"@type":"ImageObject","inLanguage":"en-GB","@id":"https:\/\/buletin.de\/bucuresti\/cutremur-in-zona-vrancea-buzau-resimtit-in-capitala\/#primaryimage","url":"https:\/\/buletin.de\/bucuresti\/wp-content\/uploads\/ID250903_INQUAM_Photos_George_Calin.jpg","contentUrl":"https:\/\/buletin.de\/bucuresti\/wp-content\/uploads\/ID250903_INQUAM_Photos_George_Calin.jpg","width":2000,"height":1333,"caption":"Cutremur \u00een zona Vrancea-Buz\u0103u, resim\u021bit \u00een Capital\u0103. Inquam Photos \/ George C\u0103lin"},{"@type":"BreadcrumbList","@id":"https:\/\/buletin.de\/bucuresti\/cutremur-in-zona-vrancea-buzau-resimtit-in-capitala\/#breadcrumb","itemListElement":[{"@type":"ListItem","position":1,"name":"Acas\u0103","item":"https:\/\/buletin.de\/bucuresti\/"},{"@type":"ListItem","position":2,"name":"Cutremur \u00een zona Vrancea-Buz\u0103u, resim\u021bit \u00een Capital\u0103"}]},{"@type":"WebSite","@id":"https:\/\/buletin.de\/bucuresti\/#website","url":"https:\/\/buletin.de\/bucuresti\/","name":"Buletin de Bucure\u0219ti","description":"\u0218tiri \u0219i investiga\u021bii esen\u021biale din capital\u0103","publisher":{"@id":"https:\/\/buletin.de\/bucuresti\/#organization"},"potentialAction":[{"@type":"SearchAction","target":{"@type":"EntryPoint","urlTemplate":"https:\/\/buletin.de\/bucuresti\/?s={search_term_string}"},"query-input":{"@type":"PropertyValueSpecification","valueRequired":true,"valueName":"search_term_string"}}],"inLanguage":"en-GB"},{"@type":"Organization","@id":"https:\/\/buletin.de\/bucuresti\/#organization","name":"Buletin de Bucure\u0219ti","url":"https:\/\/buletin.de\/bucuresti\/","logo":{"@type":"ImageObject","inLanguage":"en-GB","@id":"https:\/\/buletin.de\/bucuresti\/#\/schema\/logo\/image\/","url":"https:\/\/buletin.de\/bucuresti\/wp-content\/uploads\/logo-bdb-full-wide-vernil-transparent.png","contentUrl":"https:\/\/buletin.de\/bucuresti\/wp-content\/uploads\/logo-bdb-full-wide-vernil-transparent.png","width":1782,"height":626,"caption":"Buletin de Bucure\u0219ti"},"image":{"@id":"https:\/\/buletin.de\/bucuresti\/#\/schema\/logo\/image\/"},"sameAs":["https:\/\/www.facebook.com\/buletin.de.buc","https:\/\/www.instagram.com\/buletinde.bucuresti\/"]},{"@type":"Person","@id":"https:\/\/buletin.de\/bucuresti\/#\/schema\/person\/7e46040573290777280a0835d81ea4ea","name":"Diana Matei","image":{"@type":"ImageObject","inLanguage":"en-GB","@id":"https:\/\/buletin.de\/bucuresti\/wp-content\/uploads\/9-2-96x96.jpg1e8590b30871d70e62ebcdaf2eff570c","url":"https:\/\/buletin.de\/bucuresti\/wp-content\/uploads\/9-2-96x96.jpg","contentUrl":"https:\/\/buletin.de\/bucuresti\/wp-content\/uploads\/9-2-96x96.jpg","caption":"Diana Matei"},"url":"https:\/\/buletin.de\/bucuresti\/author\/dianamatei\/"}]}},"authors":[{"term_id":22574,"user_id":49,"is_guest":0,"slug":"dianamatei","display_name":"Diana Matei","avatar_url":"https:\/\/buletin.de\/bucuresti\/wp-content\/uploads\/9-2-96x96.jpg","0":null,"1":"","2":"","3":"","4":"","5":"","6":"","7":"","8":""}],"_links":{"self":[{"href":"https:\/\/buletin.de\/bucuresti\/wp-json\/wp\/v2\/posts\/98545","targetHints":{"allow":["GET"]}}],"collection":[{"href":"https:\/\/buletin.de\/bucuresti\/wp-json\/wp\/v2\/posts"}],"about":[{"href":"https:\/\/buletin.de\/bucuresti\/wp-json\/wp\/v2\/types\/post"}],"author":[{"embeddable":true,"href":"https:\/\/buletin.de\/bucuresti\/wp-json\/wp\/v2\/users\/49"}],"replies":[{"embeddable":true,"href":"https:\/\/buletin.de\/bucuresti\/wp-json\/wp\/v2\/comments?post=98545"}],"version-history":[{"count":3,"href":"https:\/\/buletin.de\/bucuresti\/wp-json\/wp\/v2\/posts\/98545\/revisions"}],"predecessor-version":[{"id":98551,"href":"https:\/\/buletin.de\/bucuresti\/wp-json\/wp\/v2\/posts\/98545\/revisions\/98551"}],"wp:featuredmedia":[{"embeddable":true,"href":"https:\/\/buletin.de\/bucuresti\/wp-json\/wp\/v2\/media\/98569"}],"wp:attachment":[{"href":"https:\/\/buletin.de\/bucuresti\/wp-json\/wp\/v2\/media?parent=98545"}],"wp:term":[{"taxonomy":"category","embeddable":true,"href":"https:\/\/buletin.de\/bucuresti\/wp-json\/wp\/v2\/categories?post=98545"},{"taxonomy":"post_tag","embeddable":true,"href":"https:\/\/buletin.de\/bucuresti\/wp-json\/wp\/v2\/tags?post=98545"},{"taxonomy":"author","embeddable":true,"href":"https:\/\/buletin.de\/bucuresti\/wp-json\/wp\/v2\/ppma_author?post=98545"}],"curies":[{"name":"wp","href":"https:\/\/api.w.org\/{rel}","templated":true}]}}