{"id":98398,"date":"2024-09-19T05:00:00","date_gmt":"2024-09-19T02:00:00","guid":{"rendered":"https:\/\/buletin.de\/bucuresti\/?p=98398"},"modified":"2024-09-19T13:35:18","modified_gmt":"2024-09-19T10:35:18","slug":"oficial-isu-b-if-zece-incendii-in-ior-din-ianuarie-pana-la-final-de-august-in-cel-putin-doua-cazuri-s-a-dat-foc-intentionat","status":"publish","type":"post","link":"https:\/\/buletin.de\/bucuresti\/oficial-isu-b-if-zece-incendii-in-ior-din-ianuarie-pana-la-final-de-august-in-cel-putin-doua-cazuri-s-a-dat-foc-intentionat\/","title":{"rendered":"OFICIAL | Zece incendii \u00een IOR, din ianuarie, p\u00e2n\u0103 la final de august. \u00cen cel pu\u0163in dou\u0103 cazuri s-a dat foc inten\u0163ionat"},"content":{"rendered":"\n<p><strong>Zece interven\u0163ii ale ISU au fost la incendii \u00een parcul IOR, de la \u00eenceputul anului 2024 \u015fi p\u00e2n\u0103 la final de august. Potrivit pompierilor militari, \u00eentr-un r\u0103spuns pentru Buletin de Bucure\u015fti, dou\u0103 dintre acestea au fost puse inten\u0163ionat. <\/strong><\/p>\n\n\n\n<p>Pompierii militari au str\u00e2ns, la solicitarea reporterilor BdB, datele despre interven\u0163iile de la \u00eenceputul anului, p\u00e2n\u0103 la final de august, mai exact perioada 01.01.2024 &#8211; 26.08.2024. \u00cen acest interval, au fost zece incendii, dup\u0103 cum urmeaz\u0103: <\/p>\n\n\n\n<ul class=\"wp-block-list\">\n<li><strong>Interven\u0163ia din data de 06.01.2024<\/strong><\/li>\n<\/ul>\n\n\n\n<div class=\"wp-block-group is-vertical is-layout-flex wp-container-core-group-is-layout-8cf370e7 wp-block-group-is-layout-flex\">\n<div class=\"wp-block-group is-vertical is-layout-flex wp-container-core-group-is-layout-8cf370e7 wp-block-group-is-layout-flex\">\n<p class=\"has-text-align-center\">Locul focarului: vegeta\u0163ie uscat\u0103;<\/p>\n\n\n\n<p class=\"has-text-align-center\">Sursa probabil\u0103 de aprindere: jar sau sc\u00e2nteie;<\/p>\n\n\n\n<p class=\"has-text-align-center\">\u00cemprejurarea determinant\u0103: fumatul \u00een locuri nepermise;<\/p>\n<\/div>\n\n\n\n<p>Suprafa\u0163a: 5 mp.<\/p>\n<\/div>\n\n\n\n<ul class=\"wp-block-list\">\n<li><strong>Interven\u0163ia din data de 06.02.2024<br><\/strong>Locul focarului: vegeta\u0163ie uscat\u0103;<br>Sursa probabil\u0103 de aprindere: jar sau sc\u00e2nteie;<br>\u00cemprejurarea determinant\u0103: foc deschis \u00een spa\u0163ii deschise;<br>Suprafa\u0163a: 20 mp.<\/li>\n\n\n\n<li><strong>Interven\u0163ia din data de 18.06.2024<br><\/strong>Locul focarului: vegeta\u021bie uscat\u0103 \u0219i crengi de copaci;<br>Sursa probabil\u0103 de aprindere: jar sau sc\u00e2nteie;<br>\u00cemprejurarea determinant\u0103: fumatul \u00een locuri nepermise;<br>Suprafa\u0163a: 70 mp.<\/li>\n\n\n\n<li><strong>Interven\u0163ia din data de 09.07.2024<br><\/strong>Locul focarului: vegeta\u021bie uscat\u0103;<br>Sursa probabil\u0103 de aprindere: flac\u0103r\u0103;<br>\u00cemprejurarea determinant\u0103: <strong>folosirea inten\u0163ionat\u0103 a sursei pentru a genera incendiu<\/strong>;<br>Suprafa\u0163a: 1000 mp.<\/li>\n\n\n\n<li><strong>Interven\u0163ia din data de 20.07.2024<br><\/strong>Locul focarului: vegeta\u0163ie uscat\u0103;<br>Sursa probabil\u0103 de aprindere: jar sau sc\u00e2nteie;<br>\u00cemprejurarea determinant\u0103: fumatul \u00een locuri nepermise;<br>Suprafa\u0163a: 1500 mp.<\/li>\n\n\n\n<li><strong>Interven\u0163ia din data de 03.08.2024<br><\/strong>Locul focarului: vegeta\u0163ie uscat\u0103 \u015fi doi copaci;<br>Sursa probabil\u0103 de aprindere: jar sau sc\u00e2nteie;<br>\u00cemprejurarea determinant\u0103: fumatul \u00een locuri nepermise;<br>Suprafa\u0163a: 800 mp.<\/li>\n\n\n\n<li><strong>Interven\u0163ia din data de 03.08.2024<br><\/strong>Locul focarului: vegeta\u0163ie uscat\u0103 \u015fi doi copaci;<br>Sursa probabil\u0103 de aprindere: flac\u0103r\u0103;<br>\u00cemprejurarea determinant\u0103: <strong>folosirea inten\u0163ionat\u0103 a sursei pentru a genera incendiu<\/strong>;<br>Suprafa\u0163a: 500 mp.<\/li>\n\n\n\n<li><strong>Interven\u0163ia din data de 10.08.2024<br><\/strong>Locul focarului: vegeta\u0163ie uscat\u0103 \u015fi gunoi menajer;<br>Sursa probabil\u0103 de aprindere: jar sau sc\u00e2nteie;<br>\u00cemprejurarea determinant\u0103: fumatul \u00een locuri nepermise;<br>\u00bb Suprafa\u0163a: 100 mp.<\/li>\n\n\n\n<li><strong>Interven\u0163ia din data de 18.08.2024<br><\/strong>Locul focarului: vegeta\u0163ie uscat\u0103;<br>Sursa probabil\u0103 de aprindere: jar sau sc\u00e2nteie;<br>\u00cemprejurarea determinant\u0103: fumatul \u00een locuri nepermise;<br>Suprafa\u0163a: 2000 mp.<\/li>\n\n\n\n<li><strong>Interven\u0163ia din data de 24.08.2024<br><\/strong>\u00bb Locul focarului: vegeta\u0163ie uscat\u0103;<br>Sursa probabil\u0103 de aprindere: jar sau sc\u00e2nteie;<br>\u00cemprejurarea determinant\u0103: fumatul \u00een locuri nepermise;<br>Suprafa\u0163a: 15 mp.<\/li>\n<\/ul>\n\n\n\n<p>La datele oferite de Inspectoratul pentru Situa\u0163ii de Urgen\u0163\u0103 Bucure\u015fti-Ilfov putem ad\u0103uga c\u0103, la incendiul din data de 24 august, \u00eencadrarea a fost schimbat\u0103 de Poli\u0163ie, care are inclusiv o filmare cu piromanul care a dat foc vegeta\u0163iei. De altfel, acesta a fost arestat preventiv pentru fapta sa, a\u015fa cum Buletin de Bucure\u015fti a scris <a href=\"https:\/\/buletin.de\/bucuresti\/a-vrut-sa-dea-foc-in-parcul-ior-in-zona-retrocedata-suspectul-a-fost-arestat-preventiv\/\">AICI<\/a>. <br><\/p>\n\n\n\n<figure class=\"wp-block-video\"><video height=\"480\" style=\"aspect-ratio: 848 \/ 480;\" width=\"848\" controls src=\"https:\/\/buletin.de\/bucuresti\/wp-content\/uploads\/WhatsApp-Video-2024-08-26-at-16.39.13_c7e11d16.mp4\"><\/video><\/figure>\n\n\n\n<p>De men\u0163ionat este \u015fi <a href=\"https:\/\/buletin.de\/bucuresti\/video-incendiu-in-parcul-ior-pompierii-spun-ca-ard-10-000-de-metri-patrati\/\">incendiul din data de 9 septembrie<\/a>, de altfel cel mai mare din acest an. Acum o s\u0103pt\u0103m\u00e2n\u0103 au ars dou\u0103 hectare (20.000 de metri p\u0103tra\u0163i), \u00een zona retrocedat\u0103 a parcului. <\/p>\n\n\n\n<figure class=\"wp-block-gallery has-nested-images columns-default is-cropped wp-block-gallery-1 is-layout-flex wp-block-gallery-is-layout-flex\">\n<figure class=\"wp-block-image size-large\"><img fetchpriority=\"high\" decoding=\"async\" width=\"900\" height=\"675\" data-id=\"98406\" src=\"data:image\/gif;base64,R0lGODlhAQABAAAAACH5BAEKAAEALAAAAAABAAEAAAICTAEAOw==\" data-src=\"https:\/\/buletin.de\/bucuresti\/wp-content\/uploads\/WhatsApp-Image-2024-09-09-at-12.57.43-1-1-900x675.jpeg\" alt=\"\" class=\"wp-image-98406 lazyload\" data-sizes=\"auto\" data-srcset=\"https:\/\/buletin.de\/bucuresti\/wp-content\/uploads\/WhatsApp-Image-2024-09-09-at-12.57.43-1-1-900x675.jpeg 900w, https:\/\/buletin.de\/bucuresti\/wp-content\/uploads\/WhatsApp-Image-2024-09-09-at-12.57.43-1-1-300x225.jpeg 300w, https:\/\/buletin.de\/bucuresti\/wp-content\/uploads\/WhatsApp-Image-2024-09-09-at-12.57.43-1-1-768x576.jpeg 768w, https:\/\/buletin.de\/bucuresti\/wp-content\/uploads\/WhatsApp-Image-2024-09-09-at-12.57.43-1-1-1536x1152.jpeg 1536w, https:\/\/buletin.de\/bucuresti\/wp-content\/uploads\/WhatsApp-Image-2024-09-09-at-12.57.43-1-1-1100x825.jpeg 1100w, https:\/\/buletin.de\/bucuresti\/wp-content\/uploads\/WhatsApp-Image-2024-09-09-at-12.57.43-1-1-600x450.jpeg 600w, https:\/\/buletin.de\/bucuresti\/wp-content\/uploads\/WhatsApp-Image-2024-09-09-at-12.57.43-1-1-20x15.jpeg 20w, https:\/\/buletin.de\/bucuresti\/wp-content\/uploads\/WhatsApp-Image-2024-09-09-at-12.57.43-1-1.jpeg 1600w\" sizes=\"(max-width: 900px) 100vw, 900px\" \/><\/figure>\n<\/figure>\n\n\n\n<p><strong>CITE\u015eTE \u015eI:<\/strong> <a href=\"https:\/\/buletin.de\/bucuresti\/incendiu-in-ior-cetatenii-sunt-suparati-ca-nu-se-iau-masuri-de-preventie-am-facut-sesizari-peste-sesizari-nimeni-nu-ia-nicio-masura\/\">Incendiu \u00een Parcul IOR. Cet\u0103\u021benii sunt sup\u0103ra\u021bi c\u0103 nu se iau m\u0103suri de preven\u021bie: \u201eAm f\u0103cut sesiz\u0103ri peste sesiz\u0103ri. Nimeni nu ia nicio m\u0103sur\u0103\u201d<\/a><br><\/p>\n\n\n\n<h2 class=\"wp-block-heading\" id=\"h-litigiul-celor-12-hectare-de-parc\">Litigiul celor 12 hectare de parc<\/h2>\n\n\n\n<p>Incendii \u00een zona retrocedat\u0103 a parcului IOR sunt deseori, cu acuze c\u0103 \u00een spate sunt interese imobiliare.&nbsp; Prim\u0103ria Sectorului 3&nbsp;<a href=\"https:\/\/buletin.de\/bucuresti\/decizie-definitiva-primaria-sectorului-3-a-pierdut-procesul-pentru-cele-11-hectare-retrocedate-in-parcul-ior\/\">a pierdut definitiv<\/a>, \u00een toamna anului 2022, procesul \u00een care contesta fix legalitatea retroced\u0103rii.<\/p>\n\n\n\n<p>Atunci, judec\u0103torii de la \u00cenalta Curte de Casa\u021bie \u0219i Justi\u021bie au apreciat c\u0103 Prim\u0103ria nu a putut demonstra c\u0103 pe cele 12 hectare este sau a fost parc, chiar dac\u0103 pe imaginile din satelit se v\u0103d alei \u0219i pe teren se v\u0103d \u00eenc\u0103 arbori planta\u021bi la linie.<\/p>\n\n\n\n<p><a href=\"https:\/\/romania.europalibera.org\/a\/proces-parcul-ior\/32631025.html\">Terenul retrocedat de instan\u0163\u0103<\/a> Mariei Cocoru dup\u0103 un \u015fir lung de procese este \u00een continuare surs\u0103 de discordie \u00een sector. \u00cen ultimii doi ani, pe acel teren, au fost peste 20 de incendii. Locuitorii \u015fi grupurile civice acuz\u0103 c\u0103 se dore\u015fte defri\u015farea total\u0103 a zonei pentru a crea spa\u0163iu pentru proiecte imobiliare.<\/p>\n\n\n\n<p>\u00cen plus, \u00eencep\u00e2nd cu luna februarie a anului 2023, cet\u0103\u021benii&nbsp;<a href=\"https:\/\/buletin.de\/bucuresti\/reportaj-picnic-in-cenusa-si-birouri-cetatenesti-in-zona-retrocedata-din-parcul-ior\/\">se organizeaz\u0103 pentru a protesta<\/a>&nbsp;fa\u0163\u0103 de distrugerea zonei retrocedate a parcului.<\/p>\n\n\n\n<p><strong>CITE\u015eTE \u015eI:<\/strong> <a href=\"https:\/\/buletin.de\/bucuresti\/raport-oficial-retrocedarea-bucatii-din-parcul-ior-s-a-facut-ilegal-semnaturi-false-si-alte-ambiguitati-spune-prefectul-capitalei\/\">Raport oficial: Retrocedarea buc\u0103\u0163ii din parcul IOR s-a f\u0103cut ilegal. Semn\u0103turi false \u015fi alte ambiguit\u0103\u0163i, spune prefectul Capitalei<\/a><\/p>\n\n\n\n<h2 class=\"wp-block-heading\" id=\"h-amenda-uriasa-data-de-primaria-capitalei\">Amenda uria\u015f\u0103 dat\u0103 de Prim\u0103ria Capitalei<\/h2>\n\n\n\n<p>La finalul lui octombrie 2023, Prim\u0103ria Capitalei, prin Poli\u0163ia Local\u0103 a Municipiului Bucure\u015fti, a amendat proprietarul zonei contestate, cu o sum\u0103-record. Conform autorit\u0103\u0163ilor, proprietarul celor 12 hectare retrocedate din parcul IOR trebuie s\u0103 pl\u0103teasc\u0103 35 de milioane de euro pentru faptul c\u0103, pe aproape 9000 de metri p\u0103tra\u0163i, a fost efectiv ras spa\u0163iul verde. Vorbim de iarb\u0103 distrus\u0103, copaci dezdr\u0103d\u0103cina\u0163i \u015fi apoi nivelare cu buldozerul. Suma uria\u015f\u0103 se bazeaz\u0103 pe un articol din legea 24 pe 2007, care spune c\u0103 reducerea spa\u0163iului verde sau schimbarea destina\u0163iei spa\u0163iului verde se poate amenda cu 1000-2000 de lei pe metrul p\u0103trat.<\/p>\n\n\n\n<figure class=\"wp-block-image size-large\"><img decoding=\"async\" width=\"900\" height=\"506\" src=\"data:image\/gif;base64,R0lGODlhAQABAAAAACH5BAEKAAEALAAAAAABAAEAAAICTAEAOw==\" data-src=\"https:\/\/buletin.de\/bucuresti\/wp-content\/uploads\/foto-zona-ior-retrocedata-amenda-35-milioane-euro-9000-m2-900x506.png\" alt=\"\" class=\"wp-image-67749 lazyload\" data-sizes=\"auto\" data-srcset=\"https:\/\/buletin.de\/bucuresti\/wp-content\/uploads\/foto-zona-ior-retrocedata-amenda-35-milioane-euro-9000-m2-900x506.png 900w, https:\/\/buletin.de\/bucuresti\/wp-content\/uploads\/foto-zona-ior-retrocedata-amenda-35-milioane-euro-9000-m2-300x169.png 300w, https:\/\/buletin.de\/bucuresti\/wp-content\/uploads\/foto-zona-ior-retrocedata-amenda-35-milioane-euro-9000-m2-768x432.png 768w, https:\/\/buletin.de\/bucuresti\/wp-content\/uploads\/foto-zona-ior-retrocedata-amenda-35-milioane-euro-9000-m2-1536x864.png 1536w, https:\/\/buletin.de\/bucuresti\/wp-content\/uploads\/foto-zona-ior-retrocedata-amenda-35-milioane-euro-9000-m2-1600x900.png 1600w, https:\/\/buletin.de\/bucuresti\/wp-content\/uploads\/foto-zona-ior-retrocedata-amenda-35-milioane-euro-9000-m2-1100x619.png 1100w, https:\/\/buletin.de\/bucuresti\/wp-content\/uploads\/foto-zona-ior-retrocedata-amenda-35-milioane-euro-9000-m2-600x338.png 600w, https:\/\/buletin.de\/bucuresti\/wp-content\/uploads\/foto-zona-ior-retrocedata-amenda-35-milioane-euro-9000-m2-20x11.png 20w, https:\/\/buletin.de\/bucuresti\/wp-content\/uploads\/foto-zona-ior-retrocedata-amenda-35-milioane-euro-9000-m2.png 1920w\" sizes=\"(max-width: 900px) 100vw, 900px\" \/><\/figure>\n\n\n\n<p>La o lun\u0103 distan\u0163\u0103, amenda-record a fost contestat\u0103 \u00een instan\u0163\u0103. Acea lege invocat\u0103 nu vizeaz\u0103 \u015fi partea de incendii produse \u00een IOR, care intr\u0103 sub inciden\u0163a altui act legislativ.<\/p>\n\n\n\n<p><strong>CITE\u015eTE \u015eI:<\/strong> <a href=\"https:\/\/buletin.de\/bucuresti\/ior-amenda-record-pentru-diminuarea-spatiului-verde-contestata-in-instanta\/\">IOR | Amenda-record pentru diminuarea spa\u0163iului verde, contestat\u0103 \u00een instan\u0163\u0103<\/a>&nbsp;<br><\/p>\n\n\n\n<p><\/p>\n","protected":false},"excerpt":{"rendered":"<p>Zece interven\u0163ii ale ISU au fost la incendii \u00een parcul IOR, de la \u00eenceputul anului 2024 \u015fi p\u00e2n\u0103 la final de august. Potrivit pompierilor militari, \u00eentr-un r\u0103spuns pentru Buletin de Bucure\u015fti, dou\u0103 dintre acestea au fost puse inten\u0163ionat. Pompierii militari au str\u00e2ns, la solicitarea reporterilor BdB, datele despre interven\u0163iile de la \u00eenceputul anului, p\u00e2n\u0103 la [&hellip;]<\/p>\n","protected":false},"author":8,"featured_media":98408,"comment_status":"closed","ping_status":"open","sticky":false,"template":"","format":"standard","meta":{"_acf_changed":false,"inline_featured_image":false,"ngg_post_thumbnail":0,"footnotes":""},"categories":[6994,5762,109,24],"tags":[15152,15154,15153,223,15155,258],"ppma_author":[22586],"class_list":["post-98398","post","type-post","status-publish","format-standard","has-post-thumbnail","hentry","category-stiri-2","category-main","category-mediu","category-primarie","tag-incendii-parc-ior","tag-instanta-ior","tag-ior-zona-retrocedata","tag-nicusor-dan","tag-numar-incendii-ior-2024","tag-primaria-capitalei"],"acf":[],"yoast_head":"<!-- This site is optimized with the Yoast SEO Premium plugin v25.3 (Yoast SEO v27.5) - https:\/\/yoast.com\/product\/yoast-seo-premium-wordpress\/ -->\n<title>OFICIAL | Zece incendii \u00een IOR, din ianuarie, p\u00e2n\u0103 la final de august. \u00cen cel pu\u0163in dou\u0103 cazuri s-a dat foc inten\u0163ionat - Buletin de Bucure\u0219ti<\/title>\n<meta name=\"description\" content=\"Zece interven\u0163ii ale ISU au fost la incendii \u00een parcul IOR, de la \u00eenceputul anului 2024 \u015fi p\u00e2n\u0103 la final de august.\" \/>\n<meta name=\"robots\" content=\"index, follow, max-snippet:-1, max-image-preview:large, max-video-preview:-1\" \/>\n<link rel=\"canonical\" href=\"https:\/\/buletin.de\/bucuresti\/oficial-isu-b-if-zece-incendii-in-ior-din-ianuarie-pana-la-final-de-august-in-cel-putin-doua-cazuri-s-a-dat-foc-intentionat\/\" \/>\n<meta property=\"og:locale\" content=\"en_GB\" \/>\n<meta property=\"og:type\" content=\"article\" \/>\n<meta property=\"og:title\" content=\"OFICIAL | Zece incendii \u00een IOR, din ianuarie, p\u00e2n\u0103 la final de august. \u00cen cel pu\u0163in dou\u0103 cazuri s-a dat foc inten\u0163ionat\" \/>\n<meta property=\"og:description\" content=\"Zece interven\u0163ii ale ISU au fost la incendii \u00een parcul IOR, de la \u00eenceputul anului 2024 \u015fi p\u00e2n\u0103 la final de august.\" \/>\n<meta property=\"og:url\" content=\"https:\/\/buletin.de\/bucuresti\/oficial-isu-b-if-zece-incendii-in-ior-din-ianuarie-pana-la-final-de-august-in-cel-putin-doua-cazuri-s-a-dat-foc-intentionat\/\" \/>\n<meta property=\"og:site_name\" content=\"Buletin de Bucure\u0219ti\" \/>\n<meta property=\"article:publisher\" content=\"https:\/\/www.facebook.com\/buletin.de.buc\" \/>\n<meta property=\"article:published_time\" content=\"2024-09-19T02:00:00+00:00\" \/>\n<meta property=\"article:modified_time\" content=\"2024-09-19T10:35:18+00:00\" \/>\n<meta property=\"og:image\" content=\"https:\/\/buletin.de\/bucuresti\/wp-content\/uploads\/interventie-pompieri-incendiu-IOR-9-septembrie.jpeg\" \/>\n\t<meta property=\"og:image:width\" content=\"2048\" \/>\n\t<meta property=\"og:image:height\" content=\"1536\" \/>\n\t<meta property=\"og:image:type\" content=\"image\/jpeg\" \/>\n<meta name=\"author\" content=\"Ionu\u021b Lepa\" \/>\n<meta name=\"twitter:card\" content=\"summary_large_image\" \/>\n<meta name=\"twitter:label1\" content=\"Written by\" \/>\n\t<meta name=\"twitter:data1\" content=\"Ionu\u021b Lepa\" \/>\n\t<meta name=\"twitter:label2\" content=\"Estimated reading time\" \/>\n\t<meta name=\"twitter:data2\" content=\"5 minutes\" \/>\n<script type=\"application\/ld+json\" class=\"yoast-schema-graph\">{\"@context\":\"https:\\\/\\\/schema.org\",\"@graph\":[{\"@type\":\"Article\",\"@id\":\"https:\\\/\\\/buletin.de\\\/bucuresti\\\/oficial-isu-b-if-zece-incendii-in-ior-din-ianuarie-pana-la-final-de-august-in-cel-putin-doua-cazuri-s-a-dat-foc-intentionat\\\/#article\",\"isPartOf\":{\"@id\":\"https:\\\/\\\/buletin.de\\\/bucuresti\\\/oficial-isu-b-if-zece-incendii-in-ior-din-ianuarie-pana-la-final-de-august-in-cel-putin-doua-cazuri-s-a-dat-foc-intentionat\\\/\"},\"author\":{\"name\":\"Ionu\u021b Lepa\",\"@id\":\"https:\\\/\\\/buletin.de\\\/bucuresti\\\/#\\\/schema\\\/person\\\/5272b8a057b33890940b57b837fc4ce6\"},\"headline\":\"OFICIAL | Zece incendii \u00een IOR, din ianuarie, p\u00e2n\u0103 la final de august. \u00cen cel pu\u0163in dou\u0103 cazuri s-a dat foc inten\u0163ionat\",\"datePublished\":\"2024-09-19T02:00:00+00:00\",\"dateModified\":\"2024-09-19T10:35:18+00:00\",\"mainEntityOfPage\":{\"@id\":\"https:\\\/\\\/buletin.de\\\/bucuresti\\\/oficial-isu-b-if-zece-incendii-in-ior-din-ianuarie-pana-la-final-de-august-in-cel-putin-doua-cazuri-s-a-dat-foc-intentionat\\\/\"},\"wordCount\":887,\"publisher\":{\"@id\":\"https:\\\/\\\/buletin.de\\\/bucuresti\\\/#organization\"},\"image\":{\"@id\":\"https:\\\/\\\/buletin.de\\\/bucuresti\\\/oficial-isu-b-if-zece-incendii-in-ior-din-ianuarie-pana-la-final-de-august-in-cel-putin-doua-cazuri-s-a-dat-foc-intentionat\\\/#primaryimage\"},\"thumbnailUrl\":\"https:\\\/\\\/buletin.de\\\/bucuresti\\\/wp-content\\\/uploads\\\/interventie-pompieri-incendiu-IOR-9-septembrie.jpeg\",\"keywords\":[\"incendii parc ior\",\"instanta ior\",\"ior zona retrocedata\",\"nicusor dan\",\"numar incendii ior 2024\",\"primaria capitalei\"],\"articleSection\":[\"Articole\",\"Main\",\"Mediu\",\"Prim\u0103rie\"],\"inLanguage\":\"en-GB\",\"copyrightYear\":\"2024\",\"copyrightHolder\":{\"@id\":\"https:\\\/\\\/buletin.de\\\/bucuresti\\\/#organization\"}},{\"@type\":\"WebPage\",\"@id\":\"https:\\\/\\\/buletin.de\\\/bucuresti\\\/oficial-isu-b-if-zece-incendii-in-ior-din-ianuarie-pana-la-final-de-august-in-cel-putin-doua-cazuri-s-a-dat-foc-intentionat\\\/\",\"url\":\"https:\\\/\\\/buletin.de\\\/bucuresti\\\/oficial-isu-b-if-zece-incendii-in-ior-din-ianuarie-pana-la-final-de-august-in-cel-putin-doua-cazuri-s-a-dat-foc-intentionat\\\/\",\"name\":\"OFICIAL | Zece incendii \u00een IOR, din ianuarie, p\u00e2n\u0103 la final de august. \u00cen cel pu\u0163in dou\u0103 cazuri s-a dat foc inten\u0163ionat - Buletin de Bucure\u0219ti\",\"isPartOf\":{\"@id\":\"https:\\\/\\\/buletin.de\\\/bucuresti\\\/#website\"},\"primaryImageOfPage\":{\"@id\":\"https:\\\/\\\/buletin.de\\\/bucuresti\\\/oficial-isu-b-if-zece-incendii-in-ior-din-ianuarie-pana-la-final-de-august-in-cel-putin-doua-cazuri-s-a-dat-foc-intentionat\\\/#primaryimage\"},\"image\":{\"@id\":\"https:\\\/\\\/buletin.de\\\/bucuresti\\\/oficial-isu-b-if-zece-incendii-in-ior-din-ianuarie-pana-la-final-de-august-in-cel-putin-doua-cazuri-s-a-dat-foc-intentionat\\\/#primaryimage\"},\"thumbnailUrl\":\"https:\\\/\\\/buletin.de\\\/bucuresti\\\/wp-content\\\/uploads\\\/interventie-pompieri-incendiu-IOR-9-septembrie.jpeg\",\"datePublished\":\"2024-09-19T02:00:00+00:00\",\"dateModified\":\"2024-09-19T10:35:18+00:00\",\"description\":\"Zece interven\u0163ii ale ISU au fost la incendii \u00een parcul IOR, de la \u00eenceputul anului 2024 \u015fi p\u00e2n\u0103 la final de august.\",\"breadcrumb\":{\"@id\":\"https:\\\/\\\/buletin.de\\\/bucuresti\\\/oficial-isu-b-if-zece-incendii-in-ior-din-ianuarie-pana-la-final-de-august-in-cel-putin-doua-cazuri-s-a-dat-foc-intentionat\\\/#breadcrumb\"},\"inLanguage\":\"en-GB\",\"potentialAction\":[{\"@type\":\"ReadAction\",\"target\":[\"https:\\\/\\\/buletin.de\\\/bucuresti\\\/oficial-isu-b-if-zece-incendii-in-ior-din-ianuarie-pana-la-final-de-august-in-cel-putin-doua-cazuri-s-a-dat-foc-intentionat\\\/\"]}]},{\"@type\":\"ImageObject\",\"inLanguage\":\"en-GB\",\"@id\":\"https:\\\/\\\/buletin.de\\\/bucuresti\\\/oficial-isu-b-if-zece-incendii-in-ior-din-ianuarie-pana-la-final-de-august-in-cel-putin-doua-cazuri-s-a-dat-foc-intentionat\\\/#primaryimage\",\"url\":\"https:\\\/\\\/buletin.de\\\/bucuresti\\\/wp-content\\\/uploads\\\/interventie-pompieri-incendiu-IOR-9-septembrie.jpeg\",\"contentUrl\":\"https:\\\/\\\/buletin.de\\\/bucuresti\\\/wp-content\\\/uploads\\\/interventie-pompieri-incendiu-IOR-9-septembrie.jpeg\",\"width\":2048,\"height\":1536,\"caption\":\"Incendii \u00een IOR. FOTO: ISU B-IF\"},{\"@type\":\"BreadcrumbList\",\"@id\":\"https:\\\/\\\/buletin.de\\\/bucuresti\\\/oficial-isu-b-if-zece-incendii-in-ior-din-ianuarie-pana-la-final-de-august-in-cel-putin-doua-cazuri-s-a-dat-foc-intentionat\\\/#breadcrumb\",\"itemListElement\":[{\"@type\":\"ListItem\",\"position\":1,\"name\":\"Acas\u0103\",\"item\":\"https:\\\/\\\/buletin.de\\\/bucuresti\\\/\"},{\"@type\":\"ListItem\",\"position\":2,\"name\":\"OFICIAL | Zece incendii \u00een IOR, din ianuarie, p\u00e2n\u0103 la final de august. \u00cen cel pu\u0163in dou\u0103 cazuri s-a dat foc inten\u0163ionat\"}]},{\"@type\":\"WebSite\",\"@id\":\"https:\\\/\\\/buletin.de\\\/bucuresti\\\/#website\",\"url\":\"https:\\\/\\\/buletin.de\\\/bucuresti\\\/\",\"name\":\"Buletin de Bucure\u0219ti\",\"description\":\"\u0218tiri \u0219i investiga\u021bii esen\u021biale din capital\u0103\",\"publisher\":{\"@id\":\"https:\\\/\\\/buletin.de\\\/bucuresti\\\/#organization\"},\"potentialAction\":[{\"@type\":\"SearchAction\",\"target\":{\"@type\":\"EntryPoint\",\"urlTemplate\":\"https:\\\/\\\/buletin.de\\\/bucuresti\\\/?s={search_term_string}\"},\"query-input\":{\"@type\":\"PropertyValueSpecification\",\"valueRequired\":true,\"valueName\":\"search_term_string\"}}],\"inLanguage\":\"en-GB\"},{\"@type\":\"Organization\",\"@id\":\"https:\\\/\\\/buletin.de\\\/bucuresti\\\/#organization\",\"name\":\"Buletin de Bucure\u0219ti\",\"url\":\"https:\\\/\\\/buletin.de\\\/bucuresti\\\/\",\"logo\":{\"@type\":\"ImageObject\",\"inLanguage\":\"en-GB\",\"@id\":\"https:\\\/\\\/buletin.de\\\/bucuresti\\\/#\\\/schema\\\/logo\\\/image\\\/\",\"url\":\"https:\\\/\\\/buletin.de\\\/bucuresti\\\/wp-content\\\/uploads\\\/logo-bdb-full-wide-vernil-transparent.png\",\"contentUrl\":\"https:\\\/\\\/buletin.de\\\/bucuresti\\\/wp-content\\\/uploads\\\/logo-bdb-full-wide-vernil-transparent.png\",\"width\":1782,\"height\":626,\"caption\":\"Buletin de Bucure\u0219ti\"},\"image\":{\"@id\":\"https:\\\/\\\/buletin.de\\\/bucuresti\\\/#\\\/schema\\\/logo\\\/image\\\/\"},\"sameAs\":[\"https:\\\/\\\/www.facebook.com\\\/buletin.de.buc\",\"https:\\\/\\\/www.instagram.com\\\/buletinde.bucuresti\\\/\"]},{\"@type\":\"Person\",\"@id\":\"https:\\\/\\\/buletin.de\\\/bucuresti\\\/#\\\/schema\\\/person\\\/5272b8a057b33890940b57b837fc4ce6\",\"name\":\"Ionu\u021b Lepa\",\"image\":{\"@type\":\"ImageObject\",\"inLanguage\":\"en-GB\",\"@id\":\"https:\\\/\\\/buletin.de\\\/bucuresti\\\/wp-content\\\/uploads\\\/Ionut-Lepa-96x96.jpg5c4e4d9e049808799a8821652d2410a4\",\"url\":\"https:\\\/\\\/buletin.de\\\/bucuresti\\\/wp-content\\\/uploads\\\/Ionut-Lepa-96x96.jpg\",\"contentUrl\":\"https:\\\/\\\/buletin.de\\\/bucuresti\\\/wp-content\\\/uploads\\\/Ionut-Lepa-96x96.jpg\",\"caption\":\"Ionu\u021b Lepa\"},\"url\":\"https:\\\/\\\/buletin.de\\\/bucuresti\\\/author\\\/ionutlepa\\\/\"}]}<\/script>\n<!-- \/ Yoast SEO Premium plugin. -->","yoast_head_json":{"title":"OFICIAL | Zece incendii \u00een IOR, din ianuarie, p\u00e2n\u0103 la final de august. \u00cen cel pu\u0163in dou\u0103 cazuri s-a dat foc inten\u0163ionat - Buletin de Bucure\u0219ti","description":"Zece interven\u0163ii ale ISU au fost la incendii \u00een parcul IOR, de la \u00eenceputul anului 2024 \u015fi p\u00e2n\u0103 la final de august.","robots":{"index":"index","follow":"follow","max-snippet":"max-snippet:-1","max-image-preview":"max-image-preview:large","max-video-preview":"max-video-preview:-1"},"canonical":"https:\/\/buletin.de\/bucuresti\/oficial-isu-b-if-zece-incendii-in-ior-din-ianuarie-pana-la-final-de-august-in-cel-putin-doua-cazuri-s-a-dat-foc-intentionat\/","og_locale":"en_GB","og_type":"article","og_title":"OFICIAL | Zece incendii \u00een IOR, din ianuarie, p\u00e2n\u0103 la final de august. \u00cen cel pu\u0163in dou\u0103 cazuri s-a dat foc inten\u0163ionat","og_description":"Zece interven\u0163ii ale ISU au fost la incendii \u00een parcul IOR, de la \u00eenceputul anului 2024 \u015fi p\u00e2n\u0103 la final de august.","og_url":"https:\/\/buletin.de\/bucuresti\/oficial-isu-b-if-zece-incendii-in-ior-din-ianuarie-pana-la-final-de-august-in-cel-putin-doua-cazuri-s-a-dat-foc-intentionat\/","og_site_name":"Buletin de Bucure\u0219ti","article_publisher":"https:\/\/www.facebook.com\/buletin.de.buc","article_published_time":"2024-09-19T02:00:00+00:00","article_modified_time":"2024-09-19T10:35:18+00:00","og_image":[{"width":2048,"height":1536,"url":"https:\/\/buletin.de\/bucuresti\/wp-content\/uploads\/interventie-pompieri-incendiu-IOR-9-septembrie.jpeg","type":"image\/jpeg"}],"author":"Ionu\u021b Lepa","twitter_card":"summary_large_image","twitter_misc":{"Written by":"Ionu\u021b Lepa","Estimated reading time":"5 minutes"},"schema":{"@context":"https:\/\/schema.org","@graph":[{"@type":"Article","@id":"https:\/\/buletin.de\/bucuresti\/oficial-isu-b-if-zece-incendii-in-ior-din-ianuarie-pana-la-final-de-august-in-cel-putin-doua-cazuri-s-a-dat-foc-intentionat\/#article","isPartOf":{"@id":"https:\/\/buletin.de\/bucuresti\/oficial-isu-b-if-zece-incendii-in-ior-din-ianuarie-pana-la-final-de-august-in-cel-putin-doua-cazuri-s-a-dat-foc-intentionat\/"},"author":{"name":"Ionu\u021b Lepa","@id":"https:\/\/buletin.de\/bucuresti\/#\/schema\/person\/5272b8a057b33890940b57b837fc4ce6"},"headline":"OFICIAL | Zece incendii \u00een IOR, din ianuarie, p\u00e2n\u0103 la final de august. \u00cen cel pu\u0163in dou\u0103 cazuri s-a dat foc inten\u0163ionat","datePublished":"2024-09-19T02:00:00+00:00","dateModified":"2024-09-19T10:35:18+00:00","mainEntityOfPage":{"@id":"https:\/\/buletin.de\/bucuresti\/oficial-isu-b-if-zece-incendii-in-ior-din-ianuarie-pana-la-final-de-august-in-cel-putin-doua-cazuri-s-a-dat-foc-intentionat\/"},"wordCount":887,"publisher":{"@id":"https:\/\/buletin.de\/bucuresti\/#organization"},"image":{"@id":"https:\/\/buletin.de\/bucuresti\/oficial-isu-b-if-zece-incendii-in-ior-din-ianuarie-pana-la-final-de-august-in-cel-putin-doua-cazuri-s-a-dat-foc-intentionat\/#primaryimage"},"thumbnailUrl":"https:\/\/buletin.de\/bucuresti\/wp-content\/uploads\/interventie-pompieri-incendiu-IOR-9-septembrie.jpeg","keywords":["incendii parc ior","instanta ior","ior zona retrocedata","nicusor dan","numar incendii ior 2024","primaria capitalei"],"articleSection":["Articole","Main","Mediu","Prim\u0103rie"],"inLanguage":"en-GB","copyrightYear":"2024","copyrightHolder":{"@id":"https:\/\/buletin.de\/bucuresti\/#organization"}},{"@type":"WebPage","@id":"https:\/\/buletin.de\/bucuresti\/oficial-isu-b-if-zece-incendii-in-ior-din-ianuarie-pana-la-final-de-august-in-cel-putin-doua-cazuri-s-a-dat-foc-intentionat\/","url":"https:\/\/buletin.de\/bucuresti\/oficial-isu-b-if-zece-incendii-in-ior-din-ianuarie-pana-la-final-de-august-in-cel-putin-doua-cazuri-s-a-dat-foc-intentionat\/","name":"OFICIAL | Zece incendii \u00een IOR, din ianuarie, p\u00e2n\u0103 la final de august. \u00cen cel pu\u0163in dou\u0103 cazuri s-a dat foc inten\u0163ionat - Buletin de Bucure\u0219ti","isPartOf":{"@id":"https:\/\/buletin.de\/bucuresti\/#website"},"primaryImageOfPage":{"@id":"https:\/\/buletin.de\/bucuresti\/oficial-isu-b-if-zece-incendii-in-ior-din-ianuarie-pana-la-final-de-august-in-cel-putin-doua-cazuri-s-a-dat-foc-intentionat\/#primaryimage"},"image":{"@id":"https:\/\/buletin.de\/bucuresti\/oficial-isu-b-if-zece-incendii-in-ior-din-ianuarie-pana-la-final-de-august-in-cel-putin-doua-cazuri-s-a-dat-foc-intentionat\/#primaryimage"},"thumbnailUrl":"https:\/\/buletin.de\/bucuresti\/wp-content\/uploads\/interventie-pompieri-incendiu-IOR-9-septembrie.jpeg","datePublished":"2024-09-19T02:00:00+00:00","dateModified":"2024-09-19T10:35:18+00:00","description":"Zece interven\u0163ii ale ISU au fost la incendii \u00een parcul IOR, de la \u00eenceputul anului 2024 \u015fi p\u00e2n\u0103 la final de august.","breadcrumb":{"@id":"https:\/\/buletin.de\/bucuresti\/oficial-isu-b-if-zece-incendii-in-ior-din-ianuarie-pana-la-final-de-august-in-cel-putin-doua-cazuri-s-a-dat-foc-intentionat\/#breadcrumb"},"inLanguage":"en-GB","potentialAction":[{"@type":"ReadAction","target":["https:\/\/buletin.de\/bucuresti\/oficial-isu-b-if-zece-incendii-in-ior-din-ianuarie-pana-la-final-de-august-in-cel-putin-doua-cazuri-s-a-dat-foc-intentionat\/"]}]},{"@type":"ImageObject","inLanguage":"en-GB","@id":"https:\/\/buletin.de\/bucuresti\/oficial-isu-b-if-zece-incendii-in-ior-din-ianuarie-pana-la-final-de-august-in-cel-putin-doua-cazuri-s-a-dat-foc-intentionat\/#primaryimage","url":"https:\/\/buletin.de\/bucuresti\/wp-content\/uploads\/interventie-pompieri-incendiu-IOR-9-septembrie.jpeg","contentUrl":"https:\/\/buletin.de\/bucuresti\/wp-content\/uploads\/interventie-pompieri-incendiu-IOR-9-septembrie.jpeg","width":2048,"height":1536,"caption":"Incendii \u00een IOR. FOTO: ISU B-IF"},{"@type":"BreadcrumbList","@id":"https:\/\/buletin.de\/bucuresti\/oficial-isu-b-if-zece-incendii-in-ior-din-ianuarie-pana-la-final-de-august-in-cel-putin-doua-cazuri-s-a-dat-foc-intentionat\/#breadcrumb","itemListElement":[{"@type":"ListItem","position":1,"name":"Acas\u0103","item":"https:\/\/buletin.de\/bucuresti\/"},{"@type":"ListItem","position":2,"name":"OFICIAL | Zece incendii \u00een IOR, din ianuarie, p\u00e2n\u0103 la final de august. \u00cen cel pu\u0163in dou\u0103 cazuri s-a dat foc inten\u0163ionat"}]},{"@type":"WebSite","@id":"https:\/\/buletin.de\/bucuresti\/#website","url":"https:\/\/buletin.de\/bucuresti\/","name":"Buletin de Bucure\u0219ti","description":"\u0218tiri \u0219i investiga\u021bii esen\u021biale din capital\u0103","publisher":{"@id":"https:\/\/buletin.de\/bucuresti\/#organization"},"potentialAction":[{"@type":"SearchAction","target":{"@type":"EntryPoint","urlTemplate":"https:\/\/buletin.de\/bucuresti\/?s={search_term_string}"},"query-input":{"@type":"PropertyValueSpecification","valueRequired":true,"valueName":"search_term_string"}}],"inLanguage":"en-GB"},{"@type":"Organization","@id":"https:\/\/buletin.de\/bucuresti\/#organization","name":"Buletin de Bucure\u0219ti","url":"https:\/\/buletin.de\/bucuresti\/","logo":{"@type":"ImageObject","inLanguage":"en-GB","@id":"https:\/\/buletin.de\/bucuresti\/#\/schema\/logo\/image\/","url":"https:\/\/buletin.de\/bucuresti\/wp-content\/uploads\/logo-bdb-full-wide-vernil-transparent.png","contentUrl":"https:\/\/buletin.de\/bucuresti\/wp-content\/uploads\/logo-bdb-full-wide-vernil-transparent.png","width":1782,"height":626,"caption":"Buletin de Bucure\u0219ti"},"image":{"@id":"https:\/\/buletin.de\/bucuresti\/#\/schema\/logo\/image\/"},"sameAs":["https:\/\/www.facebook.com\/buletin.de.buc","https:\/\/www.instagram.com\/buletinde.bucuresti\/"]},{"@type":"Person","@id":"https:\/\/buletin.de\/bucuresti\/#\/schema\/person\/5272b8a057b33890940b57b837fc4ce6","name":"Ionu\u021b Lepa","image":{"@type":"ImageObject","inLanguage":"en-GB","@id":"https:\/\/buletin.de\/bucuresti\/wp-content\/uploads\/Ionut-Lepa-96x96.jpg5c4e4d9e049808799a8821652d2410a4","url":"https:\/\/buletin.de\/bucuresti\/wp-content\/uploads\/Ionut-Lepa-96x96.jpg","contentUrl":"https:\/\/buletin.de\/bucuresti\/wp-content\/uploads\/Ionut-Lepa-96x96.jpg","caption":"Ionu\u021b Lepa"},"url":"https:\/\/buletin.de\/bucuresti\/author\/ionutlepa\/"}]}},"authors":[{"term_id":22586,"user_id":8,"is_guest":0,"slug":"ionutlepa","display_name":"Ionu\u021b Lepa","avatar_url":"https:\/\/buletin.de\/bucuresti\/wp-content\/uploads\/Ionut-Lepa-96x96.jpg","0":null,"1":"","2":"","3":"","4":"","5":"","6":"","7":"","8":""}],"_links":{"self":[{"href":"https:\/\/buletin.de\/bucuresti\/wp-json\/wp\/v2\/posts\/98398","targetHints":{"allow":["GET"]}}],"collection":[{"href":"https:\/\/buletin.de\/bucuresti\/wp-json\/wp\/v2\/posts"}],"about":[{"href":"https:\/\/buletin.de\/bucuresti\/wp-json\/wp\/v2\/types\/post"}],"author":[{"embeddable":true,"href":"https:\/\/buletin.de\/bucuresti\/wp-json\/wp\/v2\/users\/8"}],"replies":[{"embeddable":true,"href":"https:\/\/buletin.de\/bucuresti\/wp-json\/wp\/v2\/comments?post=98398"}],"version-history":[{"count":7,"href":"https:\/\/buletin.de\/bucuresti\/wp-json\/wp\/v2\/posts\/98398\/revisions"}],"predecessor-version":[{"id":98841,"href":"https:\/\/buletin.de\/bucuresti\/wp-json\/wp\/v2\/posts\/98398\/revisions\/98841"}],"wp:featuredmedia":[{"embeddable":true,"href":"https:\/\/buletin.de\/bucuresti\/wp-json\/wp\/v2\/media\/98408"}],"wp:attachment":[{"href":"https:\/\/buletin.de\/bucuresti\/wp-json\/wp\/v2\/media?parent=98398"}],"wp:term":[{"taxonomy":"category","embeddable":true,"href":"https:\/\/buletin.de\/bucuresti\/wp-json\/wp\/v2\/categories?post=98398"},{"taxonomy":"post_tag","embeddable":true,"href":"https:\/\/buletin.de\/bucuresti\/wp-json\/wp\/v2\/tags?post=98398"},{"taxonomy":"author","embeddable":true,"href":"https:\/\/buletin.de\/bucuresti\/wp-json\/wp\/v2\/ppma_author?post=98398"}],"curies":[{"name":"wp","href":"https:\/\/api.w.org\/{rel}","templated":true}]}}