{"id":98390,"date":"2024-09-15T16:02:01","date_gmt":"2024-09-15T13:02:01","guid":{"rendered":"https:\/\/buletin.de\/bucuresti\/?p=98390"},"modified":"2024-09-15T16:02:02","modified_gmt":"2024-09-15T13:02:02","slug":"incepe-noua-stagiune-teatrala","status":"publish","type":"post","link":"https:\/\/buletin.de\/bucuresti\/incepe-noua-stagiune-teatrala\/","title":{"rendered":"\u00cencepe noua stagiune teatral\u0103. Institu\u021biile de cultur\u0103 \u00ee\u0219i deschid por\u021bile"},"content":{"rendered":"\n<p><strong>\u00cencepe noua stagiune teatral\u0103<\/strong>, <strong>anun\u0163\u0103 <a href=\"https:\/\/www.pmb.ro\/subordonate\/institutii-de-spectacol\">Prim\u0103ria Capitalei<\/a>, care are \u00een subordine majoritatea institu\u0163iilor de cultur\u0103 din Bucure\u015fti. Vor fi premiere, spectacole cu casa \u00eenchis\u0103 \u0219i produc\u021bii eveniment.<\/strong><\/p>\n\n\n\n<p>Teatrele aflate in subordinea Prim\u0103riei Capitalei vor avea spectacole pentru toate gusturile \u0219i categoriile de v\u00e2rste: tineri, spectacole clasice, de revist\u0103, pove\u0219ti pentru copii sau musicaluri.<\/p>\n\n\n\n<p>\u00cencepe noua stagiune teatral\u0103. Bucure\u0219tenii au de unde alege, \u015fi \u00een acest an: \u201eAnna Karenina\u201d de Lev Tolstoi si \u201eFerma Animalelor\u201d de George Orwell la Teatrul Mic, \u201eZbor deasupra unui cuib de cuci\u201d la Nottara, \u201eBestiar\u201d la Teatrul Metropolis\u201d, \u201eM\u00e2ndrie \u015fi prejudecat\u0103\u201d (un fel de) \u0219i \u201eEmaus\u201d la Teatrul Excelsior, \u201ePortugalia\u201d la Bulandra, \u201eScrisoare c\u0103tre Tata\u201d adaptare dup\u0103 Franz Kafka la Teatrul Evreiesc de Stat, \u201eCentrul Central\u201d la Teatrul de Comedie, \u201eJocul Ielelor\u201d la Teatrul Dramaturgilor \u015fi \u201ePeter Pan\u201d la Teatrul Ion Creang\u0103.<\/p>\n\n\n\n<p><strong>CITE\u0218TE \u0218I:<\/strong> <a href=\"https:\/\/buletin.de\/bucuresti\/scoala-n-capitala-reabilitarile-neincheiate-la-inceputul-anului-scolar-ori-scolile-pericol-au-transformat-4000-de-copii-din-sectorul-6-in-elevi-nomazi\/\">\u0218coal\u0103-n Capital\u0103 | Reabilit\u0103rile ne\u00eencheiate la \u00eenceputul anului \u015fcolar ori \u015fcolile-pericol au transformat 4000 de copii din Sectorul 6 \u00een \u201eelevi-nomazi\u201d<\/a><\/p>\n\n\n\n<h2 class=\"wp-block-heading\" id=\"h-program-teatrul-mic\">Program Teatrul Mic<\/h2>\n\n\n\n<p><strong>Vineri 20, septembrie<\/strong>, ora 19:00 <strong><a href=\"https:\/\/www.teatrulmic.ro\/spectacol\/a-douasprezecea-noapte\/\">A DOU\u0102SPREZECEA NOAPTE<\/a><\/strong>, de William Shakespeare, Sala Atelier (Str. Constantin Mille 16);<\/p>\n\n\n\n<p><strong>S\u00e2mb\u0103t\u0103, 21 septembrie<\/strong>, ora 19:00 <strong><a href=\"https:\/\/www.teatrulmic.ro\/spectacol\/vinovat-nevinovat\/\">VINOVAT. NEVINOVAT, <\/a><\/strong>de Gelu Colceag \u0219i Vlad Corbeanu, Sala Atelier (Str. Constantin Mille 16);<\/p>\n\n\n\n<p><strong>Miercuri, 25 septembrie<\/strong>, ora 19:00 <strong><a href=\"https:\/\/www.teatrulmic.ro\/spectacol\/doamne-fereste\/\">DOAMNE FERE\u0218TE!<\/a><\/strong>, de Lia Bugnar, Sala Radu Beligan (Teatrul de Comedie);<\/p>\n\n\n\n<p><strong>S\u00e2mb\u0103t\u0103, 28 septembrie<\/strong>, ora 19:00<strong><a href=\"https:\/\/www.teatrulmic.ro\/spectacol\/ex\/\">EX<\/a><\/strong>, de Marius von Mayenburg, Sala Studio (Str. Gabroveni 57);<\/p>\n\n\n\n<p><strong>S\u00e2mb\u0103t\u0103 28, septeptembrie<\/strong>, ora 19:00, <strong><a href=\"https:\/\/www.teatrulmic.ro\/spectacol\/225\/\">CRIM\u0102 \u0218I PEDEAPS\u0102<\/a><\/strong>, dup\u0103 F.M. Dostoievski, Sala Atelier (Str. Constantin Mille 16).<\/p>\n\n\n\n<h2 class=\"wp-block-heading\" id=\"h-program-teatrul-notarra\">Program Teatrul Notarra<\/h2>\n\n\n\n<p><strong>Miercuri, 18 septembrie,<\/strong> ora 19:00, <a href=\"https:\/\/www.nottara.ro\/spectacol\/badaranii-18-09-2024\/\">B\u0103d\u0103ranii (AVANPREMIER\u0102)<\/a>, Sala Horia Lovinescu;<\/p>\n\n\n\n<p><strong>Joi, 19 septembrie, <\/strong>ora 19:00, <a href=\"https:\/\/www.nottara.ro\/spectacol\/vestul-singuratic-19-09-2024\/\">Vestul singuratic<\/a>, Sala George Constantin;<\/p>\n\n\n\n<p><strong>Joi, 19 septembrie,<\/strong> ora 19:00, <a href=\"https:\/\/www.nottara.ro\/spectacol\/liniste-in-culise-19-09-2024\/\">Lini\u0219te \u00een culise<\/a>, Sala Horia Lovinescu;<\/p>\n\n\n\n<p><strong>Vineri, 20 septembrie,<\/strong> ora 19:00, <a href=\"https:\/\/www.nottara.ro\/spectacol\/cumetrele-20-09-2024\/\">Cumetrele<\/a>, Sala Horia Lovinescu;<\/p>\n\n\n\n<p><strong>Vineri, 20 septembrie,<\/strong> ora 19:30, <a href=\"https:\/\/www.nottara.ro\/spectacol\/dincolo-de-tandrete-20-09-2024\/\">Dincolo de tandre\u021be<\/a>, Sala George Constantin;<\/p>\n\n\n\n<p><strong>S\u00e2mb\u0103t\u0103, 21 septembrie,<\/strong> ora 19:00, <a href=\"https:\/\/www.nottara.ro\/spectacol\/opt-femei-15\/\">Opt femei<\/a>, Sala Horia Lovinescu;<\/p>\n\n\n\n<p><strong>S\u00e2mb\u0103t\u0103, 21 septembrie,<\/strong> ora 19:30, <a href=\"https:\/\/www.nottara.ro\/spectacol\/vizitatorul-21-09-2024\/\">Vizitatorul<\/a>, Sala George Constantin;<\/p>\n\n\n\n<p><strong>Duminic\u0103, 22 septembrie<\/strong>, ora 19:00,  <a href=\"https:\/\/www.nottara.ro\/spectacol\/a-douasprezecea-noapte-sau-noaptea-magilor-22-09-2024\/\">A dou\u0103sprezecea noapte sau Noaptea Magilor<\/a>,Sala Horia Lovinescu;<\/p>\n\n\n\n<p><strong>Duminic\u0103, 22 septembrie,<\/strong> ora 19:30, <a href=\"https:\/\/www.nottara.ro\/spectacol\/operatiunea-petarda-22-09-2024\/\">Opera\u021biunea \u201ePetarda\u201d<\/a>, Sala George Constantin;<\/p>\n\n\n\n<p><strong>Joi, 26 septembrie,<\/strong> ora 19:00, <a href=\"https:\/\/www.nottara.ro\/spectacol\/badaranii-26-09-2024\/\">B\u0103d\u0103ranii (PREMIER\u0102)<\/a>, Sala Horia Lovinescu;<\/p>\n\n\n\n<p><strong>Joi, 26 septembrie,<\/strong> ora 19:30, <a href=\"https:\/\/www.nottara.ro\/spectacol\/dincolo-de-tandrete-26-09-2024\/\">Dincolo de tandre\u021be<\/a>, Sala George Constantin;<\/p>\n\n\n\n<p><strong>Vineri, 27 septembrie<\/strong>, ora 19:00,<a href=\"https:\/\/www.nottara.ro\/spectacol\/badaranii-27-09-2024\/\">B\u0103d\u0103ranii (PREMIER\u0102)<\/a>, Sala Horia Lovinescu;<\/p>\n\n\n\n<p><strong>Vineri, 27 septembrie, <\/strong>ora 19;30, <a href=\"https:\/\/www.nottara.ro\/spectacol\/sonata-de-toamna-27-09-2024\/\">Sonat\u0103 de toamn\u0103<\/a>, Sala George Constantin;<\/p>\n\n\n\n<p><strong>S\u00e2mb\u0103t\u0103 28 septembrie,<\/strong> <a href=\"https:\/\/www.nottara.ro\/spectacol\/jaful-28-09-2024\/\">Jaful<\/a>, ora 19:00, Sala Horia Lovinescu;<\/p>\n\n\n\n<p><strong>S\u00e2mb\u0103t\u0103 28 septembrie,<\/strong> ora 19:30, <a href=\"https:\/\/www.nottara.ro\/spectacol\/cancun-28-09-2024\/\">CANC\u00daN<\/a>, Sala George Constantin;<\/p>\n\n\n\n<p><strong>Duminic\u0103, 29 septembrie<\/strong>, ora 19:00, <a href=\"https:\/\/www.nottara.ro\/spectacol\/figaro-29-09-2024\/\">Figaro<\/a>, Sala Horia Lovinescu;<\/p>\n\n\n\n<p><strong>Duminic\u0103, 29 septembrie<\/strong>, ora 19:30, <a href=\"https:\/\/www.nottara.ro\/spectacol\/thailanda-29-09-2024\/\">Thailanda<\/a>, Sala George Constantin;<\/p>\n\n\n\n<h2 class=\"wp-block-heading\" id=\"h-program-teatrul-ion-creanga\">Program Teatrul Ion Creang\u0103<\/h2>\n\n\n\n<p><strong>Vineri, 20 septembrie,<\/strong> septembrie, ora 18:00,<a href=\"https:\/\/teatrulioncreanga.ro\/spectacol\/jack-si-vrejul-de-fasole\/\"> Jack \u0219i Vrejul de fasole,<\/a> Sala Mare (Str. Pia\u021ba Amzei 13);<\/p>\n\n\n\n<p><strong>S\u00e2mb\u0103t\u0103, 21 septembrie<\/strong>, ora 11:00, <a href=\"https:\/\/teatrulioncreanga.ro\/spectacol\/amintiri-din-copilarie\/\">Pungu\u021ba cu doi bani,<\/a> Sala Mare (Str. Pia\u021ba Amzei 13);<\/p>\n\n\n\n<p><strong>Duminic\u0103, 22 septembrie,<\/strong> ora 11:00, <a href=\"https:\/\/teatrulioncreanga.ro\/spectacol\/punguta-cu-doi-bani\/\">Amintiri din copil\u0103rie, <\/a>Sala Mare (Str. Pia\u021ba Amzei 13);<\/p>\n\n\n\n<p><strong>Duminic\u0103, 22 septembrie,<\/strong> ora 18:00, <a href=\"https:\/\/teatrulioncreanga.ro\/spectacol\/ursul-pacalitde-vulpe\/\">Ursul p\u0103c\u0103lit de vulpe,<\/a> Sala Mare (Str. Pia\u021ba Amzei 13);<\/p>\n\n\n\n<p><strong>Mar\u021bi, 24 septembrie<\/strong>, ora 10:00, <a href=\"https:\/\/teatrulioncreanga.ro\/spectacol\/alba-ca-zapada\/\">Alb\u0103 ca Z\u0103pada,<\/a> Sala Mare (Str. Pia\u021ba Amzei 13);<\/p>\n\n\n\n<p>Programul complet al spectacolelor, pentru luna septembrie, poate fi consultat pe site-ul fiec\u0103rui teatru din subordinea Prim\u0103riei Capitalei.<\/p>\n\n\n\n<h2 class=\"wp-block-heading\" id=\"h-start-in-noua-stagiune-\u0219i-la-arcub\">Start \u00een noua stagiune \u0219i la ARCUB<\/h2>\n\n\n\n<p>Stagiunea teatral\u0103 de la ARCUB se deschide luni, 16 septembrie, ora 19:00, cu premiera spectacolului \u201eShowcase\u201d, o produc\u021bie din cadrul proiectului \u201eLet\u2019s Laugh\u201d, ini\u021biat de Asocia\u021bia Arte dell\u2019Anima. O a doua reprezenta\u021bie va avea loc \u00een data de 7 octombrie, ora 19:00, la Sala Mare.<\/p>\n\n\n\n<p><strong>Luni, 16 septembrie, 7 octombrie, <\/strong>ora 19:00, SHOWCASE \u2013 crea\u021bie colectiv\u0103;<\/p>\n\n\n\n<p><strong>S\u00e2mb\u0103t\u0103, 21 septembrie<\/strong>, ora 19:00, RESPIRO \u2013 Vacan\u021b\u0103 pe acoperi\u0219, adaptare dup\u0103 \u201eMatilda \u0219i groparii\u201d de Stela Giurgeanu;<\/p>\n\n\n\n<p><strong>Duminic\u0103,  29 septembrie,<\/strong> ora 16:00,   CHEFUL SUPREM de Tudor Mu\u0219atescu;<\/p>\n\n\n\n<p><strong>Duminic\u0103, 6 octombrie,<\/strong> ora 19:00, BAZINUL DE NORD de Rajiv Joseph.<\/p>\n\n\n\n<p><strong>CITE\u0218TE \u0218I:<\/strong> <a href=\"https:\/\/buletin.de\/bucuresti\/un-fost-cercetator-nasa-vine-la-bucuresti-va-vorbi-despre-telescopul-james-webb\/\">Un fost cercet\u0103tor NASA vine la Bucure\u0219ti. Va vorbi despre telescopul James Webb<\/a><\/p>\n","protected":false},"excerpt":{"rendered":"<p>\u00cencepe noua stagiune teatral\u0103, anun\u0163\u0103 Prim\u0103ria Capitalei, care are \u00een subordine majoritatea institu\u0163iilor de cultur\u0103 din Bucure\u015fti. Vor fi premiere, spectacole cu casa \u00eenchis\u0103 \u0219i produc\u021bii eveniment. Teatrele aflate in subordinea Prim\u0103riei Capitalei vor avea spectacole pentru toate gusturile \u0219i categoriile de v\u00e2rste: tineri, spectacole clasice, de revist\u0103, pove\u0219ti pentru copii sau musicaluri. \u00cencepe noua [&hellip;]<\/p>\n","protected":false},"author":49,"featured_media":41641,"comment_status":"closed","ping_status":"open","sticky":false,"template":"","format":"standard","meta":{"_acf_changed":false,"inline_featured_image":false,"ngg_post_thumbnail":0,"footnotes":""},"categories":[6994,81,62],"tags":[104,15151,8275,10609,8276],"ppma_author":[22574],"class_list":["post-98390","post","type-post","status-publish","format-standard","has-post-thumbnail","hentry","category-stiri-2","category-cultura","category-stiri","tag-pmb","tag-stagiune-teatrala","tag-teatrul-bulandra","tag-teatrul-mic","tag-teatrul-notarra"],"acf":[],"yoast_head":"<!-- This site is optimized with the Yoast SEO Premium plugin v25.3 (Yoast SEO v27.5) - https:\/\/yoast.com\/product\/yoast-seo-premium-wordpress\/ -->\n<title>\u00cencepe noua stagiune teatral\u0103. Institu\u021biile de cultur\u0103 \u00ee\u0219i deschid por\u021bile - Buletin de Bucure\u0219ti<\/title>\n<meta name=\"description\" content=\"\u00cencepe noua stagiune teatral\u0103, 2024-2025. Vor fi premiere, spectacole cu casa \u00eenchis\u0103 \u0219i produc\u021bii eveniment.\" \/>\n<meta name=\"robots\" content=\"index, follow, max-snippet:-1, max-image-preview:large, max-video-preview:-1\" \/>\n<link rel=\"canonical\" href=\"https:\/\/buletin.de\/bucuresti\/incepe-noua-stagiune-teatrala\/\" \/>\n<meta property=\"og:locale\" content=\"en_GB\" \/>\n<meta property=\"og:type\" content=\"article\" \/>\n<meta property=\"og:title\" content=\"\u00cencepe noua stagiune teatral\u0103. Institu\u021biile de cultur\u0103 \u00ee\u0219i deschid por\u021bile\" \/>\n<meta property=\"og:description\" content=\"\u00cencepe noua stagiune teatral\u0103, 2024-2025. Vor fi premiere, spectacole cu casa \u00eenchis\u0103 \u0219i produc\u021bii eveniment.\" \/>\n<meta property=\"og:url\" content=\"https:\/\/buletin.de\/bucuresti\/incepe-noua-stagiune-teatrala\/\" \/>\n<meta property=\"og:site_name\" content=\"Buletin de Bucure\u0219ti\" \/>\n<meta property=\"article:publisher\" content=\"https:\/\/www.facebook.com\/buletin.de.buc\" \/>\n<meta property=\"article:published_time\" content=\"2024-09-15T13:02:01+00:00\" \/>\n<meta property=\"article:modified_time\" content=\"2024-09-15T13:02:02+00:00\" \/>\n<meta property=\"og:image\" content=\"https:\/\/buletin.de\/bucuresti\/wp-content\/uploads\/teatrul-metropolis.jpg\" \/>\n\t<meta property=\"og:image:width\" content=\"833\" \/>\n\t<meta property=\"og:image:height\" content=\"833\" \/>\n\t<meta property=\"og:image:type\" content=\"image\/jpeg\" \/>\n<meta name=\"author\" content=\"Diana Matei\" \/>\n<meta name=\"twitter:card\" content=\"summary_large_image\" \/>\n<meta name=\"twitter:label1\" content=\"Written by\" \/>\n\t<meta name=\"twitter:data1\" content=\"Diana Matei\" \/>\n\t<meta name=\"twitter:label2\" content=\"Estimated reading time\" \/>\n\t<meta name=\"twitter:data2\" content=\"3 minutes\" \/>\n<script type=\"application\/ld+json\" class=\"yoast-schema-graph\">{\"@context\":\"https:\\\/\\\/schema.org\",\"@graph\":[{\"@type\":\"Article\",\"@id\":\"https:\\\/\\\/buletin.de\\\/bucuresti\\\/incepe-noua-stagiune-teatrala\\\/#article\",\"isPartOf\":{\"@id\":\"https:\\\/\\\/buletin.de\\\/bucuresti\\\/incepe-noua-stagiune-teatrala\\\/\"},\"author\":{\"name\":\"Diana Matei\",\"@id\":\"https:\\\/\\\/buletin.de\\\/bucuresti\\\/#\\\/schema\\\/person\\\/7e46040573290777280a0835d81ea4ea\"},\"headline\":\"\u00cencepe noua stagiune teatral\u0103. Institu\u021biile de cultur\u0103 \u00ee\u0219i deschid por\u021bile\",\"datePublished\":\"2024-09-15T13:02:01+00:00\",\"dateModified\":\"2024-09-15T13:02:02+00:00\",\"mainEntityOfPage\":{\"@id\":\"https:\\\/\\\/buletin.de\\\/bucuresti\\\/incepe-noua-stagiune-teatrala\\\/\"},\"wordCount\":637,\"publisher\":{\"@id\":\"https:\\\/\\\/buletin.de\\\/bucuresti\\\/#organization\"},\"image\":{\"@id\":\"https:\\\/\\\/buletin.de\\\/bucuresti\\\/incepe-noua-stagiune-teatrala\\\/#primaryimage\"},\"thumbnailUrl\":\"https:\\\/\\\/buletin.de\\\/bucuresti\\\/wp-content\\\/uploads\\\/teatrul-metropolis.jpg\",\"keywords\":[\"pmb\",\"stagiune teatrala\",\"Teatrul Bulandra\",\"Teatrul Mic\",\"TeatruL Notarra\"],\"articleSection\":[\"Articole\",\"Cultur\u0103\",\"\u0218tiri\"],\"inLanguage\":\"en-GB\",\"copyrightYear\":\"2024\",\"copyrightHolder\":{\"@id\":\"https:\\\/\\\/buletin.de\\\/bucuresti\\\/#organization\"}},{\"@type\":\"WebPage\",\"@id\":\"https:\\\/\\\/buletin.de\\\/bucuresti\\\/incepe-noua-stagiune-teatrala\\\/\",\"url\":\"https:\\\/\\\/buletin.de\\\/bucuresti\\\/incepe-noua-stagiune-teatrala\\\/\",\"name\":\"\u00cencepe noua stagiune teatral\u0103. Institu\u021biile de cultur\u0103 \u00ee\u0219i deschid por\u021bile - Buletin de Bucure\u0219ti\",\"isPartOf\":{\"@id\":\"https:\\\/\\\/buletin.de\\\/bucuresti\\\/#website\"},\"primaryImageOfPage\":{\"@id\":\"https:\\\/\\\/buletin.de\\\/bucuresti\\\/incepe-noua-stagiune-teatrala\\\/#primaryimage\"},\"image\":{\"@id\":\"https:\\\/\\\/buletin.de\\\/bucuresti\\\/incepe-noua-stagiune-teatrala\\\/#primaryimage\"},\"thumbnailUrl\":\"https:\\\/\\\/buletin.de\\\/bucuresti\\\/wp-content\\\/uploads\\\/teatrul-metropolis.jpg\",\"datePublished\":\"2024-09-15T13:02:01+00:00\",\"dateModified\":\"2024-09-15T13:02:02+00:00\",\"description\":\"\u00cencepe noua stagiune teatral\u0103, 2024-2025. Vor fi premiere, spectacole cu casa \u00eenchis\u0103 \u0219i produc\u021bii eveniment.\",\"breadcrumb\":{\"@id\":\"https:\\\/\\\/buletin.de\\\/bucuresti\\\/incepe-noua-stagiune-teatrala\\\/#breadcrumb\"},\"inLanguage\":\"en-GB\",\"potentialAction\":[{\"@type\":\"ReadAction\",\"target\":[\"https:\\\/\\\/buletin.de\\\/bucuresti\\\/incepe-noua-stagiune-teatrala\\\/\"]}]},{\"@type\":\"ImageObject\",\"inLanguage\":\"en-GB\",\"@id\":\"https:\\\/\\\/buletin.de\\\/bucuresti\\\/incepe-noua-stagiune-teatrala\\\/#primaryimage\",\"url\":\"https:\\\/\\\/buletin.de\\\/bucuresti\\\/wp-content\\\/uploads\\\/teatrul-metropolis.jpg\",\"contentUrl\":\"https:\\\/\\\/buletin.de\\\/bucuresti\\\/wp-content\\\/uploads\\\/teatrul-metropolis.jpg\",\"width\":833,\"height\":833,\"caption\":\"\u00cencepe noua stagiune teatral\u0103. FOTO: Facebook\\\/Teatrul Metropolis\"},{\"@type\":\"BreadcrumbList\",\"@id\":\"https:\\\/\\\/buletin.de\\\/bucuresti\\\/incepe-noua-stagiune-teatrala\\\/#breadcrumb\",\"itemListElement\":[{\"@type\":\"ListItem\",\"position\":1,\"name\":\"Acas\u0103\",\"item\":\"https:\\\/\\\/buletin.de\\\/bucuresti\\\/\"},{\"@type\":\"ListItem\",\"position\":2,\"name\":\"\u00cencepe noua stagiune teatral\u0103. Institu\u021biile de cultur\u0103 \u00ee\u0219i deschid por\u021bile\"}]},{\"@type\":\"WebSite\",\"@id\":\"https:\\\/\\\/buletin.de\\\/bucuresti\\\/#website\",\"url\":\"https:\\\/\\\/buletin.de\\\/bucuresti\\\/\",\"name\":\"Buletin de Bucure\u0219ti\",\"description\":\"\u0218tiri \u0219i investiga\u021bii esen\u021biale din capital\u0103\",\"publisher\":{\"@id\":\"https:\\\/\\\/buletin.de\\\/bucuresti\\\/#organization\"},\"potentialAction\":[{\"@type\":\"SearchAction\",\"target\":{\"@type\":\"EntryPoint\",\"urlTemplate\":\"https:\\\/\\\/buletin.de\\\/bucuresti\\\/?s={search_term_string}\"},\"query-input\":{\"@type\":\"PropertyValueSpecification\",\"valueRequired\":true,\"valueName\":\"search_term_string\"}}],\"inLanguage\":\"en-GB\"},{\"@type\":\"Organization\",\"@id\":\"https:\\\/\\\/buletin.de\\\/bucuresti\\\/#organization\",\"name\":\"Buletin de Bucure\u0219ti\",\"url\":\"https:\\\/\\\/buletin.de\\\/bucuresti\\\/\",\"logo\":{\"@type\":\"ImageObject\",\"inLanguage\":\"en-GB\",\"@id\":\"https:\\\/\\\/buletin.de\\\/bucuresti\\\/#\\\/schema\\\/logo\\\/image\\\/\",\"url\":\"https:\\\/\\\/buletin.de\\\/bucuresti\\\/wp-content\\\/uploads\\\/logo-bdb-full-wide-vernil-transparent.png\",\"contentUrl\":\"https:\\\/\\\/buletin.de\\\/bucuresti\\\/wp-content\\\/uploads\\\/logo-bdb-full-wide-vernil-transparent.png\",\"width\":1782,\"height\":626,\"caption\":\"Buletin de Bucure\u0219ti\"},\"image\":{\"@id\":\"https:\\\/\\\/buletin.de\\\/bucuresti\\\/#\\\/schema\\\/logo\\\/image\\\/\"},\"sameAs\":[\"https:\\\/\\\/www.facebook.com\\\/buletin.de.buc\",\"https:\\\/\\\/www.instagram.com\\\/buletinde.bucuresti\\\/\"]},{\"@type\":\"Person\",\"@id\":\"https:\\\/\\\/buletin.de\\\/bucuresti\\\/#\\\/schema\\\/person\\\/7e46040573290777280a0835d81ea4ea\",\"name\":\"Diana Matei\",\"image\":{\"@type\":\"ImageObject\",\"inLanguage\":\"en-GB\",\"@id\":\"https:\\\/\\\/buletin.de\\\/bucuresti\\\/wp-content\\\/uploads\\\/9-2-96x96.jpg1e8590b30871d70e62ebcdaf2eff570c\",\"url\":\"https:\\\/\\\/buletin.de\\\/bucuresti\\\/wp-content\\\/uploads\\\/9-2-96x96.jpg\",\"contentUrl\":\"https:\\\/\\\/buletin.de\\\/bucuresti\\\/wp-content\\\/uploads\\\/9-2-96x96.jpg\",\"caption\":\"Diana Matei\"},\"url\":\"https:\\\/\\\/buletin.de\\\/bucuresti\\\/author\\\/dianamatei\\\/\"}]}<\/script>\n<!-- \/ Yoast SEO Premium plugin. -->","yoast_head_json":{"title":"\u00cencepe noua stagiune teatral\u0103. Institu\u021biile de cultur\u0103 \u00ee\u0219i deschid por\u021bile - Buletin de Bucure\u0219ti","description":"\u00cencepe noua stagiune teatral\u0103, 2024-2025. Vor fi premiere, spectacole cu casa \u00eenchis\u0103 \u0219i produc\u021bii eveniment.","robots":{"index":"index","follow":"follow","max-snippet":"max-snippet:-1","max-image-preview":"max-image-preview:large","max-video-preview":"max-video-preview:-1"},"canonical":"https:\/\/buletin.de\/bucuresti\/incepe-noua-stagiune-teatrala\/","og_locale":"en_GB","og_type":"article","og_title":"\u00cencepe noua stagiune teatral\u0103. Institu\u021biile de cultur\u0103 \u00ee\u0219i deschid por\u021bile","og_description":"\u00cencepe noua stagiune teatral\u0103, 2024-2025. Vor fi premiere, spectacole cu casa \u00eenchis\u0103 \u0219i produc\u021bii eveniment.","og_url":"https:\/\/buletin.de\/bucuresti\/incepe-noua-stagiune-teatrala\/","og_site_name":"Buletin de Bucure\u0219ti","article_publisher":"https:\/\/www.facebook.com\/buletin.de.buc","article_published_time":"2024-09-15T13:02:01+00:00","article_modified_time":"2024-09-15T13:02:02+00:00","og_image":[{"width":833,"height":833,"url":"https:\/\/buletin.de\/bucuresti\/wp-content\/uploads\/teatrul-metropolis.jpg","type":"image\/jpeg"}],"author":"Diana Matei","twitter_card":"summary_large_image","twitter_misc":{"Written by":"Diana Matei","Estimated reading time":"3 minutes"},"schema":{"@context":"https:\/\/schema.org","@graph":[{"@type":"Article","@id":"https:\/\/buletin.de\/bucuresti\/incepe-noua-stagiune-teatrala\/#article","isPartOf":{"@id":"https:\/\/buletin.de\/bucuresti\/incepe-noua-stagiune-teatrala\/"},"author":{"name":"Diana Matei","@id":"https:\/\/buletin.de\/bucuresti\/#\/schema\/person\/7e46040573290777280a0835d81ea4ea"},"headline":"\u00cencepe noua stagiune teatral\u0103. Institu\u021biile de cultur\u0103 \u00ee\u0219i deschid por\u021bile","datePublished":"2024-09-15T13:02:01+00:00","dateModified":"2024-09-15T13:02:02+00:00","mainEntityOfPage":{"@id":"https:\/\/buletin.de\/bucuresti\/incepe-noua-stagiune-teatrala\/"},"wordCount":637,"publisher":{"@id":"https:\/\/buletin.de\/bucuresti\/#organization"},"image":{"@id":"https:\/\/buletin.de\/bucuresti\/incepe-noua-stagiune-teatrala\/#primaryimage"},"thumbnailUrl":"https:\/\/buletin.de\/bucuresti\/wp-content\/uploads\/teatrul-metropolis.jpg","keywords":["pmb","stagiune teatrala","Teatrul Bulandra","Teatrul Mic","TeatruL Notarra"],"articleSection":["Articole","Cultur\u0103","\u0218tiri"],"inLanguage":"en-GB","copyrightYear":"2024","copyrightHolder":{"@id":"https:\/\/buletin.de\/bucuresti\/#organization"}},{"@type":"WebPage","@id":"https:\/\/buletin.de\/bucuresti\/incepe-noua-stagiune-teatrala\/","url":"https:\/\/buletin.de\/bucuresti\/incepe-noua-stagiune-teatrala\/","name":"\u00cencepe noua stagiune teatral\u0103. Institu\u021biile de cultur\u0103 \u00ee\u0219i deschid por\u021bile - Buletin de Bucure\u0219ti","isPartOf":{"@id":"https:\/\/buletin.de\/bucuresti\/#website"},"primaryImageOfPage":{"@id":"https:\/\/buletin.de\/bucuresti\/incepe-noua-stagiune-teatrala\/#primaryimage"},"image":{"@id":"https:\/\/buletin.de\/bucuresti\/incepe-noua-stagiune-teatrala\/#primaryimage"},"thumbnailUrl":"https:\/\/buletin.de\/bucuresti\/wp-content\/uploads\/teatrul-metropolis.jpg","datePublished":"2024-09-15T13:02:01+00:00","dateModified":"2024-09-15T13:02:02+00:00","description":"\u00cencepe noua stagiune teatral\u0103, 2024-2025. Vor fi premiere, spectacole cu casa \u00eenchis\u0103 \u0219i produc\u021bii eveniment.","breadcrumb":{"@id":"https:\/\/buletin.de\/bucuresti\/incepe-noua-stagiune-teatrala\/#breadcrumb"},"inLanguage":"en-GB","potentialAction":[{"@type":"ReadAction","target":["https:\/\/buletin.de\/bucuresti\/incepe-noua-stagiune-teatrala\/"]}]},{"@type":"ImageObject","inLanguage":"en-GB","@id":"https:\/\/buletin.de\/bucuresti\/incepe-noua-stagiune-teatrala\/#primaryimage","url":"https:\/\/buletin.de\/bucuresti\/wp-content\/uploads\/teatrul-metropolis.jpg","contentUrl":"https:\/\/buletin.de\/bucuresti\/wp-content\/uploads\/teatrul-metropolis.jpg","width":833,"height":833,"caption":"\u00cencepe noua stagiune teatral\u0103. FOTO: Facebook\/Teatrul Metropolis"},{"@type":"BreadcrumbList","@id":"https:\/\/buletin.de\/bucuresti\/incepe-noua-stagiune-teatrala\/#breadcrumb","itemListElement":[{"@type":"ListItem","position":1,"name":"Acas\u0103","item":"https:\/\/buletin.de\/bucuresti\/"},{"@type":"ListItem","position":2,"name":"\u00cencepe noua stagiune teatral\u0103. Institu\u021biile de cultur\u0103 \u00ee\u0219i deschid por\u021bile"}]},{"@type":"WebSite","@id":"https:\/\/buletin.de\/bucuresti\/#website","url":"https:\/\/buletin.de\/bucuresti\/","name":"Buletin de Bucure\u0219ti","description":"\u0218tiri \u0219i investiga\u021bii esen\u021biale din capital\u0103","publisher":{"@id":"https:\/\/buletin.de\/bucuresti\/#organization"},"potentialAction":[{"@type":"SearchAction","target":{"@type":"EntryPoint","urlTemplate":"https:\/\/buletin.de\/bucuresti\/?s={search_term_string}"},"query-input":{"@type":"PropertyValueSpecification","valueRequired":true,"valueName":"search_term_string"}}],"inLanguage":"en-GB"},{"@type":"Organization","@id":"https:\/\/buletin.de\/bucuresti\/#organization","name":"Buletin de Bucure\u0219ti","url":"https:\/\/buletin.de\/bucuresti\/","logo":{"@type":"ImageObject","inLanguage":"en-GB","@id":"https:\/\/buletin.de\/bucuresti\/#\/schema\/logo\/image\/","url":"https:\/\/buletin.de\/bucuresti\/wp-content\/uploads\/logo-bdb-full-wide-vernil-transparent.png","contentUrl":"https:\/\/buletin.de\/bucuresti\/wp-content\/uploads\/logo-bdb-full-wide-vernil-transparent.png","width":1782,"height":626,"caption":"Buletin de Bucure\u0219ti"},"image":{"@id":"https:\/\/buletin.de\/bucuresti\/#\/schema\/logo\/image\/"},"sameAs":["https:\/\/www.facebook.com\/buletin.de.buc","https:\/\/www.instagram.com\/buletinde.bucuresti\/"]},{"@type":"Person","@id":"https:\/\/buletin.de\/bucuresti\/#\/schema\/person\/7e46040573290777280a0835d81ea4ea","name":"Diana Matei","image":{"@type":"ImageObject","inLanguage":"en-GB","@id":"https:\/\/buletin.de\/bucuresti\/wp-content\/uploads\/9-2-96x96.jpg1e8590b30871d70e62ebcdaf2eff570c","url":"https:\/\/buletin.de\/bucuresti\/wp-content\/uploads\/9-2-96x96.jpg","contentUrl":"https:\/\/buletin.de\/bucuresti\/wp-content\/uploads\/9-2-96x96.jpg","caption":"Diana Matei"},"url":"https:\/\/buletin.de\/bucuresti\/author\/dianamatei\/"}]}},"authors":[{"term_id":22574,"user_id":49,"is_guest":0,"slug":"dianamatei","display_name":"Diana Matei","avatar_url":"https:\/\/buletin.de\/bucuresti\/wp-content\/uploads\/9-2-96x96.jpg","0":null,"1":"","2":"","3":"","4":"","5":"","6":"","7":"","8":""}],"_links":{"self":[{"href":"https:\/\/buletin.de\/bucuresti\/wp-json\/wp\/v2\/posts\/98390","targetHints":{"allow":["GET"]}}],"collection":[{"href":"https:\/\/buletin.de\/bucuresti\/wp-json\/wp\/v2\/posts"}],"about":[{"href":"https:\/\/buletin.de\/bucuresti\/wp-json\/wp\/v2\/types\/post"}],"author":[{"embeddable":true,"href":"https:\/\/buletin.de\/bucuresti\/wp-json\/wp\/v2\/users\/49"}],"replies":[{"embeddable":true,"href":"https:\/\/buletin.de\/bucuresti\/wp-json\/wp\/v2\/comments?post=98390"}],"version-history":[{"count":10,"href":"https:\/\/buletin.de\/bucuresti\/wp-json\/wp\/v2\/posts\/98390\/revisions"}],"predecessor-version":[{"id":98405,"href":"https:\/\/buletin.de\/bucuresti\/wp-json\/wp\/v2\/posts\/98390\/revisions\/98405"}],"wp:featuredmedia":[{"embeddable":true,"href":"https:\/\/buletin.de\/bucuresti\/wp-json\/wp\/v2\/media\/41641"}],"wp:attachment":[{"href":"https:\/\/buletin.de\/bucuresti\/wp-json\/wp\/v2\/media?parent=98390"}],"wp:term":[{"taxonomy":"category","embeddable":true,"href":"https:\/\/buletin.de\/bucuresti\/wp-json\/wp\/v2\/categories?post=98390"},{"taxonomy":"post_tag","embeddable":true,"href":"https:\/\/buletin.de\/bucuresti\/wp-json\/wp\/v2\/tags?post=98390"},{"taxonomy":"author","embeddable":true,"href":"https:\/\/buletin.de\/bucuresti\/wp-json\/wp\/v2\/ppma_author?post=98390"}],"curies":[{"name":"wp","href":"https:\/\/api.w.org\/{rel}","templated":true}]}}