{"id":98217,"date":"2024-09-13T14:50:28","date_gmt":"2024-09-13T11:50:28","guid":{"rendered":"https:\/\/buletin.de\/bucuresti\/?p=98217"},"modified":"2024-09-13T17:54:01","modified_gmt":"2024-09-13T14:54:01","slug":"targul-iconarilor-la-muzeul-taranului-roman","status":"publish","type":"post","link":"https:\/\/buletin.de\/bucuresti\/targul-iconarilor-la-muzeul-taranului-roman\/","title":{"rendered":"T\u00e2rgul iconarilor, la Muzeul \u0162\u0103ranului Rom\u00e2n"},"content":{"rendered":"\n<p><strong><a href=\"https:\/\/muzeultaranuluiroman.ro\/en\/home\/\">Muzeul Na\u021bional al \u021a\u0103ranului Rom\u00e2n <\/a>organizeaz\u0103 \u00een acest weekend \u201eT\u00e2rgul iconarilor \u0219i al me\u0219terilor cruceri\u201d. Evenimentul se desf\u0103\u0219oar\u0103 de ast\u0103zi 13 septembrie, p\u00e2n\u0103 duminic\u0103, 15 septembrie.<\/strong><\/p>\n\n\n\n<p>Iconarii \u0219i me\u0219terii cruceri vor aduce, \u00een fa\u021ba vizitatorilor, obiecte de cult, f\u0103cute manual.<\/p>\n\n\n\n<p><em><strong>&#8220;An dup\u0103 an, pr\u0103znuim \u00eempreun\u0103 Ziua Crucii cu un t\u00e2rg-expozi\u0163ie, unde publicul vizitator poate descoperi obiecte-simbol (icoane pictate pe sticl\u0103 \u015fi lemn, cruci, pristolnice, obiecte de cult, \u00eencrusta\u021bii \u00een lemn, reprezent\u0103ri iconografice contemporane \u00een diferite tehnici \u015fi materiale) care reafirm\u0103 identitatea \u015fi specificitatea institu\u0163iei noastre&#8221;,<\/strong><\/em> potrivit MN\u021aR.<\/p>\n\n\n\n<p>Pe l\u00e2ng\u0103 toate acestea, cei care merg la T\u00e2rgul Iconarilor vor fi \u00eent\u00e2mpina\u021bi cu dulciuri de cas\u0103, miere \u0219i produse apicole, plante de leac, fructe \u0219i flori de toamn\u0103.<\/p>\n\n\n\n<p>De asemenea, copiii \u0219i adul\u021bii vor putea vedea cum lucrau iconarii vechi izvoade \u0219i zugr\u0103veau icoane, pe sticl\u0103 sau pe lemn grunduit sau cum se \u00eensemneaz\u0103 \u0219i \u00eencrusteaz\u0103 pristolnicele \u0219i icoanele de vatr\u0103. Toate acestea vor fi prezentate \u00een cadrul unor ateliere, \u021binute de arti\u0219ti \u0219i me\u0219teri iconari. S\u00e2mb\u0103t\u0103, 14 septembrie, vor fi deschise dou\u0103 ateliere de pictur\u0103:<\/p>\n\n\n\n<ul class=\"wp-block-list\">\n<li>orele 11:00 &#8211; 13:00 &#8211; Atelier de pictur\u0103. Tehnica realiz\u0103rii icoanelor pe lemn, cu Angela Ludo\u015fanu;<\/li>\n\n\n\n<li>orele 13:00 &#8211; 15:00 &#8211; Atelier de \u00eencrusta\u0163ii \u00een lemn. Tehnica realiz\u0103rii \u00eencrust\u0103rii \u015fi cruceritului, cu Vasile Moldoveanu.<\/li>\n<\/ul>\n\n\n\n<p>\u00censcrierile pentru ateliere se fac la:&nbsp;<strong>educatiemuzealamtr@gmail.com<\/strong>. Costul unui atelier este  de 25 lei \/ persoan\u0103<\/p>\n\n\n\n<p>Intrarea la t\u00e2rg este liber\u0103.<\/p>\n\n\n\n<p><strong>CITE\u0218TE \u0218I:<\/strong> <a href=\"https:\/\/buletin.de\/bucuresti\/zece-linii-de-transport-in-comun-pe-trasee-modificate-pentru-cursa-color-run-programul-restrictiilor\/\">Zece linii de transport \u00een comun, pe trasee modificate, pentru cursa Color Run. Programul restric\u0163iilor<\/a><\/p>\n\n\n\n<h2 class=\"wp-block-heading\" id=\"h-spectacole-pe-calea-victoriei-si-strada-novaci-din-sectorul-5-in-noua-editie-de-strazi-deschise\">Spectacole pe Calea Victoriei \u015fi strada Novaci din Sectorul 5, \u00een noua edi\u0163ie de \u201eStr\u0103zi Deschise\u201d<\/h2>\n\n\n\n<p>Se anun\u0163\u0103 un nou weekend plin de spectacole pe Calea Victoriei, cu teatru, dans, show-uri de acroba\u0163ie \u015fi activit\u0103\u0163i pentru copii. \u00cen acest weekend, pe l\u00e2ng\u0103 loca\u0163ia standard a Str\u0103zi Deschise vor mai fi show-uri \u015fi pe un tronson din strada Novaci, din sectorul 5 al Capitalei.<\/p>\n\n\n\n<p><strong>Pe Calea Victoriei, \u00een cadrul programului \u201eStr\u0103zi deschise, Bucure\u0219ti \u2013 Promenad\u0103 urban\u0103\u201d din acest weekend vor fi instituite restric\u021bii&nbsp;<\/strong>\u00eentre orele&nbsp;<strong>10:00 \u0219i 22:00<\/strong>.&nbsp;<\/p>\n\n\n\n<p>\u00cen&nbsp;<strong>Sectorul 5 al Capitalei<\/strong>, \u00eencep\u00e2nd de&nbsp;<strong>vineri, 13 septembrie<\/strong>,&nbsp;<strong>ora 22:00<\/strong>, p\u00e2n\u0103&nbsp;<strong>luni, 16 septembrie<\/strong>,&nbsp;<strong>ora 06:00<\/strong>, traficul este restric\u021bionat pe&nbsp;<strong>Strada Novaci<\/strong>, pe segmentul de drum cuprins \u00eentre&nbsp;<strong>Strada Sergent Major Nedeleanu Ion \u0219i Strada Mihail Sebastian.<\/strong><\/p>\n\n\n\n<p>Programul complet al evenimentului poate fi citit <a href=\"https:\/\/buletin.de\/bucuresti\/spectacole-pe-calea-victoriei-si-strada-novaci-din-sectorul-5-in-noua-editie-de-strazi-deschise\/\">aici.<\/a><\/p>\n\n\n\n<p><strong>CITE\u0218TE \u0218I:<\/strong> <a href=\"https:\/\/buletin.de\/bucuresti\/foisorul-de-foc-a-fost-redeschis-de-ziua-pompierilor-dupa-finalizarea-lucrarilor-de-consolidare\/\">Foi\u0219orul de Foc a fost redeschis de Ziua Pompierilor, dup\u0103 finalizarea lucr\u0103rilor de consolidare<\/a><\/p>\n","protected":false},"excerpt":{"rendered":"<p>Muzeul Na\u021bional al \u021a\u0103ranului Rom\u00e2n organizeaz\u0103 \u00een acest weekend \u201eT\u00e2rgul iconarilor \u0219i al me\u0219terilor cruceri\u201d. Evenimentul se desf\u0103\u0219oar\u0103 de ast\u0103zi 13 septembrie, p\u00e2n\u0103 duminic\u0103, 15 septembrie. Iconarii \u0219i me\u0219terii cruceri vor aduce, \u00een fa\u021ba vizitatorilor, obiecte de cult, f\u0103cute manual. &#8220;An dup\u0103 an, pr\u0103znuim \u00eempreun\u0103 Ziua Crucii cu un t\u00e2rg-expozi\u0163ie, unde publicul vizitator poate descoperi [&hellip;]<\/p>\n","protected":false},"author":49,"featured_media":98224,"comment_status":"closed","ping_status":"open","sticky":false,"template":"","format":"standard","meta":{"_acf_changed":false,"inline_featured_image":false,"ngg_post_thumbnail":0,"footnotes":""},"categories":[6994,81],"tags":[8149,15103,15104,15105],"ppma_author":[22574],"class_list":["post-98217","post","type-post","status-publish","format-standard","has-post-thumbnail","hentry","category-stiri-2","category-cultura","tag-mntr","tag-muzeul-de-la-sosea","tag-obiecte-de-cult","tag-targ-de-iconari"],"acf":[],"yoast_head":"<!-- This site is optimized with the Yoast SEO Premium plugin v25.3 (Yoast SEO v27.4) - https:\/\/yoast.com\/product\/yoast-seo-premium-wordpress\/ -->\n<title>T\u00e2rgul iconarilor, la Muzeul \u0162\u0103ranului Rom\u00e2n - Buletin de Bucure\u0219ti<\/title>\n<meta name=\"description\" content=\"Muzeul Na\u021bional al \u021a\u0103ranului Rom\u00e2n organizeaz\u0103 \u00een acest weekend \u201eT\u00e2rgul iconarilor \u0219i al me\u0219terilor cruceri\u201d.\" \/>\n<meta name=\"robots\" content=\"index, follow, max-snippet:-1, max-image-preview:large, max-video-preview:-1\" \/>\n<link rel=\"canonical\" href=\"https:\/\/buletin.de\/bucuresti\/targul-iconarilor-la-muzeul-taranului-roman\/\" \/>\n<meta property=\"og:locale\" content=\"en_GB\" \/>\n<meta property=\"og:type\" content=\"article\" \/>\n<meta property=\"og:title\" content=\"T\u00e2rgul iconarilor, la Muzeul \u0162\u0103ranului Rom\u00e2n\" \/>\n<meta property=\"og:description\" content=\"Muzeul Na\u021bional al \u021a\u0103ranului Rom\u00e2n organizeaz\u0103 \u00een acest weekend \u201eT\u00e2rgul iconarilor \u0219i al me\u0219terilor cruceri\u201d.\" \/>\n<meta property=\"og:url\" content=\"https:\/\/buletin.de\/bucuresti\/targul-iconarilor-la-muzeul-taranului-roman\/\" \/>\n<meta property=\"og:site_name\" content=\"Buletin de Bucure\u0219ti\" \/>\n<meta property=\"article:publisher\" content=\"https:\/\/www.facebook.com\/buletin.de.buc\" \/>\n<meta property=\"article:published_time\" content=\"2024-09-13T11:50:28+00:00\" \/>\n<meta property=\"article:modified_time\" content=\"2024-09-13T14:54:01+00:00\" \/>\n<meta property=\"og:image\" content=\"https:\/\/buletin.de\/bucuresti\/wp-content\/uploads\/Screenshot-2024-09-13-at-14.31.00.png\" \/>\n\t<meta property=\"og:image:width\" content=\"866\" \/>\n\t<meta property=\"og:image:height\" content=\"321\" \/>\n\t<meta property=\"og:image:type\" content=\"image\/png\" \/>\n<meta name=\"author\" content=\"Diana Matei\" \/>\n<meta name=\"twitter:card\" content=\"summary_large_image\" \/>\n<meta name=\"twitter:label1\" content=\"Written by\" \/>\n\t<meta name=\"twitter:data1\" content=\"Diana Matei\" \/>\n\t<meta name=\"twitter:label2\" content=\"Estimated reading time\" \/>\n\t<meta name=\"twitter:data2\" content=\"2 minutes\" \/>\n<script type=\"application\/ld+json\" class=\"yoast-schema-graph\">{\"@context\":\"https:\\\/\\\/schema.org\",\"@graph\":[{\"@type\":\"Article\",\"@id\":\"https:\\\/\\\/buletin.de\\\/bucuresti\\\/targul-iconarilor-la-muzeul-taranului-roman\\\/#article\",\"isPartOf\":{\"@id\":\"https:\\\/\\\/buletin.de\\\/bucuresti\\\/targul-iconarilor-la-muzeul-taranului-roman\\\/\"},\"author\":{\"name\":\"Diana Matei\",\"@id\":\"https:\\\/\\\/buletin.de\\\/bucuresti\\\/#\\\/schema\\\/person\\\/7e46040573290777280a0835d81ea4ea\"},\"headline\":\"T\u00e2rgul iconarilor, la Muzeul \u0162\u0103ranului Rom\u00e2n\",\"datePublished\":\"2024-09-13T11:50:28+00:00\",\"dateModified\":\"2024-09-13T14:54:01+00:00\",\"mainEntityOfPage\":{\"@id\":\"https:\\\/\\\/buletin.de\\\/bucuresti\\\/targul-iconarilor-la-muzeul-taranului-roman\\\/\"},\"wordCount\":449,\"publisher\":{\"@id\":\"https:\\\/\\\/buletin.de\\\/bucuresti\\\/#organization\"},\"image\":{\"@id\":\"https:\\\/\\\/buletin.de\\\/bucuresti\\\/targul-iconarilor-la-muzeul-taranului-roman\\\/#primaryimage\"},\"thumbnailUrl\":\"https:\\\/\\\/buletin.de\\\/bucuresti\\\/wp-content\\\/uploads\\\/Screenshot-2024-09-13-at-14.31.00.png\",\"keywords\":[\"MNTR\",\"Muzeul de la Sosea\",\"obiecte de cult\",\"targ de iconari\"],\"articleSection\":[\"Articole\",\"Cultur\u0103\"],\"inLanguage\":\"en-GB\",\"copyrightYear\":\"2024\",\"copyrightHolder\":{\"@id\":\"https:\\\/\\\/buletin.de\\\/bucuresti\\\/#organization\"}},{\"@type\":\"WebPage\",\"@id\":\"https:\\\/\\\/buletin.de\\\/bucuresti\\\/targul-iconarilor-la-muzeul-taranului-roman\\\/\",\"url\":\"https:\\\/\\\/buletin.de\\\/bucuresti\\\/targul-iconarilor-la-muzeul-taranului-roman\\\/\",\"name\":\"T\u00e2rgul iconarilor, la Muzeul \u0162\u0103ranului Rom\u00e2n - Buletin de Bucure\u0219ti\",\"isPartOf\":{\"@id\":\"https:\\\/\\\/buletin.de\\\/bucuresti\\\/#website\"},\"primaryImageOfPage\":{\"@id\":\"https:\\\/\\\/buletin.de\\\/bucuresti\\\/targul-iconarilor-la-muzeul-taranului-roman\\\/#primaryimage\"},\"image\":{\"@id\":\"https:\\\/\\\/buletin.de\\\/bucuresti\\\/targul-iconarilor-la-muzeul-taranului-roman\\\/#primaryimage\"},\"thumbnailUrl\":\"https:\\\/\\\/buletin.de\\\/bucuresti\\\/wp-content\\\/uploads\\\/Screenshot-2024-09-13-at-14.31.00.png\",\"datePublished\":\"2024-09-13T11:50:28+00:00\",\"dateModified\":\"2024-09-13T14:54:01+00:00\",\"description\":\"Muzeul Na\u021bional al \u021a\u0103ranului Rom\u00e2n organizeaz\u0103 \u00een acest weekend \u201eT\u00e2rgul iconarilor \u0219i al me\u0219terilor cruceri\u201d.\",\"breadcrumb\":{\"@id\":\"https:\\\/\\\/buletin.de\\\/bucuresti\\\/targul-iconarilor-la-muzeul-taranului-roman\\\/#breadcrumb\"},\"inLanguage\":\"en-GB\",\"potentialAction\":[{\"@type\":\"ReadAction\",\"target\":[\"https:\\\/\\\/buletin.de\\\/bucuresti\\\/targul-iconarilor-la-muzeul-taranului-roman\\\/\"]}]},{\"@type\":\"ImageObject\",\"inLanguage\":\"en-GB\",\"@id\":\"https:\\\/\\\/buletin.de\\\/bucuresti\\\/targul-iconarilor-la-muzeul-taranului-roman\\\/#primaryimage\",\"url\":\"https:\\\/\\\/buletin.de\\\/bucuresti\\\/wp-content\\\/uploads\\\/Screenshot-2024-09-13-at-14.31.00.png\",\"contentUrl\":\"https:\\\/\\\/buletin.de\\\/bucuresti\\\/wp-content\\\/uploads\\\/Screenshot-2024-09-13-at-14.31.00.png\",\"width\":866,\"height\":321,\"caption\":\"T\u00e2rgul iconarilor, la Muzeul de la \u0218osea. FOTO: Captura Youtube\"},{\"@type\":\"BreadcrumbList\",\"@id\":\"https:\\\/\\\/buletin.de\\\/bucuresti\\\/targul-iconarilor-la-muzeul-taranului-roman\\\/#breadcrumb\",\"itemListElement\":[{\"@type\":\"ListItem\",\"position\":1,\"name\":\"Acas\u0103\",\"item\":\"https:\\\/\\\/buletin.de\\\/bucuresti\\\/\"},{\"@type\":\"ListItem\",\"position\":2,\"name\":\"T\u00e2rgul iconarilor, la Muzeul \u0162\u0103ranului Rom\u00e2n\"}]},{\"@type\":\"WebSite\",\"@id\":\"https:\\\/\\\/buletin.de\\\/bucuresti\\\/#website\",\"url\":\"https:\\\/\\\/buletin.de\\\/bucuresti\\\/\",\"name\":\"Buletin de Bucure\u0219ti\",\"description\":\"\u0218tiri \u0219i investiga\u021bii esen\u021biale din capital\u0103\",\"publisher\":{\"@id\":\"https:\\\/\\\/buletin.de\\\/bucuresti\\\/#organization\"},\"potentialAction\":[{\"@type\":\"SearchAction\",\"target\":{\"@type\":\"EntryPoint\",\"urlTemplate\":\"https:\\\/\\\/buletin.de\\\/bucuresti\\\/?s={search_term_string}\"},\"query-input\":{\"@type\":\"PropertyValueSpecification\",\"valueRequired\":true,\"valueName\":\"search_term_string\"}}],\"inLanguage\":\"en-GB\"},{\"@type\":\"Organization\",\"@id\":\"https:\\\/\\\/buletin.de\\\/bucuresti\\\/#organization\",\"name\":\"Buletin de Bucure\u0219ti\",\"url\":\"https:\\\/\\\/buletin.de\\\/bucuresti\\\/\",\"logo\":{\"@type\":\"ImageObject\",\"inLanguage\":\"en-GB\",\"@id\":\"https:\\\/\\\/buletin.de\\\/bucuresti\\\/#\\\/schema\\\/logo\\\/image\\\/\",\"url\":\"https:\\\/\\\/buletin.de\\\/bucuresti\\\/wp-content\\\/uploads\\\/logo-bdb-full-wide-vernil-transparent.png\",\"contentUrl\":\"https:\\\/\\\/buletin.de\\\/bucuresti\\\/wp-content\\\/uploads\\\/logo-bdb-full-wide-vernil-transparent.png\",\"width\":1782,\"height\":626,\"caption\":\"Buletin de Bucure\u0219ti\"},\"image\":{\"@id\":\"https:\\\/\\\/buletin.de\\\/bucuresti\\\/#\\\/schema\\\/logo\\\/image\\\/\"},\"sameAs\":[\"https:\\\/\\\/www.facebook.com\\\/buletin.de.buc\",\"https:\\\/\\\/www.instagram.com\\\/buletinde.bucuresti\\\/\"]},{\"@type\":\"Person\",\"@id\":\"https:\\\/\\\/buletin.de\\\/bucuresti\\\/#\\\/schema\\\/person\\\/7e46040573290777280a0835d81ea4ea\",\"name\":\"Diana Matei\",\"image\":{\"@type\":\"ImageObject\",\"inLanguage\":\"en-GB\",\"@id\":\"https:\\\/\\\/buletin.de\\\/bucuresti\\\/wp-content\\\/uploads\\\/9-2-96x96.jpg1e8590b30871d70e62ebcdaf2eff570c\",\"url\":\"https:\\\/\\\/buletin.de\\\/bucuresti\\\/wp-content\\\/uploads\\\/9-2-96x96.jpg\",\"contentUrl\":\"https:\\\/\\\/buletin.de\\\/bucuresti\\\/wp-content\\\/uploads\\\/9-2-96x96.jpg\",\"caption\":\"Diana Matei\"},\"url\":\"https:\\\/\\\/buletin.de\\\/bucuresti\\\/author\\\/dianamatei\\\/\"}]}<\/script>\n<!-- \/ Yoast SEO Premium plugin. -->","yoast_head_json":{"title":"T\u00e2rgul iconarilor, la Muzeul \u0162\u0103ranului Rom\u00e2n - Buletin de Bucure\u0219ti","description":"Muzeul Na\u021bional al \u021a\u0103ranului Rom\u00e2n organizeaz\u0103 \u00een acest weekend \u201eT\u00e2rgul iconarilor \u0219i al me\u0219terilor cruceri\u201d.","robots":{"index":"index","follow":"follow","max-snippet":"max-snippet:-1","max-image-preview":"max-image-preview:large","max-video-preview":"max-video-preview:-1"},"canonical":"https:\/\/buletin.de\/bucuresti\/targul-iconarilor-la-muzeul-taranului-roman\/","og_locale":"en_GB","og_type":"article","og_title":"T\u00e2rgul iconarilor, la Muzeul \u0162\u0103ranului Rom\u00e2n","og_description":"Muzeul Na\u021bional al \u021a\u0103ranului Rom\u00e2n organizeaz\u0103 \u00een acest weekend \u201eT\u00e2rgul iconarilor \u0219i al me\u0219terilor cruceri\u201d.","og_url":"https:\/\/buletin.de\/bucuresti\/targul-iconarilor-la-muzeul-taranului-roman\/","og_site_name":"Buletin de Bucure\u0219ti","article_publisher":"https:\/\/www.facebook.com\/buletin.de.buc","article_published_time":"2024-09-13T11:50:28+00:00","article_modified_time":"2024-09-13T14:54:01+00:00","og_image":[{"width":866,"height":321,"url":"https:\/\/buletin.de\/bucuresti\/wp-content\/uploads\/Screenshot-2024-09-13-at-14.31.00.png","type":"image\/png"}],"author":"Diana Matei","twitter_card":"summary_large_image","twitter_misc":{"Written by":"Diana Matei","Estimated reading time":"2 minutes"},"schema":{"@context":"https:\/\/schema.org","@graph":[{"@type":"Article","@id":"https:\/\/buletin.de\/bucuresti\/targul-iconarilor-la-muzeul-taranului-roman\/#article","isPartOf":{"@id":"https:\/\/buletin.de\/bucuresti\/targul-iconarilor-la-muzeul-taranului-roman\/"},"author":{"name":"Diana Matei","@id":"https:\/\/buletin.de\/bucuresti\/#\/schema\/person\/7e46040573290777280a0835d81ea4ea"},"headline":"T\u00e2rgul iconarilor, la Muzeul \u0162\u0103ranului Rom\u00e2n","datePublished":"2024-09-13T11:50:28+00:00","dateModified":"2024-09-13T14:54:01+00:00","mainEntityOfPage":{"@id":"https:\/\/buletin.de\/bucuresti\/targul-iconarilor-la-muzeul-taranului-roman\/"},"wordCount":449,"publisher":{"@id":"https:\/\/buletin.de\/bucuresti\/#organization"},"image":{"@id":"https:\/\/buletin.de\/bucuresti\/targul-iconarilor-la-muzeul-taranului-roman\/#primaryimage"},"thumbnailUrl":"https:\/\/buletin.de\/bucuresti\/wp-content\/uploads\/Screenshot-2024-09-13-at-14.31.00.png","keywords":["MNTR","Muzeul de la Sosea","obiecte de cult","targ de iconari"],"articleSection":["Articole","Cultur\u0103"],"inLanguage":"en-GB","copyrightYear":"2024","copyrightHolder":{"@id":"https:\/\/buletin.de\/bucuresti\/#organization"}},{"@type":"WebPage","@id":"https:\/\/buletin.de\/bucuresti\/targul-iconarilor-la-muzeul-taranului-roman\/","url":"https:\/\/buletin.de\/bucuresti\/targul-iconarilor-la-muzeul-taranului-roman\/","name":"T\u00e2rgul iconarilor, la Muzeul \u0162\u0103ranului Rom\u00e2n - Buletin de Bucure\u0219ti","isPartOf":{"@id":"https:\/\/buletin.de\/bucuresti\/#website"},"primaryImageOfPage":{"@id":"https:\/\/buletin.de\/bucuresti\/targul-iconarilor-la-muzeul-taranului-roman\/#primaryimage"},"image":{"@id":"https:\/\/buletin.de\/bucuresti\/targul-iconarilor-la-muzeul-taranului-roman\/#primaryimage"},"thumbnailUrl":"https:\/\/buletin.de\/bucuresti\/wp-content\/uploads\/Screenshot-2024-09-13-at-14.31.00.png","datePublished":"2024-09-13T11:50:28+00:00","dateModified":"2024-09-13T14:54:01+00:00","description":"Muzeul Na\u021bional al \u021a\u0103ranului Rom\u00e2n organizeaz\u0103 \u00een acest weekend \u201eT\u00e2rgul iconarilor \u0219i al me\u0219terilor cruceri\u201d.","breadcrumb":{"@id":"https:\/\/buletin.de\/bucuresti\/targul-iconarilor-la-muzeul-taranului-roman\/#breadcrumb"},"inLanguage":"en-GB","potentialAction":[{"@type":"ReadAction","target":["https:\/\/buletin.de\/bucuresti\/targul-iconarilor-la-muzeul-taranului-roman\/"]}]},{"@type":"ImageObject","inLanguage":"en-GB","@id":"https:\/\/buletin.de\/bucuresti\/targul-iconarilor-la-muzeul-taranului-roman\/#primaryimage","url":"https:\/\/buletin.de\/bucuresti\/wp-content\/uploads\/Screenshot-2024-09-13-at-14.31.00.png","contentUrl":"https:\/\/buletin.de\/bucuresti\/wp-content\/uploads\/Screenshot-2024-09-13-at-14.31.00.png","width":866,"height":321,"caption":"T\u00e2rgul iconarilor, la Muzeul de la \u0218osea. FOTO: Captura Youtube"},{"@type":"BreadcrumbList","@id":"https:\/\/buletin.de\/bucuresti\/targul-iconarilor-la-muzeul-taranului-roman\/#breadcrumb","itemListElement":[{"@type":"ListItem","position":1,"name":"Acas\u0103","item":"https:\/\/buletin.de\/bucuresti\/"},{"@type":"ListItem","position":2,"name":"T\u00e2rgul iconarilor, la Muzeul \u0162\u0103ranului Rom\u00e2n"}]},{"@type":"WebSite","@id":"https:\/\/buletin.de\/bucuresti\/#website","url":"https:\/\/buletin.de\/bucuresti\/","name":"Buletin de Bucure\u0219ti","description":"\u0218tiri \u0219i investiga\u021bii esen\u021biale din capital\u0103","publisher":{"@id":"https:\/\/buletin.de\/bucuresti\/#organization"},"potentialAction":[{"@type":"SearchAction","target":{"@type":"EntryPoint","urlTemplate":"https:\/\/buletin.de\/bucuresti\/?s={search_term_string}"},"query-input":{"@type":"PropertyValueSpecification","valueRequired":true,"valueName":"search_term_string"}}],"inLanguage":"en-GB"},{"@type":"Organization","@id":"https:\/\/buletin.de\/bucuresti\/#organization","name":"Buletin de Bucure\u0219ti","url":"https:\/\/buletin.de\/bucuresti\/","logo":{"@type":"ImageObject","inLanguage":"en-GB","@id":"https:\/\/buletin.de\/bucuresti\/#\/schema\/logo\/image\/","url":"https:\/\/buletin.de\/bucuresti\/wp-content\/uploads\/logo-bdb-full-wide-vernil-transparent.png","contentUrl":"https:\/\/buletin.de\/bucuresti\/wp-content\/uploads\/logo-bdb-full-wide-vernil-transparent.png","width":1782,"height":626,"caption":"Buletin de Bucure\u0219ti"},"image":{"@id":"https:\/\/buletin.de\/bucuresti\/#\/schema\/logo\/image\/"},"sameAs":["https:\/\/www.facebook.com\/buletin.de.buc","https:\/\/www.instagram.com\/buletinde.bucuresti\/"]},{"@type":"Person","@id":"https:\/\/buletin.de\/bucuresti\/#\/schema\/person\/7e46040573290777280a0835d81ea4ea","name":"Diana Matei","image":{"@type":"ImageObject","inLanguage":"en-GB","@id":"https:\/\/buletin.de\/bucuresti\/wp-content\/uploads\/9-2-96x96.jpg1e8590b30871d70e62ebcdaf2eff570c","url":"https:\/\/buletin.de\/bucuresti\/wp-content\/uploads\/9-2-96x96.jpg","contentUrl":"https:\/\/buletin.de\/bucuresti\/wp-content\/uploads\/9-2-96x96.jpg","caption":"Diana Matei"},"url":"https:\/\/buletin.de\/bucuresti\/author\/dianamatei\/"}]}},"authors":[{"term_id":22574,"user_id":49,"is_guest":0,"slug":"dianamatei","display_name":"Diana Matei","avatar_url":"https:\/\/buletin.de\/bucuresti\/wp-content\/uploads\/9-2-96x96.jpg","0":null,"1":"","2":"","3":"","4":"","5":"","6":"","7":"","8":""}],"_links":{"self":[{"href":"https:\/\/buletin.de\/bucuresti\/wp-json\/wp\/v2\/posts\/98217","targetHints":{"allow":["GET"]}}],"collection":[{"href":"https:\/\/buletin.de\/bucuresti\/wp-json\/wp\/v2\/posts"}],"about":[{"href":"https:\/\/buletin.de\/bucuresti\/wp-json\/wp\/v2\/types\/post"}],"author":[{"embeddable":true,"href":"https:\/\/buletin.de\/bucuresti\/wp-json\/wp\/v2\/users\/49"}],"replies":[{"embeddable":true,"href":"https:\/\/buletin.de\/bucuresti\/wp-json\/wp\/v2\/comments?post=98217"}],"version-history":[{"count":4,"href":"https:\/\/buletin.de\/bucuresti\/wp-json\/wp\/v2\/posts\/98217\/revisions"}],"predecessor-version":[{"id":98229,"href":"https:\/\/buletin.de\/bucuresti\/wp-json\/wp\/v2\/posts\/98217\/revisions\/98229"}],"wp:featuredmedia":[{"embeddable":true,"href":"https:\/\/buletin.de\/bucuresti\/wp-json\/wp\/v2\/media\/98224"}],"wp:attachment":[{"href":"https:\/\/buletin.de\/bucuresti\/wp-json\/wp\/v2\/media?parent=98217"}],"wp:term":[{"taxonomy":"category","embeddable":true,"href":"https:\/\/buletin.de\/bucuresti\/wp-json\/wp\/v2\/categories?post=98217"},{"taxonomy":"post_tag","embeddable":true,"href":"https:\/\/buletin.de\/bucuresti\/wp-json\/wp\/v2\/tags?post=98217"},{"taxonomy":"author","embeddable":true,"href":"https:\/\/buletin.de\/bucuresti\/wp-json\/wp\/v2\/ppma_author?post=98217"}],"curies":[{"name":"wp","href":"https:\/\/api.w.org\/{rel}","templated":true}]}}