{"id":98203,"date":"2024-09-13T14:09:10","date_gmt":"2024-09-13T11:09:10","guid":{"rendered":"https:\/\/buletin.de\/bucuresti\/?p=98203"},"modified":"2024-09-13T14:09:11","modified_gmt":"2024-09-13T11:09:11","slug":"foisorul-de-foc-a-fost-redeschis-de-ziua-pompierilor-dupa-finalizarea-lucrarilor-de-consolidare","status":"publish","type":"post","link":"https:\/\/buletin.de\/bucuresti\/foisorul-de-foc-a-fost-redeschis-de-ziua-pompierilor-dupa-finalizarea-lucrarilor-de-consolidare\/","title":{"rendered":"Foi\u0219orul de Foc a fost redeschis de Ziua Pompierilor, dup\u0103 finalizarea lucr\u0103rilor de consolidare"},"content":{"rendered":"\n<p><strong>Foi\u0219orul de Foc \u0219i-a deschis por\u021bile pentru vizitatori \u00een data de 13 septembrie, cu ocazia Zilei Na\u021bionale a Pompierilor. Monumentul istoric a fost redeschis dup\u0103 trei ani, timp \u00een care a stat \u00eenchis pentru consolidare \u0219i modernizare, anun\u021b\u0103<a href=\"https:\/\/igsu.ro\"> Inspectoratul General pentru Situa\u021bii de Urgen\u021b\u0103 (IGSU)<\/a>.<\/strong><\/p>\n\n\n\n<p>Lucr\u0103rile au urm\u0103rit p\u0103strarea autenticit\u0103\u021bii arhitecturale a cl\u0103dirii \u0219i au presupus, printre altele: \u201e utilizarea unor materiale de conservare identice cu cele originale, refacerea elementelor ornamentale \u0219i dotarea cu echipamente moderne.\u201d<\/p>\n\n\n\n<p>Totodat\u0103, Foi\u0219orul de Foc este una dintre cele trei cl\u0103diri din \u021bar\u0103 unde s-a utilizat tehnologia izol\u0103rii seismice a bazei. Mai exact, s-au folosit \u201eizolatori \u0219i amortizori seismici, care asigur\u0103 protec\u021bia structural\u0103 a edificiului \u00eempotriva seismelor, contribuind astfel la p\u0103strarea integrit\u0103\u021bii cl\u0103dirii\u201d, transmite IGSU.<\/p>\n\n\n\n<p>Lucr\u0103rile de consolidare \u0219i modernizare s-au desf\u0103\u0219urat pe parcursul a trei ani, cu fonduri asigurate prin Programul Opera\u021bional Regional 2014-2020.<\/p>\n\n\n\n<iframe width=\"560\" height=\"315\" src=\"https:\/\/www.youtube.com\/embed\/_trTCaAOHq8?si=IE9n83wH_01Ogmw4\" title=\"YouTube video player\" frameborder=\"0\" allow=\"accelerometer; autoplay; clipboard-write; encrypted-media; gyroscope; picture-in-picture; web-share\" referrerpolicy=\"strict-origin-when-cross-origin\" allowfullscreen><\/iframe>\n\n\n\n<h2 class=\"wp-block-heading\" id=\"h-foi\u0219orul-de-foc-transformat-in-muzeul-na\u021bional-al-pompierilor\">Foi\u0219orul de Foc, transformat \u00een Muzeul Na\u021bional al Pompierilor<\/h2>\n\n\n\n<p><strong>Foi\u0219orul de Foc a devenit Muzeul Na\u021bional al Pompierilor \u00een 1963, dup\u0103 trei ani de lucr\u0103ri pentru consolidare. <\/strong><\/p>\n\n\n\n<p>Patrimoniul muzeului, colec\u021bia \u00eentreag\u0103 a exponatelor, \u00eensumeaz\u0103 <strong>aproape 10.000 de obiecte<\/strong>, majoritatea ob\u021binute prin dona\u021bii, ce ilustreaz\u0103 evolu\u021bia activit\u0103\u021bii pompierilor rom\u00e2ni, de la militari \u0219i voluntari, p\u00e2n\u0103 la civili.<\/p>\n\n\n\n<p>\u00cen cadrul muzeului, bucure\u0219tenii vor g\u0103si sute de exponate, de la uniforme \u0219i echipamente istorice la obiecte simbolice ce p\u0103streaz\u0103 vie amintirea pompierilor din alte vremuri.<\/p>\n\n\n\n<p>Foi\u0219orul de Foc a fost g\u00e2ndit ca <strong>\u201eun turn de ap\u0103 \u0219i de foc\u201d<\/strong>, care s\u0103 r\u0103spund\u0103 nevoilor vremii, \u0219i anume lipsa tehnicilor de alimentare cu ap\u0103 eficiente, mai ales \u00een contextul pagubelor produse de Marele Incendiu din 1847. <\/p>\n\n\n\n<p>Cl\u0103direa a fost ridicat\u0103 \u00eentre 1890 \u0219i 1892 dup\u0103 planurile arhitectului-\u0219ef al Prim\u0103riei Capitalei de atunci, George Mandrea.&nbsp;<\/p>\n\n\n\n<p>Aceasta avea un rezervor de 750 mc \u0219i o \u00een\u0103l\u021bime de <strong>42 de metri<\/strong>. Totu\u0219i, Foi\u0219orul nu a func\u021bionat niciodat\u0103 ca rezervor din motive tehnice, mai precis lipsa unor pompe suficient de puternice pentru a ridica apa la \u00een\u0103l\u021bimea bazinului.<\/p>\n\n\n\n<p>Din acest motiv, a fost cedat pompierilor \u00een 1892 \u0219i a func\u021bionat ca turn de observare a incendiilor p\u00e2n\u0103 \u00een 1910, c\u00e2nd s-a instalat telefonul.<\/p>\n\n\n\n<p>Dup\u01031934, a fost \u00eenchis \u0219i utilizat ca spa\u021biu de depozitare. \u00centre anii 1960-1963, cl\u0103direa a fost consolidat\u0103 \u0219i renovat\u0103, fiind transformat\u0103 \u00een<strong> Muzeul Na\u021bional al Pompierilor<\/strong>, care s-a deschis oficial \u00een anul 1963. <\/p>\n\n\n\n<p>Din 1972, muzeul a intrat \u00een subordinea Comandamentului Pompierilor, la ini\u021biativa Comandantului Pamfil Tatu.<\/p>\n\n\n\n<p><strong>CITE\u0218TE \u0218I:<a href=\"https:\/\/buletin.de\/bucuresti\/exclusivitate-i-cum-arata-la-interior-dupa-restaurare-cladirea-care-domina-inaltimile-bucurestiului-foisorul-de-foc\/\"> EXCLUSIVITATE I Cum arat\u0103 la interior, dup\u0103 restaurare, cl\u0103direa care \u201edomina \u00een\u0103l\u021bimile Bucure\u0219tiului\u201d, Foi\u0219orul de Foc<\/a><\/strong><\/p>\n","protected":false},"excerpt":{"rendered":"<p>Foi\u0219orul de Foc \u0219i-a deschis por\u021bile pentru vizitatori \u00een data de 13 septembrie, cu ocazia Zilei Na\u021bionale a Pompierilor. Monumentul istoric a fost redeschis dup\u0103 trei ani, timp \u00een care a stat \u00eenchis pentru consolidare \u0219i modernizare, anun\u021b\u0103 Inspectoratul General pentru Situa\u021bii de Urgen\u021b\u0103 (IGSU). Lucr\u0103rile au urm\u0103rit p\u0103strarea autenticit\u0103\u021bii arhitecturale a cl\u0103dirii \u0219i au [&hellip;]<\/p>\n","protected":false},"author":55,"featured_media":98204,"comment_status":"closed","ping_status":"open","sticky":false,"template":"","format":"standard","meta":{"_acf_changed":false,"inline_featured_image":false,"ngg_post_thumbnail":0,"footnotes":""},"categories":[6994,81,5762],"tags":[9,15100,8587,15101,3347,2275,15099,343],"ppma_author":[22573],"class_list":["post-98203","post","type-post","status-publish","format-standard","has-post-thumbnail","hentry","category-stiri-2","category-cultura","category-main","tag-bucuresti","tag-consolidare-foisor-de-foc","tag-foisorul-de-foc-2","tag-foisorul-de-foc-redeschis","tag-igsu","tag-monumente-istorice","tag-muzeul-national-al-pompierilor","tag-pompieri"],"acf":[],"yoast_head":"<!-- This site is optimized with the Yoast SEO Premium plugin v25.3 (Yoast SEO v27.4) - https:\/\/yoast.com\/product\/yoast-seo-premium-wordpress\/ -->\n<title>Foi\u0219orul de Foc a fost redeschis de Ziua Pompierilor, dup\u0103 finalizarea lucr\u0103rilor de consolidare - Buletin de Bucure\u0219ti<\/title>\n<meta name=\"description\" content=\"Foi\u0219orul de Foc \u0219i-a deschis por\u021bile pentru vizitatori \u00een data de 13 septembrie, cu ocazia Zilei Na\u021bionale a Pompierilor.\" \/>\n<meta name=\"robots\" content=\"index, follow, max-snippet:-1, max-image-preview:large, max-video-preview:-1\" \/>\n<link rel=\"canonical\" href=\"https:\/\/buletin.de\/bucuresti\/foisorul-de-foc-a-fost-redeschis-de-ziua-pompierilor-dupa-finalizarea-lucrarilor-de-consolidare\/\" \/>\n<meta property=\"og:locale\" content=\"en_GB\" \/>\n<meta property=\"og:type\" content=\"article\" \/>\n<meta property=\"og:title\" content=\"Foi\u0219orul de Foc a fost redeschis de Ziua Pompierilor, dup\u0103 finalizarea lucr\u0103rilor de consolidare\" \/>\n<meta property=\"og:description\" content=\"Foi\u0219orul de Foc \u0219i-a deschis por\u021bile pentru vizitatori \u00een data de 13 septembrie, cu ocazia Zilei Na\u021bionale a Pompierilor.\" \/>\n<meta property=\"og:url\" content=\"https:\/\/buletin.de\/bucuresti\/foisorul-de-foc-a-fost-redeschis-de-ziua-pompierilor-dupa-finalizarea-lucrarilor-de-consolidare\/\" \/>\n<meta property=\"og:site_name\" content=\"Buletin de Bucure\u0219ti\" \/>\n<meta property=\"article:publisher\" content=\"https:\/\/www.facebook.com\/buletin.de.buc\" \/>\n<meta property=\"article:published_time\" content=\"2024-09-13T11:09:10+00:00\" \/>\n<meta property=\"article:modified_time\" content=\"2024-09-13T11:09:11+00:00\" \/>\n<meta property=\"og:image\" content=\"https:\/\/buletin.de\/bucuresti\/wp-content\/uploads\/pompieri-3.jpg\" \/>\n\t<meta property=\"og:image:width\" content=\"1600\" \/>\n\t<meta property=\"og:image:height\" content=\"965\" \/>\n\t<meta property=\"og:image:type\" content=\"image\/jpeg\" \/>\n<meta name=\"author\" content=\"Andreea Tudor\" \/>\n<meta name=\"twitter:card\" content=\"summary_large_image\" \/>\n<meta name=\"twitter:label1\" content=\"Written by\" \/>\n\t<meta name=\"twitter:data1\" content=\"Andreea Tudor\" \/>\n\t<meta name=\"twitter:label2\" content=\"Estimated reading time\" \/>\n\t<meta name=\"twitter:data2\" content=\"2 minutes\" \/>\n<script type=\"application\/ld+json\" class=\"yoast-schema-graph\">{\"@context\":\"https:\\\/\\\/schema.org\",\"@graph\":[{\"@type\":\"Article\",\"@id\":\"https:\\\/\\\/buletin.de\\\/bucuresti\\\/foisorul-de-foc-a-fost-redeschis-de-ziua-pompierilor-dupa-finalizarea-lucrarilor-de-consolidare\\\/#article\",\"isPartOf\":{\"@id\":\"https:\\\/\\\/buletin.de\\\/bucuresti\\\/foisorul-de-foc-a-fost-redeschis-de-ziua-pompierilor-dupa-finalizarea-lucrarilor-de-consolidare\\\/\"},\"author\":{\"name\":\"Andreea Tudor\",\"@id\":\"https:\\\/\\\/buletin.de\\\/bucuresti\\\/#\\\/schema\\\/person\\\/150590659efde715459d159da012f501\"},\"headline\":\"Foi\u0219orul de Foc a fost redeschis de Ziua Pompierilor, dup\u0103 finalizarea lucr\u0103rilor de consolidare\",\"datePublished\":\"2024-09-13T11:09:10+00:00\",\"dateModified\":\"2024-09-13T11:09:11+00:00\",\"mainEntityOfPage\":{\"@id\":\"https:\\\/\\\/buletin.de\\\/bucuresti\\\/foisorul-de-foc-a-fost-redeschis-de-ziua-pompierilor-dupa-finalizarea-lucrarilor-de-consolidare\\\/\"},\"wordCount\":473,\"publisher\":{\"@id\":\"https:\\\/\\\/buletin.de\\\/bucuresti\\\/#organization\"},\"image\":{\"@id\":\"https:\\\/\\\/buletin.de\\\/bucuresti\\\/foisorul-de-foc-a-fost-redeschis-de-ziua-pompierilor-dupa-finalizarea-lucrarilor-de-consolidare\\\/#primaryimage\"},\"thumbnailUrl\":\"https:\\\/\\\/buletin.de\\\/bucuresti\\\/wp-content\\\/uploads\\\/pompieri-3.jpg\",\"keywords\":[\"bucuresti\",\"consolidare foisor de foc\",\"Foisorul de Foc\",\"foisorul de foc redeschis\",\"igsu\",\"monumente istorice\",\"muzeul national al pompierilor\",\"pompieri\"],\"articleSection\":[\"Articole\",\"Cultur\u0103\",\"Main\"],\"inLanguage\":\"en-GB\",\"copyrightYear\":\"2024\",\"copyrightHolder\":{\"@id\":\"https:\\\/\\\/buletin.de\\\/bucuresti\\\/#organization\"}},{\"@type\":\"WebPage\",\"@id\":\"https:\\\/\\\/buletin.de\\\/bucuresti\\\/foisorul-de-foc-a-fost-redeschis-de-ziua-pompierilor-dupa-finalizarea-lucrarilor-de-consolidare\\\/\",\"url\":\"https:\\\/\\\/buletin.de\\\/bucuresti\\\/foisorul-de-foc-a-fost-redeschis-de-ziua-pompierilor-dupa-finalizarea-lucrarilor-de-consolidare\\\/\",\"name\":\"Foi\u0219orul de Foc a fost redeschis de Ziua Pompierilor, dup\u0103 finalizarea lucr\u0103rilor de consolidare - Buletin de Bucure\u0219ti\",\"isPartOf\":{\"@id\":\"https:\\\/\\\/buletin.de\\\/bucuresti\\\/#website\"},\"primaryImageOfPage\":{\"@id\":\"https:\\\/\\\/buletin.de\\\/bucuresti\\\/foisorul-de-foc-a-fost-redeschis-de-ziua-pompierilor-dupa-finalizarea-lucrarilor-de-consolidare\\\/#primaryimage\"},\"image\":{\"@id\":\"https:\\\/\\\/buletin.de\\\/bucuresti\\\/foisorul-de-foc-a-fost-redeschis-de-ziua-pompierilor-dupa-finalizarea-lucrarilor-de-consolidare\\\/#primaryimage\"},\"thumbnailUrl\":\"https:\\\/\\\/buletin.de\\\/bucuresti\\\/wp-content\\\/uploads\\\/pompieri-3.jpg\",\"datePublished\":\"2024-09-13T11:09:10+00:00\",\"dateModified\":\"2024-09-13T11:09:11+00:00\",\"description\":\"Foi\u0219orul de Foc \u0219i-a deschis por\u021bile pentru vizitatori \u00een data de 13 septembrie, cu ocazia Zilei Na\u021bionale a Pompierilor.\",\"breadcrumb\":{\"@id\":\"https:\\\/\\\/buletin.de\\\/bucuresti\\\/foisorul-de-foc-a-fost-redeschis-de-ziua-pompierilor-dupa-finalizarea-lucrarilor-de-consolidare\\\/#breadcrumb\"},\"inLanguage\":\"en-GB\",\"potentialAction\":[{\"@type\":\"ReadAction\",\"target\":[\"https:\\\/\\\/buletin.de\\\/bucuresti\\\/foisorul-de-foc-a-fost-redeschis-de-ziua-pompierilor-dupa-finalizarea-lucrarilor-de-consolidare\\\/\"]}]},{\"@type\":\"ImageObject\",\"inLanguage\":\"en-GB\",\"@id\":\"https:\\\/\\\/buletin.de\\\/bucuresti\\\/foisorul-de-foc-a-fost-redeschis-de-ziua-pompierilor-dupa-finalizarea-lucrarilor-de-consolidare\\\/#primaryimage\",\"url\":\"https:\\\/\\\/buletin.de\\\/bucuresti\\\/wp-content\\\/uploads\\\/pompieri-3.jpg\",\"contentUrl\":\"https:\\\/\\\/buletin.de\\\/bucuresti\\\/wp-content\\\/uploads\\\/pompieri-3.jpg\",\"width\":1600,\"height\":965,\"caption\":\"Foi\u0219orul de Foc a fost redeschis de Ziua Pompierilor, dup\u0103 finalizarea lucr\u0103rilor de consolidare. Foto: IGSU\"},{\"@type\":\"BreadcrumbList\",\"@id\":\"https:\\\/\\\/buletin.de\\\/bucuresti\\\/foisorul-de-foc-a-fost-redeschis-de-ziua-pompierilor-dupa-finalizarea-lucrarilor-de-consolidare\\\/#breadcrumb\",\"itemListElement\":[{\"@type\":\"ListItem\",\"position\":1,\"name\":\"Acas\u0103\",\"item\":\"https:\\\/\\\/buletin.de\\\/bucuresti\\\/\"},{\"@type\":\"ListItem\",\"position\":2,\"name\":\"Foi\u0219orul de Foc a fost redeschis de Ziua Pompierilor, dup\u0103 finalizarea lucr\u0103rilor de consolidare\"}]},{\"@type\":\"WebSite\",\"@id\":\"https:\\\/\\\/buletin.de\\\/bucuresti\\\/#website\",\"url\":\"https:\\\/\\\/buletin.de\\\/bucuresti\\\/\",\"name\":\"Buletin de Bucure\u0219ti\",\"description\":\"\u0218tiri \u0219i investiga\u021bii esen\u021biale din capital\u0103\",\"publisher\":{\"@id\":\"https:\\\/\\\/buletin.de\\\/bucuresti\\\/#organization\"},\"potentialAction\":[{\"@type\":\"SearchAction\",\"target\":{\"@type\":\"EntryPoint\",\"urlTemplate\":\"https:\\\/\\\/buletin.de\\\/bucuresti\\\/?s={search_term_string}\"},\"query-input\":{\"@type\":\"PropertyValueSpecification\",\"valueRequired\":true,\"valueName\":\"search_term_string\"}}],\"inLanguage\":\"en-GB\"},{\"@type\":\"Organization\",\"@id\":\"https:\\\/\\\/buletin.de\\\/bucuresti\\\/#organization\",\"name\":\"Buletin de Bucure\u0219ti\",\"url\":\"https:\\\/\\\/buletin.de\\\/bucuresti\\\/\",\"logo\":{\"@type\":\"ImageObject\",\"inLanguage\":\"en-GB\",\"@id\":\"https:\\\/\\\/buletin.de\\\/bucuresti\\\/#\\\/schema\\\/logo\\\/image\\\/\",\"url\":\"https:\\\/\\\/buletin.de\\\/bucuresti\\\/wp-content\\\/uploads\\\/logo-bdb-full-wide-vernil-transparent.png\",\"contentUrl\":\"https:\\\/\\\/buletin.de\\\/bucuresti\\\/wp-content\\\/uploads\\\/logo-bdb-full-wide-vernil-transparent.png\",\"width\":1782,\"height\":626,\"caption\":\"Buletin de Bucure\u0219ti\"},\"image\":{\"@id\":\"https:\\\/\\\/buletin.de\\\/bucuresti\\\/#\\\/schema\\\/logo\\\/image\\\/\"},\"sameAs\":[\"https:\\\/\\\/www.facebook.com\\\/buletin.de.buc\",\"https:\\\/\\\/www.instagram.com\\\/buletinde.bucuresti\\\/\"]},{\"@type\":\"Person\",\"@id\":\"https:\\\/\\\/buletin.de\\\/bucuresti\\\/#\\\/schema\\\/person\\\/150590659efde715459d159da012f501\",\"name\":\"Andreea Tudor\",\"image\":{\"@type\":\"ImageObject\",\"inLanguage\":\"en-GB\",\"@id\":\"https:\\\/\\\/secure.gravatar.com\\\/avatar\\\/a88705a186ab0b67f3349bcbced506c09e37256fbaad0e7f3bd1a79b4599f589?s=96&d=monsterid&r=g79290610aa1a65c2b86eebc2ca5aee8f\",\"url\":\"https:\\\/\\\/secure.gravatar.com\\\/avatar\\\/a88705a186ab0b67f3349bcbced506c09e37256fbaad0e7f3bd1a79b4599f589?s=96&d=monsterid&r=g\",\"contentUrl\":\"https:\\\/\\\/secure.gravatar.com\\\/avatar\\\/a88705a186ab0b67f3349bcbced506c09e37256fbaad0e7f3bd1a79b4599f589?s=96&d=monsterid&r=g\",\"caption\":\"Andreea Tudor\"},\"description\":\"N\u0103scut\u0103 \u0219i crescut\u0103 \u00een Bucure\u0219ti, sus\u021bin\u0103toare a presei independente. A\u0219a am ajuns redactor la Buletin de Bucure\u0219ti. Fiind eu, \u00eens\u0103mi, parte a sistemului de \u00eenv\u0103\u021b\u0103m\u00e2nt rom\u00e2nesc \u0219i pasionat\u0103 de domeniul social, pun sub lup\u0103 tot ceea ce se \u00eent\u00e2mpl\u0103 \u00een sfera educa\u021biei. Cred cu t\u0103rie c\u0103 presa \u201epentru cet\u0103\u021beni\u201d este presa independent\u0103. Oamenii au nevoie de o informare corect\u0103 pentru a \u00een\u021belege pe deplin ce se \u00eent\u00e2mpl\u0103 \u00een jurul lor \u0219i pentru a lua ac\u021biune \u00eempotriva nedrept\u0103\u021bilor.\",\"url\":\"https:\\\/\\\/buletin.de\\\/bucuresti\\\/author\\\/andreeatudor\\\/\"}]}<\/script>\n<!-- \/ Yoast SEO Premium plugin. -->","yoast_head_json":{"title":"Foi\u0219orul de Foc a fost redeschis de Ziua Pompierilor, dup\u0103 finalizarea lucr\u0103rilor de consolidare - Buletin de Bucure\u0219ti","description":"Foi\u0219orul de Foc \u0219i-a deschis por\u021bile pentru vizitatori \u00een data de 13 septembrie, cu ocazia Zilei Na\u021bionale a Pompierilor.","robots":{"index":"index","follow":"follow","max-snippet":"max-snippet:-1","max-image-preview":"max-image-preview:large","max-video-preview":"max-video-preview:-1"},"canonical":"https:\/\/buletin.de\/bucuresti\/foisorul-de-foc-a-fost-redeschis-de-ziua-pompierilor-dupa-finalizarea-lucrarilor-de-consolidare\/","og_locale":"en_GB","og_type":"article","og_title":"Foi\u0219orul de Foc a fost redeschis de Ziua Pompierilor, dup\u0103 finalizarea lucr\u0103rilor de consolidare","og_description":"Foi\u0219orul de Foc \u0219i-a deschis por\u021bile pentru vizitatori \u00een data de 13 septembrie, cu ocazia Zilei Na\u021bionale a Pompierilor.","og_url":"https:\/\/buletin.de\/bucuresti\/foisorul-de-foc-a-fost-redeschis-de-ziua-pompierilor-dupa-finalizarea-lucrarilor-de-consolidare\/","og_site_name":"Buletin de Bucure\u0219ti","article_publisher":"https:\/\/www.facebook.com\/buletin.de.buc","article_published_time":"2024-09-13T11:09:10+00:00","article_modified_time":"2024-09-13T11:09:11+00:00","og_image":[{"width":1600,"height":965,"url":"https:\/\/buletin.de\/bucuresti\/wp-content\/uploads\/pompieri-3.jpg","type":"image\/jpeg"}],"author":"Andreea Tudor","twitter_card":"summary_large_image","twitter_misc":{"Written by":"Andreea Tudor","Estimated reading time":"2 minutes"},"schema":{"@context":"https:\/\/schema.org","@graph":[{"@type":"Article","@id":"https:\/\/buletin.de\/bucuresti\/foisorul-de-foc-a-fost-redeschis-de-ziua-pompierilor-dupa-finalizarea-lucrarilor-de-consolidare\/#article","isPartOf":{"@id":"https:\/\/buletin.de\/bucuresti\/foisorul-de-foc-a-fost-redeschis-de-ziua-pompierilor-dupa-finalizarea-lucrarilor-de-consolidare\/"},"author":{"name":"Andreea Tudor","@id":"https:\/\/buletin.de\/bucuresti\/#\/schema\/person\/150590659efde715459d159da012f501"},"headline":"Foi\u0219orul de Foc a fost redeschis de Ziua Pompierilor, dup\u0103 finalizarea lucr\u0103rilor de consolidare","datePublished":"2024-09-13T11:09:10+00:00","dateModified":"2024-09-13T11:09:11+00:00","mainEntityOfPage":{"@id":"https:\/\/buletin.de\/bucuresti\/foisorul-de-foc-a-fost-redeschis-de-ziua-pompierilor-dupa-finalizarea-lucrarilor-de-consolidare\/"},"wordCount":473,"publisher":{"@id":"https:\/\/buletin.de\/bucuresti\/#organization"},"image":{"@id":"https:\/\/buletin.de\/bucuresti\/foisorul-de-foc-a-fost-redeschis-de-ziua-pompierilor-dupa-finalizarea-lucrarilor-de-consolidare\/#primaryimage"},"thumbnailUrl":"https:\/\/buletin.de\/bucuresti\/wp-content\/uploads\/pompieri-3.jpg","keywords":["bucuresti","consolidare foisor de foc","Foisorul de Foc","foisorul de foc redeschis","igsu","monumente istorice","muzeul national al pompierilor","pompieri"],"articleSection":["Articole","Cultur\u0103","Main"],"inLanguage":"en-GB","copyrightYear":"2024","copyrightHolder":{"@id":"https:\/\/buletin.de\/bucuresti\/#organization"}},{"@type":"WebPage","@id":"https:\/\/buletin.de\/bucuresti\/foisorul-de-foc-a-fost-redeschis-de-ziua-pompierilor-dupa-finalizarea-lucrarilor-de-consolidare\/","url":"https:\/\/buletin.de\/bucuresti\/foisorul-de-foc-a-fost-redeschis-de-ziua-pompierilor-dupa-finalizarea-lucrarilor-de-consolidare\/","name":"Foi\u0219orul de Foc a fost redeschis de Ziua Pompierilor, dup\u0103 finalizarea lucr\u0103rilor de consolidare - Buletin de Bucure\u0219ti","isPartOf":{"@id":"https:\/\/buletin.de\/bucuresti\/#website"},"primaryImageOfPage":{"@id":"https:\/\/buletin.de\/bucuresti\/foisorul-de-foc-a-fost-redeschis-de-ziua-pompierilor-dupa-finalizarea-lucrarilor-de-consolidare\/#primaryimage"},"image":{"@id":"https:\/\/buletin.de\/bucuresti\/foisorul-de-foc-a-fost-redeschis-de-ziua-pompierilor-dupa-finalizarea-lucrarilor-de-consolidare\/#primaryimage"},"thumbnailUrl":"https:\/\/buletin.de\/bucuresti\/wp-content\/uploads\/pompieri-3.jpg","datePublished":"2024-09-13T11:09:10+00:00","dateModified":"2024-09-13T11:09:11+00:00","description":"Foi\u0219orul de Foc \u0219i-a deschis por\u021bile pentru vizitatori \u00een data de 13 septembrie, cu ocazia Zilei Na\u021bionale a Pompierilor.","breadcrumb":{"@id":"https:\/\/buletin.de\/bucuresti\/foisorul-de-foc-a-fost-redeschis-de-ziua-pompierilor-dupa-finalizarea-lucrarilor-de-consolidare\/#breadcrumb"},"inLanguage":"en-GB","potentialAction":[{"@type":"ReadAction","target":["https:\/\/buletin.de\/bucuresti\/foisorul-de-foc-a-fost-redeschis-de-ziua-pompierilor-dupa-finalizarea-lucrarilor-de-consolidare\/"]}]},{"@type":"ImageObject","inLanguage":"en-GB","@id":"https:\/\/buletin.de\/bucuresti\/foisorul-de-foc-a-fost-redeschis-de-ziua-pompierilor-dupa-finalizarea-lucrarilor-de-consolidare\/#primaryimage","url":"https:\/\/buletin.de\/bucuresti\/wp-content\/uploads\/pompieri-3.jpg","contentUrl":"https:\/\/buletin.de\/bucuresti\/wp-content\/uploads\/pompieri-3.jpg","width":1600,"height":965,"caption":"Foi\u0219orul de Foc a fost redeschis de Ziua Pompierilor, dup\u0103 finalizarea lucr\u0103rilor de consolidare. Foto: IGSU"},{"@type":"BreadcrumbList","@id":"https:\/\/buletin.de\/bucuresti\/foisorul-de-foc-a-fost-redeschis-de-ziua-pompierilor-dupa-finalizarea-lucrarilor-de-consolidare\/#breadcrumb","itemListElement":[{"@type":"ListItem","position":1,"name":"Acas\u0103","item":"https:\/\/buletin.de\/bucuresti\/"},{"@type":"ListItem","position":2,"name":"Foi\u0219orul de Foc a fost redeschis de Ziua Pompierilor, dup\u0103 finalizarea lucr\u0103rilor de consolidare"}]},{"@type":"WebSite","@id":"https:\/\/buletin.de\/bucuresti\/#website","url":"https:\/\/buletin.de\/bucuresti\/","name":"Buletin de Bucure\u0219ti","description":"\u0218tiri \u0219i investiga\u021bii esen\u021biale din capital\u0103","publisher":{"@id":"https:\/\/buletin.de\/bucuresti\/#organization"},"potentialAction":[{"@type":"SearchAction","target":{"@type":"EntryPoint","urlTemplate":"https:\/\/buletin.de\/bucuresti\/?s={search_term_string}"},"query-input":{"@type":"PropertyValueSpecification","valueRequired":true,"valueName":"search_term_string"}}],"inLanguage":"en-GB"},{"@type":"Organization","@id":"https:\/\/buletin.de\/bucuresti\/#organization","name":"Buletin de Bucure\u0219ti","url":"https:\/\/buletin.de\/bucuresti\/","logo":{"@type":"ImageObject","inLanguage":"en-GB","@id":"https:\/\/buletin.de\/bucuresti\/#\/schema\/logo\/image\/","url":"https:\/\/buletin.de\/bucuresti\/wp-content\/uploads\/logo-bdb-full-wide-vernil-transparent.png","contentUrl":"https:\/\/buletin.de\/bucuresti\/wp-content\/uploads\/logo-bdb-full-wide-vernil-transparent.png","width":1782,"height":626,"caption":"Buletin de Bucure\u0219ti"},"image":{"@id":"https:\/\/buletin.de\/bucuresti\/#\/schema\/logo\/image\/"},"sameAs":["https:\/\/www.facebook.com\/buletin.de.buc","https:\/\/www.instagram.com\/buletinde.bucuresti\/"]},{"@type":"Person","@id":"https:\/\/buletin.de\/bucuresti\/#\/schema\/person\/150590659efde715459d159da012f501","name":"Andreea Tudor","image":{"@type":"ImageObject","inLanguage":"en-GB","@id":"https:\/\/secure.gravatar.com\/avatar\/a88705a186ab0b67f3349bcbced506c09e37256fbaad0e7f3bd1a79b4599f589?s=96&d=monsterid&r=g79290610aa1a65c2b86eebc2ca5aee8f","url":"https:\/\/secure.gravatar.com\/avatar\/a88705a186ab0b67f3349bcbced506c09e37256fbaad0e7f3bd1a79b4599f589?s=96&d=monsterid&r=g","contentUrl":"https:\/\/secure.gravatar.com\/avatar\/a88705a186ab0b67f3349bcbced506c09e37256fbaad0e7f3bd1a79b4599f589?s=96&d=monsterid&r=g","caption":"Andreea Tudor"},"description":"N\u0103scut\u0103 \u0219i crescut\u0103 \u00een Bucure\u0219ti, sus\u021bin\u0103toare a presei independente. A\u0219a am ajuns redactor la Buletin de Bucure\u0219ti. Fiind eu, \u00eens\u0103mi, parte a sistemului de \u00eenv\u0103\u021b\u0103m\u00e2nt rom\u00e2nesc \u0219i pasionat\u0103 de domeniul social, pun sub lup\u0103 tot ceea ce se \u00eent\u00e2mpl\u0103 \u00een sfera educa\u021biei. Cred cu t\u0103rie c\u0103 presa \u201epentru cet\u0103\u021beni\u201d este presa independent\u0103. Oamenii au nevoie de o informare corect\u0103 pentru a \u00een\u021belege pe deplin ce se \u00eent\u00e2mpl\u0103 \u00een jurul lor \u0219i pentru a lua ac\u021biune \u00eempotriva nedrept\u0103\u021bilor.","url":"https:\/\/buletin.de\/bucuresti\/author\/andreeatudor\/"}]}},"authors":[{"term_id":22573,"user_id":55,"is_guest":0,"slug":"andreeatudor","display_name":"Andreea Tudor","avatar_url":"https:\/\/secure.gravatar.com\/avatar\/a88705a186ab0b67f3349bcbced506c09e37256fbaad0e7f3bd1a79b4599f589?s=96&d=monsterid&r=g","0":null,"1":"","2":"","3":"","4":"","5":"","6":"","7":"","8":""}],"_links":{"self":[{"href":"https:\/\/buletin.de\/bucuresti\/wp-json\/wp\/v2\/posts\/98203","targetHints":{"allow":["GET"]}}],"collection":[{"href":"https:\/\/buletin.de\/bucuresti\/wp-json\/wp\/v2\/posts"}],"about":[{"href":"https:\/\/buletin.de\/bucuresti\/wp-json\/wp\/v2\/types\/post"}],"author":[{"embeddable":true,"href":"https:\/\/buletin.de\/bucuresti\/wp-json\/wp\/v2\/users\/55"}],"replies":[{"embeddable":true,"href":"https:\/\/buletin.de\/bucuresti\/wp-json\/wp\/v2\/comments?post=98203"}],"version-history":[{"count":7,"href":"https:\/\/buletin.de\/bucuresti\/wp-json\/wp\/v2\/posts\/98203\/revisions"}],"predecessor-version":[{"id":98219,"href":"https:\/\/buletin.de\/bucuresti\/wp-json\/wp\/v2\/posts\/98203\/revisions\/98219"}],"wp:featuredmedia":[{"embeddable":true,"href":"https:\/\/buletin.de\/bucuresti\/wp-json\/wp\/v2\/media\/98204"}],"wp:attachment":[{"href":"https:\/\/buletin.de\/bucuresti\/wp-json\/wp\/v2\/media?parent=98203"}],"wp:term":[{"taxonomy":"category","embeddable":true,"href":"https:\/\/buletin.de\/bucuresti\/wp-json\/wp\/v2\/categories?post=98203"},{"taxonomy":"post_tag","embeddable":true,"href":"https:\/\/buletin.de\/bucuresti\/wp-json\/wp\/v2\/tags?post=98203"},{"taxonomy":"author","embeddable":true,"href":"https:\/\/buletin.de\/bucuresti\/wp-json\/wp\/v2\/ppma_author?post=98203"}],"curies":[{"name":"wp","href":"https:\/\/api.w.org\/{rel}","templated":true}]}}