{"id":98065,"date":"2024-09-12T18:15:59","date_gmt":"2024-09-12T15:15:59","guid":{"rendered":"https:\/\/buletin.de\/bucuresti\/?p=98065"},"modified":"2024-09-12T18:22:52","modified_gmt":"2024-09-12T15:22:52","slug":"incep-probele-de-caldura","status":"publish","type":"post","link":"https:\/\/buletin.de\/bucuresti\/incep-probele-de-caldura\/","title":{"rendered":"TERMOFICARE | \u00cencep probele de c\u0103ldur\u0103 pentru sezonul rece"},"content":{"rendered":"\n<p><strong>\u00cencep probele de c\u0103ldur\u0103 pentru sezonul rece. Compania <a href=\"https:\/\/www.cmteb.ro\/index.php\">Termoenergetica <\/a>a anun\u021bat\u0103 c\u0103 \u00eencepe \u00eenc\u0103rcarea cu ap\u0103\u00a0 \u0219i probele de presiune de miercuri, 18 septembrie.<\/strong><\/p>\n\n\n\n<h2 class=\"wp-block-heading\" id=\"h-incep-probele-de-caldura-aten\u021bie-la-defec\u021biuni\">\u00cencep probele de c\u0103ldur\u0103. Aten\u021bie la defec\u021biuni<\/h2>\n\n\n\n<p>Compania Termoenergetica (CMTEB) roag\u0103 pe bucure\u0219teni s\u0103 \u00eencheie lucr\u0103rile la instala\u0163iile interioare \u00een apartamente sau s\u0103 se asigure ca acestea vor fi finalizate, la timp. <\/p>\n\n\n\n<p>\u201e\u00cen acest fel, vor fi evitate incidentele: nunda\u0163ii \u00een apartamente sau \u00een subsolurile blocurilor. De asemenea, Compania aminte\u0219te c\u0103 este obliga\u021bia asocia\u0163iilor de proprietari de a se asigura c\u0103 instala\u0163iile interioare proprii\u00a0 sunt \u00een stare de func\u0163ionare \u015fi c\u0103 sunt finalizate lucr\u0103rile din interiorul imobilelor\u201d, se arat\u0103 <a href=\"https:\/\/www.cmteb.ro\/comunicate\/20240912_Cmteb_incepe_incarcarea_cu_apa_si_probele_de_presiune_la_instalat.pdf\" target=\"_blank\" rel=\"noreferrer noopener\">\u00eentr-un comunicat al societ\u0103\u021bii. <\/a><\/p>\n\n\n\n<p>Termoenergetica nu a precizat data exact\u0103\u00a0 de la care bucure\u0219tenii vor avea caldura, \u00een apartamente. Aceasta va fi anun\u021bat\u0103 dup\u0103 \u00eendeplinirea condi\u021biilor legale: trei nop\u021bi consecutive cu 10 grade sau mai pu\u021bin, \u00een termometre.<\/p>\n\n\n\n<p>Tot conform legisla\u021biei \u00een vigoare, debran\u015farea instala\u0163iilor interioare de \u00eenc\u0103lzire \u015fi\/sau pentru ap\u0103 cald\u0103 ale consumatorilor de energie termic\u0103 nu poate fi efectuat\u0103 pe parcursul sezonului de \u00eenc\u0103lzire.<\/p>\n\n\n\n<p><strong>CITE\u0218TE \u0218I:<\/strong> <a href=\"https:\/\/buletin.de\/bucuresti\/linii-stb-deviate-sambata\/\"><strong>Linii STB deviate s\u00e2mb\u0103t\u0103, \u00een Centrul Capitalei<\/strong><\/a><\/p>\n\n\n\n<h2 class=\"wp-block-heading\" id=\"h-o-treime-din-magistralele-de-termoficare-inlocuite\">O treime din magistralele de termoficare, \u00eenlocuite<\/h2>\n\n\n\n<p><strong>Aproape o treime din re\u021beaua termic\u0103 primar\u0103 a Capitalei, respectiv 300 kilometri, a fost modernizat\u0103, declar\u0103 primarul general Nicu\u0219or Dan. Restul conductelor, peste 700 kilometri, nu au mai fost schimbate de c\u00e2teva decenii<\/strong>.<\/p>\n\n\n\n<p>\u00cen 2024, au fost moderniza\u021bi 45 km din re\u021beaua primar\u0103. P\u00e2n\u0103 la finalul anului, urmeaz\u0103 al\u021bi 25, promite Nicu\u0219or Dan.<\/p>\n\n\n\n<blockquote class=\"wp-block-quote is-layout-flow wp-block-quote-is-layout-flow\">\n<p><strong>V\u0103 aduc aminte, noi am f\u0103cut 50 km \u2013 re\u021bea principal\u0103 anul trecut. Am promis 70 anul \u0103sta, suntem mai mult dec\u00e2t bine. Suntem la 45 p\u00e2n\u0103 \u00een acest moment.<\/strong>nicu\u0219or dan<\/p>\n<\/blockquote>\n\n\n\n<p>\u00cen acela\u0219i timp, primarul promite c\u0103 situa\u021bei apei calde din Capital\u0103 se va \u00eembun\u0103t\u0103\u021bi cur\u00e2nd.<\/p>\n\n\n\n<p><strong>Anterior, Nicu\u0219or Dan men\u021biona \u00een iulie c\u0103 \u00een urm\u0103torii patru ani Bucure\u0219tiul va ajunge la 500 km de re\u021bea de termoficare repara\u021bi dintr-un total de 1000 km.\u00a0<\/strong><\/p>\n\n\n\n<p>\u201eVorbind de responsabilitatea noastr\u0103 de transport \u015fi distribu\u0163ie, problema este la re\u0163eaua principal\u0103, care are 1.000 km. \u00cen momentul de fa\u0163\u0103, cu tot ce au f\u0103cut \u015fi administra\u0163iile precedente am schimbat undeva la 230-240 km. <\/p>\n\n\n\n<p>Eu am promis 70 km pe an, asta \u00eenseman\u0103 c\u0103 2028 o s\u0103 fim la 500km din 1.000. Evident c\u0103 ne apuc\u0103m de \u0103ia care sunt cei mai deteriora\u0163i. <\/p>\n\n\n\n<p>Asta \u00eenseamn\u0103 70-80% din avariile care au fost la momentul cel mai dificil. Deci nu o s\u0103 fie total rezolvat\u0103, \u00eens\u0103 o s\u0103 fie oarecum neglijat\u0103\u201d, a declarat Nicu\u0219or Dan<\/p>\n\n\n\n<p><strong>CITE\u0218TE \u0218I:<\/strong> <a href=\"https:\/\/buletin.de\/bucuresti\/editorial-micul-paris-si-marea-viteza\/\"><strong>EDITORIAL | Micul Paris \u015fi marea vitez\u0103<\/strong><\/a><\/p>\n","protected":false},"excerpt":{"rendered":"<p>\u00cencep probele de c\u0103ldur\u0103 pentru sezonul rece. Compania Termoenergetica a anun\u021bat\u0103 c\u0103 \u00eencepe \u00eenc\u0103rcarea cu ap\u0103\u00a0 \u0219i probele de presiune de miercuri, 18 septembrie. \u00cencep probele de c\u0103ldur\u0103. Aten\u021bie la defec\u021biuni Compania Termoenergetica (CMTEB) roag\u0103 pe bucure\u0219teni s\u0103 \u00eencheie lucr\u0103rile la instala\u0163iile interioare \u00een apartamente sau s\u0103 se asigure ca acestea vor fi finalizate, la [&hellip;]<\/p>\n","protected":false},"author":49,"featured_media":62622,"comment_status":"closed","ping_status":"open","sticky":false,"template":"","format":"standard","meta":{"_acf_changed":false,"inline_featured_image":false,"ngg_post_thumbnail":0,"footnotes":""},"categories":[6994,62,6214],"tags":[14568,4582,15049,15048,533],"ppma_author":[22574],"class_list":["post-98065","post","type-post","status-publish","format-standard","has-post-thumbnail","hentry","category-stiri-2","category-stiri","category-termo","tag-cet-progresu","tag-cmteb","tag-probe-caldura","tag-probe-de-caldura","tag-termoenergetica"],"acf":[],"yoast_head":"<!-- This site is optimized with the Yoast SEO Premium plugin v25.3 (Yoast SEO v27.4) - https:\/\/yoast.com\/product\/yoast-seo-premium-wordpress\/ -->\n<title>TERMOFICARE | \u00cencep probele de c\u0103ldur\u0103 pentru sezonul rece - Buletin de Bucure\u0219ti<\/title>\n<meta name=\"description\" content=\"\u00cencep probele de c\u0103ldur\u0103. Compania Termoenergetica \u00eencepe \u00eenc\u0103rcarea cu ap\u0103\u00a0 \u0219i probele de presiune \u00een Capitala.\" \/>\n<meta name=\"robots\" content=\"index, follow, max-snippet:-1, max-image-preview:large, max-video-preview:-1\" \/>\n<link rel=\"canonical\" href=\"https:\/\/buletin.de\/bucuresti\/incep-probele-de-caldura\/\" \/>\n<meta property=\"og:locale\" content=\"en_GB\" \/>\n<meta property=\"og:type\" content=\"article\" \/>\n<meta property=\"og:title\" content=\"TERMOFICARE | \u00cencep probele de c\u0103ldur\u0103 pentru sezonul rece\" \/>\n<meta property=\"og:description\" content=\"\u00cencep probele de c\u0103ldur\u0103. Compania Termoenergetica \u00eencepe \u00eenc\u0103rcarea cu ap\u0103\u00a0 \u0219i probele de presiune \u00een Capitala.\" \/>\n<meta property=\"og:url\" content=\"https:\/\/buletin.de\/bucuresti\/incep-probele-de-caldura\/\" \/>\n<meta property=\"og:site_name\" content=\"Buletin de Bucure\u0219ti\" \/>\n<meta property=\"article:publisher\" content=\"https:\/\/www.facebook.com\/buletin.de.buc\" \/>\n<meta property=\"article:published_time\" content=\"2024-09-12T15:15:59+00:00\" \/>\n<meta property=\"article:modified_time\" content=\"2024-09-12T15:22:52+00:00\" \/>\n<meta property=\"og:image\" content=\"https:\/\/buletin.de\/bucuresti\/wp-content\/uploads\/calorifer.jpeg\" \/>\n\t<meta property=\"og:image:width\" content=\"1600\" \/>\n\t<meta property=\"og:image:height\" content=\"1102\" \/>\n\t<meta property=\"og:image:type\" content=\"image\/jpeg\" \/>\n<meta name=\"author\" content=\"Diana Matei\" \/>\n<meta name=\"twitter:card\" content=\"summary_large_image\" \/>\n<meta name=\"twitter:label1\" content=\"Written by\" \/>\n\t<meta name=\"twitter:data1\" content=\"Diana Matei\" \/>\n\t<meta name=\"twitter:label2\" content=\"Estimated reading time\" \/>\n\t<meta name=\"twitter:data2\" content=\"2 minutes\" \/>\n<script type=\"application\/ld+json\" class=\"yoast-schema-graph\">{\"@context\":\"https:\\\/\\\/schema.org\",\"@graph\":[{\"@type\":\"Article\",\"@id\":\"https:\\\/\\\/buletin.de\\\/bucuresti\\\/incep-probele-de-caldura\\\/#article\",\"isPartOf\":{\"@id\":\"https:\\\/\\\/buletin.de\\\/bucuresti\\\/incep-probele-de-caldura\\\/\"},\"author\":{\"name\":\"Diana Matei\",\"@id\":\"https:\\\/\\\/buletin.de\\\/bucuresti\\\/#\\\/schema\\\/person\\\/7e46040573290777280a0835d81ea4ea\"},\"headline\":\"TERMOFICARE | \u00cencep probele de c\u0103ldur\u0103 pentru sezonul rece\",\"datePublished\":\"2024-09-12T15:15:59+00:00\",\"dateModified\":\"2024-09-12T15:22:52+00:00\",\"mainEntityOfPage\":{\"@id\":\"https:\\\/\\\/buletin.de\\\/bucuresti\\\/incep-probele-de-caldura\\\/\"},\"wordCount\":469,\"publisher\":{\"@id\":\"https:\\\/\\\/buletin.de\\\/bucuresti\\\/#organization\"},\"image\":{\"@id\":\"https:\\\/\\\/buletin.de\\\/bucuresti\\\/incep-probele-de-caldura\\\/#primaryimage\"},\"thumbnailUrl\":\"https:\\\/\\\/buletin.de\\\/bucuresti\\\/wp-content\\\/uploads\\\/calorifer.jpeg\",\"keywords\":[\"cet progresu\",\"cmteb\",\"probe caldura\",\"probe de caldura\",\"termoenergetica\"],\"articleSection\":[\"Articole\",\"\u0218tiri\",\"Termoficare\"],\"inLanguage\":\"en-GB\",\"copyrightYear\":\"2024\",\"copyrightHolder\":{\"@id\":\"https:\\\/\\\/buletin.de\\\/bucuresti\\\/#organization\"}},{\"@type\":\"WebPage\",\"@id\":\"https:\\\/\\\/buletin.de\\\/bucuresti\\\/incep-probele-de-caldura\\\/\",\"url\":\"https:\\\/\\\/buletin.de\\\/bucuresti\\\/incep-probele-de-caldura\\\/\",\"name\":\"TERMOFICARE | \u00cencep probele de c\u0103ldur\u0103 pentru sezonul rece - Buletin de Bucure\u0219ti\",\"isPartOf\":{\"@id\":\"https:\\\/\\\/buletin.de\\\/bucuresti\\\/#website\"},\"primaryImageOfPage\":{\"@id\":\"https:\\\/\\\/buletin.de\\\/bucuresti\\\/incep-probele-de-caldura\\\/#primaryimage\"},\"image\":{\"@id\":\"https:\\\/\\\/buletin.de\\\/bucuresti\\\/incep-probele-de-caldura\\\/#primaryimage\"},\"thumbnailUrl\":\"https:\\\/\\\/buletin.de\\\/bucuresti\\\/wp-content\\\/uploads\\\/calorifer.jpeg\",\"datePublished\":\"2024-09-12T15:15:59+00:00\",\"dateModified\":\"2024-09-12T15:22:52+00:00\",\"description\":\"\u00cencep probele de c\u0103ldur\u0103. Compania Termoenergetica \u00eencepe \u00eenc\u0103rcarea cu ap\u0103\u00a0 \u0219i probele de presiune \u00een Capitala.\",\"breadcrumb\":{\"@id\":\"https:\\\/\\\/buletin.de\\\/bucuresti\\\/incep-probele-de-caldura\\\/#breadcrumb\"},\"inLanguage\":\"en-GB\",\"potentialAction\":[{\"@type\":\"ReadAction\",\"target\":[\"https:\\\/\\\/buletin.de\\\/bucuresti\\\/incep-probele-de-caldura\\\/\"]}]},{\"@type\":\"ImageObject\",\"inLanguage\":\"en-GB\",\"@id\":\"https:\\\/\\\/buletin.de\\\/bucuresti\\\/incep-probele-de-caldura\\\/#primaryimage\",\"url\":\"https:\\\/\\\/buletin.de\\\/bucuresti\\\/wp-content\\\/uploads\\\/calorifer.jpeg\",\"contentUrl\":\"https:\\\/\\\/buletin.de\\\/bucuresti\\\/wp-content\\\/uploads\\\/calorifer.jpeg\",\"width\":1600,\"height\":1102,\"caption\":\"C\u00e2nd vom primi c\u0103ldur\u0103. Termoenergetica a \u00eenceput probele, la cald. FOTO: Arhiva\"},{\"@type\":\"BreadcrumbList\",\"@id\":\"https:\\\/\\\/buletin.de\\\/bucuresti\\\/incep-probele-de-caldura\\\/#breadcrumb\",\"itemListElement\":[{\"@type\":\"ListItem\",\"position\":1,\"name\":\"Acas\u0103\",\"item\":\"https:\\\/\\\/buletin.de\\\/bucuresti\\\/\"},{\"@type\":\"ListItem\",\"position\":2,\"name\":\"TERMOFICARE | \u00cencep probele de c\u0103ldur\u0103 pentru sezonul rece\"}]},{\"@type\":\"WebSite\",\"@id\":\"https:\\\/\\\/buletin.de\\\/bucuresti\\\/#website\",\"url\":\"https:\\\/\\\/buletin.de\\\/bucuresti\\\/\",\"name\":\"Buletin de Bucure\u0219ti\",\"description\":\"\u0218tiri \u0219i investiga\u021bii esen\u021biale din capital\u0103\",\"publisher\":{\"@id\":\"https:\\\/\\\/buletin.de\\\/bucuresti\\\/#organization\"},\"potentialAction\":[{\"@type\":\"SearchAction\",\"target\":{\"@type\":\"EntryPoint\",\"urlTemplate\":\"https:\\\/\\\/buletin.de\\\/bucuresti\\\/?s={search_term_string}\"},\"query-input\":{\"@type\":\"PropertyValueSpecification\",\"valueRequired\":true,\"valueName\":\"search_term_string\"}}],\"inLanguage\":\"en-GB\"},{\"@type\":\"Organization\",\"@id\":\"https:\\\/\\\/buletin.de\\\/bucuresti\\\/#organization\",\"name\":\"Buletin de Bucure\u0219ti\",\"url\":\"https:\\\/\\\/buletin.de\\\/bucuresti\\\/\",\"logo\":{\"@type\":\"ImageObject\",\"inLanguage\":\"en-GB\",\"@id\":\"https:\\\/\\\/buletin.de\\\/bucuresti\\\/#\\\/schema\\\/logo\\\/image\\\/\",\"url\":\"https:\\\/\\\/buletin.de\\\/bucuresti\\\/wp-content\\\/uploads\\\/logo-bdb-full-wide-vernil-transparent.png\",\"contentUrl\":\"https:\\\/\\\/buletin.de\\\/bucuresti\\\/wp-content\\\/uploads\\\/logo-bdb-full-wide-vernil-transparent.png\",\"width\":1782,\"height\":626,\"caption\":\"Buletin de Bucure\u0219ti\"},\"image\":{\"@id\":\"https:\\\/\\\/buletin.de\\\/bucuresti\\\/#\\\/schema\\\/logo\\\/image\\\/\"},\"sameAs\":[\"https:\\\/\\\/www.facebook.com\\\/buletin.de.buc\",\"https:\\\/\\\/www.instagram.com\\\/buletinde.bucuresti\\\/\"]},{\"@type\":\"Person\",\"@id\":\"https:\\\/\\\/buletin.de\\\/bucuresti\\\/#\\\/schema\\\/person\\\/7e46040573290777280a0835d81ea4ea\",\"name\":\"Diana Matei\",\"image\":{\"@type\":\"ImageObject\",\"inLanguage\":\"en-GB\",\"@id\":\"https:\\\/\\\/buletin.de\\\/bucuresti\\\/wp-content\\\/uploads\\\/9-2-96x96.jpg1e8590b30871d70e62ebcdaf2eff570c\",\"url\":\"https:\\\/\\\/buletin.de\\\/bucuresti\\\/wp-content\\\/uploads\\\/9-2-96x96.jpg\",\"contentUrl\":\"https:\\\/\\\/buletin.de\\\/bucuresti\\\/wp-content\\\/uploads\\\/9-2-96x96.jpg\",\"caption\":\"Diana Matei\"},\"url\":\"https:\\\/\\\/buletin.de\\\/bucuresti\\\/author\\\/dianamatei\\\/\"}]}<\/script>\n<!-- \/ Yoast SEO Premium plugin. -->","yoast_head_json":{"title":"TERMOFICARE | \u00cencep probele de c\u0103ldur\u0103 pentru sezonul rece - Buletin de Bucure\u0219ti","description":"\u00cencep probele de c\u0103ldur\u0103. Compania Termoenergetica \u00eencepe \u00eenc\u0103rcarea cu ap\u0103\u00a0 \u0219i probele de presiune \u00een Capitala.","robots":{"index":"index","follow":"follow","max-snippet":"max-snippet:-1","max-image-preview":"max-image-preview:large","max-video-preview":"max-video-preview:-1"},"canonical":"https:\/\/buletin.de\/bucuresti\/incep-probele-de-caldura\/","og_locale":"en_GB","og_type":"article","og_title":"TERMOFICARE | \u00cencep probele de c\u0103ldur\u0103 pentru sezonul rece","og_description":"\u00cencep probele de c\u0103ldur\u0103. Compania Termoenergetica \u00eencepe \u00eenc\u0103rcarea cu ap\u0103\u00a0 \u0219i probele de presiune \u00een Capitala.","og_url":"https:\/\/buletin.de\/bucuresti\/incep-probele-de-caldura\/","og_site_name":"Buletin de Bucure\u0219ti","article_publisher":"https:\/\/www.facebook.com\/buletin.de.buc","article_published_time":"2024-09-12T15:15:59+00:00","article_modified_time":"2024-09-12T15:22:52+00:00","og_image":[{"width":1600,"height":1102,"url":"https:\/\/buletin.de\/bucuresti\/wp-content\/uploads\/calorifer.jpeg","type":"image\/jpeg"}],"author":"Diana Matei","twitter_card":"summary_large_image","twitter_misc":{"Written by":"Diana Matei","Estimated reading time":"2 minutes"},"schema":{"@context":"https:\/\/schema.org","@graph":[{"@type":"Article","@id":"https:\/\/buletin.de\/bucuresti\/incep-probele-de-caldura\/#article","isPartOf":{"@id":"https:\/\/buletin.de\/bucuresti\/incep-probele-de-caldura\/"},"author":{"name":"Diana Matei","@id":"https:\/\/buletin.de\/bucuresti\/#\/schema\/person\/7e46040573290777280a0835d81ea4ea"},"headline":"TERMOFICARE | \u00cencep probele de c\u0103ldur\u0103 pentru sezonul rece","datePublished":"2024-09-12T15:15:59+00:00","dateModified":"2024-09-12T15:22:52+00:00","mainEntityOfPage":{"@id":"https:\/\/buletin.de\/bucuresti\/incep-probele-de-caldura\/"},"wordCount":469,"publisher":{"@id":"https:\/\/buletin.de\/bucuresti\/#organization"},"image":{"@id":"https:\/\/buletin.de\/bucuresti\/incep-probele-de-caldura\/#primaryimage"},"thumbnailUrl":"https:\/\/buletin.de\/bucuresti\/wp-content\/uploads\/calorifer.jpeg","keywords":["cet progresu","cmteb","probe caldura","probe de caldura","termoenergetica"],"articleSection":["Articole","\u0218tiri","Termoficare"],"inLanguage":"en-GB","copyrightYear":"2024","copyrightHolder":{"@id":"https:\/\/buletin.de\/bucuresti\/#organization"}},{"@type":"WebPage","@id":"https:\/\/buletin.de\/bucuresti\/incep-probele-de-caldura\/","url":"https:\/\/buletin.de\/bucuresti\/incep-probele-de-caldura\/","name":"TERMOFICARE | \u00cencep probele de c\u0103ldur\u0103 pentru sezonul rece - Buletin de Bucure\u0219ti","isPartOf":{"@id":"https:\/\/buletin.de\/bucuresti\/#website"},"primaryImageOfPage":{"@id":"https:\/\/buletin.de\/bucuresti\/incep-probele-de-caldura\/#primaryimage"},"image":{"@id":"https:\/\/buletin.de\/bucuresti\/incep-probele-de-caldura\/#primaryimage"},"thumbnailUrl":"https:\/\/buletin.de\/bucuresti\/wp-content\/uploads\/calorifer.jpeg","datePublished":"2024-09-12T15:15:59+00:00","dateModified":"2024-09-12T15:22:52+00:00","description":"\u00cencep probele de c\u0103ldur\u0103. Compania Termoenergetica \u00eencepe \u00eenc\u0103rcarea cu ap\u0103\u00a0 \u0219i probele de presiune \u00een Capitala.","breadcrumb":{"@id":"https:\/\/buletin.de\/bucuresti\/incep-probele-de-caldura\/#breadcrumb"},"inLanguage":"en-GB","potentialAction":[{"@type":"ReadAction","target":["https:\/\/buletin.de\/bucuresti\/incep-probele-de-caldura\/"]}]},{"@type":"ImageObject","inLanguage":"en-GB","@id":"https:\/\/buletin.de\/bucuresti\/incep-probele-de-caldura\/#primaryimage","url":"https:\/\/buletin.de\/bucuresti\/wp-content\/uploads\/calorifer.jpeg","contentUrl":"https:\/\/buletin.de\/bucuresti\/wp-content\/uploads\/calorifer.jpeg","width":1600,"height":1102,"caption":"C\u00e2nd vom primi c\u0103ldur\u0103. Termoenergetica a \u00eenceput probele, la cald. FOTO: Arhiva"},{"@type":"BreadcrumbList","@id":"https:\/\/buletin.de\/bucuresti\/incep-probele-de-caldura\/#breadcrumb","itemListElement":[{"@type":"ListItem","position":1,"name":"Acas\u0103","item":"https:\/\/buletin.de\/bucuresti\/"},{"@type":"ListItem","position":2,"name":"TERMOFICARE | \u00cencep probele de c\u0103ldur\u0103 pentru sezonul rece"}]},{"@type":"WebSite","@id":"https:\/\/buletin.de\/bucuresti\/#website","url":"https:\/\/buletin.de\/bucuresti\/","name":"Buletin de Bucure\u0219ti","description":"\u0218tiri \u0219i investiga\u021bii esen\u021biale din capital\u0103","publisher":{"@id":"https:\/\/buletin.de\/bucuresti\/#organization"},"potentialAction":[{"@type":"SearchAction","target":{"@type":"EntryPoint","urlTemplate":"https:\/\/buletin.de\/bucuresti\/?s={search_term_string}"},"query-input":{"@type":"PropertyValueSpecification","valueRequired":true,"valueName":"search_term_string"}}],"inLanguage":"en-GB"},{"@type":"Organization","@id":"https:\/\/buletin.de\/bucuresti\/#organization","name":"Buletin de Bucure\u0219ti","url":"https:\/\/buletin.de\/bucuresti\/","logo":{"@type":"ImageObject","inLanguage":"en-GB","@id":"https:\/\/buletin.de\/bucuresti\/#\/schema\/logo\/image\/","url":"https:\/\/buletin.de\/bucuresti\/wp-content\/uploads\/logo-bdb-full-wide-vernil-transparent.png","contentUrl":"https:\/\/buletin.de\/bucuresti\/wp-content\/uploads\/logo-bdb-full-wide-vernil-transparent.png","width":1782,"height":626,"caption":"Buletin de Bucure\u0219ti"},"image":{"@id":"https:\/\/buletin.de\/bucuresti\/#\/schema\/logo\/image\/"},"sameAs":["https:\/\/www.facebook.com\/buletin.de.buc","https:\/\/www.instagram.com\/buletinde.bucuresti\/"]},{"@type":"Person","@id":"https:\/\/buletin.de\/bucuresti\/#\/schema\/person\/7e46040573290777280a0835d81ea4ea","name":"Diana Matei","image":{"@type":"ImageObject","inLanguage":"en-GB","@id":"https:\/\/buletin.de\/bucuresti\/wp-content\/uploads\/9-2-96x96.jpg1e8590b30871d70e62ebcdaf2eff570c","url":"https:\/\/buletin.de\/bucuresti\/wp-content\/uploads\/9-2-96x96.jpg","contentUrl":"https:\/\/buletin.de\/bucuresti\/wp-content\/uploads\/9-2-96x96.jpg","caption":"Diana Matei"},"url":"https:\/\/buletin.de\/bucuresti\/author\/dianamatei\/"}]}},"authors":[{"term_id":22574,"user_id":49,"is_guest":0,"slug":"dianamatei","display_name":"Diana Matei","avatar_url":"https:\/\/buletin.de\/bucuresti\/wp-content\/uploads\/9-2-96x96.jpg","0":null,"1":"","2":"","3":"","4":"","5":"","6":"","7":"","8":""}],"_links":{"self":[{"href":"https:\/\/buletin.de\/bucuresti\/wp-json\/wp\/v2\/posts\/98065","targetHints":{"allow":["GET"]}}],"collection":[{"href":"https:\/\/buletin.de\/bucuresti\/wp-json\/wp\/v2\/posts"}],"about":[{"href":"https:\/\/buletin.de\/bucuresti\/wp-json\/wp\/v2\/types\/post"}],"author":[{"embeddable":true,"href":"https:\/\/buletin.de\/bucuresti\/wp-json\/wp\/v2\/users\/49"}],"replies":[{"embeddable":true,"href":"https:\/\/buletin.de\/bucuresti\/wp-json\/wp\/v2\/comments?post=98065"}],"version-history":[{"count":4,"href":"https:\/\/buletin.de\/bucuresti\/wp-json\/wp\/v2\/posts\/98065\/revisions"}],"predecessor-version":[{"id":98073,"href":"https:\/\/buletin.de\/bucuresti\/wp-json\/wp\/v2\/posts\/98065\/revisions\/98073"}],"wp:featuredmedia":[{"embeddable":true,"href":"https:\/\/buletin.de\/bucuresti\/wp-json\/wp\/v2\/media\/62622"}],"wp:attachment":[{"href":"https:\/\/buletin.de\/bucuresti\/wp-json\/wp\/v2\/media?parent=98065"}],"wp:term":[{"taxonomy":"category","embeddable":true,"href":"https:\/\/buletin.de\/bucuresti\/wp-json\/wp\/v2\/categories?post=98065"},{"taxonomy":"post_tag","embeddable":true,"href":"https:\/\/buletin.de\/bucuresti\/wp-json\/wp\/v2\/tags?post=98065"},{"taxonomy":"author","embeddable":true,"href":"https:\/\/buletin.de\/bucuresti\/wp-json\/wp\/v2\/ppma_author?post=98065"}],"curies":[{"name":"wp","href":"https:\/\/api.w.org\/{rel}","templated":true}]}}