{"id":97858,"date":"2024-09-11T18:49:15","date_gmt":"2024-09-11T15:49:15","guid":{"rendered":"https:\/\/buletin.de\/bucuresti\/?p=97858"},"modified":"2024-09-11T19:06:57","modified_gmt":"2024-09-11T16:06:57","slug":"pagina-de-facebook-a-stb-a-fost-inchisa-din-cauza-atacurilor-cibernetice","status":"publish","type":"post","link":"https:\/\/buletin.de\/bucuresti\/pagina-de-facebook-a-stb-a-fost-inchisa-din-cauza-atacurilor-cibernetice\/","title":{"rendered":"Pagina de Facebook a STB a fost \u00eenchis\u0103 din cauza atacurilor cibernetice"},"content":{"rendered":"\n<p><strong>Pagina de Facebook a STB  a fost \u00eenchis\u0103 \u00eencep\u00e2nd de miercuri, 11 septembrie, din cauza intensific\u0103rii atacurilor informatice, anun\u021b\u0103 institu\u021bia.<\/strong><\/p>\n\n\n\n<p>Un nou cont \u0219i o nou\u0103 pagin\u0103 vor fi lansate de s\u0103pt\u0103m\u00e2n\u0103 viitoare, a anun\u021bat compania. P\u00e2n\u0103 atunci, anun\u021burile Societat\u0103\u021bii de Transport Bucure\u0219ti (rute modificate, mijloace de transport blocate, sta\u021bii relocate, etc.) vor fi f\u0103cute doar prin intermediul re\u021belelor sociale Instagram \u0219i X, precum \u0219i pe <a href=\"https:\/\/www.stb.ro\">site-ul institu\u021biei<\/a>.<\/p>\n\n\n\n<h2 class=\"wp-block-heading\" id=\"h-abonament-pe-\u0219ase-luni-la-doar-10-lei\">\u201eAbonament pe \u0219ase luni, la doar 10 lei\u201d<\/h2>\n\n\n\n<p>Atacurile asupra paginii de Facebook a Societ\u0103\u021bii de Transport Bucure\u0219ti au venit la pu\u021bin timp dup\u0103 ce compania a avertizat c\u0103l\u0103torii cu privire la cardurile false pentru transportul \u00een comun promovate pe re\u021beaua de socializare.<\/p>\n\n\n\n<p>Primul avertisment a fost f\u0103cut \u00een data de 6 august. Acesta f\u0103cea referire la un anun\u021b fals care promirea un card de transport valabil pe \u0219ase luni, la doar 9,95 lei.<\/p>\n\n\n\n<p><em>\u201eO oportunitate unic\u0103 pentru bucure\u0219teni! \u00cen cinstea \u00eemplinirii a 6-a aniversare a Societ\u0103\u021bii de Transport Bucure\u0219ti (STB)! Cump\u0103ra\u021bi un nou card Activ cu o perioad\u0103 de valabilitate de 6 luni \u0219i f\u0103r\u0103 restric\u021bii la toate tipurile de transport. La doar 9,95 lei!<\/em><\/p>\n\n\n\n<p><em>Gr\u0103be\u0219te-te, oferta este valabil\u0103 pentru primele 500 de persoane! Ofert\u0103 valabil\u0103 p\u00e2n\u0103 pe 10 august 2024!\u201d, sus\u021bine anun\u021bul fals.<\/em><\/p>\n\n\n\n<p>Pagina de Facebook care promova \u00een\u0219el\u0103ciunea a fost realizat\u0103 cu doar 16 ore \u00eenainte de comunicatul companiei. Aceasta con\u021binea doar anun\u021bul fals, repetat de mai multe ori.<\/p>\n\n\n\n<p>La acel moment, STB a subliniat c\u0103 nu a pus \u00een circula\u021bie un asemenea \u201ecard Activ\u201d \u015fi anun\u0163\u0103 c\u0103 a demarat procedura de raportare a acestui mesaj c\u0103tre Facebook \u015fi Poli\u0163ia Rom\u00e2n\u0103.&nbsp;<\/p>\n\n\n\n<p><strong>CITE\u0218TE \u0218I:<\/strong> <strong><a href=\"https:\/\/buletin.de\/bucuresti\/card-fals-pentru-transportul-in-comun-din-bucuresti-promovat-pe-facebook\/\">Card fals pentru transportul \u00een comun din Bucure\u0219ti, promovat pe Facebook<\/a><\/strong><\/p>\n\n\n\n<h2 class=\"wp-block-heading\" id=\"h-al-doilea-avertismen-pe-pagina-de-facebook-a-stb\">Al doilea avertismen pe <strong>pagina de Facebook a STB <\/strong><\/h2>\n\n\n\n<p>La o lun\u0103 distan\u021b\u0103, <strong>pagina de Facebook a STB <\/strong> lansa, pe 6 septembrie, un al doilea avertisment. De data aceasta, escrocii promovau carduri STB gratuite, valabile \u0219ase luni.<\/p>\n\n\n\n<p>Pentru ca \u00een\u0219el\u0103toria s\u0103 fie c\u00e2t mai crebil\u0103, postarea men\u021biona \u0219i Prim\u0103ria Municipiului Bucure\u0219ti.<\/p>\n\n\n\n<figure class=\"wp-block-image size-large\"><img fetchpriority=\"high\" decoding=\"async\" width=\"693\" height=\"900\" src=\"data:image\/gif;base64,R0lGODlhAQABAAAAACH5BAEKAAEALAAAAAABAAEAAAICTAEAOw==\" data-src=\"https:\/\/buletin.de\/bucuresti\/wp-content\/uploads\/fals-1-693x900.jpeg\" alt=\"\" class=\"wp-image-97860 lazyload\" data-sizes=\"auto\" data-srcset=\"https:\/\/buletin.de\/bucuresti\/wp-content\/uploads\/fals-1-693x900.jpeg 693w, https:\/\/buletin.de\/bucuresti\/wp-content\/uploads\/fals-1-231x300.jpeg 231w, https:\/\/buletin.de\/bucuresti\/wp-content\/uploads\/fals-1-768x998.jpeg 768w, https:\/\/buletin.de\/bucuresti\/wp-content\/uploads\/fals-1-600x780.jpeg 600w, https:\/\/buletin.de\/bucuresti\/wp-content\/uploads\/fals-1-20x26.jpeg 20w, https:\/\/buletin.de\/bucuresti\/wp-content\/uploads\/fals-1.jpeg 828w\" sizes=\"(max-width: 693px) 100vw, 693px\" \/><\/figure>\n\n\n\n<p>Ulterior, compania a anun\u021bat c\u0103l\u0103torii, prin intermediul re\u021belelor de socializare, c\u0103 nu exist\u0103 un asemenea \u201ecard STB\u201d \u0219i nici \u201echestionare sau oferte de gratuitate pentru 6 luni\u201d.<\/p>\n\n\n\n<p><strong>CITE\u0218TE \u0218I:<\/strong> <strong><a href=\"https:\/\/buletin.de\/bucuresti\/conducere-noua-la-metrorex-care-sunt-relatiile-noilor-directori\/\">Conducere nou\u0103 la Metrorex. Care sunt rela\u021biile noilor directori<\/a><\/strong><\/p>\n","protected":false},"excerpt":{"rendered":"<p>Pagina de Facebook a STB a fost \u00eenchis\u0103 \u00eencep\u00e2nd de miercuri, 11 septembrie, din cauza intensific\u0103rii atacurilor informatice, anun\u021b\u0103 institu\u021bia. Un nou cont \u0219i o nou\u0103 pagin\u0103 vor fi lansate de s\u0103pt\u0103m\u00e2n\u0103 viitoare, a anun\u021bat compania. P\u00e2n\u0103 atunci, anun\u021burile Societat\u0103\u021bii de Transport Bucure\u0219ti (rute modificate, mijloace de transport blocate, sta\u021bii relocate, etc.) vor fi f\u0103cute [&hellip;]<\/p>\n","protected":false},"author":55,"featured_media":97861,"comment_status":"closed","ping_status":"open","sticky":false,"template":"","format":"standard","meta":{"_acf_changed":false,"inline_featured_image":false,"ngg_post_thumbnail":0,"footnotes":""},"categories":[6994,9026,62,650],"tags":[13966,15006,14851,15007,104,15008,402,7389,5908],"ppma_author":[22573],"class_list":["post-97858","post","type-post","status-publish","format-standard","has-post-thumbnail","hentry","category-stiri-2","category-eveniment","category-stiri","category-transport","tag-card-fals-stb","tag-facebook-stb","tag-frauda-stb","tag-inselaciune-online","tag-pmb","tag-promotii-false-stb","tag-stb","tag-transport-in-comun-2","tag-transport-public"],"acf":[],"yoast_head":"<!-- This site is optimized with the Yoast SEO Premium plugin v25.3 (Yoast SEO v27.4) - https:\/\/yoast.com\/product\/yoast-seo-premium-wordpress\/ -->\n<title>Pagina de Facebook a STB a fost \u00eenchis\u0103 din cauza atacurilor cibernetice - Buletin de Bucure\u0219ti<\/title>\n<meta name=\"description\" content=\"Pagina de Facebook a STB S.A. a fost \u00eenchis\u0103, \u00eencep\u00e2nd de miercuri, 11 septembrie, din cauza intensific\u0103rii atacurilor informatice.\" \/>\n<meta name=\"robots\" content=\"index, follow, max-snippet:-1, max-image-preview:large, max-video-preview:-1\" \/>\n<link rel=\"canonical\" href=\"https:\/\/buletin.de\/bucuresti\/pagina-de-facebook-a-stb-a-fost-inchisa-din-cauza-atacurilor-cibernetice\/\" \/>\n<meta property=\"og:locale\" content=\"en_GB\" \/>\n<meta property=\"og:type\" content=\"article\" \/>\n<meta property=\"og:title\" content=\"Pagina de Facebook a STB a fost \u00eenchis\u0103 din cauza atacurilor cibernetice\" \/>\n<meta property=\"og:description\" content=\"Pagina de Facebook a STB S.A. a fost \u00eenchis\u0103, \u00eencep\u00e2nd de miercuri, 11 septembrie, din cauza intensific\u0103rii atacurilor informatice.\" \/>\n<meta property=\"og:url\" content=\"https:\/\/buletin.de\/bucuresti\/pagina-de-facebook-a-stb-a-fost-inchisa-din-cauza-atacurilor-cibernetice\/\" \/>\n<meta property=\"og:site_name\" content=\"Buletin de Bucure\u0219ti\" \/>\n<meta property=\"article:publisher\" content=\"https:\/\/www.facebook.com\/buletin.de.buc\" \/>\n<meta property=\"article:published_time\" content=\"2024-09-11T15:49:15+00:00\" \/>\n<meta property=\"article:modified_time\" content=\"2024-09-11T16:06:57+00:00\" \/>\n<meta property=\"og:image\" content=\"https:\/\/buletin.de\/bucuresti\/wp-content\/uploads\/1sanrixw5oy.jpg\" \/>\n\t<meta property=\"og:image:width\" content=\"1600\" \/>\n\t<meta property=\"og:image:height\" content=\"1067\" \/>\n\t<meta property=\"og:image:type\" content=\"image\/jpeg\" \/>\n<meta name=\"author\" content=\"Andreea Tudor\" \/>\n<meta name=\"twitter:card\" content=\"summary_large_image\" \/>\n<meta name=\"twitter:label1\" content=\"Written by\" \/>\n\t<meta name=\"twitter:data1\" content=\"Andreea Tudor\" \/>\n\t<meta name=\"twitter:label2\" content=\"Estimated reading time\" \/>\n\t<meta name=\"twitter:data2\" content=\"2 minutes\" \/>\n<script type=\"application\/ld+json\" class=\"yoast-schema-graph\">{\"@context\":\"https:\\\/\\\/schema.org\",\"@graph\":[{\"@type\":\"Article\",\"@id\":\"https:\\\/\\\/buletin.de\\\/bucuresti\\\/pagina-de-facebook-a-stb-a-fost-inchisa-din-cauza-atacurilor-cibernetice\\\/#article\",\"isPartOf\":{\"@id\":\"https:\\\/\\\/buletin.de\\\/bucuresti\\\/pagina-de-facebook-a-stb-a-fost-inchisa-din-cauza-atacurilor-cibernetice\\\/\"},\"author\":{\"name\":\"Andreea Tudor\",\"@id\":\"https:\\\/\\\/buletin.de\\\/bucuresti\\\/#\\\/schema\\\/person\\\/150590659efde715459d159da012f501\"},\"headline\":\"Pagina de Facebook a STB a fost \u00eenchis\u0103 din cauza atacurilor cibernetice\",\"datePublished\":\"2024-09-11T15:49:15+00:00\",\"dateModified\":\"2024-09-11T16:06:57+00:00\",\"mainEntityOfPage\":{\"@id\":\"https:\\\/\\\/buletin.de\\\/bucuresti\\\/pagina-de-facebook-a-stb-a-fost-inchisa-din-cauza-atacurilor-cibernetice\\\/\"},\"wordCount\":422,\"publisher\":{\"@id\":\"https:\\\/\\\/buletin.de\\\/bucuresti\\\/#organization\"},\"image\":{\"@id\":\"https:\\\/\\\/buletin.de\\\/bucuresti\\\/pagina-de-facebook-a-stb-a-fost-inchisa-din-cauza-atacurilor-cibernetice\\\/#primaryimage\"},\"thumbnailUrl\":\"https:\\\/\\\/buletin.de\\\/bucuresti\\\/wp-content\\\/uploads\\\/1sanrixw5oy.jpg\",\"keywords\":[\"card fals stb\",\"facebook stb\",\"frauda stb\",\"inselaciune online\",\"pmb\",\"promotii false stb\",\"stb\",\"transport in comun\",\"transport public\"],\"articleSection\":[\"Articole\",\"Eveniment\",\"\u0218tiri\",\"Transport\"],\"inLanguage\":\"en-GB\",\"copyrightYear\":\"2024\",\"copyrightHolder\":{\"@id\":\"https:\\\/\\\/buletin.de\\\/bucuresti\\\/#organization\"}},{\"@type\":\"WebPage\",\"@id\":\"https:\\\/\\\/buletin.de\\\/bucuresti\\\/pagina-de-facebook-a-stb-a-fost-inchisa-din-cauza-atacurilor-cibernetice\\\/\",\"url\":\"https:\\\/\\\/buletin.de\\\/bucuresti\\\/pagina-de-facebook-a-stb-a-fost-inchisa-din-cauza-atacurilor-cibernetice\\\/\",\"name\":\"Pagina de Facebook a STB a fost \u00eenchis\u0103 din cauza atacurilor cibernetice - Buletin de Bucure\u0219ti\",\"isPartOf\":{\"@id\":\"https:\\\/\\\/buletin.de\\\/bucuresti\\\/#website\"},\"primaryImageOfPage\":{\"@id\":\"https:\\\/\\\/buletin.de\\\/bucuresti\\\/pagina-de-facebook-a-stb-a-fost-inchisa-din-cauza-atacurilor-cibernetice\\\/#primaryimage\"},\"image\":{\"@id\":\"https:\\\/\\\/buletin.de\\\/bucuresti\\\/pagina-de-facebook-a-stb-a-fost-inchisa-din-cauza-atacurilor-cibernetice\\\/#primaryimage\"},\"thumbnailUrl\":\"https:\\\/\\\/buletin.de\\\/bucuresti\\\/wp-content\\\/uploads\\\/1sanrixw5oy.jpg\",\"datePublished\":\"2024-09-11T15:49:15+00:00\",\"dateModified\":\"2024-09-11T16:06:57+00:00\",\"description\":\"Pagina de Facebook a STB S.A. a fost \u00eenchis\u0103, \u00eencep\u00e2nd de miercuri, 11 septembrie, din cauza intensific\u0103rii atacurilor informatice.\",\"breadcrumb\":{\"@id\":\"https:\\\/\\\/buletin.de\\\/bucuresti\\\/pagina-de-facebook-a-stb-a-fost-inchisa-din-cauza-atacurilor-cibernetice\\\/#breadcrumb\"},\"inLanguage\":\"en-GB\",\"potentialAction\":[{\"@type\":\"ReadAction\",\"target\":[\"https:\\\/\\\/buletin.de\\\/bucuresti\\\/pagina-de-facebook-a-stb-a-fost-inchisa-din-cauza-atacurilor-cibernetice\\\/\"]}]},{\"@type\":\"ImageObject\",\"inLanguage\":\"en-GB\",\"@id\":\"https:\\\/\\\/buletin.de\\\/bucuresti\\\/pagina-de-facebook-a-stb-a-fost-inchisa-din-cauza-atacurilor-cibernetice\\\/#primaryimage\",\"url\":\"https:\\\/\\\/buletin.de\\\/bucuresti\\\/wp-content\\\/uploads\\\/1sanrixw5oy.jpg\",\"contentUrl\":\"https:\\\/\\\/buletin.de\\\/bucuresti\\\/wp-content\\\/uploads\\\/1sanrixw5oy.jpg\",\"width\":1600,\"height\":1067,\"caption\":\"Pagina de Facebook a STB, \u00eenchis\u0103 din cauza atacurilor cibernetice. Foto: Unsplah\"},{\"@type\":\"BreadcrumbList\",\"@id\":\"https:\\\/\\\/buletin.de\\\/bucuresti\\\/pagina-de-facebook-a-stb-a-fost-inchisa-din-cauza-atacurilor-cibernetice\\\/#breadcrumb\",\"itemListElement\":[{\"@type\":\"ListItem\",\"position\":1,\"name\":\"Acas\u0103\",\"item\":\"https:\\\/\\\/buletin.de\\\/bucuresti\\\/\"},{\"@type\":\"ListItem\",\"position\":2,\"name\":\"Pagina de Facebook a STB a fost \u00eenchis\u0103 din cauza atacurilor cibernetice\"}]},{\"@type\":\"WebSite\",\"@id\":\"https:\\\/\\\/buletin.de\\\/bucuresti\\\/#website\",\"url\":\"https:\\\/\\\/buletin.de\\\/bucuresti\\\/\",\"name\":\"Buletin de Bucure\u0219ti\",\"description\":\"\u0218tiri \u0219i investiga\u021bii esen\u021biale din capital\u0103\",\"publisher\":{\"@id\":\"https:\\\/\\\/buletin.de\\\/bucuresti\\\/#organization\"},\"potentialAction\":[{\"@type\":\"SearchAction\",\"target\":{\"@type\":\"EntryPoint\",\"urlTemplate\":\"https:\\\/\\\/buletin.de\\\/bucuresti\\\/?s={search_term_string}\"},\"query-input\":{\"@type\":\"PropertyValueSpecification\",\"valueRequired\":true,\"valueName\":\"search_term_string\"}}],\"inLanguage\":\"en-GB\"},{\"@type\":\"Organization\",\"@id\":\"https:\\\/\\\/buletin.de\\\/bucuresti\\\/#organization\",\"name\":\"Buletin de Bucure\u0219ti\",\"url\":\"https:\\\/\\\/buletin.de\\\/bucuresti\\\/\",\"logo\":{\"@type\":\"ImageObject\",\"inLanguage\":\"en-GB\",\"@id\":\"https:\\\/\\\/buletin.de\\\/bucuresti\\\/#\\\/schema\\\/logo\\\/image\\\/\",\"url\":\"https:\\\/\\\/buletin.de\\\/bucuresti\\\/wp-content\\\/uploads\\\/logo-bdb-full-wide-vernil-transparent.png\",\"contentUrl\":\"https:\\\/\\\/buletin.de\\\/bucuresti\\\/wp-content\\\/uploads\\\/logo-bdb-full-wide-vernil-transparent.png\",\"width\":1782,\"height\":626,\"caption\":\"Buletin de Bucure\u0219ti\"},\"image\":{\"@id\":\"https:\\\/\\\/buletin.de\\\/bucuresti\\\/#\\\/schema\\\/logo\\\/image\\\/\"},\"sameAs\":[\"https:\\\/\\\/www.facebook.com\\\/buletin.de.buc\",\"https:\\\/\\\/www.instagram.com\\\/buletinde.bucuresti\\\/\"]},{\"@type\":\"Person\",\"@id\":\"https:\\\/\\\/buletin.de\\\/bucuresti\\\/#\\\/schema\\\/person\\\/150590659efde715459d159da012f501\",\"name\":\"Andreea Tudor\",\"image\":{\"@type\":\"ImageObject\",\"inLanguage\":\"en-GB\",\"@id\":\"https:\\\/\\\/secure.gravatar.com\\\/avatar\\\/a88705a186ab0b67f3349bcbced506c09e37256fbaad0e7f3bd1a79b4599f589?s=96&d=monsterid&r=g79290610aa1a65c2b86eebc2ca5aee8f\",\"url\":\"https:\\\/\\\/secure.gravatar.com\\\/avatar\\\/a88705a186ab0b67f3349bcbced506c09e37256fbaad0e7f3bd1a79b4599f589?s=96&d=monsterid&r=g\",\"contentUrl\":\"https:\\\/\\\/secure.gravatar.com\\\/avatar\\\/a88705a186ab0b67f3349bcbced506c09e37256fbaad0e7f3bd1a79b4599f589?s=96&d=monsterid&r=g\",\"caption\":\"Andreea Tudor\"},\"description\":\"N\u0103scut\u0103 \u0219i crescut\u0103 \u00een Bucure\u0219ti, sus\u021bin\u0103toare a presei independente. A\u0219a am ajuns redactor la Buletin de Bucure\u0219ti. Fiind eu, \u00eens\u0103mi, parte a sistemului de \u00eenv\u0103\u021b\u0103m\u00e2nt rom\u00e2nesc \u0219i pasionat\u0103 de domeniul social, pun sub lup\u0103 tot ceea ce se \u00eent\u00e2mpl\u0103 \u00een sfera educa\u021biei. Cred cu t\u0103rie c\u0103 presa \u201epentru cet\u0103\u021beni\u201d este presa independent\u0103. Oamenii au nevoie de o informare corect\u0103 pentru a \u00een\u021belege pe deplin ce se \u00eent\u00e2mpl\u0103 \u00een jurul lor \u0219i pentru a lua ac\u021biune \u00eempotriva nedrept\u0103\u021bilor.\",\"url\":\"https:\\\/\\\/buletin.de\\\/bucuresti\\\/author\\\/andreeatudor\\\/\"}]}<\/script>\n<!-- \/ Yoast SEO Premium plugin. -->","yoast_head_json":{"title":"Pagina de Facebook a STB a fost \u00eenchis\u0103 din cauza atacurilor cibernetice - Buletin de Bucure\u0219ti","description":"Pagina de Facebook a STB S.A. a fost \u00eenchis\u0103, \u00eencep\u00e2nd de miercuri, 11 septembrie, din cauza intensific\u0103rii atacurilor informatice.","robots":{"index":"index","follow":"follow","max-snippet":"max-snippet:-1","max-image-preview":"max-image-preview:large","max-video-preview":"max-video-preview:-1"},"canonical":"https:\/\/buletin.de\/bucuresti\/pagina-de-facebook-a-stb-a-fost-inchisa-din-cauza-atacurilor-cibernetice\/","og_locale":"en_GB","og_type":"article","og_title":"Pagina de Facebook a STB a fost \u00eenchis\u0103 din cauza atacurilor cibernetice","og_description":"Pagina de Facebook a STB S.A. a fost \u00eenchis\u0103, \u00eencep\u00e2nd de miercuri, 11 septembrie, din cauza intensific\u0103rii atacurilor informatice.","og_url":"https:\/\/buletin.de\/bucuresti\/pagina-de-facebook-a-stb-a-fost-inchisa-din-cauza-atacurilor-cibernetice\/","og_site_name":"Buletin de Bucure\u0219ti","article_publisher":"https:\/\/www.facebook.com\/buletin.de.buc","article_published_time":"2024-09-11T15:49:15+00:00","article_modified_time":"2024-09-11T16:06:57+00:00","og_image":[{"width":1600,"height":1067,"url":"https:\/\/buletin.de\/bucuresti\/wp-content\/uploads\/1sanrixw5oy.jpg","type":"image\/jpeg"}],"author":"Andreea Tudor","twitter_card":"summary_large_image","twitter_misc":{"Written by":"Andreea Tudor","Estimated reading time":"2 minutes"},"schema":{"@context":"https:\/\/schema.org","@graph":[{"@type":"Article","@id":"https:\/\/buletin.de\/bucuresti\/pagina-de-facebook-a-stb-a-fost-inchisa-din-cauza-atacurilor-cibernetice\/#article","isPartOf":{"@id":"https:\/\/buletin.de\/bucuresti\/pagina-de-facebook-a-stb-a-fost-inchisa-din-cauza-atacurilor-cibernetice\/"},"author":{"name":"Andreea Tudor","@id":"https:\/\/buletin.de\/bucuresti\/#\/schema\/person\/150590659efde715459d159da012f501"},"headline":"Pagina de Facebook a STB a fost \u00eenchis\u0103 din cauza atacurilor cibernetice","datePublished":"2024-09-11T15:49:15+00:00","dateModified":"2024-09-11T16:06:57+00:00","mainEntityOfPage":{"@id":"https:\/\/buletin.de\/bucuresti\/pagina-de-facebook-a-stb-a-fost-inchisa-din-cauza-atacurilor-cibernetice\/"},"wordCount":422,"publisher":{"@id":"https:\/\/buletin.de\/bucuresti\/#organization"},"image":{"@id":"https:\/\/buletin.de\/bucuresti\/pagina-de-facebook-a-stb-a-fost-inchisa-din-cauza-atacurilor-cibernetice\/#primaryimage"},"thumbnailUrl":"https:\/\/buletin.de\/bucuresti\/wp-content\/uploads\/1sanrixw5oy.jpg","keywords":["card fals stb","facebook stb","frauda stb","inselaciune online","pmb","promotii false stb","stb","transport in comun","transport public"],"articleSection":["Articole","Eveniment","\u0218tiri","Transport"],"inLanguage":"en-GB","copyrightYear":"2024","copyrightHolder":{"@id":"https:\/\/buletin.de\/bucuresti\/#organization"}},{"@type":"WebPage","@id":"https:\/\/buletin.de\/bucuresti\/pagina-de-facebook-a-stb-a-fost-inchisa-din-cauza-atacurilor-cibernetice\/","url":"https:\/\/buletin.de\/bucuresti\/pagina-de-facebook-a-stb-a-fost-inchisa-din-cauza-atacurilor-cibernetice\/","name":"Pagina de Facebook a STB a fost \u00eenchis\u0103 din cauza atacurilor cibernetice - Buletin de Bucure\u0219ti","isPartOf":{"@id":"https:\/\/buletin.de\/bucuresti\/#website"},"primaryImageOfPage":{"@id":"https:\/\/buletin.de\/bucuresti\/pagina-de-facebook-a-stb-a-fost-inchisa-din-cauza-atacurilor-cibernetice\/#primaryimage"},"image":{"@id":"https:\/\/buletin.de\/bucuresti\/pagina-de-facebook-a-stb-a-fost-inchisa-din-cauza-atacurilor-cibernetice\/#primaryimage"},"thumbnailUrl":"https:\/\/buletin.de\/bucuresti\/wp-content\/uploads\/1sanrixw5oy.jpg","datePublished":"2024-09-11T15:49:15+00:00","dateModified":"2024-09-11T16:06:57+00:00","description":"Pagina de Facebook a STB S.A. a fost \u00eenchis\u0103, \u00eencep\u00e2nd de miercuri, 11 septembrie, din cauza intensific\u0103rii atacurilor informatice.","breadcrumb":{"@id":"https:\/\/buletin.de\/bucuresti\/pagina-de-facebook-a-stb-a-fost-inchisa-din-cauza-atacurilor-cibernetice\/#breadcrumb"},"inLanguage":"en-GB","potentialAction":[{"@type":"ReadAction","target":["https:\/\/buletin.de\/bucuresti\/pagina-de-facebook-a-stb-a-fost-inchisa-din-cauza-atacurilor-cibernetice\/"]}]},{"@type":"ImageObject","inLanguage":"en-GB","@id":"https:\/\/buletin.de\/bucuresti\/pagina-de-facebook-a-stb-a-fost-inchisa-din-cauza-atacurilor-cibernetice\/#primaryimage","url":"https:\/\/buletin.de\/bucuresti\/wp-content\/uploads\/1sanrixw5oy.jpg","contentUrl":"https:\/\/buletin.de\/bucuresti\/wp-content\/uploads\/1sanrixw5oy.jpg","width":1600,"height":1067,"caption":"Pagina de Facebook a STB, \u00eenchis\u0103 din cauza atacurilor cibernetice. Foto: Unsplah"},{"@type":"BreadcrumbList","@id":"https:\/\/buletin.de\/bucuresti\/pagina-de-facebook-a-stb-a-fost-inchisa-din-cauza-atacurilor-cibernetice\/#breadcrumb","itemListElement":[{"@type":"ListItem","position":1,"name":"Acas\u0103","item":"https:\/\/buletin.de\/bucuresti\/"},{"@type":"ListItem","position":2,"name":"Pagina de Facebook a STB a fost \u00eenchis\u0103 din cauza atacurilor cibernetice"}]},{"@type":"WebSite","@id":"https:\/\/buletin.de\/bucuresti\/#website","url":"https:\/\/buletin.de\/bucuresti\/","name":"Buletin de Bucure\u0219ti","description":"\u0218tiri \u0219i investiga\u021bii esen\u021biale din capital\u0103","publisher":{"@id":"https:\/\/buletin.de\/bucuresti\/#organization"},"potentialAction":[{"@type":"SearchAction","target":{"@type":"EntryPoint","urlTemplate":"https:\/\/buletin.de\/bucuresti\/?s={search_term_string}"},"query-input":{"@type":"PropertyValueSpecification","valueRequired":true,"valueName":"search_term_string"}}],"inLanguage":"en-GB"},{"@type":"Organization","@id":"https:\/\/buletin.de\/bucuresti\/#organization","name":"Buletin de Bucure\u0219ti","url":"https:\/\/buletin.de\/bucuresti\/","logo":{"@type":"ImageObject","inLanguage":"en-GB","@id":"https:\/\/buletin.de\/bucuresti\/#\/schema\/logo\/image\/","url":"https:\/\/buletin.de\/bucuresti\/wp-content\/uploads\/logo-bdb-full-wide-vernil-transparent.png","contentUrl":"https:\/\/buletin.de\/bucuresti\/wp-content\/uploads\/logo-bdb-full-wide-vernil-transparent.png","width":1782,"height":626,"caption":"Buletin de Bucure\u0219ti"},"image":{"@id":"https:\/\/buletin.de\/bucuresti\/#\/schema\/logo\/image\/"},"sameAs":["https:\/\/www.facebook.com\/buletin.de.buc","https:\/\/www.instagram.com\/buletinde.bucuresti\/"]},{"@type":"Person","@id":"https:\/\/buletin.de\/bucuresti\/#\/schema\/person\/150590659efde715459d159da012f501","name":"Andreea Tudor","image":{"@type":"ImageObject","inLanguage":"en-GB","@id":"https:\/\/secure.gravatar.com\/avatar\/a88705a186ab0b67f3349bcbced506c09e37256fbaad0e7f3bd1a79b4599f589?s=96&d=monsterid&r=g79290610aa1a65c2b86eebc2ca5aee8f","url":"https:\/\/secure.gravatar.com\/avatar\/a88705a186ab0b67f3349bcbced506c09e37256fbaad0e7f3bd1a79b4599f589?s=96&d=monsterid&r=g","contentUrl":"https:\/\/secure.gravatar.com\/avatar\/a88705a186ab0b67f3349bcbced506c09e37256fbaad0e7f3bd1a79b4599f589?s=96&d=monsterid&r=g","caption":"Andreea Tudor"},"description":"N\u0103scut\u0103 \u0219i crescut\u0103 \u00een Bucure\u0219ti, sus\u021bin\u0103toare a presei independente. A\u0219a am ajuns redactor la Buletin de Bucure\u0219ti. Fiind eu, \u00eens\u0103mi, parte a sistemului de \u00eenv\u0103\u021b\u0103m\u00e2nt rom\u00e2nesc \u0219i pasionat\u0103 de domeniul social, pun sub lup\u0103 tot ceea ce se \u00eent\u00e2mpl\u0103 \u00een sfera educa\u021biei. Cred cu t\u0103rie c\u0103 presa \u201epentru cet\u0103\u021beni\u201d este presa independent\u0103. Oamenii au nevoie de o informare corect\u0103 pentru a \u00een\u021belege pe deplin ce se \u00eent\u00e2mpl\u0103 \u00een jurul lor \u0219i pentru a lua ac\u021biune \u00eempotriva nedrept\u0103\u021bilor.","url":"https:\/\/buletin.de\/bucuresti\/author\/andreeatudor\/"}]}},"authors":[{"term_id":22573,"user_id":55,"is_guest":0,"slug":"andreeatudor","display_name":"Andreea Tudor","avatar_url":"https:\/\/secure.gravatar.com\/avatar\/a88705a186ab0b67f3349bcbced506c09e37256fbaad0e7f3bd1a79b4599f589?s=96&d=monsterid&r=g","0":null,"1":"","2":"","3":"","4":"","5":"","6":"","7":"","8":""}],"_links":{"self":[{"href":"https:\/\/buletin.de\/bucuresti\/wp-json\/wp\/v2\/posts\/97858","targetHints":{"allow":["GET"]}}],"collection":[{"href":"https:\/\/buletin.de\/bucuresti\/wp-json\/wp\/v2\/posts"}],"about":[{"href":"https:\/\/buletin.de\/bucuresti\/wp-json\/wp\/v2\/types\/post"}],"author":[{"embeddable":true,"href":"https:\/\/buletin.de\/bucuresti\/wp-json\/wp\/v2\/users\/55"}],"replies":[{"embeddable":true,"href":"https:\/\/buletin.de\/bucuresti\/wp-json\/wp\/v2\/comments?post=97858"}],"version-history":[{"count":5,"href":"https:\/\/buletin.de\/bucuresti\/wp-json\/wp\/v2\/posts\/97858\/revisions"}],"predecessor-version":[{"id":97867,"href":"https:\/\/buletin.de\/bucuresti\/wp-json\/wp\/v2\/posts\/97858\/revisions\/97867"}],"wp:featuredmedia":[{"embeddable":true,"href":"https:\/\/buletin.de\/bucuresti\/wp-json\/wp\/v2\/media\/97861"}],"wp:attachment":[{"href":"https:\/\/buletin.de\/bucuresti\/wp-json\/wp\/v2\/media?parent=97858"}],"wp:term":[{"taxonomy":"category","embeddable":true,"href":"https:\/\/buletin.de\/bucuresti\/wp-json\/wp\/v2\/categories?post=97858"},{"taxonomy":"post_tag","embeddable":true,"href":"https:\/\/buletin.de\/bucuresti\/wp-json\/wp\/v2\/tags?post=97858"},{"taxonomy":"author","embeddable":true,"href":"https:\/\/buletin.de\/bucuresti\/wp-json\/wp\/v2\/ppma_author?post=97858"}],"curies":[{"name":"wp","href":"https:\/\/api.w.org\/{rel}","templated":true}]}}