{"id":97850,"date":"2024-09-11T17:22:34","date_gmt":"2024-09-11T14:22:34","guid":{"rendered":"https:\/\/buletin.de\/bucuresti\/?p=97850"},"modified":"2024-09-11T23:25:59","modified_gmt":"2024-09-11T20:25:59","slug":"accident-in-pasajul-unirii-trei-autovehicule-implicate","status":"publish","type":"post","link":"https:\/\/buletin.de\/bucuresti\/accident-in-pasajul-unirii-trei-autovehicule-implicate\/","title":{"rendered":"Accident \u00een Pasajul Unirii. Trei autovehicule implicate. Video cu momentul ciocnirii \u00een lan\u021b"},"content":{"rendered":"\n<p><strong>Un accident a avut loc miercuri \u00een Pasajul Unirii. Trei autovehicule s-au tamponat. O persoan\u0103 a necesitat \u00eengrijiri medicale, iar traficul este direc\u0163ionat pe deasupra Pasajului Unirii<\/strong>.<\/p>\n\n\n\n<h2 class=\"wp-block-heading\" id=\"h-update-momentul-accidentului-surprins-de-camere-din-pasaj\">UPDATE: Momentul accidentului, surprins de camere din pasaj<\/h2>\n\n\n\n<p>Prim\u0103ria Sectorului 4 a publicat imaginile de la camerele de supraveghere din Pasajul Unirii, care au surprins momentul accidentului. <\/p>\n\n\n\n<iframe src=\"https:\/\/www.facebook.com\/plugins\/video.php?height=316&#038;href=https%3A%2F%2Fwww.facebook.com%2FPrimariaSectorului4%2Fvideos%2F1970484936738465%2F&#038;show_text=false&#038;width=560&#038;t=0\" width=\"560\" height=\"316\" style=\"border:none;overflow:hidden\" scrolling=\"no\" frameborder=\"0\" allowfullscreen=\"true\" allow=\"autoplay; clipboard-write; encrypted-media; picture-in-picture; web-share\" allowFullScreen=\"true\"><\/iframe>\n\n\n\n<h2 class=\"wp-block-heading\" id=\"h-s-au-inregistrat-pagube-materiale\">S-au \u00eenregistrat pagube materiale<\/h2>\n\n\n\n<p>\u201eAst\u0103zi, \u00een jurul orei 15.54, Brigada Rutier\u0103 a fost sesizat\u0103 prin apel 112 cu privire la producerea unui accident de circula\u021bie \u00een Pasajul Unirii, \u00een care au fost implicate 3 autovehicule.<\/p>\n\n\n\n<p>Traficul a fost deviat pe deasupra pasajului Unirii, dinspre Universitate c\u0103tre Bd. Dimitrie Cantemir.<\/p>\n\n\n\n<p>Totodat\u0103, conduc\u0103torii auto au fost testa\u021bi au aparatul alcooltest, rezultatele fiind zero \u0219i au fost indruma\u021bi la Biroul Accidente U\u0219oare pentru solu\u021bionarea accidentului\u201d, a anun\u021bat Brigada Rutier\u0103.<\/p>\n\n\n\n<p>Dup\u0103 efectuarea m\u0103sur\u0103torilor, traficul rutier \u00een pasaj a fost reluat.<\/p>\n\n\n\n<h2 class=\"wp-block-heading\" id=\"h-accident-in-pasajul-unirii-\u0219i-in-august\">Accident \u00een Pasajul Unirii \u0219i \u00een august<\/h2>\n\n\n\n<p>La finalul lui august, <strong>O autoutilitar\u0103 a ag\u0103\u0163at \u00een mers un aparat de ventila\u0163ie \u015fi l-a d\u0103r\u00e2mat. Din aceast\u0103 cauz\u0103, traficul \u00een aceast\u0103 zon\u0103 a fost \u00eengreunat, pe sensul c\u0103tre Universitate, \u00een jurul orei pr\u00e2nzului.<\/strong><\/p>\n\n\n\n<p>\u00cen vreme ce \u015foferul acuz\u0103 c\u0103 aparatul era foarte pu\u0163in vizibil, Prim\u0103ria Sectorului 4, autoritatea responsabil\u0103 de acest pasaj, spune c\u0103 nu sunt probleme de construc\u0163ie, iar toate evenimentele rutiere din el au fost cauzate de \u00eenc\u0103lc\u0103ri ale legisla\u0163iei rutiere.<\/p>\n\n\n\n<p>CITE\u0218TE \u0218I: <strong><a href=\"https:\/\/buletin.de\/bucuresti\/incident-in-pasajul-unirii-trafic-ingreunat-soferul-unei-autoutilitare-a-daramat-un-ventilator-de-mari-dimensiuni\/\" target=\"_blank\" rel=\"noreferrer noopener\">Incident \u00een Pasajul Unirii, trafic \u00eengreunat. \u015eoferul unei autoutilitare a d\u0103r\u00e2mat un ventilator de mari dimensiuni<\/a><\/strong><\/p>\n\n\n\n<p>\u00cen ianuarie anul acesta, <strong>\u00een miez de noapte, o ma\u0219in\u0103 a intrat \u00een pere\u021bii desp\u0103r\u021bitori ai Pasajului Unirii, cauz\u00e2nd un \u0219ir de evenimente care au dus la r\u0103nirea a trei \u0219oferi \u0219i un pasager. \u00cen cauz\u0103 au fost deschise mai multe dosare penale.<\/strong><\/p>\n\n\n\n<p>\u00cen jurul orei 1:30, un \u0219ofer a pierdut controlul ma\u0219inii, intr\u00e2nd \u00een pere\u021bii Pasajului Unirii. Un \u0219ofer care a trecut pe l\u00e2ng\u0103 ma\u0219ina avariat\u0103 s-a oprit pentru a verifica dac\u0103 persoana din cea dint\u00e2i ma\u0219in\u0103 are nevoie de ajutor, moment \u00een care o alt\u0103 ma\u0219in\u0103 a intrat \u00een autoturismul sta\u021bionat, r\u0103nind \u0219i \u0219oferul care se afla \u00een afara ma\u0219inilor. Coliziunile s-au soldat cu patru victime.<\/p>\n\n\n\n<p>Conduc\u0103torul vehiculului de la care a pornit totul, \u00een v\u00e2rst\u0103 de 24 de ani, intrase \u00een pasaj dinspre Piata 1 Decembrie 1918, \u0219i a pierdut controlul volanului, intr\u00e2nd \u00een parapetele desp\u0103r\u021bitoare.<\/p>\n\n\n\n<p>CITE\u0218TE \u0218I: <strong><a href=\"https:\/\/buletin.de\/bucuresti\/accident-in-lant-in-pasajul-unirii-masini-lovite-si-oameni-raniti-trafic-restrictionat-pe-un-sens-vreme-de-trei-ore\/\" target=\"_blank\" rel=\"noreferrer noopener\">Accident \u00een lan\u0163, \u00een Pasajul Unirii. Ma\u015fini lovite \u015fi oameni r\u0103ni\u0163i. Trafic restric\u0163ionat pe un sens, vreme de trei ore<\/a><\/strong><br><\/p>\n","protected":false},"excerpt":{"rendered":"<p>Un accident a avut loc miercuri \u00een Pasajul Unirii. Trei autovehicule s-au tamponat. O persoan\u0103 a necesitat \u00eengrijiri medicale, iar traficul este direc\u0163ionat pe deasupra Pasajului Unirii. UPDATE: Momentul accidentului, surprins de camere din pasaj Prim\u0103ria Sectorului 4 a publicat imaginile de la camerele de supraveghere din Pasajul Unirii, care au surprins momentul accidentului. S-au [&hellip;]<\/p>\n","protected":false},"author":1,"featured_media":97868,"comment_status":"closed","ping_status":"open","sticky":false,"template":"","format":"standard","meta":{"_acf_changed":false,"inline_featured_image":false,"ngg_post_thumbnail":0,"footnotes":""},"categories":[6994,9026,62],"tags":[14538,5035,15005],"ppma_author":[22583],"class_list":["post-97850","post","type-post","status-publish","format-standard","has-post-thumbnail","hentry","category-stiri-2","category-eveniment","category-stiri","tag-accident-pasaj-unirii","tag-accident-pasajul-unirii","tag-accident-unirii"],"acf":[],"yoast_head":"<!-- This site is optimized with the Yoast SEO Premium plugin v25.3 (Yoast SEO v27.4) - https:\/\/yoast.com\/product\/yoast-seo-premium-wordpress\/ -->\n<title>Accident \u00een Pasajul Unirii. Trei autovehicule implicate. Video cu momentul ciocnirii \u00een lan\u021b - Buletin de Bucure\u0219ti<\/title>\n<meta name=\"description\" content=\"Accident \u00een Pasajul Unirii. Trei autovehicule s-au tamponat. O persoan\u0103 a necesitat \u00eengrijiri medicale. Traficul a fost blocat.\" \/>\n<meta name=\"robots\" content=\"index, follow, max-snippet:-1, max-image-preview:large, max-video-preview:-1\" \/>\n<link rel=\"canonical\" href=\"https:\/\/buletin.de\/bucuresti\/accident-in-pasajul-unirii-trei-autovehicule-implicate\/\" \/>\n<meta property=\"og:locale\" content=\"en_GB\" \/>\n<meta property=\"og:type\" content=\"article\" \/>\n<meta property=\"og:title\" content=\"Accident \u00een Pasajul Unirii. Trei autovehicule implicate. Video cu momentul ciocnirii \u00een lan\u021b\" \/>\n<meta property=\"og:description\" content=\"Accident \u00een Pasajul Unirii. Trei autovehicule s-au tamponat. O persoan\u0103 a necesitat \u00eengrijiri medicale. Traficul a fost blocat.\" \/>\n<meta property=\"og:url\" content=\"https:\/\/buletin.de\/bucuresti\/accident-in-pasajul-unirii-trei-autovehicule-implicate\/\" \/>\n<meta property=\"og:site_name\" content=\"Buletin de Bucure\u0219ti\" \/>\n<meta property=\"article:publisher\" content=\"https:\/\/www.facebook.com\/buletin.de.buc\" \/>\n<meta property=\"article:published_time\" content=\"2024-09-11T14:22:34+00:00\" \/>\n<meta property=\"article:modified_time\" content=\"2024-09-11T20:25:59+00:00\" \/>\n<meta property=\"og:image\" content=\"https:\/\/buletin.de\/bucuresti\/wp-content\/uploads\/accidentpasajunirii.webp\" \/>\n\t<meta property=\"og:image:width\" content=\"800\" \/>\n\t<meta property=\"og:image:height\" content=\"533\" \/>\n\t<meta property=\"og:image:type\" content=\"image\/webp\" \/>\n<meta name=\"author\" content=\"Redac\u021bia Buletin de Bucure\u0219ti\" \/>\n<meta name=\"twitter:card\" content=\"summary_large_image\" \/>\n<meta name=\"twitter:label1\" content=\"Written by\" \/>\n\t<meta name=\"twitter:data1\" content=\"Redac\u021bia Buletin de Bucure\u0219ti\" \/>\n\t<meta name=\"twitter:label2\" content=\"Estimated reading time\" \/>\n\t<meta name=\"twitter:data2\" content=\"1 minute\" \/>\n<script type=\"application\/ld+json\" class=\"yoast-schema-graph\">{\"@context\":\"https:\\\/\\\/schema.org\",\"@graph\":[{\"@type\":\"Article\",\"@id\":\"https:\\\/\\\/buletin.de\\\/bucuresti\\\/accident-in-pasajul-unirii-trei-autovehicule-implicate\\\/#article\",\"isPartOf\":{\"@id\":\"https:\\\/\\\/buletin.de\\\/bucuresti\\\/accident-in-pasajul-unirii-trei-autovehicule-implicate\\\/\"},\"author\":{\"name\":\"Redac\u021bia Buletin de Bucure\u0219ti\",\"@id\":\"https:\\\/\\\/buletin.de\\\/bucuresti\\\/#\\\/schema\\\/person\\\/2bbcf854e5f2419a13804af574d06ab1\"},\"headline\":\"Accident \u00een Pasajul Unirii. Trei autovehicule implicate. Video cu momentul ciocnirii \u00een lan\u021b\",\"datePublished\":\"2024-09-11T14:22:34+00:00\",\"dateModified\":\"2024-09-11T20:25:59+00:00\",\"mainEntityOfPage\":{\"@id\":\"https:\\\/\\\/buletin.de\\\/bucuresti\\\/accident-in-pasajul-unirii-trei-autovehicule-implicate\\\/\"},\"wordCount\":460,\"publisher\":{\"@id\":\"https:\\\/\\\/buletin.de\\\/bucuresti\\\/#organization\"},\"image\":{\"@id\":\"https:\\\/\\\/buletin.de\\\/bucuresti\\\/accident-in-pasajul-unirii-trei-autovehicule-implicate\\\/#primaryimage\"},\"thumbnailUrl\":\"https:\\\/\\\/buletin.de\\\/bucuresti\\\/wp-content\\\/uploads\\\/accidentpasajunirii.webp\",\"keywords\":[\"accident pasaj unirii\",\"Accident Pasajul Unirii\",\"accident unirii\"],\"articleSection\":[\"Articole\",\"Eveniment\",\"\u0218tiri\"],\"inLanguage\":\"en-GB\",\"copyrightYear\":\"2024\",\"copyrightHolder\":{\"@id\":\"https:\\\/\\\/buletin.de\\\/bucuresti\\\/#organization\"}},{\"@type\":\"WebPage\",\"@id\":\"https:\\\/\\\/buletin.de\\\/bucuresti\\\/accident-in-pasajul-unirii-trei-autovehicule-implicate\\\/\",\"url\":\"https:\\\/\\\/buletin.de\\\/bucuresti\\\/accident-in-pasajul-unirii-trei-autovehicule-implicate\\\/\",\"name\":\"Accident \u00een Pasajul Unirii. Trei autovehicule implicate. Video cu momentul ciocnirii \u00een lan\u021b - Buletin de Bucure\u0219ti\",\"isPartOf\":{\"@id\":\"https:\\\/\\\/buletin.de\\\/bucuresti\\\/#website\"},\"primaryImageOfPage\":{\"@id\":\"https:\\\/\\\/buletin.de\\\/bucuresti\\\/accident-in-pasajul-unirii-trei-autovehicule-implicate\\\/#primaryimage\"},\"image\":{\"@id\":\"https:\\\/\\\/buletin.de\\\/bucuresti\\\/accident-in-pasajul-unirii-trei-autovehicule-implicate\\\/#primaryimage\"},\"thumbnailUrl\":\"https:\\\/\\\/buletin.de\\\/bucuresti\\\/wp-content\\\/uploads\\\/accidentpasajunirii.webp\",\"datePublished\":\"2024-09-11T14:22:34+00:00\",\"dateModified\":\"2024-09-11T20:25:59+00:00\",\"description\":\"Accident \u00een Pasajul Unirii. Trei autovehicule s-au tamponat. O persoan\u0103 a necesitat \u00eengrijiri medicale. Traficul a fost blocat.\",\"breadcrumb\":{\"@id\":\"https:\\\/\\\/buletin.de\\\/bucuresti\\\/accident-in-pasajul-unirii-trei-autovehicule-implicate\\\/#breadcrumb\"},\"inLanguage\":\"en-GB\",\"potentialAction\":[{\"@type\":\"ReadAction\",\"target\":[\"https:\\\/\\\/buletin.de\\\/bucuresti\\\/accident-in-pasajul-unirii-trei-autovehicule-implicate\\\/\"]}]},{\"@type\":\"ImageObject\",\"inLanguage\":\"en-GB\",\"@id\":\"https:\\\/\\\/buletin.de\\\/bucuresti\\\/accident-in-pasajul-unirii-trei-autovehicule-implicate\\\/#primaryimage\",\"url\":\"https:\\\/\\\/buletin.de\\\/bucuresti\\\/wp-content\\\/uploads\\\/accidentpasajunirii.webp\",\"contentUrl\":\"https:\\\/\\\/buletin.de\\\/bucuresti\\\/wp-content\\\/uploads\\\/accidentpasajunirii.webp\",\"width\":800,\"height\":533,\"caption\":\"Accident \u00een Pasajul Unirii. O camionet\u0103 a intrat \u00een alte dou\u0103 ma\u0219ini. Captur\u0103 video\"},{\"@type\":\"BreadcrumbList\",\"@id\":\"https:\\\/\\\/buletin.de\\\/bucuresti\\\/accident-in-pasajul-unirii-trei-autovehicule-implicate\\\/#breadcrumb\",\"itemListElement\":[{\"@type\":\"ListItem\",\"position\":1,\"name\":\"Acas\u0103\",\"item\":\"https:\\\/\\\/buletin.de\\\/bucuresti\\\/\"},{\"@type\":\"ListItem\",\"position\":2,\"name\":\"Accident \u00een Pasajul Unirii. Trei autovehicule implicate. Video cu momentul ciocnirii \u00een lan\u021b\"}]},{\"@type\":\"WebSite\",\"@id\":\"https:\\\/\\\/buletin.de\\\/bucuresti\\\/#website\",\"url\":\"https:\\\/\\\/buletin.de\\\/bucuresti\\\/\",\"name\":\"Buletin de Bucure\u0219ti\",\"description\":\"\u0218tiri \u0219i investiga\u021bii esen\u021biale din capital\u0103\",\"publisher\":{\"@id\":\"https:\\\/\\\/buletin.de\\\/bucuresti\\\/#organization\"},\"potentialAction\":[{\"@type\":\"SearchAction\",\"target\":{\"@type\":\"EntryPoint\",\"urlTemplate\":\"https:\\\/\\\/buletin.de\\\/bucuresti\\\/?s={search_term_string}\"},\"query-input\":{\"@type\":\"PropertyValueSpecification\",\"valueRequired\":true,\"valueName\":\"search_term_string\"}}],\"inLanguage\":\"en-GB\"},{\"@type\":\"Organization\",\"@id\":\"https:\\\/\\\/buletin.de\\\/bucuresti\\\/#organization\",\"name\":\"Buletin de Bucure\u0219ti\",\"url\":\"https:\\\/\\\/buletin.de\\\/bucuresti\\\/\",\"logo\":{\"@type\":\"ImageObject\",\"inLanguage\":\"en-GB\",\"@id\":\"https:\\\/\\\/buletin.de\\\/bucuresti\\\/#\\\/schema\\\/logo\\\/image\\\/\",\"url\":\"https:\\\/\\\/buletin.de\\\/bucuresti\\\/wp-content\\\/uploads\\\/logo-bdb-full-wide-vernil-transparent.png\",\"contentUrl\":\"https:\\\/\\\/buletin.de\\\/bucuresti\\\/wp-content\\\/uploads\\\/logo-bdb-full-wide-vernil-transparent.png\",\"width\":1782,\"height\":626,\"caption\":\"Buletin de Bucure\u0219ti\"},\"image\":{\"@id\":\"https:\\\/\\\/buletin.de\\\/bucuresti\\\/#\\\/schema\\\/logo\\\/image\\\/\"},\"sameAs\":[\"https:\\\/\\\/www.facebook.com\\\/buletin.de.buc\",\"https:\\\/\\\/www.instagram.com\\\/buletinde.bucuresti\\\/\"]},{\"@type\":\"Person\",\"@id\":\"https:\\\/\\\/buletin.de\\\/bucuresti\\\/#\\\/schema\\\/person\\\/2bbcf854e5f2419a13804af574d06ab1\",\"name\":\"Redac\u021bia Buletin de Bucure\u0219ti\",\"image\":{\"@type\":\"ImageObject\",\"inLanguage\":\"en-GB\",\"@id\":\"https:\\\/\\\/secure.gravatar.com\\\/avatar\\\/18c5342381ed1a08620e6280424e3e5efc958618f5d67c522c9e44c1bc6f9226?s=96&d=monsterid&r=g60c7cd0ad92c68c049fcd4bb3504d609\",\"url\":\"https:\\\/\\\/secure.gravatar.com\\\/avatar\\\/18c5342381ed1a08620e6280424e3e5efc958618f5d67c522c9e44c1bc6f9226?s=96&d=monsterid&r=g\",\"contentUrl\":\"https:\\\/\\\/secure.gravatar.com\\\/avatar\\\/18c5342381ed1a08620e6280424e3e5efc958618f5d67c522c9e44c1bc6f9226?s=96&d=monsterid&r=g\",\"caption\":\"Redac\u021bia Buletin de Bucure\u0219ti\"},\"description\":\"Buletin de Bucure\u0219ti exist\u0103 din vara anului 2019.\",\"url\":\"https:\\\/\\\/buletin.de\\\/bucuresti\\\/author\\\/adminbuletin\\\/\"}]}<\/script>\n<!-- \/ Yoast SEO Premium plugin. -->","yoast_head_json":{"title":"Accident \u00een Pasajul Unirii. Trei autovehicule implicate. Video cu momentul ciocnirii \u00een lan\u021b - Buletin de Bucure\u0219ti","description":"Accident \u00een Pasajul Unirii. Trei autovehicule s-au tamponat. O persoan\u0103 a necesitat \u00eengrijiri medicale. Traficul a fost blocat.","robots":{"index":"index","follow":"follow","max-snippet":"max-snippet:-1","max-image-preview":"max-image-preview:large","max-video-preview":"max-video-preview:-1"},"canonical":"https:\/\/buletin.de\/bucuresti\/accident-in-pasajul-unirii-trei-autovehicule-implicate\/","og_locale":"en_GB","og_type":"article","og_title":"Accident \u00een Pasajul Unirii. Trei autovehicule implicate. Video cu momentul ciocnirii \u00een lan\u021b","og_description":"Accident \u00een Pasajul Unirii. Trei autovehicule s-au tamponat. O persoan\u0103 a necesitat \u00eengrijiri medicale. Traficul a fost blocat.","og_url":"https:\/\/buletin.de\/bucuresti\/accident-in-pasajul-unirii-trei-autovehicule-implicate\/","og_site_name":"Buletin de Bucure\u0219ti","article_publisher":"https:\/\/www.facebook.com\/buletin.de.buc","article_published_time":"2024-09-11T14:22:34+00:00","article_modified_time":"2024-09-11T20:25:59+00:00","og_image":[{"width":800,"height":533,"url":"https:\/\/buletin.de\/bucuresti\/wp-content\/uploads\/accidentpasajunirii.webp","type":"image\/webp"}],"author":"Redac\u021bia Buletin de Bucure\u0219ti","twitter_card":"summary_large_image","twitter_misc":{"Written by":"Redac\u021bia Buletin de Bucure\u0219ti","Estimated reading time":"1 minute"},"schema":{"@context":"https:\/\/schema.org","@graph":[{"@type":"Article","@id":"https:\/\/buletin.de\/bucuresti\/accident-in-pasajul-unirii-trei-autovehicule-implicate\/#article","isPartOf":{"@id":"https:\/\/buletin.de\/bucuresti\/accident-in-pasajul-unirii-trei-autovehicule-implicate\/"},"author":{"name":"Redac\u021bia Buletin de Bucure\u0219ti","@id":"https:\/\/buletin.de\/bucuresti\/#\/schema\/person\/2bbcf854e5f2419a13804af574d06ab1"},"headline":"Accident \u00een Pasajul Unirii. Trei autovehicule implicate. Video cu momentul ciocnirii \u00een lan\u021b","datePublished":"2024-09-11T14:22:34+00:00","dateModified":"2024-09-11T20:25:59+00:00","mainEntityOfPage":{"@id":"https:\/\/buletin.de\/bucuresti\/accident-in-pasajul-unirii-trei-autovehicule-implicate\/"},"wordCount":460,"publisher":{"@id":"https:\/\/buletin.de\/bucuresti\/#organization"},"image":{"@id":"https:\/\/buletin.de\/bucuresti\/accident-in-pasajul-unirii-trei-autovehicule-implicate\/#primaryimage"},"thumbnailUrl":"https:\/\/buletin.de\/bucuresti\/wp-content\/uploads\/accidentpasajunirii.webp","keywords":["accident pasaj unirii","Accident Pasajul Unirii","accident unirii"],"articleSection":["Articole","Eveniment","\u0218tiri"],"inLanguage":"en-GB","copyrightYear":"2024","copyrightHolder":{"@id":"https:\/\/buletin.de\/bucuresti\/#organization"}},{"@type":"WebPage","@id":"https:\/\/buletin.de\/bucuresti\/accident-in-pasajul-unirii-trei-autovehicule-implicate\/","url":"https:\/\/buletin.de\/bucuresti\/accident-in-pasajul-unirii-trei-autovehicule-implicate\/","name":"Accident \u00een Pasajul Unirii. Trei autovehicule implicate. Video cu momentul ciocnirii \u00een lan\u021b - Buletin de Bucure\u0219ti","isPartOf":{"@id":"https:\/\/buletin.de\/bucuresti\/#website"},"primaryImageOfPage":{"@id":"https:\/\/buletin.de\/bucuresti\/accident-in-pasajul-unirii-trei-autovehicule-implicate\/#primaryimage"},"image":{"@id":"https:\/\/buletin.de\/bucuresti\/accident-in-pasajul-unirii-trei-autovehicule-implicate\/#primaryimage"},"thumbnailUrl":"https:\/\/buletin.de\/bucuresti\/wp-content\/uploads\/accidentpasajunirii.webp","datePublished":"2024-09-11T14:22:34+00:00","dateModified":"2024-09-11T20:25:59+00:00","description":"Accident \u00een Pasajul Unirii. Trei autovehicule s-au tamponat. O persoan\u0103 a necesitat \u00eengrijiri medicale. Traficul a fost blocat.","breadcrumb":{"@id":"https:\/\/buletin.de\/bucuresti\/accident-in-pasajul-unirii-trei-autovehicule-implicate\/#breadcrumb"},"inLanguage":"en-GB","potentialAction":[{"@type":"ReadAction","target":["https:\/\/buletin.de\/bucuresti\/accident-in-pasajul-unirii-trei-autovehicule-implicate\/"]}]},{"@type":"ImageObject","inLanguage":"en-GB","@id":"https:\/\/buletin.de\/bucuresti\/accident-in-pasajul-unirii-trei-autovehicule-implicate\/#primaryimage","url":"https:\/\/buletin.de\/bucuresti\/wp-content\/uploads\/accidentpasajunirii.webp","contentUrl":"https:\/\/buletin.de\/bucuresti\/wp-content\/uploads\/accidentpasajunirii.webp","width":800,"height":533,"caption":"Accident \u00een Pasajul Unirii. O camionet\u0103 a intrat \u00een alte dou\u0103 ma\u0219ini. Captur\u0103 video"},{"@type":"BreadcrumbList","@id":"https:\/\/buletin.de\/bucuresti\/accident-in-pasajul-unirii-trei-autovehicule-implicate\/#breadcrumb","itemListElement":[{"@type":"ListItem","position":1,"name":"Acas\u0103","item":"https:\/\/buletin.de\/bucuresti\/"},{"@type":"ListItem","position":2,"name":"Accident \u00een Pasajul Unirii. Trei autovehicule implicate. Video cu momentul ciocnirii \u00een lan\u021b"}]},{"@type":"WebSite","@id":"https:\/\/buletin.de\/bucuresti\/#website","url":"https:\/\/buletin.de\/bucuresti\/","name":"Buletin de Bucure\u0219ti","description":"\u0218tiri \u0219i investiga\u021bii esen\u021biale din capital\u0103","publisher":{"@id":"https:\/\/buletin.de\/bucuresti\/#organization"},"potentialAction":[{"@type":"SearchAction","target":{"@type":"EntryPoint","urlTemplate":"https:\/\/buletin.de\/bucuresti\/?s={search_term_string}"},"query-input":{"@type":"PropertyValueSpecification","valueRequired":true,"valueName":"search_term_string"}}],"inLanguage":"en-GB"},{"@type":"Organization","@id":"https:\/\/buletin.de\/bucuresti\/#organization","name":"Buletin de Bucure\u0219ti","url":"https:\/\/buletin.de\/bucuresti\/","logo":{"@type":"ImageObject","inLanguage":"en-GB","@id":"https:\/\/buletin.de\/bucuresti\/#\/schema\/logo\/image\/","url":"https:\/\/buletin.de\/bucuresti\/wp-content\/uploads\/logo-bdb-full-wide-vernil-transparent.png","contentUrl":"https:\/\/buletin.de\/bucuresti\/wp-content\/uploads\/logo-bdb-full-wide-vernil-transparent.png","width":1782,"height":626,"caption":"Buletin de Bucure\u0219ti"},"image":{"@id":"https:\/\/buletin.de\/bucuresti\/#\/schema\/logo\/image\/"},"sameAs":["https:\/\/www.facebook.com\/buletin.de.buc","https:\/\/www.instagram.com\/buletinde.bucuresti\/"]},{"@type":"Person","@id":"https:\/\/buletin.de\/bucuresti\/#\/schema\/person\/2bbcf854e5f2419a13804af574d06ab1","name":"Redac\u021bia Buletin de Bucure\u0219ti","image":{"@type":"ImageObject","inLanguage":"en-GB","@id":"https:\/\/secure.gravatar.com\/avatar\/18c5342381ed1a08620e6280424e3e5efc958618f5d67c522c9e44c1bc6f9226?s=96&d=monsterid&r=g60c7cd0ad92c68c049fcd4bb3504d609","url":"https:\/\/secure.gravatar.com\/avatar\/18c5342381ed1a08620e6280424e3e5efc958618f5d67c522c9e44c1bc6f9226?s=96&d=monsterid&r=g","contentUrl":"https:\/\/secure.gravatar.com\/avatar\/18c5342381ed1a08620e6280424e3e5efc958618f5d67c522c9e44c1bc6f9226?s=96&d=monsterid&r=g","caption":"Redac\u021bia Buletin de Bucure\u0219ti"},"description":"Buletin de Bucure\u0219ti exist\u0103 din vara anului 2019.","url":"https:\/\/buletin.de\/bucuresti\/author\/adminbuletin\/"}]}},"authors":[{"term_id":22583,"user_id":1,"is_guest":0,"slug":"adminbuletin","display_name":"Redac\u021bia Buletin de Bucure\u0219ti","avatar_url":"https:\/\/secure.gravatar.com\/avatar\/18c5342381ed1a08620e6280424e3e5efc958618f5d67c522c9e44c1bc6f9226?s=96&d=monsterid&r=g","0":null,"1":"","2":"","3":"","4":"","5":"","6":"","7":"","8":""}],"_links":{"self":[{"href":"https:\/\/buletin.de\/bucuresti\/wp-json\/wp\/v2\/posts\/97850","targetHints":{"allow":["GET"]}}],"collection":[{"href":"https:\/\/buletin.de\/bucuresti\/wp-json\/wp\/v2\/posts"}],"about":[{"href":"https:\/\/buletin.de\/bucuresti\/wp-json\/wp\/v2\/types\/post"}],"author":[{"embeddable":true,"href":"https:\/\/buletin.de\/bucuresti\/wp-json\/wp\/v2\/users\/1"}],"replies":[{"embeddable":true,"href":"https:\/\/buletin.de\/bucuresti\/wp-json\/wp\/v2\/comments?post=97850"}],"version-history":[{"count":6,"href":"https:\/\/buletin.de\/bucuresti\/wp-json\/wp\/v2\/posts\/97850\/revisions"}],"predecessor-version":[{"id":97873,"href":"https:\/\/buletin.de\/bucuresti\/wp-json\/wp\/v2\/posts\/97850\/revisions\/97873"}],"wp:featuredmedia":[{"embeddable":true,"href":"https:\/\/buletin.de\/bucuresti\/wp-json\/wp\/v2\/media\/97868"}],"wp:attachment":[{"href":"https:\/\/buletin.de\/bucuresti\/wp-json\/wp\/v2\/media?parent=97850"}],"wp:term":[{"taxonomy":"category","embeddable":true,"href":"https:\/\/buletin.de\/bucuresti\/wp-json\/wp\/v2\/categories?post=97850"},{"taxonomy":"post_tag","embeddable":true,"href":"https:\/\/buletin.de\/bucuresti\/wp-json\/wp\/v2\/tags?post=97850"},{"taxonomy":"author","embeddable":true,"href":"https:\/\/buletin.de\/bucuresti\/wp-json\/wp\/v2\/ppma_author?post=97850"}],"curies":[{"name":"wp","href":"https:\/\/api.w.org\/{rel}","templated":true}]}}