{"id":97819,"date":"2024-09-11T14:22:06","date_gmt":"2024-09-11T11:22:06","guid":{"rendered":"https:\/\/buletin.de\/bucuresti\/?p=97819"},"modified":"2024-09-13T08:39:42","modified_gmt":"2024-09-13T05:39:42","slug":"sectorul-6-au-mai-fost-amplasate-inca-10-casute-pentru-pisici","status":"publish","type":"post","link":"https:\/\/buletin.de\/bucuresti\/sectorul-6-au-mai-fost-amplasate-inca-10-casute-pentru-pisici\/","title":{"rendered":"Sector 6 | Au mai fost amplasate \u00eenc\u0103 10 c\u0103su\u021be pentru pisici"},"content":{"rendered":"\n<p><strong>Au mai fost amplasate \u00eenc\u0103 10 c\u0103su\u021be pentru pisici, \u00een cadrul programului lansat \u00een iunie de Prim\u0103ria Sectorului 6, pentru mai buna \u00eengrijire a animalelor f\u0103r\u0103 st\u0103p\u00e2n.. Ad\u0103posturile au fost amplasate prin cur\u021bile blocurilor.<\/strong><\/p>\n\n\n\n<p>\u00cenc\u0103 10 c\u0103su\u021be pentru pisici, amplasate la urm\u0103toarele adrese:<\/p>\n\n\n\n<ul class=\"wp-block-list\">\n<li>Aleea C\u00e2mpul cu Flori nr. 14 (dou\u0103 buc\u0103\u021bi);<\/li>\n\n\n\n<li>Aleea Istru nr. 9 (dou\u0103 buc\u0103\u021bi);<\/li>\n\n\n\n<li>Str. Ro\u0219ia Montan\u0103 nr. 6;<\/li>\n\n\n\n<li>Str. Bra\u0219ov nr. 17;<\/li>\n\n\n\n<li>Bd. Drumul Taberei nr. 20;<\/li>\n\n\n\n<li>Bd. Drumul Taberei nr. 66 (dou\u0103 buc\u0103\u021bi);<\/li>\n\n\n\n<li>Aleea Str\u0103ule\u0219ti nr. 3.<\/li>\n<\/ul>\n\n\n\n<p>Acum, \u00een total, se g\u0103sesc 20 de astfel de ad\u0103posturi pentru pisici \u00een sector, , <a href=\"https:\/\/www.facebook.com\/story.php?story_fbid=923551553136116&amp;id=100064438400065&amp;rdid=z1lrw406na9q68PZ\" target=\"_blank\" rel=\"noreferrer noopener\">a anun\u021bat Prim\u0103ria Sectorului 6<\/a>.<\/p>\n\n\n\n<figure class=\"wp-block-gallery has-nested-images columns-default is-cropped wp-block-gallery-1 is-layout-flex wp-block-gallery-is-layout-flex\">\n<figure class=\"wp-block-image size-large\"><img fetchpriority=\"high\" decoding=\"async\" width=\"900\" height=\"600\" data-id=\"97826\" src=\"data:image\/gif;base64,R0lGODlhAQABAAAAACH5BAEKAAEALAAAAAABAAEAAAICTAEAOw==\" data-src=\"https:\/\/buletin.de\/bucuresti\/wp-content\/uploads\/Casute-de-pisici-900x600.jpg\" alt=\"Ac\u021biunea de amplasare a \u00eenc\u0103 10 c\u0103su\u021be pentru pisici. Foto: Facebook \/ Prim\u0103ria Sectorului 6\" class=\"wp-image-97826 lazyload\" data-sizes=\"auto\" data-srcset=\"https:\/\/buletin.de\/bucuresti\/wp-content\/uploads\/Casute-de-pisici-900x600.jpg 900w, https:\/\/buletin.de\/bucuresti\/wp-content\/uploads\/Casute-de-pisici-300x200.jpg 300w, https:\/\/buletin.de\/bucuresti\/wp-content\/uploads\/Casute-de-pisici-768x512.jpg 768w, https:\/\/buletin.de\/bucuresti\/wp-content\/uploads\/Casute-de-pisici-1536x1023.jpg 1536w, https:\/\/buletin.de\/bucuresti\/wp-content\/uploads\/Casute-de-pisici-1100x733.jpg 1100w, https:\/\/buletin.de\/bucuresti\/wp-content\/uploads\/Casute-de-pisici-600x400.jpg 600w, https:\/\/buletin.de\/bucuresti\/wp-content\/uploads\/Casute-de-pisici-20x13.jpg 20w, https:\/\/buletin.de\/bucuresti\/wp-content\/uploads\/Casute-de-pisici.jpg 1600w\" sizes=\"(max-width: 900px) 100vw, 900px\" \/><\/figure>\n\n\n\n<figure class=\"wp-block-image size-large\"><img decoding=\"async\" width=\"900\" height=\"673\" data-id=\"97827\" src=\"data:image\/gif;base64,R0lGODlhAQABAAAAACH5BAEKAAEALAAAAAABAAEAAAICTAEAOw==\" data-src=\"https:\/\/buletin.de\/bucuresti\/wp-content\/uploads\/Casute-de-pisici-2-900x673.jpg\" alt=\"Ac\u021biunea de amplasare a \u00eenc\u0103 10 c\u0103su\u021be pentru pisici. Foto: Facebook \/ Prim\u0103ria Sectorului 6\" class=\"wp-image-97827 lazyload\" data-sizes=\"auto\" data-srcset=\"https:\/\/buletin.de\/bucuresti\/wp-content\/uploads\/Casute-de-pisici-2-900x673.jpg 900w, https:\/\/buletin.de\/bucuresti\/wp-content\/uploads\/Casute-de-pisici-2-300x224.jpg 300w, https:\/\/buletin.de\/bucuresti\/wp-content\/uploads\/Casute-de-pisici-2-768x575.jpg 768w, https:\/\/buletin.de\/bucuresti\/wp-content\/uploads\/Casute-de-pisici-2-1536x1149.jpg 1536w, https:\/\/buletin.de\/bucuresti\/wp-content\/uploads\/Casute-de-pisici-2-1100x823.jpg 1100w, https:\/\/buletin.de\/bucuresti\/wp-content\/uploads\/Casute-de-pisici-2-600x449.jpg 600w, https:\/\/buletin.de\/bucuresti\/wp-content\/uploads\/Casute-de-pisici-2-20x15.jpg 20w, https:\/\/buletin.de\/bucuresti\/wp-content\/uploads\/Casute-de-pisici-2.jpg 1600w\" sizes=\"(max-width: 900px) 100vw, 900px\" \/><\/figure>\n<figcaption class=\"blocks-gallery-caption wp-element-caption\">Ac\u021biunea de amplasare a \u00eenc\u0103 10 c\u0103su\u021be pentru pisici. Foto: Facebook \/ Prim\u0103ria Sectorului 6<\/figcaption><\/figure>\n\n\n\n<p>CITE\u0218TE \u0218I:<strong><a href=\"https:\/\/buletin.de\/bucuresti\/planseul-din-piata-unirii-se-degradeaza-continuu-unele-parti-din-structura-se-pot-prabusi-oricand\/\"> Plan\u0219eul din Pia\u021ba Unirii se degradeaz\u0103 continuu. Unele p\u0103r\u021bi din structur\u0103 se pot pr\u0103bu\u0219i oric\u00e2nd<\/a><\/strong><\/p>\n\n\n\n<h2 class=\"wp-block-heading\" id=\"h-proiectul-casu\u021belor-de-pisici\">Proiectul c\u0103su\u021belor de pisici<\/h2>\n\n\n\n<p>La acest proiect lucreaz\u0103 Administra\u0163ia Domeniului Public \u015fi Dezvoltare Urban\u0103 Sector 6, \u00eempreun\u0103 cu Asocia\u0163ia TNR Capturare Sterilizare Eliberare, care a depus proiectul de bugetare participativ\u0103.<\/p>\n\n\n\n<p>Proiectul a fost aprobat \u00een 2022, laolalt\u0103 cu altele venite din partea societ\u0103\u0163ii civile \u015fi a primit 200.000 de lei din bugetul de sector pentru a fi implementat.<\/p>\n\n\n\n<p>C\u0103su\u0163ele sunt construite \u00eentr-o hal\u0103 care \u0163ine de institu\u0163ia din subordinea Prim\u0103riei, dup\u0103 care vor fi r\u0103sp\u00e2ndite, la cerere, prin sector.<\/p>\n\n\n\n<p>Cei care vor s\u0103 aib\u0103 o astfel de c\u0103su\u0163\u0103 \u00een apropierea blocului trebuie s\u0103 fac\u0103 o cerere tipizat\u0103 pe care o g\u0103sesc&nbsp;<a href=\"https:\/\/drive.google.com\/file\/d\/1Zd8C5qYcKzlFm-CnqJb8L4mh8YF9QwFJ\/view?fbclid=IwZXh0bgNhZW0CMTAAAR3PtWWT07TQdwoQY8didKd8YW-7dKLzRgxcSZ81ip873k0xXLh0rLJzToE_aem_MURIhT0cmWgOd_lsRUOViA\">AICI<\/a>. <\/p>\n\n\n\n<p>CITE\u0218TE \u0218I: <strong><a href=\"https:\/\/buletin.de\/bucuresti\/sector-6-casute-printre-blocuri-pentru-pisicile-fara-stapan-proiect-de-bugetare-participativa-de-200-000-de-lei\/\" target=\"_blank\" rel=\"noreferrer noopener\">Sector 6 | C\u0103su\u0163e printre blocuri pentru pisicile f\u0103r\u0103 st\u0103p\u00e2n. Proiect de bugetare participativ\u0103, de 200.000 de lei<\/a><\/strong><\/p>\n\n\n\n<p>Practic, cei care \u00ee\u015fi doresc o astfel de construc\u0163ie pentru pisicile care \u015fi-au f\u0103cut culcu\u015f pe l\u00e2ng\u0103 blocul lor trebuie s\u0103 vorbeasc\u0103 cu pre\u015fedintele asocia\u0163iei de proprietari, acesta va trimite cererea completat\u0103, semnat\u0103 \u015fi \u015ftampilat\u0103 prin e-mail, la adresa tnr.sterilizare@gmail.com, iar cei de la ONG-ul partener vor face selec\u0163ia.<\/p>\n\n\n\n<h2 class=\"wp-block-heading\" id=\"h-3-4-saptamani-pana-cand-pisicile-se-obi\u0219nuiesc-cu-adapostul\">3-4 s\u0103pt\u0103m\u00e2ni p\u00e2n\u0103 c\u00e2nd pisicile se obi\u0219nuiesc cu ad\u0103postul<\/h2>\n\n\n\n<p><strong>Buletin de Bucure\u0219ti a vorbit cu pre\u0219edinta asocia\u021biei TNR, Geanina Petrea, despre aducerea la realitate a proiectului.<\/strong><\/p>\n\n\n\n<p><em>\u201eNoi de fapt prin aceste c\u0103su\u021be urm\u0103rim ca ele s\u0103 vin\u0103 de unde st\u0103teau ele de obicei, poate \u00een subsoluri, poate cine \u0219tie prin ce loc impropriu, s\u0103 le cre\u0103m un mediu \u00een care s\u0103 se simt\u0103 \u00een largul lor, s\u0103 vin\u0103 ca noi s\u0103 le putem vedea pe cele care nu sunt sterilizate.<\/em><\/p>\n\n\n\n<p><em>\u00cen momentul \u00een care s-a observat o pisic\u0103 c\u0103 a ap\u0103rut nesterilizat\u0103, oamenii pun o cu\u0219c\u0103 capcan\u0103 \u00eemprumutat\u0103 de la noi sau punem chiar noi, \u0219i acea pisic\u0103 urmeaz\u0103 s\u0103 fie sterilizat\u0103 prin programele gratuite puse la dispozi\u021bie de prim\u0103rie<\/em>.\u201d<\/p>\n\n\n\n<p>Florin Piscociu, psiholog clinician \u0219i neuropsiholog, \u00eemi spune c\u0103 procesul prin care animalele, \u00een special pisicile, se aclimatizeaz\u0103 \u00eentr-un loc nou, nu are loc instant.&nbsp;<\/p>\n\n\n\n<p><em>\u201eO pisic\u0103 are nevoie de 3-4 s\u0103pt\u0103m\u00e2ni s\u0103-\u0219i formeze un obicei. Practic ceea ce facem noi acum este s\u0103 le form\u0103m obiceiuri noi\u201d<\/em>, \u00eemi explic\u0103 Florin, \u00eencurajat de speran\u021ba c\u0103 \u00een scurt timp felinele vor primi cu bra\u021bele deschise noile locuin\u021be.&nbsp;<\/p>\n\n\n\n<p>CITE\u0218TE \u0218I: <strong><a href=\"https:\/\/buletin.de\/bucuresti\/casuta-pentru-pisici-in-sectorul-6-reportaj-cum-functioneaza\/\" target=\"_blank\" rel=\"noreferrer noopener\">REPORTAJ | \u00cen vizit\u0103 la Ro\u0219covanu\u2019, Chioru\u021bu\u2019 \u0219i Donose, pisicile care au complex reziden\u021bial \u00een Drumul Taberei<\/a><\/strong><\/p>\n","protected":false},"excerpt":{"rendered":"<p>Au mai fost amplasate \u00eenc\u0103 10 c\u0103su\u021be pentru pisici, \u00een cadrul programului lansat \u00een iunie de Prim\u0103ria Sectorului 6, pentru mai buna \u00eengrijire a animalelor f\u0103r\u0103 st\u0103p\u00e2n.. Ad\u0103posturile au fost amplasate prin cur\u021bile blocurilor. \u00cenc\u0103 10 c\u0103su\u021be pentru pisici, amplasate la urm\u0103toarele adrese: Acum, \u00een total, se g\u0103sesc 20 de astfel de ad\u0103posturi pentru pisici [&hellip;]<\/p>\n","protected":false},"author":58,"featured_media":97820,"comment_status":"closed","ping_status":"open","sticky":false,"template":"","format":"standard","meta":{"_acf_changed":false,"inline_featured_image":false,"ngg_post_thumbnail":0,"footnotes":""},"categories":[6994,5762,24],"tags":[15000,9,14999,15001,523],"ppma_author":[22581],"class_list":["post-97819","post","type-post","status-publish","format-standard","has-post-thumbnail","hentry","category-stiri-2","category-main","category-primarie","tag-adaposturi","tag-bucuresti","tag-casute-pentru-pisici","tag-proiect-de-participare-bugetativa","tag-sector-6"],"acf":[],"yoast_head":"<!-- This site is optimized with the Yoast SEO Premium plugin v25.3 (Yoast SEO v27.4) - https:\/\/yoast.com\/product\/yoast-seo-premium-wordpress\/ -->\n<title>Sector 6 | Au mai fost amplasate \u00eenc\u0103 10 c\u0103su\u021be pentru pisici - Buletin de Bucure\u0219ti<\/title>\n<meta name=\"description\" content=\"Au mai fost amplasate \u00eenc\u0103 10 c\u0103su\u021be pentru pisici, \u00een cadrul programului lansat \u00een iunie de Prim\u0103ria Sectorului 6.\" \/>\n<meta name=\"robots\" content=\"index, follow, max-snippet:-1, max-image-preview:large, max-video-preview:-1\" \/>\n<link rel=\"canonical\" href=\"https:\/\/buletin.de\/bucuresti\/sectorul-6-au-mai-fost-amplasate-inca-10-casute-pentru-pisici\/\" \/>\n<meta property=\"og:locale\" content=\"en_GB\" \/>\n<meta property=\"og:type\" content=\"article\" \/>\n<meta property=\"og:title\" content=\"Sector 6 | Au mai fost amplasate \u00eenc\u0103 10 c\u0103su\u021be pentru pisici\" \/>\n<meta property=\"og:description\" content=\"Au mai fost amplasate \u00eenc\u0103 10 c\u0103su\u021be pentru pisici, \u00een cadrul programului lansat \u00een iunie de Prim\u0103ria Sectorului 6.\" \/>\n<meta property=\"og:url\" content=\"https:\/\/buletin.de\/bucuresti\/sectorul-6-au-mai-fost-amplasate-inca-10-casute-pentru-pisici\/\" \/>\n<meta property=\"og:site_name\" content=\"Buletin de Bucure\u0219ti\" \/>\n<meta property=\"article:publisher\" content=\"https:\/\/www.facebook.com\/buletin.de.buc\" \/>\n<meta property=\"article:published_time\" content=\"2024-09-11T11:22:06+00:00\" \/>\n<meta property=\"article:modified_time\" content=\"2024-09-13T05:39:42+00:00\" \/>\n<meta property=\"og:image\" content=\"https:\/\/buletin.de\/bucuresti\/wp-content\/uploads\/Au-mai-fost-amplasate-inca-10-casute-pentru-pisicile-din-Sectorul-6.jpg\" \/>\n\t<meta property=\"og:image:width\" content=\"1600\" \/>\n\t<meta property=\"og:image:height\" content=\"1066\" \/>\n\t<meta property=\"og:image:type\" content=\"image\/jpeg\" \/>\n<meta name=\"author\" content=\"Ana Anghel-Dimache\" \/>\n<meta name=\"twitter:card\" content=\"summary_large_image\" \/>\n<meta name=\"twitter:label1\" content=\"Written by\" \/>\n\t<meta name=\"twitter:data1\" content=\"Ana Anghel-Dimache\" \/>\n\t<meta name=\"twitter:label2\" content=\"Estimated reading time\" \/>\n\t<meta name=\"twitter:data2\" content=\"3 minutes\" \/>\n<script type=\"application\/ld+json\" class=\"yoast-schema-graph\">{\"@context\":\"https:\\\/\\\/schema.org\",\"@graph\":[{\"@type\":\"Article\",\"@id\":\"https:\\\/\\\/buletin.de\\\/bucuresti\\\/sectorul-6-au-mai-fost-amplasate-inca-10-casute-pentru-pisici\\\/#article\",\"isPartOf\":{\"@id\":\"https:\\\/\\\/buletin.de\\\/bucuresti\\\/sectorul-6-au-mai-fost-amplasate-inca-10-casute-pentru-pisici\\\/\"},\"author\":{\"name\":\"Ana Anghel-Dimache\",\"@id\":\"https:\\\/\\\/buletin.de\\\/bucuresti\\\/#\\\/schema\\\/person\\\/359459245996e200ed7c807f71f0551a\"},\"headline\":\"Sector 6 | Au mai fost amplasate \u00eenc\u0103 10 c\u0103su\u021be pentru pisici\",\"datePublished\":\"2024-09-11T11:22:06+00:00\",\"dateModified\":\"2024-09-13T05:39:42+00:00\",\"mainEntityOfPage\":{\"@id\":\"https:\\\/\\\/buletin.de\\\/bucuresti\\\/sectorul-6-au-mai-fost-amplasate-inca-10-casute-pentru-pisici\\\/\"},\"wordCount\":596,\"publisher\":{\"@id\":\"https:\\\/\\\/buletin.de\\\/bucuresti\\\/#organization\"},\"image\":{\"@id\":\"https:\\\/\\\/buletin.de\\\/bucuresti\\\/sectorul-6-au-mai-fost-amplasate-inca-10-casute-pentru-pisici\\\/#primaryimage\"},\"thumbnailUrl\":\"https:\\\/\\\/buletin.de\\\/bucuresti\\\/wp-content\\\/uploads\\\/Au-mai-fost-amplasate-inca-10-casute-pentru-pisicile-din-Sectorul-6.jpg\",\"keywords\":[\"ad\u0103posturi\",\"bucuresti\",\"c\u0103su\u021be pentru pisici\",\"proiect de participare bugetativ\u0103\",\"Sector 6\"],\"articleSection\":[\"Articole\",\"Main\",\"Prim\u0103rie\"],\"inLanguage\":\"en-GB\",\"copyrightYear\":\"2024\",\"copyrightHolder\":{\"@id\":\"https:\\\/\\\/buletin.de\\\/bucuresti\\\/#organization\"}},{\"@type\":\"WebPage\",\"@id\":\"https:\\\/\\\/buletin.de\\\/bucuresti\\\/sectorul-6-au-mai-fost-amplasate-inca-10-casute-pentru-pisici\\\/\",\"url\":\"https:\\\/\\\/buletin.de\\\/bucuresti\\\/sectorul-6-au-mai-fost-amplasate-inca-10-casute-pentru-pisici\\\/\",\"name\":\"Sector 6 | Au mai fost amplasate \u00eenc\u0103 10 c\u0103su\u021be pentru pisici - Buletin de Bucure\u0219ti\",\"isPartOf\":{\"@id\":\"https:\\\/\\\/buletin.de\\\/bucuresti\\\/#website\"},\"primaryImageOfPage\":{\"@id\":\"https:\\\/\\\/buletin.de\\\/bucuresti\\\/sectorul-6-au-mai-fost-amplasate-inca-10-casute-pentru-pisici\\\/#primaryimage\"},\"image\":{\"@id\":\"https:\\\/\\\/buletin.de\\\/bucuresti\\\/sectorul-6-au-mai-fost-amplasate-inca-10-casute-pentru-pisici\\\/#primaryimage\"},\"thumbnailUrl\":\"https:\\\/\\\/buletin.de\\\/bucuresti\\\/wp-content\\\/uploads\\\/Au-mai-fost-amplasate-inca-10-casute-pentru-pisicile-din-Sectorul-6.jpg\",\"datePublished\":\"2024-09-11T11:22:06+00:00\",\"dateModified\":\"2024-09-13T05:39:42+00:00\",\"description\":\"Au mai fost amplasate \u00eenc\u0103 10 c\u0103su\u021be pentru pisici, \u00een cadrul programului lansat \u00een iunie de Prim\u0103ria Sectorului 6.\",\"breadcrumb\":{\"@id\":\"https:\\\/\\\/buletin.de\\\/bucuresti\\\/sectorul-6-au-mai-fost-amplasate-inca-10-casute-pentru-pisici\\\/#breadcrumb\"},\"inLanguage\":\"en-GB\",\"potentialAction\":[{\"@type\":\"ReadAction\",\"target\":[\"https:\\\/\\\/buletin.de\\\/bucuresti\\\/sectorul-6-au-mai-fost-amplasate-inca-10-casute-pentru-pisici\\\/\"]}]},{\"@type\":\"ImageObject\",\"inLanguage\":\"en-GB\",\"@id\":\"https:\\\/\\\/buletin.de\\\/bucuresti\\\/sectorul-6-au-mai-fost-amplasate-inca-10-casute-pentru-pisici\\\/#primaryimage\",\"url\":\"https:\\\/\\\/buletin.de\\\/bucuresti\\\/wp-content\\\/uploads\\\/Au-mai-fost-amplasate-inca-10-casute-pentru-pisicile-din-Sectorul-6.jpg\",\"contentUrl\":\"https:\\\/\\\/buletin.de\\\/bucuresti\\\/wp-content\\\/uploads\\\/Au-mai-fost-amplasate-inca-10-casute-pentru-pisicile-din-Sectorul-6.jpg\",\"width\":1600,\"height\":1066,\"caption\":\"Au mai fost amplasate \u00eenc\u0103 10 c\u0103su\u021be pentru pisicile din Sectorul 6. Foto: Facebook \\\/ Prim\u0103ria Sectorului 6\"},{\"@type\":\"BreadcrumbList\",\"@id\":\"https:\\\/\\\/buletin.de\\\/bucuresti\\\/sectorul-6-au-mai-fost-amplasate-inca-10-casute-pentru-pisici\\\/#breadcrumb\",\"itemListElement\":[{\"@type\":\"ListItem\",\"position\":1,\"name\":\"Acas\u0103\",\"item\":\"https:\\\/\\\/buletin.de\\\/bucuresti\\\/\"},{\"@type\":\"ListItem\",\"position\":2,\"name\":\"Sector 6 | Au mai fost amplasate \u00eenc\u0103 10 c\u0103su\u021be pentru pisici\"}]},{\"@type\":\"WebSite\",\"@id\":\"https:\\\/\\\/buletin.de\\\/bucuresti\\\/#website\",\"url\":\"https:\\\/\\\/buletin.de\\\/bucuresti\\\/\",\"name\":\"Buletin de Bucure\u0219ti\",\"description\":\"\u0218tiri \u0219i investiga\u021bii esen\u021biale din capital\u0103\",\"publisher\":{\"@id\":\"https:\\\/\\\/buletin.de\\\/bucuresti\\\/#organization\"},\"potentialAction\":[{\"@type\":\"SearchAction\",\"target\":{\"@type\":\"EntryPoint\",\"urlTemplate\":\"https:\\\/\\\/buletin.de\\\/bucuresti\\\/?s={search_term_string}\"},\"query-input\":{\"@type\":\"PropertyValueSpecification\",\"valueRequired\":true,\"valueName\":\"search_term_string\"}}],\"inLanguage\":\"en-GB\"},{\"@type\":\"Organization\",\"@id\":\"https:\\\/\\\/buletin.de\\\/bucuresti\\\/#organization\",\"name\":\"Buletin de Bucure\u0219ti\",\"url\":\"https:\\\/\\\/buletin.de\\\/bucuresti\\\/\",\"logo\":{\"@type\":\"ImageObject\",\"inLanguage\":\"en-GB\",\"@id\":\"https:\\\/\\\/buletin.de\\\/bucuresti\\\/#\\\/schema\\\/logo\\\/image\\\/\",\"url\":\"https:\\\/\\\/buletin.de\\\/bucuresti\\\/wp-content\\\/uploads\\\/logo-bdb-full-wide-vernil-transparent.png\",\"contentUrl\":\"https:\\\/\\\/buletin.de\\\/bucuresti\\\/wp-content\\\/uploads\\\/logo-bdb-full-wide-vernil-transparent.png\",\"width\":1782,\"height\":626,\"caption\":\"Buletin de Bucure\u0219ti\"},\"image\":{\"@id\":\"https:\\\/\\\/buletin.de\\\/bucuresti\\\/#\\\/schema\\\/logo\\\/image\\\/\"},\"sameAs\":[\"https:\\\/\\\/www.facebook.com\\\/buletin.de.buc\",\"https:\\\/\\\/www.instagram.com\\\/buletinde.bucuresti\\\/\"]},{\"@type\":\"Person\",\"@id\":\"https:\\\/\\\/buletin.de\\\/bucuresti\\\/#\\\/schema\\\/person\\\/359459245996e200ed7c807f71f0551a\",\"name\":\"Ana Anghel-Dimache\",\"image\":{\"@type\":\"ImageObject\",\"inLanguage\":\"en-GB\",\"@id\":\"https:\\\/\\\/buletin.de\\\/bucuresti\\\/wp-content\\\/uploads\\\/Ana-Anghel-Dimache-96x96.jpg861145fc2c4f1fe57dc81b59a6cfb674\",\"url\":\"https:\\\/\\\/buletin.de\\\/bucuresti\\\/wp-content\\\/uploads\\\/Ana-Anghel-Dimache-96x96.jpg\",\"contentUrl\":\"https:\\\/\\\/buletin.de\\\/bucuresti\\\/wp-content\\\/uploads\\\/Ana-Anghel-Dimache-96x96.jpg\",\"caption\":\"Ana Anghel-Dimache\"},\"description\":\"Sunt student\u0103 la jurnalism \u0219i m-am n\u0103scut \u00een Bucure\u0219ti, ora\u0219 plin de pove\u0219ti care merit\u0103 explorate. \u00cemi place s\u0103 scriu despre subiecte politice, de mediu \u0219i legate de transportul din Capital\u0103. \u00cencerc s\u0103 pictez o imagine c\u00e2t mai sincer\u0103 a realit\u0103\u021bii \u0219i sus\u021bin presa independent\u0103 pentru c\u0103 este esen\u021bial s\u0103 pot reda faptele \u00een formele lor adev\u0103rate.\",\"url\":\"https:\\\/\\\/buletin.de\\\/bucuresti\\\/author\\\/ana-dimache\\\/\"}]}<\/script>\n<!-- \/ Yoast SEO Premium plugin. -->","yoast_head_json":{"title":"Sector 6 | Au mai fost amplasate \u00eenc\u0103 10 c\u0103su\u021be pentru pisici - Buletin de Bucure\u0219ti","description":"Au mai fost amplasate \u00eenc\u0103 10 c\u0103su\u021be pentru pisici, \u00een cadrul programului lansat \u00een iunie de Prim\u0103ria Sectorului 6.","robots":{"index":"index","follow":"follow","max-snippet":"max-snippet:-1","max-image-preview":"max-image-preview:large","max-video-preview":"max-video-preview:-1"},"canonical":"https:\/\/buletin.de\/bucuresti\/sectorul-6-au-mai-fost-amplasate-inca-10-casute-pentru-pisici\/","og_locale":"en_GB","og_type":"article","og_title":"Sector 6 | Au mai fost amplasate \u00eenc\u0103 10 c\u0103su\u021be pentru pisici","og_description":"Au mai fost amplasate \u00eenc\u0103 10 c\u0103su\u021be pentru pisici, \u00een cadrul programului lansat \u00een iunie de Prim\u0103ria Sectorului 6.","og_url":"https:\/\/buletin.de\/bucuresti\/sectorul-6-au-mai-fost-amplasate-inca-10-casute-pentru-pisici\/","og_site_name":"Buletin de Bucure\u0219ti","article_publisher":"https:\/\/www.facebook.com\/buletin.de.buc","article_published_time":"2024-09-11T11:22:06+00:00","article_modified_time":"2024-09-13T05:39:42+00:00","og_image":[{"width":1600,"height":1066,"url":"https:\/\/buletin.de\/bucuresti\/wp-content\/uploads\/Au-mai-fost-amplasate-inca-10-casute-pentru-pisicile-din-Sectorul-6.jpg","type":"image\/jpeg"}],"author":"Ana Anghel-Dimache","twitter_card":"summary_large_image","twitter_misc":{"Written by":"Ana Anghel-Dimache","Estimated reading time":"3 minutes"},"schema":{"@context":"https:\/\/schema.org","@graph":[{"@type":"Article","@id":"https:\/\/buletin.de\/bucuresti\/sectorul-6-au-mai-fost-amplasate-inca-10-casute-pentru-pisici\/#article","isPartOf":{"@id":"https:\/\/buletin.de\/bucuresti\/sectorul-6-au-mai-fost-amplasate-inca-10-casute-pentru-pisici\/"},"author":{"name":"Ana Anghel-Dimache","@id":"https:\/\/buletin.de\/bucuresti\/#\/schema\/person\/359459245996e200ed7c807f71f0551a"},"headline":"Sector 6 | Au mai fost amplasate \u00eenc\u0103 10 c\u0103su\u021be pentru pisici","datePublished":"2024-09-11T11:22:06+00:00","dateModified":"2024-09-13T05:39:42+00:00","mainEntityOfPage":{"@id":"https:\/\/buletin.de\/bucuresti\/sectorul-6-au-mai-fost-amplasate-inca-10-casute-pentru-pisici\/"},"wordCount":596,"publisher":{"@id":"https:\/\/buletin.de\/bucuresti\/#organization"},"image":{"@id":"https:\/\/buletin.de\/bucuresti\/sectorul-6-au-mai-fost-amplasate-inca-10-casute-pentru-pisici\/#primaryimage"},"thumbnailUrl":"https:\/\/buletin.de\/bucuresti\/wp-content\/uploads\/Au-mai-fost-amplasate-inca-10-casute-pentru-pisicile-din-Sectorul-6.jpg","keywords":["ad\u0103posturi","bucuresti","c\u0103su\u021be pentru pisici","proiect de participare bugetativ\u0103","Sector 6"],"articleSection":["Articole","Main","Prim\u0103rie"],"inLanguage":"en-GB","copyrightYear":"2024","copyrightHolder":{"@id":"https:\/\/buletin.de\/bucuresti\/#organization"}},{"@type":"WebPage","@id":"https:\/\/buletin.de\/bucuresti\/sectorul-6-au-mai-fost-amplasate-inca-10-casute-pentru-pisici\/","url":"https:\/\/buletin.de\/bucuresti\/sectorul-6-au-mai-fost-amplasate-inca-10-casute-pentru-pisici\/","name":"Sector 6 | Au mai fost amplasate \u00eenc\u0103 10 c\u0103su\u021be pentru pisici - Buletin de Bucure\u0219ti","isPartOf":{"@id":"https:\/\/buletin.de\/bucuresti\/#website"},"primaryImageOfPage":{"@id":"https:\/\/buletin.de\/bucuresti\/sectorul-6-au-mai-fost-amplasate-inca-10-casute-pentru-pisici\/#primaryimage"},"image":{"@id":"https:\/\/buletin.de\/bucuresti\/sectorul-6-au-mai-fost-amplasate-inca-10-casute-pentru-pisici\/#primaryimage"},"thumbnailUrl":"https:\/\/buletin.de\/bucuresti\/wp-content\/uploads\/Au-mai-fost-amplasate-inca-10-casute-pentru-pisicile-din-Sectorul-6.jpg","datePublished":"2024-09-11T11:22:06+00:00","dateModified":"2024-09-13T05:39:42+00:00","description":"Au mai fost amplasate \u00eenc\u0103 10 c\u0103su\u021be pentru pisici, \u00een cadrul programului lansat \u00een iunie de Prim\u0103ria Sectorului 6.","breadcrumb":{"@id":"https:\/\/buletin.de\/bucuresti\/sectorul-6-au-mai-fost-amplasate-inca-10-casute-pentru-pisici\/#breadcrumb"},"inLanguage":"en-GB","potentialAction":[{"@type":"ReadAction","target":["https:\/\/buletin.de\/bucuresti\/sectorul-6-au-mai-fost-amplasate-inca-10-casute-pentru-pisici\/"]}]},{"@type":"ImageObject","inLanguage":"en-GB","@id":"https:\/\/buletin.de\/bucuresti\/sectorul-6-au-mai-fost-amplasate-inca-10-casute-pentru-pisici\/#primaryimage","url":"https:\/\/buletin.de\/bucuresti\/wp-content\/uploads\/Au-mai-fost-amplasate-inca-10-casute-pentru-pisicile-din-Sectorul-6.jpg","contentUrl":"https:\/\/buletin.de\/bucuresti\/wp-content\/uploads\/Au-mai-fost-amplasate-inca-10-casute-pentru-pisicile-din-Sectorul-6.jpg","width":1600,"height":1066,"caption":"Au mai fost amplasate \u00eenc\u0103 10 c\u0103su\u021be pentru pisicile din Sectorul 6. Foto: Facebook \/ Prim\u0103ria Sectorului 6"},{"@type":"BreadcrumbList","@id":"https:\/\/buletin.de\/bucuresti\/sectorul-6-au-mai-fost-amplasate-inca-10-casute-pentru-pisici\/#breadcrumb","itemListElement":[{"@type":"ListItem","position":1,"name":"Acas\u0103","item":"https:\/\/buletin.de\/bucuresti\/"},{"@type":"ListItem","position":2,"name":"Sector 6 | Au mai fost amplasate \u00eenc\u0103 10 c\u0103su\u021be pentru pisici"}]},{"@type":"WebSite","@id":"https:\/\/buletin.de\/bucuresti\/#website","url":"https:\/\/buletin.de\/bucuresti\/","name":"Buletin de Bucure\u0219ti","description":"\u0218tiri \u0219i investiga\u021bii esen\u021biale din capital\u0103","publisher":{"@id":"https:\/\/buletin.de\/bucuresti\/#organization"},"potentialAction":[{"@type":"SearchAction","target":{"@type":"EntryPoint","urlTemplate":"https:\/\/buletin.de\/bucuresti\/?s={search_term_string}"},"query-input":{"@type":"PropertyValueSpecification","valueRequired":true,"valueName":"search_term_string"}}],"inLanguage":"en-GB"},{"@type":"Organization","@id":"https:\/\/buletin.de\/bucuresti\/#organization","name":"Buletin de Bucure\u0219ti","url":"https:\/\/buletin.de\/bucuresti\/","logo":{"@type":"ImageObject","inLanguage":"en-GB","@id":"https:\/\/buletin.de\/bucuresti\/#\/schema\/logo\/image\/","url":"https:\/\/buletin.de\/bucuresti\/wp-content\/uploads\/logo-bdb-full-wide-vernil-transparent.png","contentUrl":"https:\/\/buletin.de\/bucuresti\/wp-content\/uploads\/logo-bdb-full-wide-vernil-transparent.png","width":1782,"height":626,"caption":"Buletin de Bucure\u0219ti"},"image":{"@id":"https:\/\/buletin.de\/bucuresti\/#\/schema\/logo\/image\/"},"sameAs":["https:\/\/www.facebook.com\/buletin.de.buc","https:\/\/www.instagram.com\/buletinde.bucuresti\/"]},{"@type":"Person","@id":"https:\/\/buletin.de\/bucuresti\/#\/schema\/person\/359459245996e200ed7c807f71f0551a","name":"Ana Anghel-Dimache","image":{"@type":"ImageObject","inLanguage":"en-GB","@id":"https:\/\/buletin.de\/bucuresti\/wp-content\/uploads\/Ana-Anghel-Dimache-96x96.jpg861145fc2c4f1fe57dc81b59a6cfb674","url":"https:\/\/buletin.de\/bucuresti\/wp-content\/uploads\/Ana-Anghel-Dimache-96x96.jpg","contentUrl":"https:\/\/buletin.de\/bucuresti\/wp-content\/uploads\/Ana-Anghel-Dimache-96x96.jpg","caption":"Ana Anghel-Dimache"},"description":"Sunt student\u0103 la jurnalism \u0219i m-am n\u0103scut \u00een Bucure\u0219ti, ora\u0219 plin de pove\u0219ti care merit\u0103 explorate. \u00cemi place s\u0103 scriu despre subiecte politice, de mediu \u0219i legate de transportul din Capital\u0103. \u00cencerc s\u0103 pictez o imagine c\u00e2t mai sincer\u0103 a realit\u0103\u021bii \u0219i sus\u021bin presa independent\u0103 pentru c\u0103 este esen\u021bial s\u0103 pot reda faptele \u00een formele lor adev\u0103rate.","url":"https:\/\/buletin.de\/bucuresti\/author\/ana-dimache\/"}]}},"authors":[{"term_id":22581,"user_id":58,"is_guest":0,"slug":"ana-dimache","display_name":"Ana Anghel-Dimache","avatar_url":"https:\/\/buletin.de\/bucuresti\/wp-content\/uploads\/Ana-Anghel-Dimache-96x96.jpg","0":null,"1":"","2":"","3":"","4":"","5":"","6":"","7":"","8":""}],"_links":{"self":[{"href":"https:\/\/buletin.de\/bucuresti\/wp-json\/wp\/v2\/posts\/97819","targetHints":{"allow":["GET"]}}],"collection":[{"href":"https:\/\/buletin.de\/bucuresti\/wp-json\/wp\/v2\/posts"}],"about":[{"href":"https:\/\/buletin.de\/bucuresti\/wp-json\/wp\/v2\/types\/post"}],"author":[{"embeddable":true,"href":"https:\/\/buletin.de\/bucuresti\/wp-json\/wp\/v2\/users\/58"}],"replies":[{"embeddable":true,"href":"https:\/\/buletin.de\/bucuresti\/wp-json\/wp\/v2\/comments?post=97819"}],"version-history":[{"count":4,"href":"https:\/\/buletin.de\/bucuresti\/wp-json\/wp\/v2\/posts\/97819\/revisions"}],"predecessor-version":[{"id":98164,"href":"https:\/\/buletin.de\/bucuresti\/wp-json\/wp\/v2\/posts\/97819\/revisions\/98164"}],"wp:featuredmedia":[{"embeddable":true,"href":"https:\/\/buletin.de\/bucuresti\/wp-json\/wp\/v2\/media\/97820"}],"wp:attachment":[{"href":"https:\/\/buletin.de\/bucuresti\/wp-json\/wp\/v2\/media?parent=97819"}],"wp:term":[{"taxonomy":"category","embeddable":true,"href":"https:\/\/buletin.de\/bucuresti\/wp-json\/wp\/v2\/categories?post=97819"},{"taxonomy":"post_tag","embeddable":true,"href":"https:\/\/buletin.de\/bucuresti\/wp-json\/wp\/v2\/tags?post=97819"},{"taxonomy":"author","embeddable":true,"href":"https:\/\/buletin.de\/bucuresti\/wp-json\/wp\/v2\/ppma_author?post=97819"}],"curies":[{"name":"wp","href":"https:\/\/api.w.org\/{rel}","templated":true}]}}