{"id":97615,"date":"2024-09-10T12:18:49","date_gmt":"2024-09-10T09:18:49","guid":{"rendered":"https:\/\/buletin.de\/bucuresti\/?p=97615"},"modified":"2024-09-10T21:41:33","modified_gmt":"2024-09-10T18:41:33","slug":"surse-bdb-primele-restrictii-de-circulatie-pentru-segmentul-de-nord-al-m6-cel-de-la-statia-tokyo-la-aeroport-otopeni","status":"publish","type":"post","link":"https:\/\/buletin.de\/bucuresti\/surse-bdb-primele-restrictii-de-circulatie-pentru-segmentul-de-nord-al-m6-cel-de-la-statia-tokyo-la-aeroport-otopeni\/","title":{"rendered":"Surse BdB: Primele restric\u0163ii de circula\u0163ie pentru M6 segmentul de nord, cel de la sta\u0163ia Tokyo, la Aeroport Otopeni"},"content":{"rendered":"\n<p><strong>Primele restric\u0163ii de circula\u0163ie pentru M6 segmentul de nord (sta\u0163ia Tokyo &#8211; sta\u0163ia Aeroport Otopeni) vor fi instituite de pe data de 12 septembrie, estimeaz\u0103 surse din administra\u0163ie pentru Buletin de Bucure\u015fti. <\/strong><\/p>\n\n\n\n<p>Aceste restric\u0163ii vor fi valabile pe o durat\u0103 de aproximativ trei luni, timp \u00een care vor fi executate lucr\u0103ri preliminare pentru realizarea structurilor aferente viitoarelor sta\u021bii de metrou.<\/p>\n\n\n\n<p>Conform sursei citate, aceste restric\u0163ii de circula\u0163ie pe traseul M6 vor fi condi\u0163ionate astfel:<\/p>\n\n\n\n<figure class=\"wp-block-image size-large\"><img fetchpriority=\"high\" decoding=\"async\" width=\"900\" height=\"518\" src=\"data:image\/gif;base64,R0lGODlhAQABAAAAACH5BAEKAAEALAAAAAABAAEAAAICTAEAOw==\" data-src=\"https:\/\/buletin.de\/bucuresti\/wp-content\/uploads\/statiawashington-900x518.png\" alt=\"Primele restric\u0163ii de circula\u0163ie pentru M6, \u00een dreptul viitoarei sta\u021bii Washington\" class=\"wp-image-97729 lazyload\" data-sizes=\"auto\" data-srcset=\"https:\/\/buletin.de\/bucuresti\/wp-content\/uploads\/statiawashington-900x518.png 900w, https:\/\/buletin.de\/bucuresti\/wp-content\/uploads\/statiawashington-300x173.png 300w, https:\/\/buletin.de\/bucuresti\/wp-content\/uploads\/statiawashington-768x442.png 768w, https:\/\/buletin.de\/bucuresti\/wp-content\/uploads\/statiawashington-600x345.png 600w, https:\/\/buletin.de\/bucuresti\/wp-content\/uploads\/statiawashington-20x12.png 20w, https:\/\/buletin.de\/bucuresti\/wp-content\/uploads\/statiawashington.png 961w\" sizes=\"(max-width: 900px) 100vw, 900px\" \/><figcaption class=\"wp-element-caption\">Primele restric\u0163ii de circula\u0163ie pentru M6, \u00een dreptul viitoarei sta\u021bii Washington<\/figcaption><\/figure>\n\n\n\n<p><strong>Sta\u021bia va fi amplasat\u0103 \u00een laterala estic\u0103 a \u015eoselei Bucure\u015fti-Ploie\u015fti, zona de sud-est a intersec\u0163iei \u015eoselei Bucure\u015fti-Ploie\u015fti \u015fi Bulevardul Dr. Liviu Librescu \/ Strada Jandarmeriei. La capetele sta\u021biei vor exista trei accesuri, dintre care dou\u0103 vor fi legate de un pasaj pietonal pe sub \u0218os. Bucure\u0219ti \u2013 Ploie\u0219ti (DN1), iar cel de-al treilea se afl\u0103 de-a lungul sta\u021biei. Sta\u021bia Washington are o lungime de 159 m \u0219i o l\u0103\u021bime maxim\u0103 de 22,16 m. (Sursa <\/strong><a href=\"https:\/\/magistrala6.ro\/sectiunea-nord\"><strong>https:\/\/magistrala6.ro\/sectiunea-nord<\/strong><\/a><strong>)<\/strong><\/p>\n\n\n\n<h2 class=\"wp-block-heading\" id=\"h-primele-restrictii-de-circulatie-pentru-m6-segmentul-de-nord-modificari-ale-sistematizarii-circula\u021biei\">Primele restric\u0163ii de circula\u0163ie pentru M6 segmentul de nord. <strong>Modific\u0103ri ale sistematiz\u0103rii circula\u021biei:<\/strong><\/h2>\n\n\n\n<figure class=\"wp-block-table\"><table class=\"has-fixed-layout\"><tbody><tr><td><br><img decoding=\"async\" src=\"data:image\/gif;base64,R0lGODlhAQABAAAAACH5BAEKAAEALAAAAAABAAEAAAICTAEAOw==\" data-src=\"https:\/\/lh7-rt.googleusercontent.com\/docsz\/AD_4nXciYo_spp6Ix1p4BYr6kc1ShwA3RvS7laQQYYxBtwyMoQxOoJ8B6kxz02RT5f0FWXpmrwMFD6aZoKV-aT7Q-m6QJ6qX0J0-ZSYDeteT0ZLdrLSMaO0BzlczOpesM_rBNUGV-L2UiD3FXwRVxkz9AyvZ8dmdgkpE8ezXzTo-oQ?key=REjRNXkaQJ8nDZ49X7gj0A\" width=\"118\" class=\"lazyload\" height=\"122\"><\/td><td><strong>\u00cen zona viitoarei sta\u021bii de metrou Washington se vor institui urm\u0103toarele restric\u021bii:<\/strong><br>&#8211; Pe strada Viorel Ciurea se va restric\u021biona accesul rutier si pietonal iar sta\u021biile de transport public &#8220;Sta\u021bia INMH&#8221; de pe aceast\u0103 arter\u0103, pe ambele sensuri vor fi relocate \u00een imediata vecin\u0103tate; <br>&#8211; Accesul spre Ploie\u0219ti din zona bretelei adiacente DN1 respectiv de pe B-dul Alexandru Nasta va fi restric\u021bionat. <br>&#8211; Accesul c\u0103tre Ploie\u0219ti din aceast\u0103 arter\u0103 se va face prin ruta ocolitoare asigurat\u0103 prin Bulevardul Doctor Liviu Librescu.<\/td><\/tr><\/tbody><\/table><\/figure>\n\n\n\n<p><strong>Restric\u021biile nou instituite pe amplasamentul sta\u021biei Washington&nbsp;nu vor afecta circula\u021bia rutier\u0103 pe DN1<\/strong>, conform informa\u0163iilor ob\u0163inute.<\/p>\n\n\n\n<figure class=\"wp-block-image\"><img decoding=\"async\" src=\"data:image\/gif;base64,R0lGODlhAQABAAAAACH5BAEKAAEALAAAAAABAAEAAAICTAEAOw==\" data-src=\"https:\/\/lh7-rt.googleusercontent.com\/docsz\/AD_4nXcgoA1fdxsWbtD3RPt9nUzPXH-hTFrJEo-FLB17nqNJmmmDbxsm-rhxxc6tGskeuZJK1bnOs09o6Z-HGmPJzn37Jkbq9CL-8RHatsMzfI0AXZe2p_AsJLOFWAqzAgpaJz786ej4yN5IUPnt-PccIsyyu3UoY7-NzfxsASmcSA?key=REjRNXkaQJ8nDZ49X7gj0A\" class=\"lazyload\" alt=\"\"\/><\/figure>\n\n\n\n<figure class=\"wp-block-image size-large\"><img decoding=\"async\" width=\"900\" height=\"514\" src=\"data:image\/gif;base64,R0lGODlhAQABAAAAACH5BAEKAAEALAAAAAABAAEAAAICTAEAOw==\" data-src=\"https:\/\/buletin.de\/bucuresti\/wp-content\/uploads\/statiaotopeni-900x514.png\" alt=\"Primele restric\u0163ii de circula\u0163ie pentru M6, \u00een dreptul viitoarei sta\u021bii Otopeni\" class=\"wp-image-97730 lazyload\" data-sizes=\"auto\" data-srcset=\"https:\/\/buletin.de\/bucuresti\/wp-content\/uploads\/statiaotopeni-900x514.png 900w, https:\/\/buletin.de\/bucuresti\/wp-content\/uploads\/statiaotopeni-300x171.png 300w, https:\/\/buletin.de\/bucuresti\/wp-content\/uploads\/statiaotopeni-768x439.png 768w, https:\/\/buletin.de\/bucuresti\/wp-content\/uploads\/statiaotopeni-600x343.png 600w, https:\/\/buletin.de\/bucuresti\/wp-content\/uploads\/statiaotopeni-20x11.png 20w, https:\/\/buletin.de\/bucuresti\/wp-content\/uploads\/statiaotopeni.png 965w\" sizes=\"(max-width: 900px) 100vw, 900px\" \/><figcaption class=\"wp-element-caption\">Primele restric\u0163ii de circula\u0163ie pentru M6, \u00een dreptul viitoarei sta\u021bii Otopeni<\/figcaption><\/figure>\n\n\n\n<p><strong>Sta\u021bia va fi amplasat\u0103 par\u021bial sub carosabilul C\u0103ii Bucure\u0219tilor \u0219i sub semaforul de la intersec\u021bia acestuia cu artera central\u0103 a ora\u0219ului Otopeni, Strada 23 August. Sta\u021bia va fi dotat\u0103 cu dou\u0103 accesuri la cap\u0103tul sudic al sta\u021biei, de o parte \u0219i de alta a C\u0103ii Bucure\u0219ti, una pe latura de est \u0219i cealalt\u0103 pe latura de vest. Sta\u021bia Otopeni are o lungime de 159 m \u0219i o l\u0103\u021bime maxim\u0103 de 22,16 m.&nbsp; (Sursa <\/strong><a href=\"https:\/\/magistrala6.ro\/sectiunea-nord\"><strong>https:\/\/magistrala6.ro\/sectiunea-nord<\/strong><\/a><strong>)<\/strong><\/p>\n\n\n\n<h2 class=\"wp-block-heading\" id=\"h-modificari-ale-sistematizarii-circula\u021biei\"><strong>Modific\u0103ri ale sistematiz\u0103rii circula\u021biei:<\/strong><\/h2>\n\n\n\n<figure class=\"wp-block-table\"><table class=\"has-fixed-layout\"><tbody><tr><td><br><img loading=\"lazy\" decoding=\"async\" alt=\"A red circle with a white rectangle in it\n\nDescription automatically generated\" src=\"https:\/\/lh7-rt.googleusercontent.com\/docsz\/AD_4nXciYo_spp6Ix1p4BYr6kc1ShwA3RvS7laQQYYxBtwyMoQxOoJ8B6kxz02RT5f0FWXpmrwMFD6aZoKV-aT7Q-m6QJ6qX0J0-ZSYDeteT0ZLdrLSMaO0BzlczOpesM_rBNUGV-L2UiD3FXwRVxkz9AyvZ8dmdgkpE8ezXzTo-oQ?key=REjRNXkaQJ8nDZ49X7gj0A\" width=\"118\" height=\"122\"><\/td><td><strong>\u00cen zona viitoarei sta\u021bii de metrou Otopeni se vor institui restric\u021bii:<\/strong><br>&#8211; accesul dinspre DN1 pe strada 23 august, accesul realiz\u00e2ndu-se pe ruta alternativ\u0103 prin strada Oituz si Floare de Cais, totodat\u0103 sta\u021bia de transport public \u2018\u2019Sta\u021bia Prim\u0103ria Otopeni\u2019\u2019&nbsp; amplasata pe DN1 sensul de intrare in Bucure\u0219ti&nbsp; va fi relocat\u0103 \u00een imediata vecin\u0103tate a pasarelei Pietonale! Ocazional, vor fi restric\u021bii locale pe banda 1 pe sensul de intrare \u00een Bucure\u0219ti,<strong>&nbsp;\u00een intervalul orar 22:00-06:00<\/strong>.<\/td><\/tr><\/tbody><\/table><\/figure>\n\n\n\n<h2 class=\"wp-block-heading\" id=\"h-restric\u021biile-nou-instituite-pe-amplasamentul-sta\u021biei-otopeni-nu-vor-afecta\"><strong>Restric\u021biile nou instituite\u00a0pe amplasamentul sta\u021biei Otopeni nu vor afecta:<\/strong><\/h2>\n\n\n\n<ul class=\"wp-block-list\">\n<li>Circula\u021bia auto pe banda de ie\u0219ire dinspre strada 23 august \u00een DN1<\/li>\n<\/ul>\n\n\n\n<ul class=\"wp-block-list\">\n<li>Circula\u021bia rutier\u0103 pe DN1 <strong>\u00een timpul zilei<\/strong>.<\/li>\n<\/ul>\n\n\n\n<figure class=\"wp-block-image size-large\"><img loading=\"lazy\" decoding=\"async\" width=\"900\" height=\"494\" src=\"data:image\/gif;base64,R0lGODlhAQABAAAAACH5BAEKAAEALAAAAAABAAEAAAICTAEAOw==\" data-src=\"https:\/\/buletin.de\/bucuresti\/wp-content\/uploads\/strada-23-august-in-DN1-900x494.png\" alt=\"Primele restric\u0163ii de circula\u0163ie pentru M6 dinspre strada 23 august spre DN1\" class=\"wp-image-97731 lazyload\" data-sizes=\"auto\" data-srcset=\"https:\/\/buletin.de\/bucuresti\/wp-content\/uploads\/strada-23-august-in-DN1-900x494.png 900w, https:\/\/buletin.de\/bucuresti\/wp-content\/uploads\/strada-23-august-in-DN1-300x165.png 300w, https:\/\/buletin.de\/bucuresti\/wp-content\/uploads\/strada-23-august-in-DN1-768x421.png 768w, https:\/\/buletin.de\/bucuresti\/wp-content\/uploads\/strada-23-august-in-DN1-1100x603.png 1100w, https:\/\/buletin.de\/bucuresti\/wp-content\/uploads\/strada-23-august-in-DN1-600x329.png 600w, https:\/\/buletin.de\/bucuresti\/wp-content\/uploads\/strada-23-august-in-DN1-20x11.png 20w, https:\/\/buletin.de\/bucuresti\/wp-content\/uploads\/strada-23-august-in-DN1.png 1271w\" sizes=\"(max-width: 900px) 100vw, 900px\" \/><figcaption class=\"wp-element-caption\">Primele restric\u0163ii de circula\u0163ie pentru M6 dinspre strada 23 august spre DN1<\/figcaption><\/figure>\n\n\n\n<h2 class=\"wp-block-heading\" id=\"h-primele-restrictii-de-circulatie-pentru-m6-segmentul-de-nord-datele-proiectului\">Primele restric\u0163ii de circula\u0163ie pentru M6 segmentul de nord. Datele proiectului<\/h2>\n\n\n\n<p>Lucrarea este realizat\u0103 de&nbsp;Asocierea G\u00fclermak A\u011fir Sanayi Insaat Ve Taahh\u00fct A.S. (Turcia) &#8211;&nbsp; Somet SA (Rom\u00e2nia), \u00een baza contractului de proiectare \u015fi execu\u0163ie lucr\u0103ri de structur\u0103 de rezisten\u0163\u0103 semnat cu Metrorex pentru acest lot, care include un traseu de 7,6 km \u00eentre sta\u0163iile Tokyo \u015fi Aeroport Otopeni.<\/p>\n\n\n\n<p><a href=\"https:\/\/buletin.de\/bucuresti\/m6-otopeni-i-sondaje-de-utilitati-si-semne-de-avertizare-pentru-extinderea-metrorex\/\">Magistrala M6 de metrou va avea un traseu de 14,2 km de cale dubl\u0103, pe care vor circula 12 trenuri noi \u0219i va cuprinde 12 sta\u021bii.<\/a><\/p>\n\n\n\n<p>Sec\u021biunea sud are un traseu de 6,6 km. Pe l\u00e2ng\u0103 sta\u021bia 1 Mai, deja construit\u0103, lotul cuprinde \u0219ase sta\u021bii: Pajura, Expozi\u021biei, Pia\u021ba Montreal, Gara B\u0103neasa, Aeroport B\u0103neasa, Tokyo. <\/p>\n\n\n\n<p>De asemenea, lotul cuprinde \u0219i \u0219ase intersta\u021bii: 1 Mai \u2013 Pajura, Pajura \u2013 Expozi\u021biei, Expozi\u021biei \u2013 Pia\u021ba Montreal, Pia\u021ba Montreal \u2013 Gara B\u0103neasa, Gara B\u0103neasa \u2013 Aeroport B\u0103neasa, Aeroport B\u0103neasa \u2013 Tokyo.<\/p>\n\n\n\n<p>Valoarea total\u0103 a proiectului se ridic\u0103 la peste 6.3 miliarde de lei. Din aceast\u0103 sum\u0103, cofinan\u021barea UE reprezint\u0103 peste 2.3 miliarde de lei, prin Fondul de Coeziune, Programul Opera\u021bional Infrastructur\u0103 Mare 2014-2020.<\/p>\n\n\n\n<p>\u00cen februarie 2023, Metrorex anun\u021ba c\u0103 lotul 2 din magistrala 6 de metrou, B\u0103neasa \u2013 Aeroportul Henri Coand\u0103, are executant. Lotul Tokyo \u2013 Aeroport Otopeni va avea 7,6 km \u0219i 6 sta\u021bii cu urm\u0103toarele denumiri: Washington, Paris, Bruxelles, Otopeni, Ion I.C. Br\u0103tianu, Aeroport Otopeni. Lucrarea va completa \u0219i va face leg\u0103tura dintre sta\u021bia de metrou 1 Mai existent\u0103 \u0219i Aeroportul Otopeni.<\/p>\n\n\n\n<p><strong>CITE\u015eTE \u015eI:<\/strong> <a href=\"https:\/\/buletin.de\/bucuresti\/m6-otopeni-cartitele-care-vor-sapa-tunelul-pentru-magistrala-de-metrou-incep-munca-la-sfarsitul-verii-ori-in-toamna\/\"><strong>M6 Otopeni | \u201eC\u00e2rti\u0163ele\u201d care vor s\u0103pa tunelul pentru magistrala de metrou \u00eencep munca la sf\u00e2r\u015fitul verii ori \u00een toamn\u0103<\/strong><\/a><\/p>\n","protected":false},"excerpt":{"rendered":"<p>Primele restric\u0163ii de circula\u0163ie pentru M6 segmentul de nord (sta\u0163ia Tokyo &#8211; sta\u0163ia Aeroport Otopeni) vor fi instituite de pe data de 12 septembrie, estimeaz\u0103 surse din administra\u0163ie pentru Buletin de Bucure\u015fti. Aceste restric\u0163ii vor fi valabile pe o durat\u0103 de aproximativ trei luni, timp \u00een care vor fi executate lucr\u0103ri preliminare pentru realizarea structurilor [&hellip;]<\/p>\n","protected":false},"author":8,"featured_media":97622,"comment_status":"closed","ping_status":"open","sticky":false,"template":"","format":"standard","meta":{"_acf_changed":false,"inline_featured_image":false,"ngg_post_thumbnail":0,"footnotes":""},"categories":[6994,5762,650],"tags":[14969,11492,14963,14964,14968,14965,14967],"ppma_author":[22586],"class_list":["post-97615","post","type-post","status-publish","format-standard","has-post-thumbnail","hentry","category-stiri-2","category-main","category-transport","tag-constructie-magistrala-m6-metrou","tag-metrou-nordul-capitalei","tag-restrictii-circulatie-m6","tag-restrictii-dn1-pentru-constructie-metrou","tag-statia-aeroport-otopeni-metrou","tag-statia-tokyo-metrou","tag-statia-washington-metrou"],"acf":[],"yoast_head":"<!-- This site is optimized with the Yoast SEO Premium plugin v25.3 (Yoast SEO v27.4) - https:\/\/yoast.com\/product\/yoast-seo-premium-wordpress\/ -->\n<title>Restric\u0163ii de circula\u0163ie pentru M6 segmentul de nord, cel de la sta\u0163ia Tokyo<\/title>\n<meta name=\"description\" content=\"Primele restric\u0163ii de circula\u0163ie pentru segmentul de nord al M6 (sta\u0163ia Tokyo - Aeroport Otopeni) vor fi instituite din 12 septembrie.\" \/>\n<meta name=\"robots\" content=\"index, follow, max-snippet:-1, max-image-preview:large, max-video-preview:-1\" \/>\n<link rel=\"canonical\" href=\"https:\/\/buletin.de\/bucuresti\/surse-bdb-primele-restrictii-de-circulatie-pentru-segmentul-de-nord-al-m6-cel-de-la-statia-tokyo-la-aeroport-otopeni\/\" \/>\n<meta property=\"og:locale\" content=\"en_GB\" \/>\n<meta property=\"og:type\" content=\"article\" \/>\n<meta property=\"og:title\" content=\"Surse BdB: Primele restric\u0163ii de circula\u0163ie pentru M6 segmentul de nord, cel de la sta\u0163ia Tokyo, la Aeroport Otopeni\" \/>\n<meta property=\"og:description\" content=\"Primele restric\u0163ii de circula\u0163ie pentru segmentul de nord al M6 (sta\u0163ia Tokyo - Aeroport Otopeni) vor fi instituite din 12 septembrie.\" \/>\n<meta property=\"og:url\" content=\"https:\/\/buletin.de\/bucuresti\/surse-bdb-primele-restrictii-de-circulatie-pentru-segmentul-de-nord-al-m6-cel-de-la-statia-tokyo-la-aeroport-otopeni\/\" \/>\n<meta property=\"og:site_name\" content=\"Buletin de Bucure\u0219ti\" \/>\n<meta property=\"article:publisher\" content=\"https:\/\/www.facebook.com\/buletin.de.buc\" \/>\n<meta property=\"article:published_time\" content=\"2024-09-10T09:18:49+00:00\" \/>\n<meta property=\"article:modified_time\" content=\"2024-09-10T18:41:33+00:00\" \/>\n<meta property=\"og:image\" content=\"https:\/\/buletin.de\/bucuresti\/wp-content\/uploads\/restrictii-m6-nord.png\" \/>\n\t<meta property=\"og:image:width\" content=\"910\" \/>\n\t<meta property=\"og:image:height\" content=\"731\" \/>\n\t<meta property=\"og:image:type\" content=\"image\/png\" \/>\n<meta name=\"author\" content=\"Ionu\u021b Lepa\" \/>\n<meta name=\"twitter:card\" content=\"summary_large_image\" \/>\n<meta name=\"twitter:label1\" content=\"Written by\" \/>\n\t<meta name=\"twitter:data1\" content=\"Ionu\u021b Lepa\" \/>\n\t<meta name=\"twitter:label2\" content=\"Estimated reading time\" \/>\n\t<meta name=\"twitter:data2\" content=\"5 minutes\" \/>\n<script type=\"application\/ld+json\" class=\"yoast-schema-graph\">{\"@context\":\"https:\\\/\\\/schema.org\",\"@graph\":[{\"@type\":\"Article\",\"@id\":\"https:\\\/\\\/buletin.de\\\/bucuresti\\\/surse-bdb-primele-restrictii-de-circulatie-pentru-segmentul-de-nord-al-m6-cel-de-la-statia-tokyo-la-aeroport-otopeni\\\/#article\",\"isPartOf\":{\"@id\":\"https:\\\/\\\/buletin.de\\\/bucuresti\\\/surse-bdb-primele-restrictii-de-circulatie-pentru-segmentul-de-nord-al-m6-cel-de-la-statia-tokyo-la-aeroport-otopeni\\\/\"},\"author\":{\"name\":\"Ionu\u021b Lepa\",\"@id\":\"https:\\\/\\\/buletin.de\\\/bucuresti\\\/#\\\/schema\\\/person\\\/5272b8a057b33890940b57b837fc4ce6\"},\"headline\":\"Surse BdB: Primele restric\u0163ii de circula\u0163ie pentru M6 segmentul de nord, cel de la sta\u0163ia Tokyo, la Aeroport Otopeni\",\"datePublished\":\"2024-09-10T09:18:49+00:00\",\"dateModified\":\"2024-09-10T18:41:33+00:00\",\"mainEntityOfPage\":{\"@id\":\"https:\\\/\\\/buletin.de\\\/bucuresti\\\/surse-bdb-primele-restrictii-de-circulatie-pentru-segmentul-de-nord-al-m6-cel-de-la-statia-tokyo-la-aeroport-otopeni\\\/\"},\"wordCount\":862,\"publisher\":{\"@id\":\"https:\\\/\\\/buletin.de\\\/bucuresti\\\/#organization\"},\"image\":{\"@id\":\"https:\\\/\\\/buletin.de\\\/bucuresti\\\/surse-bdb-primele-restrictii-de-circulatie-pentru-segmentul-de-nord-al-m6-cel-de-la-statia-tokyo-la-aeroport-otopeni\\\/#primaryimage\"},\"thumbnailUrl\":\"https:\\\/\\\/buletin.de\\\/bucuresti\\\/wp-content\\\/uploads\\\/restrictii-m6-nord.png\",\"keywords\":[\"constructie magistrala m6 metrou\",\"metrou nordul capitalei\",\"restrictii circulatie m6\",\"restrictii dn1 pentru constructie metrou\",\"statia aeroport otopeni metrou\",\"statia tokyo metrou\",\"statia washington metrou\"],\"articleSection\":[\"Articole\",\"Main\",\"Transport\"],\"inLanguage\":\"en-GB\",\"copyrightYear\":\"2024\",\"copyrightHolder\":{\"@id\":\"https:\\\/\\\/buletin.de\\\/bucuresti\\\/#organization\"}},{\"@type\":\"WebPage\",\"@id\":\"https:\\\/\\\/buletin.de\\\/bucuresti\\\/surse-bdb-primele-restrictii-de-circulatie-pentru-segmentul-de-nord-al-m6-cel-de-la-statia-tokyo-la-aeroport-otopeni\\\/\",\"url\":\"https:\\\/\\\/buletin.de\\\/bucuresti\\\/surse-bdb-primele-restrictii-de-circulatie-pentru-segmentul-de-nord-al-m6-cel-de-la-statia-tokyo-la-aeroport-otopeni\\\/\",\"name\":\"Restric\u0163ii de circula\u0163ie pentru M6 segmentul de nord, cel de la sta\u0163ia Tokyo\",\"isPartOf\":{\"@id\":\"https:\\\/\\\/buletin.de\\\/bucuresti\\\/#website\"},\"primaryImageOfPage\":{\"@id\":\"https:\\\/\\\/buletin.de\\\/bucuresti\\\/surse-bdb-primele-restrictii-de-circulatie-pentru-segmentul-de-nord-al-m6-cel-de-la-statia-tokyo-la-aeroport-otopeni\\\/#primaryimage\"},\"image\":{\"@id\":\"https:\\\/\\\/buletin.de\\\/bucuresti\\\/surse-bdb-primele-restrictii-de-circulatie-pentru-segmentul-de-nord-al-m6-cel-de-la-statia-tokyo-la-aeroport-otopeni\\\/#primaryimage\"},\"thumbnailUrl\":\"https:\\\/\\\/buletin.de\\\/bucuresti\\\/wp-content\\\/uploads\\\/restrictii-m6-nord.png\",\"datePublished\":\"2024-09-10T09:18:49+00:00\",\"dateModified\":\"2024-09-10T18:41:33+00:00\",\"description\":\"Primele restric\u0163ii de circula\u0163ie pentru segmentul de nord al M6 (sta\u0163ia Tokyo - Aeroport Otopeni) vor fi instituite din 12 septembrie.\",\"breadcrumb\":{\"@id\":\"https:\\\/\\\/buletin.de\\\/bucuresti\\\/surse-bdb-primele-restrictii-de-circulatie-pentru-segmentul-de-nord-al-m6-cel-de-la-statia-tokyo-la-aeroport-otopeni\\\/#breadcrumb\"},\"inLanguage\":\"en-GB\",\"potentialAction\":[{\"@type\":\"ReadAction\",\"target\":[\"https:\\\/\\\/buletin.de\\\/bucuresti\\\/surse-bdb-primele-restrictii-de-circulatie-pentru-segmentul-de-nord-al-m6-cel-de-la-statia-tokyo-la-aeroport-otopeni\\\/\"]}]},{\"@type\":\"ImageObject\",\"inLanguage\":\"en-GB\",\"@id\":\"https:\\\/\\\/buletin.de\\\/bucuresti\\\/surse-bdb-primele-restrictii-de-circulatie-pentru-segmentul-de-nord-al-m6-cel-de-la-statia-tokyo-la-aeroport-otopeni\\\/#primaryimage\",\"url\":\"https:\\\/\\\/buletin.de\\\/bucuresti\\\/wp-content\\\/uploads\\\/restrictii-m6-nord.png\",\"contentUrl\":\"https:\\\/\\\/buletin.de\\\/bucuresti\\\/wp-content\\\/uploads\\\/restrictii-m6-nord.png\",\"width\":910,\"height\":731,\"caption\":\"Primele restric\u0163ii de circula\u0163ie pentru M6 segmentul de nord\"},{\"@type\":\"BreadcrumbList\",\"@id\":\"https:\\\/\\\/buletin.de\\\/bucuresti\\\/surse-bdb-primele-restrictii-de-circulatie-pentru-segmentul-de-nord-al-m6-cel-de-la-statia-tokyo-la-aeroport-otopeni\\\/#breadcrumb\",\"itemListElement\":[{\"@type\":\"ListItem\",\"position\":1,\"name\":\"Acas\u0103\",\"item\":\"https:\\\/\\\/buletin.de\\\/bucuresti\\\/\"},{\"@type\":\"ListItem\",\"position\":2,\"name\":\"Surse BdB: Primele restric\u0163ii de circula\u0163ie pentru M6 segmentul de nord, cel de la sta\u0163ia Tokyo, la Aeroport Otopeni\"}]},{\"@type\":\"WebSite\",\"@id\":\"https:\\\/\\\/buletin.de\\\/bucuresti\\\/#website\",\"url\":\"https:\\\/\\\/buletin.de\\\/bucuresti\\\/\",\"name\":\"Buletin de Bucure\u0219ti\",\"description\":\"\u0218tiri \u0219i investiga\u021bii esen\u021biale din capital\u0103\",\"publisher\":{\"@id\":\"https:\\\/\\\/buletin.de\\\/bucuresti\\\/#organization\"},\"potentialAction\":[{\"@type\":\"SearchAction\",\"target\":{\"@type\":\"EntryPoint\",\"urlTemplate\":\"https:\\\/\\\/buletin.de\\\/bucuresti\\\/?s={search_term_string}\"},\"query-input\":{\"@type\":\"PropertyValueSpecification\",\"valueRequired\":true,\"valueName\":\"search_term_string\"}}],\"inLanguage\":\"en-GB\"},{\"@type\":\"Organization\",\"@id\":\"https:\\\/\\\/buletin.de\\\/bucuresti\\\/#organization\",\"name\":\"Buletin de Bucure\u0219ti\",\"url\":\"https:\\\/\\\/buletin.de\\\/bucuresti\\\/\",\"logo\":{\"@type\":\"ImageObject\",\"inLanguage\":\"en-GB\",\"@id\":\"https:\\\/\\\/buletin.de\\\/bucuresti\\\/#\\\/schema\\\/logo\\\/image\\\/\",\"url\":\"https:\\\/\\\/buletin.de\\\/bucuresti\\\/wp-content\\\/uploads\\\/logo-bdb-full-wide-vernil-transparent.png\",\"contentUrl\":\"https:\\\/\\\/buletin.de\\\/bucuresti\\\/wp-content\\\/uploads\\\/logo-bdb-full-wide-vernil-transparent.png\",\"width\":1782,\"height\":626,\"caption\":\"Buletin de Bucure\u0219ti\"},\"image\":{\"@id\":\"https:\\\/\\\/buletin.de\\\/bucuresti\\\/#\\\/schema\\\/logo\\\/image\\\/\"},\"sameAs\":[\"https:\\\/\\\/www.facebook.com\\\/buletin.de.buc\",\"https:\\\/\\\/www.instagram.com\\\/buletinde.bucuresti\\\/\"]},{\"@type\":\"Person\",\"@id\":\"https:\\\/\\\/buletin.de\\\/bucuresti\\\/#\\\/schema\\\/person\\\/5272b8a057b33890940b57b837fc4ce6\",\"name\":\"Ionu\u021b Lepa\",\"image\":{\"@type\":\"ImageObject\",\"inLanguage\":\"en-GB\",\"@id\":\"https:\\\/\\\/buletin.de\\\/bucuresti\\\/wp-content\\\/uploads\\\/Ionut-Lepa-96x96.jpg5c4e4d9e049808799a8821652d2410a4\",\"url\":\"https:\\\/\\\/buletin.de\\\/bucuresti\\\/wp-content\\\/uploads\\\/Ionut-Lepa-96x96.jpg\",\"contentUrl\":\"https:\\\/\\\/buletin.de\\\/bucuresti\\\/wp-content\\\/uploads\\\/Ionut-Lepa-96x96.jpg\",\"caption\":\"Ionu\u021b Lepa\"},\"url\":\"https:\\\/\\\/buletin.de\\\/bucuresti\\\/author\\\/ionutlepa\\\/\"}]}<\/script>\n<!-- \/ Yoast SEO Premium plugin. -->","yoast_head_json":{"title":"Restric\u0163ii de circula\u0163ie pentru M6 segmentul de nord, cel de la sta\u0163ia Tokyo","description":"Primele restric\u0163ii de circula\u0163ie pentru segmentul de nord al M6 (sta\u0163ia Tokyo - Aeroport Otopeni) vor fi instituite din 12 septembrie.","robots":{"index":"index","follow":"follow","max-snippet":"max-snippet:-1","max-image-preview":"max-image-preview:large","max-video-preview":"max-video-preview:-1"},"canonical":"https:\/\/buletin.de\/bucuresti\/surse-bdb-primele-restrictii-de-circulatie-pentru-segmentul-de-nord-al-m6-cel-de-la-statia-tokyo-la-aeroport-otopeni\/","og_locale":"en_GB","og_type":"article","og_title":"Surse BdB: Primele restric\u0163ii de circula\u0163ie pentru M6 segmentul de nord, cel de la sta\u0163ia Tokyo, la Aeroport Otopeni","og_description":"Primele restric\u0163ii de circula\u0163ie pentru segmentul de nord al M6 (sta\u0163ia Tokyo - Aeroport Otopeni) vor fi instituite din 12 septembrie.","og_url":"https:\/\/buletin.de\/bucuresti\/surse-bdb-primele-restrictii-de-circulatie-pentru-segmentul-de-nord-al-m6-cel-de-la-statia-tokyo-la-aeroport-otopeni\/","og_site_name":"Buletin de Bucure\u0219ti","article_publisher":"https:\/\/www.facebook.com\/buletin.de.buc","article_published_time":"2024-09-10T09:18:49+00:00","article_modified_time":"2024-09-10T18:41:33+00:00","og_image":[{"width":910,"height":731,"url":"https:\/\/buletin.de\/bucuresti\/wp-content\/uploads\/restrictii-m6-nord.png","type":"image\/png"}],"author":"Ionu\u021b Lepa","twitter_card":"summary_large_image","twitter_misc":{"Written by":"Ionu\u021b Lepa","Estimated reading time":"5 minutes"},"schema":{"@context":"https:\/\/schema.org","@graph":[{"@type":"Article","@id":"https:\/\/buletin.de\/bucuresti\/surse-bdb-primele-restrictii-de-circulatie-pentru-segmentul-de-nord-al-m6-cel-de-la-statia-tokyo-la-aeroport-otopeni\/#article","isPartOf":{"@id":"https:\/\/buletin.de\/bucuresti\/surse-bdb-primele-restrictii-de-circulatie-pentru-segmentul-de-nord-al-m6-cel-de-la-statia-tokyo-la-aeroport-otopeni\/"},"author":{"name":"Ionu\u021b Lepa","@id":"https:\/\/buletin.de\/bucuresti\/#\/schema\/person\/5272b8a057b33890940b57b837fc4ce6"},"headline":"Surse BdB: Primele restric\u0163ii de circula\u0163ie pentru M6 segmentul de nord, cel de la sta\u0163ia Tokyo, la Aeroport Otopeni","datePublished":"2024-09-10T09:18:49+00:00","dateModified":"2024-09-10T18:41:33+00:00","mainEntityOfPage":{"@id":"https:\/\/buletin.de\/bucuresti\/surse-bdb-primele-restrictii-de-circulatie-pentru-segmentul-de-nord-al-m6-cel-de-la-statia-tokyo-la-aeroport-otopeni\/"},"wordCount":862,"publisher":{"@id":"https:\/\/buletin.de\/bucuresti\/#organization"},"image":{"@id":"https:\/\/buletin.de\/bucuresti\/surse-bdb-primele-restrictii-de-circulatie-pentru-segmentul-de-nord-al-m6-cel-de-la-statia-tokyo-la-aeroport-otopeni\/#primaryimage"},"thumbnailUrl":"https:\/\/buletin.de\/bucuresti\/wp-content\/uploads\/restrictii-m6-nord.png","keywords":["constructie magistrala m6 metrou","metrou nordul capitalei","restrictii circulatie m6","restrictii dn1 pentru constructie metrou","statia aeroport otopeni metrou","statia tokyo metrou","statia washington metrou"],"articleSection":["Articole","Main","Transport"],"inLanguage":"en-GB","copyrightYear":"2024","copyrightHolder":{"@id":"https:\/\/buletin.de\/bucuresti\/#organization"}},{"@type":"WebPage","@id":"https:\/\/buletin.de\/bucuresti\/surse-bdb-primele-restrictii-de-circulatie-pentru-segmentul-de-nord-al-m6-cel-de-la-statia-tokyo-la-aeroport-otopeni\/","url":"https:\/\/buletin.de\/bucuresti\/surse-bdb-primele-restrictii-de-circulatie-pentru-segmentul-de-nord-al-m6-cel-de-la-statia-tokyo-la-aeroport-otopeni\/","name":"Restric\u0163ii de circula\u0163ie pentru M6 segmentul de nord, cel de la sta\u0163ia Tokyo","isPartOf":{"@id":"https:\/\/buletin.de\/bucuresti\/#website"},"primaryImageOfPage":{"@id":"https:\/\/buletin.de\/bucuresti\/surse-bdb-primele-restrictii-de-circulatie-pentru-segmentul-de-nord-al-m6-cel-de-la-statia-tokyo-la-aeroport-otopeni\/#primaryimage"},"image":{"@id":"https:\/\/buletin.de\/bucuresti\/surse-bdb-primele-restrictii-de-circulatie-pentru-segmentul-de-nord-al-m6-cel-de-la-statia-tokyo-la-aeroport-otopeni\/#primaryimage"},"thumbnailUrl":"https:\/\/buletin.de\/bucuresti\/wp-content\/uploads\/restrictii-m6-nord.png","datePublished":"2024-09-10T09:18:49+00:00","dateModified":"2024-09-10T18:41:33+00:00","description":"Primele restric\u0163ii de circula\u0163ie pentru segmentul de nord al M6 (sta\u0163ia Tokyo - Aeroport Otopeni) vor fi instituite din 12 septembrie.","breadcrumb":{"@id":"https:\/\/buletin.de\/bucuresti\/surse-bdb-primele-restrictii-de-circulatie-pentru-segmentul-de-nord-al-m6-cel-de-la-statia-tokyo-la-aeroport-otopeni\/#breadcrumb"},"inLanguage":"en-GB","potentialAction":[{"@type":"ReadAction","target":["https:\/\/buletin.de\/bucuresti\/surse-bdb-primele-restrictii-de-circulatie-pentru-segmentul-de-nord-al-m6-cel-de-la-statia-tokyo-la-aeroport-otopeni\/"]}]},{"@type":"ImageObject","inLanguage":"en-GB","@id":"https:\/\/buletin.de\/bucuresti\/surse-bdb-primele-restrictii-de-circulatie-pentru-segmentul-de-nord-al-m6-cel-de-la-statia-tokyo-la-aeroport-otopeni\/#primaryimage","url":"https:\/\/buletin.de\/bucuresti\/wp-content\/uploads\/restrictii-m6-nord.png","contentUrl":"https:\/\/buletin.de\/bucuresti\/wp-content\/uploads\/restrictii-m6-nord.png","width":910,"height":731,"caption":"Primele restric\u0163ii de circula\u0163ie pentru M6 segmentul de nord"},{"@type":"BreadcrumbList","@id":"https:\/\/buletin.de\/bucuresti\/surse-bdb-primele-restrictii-de-circulatie-pentru-segmentul-de-nord-al-m6-cel-de-la-statia-tokyo-la-aeroport-otopeni\/#breadcrumb","itemListElement":[{"@type":"ListItem","position":1,"name":"Acas\u0103","item":"https:\/\/buletin.de\/bucuresti\/"},{"@type":"ListItem","position":2,"name":"Surse BdB: Primele restric\u0163ii de circula\u0163ie pentru M6 segmentul de nord, cel de la sta\u0163ia Tokyo, la Aeroport Otopeni"}]},{"@type":"WebSite","@id":"https:\/\/buletin.de\/bucuresti\/#website","url":"https:\/\/buletin.de\/bucuresti\/","name":"Buletin de Bucure\u0219ti","description":"\u0218tiri \u0219i investiga\u021bii esen\u021biale din capital\u0103","publisher":{"@id":"https:\/\/buletin.de\/bucuresti\/#organization"},"potentialAction":[{"@type":"SearchAction","target":{"@type":"EntryPoint","urlTemplate":"https:\/\/buletin.de\/bucuresti\/?s={search_term_string}"},"query-input":{"@type":"PropertyValueSpecification","valueRequired":true,"valueName":"search_term_string"}}],"inLanguage":"en-GB"},{"@type":"Organization","@id":"https:\/\/buletin.de\/bucuresti\/#organization","name":"Buletin de Bucure\u0219ti","url":"https:\/\/buletin.de\/bucuresti\/","logo":{"@type":"ImageObject","inLanguage":"en-GB","@id":"https:\/\/buletin.de\/bucuresti\/#\/schema\/logo\/image\/","url":"https:\/\/buletin.de\/bucuresti\/wp-content\/uploads\/logo-bdb-full-wide-vernil-transparent.png","contentUrl":"https:\/\/buletin.de\/bucuresti\/wp-content\/uploads\/logo-bdb-full-wide-vernil-transparent.png","width":1782,"height":626,"caption":"Buletin de Bucure\u0219ti"},"image":{"@id":"https:\/\/buletin.de\/bucuresti\/#\/schema\/logo\/image\/"},"sameAs":["https:\/\/www.facebook.com\/buletin.de.buc","https:\/\/www.instagram.com\/buletinde.bucuresti\/"]},{"@type":"Person","@id":"https:\/\/buletin.de\/bucuresti\/#\/schema\/person\/5272b8a057b33890940b57b837fc4ce6","name":"Ionu\u021b Lepa","image":{"@type":"ImageObject","inLanguage":"en-GB","@id":"https:\/\/buletin.de\/bucuresti\/wp-content\/uploads\/Ionut-Lepa-96x96.jpg5c4e4d9e049808799a8821652d2410a4","url":"https:\/\/buletin.de\/bucuresti\/wp-content\/uploads\/Ionut-Lepa-96x96.jpg","contentUrl":"https:\/\/buletin.de\/bucuresti\/wp-content\/uploads\/Ionut-Lepa-96x96.jpg","caption":"Ionu\u021b Lepa"},"url":"https:\/\/buletin.de\/bucuresti\/author\/ionutlepa\/"}]}},"authors":[{"term_id":22586,"user_id":8,"is_guest":0,"slug":"ionutlepa","display_name":"Ionu\u021b Lepa","avatar_url":"https:\/\/buletin.de\/bucuresti\/wp-content\/uploads\/Ionut-Lepa-96x96.jpg","0":null,"1":"","2":"","3":"","4":"","5":"","6":"","7":"","8":""}],"_links":{"self":[{"href":"https:\/\/buletin.de\/bucuresti\/wp-json\/wp\/v2\/posts\/97615","targetHints":{"allow":["GET"]}}],"collection":[{"href":"https:\/\/buletin.de\/bucuresti\/wp-json\/wp\/v2\/posts"}],"about":[{"href":"https:\/\/buletin.de\/bucuresti\/wp-json\/wp\/v2\/types\/post"}],"author":[{"embeddable":true,"href":"https:\/\/buletin.de\/bucuresti\/wp-json\/wp\/v2\/users\/8"}],"replies":[{"embeddable":true,"href":"https:\/\/buletin.de\/bucuresti\/wp-json\/wp\/v2\/comments?post=97615"}],"version-history":[{"count":3,"href":"https:\/\/buletin.de\/bucuresti\/wp-json\/wp\/v2\/posts\/97615\/revisions"}],"predecessor-version":[{"id":97732,"href":"https:\/\/buletin.de\/bucuresti\/wp-json\/wp\/v2\/posts\/97615\/revisions\/97732"}],"wp:featuredmedia":[{"embeddable":true,"href":"https:\/\/buletin.de\/bucuresti\/wp-json\/wp\/v2\/media\/97622"}],"wp:attachment":[{"href":"https:\/\/buletin.de\/bucuresti\/wp-json\/wp\/v2\/media?parent=97615"}],"wp:term":[{"taxonomy":"category","embeddable":true,"href":"https:\/\/buletin.de\/bucuresti\/wp-json\/wp\/v2\/categories?post=97615"},{"taxonomy":"post_tag","embeddable":true,"href":"https:\/\/buletin.de\/bucuresti\/wp-json\/wp\/v2\/tags?post=97615"},{"taxonomy":"author","embeddable":true,"href":"https:\/\/buletin.de\/bucuresti\/wp-json\/wp\/v2\/ppma_author?post=97615"}],"curies":[{"name":"wp","href":"https:\/\/api.w.org\/{rel}","templated":true}]}}