{"id":97601,"date":"2024-09-10T11:52:53","date_gmt":"2024-09-10T08:52:53","guid":{"rendered":"https:\/\/buletin.de\/bucuresti\/?p=97601"},"modified":"2024-09-12T08:40:15","modified_gmt":"2024-09-12T05:40:15","slug":"editorial-cum-mi-am-recuperat-banii-pe-un-bilet-cfr-dupa-ce-am-fost-uitat-in-gara-de-nord","status":"publish","type":"post","link":"https:\/\/buletin.de\/bucuresti\/editorial-cum-mi-am-recuperat-banii-pe-un-bilet-cfr-dupa-ce-am-fost-uitat-in-gara-de-nord\/","title":{"rendered":"EDITORIAL | Cum mi-am recuperat banii pe un bilet CFR dup\u0103 ce am fost \u201euitat\u201d \u00een Gara de Nord"},"content":{"rendered":"\n<p><strong>Vara asta am ales s\u0103 tot plec din cuptoarele bucure\u0219tene, \u00een c\u0103utare de ni\u0219te r\u0103coare. Una dintre destina\u021bii a fost vestul \u021b\u0103rii &#8211; un camping de l\u00e2ng\u0103 Or\u0219ova, la aproape 400 km distan\u021b\u0103 de Capital\u0103.<\/strong><\/p>\n\n\n\n<p>Pentru c\u0103 am ni\u0219te principii la care \u021bin &#8211; s\u0103 nu irosesc timpul \u0219i nici carburant aiurea (contribuind astfel la emisii de CO2 care contribuie \u0219i ele la c\u0103ldurile infernale), am riscat \u0219i am luat trenul <a href=\"https:\/\/mersultrenurilor.infofer.ro\/ro-RO\/Tren\/1691\">IR 1691<\/a> c\u0103tre Timi\u0219oara, cu plecare \u00eentr-o oarecare zi, din Gara de Nord, de la ora 11:07.<\/p>\n\n\n\n<p>Zic c\u0103 am riscat pentru c\u0103, de\u0219i \u0219tiam c\u0103 e la noroc &#8211; poate nimeream un tren care nu \u00eent\u00e2rzia masiv, poate nimeream unul cu aer condi\u021bionat, poate nu \u0219i cu priz\u0103. Cine putea \u0219ti? Probabil cineva care lucreaz\u0103 la CFR, mi-am spus, a\u0219a c\u0103 am ridicat antenele cu privire la aceste aspecte. <\/p>\n\n\n\n<p>Am confirmat printr-o surs\u0103 sigur\u0103 c\u0103 acel tren va avea \u0219i priz\u0103, \u0219i AC, a\u0219a c\u0103 am zis c\u0103 profit de timpul mort din tren \u0219i lucrez remote &#8211; c\u0103\u0219tile cu noise cancelling erau \u00eenc\u0103rcate, aveam nevoie de priz\u0103 \u0219i de un aer c\u00e2t de c\u00e2t respirabil. <\/p>\n\n\n\n<p>M-am g\u00e2ndit c\u0103 la clasa I va fi mai lini\u0219te, a\u0219a c\u0103 dau 142,5 lei pentru cei 323 km p\u00e2n\u0103 la Drobeta, de unde urma s\u0103 fiu preluat cu ma\u0219ina. Altfel nu-mi dau seama ce diferen\u021be sunt \u00eentre clase, c\u0103ci difer\u0103 de la un model de vagon la altul. Un bilet la clasa a II-a ar fi costat 93 de lei.\u00a0<\/p>\n\n\n\n<p>\u00centr-o zi de luni cu soare mult, am s\u0103rit de diminea\u021b\u0103 \u00een ma\u0219ina proprietate personal\u0103, fiindc\u0103 eram pe fug\u0103 \u0219i aveam ceva bagaj. Ajung repejor la gar\u0103, parchez \u00een zon\u0103, iau ceva de m\u00e2ncare, iar pe la 11 m\u0103 urc \u00een trenul programat s\u0103 plece peste 7 minute.&nbsp;<\/p>\n\n\n\n<p><strong>CITE\u015eTE \u015eI:<\/strong> <a href=\"https:\/\/buletin.de\/bucuresti\/al-doilea-tren-alstom-coradia-pentru-ruta-bucuresti-constanta-a-intrat-in-teste\/\"><strong>Al doilea tren Alstom Coradia, pentru ruta Bucure\u0219ti-Constan\u021ba, a intrat \u00een teste<\/strong><\/a><\/p>\n\n\n\n<p>Localizez vagonul, aveam loc \u00eentre trei b\u0103tr\u00e2ni joviali care aveau chef de vorb\u0103 &#8211; un pic de conspira\u021bii din prezent, un pic de cum era mai bine \u00eenainte de 89, meniul clasic. Fac o rapid\u0103 inspec\u021bie vizual\u0103, v\u0103d c\u0103 nu-i nicio priz\u0103. \u00cen tren e mai cald ca afar\u0103, peste 30 de grade.<\/p>\n\n\n\n<p>Am un ventilator portabil la mine, dar momentan stau s\u0103 m\u0103 usuc un pic. Pare c\u0103 lumea e le\u0219inat\u0103 de c\u0103ldur\u0103, cum altfel? Dau o tur\u0103 prin alte vagoane, s\u0103 v\u0103d dac\u0103 pe-acolo o fi mai bine, dac\u0103 or fi prize, dac\u0103 o fi AC. \u00centr-un compartiment z\u0103resc un domn care tocmai pornea un ventilator mai mare dec\u00e2t al meu.\u00a0<\/p>\n\n\n\n<p>M\u0103 panichez uit\u00e2ndu-m\u0103 la tricoul meu transpirat la doar 15 minute de la urcarea \u00een tren. <\/p>\n\n\n\n<figure class=\"wp-block-image size-large\"><img fetchpriority=\"high\" decoding=\"async\" width=\"506\" height=\"900\" src=\"data:image\/gif;base64,R0lGODlhAQABAAAAACH5BAEKAAEALAAAAAABAAEAAAICTAEAOw==\" data-src=\"https:\/\/buletin.de\/bucuresti\/wp-content\/uploads\/pojo-506x900.png\" alt=\"Cum mi-am recuperat banii pe un bilet CFR, dup\u0103 ce am asudat \u00een tren\" class=\"wp-image-97721 lazyload\" data-sizes=\"auto\" data-srcset=\"https:\/\/buletin.de\/bucuresti\/wp-content\/uploads\/pojo-506x900.png 506w, https:\/\/buletin.de\/bucuresti\/wp-content\/uploads\/pojo-169x300.png 169w, https:\/\/buletin.de\/bucuresti\/wp-content\/uploads\/pojo-600x1067.png 600w, https:\/\/buletin.de\/bucuresti\/wp-content\/uploads\/pojo-20x36.png 20w, https:\/\/buletin.de\/bucuresti\/wp-content\/uploads\/pojo.png 720w\" sizes=\"(max-width: 506px) 100vw, 506px\" \/><figcaption class=\"wp-element-caption\">Cum mi-am recuperat banii pe un bilet CFR, dup\u0103 ce am asudat \u00een tren<\/figcaption><\/figure>\n\n\n\n<p>\u00cemi zic c\u0103 pot s\u0103 mai \u00eendur, dar trenul are deja aproape 20 de minute \u00eent\u00e2rziere LA PLECARE. Cine \u0219tie, poate a\u0219tepta vreo leg\u0103tur\u0103, cum se mai practic\u0103 \u00een \u021bara lui merge \u0219i-a\u0219a. M\u0103 cam g\u00e2ndesc s\u0103 fac cale-ntoars\u0103 \u0219i s\u0103 iau ma\u0219ina l\u0103sat\u0103 \u00een parcare.&nbsp;<\/p>\n\n\n\n<h2 class=\"wp-block-heading\" id=\"h-manualul-returnarii-banilor-pe-bilet\">Manualul return\u0103rii banilor pe bilet<\/h2>\n\n\n\n<p>Ei bine, \u0103sta e momentul optim \u00een care po\u021bi face <a href=\"https:\/\/www.cfrcalatori.ro\/renuntarea-la-calatorie-restituiri\/\" target=\"_blank\" rel=\"noreferrer noopener\">cerere de renun\u021bare la c\u0103l\u0103torie<\/a> pentru restituirea sumei date pe bilet. <\/p>\n\n\n\n<p>O po\u021bi face online, fie prin contul t\u0103u pe site-ul <a href=\"https:\/\/bilete.cfrcalatori.ro\/\" target=\"_blank\" rel=\"noreferrer noopener\">https:\/\/bilete.cfrcalatori.ro\/<\/a> (click pe ID-ul biletului, apoi vei g\u0103si un buton pe care scrie \u201eRenun\u021bare la c\u0103l\u0103torie\u201d, fie prin intermediul aplica\u021biei CFR C\u0103l\u0103tori (descarc\u0103 <a href=\"https:\/\/play.google.com\/store\/apps\/details?id=com.Infofer.ImtMobile&amp;hl=en\">de aici<\/a> pentru Android \u0219i <a href=\"https:\/\/apps.apple.com\/us\/app\/cfr-c%C4%83l%C4%83tori-bilete-online\/id1600030825\">de aici<\/a> pentru iPhone), care \u00ee\u021bi d\u0103 acces la acela\u0219i cont \u0219i la aceea\u0219i interfa\u021b\u0103 de pe bilete.cfrcalatori.ro.<\/p>\n\n\n\n<p><strong>Condi\u021biile CFR-ului sunt destul de stufoase, dar ce trebuie s\u0103 \u0219tii e c\u0103 ai dreptul s\u0103-\u021bi fie returnat biletul inclusiv pentru \u201e\u00eent\u00e2rzieri ale trenului acumulate \u00een parcurs de 60 de minute sau mai mari (care nu au fost cunoscute la plecare)\u201d.&nbsp;<\/strong><\/p>\n\n\n\n<p>Timpul este foarte important, adic\u0103 cel mai bine ar fi s\u0103 faci cererea de restituire \u00een momentul \u00een care te-ai dat jos din tren sau cel t\u00e2rziu \u00een ziua respectiv\u0103. Cu siguran\u021b\u0103 nu \u00ee\u021bi va fi aprobat\u0103 cererea dac\u0103 nu respec\u021bi c\u00e2t mai multe dintre regulile de restituire, de pild\u0103, citez din condi\u021biile CFR:<\/p>\n\n\n\n<p><em>\u201ep\u00e2n\u0103 cel t\u00e2rziu la o or\u0103 de la sosirea trenului \u00een sta\u021bia din parcurs unde s-a produs evenimentul sau c\u0103l\u0103torul renun\u021b\u0103 la c\u0103l\u0103torie \u2013 pentru situa\u021biile prev\u0103zute mai sus la lit. b), c) \u0219i f).\u201d<\/em><\/p>\n\n\n\n<p>Eu n-am f\u0103cut cererea de restituire c\u00e2nd m-am dat jos din tren, pentru c\u0103 m-am gr\u0103bit s\u0103 ajung cu ma\u0219ina la Drobeta \u0219i s\u0103 mai recuperez din restan\u021bele de la munc\u0103. <\/p>\n\n\n\n<p>Am f\u0103cut cererea abia 5 ore mai t\u00e2rziu, pe la 17.00, c\u00e2nd am avut un r\u0103gaz.<\/p>\n\n\n\n<figure class=\"wp-block-image\"><img decoding=\"async\" src=\"data:image\/gif;base64,R0lGODlhAQABAAAAACH5BAEKAAEALAAAAAABAAEAAAICTAEAOw==\" data-src=\"https:\/\/lh7-rt.googleusercontent.com\/docsz\/AD_4nXdBgbjxCKAYz6SjDsizqlSSDfznEqQJE4LEuKObulezEb2ukJhDpAXcinfrMncEl7DUPaEbp3KcFrsYcajdad08NS3k62v3OqZuOqEcVJy9ugMxs2rXEkhYT0H24fGqbNVBFtixSxN2no4ZXFY5pduFz9tp?key=7EkkeWqLkKyIvogEhIc9WA\" class=\"lazyload\" alt=\"\"\/><\/figure>\n\n\n\n<h2 class=\"wp-block-heading\" id=\"h-4h45-mi-a-luat-condusul-pana-la-drobeta\">4h45 mi-a luat condusul p\u00e2n\u0103 la Drobeta.<\/h2>\n\n\n\n<p>Motiv pentru care am primit mail de la CFR, la ora 17:39,&nbsp; c\u0103 nu mi s-a aprobat cererea, c\u0103 \u201enu se \u00eencadreaz\u0103 \u00een termenii \u0219i condi\u021biile de utilizare\u201d. Le-am cerut detalii, s\u0103-mi zic\u0103 mai multe, c\u0103ci eu v\u0103zusem \u00een condi\u021biile lor ceva cu 60 de minute.&nbsp;<\/p>\n\n\n\n<p>Mi-au r\u0103spuns, dup\u0103 \u00eenc\u0103 o or\u0103, a\u0219a:<\/p>\n\n\n\n<figure class=\"wp-block-image size-large\"><img decoding=\"async\" width=\"900\" height=\"408\" src=\"data:image\/gif;base64,R0lGODlhAQABAAAAACH5BAEKAAEALAAAAAABAAEAAAICTAEAOw==\" data-src=\"https:\/\/buletin.de\/bucuresti\/wp-content\/uploads\/biletecfr-900x408.png\" alt=\"Cum mi-am recuperat banii pe un bilet CFR, pe baza reglement\u0103rilor companiei\" class=\"wp-image-97723 lazyload\" data-sizes=\"auto\" data-srcset=\"https:\/\/buletin.de\/bucuresti\/wp-content\/uploads\/biletecfr-900x408.png 900w, https:\/\/buletin.de\/bucuresti\/wp-content\/uploads\/biletecfr-300x136.png 300w, https:\/\/buletin.de\/bucuresti\/wp-content\/uploads\/biletecfr-768x348.png 768w, https:\/\/buletin.de\/bucuresti\/wp-content\/uploads\/biletecfr-1536x696.png 1536w, https:\/\/buletin.de\/bucuresti\/wp-content\/uploads\/biletecfr-1100x498.png 1100w, https:\/\/buletin.de\/bucuresti\/wp-content\/uploads\/biletecfr-600x272.png 600w, https:\/\/buletin.de\/bucuresti\/wp-content\/uploads\/biletecfr-20x9.png 20w, https:\/\/buletin.de\/bucuresti\/wp-content\/uploads\/biletecfr.png 1600w\" sizes=\"(max-width: 900px) 100vw, 900px\" \/><figcaption class=\"wp-element-caption\">Cum mi-am recuperat banii pe un bilet CFR, pe baza reglement\u0103rilor companiei<\/figcaption><\/figure>\n\n\n\n<p><strong>Le-am r\u0103spuns \u0219i eu, c\u0103 acum aveam un pic de timp \u0219i terminasem cu munca:<\/strong><\/p>\n\n\n\n<p><em>Buna ziua,<\/em><\/p>\n\n\n\n<p><em>Am platit 145 lei ca sa stau 27 de minute in sauna in Gara de Nord, fara aer conditionat, fara prize la clasa I, cand afara erau 39 de grade.<\/em><\/p>\n\n\n\n<p><em>Trenul are in continuare 202 minute intarziere la ora redactarii acestui mesaj.<\/em><\/p>\n\n\n\n<p><em>Nu inteleg de ce nu imi puteti restitui suma, avand in vedere ca nu am beneficiat de serviciul platit, va rog explicati-mi mai clar.<\/em><\/p>\n\n\n\n<p><em>Multumesc<\/em><\/p>\n\n\n\n<p>Dup\u0103 care le mai trimit \u00eenc\u0103 un mail, de data asta un pic mai sup\u0103rat, \u00een care insist totu\u0219i pentru ultima dat\u0103 s\u0103 v\u0103d dac\u0103 nu se poate face nimic pentru restituirea sumei:<\/p>\n\n\n\n<p><em>Am inteles acum,<\/em><\/p>\n\n\n\n<p><em>Deci motivul pentru care nu mi se poate restitui suma este ca am facut cererea la 17:05. Pai sa ma scuzati, va rog, ca am fost ocupat cu condusul pana la Drobeta, unde ma bazam pe CFR sa ajung in timp util&#8230;<\/em><\/p>\n\n\n\n<p><em>Stiti ca la ora respectiva, cea la care am facut plangerea, eram in Drobeta Turnu Severin, spre deosebire de trenul dvs, care inca se chinuie pe traseu, programat sa ajunga initial la 17:09, va ajunge cu cel putin 3h20min intarziere, dar nu-mi veti restitui banii ca am facut cererea prea tarziu?<\/em><\/p>\n\n\n\n<p><em>Ma umfla rasul sau lacrimile de tristete, oscilez intre cele doua emotii extreme.&nbsp;<\/em><\/p>\n\n\n\n<p><em>Deci chiar nu se poate face nimic, intreb pentru ultima data?<\/em><\/p>\n\n\n\n<p>C\u0103ci da, trenul care a plecase cu 27 de minute \u00eent\u00e2rziere din Gara de Nord acumulase \u00eentre timp peste 3 ore \u00eent\u00e2rziere &#8211; vezi captura de ecran de mai jos.<\/p>\n\n\n\n<figure class=\"wp-block-image size-large\"><img decoding=\"async\" width=\"900\" height=\"373\" src=\"data:image\/gif;base64,R0lGODlhAQABAAAAACH5BAEKAAEALAAAAAABAAEAAAICTAEAOw==\" data-src=\"https:\/\/buletin.de\/bucuresti\/wp-content\/uploads\/bucurestinordtimisoara-900x373.png\" alt=\"Peste 3 ore de \u00eent\u00e2rziere\" class=\"wp-image-97722 lazyload\" data-sizes=\"auto\" data-srcset=\"https:\/\/buletin.de\/bucuresti\/wp-content\/uploads\/bucurestinordtimisoara-900x373.png 900w, https:\/\/buletin.de\/bucuresti\/wp-content\/uploads\/bucurestinordtimisoara-300x124.png 300w, https:\/\/buletin.de\/bucuresti\/wp-content\/uploads\/bucurestinordtimisoara-768x318.png 768w, https:\/\/buletin.de\/bucuresti\/wp-content\/uploads\/bucurestinordtimisoara-1536x636.png 1536w, https:\/\/buletin.de\/bucuresti\/wp-content\/uploads\/bucurestinordtimisoara-1100x456.png 1100w, https:\/\/buletin.de\/bucuresti\/wp-content\/uploads\/bucurestinordtimisoara-600x249.png 600w, https:\/\/buletin.de\/bucuresti\/wp-content\/uploads\/bucurestinordtimisoara-20x8.png 20w, https:\/\/buletin.de\/bucuresti\/wp-content\/uploads\/bucurestinordtimisoara.png 1600w\" sizes=\"(max-width: 900px) 100vw, 900px\" \/><figcaption class=\"wp-element-caption\">Peste 3 ore de \u00eent\u00e2rziere<\/figcaption><\/figure>\n\n\n\n<p>Primesc, la doar c\u00e2teva minute, un mail sec:<\/p>\n\n\n\n<p><em>Stimate client,<\/em><\/p>\n\n\n\n<p><em>Mai-ul dvs. a fost redirec\u021bionat c\u0103tre departamentul de specialitate.<\/em><\/p>\n\n\n\n<p>.&nbsp;<\/p>\n\n\n\n<p>Uitasem complet de aceast\u0103 cere de restituire, p\u00e2n\u0103 c\u00e2nd, dintr-o dat\u0103, total nea\u0219teptat, dup\u0103 38 de zile, fix pe 23 august, primesc vestea cea mare:<\/p>\n\n\n\n<p><em>Stimate client,<\/em><\/p>\n\n\n\n<p><em>Cererea de restituire nr. ________ \u00een leg\u0103tur\u0103 cu biletul CFR online num\u0103rul ___________ a fost reanalizat\u0103 \u0219i solu\u021bionat\u0103 cu rezolu\u021bia Acceptat\u0103 f\u0103r\u0103 re\u021bineri de comision. Suma de 142.50 lei va fi virat\u0103 \u00een contul din care a fost achizi\u021bionat biletul online.<\/em><\/p>\n\n\n\n<p><em>Cu stima,<\/em><\/p>\n\n\n\n<p>\u0218i da, suma a fost livrat\u0103 \u00een aceea\u0219i zi \u00een contul meu.<\/p>\n\n\n\n<figure class=\"wp-block-image size-large\"><img loading=\"lazy\" decoding=\"async\" width=\"900\" height=\"191\" src=\"data:image\/gif;base64,R0lGODlhAQABAAAAACH5BAEKAAEALAAAAAABAAEAAAICTAEAOw==\" data-src=\"https:\/\/buletin.de\/bucuresti\/wp-content\/uploads\/recuperarebani-900x191.png\" alt=\"Cum mi-am recuperat banii pe un bilet CFR, pe baza reglement\u0103rilor companiei. Dovada pl\u0103\u021bii\" class=\"wp-image-97724 lazyload\" data-sizes=\"auto\" data-srcset=\"https:\/\/buletin.de\/bucuresti\/wp-content\/uploads\/recuperarebani-900x191.png 900w, https:\/\/buletin.de\/bucuresti\/wp-content\/uploads\/recuperarebani-300x64.png 300w, https:\/\/buletin.de\/bucuresti\/wp-content\/uploads\/recuperarebani-768x163.png 768w, https:\/\/buletin.de\/bucuresti\/wp-content\/uploads\/recuperarebani-1536x326.png 1536w, https:\/\/buletin.de\/bucuresti\/wp-content\/uploads\/recuperarebani-1100x234.png 1100w, https:\/\/buletin.de\/bucuresti\/wp-content\/uploads\/recuperarebani-600x128.png 600w, https:\/\/buletin.de\/bucuresti\/wp-content\/uploads\/recuperarebani-20x4.png 20w, https:\/\/buletin.de\/bucuresti\/wp-content\/uploads\/recuperarebani.png 1600w\" sizes=\"(max-width: 900px) 100vw, 900px\" \/><figcaption class=\"wp-element-caption\">Cum mi-am recuperat banii pe un bilet CFR, pe baza reglement\u0103rilor companiei. Dovada pl\u0103\u021bii<\/figcaption><\/figure>\n\n\n\n<p>Concluziile mele dup\u0103 aceast\u0103 p\u0103\u021banie:<\/p>\n\n\n\n<p>Se poate, dac\u0103 insi\u0219ti, chiar dac\u0103 prime\u0219ti un \u201enu\u201d ini\u021bial. E important s\u0103 ne vocifer\u0103m nemul\u021bumirea &#8211; c\u0103 dac\u0103 ne complacem, se complac \u0219i ei.&nbsp;<\/p>\n\n\n\n<p>Nu-mi dau seama dac\u0103 am avut tratament preferen\u021bial \u00een vreun fel, b\u0103nuiesc c\u0103 nu, dar nu pot exclude aceast\u0103 variant\u0103. Cine \u0219tie, poate m-or fi c\u0103utat pe Google \u0219i or fi g\u0103sit <a href=\"https:\/\/buletin.de\/bucuresti\/editorial-o-internarre-de-zi-in-spitalul-justitiei-iubirea-de-oameni-din-cartierul-evreiesc\/\">alte editoriale<\/a> \u00een care descriam experien\u021be nepl\u0103cute cu servicii publice, sau poate or fi g\u0103sit <a href=\"https:\/\/www.facebook.com\/cosmin.pojoranu\/posts\/pfbid0Xa81zgiT5bfkTCHHrAbGd2VnSYPv9LJuvTXqQrejyuo5nq13HkRYogzDth9P4fBvl?__cft__[0]=AZVtrExY-udTuUccPOlJCuySktH3PeVTpNYlzqZXhz99B-34OA__8yhfDI7POy4Mdbf4AJKgMGCVyVyIjSoWHQeskuJNRSMRSJzlm6ZHEJyMwSQTbYNos3UjZL-9NANETPf95QUIhyA08vjKgaWWeASzrtiejcm-Nf1hRtJON5vXIg&amp;__tn__=%2CO%2CP-R\">post\u0103ri<\/a> <a href=\"https:\/\/www.facebook.com\/cosmin.pojoranu\/posts\/pfbid02BCghumTGhyPMAqk8YAP7pvheFvWvciWfh6cGcGLV6ixUyoV576Y11oFjYUhvGHhxl?__cft__[0]=AZUruF1McQE_9gNoXUq7exR2lFgZzF_E2hAov6uANUrVMEXC7T65wqsVZaCGtXZWwVyZ3H6WDOmOE8iDdSPYqwrcSFRzqM2cCYu_SHQ-dqWKhb1WW051WRVfuf9zVJb2R3H0L38Q9d2UpJXkGSHZXpVpG2_y-tmr-SDF4-dcoSkCcA&amp;__tn__=%2CO%2CP-R\">mai<\/a> <a href=\"https:\/\/www.facebook.com\/cosmin.pojoranu\/posts\/pfbid027qdsf38tUd39o7Zhum6hUndwdxKMuPTqBzNbp5RD3UdYHGd9rvToGgE7nTJASmKil?__cft__[0]=AZWwEcq7H7Dm88Qj1Nkdvt0f93a8pANcwkyxaF2mbxf1tEosutYNGIyX8lwahyYSstTamdKX7WV9W9VwCAAC_uQ4lS6i0NOE_0byTSO8YPQWOLIaqVXkDrWsbrRV7zuiDwwiCek29cbB92PGhefEYraB04QkCDrJ8kkwUojvwQ8CLg&amp;__tn__=%2CO%2CP-R\">vechi<\/a> de-ale mele \u00een care promovam, pe Facebook, mersul cu trenul \u0219i-au zis s\u0103 nu m\u0103 supere? Sau poate c-or fi g\u0103sit chiar <a href=\"https:\/\/www.facebook.com\/cosmin.pojoranu\/posts\/pfbid0tsHfWrmUwR6dhvw8oSSnepLFNMaPRAZo9eB2FEtAhSfAMcyUCiJXpjBhyyxunhWHl?__cft__[0]=AZXBpaS%E2%80%93A_6FQXkE_zxPma6wKXzGJddmdrDE_9BvC3xcMf5UDWGQjno-SltCQRgKj2WiD26UF3Dvv2t2bzgJBbO05RhRAhbJljle7biUuX7hw5D7lJHDtvBCJD3-iwNepM&amp;__tn__=%2CO%2CP-R\">postarea din ziua p\u0103\u021baniei<\/a> \u0219i-au v\u0103zut \u0219i comentariile?<\/p>\n\n\n\n<p>Sau poate \u0219i-au dat \u0219i ei seama c\u0103 nu am beneficiat de serviciile pl\u0103tite \u0219i c\u0103 nici ei nu le-au livrat la parametri optimi &#8211; 200+ minute \u00eent\u00e2rziere e ceva\u2026<\/p>\n\n\n\n<p>\u00cen fine, conform <a href=\"https:\/\/cfr.ro\/wp-content\/uploads\/2024\/04\/Raport-activitate-CFR-2023-v1.2.-site.pdf\">rapoartelor de activitate ale CFR pe anul 2022<\/a> (pagina 33), trenurile din Rom\u00e2nia au acumulat \u00eent\u00e2rzieri totale de peste 3.000 de zile, adic\u0103 un pic peste 8 ani. Greu de calculat \u00een bani!<\/p>\n\n\n\n<figure class=\"wp-block-image\"><img decoding=\"async\" src=\"data:image\/gif;base64,R0lGODlhAQABAAAAACH5BAEKAAEALAAAAAABAAEAAAICTAEAOw==\" data-src=\"https:\/\/lh7-rt.googleusercontent.com\/docsz\/AD_4nXd3M70SSnURIGesmwwIwilCKvRzilLZ_7qirR2E75Q4R0Pf6lYbDD4WXRRoa29_Qfmh6pmd7oImVp3eY3iXUeU7hAn74kSoJ0sHMrDV3h9zSlCVJu7Rvq5OKxQqxzVaH5-z5XTwSt7sCaef_3kgr1VG5EC1?key=7EkkeWqLkKyIvogEhIc9WA\" class=\"lazyload\" alt=\"\"\/><\/figure>\n\n\n\n<hr class=\"wp-block-separator has-alpha-channel-opacity\"\/>\n\n\n\n<p><strong>CITE\u015eTE \u015eI:<\/strong> <a href=\"https:\/\/buletin.de\/bucuresti\/trenuri-putine-de-la-cfr-spre-mare-in-minivacanta-de-1-mai-si-paste-bucurestenii-obligati-sa-apeleze-la-operatorii-privati\/\"><strong>Trenuri pu\u021bine de la CFR, spre mare, \u00een minivacan\u021ba de 1 Mai \u0219i Pa\u0219te. Bucure\u0219tenii, obliga\u021bi s\u0103 apeleze la operatorii priva\u021bi<\/strong><\/a><br><\/p>\n","protected":false},"excerpt":{"rendered":"<p>Vara asta am ales s\u0103 tot plec din cuptoarele bucure\u0219tene, \u00een c\u0103utare de ni\u0219te r\u0103coare. Una dintre destina\u021bii a fost vestul \u021b\u0103rii &#8211; un camping de l\u00e2ng\u0103 Or\u0219ova, la aproape 400 km distan\u021b\u0103 de Capital\u0103. Pentru c\u0103 am ni\u0219te principii la care \u021bin &#8211; s\u0103 nu irosesc timpul \u0219i nici carburant aiurea (contribuind astfel la [&hellip;]<\/p>\n","protected":false},"author":20,"featured_media":97897,"comment_status":"closed","ping_status":"open","sticky":false,"template":"","format":"standard","meta":{"_acf_changed":false,"inline_featured_image":false,"ngg_post_thumbnail":0,"footnotes":""},"categories":[6994,41,5762,650],"tags":[14949,1941,14947,14948],"ppma_author":[22608],"class_list":["post-97601","post","type-post","status-publish","format-standard","has-post-thumbnail","hentry","category-stiri-2","category-editorial","category-main","category-transport","tag-editorial-transport-feroviar","tag-gara-de-nord","tag-recuperare-bani-cfr-tren-intarziat","tag-trenuri-intarzieri"],"acf":[],"yoast_head":"<!-- This site is optimized with the Yoast SEO Premium plugin v25.3 (Yoast SEO v27.4) - https:\/\/yoast.com\/product\/yoast-seo-premium-wordpress\/ -->\n<title>Cum mi-am recuperat banii pe un bilet CFR<\/title>\n<meta name=\"description\" content=\"Cum mi-am recuperat banii pe un bilet CFR dup\u0103 ce am fost \u201euitat\u201d \u00een Gara de Nord. Ghid practic pentru cei care sunt \u00een aceea\u0219i situa\u021bie.\" \/>\n<meta name=\"robots\" content=\"index, follow, max-snippet:-1, max-image-preview:large, max-video-preview:-1\" \/>\n<link rel=\"canonical\" href=\"https:\/\/buletin.de\/bucuresti\/editorial-cum-mi-am-recuperat-banii-pe-un-bilet-cfr-dupa-ce-am-fost-uitat-in-gara-de-nord\/\" \/>\n<meta property=\"og:locale\" content=\"en_GB\" \/>\n<meta property=\"og:type\" content=\"article\" \/>\n<meta property=\"og:title\" content=\"EDITORIAL | Cum mi-am recuperat banii pe un bilet CFR dup\u0103 ce am fost \u201euitat\u201d \u00een Gara de Nord\" \/>\n<meta property=\"og:description\" content=\"Cum mi-am recuperat banii pe un bilet CFR dup\u0103 ce am fost \u201euitat\u201d \u00een Gara de Nord. Ghid practic pentru cei care sunt \u00een aceea\u0219i situa\u021bie.\" \/>\n<meta property=\"og:url\" content=\"https:\/\/buletin.de\/bucuresti\/editorial-cum-mi-am-recuperat-banii-pe-un-bilet-cfr-dupa-ce-am-fost-uitat-in-gara-de-nord\/\" \/>\n<meta property=\"og:site_name\" content=\"Buletin de Bucure\u0219ti\" \/>\n<meta property=\"article:publisher\" content=\"https:\/\/www.facebook.com\/buletin.de.buc\" \/>\n<meta property=\"article:published_time\" content=\"2024-09-10T08:52:53+00:00\" \/>\n<meta property=\"article:modified_time\" content=\"2024-09-12T05:40:15+00:00\" \/>\n<meta property=\"og:image\" content=\"https:\/\/buletin.de\/bucuresti\/wp-content\/uploads\/ID264276_INQUAM_Photos_George_Calin.jpg\" \/>\n\t<meta property=\"og:image:width\" content=\"2000\" \/>\n\t<meta property=\"og:image:height\" content=\"1334\" \/>\n\t<meta property=\"og:image:type\" content=\"image\/jpeg\" \/>\n<meta name=\"author\" content=\"Cosmin Pojoranu\" \/>\n<meta name=\"twitter:card\" content=\"summary_large_image\" \/>\n<meta name=\"twitter:label1\" content=\"Written by\" \/>\n\t<meta name=\"twitter:data1\" content=\"Cosmin Pojoranu\" \/>\n\t<meta name=\"twitter:label2\" content=\"Estimated reading time\" \/>\n\t<meta name=\"twitter:data2\" content=\"8 minutes\" \/>\n<script type=\"application\/ld+json\" class=\"yoast-schema-graph\">{\"@context\":\"https:\\\/\\\/schema.org\",\"@graph\":[{\"@type\":\"Article\",\"@id\":\"https:\\\/\\\/buletin.de\\\/bucuresti\\\/editorial-cum-mi-am-recuperat-banii-pe-un-bilet-cfr-dupa-ce-am-fost-uitat-in-gara-de-nord\\\/#article\",\"isPartOf\":{\"@id\":\"https:\\\/\\\/buletin.de\\\/bucuresti\\\/editorial-cum-mi-am-recuperat-banii-pe-un-bilet-cfr-dupa-ce-am-fost-uitat-in-gara-de-nord\\\/\"},\"author\":{\"name\":\"Cosmin Pojoranu\",\"@id\":\"https:\\\/\\\/buletin.de\\\/bucuresti\\\/#\\\/schema\\\/person\\\/c3764529f4c88241f87b488f20cccc13\"},\"headline\":\"EDITORIAL | Cum mi-am recuperat banii pe un bilet CFR dup\u0103 ce am fost \u201euitat\u201d \u00een Gara de Nord\",\"datePublished\":\"2024-09-10T08:52:53+00:00\",\"dateModified\":\"2024-09-12T05:40:15+00:00\",\"mainEntityOfPage\":{\"@id\":\"https:\\\/\\\/buletin.de\\\/bucuresti\\\/editorial-cum-mi-am-recuperat-banii-pe-un-bilet-cfr-dupa-ce-am-fost-uitat-in-gara-de-nord\\\/\"},\"wordCount\":1565,\"publisher\":{\"@id\":\"https:\\\/\\\/buletin.de\\\/bucuresti\\\/#organization\"},\"image\":{\"@id\":\"https:\\\/\\\/buletin.de\\\/bucuresti\\\/editorial-cum-mi-am-recuperat-banii-pe-un-bilet-cfr-dupa-ce-am-fost-uitat-in-gara-de-nord\\\/#primaryimage\"},\"thumbnailUrl\":\"https:\\\/\\\/buletin.de\\\/bucuresti\\\/wp-content\\\/uploads\\\/ID264276_INQUAM_Photos_George_Calin.jpg\",\"keywords\":[\"editorial transport feroviar\",\"gara de nord\",\"recuperare bani CFR tren intarziat\",\"trenuri intarzieri\"],\"articleSection\":[\"Articole\",\"Editorial\",\"Main\",\"Transport\"],\"inLanguage\":\"en-GB\",\"copyrightYear\":\"2024\",\"copyrightHolder\":{\"@id\":\"https:\\\/\\\/buletin.de\\\/bucuresti\\\/#organization\"}},{\"@type\":\"WebPage\",\"@id\":\"https:\\\/\\\/buletin.de\\\/bucuresti\\\/editorial-cum-mi-am-recuperat-banii-pe-un-bilet-cfr-dupa-ce-am-fost-uitat-in-gara-de-nord\\\/\",\"url\":\"https:\\\/\\\/buletin.de\\\/bucuresti\\\/editorial-cum-mi-am-recuperat-banii-pe-un-bilet-cfr-dupa-ce-am-fost-uitat-in-gara-de-nord\\\/\",\"name\":\"Cum mi-am recuperat banii pe un bilet CFR\",\"isPartOf\":{\"@id\":\"https:\\\/\\\/buletin.de\\\/bucuresti\\\/#website\"},\"primaryImageOfPage\":{\"@id\":\"https:\\\/\\\/buletin.de\\\/bucuresti\\\/editorial-cum-mi-am-recuperat-banii-pe-un-bilet-cfr-dupa-ce-am-fost-uitat-in-gara-de-nord\\\/#primaryimage\"},\"image\":{\"@id\":\"https:\\\/\\\/buletin.de\\\/bucuresti\\\/editorial-cum-mi-am-recuperat-banii-pe-un-bilet-cfr-dupa-ce-am-fost-uitat-in-gara-de-nord\\\/#primaryimage\"},\"thumbnailUrl\":\"https:\\\/\\\/buletin.de\\\/bucuresti\\\/wp-content\\\/uploads\\\/ID264276_INQUAM_Photos_George_Calin.jpg\",\"datePublished\":\"2024-09-10T08:52:53+00:00\",\"dateModified\":\"2024-09-12T05:40:15+00:00\",\"description\":\"Cum mi-am recuperat banii pe un bilet CFR dup\u0103 ce am fost \u201euitat\u201d \u00een Gara de Nord. Ghid practic pentru cei care sunt \u00een aceea\u0219i situa\u021bie.\",\"breadcrumb\":{\"@id\":\"https:\\\/\\\/buletin.de\\\/bucuresti\\\/editorial-cum-mi-am-recuperat-banii-pe-un-bilet-cfr-dupa-ce-am-fost-uitat-in-gara-de-nord\\\/#breadcrumb\"},\"inLanguage\":\"en-GB\",\"potentialAction\":[{\"@type\":\"ReadAction\",\"target\":[\"https:\\\/\\\/buletin.de\\\/bucuresti\\\/editorial-cum-mi-am-recuperat-banii-pe-un-bilet-cfr-dupa-ce-am-fost-uitat-in-gara-de-nord\\\/\"]}]},{\"@type\":\"ImageObject\",\"inLanguage\":\"en-GB\",\"@id\":\"https:\\\/\\\/buletin.de\\\/bucuresti\\\/editorial-cum-mi-am-recuperat-banii-pe-un-bilet-cfr-dupa-ce-am-fost-uitat-in-gara-de-nord\\\/#primaryimage\",\"url\":\"https:\\\/\\\/buletin.de\\\/bucuresti\\\/wp-content\\\/uploads\\\/ID264276_INQUAM_Photos_George_Calin.jpg\",\"contentUrl\":\"https:\\\/\\\/buletin.de\\\/bucuresti\\\/wp-content\\\/uploads\\\/ID264276_INQUAM_Photos_George_Calin.jpg\",\"width\":2000,\"height\":1334,\"caption\":\"Cum mi-am recuperat banii pe un bilet CFR dup\u0103 ce am fost \u201euitat\u201d \u00een Gara de Nord. FOTO: Inquam Photos \\\/ George C\u0103lin\"},{\"@type\":\"BreadcrumbList\",\"@id\":\"https:\\\/\\\/buletin.de\\\/bucuresti\\\/editorial-cum-mi-am-recuperat-banii-pe-un-bilet-cfr-dupa-ce-am-fost-uitat-in-gara-de-nord\\\/#breadcrumb\",\"itemListElement\":[{\"@type\":\"ListItem\",\"position\":1,\"name\":\"Acas\u0103\",\"item\":\"https:\\\/\\\/buletin.de\\\/bucuresti\\\/\"},{\"@type\":\"ListItem\",\"position\":2,\"name\":\"EDITORIAL | Cum mi-am recuperat banii pe un bilet CFR dup\u0103 ce am fost \u201euitat\u201d \u00een Gara de Nord\"}]},{\"@type\":\"WebSite\",\"@id\":\"https:\\\/\\\/buletin.de\\\/bucuresti\\\/#website\",\"url\":\"https:\\\/\\\/buletin.de\\\/bucuresti\\\/\",\"name\":\"Buletin de Bucure\u0219ti\",\"description\":\"\u0218tiri \u0219i investiga\u021bii esen\u021biale din capital\u0103\",\"publisher\":{\"@id\":\"https:\\\/\\\/buletin.de\\\/bucuresti\\\/#organization\"},\"potentialAction\":[{\"@type\":\"SearchAction\",\"target\":{\"@type\":\"EntryPoint\",\"urlTemplate\":\"https:\\\/\\\/buletin.de\\\/bucuresti\\\/?s={search_term_string}\"},\"query-input\":{\"@type\":\"PropertyValueSpecification\",\"valueRequired\":true,\"valueName\":\"search_term_string\"}}],\"inLanguage\":\"en-GB\"},{\"@type\":\"Organization\",\"@id\":\"https:\\\/\\\/buletin.de\\\/bucuresti\\\/#organization\",\"name\":\"Buletin de Bucure\u0219ti\",\"url\":\"https:\\\/\\\/buletin.de\\\/bucuresti\\\/\",\"logo\":{\"@type\":\"ImageObject\",\"inLanguage\":\"en-GB\",\"@id\":\"https:\\\/\\\/buletin.de\\\/bucuresti\\\/#\\\/schema\\\/logo\\\/image\\\/\",\"url\":\"https:\\\/\\\/buletin.de\\\/bucuresti\\\/wp-content\\\/uploads\\\/logo-bdb-full-wide-vernil-transparent.png\",\"contentUrl\":\"https:\\\/\\\/buletin.de\\\/bucuresti\\\/wp-content\\\/uploads\\\/logo-bdb-full-wide-vernil-transparent.png\",\"width\":1782,\"height\":626,\"caption\":\"Buletin de Bucure\u0219ti\"},\"image\":{\"@id\":\"https:\\\/\\\/buletin.de\\\/bucuresti\\\/#\\\/schema\\\/logo\\\/image\\\/\"},\"sameAs\":[\"https:\\\/\\\/www.facebook.com\\\/buletin.de.buc\",\"https:\\\/\\\/www.instagram.com\\\/buletinde.bucuresti\\\/\"]},{\"@type\":\"Person\",\"@id\":\"https:\\\/\\\/buletin.de\\\/bucuresti\\\/#\\\/schema\\\/person\\\/c3764529f4c88241f87b488f20cccc13\",\"name\":\"Cosmin Pojoranu\",\"image\":{\"@type\":\"ImageObject\",\"inLanguage\":\"en-GB\",\"@id\":\"https:\\\/\\\/buletin.de\\\/bucuresti\\\/wp-content\\\/uploads\\\/Cosmin-Pojoranu-1-96x96.jpg9d268accb1c5032c83ab190d62c8c050\",\"url\":\"https:\\\/\\\/buletin.de\\\/bucuresti\\\/wp-content\\\/uploads\\\/Cosmin-Pojoranu-1-96x96.jpg\",\"contentUrl\":\"https:\\\/\\\/buletin.de\\\/bucuresti\\\/wp-content\\\/uploads\\\/Cosmin-Pojoranu-1-96x96.jpg\",\"caption\":\"Cosmin Pojoranu\"},\"description\":\"N\u0103scut \u0219i crescut \u00een Bucure\u0219ti - sud Berceni.\",\"sameAs\":[\"https:\\\/\\\/www.instagram.com\\\/yozness\\\/?hl=en\"],\"url\":\"https:\\\/\\\/buletin.de\\\/bucuresti\\\/author\\\/cosmin-pojoranu\\\/\"}]}<\/script>\n<!-- \/ Yoast SEO Premium plugin. -->","yoast_head_json":{"title":"Cum mi-am recuperat banii pe un bilet CFR","description":"Cum mi-am recuperat banii pe un bilet CFR dup\u0103 ce am fost \u201euitat\u201d \u00een Gara de Nord. Ghid practic pentru cei care sunt \u00een aceea\u0219i situa\u021bie.","robots":{"index":"index","follow":"follow","max-snippet":"max-snippet:-1","max-image-preview":"max-image-preview:large","max-video-preview":"max-video-preview:-1"},"canonical":"https:\/\/buletin.de\/bucuresti\/editorial-cum-mi-am-recuperat-banii-pe-un-bilet-cfr-dupa-ce-am-fost-uitat-in-gara-de-nord\/","og_locale":"en_GB","og_type":"article","og_title":"EDITORIAL | Cum mi-am recuperat banii pe un bilet CFR dup\u0103 ce am fost \u201euitat\u201d \u00een Gara de Nord","og_description":"Cum mi-am recuperat banii pe un bilet CFR dup\u0103 ce am fost \u201euitat\u201d \u00een Gara de Nord. Ghid practic pentru cei care sunt \u00een aceea\u0219i situa\u021bie.","og_url":"https:\/\/buletin.de\/bucuresti\/editorial-cum-mi-am-recuperat-banii-pe-un-bilet-cfr-dupa-ce-am-fost-uitat-in-gara-de-nord\/","og_site_name":"Buletin de Bucure\u0219ti","article_publisher":"https:\/\/www.facebook.com\/buletin.de.buc","article_published_time":"2024-09-10T08:52:53+00:00","article_modified_time":"2024-09-12T05:40:15+00:00","og_image":[{"width":2000,"height":1334,"url":"https:\/\/buletin.de\/bucuresti\/wp-content\/uploads\/ID264276_INQUAM_Photos_George_Calin.jpg","type":"image\/jpeg"}],"author":"Cosmin Pojoranu","twitter_card":"summary_large_image","twitter_misc":{"Written by":"Cosmin Pojoranu","Estimated reading time":"8 minutes"},"schema":{"@context":"https:\/\/schema.org","@graph":[{"@type":"Article","@id":"https:\/\/buletin.de\/bucuresti\/editorial-cum-mi-am-recuperat-banii-pe-un-bilet-cfr-dupa-ce-am-fost-uitat-in-gara-de-nord\/#article","isPartOf":{"@id":"https:\/\/buletin.de\/bucuresti\/editorial-cum-mi-am-recuperat-banii-pe-un-bilet-cfr-dupa-ce-am-fost-uitat-in-gara-de-nord\/"},"author":{"name":"Cosmin Pojoranu","@id":"https:\/\/buletin.de\/bucuresti\/#\/schema\/person\/c3764529f4c88241f87b488f20cccc13"},"headline":"EDITORIAL | Cum mi-am recuperat banii pe un bilet CFR dup\u0103 ce am fost \u201euitat\u201d \u00een Gara de Nord","datePublished":"2024-09-10T08:52:53+00:00","dateModified":"2024-09-12T05:40:15+00:00","mainEntityOfPage":{"@id":"https:\/\/buletin.de\/bucuresti\/editorial-cum-mi-am-recuperat-banii-pe-un-bilet-cfr-dupa-ce-am-fost-uitat-in-gara-de-nord\/"},"wordCount":1565,"publisher":{"@id":"https:\/\/buletin.de\/bucuresti\/#organization"},"image":{"@id":"https:\/\/buletin.de\/bucuresti\/editorial-cum-mi-am-recuperat-banii-pe-un-bilet-cfr-dupa-ce-am-fost-uitat-in-gara-de-nord\/#primaryimage"},"thumbnailUrl":"https:\/\/buletin.de\/bucuresti\/wp-content\/uploads\/ID264276_INQUAM_Photos_George_Calin.jpg","keywords":["editorial transport feroviar","gara de nord","recuperare bani CFR tren intarziat","trenuri intarzieri"],"articleSection":["Articole","Editorial","Main","Transport"],"inLanguage":"en-GB","copyrightYear":"2024","copyrightHolder":{"@id":"https:\/\/buletin.de\/bucuresti\/#organization"}},{"@type":"WebPage","@id":"https:\/\/buletin.de\/bucuresti\/editorial-cum-mi-am-recuperat-banii-pe-un-bilet-cfr-dupa-ce-am-fost-uitat-in-gara-de-nord\/","url":"https:\/\/buletin.de\/bucuresti\/editorial-cum-mi-am-recuperat-banii-pe-un-bilet-cfr-dupa-ce-am-fost-uitat-in-gara-de-nord\/","name":"Cum mi-am recuperat banii pe un bilet CFR","isPartOf":{"@id":"https:\/\/buletin.de\/bucuresti\/#website"},"primaryImageOfPage":{"@id":"https:\/\/buletin.de\/bucuresti\/editorial-cum-mi-am-recuperat-banii-pe-un-bilet-cfr-dupa-ce-am-fost-uitat-in-gara-de-nord\/#primaryimage"},"image":{"@id":"https:\/\/buletin.de\/bucuresti\/editorial-cum-mi-am-recuperat-banii-pe-un-bilet-cfr-dupa-ce-am-fost-uitat-in-gara-de-nord\/#primaryimage"},"thumbnailUrl":"https:\/\/buletin.de\/bucuresti\/wp-content\/uploads\/ID264276_INQUAM_Photos_George_Calin.jpg","datePublished":"2024-09-10T08:52:53+00:00","dateModified":"2024-09-12T05:40:15+00:00","description":"Cum mi-am recuperat banii pe un bilet CFR dup\u0103 ce am fost \u201euitat\u201d \u00een Gara de Nord. Ghid practic pentru cei care sunt \u00een aceea\u0219i situa\u021bie.","breadcrumb":{"@id":"https:\/\/buletin.de\/bucuresti\/editorial-cum-mi-am-recuperat-banii-pe-un-bilet-cfr-dupa-ce-am-fost-uitat-in-gara-de-nord\/#breadcrumb"},"inLanguage":"en-GB","potentialAction":[{"@type":"ReadAction","target":["https:\/\/buletin.de\/bucuresti\/editorial-cum-mi-am-recuperat-banii-pe-un-bilet-cfr-dupa-ce-am-fost-uitat-in-gara-de-nord\/"]}]},{"@type":"ImageObject","inLanguage":"en-GB","@id":"https:\/\/buletin.de\/bucuresti\/editorial-cum-mi-am-recuperat-banii-pe-un-bilet-cfr-dupa-ce-am-fost-uitat-in-gara-de-nord\/#primaryimage","url":"https:\/\/buletin.de\/bucuresti\/wp-content\/uploads\/ID264276_INQUAM_Photos_George_Calin.jpg","contentUrl":"https:\/\/buletin.de\/bucuresti\/wp-content\/uploads\/ID264276_INQUAM_Photos_George_Calin.jpg","width":2000,"height":1334,"caption":"Cum mi-am recuperat banii pe un bilet CFR dup\u0103 ce am fost \u201euitat\u201d \u00een Gara de Nord. FOTO: Inquam Photos \/ George C\u0103lin"},{"@type":"BreadcrumbList","@id":"https:\/\/buletin.de\/bucuresti\/editorial-cum-mi-am-recuperat-banii-pe-un-bilet-cfr-dupa-ce-am-fost-uitat-in-gara-de-nord\/#breadcrumb","itemListElement":[{"@type":"ListItem","position":1,"name":"Acas\u0103","item":"https:\/\/buletin.de\/bucuresti\/"},{"@type":"ListItem","position":2,"name":"EDITORIAL | Cum mi-am recuperat banii pe un bilet CFR dup\u0103 ce am fost \u201euitat\u201d \u00een Gara de Nord"}]},{"@type":"WebSite","@id":"https:\/\/buletin.de\/bucuresti\/#website","url":"https:\/\/buletin.de\/bucuresti\/","name":"Buletin de Bucure\u0219ti","description":"\u0218tiri \u0219i investiga\u021bii esen\u021biale din capital\u0103","publisher":{"@id":"https:\/\/buletin.de\/bucuresti\/#organization"},"potentialAction":[{"@type":"SearchAction","target":{"@type":"EntryPoint","urlTemplate":"https:\/\/buletin.de\/bucuresti\/?s={search_term_string}"},"query-input":{"@type":"PropertyValueSpecification","valueRequired":true,"valueName":"search_term_string"}}],"inLanguage":"en-GB"},{"@type":"Organization","@id":"https:\/\/buletin.de\/bucuresti\/#organization","name":"Buletin de Bucure\u0219ti","url":"https:\/\/buletin.de\/bucuresti\/","logo":{"@type":"ImageObject","inLanguage":"en-GB","@id":"https:\/\/buletin.de\/bucuresti\/#\/schema\/logo\/image\/","url":"https:\/\/buletin.de\/bucuresti\/wp-content\/uploads\/logo-bdb-full-wide-vernil-transparent.png","contentUrl":"https:\/\/buletin.de\/bucuresti\/wp-content\/uploads\/logo-bdb-full-wide-vernil-transparent.png","width":1782,"height":626,"caption":"Buletin de Bucure\u0219ti"},"image":{"@id":"https:\/\/buletin.de\/bucuresti\/#\/schema\/logo\/image\/"},"sameAs":["https:\/\/www.facebook.com\/buletin.de.buc","https:\/\/www.instagram.com\/buletinde.bucuresti\/"]},{"@type":"Person","@id":"https:\/\/buletin.de\/bucuresti\/#\/schema\/person\/c3764529f4c88241f87b488f20cccc13","name":"Cosmin Pojoranu","image":{"@type":"ImageObject","inLanguage":"en-GB","@id":"https:\/\/buletin.de\/bucuresti\/wp-content\/uploads\/Cosmin-Pojoranu-1-96x96.jpg9d268accb1c5032c83ab190d62c8c050","url":"https:\/\/buletin.de\/bucuresti\/wp-content\/uploads\/Cosmin-Pojoranu-1-96x96.jpg","contentUrl":"https:\/\/buletin.de\/bucuresti\/wp-content\/uploads\/Cosmin-Pojoranu-1-96x96.jpg","caption":"Cosmin Pojoranu"},"description":"N\u0103scut \u0219i crescut \u00een Bucure\u0219ti - sud Berceni.","sameAs":["https:\/\/www.instagram.com\/yozness\/?hl=en"],"url":"https:\/\/buletin.de\/bucuresti\/author\/cosmin-pojoranu\/"}]}},"authors":[{"term_id":22608,"user_id":20,"is_guest":0,"slug":"cosmin-pojoranu","display_name":"Cosmin Pojoranu","avatar_url":"https:\/\/buletin.de\/bucuresti\/wp-content\/uploads\/Cosmin-Pojoranu-1-96x96.jpg","0":null,"1":"","2":"","3":"","4":"","5":"","6":"","7":"","8":""}],"_links":{"self":[{"href":"https:\/\/buletin.de\/bucuresti\/wp-json\/wp\/v2\/posts\/97601","targetHints":{"allow":["GET"]}}],"collection":[{"href":"https:\/\/buletin.de\/bucuresti\/wp-json\/wp\/v2\/posts"}],"about":[{"href":"https:\/\/buletin.de\/bucuresti\/wp-json\/wp\/v2\/types\/post"}],"author":[{"embeddable":true,"href":"https:\/\/buletin.de\/bucuresti\/wp-json\/wp\/v2\/users\/20"}],"replies":[{"embeddable":true,"href":"https:\/\/buletin.de\/bucuresti\/wp-json\/wp\/v2\/comments?post=97601"}],"version-history":[{"count":2,"href":"https:\/\/buletin.de\/bucuresti\/wp-json\/wp\/v2\/posts\/97601\/revisions"}],"predecessor-version":[{"id":97725,"href":"https:\/\/buletin.de\/bucuresti\/wp-json\/wp\/v2\/posts\/97601\/revisions\/97725"}],"wp:featuredmedia":[{"embeddable":true,"href":"https:\/\/buletin.de\/bucuresti\/wp-json\/wp\/v2\/media\/97897"}],"wp:attachment":[{"href":"https:\/\/buletin.de\/bucuresti\/wp-json\/wp\/v2\/media?parent=97601"}],"wp:term":[{"taxonomy":"category","embeddable":true,"href":"https:\/\/buletin.de\/bucuresti\/wp-json\/wp\/v2\/categories?post=97601"},{"taxonomy":"post_tag","embeddable":true,"href":"https:\/\/buletin.de\/bucuresti\/wp-json\/wp\/v2\/tags?post=97601"},{"taxonomy":"author","embeddable":true,"href":"https:\/\/buletin.de\/bucuresti\/wp-json\/wp\/v2\/ppma_author?post=97601"}],"curies":[{"name":"wp","href":"https:\/\/api.w.org\/{rel}","templated":true}]}}