{"id":97591,"date":"2024-09-10T13:41:23","date_gmt":"2024-09-10T10:41:23","guid":{"rendered":"https:\/\/buletin.de\/bucuresti\/?p=97591"},"modified":"2024-09-11T13:18:03","modified_gmt":"2024-09-11T10:18:03","slug":"investigatie-regii-rechizitelor-firma-patronilor-editurii-la-care-geoana-firea-si-burduja-si-au-lansat-cartile-pe-primul-loc-in-tara-la-contracte-inainte-de-inceperea-anului-sc","status":"publish","type":"post","link":"https:\/\/buletin.de\/bucuresti\/investigatie-regii-rechizitelor-firma-patronilor-editurii-la-care-geoana-firea-si-burduja-si-au-lansat-cartile-pe-primul-loc-in-tara-la-contracte-inainte-de-inceperea-anului-sc\/","title":{"rendered":"INVESTIGA\u021aIE | \u201eRegii rechizitelor\u201d. Firma patronilor editurii la care Geoan\u0103, Firea \u0219i Burduja \u0219i-au lansat c\u0103r\u021bile, pe primul loc \u00een \u021bar\u0103 la contracte, \u00eenainte de \u00eenceperea anului \u0219colar"},"content":{"rendered":"\n<ul class=\"wp-block-list\">\n<li><strong>De la \u00eenceputul lunii august \u0219i p\u00e2n\u0103 pe 9 septembrie,&nbsp; ziua \u00een care a \u00eenceput anul \u0219colar 2024-2025, una dintre firmele aflate \u00een portofoliul patronilor editurii Litera a primit peste 3.000.000 de lei de la \u0219coli, gr\u0103dini\u021be, licee, prim\u0103rii, dar \u0219i alte institu\u021bii publice pentru rechizite \u0219colare.&nbsp;<\/strong><\/li>\n\n\n\n<li><strong>Buletin de Bucure\u0219ti a analizat achizi\u021biile directe f\u0103cute de institu\u021biile publice din \u00eentreaga \u021bar\u0103, din ultima lun\u0103, iar firma care a primit cei mai mul\u021bi bani este Idea Papel Distribution SRL. Un calcul simplu arat\u0103 c\u0103 banii care au intrat \u00een conturile companiei reprezint\u0103 peste 30% din totalul sumei cheltuite pe rechizite de toate institu\u021biile publice din Rom\u00e2nia \u00een ultima lun\u0103.&nbsp;<\/strong><\/li>\n\n\n\n<li><strong>Idea Papel Distribution SRL este de\u021binut\u0103 de fra\u021bii Marin \u0219i Dan Vidra\u0219cu. Cei doi&nbsp;controleaz\u0103 Editura Litera acolo unde Gabriela Firea, Sebastian Burduja \u0219i Mircea Geoan\u0103 \u0219i-au lansat de cur\u00e2nd c\u0103r\u021bile.<\/strong><\/li>\n\n\n\n<li><strong>\u00cen noiembrie 2023, Gabriela Firea \u0219i-a relansat cartea \u201eTrei Motive\u201d, reeditat\u0103. La evenimentul de lansare a fost prezent \u0219i unul dintre patronii editurii.&nbsp;<\/strong><\/li>\n\n\n\n<li><strong>La c\u00e2teva luni distan\u021b\u0103, \u00een martie 2024, Sebastian Burduja \u0219i-a lansat \u201ePlanul Pentru Bucure\u0219ti\u201d tot la Editura Litera. Cartea acestuia con\u021bine programul electoral al liberalului care a candidat la Prim\u0103ria Capitalei.&nbsp;<\/strong><\/li>\n\n\n\n<li><strong>Mircea Geoan\u0103 \u0219i-a lansat \u0219i el, de cur\u00e2nd, cartea \u201eB\u0103t\u0103lia pentru viitorul Rom\u00e2niei\u201d sub aceea\u0219i egid\u0103. Candidatul la preziden\u021biale nu este singurul fost pre\u0219edinte PSD care a ales editura fra\u021bilor Vidra\u0219cu. Cu ani \u00een urm\u0103, Ion Iliescu a lansat dou\u0103 volume tot aici.&nbsp;<\/strong><\/li>\n\n\n\n<li><strong>BdB a dezv\u0103luit \u00een 2020 cum Idea Papel Distribution SRL a primit peste cinci milioane de lei de la Prim\u0103ria Sectorului 5 pentru a cump\u0103ra rechizite pentru to\u021bi copiii din sector. <\/strong><a href=\"https:\/\/buletin.de\/bucuresti\/primarul-daniel-florea-5-milioane-de-lei-pe-rechizite-cumparate-prin-198-de-contracte-toti-banii-merg-la-patronii-editurii-litera\/\"><strong>Pe atunci institu\u021bia era condus\u0103 de social-democratul Daniel Florea, care a \u00eencredin\u021bat direct c\u0103tre Idea Papel Distribution \u0219i o alt\u0103 firm\u0103 de\u021binut\u0103 de cei doi fra\u021bi Vidra\u0219cu 198 de contracte pentru rechizite cu pu\u021bin timp \u00eenainte de alegerile locale din 2020.&nbsp;<\/strong><\/a><\/li>\n\n\n\n<li><strong>Reporterii BdB au ar\u0103tat \u0219i cum una dintre institu\u021biile din subordinea Gabrielei Firea, pe vremea c\u00e2nd era primar general al Capitalei, a pl\u0103tit Asocia\u021biei Ludmila Vidra\u0219cu, reprezentat\u0103 la acea vreme de unul dintre fra\u021bii afla\u021bi la conducerea editurii Litera, peste 3,5 milioane de lei pentru platforma Bucure\u0219ti.cite\u0219te.ro&nbsp;<\/strong><\/li>\n\n\n\n<li><strong>Prim\u0103ria Capitalei, tot sub conducerea Gabrielei Firea, a pl\u0103tit 2.5 milioane de lei aceleia\u0219i asocia\u021bii pentru tip\u0103rirea a 120.000 de c\u0103r\u021bi de istorie pentru elevii de gimnaziu \u0219i liceu \u2013 proiectul se intitula \u201eCentenarul Marii Uniri Explicat Tinerilor\u201d.<\/strong><\/li>\n<\/ul>\n\n\n\n<h2 class=\"wp-block-heading has-text-align-center\" id=\"h-regii-rechizitelor-\u0219colare-patronii-editurii-litera-nbsp\"><strong>\u201eRegii rechizitelor\u201d \u0219colare: patronii editurii Litera&nbsp;<\/strong><\/h2>\n\n\n\n<p>An de an, cu o lun\u0103 \u00eenainte de reluarea cursurilor, \u0219colile din Rom\u00e2nia se preg\u0103tesc pentru primirea elevilor \u00een s\u0103lile de clas\u0103. Preg\u0103tirea vine la pachet \u0219i cu achizi\u021bii publice f\u0103cute de unit\u0103\u021bile de \u00eenv\u0103\u021b\u0103m\u00e2nt pe ultima sut\u0103 de metri, acolo unde este cazul. La o verificare atent\u0103 a Sistemului Electronic de Achizitii Publice (SEAP), o singur\u0103 categorie de produse iese \u00een eviden\u021b\u0103 prin sumele mari cheltuite: rechizitele \u0219colare.&nbsp;<\/p>\n\n\n\n<p>Buletin de Bucure\u0219ti a f\u0103cut inventarul achizi\u021biilor directe f\u0103cute de liceele, \u0219colile, gr\u0103dini\u021bele, prim\u0103riile \u0219i direc\u021biile de asisten\u021b\u0103 social\u0103 pentru rechizite \u0219colare. Am descoperit astfel sute de contracte acordate f\u0103r\u0103 licita\u021bie.<\/p>\n\n\n\n<h4 class=\"wp-block-heading has-vivid-red-color has-text-color has-link-color wp-elements-860faabbac5be145b9cf4e57217af615\" id=\"h-goana-dupa-rechizite\"><strong>\u201eGoana\u201d dup\u0103 rechizite<\/strong><\/h4>\n\n\n\n<p>\u00centre prima zi a lunii august \u0219i prima zi de \u0219coal\u0103 institu\u021biile publice din \u021bar\u0103 au cump\u0103rat rechizite pentru elevi de peste 9.000.000 de lei prin aproximativ 800 de contracte \u00eencheiate cu diverse firme, de la marii retaileri \u0219i p\u00e2n\u0103 la SRL-uri de apartament cu zero angaja\u021bi.&nbsp;<\/p>\n\n\n\n<p>Toate aceste contracte au fost atribuite prin \u00eencredin\u021bare direct\u0103, iar datele analizate de reporterii Buletin de Bucure\u0219ti arat\u0103 c\u0103 peste 30% din sumele alocate \u00een ultima lun\u0103 pentru rechizite ar urma s\u0103 ajung\u0103 \u00een conturile unei singure firme: <strong>Idea Papel Distribution SRL. <\/strong>Mai exact, peste 3.000.000 de lei prin 125 de contracte.<\/p>\n\n\n\n<iframe src=\"https:\/\/www.google.com\/maps\/d\/u\/0\/embed?mid=10Rqs7aI4o9d-C9gImaW-cgmhYXkWsqM&#038;ehbc=2E312F\" width=\"640\" height=\"480\"><\/iframe>\n\n\n\n<p>Firma aflat\u0103 pe locul al doilea ca sum\u0103 \u00eencasat\u0103 pentru rechizite \u0219colare \u00een ultima lun\u0103 este Martel Com SRL, care ar urma s\u0103 primeasc\u0103, prin 47 de contracte, pu\u021bin peste 350.000 de lei.&nbsp;<\/p>\n\n\n\n<p>Unul dintre cele mai mari contracte a venit de la o prim\u0103rie de l\u00e2ng\u0103 Bucure\u0219ti. Mai exact, de la Prim\u0103ria Snagov, din Ilfov. Institu\u021bia a cheltuit pentru <a href=\"https:\/\/e-licitatie.ro\/pub\/direct-acquisition\/view\/117772939\">rechizite \u0219colare 156.000 de lei.<\/a> Conform descrierii din contractul de achizi\u021bie, de ace\u0219ti bani elevii din Snagov primesc, printre altele, blocuri de desen, caiete de toate tipurile, pixuri, penare, carioci sau creioane colorate cu personaje din desenele animate.<\/p>\n\n\n<div class=\"wp-block-image\">\n<figure class=\"aligncenter size-full\"><a href=\"https:\/\/buletin.de\/bucuresti\/wp-content\/uploads\/Screenshot-2024-09-10-at-11.27.14.png\"><img fetchpriority=\"high\" decoding=\"async\" width=\"2860\" height=\"1190\" src=\"data:image\/gif;base64,R0lGODlhAQABAAAAACH5BAEKAAEALAAAAAABAAEAAAICTAEAOw==\" data-src=\"https:\/\/buletin.de\/bucuresti\/wp-content\/uploads\/Screenshot-2024-09-10-at-11.27.14.png\" alt=\"\" class=\"wp-image-97597 lazyload\" data-sizes=\"auto\" data-srcset=\"https:\/\/buletin.de\/bucuresti\/wp-content\/uploads\/Screenshot-2024-09-10-at-11.27.14.png 2860w, https:\/\/buletin.de\/bucuresti\/wp-content\/uploads\/Screenshot-2024-09-10-at-11.27.14-300x125.png 300w, https:\/\/buletin.de\/bucuresti\/wp-content\/uploads\/Screenshot-2024-09-10-at-11.27.14-900x374.png 900w, https:\/\/buletin.de\/bucuresti\/wp-content\/uploads\/Screenshot-2024-09-10-at-11.27.14-768x320.png 768w, https:\/\/buletin.de\/bucuresti\/wp-content\/uploads\/Screenshot-2024-09-10-at-11.27.14-1536x639.png 1536w, https:\/\/buletin.de\/bucuresti\/wp-content\/uploads\/Screenshot-2024-09-10-at-11.27.14-2048x852.png 2048w, https:\/\/buletin.de\/bucuresti\/wp-content\/uploads\/Screenshot-2024-09-10-at-11.27.14-1600x666.png 1600w, https:\/\/buletin.de\/bucuresti\/wp-content\/uploads\/Screenshot-2024-09-10-at-11.27.14-1100x458.png 1100w, https:\/\/buletin.de\/bucuresti\/wp-content\/uploads\/Screenshot-2024-09-10-at-11.27.14-600x250.png 600w, https:\/\/buletin.de\/bucuresti\/wp-content\/uploads\/Screenshot-2024-09-10-at-11.27.14-20x8.png 20w\" sizes=\"(max-width: 2860px) 100vw, 2860px\" \/><\/a><figcaption class=\"wp-element-caption\">Captur\u0103 de ecran cu descrierea contractului de achizi\u021bie public\u0103 dintre Idea Papel Distribution SRL \u0219i Prim\u0103ria Snagov.<\/figcaption><\/figure>\n<\/div>\n\n\n<p>Idea Papel Distribution a mai primit un contract din jude\u021bul Ilfov, de la Prim\u0103ria ora\u0219ului Pope\u0219ti-Leordeni. <a href=\"https:\/\/e-licitatie.ro\/pub\/direct-acquisition\/view\/117719842\">Institu\u021bia a pl\u0103tit aproape 20.000 de lei<\/a> pentru pachete de rechizite destinate elevilor din \u00eenv\u0103\u021b\u0103m\u00e2ntul primar.&nbsp;&nbsp;<\/p>\n\n\n\n<p>Cei mai mul\u021bi bani au fost pl\u0103ti\u021bi de <a href=\"https:\/\/e-licitatie.ro\/pub\/direct-acquisition\/view\/117727981\">Prim\u0103ria Comunei Dumbr\u0103veni din Suceava<\/a>. Institu\u021bia a cump\u0103rat de peste 200.000 de lei de la Idea Papel Distribution SRL caiete, ghiozdane sau pixuri, dar \u0219i c\u0103r\u021bi precum \u201eMara\u201d de Ion Slavici sau Legendele Olimpului.&nbsp;<\/p>\n\n\n\n<h4 class=\"wp-block-heading has-vivid-red-color has-text-color has-link-color wp-elements-aafc9c1ebd78a4d87a3946d3796efae0\" id=\"h-universul-litera\"><strong>Universul Litera<\/strong><\/h4>\n\n\n\n<p>Acestea nu sunt primele contracte publice pe care le-a primit. De-a lungul anilor, milioane de lei au fost decontate de la institu\u021bii controlate politic.&nbsp;<\/p>\n\n\n\n<p>Idea Papel Distribution SRL a ap\u0103rut pe pia\u021b\u0103 la \u00eenceputul anului 2020, iar, \u00een prezent, este patronat\u0103 de fra\u021bii Marin \u0219i Dan Vidra\u0219cu. Cei doi sunt \u0219i patronii editurii Litera, sub egida c\u0103reia mai mul\u021bi politicieni \u0219i-au lansat c\u0103r\u021bile \u00een ultima perioad\u0103.<\/p>\n\n\n\n<h2 class=\"wp-block-heading has-text-align-center\" id=\"h-aceea\u0219i-editura-publica-car\u021bile-a-patru-politicieni-gabriela-firea-sebastian-burduja-mircea-geoana-\u0219i-ion-iliescu-nbsp\"><strong>Aceea\u0219i editur\u0103 public\u0103 c\u0103r\u021bile a patru politicieni: Gabriela Firea, Sebastian Burduja, Mircea Geoan\u0103 \u0219i Ion Iliescu&nbsp;<\/strong><\/h2>\n\n\n\n<p>La finalul anului trecut, Gabriela Firea, ap\u0103rea \u00een spa\u021biul public cu ceva diferit fa\u021b\u0103 de obi\u0219nuitele apari\u021bii pe micile ecrane. Mai exact, fosta prim\u0103ri\u021ba a Capitalei a anun\u021bat c\u0103 lanseaz\u0103 o edi\u021bie revizuit\u0103 a unuia dintre romanele scrise \u00een tinere\u021be,<a href=\"https:\/\/www.litera.ro\/trei-motive-afdiv335?srsltid=AfmBOooYL8h5pA_57iagTKVoHw2M8VjQMyquv7xSHRtnApySxWxlW3oQ\"> \u201eTrei Motive\u201d<\/a>.&nbsp;<\/p>\n\n\n\n<p>Evenimentul de lansare a avut loc \u00een noiembrie 2023. Dan Vidra\u0219cu, unul dintre patroni, a fost al\u0103turi de Gabriela Firea la momentul lans\u0103rii, iar fosta ministr\u0103 nu a uitat s\u0103-i acorde acestuia mul\u021bumiri publice \u00eentr-o postare pe pagina oficial\u0103 de Facebook.<\/p>\n\n\n<div class=\"wp-block-image\">\n<figure class=\"aligncenter size-full\"><img decoding=\"async\" width=\"1440\" height=\"626\" src=\"data:image\/gif;base64,R0lGODlhAQABAAAAACH5BAEKAAEALAAAAAABAAEAAAICTAEAOw==\" data-src=\"https:\/\/buletin.de\/bucuresti\/wp-content\/uploads\/402399240_938574027638395_912661448025140717_n.jpg\" alt=\"\" class=\"wp-image-97598 lazyload\" data-sizes=\"auto\" data-srcset=\"https:\/\/buletin.de\/bucuresti\/wp-content\/uploads\/402399240_938574027638395_912661448025140717_n.jpg 1440w, https:\/\/buletin.de\/bucuresti\/wp-content\/uploads\/402399240_938574027638395_912661448025140717_n-300x130.jpg 300w, https:\/\/buletin.de\/bucuresti\/wp-content\/uploads\/402399240_938574027638395_912661448025140717_n-900x391.jpg 900w, https:\/\/buletin.de\/bucuresti\/wp-content\/uploads\/402399240_938574027638395_912661448025140717_n-768x334.jpg 768w, https:\/\/buletin.de\/bucuresti\/wp-content\/uploads\/402399240_938574027638395_912661448025140717_n-1100x478.jpg 1100w, https:\/\/buletin.de\/bucuresti\/wp-content\/uploads\/402399240_938574027638395_912661448025140717_n-600x261.jpg 600w, https:\/\/buletin.de\/bucuresti\/wp-content\/uploads\/402399240_938574027638395_912661448025140717_n-20x9.jpg 20w\" sizes=\"(max-width: 1440px) 100vw, 1440px\" \/><figcaption class=\"wp-element-caption\">Dan Vidra\u0219cu (st\u00e2nga) vorbind despre cartea Gabrielei Firea (dreapta) la evenimentul de lansare organizat \u00een noiembrie 2023. Fotografia a fost postat\u0103 al\u0103turi de un mesaj de mul\u021bumire pentru editur\u0103 \u0219i patronul acesteia: \u201eMul\u021bumesc, din nou, editurii Litera condus\u0103 de <a href=\"https:\/\/www.facebook.com\/dan.vidrascu.90?__cft__[0]=AZWTQTb4KqgelqBXqrRFvMkBKs48LFKtDBH-r8Z3S9rsUMSMjd94U_leLNadWNpVSw3oRYoFHWF6A0QOC_03IpZMnzcAkbbC4fsMpXkWiBtZatL4Y2PvhUbAvDGf9mnHj9jWNSvOABEjWSN57C1v9B2an5loY89ktjxuPbBrsewJu9aJovlw8QzJUvo9b0ejCT4qrX5jCPptz2YhqP9Dty1T&amp;__tn__=-]K-R\">Dan Vidrascu<\/a>, pentru sprijinul reedit\u0103rii acestui roman\u201d. <\/figcaption><\/figure>\n<\/div>\n\n\n<p>\u00centre Gabriela Firea \u0219i Dan Vidra\u0219cu exist\u0103 o colaborare veche care-i leag\u0103 de aceea\u0219i carte. \u00cen 2007 Firea \u0219i-a lansat a doua edi\u021bie a romanului de dragoste \u201e<em>Trei motive<\/em>\u201d tot sub egida editurii Litera. Conform <a href=\"https:\/\/jurnalul.antena3.ro\/cultura\/arte-vizuale\/trei-motive-povestea-cu-final-neasteptat-106859.html\">Antena3<\/a>,&nbsp; atunci Dan Vidra\u0219cu \u201e\u0219i-a asumat riscul\u201d de a edita volumul \u00eentr-un tiraj de 50.000 de exemplare.<\/p>\n\n\n\n<p>Dup\u0103 ce Gabriela Firea a \u00eenceput s\u0103 ocupe pozi\u021bii de putere \u00een institu\u021bii publice, colaborarea dintre ea \u0219i patronii editurii s-a p\u0103strat.&nbsp;<\/p>\n\n\n\n<p>Reporterii Buletin de Bucure\u0219ti au ar\u0103tat \u00een 2020 cum PROEDUS,&nbsp;una dintre institu\u021biile din subordinea Gabrielei Firea, pe vremea c\u00e2nd era primar al Capitalei, a pl\u0103tit <a href=\"https:\/\/doc.pmb.ro\/consiliu\/sedinte\/409\/oz\/9411.pdf\">Asocia\u021biei Culturale \u201eLudmila Vidra\u0219cu\u201d<\/a>, reprezentat\u0103 legal de unul dintre fra\u021bii afla\u021bi la conducerea editurii Litera, <a href=\"https:\/\/buletin.de\/bucuresti\/proiectul-bucuresti-citeste-ro-face-reclama-editurii-litera-asociatia-care-primeste-3-5-milioane-de-lei-de-la-primaria-bucuresti-pentru-implementarea-lui-este-condusa-de-directorul-editurii\/\">peste 3,5 milioane de lei<\/a> pentru platforma Bucure\u0219ti.cite\u0219te.ro.<\/p>\n\n\n<div class=\"wp-block-image\">\n<figure class=\"aligncenter size-full\"><a href=\"https:\/\/buletin.de\/bucuresti\/wp-content\/uploads\/Screenshot_8-1-2.png\"><img decoding=\"async\" width=\"1384\" height=\"639\" src=\"data:image\/gif;base64,R0lGODlhAQABAAAAACH5BAEKAAEALAAAAAABAAEAAAICTAEAOw==\" data-src=\"https:\/\/buletin.de\/bucuresti\/wp-content\/uploads\/Screenshot_8-1-2.png\" alt=\"\" class=\"wp-image-97600 lazyload\" data-sizes=\"auto\" data-srcset=\"https:\/\/buletin.de\/bucuresti\/wp-content\/uploads\/Screenshot_8-1-2.png 1384w, https:\/\/buletin.de\/bucuresti\/wp-content\/uploads\/Screenshot_8-1-2-300x139.png 300w, https:\/\/buletin.de\/bucuresti\/wp-content\/uploads\/Screenshot_8-1-2-900x416.png 900w, https:\/\/buletin.de\/bucuresti\/wp-content\/uploads\/Screenshot_8-1-2-768x355.png 768w, https:\/\/buletin.de\/bucuresti\/wp-content\/uploads\/Screenshot_8-1-2-1100x508.png 1100w, https:\/\/buletin.de\/bucuresti\/wp-content\/uploads\/Screenshot_8-1-2-600x277.png 600w, https:\/\/buletin.de\/bucuresti\/wp-content\/uploads\/Screenshot_8-1-2-20x9.png 20w\" sizes=\"(max-width: 1384px) 100vw, 1384px\" \/><\/a><figcaption class=\"wp-element-caption\">Cum ar\u0103ta \u00een 2020 platforma Bucure\u0219ti.cite\u0219te.ro. Surs\u0103 Foto: Captur\u0103 de ecran. <\/figcaption><\/figure>\n<\/div>\n\n\n<p>De asemenea, \u00een 2018 Prim\u0103ria Capitalei a pl\u0103tit 2.5 milioane de lei Asocia\u021biei Vidra\u0219cu pentru tip\u0103rirea a 120.000 de c\u0103r\u021bi de istorie pentru elevii de gimnaziu \u0219i liceu \u2013 proiectul se intitula \u201eCentenarul Marii Uniri Explicat Tinerilor\u201d.<\/p>\n\n\n\n<p>La momentul respectiv s-a creat o \u00eentreag\u0103 controvers\u0103 \u00een jurul acestei ini\u021biative deoarece c\u0103r\u021bile erau semnate de Magda Stan, autoarea unui manualul de istorie <a href=\"https:\/\/www.hotnews.ro\/stiri-educatie-22673140-foto-gre-elile-din-manualul-unic-istorie-considerate-directoarea-editurii-ministerului-educa-iei-drept-fabricate-asocia-iile-lui-soliman-magnificul-regii-investi-mini-tri-dumnezeu-michelangelo-scris-7.htm\">plin de gre\u0219eli,<\/a> \u0219i de Ioan Aurel Pop, pre\u0219edintele Academiei Rom\u00e2ne \u0219i <a href=\"https:\/\/www.g4media.ro\/academia-romana-intra-oficial-in-zodia-nationalismului-noul-presedinte-ioan-aurel-pop-e-protectorul-lui-ponta-si-un-admirator-al-curentului-nationalist-din-ungaria-polonia-si-cehia.html\">cel care s-a opus<\/a> verdictului de plagiat acordat lui Victor Ponta.<\/p>\n\n\n\n<p>Gabriela Firea a colaborat cu fra\u021bii Vidra\u0219cu inclusiv \u00een perioada \u00een care a fost \u0219ef\u0103 la Ministerul&nbsp; Familiei. Editura Litera a fost implicat\u0103 \u00een organizarea unui eveniment dedicat copiilor la Guvernul Rom\u00e2niei. Fosta ministr\u0103 a mul\u021bumit din nou public patronilor editurii pentru implicare, o arat\u0103 o alt\u0103 postare de pe Facebook.<\/p>\n\n\n<div class=\"wp-block-image\">\n<figure class=\"aligncenter size-full\"><img loading=\"lazy\" decoding=\"async\" width=\"1008\" height=\"1430\" src=\"data:image\/gif;base64,R0lGODlhAQABAAAAACH5BAEKAAEALAAAAAABAAEAAAICTAEAOw==\" data-src=\"https:\/\/buletin.de\/bucuresti\/wp-content\/uploads\/Screenshot-2024-09-10-at-11.40.15.png\" alt=\"Captur\u0103 de ecran cu postarea f\u0103cut\u0103 \u00een iunie 2022 de Gabriela Firea Pe Facebook \u00een care transmitea public mul\u021bumiri familiei Vidra\u0219cu, \u201eregii rechizitelor\u201d.\" class=\"wp-image-97602 lazyload\" data-sizes=\"auto\" data-srcset=\"https:\/\/buletin.de\/bucuresti\/wp-content\/uploads\/Screenshot-2024-09-10-at-11.40.15.png 1008w, https:\/\/buletin.de\/bucuresti\/wp-content\/uploads\/Screenshot-2024-09-10-at-11.40.15-211x300.png 211w, https:\/\/buletin.de\/bucuresti\/wp-content\/uploads\/Screenshot-2024-09-10-at-11.40.15-634x900.png 634w, https:\/\/buletin.de\/bucuresti\/wp-content\/uploads\/Screenshot-2024-09-10-at-11.40.15-768x1090.png 768w, https:\/\/buletin.de\/bucuresti\/wp-content\/uploads\/Screenshot-2024-09-10-at-11.40.15-600x851.png 600w, https:\/\/buletin.de\/bucuresti\/wp-content\/uploads\/Screenshot-2024-09-10-at-11.40.15-20x28.png 20w\" sizes=\"(max-width: 1008px) 100vw, 1008px\" \/><figcaption class=\"wp-element-caption\">Captur\u0103 de ecran cu postarea f\u0103cut\u0103 \u00een iunie 2022 de Gabriela Firea Pe Facebook \u00een care transmitea public mul\u021bumiri familiei Vidra\u0219cu, \u201eregii rechizitelor\u201d.<\/figcaption><\/figure>\n<\/div>\n\n\n<h4 class=\"wp-block-heading has-vivid-red-color has-text-color has-link-color wp-elements-2c5513151761adcb08eaa5992e5043d4\" id=\"h-tiparul-politic-pentru-regii-rechizitelor\"><strong>\u201eTiparul\u201d politic<\/strong> pentru \u201eregii rechizitelor\u201d<\/h4>\n\n\n\n<p>La evenimentul din 2022 dedicat copiilor la care a fost implicat\u0103 Editura Litera a participat \u0219i Sebastian Burduja, un alt politician care \u0219i-a lansat c\u0103r\u021bi la editura de\u021binut\u0103 de Dan \u0219i Marin Vidra\u0219cu.&nbsp;<\/p>\n\n\n<div class=\"wp-block-image\">\n<figure class=\"aligncenter size-full\"><a href=\"https:\/\/buletin.de\/bucuresti\/wp-content\/uploads\/285492955_581399473355854_3399997700273719983_n.jpg\"><img loading=\"lazy\" decoding=\"async\" width=\"1440\" height=\"958\" src=\"data:image\/gif;base64,R0lGODlhAQABAAAAACH5BAEKAAEALAAAAAABAAEAAAICTAEAOw==\" data-src=\"https:\/\/buletin.de\/bucuresti\/wp-content\/uploads\/285492955_581399473355854_3399997700273719983_n.jpg\" alt=\"Sebastian Burduja (centru) prezent la evenimentul organizat de Gabriela Firea la Guvernul Rom\u00e2niei de 1 iunie la care a contribuit \u0219i Editura Litera, ce apar\u021bine de \u201eregii rechizitelor\u201d\" class=\"wp-image-97603 lazyload\" data-sizes=\"auto\" data-srcset=\"https:\/\/buletin.de\/bucuresti\/wp-content\/uploads\/285492955_581399473355854_3399997700273719983_n.jpg 1440w, https:\/\/buletin.de\/bucuresti\/wp-content\/uploads\/285492955_581399473355854_3399997700273719983_n-300x200.jpg 300w, https:\/\/buletin.de\/bucuresti\/wp-content\/uploads\/285492955_581399473355854_3399997700273719983_n-900x599.jpg 900w, https:\/\/buletin.de\/bucuresti\/wp-content\/uploads\/285492955_581399473355854_3399997700273719983_n-768x511.jpg 768w, https:\/\/buletin.de\/bucuresti\/wp-content\/uploads\/285492955_581399473355854_3399997700273719983_n-1100x732.jpg 1100w, https:\/\/buletin.de\/bucuresti\/wp-content\/uploads\/285492955_581399473355854_3399997700273719983_n-600x399.jpg 600w, https:\/\/buletin.de\/bucuresti\/wp-content\/uploads\/285492955_581399473355854_3399997700273719983_n-20x13.jpg 20w\" sizes=\"(max-width: 1440px) 100vw, 1440px\" \/><\/a><figcaption class=\"wp-element-caption\">Sebastian Burduja (centru) prezent la evenimentul organizat de Gabriela Firea la Guvernul Rom\u00e2niei de 1 iunie la care a contribuit \u0219i Editura Litera.<\/figcaption><\/figure>\n<\/div>\n\n\n<p><strong>Fostul candidat la Prim\u0103ria Capitalei din partea PNL a colaborat pentru prima dat\u0103 cu Editura Litera \u00een 2020, c\u00e2nd a publicat cartea \u201ePlanul pentru Rom\u00e2nia\u201d. <\/strong><\/p>\n\n\n\n<p>O carte de 252 de pagini \u00een care liberalul a scris despre pa\u0219ii pe care Rom\u00e2nia trebuie s\u0103-i fac\u0103 pentru a avea \u201esucces na\u021bional\u201d.<\/p>\n\n\n\n<p>Patru ani mai t\u00e2rziu, \u00een martie 2024, Sebastian Burduja mai public\u0103 o carte tot la aceea\u0219i editur\u0103, cu un nume similar: \u201ePlanul pentru Bucure\u0219ti\u201d. <\/p>\n\n\n\n<p>De data aceasta, cartea a fost lansat\u0103 cu dou\u0103 luni \u00eenainte de alegerile locale la care pre\u0219edintele PNL Bucure\u0219ti i-a reprezentat pe liberali \u00een lupta pentru fotoliul de primar general. Cartea \u201ePlanul pentru Bucure\u0219ti\u201d a fost, practic, programul electoral cu care Burduja a candidat la Prim\u0103ria Capitalei.\u00a0<\/p>\n\n\n\n<figure class=\"wp-block-gallery aligncenter has-nested-images columns-default is-cropped wp-block-gallery-1 is-layout-flex wp-block-gallery-is-layout-flex\">\n<figure class=\"wp-block-image size-large\"><a href=\"https:\/\/buletin.de\/bucuresti\/wp-content\/uploads\/318889964_5680550821982593_7347917084387536973_n.jpg\"><img loading=\"lazy\" decoding=\"async\" width=\"720\" height=\"540\" data-id=\"97609\" src=\"data:image\/gif;base64,R0lGODlhAQABAAAAACH5BAEKAAEALAAAAAABAAEAAAICTAEAOw==\" data-src=\"https:\/\/buletin.de\/bucuresti\/wp-content\/uploads\/318889964_5680550821982593_7347917084387536973_n.jpg\" alt=\"\" class=\"wp-image-97609 lazyload\" data-sizes=\"auto\" data-srcset=\"https:\/\/buletin.de\/bucuresti\/wp-content\/uploads\/318889964_5680550821982593_7347917084387536973_n.jpg 720w, https:\/\/buletin.de\/bucuresti\/wp-content\/uploads\/318889964_5680550821982593_7347917084387536973_n-300x225.jpg 300w, https:\/\/buletin.de\/bucuresti\/wp-content\/uploads\/318889964_5680550821982593_7347917084387536973_n-600x450.jpg 600w, https:\/\/buletin.de\/bucuresti\/wp-content\/uploads\/318889964_5680550821982593_7347917084387536973_n-20x15.jpg 20w\" sizes=\"(max-width: 720px) 100vw, 720px\" \/><\/a><\/figure>\n\n\n\n<figure class=\"wp-block-image size-large\"><a href=\"https:\/\/buletin.de\/bucuresti\/wp-content\/uploads\/Screenshot-2024-09-10-at-11.48.04.png\"><img loading=\"lazy\" decoding=\"async\" width=\"895\" height=\"900\" data-id=\"97610\" src=\"data:image\/gif;base64,R0lGODlhAQABAAAAACH5BAEKAAEALAAAAAABAAEAAAICTAEAOw==\" data-src=\"https:\/\/buletin.de\/bucuresti\/wp-content\/uploads\/Screenshot-2024-09-10-at-11.48.04-895x900.png\" alt=\"\" class=\"wp-image-97610 lazyload\" data-sizes=\"auto\" data-srcset=\"https:\/\/buletin.de\/bucuresti\/wp-content\/uploads\/Screenshot-2024-09-10-at-11.48.04-895x900.png 895w, https:\/\/buletin.de\/bucuresti\/wp-content\/uploads\/Screenshot-2024-09-10-at-11.48.04-298x300.png 298w, https:\/\/buletin.de\/bucuresti\/wp-content\/uploads\/Screenshot-2024-09-10-at-11.48.04-150x150.png 150w, https:\/\/buletin.de\/bucuresti\/wp-content\/uploads\/Screenshot-2024-09-10-at-11.48.04-768x773.png 768w, https:\/\/buletin.de\/bucuresti\/wp-content\/uploads\/Screenshot-2024-09-10-at-11.48.04-600x604.png 600w, https:\/\/buletin.de\/bucuresti\/wp-content\/uploads\/Screenshot-2024-09-10-at-11.48.04-20x20.png 20w, https:\/\/buletin.de\/bucuresti\/wp-content\/uploads\/Screenshot-2024-09-10-at-11.48.04.png 1008w\" sizes=\"(max-width: 895px) 100vw, 895px\" \/><\/a><\/figure>\n<figcaption class=\"blocks-gallery-caption wp-element-caption\">Cartea \u201ePlanul pentru Rom\u00e2nia\u201d lansat\u0103 \u00een 2020 (st\u00e2nga) \u0219i cartea \u201ePlanul pentru Bucure\u0219ti\u201d lansat\u0103 \u00een 2024 (dreapta). Surs\u0103 Foto: Facebook\/Sebastian Burduja (st\u00e2nga) \u0219i Captur\u0103 de ecran Litera.ro (dreapta). <\/figcaption><\/figure>\n\n\n\n<p>Un alt politician care \u0219i-a lansat de cur\u00e2nd cartea la Editura Litera este Mircea Geoan\u0103. \u00cen noiembrie 2023, fostul secretar adjunct al NATO a transmis un <a href=\"https:\/\/www.g4media.ro\/mircea-geoana-isi-lanseaza-o-carte-despre-viitorul-romaniei-si-alimenteaza-speculatiile-privind-lansarea-candidaturii-la-alegerile-prezidentiale.html\">comunicat de pres\u0103<\/a> \u00een care a anun\u021bat c\u0103 urmeaz\u0103 s\u0103-\u0219i lanseze cartea \u201eB\u0103t\u0103lia pentru viitorul Rom\u00e2niei\u201d.&nbsp;<\/p>\n\n\n\n<p>De atunci a participat la lans\u0103ri \u00een ora\u0219e precum R\u00e2mnicu V\u00e2lcea, Oradea sau Gala\u021bi.&nbsp;&nbsp;<\/p>\n\n\n<div class=\"wp-block-image\">\n<figure class=\"aligncenter size-full\"><a href=\"https:\/\/buletin.de\/bucuresti\/wp-content\/uploads\/444481485_1050878636395718_1962488969144452882_n-1.jpg\"><img loading=\"lazy\" decoding=\"async\" width=\"1440\" height=\"960\" src=\"data:image\/gif;base64,R0lGODlhAQABAAAAACH5BAEKAAEALAAAAAABAAEAAAICTAEAOw==\" data-src=\"https:\/\/buletin.de\/bucuresti\/wp-content\/uploads\/444481485_1050878636395718_1962488969144452882_n-1.jpg\" alt=\"\" class=\"wp-image-97614 lazyload\" data-sizes=\"auto\" data-srcset=\"https:\/\/buletin.de\/bucuresti\/wp-content\/uploads\/444481485_1050878636395718_1962488969144452882_n-1.jpg 1440w, https:\/\/buletin.de\/bucuresti\/wp-content\/uploads\/444481485_1050878636395718_1962488969144452882_n-1-300x200.jpg 300w, https:\/\/buletin.de\/bucuresti\/wp-content\/uploads\/444481485_1050878636395718_1962488969144452882_n-1-900x600.jpg 900w, https:\/\/buletin.de\/bucuresti\/wp-content\/uploads\/444481485_1050878636395718_1962488969144452882_n-1-768x512.jpg 768w, https:\/\/buletin.de\/bucuresti\/wp-content\/uploads\/444481485_1050878636395718_1962488969144452882_n-1-1100x733.jpg 1100w, https:\/\/buletin.de\/bucuresti\/wp-content\/uploads\/444481485_1050878636395718_1962488969144452882_n-1-600x400.jpg 600w, https:\/\/buletin.de\/bucuresti\/wp-content\/uploads\/444481485_1050878636395718_1962488969144452882_n-1-20x13.jpg 20w\" sizes=\"(max-width: 1440px) 100vw, 1440px\" \/><\/a><figcaption class=\"wp-element-caption\">Mircea Geoan\u0103 (st\u00e2nga) la una dintre lans\u0103rile c\u0103r\u021bii sale \u201eB\u0103t\u0103lia pentru viitorul Rom\u00e2niei\u201d publicat\u0103 la editura Litera \u00een 2023. Surs\u0103 Foto: Facebook \/ Mircea Geoan\u0103. <\/figcaption><\/figure>\n<\/div>\n\n\n<p>Mircea Geoan\u0103 nu este primul fost pre\u0219edinte al Partidului Social Democrat care \u00ee\u0219i lanseaz\u0103 cartea la editura familiei Vidra\u0219cu. Volumul \u201e<em>Fragmente de via\u021b\u0103 \u0219i de istorie tr\u0103it\u0103<\/em>\u201d, de Ion Iliescu, a fost publicat tot de Editura Litera. La evenimentul de lansare a vorbit despre carte, printre al\u021bii, Dan Vidra\u0219cu.&nbsp; Ulterior, \u00een 2013, Ion Iliescu a mai publicat o carte la editura Litera intitulat\u0103 \u201e<em>Destinul unui om de st\u00e2nga<\/em>\u201d.<\/p>\n\n\n\n<h2 class=\"wp-block-heading has-text-align-center\" id=\"h-inceputurile-firmei-rechizitelor\"><strong>\u00cenceputurile \u201efirmei rechizitelor\u201d<\/strong><\/h2>\n\n\n\n<p>\u00cen trecut, reporterii <a href=\"https:\/\/buletin.de\/bucuresti\/primarul-daniel-florea-5-milioane-de-lei-pe-rechizite-cumparate-prin-198-de-contracte-toti-banii-merg-la-patronii-editurii-litera\/\">Buletin de Bucure\u0219ti<\/a> au ar\u0103tat cum Daniel Florea (fost PSD), pe atunci primar al Sectorului 5 a virat \u00een conturile fra\u021bilor Vidra\u0219cu, prin intermediul a dou\u0103 firme, o sum\u0103 care, \u00een mod firesc, ar fi trebuit s\u0103 fie supus\u0103 unei licita\u021bii.<\/p>\n\n\n\n<p>Banii au fost pl\u0103ti\u021bi pentru rechizite \u0219colare, iar primarul de sector de atunci a \u00eemp\u0103r\u021bit 5.000.000 de lei \u00een 198 de contracte directe \u00een doar trei ore \u0219i dou\u0103zeci de minute.&nbsp;<\/p>\n\n\n\n<p>O parte dintre aceste contracte au ajuns la <strong>Idea Papel Distribution<\/strong>, firm\u0103 pe atunci proasp\u0103t \u00eenfiin\u021bat\u0103, \u0219i la Litera Education SRL o alt\u0103 companie din registrul familiei Vidra\u0219cu.&nbsp;<\/p>\n\n\n\n<p>Achizi\u021bia de rechizite a fost realizat\u0103 \u00een plin\u0103 campanie electoral\u0103 \u00een anul 2020. Atunci, Daniel Florea a promis rechizite gratuite pentru to\u021bi copiii din Sectorul 5.&nbsp;<\/p>\n\n\n<div class=\"wp-block-image\">\n<figure class=\"aligncenter size-full\"><img loading=\"lazy\" decoding=\"async\" width=\"1522\" height=\"856\" src=\"data:image\/gif;base64,R0lGODlhAQABAAAAACH5BAEKAAEALAAAAAABAAEAAAICTAEAOw==\" data-src=\"https:\/\/buletin.de\/bucuresti\/wp-content\/uploads\/Screenshot_3-20-2.png\" alt=\"Daniel Florea, fostul primar al Sectorului 5, \u00een timp ce prezenta \u00een 2020 \u00eentr-un live pe Facebook rechizitele cump\u0103rate de la firmele familiei Vidra\u0219cu, \u201eRegii rechizitelor\u201d\" class=\"wp-image-97618 lazyload\" data-sizes=\"auto\" data-srcset=\"https:\/\/buletin.de\/bucuresti\/wp-content\/uploads\/Screenshot_3-20-2.png 1522w, https:\/\/buletin.de\/bucuresti\/wp-content\/uploads\/Screenshot_3-20-2-300x169.png 300w, https:\/\/buletin.de\/bucuresti\/wp-content\/uploads\/Screenshot_3-20-2-900x506.png 900w, https:\/\/buletin.de\/bucuresti\/wp-content\/uploads\/Screenshot_3-20-2-768x432.png 768w, https:\/\/buletin.de\/bucuresti\/wp-content\/uploads\/Screenshot_3-20-2-1100x619.png 1100w, https:\/\/buletin.de\/bucuresti\/wp-content\/uploads\/Screenshot_3-20-2-600x337.png 600w, https:\/\/buletin.de\/bucuresti\/wp-content\/uploads\/Screenshot_3-20-2-20x11.png 20w\" sizes=\"(max-width: 1522px) 100vw, 1522px\" \/><figcaption class=\"wp-element-caption\">Daniel Florea, fostul primar al Sectorului 5, \u00een timp ce prezenta \u00een 2020 \u00eentr-un live pe Facebook rechizitele cump\u0103rate de la firmele familiei Vidra\u0219cu, \u201eregii rechizitelor\u201d<\/figcaption><\/figure>\n<\/div>\n\n\n<p>\u201e<em>Haide\u021bi s\u0103 v\u0103 ar\u0103t ce am f\u0103cut eu la Prim\u0103rie pentru copii, pentru profesori \u0219i pentru educa\u021bie!<\/em>\u201d, spunea primarul Daniel Florea la \u00eenceputul unui live f\u0103cut pe Facebook pe 11 septembrie care avea s\u0103 dureze mai mult de o or\u0103. Tot atunci el a anun\u021bat c\u0103 luni, 14 septembrie, to\u021bi copiii vor primi gratuit rechizite.<\/p>\n\n\n\n<h2 class=\"wp-block-heading has-text-align-center\" id=\"h-ce-spun-politicienii-cu-car\u021bi-la-editura-litera\"><strong>Ce spun politicienii cu c\u0103r\u021bi la editura Litera<\/strong><\/h2>\n\n\n\n<p>Reporterii Buletin de Bucure\u0219ti l-au contactat pe Sebastian Burduja pentru a afla de ce a ales s\u0103 lucreze cu Editura Litera pentru publicarea c\u0103r\u021bilor \u201ePlanul pentru Rom\u00e2nia\u201d \u0219i \u201ePlanul pentru Bucure\u0219ti\u201d. Acesta a declarat c\u0103 a ales editura pentru \u201ereputa\u021bia sa \u00een pia\u021ba de carte \u0219i pe calitatea colabor\u0103rii editoriale\u201d.<\/p>\n\n\n\n<p><em>\u201e\u00cen calitate de autor, colaborez cu editura Litera exclusiv pe partea de publicare a c\u0103r\u021bilor mele: Planul pentru Romania \u0219i Planul pentru Bucuresti. Alegerea mea de a lansa c\u0103r\u021bile la aceast\u0103 editur\u0103 a fost bazat\u0103 pe reputa\u021bia sa \u00een pia\u021ba de carte \u0219i pe calitatea colabor\u0103rii editoriale<\/em><strong><em>. Nu cunosc detalii legate de celelalte linii de business ale editurii.<\/em><\/strong><em> Rela\u021bia mea cu editura Litera este una profesional\u0103, \u00een calitate de autor\u201d<\/em>, a mai spus Sebastian Burduja pentru Buletin de Bucure\u0219ti.&nbsp;<\/p>\n\n\n\n<p>De asemenea, Mircea Geoan\u0103 a transmis printr-un consilier c\u0103 pentru cartea sa a cerut mai multe oferte din pia\u021b\u0103, iar cea de la Litera ar fi fost cea mai atractiv\u0103. \u00centrebat de la ce alte edituri a mai cerut oferte, consilierul acestuia a sus\u021binut c\u0103 nu de\u021bine aceast\u0103 informa\u021bie.&nbsp;<\/p>\n\n\n\n<p><em>\u201e\u00centre domnul Geoan\u0103 \u0219i editura Litera nu exist\u0103 nicio alt\u0103 leg\u0103tur\u0103 \u00een afar\u0103 de cea comercial\u0103. Mircea Geoan\u0103 a selectat o ofert\u0103 din mai multe. A selectat oferta Litera pentru c\u0103 era ce mai bun\u0103, condi\u021biile cele mai bune. <\/em><strong><em>Nu-i o \u00eent\u00e2mplare pentru c\u0103 mai mul\u021bi politicieni \u0219i-au publicat c\u0103r\u021bile acolo, cei de la Litera au o ofert\u0103 foarte bun\u0103 \u0219i sunt foarte profesioni\u0219ti pe zona asta de carte politic\u0103 \u0219i autori politicieni \u0219i de asta au \u0219i f\u0103cut cea mai bun\u0103 ofert\u0103<\/em><\/strong><em>. Nu \u0219tiu de la ce alte edituri a mai cerut oferte\u201d<\/em>, a declarat pentru Buletin de Bucure\u0219ti unul dintre consilierii lui Mircea Geoan\u0103.&nbsp;&nbsp;<\/p>\n\n\n\n<p>Reporterii Buletin de Bucure\u0219ti au contactat-o \u0219i pe Gabriela Firea, \u00eens\u0103 fostul primar general al Capitalei nu a oferit vreun r\u0103spuns p\u00e2n\u0103 la publicarea articolului. De asemenea, a fost contactat \u0219i Marin Vidra\u0219cu pe num\u0103rul de telefon declarat \u00een Sistemul Electronic de Achizi\u021bii Publice. Nici acesta nu a oferit vreun r\u0103spuns. Ne-am adresat \u0219i \u00een scris, prin e-mail. C\u00e2nd vom primi r\u0103spunsurile le vom publica de \u00eendat\u0103.<\/p>\n\n\n\n<p><strong><em>Editor: C\u0103t\u0103lin Dosca\u0219<\/em><\/strong><\/p>\n","protected":false},"excerpt":{"rendered":"<p>\u201eRegii rechizitelor\u201d \u0219colare: patronii editurii Litera&nbsp; An de an, cu o lun\u0103 \u00eenainte de reluarea cursurilor, \u0219colile din Rom\u00e2nia se preg\u0103tesc pentru primirea elevilor \u00een s\u0103lile de clas\u0103. Preg\u0103tirea vine la pachet \u0219i cu achizi\u021bii publice f\u0103cute de unit\u0103\u021bile de \u00eenv\u0103\u021b\u0103m\u00e2nt pe ultima sut\u0103 de metri, acolo unde este cazul. La o verificare atent\u0103 a [&hellip;]<\/p>\n","protected":false},"author":17,"featured_media":97619,"comment_status":"closed","ping_status":"open","sticky":false,"template":"","format":"standard","meta":{"_acf_changed":false,"inline_featured_image":false,"ngg_post_thumbnail":0,"footnotes":""},"categories":[6994,3421,6213,5762],"tags":[1848,14961,14960,14955,14956,221,1011,161,36,820,14962,14950,7065,14958,14957,2016,2328,14953,14952,2592,74,2655,14954,14959],"ppma_author":[22576],"class_list":["post-97591","post","type-post","status-publish","format-standard","has-post-thumbnail","hentry","category-stiri-2","category-educatie","category-investigatii","category-main","tag-achizitii-publice-2","tag-achizitii-rechizite","tag-batalia-pentru-viitorul-romaniei","tag-carti","tag-carti-politicieni","tag-daniel-florea","tag-editura-litera","tag-firme","tag-gabriela-firea","tag-ilfov","tag-ion-iliescu","tag-mircea-geoana","tag-noul-an-scolar-2","tag-planul-pentru-bucuresti","tag-planul-pentru-romania","tag-popesti-leordeni-3","tag-primaria-capitalei-2","tag-rechizite-scolare","tag-regii-rechizitelor","tag-sebastian-burduja","tag-sectorul-5","tag-snagov","tag-srl","tag-trei-motive"],"acf":[],"yoast_head":"<!-- This site is optimized with the Yoast SEO Premium plugin v25.3 (Yoast SEO v27.4) - https:\/\/yoast.com\/product\/yoast-seo-premium-wordpress\/ -->\n<title>\u201eRegii rechizitelor\u201d. Firma patronilor editurii la care Geoan\u0103, Firea \u0219i Burduja \u0219i-au lansat c\u0103r\u021bile, pe primul loc \u00een \u021bar\u0103 la contracte, \u00eenainte de \u00eenceperea anului \u0219colar<\/title>\n<meta name=\"description\" content=\"\u201eRegii rechizitelor\u201d. Firma patronilor editurii la care Geoan\u0103, Firea \u0219i Burduja \u0219i-au lansat c\u0103r\u021bile, pe primul loc \u00een \u021bar\u0103 la contracte.\" \/>\n<meta name=\"robots\" content=\"index, follow, max-snippet:-1, max-image-preview:large, max-video-preview:-1\" \/>\n<link rel=\"canonical\" href=\"https:\/\/buletin.de\/bucuresti\/investigatie-regii-rechizitelor-firma-patronilor-editurii-la-care-geoana-firea-si-burduja-si-au-lansat-cartile-pe-primul-loc-in-tara-la-contracte-inainte-de-inceperea-anului-sc\/\" \/>\n<meta property=\"og:locale\" content=\"en_GB\" \/>\n<meta property=\"og:type\" content=\"article\" \/>\n<meta property=\"og:title\" content=\"INVESTIGA\u021aIE | \u201eRegii rechizitelor\u201d. Firma patronilor editurii la care Geoan\u0103, Firea \u0219i Burduja \u0219i-au lansat c\u0103r\u021bile, pe primul loc \u00een \u021bar\u0103 la contracte, \u00eenainte de \u00eenceperea anului \u0219colar\" \/>\n<meta property=\"og:description\" content=\"\u201eRegii rechizitelor\u201d. Firma patronilor editurii la care Geoan\u0103, Firea \u0219i Burduja \u0219i-au lansat c\u0103r\u021bile, pe primul loc \u00een \u021bar\u0103 la contracte.\" \/>\n<meta property=\"og:url\" content=\"https:\/\/buletin.de\/bucuresti\/investigatie-regii-rechizitelor-firma-patronilor-editurii-la-care-geoana-firea-si-burduja-si-au-lansat-cartile-pe-primul-loc-in-tara-la-contracte-inainte-de-inceperea-anului-sc\/\" \/>\n<meta property=\"og:site_name\" content=\"Buletin de Bucure\u0219ti\" \/>\n<meta property=\"article:publisher\" content=\"https:\/\/www.facebook.com\/buletin.de.buc\" \/>\n<meta property=\"article:published_time\" content=\"2024-09-10T10:41:23+00:00\" \/>\n<meta property=\"article:modified_time\" content=\"2024-09-11T10:18:03+00:00\" \/>\n<meta property=\"og:image\" content=\"https:\/\/buletin.de\/bucuresti\/wp-content\/uploads\/Covers-BdB-5-1.png\" \/>\n\t<meta property=\"og:image:width\" content=\"1920\" \/>\n\t<meta property=\"og:image:height\" content=\"1080\" \/>\n\t<meta property=\"og:image:type\" content=\"image\/png\" \/>\n<meta name=\"author\" content=\"Florin R\u00e2\u0219teiu\" \/>\n<meta name=\"twitter:card\" content=\"summary_large_image\" \/>\n<meta name=\"twitter:label1\" content=\"Written by\" \/>\n\t<meta name=\"twitter:data1\" content=\"Florin R\u00e2\u0219teiu\" \/>\n\t<meta name=\"twitter:label2\" content=\"Estimated reading time\" \/>\n\t<meta name=\"twitter:data2\" content=\"12 minutes\" \/>\n<script type=\"application\/ld+json\" class=\"yoast-schema-graph\">{\"@context\":\"https:\\\/\\\/schema.org\",\"@graph\":[{\"@type\":\"Article\",\"@id\":\"https:\\\/\\\/buletin.de\\\/bucuresti\\\/investigatie-regii-rechizitelor-firma-patronilor-editurii-la-care-geoana-firea-si-burduja-si-au-lansat-cartile-pe-primul-loc-in-tara-la-contracte-inainte-de-inceperea-anului-sc\\\/#article\",\"isPartOf\":{\"@id\":\"https:\\\/\\\/buletin.de\\\/bucuresti\\\/investigatie-regii-rechizitelor-firma-patronilor-editurii-la-care-geoana-firea-si-burduja-si-au-lansat-cartile-pe-primul-loc-in-tara-la-contracte-inainte-de-inceperea-anului-sc\\\/\"},\"author\":{\"name\":\"Florin R\u00e2\u0219teiu\",\"@id\":\"https:\\\/\\\/buletin.de\\\/bucuresti\\\/#\\\/schema\\\/person\\\/b0686d7a8b666c6afc78239777fd8a89\"},\"headline\":\"INVESTIGA\u021aIE | \u201eRegii rechizitelor\u201d. Firma patronilor editurii la care Geoan\u0103, Firea \u0219i Burduja \u0219i-au lansat c\u0103r\u021bile, pe primul loc \u00een \u021bar\u0103 la contracte, \u00eenainte de \u00eenceperea anului \u0219colar\",\"datePublished\":\"2024-09-10T10:41:23+00:00\",\"dateModified\":\"2024-09-11T10:18:03+00:00\",\"mainEntityOfPage\":{\"@id\":\"https:\\\/\\\/buletin.de\\\/bucuresti\\\/investigatie-regii-rechizitelor-firma-patronilor-editurii-la-care-geoana-firea-si-burduja-si-au-lansat-cartile-pe-primul-loc-in-tara-la-contracte-inainte-de-inceperea-anului-sc\\\/\"},\"wordCount\":2543,\"publisher\":{\"@id\":\"https:\\\/\\\/buletin.de\\\/bucuresti\\\/#organization\"},\"image\":{\"@id\":\"https:\\\/\\\/buletin.de\\\/bucuresti\\\/investigatie-regii-rechizitelor-firma-patronilor-editurii-la-care-geoana-firea-si-burduja-si-au-lansat-cartile-pe-primul-loc-in-tara-la-contracte-inainte-de-inceperea-anului-sc\\\/#primaryimage\"},\"thumbnailUrl\":\"https:\\\/\\\/buletin.de\\\/bucuresti\\\/wp-content\\\/uploads\\\/Covers-BdB-5-1.png\",\"keywords\":[\"Achizi\u021bii publice\",\"achizi\u021bii rechizite\",\"B\u0103t\u0103lia pentru viitorul Rom\u00e2niei\",\"c\u0103r\u021bi\",\"c\u0103r\u021bi politicieni\",\"daniel florea\",\"editura litera\",\"firme\",\"gabriela firea\",\"Ilfov\",\"Ion Iliescu\",\"Mircea Geoan\u0103\",\"Noul an \u0219colar\",\"Planul Pentru Bucure\u0219ti\",\"Planul pentru Rom\u00e2nia\",\"pope\u0219ti-leordeni\",\"Prim\u0103ria Capitalei\",\"rechizite \u0219colare\",\"regii rechizitelor\",\"Sebastian Burduja\",\"sectorul 5\",\"snagov\",\"SRL\",\"Trei Motive\"],\"articleSection\":[\"Articole\",\"Educa\u021bie\",\"Investiga\u021bii\",\"Main\"],\"inLanguage\":\"en-GB\",\"copyrightYear\":\"2024\",\"copyrightHolder\":{\"@id\":\"https:\\\/\\\/buletin.de\\\/bucuresti\\\/#organization\"}},{\"@type\":\"WebPage\",\"@id\":\"https:\\\/\\\/buletin.de\\\/bucuresti\\\/investigatie-regii-rechizitelor-firma-patronilor-editurii-la-care-geoana-firea-si-burduja-si-au-lansat-cartile-pe-primul-loc-in-tara-la-contracte-inainte-de-inceperea-anului-sc\\\/\",\"url\":\"https:\\\/\\\/buletin.de\\\/bucuresti\\\/investigatie-regii-rechizitelor-firma-patronilor-editurii-la-care-geoana-firea-si-burduja-si-au-lansat-cartile-pe-primul-loc-in-tara-la-contracte-inainte-de-inceperea-anului-sc\\\/\",\"name\":\"\u201eRegii rechizitelor\u201d. Firma patronilor editurii la care Geoan\u0103, Firea \u0219i Burduja \u0219i-au lansat c\u0103r\u021bile, pe primul loc \u00een \u021bar\u0103 la contracte, \u00eenainte de \u00eenceperea anului \u0219colar\",\"isPartOf\":{\"@id\":\"https:\\\/\\\/buletin.de\\\/bucuresti\\\/#website\"},\"primaryImageOfPage\":{\"@id\":\"https:\\\/\\\/buletin.de\\\/bucuresti\\\/investigatie-regii-rechizitelor-firma-patronilor-editurii-la-care-geoana-firea-si-burduja-si-au-lansat-cartile-pe-primul-loc-in-tara-la-contracte-inainte-de-inceperea-anului-sc\\\/#primaryimage\"},\"image\":{\"@id\":\"https:\\\/\\\/buletin.de\\\/bucuresti\\\/investigatie-regii-rechizitelor-firma-patronilor-editurii-la-care-geoana-firea-si-burduja-si-au-lansat-cartile-pe-primul-loc-in-tara-la-contracte-inainte-de-inceperea-anului-sc\\\/#primaryimage\"},\"thumbnailUrl\":\"https:\\\/\\\/buletin.de\\\/bucuresti\\\/wp-content\\\/uploads\\\/Covers-BdB-5-1.png\",\"datePublished\":\"2024-09-10T10:41:23+00:00\",\"dateModified\":\"2024-09-11T10:18:03+00:00\",\"description\":\"\u201eRegii rechizitelor\u201d. Firma patronilor editurii la care Geoan\u0103, Firea \u0219i Burduja \u0219i-au lansat c\u0103r\u021bile, pe primul loc \u00een \u021bar\u0103 la contracte.\",\"breadcrumb\":{\"@id\":\"https:\\\/\\\/buletin.de\\\/bucuresti\\\/investigatie-regii-rechizitelor-firma-patronilor-editurii-la-care-geoana-firea-si-burduja-si-au-lansat-cartile-pe-primul-loc-in-tara-la-contracte-inainte-de-inceperea-anului-sc\\\/#breadcrumb\"},\"inLanguage\":\"en-GB\",\"potentialAction\":[{\"@type\":\"ReadAction\",\"target\":[\"https:\\\/\\\/buletin.de\\\/bucuresti\\\/investigatie-regii-rechizitelor-firma-patronilor-editurii-la-care-geoana-firea-si-burduja-si-au-lansat-cartile-pe-primul-loc-in-tara-la-contracte-inainte-de-inceperea-anului-sc\\\/\"]}]},{\"@type\":\"ImageObject\",\"inLanguage\":\"en-GB\",\"@id\":\"https:\\\/\\\/buletin.de\\\/bucuresti\\\/investigatie-regii-rechizitelor-firma-patronilor-editurii-la-care-geoana-firea-si-burduja-si-au-lansat-cartile-pe-primul-loc-in-tara-la-contracte-inainte-de-inceperea-anului-sc\\\/#primaryimage\",\"url\":\"https:\\\/\\\/buletin.de\\\/bucuresti\\\/wp-content\\\/uploads\\\/Covers-BdB-5-1.png\",\"contentUrl\":\"https:\\\/\\\/buletin.de\\\/bucuresti\\\/wp-content\\\/uploads\\\/Covers-BdB-5-1.png\",\"width\":1920,\"height\":1080,\"caption\":\"\u201eRegii rechizitelor\u201d. Firma patronilor editurii la care Geoan\u0103, Firea \u0219i Burduja \u0219i-au lansat c\u0103r\u021bile, pe primul loc \u00een \u021bar\u0103 la contracte Foto: Facebook \\\/ Mircea Geoan\u0103 \\\/ Gabriela Firea \\\/ Sebastian Burduja\"},{\"@type\":\"BreadcrumbList\",\"@id\":\"https:\\\/\\\/buletin.de\\\/bucuresti\\\/investigatie-regii-rechizitelor-firma-patronilor-editurii-la-care-geoana-firea-si-burduja-si-au-lansat-cartile-pe-primul-loc-in-tara-la-contracte-inainte-de-inceperea-anului-sc\\\/#breadcrumb\",\"itemListElement\":[{\"@type\":\"ListItem\",\"position\":1,\"name\":\"Acas\u0103\",\"item\":\"https:\\\/\\\/buletin.de\\\/bucuresti\\\/\"},{\"@type\":\"ListItem\",\"position\":2,\"name\":\"INVESTIGA\u021aIE | \u201eRegii rechizitelor\u201d. Firma patronilor editurii la care Geoan\u0103, Firea \u0219i Burduja \u0219i-au lansat c\u0103r\u021bile, pe primul loc \u00een \u021bar\u0103 la contracte, \u00eenainte de \u00eenceperea anului \u0219colar\"}]},{\"@type\":\"WebSite\",\"@id\":\"https:\\\/\\\/buletin.de\\\/bucuresti\\\/#website\",\"url\":\"https:\\\/\\\/buletin.de\\\/bucuresti\\\/\",\"name\":\"Buletin de Bucure\u0219ti\",\"description\":\"\u0218tiri \u0219i investiga\u021bii esen\u021biale din capital\u0103\",\"publisher\":{\"@id\":\"https:\\\/\\\/buletin.de\\\/bucuresti\\\/#organization\"},\"potentialAction\":[{\"@type\":\"SearchAction\",\"target\":{\"@type\":\"EntryPoint\",\"urlTemplate\":\"https:\\\/\\\/buletin.de\\\/bucuresti\\\/?s={search_term_string}\"},\"query-input\":{\"@type\":\"PropertyValueSpecification\",\"valueRequired\":true,\"valueName\":\"search_term_string\"}}],\"inLanguage\":\"en-GB\"},{\"@type\":\"Organization\",\"@id\":\"https:\\\/\\\/buletin.de\\\/bucuresti\\\/#organization\",\"name\":\"Buletin de Bucure\u0219ti\",\"url\":\"https:\\\/\\\/buletin.de\\\/bucuresti\\\/\",\"logo\":{\"@type\":\"ImageObject\",\"inLanguage\":\"en-GB\",\"@id\":\"https:\\\/\\\/buletin.de\\\/bucuresti\\\/#\\\/schema\\\/logo\\\/image\\\/\",\"url\":\"https:\\\/\\\/buletin.de\\\/bucuresti\\\/wp-content\\\/uploads\\\/logo-bdb-full-wide-vernil-transparent.png\",\"contentUrl\":\"https:\\\/\\\/buletin.de\\\/bucuresti\\\/wp-content\\\/uploads\\\/logo-bdb-full-wide-vernil-transparent.png\",\"width\":1782,\"height\":626,\"caption\":\"Buletin de Bucure\u0219ti\"},\"image\":{\"@id\":\"https:\\\/\\\/buletin.de\\\/bucuresti\\\/#\\\/schema\\\/logo\\\/image\\\/\"},\"sameAs\":[\"https:\\\/\\\/www.facebook.com\\\/buletin.de.buc\",\"https:\\\/\\\/www.instagram.com\\\/buletinde.bucuresti\\\/\"]},{\"@type\":\"Person\",\"@id\":\"https:\\\/\\\/buletin.de\\\/bucuresti\\\/#\\\/schema\\\/person\\\/b0686d7a8b666c6afc78239777fd8a89\",\"name\":\"Florin R\u00e2\u0219teiu\",\"image\":{\"@type\":\"ImageObject\",\"inLanguage\":\"en-GB\",\"@id\":\"https:\\\/\\\/buletin.de\\\/bucuresti\\\/wp-content\\\/uploads\\\/Florin-Rasteiu-96x96.jpgf0a6fe28453aa12f0a60e4d0a2e3a78c\",\"url\":\"https:\\\/\\\/buletin.de\\\/bucuresti\\\/wp-content\\\/uploads\\\/Florin-Rasteiu-96x96.jpg\",\"contentUrl\":\"https:\\\/\\\/buletin.de\\\/bucuresti\\\/wp-content\\\/uploads\\\/Florin-Rasteiu-96x96.jpg\",\"caption\":\"Florin R\u00e2\u0219teiu\"},\"description\":\"Jurnalist de investiga\u021bie. Lucreaz\u0103 de aproape 6 ani la Buletin de Bucure\u0219ti, unde a publicat articole care scot la suprafa\u021b\u0103 corup\u021bia din Capital\u0103. Analizeaz\u0103 baze de date zilnic \u0219i scoate pove\u0219ti din exceluri pline de cifre. Pune reflectorul pe adev\u0103r cu fiecare ocazie. A c\u00e2\u0219tigat premiul I la categoria Pres\u0103 Local\u0103 \u00een 2025 \u0219i locul al II-lea la aceea\u0219i categorie \u00een 2024 \u00een cadrul Premiilor Superscrieri pentru jurnalism independent.\",\"url\":\"https:\\\/\\\/buletin.de\\\/bucuresti\\\/author\\\/florinrasteiu\\\/\"}]}<\/script>\n<!-- \/ Yoast SEO Premium plugin. -->","yoast_head_json":{"title":"\u201eRegii rechizitelor\u201d. Firma patronilor editurii la care Geoan\u0103, Firea \u0219i Burduja \u0219i-au lansat c\u0103r\u021bile, pe primul loc \u00een \u021bar\u0103 la contracte, \u00eenainte de \u00eenceperea anului \u0219colar","description":"\u201eRegii rechizitelor\u201d. Firma patronilor editurii la care Geoan\u0103, Firea \u0219i Burduja \u0219i-au lansat c\u0103r\u021bile, pe primul loc \u00een \u021bar\u0103 la contracte.","robots":{"index":"index","follow":"follow","max-snippet":"max-snippet:-1","max-image-preview":"max-image-preview:large","max-video-preview":"max-video-preview:-1"},"canonical":"https:\/\/buletin.de\/bucuresti\/investigatie-regii-rechizitelor-firma-patronilor-editurii-la-care-geoana-firea-si-burduja-si-au-lansat-cartile-pe-primul-loc-in-tara-la-contracte-inainte-de-inceperea-anului-sc\/","og_locale":"en_GB","og_type":"article","og_title":"INVESTIGA\u021aIE | \u201eRegii rechizitelor\u201d. Firma patronilor editurii la care Geoan\u0103, Firea \u0219i Burduja \u0219i-au lansat c\u0103r\u021bile, pe primul loc \u00een \u021bar\u0103 la contracte, \u00eenainte de \u00eenceperea anului \u0219colar","og_description":"\u201eRegii rechizitelor\u201d. Firma patronilor editurii la care Geoan\u0103, Firea \u0219i Burduja \u0219i-au lansat c\u0103r\u021bile, pe primul loc \u00een \u021bar\u0103 la contracte.","og_url":"https:\/\/buletin.de\/bucuresti\/investigatie-regii-rechizitelor-firma-patronilor-editurii-la-care-geoana-firea-si-burduja-si-au-lansat-cartile-pe-primul-loc-in-tara-la-contracte-inainte-de-inceperea-anului-sc\/","og_site_name":"Buletin de Bucure\u0219ti","article_publisher":"https:\/\/www.facebook.com\/buletin.de.buc","article_published_time":"2024-09-10T10:41:23+00:00","article_modified_time":"2024-09-11T10:18:03+00:00","og_image":[{"width":1920,"height":1080,"url":"https:\/\/buletin.de\/bucuresti\/wp-content\/uploads\/Covers-BdB-5-1.png","type":"image\/png"}],"author":"Florin R\u00e2\u0219teiu","twitter_card":"summary_large_image","twitter_misc":{"Written by":"Florin R\u00e2\u0219teiu","Estimated reading time":"12 minutes"},"schema":{"@context":"https:\/\/schema.org","@graph":[{"@type":"Article","@id":"https:\/\/buletin.de\/bucuresti\/investigatie-regii-rechizitelor-firma-patronilor-editurii-la-care-geoana-firea-si-burduja-si-au-lansat-cartile-pe-primul-loc-in-tara-la-contracte-inainte-de-inceperea-anului-sc\/#article","isPartOf":{"@id":"https:\/\/buletin.de\/bucuresti\/investigatie-regii-rechizitelor-firma-patronilor-editurii-la-care-geoana-firea-si-burduja-si-au-lansat-cartile-pe-primul-loc-in-tara-la-contracte-inainte-de-inceperea-anului-sc\/"},"author":{"name":"Florin R\u00e2\u0219teiu","@id":"https:\/\/buletin.de\/bucuresti\/#\/schema\/person\/b0686d7a8b666c6afc78239777fd8a89"},"headline":"INVESTIGA\u021aIE | \u201eRegii rechizitelor\u201d. Firma patronilor editurii la care Geoan\u0103, Firea \u0219i Burduja \u0219i-au lansat c\u0103r\u021bile, pe primul loc \u00een \u021bar\u0103 la contracte, \u00eenainte de \u00eenceperea anului \u0219colar","datePublished":"2024-09-10T10:41:23+00:00","dateModified":"2024-09-11T10:18:03+00:00","mainEntityOfPage":{"@id":"https:\/\/buletin.de\/bucuresti\/investigatie-regii-rechizitelor-firma-patronilor-editurii-la-care-geoana-firea-si-burduja-si-au-lansat-cartile-pe-primul-loc-in-tara-la-contracte-inainte-de-inceperea-anului-sc\/"},"wordCount":2543,"publisher":{"@id":"https:\/\/buletin.de\/bucuresti\/#organization"},"image":{"@id":"https:\/\/buletin.de\/bucuresti\/investigatie-regii-rechizitelor-firma-patronilor-editurii-la-care-geoana-firea-si-burduja-si-au-lansat-cartile-pe-primul-loc-in-tara-la-contracte-inainte-de-inceperea-anului-sc\/#primaryimage"},"thumbnailUrl":"https:\/\/buletin.de\/bucuresti\/wp-content\/uploads\/Covers-BdB-5-1.png","keywords":["Achizi\u021bii publice","achizi\u021bii rechizite","B\u0103t\u0103lia pentru viitorul Rom\u00e2niei","c\u0103r\u021bi","c\u0103r\u021bi politicieni","daniel florea","editura litera","firme","gabriela firea","Ilfov","Ion Iliescu","Mircea Geoan\u0103","Noul an \u0219colar","Planul Pentru Bucure\u0219ti","Planul pentru Rom\u00e2nia","pope\u0219ti-leordeni","Prim\u0103ria Capitalei","rechizite \u0219colare","regii rechizitelor","Sebastian Burduja","sectorul 5","snagov","SRL","Trei Motive"],"articleSection":["Articole","Educa\u021bie","Investiga\u021bii","Main"],"inLanguage":"en-GB","copyrightYear":"2024","copyrightHolder":{"@id":"https:\/\/buletin.de\/bucuresti\/#organization"}},{"@type":"WebPage","@id":"https:\/\/buletin.de\/bucuresti\/investigatie-regii-rechizitelor-firma-patronilor-editurii-la-care-geoana-firea-si-burduja-si-au-lansat-cartile-pe-primul-loc-in-tara-la-contracte-inainte-de-inceperea-anului-sc\/","url":"https:\/\/buletin.de\/bucuresti\/investigatie-regii-rechizitelor-firma-patronilor-editurii-la-care-geoana-firea-si-burduja-si-au-lansat-cartile-pe-primul-loc-in-tara-la-contracte-inainte-de-inceperea-anului-sc\/","name":"\u201eRegii rechizitelor\u201d. Firma patronilor editurii la care Geoan\u0103, Firea \u0219i Burduja \u0219i-au lansat c\u0103r\u021bile, pe primul loc \u00een \u021bar\u0103 la contracte, \u00eenainte de \u00eenceperea anului \u0219colar","isPartOf":{"@id":"https:\/\/buletin.de\/bucuresti\/#website"},"primaryImageOfPage":{"@id":"https:\/\/buletin.de\/bucuresti\/investigatie-regii-rechizitelor-firma-patronilor-editurii-la-care-geoana-firea-si-burduja-si-au-lansat-cartile-pe-primul-loc-in-tara-la-contracte-inainte-de-inceperea-anului-sc\/#primaryimage"},"image":{"@id":"https:\/\/buletin.de\/bucuresti\/investigatie-regii-rechizitelor-firma-patronilor-editurii-la-care-geoana-firea-si-burduja-si-au-lansat-cartile-pe-primul-loc-in-tara-la-contracte-inainte-de-inceperea-anului-sc\/#primaryimage"},"thumbnailUrl":"https:\/\/buletin.de\/bucuresti\/wp-content\/uploads\/Covers-BdB-5-1.png","datePublished":"2024-09-10T10:41:23+00:00","dateModified":"2024-09-11T10:18:03+00:00","description":"\u201eRegii rechizitelor\u201d. Firma patronilor editurii la care Geoan\u0103, Firea \u0219i Burduja \u0219i-au lansat c\u0103r\u021bile, pe primul loc \u00een \u021bar\u0103 la contracte.","breadcrumb":{"@id":"https:\/\/buletin.de\/bucuresti\/investigatie-regii-rechizitelor-firma-patronilor-editurii-la-care-geoana-firea-si-burduja-si-au-lansat-cartile-pe-primul-loc-in-tara-la-contracte-inainte-de-inceperea-anului-sc\/#breadcrumb"},"inLanguage":"en-GB","potentialAction":[{"@type":"ReadAction","target":["https:\/\/buletin.de\/bucuresti\/investigatie-regii-rechizitelor-firma-patronilor-editurii-la-care-geoana-firea-si-burduja-si-au-lansat-cartile-pe-primul-loc-in-tara-la-contracte-inainte-de-inceperea-anului-sc\/"]}]},{"@type":"ImageObject","inLanguage":"en-GB","@id":"https:\/\/buletin.de\/bucuresti\/investigatie-regii-rechizitelor-firma-patronilor-editurii-la-care-geoana-firea-si-burduja-si-au-lansat-cartile-pe-primul-loc-in-tara-la-contracte-inainte-de-inceperea-anului-sc\/#primaryimage","url":"https:\/\/buletin.de\/bucuresti\/wp-content\/uploads\/Covers-BdB-5-1.png","contentUrl":"https:\/\/buletin.de\/bucuresti\/wp-content\/uploads\/Covers-BdB-5-1.png","width":1920,"height":1080,"caption":"\u201eRegii rechizitelor\u201d. Firma patronilor editurii la care Geoan\u0103, Firea \u0219i Burduja \u0219i-au lansat c\u0103r\u021bile, pe primul loc \u00een \u021bar\u0103 la contracte Foto: Facebook \/ Mircea Geoan\u0103 \/ Gabriela Firea \/ Sebastian Burduja"},{"@type":"BreadcrumbList","@id":"https:\/\/buletin.de\/bucuresti\/investigatie-regii-rechizitelor-firma-patronilor-editurii-la-care-geoana-firea-si-burduja-si-au-lansat-cartile-pe-primul-loc-in-tara-la-contracte-inainte-de-inceperea-anului-sc\/#breadcrumb","itemListElement":[{"@type":"ListItem","position":1,"name":"Acas\u0103","item":"https:\/\/buletin.de\/bucuresti\/"},{"@type":"ListItem","position":2,"name":"INVESTIGA\u021aIE | \u201eRegii rechizitelor\u201d. Firma patronilor editurii la care Geoan\u0103, Firea \u0219i Burduja \u0219i-au lansat c\u0103r\u021bile, pe primul loc \u00een \u021bar\u0103 la contracte, \u00eenainte de \u00eenceperea anului \u0219colar"}]},{"@type":"WebSite","@id":"https:\/\/buletin.de\/bucuresti\/#website","url":"https:\/\/buletin.de\/bucuresti\/","name":"Buletin de Bucure\u0219ti","description":"\u0218tiri \u0219i investiga\u021bii esen\u021biale din capital\u0103","publisher":{"@id":"https:\/\/buletin.de\/bucuresti\/#organization"},"potentialAction":[{"@type":"SearchAction","target":{"@type":"EntryPoint","urlTemplate":"https:\/\/buletin.de\/bucuresti\/?s={search_term_string}"},"query-input":{"@type":"PropertyValueSpecification","valueRequired":true,"valueName":"search_term_string"}}],"inLanguage":"en-GB"},{"@type":"Organization","@id":"https:\/\/buletin.de\/bucuresti\/#organization","name":"Buletin de Bucure\u0219ti","url":"https:\/\/buletin.de\/bucuresti\/","logo":{"@type":"ImageObject","inLanguage":"en-GB","@id":"https:\/\/buletin.de\/bucuresti\/#\/schema\/logo\/image\/","url":"https:\/\/buletin.de\/bucuresti\/wp-content\/uploads\/logo-bdb-full-wide-vernil-transparent.png","contentUrl":"https:\/\/buletin.de\/bucuresti\/wp-content\/uploads\/logo-bdb-full-wide-vernil-transparent.png","width":1782,"height":626,"caption":"Buletin de Bucure\u0219ti"},"image":{"@id":"https:\/\/buletin.de\/bucuresti\/#\/schema\/logo\/image\/"},"sameAs":["https:\/\/www.facebook.com\/buletin.de.buc","https:\/\/www.instagram.com\/buletinde.bucuresti\/"]},{"@type":"Person","@id":"https:\/\/buletin.de\/bucuresti\/#\/schema\/person\/b0686d7a8b666c6afc78239777fd8a89","name":"Florin R\u00e2\u0219teiu","image":{"@type":"ImageObject","inLanguage":"en-GB","@id":"https:\/\/buletin.de\/bucuresti\/wp-content\/uploads\/Florin-Rasteiu-96x96.jpgf0a6fe28453aa12f0a60e4d0a2e3a78c","url":"https:\/\/buletin.de\/bucuresti\/wp-content\/uploads\/Florin-Rasteiu-96x96.jpg","contentUrl":"https:\/\/buletin.de\/bucuresti\/wp-content\/uploads\/Florin-Rasteiu-96x96.jpg","caption":"Florin R\u00e2\u0219teiu"},"description":"Jurnalist de investiga\u021bie. Lucreaz\u0103 de aproape 6 ani la Buletin de Bucure\u0219ti, unde a publicat articole care scot la suprafa\u021b\u0103 corup\u021bia din Capital\u0103. Analizeaz\u0103 baze de date zilnic \u0219i scoate pove\u0219ti din exceluri pline de cifre. Pune reflectorul pe adev\u0103r cu fiecare ocazie. A c\u00e2\u0219tigat premiul I la categoria Pres\u0103 Local\u0103 \u00een 2025 \u0219i locul al II-lea la aceea\u0219i categorie \u00een 2024 \u00een cadrul Premiilor Superscrieri pentru jurnalism independent.","url":"https:\/\/buletin.de\/bucuresti\/author\/florinrasteiu\/"}]}},"authors":[{"term_id":22576,"user_id":17,"is_guest":0,"slug":"florinrasteiu","display_name":"Florin R\u00e2\u0219teiu","avatar_url":"https:\/\/buletin.de\/bucuresti\/wp-content\/uploads\/Florin-Rasteiu-96x96.jpg","0":null,"1":"","2":"","3":"","4":"","5":"","6":"","7":"","8":""}],"_links":{"self":[{"href":"https:\/\/buletin.de\/bucuresti\/wp-json\/wp\/v2\/posts\/97591","targetHints":{"allow":["GET"]}}],"collection":[{"href":"https:\/\/buletin.de\/bucuresti\/wp-json\/wp\/v2\/posts"}],"about":[{"href":"https:\/\/buletin.de\/bucuresti\/wp-json\/wp\/v2\/types\/post"}],"author":[{"embeddable":true,"href":"https:\/\/buletin.de\/bucuresti\/wp-json\/wp\/v2\/users\/17"}],"replies":[{"embeddable":true,"href":"https:\/\/buletin.de\/bucuresti\/wp-json\/wp\/v2\/comments?post=97591"}],"version-history":[{"count":9,"href":"https:\/\/buletin.de\/bucuresti\/wp-json\/wp\/v2\/posts\/97591\/revisions"}],"predecessor-version":[{"id":97670,"href":"https:\/\/buletin.de\/bucuresti\/wp-json\/wp\/v2\/posts\/97591\/revisions\/97670"}],"wp:featuredmedia":[{"embeddable":true,"href":"https:\/\/buletin.de\/bucuresti\/wp-json\/wp\/v2\/media\/97619"}],"wp:attachment":[{"href":"https:\/\/buletin.de\/bucuresti\/wp-json\/wp\/v2\/media?parent=97591"}],"wp:term":[{"taxonomy":"category","embeddable":true,"href":"https:\/\/buletin.de\/bucuresti\/wp-json\/wp\/v2\/categories?post=97591"},{"taxonomy":"post_tag","embeddable":true,"href":"https:\/\/buletin.de\/bucuresti\/wp-json\/wp\/v2\/tags?post=97591"},{"taxonomy":"author","embeddable":true,"href":"https:\/\/buletin.de\/bucuresti\/wp-json\/wp\/v2\/ppma_author?post=97591"}],"curies":[{"name":"wp","href":"https:\/\/api.w.org\/{rel}","templated":true}]}}