{"id":97547,"date":"2024-09-09T18:57:28","date_gmt":"2024-09-09T15:57:28","guid":{"rendered":"https:\/\/buletin.de\/bucuresti\/?p=97547"},"modified":"2024-09-11T09:31:38","modified_gmt":"2024-09-11T06:31:38","slug":"incendiu-in-ior-cetatenii-sunt-suparati-ca-nu-se-iau-masuri-de-preventie-am-facut-sesizari-peste-sesizari-nimeni-nu-ia-nicio-masura","status":"publish","type":"post","link":"https:\/\/buletin.de\/bucuresti\/incendiu-in-ior-cetatenii-sunt-suparati-ca-nu-se-iau-masuri-de-preventie-am-facut-sesizari-peste-sesizari-nimeni-nu-ia-nicio-masura\/","title":{"rendered":"Incendiu \u00een Parcul IOR. Cet\u0103\u021benii sunt sup\u0103ra\u021bi c\u0103 nu se iau m\u0103suri de preven\u021bie: \u201eAm f\u0103cut sesiz\u0103ri peste sesiz\u0103ri. Nimeni nu ia nicio m\u0103sur\u0103\u201d"},"content":{"rendered":"\n<p><strong>Un alt incendiu a izbucnit luni, 9 septembrie, \u00een zona retrocedat\u0103 din Parcul IOR, la mai pu\u021bin de o lun\u0103 de la ultimul incident similar. De data aceasta au fost afecta\u021bi 20.000 de metri p\u0103tra\u021bi (2 hectare), au anun\u021bat pompierii militari de la Inspectoratul pentru Situa\u0163ii de Urgen\u0163\u0103 (ISU) Bucure\u015fti-Ilfov, care au intervenit cu cinci autospeciale pentru a stinge fl\u0103c\u0103rile. Nu au existat victime.<\/strong><\/p>\n\n\n\n<p>\u00cen apropierea zonei incendiate din Parcul IOR, p\u00e2n\u0103 la ora 14:00, fumul \u00eenc\u0103 persista, iar \u00een aer zburau particule de funingine, a constatat reporterul Buletin de Bucure\u0219ti la fa\u021ba locului.<\/p>\n\n\n\n<p>Trec\u0103torii erau direc\u021biona\u021bi s\u0103 foloseasc\u0103 intrarea B \u0219i s\u0103 evite intrarea A de la gura de metrou Titan, pentru c\u0103 fumul dens a ajuns \u0219i \u00een sta\u021bie. Accesul spre intrarea A a fost restric\u021bionat p\u00e2n\u0103 la stingerea incendiului.&nbsp;<\/p>\n\n\n\n<p>\u00centreba\u021bi c\u00e2nd va fi rezolvat\u0103 situa\u021bia, pompierii de la fa\u021ba locului nu au putut s\u0103 ofere aceast\u0103 informa\u021bie.<\/p>\n\n\n\n<figure class=\"wp-block-image size-large\"><img fetchpriority=\"high\" decoding=\"async\" width=\"900\" height=\"675\" src=\"data:image\/gif;base64,R0lGODlhAQABAAAAACH5BAEKAAEALAAAAAABAAEAAAICTAEAOw==\" data-src=\"https:\/\/buletin.de\/bucuresti\/wp-content\/uploads\/Intrarea-A-de-la-statia-de-metrou-Titan-inchisa-temporar-900x675.jpeg\" alt=\"\" class=\"wp-image-97550 lazyload\" data-sizes=\"auto\" data-srcset=\"https:\/\/buletin.de\/bucuresti\/wp-content\/uploads\/Intrarea-A-de-la-statia-de-metrou-Titan-inchisa-temporar-900x675.jpeg 900w, https:\/\/buletin.de\/bucuresti\/wp-content\/uploads\/Intrarea-A-de-la-statia-de-metrou-Titan-inchisa-temporar-300x225.jpeg 300w, https:\/\/buletin.de\/bucuresti\/wp-content\/uploads\/Intrarea-A-de-la-statia-de-metrou-Titan-inchisa-temporar-768x576.jpeg 768w, https:\/\/buletin.de\/bucuresti\/wp-content\/uploads\/Intrarea-A-de-la-statia-de-metrou-Titan-inchisa-temporar-1536x1152.jpeg 1536w, https:\/\/buletin.de\/bucuresti\/wp-content\/uploads\/Intrarea-A-de-la-statia-de-metrou-Titan-inchisa-temporar-1600x1200.jpeg 1600w, https:\/\/buletin.de\/bucuresti\/wp-content\/uploads\/Intrarea-A-de-la-statia-de-metrou-Titan-inchisa-temporar-1100x825.jpeg 1100w, https:\/\/buletin.de\/bucuresti\/wp-content\/uploads\/Intrarea-A-de-la-statia-de-metrou-Titan-inchisa-temporar-600x450.jpeg 600w, https:\/\/buletin.de\/bucuresti\/wp-content\/uploads\/Intrarea-A-de-la-statia-de-metrou-Titan-inchisa-temporar-20x15.jpeg 20w, https:\/\/buletin.de\/bucuresti\/wp-content\/uploads\/Intrarea-A-de-la-statia-de-metrou-Titan-inchisa-temporar.jpeg 2048w\" sizes=\"(max-width: 900px) 100vw, 900px\" \/><figcaption class=\"wp-element-caption\">Intrarea A de la sta\u021bia de metrou Titan, \u00eenchis\u0103 temporar. Foto: Ana Anghel-Dimache<\/figcaption><\/figure>\n\n\n\n<h2 class=\"wp-block-heading\" id=\"h-robert-negoi\u021ba-noi-nu-putem-intra-pe-proprietate-privata\">Robert Negoi\u021b\u0103: \u201eNoi nu putem intra pe proprietate privat\u0103\u201d<\/h2>\n\n\n\n<p><em>\u201ePunctul meu de vedere este s\u0103-l suna\u021bi pe Nicu\u0219or Dan, s\u0103-i spune\u021bi c\u0103 au trecut cele \u0219ase s\u0103pt\u0103m\u00e2ni la care s-a angajat anul trecut, \u00een martie, \u0219i s\u0103 fac\u0103 procese s\u0103 ne lu\u0103m parcul \u00eenapoi. S\u0103 lase prietenia cu tic\u0103lo\u0219ii \u0219i s\u0103 ne lu\u0103m parcul \u00eenapoi, c\u0103 altfel nu avem ce face, e proprietate privat\u0103.<\/em><\/p>\n\n\n\n<p><em>\u0218i, o alt\u0103 chestiune, s\u0103 introduc\u0103 regulamentul, s\u0103-l bage \u00een consiliu, a\u0219a cum i l-am cerut noi, cu amenzi drastice pentru cei care distrug spa\u021biile verzi \u0219i care taie copaci, fix ce i-am cerut noi\u201d,<\/em> a declarat primarul Sectorului 3, Robert Negoi\u021b\u0103, pentru Buletin de Bucure\u0219ti.<\/p>\n\n\n\n<p>\u00centrebat de ce nu poate <a href=\"https:\/\/www.primarie3.ro\/index.php\/primaria\/servicii_detail\/C37\/351\">Poli\u021bia Local\u0103 a Sectorului 3<\/a> s\u0103 previn\u0103 astfel de incendii, edilul a spus c\u0103 nu se poate interveni pe proprietate privat\u0103.<\/p>\n\n\n\n<blockquote class=\"wp-block-quote is-layout-flow wp-block-quote-is-layout-flow\">\n<p class=\"has-medium-font-size\"><strong>Atunci c\u00e2nd apar (incendiile &#8211; n. red.), intr\u0103 pompierii, cei de la ISU, noi nu putem intra pe proprietate privat\u0103.<\/strong><\/p>\n<cite>Robert Negoi\u021b\u0103<\/cite><\/blockquote>\n\n\n\n<h2 class=\"wp-block-heading\" id=\"h-oamenii-nemul\u021bumi\u021bi-de-incendiile-repetate-nimeni-nu-ia-nicio-masura\">Oamenii nemul\u021bumi\u021bi de incendiile repetate: \u201eNimeni nu ia nicio m\u0103sur\u0103\u201d<\/h2>\n\n\n\n<p>Oamenii nu p\u0103reau surprin\u0219i de faptul c\u0103 a avut loc un incendiu \u00een Parcul IOR, din nou, dar nici de r\u0103spunsurile insuficiente ale autorit\u0103\u021bilor. Unii dintre ei erau dezam\u0103gi\u021bi pentru cele \u00eent\u00e2mplate \u00een parc, iar al\u021bii au devenit chiar furio\u0219i.<\/p>\n\n\n\n<p>O femeie a venit \u00een fa\u021ba poli\u021bi\u0219tilor, iar dup\u0103 ce a descris situa\u021bia drept \u201eapocaliptic\u0103\u201d, a \u00eencercat s\u0103 le cear\u0103 explica\u021bii \u0219i i-a \u00eentrebat cine este responsabilul pentru focul din parc: \u201e<em>Acum 2-3 s\u0103pt\u0103m\u00e2ni a fost arestat<\/em>\u201d, a r\u0103spuns unul dintre poli\u021bi\u0219tii prezen\u021bi.&nbsp;<\/p>\n\n\n\n<p>\u201e<em>A, \u0103la arestat a venit \u0219i a dat foc la parc<\/em>\u201d, a spus femeia revoltat\u0103 de replica poli\u021bistului.&nbsp;<\/p>\n\n\n\n<p>Femeia le atrage aten\u021bia c\u0103 de fiecare data c\u00e2nd cet\u0103\u021benii sun\u0103 la 112 \u00een cazuri de focare mici, pompierii ajung t\u00e2rziu, sau nu au ap\u0103.&nbsp;<\/p>\n\n\n\n<p>\u201e<em>Atunci o s\u0103 ne teleport\u0103m, doamn\u0103<\/em>!\u201d, a replicat iritat poli\u021bistul.&nbsp;<\/p>\n\n\n\n<figure class=\"wp-block-image size-large\"><img decoding=\"async\" width=\"900\" height=\"675\" src=\"data:image\/gif;base64,R0lGODlhAQABAAAAACH5BAEKAAEALAAAAAABAAEAAAICTAEAOw==\" data-src=\"https:\/\/buletin.de\/bucuresti\/wp-content\/uploads\/Cetatenii-cereau-lamuriri-de-la-pompieri-900x675.jpeg\" alt=\"\" class=\"wp-image-97551 lazyload\" data-sizes=\"auto\" data-srcset=\"https:\/\/buletin.de\/bucuresti\/wp-content\/uploads\/Cetatenii-cereau-lamuriri-de-la-pompieri-900x675.jpeg 900w, https:\/\/buletin.de\/bucuresti\/wp-content\/uploads\/Cetatenii-cereau-lamuriri-de-la-pompieri-300x225.jpeg 300w, https:\/\/buletin.de\/bucuresti\/wp-content\/uploads\/Cetatenii-cereau-lamuriri-de-la-pompieri-768x576.jpeg 768w, https:\/\/buletin.de\/bucuresti\/wp-content\/uploads\/Cetatenii-cereau-lamuriri-de-la-pompieri-1536x1152.jpeg 1536w, https:\/\/buletin.de\/bucuresti\/wp-content\/uploads\/Cetatenii-cereau-lamuriri-de-la-pompieri-1600x1200.jpeg 1600w, https:\/\/buletin.de\/bucuresti\/wp-content\/uploads\/Cetatenii-cereau-lamuriri-de-la-pompieri-1100x825.jpeg 1100w, https:\/\/buletin.de\/bucuresti\/wp-content\/uploads\/Cetatenii-cereau-lamuriri-de-la-pompieri-600x450.jpeg 600w, https:\/\/buletin.de\/bucuresti\/wp-content\/uploads\/Cetatenii-cereau-lamuriri-de-la-pompieri-20x15.jpeg 20w, https:\/\/buletin.de\/bucuresti\/wp-content\/uploads\/Cetatenii-cereau-lamuriri-de-la-pompieri.jpeg 2048w\" sizes=\"(max-width: 900px) 100vw, 900px\" \/><figcaption class=\"wp-element-caption\">Cet\u0103\u021benii cereau l\u0103muriri de la pompieri. Foto: Ana Anghel-Dimache<\/figcaption><\/figure>\n\n\n\n<p>Un cuplu a\u0219tepta pe marginea zonei \u00eengr\u0103dite de poli\u021bi\u0219ti pentru c\u0103 ma\u0219ina lor era parcat\u0103 \u00een interiorul locului \u00eemprejmuit cu band\u0103 galben\u0103. Au declarat pentru reporterul BdB c\u0103 a\u0219teapt\u0103 de dou\u0103 ore stingerea incendiului ca s\u0103 \u00ee\u0219i poat\u0103 recupera ma\u0219ina.&nbsp;<\/p>\n\n\n\n<p>\u201e<em>Am sim\u021bit miros de fum, atunci c\u00e2nd au venit \u0219i pompierii, atunci am \u00eenceput s\u0103 simt mirosul. Am ocolit parcul, pentru c\u0103 nu mai putem s\u0103 trecem pe aici. C\u00e2nd am ajuns aici ardea p\u00e2n\u0103 \u00een gard<\/em>\u201d.&nbsp;<\/p>\n\n\n\n<p>Cet\u0103\u021benii nu \u00ee\u0219i mai pot explica cum poate arde aceea\u0219i zon\u0103 din parc, la o distan\u021b\u0103 de mai pu\u021bin de o lun\u0103 \u00eentre incendii, iar autorit\u0103\u021bile s\u0103 nu ia m\u0103suri de preven\u021bie: \u201e<em>Nu \u0219tiu de ce nu pun patru camere de luat vederi, c\u0103, efectiv, s-ar vedea tot ce se \u00eent\u00e2mpl\u0103<\/em>\u201d, a mai completat un cet\u0103\u021bean.&nbsp;<\/p>\n\n\n\n<p>O femeie care se plimba prin zona retrocedat\u0103 a parcului a spus c\u0103 a sim\u021bit mirosul, c\u0103 a v\u0103zut pe fereastr\u0103 fumul \u0219i a ie\u0219it s\u0103 vad\u0103 ce s-a \u00eent\u00e2mplat.&nbsp;<\/p>\n\n\n\n<p>\u201e<em>Am f\u0103cut sesiz\u0103ri peste sesiz\u0103ri. Nimeni nu ia nicio m\u0103sur\u0103. Stau de 64 de ani \u00een blocul \u0103sta. Era frumos aici, cu loc de joac\u0103, cu tobogane<\/em>\u201d.<\/p>\n\n\n\n<h2 class=\"wp-block-heading\" id=\"h-alt-incendiu-in-parcul-ior-tot-de-vara-asta\"><strong>Alt incendiu \u00een Parcul IOR, tot de vara asta<\/strong><\/h2>\n\n\n\n<p><a href=\"https:\/\/buletin.de\/bucuresti\/a-vrut-sa-dea-foc-in-parcul-ior-in-zona-retrocedata-suspectul-a-fost-arestat-preventiv\/\">Un alt incendiu a avut loc s\u00e2mb\u0103t\u0103, 24 august<\/a>, \u00een jurul orei 00:30. Ini\u021bial, poli\u021bi\u0219tii Sec\u021biei 12 au fost sesiza\u021bi printr-un apel la 112 cu privire la un incendiu de vegeta\u021bie uscat\u0103 izbucnit \u00een Parcul Titan.<\/p>\n\n\n\n<p>Poli\u021bi\u0219tii s-au deplasat la fa\u021ba locului al\u0103turi de un echipaj de pompieri, care a localizat \u0219i a lichidat incendiul \u00een totalitate.<\/p>\n\n\n\n<p>Din cercet\u0103rile \u0219i investiga\u021biile efectuate, s-a stabilit c\u0103, imediat dup\u0103 izbucnirea incendiului, doi b\u0103rba\u021bi ar fi observat o persoan\u0103 care a ie\u0219it din zona respectiv\u0103 a parcului.<\/p>\n\n\n\n<p>B\u0103rbatul suspectat c\u0103 ar fi provocat incendiul a fost arestat preventiv pentru 30 de zile \u0219i este cercetat \u00eentr-un dosar penal de tentativ\u0103 de distrugere, a anun\u021bat Poli\u021bia Capitalei printr-un comunicat de pres\u0103.&nbsp;<\/p>\n","protected":false},"excerpt":{"rendered":"<p>Un alt incendiu a izbucnit luni, 9 septembrie, \u00een zona retrocedat\u0103 din Parcul IOR, la mai pu\u021bin de o lun\u0103 de la ultimul incident similar. De data aceasta au fost afecta\u021bi 20.000 de metri p\u0103tra\u021bi (2 hectare), au anun\u021bat pompierii militari de la Inspectoratul pentru Situa\u0163ii de Urgen\u0163\u0103 (ISU) Bucure\u015fti-Ilfov, care au intervenit cu cinci [&hellip;]<\/p>\n","protected":false},"author":58,"featured_media":97549,"comment_status":"closed","ping_status":"open","sticky":false,"template":"","format":"standard","meta":{"_acf_changed":false,"inline_featured_image":false,"ngg_post_thumbnail":0,"footnotes":""},"categories":[6994,3419,109],"tags":[14935,10927,223,14934,220],"ppma_author":[22581],"class_list":["post-97547","post","type-post","status-publish","format-standard","has-post-thumbnail","hentry","category-stiri-2","category-featured","category-mediu","tag-incendii-vegetatie-uscata-parcul-alexandru-ioan-cuza","tag-incendiu-ior","tag-nicusor-dan","tag-politia-locala-sector-3","tag-robert-negoita"],"acf":[],"yoast_head":"<!-- This site is optimized with the Yoast SEO Premium plugin v25.3 (Yoast SEO v27.4) - https:\/\/yoast.com\/product\/yoast-seo-premium-wordpress\/ -->\n<title>Incendiu \u00een Parcul IOR. Cet\u0103\u021benii sunt sup\u0103ra\u021bi c\u0103 nu se iau m\u0103suri de preven\u021bie: \u201eAm f\u0103cut sesiz\u0103ri peste sesiz\u0103ri. Nimeni nu ia nicio m\u0103sur\u0103\u201d - Buletin de Bucure\u0219ti<\/title>\n<meta name=\"description\" content=\"Un alt incendiu a izbucnit luni, 9 septembrie, \u00een zona retrocedat\u0103 din Parcul IOR, la mai pu\u021bin de o lun\u0103 de la ultimul incident similar.\" \/>\n<meta name=\"robots\" content=\"index, follow, max-snippet:-1, max-image-preview:large, max-video-preview:-1\" \/>\n<link rel=\"canonical\" href=\"https:\/\/buletin.de\/bucuresti\/incendiu-in-ior-cetatenii-sunt-suparati-ca-nu-se-iau-masuri-de-preventie-am-facut-sesizari-peste-sesizari-nimeni-nu-ia-nicio-masura\/\" \/>\n<meta property=\"og:locale\" content=\"en_GB\" \/>\n<meta property=\"og:type\" content=\"article\" \/>\n<meta property=\"og:title\" content=\"Incendiu \u00een Parcul IOR. Cet\u0103\u021benii sunt sup\u0103ra\u021bi c\u0103 nu se iau m\u0103suri de preven\u021bie: \u201eAm f\u0103cut sesiz\u0103ri peste sesiz\u0103ri. Nimeni nu ia nicio m\u0103sur\u0103\u201d\" \/>\n<meta property=\"og:description\" content=\"Un alt incendiu a izbucnit luni, 9 septembrie, \u00een zona retrocedat\u0103 din Parcul IOR, la mai pu\u021bin de o lun\u0103 de la ultimul incident similar.\" \/>\n<meta property=\"og:url\" content=\"https:\/\/buletin.de\/bucuresti\/incendiu-in-ior-cetatenii-sunt-suparati-ca-nu-se-iau-masuri-de-preventie-am-facut-sesizari-peste-sesizari-nimeni-nu-ia-nicio-masura\/\" \/>\n<meta property=\"og:site_name\" content=\"Buletin de Bucure\u0219ti\" \/>\n<meta property=\"article:publisher\" content=\"https:\/\/www.facebook.com\/buletin.de.buc\" \/>\n<meta property=\"article:published_time\" content=\"2024-09-09T15:57:28+00:00\" \/>\n<meta property=\"article:modified_time\" content=\"2024-09-11T06:31:38+00:00\" \/>\n<meta property=\"og:image\" content=\"https:\/\/buletin.de\/bucuresti\/wp-content\/uploads\/Inca-un-incendiu-in-Parcul-IOR.jpeg\" \/>\n\t<meta property=\"og:image:width\" content=\"2048\" \/>\n\t<meta property=\"og:image:height\" content=\"1536\" \/>\n\t<meta property=\"og:image:type\" content=\"image\/jpeg\" \/>\n<meta name=\"author\" content=\"Ana Anghel-Dimache\" \/>\n<meta name=\"twitter:card\" content=\"summary_large_image\" \/>\n<meta name=\"twitter:label1\" content=\"Written by\" \/>\n\t<meta name=\"twitter:data1\" content=\"Ana Anghel-Dimache\" \/>\n\t<meta name=\"twitter:label2\" content=\"Estimated reading time\" \/>\n\t<meta name=\"twitter:data2\" content=\"4 minutes\" \/>\n<script type=\"application\/ld+json\" class=\"yoast-schema-graph\">{\"@context\":\"https:\\\/\\\/schema.org\",\"@graph\":[{\"@type\":\"Article\",\"@id\":\"https:\\\/\\\/buletin.de\\\/bucuresti\\\/incendiu-in-ior-cetatenii-sunt-suparati-ca-nu-se-iau-masuri-de-preventie-am-facut-sesizari-peste-sesizari-nimeni-nu-ia-nicio-masura\\\/#article\",\"isPartOf\":{\"@id\":\"https:\\\/\\\/buletin.de\\\/bucuresti\\\/incendiu-in-ior-cetatenii-sunt-suparati-ca-nu-se-iau-masuri-de-preventie-am-facut-sesizari-peste-sesizari-nimeni-nu-ia-nicio-masura\\\/\"},\"author\":{\"name\":\"Ana Anghel-Dimache\",\"@id\":\"https:\\\/\\\/buletin.de\\\/bucuresti\\\/#\\\/schema\\\/person\\\/359459245996e200ed7c807f71f0551a\"},\"headline\":\"Incendiu \u00een Parcul IOR. Cet\u0103\u021benii sunt sup\u0103ra\u021bi c\u0103 nu se iau m\u0103suri de preven\u021bie: \u201eAm f\u0103cut sesiz\u0103ri peste sesiz\u0103ri. Nimeni nu ia nicio m\u0103sur\u0103\u201d\",\"datePublished\":\"2024-09-09T15:57:28+00:00\",\"dateModified\":\"2024-09-11T06:31:38+00:00\",\"mainEntityOfPage\":{\"@id\":\"https:\\\/\\\/buletin.de\\\/bucuresti\\\/incendiu-in-ior-cetatenii-sunt-suparati-ca-nu-se-iau-masuri-de-preventie-am-facut-sesizari-peste-sesizari-nimeni-nu-ia-nicio-masura\\\/\"},\"wordCount\":944,\"publisher\":{\"@id\":\"https:\\\/\\\/buletin.de\\\/bucuresti\\\/#organization\"},\"image\":{\"@id\":\"https:\\\/\\\/buletin.de\\\/bucuresti\\\/incendiu-in-ior-cetatenii-sunt-suparati-ca-nu-se-iau-masuri-de-preventie-am-facut-sesizari-peste-sesizari-nimeni-nu-ia-nicio-masura\\\/#primaryimage\"},\"thumbnailUrl\":\"https:\\\/\\\/buletin.de\\\/bucuresti\\\/wp-content\\\/uploads\\\/Inca-un-incendiu-in-Parcul-IOR.jpeg\",\"keywords\":[\"incendii vegetatie uscata parcul alexandru ioan cuza\",\"incendiu IOR\",\"nicusor dan\",\"politia locala sector 3\",\"robert negoita\"],\"articleSection\":[\"Articole\",\"Featured\",\"Mediu\"],\"inLanguage\":\"en-GB\",\"copyrightYear\":\"2024\",\"copyrightHolder\":{\"@id\":\"https:\\\/\\\/buletin.de\\\/bucuresti\\\/#organization\"}},{\"@type\":\"WebPage\",\"@id\":\"https:\\\/\\\/buletin.de\\\/bucuresti\\\/incendiu-in-ior-cetatenii-sunt-suparati-ca-nu-se-iau-masuri-de-preventie-am-facut-sesizari-peste-sesizari-nimeni-nu-ia-nicio-masura\\\/\",\"url\":\"https:\\\/\\\/buletin.de\\\/bucuresti\\\/incendiu-in-ior-cetatenii-sunt-suparati-ca-nu-se-iau-masuri-de-preventie-am-facut-sesizari-peste-sesizari-nimeni-nu-ia-nicio-masura\\\/\",\"name\":\"Incendiu \u00een Parcul IOR. Cet\u0103\u021benii sunt sup\u0103ra\u021bi c\u0103 nu se iau m\u0103suri de preven\u021bie: \u201eAm f\u0103cut sesiz\u0103ri peste sesiz\u0103ri. Nimeni nu ia nicio m\u0103sur\u0103\u201d - Buletin de Bucure\u0219ti\",\"isPartOf\":{\"@id\":\"https:\\\/\\\/buletin.de\\\/bucuresti\\\/#website\"},\"primaryImageOfPage\":{\"@id\":\"https:\\\/\\\/buletin.de\\\/bucuresti\\\/incendiu-in-ior-cetatenii-sunt-suparati-ca-nu-se-iau-masuri-de-preventie-am-facut-sesizari-peste-sesizari-nimeni-nu-ia-nicio-masura\\\/#primaryimage\"},\"image\":{\"@id\":\"https:\\\/\\\/buletin.de\\\/bucuresti\\\/incendiu-in-ior-cetatenii-sunt-suparati-ca-nu-se-iau-masuri-de-preventie-am-facut-sesizari-peste-sesizari-nimeni-nu-ia-nicio-masura\\\/#primaryimage\"},\"thumbnailUrl\":\"https:\\\/\\\/buletin.de\\\/bucuresti\\\/wp-content\\\/uploads\\\/Inca-un-incendiu-in-Parcul-IOR.jpeg\",\"datePublished\":\"2024-09-09T15:57:28+00:00\",\"dateModified\":\"2024-09-11T06:31:38+00:00\",\"description\":\"Un alt incendiu a izbucnit luni, 9 septembrie, \u00een zona retrocedat\u0103 din Parcul IOR, la mai pu\u021bin de o lun\u0103 de la ultimul incident similar.\",\"breadcrumb\":{\"@id\":\"https:\\\/\\\/buletin.de\\\/bucuresti\\\/incendiu-in-ior-cetatenii-sunt-suparati-ca-nu-se-iau-masuri-de-preventie-am-facut-sesizari-peste-sesizari-nimeni-nu-ia-nicio-masura\\\/#breadcrumb\"},\"inLanguage\":\"en-GB\",\"potentialAction\":[{\"@type\":\"ReadAction\",\"target\":[\"https:\\\/\\\/buletin.de\\\/bucuresti\\\/incendiu-in-ior-cetatenii-sunt-suparati-ca-nu-se-iau-masuri-de-preventie-am-facut-sesizari-peste-sesizari-nimeni-nu-ia-nicio-masura\\\/\"]}]},{\"@type\":\"ImageObject\",\"inLanguage\":\"en-GB\",\"@id\":\"https:\\\/\\\/buletin.de\\\/bucuresti\\\/incendiu-in-ior-cetatenii-sunt-suparati-ca-nu-se-iau-masuri-de-preventie-am-facut-sesizari-peste-sesizari-nimeni-nu-ia-nicio-masura\\\/#primaryimage\",\"url\":\"https:\\\/\\\/buletin.de\\\/bucuresti\\\/wp-content\\\/uploads\\\/Inca-un-incendiu-in-Parcul-IOR.jpeg\",\"contentUrl\":\"https:\\\/\\\/buletin.de\\\/bucuresti\\\/wp-content\\\/uploads\\\/Inca-un-incendiu-in-Parcul-IOR.jpeg\",\"width\":2048,\"height\":1536,\"caption\":\"\u00cenc\u0103 un incendiu \u00een Parcul IOR. Foto: Ana Anghel-Dimache\"},{\"@type\":\"BreadcrumbList\",\"@id\":\"https:\\\/\\\/buletin.de\\\/bucuresti\\\/incendiu-in-ior-cetatenii-sunt-suparati-ca-nu-se-iau-masuri-de-preventie-am-facut-sesizari-peste-sesizari-nimeni-nu-ia-nicio-masura\\\/#breadcrumb\",\"itemListElement\":[{\"@type\":\"ListItem\",\"position\":1,\"name\":\"Acas\u0103\",\"item\":\"https:\\\/\\\/buletin.de\\\/bucuresti\\\/\"},{\"@type\":\"ListItem\",\"position\":2,\"name\":\"Incendiu \u00een Parcul IOR. Cet\u0103\u021benii sunt sup\u0103ra\u021bi c\u0103 nu se iau m\u0103suri de preven\u021bie: \u201eAm f\u0103cut sesiz\u0103ri peste sesiz\u0103ri. Nimeni nu ia nicio m\u0103sur\u0103\u201d\"}]},{\"@type\":\"WebSite\",\"@id\":\"https:\\\/\\\/buletin.de\\\/bucuresti\\\/#website\",\"url\":\"https:\\\/\\\/buletin.de\\\/bucuresti\\\/\",\"name\":\"Buletin de Bucure\u0219ti\",\"description\":\"\u0218tiri \u0219i investiga\u021bii esen\u021biale din capital\u0103\",\"publisher\":{\"@id\":\"https:\\\/\\\/buletin.de\\\/bucuresti\\\/#organization\"},\"potentialAction\":[{\"@type\":\"SearchAction\",\"target\":{\"@type\":\"EntryPoint\",\"urlTemplate\":\"https:\\\/\\\/buletin.de\\\/bucuresti\\\/?s={search_term_string}\"},\"query-input\":{\"@type\":\"PropertyValueSpecification\",\"valueRequired\":true,\"valueName\":\"search_term_string\"}}],\"inLanguage\":\"en-GB\"},{\"@type\":\"Organization\",\"@id\":\"https:\\\/\\\/buletin.de\\\/bucuresti\\\/#organization\",\"name\":\"Buletin de Bucure\u0219ti\",\"url\":\"https:\\\/\\\/buletin.de\\\/bucuresti\\\/\",\"logo\":{\"@type\":\"ImageObject\",\"inLanguage\":\"en-GB\",\"@id\":\"https:\\\/\\\/buletin.de\\\/bucuresti\\\/#\\\/schema\\\/logo\\\/image\\\/\",\"url\":\"https:\\\/\\\/buletin.de\\\/bucuresti\\\/wp-content\\\/uploads\\\/logo-bdb-full-wide-vernil-transparent.png\",\"contentUrl\":\"https:\\\/\\\/buletin.de\\\/bucuresti\\\/wp-content\\\/uploads\\\/logo-bdb-full-wide-vernil-transparent.png\",\"width\":1782,\"height\":626,\"caption\":\"Buletin de Bucure\u0219ti\"},\"image\":{\"@id\":\"https:\\\/\\\/buletin.de\\\/bucuresti\\\/#\\\/schema\\\/logo\\\/image\\\/\"},\"sameAs\":[\"https:\\\/\\\/www.facebook.com\\\/buletin.de.buc\",\"https:\\\/\\\/www.instagram.com\\\/buletinde.bucuresti\\\/\"]},{\"@type\":\"Person\",\"@id\":\"https:\\\/\\\/buletin.de\\\/bucuresti\\\/#\\\/schema\\\/person\\\/359459245996e200ed7c807f71f0551a\",\"name\":\"Ana Anghel-Dimache\",\"image\":{\"@type\":\"ImageObject\",\"inLanguage\":\"en-GB\",\"@id\":\"https:\\\/\\\/buletin.de\\\/bucuresti\\\/wp-content\\\/uploads\\\/Ana-Anghel-Dimache-96x96.jpg861145fc2c4f1fe57dc81b59a6cfb674\",\"url\":\"https:\\\/\\\/buletin.de\\\/bucuresti\\\/wp-content\\\/uploads\\\/Ana-Anghel-Dimache-96x96.jpg\",\"contentUrl\":\"https:\\\/\\\/buletin.de\\\/bucuresti\\\/wp-content\\\/uploads\\\/Ana-Anghel-Dimache-96x96.jpg\",\"caption\":\"Ana Anghel-Dimache\"},\"description\":\"Sunt student\u0103 la jurnalism \u0219i m-am n\u0103scut \u00een Bucure\u0219ti, ora\u0219 plin de pove\u0219ti care merit\u0103 explorate. \u00cemi place s\u0103 scriu despre subiecte politice, de mediu \u0219i legate de transportul din Capital\u0103. \u00cencerc s\u0103 pictez o imagine c\u00e2t mai sincer\u0103 a realit\u0103\u021bii \u0219i sus\u021bin presa independent\u0103 pentru c\u0103 este esen\u021bial s\u0103 pot reda faptele \u00een formele lor adev\u0103rate.\",\"url\":\"https:\\\/\\\/buletin.de\\\/bucuresti\\\/author\\\/ana-dimache\\\/\"}]}<\/script>\n<!-- \/ Yoast SEO Premium plugin. -->","yoast_head_json":{"title":"Incendiu \u00een Parcul IOR. Cet\u0103\u021benii sunt sup\u0103ra\u021bi c\u0103 nu se iau m\u0103suri de preven\u021bie: \u201eAm f\u0103cut sesiz\u0103ri peste sesiz\u0103ri. Nimeni nu ia nicio m\u0103sur\u0103\u201d - Buletin de Bucure\u0219ti","description":"Un alt incendiu a izbucnit luni, 9 septembrie, \u00een zona retrocedat\u0103 din Parcul IOR, la mai pu\u021bin de o lun\u0103 de la ultimul incident similar.","robots":{"index":"index","follow":"follow","max-snippet":"max-snippet:-1","max-image-preview":"max-image-preview:large","max-video-preview":"max-video-preview:-1"},"canonical":"https:\/\/buletin.de\/bucuresti\/incendiu-in-ior-cetatenii-sunt-suparati-ca-nu-se-iau-masuri-de-preventie-am-facut-sesizari-peste-sesizari-nimeni-nu-ia-nicio-masura\/","og_locale":"en_GB","og_type":"article","og_title":"Incendiu \u00een Parcul IOR. Cet\u0103\u021benii sunt sup\u0103ra\u021bi c\u0103 nu se iau m\u0103suri de preven\u021bie: \u201eAm f\u0103cut sesiz\u0103ri peste sesiz\u0103ri. Nimeni nu ia nicio m\u0103sur\u0103\u201d","og_description":"Un alt incendiu a izbucnit luni, 9 septembrie, \u00een zona retrocedat\u0103 din Parcul IOR, la mai pu\u021bin de o lun\u0103 de la ultimul incident similar.","og_url":"https:\/\/buletin.de\/bucuresti\/incendiu-in-ior-cetatenii-sunt-suparati-ca-nu-se-iau-masuri-de-preventie-am-facut-sesizari-peste-sesizari-nimeni-nu-ia-nicio-masura\/","og_site_name":"Buletin de Bucure\u0219ti","article_publisher":"https:\/\/www.facebook.com\/buletin.de.buc","article_published_time":"2024-09-09T15:57:28+00:00","article_modified_time":"2024-09-11T06:31:38+00:00","og_image":[{"width":2048,"height":1536,"url":"https:\/\/buletin.de\/bucuresti\/wp-content\/uploads\/Inca-un-incendiu-in-Parcul-IOR.jpeg","type":"image\/jpeg"}],"author":"Ana Anghel-Dimache","twitter_card":"summary_large_image","twitter_misc":{"Written by":"Ana Anghel-Dimache","Estimated reading time":"4 minutes"},"schema":{"@context":"https:\/\/schema.org","@graph":[{"@type":"Article","@id":"https:\/\/buletin.de\/bucuresti\/incendiu-in-ior-cetatenii-sunt-suparati-ca-nu-se-iau-masuri-de-preventie-am-facut-sesizari-peste-sesizari-nimeni-nu-ia-nicio-masura\/#article","isPartOf":{"@id":"https:\/\/buletin.de\/bucuresti\/incendiu-in-ior-cetatenii-sunt-suparati-ca-nu-se-iau-masuri-de-preventie-am-facut-sesizari-peste-sesizari-nimeni-nu-ia-nicio-masura\/"},"author":{"name":"Ana Anghel-Dimache","@id":"https:\/\/buletin.de\/bucuresti\/#\/schema\/person\/359459245996e200ed7c807f71f0551a"},"headline":"Incendiu \u00een Parcul IOR. Cet\u0103\u021benii sunt sup\u0103ra\u021bi c\u0103 nu se iau m\u0103suri de preven\u021bie: \u201eAm f\u0103cut sesiz\u0103ri peste sesiz\u0103ri. Nimeni nu ia nicio m\u0103sur\u0103\u201d","datePublished":"2024-09-09T15:57:28+00:00","dateModified":"2024-09-11T06:31:38+00:00","mainEntityOfPage":{"@id":"https:\/\/buletin.de\/bucuresti\/incendiu-in-ior-cetatenii-sunt-suparati-ca-nu-se-iau-masuri-de-preventie-am-facut-sesizari-peste-sesizari-nimeni-nu-ia-nicio-masura\/"},"wordCount":944,"publisher":{"@id":"https:\/\/buletin.de\/bucuresti\/#organization"},"image":{"@id":"https:\/\/buletin.de\/bucuresti\/incendiu-in-ior-cetatenii-sunt-suparati-ca-nu-se-iau-masuri-de-preventie-am-facut-sesizari-peste-sesizari-nimeni-nu-ia-nicio-masura\/#primaryimage"},"thumbnailUrl":"https:\/\/buletin.de\/bucuresti\/wp-content\/uploads\/Inca-un-incendiu-in-Parcul-IOR.jpeg","keywords":["incendii vegetatie uscata parcul alexandru ioan cuza","incendiu IOR","nicusor dan","politia locala sector 3","robert negoita"],"articleSection":["Articole","Featured","Mediu"],"inLanguage":"en-GB","copyrightYear":"2024","copyrightHolder":{"@id":"https:\/\/buletin.de\/bucuresti\/#organization"}},{"@type":"WebPage","@id":"https:\/\/buletin.de\/bucuresti\/incendiu-in-ior-cetatenii-sunt-suparati-ca-nu-se-iau-masuri-de-preventie-am-facut-sesizari-peste-sesizari-nimeni-nu-ia-nicio-masura\/","url":"https:\/\/buletin.de\/bucuresti\/incendiu-in-ior-cetatenii-sunt-suparati-ca-nu-se-iau-masuri-de-preventie-am-facut-sesizari-peste-sesizari-nimeni-nu-ia-nicio-masura\/","name":"Incendiu \u00een Parcul IOR. Cet\u0103\u021benii sunt sup\u0103ra\u021bi c\u0103 nu se iau m\u0103suri de preven\u021bie: \u201eAm f\u0103cut sesiz\u0103ri peste sesiz\u0103ri. Nimeni nu ia nicio m\u0103sur\u0103\u201d - Buletin de Bucure\u0219ti","isPartOf":{"@id":"https:\/\/buletin.de\/bucuresti\/#website"},"primaryImageOfPage":{"@id":"https:\/\/buletin.de\/bucuresti\/incendiu-in-ior-cetatenii-sunt-suparati-ca-nu-se-iau-masuri-de-preventie-am-facut-sesizari-peste-sesizari-nimeni-nu-ia-nicio-masura\/#primaryimage"},"image":{"@id":"https:\/\/buletin.de\/bucuresti\/incendiu-in-ior-cetatenii-sunt-suparati-ca-nu-se-iau-masuri-de-preventie-am-facut-sesizari-peste-sesizari-nimeni-nu-ia-nicio-masura\/#primaryimage"},"thumbnailUrl":"https:\/\/buletin.de\/bucuresti\/wp-content\/uploads\/Inca-un-incendiu-in-Parcul-IOR.jpeg","datePublished":"2024-09-09T15:57:28+00:00","dateModified":"2024-09-11T06:31:38+00:00","description":"Un alt incendiu a izbucnit luni, 9 septembrie, \u00een zona retrocedat\u0103 din Parcul IOR, la mai pu\u021bin de o lun\u0103 de la ultimul incident similar.","breadcrumb":{"@id":"https:\/\/buletin.de\/bucuresti\/incendiu-in-ior-cetatenii-sunt-suparati-ca-nu-se-iau-masuri-de-preventie-am-facut-sesizari-peste-sesizari-nimeni-nu-ia-nicio-masura\/#breadcrumb"},"inLanguage":"en-GB","potentialAction":[{"@type":"ReadAction","target":["https:\/\/buletin.de\/bucuresti\/incendiu-in-ior-cetatenii-sunt-suparati-ca-nu-se-iau-masuri-de-preventie-am-facut-sesizari-peste-sesizari-nimeni-nu-ia-nicio-masura\/"]}]},{"@type":"ImageObject","inLanguage":"en-GB","@id":"https:\/\/buletin.de\/bucuresti\/incendiu-in-ior-cetatenii-sunt-suparati-ca-nu-se-iau-masuri-de-preventie-am-facut-sesizari-peste-sesizari-nimeni-nu-ia-nicio-masura\/#primaryimage","url":"https:\/\/buletin.de\/bucuresti\/wp-content\/uploads\/Inca-un-incendiu-in-Parcul-IOR.jpeg","contentUrl":"https:\/\/buletin.de\/bucuresti\/wp-content\/uploads\/Inca-un-incendiu-in-Parcul-IOR.jpeg","width":2048,"height":1536,"caption":"\u00cenc\u0103 un incendiu \u00een Parcul IOR. Foto: Ana Anghel-Dimache"},{"@type":"BreadcrumbList","@id":"https:\/\/buletin.de\/bucuresti\/incendiu-in-ior-cetatenii-sunt-suparati-ca-nu-se-iau-masuri-de-preventie-am-facut-sesizari-peste-sesizari-nimeni-nu-ia-nicio-masura\/#breadcrumb","itemListElement":[{"@type":"ListItem","position":1,"name":"Acas\u0103","item":"https:\/\/buletin.de\/bucuresti\/"},{"@type":"ListItem","position":2,"name":"Incendiu \u00een Parcul IOR. Cet\u0103\u021benii sunt sup\u0103ra\u021bi c\u0103 nu se iau m\u0103suri de preven\u021bie: \u201eAm f\u0103cut sesiz\u0103ri peste sesiz\u0103ri. Nimeni nu ia nicio m\u0103sur\u0103\u201d"}]},{"@type":"WebSite","@id":"https:\/\/buletin.de\/bucuresti\/#website","url":"https:\/\/buletin.de\/bucuresti\/","name":"Buletin de Bucure\u0219ti","description":"\u0218tiri \u0219i investiga\u021bii esen\u021biale din capital\u0103","publisher":{"@id":"https:\/\/buletin.de\/bucuresti\/#organization"},"potentialAction":[{"@type":"SearchAction","target":{"@type":"EntryPoint","urlTemplate":"https:\/\/buletin.de\/bucuresti\/?s={search_term_string}"},"query-input":{"@type":"PropertyValueSpecification","valueRequired":true,"valueName":"search_term_string"}}],"inLanguage":"en-GB"},{"@type":"Organization","@id":"https:\/\/buletin.de\/bucuresti\/#organization","name":"Buletin de Bucure\u0219ti","url":"https:\/\/buletin.de\/bucuresti\/","logo":{"@type":"ImageObject","inLanguage":"en-GB","@id":"https:\/\/buletin.de\/bucuresti\/#\/schema\/logo\/image\/","url":"https:\/\/buletin.de\/bucuresti\/wp-content\/uploads\/logo-bdb-full-wide-vernil-transparent.png","contentUrl":"https:\/\/buletin.de\/bucuresti\/wp-content\/uploads\/logo-bdb-full-wide-vernil-transparent.png","width":1782,"height":626,"caption":"Buletin de Bucure\u0219ti"},"image":{"@id":"https:\/\/buletin.de\/bucuresti\/#\/schema\/logo\/image\/"},"sameAs":["https:\/\/www.facebook.com\/buletin.de.buc","https:\/\/www.instagram.com\/buletinde.bucuresti\/"]},{"@type":"Person","@id":"https:\/\/buletin.de\/bucuresti\/#\/schema\/person\/359459245996e200ed7c807f71f0551a","name":"Ana Anghel-Dimache","image":{"@type":"ImageObject","inLanguage":"en-GB","@id":"https:\/\/buletin.de\/bucuresti\/wp-content\/uploads\/Ana-Anghel-Dimache-96x96.jpg861145fc2c4f1fe57dc81b59a6cfb674","url":"https:\/\/buletin.de\/bucuresti\/wp-content\/uploads\/Ana-Anghel-Dimache-96x96.jpg","contentUrl":"https:\/\/buletin.de\/bucuresti\/wp-content\/uploads\/Ana-Anghel-Dimache-96x96.jpg","caption":"Ana Anghel-Dimache"},"description":"Sunt student\u0103 la jurnalism \u0219i m-am n\u0103scut \u00een Bucure\u0219ti, ora\u0219 plin de pove\u0219ti care merit\u0103 explorate. \u00cemi place s\u0103 scriu despre subiecte politice, de mediu \u0219i legate de transportul din Capital\u0103. \u00cencerc s\u0103 pictez o imagine c\u00e2t mai sincer\u0103 a realit\u0103\u021bii \u0219i sus\u021bin presa independent\u0103 pentru c\u0103 este esen\u021bial s\u0103 pot reda faptele \u00een formele lor adev\u0103rate.","url":"https:\/\/buletin.de\/bucuresti\/author\/ana-dimache\/"}]}},"authors":[{"term_id":22581,"user_id":58,"is_guest":0,"slug":"ana-dimache","display_name":"Ana Anghel-Dimache","avatar_url":"https:\/\/buletin.de\/bucuresti\/wp-content\/uploads\/Ana-Anghel-Dimache-96x96.jpg","0":null,"1":"","2":"","3":"","4":"","5":"","6":"","7":"","8":""}],"_links":{"self":[{"href":"https:\/\/buletin.de\/bucuresti\/wp-json\/wp\/v2\/posts\/97547","targetHints":{"allow":["GET"]}}],"collection":[{"href":"https:\/\/buletin.de\/bucuresti\/wp-json\/wp\/v2\/posts"}],"about":[{"href":"https:\/\/buletin.de\/bucuresti\/wp-json\/wp\/v2\/types\/post"}],"author":[{"embeddable":true,"href":"https:\/\/buletin.de\/bucuresti\/wp-json\/wp\/v2\/users\/58"}],"replies":[{"embeddable":true,"href":"https:\/\/buletin.de\/bucuresti\/wp-json\/wp\/v2\/comments?post=97547"}],"version-history":[{"count":4,"href":"https:\/\/buletin.de\/bucuresti\/wp-json\/wp\/v2\/posts\/97547\/revisions"}],"predecessor-version":[{"id":97786,"href":"https:\/\/buletin.de\/bucuresti\/wp-json\/wp\/v2\/posts\/97547\/revisions\/97786"}],"wp:featuredmedia":[{"embeddable":true,"href":"https:\/\/buletin.de\/bucuresti\/wp-json\/wp\/v2\/media\/97549"}],"wp:attachment":[{"href":"https:\/\/buletin.de\/bucuresti\/wp-json\/wp\/v2\/media?parent=97547"}],"wp:term":[{"taxonomy":"category","embeddable":true,"href":"https:\/\/buletin.de\/bucuresti\/wp-json\/wp\/v2\/categories?post=97547"},{"taxonomy":"post_tag","embeddable":true,"href":"https:\/\/buletin.de\/bucuresti\/wp-json\/wp\/v2\/tags?post=97547"},{"taxonomy":"author","embeddable":true,"href":"https:\/\/buletin.de\/bucuresti\/wp-json\/wp\/v2\/ppma_author?post=97547"}],"curies":[{"name":"wp","href":"https:\/\/api.w.org\/{rel}","templated":true}]}}