{"id":97518,"date":"2024-09-09T16:40:18","date_gmt":"2024-09-09T13:40:18","guid":{"rendered":"https:\/\/buletin.de\/bucuresti\/?p=97518"},"modified":"2024-09-10T10:52:46","modified_gmt":"2024-09-10T07:52:46","slug":"scolile-din-bucuresti-pazite-de-politisti-jandarmi-ori-politisti-locali","status":"publish","type":"post","link":"https:\/\/buletin.de\/bucuresti\/scolile-din-bucuresti-pazite-de-politisti-jandarmi-ori-politisti-locali\/","title":{"rendered":"\u015ecolile din Bucure\u015fti, p\u0103zite de poli\u0163i\u015fti, jandarmi, ori poli\u0163i\u015fti locali"},"content":{"rendered":"\n<p><strong>\u015ecolile din Bucure\u015fti vor fi p\u0103zite fie de poli\u0163i\u015ftii de la Direc\u0163ia General\u0103 de Poli\u0163ie a Municipiului Bucure\u015fti \u015fi de jandarmi, fie de poli\u0163i\u015fti locali de la Capital\u0103 ori de la sectoare. Conform Prim\u0103riei Generale, c\u00e2te doi poli\u0163i\u015fti locali de la Capital\u0103 vor fi la patru licee \u015fi o \u015fcoal\u0103 gimnazial\u0103. <\/strong><\/p>\n\n\n\n<p>Astfel, echipajele vor fi prezente de luni p\u00e2n\u0103 vineri, \u00een timpul desf\u0103\u0219ur\u0103rii orelor de curs, la Liceul de Arte Plastice &#8220;Nicolae Tonitza\u201d, Liceul bilingv \u201cMiguel de Cervantes\u201d, Colegiul Na\u021bional \u201cGheorghe \u0218incai\u201d, Colegiul Na\u021bional \u201cSpiru Haret\u201d \u0219i \u0218coala Gimnazial\u0103 Nr. 3. Potrivit Prim\u0103riei, ace\u015ftia vor lua \u201e<em>m\u0103suri pentru ca elevii s\u0103 \u00eenve\u021be \u00een siguran\u021b\u0103, dar \u0219i pentru ordinea \u0219i lini\u0219tea public\u0103<\/em>\u201d.<\/p>\n\n\n\n<p>Sursa citat\u0103 mai transmite c\u0103 misiunea poli\u021bi\u0219tilor locali va fi, printre altele, s\u0103 controleze operatorii economici care \u00ee\u0219i desf\u0103\u0219oar\u0103 activitatea \u00een incinta unit\u0103\u021bilor de \u00eenv\u0103\u021b\u0103m\u00e2nt sau \u00een proximitatea acestora, pentru a se asigura c\u0103 ace\u0219tia nu v\u00e2nd b\u0103uturi alcoolice, tutun sau b\u0103uturi energizante minorilor.<\/p>\n\n\n\n<p>De asemenea, ei verific\u0103 automatele de tip vending aflate \u00een \u015fcolile din Bucure\u015fti, pentru ca acestea s\u0103 nu con\u021bin\u0103 b\u0103uturi energizante.<\/p>\n\n\n\n<p>Dac\u0103 nu respect\u0103 prevederile Legii 61\/1991 actualizate \u2013 care interzice v\u00e2nzarea unor astfel de produse persoanelor sub 18 ani \u2013 agen\u021bii economici risc\u0103 amenzi care sunt cuprinse \u00eentre 5.000 \u0219i 30.000 de lei, dar \u0219i suspendarea activit\u0103\u021bii.<\/p>\n\n\n\n<p><strong>CITE\u015eTE \u015eI:<\/strong> <a href=\"https:\/\/buletin.de\/bucuresti\/o-treime-din-elevii-chestionati-sunt-de-acord-sa-fie-implementate-teste-antidrog-precum-cele-folosite-de-politia-rutiera\/\">O treime din elevii chestiona\u0163i sunt de acord s\u0103 fie implementate teste antidrog, precum cele folosite de Poli\u0163ia Rutier\u0103<\/a><\/p>\n\n\n\n<figure class=\"wp-block-image size-large\"><img fetchpriority=\"high\" decoding=\"async\" width=\"900\" height=\"675\" src=\"data:image\/gif;base64,R0lGODlhAQABAAAAACH5BAEKAAEALAAAAAABAAEAAAICTAEAOw==\" data-src=\"https:\/\/buletin.de\/bucuresti\/wp-content\/uploads\/politisti-locali-scoala-1-900x675.jpg\" alt=\"\" class=\"wp-image-97528 lazyload\" data-sizes=\"auto\" data-srcset=\"https:\/\/buletin.de\/bucuresti\/wp-content\/uploads\/politisti-locali-scoala-1-900x675.jpg 900w, https:\/\/buletin.de\/bucuresti\/wp-content\/uploads\/politisti-locali-scoala-1-300x225.jpg 300w, https:\/\/buletin.de\/bucuresti\/wp-content\/uploads\/politisti-locali-scoala-1-768x576.jpg 768w, https:\/\/buletin.de\/bucuresti\/wp-content\/uploads\/politisti-locali-scoala-1-1536x1152.jpg 1536w, https:\/\/buletin.de\/bucuresti\/wp-content\/uploads\/politisti-locali-scoala-1-1100x825.jpg 1100w, https:\/\/buletin.de\/bucuresti\/wp-content\/uploads\/politisti-locali-scoala-1-600x450.jpg 600w, https:\/\/buletin.de\/bucuresti\/wp-content\/uploads\/politisti-locali-scoala-1-20x15.jpg 20w, https:\/\/buletin.de\/bucuresti\/wp-content\/uploads\/politisti-locali-scoala-1.jpg 1600w\" sizes=\"(max-width: 900px) 100vw, 900px\" \/><figcaption class=\"wp-element-caption\">FOTO: FB \/ Prim\u0103ria Municipiului Bucure\u015fti<\/figcaption><\/figure>\n\n\n\n<p>Conform <a href=\"https:\/\/www.edu.ro\/sites\/default\/files\/_fi%C8%99iere\/Minister\/2023\/preuniversitar_root\/Planul-National-Cadru-de-Actiune-privind-siguranta-scolara.pdf\">Planului Na\u021bional Cadru pentru Siguran\u021ba \u0218colar\u0103<\/a>, celelalte unit\u0103\u021bi de \u00eenv\u0103\u021b\u0103m\u00e2nt din Capital\u0103 sunt monitorizate de Direc\u021bia General\u0103 de Jandarmi a Municipiului Bucure\u0219ti, Direc\u021bia General\u0103 de Poli\u021bie a Municipiului Bucure\u0219ti \u0219i de poli\u021biile locale de sector.<\/p>\n\n\n\n<h2 class=\"wp-block-heading\" id=\"h-cum-a-fost-in-prima-zi-de-scoala\">Cum a fost \u00een prima zi de \u015fcoal\u0103<\/h2>\n\n\n\n<p>\u00cen prima zi de \u015fcoal\u0103, pe 9 septembrie 2024, aproximativ 640 de poli\u0163i\u015fti ai Direc\u0163iei Generale de Poli\u0163ie a Municipiului Bucure\u015fti au ac\u0163ionat \u00een zona gr\u0103dini\u0163elor, \u015fcolilor \u015fi liceelor din Capital\u0103, pentru ca deschiderea noului an \u015fcolar s\u0103 se desf\u0103\u015foare \u00een siguran\u0163\u0103.<\/p>\n\n\n\n<p>\u00cen acest context, poli\u0163i\u015fti de ordine public\u0103, rutieri, ai Serviciului de Analiz\u0103 \u0219i Prevenire a Criminalit\u0103\u021bii, ai Serviciului Siguran\u021b\u0103 \u0218colar\u0103 \u0219i poli\u021bi\u0219ti de proximitate, au desf\u0103\u0219urat activit\u0103\u021bi, \u00een zona unit\u0103\u021bilor de \u00eenv\u0103\u021b\u0103m\u00e2nt preuniversitar din Bucure\u015fti, \u00een vederea asigur\u0103rii unui climat corespunz\u0103tor festivit\u0103\u021bii \u00eenceperii noului an \u0219colar.<\/p>\n\n\n\n<p>Totodat\u0103, poli\u0163i\u015ftii Brig\u0103zii Rutiere au fost prezen\u0163i \u00een apropierea \u015fcolilor, pe arterele de circula\u0163ie intens tranzitate, pentru asigurarea fluen\u0163ei \u015fi siguran\u0163ei traficului rutier la orele de maxim\u0103 afluire a elevilor.<\/p>\n\n\n\n<figure class=\"wp-block-video\"><video height=\"720\" style=\"aspect-ratio: 1280 \/ 720;\" width=\"1280\" controls src=\"https:\/\/buletin.de\/bucuresti\/wp-content\/uploads\/WhatsApp-Video-2024-09-09-at-19.55.55.mp4\"><\/video><\/figure>\n\n\n\n<p>Fiecare unitate de \u00eenv\u0103\u0163\u0103m\u00e2nt va fi inclus\u0103 \u00een itinerariile de patrulare auto \u015fi pedestre ale poli\u0163iei. \u00cen acest context, <strong>poli\u021bi\u0219tii Capitalei asigur\u0103 ordinea \u0219i siguran\u021ba a peste 580 de unit\u0103\u021bi de \u00eenv\u0103\u021b\u0103m\u00e2nt<\/strong>.<\/p>\n\n\n\n<p><strong>CITE\u015eTE \u015eI:<\/strong> <a href=\"https:\/\/buletin.de\/bucuresti\/drogurile-lui-dragos-dealerul-care-si-a-inceput-cariera-la-16-ani-daca-luam-pentru-mine-de-ce-sa-nu-iau-si-pentru-altii\/\">Drogurile lui Drago\u0219 | Dealerul care \u0219i-a \u00eenceput \u201ecariera\u201d la 16 ani: \u201eDac\u0103 luam pentru mine, de ce s\u0103 nu iau \u0219i pentru al\u021bii?\u201d<\/a><br><\/p>\n","protected":false},"excerpt":{"rendered":"<p>\u015ecolile din Bucure\u015fti vor fi p\u0103zite fie de poli\u0163i\u015ftii de la Direc\u0163ia General\u0103 de Poli\u0163ie a Municipiului Bucure\u015fti \u015fi de jandarmi, fie de poli\u0163i\u015fti locali de la Capital\u0103 ori de la sectoare. Conform Prim\u0103riei Generale, c\u00e2te doi poli\u0163i\u015fti locali de la Capital\u0103 vor fi la patru licee \u015fi o \u015fcoal\u0103 gimnazial\u0103. Astfel, echipajele vor fi [&hellip;]<\/p>\n","protected":false},"author":8,"featured_media":97526,"comment_status":"closed","ping_status":"open","sticky":false,"template":"","format":"standard","meta":{"_acf_changed":false,"inline_featured_image":false,"ngg_post_thumbnail":0,"footnotes":""},"categories":[6994,3421,62],"tags":[12041,14926,4266,14925],"ppma_author":[22586],"class_list":["post-97518","post","type-post","status-publish","format-standard","has-post-thumbnail","hentry","category-stiri-2","category-educatie","category-stiri","tag-jandarmeria-bucuresti","tag-politia-capitalei-scoli","tag-politia-locala-2","tag-scoli-paza-bucuresti"],"acf":[],"yoast_head":"<!-- This site is optimized with the Yoast SEO Premium plugin v25.3 (Yoast SEO v27.5) - https:\/\/yoast.com\/product\/yoast-seo-premium-wordpress\/ -->\n<title>\u015ecolile din Bucure\u015fti, p\u0103zite de poli\u0163i\u015fti, jandarmi, ori poli\u0163i\u015fti locali - Buletin de Bucure\u0219ti<\/title>\n<meta name=\"description\" content=\"\u015ecolile din Bucure\u015fti, p\u0103zite fie de poli\u0163i\u015fti de la DGPMB \u015fi de jandarmi, fie de poli\u0163i\u015fti locali de la Prim\u0103ria General\u0103 ori cele de sector.\" \/>\n<meta name=\"robots\" content=\"index, follow, max-snippet:-1, max-image-preview:large, max-video-preview:-1\" \/>\n<link rel=\"canonical\" href=\"https:\/\/buletin.de\/bucuresti\/scolile-din-bucuresti-pazite-de-politisti-jandarmi-ori-politisti-locali\/\" \/>\n<meta property=\"og:locale\" content=\"en_GB\" \/>\n<meta property=\"og:type\" content=\"article\" \/>\n<meta property=\"og:title\" content=\"\u015ecolile din Bucure\u015fti, p\u0103zite de poli\u0163i\u015fti, jandarmi, ori poli\u0163i\u015fti locali\" \/>\n<meta property=\"og:description\" content=\"\u015ecolile din Bucure\u015fti, p\u0103zite fie de poli\u0163i\u015fti de la DGPMB \u015fi de jandarmi, fie de poli\u0163i\u015fti locali de la Prim\u0103ria General\u0103 ori cele de sector.\" \/>\n<meta property=\"og:url\" content=\"https:\/\/buletin.de\/bucuresti\/scolile-din-bucuresti-pazite-de-politisti-jandarmi-ori-politisti-locali\/\" \/>\n<meta property=\"og:site_name\" content=\"Buletin de Bucure\u0219ti\" \/>\n<meta property=\"article:publisher\" content=\"https:\/\/www.facebook.com\/buletin.de.buc\" \/>\n<meta property=\"article:published_time\" content=\"2024-09-09T13:40:18+00:00\" \/>\n<meta property=\"article:modified_time\" content=\"2024-09-10T07:52:46+00:00\" \/>\n<meta property=\"og:image\" content=\"https:\/\/buletin.de\/bucuresti\/wp-content\/uploads\/politisti-locali-scoala-2.jpg\" \/>\n\t<meta property=\"og:image:width\" content=\"1600\" \/>\n\t<meta property=\"og:image:height\" content=\"1200\" \/>\n\t<meta property=\"og:image:type\" content=\"image\/jpeg\" \/>\n<meta name=\"author\" content=\"Ionu\u021b Lepa\" \/>\n<meta name=\"twitter:card\" content=\"summary_large_image\" \/>\n<meta name=\"twitter:label1\" content=\"Written by\" \/>\n\t<meta name=\"twitter:data1\" content=\"Ionu\u021b Lepa\" \/>\n\t<meta name=\"twitter:label2\" content=\"Estimated reading time\" \/>\n\t<meta name=\"twitter:data2\" content=\"3 minutes\" \/>\n<script type=\"application\/ld+json\" class=\"yoast-schema-graph\">{\"@context\":\"https:\\\/\\\/schema.org\",\"@graph\":[{\"@type\":\"Article\",\"@id\":\"https:\\\/\\\/buletin.de\\\/bucuresti\\\/scolile-din-bucuresti-pazite-de-politisti-jandarmi-ori-politisti-locali\\\/#article\",\"isPartOf\":{\"@id\":\"https:\\\/\\\/buletin.de\\\/bucuresti\\\/scolile-din-bucuresti-pazite-de-politisti-jandarmi-ori-politisti-locali\\\/\"},\"author\":{\"name\":\"Ionu\u021b Lepa\",\"@id\":\"https:\\\/\\\/buletin.de\\\/bucuresti\\\/#\\\/schema\\\/person\\\/5272b8a057b33890940b57b837fc4ce6\"},\"headline\":\"\u015ecolile din Bucure\u015fti, p\u0103zite de poli\u0163i\u015fti, jandarmi, ori poli\u0163i\u015fti locali\",\"datePublished\":\"2024-09-09T13:40:18+00:00\",\"dateModified\":\"2024-09-10T07:52:46+00:00\",\"mainEntityOfPage\":{\"@id\":\"https:\\\/\\\/buletin.de\\\/bucuresti\\\/scolile-din-bucuresti-pazite-de-politisti-jandarmi-ori-politisti-locali\\\/\"},\"wordCount\":558,\"publisher\":{\"@id\":\"https:\\\/\\\/buletin.de\\\/bucuresti\\\/#organization\"},\"image\":{\"@id\":\"https:\\\/\\\/buletin.de\\\/bucuresti\\\/scolile-din-bucuresti-pazite-de-politisti-jandarmi-ori-politisti-locali\\\/#primaryimage\"},\"thumbnailUrl\":\"https:\\\/\\\/buletin.de\\\/bucuresti\\\/wp-content\\\/uploads\\\/politisti-locali-scoala-2.jpg\",\"keywords\":[\"Jandarmeria Bucuresti\",\"politia capitalei scoli\",\"politia locala\",\"scoli paza bucuresti\"],\"articleSection\":[\"Articole\",\"Educa\u021bie\",\"\u0218tiri\"],\"inLanguage\":\"en-GB\",\"copyrightYear\":\"2024\",\"copyrightHolder\":{\"@id\":\"https:\\\/\\\/buletin.de\\\/bucuresti\\\/#organization\"}},{\"@type\":\"WebPage\",\"@id\":\"https:\\\/\\\/buletin.de\\\/bucuresti\\\/scolile-din-bucuresti-pazite-de-politisti-jandarmi-ori-politisti-locali\\\/\",\"url\":\"https:\\\/\\\/buletin.de\\\/bucuresti\\\/scolile-din-bucuresti-pazite-de-politisti-jandarmi-ori-politisti-locali\\\/\",\"name\":\"\u015ecolile din Bucure\u015fti, p\u0103zite de poli\u0163i\u015fti, jandarmi, ori poli\u0163i\u015fti locali - Buletin de Bucure\u0219ti\",\"isPartOf\":{\"@id\":\"https:\\\/\\\/buletin.de\\\/bucuresti\\\/#website\"},\"primaryImageOfPage\":{\"@id\":\"https:\\\/\\\/buletin.de\\\/bucuresti\\\/scolile-din-bucuresti-pazite-de-politisti-jandarmi-ori-politisti-locali\\\/#primaryimage\"},\"image\":{\"@id\":\"https:\\\/\\\/buletin.de\\\/bucuresti\\\/scolile-din-bucuresti-pazite-de-politisti-jandarmi-ori-politisti-locali\\\/#primaryimage\"},\"thumbnailUrl\":\"https:\\\/\\\/buletin.de\\\/bucuresti\\\/wp-content\\\/uploads\\\/politisti-locali-scoala-2.jpg\",\"datePublished\":\"2024-09-09T13:40:18+00:00\",\"dateModified\":\"2024-09-10T07:52:46+00:00\",\"description\":\"\u015ecolile din Bucure\u015fti, p\u0103zite fie de poli\u0163i\u015fti de la DGPMB \u015fi de jandarmi, fie de poli\u0163i\u015fti locali de la Prim\u0103ria General\u0103 ori cele de sector.\",\"breadcrumb\":{\"@id\":\"https:\\\/\\\/buletin.de\\\/bucuresti\\\/scolile-din-bucuresti-pazite-de-politisti-jandarmi-ori-politisti-locali\\\/#breadcrumb\"},\"inLanguage\":\"en-GB\",\"potentialAction\":[{\"@type\":\"ReadAction\",\"target\":[\"https:\\\/\\\/buletin.de\\\/bucuresti\\\/scolile-din-bucuresti-pazite-de-politisti-jandarmi-ori-politisti-locali\\\/\"]}]},{\"@type\":\"ImageObject\",\"inLanguage\":\"en-GB\",\"@id\":\"https:\\\/\\\/buletin.de\\\/bucuresti\\\/scolile-din-bucuresti-pazite-de-politisti-jandarmi-ori-politisti-locali\\\/#primaryimage\",\"url\":\"https:\\\/\\\/buletin.de\\\/bucuresti\\\/wp-content\\\/uploads\\\/politisti-locali-scoala-2.jpg\",\"contentUrl\":\"https:\\\/\\\/buletin.de\\\/bucuresti\\\/wp-content\\\/uploads\\\/politisti-locali-scoala-2.jpg\",\"width\":1600,\"height\":1200,\"caption\":\"\u015ecolile din Bucure\u015fti, p\u0103zite cu poli\u0163i\u015fti ori jandarmi. FOTO: FB \\\/ Prim\u0103ria Municipiului Bucure\u015fti\"},{\"@type\":\"BreadcrumbList\",\"@id\":\"https:\\\/\\\/buletin.de\\\/bucuresti\\\/scolile-din-bucuresti-pazite-de-politisti-jandarmi-ori-politisti-locali\\\/#breadcrumb\",\"itemListElement\":[{\"@type\":\"ListItem\",\"position\":1,\"name\":\"Acas\u0103\",\"item\":\"https:\\\/\\\/buletin.de\\\/bucuresti\\\/\"},{\"@type\":\"ListItem\",\"position\":2,\"name\":\"\u015ecolile din Bucure\u015fti, p\u0103zite de poli\u0163i\u015fti, jandarmi, ori poli\u0163i\u015fti locali\"}]},{\"@type\":\"WebSite\",\"@id\":\"https:\\\/\\\/buletin.de\\\/bucuresti\\\/#website\",\"url\":\"https:\\\/\\\/buletin.de\\\/bucuresti\\\/\",\"name\":\"Buletin de Bucure\u0219ti\",\"description\":\"\u0218tiri \u0219i investiga\u021bii esen\u021biale din capital\u0103\",\"publisher\":{\"@id\":\"https:\\\/\\\/buletin.de\\\/bucuresti\\\/#organization\"},\"potentialAction\":[{\"@type\":\"SearchAction\",\"target\":{\"@type\":\"EntryPoint\",\"urlTemplate\":\"https:\\\/\\\/buletin.de\\\/bucuresti\\\/?s={search_term_string}\"},\"query-input\":{\"@type\":\"PropertyValueSpecification\",\"valueRequired\":true,\"valueName\":\"search_term_string\"}}],\"inLanguage\":\"en-GB\"},{\"@type\":\"Organization\",\"@id\":\"https:\\\/\\\/buletin.de\\\/bucuresti\\\/#organization\",\"name\":\"Buletin de Bucure\u0219ti\",\"url\":\"https:\\\/\\\/buletin.de\\\/bucuresti\\\/\",\"logo\":{\"@type\":\"ImageObject\",\"inLanguage\":\"en-GB\",\"@id\":\"https:\\\/\\\/buletin.de\\\/bucuresti\\\/#\\\/schema\\\/logo\\\/image\\\/\",\"url\":\"https:\\\/\\\/buletin.de\\\/bucuresti\\\/wp-content\\\/uploads\\\/logo-bdb-full-wide-vernil-transparent.png\",\"contentUrl\":\"https:\\\/\\\/buletin.de\\\/bucuresti\\\/wp-content\\\/uploads\\\/logo-bdb-full-wide-vernil-transparent.png\",\"width\":1782,\"height\":626,\"caption\":\"Buletin de Bucure\u0219ti\"},\"image\":{\"@id\":\"https:\\\/\\\/buletin.de\\\/bucuresti\\\/#\\\/schema\\\/logo\\\/image\\\/\"},\"sameAs\":[\"https:\\\/\\\/www.facebook.com\\\/buletin.de.buc\",\"https:\\\/\\\/www.instagram.com\\\/buletinde.bucuresti\\\/\"]},{\"@type\":\"Person\",\"@id\":\"https:\\\/\\\/buletin.de\\\/bucuresti\\\/#\\\/schema\\\/person\\\/5272b8a057b33890940b57b837fc4ce6\",\"name\":\"Ionu\u021b Lepa\",\"image\":{\"@type\":\"ImageObject\",\"inLanguage\":\"en-GB\",\"@id\":\"https:\\\/\\\/buletin.de\\\/bucuresti\\\/wp-content\\\/uploads\\\/Ionut-Lepa-96x96.jpg5c4e4d9e049808799a8821652d2410a4\",\"url\":\"https:\\\/\\\/buletin.de\\\/bucuresti\\\/wp-content\\\/uploads\\\/Ionut-Lepa-96x96.jpg\",\"contentUrl\":\"https:\\\/\\\/buletin.de\\\/bucuresti\\\/wp-content\\\/uploads\\\/Ionut-Lepa-96x96.jpg\",\"caption\":\"Ionu\u021b Lepa\"},\"url\":\"https:\\\/\\\/buletin.de\\\/bucuresti\\\/author\\\/ionutlepa\\\/\"}]}<\/script>\n<!-- \/ Yoast SEO Premium plugin. -->","yoast_head_json":{"title":"\u015ecolile din Bucure\u015fti, p\u0103zite de poli\u0163i\u015fti, jandarmi, ori poli\u0163i\u015fti locali - Buletin de Bucure\u0219ti","description":"\u015ecolile din Bucure\u015fti, p\u0103zite fie de poli\u0163i\u015fti de la DGPMB \u015fi de jandarmi, fie de poli\u0163i\u015fti locali de la Prim\u0103ria General\u0103 ori cele de sector.","robots":{"index":"index","follow":"follow","max-snippet":"max-snippet:-1","max-image-preview":"max-image-preview:large","max-video-preview":"max-video-preview:-1"},"canonical":"https:\/\/buletin.de\/bucuresti\/scolile-din-bucuresti-pazite-de-politisti-jandarmi-ori-politisti-locali\/","og_locale":"en_GB","og_type":"article","og_title":"\u015ecolile din Bucure\u015fti, p\u0103zite de poli\u0163i\u015fti, jandarmi, ori poli\u0163i\u015fti locali","og_description":"\u015ecolile din Bucure\u015fti, p\u0103zite fie de poli\u0163i\u015fti de la DGPMB \u015fi de jandarmi, fie de poli\u0163i\u015fti locali de la Prim\u0103ria General\u0103 ori cele de sector.","og_url":"https:\/\/buletin.de\/bucuresti\/scolile-din-bucuresti-pazite-de-politisti-jandarmi-ori-politisti-locali\/","og_site_name":"Buletin de Bucure\u0219ti","article_publisher":"https:\/\/www.facebook.com\/buletin.de.buc","article_published_time":"2024-09-09T13:40:18+00:00","article_modified_time":"2024-09-10T07:52:46+00:00","og_image":[{"width":1600,"height":1200,"url":"https:\/\/buletin.de\/bucuresti\/wp-content\/uploads\/politisti-locali-scoala-2.jpg","type":"image\/jpeg"}],"author":"Ionu\u021b Lepa","twitter_card":"summary_large_image","twitter_misc":{"Written by":"Ionu\u021b Lepa","Estimated reading time":"3 minutes"},"schema":{"@context":"https:\/\/schema.org","@graph":[{"@type":"Article","@id":"https:\/\/buletin.de\/bucuresti\/scolile-din-bucuresti-pazite-de-politisti-jandarmi-ori-politisti-locali\/#article","isPartOf":{"@id":"https:\/\/buletin.de\/bucuresti\/scolile-din-bucuresti-pazite-de-politisti-jandarmi-ori-politisti-locali\/"},"author":{"name":"Ionu\u021b Lepa","@id":"https:\/\/buletin.de\/bucuresti\/#\/schema\/person\/5272b8a057b33890940b57b837fc4ce6"},"headline":"\u015ecolile din Bucure\u015fti, p\u0103zite de poli\u0163i\u015fti, jandarmi, ori poli\u0163i\u015fti locali","datePublished":"2024-09-09T13:40:18+00:00","dateModified":"2024-09-10T07:52:46+00:00","mainEntityOfPage":{"@id":"https:\/\/buletin.de\/bucuresti\/scolile-din-bucuresti-pazite-de-politisti-jandarmi-ori-politisti-locali\/"},"wordCount":558,"publisher":{"@id":"https:\/\/buletin.de\/bucuresti\/#organization"},"image":{"@id":"https:\/\/buletin.de\/bucuresti\/scolile-din-bucuresti-pazite-de-politisti-jandarmi-ori-politisti-locali\/#primaryimage"},"thumbnailUrl":"https:\/\/buletin.de\/bucuresti\/wp-content\/uploads\/politisti-locali-scoala-2.jpg","keywords":["Jandarmeria Bucuresti","politia capitalei scoli","politia locala","scoli paza bucuresti"],"articleSection":["Articole","Educa\u021bie","\u0218tiri"],"inLanguage":"en-GB","copyrightYear":"2024","copyrightHolder":{"@id":"https:\/\/buletin.de\/bucuresti\/#organization"}},{"@type":"WebPage","@id":"https:\/\/buletin.de\/bucuresti\/scolile-din-bucuresti-pazite-de-politisti-jandarmi-ori-politisti-locali\/","url":"https:\/\/buletin.de\/bucuresti\/scolile-din-bucuresti-pazite-de-politisti-jandarmi-ori-politisti-locali\/","name":"\u015ecolile din Bucure\u015fti, p\u0103zite de poli\u0163i\u015fti, jandarmi, ori poli\u0163i\u015fti locali - Buletin de Bucure\u0219ti","isPartOf":{"@id":"https:\/\/buletin.de\/bucuresti\/#website"},"primaryImageOfPage":{"@id":"https:\/\/buletin.de\/bucuresti\/scolile-din-bucuresti-pazite-de-politisti-jandarmi-ori-politisti-locali\/#primaryimage"},"image":{"@id":"https:\/\/buletin.de\/bucuresti\/scolile-din-bucuresti-pazite-de-politisti-jandarmi-ori-politisti-locali\/#primaryimage"},"thumbnailUrl":"https:\/\/buletin.de\/bucuresti\/wp-content\/uploads\/politisti-locali-scoala-2.jpg","datePublished":"2024-09-09T13:40:18+00:00","dateModified":"2024-09-10T07:52:46+00:00","description":"\u015ecolile din Bucure\u015fti, p\u0103zite fie de poli\u0163i\u015fti de la DGPMB \u015fi de jandarmi, fie de poli\u0163i\u015fti locali de la Prim\u0103ria General\u0103 ori cele de sector.","breadcrumb":{"@id":"https:\/\/buletin.de\/bucuresti\/scolile-din-bucuresti-pazite-de-politisti-jandarmi-ori-politisti-locali\/#breadcrumb"},"inLanguage":"en-GB","potentialAction":[{"@type":"ReadAction","target":["https:\/\/buletin.de\/bucuresti\/scolile-din-bucuresti-pazite-de-politisti-jandarmi-ori-politisti-locali\/"]}]},{"@type":"ImageObject","inLanguage":"en-GB","@id":"https:\/\/buletin.de\/bucuresti\/scolile-din-bucuresti-pazite-de-politisti-jandarmi-ori-politisti-locali\/#primaryimage","url":"https:\/\/buletin.de\/bucuresti\/wp-content\/uploads\/politisti-locali-scoala-2.jpg","contentUrl":"https:\/\/buletin.de\/bucuresti\/wp-content\/uploads\/politisti-locali-scoala-2.jpg","width":1600,"height":1200,"caption":"\u015ecolile din Bucure\u015fti, p\u0103zite cu poli\u0163i\u015fti ori jandarmi. FOTO: FB \/ Prim\u0103ria Municipiului Bucure\u015fti"},{"@type":"BreadcrumbList","@id":"https:\/\/buletin.de\/bucuresti\/scolile-din-bucuresti-pazite-de-politisti-jandarmi-ori-politisti-locali\/#breadcrumb","itemListElement":[{"@type":"ListItem","position":1,"name":"Acas\u0103","item":"https:\/\/buletin.de\/bucuresti\/"},{"@type":"ListItem","position":2,"name":"\u015ecolile din Bucure\u015fti, p\u0103zite de poli\u0163i\u015fti, jandarmi, ori poli\u0163i\u015fti locali"}]},{"@type":"WebSite","@id":"https:\/\/buletin.de\/bucuresti\/#website","url":"https:\/\/buletin.de\/bucuresti\/","name":"Buletin de Bucure\u0219ti","description":"\u0218tiri \u0219i investiga\u021bii esen\u021biale din capital\u0103","publisher":{"@id":"https:\/\/buletin.de\/bucuresti\/#organization"},"potentialAction":[{"@type":"SearchAction","target":{"@type":"EntryPoint","urlTemplate":"https:\/\/buletin.de\/bucuresti\/?s={search_term_string}"},"query-input":{"@type":"PropertyValueSpecification","valueRequired":true,"valueName":"search_term_string"}}],"inLanguage":"en-GB"},{"@type":"Organization","@id":"https:\/\/buletin.de\/bucuresti\/#organization","name":"Buletin de Bucure\u0219ti","url":"https:\/\/buletin.de\/bucuresti\/","logo":{"@type":"ImageObject","inLanguage":"en-GB","@id":"https:\/\/buletin.de\/bucuresti\/#\/schema\/logo\/image\/","url":"https:\/\/buletin.de\/bucuresti\/wp-content\/uploads\/logo-bdb-full-wide-vernil-transparent.png","contentUrl":"https:\/\/buletin.de\/bucuresti\/wp-content\/uploads\/logo-bdb-full-wide-vernil-transparent.png","width":1782,"height":626,"caption":"Buletin de Bucure\u0219ti"},"image":{"@id":"https:\/\/buletin.de\/bucuresti\/#\/schema\/logo\/image\/"},"sameAs":["https:\/\/www.facebook.com\/buletin.de.buc","https:\/\/www.instagram.com\/buletinde.bucuresti\/"]},{"@type":"Person","@id":"https:\/\/buletin.de\/bucuresti\/#\/schema\/person\/5272b8a057b33890940b57b837fc4ce6","name":"Ionu\u021b Lepa","image":{"@type":"ImageObject","inLanguage":"en-GB","@id":"https:\/\/buletin.de\/bucuresti\/wp-content\/uploads\/Ionut-Lepa-96x96.jpg5c4e4d9e049808799a8821652d2410a4","url":"https:\/\/buletin.de\/bucuresti\/wp-content\/uploads\/Ionut-Lepa-96x96.jpg","contentUrl":"https:\/\/buletin.de\/bucuresti\/wp-content\/uploads\/Ionut-Lepa-96x96.jpg","caption":"Ionu\u021b Lepa"},"url":"https:\/\/buletin.de\/bucuresti\/author\/ionutlepa\/"}]}},"authors":[{"term_id":22586,"user_id":8,"is_guest":0,"slug":"ionutlepa","display_name":"Ionu\u021b Lepa","avatar_url":"https:\/\/buletin.de\/bucuresti\/wp-content\/uploads\/Ionut-Lepa-96x96.jpg","0":null,"1":"","2":"","3":"","4":"","5":"","6":"","7":"","8":""}],"_links":{"self":[{"href":"https:\/\/buletin.de\/bucuresti\/wp-json\/wp\/v2\/posts\/97518","targetHints":{"allow":["GET"]}}],"collection":[{"href":"https:\/\/buletin.de\/bucuresti\/wp-json\/wp\/v2\/posts"}],"about":[{"href":"https:\/\/buletin.de\/bucuresti\/wp-json\/wp\/v2\/types\/post"}],"author":[{"embeddable":true,"href":"https:\/\/buletin.de\/bucuresti\/wp-json\/wp\/v2\/users\/8"}],"replies":[{"embeddable":true,"href":"https:\/\/buletin.de\/bucuresti\/wp-json\/wp\/v2\/comments?post=97518"}],"version-history":[{"count":3,"href":"https:\/\/buletin.de\/bucuresti\/wp-json\/wp\/v2\/posts\/97518\/revisions"}],"predecessor-version":[{"id":97596,"href":"https:\/\/buletin.de\/bucuresti\/wp-json\/wp\/v2\/posts\/97518\/revisions\/97596"}],"wp:featuredmedia":[{"embeddable":true,"href":"https:\/\/buletin.de\/bucuresti\/wp-json\/wp\/v2\/media\/97526"}],"wp:attachment":[{"href":"https:\/\/buletin.de\/bucuresti\/wp-json\/wp\/v2\/media?parent=97518"}],"wp:term":[{"taxonomy":"category","embeddable":true,"href":"https:\/\/buletin.de\/bucuresti\/wp-json\/wp\/v2\/categories?post=97518"},{"taxonomy":"post_tag","embeddable":true,"href":"https:\/\/buletin.de\/bucuresti\/wp-json\/wp\/v2\/tags?post=97518"},{"taxonomy":"author","embeddable":true,"href":"https:\/\/buletin.de\/bucuresti\/wp-json\/wp\/v2\/ppma_author?post=97518"}],"curies":[{"name":"wp","href":"https:\/\/api.w.org\/{rel}","templated":true}]}}