{"id":97512,"date":"2024-09-09T16:56:50","date_gmt":"2024-09-09T13:56:50","guid":{"rendered":"https:\/\/buletin.de\/bucuresti\/?p=97512"},"modified":"2024-09-12T08:43:50","modified_gmt":"2024-09-12T05:43:50","slug":"scoala-gratis-dar-pe-bani","status":"publish","type":"post","link":"https:\/\/buletin.de\/bucuresti\/scoala-gratis-dar-pe-bani\/","title":{"rendered":"EDITORIAL | \u0218coala gratis, dar pe bani! A sunat clopo\u021belul \u00een portofelele p\u0103rin\u021bilor"},"content":{"rendered":"\n<p><strong>\u0218coala gratis, dar pe bani! A venit vacan\u021ba&#8230; Pardon! A \u00eenceput \u0219coala. O \u201edistrac\u021bie\u201d \u0219i pentru copii, \u0219i pentru p\u0103rin\u021bi! \u00cenceperea \u0219colii este, \u00een fiecare an, o corvoad\u0103. Copiii se scoal\u0103 greu, dup\u0103 trei luni de vacan\u021b\u0103. P\u0103rin\u021bii \u00eencep o epopee, de un an, cu discu\u021bii pe grupuri, bani da\u021bi la \u0219coal\u0103, \u201em\u00e2ng\u00e2ieri\u201d pe umeri, pentru Doamna. Transportul \u00een comun devine un haos, pentru c\u0103 nu mai mergem pe jos, de\u0219i \u0219coala e la doi pa\u0219i. Picioru\u021bele copiilor coboar\u0103 din bolizi, direct \u00een pragul clasei.<\/strong><\/p>\n\n\n\n<p>Festivitatea de deschidere are un iz de nunt\u0103 de prost gust. \u0218ti\u021bi nun\u021bile acelea, c\u00e2nd muzica url\u0103 \u0219i nimeni nu se \u00een\u021belege cu nimeni? Cam a\u0219a! Festivitatea \u00eencepe cu intonarea imnului. \u00cen America, se pune m\u00e2na la inim\u0103. \u00cen Rom\u00e2nia, se face mi\u0219to!<\/p>\n\n\n\n<p>Directorul vorbe\u0219te, m\u0103micile \u00ee\u0219i povestesc ultimele re\u021bete f\u0103cute, cu o sear\u0103 \u00eenainte, iar ta\u021bii fumeaz\u0103, plictisi\u021bi, \u00eentr-un col\u021b. Vorbe\u0219te \u0219i un poli\u021bist care \u00eencearc\u0103 s\u0103 fac\u0103 ceva educa\u021bie civic\u0103. Nimic! Re\u021betele primeaz\u0103! Apoi, ne mir\u0103m de ce copiii nu \u0219tiu s\u0103 traverseze strada, la 10 ani.<\/p>\n\n\n\n<p>\u00cen tot acest timp, o doamn\u0103 se plimb\u0103 cu o list\u0103, pentru manualele op\u021bionale. Mai pe rom\u00e2ne\u0219te, maculatur\u0103 pe bani. Doamna cere suma \u0219i bifeaz\u0103, \u00eentr-un tabel, cine a dat \u0219i cine nu. \u0218i ne ceart\u0103 c\u0103 banii trebuie da\u021bi, repede. \u0218i dac\u0103 nu avem? Dar, \u00eenv\u0103\u021b\u0103m\u00e2ntul nu e gratuit? C\u0103 a\u0219a scrie \u00een Constitu\u021bie, nu?<\/p>\n\n\n\n<p><strong>CITE\u0218TE \u0218I:<\/strong>  <a href=\"https:\/\/buletin.de\/bucuresti\/linii-stb-prelungite-pentru-meciul-romania-lituania\/\">Linii STB prelungite pentru meciul Rom\u00e2nia-Lituania<\/a><\/p>\n\n\n\n<h2 class=\"wp-block-heading\" id=\"h-\u0219coala-gratis-dar-pe-bani\">\u0218coala gratis, dar pe bani<\/h2>\n\n\n\n<p>De 30 de ani, mai marii \u00eenv\u0103\u021b\u0103m\u00e2ntului rom\u00e2nesc \u00ee\u0219i bat joc, deopotriv\u0103, de copii \u0219i p\u0103rin\u021bi. Copiii \u00eencep \u0219coala, \u00een fiecare an, \u00een alt\u0103 zi \u0219i o termin\u0103, la fel. P\u0103rin\u021bii \u00eencep \u0219i ei munca de Sisif! Pentru c\u0103, da, nu se termin\u0103 niciodat\u0103! D\u0103m tot felul de examene, f\u0103r\u0103 nicio relevan\u0163\u0103! \u0218i se vede la testele <a href=\"https:\/\/www.digi24.ro\/stiri\/actualitate\/educatie\/dezastru-la-testele-pisa-romania-e-pe-penultimul-loc-in-ue-elevii-romani-sunt-la-nivelul-de-competenta-2-considerat-critic-2604155\">PISA<\/a>. Ru\u0219inea pe care o duce Rom\u00e2nia \u00een spate este de neconceput! Dar to\u021bi trebuie s\u0103 fac\u0103 facultate! Am distrus \u0219colile de meserii pentru c\u0103, \u00een concep\u021bia unor p\u0103rin\u021bi cu \u0219apte clase, care nu \u0219tiu s\u0103 scrie, s\u0103 ai o meserie e o ru\u0219ine. E ru\u0219ine s\u0103 dai cu m\u0103tura, pe strad\u0103! Sunt specimenele care \u00ee\u0219i vars\u0103 ne\u00eemplinirea, \u00een copii: \u201en-am f\u0103cut eu, faci tu!\u201d<\/p>\n\n\n\n<p>\u0218coala de var\u0103, \u0219coala de iarn\u0103, \u0219coal\u0103 altfel, tot felul de sc\u0103rpin\u0103ri cu st\u00e2nga, s\u0103 nu facem nimic. O oboseal\u0103&#8230;! \u0218i astea, \u00een fiecare an, la alte date! Cu portofolii \u0219i bani!<\/p>\n\n\n\n<p>Am suprimat notele, \u00een clasele primare, s\u0103 nu traumatiz\u0103m copiii. \u0218i atunci, cum \u00eei \u00eenv\u0103\u021b\u0103m competi\u021bia, de mici? Nu mai l\u0103s\u0103m repeten\u021bi \u0219i nici nota la purtare nu mai exist\u0103! Cu av\u00e2nt muncitoresc, mai vine o doamn\u0103 care str\u00e2nge bani pentru cadourile Doamnei. O chestie ilegal\u0103, despre care copilul meu \u0219tie c\u0103 e dare \u0219i luare de mit\u0103. \u0218i facem pu\u0219c\u0103rie!<\/p>\n\n\n\n<p>\u00cenv\u0103\u021b\u0103torii nu mai pleac\u0103, \u00een excursii \u0219i tabere, cu copii. Nu fac fa\u021b\u0103! Ba fac, cu patru, cinci, m\u0103mici \u201ebinevoitoare\u201d.<\/p>\n\n\n\n<h2 class=\"wp-block-heading\" id=\"h-subiectele-tabu-plaga-genera\u021biilor-viitoare\">Subiectele tabu, plaga genera\u021biilor viitoare<\/h2>\n\n\n\n<p>\u0218coala gratis, dar pe bani. Educa\u021bia civic\u0103 este un subiect mort! Nu mai vorbim despre cea sexual\u0103. \u0218i despre sex e ru\u0219ine s\u0103 vorbe\u0219ti! \u0218i, apoi, ne trezim bunici, \u00eenainte de vreme. Dar facem Religie! Adic\u0103 nimic bazat pe \u0219tiin\u021b\u0103. O manipulare odioas\u0103, care nu d\u0103 posibilitatea copiilor s\u0103 aleag\u0103, a\u0219a cum se face \u00een societ\u0103\u021bile civilizate.<\/p>\n\n\n\n<p>Iar clasele se renoveaz\u0103, tot pe banii p\u0103rin\u021bilor: mai o imprimant\u0103, mai un t\u0103tic care lucreaz\u0103 la o fabric\u0103 de mobil\u0103, unul care e zugrav&#8230; P\u0103i nu era ru\u0219ine s\u0103 nu avem facultate? Autorit\u0103\u021bile \u00eenchid ochii, p\u0103rin\u021bii \u00eei \u00eenchid, \u0219i ei, seara, cu nervi. Dar a\u0219a, cre\u0219tem genera\u021bia urm\u0103toare de oameni pentru care \u0219paga nu va fi nimic anormal.<\/p>\n\n\n\n<p><strong>CITE\u0218TE \u0218I:<\/strong> <a href=\"https:\/\/buletin.de\/bucuresti\/sector-6-primaria-vrea-sa-demoleze-colegiul-tehnic-de-posta-si-telecomunicatii-si-cere-acordul-cgmb\/\">Sector 6 | Prim\u0103ria vrea s\u0103 demoleze Colegiul Tehnic de Po\u015ft\u0103 \u015fi Telecomunica\u0163ii \u015fi cere acordul CGMB<\/a><\/p>\n\n\n\n<h2 class=\"wp-block-heading\" id=\"h-fara-regrete-dar-cu-pareri-de-rau\">F\u0103r\u0103 regrete, dar cu p\u0103reri de r\u0103u<\/h2>\n\n\n\n<p>A\u021bi putea spune c\u0103 sunt o bab\u0103 care nu accept\u0103 noul \u0219i ideile. Nici pe departe! M\u0103 adaptez \u0219i \u00eemi place s\u0103 \u00eenv\u0103\u021b \u0219i respect tinerii de la care am de \u00eenv\u0103\u021bat. Iubesc tinerii care-\u0219i fur\u0103 un s\u0103rut, \u00een autobuz. Care mai vorbesc tare \u0219i care mai scap\u0103 \u0219i c\u00e2te o prostie. S\u0103 nu se sar\u0103 calul!<\/p>\n\n\n\n<p>\u00cens\u0103, dac\u0103 am ajuns, s\u0103 \u00eei iubesc este poate \u0219i pentru c\u0103 \u0219coala mea a fost altfel. Nu regret \u00eentunericul de atunci, la propriu, din clase. \u0218i frigul, \u0219i muncile agricole. Au fost o nenorocire, care nu trebuie s\u0103 se mai repete! \u00cemi pare r\u0103u doar c\u0103 piticii de azi nu mai simt m\u00e2na \u00eenv\u0103\u021b\u0103torului, pe m\u00e2na lor. Nu mai simt vocea un pic ridicat\u0103, c\u00e2nd f\u0103ceai o prostie. \u00cemi pare r\u0103u de regulile de bun sim\u021b, pe care le \u00eenv\u0103\u021b\u0103m \u0219i la \u0219coal\u0103, de rela\u021biile pe care \u0219coala le forma, poate cu for\u021ba.<\/p>\n\n\n\n<p>\u00cemi pare r\u0103u de acel program riguros pe care \u00eel uram, la momentul acela, dar care ne-a \u00eenv\u0103\u021bat s\u0103 nu \u00eent\u00e2rziem la \u00eent\u00e2lnirile de dragoste. \u0218i, mai t\u00e2rziu, la serviciu. Materii stufoase \u0219i multe prostii, care nu ne-au folosit la nimic. O istorie trunchiat\u0103 \u0219i mincinoas\u0103, pe care am descoperit-o, adul\u021bi fiind. Nimeni nu ne-a \u00eentrebat ce ne place. Dar, cumva, ne-am \u00eenv\u0103\u021bat s\u0103 alegem. Dar \u00eenv\u0103\u021bam despre \u0218tefan cel Mare, nu despre vreo prezentatoare de la TV.<\/p>\n\n\n\n<p>Eu sunt un om norocos. Cele patru clase primare au fost sub aripa unui \u00eenger. \u0218i nu spun cuvinte mari! Am sim\u021bit m\u00e2na mare, pe m\u00e2na mic\u0103, glasul dojenitor \u0219i sur\u00e2sul cald, c\u00e2nd f\u0103ceam un lucru bun. Dac\u0103 sunt ceea ce sunt, ast\u0103zi, este \u0219i datorit\u0103 \u00eenv\u0103\u021b\u0103toarei mele <a href=\"https:\/\/www.facebook.com\/tanta.munteanu.3?locale=ro_RO\">Tan\u021ba Munteanu.<\/a><\/p>\n\n\n\n<p>\u00cen urm\u0103 cu c\u00e2\u021biva ani, mi-a zis doar at\u00e2t, la \u00eenceperea anului \u0219colar:<\/p>\n\n\n\n<p>\u201e<em>15 septembrie? Ziua \u00een care \u00eencepea joaca \u201ede-a Marea Neagr\u0103 a cuvintelor&#8221;. \u00cencepea truda pentru \u00eencarcerarea literelor \u00een cu\u0219ca vid\u0103 a foii caroiate &#8211; proces care avea ceva din coada triumfal\u0103 a unei simfonii. Un fel de Oda bucuriei&#8230; Sunt amintiri care m\u0103 inund\u0103 de bun\u0103voie, refuz\u0103 s\u0103 cread\u0103 c\u0103 sunt m\u0103runte, scoase din joc. Sub tutela lor nu \u00eencetez s\u0103 m\u0103 a\u0219ez, s\u0103 urc, s\u0103 revin\u201d<\/em>.<\/p>\n\n\n\n<p><strong>CITE\u0218TE \u0218I:<\/strong> <a href=\"https:\/\/buletin.de\/bucuresti\/traficul-in-capitala-aproape-paralizat-odata-cu-inceperea-scolii-cartiere-unde-se-circula-cu-6-10-km-h\/\">Traficul \u00een Capital\u0103, aproape paralizat odat\u0103 cu \u00eenceperea \u015fcolii. Cartiere unde se circul\u0103 cu 6-10 km\/h<\/a><\/p>\n","protected":false},"excerpt":{"rendered":"<p>\u0218coala gratis, dar pe bani! A venit vacan\u021ba&#8230; Pardon! A \u00eenceput \u0219coala. O \u201edistrac\u021bie\u201d \u0219i pentru copii, \u0219i pentru p\u0103rin\u021bi! \u00cenceperea \u0219colii este, \u00een fiecare an, o corvoad\u0103. Copiii se scoal\u0103 greu, dup\u0103 trei luni de vacan\u021b\u0103. P\u0103rin\u021bii \u00eencep o epopee, de un an, cu discu\u021bii pe grupuri, bani da\u021bi la \u0219coal\u0103, \u201em\u00e2ng\u00e2ieri\u201d pe umeri, [&hellip;]<\/p>\n","protected":false},"author":49,"featured_media":97898,"comment_status":"closed","ping_status":"open","sticky":false,"template":"","format":"standard","meta":{"_acf_changed":false,"inline_featured_image":false,"ngg_post_thumbnail":0,"footnotes":""},"categories":[6994,41,3421,5762],"tags":[14927,217,3258,14928,2451],"ppma_author":[22574],"class_list":["post-97512","post","type-post","status-publish","format-standard","has-post-thumbnail","hentry","category-stiri-2","category-editorial","category-educatie","category-main","tag-incepere-an-scolar","tag-mita","tag-noul-an-scolar","tag-scoala-gratis","tag-spaga"],"acf":[],"yoast_head":"<!-- This site is optimized with the Yoast SEO Premium plugin v25.3 (Yoast SEO v27.5) - https:\/\/yoast.com\/product\/yoast-seo-premium-wordpress\/ -->\n<title>EDITORIAL | \u0218coala gratis, dar pe bani! A sunat clopo\u021belul \u00een portofelele p\u0103rin\u021bilor - Buletin de Bucure\u0219ti<\/title>\n<meta name=\"description\" content=\"\u0218coala gratis, dar pe bani. Festivitatea de deschidere are un iz de nunt\u0103, de prost gust. A \u00eenceput \u0219coala.\" \/>\n<meta name=\"robots\" content=\"index, follow, max-snippet:-1, max-image-preview:large, max-video-preview:-1\" \/>\n<link rel=\"canonical\" href=\"https:\/\/buletin.de\/bucuresti\/scoala-gratis-dar-pe-bani\/\" \/>\n<meta property=\"og:locale\" content=\"en_GB\" \/>\n<meta property=\"og:type\" content=\"article\" \/>\n<meta property=\"og:title\" content=\"EDITORIAL | \u0218coala gratis, dar pe bani! A sunat clopo\u021belul \u00een portofelele p\u0103rin\u021bilor\" \/>\n<meta property=\"og:description\" content=\"\u0218coala gratis, dar pe bani. Festivitatea de deschidere are un iz de nunt\u0103, de prost gust. A \u00eenceput \u0219coala.\" \/>\n<meta property=\"og:url\" content=\"https:\/\/buletin.de\/bucuresti\/scoala-gratis-dar-pe-bani\/\" \/>\n<meta property=\"og:site_name\" content=\"Buletin de Bucure\u0219ti\" \/>\n<meta property=\"article:publisher\" content=\"https:\/\/www.facebook.com\/buletin.de.buc\" \/>\n<meta property=\"article:published_time\" content=\"2024-09-09T13:56:50+00:00\" \/>\n<meta property=\"article:modified_time\" content=\"2024-09-12T05:43:50+00:00\" \/>\n<meta property=\"og:image\" content=\"https:\/\/buletin.de\/bucuresti\/wp-content\/uploads\/ID275217_INQUAM_Photos_Octav_Ganea.jpg\" \/>\n\t<meta property=\"og:image:width\" content=\"2000\" \/>\n\t<meta property=\"og:image:height\" content=\"1334\" \/>\n\t<meta property=\"og:image:type\" content=\"image\/jpeg\" \/>\n<meta name=\"author\" content=\"Diana Matei\" \/>\n<meta name=\"twitter:card\" content=\"summary_large_image\" \/>\n<meta name=\"twitter:label1\" content=\"Written by\" \/>\n\t<meta name=\"twitter:data1\" content=\"Diana Matei\" \/>\n\t<meta name=\"twitter:label2\" content=\"Estimated reading time\" \/>\n\t<meta name=\"twitter:data2\" content=\"5 minutes\" \/>\n<script type=\"application\/ld+json\" class=\"yoast-schema-graph\">{\"@context\":\"https:\\\/\\\/schema.org\",\"@graph\":[{\"@type\":\"Article\",\"@id\":\"https:\\\/\\\/buletin.de\\\/bucuresti\\\/scoala-gratis-dar-pe-bani\\\/#article\",\"isPartOf\":{\"@id\":\"https:\\\/\\\/buletin.de\\\/bucuresti\\\/scoala-gratis-dar-pe-bani\\\/\"},\"author\":{\"name\":\"Diana Matei\",\"@id\":\"https:\\\/\\\/buletin.de\\\/bucuresti\\\/#\\\/schema\\\/person\\\/7e46040573290777280a0835d81ea4ea\"},\"headline\":\"EDITORIAL | \u0218coala gratis, dar pe bani! A sunat clopo\u021belul \u00een portofelele p\u0103rin\u021bilor\",\"datePublished\":\"2024-09-09T13:56:50+00:00\",\"dateModified\":\"2024-09-12T05:43:50+00:00\",\"mainEntityOfPage\":{\"@id\":\"https:\\\/\\\/buletin.de\\\/bucuresti\\\/scoala-gratis-dar-pe-bani\\\/\"},\"wordCount\":1154,\"publisher\":{\"@id\":\"https:\\\/\\\/buletin.de\\\/bucuresti\\\/#organization\"},\"image\":{\"@id\":\"https:\\\/\\\/buletin.de\\\/bucuresti\\\/scoala-gratis-dar-pe-bani\\\/#primaryimage\"},\"thumbnailUrl\":\"https:\\\/\\\/buletin.de\\\/bucuresti\\\/wp-content\\\/uploads\\\/ID275217_INQUAM_Photos_Octav_Ganea.jpg\",\"keywords\":[\"incepere an scolar\",\"mita\",\"noul an scolar\",\"scoala gratis\",\"spaga\"],\"articleSection\":[\"Articole\",\"Editorial\",\"Educa\u021bie\",\"Main\"],\"inLanguage\":\"en-GB\",\"copyrightYear\":\"2024\",\"copyrightHolder\":{\"@id\":\"https:\\\/\\\/buletin.de\\\/bucuresti\\\/#organization\"}},{\"@type\":\"WebPage\",\"@id\":\"https:\\\/\\\/buletin.de\\\/bucuresti\\\/scoala-gratis-dar-pe-bani\\\/\",\"url\":\"https:\\\/\\\/buletin.de\\\/bucuresti\\\/scoala-gratis-dar-pe-bani\\\/\",\"name\":\"EDITORIAL | \u0218coala gratis, dar pe bani! A sunat clopo\u021belul \u00een portofelele p\u0103rin\u021bilor - Buletin de Bucure\u0219ti\",\"isPartOf\":{\"@id\":\"https:\\\/\\\/buletin.de\\\/bucuresti\\\/#website\"},\"primaryImageOfPage\":{\"@id\":\"https:\\\/\\\/buletin.de\\\/bucuresti\\\/scoala-gratis-dar-pe-bani\\\/#primaryimage\"},\"image\":{\"@id\":\"https:\\\/\\\/buletin.de\\\/bucuresti\\\/scoala-gratis-dar-pe-bani\\\/#primaryimage\"},\"thumbnailUrl\":\"https:\\\/\\\/buletin.de\\\/bucuresti\\\/wp-content\\\/uploads\\\/ID275217_INQUAM_Photos_Octav_Ganea.jpg\",\"datePublished\":\"2024-09-09T13:56:50+00:00\",\"dateModified\":\"2024-09-12T05:43:50+00:00\",\"description\":\"\u0218coala gratis, dar pe bani. Festivitatea de deschidere are un iz de nunt\u0103, de prost gust. A \u00eenceput \u0219coala.\",\"breadcrumb\":{\"@id\":\"https:\\\/\\\/buletin.de\\\/bucuresti\\\/scoala-gratis-dar-pe-bani\\\/#breadcrumb\"},\"inLanguage\":\"en-GB\",\"potentialAction\":[{\"@type\":\"ReadAction\",\"target\":[\"https:\\\/\\\/buletin.de\\\/bucuresti\\\/scoala-gratis-dar-pe-bani\\\/\"]}]},{\"@type\":\"ImageObject\",\"inLanguage\":\"en-GB\",\"@id\":\"https:\\\/\\\/buletin.de\\\/bucuresti\\\/scoala-gratis-dar-pe-bani\\\/#primaryimage\",\"url\":\"https:\\\/\\\/buletin.de\\\/bucuresti\\\/wp-content\\\/uploads\\\/ID275217_INQUAM_Photos_Octav_Ganea.jpg\",\"contentUrl\":\"https:\\\/\\\/buletin.de\\\/bucuresti\\\/wp-content\\\/uploads\\\/ID275217_INQUAM_Photos_Octav_Ganea.jpg\",\"width\":2000,\"height\":1334,\"caption\":\"EDITORIAL | \u0218coala gratis, dar pe bani! A sunat clopo\u021belul \u00een portofelele p\u0103rin\u021bilor. FOTO: Inquam Photos \\\/ Octav Ganea\"},{\"@type\":\"BreadcrumbList\",\"@id\":\"https:\\\/\\\/buletin.de\\\/bucuresti\\\/scoala-gratis-dar-pe-bani\\\/#breadcrumb\",\"itemListElement\":[{\"@type\":\"ListItem\",\"position\":1,\"name\":\"Acas\u0103\",\"item\":\"https:\\\/\\\/buletin.de\\\/bucuresti\\\/\"},{\"@type\":\"ListItem\",\"position\":2,\"name\":\"EDITORIAL | \u0218coala gratis, dar pe bani! A sunat clopo\u021belul \u00een portofelele p\u0103rin\u021bilor\"}]},{\"@type\":\"WebSite\",\"@id\":\"https:\\\/\\\/buletin.de\\\/bucuresti\\\/#website\",\"url\":\"https:\\\/\\\/buletin.de\\\/bucuresti\\\/\",\"name\":\"Buletin de Bucure\u0219ti\",\"description\":\"\u0218tiri \u0219i investiga\u021bii esen\u021biale din capital\u0103\",\"publisher\":{\"@id\":\"https:\\\/\\\/buletin.de\\\/bucuresti\\\/#organization\"},\"potentialAction\":[{\"@type\":\"SearchAction\",\"target\":{\"@type\":\"EntryPoint\",\"urlTemplate\":\"https:\\\/\\\/buletin.de\\\/bucuresti\\\/?s={search_term_string}\"},\"query-input\":{\"@type\":\"PropertyValueSpecification\",\"valueRequired\":true,\"valueName\":\"search_term_string\"}}],\"inLanguage\":\"en-GB\"},{\"@type\":\"Organization\",\"@id\":\"https:\\\/\\\/buletin.de\\\/bucuresti\\\/#organization\",\"name\":\"Buletin de Bucure\u0219ti\",\"url\":\"https:\\\/\\\/buletin.de\\\/bucuresti\\\/\",\"logo\":{\"@type\":\"ImageObject\",\"inLanguage\":\"en-GB\",\"@id\":\"https:\\\/\\\/buletin.de\\\/bucuresti\\\/#\\\/schema\\\/logo\\\/image\\\/\",\"url\":\"https:\\\/\\\/buletin.de\\\/bucuresti\\\/wp-content\\\/uploads\\\/logo-bdb-full-wide-vernil-transparent.png\",\"contentUrl\":\"https:\\\/\\\/buletin.de\\\/bucuresti\\\/wp-content\\\/uploads\\\/logo-bdb-full-wide-vernil-transparent.png\",\"width\":1782,\"height\":626,\"caption\":\"Buletin de Bucure\u0219ti\"},\"image\":{\"@id\":\"https:\\\/\\\/buletin.de\\\/bucuresti\\\/#\\\/schema\\\/logo\\\/image\\\/\"},\"sameAs\":[\"https:\\\/\\\/www.facebook.com\\\/buletin.de.buc\",\"https:\\\/\\\/www.instagram.com\\\/buletinde.bucuresti\\\/\"]},{\"@type\":\"Person\",\"@id\":\"https:\\\/\\\/buletin.de\\\/bucuresti\\\/#\\\/schema\\\/person\\\/7e46040573290777280a0835d81ea4ea\",\"name\":\"Diana Matei\",\"image\":{\"@type\":\"ImageObject\",\"inLanguage\":\"en-GB\",\"@id\":\"https:\\\/\\\/buletin.de\\\/bucuresti\\\/wp-content\\\/uploads\\\/9-2-96x96.jpg1e8590b30871d70e62ebcdaf2eff570c\",\"url\":\"https:\\\/\\\/buletin.de\\\/bucuresti\\\/wp-content\\\/uploads\\\/9-2-96x96.jpg\",\"contentUrl\":\"https:\\\/\\\/buletin.de\\\/bucuresti\\\/wp-content\\\/uploads\\\/9-2-96x96.jpg\",\"caption\":\"Diana Matei\"},\"url\":\"https:\\\/\\\/buletin.de\\\/bucuresti\\\/author\\\/dianamatei\\\/\"}]}<\/script>\n<!-- \/ Yoast SEO Premium plugin. -->","yoast_head_json":{"title":"EDITORIAL | \u0218coala gratis, dar pe bani! A sunat clopo\u021belul \u00een portofelele p\u0103rin\u021bilor - Buletin de Bucure\u0219ti","description":"\u0218coala gratis, dar pe bani. Festivitatea de deschidere are un iz de nunt\u0103, de prost gust. A \u00eenceput \u0219coala.","robots":{"index":"index","follow":"follow","max-snippet":"max-snippet:-1","max-image-preview":"max-image-preview:large","max-video-preview":"max-video-preview:-1"},"canonical":"https:\/\/buletin.de\/bucuresti\/scoala-gratis-dar-pe-bani\/","og_locale":"en_GB","og_type":"article","og_title":"EDITORIAL | \u0218coala gratis, dar pe bani! A sunat clopo\u021belul \u00een portofelele p\u0103rin\u021bilor","og_description":"\u0218coala gratis, dar pe bani. Festivitatea de deschidere are un iz de nunt\u0103, de prost gust. A \u00eenceput \u0219coala.","og_url":"https:\/\/buletin.de\/bucuresti\/scoala-gratis-dar-pe-bani\/","og_site_name":"Buletin de Bucure\u0219ti","article_publisher":"https:\/\/www.facebook.com\/buletin.de.buc","article_published_time":"2024-09-09T13:56:50+00:00","article_modified_time":"2024-09-12T05:43:50+00:00","og_image":[{"width":2000,"height":1334,"url":"https:\/\/buletin.de\/bucuresti\/wp-content\/uploads\/ID275217_INQUAM_Photos_Octav_Ganea.jpg","type":"image\/jpeg"}],"author":"Diana Matei","twitter_card":"summary_large_image","twitter_misc":{"Written by":"Diana Matei","Estimated reading time":"5 minutes"},"schema":{"@context":"https:\/\/schema.org","@graph":[{"@type":"Article","@id":"https:\/\/buletin.de\/bucuresti\/scoala-gratis-dar-pe-bani\/#article","isPartOf":{"@id":"https:\/\/buletin.de\/bucuresti\/scoala-gratis-dar-pe-bani\/"},"author":{"name":"Diana Matei","@id":"https:\/\/buletin.de\/bucuresti\/#\/schema\/person\/7e46040573290777280a0835d81ea4ea"},"headline":"EDITORIAL | \u0218coala gratis, dar pe bani! A sunat clopo\u021belul \u00een portofelele p\u0103rin\u021bilor","datePublished":"2024-09-09T13:56:50+00:00","dateModified":"2024-09-12T05:43:50+00:00","mainEntityOfPage":{"@id":"https:\/\/buletin.de\/bucuresti\/scoala-gratis-dar-pe-bani\/"},"wordCount":1154,"publisher":{"@id":"https:\/\/buletin.de\/bucuresti\/#organization"},"image":{"@id":"https:\/\/buletin.de\/bucuresti\/scoala-gratis-dar-pe-bani\/#primaryimage"},"thumbnailUrl":"https:\/\/buletin.de\/bucuresti\/wp-content\/uploads\/ID275217_INQUAM_Photos_Octav_Ganea.jpg","keywords":["incepere an scolar","mita","noul an scolar","scoala gratis","spaga"],"articleSection":["Articole","Editorial","Educa\u021bie","Main"],"inLanguage":"en-GB","copyrightYear":"2024","copyrightHolder":{"@id":"https:\/\/buletin.de\/bucuresti\/#organization"}},{"@type":"WebPage","@id":"https:\/\/buletin.de\/bucuresti\/scoala-gratis-dar-pe-bani\/","url":"https:\/\/buletin.de\/bucuresti\/scoala-gratis-dar-pe-bani\/","name":"EDITORIAL | \u0218coala gratis, dar pe bani! A sunat clopo\u021belul \u00een portofelele p\u0103rin\u021bilor - Buletin de Bucure\u0219ti","isPartOf":{"@id":"https:\/\/buletin.de\/bucuresti\/#website"},"primaryImageOfPage":{"@id":"https:\/\/buletin.de\/bucuresti\/scoala-gratis-dar-pe-bani\/#primaryimage"},"image":{"@id":"https:\/\/buletin.de\/bucuresti\/scoala-gratis-dar-pe-bani\/#primaryimage"},"thumbnailUrl":"https:\/\/buletin.de\/bucuresti\/wp-content\/uploads\/ID275217_INQUAM_Photos_Octav_Ganea.jpg","datePublished":"2024-09-09T13:56:50+00:00","dateModified":"2024-09-12T05:43:50+00:00","description":"\u0218coala gratis, dar pe bani. Festivitatea de deschidere are un iz de nunt\u0103, de prost gust. A \u00eenceput \u0219coala.","breadcrumb":{"@id":"https:\/\/buletin.de\/bucuresti\/scoala-gratis-dar-pe-bani\/#breadcrumb"},"inLanguage":"en-GB","potentialAction":[{"@type":"ReadAction","target":["https:\/\/buletin.de\/bucuresti\/scoala-gratis-dar-pe-bani\/"]}]},{"@type":"ImageObject","inLanguage":"en-GB","@id":"https:\/\/buletin.de\/bucuresti\/scoala-gratis-dar-pe-bani\/#primaryimage","url":"https:\/\/buletin.de\/bucuresti\/wp-content\/uploads\/ID275217_INQUAM_Photos_Octav_Ganea.jpg","contentUrl":"https:\/\/buletin.de\/bucuresti\/wp-content\/uploads\/ID275217_INQUAM_Photos_Octav_Ganea.jpg","width":2000,"height":1334,"caption":"EDITORIAL | \u0218coala gratis, dar pe bani! A sunat clopo\u021belul \u00een portofelele p\u0103rin\u021bilor. FOTO: Inquam Photos \/ Octav Ganea"},{"@type":"BreadcrumbList","@id":"https:\/\/buletin.de\/bucuresti\/scoala-gratis-dar-pe-bani\/#breadcrumb","itemListElement":[{"@type":"ListItem","position":1,"name":"Acas\u0103","item":"https:\/\/buletin.de\/bucuresti\/"},{"@type":"ListItem","position":2,"name":"EDITORIAL | \u0218coala gratis, dar pe bani! A sunat clopo\u021belul \u00een portofelele p\u0103rin\u021bilor"}]},{"@type":"WebSite","@id":"https:\/\/buletin.de\/bucuresti\/#website","url":"https:\/\/buletin.de\/bucuresti\/","name":"Buletin de Bucure\u0219ti","description":"\u0218tiri \u0219i investiga\u021bii esen\u021biale din capital\u0103","publisher":{"@id":"https:\/\/buletin.de\/bucuresti\/#organization"},"potentialAction":[{"@type":"SearchAction","target":{"@type":"EntryPoint","urlTemplate":"https:\/\/buletin.de\/bucuresti\/?s={search_term_string}"},"query-input":{"@type":"PropertyValueSpecification","valueRequired":true,"valueName":"search_term_string"}}],"inLanguage":"en-GB"},{"@type":"Organization","@id":"https:\/\/buletin.de\/bucuresti\/#organization","name":"Buletin de Bucure\u0219ti","url":"https:\/\/buletin.de\/bucuresti\/","logo":{"@type":"ImageObject","inLanguage":"en-GB","@id":"https:\/\/buletin.de\/bucuresti\/#\/schema\/logo\/image\/","url":"https:\/\/buletin.de\/bucuresti\/wp-content\/uploads\/logo-bdb-full-wide-vernil-transparent.png","contentUrl":"https:\/\/buletin.de\/bucuresti\/wp-content\/uploads\/logo-bdb-full-wide-vernil-transparent.png","width":1782,"height":626,"caption":"Buletin de Bucure\u0219ti"},"image":{"@id":"https:\/\/buletin.de\/bucuresti\/#\/schema\/logo\/image\/"},"sameAs":["https:\/\/www.facebook.com\/buletin.de.buc","https:\/\/www.instagram.com\/buletinde.bucuresti\/"]},{"@type":"Person","@id":"https:\/\/buletin.de\/bucuresti\/#\/schema\/person\/7e46040573290777280a0835d81ea4ea","name":"Diana Matei","image":{"@type":"ImageObject","inLanguage":"en-GB","@id":"https:\/\/buletin.de\/bucuresti\/wp-content\/uploads\/9-2-96x96.jpg1e8590b30871d70e62ebcdaf2eff570c","url":"https:\/\/buletin.de\/bucuresti\/wp-content\/uploads\/9-2-96x96.jpg","contentUrl":"https:\/\/buletin.de\/bucuresti\/wp-content\/uploads\/9-2-96x96.jpg","caption":"Diana Matei"},"url":"https:\/\/buletin.de\/bucuresti\/author\/dianamatei\/"}]}},"authors":[{"term_id":22574,"user_id":49,"is_guest":0,"slug":"dianamatei","display_name":"Diana Matei","avatar_url":"https:\/\/buletin.de\/bucuresti\/wp-content\/uploads\/9-2-96x96.jpg","0":null,"1":"","2":"","3":"","4":"","5":"","6":"","7":"","8":""}],"_links":{"self":[{"href":"https:\/\/buletin.de\/bucuresti\/wp-json\/wp\/v2\/posts\/97512","targetHints":{"allow":["GET"]}}],"collection":[{"href":"https:\/\/buletin.de\/bucuresti\/wp-json\/wp\/v2\/posts"}],"about":[{"href":"https:\/\/buletin.de\/bucuresti\/wp-json\/wp\/v2\/types\/post"}],"author":[{"embeddable":true,"href":"https:\/\/buletin.de\/bucuresti\/wp-json\/wp\/v2\/users\/49"}],"replies":[{"embeddable":true,"href":"https:\/\/buletin.de\/bucuresti\/wp-json\/wp\/v2\/comments?post=97512"}],"version-history":[{"count":2,"href":"https:\/\/buletin.de\/bucuresti\/wp-json\/wp\/v2\/posts\/97512\/revisions"}],"predecessor-version":[{"id":97533,"href":"https:\/\/buletin.de\/bucuresti\/wp-json\/wp\/v2\/posts\/97512\/revisions\/97533"}],"wp:featuredmedia":[{"embeddable":true,"href":"https:\/\/buletin.de\/bucuresti\/wp-json\/wp\/v2\/media\/97898"}],"wp:attachment":[{"href":"https:\/\/buletin.de\/bucuresti\/wp-json\/wp\/v2\/media?parent=97512"}],"wp:term":[{"taxonomy":"category","embeddable":true,"href":"https:\/\/buletin.de\/bucuresti\/wp-json\/wp\/v2\/categories?post=97512"},{"taxonomy":"post_tag","embeddable":true,"href":"https:\/\/buletin.de\/bucuresti\/wp-json\/wp\/v2\/tags?post=97512"},{"taxonomy":"author","embeddable":true,"href":"https:\/\/buletin.de\/bucuresti\/wp-json\/wp\/v2\/ppma_author?post=97512"}],"curies":[{"name":"wp","href":"https:\/\/api.w.org\/{rel}","templated":true}]}}