{"id":97338,"date":"2024-09-08T17:48:54","date_gmt":"2024-09-08T14:48:54","guid":{"rendered":"https:\/\/buletin.de\/bucuresti\/?p=97338"},"modified":"2024-09-08T18:18:03","modified_gmt":"2024-09-08T15:18:03","slug":"video-4-incendii-la-groapa-de-gunoi-de-la-vidra-intr-o-singura-luna-vecinii-depozitului-au-apelat-la-instanta","status":"publish","type":"post","link":"https:\/\/buletin.de\/bucuresti\/video-4-incendii-la-groapa-de-gunoi-de-la-vidra-intr-o-singura-luna-vecinii-depozitului-au-apelat-la-instanta\/","title":{"rendered":"VIDEO | 4 incendii la groapa de gunoi de la Vidra \u00eentr-o singur\u0103 lun\u0103. Vecinii depozitului au apelat la instan\u021b\u0103"},"content":{"rendered":"\n<p><strong>4 incendii la groapa de gunoi de la Sinte\u0219ti-Vidra au avut loc numai \u00een ultima lun\u0103, potrivit Asocia\u021biei Iar Miroase, care monitorizeaz\u0103 activit\u0103\u021bile depozitului de de\u0219euri din sudul Bucure\u0219tiului. Ultimul a \u00eenceput s\u00e2mb\u0103t\u0103.<\/strong><\/p>\n\n\n\n<h2 class=\"wp-block-heading\" id=\"h-autorita\u021bile-au-fost-anun\u021bate-dar-nu-au-raspuns\">Autorit\u0103\u021bile au fost anun\u021bate. Dar nu au r\u0103spuns<\/h2>\n\n\n\n<p><strong>Un nou incendiu a izbucnit la groapa de gunoi de la Sinte\u0219ti-Vidra s\u00e2mb\u0103t\u0103, potrivit imagilor difuzate de asocia\u021bie. <\/strong><\/p>\n\n\n\n<p>\u201eA patra oar\u0103, dup\u0103 ce s-a mai aprins pe 10, 20 \u0219i 26 august. Oare autorit\u0103\u021bile vor comunica detalii? Vor emite alerta prin Ro-Alert? <\/p>\n\n\n\n<p>\u00cen celelalte trei cazuri, asocia\u021bia noastr\u0103 a solicitat informa\u021bii de la Ministerul Afacerilor Interne, ISU B-IF \u0219i Garda de Mediu. Evident, degeaba\u2026 Am primit cate un num\u0103r de \u00eenregistrare \u0219i at\u00e2t. Ru\u0219inos!<\/p>\n\n\n\n<p>\u00cen paralel cu focarul de la depozit, au fost pornite \u0219i furnalele din Sinte\u0219ti. Cu alte cuvinte, tone de cabluri \u0219i alte de\u0219euri sunt arse, \u00een apropiere, \u00een paralel cu incendiul de la depozitul de gunoi\u201d, acuz\u0103 Asocia\u021bia Iar Miroase.<\/p>\n\n\n\n<iframe src=\"https:\/\/www.facebook.com\/plugins\/video.php?height=314&#038;href=https%3A%2F%2Fwww.facebook.com%2Fiar.miroase.ONG%2Fvideos%2F1219217279221722%2F&#038;show_text=false&#038;width=560&#038;t=0\" width=\"560\" height=\"314\" style=\"border:none;overflow:hidden\" scrolling=\"no\" frameborder=\"0\" allowfullscreen=\"true\" allow=\"autoplay; clipboard-write; encrypted-media; picture-in-picture; web-share\" allowFullScreen=\"true\"><\/iframe>\n\n\n\n<p>CITE\u0218TE \u0218I: <strong><a href=\"https:\/\/buletin.de\/bucuresti\/noul-centru-al-capitalei-parlament-pietonal-poduri-noi-peste-dambovita-si-arc-de-tramvai-peste-piata-unirii\/\" target=\"_blank\" rel=\"noreferrer noopener\">Noul Centru al Capitalei | Parlament \u201epietonal\u201d, poduri noi peste D\u00e2mbovi\u0163a \u015fi \u201earc\u201d de tramvai peste Pia\u0163a Unirii<\/a><\/strong><\/p>\n\n\n\n<h2 class=\"wp-block-heading\" id=\"h-proces-in-instan\u021ba-ca-sa-nu-mai-fie-incendii-la-groapa-de-gunoi\">Proces \u00een instan\u021b\u0103 ca s\u0103 nu mai fie incendii la groapa de gunoi<\/h2>\n\n\n\n<p><strong>Organiza\u021bia a cerut \u00een instan\u021b\u0103 suspendarea autoriza\u021biei de mediu prelungit\u0103 recent pentru depozitul de de\u0219euri din sudul Bucure\u0219tiului, administrat de compania Eco-Sud. Casa pre\u0219edintelui organiza\u021biei este la doar 500 de metri de groapa de gunoi.<\/strong><\/p>\n\n\n\n<p>De asemenea, membrii ai Asocia\u021biei Iar Miroase \u0219i localnici din Pope\u0219ti-Leordeni, Berceni, Vidra \u0219i Jilava au depus zeci de reclama\u021bii \u00een ultimul an cu privire la poluarea care le afecteaz\u0103 vie\u021bile. <\/p>\n\n\n\n<p>Organiza\u021bia pune la dispozi\u021bia celor care vor s\u0103 anun\u021be Garda de Mediu \u0219i Direc\u021bia de S\u0103n\u0103tate Ilfov c\u00e2nd simt mirosuri toxice o aplica\u021bie prin care a fost simplificat\u0103 procedura de reclamare. Aplica\u021bia se nume\u0219te <a href=\"https:\/\/www.iarmiroase.ro\/\" target=\"_blank\" rel=\"noreferrer noopener\">Iar miroase<\/a>.<\/p>\n\n\n\n<figure class=\"wp-block-image size-large\"><img fetchpriority=\"high\" decoding=\"async\" width=\"900\" height=\"458\" src=\"data:image\/gif;base64,R0lGODlhAQABAAAAACH5BAEKAAEALAAAAAABAAEAAAICTAEAOw==\" data-src=\"https:\/\/buletin.de\/bucuresti\/wp-content\/uploads\/arderiaugust-1-900x458.jpg\" alt=\"Unul din cele 4 incendii la groapa de gunoi, cel din 26 august. Foto Asocia\u021bia Iar Miroase\" class=\"wp-image-97340 lazyload\" data-sizes=\"auto\" data-srcset=\"https:\/\/buletin.de\/bucuresti\/wp-content\/uploads\/arderiaugust-1-900x458.jpg 900w, https:\/\/buletin.de\/bucuresti\/wp-content\/uploads\/arderiaugust-1-300x153.jpg 300w, https:\/\/buletin.de\/bucuresti\/wp-content\/uploads\/arderiaugust-1-768x390.jpg 768w, https:\/\/buletin.de\/bucuresti\/wp-content\/uploads\/arderiaugust-1-1100x559.jpg 1100w, https:\/\/buletin.de\/bucuresti\/wp-content\/uploads\/arderiaugust-1-600x305.jpg 600w, https:\/\/buletin.de\/bucuresti\/wp-content\/uploads\/arderiaugust-1-20x10.jpg 20w, https:\/\/buletin.de\/bucuresti\/wp-content\/uploads\/arderiaugust-1.jpg 1200w\" sizes=\"(max-width: 900px) 100vw, 900px\" \/><figcaption class=\"wp-element-caption\">Unul din cele 4 incendii la groapa de gunoi, cel din 26 august. Foto Asocia\u021bia Iar Miroase<\/figcaption><\/figure>\n\n\n\n<h2 class=\"wp-block-heading\" id=\"h-ce-spune-garda-de-mediu\">Ce spune Garda de Mediu<\/h2>\n\n\n\n<p>Dup\u0103 cel de al treilea incendiu, care a avut loc pe 26 august, Andrei Corlan, comisar general la Garda Na\u0163ional\u0103 de Mediu, a declarat, pentru <a href=\"https:\/\/www.libertatea.ro\/stiri\/incendiu-depozit-gunoi-sintesti-vidra-precizari-garda-mediu-andrei-corlan-mafia-deseurilor-4998289?fbclid=IwY2xjawFKlDRleHRuA2FlbQIxMAABHWXzgywVuaPvTHww8SqUKwmoqtiVhfABlT1gJN2k6zSz2e3PaINsqDDoRg_aem_3sYV-5E393SDTVomw0vK9w\" target=\"_blank\" rel=\"noreferrer noopener\">Libertatea<\/a>, c\u0103 fumul ar proveni, de fapt, de la incendiu de vegeta\u021bie pe strada Viilor, \u00een satul Sinte\u0219ti, comuna Vidra.<\/p>\n\n\n\n<p>Reprezentantul statului a men\u021bionat c\u0103 problema ar pleca de la comunitatea \u201ecare desf\u0103\u0219oar\u0103 fenomene infrac\u021bionale de colectare, de\u021binere \u0219i valorificare ilegal\u0103 a de\u0219eurilor, adic\u0103 prin ardere\u201d.<\/p>\n\n\n\n<p>Vom reveni cu o reac\u021bie a administratorului depozitului de de\u0219euri din sudul Bucure\u0219tiului, Eco-Sud, cu privire la situa\u021bia reclamat\u0103.<\/p>\n\n\n\n<p>CITE\u0218TE \u0218I: <strong><a href=\"https:\/\/buletin.de\/bucuresti\/reportaj-poluarea-care-uneste-cum-putem-lupta-impreuna-pentru-aer-curat\/\" target=\"_blank\" rel=\"noreferrer noopener\">REPORTAJ |&nbsp;Poluarea care une\u0219te. Cum putem lupta \u00eempreun\u0103 pentru aer curat<br><\/a><\/strong><\/p>\n","protected":false},"excerpt":{"rendered":"<p>4 incendii la groapa de gunoi de la Sinte\u0219ti-Vidra au avut loc numai \u00een ultima lun\u0103, potrivit Asocia\u021biei Iar Miroase, care monitorizeaz\u0103 activit\u0103\u021bile depozitului de de\u0219euri din sudul Bucure\u0219tiului. Ultimul a \u00eenceput s\u00e2mb\u0103t\u0103. Autorit\u0103\u021bile au fost anun\u021bate. Dar nu au r\u0103spuns Un nou incendiu a izbucnit la groapa de gunoi de la Sinte\u0219ti-Vidra s\u00e2mb\u0103t\u0103, potrivit [&hellip;]<\/p>\n","protected":false},"author":60,"featured_media":97343,"comment_status":"closed","ping_status":"open","sticky":false,"template":"","format":"standard","meta":{"_acf_changed":false,"inline_featured_image":false,"ngg_post_thumbnail":0,"footnotes":""},"categories":[6994,5762,109],"tags":[1974,7620,9155,14885,1871,3401],"ppma_author":[22582],"class_list":["post-97338","post","type-post","status-publish","format-standard","has-post-thumbnail","hentry","category-stiri-2","category-main","category-mediu","tag-groapa-de-gunoi","tag-gunoi-bucuresti","tag-gunoi-vidra","tag-incendiu-vidra","tag-sintesti","tag-vidra"],"acf":[],"yoast_head":"<!-- This site is optimized with the Yoast SEO Premium plugin v25.3 (Yoast SEO v27.4) - https:\/\/yoast.com\/product\/yoast-seo-premium-wordpress\/ -->\n<title>VIDEO | 4 incendii la groapa de gunoi de la Vidra \u00eentr-o singur\u0103 lun\u0103. Vecinii depozitului au apelat la instan\u021b\u0103 - Buletin de Bucure\u0219ti<\/title>\n<meta name=\"description\" content=\"4 incendii la groapa de gunoi de la Sinte\u0219ti-Vidra au avut loc numai \u00een ultima lun\u0103, potrivit Asocia\u021biei Iar Miroase.\" \/>\n<meta name=\"robots\" content=\"index, follow, max-snippet:-1, max-image-preview:large, max-video-preview:-1\" \/>\n<link rel=\"canonical\" href=\"https:\/\/buletin.de\/bucuresti\/video-4-incendii-la-groapa-de-gunoi-de-la-vidra-intr-o-singura-luna-vecinii-depozitului-au-apelat-la-instanta\/\" \/>\n<meta property=\"og:locale\" content=\"en_GB\" \/>\n<meta property=\"og:type\" content=\"article\" \/>\n<meta property=\"og:title\" content=\"VIDEO | 4 incendii la groapa de gunoi de la Vidra \u00eentr-o singur\u0103 lun\u0103. Vecinii depozitului au apelat la instan\u021b\u0103\" \/>\n<meta property=\"og:description\" content=\"4 incendii la groapa de gunoi de la Sinte\u0219ti-Vidra au avut loc numai \u00een ultima lun\u0103, potrivit Asocia\u021biei Iar Miroase.\" \/>\n<meta property=\"og:url\" content=\"https:\/\/buletin.de\/bucuresti\/video-4-incendii-la-groapa-de-gunoi-de-la-vidra-intr-o-singura-luna-vecinii-depozitului-au-apelat-la-instanta\/\" \/>\n<meta property=\"og:site_name\" content=\"Buletin de Bucure\u0219ti\" \/>\n<meta property=\"article:publisher\" content=\"https:\/\/www.facebook.com\/buletin.de.buc\" \/>\n<meta property=\"article:published_time\" content=\"2024-09-08T14:48:54+00:00\" \/>\n<meta property=\"article:modified_time\" content=\"2024-09-08T15:18:03+00:00\" \/>\n<meta property=\"og:image\" content=\"https:\/\/buletin.de\/bucuresti\/wp-content\/uploads\/foclagroapadegunoi.jpg\" \/>\n\t<meta property=\"og:image:width\" content=\"2048\" \/>\n\t<meta property=\"og:image:height\" content=\"1462\" \/>\n\t<meta property=\"og:image:type\" content=\"image\/jpeg\" \/>\n<meta name=\"author\" content=\"R\u0103zvan Chiru\u021b\u0103\" \/>\n<meta name=\"twitter:card\" content=\"summary_large_image\" \/>\n<meta name=\"twitter:label1\" content=\"Written by\" \/>\n\t<meta name=\"twitter:data1\" content=\"R\u0103zvan Chiru\u021b\u0103\" \/>\n\t<meta name=\"twitter:label2\" content=\"Estimated reading time\" \/>\n\t<meta name=\"twitter:data2\" content=\"3 minutes\" \/>\n<script type=\"application\/ld+json\" class=\"yoast-schema-graph\">{\"@context\":\"https:\\\/\\\/schema.org\",\"@graph\":[{\"@type\":\"Article\",\"@id\":\"https:\\\/\\\/buletin.de\\\/bucuresti\\\/video-4-incendii-la-groapa-de-gunoi-de-la-vidra-intr-o-singura-luna-vecinii-depozitului-au-apelat-la-instanta\\\/#article\",\"isPartOf\":{\"@id\":\"https:\\\/\\\/buletin.de\\\/bucuresti\\\/video-4-incendii-la-groapa-de-gunoi-de-la-vidra-intr-o-singura-luna-vecinii-depozitului-au-apelat-la-instanta\\\/\"},\"author\":{\"name\":\"R\u0103zvan Chiru\u021b\u0103\",\"@id\":\"https:\\\/\\\/buletin.de\\\/bucuresti\\\/#\\\/schema\\\/person\\\/a76df728dfc913795a9d90e346b253bb\"},\"headline\":\"VIDEO | 4 incendii la groapa de gunoi de la Vidra \u00eentr-o singur\u0103 lun\u0103. Vecinii depozitului au apelat la instan\u021b\u0103\",\"datePublished\":\"2024-09-08T14:48:54+00:00\",\"dateModified\":\"2024-09-08T15:18:03+00:00\",\"mainEntityOfPage\":{\"@id\":\"https:\\\/\\\/buletin.de\\\/bucuresti\\\/video-4-incendii-la-groapa-de-gunoi-de-la-vidra-intr-o-singura-luna-vecinii-depozitului-au-apelat-la-instanta\\\/\"},\"wordCount\":487,\"publisher\":{\"@id\":\"https:\\\/\\\/buletin.de\\\/bucuresti\\\/#organization\"},\"image\":{\"@id\":\"https:\\\/\\\/buletin.de\\\/bucuresti\\\/video-4-incendii-la-groapa-de-gunoi-de-la-vidra-intr-o-singura-luna-vecinii-depozitului-au-apelat-la-instanta\\\/#primaryimage\"},\"thumbnailUrl\":\"https:\\\/\\\/buletin.de\\\/bucuresti\\\/wp-content\\\/uploads\\\/foclagroapadegunoi.jpg\",\"keywords\":[\"groapa de gunoi\",\"gunoi bucuresti\",\"gunoi vidra\",\"incendiu vidra\",\"sintesti\",\"vidra\"],\"articleSection\":[\"Articole\",\"Main\",\"Mediu\"],\"inLanguage\":\"en-GB\",\"copyrightYear\":\"2024\",\"copyrightHolder\":{\"@id\":\"https:\\\/\\\/buletin.de\\\/bucuresti\\\/#organization\"}},{\"@type\":\"WebPage\",\"@id\":\"https:\\\/\\\/buletin.de\\\/bucuresti\\\/video-4-incendii-la-groapa-de-gunoi-de-la-vidra-intr-o-singura-luna-vecinii-depozitului-au-apelat-la-instanta\\\/\",\"url\":\"https:\\\/\\\/buletin.de\\\/bucuresti\\\/video-4-incendii-la-groapa-de-gunoi-de-la-vidra-intr-o-singura-luna-vecinii-depozitului-au-apelat-la-instanta\\\/\",\"name\":\"VIDEO | 4 incendii la groapa de gunoi de la Vidra \u00eentr-o singur\u0103 lun\u0103. Vecinii depozitului au apelat la instan\u021b\u0103 - Buletin de Bucure\u0219ti\",\"isPartOf\":{\"@id\":\"https:\\\/\\\/buletin.de\\\/bucuresti\\\/#website\"},\"primaryImageOfPage\":{\"@id\":\"https:\\\/\\\/buletin.de\\\/bucuresti\\\/video-4-incendii-la-groapa-de-gunoi-de-la-vidra-intr-o-singura-luna-vecinii-depozitului-au-apelat-la-instanta\\\/#primaryimage\"},\"image\":{\"@id\":\"https:\\\/\\\/buletin.de\\\/bucuresti\\\/video-4-incendii-la-groapa-de-gunoi-de-la-vidra-intr-o-singura-luna-vecinii-depozitului-au-apelat-la-instanta\\\/#primaryimage\"},\"thumbnailUrl\":\"https:\\\/\\\/buletin.de\\\/bucuresti\\\/wp-content\\\/uploads\\\/foclagroapadegunoi.jpg\",\"datePublished\":\"2024-09-08T14:48:54+00:00\",\"dateModified\":\"2024-09-08T15:18:03+00:00\",\"description\":\"4 incendii la groapa de gunoi de la Sinte\u0219ti-Vidra au avut loc numai \u00een ultima lun\u0103, potrivit Asocia\u021biei Iar Miroase.\",\"breadcrumb\":{\"@id\":\"https:\\\/\\\/buletin.de\\\/bucuresti\\\/video-4-incendii-la-groapa-de-gunoi-de-la-vidra-intr-o-singura-luna-vecinii-depozitului-au-apelat-la-instanta\\\/#breadcrumb\"},\"inLanguage\":\"en-GB\",\"potentialAction\":[{\"@type\":\"ReadAction\",\"target\":[\"https:\\\/\\\/buletin.de\\\/bucuresti\\\/video-4-incendii-la-groapa-de-gunoi-de-la-vidra-intr-o-singura-luna-vecinii-depozitului-au-apelat-la-instanta\\\/\"]}]},{\"@type\":\"ImageObject\",\"inLanguage\":\"en-GB\",\"@id\":\"https:\\\/\\\/buletin.de\\\/bucuresti\\\/video-4-incendii-la-groapa-de-gunoi-de-la-vidra-intr-o-singura-luna-vecinii-depozitului-au-apelat-la-instanta\\\/#primaryimage\",\"url\":\"https:\\\/\\\/buletin.de\\\/bucuresti\\\/wp-content\\\/uploads\\\/foclagroapadegunoi.jpg\",\"contentUrl\":\"https:\\\/\\\/buletin.de\\\/bucuresti\\\/wp-content\\\/uploads\\\/foclagroapadegunoi.jpg\",\"width\":2048,\"height\":1462,\"caption\":\"4 incendii la groapa de gunoi de la Vidra \u00eentr-o singur\u0103 lun\u0103. Foto Asocia\u021bia Iar Miroase\"},{\"@type\":\"BreadcrumbList\",\"@id\":\"https:\\\/\\\/buletin.de\\\/bucuresti\\\/video-4-incendii-la-groapa-de-gunoi-de-la-vidra-intr-o-singura-luna-vecinii-depozitului-au-apelat-la-instanta\\\/#breadcrumb\",\"itemListElement\":[{\"@type\":\"ListItem\",\"position\":1,\"name\":\"Acas\u0103\",\"item\":\"https:\\\/\\\/buletin.de\\\/bucuresti\\\/\"},{\"@type\":\"ListItem\",\"position\":2,\"name\":\"VIDEO | 4 incendii la groapa de gunoi de la Vidra \u00eentr-o singur\u0103 lun\u0103. Vecinii depozitului au apelat la instan\u021b\u0103\"}]},{\"@type\":\"WebSite\",\"@id\":\"https:\\\/\\\/buletin.de\\\/bucuresti\\\/#website\",\"url\":\"https:\\\/\\\/buletin.de\\\/bucuresti\\\/\",\"name\":\"Buletin de Bucure\u0219ti\",\"description\":\"\u0218tiri \u0219i investiga\u021bii esen\u021biale din capital\u0103\",\"publisher\":{\"@id\":\"https:\\\/\\\/buletin.de\\\/bucuresti\\\/#organization\"},\"potentialAction\":[{\"@type\":\"SearchAction\",\"target\":{\"@type\":\"EntryPoint\",\"urlTemplate\":\"https:\\\/\\\/buletin.de\\\/bucuresti\\\/?s={search_term_string}\"},\"query-input\":{\"@type\":\"PropertyValueSpecification\",\"valueRequired\":true,\"valueName\":\"search_term_string\"}}],\"inLanguage\":\"en-GB\"},{\"@type\":\"Organization\",\"@id\":\"https:\\\/\\\/buletin.de\\\/bucuresti\\\/#organization\",\"name\":\"Buletin de Bucure\u0219ti\",\"url\":\"https:\\\/\\\/buletin.de\\\/bucuresti\\\/\",\"logo\":{\"@type\":\"ImageObject\",\"inLanguage\":\"en-GB\",\"@id\":\"https:\\\/\\\/buletin.de\\\/bucuresti\\\/#\\\/schema\\\/logo\\\/image\\\/\",\"url\":\"https:\\\/\\\/buletin.de\\\/bucuresti\\\/wp-content\\\/uploads\\\/logo-bdb-full-wide-vernil-transparent.png\",\"contentUrl\":\"https:\\\/\\\/buletin.de\\\/bucuresti\\\/wp-content\\\/uploads\\\/logo-bdb-full-wide-vernil-transparent.png\",\"width\":1782,\"height\":626,\"caption\":\"Buletin de Bucure\u0219ti\"},\"image\":{\"@id\":\"https:\\\/\\\/buletin.de\\\/bucuresti\\\/#\\\/schema\\\/logo\\\/image\\\/\"},\"sameAs\":[\"https:\\\/\\\/www.facebook.com\\\/buletin.de.buc\",\"https:\\\/\\\/www.instagram.com\\\/buletinde.bucuresti\\\/\"]},{\"@type\":\"Person\",\"@id\":\"https:\\\/\\\/buletin.de\\\/bucuresti\\\/#\\\/schema\\\/person\\\/a76df728dfc913795a9d90e346b253bb\",\"name\":\"R\u0103zvan Chiru\u021b\u0103\",\"image\":{\"@type\":\"ImageObject\",\"inLanguage\":\"en-GB\",\"@id\":\"https:\\\/\\\/buletin.de\\\/bucuresti\\\/wp-content\\\/uploads\\\/Razvan-Chiruta-96x96.jpge7143b996fd4241fbd6ee1f6b6b7b267\",\"url\":\"https:\\\/\\\/buletin.de\\\/bucuresti\\\/wp-content\\\/uploads\\\/Razvan-Chiruta-96x96.jpg\",\"contentUrl\":\"https:\\\/\\\/buletin.de\\\/bucuresti\\\/wp-content\\\/uploads\\\/Razvan-Chiruta-96x96.jpg\",\"caption\":\"R\u0103zvan Chiru\u021b\u0103\"},\"description\":\"R\u0103zvan Chiru\u021b\u0103 este redactor-\u0219ef adjunct din iulie 2024. A fost redactor-\u0219ef al PRESShub \u00eentre 2022 \u0219i iunie 2024. Anterior, a fost redactor-\u0219ef al Newsweek Rom\u00e2nia, din 2018 p\u00e2n\u0103 \u00een 2021, \u0219i al cotidianului Rom\u00e2nia liber\u0103, \u00eentre 2015 \u0219i 2017. Este absolvent de Jurnalism, \u00een cadrul Universit\u0103\u021bii \u201eAl.I.Cuza\u201d din Ia\u0219i, \u0219i a urmat un master \u00een Managementul institu\u021biilor mass-media (f\u0103r\u0103 diserta\u021bie) la Facultatea de Jurnalism \u0219i \u0218tiin\u021bele Comunic\u0103rii din cadrul Universit\u0103\u021bii din Bucure\u0219ti. \u0218i-a \u00eenceput cariera la Opinia studen\u021beasc\u0103, cunoscuta \u0219coal\u0103 de pres\u0103 din Ia\u0219i. A lucrat \u00een presa local\u0103, apoi a devenit corespondent pentru Ia\u0219i al cotidianului Evenimentul Zilei. Din 2004, a coordonat pentru \u0219ase luni sec\u021bia de coresponden\u021bi a Evenimentului Zilei. A mai lucrat la s\u0103pt\u0103m\u00e2nalul Prezent \u0219i a colaborat cu revistele Dilema Veche \u0219i Suplimentul de Cultur\u0103. Este co-autor \u00een volumele \u201eMass-media \u0219i democra\u021bia \u00een Rom\u00e2nia post-comunist\u0103\u201d (ed. a II-a), Ed. Institutul European, Ia\u0219i, 2013, \u0219i \u201eCOVID - 19. Dimensiuni ale gestionarii pandemiei\u201d, Editura Junimea, Ia\u0219i, 2020.\",\"url\":\"https:\\\/\\\/buletin.de\\\/bucuresti\\\/author\\\/razvan-chiruta\\\/\"}]}<\/script>\n<!-- \/ Yoast SEO Premium plugin. -->","yoast_head_json":{"title":"VIDEO | 4 incendii la groapa de gunoi de la Vidra \u00eentr-o singur\u0103 lun\u0103. Vecinii depozitului au apelat la instan\u021b\u0103 - Buletin de Bucure\u0219ti","description":"4 incendii la groapa de gunoi de la Sinte\u0219ti-Vidra au avut loc numai \u00een ultima lun\u0103, potrivit Asocia\u021biei Iar Miroase.","robots":{"index":"index","follow":"follow","max-snippet":"max-snippet:-1","max-image-preview":"max-image-preview:large","max-video-preview":"max-video-preview:-1"},"canonical":"https:\/\/buletin.de\/bucuresti\/video-4-incendii-la-groapa-de-gunoi-de-la-vidra-intr-o-singura-luna-vecinii-depozitului-au-apelat-la-instanta\/","og_locale":"en_GB","og_type":"article","og_title":"VIDEO | 4 incendii la groapa de gunoi de la Vidra \u00eentr-o singur\u0103 lun\u0103. Vecinii depozitului au apelat la instan\u021b\u0103","og_description":"4 incendii la groapa de gunoi de la Sinte\u0219ti-Vidra au avut loc numai \u00een ultima lun\u0103, potrivit Asocia\u021biei Iar Miroase.","og_url":"https:\/\/buletin.de\/bucuresti\/video-4-incendii-la-groapa-de-gunoi-de-la-vidra-intr-o-singura-luna-vecinii-depozitului-au-apelat-la-instanta\/","og_site_name":"Buletin de Bucure\u0219ti","article_publisher":"https:\/\/www.facebook.com\/buletin.de.buc","article_published_time":"2024-09-08T14:48:54+00:00","article_modified_time":"2024-09-08T15:18:03+00:00","og_image":[{"width":2048,"height":1462,"url":"https:\/\/buletin.de\/bucuresti\/wp-content\/uploads\/foclagroapadegunoi.jpg","type":"image\/jpeg"}],"author":"R\u0103zvan Chiru\u021b\u0103","twitter_card":"summary_large_image","twitter_misc":{"Written by":"R\u0103zvan Chiru\u021b\u0103","Estimated reading time":"3 minutes"},"schema":{"@context":"https:\/\/schema.org","@graph":[{"@type":"Article","@id":"https:\/\/buletin.de\/bucuresti\/video-4-incendii-la-groapa-de-gunoi-de-la-vidra-intr-o-singura-luna-vecinii-depozitului-au-apelat-la-instanta\/#article","isPartOf":{"@id":"https:\/\/buletin.de\/bucuresti\/video-4-incendii-la-groapa-de-gunoi-de-la-vidra-intr-o-singura-luna-vecinii-depozitului-au-apelat-la-instanta\/"},"author":{"name":"R\u0103zvan Chiru\u021b\u0103","@id":"https:\/\/buletin.de\/bucuresti\/#\/schema\/person\/a76df728dfc913795a9d90e346b253bb"},"headline":"VIDEO | 4 incendii la groapa de gunoi de la Vidra \u00eentr-o singur\u0103 lun\u0103. Vecinii depozitului au apelat la instan\u021b\u0103","datePublished":"2024-09-08T14:48:54+00:00","dateModified":"2024-09-08T15:18:03+00:00","mainEntityOfPage":{"@id":"https:\/\/buletin.de\/bucuresti\/video-4-incendii-la-groapa-de-gunoi-de-la-vidra-intr-o-singura-luna-vecinii-depozitului-au-apelat-la-instanta\/"},"wordCount":487,"publisher":{"@id":"https:\/\/buletin.de\/bucuresti\/#organization"},"image":{"@id":"https:\/\/buletin.de\/bucuresti\/video-4-incendii-la-groapa-de-gunoi-de-la-vidra-intr-o-singura-luna-vecinii-depozitului-au-apelat-la-instanta\/#primaryimage"},"thumbnailUrl":"https:\/\/buletin.de\/bucuresti\/wp-content\/uploads\/foclagroapadegunoi.jpg","keywords":["groapa de gunoi","gunoi bucuresti","gunoi vidra","incendiu vidra","sintesti","vidra"],"articleSection":["Articole","Main","Mediu"],"inLanguage":"en-GB","copyrightYear":"2024","copyrightHolder":{"@id":"https:\/\/buletin.de\/bucuresti\/#organization"}},{"@type":"WebPage","@id":"https:\/\/buletin.de\/bucuresti\/video-4-incendii-la-groapa-de-gunoi-de-la-vidra-intr-o-singura-luna-vecinii-depozitului-au-apelat-la-instanta\/","url":"https:\/\/buletin.de\/bucuresti\/video-4-incendii-la-groapa-de-gunoi-de-la-vidra-intr-o-singura-luna-vecinii-depozitului-au-apelat-la-instanta\/","name":"VIDEO | 4 incendii la groapa de gunoi de la Vidra \u00eentr-o singur\u0103 lun\u0103. Vecinii depozitului au apelat la instan\u021b\u0103 - Buletin de Bucure\u0219ti","isPartOf":{"@id":"https:\/\/buletin.de\/bucuresti\/#website"},"primaryImageOfPage":{"@id":"https:\/\/buletin.de\/bucuresti\/video-4-incendii-la-groapa-de-gunoi-de-la-vidra-intr-o-singura-luna-vecinii-depozitului-au-apelat-la-instanta\/#primaryimage"},"image":{"@id":"https:\/\/buletin.de\/bucuresti\/video-4-incendii-la-groapa-de-gunoi-de-la-vidra-intr-o-singura-luna-vecinii-depozitului-au-apelat-la-instanta\/#primaryimage"},"thumbnailUrl":"https:\/\/buletin.de\/bucuresti\/wp-content\/uploads\/foclagroapadegunoi.jpg","datePublished":"2024-09-08T14:48:54+00:00","dateModified":"2024-09-08T15:18:03+00:00","description":"4 incendii la groapa de gunoi de la Sinte\u0219ti-Vidra au avut loc numai \u00een ultima lun\u0103, potrivit Asocia\u021biei Iar Miroase.","breadcrumb":{"@id":"https:\/\/buletin.de\/bucuresti\/video-4-incendii-la-groapa-de-gunoi-de-la-vidra-intr-o-singura-luna-vecinii-depozitului-au-apelat-la-instanta\/#breadcrumb"},"inLanguage":"en-GB","potentialAction":[{"@type":"ReadAction","target":["https:\/\/buletin.de\/bucuresti\/video-4-incendii-la-groapa-de-gunoi-de-la-vidra-intr-o-singura-luna-vecinii-depozitului-au-apelat-la-instanta\/"]}]},{"@type":"ImageObject","inLanguage":"en-GB","@id":"https:\/\/buletin.de\/bucuresti\/video-4-incendii-la-groapa-de-gunoi-de-la-vidra-intr-o-singura-luna-vecinii-depozitului-au-apelat-la-instanta\/#primaryimage","url":"https:\/\/buletin.de\/bucuresti\/wp-content\/uploads\/foclagroapadegunoi.jpg","contentUrl":"https:\/\/buletin.de\/bucuresti\/wp-content\/uploads\/foclagroapadegunoi.jpg","width":2048,"height":1462,"caption":"4 incendii la groapa de gunoi de la Vidra \u00eentr-o singur\u0103 lun\u0103. Foto Asocia\u021bia Iar Miroase"},{"@type":"BreadcrumbList","@id":"https:\/\/buletin.de\/bucuresti\/video-4-incendii-la-groapa-de-gunoi-de-la-vidra-intr-o-singura-luna-vecinii-depozitului-au-apelat-la-instanta\/#breadcrumb","itemListElement":[{"@type":"ListItem","position":1,"name":"Acas\u0103","item":"https:\/\/buletin.de\/bucuresti\/"},{"@type":"ListItem","position":2,"name":"VIDEO | 4 incendii la groapa de gunoi de la Vidra \u00eentr-o singur\u0103 lun\u0103. Vecinii depozitului au apelat la instan\u021b\u0103"}]},{"@type":"WebSite","@id":"https:\/\/buletin.de\/bucuresti\/#website","url":"https:\/\/buletin.de\/bucuresti\/","name":"Buletin de Bucure\u0219ti","description":"\u0218tiri \u0219i investiga\u021bii esen\u021biale din capital\u0103","publisher":{"@id":"https:\/\/buletin.de\/bucuresti\/#organization"},"potentialAction":[{"@type":"SearchAction","target":{"@type":"EntryPoint","urlTemplate":"https:\/\/buletin.de\/bucuresti\/?s={search_term_string}"},"query-input":{"@type":"PropertyValueSpecification","valueRequired":true,"valueName":"search_term_string"}}],"inLanguage":"en-GB"},{"@type":"Organization","@id":"https:\/\/buletin.de\/bucuresti\/#organization","name":"Buletin de Bucure\u0219ti","url":"https:\/\/buletin.de\/bucuresti\/","logo":{"@type":"ImageObject","inLanguage":"en-GB","@id":"https:\/\/buletin.de\/bucuresti\/#\/schema\/logo\/image\/","url":"https:\/\/buletin.de\/bucuresti\/wp-content\/uploads\/logo-bdb-full-wide-vernil-transparent.png","contentUrl":"https:\/\/buletin.de\/bucuresti\/wp-content\/uploads\/logo-bdb-full-wide-vernil-transparent.png","width":1782,"height":626,"caption":"Buletin de Bucure\u0219ti"},"image":{"@id":"https:\/\/buletin.de\/bucuresti\/#\/schema\/logo\/image\/"},"sameAs":["https:\/\/www.facebook.com\/buletin.de.buc","https:\/\/www.instagram.com\/buletinde.bucuresti\/"]},{"@type":"Person","@id":"https:\/\/buletin.de\/bucuresti\/#\/schema\/person\/a76df728dfc913795a9d90e346b253bb","name":"R\u0103zvan Chiru\u021b\u0103","image":{"@type":"ImageObject","inLanguage":"en-GB","@id":"https:\/\/buletin.de\/bucuresti\/wp-content\/uploads\/Razvan-Chiruta-96x96.jpge7143b996fd4241fbd6ee1f6b6b7b267","url":"https:\/\/buletin.de\/bucuresti\/wp-content\/uploads\/Razvan-Chiruta-96x96.jpg","contentUrl":"https:\/\/buletin.de\/bucuresti\/wp-content\/uploads\/Razvan-Chiruta-96x96.jpg","caption":"R\u0103zvan Chiru\u021b\u0103"},"description":"R\u0103zvan Chiru\u021b\u0103 este redactor-\u0219ef adjunct din iulie 2024. A fost redactor-\u0219ef al PRESShub \u00eentre 2022 \u0219i iunie 2024. Anterior, a fost redactor-\u0219ef al Newsweek Rom\u00e2nia, din 2018 p\u00e2n\u0103 \u00een 2021, \u0219i al cotidianului Rom\u00e2nia liber\u0103, \u00eentre 2015 \u0219i 2017. Este absolvent de Jurnalism, \u00een cadrul Universit\u0103\u021bii \u201eAl.I.Cuza\u201d din Ia\u0219i, \u0219i a urmat un master \u00een Managementul institu\u021biilor mass-media (f\u0103r\u0103 diserta\u021bie) la Facultatea de Jurnalism \u0219i \u0218tiin\u021bele Comunic\u0103rii din cadrul Universit\u0103\u021bii din Bucure\u0219ti. \u0218i-a \u00eenceput cariera la Opinia studen\u021beasc\u0103, cunoscuta \u0219coal\u0103 de pres\u0103 din Ia\u0219i. A lucrat \u00een presa local\u0103, apoi a devenit corespondent pentru Ia\u0219i al cotidianului Evenimentul Zilei. Din 2004, a coordonat pentru \u0219ase luni sec\u021bia de coresponden\u021bi a Evenimentului Zilei. A mai lucrat la s\u0103pt\u0103m\u00e2nalul Prezent \u0219i a colaborat cu revistele Dilema Veche \u0219i Suplimentul de Cultur\u0103. Este co-autor \u00een volumele \u201eMass-media \u0219i democra\u021bia \u00een Rom\u00e2nia post-comunist\u0103\u201d (ed. a II-a), Ed. Institutul European, Ia\u0219i, 2013, \u0219i \u201eCOVID - 19. Dimensiuni ale gestionarii pandemiei\u201d, Editura Junimea, Ia\u0219i, 2020.","url":"https:\/\/buletin.de\/bucuresti\/author\/razvan-chiruta\/"}]}},"authors":[{"term_id":22582,"user_id":60,"is_guest":0,"slug":"razvan-chiruta","display_name":"R\u0103zvan Chiru\u021b\u0103","avatar_url":"https:\/\/buletin.de\/bucuresti\/wp-content\/uploads\/Razvan-Chiruta-96x96.jpg","0":null,"1":"","2":"","3":"","4":"","5":"","6":"","7":"","8":""}],"_links":{"self":[{"href":"https:\/\/buletin.de\/bucuresti\/wp-json\/wp\/v2\/posts\/97338","targetHints":{"allow":["GET"]}}],"collection":[{"href":"https:\/\/buletin.de\/bucuresti\/wp-json\/wp\/v2\/posts"}],"about":[{"href":"https:\/\/buletin.de\/bucuresti\/wp-json\/wp\/v2\/types\/post"}],"author":[{"embeddable":true,"href":"https:\/\/buletin.de\/bucuresti\/wp-json\/wp\/v2\/users\/60"}],"replies":[{"embeddable":true,"href":"https:\/\/buletin.de\/bucuresti\/wp-json\/wp\/v2\/comments?post=97338"}],"version-history":[{"count":3,"href":"https:\/\/buletin.de\/bucuresti\/wp-json\/wp\/v2\/posts\/97338\/revisions"}],"predecessor-version":[{"id":97346,"href":"https:\/\/buletin.de\/bucuresti\/wp-json\/wp\/v2\/posts\/97338\/revisions\/97346"}],"wp:featuredmedia":[{"embeddable":true,"href":"https:\/\/buletin.de\/bucuresti\/wp-json\/wp\/v2\/media\/97343"}],"wp:attachment":[{"href":"https:\/\/buletin.de\/bucuresti\/wp-json\/wp\/v2\/media?parent=97338"}],"wp:term":[{"taxonomy":"category","embeddable":true,"href":"https:\/\/buletin.de\/bucuresti\/wp-json\/wp\/v2\/categories?post=97338"},{"taxonomy":"post_tag","embeddable":true,"href":"https:\/\/buletin.de\/bucuresti\/wp-json\/wp\/v2\/tags?post=97338"},{"taxonomy":"author","embeddable":true,"href":"https:\/\/buletin.de\/bucuresti\/wp-json\/wp\/v2\/ppma_author?post=97338"}],"curies":[{"name":"wp","href":"https:\/\/api.w.org\/{rel}","templated":true}]}}