{"id":97276,"date":"2024-09-08T09:36:44","date_gmt":"2024-09-08T06:36:44","guid":{"rendered":"https:\/\/buletin.de\/bucuresti\/?p=97276"},"modified":"2024-09-08T10:34:33","modified_gmt":"2024-09-08T07:34:33","slug":"alerta-pentru-dronele-rusesti-trimisa-si-in-ilfov","status":"publish","type":"post","link":"https:\/\/buletin.de\/bucuresti\/alerta-pentru-dronele-rusesti-trimisa-si-in-ilfov\/","title":{"rendered":"Alerta pentru dronele ruse\u0219ti, trimis\u0103 \u0219i \u00een Ilfov"},"content":{"rendered":"\n<p><strong>Alerta pentru dronele ruse\u0219ti, trimis\u0103 duminic\u0103 diminea\u021b\u0103 prin sistemul Ro-Alert dup\u0103 ce aparatele de atac Shahed, folosite de Rusia \u00een r\u0103zboiul cu Ucraina, au intrat \u00een spa\u021biul aerian al Rom\u00e2niei, a ajuns p\u00e2n\u0103 \u00een Ilfov.<\/strong><\/p>\n\n\n\n<p>\u201eRusia a atacat azi-noapte cu 4 rachete ghidate X-59 lansate din regiunea Belgorod \u0219i 23 de drone de tip Shahed lansate din regiunea Kursk \u0219i si din capul Chauda (Crimeea) (&#8230;) Un grup de drone de atac a violat spa\u021biul aerian al Rom\u00e2niei\u201d, <a href=\"https:\/\/hotnews.ro\/un-grup-de-drone-de-atac-a-violat-azi-noapte-spatiul-aerian-al-romaniei-afirma-ucraina-mesaje-ro-alert-in-judetele-tulcea-si-constanta-1786526\">au transmis<\/a> pe Telegram, la ora 02:49, for\u021bele aeriene ucrainene.<\/p>\n\n\n\n<p>CITE\u0218TE \u0218I: <strong><a href=\"https:\/\/buletin.de\/bucuresti\/noul-centru-al-capitalei-parlament-pietonal-poduri-noi-peste-dambovita-si-arc-de-tramvai-peste-piata-unirii\/\" target=\"_blank\" rel=\"noreferrer noopener\">Noul Centru al Capitalei | Parlament \u201epietonal\u201d, poduri noi peste D\u00e2mbovi\u0163a \u015fi \u201earc\u201d de tramvai peste Pia\u0163a Unirii<\/a><\/strong><\/p>\n\n\n\n<h2 class=\"wp-block-heading\" id=\"h-alerta-pentru-dronele-ruse\u0219ti-la-sine\u0219ti\">Alerta pentru dronele ruse\u0219ti, la Sine\u0219ti<\/h2>\n\n\n\n<p>Un locuitor din comuna ilfovean\u0103 Sine\u0219ti a relatat c\u0103 a fost trezit, la ora 3.00, \u00een noaptea de s\u00e2mb\u0103t\u0103 spre duminic\u0103, de mesajul Ro-Alert care \u00eel avertiza c\u0103 \u201eexist\u0103 posibilitatea c\u0103derii unor obiecte din spa\u021biul aerian\u201d.<\/p>\n\n\n\n<p>\u201eP\u0103stra\u021bi-v\u0103 calmul! Ad\u0103posti\u021bi-v\u0103 \u00een beciuri sau ad\u0103posturi de protec\u021bie civil\u0103. \u00cen lipsa unui ad\u0103post, r\u0103m\u00e2ne\u021bi \u00een interiorul casei, departe de pere\u021bii exteriori sau de geamuri\u201d, a continuat avertismentul.<\/p>\n\n\n\n<p>Mesajul a fost trimis de autorit\u0103\u021bi pentru localit\u0103\u021bile de grani\u021b\u0103, dar a ajuns \u0219i la locuitori din Ilfov, jude\u021b care se afl\u0103 departe de fronitera cu Ucraina. <\/p>\n\n\n\n<figure class=\"wp-block-image size-large\"><img fetchpriority=\"high\" decoding=\"async\" width=\"900\" height=\"872\" src=\"data:image\/gif;base64,R0lGODlhAQABAAAAACH5BAEKAAEALAAAAAABAAEAAAICTAEAOw==\" data-src=\"https:\/\/buletin.de\/bucuresti\/wp-content\/uploads\/mesajro-alertdrone-900x872.png\" alt=\"Mesajul Ro-Alert despre dronele ruse\u0219ti, ajuns la un locuitor din Ilfov. Sursa: grupul Cet\u0103\u021bean Sector 3\" class=\"wp-image-97283 lazyload\" data-sizes=\"auto\" data-srcset=\"https:\/\/buletin.de\/bucuresti\/wp-content\/uploads\/mesajro-alertdrone-900x872.png 900w, https:\/\/buletin.de\/bucuresti\/wp-content\/uploads\/mesajro-alertdrone-300x291.png 300w, https:\/\/buletin.de\/bucuresti\/wp-content\/uploads\/mesajro-alertdrone-768x744.png 768w, https:\/\/buletin.de\/bucuresti\/wp-content\/uploads\/mesajro-alertdrone-1100x1065.png 1100w, https:\/\/buletin.de\/bucuresti\/wp-content\/uploads\/mesajro-alertdrone-600x581.png 600w, https:\/\/buletin.de\/bucuresti\/wp-content\/uploads\/mesajro-alertdrone-20x19.png 20w, https:\/\/buletin.de\/bucuresti\/wp-content\/uploads\/mesajro-alertdrone.png 1200w\" sizes=\"(max-width: 900px) 100vw, 900px\" \/><figcaption class=\"wp-element-caption\">Mesajul Ro-Alert despre dronele ruse\u0219ti, ajuns la un locuitor din Ilfov. Sursa: grupul Cet\u0103\u021bean Sector 3<\/figcaption><\/figure>\n\n\n\n<p> Mesajul a fost postat pe grupul de discu\u021bii <strong><a href=\"https:\/\/www.facebook.com\/groups\/CetateanSector3\/permalink\/7946772208782090\/?rdid=oLO24XV1tMM9xouS&amp;share_url=https%3A%2F%2Fwww.facebook.com%2Fshare%2Fp%2FihYeTa7xvLh7xABj%2F\">Cet\u0103\u021bean Sector 3<\/a><\/strong>. Mai mul\u021bi utilizatori au comentat despre situa\u021bie, declar\u00e2nd c\u0103 s-ar speria \u0219i ei dac\u0103 ar primi un astfel de mesaj noaptea. <\/p>\n\n\n\n<p>Mai multe persoane care locuiesc \u00een Bucure\u0219ti au men\u021bionat c\u0103 au primit, la r\u00e2ndul lor, acest avertisment Ro-Alert. <\/p>\n\n\n\n<p>\u201e\u0218i eu am primit acela\u0219i mesaj pe la 3 f\u0103r\u0103 10 noaptea\u201d, a scris Lavinia.  \u201eAcelasi mesaj l-am primit si eu. Iar sora mea mi-a confirmat de asemenea primitea mesajului?\u201d, a ar\u0103tat \u0219i Cristina. <\/p>\n\n\n\n<p>CITE\u0218TE \u0218I: <strong><a href=\"https:\/\/buletin.de\/bucuresti\/nicusor-dan-despre-hotararea-consiliului-local-sector-5-de-taiere-a-copacilor-considerati-un-pericol-nu-se-poate\/\" target=\"_blank\" rel=\"noreferrer noopener\">Nicu\u0219or Dan despre hot\u00e2r\u00e2rea Consiliului Local Sector 5 de t\u0103iere a copacilor considera\u021bi un pericol: \u201eNu se poate!\u201d<\/a><\/strong><\/p>\n\n\n\n<h2 class=\"wp-block-heading\" id=\"h-mapn-este-posibil-ca-o-drona-sa-fi-cazut-pe-teritoriul-romaniei\">MApN: Este posibil ca o dron\u0103 s\u0103 fi c\u0103zut pe teritoriul Rom\u00e2niei<\/h2>\n\n\n\n<p><strong>Ministerul Ap\u0103r\u0103rii Na\u0163ional (MApN) anun\u0163\u0103 c\u0103 a fost identificat\u0103 probabilitatea unei zone de impact pe teritoriul na\u0163ional, \u00eentr-o zon\u0103 nepopulat\u0103 de l\u00e2ng\u0103 localitatea tulcean\u0103 Periprava, \u00een urma atacurilor ruse\u015fti cu drone asupra unor obiective din Ucraina, citeaz\u0103 <a href=\"https:\/\/www.agerpres.ro\/social\/2024\/09\/08\/mapn-exista-probabilitatea-unei-zone-de-impact-pe-teritoriul-national-in-urma-atacurilor-rusesti-cu-drone-in-ucraina--1351398\" target=\"_blank\" rel=\"noreferrer noopener\">Agerpres<\/a>.<\/strong><\/p>\n\n\n\n<p>Potrivit unui comunicat transmis duminic\u0103 de MApN, for\u0163ele ruse au reluat seria de atacuri cu drone asupra unor obiective civile \u015fi de infrastructur\u0103 portuar\u0103 din Ucraina \u00een aceast\u0103 diminea\u0163\u0103, \u00een proximitatea frontierei cu Rom\u00e2nia. Centrul Na\u0163ional Militar de Comand\u0103 a notificat Inspectoratul General pentru Situa\u0163ii de Urgen\u0163\u0103 privind instituirea m\u0103surilor de alertare a popula\u0163iei din jude\u0163ele Tulcea \u015fi Constan\u0163a, fiind transmise, la orele 2,20 \u015fi 2,38, mesaje RO-ALERT.<\/p>\n\n\n\n<p><strong>De asemenea, dou\u0103 aeronave F-16 ale For\u0163elor Aeriene Rom\u00e2ne au decolat de la Baza 86 Aerian\u0103 Borcea pentru monitorizarea situa\u0163iei aeriene.<\/strong><\/p>\n","protected":false},"excerpt":{"rendered":"<p>Alerta pentru dronele ruse\u0219ti, trimis\u0103 duminic\u0103 diminea\u021b\u0103 prin sistemul Ro-Alert dup\u0103 ce aparatele de atac Shahed, folosite de Rusia \u00een r\u0103zboiul cu Ucraina, au intrat \u00een spa\u021biul aerian al Rom\u00e2niei, a ajuns p\u00e2n\u0103 \u00een Ilfov. \u201eRusia a atacat azi-noapte cu 4 rachete ghidate X-59 lansate din regiunea Belgorod \u0219i 23 de drone de tip Shahed [&hellip;]<\/p>\n","protected":false},"author":1,"featured_media":97284,"comment_status":"closed","ping_status":"open","sticky":false,"template":"","format":"standard","meta":{"_acf_changed":false,"inline_featured_image":false,"ngg_post_thumbnail":0,"footnotes":""},"categories":[6994,1,5762],"tags":[1039,14872,14871,1755],"ppma_author":[22583],"class_list":["post-97276","post","type-post","status-publish","format-standard","has-post-thumbnail","hentry","category-stiri-2","category-diverse","category-main","tag-alerta","tag-alerta-drone","tag-drone-rusesti","tag-roalert"],"acf":[],"yoast_head":"<!-- This site is optimized with the Yoast SEO Premium plugin v25.3 (Yoast SEO v27.4) - https:\/\/yoast.com\/product\/yoast-seo-premium-wordpress\/ -->\n<title>Alerta pentru dronele ruse\u0219ti, trimis\u0103 \u0219i \u00een Ilfov - Buletin de Bucure\u0219ti<\/title>\n<meta name=\"description\" content=\"Alerta pentru dronele ruse\u0219ti, trimis\u0103 duminic\u0103 diminea\u021b\u0103 prin sistemul Ro-Alert dup\u0103 un atac rusesc \u00een Ucraina, a ajuns p\u00e2n\u0103 \u00een Ilfov.\" \/>\n<meta name=\"robots\" content=\"index, follow, max-snippet:-1, max-image-preview:large, max-video-preview:-1\" \/>\n<link rel=\"canonical\" href=\"https:\/\/buletin.de\/bucuresti\/alerta-pentru-dronele-rusesti-trimisa-si-in-ilfov\/\" \/>\n<meta property=\"og:locale\" content=\"en_GB\" \/>\n<meta property=\"og:type\" content=\"article\" \/>\n<meta property=\"og:title\" content=\"Alerta pentru dronele ruse\u0219ti, trimis\u0103 \u0219i \u00een Ilfov\" \/>\n<meta property=\"og:description\" content=\"Alerta pentru dronele ruse\u0219ti, trimis\u0103 duminic\u0103 diminea\u021b\u0103 prin sistemul Ro-Alert dup\u0103 un atac rusesc \u00een Ucraina, a ajuns p\u00e2n\u0103 \u00een Ilfov.\" \/>\n<meta property=\"og:url\" content=\"https:\/\/buletin.de\/bucuresti\/alerta-pentru-dronele-rusesti-trimisa-si-in-ilfov\/\" \/>\n<meta property=\"og:site_name\" content=\"Buletin de Bucure\u0219ti\" \/>\n<meta property=\"article:publisher\" content=\"https:\/\/www.facebook.com\/buletin.de.buc\" \/>\n<meta property=\"article:published_time\" content=\"2024-09-08T06:36:44+00:00\" \/>\n<meta property=\"article:modified_time\" content=\"2024-09-08T07:34:33+00:00\" \/>\n<meta property=\"og:image\" content=\"https:\/\/buletin.de\/bucuresti\/wp-content\/uploads\/dronerusestiucraina.jpg\" \/>\n\t<meta property=\"og:image:width\" content=\"780\" \/>\n\t<meta property=\"og:image:height\" content=\"440\" \/>\n\t<meta property=\"og:image:type\" content=\"image\/jpeg\" \/>\n<meta name=\"author\" content=\"Redac\u021bia Buletin de Bucure\u0219ti\" \/>\n<meta name=\"twitter:card\" content=\"summary_large_image\" \/>\n<meta name=\"twitter:label1\" content=\"Written by\" \/>\n\t<meta name=\"twitter:data1\" content=\"Redac\u021bia Buletin de Bucure\u0219ti\" \/>\n\t<meta name=\"twitter:label2\" content=\"Estimated reading time\" \/>\n\t<meta name=\"twitter:data2\" content=\"3 minutes\" \/>\n<script type=\"application\/ld+json\" class=\"yoast-schema-graph\">{\"@context\":\"https:\\\/\\\/schema.org\",\"@graph\":[{\"@type\":\"Article\",\"@id\":\"https:\\\/\\\/buletin.de\\\/bucuresti\\\/alerta-pentru-dronele-rusesti-trimisa-si-in-ilfov\\\/#article\",\"isPartOf\":{\"@id\":\"https:\\\/\\\/buletin.de\\\/bucuresti\\\/alerta-pentru-dronele-rusesti-trimisa-si-in-ilfov\\\/\"},\"author\":{\"name\":\"Redac\u021bia Buletin de Bucure\u0219ti\",\"@id\":\"https:\\\/\\\/buletin.de\\\/bucuresti\\\/#\\\/schema\\\/person\\\/2bbcf854e5f2419a13804af574d06ab1\"},\"headline\":\"Alerta pentru dronele ruse\u0219ti, trimis\u0103 \u0219i \u00een Ilfov\",\"datePublished\":\"2024-09-08T06:36:44+00:00\",\"dateModified\":\"2024-09-08T07:34:33+00:00\",\"mainEntityOfPage\":{\"@id\":\"https:\\\/\\\/buletin.de\\\/bucuresti\\\/alerta-pentru-dronele-rusesti-trimisa-si-in-ilfov\\\/\"},\"wordCount\":529,\"publisher\":{\"@id\":\"https:\\\/\\\/buletin.de\\\/bucuresti\\\/#organization\"},\"image\":{\"@id\":\"https:\\\/\\\/buletin.de\\\/bucuresti\\\/alerta-pentru-dronele-rusesti-trimisa-si-in-ilfov\\\/#primaryimage\"},\"thumbnailUrl\":\"https:\\\/\\\/buletin.de\\\/bucuresti\\\/wp-content\\\/uploads\\\/dronerusestiucraina.jpg\",\"keywords\":[\"alerta\",\"alerta drone\",\"drone rusesti\",\"roalert\"],\"articleSection\":[\"Articole\",\"Diverse\",\"Main\"],\"inLanguage\":\"en-GB\",\"copyrightYear\":\"2024\",\"copyrightHolder\":{\"@id\":\"https:\\\/\\\/buletin.de\\\/bucuresti\\\/#organization\"}},{\"@type\":\"WebPage\",\"@id\":\"https:\\\/\\\/buletin.de\\\/bucuresti\\\/alerta-pentru-dronele-rusesti-trimisa-si-in-ilfov\\\/\",\"url\":\"https:\\\/\\\/buletin.de\\\/bucuresti\\\/alerta-pentru-dronele-rusesti-trimisa-si-in-ilfov\\\/\",\"name\":\"Alerta pentru dronele ruse\u0219ti, trimis\u0103 \u0219i \u00een Ilfov - Buletin de Bucure\u0219ti\",\"isPartOf\":{\"@id\":\"https:\\\/\\\/buletin.de\\\/bucuresti\\\/#website\"},\"primaryImageOfPage\":{\"@id\":\"https:\\\/\\\/buletin.de\\\/bucuresti\\\/alerta-pentru-dronele-rusesti-trimisa-si-in-ilfov\\\/#primaryimage\"},\"image\":{\"@id\":\"https:\\\/\\\/buletin.de\\\/bucuresti\\\/alerta-pentru-dronele-rusesti-trimisa-si-in-ilfov\\\/#primaryimage\"},\"thumbnailUrl\":\"https:\\\/\\\/buletin.de\\\/bucuresti\\\/wp-content\\\/uploads\\\/dronerusestiucraina.jpg\",\"datePublished\":\"2024-09-08T06:36:44+00:00\",\"dateModified\":\"2024-09-08T07:34:33+00:00\",\"description\":\"Alerta pentru dronele ruse\u0219ti, trimis\u0103 duminic\u0103 diminea\u021b\u0103 prin sistemul Ro-Alert dup\u0103 un atac rusesc \u00een Ucraina, a ajuns p\u00e2n\u0103 \u00een Ilfov.\",\"breadcrumb\":{\"@id\":\"https:\\\/\\\/buletin.de\\\/bucuresti\\\/alerta-pentru-dronele-rusesti-trimisa-si-in-ilfov\\\/#breadcrumb\"},\"inLanguage\":\"en-GB\",\"potentialAction\":[{\"@type\":\"ReadAction\",\"target\":[\"https:\\\/\\\/buletin.de\\\/bucuresti\\\/alerta-pentru-dronele-rusesti-trimisa-si-in-ilfov\\\/\"]}]},{\"@type\":\"ImageObject\",\"inLanguage\":\"en-GB\",\"@id\":\"https:\\\/\\\/buletin.de\\\/bucuresti\\\/alerta-pentru-dronele-rusesti-trimisa-si-in-ilfov\\\/#primaryimage\",\"url\":\"https:\\\/\\\/buletin.de\\\/bucuresti\\\/wp-content\\\/uploads\\\/dronerusestiucraina.jpg\",\"contentUrl\":\"https:\\\/\\\/buletin.de\\\/bucuresti\\\/wp-content\\\/uploads\\\/dronerusestiucraina.jpg\",\"width\":780,\"height\":440,\"caption\":\"Alerta pentru dronele ruse\u0219ti, trimis\u0103 \u0219i \u00een Ilfov. Imagine de la un atac din portul Ismail Foto X\"},{\"@type\":\"BreadcrumbList\",\"@id\":\"https:\\\/\\\/buletin.de\\\/bucuresti\\\/alerta-pentru-dronele-rusesti-trimisa-si-in-ilfov\\\/#breadcrumb\",\"itemListElement\":[{\"@type\":\"ListItem\",\"position\":1,\"name\":\"Acas\u0103\",\"item\":\"https:\\\/\\\/buletin.de\\\/bucuresti\\\/\"},{\"@type\":\"ListItem\",\"position\":2,\"name\":\"Alerta pentru dronele ruse\u0219ti, trimis\u0103 \u0219i \u00een Ilfov\"}]},{\"@type\":\"WebSite\",\"@id\":\"https:\\\/\\\/buletin.de\\\/bucuresti\\\/#website\",\"url\":\"https:\\\/\\\/buletin.de\\\/bucuresti\\\/\",\"name\":\"Buletin de Bucure\u0219ti\",\"description\":\"\u0218tiri \u0219i investiga\u021bii esen\u021biale din capital\u0103\",\"publisher\":{\"@id\":\"https:\\\/\\\/buletin.de\\\/bucuresti\\\/#organization\"},\"potentialAction\":[{\"@type\":\"SearchAction\",\"target\":{\"@type\":\"EntryPoint\",\"urlTemplate\":\"https:\\\/\\\/buletin.de\\\/bucuresti\\\/?s={search_term_string}\"},\"query-input\":{\"@type\":\"PropertyValueSpecification\",\"valueRequired\":true,\"valueName\":\"search_term_string\"}}],\"inLanguage\":\"en-GB\"},{\"@type\":\"Organization\",\"@id\":\"https:\\\/\\\/buletin.de\\\/bucuresti\\\/#organization\",\"name\":\"Buletin de Bucure\u0219ti\",\"url\":\"https:\\\/\\\/buletin.de\\\/bucuresti\\\/\",\"logo\":{\"@type\":\"ImageObject\",\"inLanguage\":\"en-GB\",\"@id\":\"https:\\\/\\\/buletin.de\\\/bucuresti\\\/#\\\/schema\\\/logo\\\/image\\\/\",\"url\":\"https:\\\/\\\/buletin.de\\\/bucuresti\\\/wp-content\\\/uploads\\\/logo-bdb-full-wide-vernil-transparent.png\",\"contentUrl\":\"https:\\\/\\\/buletin.de\\\/bucuresti\\\/wp-content\\\/uploads\\\/logo-bdb-full-wide-vernil-transparent.png\",\"width\":1782,\"height\":626,\"caption\":\"Buletin de Bucure\u0219ti\"},\"image\":{\"@id\":\"https:\\\/\\\/buletin.de\\\/bucuresti\\\/#\\\/schema\\\/logo\\\/image\\\/\"},\"sameAs\":[\"https:\\\/\\\/www.facebook.com\\\/buletin.de.buc\",\"https:\\\/\\\/www.instagram.com\\\/buletinde.bucuresti\\\/\"]},{\"@type\":\"Person\",\"@id\":\"https:\\\/\\\/buletin.de\\\/bucuresti\\\/#\\\/schema\\\/person\\\/2bbcf854e5f2419a13804af574d06ab1\",\"name\":\"Redac\u021bia Buletin de Bucure\u0219ti\",\"image\":{\"@type\":\"ImageObject\",\"inLanguage\":\"en-GB\",\"@id\":\"https:\\\/\\\/secure.gravatar.com\\\/avatar\\\/18c5342381ed1a08620e6280424e3e5efc958618f5d67c522c9e44c1bc6f9226?s=96&d=monsterid&r=g60c7cd0ad92c68c049fcd4bb3504d609\",\"url\":\"https:\\\/\\\/secure.gravatar.com\\\/avatar\\\/18c5342381ed1a08620e6280424e3e5efc958618f5d67c522c9e44c1bc6f9226?s=96&d=monsterid&r=g\",\"contentUrl\":\"https:\\\/\\\/secure.gravatar.com\\\/avatar\\\/18c5342381ed1a08620e6280424e3e5efc958618f5d67c522c9e44c1bc6f9226?s=96&d=monsterid&r=g\",\"caption\":\"Redac\u021bia Buletin de Bucure\u0219ti\"},\"description\":\"Buletin de Bucure\u0219ti exist\u0103 din vara anului 2019.\",\"url\":\"https:\\\/\\\/buletin.de\\\/bucuresti\\\/author\\\/adminbuletin\\\/\"}]}<\/script>\n<!-- \/ Yoast SEO Premium plugin. -->","yoast_head_json":{"title":"Alerta pentru dronele ruse\u0219ti, trimis\u0103 \u0219i \u00een Ilfov - Buletin de Bucure\u0219ti","description":"Alerta pentru dronele ruse\u0219ti, trimis\u0103 duminic\u0103 diminea\u021b\u0103 prin sistemul Ro-Alert dup\u0103 un atac rusesc \u00een Ucraina, a ajuns p\u00e2n\u0103 \u00een Ilfov.","robots":{"index":"index","follow":"follow","max-snippet":"max-snippet:-1","max-image-preview":"max-image-preview:large","max-video-preview":"max-video-preview:-1"},"canonical":"https:\/\/buletin.de\/bucuresti\/alerta-pentru-dronele-rusesti-trimisa-si-in-ilfov\/","og_locale":"en_GB","og_type":"article","og_title":"Alerta pentru dronele ruse\u0219ti, trimis\u0103 \u0219i \u00een Ilfov","og_description":"Alerta pentru dronele ruse\u0219ti, trimis\u0103 duminic\u0103 diminea\u021b\u0103 prin sistemul Ro-Alert dup\u0103 un atac rusesc \u00een Ucraina, a ajuns p\u00e2n\u0103 \u00een Ilfov.","og_url":"https:\/\/buletin.de\/bucuresti\/alerta-pentru-dronele-rusesti-trimisa-si-in-ilfov\/","og_site_name":"Buletin de Bucure\u0219ti","article_publisher":"https:\/\/www.facebook.com\/buletin.de.buc","article_published_time":"2024-09-08T06:36:44+00:00","article_modified_time":"2024-09-08T07:34:33+00:00","og_image":[{"width":780,"height":440,"url":"https:\/\/buletin.de\/bucuresti\/wp-content\/uploads\/dronerusestiucraina.jpg","type":"image\/jpeg"}],"author":"Redac\u021bia Buletin de Bucure\u0219ti","twitter_card":"summary_large_image","twitter_misc":{"Written by":"Redac\u021bia Buletin de Bucure\u0219ti","Estimated reading time":"3 minutes"},"schema":{"@context":"https:\/\/schema.org","@graph":[{"@type":"Article","@id":"https:\/\/buletin.de\/bucuresti\/alerta-pentru-dronele-rusesti-trimisa-si-in-ilfov\/#article","isPartOf":{"@id":"https:\/\/buletin.de\/bucuresti\/alerta-pentru-dronele-rusesti-trimisa-si-in-ilfov\/"},"author":{"name":"Redac\u021bia Buletin de Bucure\u0219ti","@id":"https:\/\/buletin.de\/bucuresti\/#\/schema\/person\/2bbcf854e5f2419a13804af574d06ab1"},"headline":"Alerta pentru dronele ruse\u0219ti, trimis\u0103 \u0219i \u00een Ilfov","datePublished":"2024-09-08T06:36:44+00:00","dateModified":"2024-09-08T07:34:33+00:00","mainEntityOfPage":{"@id":"https:\/\/buletin.de\/bucuresti\/alerta-pentru-dronele-rusesti-trimisa-si-in-ilfov\/"},"wordCount":529,"publisher":{"@id":"https:\/\/buletin.de\/bucuresti\/#organization"},"image":{"@id":"https:\/\/buletin.de\/bucuresti\/alerta-pentru-dronele-rusesti-trimisa-si-in-ilfov\/#primaryimage"},"thumbnailUrl":"https:\/\/buletin.de\/bucuresti\/wp-content\/uploads\/dronerusestiucraina.jpg","keywords":["alerta","alerta drone","drone rusesti","roalert"],"articleSection":["Articole","Diverse","Main"],"inLanguage":"en-GB","copyrightYear":"2024","copyrightHolder":{"@id":"https:\/\/buletin.de\/bucuresti\/#organization"}},{"@type":"WebPage","@id":"https:\/\/buletin.de\/bucuresti\/alerta-pentru-dronele-rusesti-trimisa-si-in-ilfov\/","url":"https:\/\/buletin.de\/bucuresti\/alerta-pentru-dronele-rusesti-trimisa-si-in-ilfov\/","name":"Alerta pentru dronele ruse\u0219ti, trimis\u0103 \u0219i \u00een Ilfov - Buletin de Bucure\u0219ti","isPartOf":{"@id":"https:\/\/buletin.de\/bucuresti\/#website"},"primaryImageOfPage":{"@id":"https:\/\/buletin.de\/bucuresti\/alerta-pentru-dronele-rusesti-trimisa-si-in-ilfov\/#primaryimage"},"image":{"@id":"https:\/\/buletin.de\/bucuresti\/alerta-pentru-dronele-rusesti-trimisa-si-in-ilfov\/#primaryimage"},"thumbnailUrl":"https:\/\/buletin.de\/bucuresti\/wp-content\/uploads\/dronerusestiucraina.jpg","datePublished":"2024-09-08T06:36:44+00:00","dateModified":"2024-09-08T07:34:33+00:00","description":"Alerta pentru dronele ruse\u0219ti, trimis\u0103 duminic\u0103 diminea\u021b\u0103 prin sistemul Ro-Alert dup\u0103 un atac rusesc \u00een Ucraina, a ajuns p\u00e2n\u0103 \u00een Ilfov.","breadcrumb":{"@id":"https:\/\/buletin.de\/bucuresti\/alerta-pentru-dronele-rusesti-trimisa-si-in-ilfov\/#breadcrumb"},"inLanguage":"en-GB","potentialAction":[{"@type":"ReadAction","target":["https:\/\/buletin.de\/bucuresti\/alerta-pentru-dronele-rusesti-trimisa-si-in-ilfov\/"]}]},{"@type":"ImageObject","inLanguage":"en-GB","@id":"https:\/\/buletin.de\/bucuresti\/alerta-pentru-dronele-rusesti-trimisa-si-in-ilfov\/#primaryimage","url":"https:\/\/buletin.de\/bucuresti\/wp-content\/uploads\/dronerusestiucraina.jpg","contentUrl":"https:\/\/buletin.de\/bucuresti\/wp-content\/uploads\/dronerusestiucraina.jpg","width":780,"height":440,"caption":"Alerta pentru dronele ruse\u0219ti, trimis\u0103 \u0219i \u00een Ilfov. Imagine de la un atac din portul Ismail Foto X"},{"@type":"BreadcrumbList","@id":"https:\/\/buletin.de\/bucuresti\/alerta-pentru-dronele-rusesti-trimisa-si-in-ilfov\/#breadcrumb","itemListElement":[{"@type":"ListItem","position":1,"name":"Acas\u0103","item":"https:\/\/buletin.de\/bucuresti\/"},{"@type":"ListItem","position":2,"name":"Alerta pentru dronele ruse\u0219ti, trimis\u0103 \u0219i \u00een Ilfov"}]},{"@type":"WebSite","@id":"https:\/\/buletin.de\/bucuresti\/#website","url":"https:\/\/buletin.de\/bucuresti\/","name":"Buletin de Bucure\u0219ti","description":"\u0218tiri \u0219i investiga\u021bii esen\u021biale din capital\u0103","publisher":{"@id":"https:\/\/buletin.de\/bucuresti\/#organization"},"potentialAction":[{"@type":"SearchAction","target":{"@type":"EntryPoint","urlTemplate":"https:\/\/buletin.de\/bucuresti\/?s={search_term_string}"},"query-input":{"@type":"PropertyValueSpecification","valueRequired":true,"valueName":"search_term_string"}}],"inLanguage":"en-GB"},{"@type":"Organization","@id":"https:\/\/buletin.de\/bucuresti\/#organization","name":"Buletin de Bucure\u0219ti","url":"https:\/\/buletin.de\/bucuresti\/","logo":{"@type":"ImageObject","inLanguage":"en-GB","@id":"https:\/\/buletin.de\/bucuresti\/#\/schema\/logo\/image\/","url":"https:\/\/buletin.de\/bucuresti\/wp-content\/uploads\/logo-bdb-full-wide-vernil-transparent.png","contentUrl":"https:\/\/buletin.de\/bucuresti\/wp-content\/uploads\/logo-bdb-full-wide-vernil-transparent.png","width":1782,"height":626,"caption":"Buletin de Bucure\u0219ti"},"image":{"@id":"https:\/\/buletin.de\/bucuresti\/#\/schema\/logo\/image\/"},"sameAs":["https:\/\/www.facebook.com\/buletin.de.buc","https:\/\/www.instagram.com\/buletinde.bucuresti\/"]},{"@type":"Person","@id":"https:\/\/buletin.de\/bucuresti\/#\/schema\/person\/2bbcf854e5f2419a13804af574d06ab1","name":"Redac\u021bia Buletin de Bucure\u0219ti","image":{"@type":"ImageObject","inLanguage":"en-GB","@id":"https:\/\/secure.gravatar.com\/avatar\/18c5342381ed1a08620e6280424e3e5efc958618f5d67c522c9e44c1bc6f9226?s=96&d=monsterid&r=g60c7cd0ad92c68c049fcd4bb3504d609","url":"https:\/\/secure.gravatar.com\/avatar\/18c5342381ed1a08620e6280424e3e5efc958618f5d67c522c9e44c1bc6f9226?s=96&d=monsterid&r=g","contentUrl":"https:\/\/secure.gravatar.com\/avatar\/18c5342381ed1a08620e6280424e3e5efc958618f5d67c522c9e44c1bc6f9226?s=96&d=monsterid&r=g","caption":"Redac\u021bia Buletin de Bucure\u0219ti"},"description":"Buletin de Bucure\u0219ti exist\u0103 din vara anului 2019.","url":"https:\/\/buletin.de\/bucuresti\/author\/adminbuletin\/"}]}},"authors":[{"term_id":22583,"user_id":1,"is_guest":0,"slug":"adminbuletin","display_name":"Redac\u021bia Buletin de Bucure\u0219ti","avatar_url":"https:\/\/secure.gravatar.com\/avatar\/18c5342381ed1a08620e6280424e3e5efc958618f5d67c522c9e44c1bc6f9226?s=96&d=monsterid&r=g","0":null,"1":"","2":"","3":"","4":"","5":"","6":"","7":"","8":""}],"_links":{"self":[{"href":"https:\/\/buletin.de\/bucuresti\/wp-json\/wp\/v2\/posts\/97276","targetHints":{"allow":["GET"]}}],"collection":[{"href":"https:\/\/buletin.de\/bucuresti\/wp-json\/wp\/v2\/posts"}],"about":[{"href":"https:\/\/buletin.de\/bucuresti\/wp-json\/wp\/v2\/types\/post"}],"author":[{"embeddable":true,"href":"https:\/\/buletin.de\/bucuresti\/wp-json\/wp\/v2\/users\/1"}],"replies":[{"embeddable":true,"href":"https:\/\/buletin.de\/bucuresti\/wp-json\/wp\/v2\/comments?post=97276"}],"version-history":[{"count":3,"href":"https:\/\/buletin.de\/bucuresti\/wp-json\/wp\/v2\/posts\/97276\/revisions"}],"predecessor-version":[{"id":97299,"href":"https:\/\/buletin.de\/bucuresti\/wp-json\/wp\/v2\/posts\/97276\/revisions\/97299"}],"wp:featuredmedia":[{"embeddable":true,"href":"https:\/\/buletin.de\/bucuresti\/wp-json\/wp\/v2\/media\/97284"}],"wp:attachment":[{"href":"https:\/\/buletin.de\/bucuresti\/wp-json\/wp\/v2\/media?parent=97276"}],"wp:term":[{"taxonomy":"category","embeddable":true,"href":"https:\/\/buletin.de\/bucuresti\/wp-json\/wp\/v2\/categories?post=97276"},{"taxonomy":"post_tag","embeddable":true,"href":"https:\/\/buletin.de\/bucuresti\/wp-json\/wp\/v2\/tags?post=97276"},{"taxonomy":"author","embeddable":true,"href":"https:\/\/buletin.de\/bucuresti\/wp-json\/wp\/v2\/ppma_author?post=97276"}],"curies":[{"name":"wp","href":"https:\/\/api.w.org\/{rel}","templated":true}]}}