{"id":97207,"date":"2024-09-07T15:11:18","date_gmt":"2024-09-07T12:11:18","guid":{"rendered":"https:\/\/buletin.de\/bucuresti\/?p=97207"},"modified":"2024-09-07T22:30:28","modified_gmt":"2024-09-07T19:30:28","slug":"primaria-sector-3-isi-mareste-echipa-de-ridicari-auto-care-sunt-conditiil-de-angajare","status":"publish","type":"post","link":"https:\/\/buletin.de\/bucuresti\/primaria-sector-3-isi-mareste-echipa-de-ridicari-auto-care-sunt-conditiil-de-angajare\/","title":{"rendered":"Prim\u0103ria Sector 3 \u00ee\u0219i m\u0103re\u0219te echipa de ridic\u0103ri auto. Care sunt condi\u021biile de angajare"},"content":{"rendered":"\n<p><strong>Prim\u0103ria Sector 3 \u00ee\u0219i m\u0103re\u0219te echipa de ridic\u0103ri auto. Institu\u021bia angajeaz\u0103 \u0219oferi automacaragii \u0219i muncitori necalifica\u021bi. Angajarea se face pe baz\u0103 de concurs. \u00censcrierile se \u00eencheie pe 11 septembrie.<\/strong><\/p>\n\n\n\n<h2 class=\"wp-block-heading\" id=\"h-cine-va-fi-angajat-in-echipa-de-ridicari-auto\">Cine va fi angajat \u00een echipa de ridic\u0103ri auto<\/h2>\n\n\n\n<p><strong>Prim\u0103ria Sector 3 vrea s\u0103 angajeze \u0219oferi automacaragii \u0219i muncitori necalifica\u021bi. <\/strong><\/p>\n\n\n\n<p>Primii trebuie s\u0103 aib\u0103 fie studii generale, finalizate cu diplom\u0103 sau echivalent\u0103, fie studii liceale \u0219i diplom\u0103 de bacalaureat \u0219i. <\/p>\n\n\n\n<p>De asemenea, trebuie s\u0103 dovedeasc\u0103 c\u0103 au urmat un curs care s\u0103 ateste specialiaziarea profesional\u0103 de automacaragiu. De asemenea, este obligatorie o experien\u021b\u0103 minim\u0103 de 6 luni.<\/p>\n\n\n\n<p>Muncitorii necalifica\u021bi trebuie aib\u0103 studii generale, finalizate cu diplom\u0103 sau echivalent\u0103, fie studii liceale \u0219i diplom\u0103 de bacalaureat. Pentru ace\u0219tia nu este nevoie de experien\u021b\u0103, potrivit <a href=\"https:\/\/www.primarie3.ro\/images\/uploads\/formulare\/CONCURS_RECRUTARE_FUNCTII_CONTRACTUALE_23.09.2024.pdf?fbclid=IwY2xjawFJGwNleHRuA2FlbQIxMAABHaWYx9tCtfzCRlwjtk7B2aKbLGc1sFaykyLX8kFwPhCnp7WIobizyEnzRw_aem_n-P52oDmm44CQKwYAHE80w\">anun\u021bului de concurs<\/a>.<\/p>\n\n\n\n<p><strong>Sunt angajate doar persoane care cunosc limba rom\u00e2n\u0103, scris \u0219i vorbit.<\/strong><\/p>\n\n\n\n<p>Salariul de \u00eencadrare, f\u0103r\u0103 sporuri, pentru un \u0219ofer angajat la Prim\u0103ria Sectorului 3 variaz\u0103 \u00eentre 5.600 \u0219i 7.400 de lei, \u00een func\u021bii de studii \u0219i vechime, potrivit <a href=\"https:\/\/www.primarie3.ro\/images\/uploads\/formulare\/Grila_salarizare_aprobata_prin_HCLS_._nr_.391_din_27_.09.2022.pdf\" target=\"_blank\" rel=\"noreferrer noopener\">grilei de salarizare<\/a>. Un muncitor necalificat are un venit de baz\u0103 \u00eentre 4.100 \u0219i 5.200 de lei. Din aceast\u0103 sum\u0103 se scad impozitele aferente.<\/p>\n\n\n\n<p>CITE\u0218TE \u0218I: <strong><a href=\"https:\/\/buletin.de\/bucuresti\/o-noua-inselaciune-cu-cardurile-de-calatorie-stb\/\" target=\"_blank\" rel=\"noreferrer noopener\">O nou\u0103 \u00een\u0219el\u0103ciune cu cardurile de c\u0103l\u0103torie STB<\/a><\/strong><\/p>\n\n\n\n<h2 class=\"wp-block-heading\" id=\"h-ce-trebuie-sa-con\u021bina-dosarul-de-concurs\">Ce trebuie s\u0103 con\u021bin\u0103 dosarul de concurs<\/h2>\n\n\n\n<p><strong>Dosarul de \u00eenscriere la concurs trebuie s\u0103 con\u021bin\u0103 un formulat de \u00eenscriere, copia actului de identitate sau orice alt document care atest\u0103 identitatea, copia certificatului de c\u0103s\u0103torie, dac\u0103 este cazul, copii dup\u0103 documentele de studiu \u0219i diplomele ob\u021binute, copii dup\u0103 documente care s\u0103 ateste experien\u021ba \u0219i munca. <\/strong><\/p>\n\n\n\n<p>Nu sunt angajate persoanele care au fost condamnate definitiv pentru infrac\u021biuni contra securit\u0103\u021bii na\u021bionale, contra autorit\u0103\u021bii, umanit\u0103\u021bii, infrac\u021biuni de corup\u021bie sau de serviciu, infrac\u021biuni de fals ori contra \u00eenf\u0103ptuirii justi\u021biei sau infrac\u021biuni s\u0103v\u00e2r\u0219ite cu inten\u021bie.<\/p>\n\n\n\n<p>De aceea, este necesar cazierul judiciar. \u00cen plus, Prim\u0103ria Sector 3 impune, printre actele necesare, adeverin\u021b\u0103 medical\u0103 care s\u0103 ateste starea de s\u0103n\u0103tate. <\/p>\n\n\n\n<p>Selec\u021bia de dosare se \u00eencheie pe 16 septembrie, proba practic\u0103 are 23 de septembrie, iar interviul pe 27 septembrie. Rezultatele finale se vor afi\u0219a pe 3 octombrie.<\/p>\n\n\n\n<p>CITE\u0218TE \u0218I:\u00a0<strong><a href=\"https:\/\/buletin.de\/bucuresti\/metrorex-are-nevoie-urgent-de-50-de-milioane-de-euro-pentru-a-nu-i-se-bloca-activitatea\/\" target=\"_blank\" rel=\"noreferrer noopener\">Metrorex are nevoie urgent de 50 de milioane de euro pentru a nu i se bloca activitatea<\/a><\/strong><\/p>\n","protected":false},"excerpt":{"rendered":"<p>Prim\u0103ria Sector 3 \u00ee\u0219i m\u0103re\u0219te echipa de ridic\u0103ri auto. Institu\u021bia angajeaz\u0103 \u0219oferi automacaragii \u0219i muncitori necalifica\u021bi. Angajarea se face pe baz\u0103 de concurs. \u00censcrierile se \u00eencheie pe 11 septembrie. Cine va fi angajat \u00een echipa de ridic\u0103ri auto Prim\u0103ria Sector 3 vrea s\u0103 angajeze \u0219oferi automacaragii \u0219i muncitori necalifica\u021bi. Primii trebuie s\u0103 aib\u0103 fie studii [&hellip;]<\/p>\n","protected":false},"author":1,"featured_media":97209,"comment_status":"closed","ping_status":"open","sticky":false,"template":"","format":"standard","meta":{"_acf_changed":false,"inline_featured_image":false,"ngg_post_thumbnail":0,"footnotes":""},"categories":[6994,24,62],"tags":[14864,14865,3174,6875,2694],"ppma_author":[22583],"class_list":["post-97207","post","type-post","status-publish","format-standard","has-post-thumbnail","hentry","category-stiri-2","category-primarie","category-stiri","tag-angajare-ridicari-auto","tag-angajari-sectorul-3","tag-primaria-sectorului-3","tag-ridicari-auto","tag-sectorul-3"],"acf":[],"yoast_head":"<!-- This site is optimized with the Yoast SEO Premium plugin v25.3 (Yoast SEO v27.4) - https:\/\/yoast.com\/product\/yoast-seo-premium-wordpress\/ -->\n<title>Prim\u0103ria Sector 3 \u00ee\u0219i m\u0103re\u0219te echipa de ridic\u0103ri auto. Care sunt condi\u021biile de angajare - Buletin de Bucure\u0219ti<\/title>\n<meta name=\"description\" content=\"Prim\u0103ria Sector 3 \u00ee\u0219i m\u0103re\u0219te echipa de ridic\u0103ri auto. Institu\u021bia angajeaz\u0103 \u0219oferi automacaragii \u0219i muncitori necalifica\u021bi.\" \/>\n<meta name=\"robots\" content=\"index, follow, max-snippet:-1, max-image-preview:large, max-video-preview:-1\" \/>\n<link rel=\"canonical\" href=\"https:\/\/buletin.de\/bucuresti\/primaria-sector-3-isi-mareste-echipa-de-ridicari-auto-care-sunt-conditiil-de-angajare\/\" \/>\n<meta property=\"og:locale\" content=\"en_GB\" \/>\n<meta property=\"og:type\" content=\"article\" \/>\n<meta property=\"og:title\" content=\"Prim\u0103ria Sector 3 \u00ee\u0219i m\u0103re\u0219te echipa de ridic\u0103ri auto. Care sunt condi\u021biile de angajare\" \/>\n<meta property=\"og:description\" content=\"Prim\u0103ria Sector 3 \u00ee\u0219i m\u0103re\u0219te echipa de ridic\u0103ri auto. Institu\u021bia angajeaz\u0103 \u0219oferi automacaragii \u0219i muncitori necalifica\u021bi.\" \/>\n<meta property=\"og:url\" content=\"https:\/\/buletin.de\/bucuresti\/primaria-sector-3-isi-mareste-echipa-de-ridicari-auto-care-sunt-conditiil-de-angajare\/\" \/>\n<meta property=\"og:site_name\" content=\"Buletin de Bucure\u0219ti\" \/>\n<meta property=\"article:publisher\" content=\"https:\/\/www.facebook.com\/buletin.de.buc\" \/>\n<meta property=\"article:published_time\" content=\"2024-09-07T12:11:18+00:00\" \/>\n<meta property=\"article:modified_time\" content=\"2024-09-07T19:30:28+00:00\" \/>\n<meta property=\"og:image\" content=\"https:\/\/buletin.de\/bucuresti\/wp-content\/uploads\/echiparidicariauto.jpg\" \/>\n\t<meta property=\"og:image:width\" content=\"2000\" \/>\n\t<meta property=\"og:image:height\" content=\"1333\" \/>\n\t<meta property=\"og:image:type\" content=\"image\/jpeg\" \/>\n<meta name=\"author\" content=\"Redac\u021bia Buletin de Bucure\u0219ti\" \/>\n<meta name=\"twitter:card\" content=\"summary_large_image\" \/>\n<meta name=\"twitter:label1\" content=\"Written by\" \/>\n\t<meta name=\"twitter:data1\" content=\"Redac\u021bia Buletin de Bucure\u0219ti\" \/>\n\t<meta name=\"twitter:label2\" content=\"Estimated reading time\" \/>\n\t<meta name=\"twitter:data2\" content=\"2 minutes\" \/>\n<script type=\"application\/ld+json\" class=\"yoast-schema-graph\">{\"@context\":\"https:\\\/\\\/schema.org\",\"@graph\":[{\"@type\":\"Article\",\"@id\":\"https:\\\/\\\/buletin.de\\\/bucuresti\\\/primaria-sector-3-isi-mareste-echipa-de-ridicari-auto-care-sunt-conditiil-de-angajare\\\/#article\",\"isPartOf\":{\"@id\":\"https:\\\/\\\/buletin.de\\\/bucuresti\\\/primaria-sector-3-isi-mareste-echipa-de-ridicari-auto-care-sunt-conditiil-de-angajare\\\/\"},\"author\":{\"name\":\"Redac\u021bia Buletin de Bucure\u0219ti\",\"@id\":\"https:\\\/\\\/buletin.de\\\/bucuresti\\\/#\\\/schema\\\/person\\\/2bbcf854e5f2419a13804af574d06ab1\"},\"headline\":\"Prim\u0103ria Sector 3 \u00ee\u0219i m\u0103re\u0219te echipa de ridic\u0103ri auto. Care sunt condi\u021biile de angajare\",\"datePublished\":\"2024-09-07T12:11:18+00:00\",\"dateModified\":\"2024-09-07T19:30:28+00:00\",\"mainEntityOfPage\":{\"@id\":\"https:\\\/\\\/buletin.de\\\/bucuresti\\\/primaria-sector-3-isi-mareste-echipa-de-ridicari-auto-care-sunt-conditiil-de-angajare\\\/\"},\"wordCount\":406,\"publisher\":{\"@id\":\"https:\\\/\\\/buletin.de\\\/bucuresti\\\/#organization\"},\"image\":{\"@id\":\"https:\\\/\\\/buletin.de\\\/bucuresti\\\/primaria-sector-3-isi-mareste-echipa-de-ridicari-auto-care-sunt-conditiil-de-angajare\\\/#primaryimage\"},\"thumbnailUrl\":\"https:\\\/\\\/buletin.de\\\/bucuresti\\\/wp-content\\\/uploads\\\/echiparidicariauto.jpg\",\"keywords\":[\"angajare ridicari auto\",\"angajari sectorul 3\",\"primaria sectorului 3\",\"ridicari auto\",\"sectorul 3\"],\"articleSection\":[\"Articole\",\"Prim\u0103rie\",\"\u0218tiri\"],\"inLanguage\":\"en-GB\",\"copyrightYear\":\"2024\",\"copyrightHolder\":{\"@id\":\"https:\\\/\\\/buletin.de\\\/bucuresti\\\/#organization\"}},{\"@type\":\"WebPage\",\"@id\":\"https:\\\/\\\/buletin.de\\\/bucuresti\\\/primaria-sector-3-isi-mareste-echipa-de-ridicari-auto-care-sunt-conditiil-de-angajare\\\/\",\"url\":\"https:\\\/\\\/buletin.de\\\/bucuresti\\\/primaria-sector-3-isi-mareste-echipa-de-ridicari-auto-care-sunt-conditiil-de-angajare\\\/\",\"name\":\"Prim\u0103ria Sector 3 \u00ee\u0219i m\u0103re\u0219te echipa de ridic\u0103ri auto. Care sunt condi\u021biile de angajare - Buletin de Bucure\u0219ti\",\"isPartOf\":{\"@id\":\"https:\\\/\\\/buletin.de\\\/bucuresti\\\/#website\"},\"primaryImageOfPage\":{\"@id\":\"https:\\\/\\\/buletin.de\\\/bucuresti\\\/primaria-sector-3-isi-mareste-echipa-de-ridicari-auto-care-sunt-conditiil-de-angajare\\\/#primaryimage\"},\"image\":{\"@id\":\"https:\\\/\\\/buletin.de\\\/bucuresti\\\/primaria-sector-3-isi-mareste-echipa-de-ridicari-auto-care-sunt-conditiil-de-angajare\\\/#primaryimage\"},\"thumbnailUrl\":\"https:\\\/\\\/buletin.de\\\/bucuresti\\\/wp-content\\\/uploads\\\/echiparidicariauto.jpg\",\"datePublished\":\"2024-09-07T12:11:18+00:00\",\"dateModified\":\"2024-09-07T19:30:28+00:00\",\"description\":\"Prim\u0103ria Sector 3 \u00ee\u0219i m\u0103re\u0219te echipa de ridic\u0103ri auto. Institu\u021bia angajeaz\u0103 \u0219oferi automacaragii \u0219i muncitori necalifica\u021bi.\",\"breadcrumb\":{\"@id\":\"https:\\\/\\\/buletin.de\\\/bucuresti\\\/primaria-sector-3-isi-mareste-echipa-de-ridicari-auto-care-sunt-conditiil-de-angajare\\\/#breadcrumb\"},\"inLanguage\":\"en-GB\",\"potentialAction\":[{\"@type\":\"ReadAction\",\"target\":[\"https:\\\/\\\/buletin.de\\\/bucuresti\\\/primaria-sector-3-isi-mareste-echipa-de-ridicari-auto-care-sunt-conditiil-de-angajare\\\/\"]}]},{\"@type\":\"ImageObject\",\"inLanguage\":\"en-GB\",\"@id\":\"https:\\\/\\\/buletin.de\\\/bucuresti\\\/primaria-sector-3-isi-mareste-echipa-de-ridicari-auto-care-sunt-conditiil-de-angajare\\\/#primaryimage\",\"url\":\"https:\\\/\\\/buletin.de\\\/bucuresti\\\/wp-content\\\/uploads\\\/echiparidicariauto.jpg\",\"contentUrl\":\"https:\\\/\\\/buletin.de\\\/bucuresti\\\/wp-content\\\/uploads\\\/echiparidicariauto.jpg\",\"width\":2000,\"height\":1333,\"caption\":\"Prim\u0103ria Sector 3 \u00ee\u0219i m\u0103re\u0219te echipa de ridic\u0103ri auto. Foto Prim\u0103ria Sectorului 3\"},{\"@type\":\"BreadcrumbList\",\"@id\":\"https:\\\/\\\/buletin.de\\\/bucuresti\\\/primaria-sector-3-isi-mareste-echipa-de-ridicari-auto-care-sunt-conditiil-de-angajare\\\/#breadcrumb\",\"itemListElement\":[{\"@type\":\"ListItem\",\"position\":1,\"name\":\"Acas\u0103\",\"item\":\"https:\\\/\\\/buletin.de\\\/bucuresti\\\/\"},{\"@type\":\"ListItem\",\"position\":2,\"name\":\"Prim\u0103ria Sector 3 \u00ee\u0219i m\u0103re\u0219te echipa de ridic\u0103ri auto. Care sunt condi\u021biile de angajare\"}]},{\"@type\":\"WebSite\",\"@id\":\"https:\\\/\\\/buletin.de\\\/bucuresti\\\/#website\",\"url\":\"https:\\\/\\\/buletin.de\\\/bucuresti\\\/\",\"name\":\"Buletin de Bucure\u0219ti\",\"description\":\"\u0218tiri \u0219i investiga\u021bii esen\u021biale din capital\u0103\",\"publisher\":{\"@id\":\"https:\\\/\\\/buletin.de\\\/bucuresti\\\/#organization\"},\"potentialAction\":[{\"@type\":\"SearchAction\",\"target\":{\"@type\":\"EntryPoint\",\"urlTemplate\":\"https:\\\/\\\/buletin.de\\\/bucuresti\\\/?s={search_term_string}\"},\"query-input\":{\"@type\":\"PropertyValueSpecification\",\"valueRequired\":true,\"valueName\":\"search_term_string\"}}],\"inLanguage\":\"en-GB\"},{\"@type\":\"Organization\",\"@id\":\"https:\\\/\\\/buletin.de\\\/bucuresti\\\/#organization\",\"name\":\"Buletin de Bucure\u0219ti\",\"url\":\"https:\\\/\\\/buletin.de\\\/bucuresti\\\/\",\"logo\":{\"@type\":\"ImageObject\",\"inLanguage\":\"en-GB\",\"@id\":\"https:\\\/\\\/buletin.de\\\/bucuresti\\\/#\\\/schema\\\/logo\\\/image\\\/\",\"url\":\"https:\\\/\\\/buletin.de\\\/bucuresti\\\/wp-content\\\/uploads\\\/logo-bdb-full-wide-vernil-transparent.png\",\"contentUrl\":\"https:\\\/\\\/buletin.de\\\/bucuresti\\\/wp-content\\\/uploads\\\/logo-bdb-full-wide-vernil-transparent.png\",\"width\":1782,\"height\":626,\"caption\":\"Buletin de Bucure\u0219ti\"},\"image\":{\"@id\":\"https:\\\/\\\/buletin.de\\\/bucuresti\\\/#\\\/schema\\\/logo\\\/image\\\/\"},\"sameAs\":[\"https:\\\/\\\/www.facebook.com\\\/buletin.de.buc\",\"https:\\\/\\\/www.instagram.com\\\/buletinde.bucuresti\\\/\"]},{\"@type\":\"Person\",\"@id\":\"https:\\\/\\\/buletin.de\\\/bucuresti\\\/#\\\/schema\\\/person\\\/2bbcf854e5f2419a13804af574d06ab1\",\"name\":\"Redac\u021bia Buletin de Bucure\u0219ti\",\"image\":{\"@type\":\"ImageObject\",\"inLanguage\":\"en-GB\",\"@id\":\"https:\\\/\\\/secure.gravatar.com\\\/avatar\\\/18c5342381ed1a08620e6280424e3e5efc958618f5d67c522c9e44c1bc6f9226?s=96&d=monsterid&r=g60c7cd0ad92c68c049fcd4bb3504d609\",\"url\":\"https:\\\/\\\/secure.gravatar.com\\\/avatar\\\/18c5342381ed1a08620e6280424e3e5efc958618f5d67c522c9e44c1bc6f9226?s=96&d=monsterid&r=g\",\"contentUrl\":\"https:\\\/\\\/secure.gravatar.com\\\/avatar\\\/18c5342381ed1a08620e6280424e3e5efc958618f5d67c522c9e44c1bc6f9226?s=96&d=monsterid&r=g\",\"caption\":\"Redac\u021bia Buletin de Bucure\u0219ti\"},\"description\":\"Buletin de Bucure\u0219ti exist\u0103 din vara anului 2019.\",\"url\":\"https:\\\/\\\/buletin.de\\\/bucuresti\\\/author\\\/adminbuletin\\\/\"}]}<\/script>\n<!-- \/ Yoast SEO Premium plugin. -->","yoast_head_json":{"title":"Prim\u0103ria Sector 3 \u00ee\u0219i m\u0103re\u0219te echipa de ridic\u0103ri auto. Care sunt condi\u021biile de angajare - Buletin de Bucure\u0219ti","description":"Prim\u0103ria Sector 3 \u00ee\u0219i m\u0103re\u0219te echipa de ridic\u0103ri auto. Institu\u021bia angajeaz\u0103 \u0219oferi automacaragii \u0219i muncitori necalifica\u021bi.","robots":{"index":"index","follow":"follow","max-snippet":"max-snippet:-1","max-image-preview":"max-image-preview:large","max-video-preview":"max-video-preview:-1"},"canonical":"https:\/\/buletin.de\/bucuresti\/primaria-sector-3-isi-mareste-echipa-de-ridicari-auto-care-sunt-conditiil-de-angajare\/","og_locale":"en_GB","og_type":"article","og_title":"Prim\u0103ria Sector 3 \u00ee\u0219i m\u0103re\u0219te echipa de ridic\u0103ri auto. Care sunt condi\u021biile de angajare","og_description":"Prim\u0103ria Sector 3 \u00ee\u0219i m\u0103re\u0219te echipa de ridic\u0103ri auto. Institu\u021bia angajeaz\u0103 \u0219oferi automacaragii \u0219i muncitori necalifica\u021bi.","og_url":"https:\/\/buletin.de\/bucuresti\/primaria-sector-3-isi-mareste-echipa-de-ridicari-auto-care-sunt-conditiil-de-angajare\/","og_site_name":"Buletin de Bucure\u0219ti","article_publisher":"https:\/\/www.facebook.com\/buletin.de.buc","article_published_time":"2024-09-07T12:11:18+00:00","article_modified_time":"2024-09-07T19:30:28+00:00","og_image":[{"width":2000,"height":1333,"url":"https:\/\/buletin.de\/bucuresti\/wp-content\/uploads\/echiparidicariauto.jpg","type":"image\/jpeg"}],"author":"Redac\u021bia Buletin de Bucure\u0219ti","twitter_card":"summary_large_image","twitter_misc":{"Written by":"Redac\u021bia Buletin de Bucure\u0219ti","Estimated reading time":"2 minutes"},"schema":{"@context":"https:\/\/schema.org","@graph":[{"@type":"Article","@id":"https:\/\/buletin.de\/bucuresti\/primaria-sector-3-isi-mareste-echipa-de-ridicari-auto-care-sunt-conditiil-de-angajare\/#article","isPartOf":{"@id":"https:\/\/buletin.de\/bucuresti\/primaria-sector-3-isi-mareste-echipa-de-ridicari-auto-care-sunt-conditiil-de-angajare\/"},"author":{"name":"Redac\u021bia Buletin de Bucure\u0219ti","@id":"https:\/\/buletin.de\/bucuresti\/#\/schema\/person\/2bbcf854e5f2419a13804af574d06ab1"},"headline":"Prim\u0103ria Sector 3 \u00ee\u0219i m\u0103re\u0219te echipa de ridic\u0103ri auto. Care sunt condi\u021biile de angajare","datePublished":"2024-09-07T12:11:18+00:00","dateModified":"2024-09-07T19:30:28+00:00","mainEntityOfPage":{"@id":"https:\/\/buletin.de\/bucuresti\/primaria-sector-3-isi-mareste-echipa-de-ridicari-auto-care-sunt-conditiil-de-angajare\/"},"wordCount":406,"publisher":{"@id":"https:\/\/buletin.de\/bucuresti\/#organization"},"image":{"@id":"https:\/\/buletin.de\/bucuresti\/primaria-sector-3-isi-mareste-echipa-de-ridicari-auto-care-sunt-conditiil-de-angajare\/#primaryimage"},"thumbnailUrl":"https:\/\/buletin.de\/bucuresti\/wp-content\/uploads\/echiparidicariauto.jpg","keywords":["angajare ridicari auto","angajari sectorul 3","primaria sectorului 3","ridicari auto","sectorul 3"],"articleSection":["Articole","Prim\u0103rie","\u0218tiri"],"inLanguage":"en-GB","copyrightYear":"2024","copyrightHolder":{"@id":"https:\/\/buletin.de\/bucuresti\/#organization"}},{"@type":"WebPage","@id":"https:\/\/buletin.de\/bucuresti\/primaria-sector-3-isi-mareste-echipa-de-ridicari-auto-care-sunt-conditiil-de-angajare\/","url":"https:\/\/buletin.de\/bucuresti\/primaria-sector-3-isi-mareste-echipa-de-ridicari-auto-care-sunt-conditiil-de-angajare\/","name":"Prim\u0103ria Sector 3 \u00ee\u0219i m\u0103re\u0219te echipa de ridic\u0103ri auto. Care sunt condi\u021biile de angajare - Buletin de Bucure\u0219ti","isPartOf":{"@id":"https:\/\/buletin.de\/bucuresti\/#website"},"primaryImageOfPage":{"@id":"https:\/\/buletin.de\/bucuresti\/primaria-sector-3-isi-mareste-echipa-de-ridicari-auto-care-sunt-conditiil-de-angajare\/#primaryimage"},"image":{"@id":"https:\/\/buletin.de\/bucuresti\/primaria-sector-3-isi-mareste-echipa-de-ridicari-auto-care-sunt-conditiil-de-angajare\/#primaryimage"},"thumbnailUrl":"https:\/\/buletin.de\/bucuresti\/wp-content\/uploads\/echiparidicariauto.jpg","datePublished":"2024-09-07T12:11:18+00:00","dateModified":"2024-09-07T19:30:28+00:00","description":"Prim\u0103ria Sector 3 \u00ee\u0219i m\u0103re\u0219te echipa de ridic\u0103ri auto. Institu\u021bia angajeaz\u0103 \u0219oferi automacaragii \u0219i muncitori necalifica\u021bi.","breadcrumb":{"@id":"https:\/\/buletin.de\/bucuresti\/primaria-sector-3-isi-mareste-echipa-de-ridicari-auto-care-sunt-conditiil-de-angajare\/#breadcrumb"},"inLanguage":"en-GB","potentialAction":[{"@type":"ReadAction","target":["https:\/\/buletin.de\/bucuresti\/primaria-sector-3-isi-mareste-echipa-de-ridicari-auto-care-sunt-conditiil-de-angajare\/"]}]},{"@type":"ImageObject","inLanguage":"en-GB","@id":"https:\/\/buletin.de\/bucuresti\/primaria-sector-3-isi-mareste-echipa-de-ridicari-auto-care-sunt-conditiil-de-angajare\/#primaryimage","url":"https:\/\/buletin.de\/bucuresti\/wp-content\/uploads\/echiparidicariauto.jpg","contentUrl":"https:\/\/buletin.de\/bucuresti\/wp-content\/uploads\/echiparidicariauto.jpg","width":2000,"height":1333,"caption":"Prim\u0103ria Sector 3 \u00ee\u0219i m\u0103re\u0219te echipa de ridic\u0103ri auto. Foto Prim\u0103ria Sectorului 3"},{"@type":"BreadcrumbList","@id":"https:\/\/buletin.de\/bucuresti\/primaria-sector-3-isi-mareste-echipa-de-ridicari-auto-care-sunt-conditiil-de-angajare\/#breadcrumb","itemListElement":[{"@type":"ListItem","position":1,"name":"Acas\u0103","item":"https:\/\/buletin.de\/bucuresti\/"},{"@type":"ListItem","position":2,"name":"Prim\u0103ria Sector 3 \u00ee\u0219i m\u0103re\u0219te echipa de ridic\u0103ri auto. Care sunt condi\u021biile de angajare"}]},{"@type":"WebSite","@id":"https:\/\/buletin.de\/bucuresti\/#website","url":"https:\/\/buletin.de\/bucuresti\/","name":"Buletin de Bucure\u0219ti","description":"\u0218tiri \u0219i investiga\u021bii esen\u021biale din capital\u0103","publisher":{"@id":"https:\/\/buletin.de\/bucuresti\/#organization"},"potentialAction":[{"@type":"SearchAction","target":{"@type":"EntryPoint","urlTemplate":"https:\/\/buletin.de\/bucuresti\/?s={search_term_string}"},"query-input":{"@type":"PropertyValueSpecification","valueRequired":true,"valueName":"search_term_string"}}],"inLanguage":"en-GB"},{"@type":"Organization","@id":"https:\/\/buletin.de\/bucuresti\/#organization","name":"Buletin de Bucure\u0219ti","url":"https:\/\/buletin.de\/bucuresti\/","logo":{"@type":"ImageObject","inLanguage":"en-GB","@id":"https:\/\/buletin.de\/bucuresti\/#\/schema\/logo\/image\/","url":"https:\/\/buletin.de\/bucuresti\/wp-content\/uploads\/logo-bdb-full-wide-vernil-transparent.png","contentUrl":"https:\/\/buletin.de\/bucuresti\/wp-content\/uploads\/logo-bdb-full-wide-vernil-transparent.png","width":1782,"height":626,"caption":"Buletin de Bucure\u0219ti"},"image":{"@id":"https:\/\/buletin.de\/bucuresti\/#\/schema\/logo\/image\/"},"sameAs":["https:\/\/www.facebook.com\/buletin.de.buc","https:\/\/www.instagram.com\/buletinde.bucuresti\/"]},{"@type":"Person","@id":"https:\/\/buletin.de\/bucuresti\/#\/schema\/person\/2bbcf854e5f2419a13804af574d06ab1","name":"Redac\u021bia Buletin de Bucure\u0219ti","image":{"@type":"ImageObject","inLanguage":"en-GB","@id":"https:\/\/secure.gravatar.com\/avatar\/18c5342381ed1a08620e6280424e3e5efc958618f5d67c522c9e44c1bc6f9226?s=96&d=monsterid&r=g60c7cd0ad92c68c049fcd4bb3504d609","url":"https:\/\/secure.gravatar.com\/avatar\/18c5342381ed1a08620e6280424e3e5efc958618f5d67c522c9e44c1bc6f9226?s=96&d=monsterid&r=g","contentUrl":"https:\/\/secure.gravatar.com\/avatar\/18c5342381ed1a08620e6280424e3e5efc958618f5d67c522c9e44c1bc6f9226?s=96&d=monsterid&r=g","caption":"Redac\u021bia Buletin de Bucure\u0219ti"},"description":"Buletin de Bucure\u0219ti exist\u0103 din vara anului 2019.","url":"https:\/\/buletin.de\/bucuresti\/author\/adminbuletin\/"}]}},"authors":[{"term_id":22583,"user_id":1,"is_guest":0,"slug":"adminbuletin","display_name":"Redac\u021bia Buletin de Bucure\u0219ti","avatar_url":"https:\/\/secure.gravatar.com\/avatar\/18c5342381ed1a08620e6280424e3e5efc958618f5d67c522c9e44c1bc6f9226?s=96&d=monsterid&r=g","0":null,"1":"","2":"","3":"","4":"","5":"","6":"","7":"","8":""}],"_links":{"self":[{"href":"https:\/\/buletin.de\/bucuresti\/wp-json\/wp\/v2\/posts\/97207","targetHints":{"allow":["GET"]}}],"collection":[{"href":"https:\/\/buletin.de\/bucuresti\/wp-json\/wp\/v2\/posts"}],"about":[{"href":"https:\/\/buletin.de\/bucuresti\/wp-json\/wp\/v2\/types\/post"}],"author":[{"embeddable":true,"href":"https:\/\/buletin.de\/bucuresti\/wp-json\/wp\/v2\/users\/1"}],"replies":[{"embeddable":true,"href":"https:\/\/buletin.de\/bucuresti\/wp-json\/wp\/v2\/comments?post=97207"}],"version-history":[{"count":3,"href":"https:\/\/buletin.de\/bucuresti\/wp-json\/wp\/v2\/posts\/97207\/revisions"}],"predecessor-version":[{"id":97239,"href":"https:\/\/buletin.de\/bucuresti\/wp-json\/wp\/v2\/posts\/97207\/revisions\/97239"}],"wp:featuredmedia":[{"embeddable":true,"href":"https:\/\/buletin.de\/bucuresti\/wp-json\/wp\/v2\/media\/97209"}],"wp:attachment":[{"href":"https:\/\/buletin.de\/bucuresti\/wp-json\/wp\/v2\/media?parent=97207"}],"wp:term":[{"taxonomy":"category","embeddable":true,"href":"https:\/\/buletin.de\/bucuresti\/wp-json\/wp\/v2\/categories?post=97207"},{"taxonomy":"post_tag","embeddable":true,"href":"https:\/\/buletin.de\/bucuresti\/wp-json\/wp\/v2\/tags?post=97207"},{"taxonomy":"author","embeddable":true,"href":"https:\/\/buletin.de\/bucuresti\/wp-json\/wp\/v2\/ppma_author?post=97207"}],"curies":[{"name":"wp","href":"https:\/\/api.w.org\/{rel}","templated":true}]}}