{"id":97138,"date":"2024-09-08T08:45:48","date_gmt":"2024-09-08T05:45:48","guid":{"rendered":"https:\/\/buletin.de\/bucuresti\/?p=97138"},"modified":"2024-09-08T17:53:45","modified_gmt":"2024-09-08T14:53:45","slug":"noul-centru-al-capitalei-parlament-pietonal-poduri-noi-peste-dambovita-si-arc-de-tramvai-peste-piata-unirii","status":"publish","type":"post","link":"https:\/\/buletin.de\/bucuresti\/noul-centru-al-capitalei-parlament-pietonal-poduri-noi-peste-dambovita-si-arc-de-tramvai-peste-piata-unirii\/","title":{"rendered":"Noul Centru al Capitalei | Parlament \u201epietonal\u201d, poduri noi peste D\u00e2mbovi\u0163a \u015fi \u201earc\u201d de tramvai peste Pia\u0163a Unirii"},"content":{"rendered":"\n<p><strong>Bucure\u0219tiul ar trebui s\u0103 se schimbe radical, dac\u0103 Planul de Mobilitate Urban Durabil\u0103 (PMUD) va fi pus \u00een aplicare \u00een anii urm\u0103tori. Noul centru al Capitalei va presupune reamenajarea de str\u0103zi, poduri noi \u0219i reconfigurarea transportului \u00een comun. <\/strong><\/p>\n\n\n\n<h2 class=\"wp-block-heading\" id=\"h-cum-va-arata-noul-centru-al-capitalei\">Cum va ar\u0103ta noul centru al Capitalei<\/h2>\n\n\n\n<p><strong>Planul Integrat de Dezvoltare urban\u0103 \u2013 Zona Central\u0103 Bucure\u0219ti, inclus \u00een <a href=\"https:\/\/tpbi.ro\/file\/2024\/08\/R11-Raport-PMUD-Bucuresti-Ilfov-Final-1.pdf\" target=\"_blank\" rel=\"noreferrer noopener\">PMUD<\/a>, presupune reamenajarea a 23 de str\u0103zi \u0219i 19 pie\u021be \u0219i scuaruri, cu prioritate pentru pietoni \u0219i bicicli\u0219ti.<\/strong><\/p>\n\n\n\n<p>Totodat\u0103, include reconfigurarea spa\u021biului public pe Calea Victoriei, cu refacerea pavimentelor \u0219i refacerea trotuarelor din zona central\u0103.<\/p>\n\n\n\n<p><strong>Proiectul continu\u0103 cu o nou\u0103 traversare a Bd. Unirii, \u00een dreptul str\u0103zii George Georgescu \u0219i Sfin\u021bii Apostoli.<\/strong><\/p>\n\n\n\n<p>Planul, aflat \u00een dezbatere public\u0103 p\u00e2n\u0103 pe 11 septembrie, mai include construc\u021bia unui pod pietonal \u0219i ciclist de la Parcul Izvor p\u00e2n\u0103 \u00een curtea Muzeului Na\u021bional de Art\u0103 Contemporan\u0103, aflat \u00een cl\u0103direa Palatului Parlamentului. <\/p>\n\n\n\n<p>De altfel, PMUD revine la ideea d\u0103r\u00e2m\u0103rii zidului care \u00eenconjoar\u0103 \u00een prezent fosta Cas\u0103 a Poporului. De-a lungul timpului au fost mai multe <a href=\"https:\/\/hotnews.ro\/usr-lanseaza-oficial-proiectul-pentru-desfiintarea-zidului-care-inconjoara-palatul-parlamentului-395260\">ini\u021biative de demolare a gardului<\/a>, \u00eens\u0103 nu s-a concretizat nici una, conducerea Parlamentului invoc\u00e2nd motive de securitate.<\/p>\n\n\n\n<figure class=\"wp-block-image size-large\"><img fetchpriority=\"high\" decoding=\"async\" width=\"900\" height=\"450\" src=\"data:image\/gif;base64,R0lGODlhAQABAAAAACH5BAEKAAEALAAAAAABAAEAAAICTAEAOw==\" data-src=\"https:\/\/buletin.de\/bucuresti\/wp-content\/uploads\/casapoporului-900x450.webp\" alt=\"Randare dintr-un proiect al USR, din 2017, care cerea demoloarea gardului din jurul Palatului Parlamentului\" class=\"wp-image-97258 lazyload\" data-sizes=\"auto\" data-srcset=\"https:\/\/buletin.de\/bucuresti\/wp-content\/uploads\/casapoporului-900x450.webp 900w, https:\/\/buletin.de\/bucuresti\/wp-content\/uploads\/casapoporului-300x150.webp 300w, https:\/\/buletin.de\/bucuresti\/wp-content\/uploads\/casapoporului-768x384.webp 768w, https:\/\/buletin.de\/bucuresti\/wp-content\/uploads\/casapoporului-1536x768.webp 1536w, https:\/\/buletin.de\/bucuresti\/wp-content\/uploads\/casapoporului-1600x800.webp 1600w, https:\/\/buletin.de\/bucuresti\/wp-content\/uploads\/casapoporului-1100x550.webp 1100w, https:\/\/buletin.de\/bucuresti\/wp-content\/uploads\/casapoporului-600x300.webp 600w, https:\/\/buletin.de\/bucuresti\/wp-content\/uploads\/casapoporului-20x10.webp 20w, https:\/\/buletin.de\/bucuresti\/wp-content\/uploads\/casapoporului.webp 1812w\" sizes=\"(max-width: 900px) 100vw, 900px\" \/><figcaption class=\"wp-element-caption\">Randare dintr-un proiect al USR, din 2017, care cerea demoloarea gardului din jurul Palatului Parlamentului<\/figcaption><\/figure>\n\n\n\n<h2 class=\"wp-block-heading\" id=\"h-mai-multe-poduri-in-centrul-bucure\u0219tiului\">Mai multe poduri \u00een centrul Bucure\u0219tiului<\/h2>\n\n\n\n<p>Planul care urmeaz\u0103 s\u0103 fie adoptat de c\u0103tre Prim\u0103ria Municipiului Bucure\u0219ti mai presupune construc\u021bia ansamblului urban Complex Pod Mihai Vod\u0103 \u0219i a unui pod peste D\u00e2mbovi\u021ba, \u00een zona \u0218elari \u2013 Palatul de Justi\u021bie. <\/p>\n\n\n\n<p><a href=\"https:\/\/buletin.de\/bucuresti\/proiectul-podului-calicilor-se-scumpeste-30-de-milioane-de-euro-pentru-pod-parcare-subterana-si-amenajare-urbana\/\" target=\"_blank\" rel=\"noreferrer noopener\">Buletin de Bucure\u0219ti<\/a> a scris \u00een aprilie despre un proiect de hot\u0103r\u00e2re a Consiliului General al Municipiului Bucure\u0219ti care a vizat \u0219i acest din urm\u0103 proiect. <\/p>\n\n\n\n<p>Atunci au fost adopta\u021bi noii indicatori tehnico-economici pentru obiectul de investi\u021bii \u201eSpa\u021biu public urban Podul Calicilor \u2013 Ansamblul Urban Domni\u021ba B\u0103la\u0219a, parcaj subteran, amenajare urban\u0103 Palatul de Justi\u021bie\u201d. Sumele necesare au crescut, ca urmare a modific\u0103rilor lucr\u0103rilor necesare \u0219i a pre\u021burilor pie\u021bei actualizate.\u00a0<\/p>\n\n\n\n<p>\u00cen aprilie, proiectul a fost respins de c\u0103tre CGMB. Valoarea total\u0103 a investi\u021biei s-ar fi ridicat la 30,6 milioane de euro.<\/p>\n\n\n\n<p>CITE\u0218TE \u0218I: <strong><a href=\"https:\/\/buletin.de\/bucuresti\/portul-bucuresti-1-decembrie-si-parcul-logistic-la-jilava-incluse-in-pug-ul-dinamic-al-capitalei\/\" target=\"_blank\" rel=\"noreferrer noopener\">Portul \u201eBucure\u0219ti 1 Decembrie\u201d \u0219i parc logistic la Jilava, incluse \u00een PUG-ul Dinamic al Capitalei<\/a><\/strong><\/p>\n\n\n\n<h2 class=\"wp-block-heading\" id=\"h-noi-linii-de-tramvai-in-pia\u021ba-unirii\">Noi linii de tramvai \u00een Pia\u021ba Unirii<\/h2>\n\n\n\n<p><strong>Planul de Mobilitate Urban Durabil\u0103 propune \u0219i realizarea unei leg\u0103turi de linii de tramvaie peste Pia\u021ba Unirii<\/strong>, dar nu numai. <\/p>\n\n\n\n<p>Documentul prevede \u0219i studii de fezabilitate privind introducerea liniei de tramvai pe ruta Eroii Revolu\u021biei \u2013 Uranus \u2013 Gara de Nord; refacerea nodului de transport intermodal Pia\u021ba Roman\u0103, Pia\u021ba Rosetti \u0219i Pia\u021ba Sf. Gheorghe.<\/p>\n\n\n\n<p>Alte proiecte discutate \u00een trecut, dar care au tot fost am\u00e2nate, sunt reluate \u00een actualul PMUD, aflat \u00een dezbatere public\u0103. Astfel:<\/p>\n\n\n\n<ul class=\"wp-block-list\">\n<li>Parcaj subteran Pia\u021ba S\u0103lii Palatului;<\/li>\n\n\n\n<li>Parcaj subteran Domni\u021ba B\u0103la\u0219a;<\/li>\n\n\n\n<li>Parcaj subteran Pia\u021ba Constitu\u021biei;<\/li>\n\n\n\n<li>Parcare suprateran\u0103 automatizat\u0103 \u2013 str. N. Tonitza 7-9;<\/li>\n\n\n\n<li>Parcaj subteran \u2013 Uranus \u2013 Pia\u021ba Rahova;<\/li>\n\n\n\n<li>Parcaj Antim \u2013 Parcaj zona Academiei.<\/li>\n<\/ul>\n\n\n\n<p>CITE\u0218TE \u0218I: <strong><a href=\"https:\/\/buletin.de\/bucuresti\/planurile-in-proces-de-actualizare-ale-ilfovului-parkride-uri-si-bikeride-uri-26-de-gari-noi-noduri-intermodale-proiecte-de-agrement-si-statii-self-service-pentru-bicic\/\" target=\"_blank\" rel=\"noreferrer noopener\">Planurile \u201e\u00een proces de actualizare\u201d ale Ilfovului: Park&amp;Ride \u0219i Bike&amp;Ride, 26 de g\u0103ri noi, noduri intermodale, proiecte de agrement \u0219i sta\u021bii self-service pentru biciclete<\/a><\/strong><\/p>\n\n\n\n<figure class=\"wp-block-image size-large\"><img decoding=\"async\" width=\"900\" height=\"540\" src=\"data:image\/gif;base64,R0lGODlhAQABAAAAACH5BAEKAAEALAAAAAABAAEAAAICTAEAOw==\" data-src=\"https:\/\/buletin.de\/bucuresti\/wp-content\/uploads\/noulcentrualcapitalei1-900x540.png\" alt=\"Cum va fi reconfigurat noul centru al Capitalei. Captur\u0103 din PMUD\" class=\"wp-image-97269 lazyload\" data-sizes=\"auto\" data-srcset=\"https:\/\/buletin.de\/bucuresti\/wp-content\/uploads\/noulcentrualcapitalei1-900x540.png 900w, https:\/\/buletin.de\/bucuresti\/wp-content\/uploads\/noulcentrualcapitalei1-300x180.png 300w, https:\/\/buletin.de\/bucuresti\/wp-content\/uploads\/noulcentrualcapitalei1-768x461.png 768w, https:\/\/buletin.de\/bucuresti\/wp-content\/uploads\/noulcentrualcapitalei1-1100x660.png 1100w, https:\/\/buletin.de\/bucuresti\/wp-content\/uploads\/noulcentrualcapitalei1-600x360.png 600w, https:\/\/buletin.de\/bucuresti\/wp-content\/uploads\/noulcentrualcapitalei1-20x12.png 20w, https:\/\/buletin.de\/bucuresti\/wp-content\/uploads\/noulcentrualcapitalei1.png 1286w\" sizes=\"(max-width: 900px) 100vw, 900px\" \/><figcaption class=\"wp-element-caption\">Cum va fi reconfigurat noul centru al Capitalei. Captur\u0103 din PMUD<\/figcaption><\/figure>\n\n\n\n<h2 class=\"wp-block-heading\" id=\"h-schimbari-majore-in-traficul-din-noul-centru-al-capitalei\">Schimb\u0103ri majore \u00een traficul din noul Centru al Capitalei<\/h2>\n\n\n\n<p><strong>Noul centru al Capitalei ar urma s\u0103 fie reconfigurat masiv, dac\u0103 PMUD-ul este pus \u00een practic\u0103 \u00een urm\u0103torii ani, prin extinderea sistemului de management al traficului cu \u00eenc\u0103 50 de intersec\u021bii.<\/strong><\/p>\n\n\n\n<p>Documentul mai presupune: <\/p>\n\n\n\n<ul class=\"wp-block-list\">\n<li>Implementarea unui sistem VMS prin instalarea de panouri cu mesaje variabile;<\/li>\n\n\n\n<li>Sisteme de restric\u021bionare \u0219i control al accesului auto \u00een zonele prioritar pietonale;<\/li>\n\n\n\n<li>Sistem de management al parc\u0103rilor supraterane deschise;<\/li>\n\n\n\n<li>Sistem de management al parc\u0103rilor supraterane \u00eenchise.<\/li>\n\n\n\n<li>Crearea unui traseu cu prioritate pentru pietoni \u0219i biciclete de 9 km.<\/li>\n\n\n\n<li>Sistem de monitorizare video necesar pentru cre\u0219terea siguran\u021bei \u0219i prevenirea criminalit\u0103\u021bii, orientat c\u0103tre traficul pietonal \u0219i zone intens circulate.<\/li>\n<\/ul>\n\n\n\n<p>CITE\u0218TE \u0218I: <strong><a href=\"https:\/\/buletin.de\/bucuresti\/asociatia-metrou-usor-acuza-ca-noul-pmud-a-fost-reciclat-sunt-capitole-si-tabele-intregi-din-documentatii-precedente-ce-nu-mai-sunt-de-actualitate\/\" target=\"_blank\" rel=\"noreferrer noopener\">Asocia\u0163ia \u201eMetrou U\u0219or\u201d acuz\u0103 c\u0103 noul PMUD a fost \u201ereciclat\u201d: \u201eSunt capitole \u00eentregi din documenta\u021bii precedente ce nu mai sunt de actualitate\u201d<\/a><\/strong><\/p>\n","protected":false},"excerpt":{"rendered":"<p>Bucure\u0219tiul ar trebui s\u0103 se schimbe radical, dac\u0103 Planul de Mobilitate Urban Durabil\u0103 (PMUD) va fi pus \u00een aplicare \u00een anii urm\u0103tori. Noul centru al Capitalei va presupune reamenajarea de str\u0103zi, poduri noi \u0219i reconfigurarea transportului \u00een comun. Cum va ar\u0103ta noul centru al Capitalei Planul Integrat de Dezvoltare urban\u0103 \u2013 Zona Central\u0103 Bucure\u0219ti, inclus [&hellip;]<\/p>\n","protected":false},"author":60,"featured_media":97270,"comment_status":"closed","ping_status":"open","sticky":false,"template":"","format":"standard","meta":{"_acf_changed":false,"inline_featured_image":false,"ngg_post_thumbnail":0,"footnotes":""},"categories":[6994,5762,169],"tags":[14886,14765,285,14888,14887],"ppma_author":[22582],"class_list":["post-97138","post","type-post","status-publish","format-standard","has-post-thumbnail","hentry","category-stiri-2","category-main","category-reportaj","tag-noul-centru-al-capitalei","tag-planului-de-mobilitate-urbana-durabila","tag-pmud","tag-proiect-bucuresti","tag-schimbare-bucuresti"],"acf":[],"yoast_head":"<!-- This site is optimized with the Yoast SEO Premium plugin v25.3 (Yoast SEO v27.4) - https:\/\/yoast.com\/product\/yoast-seo-premium-wordpress\/ -->\n<title>Noul Centru al Capitalei | Parlament \u201epietonal\u201d, poduri noi peste D\u00e2mbovi\u0163a \u015fi \u201earc\u201d de tramvai peste Pia\u0163a Unirii - Buletin de Bucure\u0219ti<\/title>\n<meta name=\"description\" content=\"Noul centru al Capitalei va presupune reamenajarea de str\u0103zi, poduri noi \u0219i reconfigurarea transportului \u00een comun.\" \/>\n<meta name=\"robots\" content=\"index, follow, max-snippet:-1, max-image-preview:large, max-video-preview:-1\" \/>\n<link rel=\"canonical\" href=\"https:\/\/buletin.de\/bucuresti\/noul-centru-al-capitalei-parlament-pietonal-poduri-noi-peste-dambovita-si-arc-de-tramvai-peste-piata-unirii\/\" \/>\n<meta property=\"og:locale\" content=\"en_GB\" \/>\n<meta property=\"og:type\" content=\"article\" \/>\n<meta property=\"og:title\" content=\"Noul Centru al Capitalei | Parlament \u201epietonal\u201d, poduri noi peste D\u00e2mbovi\u0163a \u015fi \u201earc\u201d de tramvai peste Pia\u0163a Unirii\" \/>\n<meta property=\"og:description\" content=\"Noul centru al Capitalei va presupune reamenajarea de str\u0103zi, poduri noi \u0219i reconfigurarea transportului \u00een comun.\" \/>\n<meta property=\"og:url\" content=\"https:\/\/buletin.de\/bucuresti\/noul-centru-al-capitalei-parlament-pietonal-poduri-noi-peste-dambovita-si-arc-de-tramvai-peste-piata-unirii\/\" \/>\n<meta property=\"og:site_name\" content=\"Buletin de Bucure\u0219ti\" \/>\n<meta property=\"article:publisher\" content=\"https:\/\/www.facebook.com\/buletin.de.buc\" \/>\n<meta property=\"article:published_time\" content=\"2024-09-08T05:45:48+00:00\" \/>\n<meta property=\"article:modified_time\" content=\"2024-09-08T14:53:45+00:00\" \/>\n<meta property=\"og:image\" content=\"https:\/\/buletin.de\/bucuresti\/wp-content\/uploads\/noulcentrualcapitalei_INQUAM_Photos_Alexandru_Busca.jpg\" \/>\n\t<meta property=\"og:image:width\" content=\"1200\" \/>\n\t<meta property=\"og:image:height\" content=\"800\" \/>\n\t<meta property=\"og:image:type\" content=\"image\/jpeg\" \/>\n<meta name=\"author\" content=\"R\u0103zvan Chiru\u021b\u0103\" \/>\n<meta name=\"twitter:card\" content=\"summary_large_image\" \/>\n<meta name=\"twitter:label1\" content=\"Written by\" \/>\n\t<meta name=\"twitter:data1\" content=\"R\u0103zvan Chiru\u021b\u0103\" \/>\n\t<meta name=\"twitter:label2\" content=\"Estimated reading time\" \/>\n\t<meta name=\"twitter:data2\" content=\"4 minutes\" \/>\n<script type=\"application\/ld+json\" class=\"yoast-schema-graph\">{\"@context\":\"https:\\\/\\\/schema.org\",\"@graph\":[{\"@type\":\"Article\",\"@id\":\"https:\\\/\\\/buletin.de\\\/bucuresti\\\/noul-centru-al-capitalei-parlament-pietonal-poduri-noi-peste-dambovita-si-arc-de-tramvai-peste-piata-unirii\\\/#article\",\"isPartOf\":{\"@id\":\"https:\\\/\\\/buletin.de\\\/bucuresti\\\/noul-centru-al-capitalei-parlament-pietonal-poduri-noi-peste-dambovita-si-arc-de-tramvai-peste-piata-unirii\\\/\"},\"author\":{\"name\":\"R\u0103zvan Chiru\u021b\u0103\",\"@id\":\"https:\\\/\\\/buletin.de\\\/bucuresti\\\/#\\\/schema\\\/person\\\/a76df728dfc913795a9d90e346b253bb\"},\"headline\":\"Noul Centru al Capitalei | Parlament \u201epietonal\u201d, poduri noi peste D\u00e2mbovi\u0163a \u015fi \u201earc\u201d de tramvai peste Pia\u0163a Unirii\",\"datePublished\":\"2024-09-08T05:45:48+00:00\",\"dateModified\":\"2024-09-08T14:53:45+00:00\",\"mainEntityOfPage\":{\"@id\":\"https:\\\/\\\/buletin.de\\\/bucuresti\\\/noul-centru-al-capitalei-parlament-pietonal-poduri-noi-peste-dambovita-si-arc-de-tramvai-peste-piata-unirii\\\/\"},\"wordCount\":718,\"publisher\":{\"@id\":\"https:\\\/\\\/buletin.de\\\/bucuresti\\\/#organization\"},\"image\":{\"@id\":\"https:\\\/\\\/buletin.de\\\/bucuresti\\\/noul-centru-al-capitalei-parlament-pietonal-poduri-noi-peste-dambovita-si-arc-de-tramvai-peste-piata-unirii\\\/#primaryimage\"},\"thumbnailUrl\":\"https:\\\/\\\/buletin.de\\\/bucuresti\\\/wp-content\\\/uploads\\\/noulcentrualcapitalei_INQUAM_Photos_Alexandru_Busca.jpg\",\"keywords\":[\"noul centru al capitalei\",\"Planului de Mobilitate Urban\u0103 Durabil\u0103\",\"pmud\",\"proiect bucuresti\",\"schimbare bucuresti\"],\"articleSection\":[\"Articole\",\"Main\",\"Reportaj\"],\"inLanguage\":\"en-GB\",\"copyrightYear\":\"2024\",\"copyrightHolder\":{\"@id\":\"https:\\\/\\\/buletin.de\\\/bucuresti\\\/#organization\"}},{\"@type\":\"WebPage\",\"@id\":\"https:\\\/\\\/buletin.de\\\/bucuresti\\\/noul-centru-al-capitalei-parlament-pietonal-poduri-noi-peste-dambovita-si-arc-de-tramvai-peste-piata-unirii\\\/\",\"url\":\"https:\\\/\\\/buletin.de\\\/bucuresti\\\/noul-centru-al-capitalei-parlament-pietonal-poduri-noi-peste-dambovita-si-arc-de-tramvai-peste-piata-unirii\\\/\",\"name\":\"Noul Centru al Capitalei | Parlament \u201epietonal\u201d, poduri noi peste D\u00e2mbovi\u0163a \u015fi \u201earc\u201d de tramvai peste Pia\u0163a Unirii - Buletin de Bucure\u0219ti\",\"isPartOf\":{\"@id\":\"https:\\\/\\\/buletin.de\\\/bucuresti\\\/#website\"},\"primaryImageOfPage\":{\"@id\":\"https:\\\/\\\/buletin.de\\\/bucuresti\\\/noul-centru-al-capitalei-parlament-pietonal-poduri-noi-peste-dambovita-si-arc-de-tramvai-peste-piata-unirii\\\/#primaryimage\"},\"image\":{\"@id\":\"https:\\\/\\\/buletin.de\\\/bucuresti\\\/noul-centru-al-capitalei-parlament-pietonal-poduri-noi-peste-dambovita-si-arc-de-tramvai-peste-piata-unirii\\\/#primaryimage\"},\"thumbnailUrl\":\"https:\\\/\\\/buletin.de\\\/bucuresti\\\/wp-content\\\/uploads\\\/noulcentrualcapitalei_INQUAM_Photos_Alexandru_Busca.jpg\",\"datePublished\":\"2024-09-08T05:45:48+00:00\",\"dateModified\":\"2024-09-08T14:53:45+00:00\",\"description\":\"Noul centru al Capitalei va presupune reamenajarea de str\u0103zi, poduri noi \u0219i reconfigurarea transportului \u00een comun.\",\"breadcrumb\":{\"@id\":\"https:\\\/\\\/buletin.de\\\/bucuresti\\\/noul-centru-al-capitalei-parlament-pietonal-poduri-noi-peste-dambovita-si-arc-de-tramvai-peste-piata-unirii\\\/#breadcrumb\"},\"inLanguage\":\"en-GB\",\"potentialAction\":[{\"@type\":\"ReadAction\",\"target\":[\"https:\\\/\\\/buletin.de\\\/bucuresti\\\/noul-centru-al-capitalei-parlament-pietonal-poduri-noi-peste-dambovita-si-arc-de-tramvai-peste-piata-unirii\\\/\"]}]},{\"@type\":\"ImageObject\",\"inLanguage\":\"en-GB\",\"@id\":\"https:\\\/\\\/buletin.de\\\/bucuresti\\\/noul-centru-al-capitalei-parlament-pietonal-poduri-noi-peste-dambovita-si-arc-de-tramvai-peste-piata-unirii\\\/#primaryimage\",\"url\":\"https:\\\/\\\/buletin.de\\\/bucuresti\\\/wp-content\\\/uploads\\\/noulcentrualcapitalei_INQUAM_Photos_Alexandru_Busca.jpg\",\"contentUrl\":\"https:\\\/\\\/buletin.de\\\/bucuresti\\\/wp-content\\\/uploads\\\/noulcentrualcapitalei_INQUAM_Photos_Alexandru_Busca.jpg\",\"width\":1200,\"height\":800,\"caption\":\"Noul centru al Capitalei va presupune reamenajarea de str\u0103zi, poduri noi \u0219i reconfigurarea transportului \u00een comun. Foto: Inquam Photos \\\/ Alexandru Busca\"},{\"@type\":\"BreadcrumbList\",\"@id\":\"https:\\\/\\\/buletin.de\\\/bucuresti\\\/noul-centru-al-capitalei-parlament-pietonal-poduri-noi-peste-dambovita-si-arc-de-tramvai-peste-piata-unirii\\\/#breadcrumb\",\"itemListElement\":[{\"@type\":\"ListItem\",\"position\":1,\"name\":\"Acas\u0103\",\"item\":\"https:\\\/\\\/buletin.de\\\/bucuresti\\\/\"},{\"@type\":\"ListItem\",\"position\":2,\"name\":\"Noul Centru al Capitalei | Parlament \u201epietonal\u201d, poduri noi peste D\u00e2mbovi\u0163a \u015fi \u201earc\u201d de tramvai peste Pia\u0163a Unirii\"}]},{\"@type\":\"WebSite\",\"@id\":\"https:\\\/\\\/buletin.de\\\/bucuresti\\\/#website\",\"url\":\"https:\\\/\\\/buletin.de\\\/bucuresti\\\/\",\"name\":\"Buletin de Bucure\u0219ti\",\"description\":\"\u0218tiri \u0219i investiga\u021bii esen\u021biale din capital\u0103\",\"publisher\":{\"@id\":\"https:\\\/\\\/buletin.de\\\/bucuresti\\\/#organization\"},\"potentialAction\":[{\"@type\":\"SearchAction\",\"target\":{\"@type\":\"EntryPoint\",\"urlTemplate\":\"https:\\\/\\\/buletin.de\\\/bucuresti\\\/?s={search_term_string}\"},\"query-input\":{\"@type\":\"PropertyValueSpecification\",\"valueRequired\":true,\"valueName\":\"search_term_string\"}}],\"inLanguage\":\"en-GB\"},{\"@type\":\"Organization\",\"@id\":\"https:\\\/\\\/buletin.de\\\/bucuresti\\\/#organization\",\"name\":\"Buletin de Bucure\u0219ti\",\"url\":\"https:\\\/\\\/buletin.de\\\/bucuresti\\\/\",\"logo\":{\"@type\":\"ImageObject\",\"inLanguage\":\"en-GB\",\"@id\":\"https:\\\/\\\/buletin.de\\\/bucuresti\\\/#\\\/schema\\\/logo\\\/image\\\/\",\"url\":\"https:\\\/\\\/buletin.de\\\/bucuresti\\\/wp-content\\\/uploads\\\/logo-bdb-full-wide-vernil-transparent.png\",\"contentUrl\":\"https:\\\/\\\/buletin.de\\\/bucuresti\\\/wp-content\\\/uploads\\\/logo-bdb-full-wide-vernil-transparent.png\",\"width\":1782,\"height\":626,\"caption\":\"Buletin de Bucure\u0219ti\"},\"image\":{\"@id\":\"https:\\\/\\\/buletin.de\\\/bucuresti\\\/#\\\/schema\\\/logo\\\/image\\\/\"},\"sameAs\":[\"https:\\\/\\\/www.facebook.com\\\/buletin.de.buc\",\"https:\\\/\\\/www.instagram.com\\\/buletinde.bucuresti\\\/\"]},{\"@type\":\"Person\",\"@id\":\"https:\\\/\\\/buletin.de\\\/bucuresti\\\/#\\\/schema\\\/person\\\/a76df728dfc913795a9d90e346b253bb\",\"name\":\"R\u0103zvan Chiru\u021b\u0103\",\"image\":{\"@type\":\"ImageObject\",\"inLanguage\":\"en-GB\",\"@id\":\"https:\\\/\\\/buletin.de\\\/bucuresti\\\/wp-content\\\/uploads\\\/Razvan-Chiruta-96x96.jpge7143b996fd4241fbd6ee1f6b6b7b267\",\"url\":\"https:\\\/\\\/buletin.de\\\/bucuresti\\\/wp-content\\\/uploads\\\/Razvan-Chiruta-96x96.jpg\",\"contentUrl\":\"https:\\\/\\\/buletin.de\\\/bucuresti\\\/wp-content\\\/uploads\\\/Razvan-Chiruta-96x96.jpg\",\"caption\":\"R\u0103zvan Chiru\u021b\u0103\"},\"description\":\"R\u0103zvan Chiru\u021b\u0103 este redactor-\u0219ef adjunct din iulie 2024. A fost redactor-\u0219ef al PRESShub \u00eentre 2022 \u0219i iunie 2024. Anterior, a fost redactor-\u0219ef al Newsweek Rom\u00e2nia, din 2018 p\u00e2n\u0103 \u00een 2021, \u0219i al cotidianului Rom\u00e2nia liber\u0103, \u00eentre 2015 \u0219i 2017. Este absolvent de Jurnalism, \u00een cadrul Universit\u0103\u021bii \u201eAl.I.Cuza\u201d din Ia\u0219i, \u0219i a urmat un master \u00een Managementul institu\u021biilor mass-media (f\u0103r\u0103 diserta\u021bie) la Facultatea de Jurnalism \u0219i \u0218tiin\u021bele Comunic\u0103rii din cadrul Universit\u0103\u021bii din Bucure\u0219ti. \u0218i-a \u00eenceput cariera la Opinia studen\u021beasc\u0103, cunoscuta \u0219coal\u0103 de pres\u0103 din Ia\u0219i. A lucrat \u00een presa local\u0103, apoi a devenit corespondent pentru Ia\u0219i al cotidianului Evenimentul Zilei. Din 2004, a coordonat pentru \u0219ase luni sec\u021bia de coresponden\u021bi a Evenimentului Zilei. A mai lucrat la s\u0103pt\u0103m\u00e2nalul Prezent \u0219i a colaborat cu revistele Dilema Veche \u0219i Suplimentul de Cultur\u0103. Este co-autor \u00een volumele \u201eMass-media \u0219i democra\u021bia \u00een Rom\u00e2nia post-comunist\u0103\u201d (ed. a II-a), Ed. Institutul European, Ia\u0219i, 2013, \u0219i \u201eCOVID - 19. Dimensiuni ale gestionarii pandemiei\u201d, Editura Junimea, Ia\u0219i, 2020.\",\"url\":\"https:\\\/\\\/buletin.de\\\/bucuresti\\\/author\\\/razvan-chiruta\\\/\"}]}<\/script>\n<!-- \/ Yoast SEO Premium plugin. -->","yoast_head_json":{"title":"Noul Centru al Capitalei | Parlament \u201epietonal\u201d, poduri noi peste D\u00e2mbovi\u0163a \u015fi \u201earc\u201d de tramvai peste Pia\u0163a Unirii - Buletin de Bucure\u0219ti","description":"Noul centru al Capitalei va presupune reamenajarea de str\u0103zi, poduri noi \u0219i reconfigurarea transportului \u00een comun.","robots":{"index":"index","follow":"follow","max-snippet":"max-snippet:-1","max-image-preview":"max-image-preview:large","max-video-preview":"max-video-preview:-1"},"canonical":"https:\/\/buletin.de\/bucuresti\/noul-centru-al-capitalei-parlament-pietonal-poduri-noi-peste-dambovita-si-arc-de-tramvai-peste-piata-unirii\/","og_locale":"en_GB","og_type":"article","og_title":"Noul Centru al Capitalei | Parlament \u201epietonal\u201d, poduri noi peste D\u00e2mbovi\u0163a \u015fi \u201earc\u201d de tramvai peste Pia\u0163a Unirii","og_description":"Noul centru al Capitalei va presupune reamenajarea de str\u0103zi, poduri noi \u0219i reconfigurarea transportului \u00een comun.","og_url":"https:\/\/buletin.de\/bucuresti\/noul-centru-al-capitalei-parlament-pietonal-poduri-noi-peste-dambovita-si-arc-de-tramvai-peste-piata-unirii\/","og_site_name":"Buletin de Bucure\u0219ti","article_publisher":"https:\/\/www.facebook.com\/buletin.de.buc","article_published_time":"2024-09-08T05:45:48+00:00","article_modified_time":"2024-09-08T14:53:45+00:00","og_image":[{"width":1200,"height":800,"url":"https:\/\/buletin.de\/bucuresti\/wp-content\/uploads\/noulcentrualcapitalei_INQUAM_Photos_Alexandru_Busca.jpg","type":"image\/jpeg"}],"author":"R\u0103zvan Chiru\u021b\u0103","twitter_card":"summary_large_image","twitter_misc":{"Written by":"R\u0103zvan Chiru\u021b\u0103","Estimated reading time":"4 minutes"},"schema":{"@context":"https:\/\/schema.org","@graph":[{"@type":"Article","@id":"https:\/\/buletin.de\/bucuresti\/noul-centru-al-capitalei-parlament-pietonal-poduri-noi-peste-dambovita-si-arc-de-tramvai-peste-piata-unirii\/#article","isPartOf":{"@id":"https:\/\/buletin.de\/bucuresti\/noul-centru-al-capitalei-parlament-pietonal-poduri-noi-peste-dambovita-si-arc-de-tramvai-peste-piata-unirii\/"},"author":{"name":"R\u0103zvan Chiru\u021b\u0103","@id":"https:\/\/buletin.de\/bucuresti\/#\/schema\/person\/a76df728dfc913795a9d90e346b253bb"},"headline":"Noul Centru al Capitalei | Parlament \u201epietonal\u201d, poduri noi peste D\u00e2mbovi\u0163a \u015fi \u201earc\u201d de tramvai peste Pia\u0163a Unirii","datePublished":"2024-09-08T05:45:48+00:00","dateModified":"2024-09-08T14:53:45+00:00","mainEntityOfPage":{"@id":"https:\/\/buletin.de\/bucuresti\/noul-centru-al-capitalei-parlament-pietonal-poduri-noi-peste-dambovita-si-arc-de-tramvai-peste-piata-unirii\/"},"wordCount":718,"publisher":{"@id":"https:\/\/buletin.de\/bucuresti\/#organization"},"image":{"@id":"https:\/\/buletin.de\/bucuresti\/noul-centru-al-capitalei-parlament-pietonal-poduri-noi-peste-dambovita-si-arc-de-tramvai-peste-piata-unirii\/#primaryimage"},"thumbnailUrl":"https:\/\/buletin.de\/bucuresti\/wp-content\/uploads\/noulcentrualcapitalei_INQUAM_Photos_Alexandru_Busca.jpg","keywords":["noul centru al capitalei","Planului de Mobilitate Urban\u0103 Durabil\u0103","pmud","proiect bucuresti","schimbare bucuresti"],"articleSection":["Articole","Main","Reportaj"],"inLanguage":"en-GB","copyrightYear":"2024","copyrightHolder":{"@id":"https:\/\/buletin.de\/bucuresti\/#organization"}},{"@type":"WebPage","@id":"https:\/\/buletin.de\/bucuresti\/noul-centru-al-capitalei-parlament-pietonal-poduri-noi-peste-dambovita-si-arc-de-tramvai-peste-piata-unirii\/","url":"https:\/\/buletin.de\/bucuresti\/noul-centru-al-capitalei-parlament-pietonal-poduri-noi-peste-dambovita-si-arc-de-tramvai-peste-piata-unirii\/","name":"Noul Centru al Capitalei | Parlament \u201epietonal\u201d, poduri noi peste D\u00e2mbovi\u0163a \u015fi \u201earc\u201d de tramvai peste Pia\u0163a Unirii - Buletin de Bucure\u0219ti","isPartOf":{"@id":"https:\/\/buletin.de\/bucuresti\/#website"},"primaryImageOfPage":{"@id":"https:\/\/buletin.de\/bucuresti\/noul-centru-al-capitalei-parlament-pietonal-poduri-noi-peste-dambovita-si-arc-de-tramvai-peste-piata-unirii\/#primaryimage"},"image":{"@id":"https:\/\/buletin.de\/bucuresti\/noul-centru-al-capitalei-parlament-pietonal-poduri-noi-peste-dambovita-si-arc-de-tramvai-peste-piata-unirii\/#primaryimage"},"thumbnailUrl":"https:\/\/buletin.de\/bucuresti\/wp-content\/uploads\/noulcentrualcapitalei_INQUAM_Photos_Alexandru_Busca.jpg","datePublished":"2024-09-08T05:45:48+00:00","dateModified":"2024-09-08T14:53:45+00:00","description":"Noul centru al Capitalei va presupune reamenajarea de str\u0103zi, poduri noi \u0219i reconfigurarea transportului \u00een comun.","breadcrumb":{"@id":"https:\/\/buletin.de\/bucuresti\/noul-centru-al-capitalei-parlament-pietonal-poduri-noi-peste-dambovita-si-arc-de-tramvai-peste-piata-unirii\/#breadcrumb"},"inLanguage":"en-GB","potentialAction":[{"@type":"ReadAction","target":["https:\/\/buletin.de\/bucuresti\/noul-centru-al-capitalei-parlament-pietonal-poduri-noi-peste-dambovita-si-arc-de-tramvai-peste-piata-unirii\/"]}]},{"@type":"ImageObject","inLanguage":"en-GB","@id":"https:\/\/buletin.de\/bucuresti\/noul-centru-al-capitalei-parlament-pietonal-poduri-noi-peste-dambovita-si-arc-de-tramvai-peste-piata-unirii\/#primaryimage","url":"https:\/\/buletin.de\/bucuresti\/wp-content\/uploads\/noulcentrualcapitalei_INQUAM_Photos_Alexandru_Busca.jpg","contentUrl":"https:\/\/buletin.de\/bucuresti\/wp-content\/uploads\/noulcentrualcapitalei_INQUAM_Photos_Alexandru_Busca.jpg","width":1200,"height":800,"caption":"Noul centru al Capitalei va presupune reamenajarea de str\u0103zi, poduri noi \u0219i reconfigurarea transportului \u00een comun. Foto: Inquam Photos \/ Alexandru Busca"},{"@type":"BreadcrumbList","@id":"https:\/\/buletin.de\/bucuresti\/noul-centru-al-capitalei-parlament-pietonal-poduri-noi-peste-dambovita-si-arc-de-tramvai-peste-piata-unirii\/#breadcrumb","itemListElement":[{"@type":"ListItem","position":1,"name":"Acas\u0103","item":"https:\/\/buletin.de\/bucuresti\/"},{"@type":"ListItem","position":2,"name":"Noul Centru al Capitalei | Parlament \u201epietonal\u201d, poduri noi peste D\u00e2mbovi\u0163a \u015fi \u201earc\u201d de tramvai peste Pia\u0163a Unirii"}]},{"@type":"WebSite","@id":"https:\/\/buletin.de\/bucuresti\/#website","url":"https:\/\/buletin.de\/bucuresti\/","name":"Buletin de Bucure\u0219ti","description":"\u0218tiri \u0219i investiga\u021bii esen\u021biale din capital\u0103","publisher":{"@id":"https:\/\/buletin.de\/bucuresti\/#organization"},"potentialAction":[{"@type":"SearchAction","target":{"@type":"EntryPoint","urlTemplate":"https:\/\/buletin.de\/bucuresti\/?s={search_term_string}"},"query-input":{"@type":"PropertyValueSpecification","valueRequired":true,"valueName":"search_term_string"}}],"inLanguage":"en-GB"},{"@type":"Organization","@id":"https:\/\/buletin.de\/bucuresti\/#organization","name":"Buletin de Bucure\u0219ti","url":"https:\/\/buletin.de\/bucuresti\/","logo":{"@type":"ImageObject","inLanguage":"en-GB","@id":"https:\/\/buletin.de\/bucuresti\/#\/schema\/logo\/image\/","url":"https:\/\/buletin.de\/bucuresti\/wp-content\/uploads\/logo-bdb-full-wide-vernil-transparent.png","contentUrl":"https:\/\/buletin.de\/bucuresti\/wp-content\/uploads\/logo-bdb-full-wide-vernil-transparent.png","width":1782,"height":626,"caption":"Buletin de Bucure\u0219ti"},"image":{"@id":"https:\/\/buletin.de\/bucuresti\/#\/schema\/logo\/image\/"},"sameAs":["https:\/\/www.facebook.com\/buletin.de.buc","https:\/\/www.instagram.com\/buletinde.bucuresti\/"]},{"@type":"Person","@id":"https:\/\/buletin.de\/bucuresti\/#\/schema\/person\/a76df728dfc913795a9d90e346b253bb","name":"R\u0103zvan Chiru\u021b\u0103","image":{"@type":"ImageObject","inLanguage":"en-GB","@id":"https:\/\/buletin.de\/bucuresti\/wp-content\/uploads\/Razvan-Chiruta-96x96.jpge7143b996fd4241fbd6ee1f6b6b7b267","url":"https:\/\/buletin.de\/bucuresti\/wp-content\/uploads\/Razvan-Chiruta-96x96.jpg","contentUrl":"https:\/\/buletin.de\/bucuresti\/wp-content\/uploads\/Razvan-Chiruta-96x96.jpg","caption":"R\u0103zvan Chiru\u021b\u0103"},"description":"R\u0103zvan Chiru\u021b\u0103 este redactor-\u0219ef adjunct din iulie 2024. A fost redactor-\u0219ef al PRESShub \u00eentre 2022 \u0219i iunie 2024. Anterior, a fost redactor-\u0219ef al Newsweek Rom\u00e2nia, din 2018 p\u00e2n\u0103 \u00een 2021, \u0219i al cotidianului Rom\u00e2nia liber\u0103, \u00eentre 2015 \u0219i 2017. Este absolvent de Jurnalism, \u00een cadrul Universit\u0103\u021bii \u201eAl.I.Cuza\u201d din Ia\u0219i, \u0219i a urmat un master \u00een Managementul institu\u021biilor mass-media (f\u0103r\u0103 diserta\u021bie) la Facultatea de Jurnalism \u0219i \u0218tiin\u021bele Comunic\u0103rii din cadrul Universit\u0103\u021bii din Bucure\u0219ti. \u0218i-a \u00eenceput cariera la Opinia studen\u021beasc\u0103, cunoscuta \u0219coal\u0103 de pres\u0103 din Ia\u0219i. A lucrat \u00een presa local\u0103, apoi a devenit corespondent pentru Ia\u0219i al cotidianului Evenimentul Zilei. Din 2004, a coordonat pentru \u0219ase luni sec\u021bia de coresponden\u021bi a Evenimentului Zilei. A mai lucrat la s\u0103pt\u0103m\u00e2nalul Prezent \u0219i a colaborat cu revistele Dilema Veche \u0219i Suplimentul de Cultur\u0103. Este co-autor \u00een volumele \u201eMass-media \u0219i democra\u021bia \u00een Rom\u00e2nia post-comunist\u0103\u201d (ed. a II-a), Ed. Institutul European, Ia\u0219i, 2013, \u0219i \u201eCOVID - 19. Dimensiuni ale gestionarii pandemiei\u201d, Editura Junimea, Ia\u0219i, 2020.","url":"https:\/\/buletin.de\/bucuresti\/author\/razvan-chiruta\/"}]}},"authors":[{"term_id":22582,"user_id":60,"is_guest":0,"slug":"razvan-chiruta","display_name":"R\u0103zvan Chiru\u021b\u0103","avatar_url":"https:\/\/buletin.de\/bucuresti\/wp-content\/uploads\/Razvan-Chiruta-96x96.jpg","0":null,"1":"","2":"","3":"","4":"","5":"","6":"","7":"","8":""}],"_links":{"self":[{"href":"https:\/\/buletin.de\/bucuresti\/wp-json\/wp\/v2\/posts\/97138","targetHints":{"allow":["GET"]}}],"collection":[{"href":"https:\/\/buletin.de\/bucuresti\/wp-json\/wp\/v2\/posts"}],"about":[{"href":"https:\/\/buletin.de\/bucuresti\/wp-json\/wp\/v2\/types\/post"}],"author":[{"embeddable":true,"href":"https:\/\/buletin.de\/bucuresti\/wp-json\/wp\/v2\/users\/60"}],"replies":[{"embeddable":true,"href":"https:\/\/buletin.de\/bucuresti\/wp-json\/wp\/v2\/comments?post=97138"}],"version-history":[{"count":8,"href":"https:\/\/buletin.de\/bucuresti\/wp-json\/wp\/v2\/posts\/97138\/revisions"}],"predecessor-version":[{"id":97272,"href":"https:\/\/buletin.de\/bucuresti\/wp-json\/wp\/v2\/posts\/97138\/revisions\/97272"}],"wp:featuredmedia":[{"embeddable":true,"href":"https:\/\/buletin.de\/bucuresti\/wp-json\/wp\/v2\/media\/97270"}],"wp:attachment":[{"href":"https:\/\/buletin.de\/bucuresti\/wp-json\/wp\/v2\/media?parent=97138"}],"wp:term":[{"taxonomy":"category","embeddable":true,"href":"https:\/\/buletin.de\/bucuresti\/wp-json\/wp\/v2\/categories?post=97138"},{"taxonomy":"post_tag","embeddable":true,"href":"https:\/\/buletin.de\/bucuresti\/wp-json\/wp\/v2\/tags?post=97138"},{"taxonomy":"author","embeddable":true,"href":"https:\/\/buletin.de\/bucuresti\/wp-json\/wp\/v2\/ppma_author?post=97138"}],"curies":[{"name":"wp","href":"https:\/\/api.w.org\/{rel}","templated":true}]}}