{"id":97045,"date":"2024-09-06T11:10:47","date_gmt":"2024-09-06T08:10:47","guid":{"rendered":"https:\/\/buletin.de\/bucuresti\/?p=97045"},"modified":"2024-09-06T14:53:04","modified_gmt":"2024-09-06T11:53:04","slug":"dmitry-sitkovetsky-valentin-radutiu-si-lukas-geniusas-recital-de-exceptie-la-ateneul-roman-in-cadrul-concursului-international-george-enescu","status":"publish","type":"post","link":"https:\/\/buletin.de\/bucuresti\/dmitry-sitkovetsky-valentin-radutiu-si-lukas-geniusas-recital-de-exceptie-la-ateneul-roman-in-cadrul-concursului-international-george-enescu\/","title":{"rendered":"Dmitry Sitkovetsky, Valentin R\u0103du\u021biu \u0219i Lukas Geniu\u0161as, recital de excep\u021bie la Ateneul Rom\u00e2n, \u00een cadrul Concursului Interna\u021bional George Enescu"},"content":{"rendered":"\n<p><strong>Celebrul violonist Dmitry Sitkovetsky, pre\u0219edintele Juriului pentru sec\u021biunea de vioar\u0103 a Concursului Interna\u021bional George Enescu, edi\u021bia a XIX-a, sus\u021bine vineri, 6 septembrie 2024, de la ora 19:00, un recital de excep\u021bie la Ateneul Rom\u00e2n, al\u0103turi de bine-cunoscutul violoncelist de origine rom\u00e2n\u0103 Valentin R\u0103du\u021biu \u0219i de pianistul Lukas Geniu\u0161as. <\/strong><\/p>\n\n\n\n<p><strong>Evenimentul face parte din Seria de recitaluri pe care Concursul Enescu o ofer\u0103 publicului meloman pe parcursul desf\u0103\u0219ur\u0103rii competi\u021biei interna\u021bionale.&nbsp;<\/strong><\/p>\n\n\n\n<p><strong>Buletin de Bucure\u0219ti este partener media al Concursul Interna\u021bional George Enescu 2024.<\/strong><\/p>\n\n\n\n<h2 class=\"wp-block-heading\" id=\"h-recital-de-excep\u021bie-la-ateneul-roman\">Recital de excep\u021bie la Ateneul Rom\u00e2n<\/h2>\n\n\n\n<p><strong>Programul evenimentului va cuprinde Sonata \u00een la minor pentru arpeggione \u0219i pian D. 821, Sonata \u00een la major pentru vioar\u0103 \u0219i pian D. 574 \u0219i Trio nr. 1 \u00een si bemol major op. 99 de Franz Schubert.<\/strong><\/p>\n\n\n\n<p>Personalitate emblematic\u0103 \u0219i Pre\u0219edinte al Sec\u021biunii de Vioar\u0103 din cadrul celei de a XIX-a edi\u021bii a Concursului Interna\u021bional George Enescu, <strong>Dmitry Sitkovetsky<\/strong> este un artist a c\u0103rui carier\u0103 se \u00eentinde pe mai bine de patru decenii. <\/p>\n\n\n\n<p>Sitkovetsky este celebru la nivel mondial ca violonist, dirijor, creator, aranjor \u0219i facilitator, iar celebra sa carier\u0103 de violonist este documentat\u0103 \u00eentr-o discografie ce cuprinde peste 40 de \u00eenregistr\u0103ri ce reflect\u0103 amploarea impresionant\u0103 a repertoriului s\u0103u. <\/p>\n\n\n\n<p>Discurile au fost \u00eenregistrate \u00eempreun\u0103 cu Orchestra Simfonic\u0103 din Londra, Philharmonia \u0219i Orchestra Regal\u0103 Concertgebouw, Sitkovetsky av\u00e2nd al\u0103turi arti\u0219ti legendari, precum Colin Davis, Mariss Jansons, Neville Marriner \u0219i Yehudi Menuhin.<\/p>\n\n\n\n<p>CITE\u0218TE \u0218I: <strong><a href=\"https:\/\/buletin.de\/bucuresti\/violoncelistul-enrico-dindo-recital-cu-pianistul-mikhail-mordvinov-in-cadrul-concursului-international-george-enescu\/\" target=\"_blank\" rel=\"noreferrer noopener\">Violoncelistul Enrico Dindo, recital cu pianistul Mikhail Mordvinov \u00een cadrul Concursului Interna\u021bional George Enescu<\/a><\/strong><\/p>\n\n\n\n<h2 class=\"wp-block-heading\" id=\"h-cariera-lui-dmitry-sitkovetsky-pe-cele-mai-mari-scene-ale-lumii\">Cariera lui Dmitry Sitkovetsky, pe cele mai mari scene ale lumii<\/h2>\n\n\n\n<p><strong>Sitkovetsky<\/strong> a c\u00e2ntat cu cele mai importante orchestre din lume, printre care Filarmonica din Berlin, Orchestra Simfonic\u0103 din Chicago, Orchestra din Cleveland, Filarmonica din Los Angeles, Gewandhaus Leipzig, Filarmonica din New York, Orchestra Simfonic\u0103 NHK, Orchestra din Philadelphia.<\/p>\n\n\n\n<p>\u00cen 1990, Sitkovetsky a fondat Orchestra de Camer\u0103 New European Strings (NES) \u2013 care reune\u0219te cei mai distin\u0219i interpre\u021bi de coarde din cele mai bune ansambluri europene, at\u00e2t din lumea muzical\u0103 rus\u0103, c\u00e2t \u0219i din cea occidental\u0103.<\/p>\n\n\n\n<p>Numele lui <strong>Dmitry Sitkovetsky<\/strong> a devenit, de asemenea, sinonim cu arta transcrip\u021biei. Versiunile sale emblematice pentru orchestr\u0103 \u0219i trio de coarde ale Varia\u021biunilor Goldberg de Bach au c\u0103p\u0103tat un caracter de sine st\u0103t\u0103tor. \u00cen urma acestui succes f\u0103r\u0103 precedent, a continuat s\u0103 aranjeze peste 50 de lucr\u0103ri de referin\u021b\u0103 semnate de compozitori precum Bart\u00f3k, Beethoven, Brahms, Haydn, Schnittke \u0219i \u0218ostakovici.<\/p>\n\n\n\n<h2 class=\"wp-block-heading\" id=\"h-cine-este-valentin-radu\u021biu\">Cine este Valentin R\u0103du\u021biu<\/h2>\n\n\n\n<p>Laureat al Concursului Interna\u021bional George Enescu din 2011, <strong>Valentin R\u0103du\u021biu<\/strong> este considerat \u201eunul dintre cei mai talenta\u021bi violonceli\u0219ti ai zilelor noastre\u201d \u0219i a fost apreciat de S\u00fcddeutsche Zeitung pentru \u201esunetul masculin str\u0103lucitor, distinctiv \u0219i incitant\u201d.<\/p>\n\n\n\n<p>R\u0103du\u021biu a concertat cu ansambluri precum Orchestra Simfonic\u0103 German\u0103 din Berlin, Filarmonica Radiodifuziunii Germane din Saarbr\u00fccken, orchestrele simfonice MDR Leipzig \u0219i SWR Stuttgart, Orchestra de Camer\u0103 din M\u00fcnchen, Camerata Salzburg, Orchestra German\u0103 a Filarmonicii de Camer\u0103 din Bremen, Filarmonica \u201cGeorge Enescu\u201d \u0219i Orchestra Na\u021bional\u0103 Radio, Orchestra Na\u021bional\u0103 Simfonic\u0103 din Letonia, Sinfonietta din Hong Kong, Orchestra de Camer\u0103 din W\u00fcrttemberg Heilbronn, Filarmonica din Praga, Orchestra de Camer\u0103 din Stuttgart, Filarmonica Ceh\u0103 \u0219i Orchestra Simfonic\u0103 World Youth.<\/p>\n\n\n\n<p>\u00cen 2014, Valentin R\u0103du\u021biu a lansat, al\u0103turi de Per Rundberg, un album cu integrala lucr\u0103rilor pentru violoncel \u0219i pian de George Enescu, iar discul a fost considerat de c\u0103tre critici o \u00eenregistrare de referin\u021b\u0103 (H\u00e4nssler Classic), dup\u0103 ce, \u00een 2013, a colaborat cu compozitorul \u0219i dirijorul Peter Ruzicka la \u00eenregistrarea, \u00een premier\u0103, a Concertului pentru violoncel \u0219i a lucr\u0103rilor camerale pentru violoncel de Ruzicka. Alte apari\u021bii discografice includ: Haydn, Mozart\/Cassad\u00f3, C.P.E. Bach cu Orchestra de Camer\u0103 din M\u00fcnchen (2016), Haydn, J.Ch. Bach, Janson cu Orchestra de Camer\u0103 din W\u00fcrttemberg Heilbronn (2019).<\/p>\n\n\n\n<p>Din 2019, Valentin R\u0103du\u021biu activeaz\u0103 ca prim-violoncelist \u00een Orchestra Simfonic\u0103 German\u0103 din Berlin, iar din 2021 este profesor universitar la Conservatorul Carl Maria von Weber din Dresda.<\/p>\n\n\n\n<p>CITE\u0218TE \u0218I:&nbsp;<strong><a href=\"https:\/\/buletin.de\/bucuresti\/concursul-enescu-a-primit-diploma-de-inalt-patronaj-al-presedintelui-romaniei\/\" target=\"_blank\" rel=\"noreferrer noopener\">Concursul Enescu a primit diploma de \u00cenalt Patronaj al Pre\u0219edintelui Rom\u00e2niei<\/a><\/strong><\/p>\n\n\n\n<h2 class=\"wp-block-heading\" id=\"h-lukas-geniusas-s-a-impus-ca-unul-dintre-cei-mai-fascinan\u021bi-\u0219i-deosebi\u021bi-arti\u0219ti-ai-genera\u021biei-sale\"><strong>Lukas Geniu\u0161as<\/strong> s-a impus ca unul dintre cei mai fascinan\u021bi \u0219i deosebi\u021bi arti\u0219ti ai genera\u021biei sale<\/h2>\n\n\n\n<p>Apreciat pentru \u201esclipirea \u0219i maturitatea sa\u201d (The Guardian), pianistul <strong>Lukas Geniu\u0161as<\/strong> a sus\u021binut recitaluri \u00een cele mai prestigioase s\u0103li din \u00eentreaga lume, cum ar fi Wigmore Hall, Elbphilharmonie Hamburg, Concertgebouw Amsterdam, Sala Gaveau, Louvre Auditorium, Frick Collection New York, Sala Verdi din Milano \u0219i Sala Mare a Conservatorului din Moscova. <\/p>\n\n\n\n<p>Lukas Geniu\u0161as este invitat s\u0103 c\u00e2nte al\u0103turi de cele mai importante ansambluri interna\u021bionale, printre care se num\u0103r\u0103 Orchestra Simfonic\u0103 NHK, orchestrele simfonice din Philadelphia, Paris, Toronto, Orchestra Royal Northern Sinfonia \u0219i Orchestra de Camer\u0103 Sco\u021bian\u0103, sub bagheta unor dirijori precum Esa-Pekka Salonen, Tugan Sokhiev, Mikhail Pletnev, Maxim Emelyanychev, Leonard Slatkin \u0219i Kristiina Poska, printre al\u021bii. <\/p>\n\n\n\n<p>A realizat \u00eenregistr\u0103ri \u0219i concerteaz\u0103 \u00een mod regulat cu violonistul Aylen Pritchin, al\u0103turi de so\u021bia sa, pianista Anna Geniushene, \u0219i \u00eempreun\u0103 cu soprana Asmik Grigorian pe unele dintre cele mai prestigioase scene din Europa: la festivalurile de la Salzburg \u0219i Aix-en-Provence, la Elbphilharmonie, Teatrul Scala din Milano sau la Konzerthaus din Viena.<\/p>\n\n\n\n<p>Lukas Geniu\u0161as a oferit recent primele interpret\u0103ri publice ale Sonatei nr. 1 pentru pian de Rahmaninov, \u00een versiunea original\u0103 \u0219i integral\u0103, pe care a \u00eenregistrat-o \u0219i la re\u0219edin\u021ba din Elve\u021bia a compozitorului.<\/p>\n\n\n\n<p>Ultimul CD lansat \u2013 care a primit recenzii de cinci stele din partea BBC Music \u0219i a revistei Gramophone, \u0219i a fost distins at\u00e2t cu Premiul CD-ul lunii acordat de Diapason, c\u00e2t \u0219i cu premiul Choc al revistei Classica \u2013 este cel mai recent dintr-o discografie ampl\u0103 \u0219i apreciat\u0103 de critici.<\/p>\n\n\n\n<p><strong>La finalul recitalului, violoncelistul Valentin R\u0103du\u021biu va oferi publicului autografe pe albumul \u201eMo\u0219tenitorii Rom\u00e2niei muzicale \u2013 II\u201d. <\/strong>Un album ce imortalizeaz\u0103 recitalul sus\u021binut la Sala Radio, \u00een 4 martie 2020, de Valentin R\u0103du\u021biu al\u0103turi de pianistul suedez Per Rundberg. Un eveniment cu adev\u0103rat memorabil deoarece mai multe dintre lucr\u0103rile interpretate \u00een acest recital au fost admise \u00een Fonoteca Radio Rom\u00e2nia cu calificativul Aur.<\/p>\n\n\n\n<p>Totodat\u0103, \u00een foaierul Ateneului Rom\u00e2n, publicul este invitat s\u0103 experimenteze&nbsp; <strong>Wolfgang \u2013 O Instala\u021bie-Performance filmat\u0103 \u00een VR de Gigi C\u0103ciuleanu<\/strong>. Un concept inedit realizat de c\u0103tre Funda\u021bia Art Production cu sprijinul JTI.<\/p>\n\n\n\n<h2 class=\"wp-block-heading\" id=\"h-cum-po\u021bi-cumpara-bilete-pentru-acest-recital-de-excep\u021bie-la-ateneul-roman\">Cum po\u021bi cump\u0103ra bilete pentru acest Recital de excep\u021bie la Ateneul Rom\u00e2n<\/h2>\n\n\n\n<p><strong>Concursul Interna\u021bional George Enescu, ini\u021biat \u00een 1958, este unul dintre cele mai importante evenimente de profil din lume, oferind tinerilor muzicieni o platform\u0103 de afirmare la nivel interna\u021bional. <\/strong><\/p>\n\n\n\n<p><strong>De-a lungul anilor, concursul a consolidat pozi\u021bia Rom\u00e2niei pe scena cultural\u0103 global\u0103, fiind singurul concurs din Rom\u00e2nia afiliat Federa\u021biei Mondiale a Concursurilor Interna\u021bionale de Muzic\u0103 Clasic\u0103 \u0219i a descoperit numeroase talente care au devenit arti\u0219ti de renume mondial. <\/strong><\/p>\n\n\n\n<p><strong>Edi\u021bia din 2024 promite s\u0103 fie una de excep\u021bie, continu\u00e2nd tradi\u021bia de a aduce \u00een prim-plan talente ale muzicii clasice.<\/strong><\/p>\n\n\n\n<p><strong>Biletele \u0219i abonamentele pentru concertele \u0219i recitalurile organizate \u00een cadrul Concursului Interna\u021bional George Enescu se pot achizi\u021biona din platforma de ticketing <\/strong><a href=\"https:\/\/www.cts.eventim.ro\/event\/concurs-international-george-enescu-2024-ateneul-roman-18558440\/\" target=\"_blank\" rel=\"noreferrer noopener\"><strong>www.eventim.ro<\/strong><\/a><strong>, dar \u0219i \u00een format fizic, din Libr\u0103riile C\u0103rture\u0219ti, Libr\u0103riile Humanitas, magazinele Carrefour sau Good2Go.<\/strong><\/p>\n\n\n\n<p>Studen\u021bii, elevii \u0219i profesorii \u0219colilor \u0219i universit\u0103\u021bilor de muzic\u0103 din toat\u0103 \u021bara beneficiaz\u0103 de acces gratuit \u00een baza legitima\u021biei \u0219colare \u0219i de serviciu, \u00een limita locurilor disponibile.<\/p>\n\n\n\n<p>De asemenea, persoanele cu handicap al\u0103turi de \u00eenso\u021bitorii lor beneficiaz\u0103 de acces gratuit \u00een limita locurilor disponibile, conform legii.<\/p>\n\n\n\n<p>Organizatorii nu \u00ee\u0219i asum\u0103 responsabilitatea pentru biletele \u0219i abonamentele achizi\u021bionate de pe alte platforme de ticketing neoficiale.<\/p>\n\n\n\n<p>Organizatorii Concursului Interna\u021bional George Enescu <strong>ofer\u0103 acces gratuit la etapele preliminare ale tuturor sec\u021biunilor instrumentale<\/strong> din cadrul concursului care vor avea loc la Universitatea Na\u021bional\u0103 de Muzic\u0103 din Bucure\u0219ti \u00een perioada 1 \u2013 18 septembrie 2024 \u0219i la semifinalele acestora, care vor avea loc la Ateneul Rom\u00e2n \u00een data de 8 septembrie (violoncel), 14 septembrie (vioar\u0103) \u0219i 20 septembrie (pian), nefiind necesar\u0103 o \u00eenregistrare prealabil\u0103.<\/p>\n\n\n\n<p>&#8212;&#8212;&#8212;&#8212;&#8212;&#8212;&#8212;&#8212;&#8212;&#8212;&#8212;&#8212;&#8212;&#8212;&#8212;&#8212;&#8212;&#8211;<\/p>\n\n\n\n<p><strong>Concursul Interna\u021bional George Enescu este un eveniment desf\u0103\u0219urat sub \u00cenaltul Patronaj al Pre\u0219edintelui Rom\u00e2niei.<\/strong><\/p>\n\n\n\n<p><strong>Proiect cultural finan\u021bat de Guvernul Rom\u00e2niei prin Ministerul Culturii.<\/strong><\/p>\n\n\n\n<p><strong>Organizator: ARTEXIM<\/strong><\/p>\n\n\n\n<p>Co-organizator: Funda\u021bia ArtProduction<\/p>\n\n\n\n<p>Co-produc\u0103tori: Societatea Rom\u00e2n\u0103 de Radiodifuziune, Societatea Rom\u00e2n\u0103 de Televiziune, Prim\u0103ria Municipiului Bucure\u0219ti \u0219i ARCUB &#8211; Centrul Cultural al Municipiului Bucure\u0219ti.<\/p>\n\n\n\n<p>Buletin de Bucure\u0219ti este partener media al Concursul Interna\u021bional George Enescu 2024.<\/p>\n\n\n\n<p>Partener principal: Rompetrol<\/p>\n\n\n\n<p>Parteneri: Purcari, ONE, SANADOR, Mobexpert, Senia Music, La Mama, Althaus, RetuRo, Nazzuro Aqua, L\u2019Or, Electrecord, Funda\u021bia Motivation Rom\u00e2nia, Funda\u021bia Special Olympics, Climb Again<\/p>\n\n\n\n<p>Parteneri institu\u021bionali: Filarmonica \u201eGeorge Enescu\u201d, Universitatea Na\u021bional\u0103 de Muzic\u0103 din Bucure\u0219ti, Institutul Cultural Rom\u00e2n, Muzeul Na\u021bional \u201cGeorge Enescu\u201d, Centrul Na\u021bional de Art\u0103 Tinerimea Rom\u00e2n\u0103, Institutul Italian de Cultur\u0103 Bucure\u0219ti, Institutul Francez Bucure\u0219ti, Filarmonica Arad, Filarmonica \u201cMihail Jora\u201d din Bac\u0103u, Filarmonica \u201cLyra &#8211; George Cavadia\u201d Br\u0103ila, Filarmonica de Stat Transilvania, Filarmonica Oltenia din Craiova, Filarmonica Moldova din Ia\u0219i, Filarmonica de Stat Oradea, Filarmonica Pite\u0219ti, Filarmonica \u201cPaul Constantinescu\u201d din Ploie\u0219ti, Filarmonica \u201cIon Dumitrescu\u201d din R\u00e2mnicu V\u00e2lcea, Filarmonica de Stat \u201cDinu Lipatti\u201d din Satu Mare, Filarmonica Banatul din Timi\u0219oara, Palatul Culturii \u201cTeodor Costescu\u201d Drobeta &#8211; Turnu Severin, Romanian Chamber Orchestra, Colegiul Na\u021bional de Arte Dinu Lipatti din Bucure\u0219ti, Colegiul Na\u021bional de Muzic\u0103 &#8220;George Enescu&#8221;<\/p>\n\n\n\n<p>Partener servicii juridice: \u021auca Zb\u00e2rcea \u0219i Asocia\u021bii<\/p>\n\n\n\n<p>Partener de mobilitate: Blue<\/p>\n\n\n\n<p>Cu sprijinul: Asocia\u021bia Arti\u0219tilor Lutieri din Rom\u00e2nia, Paradigma Film, Compania Na\u021bional\u0103 Aeroporturi Bucure\u0219ti, Casa de flori<\/p>\n\n\n\n<p>Partener de monitorizare: MediaTRUST<\/p>\n","protected":false},"excerpt":{"rendered":"<p>Celebrul violonist Dmitry Sitkovetsky, pre\u0219edintele Juriului pentru sec\u021biunea de vioar\u0103 a Concursului Interna\u021bional George Enescu, edi\u021bia a XIX-a, sus\u021bine vineri, 6 septembrie 2024, de la ora 19:00, un recital de excep\u021bie la Ateneul Rom\u00e2n, al\u0103turi de bine-cunoscutul violoncelist de origine rom\u00e2n\u0103 Valentin R\u0103du\u021biu \u0219i de pianistul Lukas Geniu\u0161as. Evenimentul face parte din Seria de recitaluri [&hellip;]<\/p>\n","protected":false},"author":1,"featured_media":97047,"comment_status":"closed","ping_status":"open","sticky":false,"template":"","format":"standard","meta":{"_acf_changed":false,"inline_featured_image":false,"ngg_post_thumbnail":0,"footnotes":""},"categories":[6994,81,62],"tags":[5260,14847,14844,14846,14845],"ppma_author":[22583],"class_list":["post-97045","post","type-post","status-publish","format-standard","has-post-thumbnail","hentry","category-stiri-2","category-cultura","category-stiri","tag-ateneul-roman","tag-concursul-enescu","tag-dmitry-sitkovetsky","tag-lukas-geniusas","tag-valentin-radutiu"],"acf":[],"yoast_head":"<!-- This site is optimized with the Yoast SEO Premium plugin v25.3 (Yoast SEO v27.4) - https:\/\/yoast.com\/product\/yoast-seo-premium-wordpress\/ -->\n<title>Dmitry Sitkovetsky, Valentin R\u0103du\u021biu \u0219i Lukas Geniu\u0161as, recital de excep\u021bie la Ateneul Rom\u00e2n, \u00een cadrul Concursului Interna\u021bional George Enescu - Buletin de Bucure\u0219ti<\/title>\n<meta name=\"description\" content=\"Celebrul violonist Dmitry Sitkovetsky, sus\u021bine vineri, 6 septembrie 2024, de la ora 19:00, un recital de excep\u021bie la Ateneul Rom\u00e2n.\" \/>\n<meta name=\"robots\" content=\"index, follow, max-snippet:-1, max-image-preview:large, max-video-preview:-1\" \/>\n<link rel=\"canonical\" href=\"https:\/\/buletin.de\/bucuresti\/dmitry-sitkovetsky-valentin-radutiu-si-lukas-geniusas-recital-de-exceptie-la-ateneul-roman-in-cadrul-concursului-international-george-enescu\/\" \/>\n<meta property=\"og:locale\" content=\"en_GB\" \/>\n<meta property=\"og:type\" content=\"article\" \/>\n<meta property=\"og:title\" content=\"Dmitry Sitkovetsky, Valentin R\u0103du\u021biu \u0219i Lukas Geniu\u0161as, recital de excep\u021bie la Ateneul Rom\u00e2n, \u00een cadrul Concursului Interna\u021bional George Enescu\" \/>\n<meta property=\"og:description\" content=\"Celebrul violonist Dmitry Sitkovetsky, sus\u021bine vineri, 6 septembrie 2024, de la ora 19:00, un recital de excep\u021bie la Ateneul Rom\u00e2n.\" \/>\n<meta property=\"og:url\" content=\"https:\/\/buletin.de\/bucuresti\/dmitry-sitkovetsky-valentin-radutiu-si-lukas-geniusas-recital-de-exceptie-la-ateneul-roman-in-cadrul-concursului-international-george-enescu\/\" \/>\n<meta property=\"og:site_name\" content=\"Buletin de Bucure\u0219ti\" \/>\n<meta property=\"article:publisher\" content=\"https:\/\/www.facebook.com\/buletin.de.buc\" \/>\n<meta property=\"article:published_time\" content=\"2024-09-06T08:10:47+00:00\" \/>\n<meta property=\"article:modified_time\" content=\"2024-09-06T11:53:04+00:00\" \/>\n<meta property=\"og:image\" content=\"https:\/\/buletin.de\/bucuresti\/wp-content\/uploads\/recitaldeexceptie.jpg\" \/>\n\t<meta property=\"og:image:width\" content=\"1280\" \/>\n\t<meta property=\"og:image:height\" content=\"720\" \/>\n\t<meta property=\"og:image:type\" content=\"image\/jpeg\" \/>\n<meta name=\"author\" content=\"Redac\u021bia Buletin de Bucure\u0219ti\" \/>\n<meta name=\"twitter:card\" content=\"summary_large_image\" \/>\n<meta name=\"twitter:label1\" content=\"Written by\" \/>\n\t<meta name=\"twitter:data1\" content=\"Redac\u021bia Buletin de Bucure\u0219ti\" \/>\n\t<meta name=\"twitter:label2\" content=\"Estimated reading time\" \/>\n\t<meta name=\"twitter:data2\" content=\"7 minutes\" \/>\n<script type=\"application\/ld+json\" class=\"yoast-schema-graph\">{\"@context\":\"https:\\\/\\\/schema.org\",\"@graph\":[{\"@type\":\"Article\",\"@id\":\"https:\\\/\\\/buletin.de\\\/bucuresti\\\/dmitry-sitkovetsky-valentin-radutiu-si-lukas-geniusas-recital-de-exceptie-la-ateneul-roman-in-cadrul-concursului-international-george-enescu\\\/#article\",\"isPartOf\":{\"@id\":\"https:\\\/\\\/buletin.de\\\/bucuresti\\\/dmitry-sitkovetsky-valentin-radutiu-si-lukas-geniusas-recital-de-exceptie-la-ateneul-roman-in-cadrul-concursului-international-george-enescu\\\/\"},\"author\":{\"name\":\"Redac\u021bia Buletin de Bucure\u0219ti\",\"@id\":\"https:\\\/\\\/buletin.de\\\/bucuresti\\\/#\\\/schema\\\/person\\\/2bbcf854e5f2419a13804af574d06ab1\"},\"headline\":\"Dmitry Sitkovetsky, Valentin R\u0103du\u021biu \u0219i Lukas Geniu\u0161as, recital de excep\u021bie la Ateneul Rom\u00e2n, \u00een cadrul Concursului Interna\u021bional George Enescu\",\"datePublished\":\"2024-09-06T08:10:47+00:00\",\"dateModified\":\"2024-09-06T11:53:04+00:00\",\"mainEntityOfPage\":{\"@id\":\"https:\\\/\\\/buletin.de\\\/bucuresti\\\/dmitry-sitkovetsky-valentin-radutiu-si-lukas-geniusas-recital-de-exceptie-la-ateneul-roman-in-cadrul-concursului-international-george-enescu\\\/\"},\"wordCount\":1672,\"publisher\":{\"@id\":\"https:\\\/\\\/buletin.de\\\/bucuresti\\\/#organization\"},\"image\":{\"@id\":\"https:\\\/\\\/buletin.de\\\/bucuresti\\\/dmitry-sitkovetsky-valentin-radutiu-si-lukas-geniusas-recital-de-exceptie-la-ateneul-roman-in-cadrul-concursului-international-george-enescu\\\/#primaryimage\"},\"thumbnailUrl\":\"https:\\\/\\\/buletin.de\\\/bucuresti\\\/wp-content\\\/uploads\\\/recitaldeexceptie.jpg\",\"keywords\":[\"ateneul roman\",\"concursul enescu\",\"Dmitry Sitkovetsky\",\"Lukas Geniu\u0161as\",\"Valentin R\u0103du\u021biu\"],\"articleSection\":[\"Articole\",\"Cultur\u0103\",\"\u0218tiri\"],\"inLanguage\":\"en-GB\",\"copyrightYear\":\"2024\",\"copyrightHolder\":{\"@id\":\"https:\\\/\\\/buletin.de\\\/bucuresti\\\/#organization\"}},{\"@type\":\"WebPage\",\"@id\":\"https:\\\/\\\/buletin.de\\\/bucuresti\\\/dmitry-sitkovetsky-valentin-radutiu-si-lukas-geniusas-recital-de-exceptie-la-ateneul-roman-in-cadrul-concursului-international-george-enescu\\\/\",\"url\":\"https:\\\/\\\/buletin.de\\\/bucuresti\\\/dmitry-sitkovetsky-valentin-radutiu-si-lukas-geniusas-recital-de-exceptie-la-ateneul-roman-in-cadrul-concursului-international-george-enescu\\\/\",\"name\":\"Dmitry Sitkovetsky, Valentin R\u0103du\u021biu \u0219i Lukas Geniu\u0161as, recital de excep\u021bie la Ateneul Rom\u00e2n, \u00een cadrul Concursului Interna\u021bional George Enescu - Buletin de Bucure\u0219ti\",\"isPartOf\":{\"@id\":\"https:\\\/\\\/buletin.de\\\/bucuresti\\\/#website\"},\"primaryImageOfPage\":{\"@id\":\"https:\\\/\\\/buletin.de\\\/bucuresti\\\/dmitry-sitkovetsky-valentin-radutiu-si-lukas-geniusas-recital-de-exceptie-la-ateneul-roman-in-cadrul-concursului-international-george-enescu\\\/#primaryimage\"},\"image\":{\"@id\":\"https:\\\/\\\/buletin.de\\\/bucuresti\\\/dmitry-sitkovetsky-valentin-radutiu-si-lukas-geniusas-recital-de-exceptie-la-ateneul-roman-in-cadrul-concursului-international-george-enescu\\\/#primaryimage\"},\"thumbnailUrl\":\"https:\\\/\\\/buletin.de\\\/bucuresti\\\/wp-content\\\/uploads\\\/recitaldeexceptie.jpg\",\"datePublished\":\"2024-09-06T08:10:47+00:00\",\"dateModified\":\"2024-09-06T11:53:04+00:00\",\"description\":\"Celebrul violonist Dmitry Sitkovetsky, sus\u021bine vineri, 6 septembrie 2024, de la ora 19:00, un recital de excep\u021bie la Ateneul Rom\u00e2n.\",\"breadcrumb\":{\"@id\":\"https:\\\/\\\/buletin.de\\\/bucuresti\\\/dmitry-sitkovetsky-valentin-radutiu-si-lukas-geniusas-recital-de-exceptie-la-ateneul-roman-in-cadrul-concursului-international-george-enescu\\\/#breadcrumb\"},\"inLanguage\":\"en-GB\",\"potentialAction\":[{\"@type\":\"ReadAction\",\"target\":[\"https:\\\/\\\/buletin.de\\\/bucuresti\\\/dmitry-sitkovetsky-valentin-radutiu-si-lukas-geniusas-recital-de-exceptie-la-ateneul-roman-in-cadrul-concursului-international-george-enescu\\\/\"]}]},{\"@type\":\"ImageObject\",\"inLanguage\":\"en-GB\",\"@id\":\"https:\\\/\\\/buletin.de\\\/bucuresti\\\/dmitry-sitkovetsky-valentin-radutiu-si-lukas-geniusas-recital-de-exceptie-la-ateneul-roman-in-cadrul-concursului-international-george-enescu\\\/#primaryimage\",\"url\":\"https:\\\/\\\/buletin.de\\\/bucuresti\\\/wp-content\\\/uploads\\\/recitaldeexceptie.jpg\",\"contentUrl\":\"https:\\\/\\\/buletin.de\\\/bucuresti\\\/wp-content\\\/uploads\\\/recitaldeexceptie.jpg\",\"width\":1280,\"height\":720,\"caption\":\"Dmitry Sitkovetsky, Valentin R\u0103du\u021biu \u0219i Lukas Geniu\u0161as, recital de excep\u021bie la Ateneul Rom\u00e2n, \u00een cadrul Concursului Interna\u021bional George Enescu\"},{\"@type\":\"BreadcrumbList\",\"@id\":\"https:\\\/\\\/buletin.de\\\/bucuresti\\\/dmitry-sitkovetsky-valentin-radutiu-si-lukas-geniusas-recital-de-exceptie-la-ateneul-roman-in-cadrul-concursului-international-george-enescu\\\/#breadcrumb\",\"itemListElement\":[{\"@type\":\"ListItem\",\"position\":1,\"name\":\"Acas\u0103\",\"item\":\"https:\\\/\\\/buletin.de\\\/bucuresti\\\/\"},{\"@type\":\"ListItem\",\"position\":2,\"name\":\"Dmitry Sitkovetsky, Valentin R\u0103du\u021biu \u0219i Lukas Geniu\u0161as, recital de excep\u021bie la Ateneul Rom\u00e2n, \u00een cadrul Concursului Interna\u021bional George Enescu\"}]},{\"@type\":\"WebSite\",\"@id\":\"https:\\\/\\\/buletin.de\\\/bucuresti\\\/#website\",\"url\":\"https:\\\/\\\/buletin.de\\\/bucuresti\\\/\",\"name\":\"Buletin de Bucure\u0219ti\",\"description\":\"\u0218tiri \u0219i investiga\u021bii esen\u021biale din capital\u0103\",\"publisher\":{\"@id\":\"https:\\\/\\\/buletin.de\\\/bucuresti\\\/#organization\"},\"potentialAction\":[{\"@type\":\"SearchAction\",\"target\":{\"@type\":\"EntryPoint\",\"urlTemplate\":\"https:\\\/\\\/buletin.de\\\/bucuresti\\\/?s={search_term_string}\"},\"query-input\":{\"@type\":\"PropertyValueSpecification\",\"valueRequired\":true,\"valueName\":\"search_term_string\"}}],\"inLanguage\":\"en-GB\"},{\"@type\":\"Organization\",\"@id\":\"https:\\\/\\\/buletin.de\\\/bucuresti\\\/#organization\",\"name\":\"Buletin de Bucure\u0219ti\",\"url\":\"https:\\\/\\\/buletin.de\\\/bucuresti\\\/\",\"logo\":{\"@type\":\"ImageObject\",\"inLanguage\":\"en-GB\",\"@id\":\"https:\\\/\\\/buletin.de\\\/bucuresti\\\/#\\\/schema\\\/logo\\\/image\\\/\",\"url\":\"https:\\\/\\\/buletin.de\\\/bucuresti\\\/wp-content\\\/uploads\\\/logo-bdb-full-wide-vernil-transparent.png\",\"contentUrl\":\"https:\\\/\\\/buletin.de\\\/bucuresti\\\/wp-content\\\/uploads\\\/logo-bdb-full-wide-vernil-transparent.png\",\"width\":1782,\"height\":626,\"caption\":\"Buletin de Bucure\u0219ti\"},\"image\":{\"@id\":\"https:\\\/\\\/buletin.de\\\/bucuresti\\\/#\\\/schema\\\/logo\\\/image\\\/\"},\"sameAs\":[\"https:\\\/\\\/www.facebook.com\\\/buletin.de.buc\",\"https:\\\/\\\/www.instagram.com\\\/buletinde.bucuresti\\\/\"]},{\"@type\":\"Person\",\"@id\":\"https:\\\/\\\/buletin.de\\\/bucuresti\\\/#\\\/schema\\\/person\\\/2bbcf854e5f2419a13804af574d06ab1\",\"name\":\"Redac\u021bia Buletin de Bucure\u0219ti\",\"image\":{\"@type\":\"ImageObject\",\"inLanguage\":\"en-GB\",\"@id\":\"https:\\\/\\\/secure.gravatar.com\\\/avatar\\\/18c5342381ed1a08620e6280424e3e5efc958618f5d67c522c9e44c1bc6f9226?s=96&d=monsterid&r=g60c7cd0ad92c68c049fcd4bb3504d609\",\"url\":\"https:\\\/\\\/secure.gravatar.com\\\/avatar\\\/18c5342381ed1a08620e6280424e3e5efc958618f5d67c522c9e44c1bc6f9226?s=96&d=monsterid&r=g\",\"contentUrl\":\"https:\\\/\\\/secure.gravatar.com\\\/avatar\\\/18c5342381ed1a08620e6280424e3e5efc958618f5d67c522c9e44c1bc6f9226?s=96&d=monsterid&r=g\",\"caption\":\"Redac\u021bia Buletin de Bucure\u0219ti\"},\"description\":\"Buletin de Bucure\u0219ti exist\u0103 din vara anului 2019.\",\"url\":\"https:\\\/\\\/buletin.de\\\/bucuresti\\\/author\\\/adminbuletin\\\/\"}]}<\/script>\n<!-- \/ Yoast SEO Premium plugin. -->","yoast_head_json":{"title":"Dmitry Sitkovetsky, Valentin R\u0103du\u021biu \u0219i Lukas Geniu\u0161as, recital de excep\u021bie la Ateneul Rom\u00e2n, \u00een cadrul Concursului Interna\u021bional George Enescu - Buletin de Bucure\u0219ti","description":"Celebrul violonist Dmitry Sitkovetsky, sus\u021bine vineri, 6 septembrie 2024, de la ora 19:00, un recital de excep\u021bie la Ateneul Rom\u00e2n.","robots":{"index":"index","follow":"follow","max-snippet":"max-snippet:-1","max-image-preview":"max-image-preview:large","max-video-preview":"max-video-preview:-1"},"canonical":"https:\/\/buletin.de\/bucuresti\/dmitry-sitkovetsky-valentin-radutiu-si-lukas-geniusas-recital-de-exceptie-la-ateneul-roman-in-cadrul-concursului-international-george-enescu\/","og_locale":"en_GB","og_type":"article","og_title":"Dmitry Sitkovetsky, Valentin R\u0103du\u021biu \u0219i Lukas Geniu\u0161as, recital de excep\u021bie la Ateneul Rom\u00e2n, \u00een cadrul Concursului Interna\u021bional George Enescu","og_description":"Celebrul violonist Dmitry Sitkovetsky, sus\u021bine vineri, 6 septembrie 2024, de la ora 19:00, un recital de excep\u021bie la Ateneul Rom\u00e2n.","og_url":"https:\/\/buletin.de\/bucuresti\/dmitry-sitkovetsky-valentin-radutiu-si-lukas-geniusas-recital-de-exceptie-la-ateneul-roman-in-cadrul-concursului-international-george-enescu\/","og_site_name":"Buletin de Bucure\u0219ti","article_publisher":"https:\/\/www.facebook.com\/buletin.de.buc","article_published_time":"2024-09-06T08:10:47+00:00","article_modified_time":"2024-09-06T11:53:04+00:00","og_image":[{"width":1280,"height":720,"url":"https:\/\/buletin.de\/bucuresti\/wp-content\/uploads\/recitaldeexceptie.jpg","type":"image\/jpeg"}],"author":"Redac\u021bia Buletin de Bucure\u0219ti","twitter_card":"summary_large_image","twitter_misc":{"Written by":"Redac\u021bia Buletin de Bucure\u0219ti","Estimated reading time":"7 minutes"},"schema":{"@context":"https:\/\/schema.org","@graph":[{"@type":"Article","@id":"https:\/\/buletin.de\/bucuresti\/dmitry-sitkovetsky-valentin-radutiu-si-lukas-geniusas-recital-de-exceptie-la-ateneul-roman-in-cadrul-concursului-international-george-enescu\/#article","isPartOf":{"@id":"https:\/\/buletin.de\/bucuresti\/dmitry-sitkovetsky-valentin-radutiu-si-lukas-geniusas-recital-de-exceptie-la-ateneul-roman-in-cadrul-concursului-international-george-enescu\/"},"author":{"name":"Redac\u021bia Buletin de Bucure\u0219ti","@id":"https:\/\/buletin.de\/bucuresti\/#\/schema\/person\/2bbcf854e5f2419a13804af574d06ab1"},"headline":"Dmitry Sitkovetsky, Valentin R\u0103du\u021biu \u0219i Lukas Geniu\u0161as, recital de excep\u021bie la Ateneul Rom\u00e2n, \u00een cadrul Concursului Interna\u021bional George Enescu","datePublished":"2024-09-06T08:10:47+00:00","dateModified":"2024-09-06T11:53:04+00:00","mainEntityOfPage":{"@id":"https:\/\/buletin.de\/bucuresti\/dmitry-sitkovetsky-valentin-radutiu-si-lukas-geniusas-recital-de-exceptie-la-ateneul-roman-in-cadrul-concursului-international-george-enescu\/"},"wordCount":1672,"publisher":{"@id":"https:\/\/buletin.de\/bucuresti\/#organization"},"image":{"@id":"https:\/\/buletin.de\/bucuresti\/dmitry-sitkovetsky-valentin-radutiu-si-lukas-geniusas-recital-de-exceptie-la-ateneul-roman-in-cadrul-concursului-international-george-enescu\/#primaryimage"},"thumbnailUrl":"https:\/\/buletin.de\/bucuresti\/wp-content\/uploads\/recitaldeexceptie.jpg","keywords":["ateneul roman","concursul enescu","Dmitry Sitkovetsky","Lukas Geniu\u0161as","Valentin R\u0103du\u021biu"],"articleSection":["Articole","Cultur\u0103","\u0218tiri"],"inLanguage":"en-GB","copyrightYear":"2024","copyrightHolder":{"@id":"https:\/\/buletin.de\/bucuresti\/#organization"}},{"@type":"WebPage","@id":"https:\/\/buletin.de\/bucuresti\/dmitry-sitkovetsky-valentin-radutiu-si-lukas-geniusas-recital-de-exceptie-la-ateneul-roman-in-cadrul-concursului-international-george-enescu\/","url":"https:\/\/buletin.de\/bucuresti\/dmitry-sitkovetsky-valentin-radutiu-si-lukas-geniusas-recital-de-exceptie-la-ateneul-roman-in-cadrul-concursului-international-george-enescu\/","name":"Dmitry Sitkovetsky, Valentin R\u0103du\u021biu \u0219i Lukas Geniu\u0161as, recital de excep\u021bie la Ateneul Rom\u00e2n, \u00een cadrul Concursului Interna\u021bional George Enescu - Buletin de Bucure\u0219ti","isPartOf":{"@id":"https:\/\/buletin.de\/bucuresti\/#website"},"primaryImageOfPage":{"@id":"https:\/\/buletin.de\/bucuresti\/dmitry-sitkovetsky-valentin-radutiu-si-lukas-geniusas-recital-de-exceptie-la-ateneul-roman-in-cadrul-concursului-international-george-enescu\/#primaryimage"},"image":{"@id":"https:\/\/buletin.de\/bucuresti\/dmitry-sitkovetsky-valentin-radutiu-si-lukas-geniusas-recital-de-exceptie-la-ateneul-roman-in-cadrul-concursului-international-george-enescu\/#primaryimage"},"thumbnailUrl":"https:\/\/buletin.de\/bucuresti\/wp-content\/uploads\/recitaldeexceptie.jpg","datePublished":"2024-09-06T08:10:47+00:00","dateModified":"2024-09-06T11:53:04+00:00","description":"Celebrul violonist Dmitry Sitkovetsky, sus\u021bine vineri, 6 septembrie 2024, de la ora 19:00, un recital de excep\u021bie la Ateneul Rom\u00e2n.","breadcrumb":{"@id":"https:\/\/buletin.de\/bucuresti\/dmitry-sitkovetsky-valentin-radutiu-si-lukas-geniusas-recital-de-exceptie-la-ateneul-roman-in-cadrul-concursului-international-george-enescu\/#breadcrumb"},"inLanguage":"en-GB","potentialAction":[{"@type":"ReadAction","target":["https:\/\/buletin.de\/bucuresti\/dmitry-sitkovetsky-valentin-radutiu-si-lukas-geniusas-recital-de-exceptie-la-ateneul-roman-in-cadrul-concursului-international-george-enescu\/"]}]},{"@type":"ImageObject","inLanguage":"en-GB","@id":"https:\/\/buletin.de\/bucuresti\/dmitry-sitkovetsky-valentin-radutiu-si-lukas-geniusas-recital-de-exceptie-la-ateneul-roman-in-cadrul-concursului-international-george-enescu\/#primaryimage","url":"https:\/\/buletin.de\/bucuresti\/wp-content\/uploads\/recitaldeexceptie.jpg","contentUrl":"https:\/\/buletin.de\/bucuresti\/wp-content\/uploads\/recitaldeexceptie.jpg","width":1280,"height":720,"caption":"Dmitry Sitkovetsky, Valentin R\u0103du\u021biu \u0219i Lukas Geniu\u0161as, recital de excep\u021bie la Ateneul Rom\u00e2n, \u00een cadrul Concursului Interna\u021bional George Enescu"},{"@type":"BreadcrumbList","@id":"https:\/\/buletin.de\/bucuresti\/dmitry-sitkovetsky-valentin-radutiu-si-lukas-geniusas-recital-de-exceptie-la-ateneul-roman-in-cadrul-concursului-international-george-enescu\/#breadcrumb","itemListElement":[{"@type":"ListItem","position":1,"name":"Acas\u0103","item":"https:\/\/buletin.de\/bucuresti\/"},{"@type":"ListItem","position":2,"name":"Dmitry Sitkovetsky, Valentin R\u0103du\u021biu \u0219i Lukas Geniu\u0161as, recital de excep\u021bie la Ateneul Rom\u00e2n, \u00een cadrul Concursului Interna\u021bional George Enescu"}]},{"@type":"WebSite","@id":"https:\/\/buletin.de\/bucuresti\/#website","url":"https:\/\/buletin.de\/bucuresti\/","name":"Buletin de Bucure\u0219ti","description":"\u0218tiri \u0219i investiga\u021bii esen\u021biale din capital\u0103","publisher":{"@id":"https:\/\/buletin.de\/bucuresti\/#organization"},"potentialAction":[{"@type":"SearchAction","target":{"@type":"EntryPoint","urlTemplate":"https:\/\/buletin.de\/bucuresti\/?s={search_term_string}"},"query-input":{"@type":"PropertyValueSpecification","valueRequired":true,"valueName":"search_term_string"}}],"inLanguage":"en-GB"},{"@type":"Organization","@id":"https:\/\/buletin.de\/bucuresti\/#organization","name":"Buletin de Bucure\u0219ti","url":"https:\/\/buletin.de\/bucuresti\/","logo":{"@type":"ImageObject","inLanguage":"en-GB","@id":"https:\/\/buletin.de\/bucuresti\/#\/schema\/logo\/image\/","url":"https:\/\/buletin.de\/bucuresti\/wp-content\/uploads\/logo-bdb-full-wide-vernil-transparent.png","contentUrl":"https:\/\/buletin.de\/bucuresti\/wp-content\/uploads\/logo-bdb-full-wide-vernil-transparent.png","width":1782,"height":626,"caption":"Buletin de Bucure\u0219ti"},"image":{"@id":"https:\/\/buletin.de\/bucuresti\/#\/schema\/logo\/image\/"},"sameAs":["https:\/\/www.facebook.com\/buletin.de.buc","https:\/\/www.instagram.com\/buletinde.bucuresti\/"]},{"@type":"Person","@id":"https:\/\/buletin.de\/bucuresti\/#\/schema\/person\/2bbcf854e5f2419a13804af574d06ab1","name":"Redac\u021bia Buletin de Bucure\u0219ti","image":{"@type":"ImageObject","inLanguage":"en-GB","@id":"https:\/\/secure.gravatar.com\/avatar\/18c5342381ed1a08620e6280424e3e5efc958618f5d67c522c9e44c1bc6f9226?s=96&d=monsterid&r=g60c7cd0ad92c68c049fcd4bb3504d609","url":"https:\/\/secure.gravatar.com\/avatar\/18c5342381ed1a08620e6280424e3e5efc958618f5d67c522c9e44c1bc6f9226?s=96&d=monsterid&r=g","contentUrl":"https:\/\/secure.gravatar.com\/avatar\/18c5342381ed1a08620e6280424e3e5efc958618f5d67c522c9e44c1bc6f9226?s=96&d=monsterid&r=g","caption":"Redac\u021bia Buletin de Bucure\u0219ti"},"description":"Buletin de Bucure\u0219ti exist\u0103 din vara anului 2019.","url":"https:\/\/buletin.de\/bucuresti\/author\/adminbuletin\/"}]}},"authors":[{"term_id":22583,"user_id":1,"is_guest":0,"slug":"adminbuletin","display_name":"Redac\u021bia Buletin de Bucure\u0219ti","avatar_url":"https:\/\/secure.gravatar.com\/avatar\/18c5342381ed1a08620e6280424e3e5efc958618f5d67c522c9e44c1bc6f9226?s=96&d=monsterid&r=g","0":null,"1":"","2":"","3":"","4":"","5":"","6":"","7":"","8":""}],"_links":{"self":[{"href":"https:\/\/buletin.de\/bucuresti\/wp-json\/wp\/v2\/posts\/97045","targetHints":{"allow":["GET"]}}],"collection":[{"href":"https:\/\/buletin.de\/bucuresti\/wp-json\/wp\/v2\/posts"}],"about":[{"href":"https:\/\/buletin.de\/bucuresti\/wp-json\/wp\/v2\/types\/post"}],"author":[{"embeddable":true,"href":"https:\/\/buletin.de\/bucuresti\/wp-json\/wp\/v2\/users\/1"}],"replies":[{"embeddable":true,"href":"https:\/\/buletin.de\/bucuresti\/wp-json\/wp\/v2\/comments?post=97045"}],"version-history":[{"count":3,"href":"https:\/\/buletin.de\/bucuresti\/wp-json\/wp\/v2\/posts\/97045\/revisions"}],"predecessor-version":[{"id":97055,"href":"https:\/\/buletin.de\/bucuresti\/wp-json\/wp\/v2\/posts\/97045\/revisions\/97055"}],"wp:featuredmedia":[{"embeddable":true,"href":"https:\/\/buletin.de\/bucuresti\/wp-json\/wp\/v2\/media\/97047"}],"wp:attachment":[{"href":"https:\/\/buletin.de\/bucuresti\/wp-json\/wp\/v2\/media?parent=97045"}],"wp:term":[{"taxonomy":"category","embeddable":true,"href":"https:\/\/buletin.de\/bucuresti\/wp-json\/wp\/v2\/categories?post=97045"},{"taxonomy":"post_tag","embeddable":true,"href":"https:\/\/buletin.de\/bucuresti\/wp-json\/wp\/v2\/tags?post=97045"},{"taxonomy":"author","embeddable":true,"href":"https:\/\/buletin.de\/bucuresti\/wp-json\/wp\/v2\/ppma_author?post=97045"}],"curies":[{"name":"wp","href":"https:\/\/api.w.org\/{rel}","templated":true}]}}