{"id":96952,"date":"2024-09-06T07:30:00","date_gmt":"2024-09-06T04:30:00","guid":{"rendered":"https:\/\/buletin.de\/bucuresti\/?p=96952"},"modified":"2024-09-07T08:40:08","modified_gmt":"2024-09-07T05:40:08","slug":"culturile-de-ambrozie-din-capitala-tratamentul-de-450-de-euro-senzori-pentru-alergeni-integrati-in-ro-alert-si-sfaturile-specialistilor","status":"publish","type":"post","link":"https:\/\/buletin.de\/bucuresti\/culturile-de-ambrozie-din-capitala-tratamentul-de-450-de-euro-senzori-pentru-alergeni-integrati-in-ro-alert-si-sfaturile-specialistilor\/","title":{"rendered":"\u201eCulturile\u201d de ambrozie din Capital\u0103. Tratamentul de 450 de euro, senzori pentru alergeni integra\u021bi \u00een Ro-Alert \u0219i sfaturile speciali\u0219tilor"},"content":{"rendered":"\n<p><strong>\u201eCulturile\u201d de ambrozie din Capital\u0103 afecteaz\u0103 zeci de mii de bucure\u0219teni, alergici la sporii elimina\u021bi de aceast\u0103 plant\u0103 invaziv\u0103. Perioada de \u00eenceput de septembrie reprezint\u0103 apogeul \u00een care se manifest\u0103 alergiile. <\/strong><\/p>\n\n\n\n<p>\u00cen Capital\u0103 \u0219i zona metropolitan\u0103, fenomenul cap\u0103t\u0103 amploare de la an la an. <\/p>\n\n\n\n<p>Buletin de Bucure\u0219ti a vorbit cu experta \u00een alergologie Dr. Carmen Bunu Panaitescu, profesor universitar \u0219i pre\u0219edintele Societ\u0103\u021bii Rom\u00e2ne de Alergologie \u0219i Imunologie Clinic\u0103, despre cum pot fi identificate simptomele, c\u00e2t de grav se pot manifesta \u0219i care sunt posibilele tratamente. <\/p>\n\n\n\n<p>Expertul men\u021bioneaz\u0103 c\u0103 nevoia de tratament trebuie dublat\u0103 de presiunea care ar trebui pus\u0103 pe autorit\u0103\u021bile Capitalei, prin sanc\u021bionarea proprietarilor de terenuri ne\u00eengrijite, unde ambrozia cre\u0219te \u00een propor\u021bii \u00eengrijor\u0103toare.<\/p>\n\n\n\n<p>Dr. Carmen Bucu Panaitescu d\u0103 exemplul Timi\u0219oarei, unde se implementeaz\u0103 o re\u021bea de senzori dedica\u021bi, care vor fi integra\u021bi \u00een sistemul Ro-Alert.<\/p>\n\n\n\n<h2 class=\"wp-block-heading\" id=\"h-culturile-de-ambrozie-din-capitala-se-manifesta-maxim-in-septembrie\">\u201eCulturile\u201d de ambrozie din Capital\u0103 se manifest\u0103 maxim \u00een septembrie<\/h2>\n\n\n\n<p>Ambrozia \u00eencepe s\u0103 creasc\u0103 \u0219i s\u0103 dea simptome spre sf\u00e2r\u0219itul lunii iulie \u0219i persist\u0103 \u00een aer p\u00e2n\u0103 t\u00e2rziu \u00een luna octombrie. Concentra\u021biile maxime de spori sunt la sf\u00e2r\u0219itul lui august \u0219i \u00eenceputul lui septembrie, sus\u021bine Dr. Carmen Bunu Panaitescu.&nbsp;<\/p>\n\n\n\n<blockquote class=\"wp-block-quote is-layout-flow wp-block-quote-is-layout-flow\">\n<p><em>De la sf\u00e2r\u0219itul lunii iulie p\u00e2n\u0103 la sf\u00e2r\u0219it de luna octombrie, pacien\u021bii cu sensibilizare la polenul de ambrozie pot s\u0103 aib\u0103 simptome, cu exacerb\u0103ri \u00een jum\u0103tatea lunii august \u0219i \u00een luna septembrie<\/em>.<\/p>\n<\/blockquote>\n\n\n\n<p>Cantitatea de polen la care o persoan\u0103 alergic\u0103 \u00eencepe s\u0103 manifeste simptome este de peste 40 de particule de polen per unitate de m\u0103sur\u0103.&nbsp;<\/p>\n\n\n\n<p>\u201e\u00cen schimb, <em>noi avem niveluri de 400-800 de particule de polen, v\u0103 da\u021bi seama, asta \u00eenseamn\u0103 de 20 p\u00e2n\u0103 la de 40 de ori mai mult dec\u00e2t concentra\u021bia care poate s\u0103 fac\u0103 simptome<\/em>\u201d.&nbsp;<\/p>\n\n\n\n<p>CITE\u0218TE \u0218I: <strong><a href=\"https:\/\/buletin.de\/bucuresti\/parcarea-din-fata-terminalului-plecari-al-aeroportului-otopeni-se-va-inchide\/\">Parcarea din fa\u021ba terminalului Plec\u0103ri al Aeroportului Otopeni se va \u00eenchide<\/a><\/strong><\/p>\n\n\n\n<h2 class=\"wp-block-heading\" id=\"h-simptomele-alergiei-la-polenul-de-ambrozie\"><strong>Simptomele alergiei la polenul de ambrozie<\/strong><\/h2>\n\n\n\n<p>Printre simptomele care se manifest\u0103 la persoanele alergice, \u00een urma contactului cu polenul de ambrozie, se num\u0103r\u0103 str\u0103nutul repetitiv, secre\u021bii nazale, m\u00e2nc\u0103rimi de nas \u0219i obstruc\u021bia nazal\u0103, care cauzeaz\u0103 dificult\u0103\u021bi de respira\u021bie \u0219i tulbur\u0103ri de somn.&nbsp;<\/p>\n\n\n<div class=\"wp-block-image\">\n<figure class=\"aligncenter size-full\"><img fetchpriority=\"high\" decoding=\"async\" width=\"520\" height=\"520\" src=\"data:image\/gif;base64,R0lGODlhAQABAAAAACH5BAEKAAEALAAAAAABAAEAAAICTAEAOw==\" data-src=\"https:\/\/buletin.de\/bucuresti\/wp-content\/uploads\/Panaitescu-Carmen-1.png\" alt=\"\" class=\"wp-image-96980 lazyload\" data-sizes=\"auto\" data-srcset=\"https:\/\/buletin.de\/bucuresti\/wp-content\/uploads\/Panaitescu-Carmen-1.png 520w, https:\/\/buletin.de\/bucuresti\/wp-content\/uploads\/Panaitescu-Carmen-1-300x300.png 300w, https:\/\/buletin.de\/bucuresti\/wp-content\/uploads\/Panaitescu-Carmen-1-150x150.png 150w, https:\/\/buletin.de\/bucuresti\/wp-content\/uploads\/Panaitescu-Carmen-1-20x20.png 20w\" sizes=\"(max-width: 520px) 100vw, 520px\" \/><figcaption class=\"wp-element-caption\"><em>Dr. Carmen Bunu Panaitescu este profesor la Universitatea de Medicin\u0103 \u0219i Farmacie \u201eVictor Babe\u0219\u201d Timi\u0219oara \u0219i pre\u0219edinte al Societ\u0103\u021bii Rom\u00e2ne de Alergologie \u0219i Imunologie Clinic\u0103<\/em><\/figcaption><\/figure>\n<\/div>\n\n\n<p>Atunci c\u00e2nd inflama\u021bia alergic\u0103 se agraveaz\u0103, poate ap\u0103rea chiar \u0219i tusea, iar la nivelul ochilor pot s\u0103 se manifeste m\u00e2nc\u0103rimi, ro\u0219ea\u021b\u0103 \u0219i l\u0103crimare puternic\u0103. <\/p>\n\n\n\n<p>Experta argumenteaz\u0103 c\u0103 din aceste cauze starea se poate agrava \u0219i se poate ajunge la conjunctivit\u0103, cazuri cu care medicii se confrunt\u0103 \u00een aceast\u0103 perioad\u0103.<\/p>\n\n\n\n<blockquote class=\"wp-block-quote is-layout-flow wp-block-quote-is-layout-flow\">\n<p><em>Aceste simptome, la mul\u021bi pacien\u021bi, duc la alterarea calit\u0103\u021bii vie\u021bii, la dificult\u0103\u021bi de concentrare, de a-\u0219i desf\u0103\u0219ura \u00een mod normal activitatea \u0219i la declan\u0219area unui disconfort general<\/em>.<\/p>\n<\/blockquote>\n\n\n\n<p>Experta \u00een alergologie constat\u0103 c\u0103 dup\u0103 o perioad\u0103 de 4-5 ani de astfel de simptome, se pot declan\u0219a \u0219i cele de astm, adic\u0103 \u201e<em>crize de tuse, senza\u021bie de lips\u0103 de aer, senza\u021bie de compresiune toracic\u0103 \u0219i respira\u021bie \u0219uier\u0103toare<\/em>\u201d. Aceste crize au loc \u00een special pe timpul nop\u021bii.&nbsp;<\/p>\n\n\n\n<p>Medicul avertizeaz\u0103 c\u0103 cei mai expu\u0219i la ambrozie, de exemplu persoanele care lucreaz\u0103 \u00een agricultur\u0103, pot avea erup\u021bii extrem de nepl\u0103cute la nivelul pielii, cum ar fi pete, bubi\u021be \u0219i umfl\u0103turi, \u00eenso\u021bite de m\u00e2nc\u0103rime, ro\u0219ea\u021b\u0103 \u0219i irita\u021bii.&nbsp;<\/p>\n\n\n\n<h2 class=\"wp-block-heading\" id=\"h-ro-alert-la-timi\u0219oara\">Ro-Alert la Timi\u0219oara?<\/h2>\n\n\n\n<p>Dr. Carmen Bunu Panaitescu d\u0103 un exemplu de bun\u0103 practic\u0103 \u00een folosul cet\u0103\u021beanului din Timi\u0219oara, dar propune ca \u0219i \u00een Bucure\u0219ti s\u0103 fie implementat. Acolo au fost montate sisteme care culeg informa\u021bii despre aer \u0219i detecteaz\u0103 alergenii \u00een timp real.&nbsp;Potrivit <a href=\"https:\/\/www.tion.ro\/stirile-judetului-timis\/proiect-unic-in-tara-la-timisoara-alergicii-atentionati-de-senzori-prin-ro-alert-cand-creste-nivelul-de-polen-1711327\/\">tion.ro<\/a>, sistemul ar urma s\u0103 fie parte a unui protocol cu Inspectoratul General pentru Situa\u021bii de Urgen\u021b\u0103 pentru integrarea v\u00e2rfurilor de \u201epoluare\u201d cu ambrozie \u00een RO-Alert, dup\u0103 un model derulat de alte \u021b\u0103ri europene.&nbsp;<\/p>\n\n\n\n<p>CITE\u0218TE \u0218I: <strong><a href=\"https:\/\/buletin.de\/bucuresti\/aproape-o-treime-din-reteaua-termica-primara-a-capitalei-a-fost-modernizata-restul-tevi-vechi-de-cateva-decenii\/\">Aproape o treime din re\u021beaua termic\u0103 primar\u0103 a Capitalei a fost modernizat\u0103. Restul, \u021bevi vechi de c\u00e2teva decenii<\/a><\/strong><\/p>\n\n\n\n<h2 class=\"wp-block-heading\" id=\"h-cum-sa-faci-fa\u021ba-ambroziei-\u0219i-care-este-tratamentul\"><strong>Cum s\u0103 faci fa\u021b\u0103 ambroziei \u0219i care este tratamentul<\/strong><\/h2>\n\n\n\n<p>Sfaturile expertei pentru persoanele care au acest tip de alergie sunt:<\/p>\n\n\n\n<ul class=\"wp-block-list\">\n<li>S\u0103 \u00eenchid\u0103 geamurile diminea\u021ba, pentru c\u0103 atunci este eliberat\u0103 cea mai mare cantitate de polen;<\/li>\n\n\n\n<li>S\u0103 evite plimb\u0103rile de pe l\u00e2ng\u0103 c\u00e2mpii sau linii de tren;<\/li>\n\n\n\n<li>S\u0103 poarte masc\u0103;<\/li>\n\n\n\n<li>S\u0103 se spele pe fa\u021b\u0103 de fiecare dat\u0103 c\u00e2nd intr\u0103 \u00een cas\u0103, pentru a \u00eendep\u0103rta polenul din locuri precum genele \u0219i nasul;<\/li>\n\n\n\n<li>S\u0103 mearg\u0103, dac\u0103 le este posibil, la munte s\u0103 respire aer mai curat;<\/li>\n\n\n\n<li>S\u0103 mearg\u0103 la salin\u0103.<\/li>\n<\/ul>\n\n\n\n<p>Dac\u0103 este vorba de rinoconjunctivit\u0103, adic\u0103 afec\u021biunile la nivelul nasului \u0219i al ochilor, se pot administra anumite antialergice \u0219i antihistaminice, dar au o rat\u0103 de succes de unu din patru oameni alergici.&nbsp;<\/p>\n\n\n\n<p><strong>De departe, metoda cea mai eficient\u0103 identificat\u0103 de medici \u00een a sc\u0103pa de simptomele cauzate de ambrozie este tratamentul adecvat.&nbsp;<\/strong><\/p>\n\n\n\n<p><em>\u201eSolu\u021bia pentru ei este imunoterapia cu alergeni, cunoscut\u0103 \u0219i sub numele de desensibilizare.&nbsp;Tratamentul acesta are o singur\u0103 problem\u0103: dureaz\u0103 cel pu\u021bin 3 ani, deci este de durat\u0103. Este destul de scump, dar este cea mai eficient\u0103 arm\u0103 \u00eempotriva alergiei la ambrozie, pe termen lung\u201d.&nbsp;&nbsp;<\/em><\/p>\n\n\n\n<p><strong><mark style=\"background-color:rgba(0, 0, 0, 0)\" class=\"has-inline-color has-vivid-red-color\">Pre\u021bului unui flacon de tratament pentru alergia la ambrozie se situeaz\u0103 \u00eentre 200 \u0219i 450 de euro.<\/mark> <\/strong>Dr. Bunu Panaitescu propune o compensare din partea Ministerului S\u0103n\u0103t\u0103\u021bii pentru aceast\u0103 terapie costisitoare.<\/p>\n\n\n\n<p>Experta \u00een alergologie pune responsabilitatea \u0219i \u00een curtea autorit\u0103\u021bilor locale, iar \u00een Bucure\u0219ti a identificat c\u0103 terenurile private ne\u00eengrijite contribuie \u00eentr-o mare m\u0103sur\u0103 la \u00eempr\u0103\u0219tierea polenului.&nbsp;<\/p>\n\n\n\n<h2 class=\"wp-block-heading\" id=\"h-culturile-de-ambrozie-din-capitala-cum-ar-trebui-sa-func\u021bioneze-legea\">\u201eCulturile\u201d de ambrozie din Capital\u0103. Cum ar trebui s\u0103 func\u021bioneze legea<\/h2>\n\n\n\n<p>\u00cen prezent, proprietarii sau de\u0163in\u0103torii de terenuri au obliga\u0163ia s\u0103 previn\u0103, s\u0103 combat\u0103 \u015fi s\u0103 distrug\u0103 buruiana, pe terenurile intravilane sau extravilane.<\/p>\n\n\n\n<p>\u00cen etapa de soma\u021bie, respectiv avertisment, Poli\u021bii Locale ale prim\u0103riilor trebuie s\u0103 identifice anual terenurile pe care se dezvolt\u0103 ambrozia, urm\u00e2nd ca proprietarii s\u0103 fie notifica\u021bi cu privire la obliga\u021biile care le revin. Proprietarii sau de\u021bin\u0103torii de terenuri pot solicita, \u00een scris, autorit\u0103\u021bilor publice locale s\u0103 efectueze lucr\u0103ri de combatere a ambroziei, contra cost, \u00een cazul \u00een care ace\u0219tia, nu o pot distruge.<\/p>\n\n\n\n<p>Daca se constat\u0103 c\u0103 nu au fost luate m\u0103surile necesare se aplic\u0103 amend\u0103 contraven\u0163ional\u0103 de la 1.000 lei la 5.000 lei \u00een cazul persoanelor fizice, respectiv de la 10.000 lei la 20.000 lei, \u00een cazul persoanelor juridice.<\/p>\n\n\n\n<p>CITE\u0218TE \u0218I: <strong><a href=\"https:\/\/buletin.de\/bucuresti\/a-inceput-litoralul-pentru-toti-cat-costa-drumul-bucuresti-constanta-cu-diverse-mijloace-de-transport\/\">A \u00eenceput \u201eLitoralul pentru to\u021bi\u201d. C\u00e2t cost\u0103 drumul Bucure\u0219ti-Constan\u021ba cu diverse mijloace de transport<\/a><\/strong><\/p>\n","protected":false},"excerpt":{"rendered":"<p>\u201eCulturile\u201d de ambrozie din Capital\u0103 afecteaz\u0103 zeci de mii de bucure\u0219teni, alergici la sporii elimina\u021bi de aceast\u0103 plant\u0103 invaziv\u0103. Perioada de \u00eenceput de septembrie reprezint\u0103 apogeul \u00een care se manifest\u0103 alergiile. \u00cen Capital\u0103 \u0219i zona metropolitan\u0103, fenomenul cap\u0103t\u0103 amploare de la an la an. Buletin de Bucure\u0219ti a vorbit cu experta \u00een alergologie Dr. Carmen [&hellip;]<\/p>\n","protected":false},"author":58,"featured_media":96977,"comment_status":"closed","ping_status":"open","sticky":false,"template":"","format":"standard","meta":{"_acf_changed":false,"inline_featured_image":false,"ngg_post_thumbnail":0,"footnotes":""},"categories":[6994,5762,4],"tags":[14825,183,154,1337,6047,476,14824,6370,7135,14826,14827],"ppma_author":[22581],"class_list":["post-96952","post","type-post","status-publish","format-standard","has-post-thumbnail","hentry","category-stiri-2","category-main","category-sanatate","tag-alergie-ambrozie","tag-ambrozie","tag-amenzi","tag-pret","tag-ro-alert","tag-senzori","tag-sfaturi","tag-terenuri","tag-tratament","tag-tratament-alergie-ambrozie","tag-tratament-ambrozie"],"acf":[],"yoast_head":"<!-- This site is optimized with the Yoast SEO Premium plugin v25.3 (Yoast SEO v27.5) - https:\/\/yoast.com\/product\/yoast-seo-premium-wordpress\/ -->\n<title>\u201eCulturile\u201d de ambrozie din Capital\u0103. Tratamentul de 450 de euro, senzori pentru alergeni integra\u021bi \u00een Ro-Alert \u0219i sfaturile speciali\u0219tilor - Buletin de Bucure\u0219ti<\/title>\n<meta name=\"description\" content=\"\u201eCulturile\u201d de ambrozie din Capital\u0103 afecteaz\u0103 zeci de mii de bucure\u0219teni, alergici la sporii elimina\u021bi de aceast\u0103 plant\u0103 invaziv\u0103.\" \/>\n<meta name=\"robots\" content=\"index, follow, max-snippet:-1, max-image-preview:large, max-video-preview:-1\" \/>\n<link rel=\"canonical\" href=\"https:\/\/buletin.de\/bucuresti\/culturile-de-ambrozie-din-capitala-tratamentul-de-450-de-euro-senzori-pentru-alergeni-integrati-in-ro-alert-si-sfaturile-specialistilor\/\" \/>\n<meta property=\"og:locale\" content=\"en_GB\" \/>\n<meta property=\"og:type\" content=\"article\" \/>\n<meta property=\"og:title\" content=\"\u201eCulturile\u201d de ambrozie din Capital\u0103. Tratamentul de 450 de euro, senzori pentru alergeni integra\u021bi \u00een Ro-Alert \u0219i sfaturile speciali\u0219tilor\" \/>\n<meta property=\"og:description\" content=\"\u201eCulturile\u201d de ambrozie din Capital\u0103 afecteaz\u0103 zeci de mii de bucure\u0219teni, alergici la sporii elimina\u021bi de aceast\u0103 plant\u0103 invaziv\u0103.\" \/>\n<meta property=\"og:url\" content=\"https:\/\/buletin.de\/bucuresti\/culturile-de-ambrozie-din-capitala-tratamentul-de-450-de-euro-senzori-pentru-alergeni-integrati-in-ro-alert-si-sfaturile-specialistilor\/\" \/>\n<meta property=\"og:site_name\" content=\"Buletin de Bucure\u0219ti\" \/>\n<meta property=\"article:publisher\" content=\"https:\/\/www.facebook.com\/buletin.de.buc\" \/>\n<meta property=\"article:published_time\" content=\"2024-09-06T04:30:00+00:00\" \/>\n<meta property=\"article:modified_time\" content=\"2024-09-07T05:40:08+00:00\" \/>\n<meta property=\"og:image\" content=\"https:\/\/buletin.de\/bucuresti\/wp-content\/uploads\/ID147171_INQUAM_Photos_Octav_Ganea.jpg\" \/>\n\t<meta property=\"og:image:width\" content=\"2000\" \/>\n\t<meta property=\"og:image:height\" content=\"1333\" \/>\n\t<meta property=\"og:image:type\" content=\"image\/jpeg\" \/>\n<meta name=\"author\" content=\"Ana Anghel-Dimache\" \/>\n<meta name=\"twitter:card\" content=\"summary_large_image\" \/>\n<meta name=\"twitter:label1\" content=\"Written by\" \/>\n\t<meta name=\"twitter:data1\" content=\"Ana Anghel-Dimache\" \/>\n\t<meta name=\"twitter:label2\" content=\"Estimated reading time\" \/>\n\t<meta name=\"twitter:data2\" content=\"5 minutes\" \/>\n<script type=\"application\/ld+json\" class=\"yoast-schema-graph\">{\"@context\":\"https:\\\/\\\/schema.org\",\"@graph\":[{\"@type\":\"Article\",\"@id\":\"https:\\\/\\\/buletin.de\\\/bucuresti\\\/culturile-de-ambrozie-din-capitala-tratamentul-de-450-de-euro-senzori-pentru-alergeni-integrati-in-ro-alert-si-sfaturile-specialistilor\\\/#article\",\"isPartOf\":{\"@id\":\"https:\\\/\\\/buletin.de\\\/bucuresti\\\/culturile-de-ambrozie-din-capitala-tratamentul-de-450-de-euro-senzori-pentru-alergeni-integrati-in-ro-alert-si-sfaturile-specialistilor\\\/\"},\"author\":{\"name\":\"Ana Anghel-Dimache\",\"@id\":\"https:\\\/\\\/buletin.de\\\/bucuresti\\\/#\\\/schema\\\/person\\\/359459245996e200ed7c807f71f0551a\"},\"headline\":\"\u201eCulturile\u201d de ambrozie din Capital\u0103. Tratamentul de 450 de euro, senzori pentru alergeni integra\u021bi \u00een Ro-Alert \u0219i sfaturile speciali\u0219tilor\",\"datePublished\":\"2024-09-06T04:30:00+00:00\",\"dateModified\":\"2024-09-07T05:40:08+00:00\",\"mainEntityOfPage\":{\"@id\":\"https:\\\/\\\/buletin.de\\\/bucuresti\\\/culturile-de-ambrozie-din-capitala-tratamentul-de-450-de-euro-senzori-pentru-alergeni-integrati-in-ro-alert-si-sfaturile-specialistilor\\\/\"},\"wordCount\":1166,\"publisher\":{\"@id\":\"https:\\\/\\\/buletin.de\\\/bucuresti\\\/#organization\"},\"image\":{\"@id\":\"https:\\\/\\\/buletin.de\\\/bucuresti\\\/culturile-de-ambrozie-din-capitala-tratamentul-de-450-de-euro-senzori-pentru-alergeni-integrati-in-ro-alert-si-sfaturile-specialistilor\\\/#primaryimage\"},\"thumbnailUrl\":\"https:\\\/\\\/buletin.de\\\/bucuresti\\\/wp-content\\\/uploads\\\/ID147171_INQUAM_Photos_Octav_Ganea.jpg\",\"keywords\":[\"alergie ambrozie\",\"ambrozie\",\"amenzi\",\"pret\",\"Ro alert\",\"senzori\",\"sfaturi\",\"terenuri\",\"tratament\",\"tratament alergie ambrozie\",\"tratament ambrozie\"],\"articleSection\":[\"Articole\",\"Main\",\"S\u0103n\u0103tate\"],\"inLanguage\":\"en-GB\",\"copyrightYear\":\"2024\",\"copyrightHolder\":{\"@id\":\"https:\\\/\\\/buletin.de\\\/bucuresti\\\/#organization\"}},{\"@type\":\"WebPage\",\"@id\":\"https:\\\/\\\/buletin.de\\\/bucuresti\\\/culturile-de-ambrozie-din-capitala-tratamentul-de-450-de-euro-senzori-pentru-alergeni-integrati-in-ro-alert-si-sfaturile-specialistilor\\\/\",\"url\":\"https:\\\/\\\/buletin.de\\\/bucuresti\\\/culturile-de-ambrozie-din-capitala-tratamentul-de-450-de-euro-senzori-pentru-alergeni-integrati-in-ro-alert-si-sfaturile-specialistilor\\\/\",\"name\":\"\u201eCulturile\u201d de ambrozie din Capital\u0103. Tratamentul de 450 de euro, senzori pentru alergeni integra\u021bi \u00een Ro-Alert \u0219i sfaturile speciali\u0219tilor - Buletin de Bucure\u0219ti\",\"isPartOf\":{\"@id\":\"https:\\\/\\\/buletin.de\\\/bucuresti\\\/#website\"},\"primaryImageOfPage\":{\"@id\":\"https:\\\/\\\/buletin.de\\\/bucuresti\\\/culturile-de-ambrozie-din-capitala-tratamentul-de-450-de-euro-senzori-pentru-alergeni-integrati-in-ro-alert-si-sfaturile-specialistilor\\\/#primaryimage\"},\"image\":{\"@id\":\"https:\\\/\\\/buletin.de\\\/bucuresti\\\/culturile-de-ambrozie-din-capitala-tratamentul-de-450-de-euro-senzori-pentru-alergeni-integrati-in-ro-alert-si-sfaturile-specialistilor\\\/#primaryimage\"},\"thumbnailUrl\":\"https:\\\/\\\/buletin.de\\\/bucuresti\\\/wp-content\\\/uploads\\\/ID147171_INQUAM_Photos_Octav_Ganea.jpg\",\"datePublished\":\"2024-09-06T04:30:00+00:00\",\"dateModified\":\"2024-09-07T05:40:08+00:00\",\"description\":\"\u201eCulturile\u201d de ambrozie din Capital\u0103 afecteaz\u0103 zeci de mii de bucure\u0219teni, alergici la sporii elimina\u021bi de aceast\u0103 plant\u0103 invaziv\u0103.\",\"breadcrumb\":{\"@id\":\"https:\\\/\\\/buletin.de\\\/bucuresti\\\/culturile-de-ambrozie-din-capitala-tratamentul-de-450-de-euro-senzori-pentru-alergeni-integrati-in-ro-alert-si-sfaturile-specialistilor\\\/#breadcrumb\"},\"inLanguage\":\"en-GB\",\"potentialAction\":[{\"@type\":\"ReadAction\",\"target\":[\"https:\\\/\\\/buletin.de\\\/bucuresti\\\/culturile-de-ambrozie-din-capitala-tratamentul-de-450-de-euro-senzori-pentru-alergeni-integrati-in-ro-alert-si-sfaturile-specialistilor\\\/\"]}]},{\"@type\":\"ImageObject\",\"inLanguage\":\"en-GB\",\"@id\":\"https:\\\/\\\/buletin.de\\\/bucuresti\\\/culturile-de-ambrozie-din-capitala-tratamentul-de-450-de-euro-senzori-pentru-alergeni-integrati-in-ro-alert-si-sfaturile-specialistilor\\\/#primaryimage\",\"url\":\"https:\\\/\\\/buletin.de\\\/bucuresti\\\/wp-content\\\/uploads\\\/ID147171_INQUAM_Photos_Octav_Ganea.jpg\",\"contentUrl\":\"https:\\\/\\\/buletin.de\\\/bucuresti\\\/wp-content\\\/uploads\\\/ID147171_INQUAM_Photos_Octav_Ganea.jpg\",\"width\":2000,\"height\":1333,\"caption\":\"\u201eCulturile\u201d de ambrozie din Capital\u0103. Tratamentul de 450 de euro \u00eempotriva alergiilor \u0219i sfaturile speciali\u0219tilor. FOTO: Inquam Photos\\\/Octav Ganea\"},{\"@type\":\"BreadcrumbList\",\"@id\":\"https:\\\/\\\/buletin.de\\\/bucuresti\\\/culturile-de-ambrozie-din-capitala-tratamentul-de-450-de-euro-senzori-pentru-alergeni-integrati-in-ro-alert-si-sfaturile-specialistilor\\\/#breadcrumb\",\"itemListElement\":[{\"@type\":\"ListItem\",\"position\":1,\"name\":\"Acas\u0103\",\"item\":\"https:\\\/\\\/buletin.de\\\/bucuresti\\\/\"},{\"@type\":\"ListItem\",\"position\":2,\"name\":\"\u201eCulturile\u201d de ambrozie din Capital\u0103. Tratamentul de 450 de euro, senzori pentru alergeni integra\u021bi \u00een Ro-Alert \u0219i sfaturile speciali\u0219tilor\"}]},{\"@type\":\"WebSite\",\"@id\":\"https:\\\/\\\/buletin.de\\\/bucuresti\\\/#website\",\"url\":\"https:\\\/\\\/buletin.de\\\/bucuresti\\\/\",\"name\":\"Buletin de Bucure\u0219ti\",\"description\":\"\u0218tiri \u0219i investiga\u021bii esen\u021biale din capital\u0103\",\"publisher\":{\"@id\":\"https:\\\/\\\/buletin.de\\\/bucuresti\\\/#organization\"},\"potentialAction\":[{\"@type\":\"SearchAction\",\"target\":{\"@type\":\"EntryPoint\",\"urlTemplate\":\"https:\\\/\\\/buletin.de\\\/bucuresti\\\/?s={search_term_string}\"},\"query-input\":{\"@type\":\"PropertyValueSpecification\",\"valueRequired\":true,\"valueName\":\"search_term_string\"}}],\"inLanguage\":\"en-GB\"},{\"@type\":\"Organization\",\"@id\":\"https:\\\/\\\/buletin.de\\\/bucuresti\\\/#organization\",\"name\":\"Buletin de Bucure\u0219ti\",\"url\":\"https:\\\/\\\/buletin.de\\\/bucuresti\\\/\",\"logo\":{\"@type\":\"ImageObject\",\"inLanguage\":\"en-GB\",\"@id\":\"https:\\\/\\\/buletin.de\\\/bucuresti\\\/#\\\/schema\\\/logo\\\/image\\\/\",\"url\":\"https:\\\/\\\/buletin.de\\\/bucuresti\\\/wp-content\\\/uploads\\\/logo-bdb-full-wide-vernil-transparent.png\",\"contentUrl\":\"https:\\\/\\\/buletin.de\\\/bucuresti\\\/wp-content\\\/uploads\\\/logo-bdb-full-wide-vernil-transparent.png\",\"width\":1782,\"height\":626,\"caption\":\"Buletin de Bucure\u0219ti\"},\"image\":{\"@id\":\"https:\\\/\\\/buletin.de\\\/bucuresti\\\/#\\\/schema\\\/logo\\\/image\\\/\"},\"sameAs\":[\"https:\\\/\\\/www.facebook.com\\\/buletin.de.buc\",\"https:\\\/\\\/www.instagram.com\\\/buletinde.bucuresti\\\/\"]},{\"@type\":\"Person\",\"@id\":\"https:\\\/\\\/buletin.de\\\/bucuresti\\\/#\\\/schema\\\/person\\\/359459245996e200ed7c807f71f0551a\",\"name\":\"Ana Anghel-Dimache\",\"image\":{\"@type\":\"ImageObject\",\"inLanguage\":\"en-GB\",\"@id\":\"https:\\\/\\\/buletin.de\\\/bucuresti\\\/wp-content\\\/uploads\\\/Ana-Anghel-Dimache-96x96.jpg861145fc2c4f1fe57dc81b59a6cfb674\",\"url\":\"https:\\\/\\\/buletin.de\\\/bucuresti\\\/wp-content\\\/uploads\\\/Ana-Anghel-Dimache-96x96.jpg\",\"contentUrl\":\"https:\\\/\\\/buletin.de\\\/bucuresti\\\/wp-content\\\/uploads\\\/Ana-Anghel-Dimache-96x96.jpg\",\"caption\":\"Ana Anghel-Dimache\"},\"description\":\"Sunt student\u0103 la jurnalism \u0219i m-am n\u0103scut \u00een Bucure\u0219ti, ora\u0219 plin de pove\u0219ti care merit\u0103 explorate. \u00cemi place s\u0103 scriu despre subiecte politice, de mediu \u0219i legate de transportul din Capital\u0103. \u00cencerc s\u0103 pictez o imagine c\u00e2t mai sincer\u0103 a realit\u0103\u021bii \u0219i sus\u021bin presa independent\u0103 pentru c\u0103 este esen\u021bial s\u0103 pot reda faptele \u00een formele lor adev\u0103rate.\",\"url\":\"https:\\\/\\\/buletin.de\\\/bucuresti\\\/author\\\/ana-dimache\\\/\"}]}<\/script>\n<!-- \/ Yoast SEO Premium plugin. -->","yoast_head_json":{"title":"\u201eCulturile\u201d de ambrozie din Capital\u0103. Tratamentul de 450 de euro, senzori pentru alergeni integra\u021bi \u00een Ro-Alert \u0219i sfaturile speciali\u0219tilor - Buletin de Bucure\u0219ti","description":"\u201eCulturile\u201d de ambrozie din Capital\u0103 afecteaz\u0103 zeci de mii de bucure\u0219teni, alergici la sporii elimina\u021bi de aceast\u0103 plant\u0103 invaziv\u0103.","robots":{"index":"index","follow":"follow","max-snippet":"max-snippet:-1","max-image-preview":"max-image-preview:large","max-video-preview":"max-video-preview:-1"},"canonical":"https:\/\/buletin.de\/bucuresti\/culturile-de-ambrozie-din-capitala-tratamentul-de-450-de-euro-senzori-pentru-alergeni-integrati-in-ro-alert-si-sfaturile-specialistilor\/","og_locale":"en_GB","og_type":"article","og_title":"\u201eCulturile\u201d de ambrozie din Capital\u0103. Tratamentul de 450 de euro, senzori pentru alergeni integra\u021bi \u00een Ro-Alert \u0219i sfaturile speciali\u0219tilor","og_description":"\u201eCulturile\u201d de ambrozie din Capital\u0103 afecteaz\u0103 zeci de mii de bucure\u0219teni, alergici la sporii elimina\u021bi de aceast\u0103 plant\u0103 invaziv\u0103.","og_url":"https:\/\/buletin.de\/bucuresti\/culturile-de-ambrozie-din-capitala-tratamentul-de-450-de-euro-senzori-pentru-alergeni-integrati-in-ro-alert-si-sfaturile-specialistilor\/","og_site_name":"Buletin de Bucure\u0219ti","article_publisher":"https:\/\/www.facebook.com\/buletin.de.buc","article_published_time":"2024-09-06T04:30:00+00:00","article_modified_time":"2024-09-07T05:40:08+00:00","og_image":[{"width":2000,"height":1333,"url":"https:\/\/buletin.de\/bucuresti\/wp-content\/uploads\/ID147171_INQUAM_Photos_Octav_Ganea.jpg","type":"image\/jpeg"}],"author":"Ana Anghel-Dimache","twitter_card":"summary_large_image","twitter_misc":{"Written by":"Ana Anghel-Dimache","Estimated reading time":"5 minutes"},"schema":{"@context":"https:\/\/schema.org","@graph":[{"@type":"Article","@id":"https:\/\/buletin.de\/bucuresti\/culturile-de-ambrozie-din-capitala-tratamentul-de-450-de-euro-senzori-pentru-alergeni-integrati-in-ro-alert-si-sfaturile-specialistilor\/#article","isPartOf":{"@id":"https:\/\/buletin.de\/bucuresti\/culturile-de-ambrozie-din-capitala-tratamentul-de-450-de-euro-senzori-pentru-alergeni-integrati-in-ro-alert-si-sfaturile-specialistilor\/"},"author":{"name":"Ana Anghel-Dimache","@id":"https:\/\/buletin.de\/bucuresti\/#\/schema\/person\/359459245996e200ed7c807f71f0551a"},"headline":"\u201eCulturile\u201d de ambrozie din Capital\u0103. Tratamentul de 450 de euro, senzori pentru alergeni integra\u021bi \u00een Ro-Alert \u0219i sfaturile speciali\u0219tilor","datePublished":"2024-09-06T04:30:00+00:00","dateModified":"2024-09-07T05:40:08+00:00","mainEntityOfPage":{"@id":"https:\/\/buletin.de\/bucuresti\/culturile-de-ambrozie-din-capitala-tratamentul-de-450-de-euro-senzori-pentru-alergeni-integrati-in-ro-alert-si-sfaturile-specialistilor\/"},"wordCount":1166,"publisher":{"@id":"https:\/\/buletin.de\/bucuresti\/#organization"},"image":{"@id":"https:\/\/buletin.de\/bucuresti\/culturile-de-ambrozie-din-capitala-tratamentul-de-450-de-euro-senzori-pentru-alergeni-integrati-in-ro-alert-si-sfaturile-specialistilor\/#primaryimage"},"thumbnailUrl":"https:\/\/buletin.de\/bucuresti\/wp-content\/uploads\/ID147171_INQUAM_Photos_Octav_Ganea.jpg","keywords":["alergie ambrozie","ambrozie","amenzi","pret","Ro alert","senzori","sfaturi","terenuri","tratament","tratament alergie ambrozie","tratament ambrozie"],"articleSection":["Articole","Main","S\u0103n\u0103tate"],"inLanguage":"en-GB","copyrightYear":"2024","copyrightHolder":{"@id":"https:\/\/buletin.de\/bucuresti\/#organization"}},{"@type":"WebPage","@id":"https:\/\/buletin.de\/bucuresti\/culturile-de-ambrozie-din-capitala-tratamentul-de-450-de-euro-senzori-pentru-alergeni-integrati-in-ro-alert-si-sfaturile-specialistilor\/","url":"https:\/\/buletin.de\/bucuresti\/culturile-de-ambrozie-din-capitala-tratamentul-de-450-de-euro-senzori-pentru-alergeni-integrati-in-ro-alert-si-sfaturile-specialistilor\/","name":"\u201eCulturile\u201d de ambrozie din Capital\u0103. Tratamentul de 450 de euro, senzori pentru alergeni integra\u021bi \u00een Ro-Alert \u0219i sfaturile speciali\u0219tilor - Buletin de Bucure\u0219ti","isPartOf":{"@id":"https:\/\/buletin.de\/bucuresti\/#website"},"primaryImageOfPage":{"@id":"https:\/\/buletin.de\/bucuresti\/culturile-de-ambrozie-din-capitala-tratamentul-de-450-de-euro-senzori-pentru-alergeni-integrati-in-ro-alert-si-sfaturile-specialistilor\/#primaryimage"},"image":{"@id":"https:\/\/buletin.de\/bucuresti\/culturile-de-ambrozie-din-capitala-tratamentul-de-450-de-euro-senzori-pentru-alergeni-integrati-in-ro-alert-si-sfaturile-specialistilor\/#primaryimage"},"thumbnailUrl":"https:\/\/buletin.de\/bucuresti\/wp-content\/uploads\/ID147171_INQUAM_Photos_Octav_Ganea.jpg","datePublished":"2024-09-06T04:30:00+00:00","dateModified":"2024-09-07T05:40:08+00:00","description":"\u201eCulturile\u201d de ambrozie din Capital\u0103 afecteaz\u0103 zeci de mii de bucure\u0219teni, alergici la sporii elimina\u021bi de aceast\u0103 plant\u0103 invaziv\u0103.","breadcrumb":{"@id":"https:\/\/buletin.de\/bucuresti\/culturile-de-ambrozie-din-capitala-tratamentul-de-450-de-euro-senzori-pentru-alergeni-integrati-in-ro-alert-si-sfaturile-specialistilor\/#breadcrumb"},"inLanguage":"en-GB","potentialAction":[{"@type":"ReadAction","target":["https:\/\/buletin.de\/bucuresti\/culturile-de-ambrozie-din-capitala-tratamentul-de-450-de-euro-senzori-pentru-alergeni-integrati-in-ro-alert-si-sfaturile-specialistilor\/"]}]},{"@type":"ImageObject","inLanguage":"en-GB","@id":"https:\/\/buletin.de\/bucuresti\/culturile-de-ambrozie-din-capitala-tratamentul-de-450-de-euro-senzori-pentru-alergeni-integrati-in-ro-alert-si-sfaturile-specialistilor\/#primaryimage","url":"https:\/\/buletin.de\/bucuresti\/wp-content\/uploads\/ID147171_INQUAM_Photos_Octav_Ganea.jpg","contentUrl":"https:\/\/buletin.de\/bucuresti\/wp-content\/uploads\/ID147171_INQUAM_Photos_Octav_Ganea.jpg","width":2000,"height":1333,"caption":"\u201eCulturile\u201d de ambrozie din Capital\u0103. Tratamentul de 450 de euro \u00eempotriva alergiilor \u0219i sfaturile speciali\u0219tilor. FOTO: Inquam Photos\/Octav Ganea"},{"@type":"BreadcrumbList","@id":"https:\/\/buletin.de\/bucuresti\/culturile-de-ambrozie-din-capitala-tratamentul-de-450-de-euro-senzori-pentru-alergeni-integrati-in-ro-alert-si-sfaturile-specialistilor\/#breadcrumb","itemListElement":[{"@type":"ListItem","position":1,"name":"Acas\u0103","item":"https:\/\/buletin.de\/bucuresti\/"},{"@type":"ListItem","position":2,"name":"\u201eCulturile\u201d de ambrozie din Capital\u0103. Tratamentul de 450 de euro, senzori pentru alergeni integra\u021bi \u00een Ro-Alert \u0219i sfaturile speciali\u0219tilor"}]},{"@type":"WebSite","@id":"https:\/\/buletin.de\/bucuresti\/#website","url":"https:\/\/buletin.de\/bucuresti\/","name":"Buletin de Bucure\u0219ti","description":"\u0218tiri \u0219i investiga\u021bii esen\u021biale din capital\u0103","publisher":{"@id":"https:\/\/buletin.de\/bucuresti\/#organization"},"potentialAction":[{"@type":"SearchAction","target":{"@type":"EntryPoint","urlTemplate":"https:\/\/buletin.de\/bucuresti\/?s={search_term_string}"},"query-input":{"@type":"PropertyValueSpecification","valueRequired":true,"valueName":"search_term_string"}}],"inLanguage":"en-GB"},{"@type":"Organization","@id":"https:\/\/buletin.de\/bucuresti\/#organization","name":"Buletin de Bucure\u0219ti","url":"https:\/\/buletin.de\/bucuresti\/","logo":{"@type":"ImageObject","inLanguage":"en-GB","@id":"https:\/\/buletin.de\/bucuresti\/#\/schema\/logo\/image\/","url":"https:\/\/buletin.de\/bucuresti\/wp-content\/uploads\/logo-bdb-full-wide-vernil-transparent.png","contentUrl":"https:\/\/buletin.de\/bucuresti\/wp-content\/uploads\/logo-bdb-full-wide-vernil-transparent.png","width":1782,"height":626,"caption":"Buletin de Bucure\u0219ti"},"image":{"@id":"https:\/\/buletin.de\/bucuresti\/#\/schema\/logo\/image\/"},"sameAs":["https:\/\/www.facebook.com\/buletin.de.buc","https:\/\/www.instagram.com\/buletinde.bucuresti\/"]},{"@type":"Person","@id":"https:\/\/buletin.de\/bucuresti\/#\/schema\/person\/359459245996e200ed7c807f71f0551a","name":"Ana Anghel-Dimache","image":{"@type":"ImageObject","inLanguage":"en-GB","@id":"https:\/\/buletin.de\/bucuresti\/wp-content\/uploads\/Ana-Anghel-Dimache-96x96.jpg861145fc2c4f1fe57dc81b59a6cfb674","url":"https:\/\/buletin.de\/bucuresti\/wp-content\/uploads\/Ana-Anghel-Dimache-96x96.jpg","contentUrl":"https:\/\/buletin.de\/bucuresti\/wp-content\/uploads\/Ana-Anghel-Dimache-96x96.jpg","caption":"Ana Anghel-Dimache"},"description":"Sunt student\u0103 la jurnalism \u0219i m-am n\u0103scut \u00een Bucure\u0219ti, ora\u0219 plin de pove\u0219ti care merit\u0103 explorate. \u00cemi place s\u0103 scriu despre subiecte politice, de mediu \u0219i legate de transportul din Capital\u0103. \u00cencerc s\u0103 pictez o imagine c\u00e2t mai sincer\u0103 a realit\u0103\u021bii \u0219i sus\u021bin presa independent\u0103 pentru c\u0103 este esen\u021bial s\u0103 pot reda faptele \u00een formele lor adev\u0103rate.","url":"https:\/\/buletin.de\/bucuresti\/author\/ana-dimache\/"}]}},"authors":[{"term_id":22581,"user_id":58,"is_guest":0,"slug":"ana-dimache","display_name":"Ana Anghel-Dimache","avatar_url":"https:\/\/buletin.de\/bucuresti\/wp-content\/uploads\/Ana-Anghel-Dimache-96x96.jpg","0":null,"1":"","2":"","3":"","4":"","5":"","6":"","7":"","8":""}],"_links":{"self":[{"href":"https:\/\/buletin.de\/bucuresti\/wp-json\/wp\/v2\/posts\/96952","targetHints":{"allow":["GET"]}}],"collection":[{"href":"https:\/\/buletin.de\/bucuresti\/wp-json\/wp\/v2\/posts"}],"about":[{"href":"https:\/\/buletin.de\/bucuresti\/wp-json\/wp\/v2\/types\/post"}],"author":[{"embeddable":true,"href":"https:\/\/buletin.de\/bucuresti\/wp-json\/wp\/v2\/users\/58"}],"replies":[{"embeddable":true,"href":"https:\/\/buletin.de\/bucuresti\/wp-json\/wp\/v2\/comments?post=96952"}],"version-history":[{"count":15,"href":"https:\/\/buletin.de\/bucuresti\/wp-json\/wp\/v2\/posts\/96952\/revisions"}],"predecessor-version":[{"id":97061,"href":"https:\/\/buletin.de\/bucuresti\/wp-json\/wp\/v2\/posts\/96952\/revisions\/97061"}],"wp:featuredmedia":[{"embeddable":true,"href":"https:\/\/buletin.de\/bucuresti\/wp-json\/wp\/v2\/media\/96977"}],"wp:attachment":[{"href":"https:\/\/buletin.de\/bucuresti\/wp-json\/wp\/v2\/media?parent=96952"}],"wp:term":[{"taxonomy":"category","embeddable":true,"href":"https:\/\/buletin.de\/bucuresti\/wp-json\/wp\/v2\/categories?post=96952"},{"taxonomy":"post_tag","embeddable":true,"href":"https:\/\/buletin.de\/bucuresti\/wp-json\/wp\/v2\/tags?post=96952"},{"taxonomy":"author","embeddable":true,"href":"https:\/\/buletin.de\/bucuresti\/wp-json\/wp\/v2\/ppma_author?post=96952"}],"curies":[{"name":"wp","href":"https:\/\/api.w.org\/{rel}","templated":true}]}}