{"id":96834,"date":"2024-09-05T07:23:29","date_gmt":"2024-09-05T04:23:29","guid":{"rendered":"https:\/\/buletin.de\/bucuresti\/?p=96834"},"modified":"2024-09-05T07:23:29","modified_gmt":"2024-09-05T04:23:29","slug":"linia-de-autobuz-403","status":"publish","type":"post","link":"https:\/\/buletin.de\/bucuresti\/linia-de-autobuz-403\/","title":{"rendered":"STV | Linia de autobuz 403 va circula pe un traseu deviat"},"content":{"rendered":"\n<p><strong>Linia de autobuz 403 va circula pe un traseu deviat.<\/strong> <strong><a href=\"https:\/\/www.stvsa.ro\/\">Serviciul de Transport Voluntari&nbsp;<\/a>informeaz\u0103 cet\u0103\u021benii ca linia 403 va func\u021biona pe un traseu deviat, pe ambele sensuri, in perioada 5-9 septembrie. M\u0103sura a fost luat\u0103 ca urmare a desf\u0103\u0219ur\u0103rii celei de a XX-a edi\u021bii a evenimentului \u201eFestivalul Folcloric\u201d.<\/strong><\/p>\n\n\n\n<p>Autobuzele vor circula pe urm\u0103toarele trasee:<\/p>\n\n\n\n<ul class=\"wp-block-list\">\n<li><strong>sens Pia\u021ba Presei:<\/strong> Traseul de baz\u0103 p\u00e2n\u0103 la intersec\u021bia str. 23 August\/str. G\u0103rii Otopeni, apoi str. G\u0103rii Otopeni, bretea DNCB, bretea Pasaj Otopeni cu ie\u0219ire spre Municipiul Bucure\u0219ti, \u0219os. Bucure\u0219ti-Ploie\u0219ti, terminal Pia\u021ba Presei.<\/li>\n\n\n\n<li><strong>sens Vadu Anei: <\/strong>Terminalul Pia\u021ba Presei, \u0219os. Bucure\u0219ti-Ploie\u0219ti, bretea Pasaj Otopeni, DNCB, str. G\u0103rii Otopeni, str. 23 August, apoi traseul de baz\u0103.<\/li>\n<\/ul>\n\n\n\n<p>Linia de autobuz 403 va circula pe un traseu deviat. Societatea de transport precizeaz\u0103 c\u0103 sta\u021biile Mure\u0219, Cimitirul Otopeni, 23 August, ICSITMUA, DN1 Aeroportul Henri Coand\u0103, Prim\u0103ria Otopeni, Prim\u0103rie, Amco, nu se vor mai efectua.<\/p>\n\n\n\n<p><strong>CITE\u0218TE \u0218I:<\/strong> <a href=\"https:\/\/buletin.de\/bucuresti\/peste-12-milioane-de-euro-investitii-pentru-reducerea-consumului-de-energie-in-campusurile-universitare-din-bucuresti-si-ilfov\/\">Peste 12 milioane de euro investi\u021bii pentru reducerea consumului de energie \u00een campusurile universitare din Bucure\u0219ti \u0219i Ilfov<\/a><\/p>\n\n\n\n<h2 class=\"wp-block-heading\" id=\"h-trei-trasee-stb-modificate-pentru-bucharest-street-food-festival-autumn-edition\">Trei trasee STB modificate pentru \u201eBucharest Street Food Festival \u2013 Autumn Edition\u201d<\/h2>\n\n\n\n<p>Societatea de Transport Public va modifica traseele&nbsp;<strong>liniilor&nbsp;de autobuz 100, 203 \u0219i 205<\/strong>, astfel:<\/p>\n\n\n\n<p><strong>Linia 100<\/strong> va func\u0163iona pe traseul de baz\u0103 \u00eentre terminalul \u201eAeroportul Henri Coand\u0103 Sosiri\u201d \u015fi Pia\u021ba Arcul de Triumf, apoi pe un traseu modificat pe sensul spre \u201ePia\u021ba Unirii 2\u201d, pe traseul:<\/p>\n\n\n\n<ul class=\"wp-block-list\">\n<li>Bd.&nbsp;Mare\u0219al Constantin Prezan;<\/li>\n\n\n\n<li>Bd. Aviatorilor,;<\/li>\n\n\n\n<li>Pia\u021ba Victoriei;<\/li>\n\n\n\n<li>Bd. Lasc\u01cer Catargiu;<\/li>\n\n\n\n<li>Bd.&nbsp;Gheorghe Magheru;<\/li>\n\n\n\n<li>Bd. Nicolae B\u01celcescu;<\/li>\n\n\n\n<li>Bd. I.C. Br\u0103tianu;<\/li>\n\n\n\n<li>Pia\u021ba Unirii. <\/li>\n<\/ul>\n\n\n\n<p>Circula\u021bia autobuzelor nu va fi modificat\u0103 pe sensul opus.<\/p>\n\n\n\n<p><strong>Linia 203\u00a0<\/strong>va func\u0163iona pe traseul de baz\u0103 \u00eentre terminalul \u201eCartier Greenfield\u201d \u015fi Pia\u021ba Arcul de Triumf, apoi pe un traseu modificat pe sensul spre Pia\u021ba Victoriei, pe traseul:<\/p>\n\n\n\n<ul class=\"wp-block-list\">\n<li>Bd.&nbsp;Mare\u0219al Constantin Prezan;<\/li>\n\n\n\n<li>Bd. Aviatorilor;<\/li>\n\n\n\n<li>Pia\u021ba Victoriei. <\/li>\n<\/ul>\n\n\n\n<p>Circula\u021bia autobuzelor nu va fi modificat\u0103 pe sensul opus.<\/p>\n\n\n\n<p><strong>Linia 205\u00a0<\/strong>va func\u0163iona pe traseul de baz\u0103 \u00eentre terminalul \u201eStr\u0103ule\u0219ti\u201d \u015fi Pia\u021ba Arcul de Triumf, apoi pe un traseu modificat pe sensul spre \u201ePia\u021ba Uniri 2\u201d:<\/p>\n\n\n\n<ul class=\"wp-block-list\">\n<li>Bd.&nbsp;Mare\u0219al Constantin Prezan;<\/li>\n\n\n\n<li>Bd. Aviatorilor;<\/li>\n\n\n\n<li>Pia\u021ba Victoriei;<\/li>\n\n\n\n<li>Bd. Lasc\u0103r Catargiu;<\/li>\n\n\n\n<li>Bd.&nbsp;Gheorghe Magheru;<\/li>\n\n\n\n<li>Bd. Nicolae B\u0103lcescu;<\/li>\n\n\n\n<li>Bd. I.C. Br\u0103tianu;<\/li>\n\n\n\n<li>Str. Halelor;<\/li>\n\n\n\n<li>Aleea III;<\/li>\n\n\n\n<li>Aleea II,<\/li>\n\n\n\n<li>\u201ePia\u021ba Unirii&nbsp;2\u201d. <\/li>\n<\/ul>\n\n\n\n<p>Circula\u021bia autobuzelor nu va fi modificat\u0103 pe sensul opus.<\/p>\n\n\n\n<p><strong>CITE\u0218TE \u0218I:<\/strong> <a href=\"https:\/\/buletin.de\/bucuresti\/planurile-in-proces-de-actualizare-ale-ilfovului-parkride-uri-si-bikeride-uri-26-de-gari-noi-noduri-intermodale-proiecte-de-agrement-si-statii-self-service-pentru-bicic\/\">Planurile \u201e\u00een proces de actualizare\u201d ale Ilfovului: Park&amp;Ride \u0219i Bike&amp;Ride, 26 de g\u0103ri noi, noduri intermodale, proiecte de agrement \u0219i sta\u021bii self-service pentru biciclete<\/a><\/p>\n","protected":false},"excerpt":{"rendered":"<p>Linia de autobuz 403 va circula pe un traseu deviat. Serviciul de Transport Voluntari&nbsp;informeaz\u0103 cet\u0103\u021benii ca linia 403 va func\u021biona pe un traseu deviat, pe ambele sensuri, in perioada 5-9 septembrie. M\u0103sura a fost luat\u0103 ca urmare a desf\u0103\u0219ur\u0103rii celei de a XX-a edi\u021bii a evenimentului \u201eFestivalul Folcloric\u201d. Autobuzele vor circula pe urm\u0103toarele trasee: Linia [&hellip;]<\/p>\n","protected":false},"author":49,"featured_media":96835,"comment_status":"closed","ping_status":"open","sticky":false,"template":"","format":"standard","meta":{"_acf_changed":false,"inline_featured_image":false,"ngg_post_thumbnail":0,"footnotes":""},"categories":[6994,62,650],"tags":[14802,14795,2192,487],"ppma_author":[22574],"class_list":["post-96834","post","type-post","status-publish","format-standard","has-post-thumbnail","hentry","category-stiri-2","category-stiri","category-transport","tag-festivalul-folcloric-schimbari-circulatie-publica","tag-linia-403","tag-stv","tag-voluntari"],"acf":[],"yoast_head":"<!-- This site is optimized with the Yoast SEO Premium plugin v25.3 (Yoast SEO v27.4) - https:\/\/yoast.com\/product\/yoast-seo-premium-wordpress\/ -->\n<title>STV | Linia de autobuz 403 va circula pe un traseu deviat - Buletin de Bucure\u0219ti<\/title>\n<meta name=\"description\" content=\"Linia de autobuz 403 va circula pe un traseu deviat. Linia 403 va func\u021biona pe un traseu deviat pe ambele sensuri.\" \/>\n<meta name=\"robots\" content=\"index, follow, max-snippet:-1, max-image-preview:large, max-video-preview:-1\" \/>\n<link rel=\"canonical\" href=\"https:\/\/buletin.de\/bucuresti\/linia-de-autobuz-403\/\" \/>\n<meta property=\"og:locale\" content=\"en_GB\" \/>\n<meta property=\"og:type\" content=\"article\" \/>\n<meta property=\"og:title\" content=\"STV | Linia de autobuz 403 va circula pe un traseu deviat\" \/>\n<meta property=\"og:description\" content=\"Linia de autobuz 403 va circula pe un traseu deviat. Linia 403 va func\u021biona pe un traseu deviat pe ambele sensuri.\" \/>\n<meta property=\"og:url\" content=\"https:\/\/buletin.de\/bucuresti\/linia-de-autobuz-403\/\" \/>\n<meta property=\"og:site_name\" content=\"Buletin de Bucure\u0219ti\" \/>\n<meta property=\"article:publisher\" content=\"https:\/\/www.facebook.com\/buletin.de.buc\" \/>\n<meta property=\"article:published_time\" content=\"2024-09-05T04:23:29+00:00\" \/>\n<meta property=\"og:image\" content=\"https:\/\/buletin.de\/bucuresti\/wp-content\/uploads\/Screenshot-2024-09-04-at-22.56.33.png\" \/>\n\t<meta property=\"og:image:width\" content=\"1085\" \/>\n\t<meta property=\"og:image:height\" content=\"364\" \/>\n\t<meta property=\"og:image:type\" content=\"image\/png\" \/>\n<meta name=\"author\" content=\"Diana Matei\" \/>\n<meta name=\"twitter:card\" content=\"summary_large_image\" \/>\n<meta name=\"twitter:label1\" content=\"Written by\" \/>\n\t<meta name=\"twitter:data1\" content=\"Diana Matei\" \/>\n\t<meta name=\"twitter:label2\" content=\"Estimated reading time\" \/>\n\t<meta name=\"twitter:data2\" content=\"2 minutes\" \/>\n<script type=\"application\/ld+json\" class=\"yoast-schema-graph\">{\"@context\":\"https:\\\/\\\/schema.org\",\"@graph\":[{\"@type\":\"Article\",\"@id\":\"https:\\\/\\\/buletin.de\\\/bucuresti\\\/linia-de-autobuz-403\\\/#article\",\"isPartOf\":{\"@id\":\"https:\\\/\\\/buletin.de\\\/bucuresti\\\/linia-de-autobuz-403\\\/\"},\"author\":{\"name\":\"Diana Matei\",\"@id\":\"https:\\\/\\\/buletin.de\\\/bucuresti\\\/#\\\/schema\\\/person\\\/7e46040573290777280a0835d81ea4ea\"},\"headline\":\"STV | Linia de autobuz 403 va circula pe un traseu deviat\",\"datePublished\":\"2024-09-05T04:23:29+00:00\",\"mainEntityOfPage\":{\"@id\":\"https:\\\/\\\/buletin.de\\\/bucuresti\\\/linia-de-autobuz-403\\\/\"},\"wordCount\":458,\"publisher\":{\"@id\":\"https:\\\/\\\/buletin.de\\\/bucuresti\\\/#organization\"},\"image\":{\"@id\":\"https:\\\/\\\/buletin.de\\\/bucuresti\\\/linia-de-autobuz-403\\\/#primaryimage\"},\"thumbnailUrl\":\"https:\\\/\\\/buletin.de\\\/bucuresti\\\/wp-content\\\/uploads\\\/Screenshot-2024-09-04-at-22.56.33.png\",\"keywords\":[\"festivalul folcloric schimbari circulatie publica\",\"Linia 403\",\"stv\",\"voluntari\"],\"articleSection\":[\"Articole\",\"\u0218tiri\",\"Transport\"],\"inLanguage\":\"en-GB\",\"copyrightYear\":\"2024\",\"copyrightHolder\":{\"@id\":\"https:\\\/\\\/buletin.de\\\/bucuresti\\\/#organization\"}},{\"@type\":\"WebPage\",\"@id\":\"https:\\\/\\\/buletin.de\\\/bucuresti\\\/linia-de-autobuz-403\\\/\",\"url\":\"https:\\\/\\\/buletin.de\\\/bucuresti\\\/linia-de-autobuz-403\\\/\",\"name\":\"STV | Linia de autobuz 403 va circula pe un traseu deviat - Buletin de Bucure\u0219ti\",\"isPartOf\":{\"@id\":\"https:\\\/\\\/buletin.de\\\/bucuresti\\\/#website\"},\"primaryImageOfPage\":{\"@id\":\"https:\\\/\\\/buletin.de\\\/bucuresti\\\/linia-de-autobuz-403\\\/#primaryimage\"},\"image\":{\"@id\":\"https:\\\/\\\/buletin.de\\\/bucuresti\\\/linia-de-autobuz-403\\\/#primaryimage\"},\"thumbnailUrl\":\"https:\\\/\\\/buletin.de\\\/bucuresti\\\/wp-content\\\/uploads\\\/Screenshot-2024-09-04-at-22.56.33.png\",\"datePublished\":\"2024-09-05T04:23:29+00:00\",\"description\":\"Linia de autobuz 403 va circula pe un traseu deviat. Linia 403 va func\u021biona pe un traseu deviat pe ambele sensuri.\",\"breadcrumb\":{\"@id\":\"https:\\\/\\\/buletin.de\\\/bucuresti\\\/linia-de-autobuz-403\\\/#breadcrumb\"},\"inLanguage\":\"en-GB\",\"potentialAction\":[{\"@type\":\"ReadAction\",\"target\":[\"https:\\\/\\\/buletin.de\\\/bucuresti\\\/linia-de-autobuz-403\\\/\"]}]},{\"@type\":\"ImageObject\",\"inLanguage\":\"en-GB\",\"@id\":\"https:\\\/\\\/buletin.de\\\/bucuresti\\\/linia-de-autobuz-403\\\/#primaryimage\",\"url\":\"https:\\\/\\\/buletin.de\\\/bucuresti\\\/wp-content\\\/uploads\\\/Screenshot-2024-09-04-at-22.56.33.png\",\"contentUrl\":\"https:\\\/\\\/buletin.de\\\/bucuresti\\\/wp-content\\\/uploads\\\/Screenshot-2024-09-04-at-22.56.33.png\",\"width\":1085,\"height\":364,\"caption\":\"Linia de autobuz 403 va circula pe un traseu deviat. FOTO: STV\"},{\"@type\":\"BreadcrumbList\",\"@id\":\"https:\\\/\\\/buletin.de\\\/bucuresti\\\/linia-de-autobuz-403\\\/#breadcrumb\",\"itemListElement\":[{\"@type\":\"ListItem\",\"position\":1,\"name\":\"Acas\u0103\",\"item\":\"https:\\\/\\\/buletin.de\\\/bucuresti\\\/\"},{\"@type\":\"ListItem\",\"position\":2,\"name\":\"STV | Linia de autobuz 403 va circula pe un traseu deviat\"}]},{\"@type\":\"WebSite\",\"@id\":\"https:\\\/\\\/buletin.de\\\/bucuresti\\\/#website\",\"url\":\"https:\\\/\\\/buletin.de\\\/bucuresti\\\/\",\"name\":\"Buletin de Bucure\u0219ti\",\"description\":\"\u0218tiri \u0219i investiga\u021bii esen\u021biale din capital\u0103\",\"publisher\":{\"@id\":\"https:\\\/\\\/buletin.de\\\/bucuresti\\\/#organization\"},\"potentialAction\":[{\"@type\":\"SearchAction\",\"target\":{\"@type\":\"EntryPoint\",\"urlTemplate\":\"https:\\\/\\\/buletin.de\\\/bucuresti\\\/?s={search_term_string}\"},\"query-input\":{\"@type\":\"PropertyValueSpecification\",\"valueRequired\":true,\"valueName\":\"search_term_string\"}}],\"inLanguage\":\"en-GB\"},{\"@type\":\"Organization\",\"@id\":\"https:\\\/\\\/buletin.de\\\/bucuresti\\\/#organization\",\"name\":\"Buletin de Bucure\u0219ti\",\"url\":\"https:\\\/\\\/buletin.de\\\/bucuresti\\\/\",\"logo\":{\"@type\":\"ImageObject\",\"inLanguage\":\"en-GB\",\"@id\":\"https:\\\/\\\/buletin.de\\\/bucuresti\\\/#\\\/schema\\\/logo\\\/image\\\/\",\"url\":\"https:\\\/\\\/buletin.de\\\/bucuresti\\\/wp-content\\\/uploads\\\/logo-bdb-full-wide-vernil-transparent.png\",\"contentUrl\":\"https:\\\/\\\/buletin.de\\\/bucuresti\\\/wp-content\\\/uploads\\\/logo-bdb-full-wide-vernil-transparent.png\",\"width\":1782,\"height\":626,\"caption\":\"Buletin de Bucure\u0219ti\"},\"image\":{\"@id\":\"https:\\\/\\\/buletin.de\\\/bucuresti\\\/#\\\/schema\\\/logo\\\/image\\\/\"},\"sameAs\":[\"https:\\\/\\\/www.facebook.com\\\/buletin.de.buc\",\"https:\\\/\\\/www.instagram.com\\\/buletinde.bucuresti\\\/\"]},{\"@type\":\"Person\",\"@id\":\"https:\\\/\\\/buletin.de\\\/bucuresti\\\/#\\\/schema\\\/person\\\/7e46040573290777280a0835d81ea4ea\",\"name\":\"Diana Matei\",\"image\":{\"@type\":\"ImageObject\",\"inLanguage\":\"en-GB\",\"@id\":\"https:\\\/\\\/buletin.de\\\/bucuresti\\\/wp-content\\\/uploads\\\/9-2-96x96.jpg1e8590b30871d70e62ebcdaf2eff570c\",\"url\":\"https:\\\/\\\/buletin.de\\\/bucuresti\\\/wp-content\\\/uploads\\\/9-2-96x96.jpg\",\"contentUrl\":\"https:\\\/\\\/buletin.de\\\/bucuresti\\\/wp-content\\\/uploads\\\/9-2-96x96.jpg\",\"caption\":\"Diana Matei\"},\"url\":\"https:\\\/\\\/buletin.de\\\/bucuresti\\\/author\\\/dianamatei\\\/\"}]}<\/script>\n<!-- \/ Yoast SEO Premium plugin. -->","yoast_head_json":{"title":"STV | Linia de autobuz 403 va circula pe un traseu deviat - Buletin de Bucure\u0219ti","description":"Linia de autobuz 403 va circula pe un traseu deviat. Linia 403 va func\u021biona pe un traseu deviat pe ambele sensuri.","robots":{"index":"index","follow":"follow","max-snippet":"max-snippet:-1","max-image-preview":"max-image-preview:large","max-video-preview":"max-video-preview:-1"},"canonical":"https:\/\/buletin.de\/bucuresti\/linia-de-autobuz-403\/","og_locale":"en_GB","og_type":"article","og_title":"STV | Linia de autobuz 403 va circula pe un traseu deviat","og_description":"Linia de autobuz 403 va circula pe un traseu deviat. Linia 403 va func\u021biona pe un traseu deviat pe ambele sensuri.","og_url":"https:\/\/buletin.de\/bucuresti\/linia-de-autobuz-403\/","og_site_name":"Buletin de Bucure\u0219ti","article_publisher":"https:\/\/www.facebook.com\/buletin.de.buc","article_published_time":"2024-09-05T04:23:29+00:00","og_image":[{"width":1085,"height":364,"url":"https:\/\/buletin.de\/bucuresti\/wp-content\/uploads\/Screenshot-2024-09-04-at-22.56.33.png","type":"image\/png"}],"author":"Diana Matei","twitter_card":"summary_large_image","twitter_misc":{"Written by":"Diana Matei","Estimated reading time":"2 minutes"},"schema":{"@context":"https:\/\/schema.org","@graph":[{"@type":"Article","@id":"https:\/\/buletin.de\/bucuresti\/linia-de-autobuz-403\/#article","isPartOf":{"@id":"https:\/\/buletin.de\/bucuresti\/linia-de-autobuz-403\/"},"author":{"name":"Diana Matei","@id":"https:\/\/buletin.de\/bucuresti\/#\/schema\/person\/7e46040573290777280a0835d81ea4ea"},"headline":"STV | Linia de autobuz 403 va circula pe un traseu deviat","datePublished":"2024-09-05T04:23:29+00:00","mainEntityOfPage":{"@id":"https:\/\/buletin.de\/bucuresti\/linia-de-autobuz-403\/"},"wordCount":458,"publisher":{"@id":"https:\/\/buletin.de\/bucuresti\/#organization"},"image":{"@id":"https:\/\/buletin.de\/bucuresti\/linia-de-autobuz-403\/#primaryimage"},"thumbnailUrl":"https:\/\/buletin.de\/bucuresti\/wp-content\/uploads\/Screenshot-2024-09-04-at-22.56.33.png","keywords":["festivalul folcloric schimbari circulatie publica","Linia 403","stv","voluntari"],"articleSection":["Articole","\u0218tiri","Transport"],"inLanguage":"en-GB","copyrightYear":"2024","copyrightHolder":{"@id":"https:\/\/buletin.de\/bucuresti\/#organization"}},{"@type":"WebPage","@id":"https:\/\/buletin.de\/bucuresti\/linia-de-autobuz-403\/","url":"https:\/\/buletin.de\/bucuresti\/linia-de-autobuz-403\/","name":"STV | Linia de autobuz 403 va circula pe un traseu deviat - Buletin de Bucure\u0219ti","isPartOf":{"@id":"https:\/\/buletin.de\/bucuresti\/#website"},"primaryImageOfPage":{"@id":"https:\/\/buletin.de\/bucuresti\/linia-de-autobuz-403\/#primaryimage"},"image":{"@id":"https:\/\/buletin.de\/bucuresti\/linia-de-autobuz-403\/#primaryimage"},"thumbnailUrl":"https:\/\/buletin.de\/bucuresti\/wp-content\/uploads\/Screenshot-2024-09-04-at-22.56.33.png","datePublished":"2024-09-05T04:23:29+00:00","description":"Linia de autobuz 403 va circula pe un traseu deviat. Linia 403 va func\u021biona pe un traseu deviat pe ambele sensuri.","breadcrumb":{"@id":"https:\/\/buletin.de\/bucuresti\/linia-de-autobuz-403\/#breadcrumb"},"inLanguage":"en-GB","potentialAction":[{"@type":"ReadAction","target":["https:\/\/buletin.de\/bucuresti\/linia-de-autobuz-403\/"]}]},{"@type":"ImageObject","inLanguage":"en-GB","@id":"https:\/\/buletin.de\/bucuresti\/linia-de-autobuz-403\/#primaryimage","url":"https:\/\/buletin.de\/bucuresti\/wp-content\/uploads\/Screenshot-2024-09-04-at-22.56.33.png","contentUrl":"https:\/\/buletin.de\/bucuresti\/wp-content\/uploads\/Screenshot-2024-09-04-at-22.56.33.png","width":1085,"height":364,"caption":"Linia de autobuz 403 va circula pe un traseu deviat. FOTO: STV"},{"@type":"BreadcrumbList","@id":"https:\/\/buletin.de\/bucuresti\/linia-de-autobuz-403\/#breadcrumb","itemListElement":[{"@type":"ListItem","position":1,"name":"Acas\u0103","item":"https:\/\/buletin.de\/bucuresti\/"},{"@type":"ListItem","position":2,"name":"STV | Linia de autobuz 403 va circula pe un traseu deviat"}]},{"@type":"WebSite","@id":"https:\/\/buletin.de\/bucuresti\/#website","url":"https:\/\/buletin.de\/bucuresti\/","name":"Buletin de Bucure\u0219ti","description":"\u0218tiri \u0219i investiga\u021bii esen\u021biale din capital\u0103","publisher":{"@id":"https:\/\/buletin.de\/bucuresti\/#organization"},"potentialAction":[{"@type":"SearchAction","target":{"@type":"EntryPoint","urlTemplate":"https:\/\/buletin.de\/bucuresti\/?s={search_term_string}"},"query-input":{"@type":"PropertyValueSpecification","valueRequired":true,"valueName":"search_term_string"}}],"inLanguage":"en-GB"},{"@type":"Organization","@id":"https:\/\/buletin.de\/bucuresti\/#organization","name":"Buletin de Bucure\u0219ti","url":"https:\/\/buletin.de\/bucuresti\/","logo":{"@type":"ImageObject","inLanguage":"en-GB","@id":"https:\/\/buletin.de\/bucuresti\/#\/schema\/logo\/image\/","url":"https:\/\/buletin.de\/bucuresti\/wp-content\/uploads\/logo-bdb-full-wide-vernil-transparent.png","contentUrl":"https:\/\/buletin.de\/bucuresti\/wp-content\/uploads\/logo-bdb-full-wide-vernil-transparent.png","width":1782,"height":626,"caption":"Buletin de Bucure\u0219ti"},"image":{"@id":"https:\/\/buletin.de\/bucuresti\/#\/schema\/logo\/image\/"},"sameAs":["https:\/\/www.facebook.com\/buletin.de.buc","https:\/\/www.instagram.com\/buletinde.bucuresti\/"]},{"@type":"Person","@id":"https:\/\/buletin.de\/bucuresti\/#\/schema\/person\/7e46040573290777280a0835d81ea4ea","name":"Diana Matei","image":{"@type":"ImageObject","inLanguage":"en-GB","@id":"https:\/\/buletin.de\/bucuresti\/wp-content\/uploads\/9-2-96x96.jpg1e8590b30871d70e62ebcdaf2eff570c","url":"https:\/\/buletin.de\/bucuresti\/wp-content\/uploads\/9-2-96x96.jpg","contentUrl":"https:\/\/buletin.de\/bucuresti\/wp-content\/uploads\/9-2-96x96.jpg","caption":"Diana Matei"},"url":"https:\/\/buletin.de\/bucuresti\/author\/dianamatei\/"}]}},"authors":[{"term_id":22574,"user_id":49,"is_guest":0,"slug":"dianamatei","display_name":"Diana Matei","avatar_url":"https:\/\/buletin.de\/bucuresti\/wp-content\/uploads\/9-2-96x96.jpg","0":null,"1":"","2":"","3":"","4":"","5":"","6":"","7":"","8":""}],"_links":{"self":[{"href":"https:\/\/buletin.de\/bucuresti\/wp-json\/wp\/v2\/posts\/96834","targetHints":{"allow":["GET"]}}],"collection":[{"href":"https:\/\/buletin.de\/bucuresti\/wp-json\/wp\/v2\/posts"}],"about":[{"href":"https:\/\/buletin.de\/bucuresti\/wp-json\/wp\/v2\/types\/post"}],"author":[{"embeddable":true,"href":"https:\/\/buletin.de\/bucuresti\/wp-json\/wp\/v2\/users\/49"}],"replies":[{"embeddable":true,"href":"https:\/\/buletin.de\/bucuresti\/wp-json\/wp\/v2\/comments?post=96834"}],"version-history":[{"count":2,"href":"https:\/\/buletin.de\/bucuresti\/wp-json\/wp\/v2\/posts\/96834\/revisions"}],"predecessor-version":[{"id":96852,"href":"https:\/\/buletin.de\/bucuresti\/wp-json\/wp\/v2\/posts\/96834\/revisions\/96852"}],"wp:featuredmedia":[{"embeddable":true,"href":"https:\/\/buletin.de\/bucuresti\/wp-json\/wp\/v2\/media\/96835"}],"wp:attachment":[{"href":"https:\/\/buletin.de\/bucuresti\/wp-json\/wp\/v2\/media?parent=96834"}],"wp:term":[{"taxonomy":"category","embeddable":true,"href":"https:\/\/buletin.de\/bucuresti\/wp-json\/wp\/v2\/categories?post=96834"},{"taxonomy":"post_tag","embeddable":true,"href":"https:\/\/buletin.de\/bucuresti\/wp-json\/wp\/v2\/tags?post=96834"},{"taxonomy":"author","embeddable":true,"href":"https:\/\/buletin.de\/bucuresti\/wp-json\/wp\/v2\/ppma_author?post=96834"}],"curies":[{"name":"wp","href":"https:\/\/api.w.org\/{rel}","templated":true}]}}