{"id":96796,"date":"2024-09-15T06:00:00","date_gmt":"2024-09-15T03:00:00","guid":{"rendered":"https:\/\/buletin.de\/bucuresti\/?p=96796"},"modified":"2024-09-15T08:59:45","modified_gmt":"2024-09-15T05:59:45","slug":"expozitie-de-ceramica-la-palatul-sutu","status":"publish","type":"post","link":"https:\/\/buletin.de\/bucuresti\/expozitie-de-ceramica-la-palatul-sutu\/","title":{"rendered":"Expozi\u021bie de ceramic\u0103, la Palatul Su\u021bu"},"content":{"rendered":"\n<p><strong>Expozi\u021bie de ceramic\u0103, la <a href=\"https:\/\/muzeulbucurestiului.ro\/palatul-sutu.html\">Palatul Su\u021bu<\/a>. Muzeul Municipiului Bucure\u0219ti anun\u021b\u0103 deschiderea unei noi expozi\u021bii tematice. De aceast\u0103 dat\u0103, va fi dedicat\u0103 universului restaur\u0103rii ceramice.<\/strong><\/p>\n\n\n\n<p>Evenimentul are loc la Palatul Su\u021bu, din Bd. I.C. Br\u0103tianu, nr. 2, vineri, 20 septembrie, la ora 17:00. Accesul la vernisaj este gratuit.<\/p>\n\n\n\n<p>Expozi\u021bia va putea fi vizitat\u0103 p\u00e2n\u0103 la data de 8 decembrie 2024. Programului de vizitare a Palatului Su\u021bu este miercuri-duminic\u0103, intre orele 10:00-18:00. La ora 17:30 este ultima intrare.<\/p>\n\n\n\n<p><strong>CITE\u0218TE \u0218I:<\/strong> <a href=\"https:\/\/buletin.de\/bucuresti\/materie-despre-animale-in-programa-scolilor-din-ilfov-ce-vor-invata-elevii-la-cursul-optional\/\">Materie despre animale, \u00een programa \u0219colilor din Ilfov. Ce vor \u00eenv\u0103\u021ba elevii la cursul op\u021bional<\/a><\/p>\n\n\n\n<h2 class=\"wp-block-heading\" id=\"h-expozi\u021bie-de-ceramica-la-palatul-su\u021bu\">Expozi\u021bie de ceramic\u0103, la Palatul Su\u021bu<\/h2>\n\n\n\n<p>Expozi\u021bia \u201eUniversul restaur\u0103rii ceramicii\u201d  va prezenta partea nev\u0103zut\u0103 a exponatelor din ceramic\u0103 ce sunt din vitrinele expozi\u021biilor, precizeaz\u0103 organizatorii. <\/p>\n\n\n\n<blockquote class=\"wp-block-quote is-layout-flow wp-block-quote-is-layout-flow\">\n<p><em>Obiectele din material ceramic create de me\u0219terii olari nu sunt simple recipiente utile, func\u021bionale, ci piese distincte, ce prin form\u0103, decor \u0219i textur\u0103, intr\u0103 \u00eentr-un dialog spiritual cu privitorul \u0219i sunt capabile, \u00een prezent, ca \u0219i \u00een trecut, s\u0103 st\u00e2rneasc\u0103 reac\u021bii de pl\u0103cere, \u00eenc\u00e2ntare \u0219i ata\u0219ament. Trecerea timpului \u00ee\u0219i las\u0103 amprenta asupra aspectului \u0219i integrit\u0103\u021bii acestora. Aici intervine restauratorul, care prin cercetare \u0219i procedee \u0219tiin\u021bifice de restaurare aduce \u00eenf\u0103\u021bi\u0219area obiectelor la forma ini\u021bial\u0103 pentru a fi expuse \u00een fa\u021ba publicului.<\/em><\/p>\n<\/blockquote>\n\n\n\n<p>De asemenea, organizatorii mai precizeaz\u0103 ca expozi\u021bia \u201eUniversul restaur\u0103rii ceramicii\u201d \u00eencearc\u0103 s\u0103 dezv\u0103luie povestea nev\u0103zut\u0103 din spatele obiectelor de ceramic\u0103, au fost martori ai evolu\u021biei oamenilor.<\/p>\n\n\n\n<h2 class=\"wp-block-heading\" id=\"h-istoria-palatului-sutu\">Istoria Palatului Su\u0163u <\/h2>\n\n\n\n<p>Palatul Su\u0163u este una dintre cele mai vechi re\u015fedin\u0163e aristocratice din Bucure\u015fti. De asemenea, este unul dintre pu\u0163inele imobile care au r\u0103mas nemodificate de mai bine de 150 de ani. A fost construit de Costache Su\u0163u.<\/p>\n\n\n\n<p>Restaurat \u00eentre anii 1956 \u015fi 1958, palatul se deschide pentru public la 23 ianuarie 1959. De atunci g\u0103zduie\u015fte expozi\u0163ii legate de istoria ora\u015fului Bucure\u015fti.<\/p>\n\n\n\n<figure class=\"wp-block-gallery has-nested-images columns-default is-cropped wp-block-gallery-1 is-layout-flex wp-block-gallery-is-layout-flex\">\n<figure class=\"wp-block-image size-large\"><img fetchpriority=\"high\" decoding=\"async\" width=\"469\" height=\"330\" data-id=\"96798\" src=\"data:image\/gif;base64,R0lGODlhAQABAAAAACH5BAEKAAEALAAAAAABAAEAAAICTAEAOw==\" data-src=\"https:\/\/buletin.de\/bucuresti\/wp-content\/uploads\/3492637_orig-crop-u2030.jpg\" alt=\"\" class=\"wp-image-96798 lazyload\" data-sizes=\"auto\" data-srcset=\"https:\/\/buletin.de\/bucuresti\/wp-content\/uploads\/3492637_orig-crop-u2030.jpg 469w, https:\/\/buletin.de\/bucuresti\/wp-content\/uploads\/3492637_orig-crop-u2030-300x211.jpg 300w, https:\/\/buletin.de\/bucuresti\/wp-content\/uploads\/3492637_orig-crop-u2030-20x14.jpg 20w\" sizes=\"(max-width: 469px) 100vw, 469px\" \/><\/figure>\n\n\n\n<figure class=\"wp-block-image size-large\"><img decoding=\"async\" width=\"469\" height=\"330\" data-id=\"96799\" src=\"data:image\/gif;base64,R0lGODlhAQABAAAAACH5BAEKAAEALAAAAAABAAEAAAICTAEAOw==\" data-src=\"https:\/\/buletin.de\/bucuresti\/wp-content\/uploads\/2864084_orig-crop-u2022.jpg\" alt=\"\" class=\"wp-image-96799 lazyload\" data-sizes=\"auto\" data-srcset=\"https:\/\/buletin.de\/bucuresti\/wp-content\/uploads\/2864084_orig-crop-u2022.jpg 469w, https:\/\/buletin.de\/bucuresti\/wp-content\/uploads\/2864084_orig-crop-u2022-300x211.jpg 300w, https:\/\/buletin.de\/bucuresti\/wp-content\/uploads\/2864084_orig-crop-u2022-20x14.jpg 20w\" sizes=\"(max-width: 469px) 100vw, 469px\" \/><\/figure>\n<\/figure>\n\n\n\n<p>Interiorul palatului a fost proiectat \u00een anul 1862 de Karl Storck. A fost amenajat\u0103 scara de acces la etaj, desf\u0103cut\u0103 monumental \u00een dou\u0103 bra\u0163e si a fost adus\u0103 o oglinda de la Murano. Deasupra oglinzii se afl\u0103 medalionul sculptat \u00een lemn al Irinei Su\u0163u, so\u0163ia proprietarului.<\/p>\n\n\n\n<p>Perioada de glorie a Palatului Su\u0163u a fost a doua jum\u0103tate a secolului al XIX-lea. Aici s-a organizat c\u00e2te un bal, \u00een fiecare an, \u00een luna februarie.<\/p>\n\n\n\n<p>Grigore Su\u0163u  \u015fi so\u0163ia sa Irina au p\u0103strat  ambian\u0163a unei re\u015fedinte aristocratice. Ei au ad\u0103ugat marchiza sus\u0163inut\u0103 de piloni de fier, cre\u00e2ndu-se astfel un peron de intrare.<\/p>\n\n\n\n<p>A fost re\u015fedin\u0163\u0103 particular\u0103 p\u00e2n\u0103 la \u00eenceputul secolului XX. Palatul Su\u0163u a devenit noul sediu al Muzeului Municipiului Bucure\u015fti \u00eencep\u00eend cu anul 1956. <\/p>\n\n\n\n<p><strong>CITE\u0218TE \u0218I:<\/strong> <a href=\"https:\/\/buletin.de\/bucuresti\/piata-berceni-oltenitei-devine-de-stat\/\">Pia\u021ba Berceni-Olteni\u021bei devine din nou \u201ede stat\u201d. Ce schimb\u0103ri promite Prim\u0103ria<\/a><\/p>\n","protected":false},"excerpt":{"rendered":"<p>Expozi\u021bie de ceramic\u0103, la Palatul Su\u021bu. Muzeul Municipiului Bucure\u0219ti anun\u021b\u0103 deschiderea unei noi expozi\u021bii tematice. De aceast\u0103 dat\u0103, va fi dedicat\u0103 universului restaur\u0103rii ceramice. Evenimentul are loc la Palatul Su\u021bu, din Bd. I.C. Br\u0103tianu, nr. 2, vineri, 20 septembrie, la ora 17:00. Accesul la vernisaj este gratuit. Expozi\u021bia va putea fi vizitat\u0103 p\u00e2n\u0103 la data [&hellip;]<\/p>\n","protected":false},"author":49,"featured_media":96802,"comment_status":"closed","ping_status":"open","sticky":false,"template":"","format":"standard","meta":{"_acf_changed":false,"inline_featured_image":false,"ngg_post_thumbnail":0,"footnotes":""},"categories":[6994,81,62],"tags":[14782,14488,6789],"ppma_author":[22574],"class_list":["post-96796","post","type-post","status-publish","format-standard","has-post-thumbnail","hentry","category-stiri-2","category-cultura","category-stiri","tag-expozitie-de-ceramica","tag-expozitie-palatul-sutu","tag-muzeul-municipiului-bucuresti"],"acf":[],"yoast_head":"<!-- This site is optimized with the Yoast SEO Premium plugin v25.3 (Yoast SEO v27.4) - https:\/\/yoast.com\/product\/yoast-seo-premium-wordpress\/ -->\n<title>Expozi\u021bie de ceramic\u0103, la Palatul Su\u021bu - Buletin de Bucure\u0219ti<\/title>\n<meta name=\"description\" content=\"Expozi\u021bie de ceramic\u0103, la Palatul Su\u021bu. Muzeul Municipiului Bucure\u0219ti anun\u021ba deschiderea unei noi expozi\u021bii tematice.\" \/>\n<meta name=\"robots\" content=\"index, follow, max-snippet:-1, max-image-preview:large, max-video-preview:-1\" \/>\n<link rel=\"canonical\" href=\"https:\/\/buletin.de\/bucuresti\/expozitie-de-ceramica-la-palatul-sutu\/\" \/>\n<meta property=\"og:locale\" content=\"en_GB\" \/>\n<meta property=\"og:type\" content=\"article\" \/>\n<meta property=\"og:title\" content=\"Expozi\u021bie de ceramic\u0103, la Palatul Su\u021bu\" \/>\n<meta property=\"og:description\" content=\"Expozi\u021bie de ceramic\u0103, la Palatul Su\u021bu. Muzeul Municipiului Bucure\u0219ti anun\u021ba deschiderea unei noi expozi\u021bii tematice.\" \/>\n<meta property=\"og:url\" content=\"https:\/\/buletin.de\/bucuresti\/expozitie-de-ceramica-la-palatul-sutu\/\" \/>\n<meta property=\"og:site_name\" content=\"Buletin de Bucure\u0219ti\" \/>\n<meta property=\"article:publisher\" content=\"https:\/\/www.facebook.com\/buletin.de.buc\" \/>\n<meta property=\"article:published_time\" content=\"2024-09-15T03:00:00+00:00\" \/>\n<meta property=\"article:modified_time\" content=\"2024-09-15T05:59:45+00:00\" \/>\n<meta property=\"og:image\" content=\"https:\/\/buletin.de\/bucuresti\/wp-content\/uploads\/Palatul_Sutu_-_Poarta.jpg\" \/>\n\t<meta property=\"og:image:width\" content=\"2000\" \/>\n\t<meta property=\"og:image:height\" content=\"1500\" \/>\n\t<meta property=\"og:image:type\" content=\"image\/jpeg\" \/>\n<meta name=\"author\" content=\"Diana Matei\" \/>\n<meta name=\"twitter:card\" content=\"summary_large_image\" \/>\n<meta name=\"twitter:label1\" content=\"Written by\" \/>\n\t<meta name=\"twitter:data1\" content=\"Diana Matei\" \/>\n\t<meta name=\"twitter:label2\" content=\"Estimated reading time\" \/>\n\t<meta name=\"twitter:data2\" content=\"3 minutes\" \/>\n<script type=\"application\/ld+json\" class=\"yoast-schema-graph\">{\"@context\":\"https:\\\/\\\/schema.org\",\"@graph\":[{\"@type\":\"Article\",\"@id\":\"https:\\\/\\\/buletin.de\\\/bucuresti\\\/expozitie-de-ceramica-la-palatul-sutu\\\/#article\",\"isPartOf\":{\"@id\":\"https:\\\/\\\/buletin.de\\\/bucuresti\\\/expozitie-de-ceramica-la-palatul-sutu\\\/\"},\"author\":{\"name\":\"Diana Matei\",\"@id\":\"https:\\\/\\\/buletin.de\\\/bucuresti\\\/#\\\/schema\\\/person\\\/7e46040573290777280a0835d81ea4ea\"},\"headline\":\"Expozi\u021bie de ceramic\u0103, la Palatul Su\u021bu\",\"datePublished\":\"2024-09-15T03:00:00+00:00\",\"dateModified\":\"2024-09-15T05:59:45+00:00\",\"mainEntityOfPage\":{\"@id\":\"https:\\\/\\\/buletin.de\\\/bucuresti\\\/expozitie-de-ceramica-la-palatul-sutu\\\/\"},\"wordCount\":494,\"publisher\":{\"@id\":\"https:\\\/\\\/buletin.de\\\/bucuresti\\\/#organization\"},\"image\":{\"@id\":\"https:\\\/\\\/buletin.de\\\/bucuresti\\\/expozitie-de-ceramica-la-palatul-sutu\\\/#primaryimage\"},\"thumbnailUrl\":\"https:\\\/\\\/buletin.de\\\/bucuresti\\\/wp-content\\\/uploads\\\/Palatul_Sutu_-_Poarta.jpg\",\"keywords\":[\"expozitie de ceramica\",\"expozi\u021bie palatul sutu\",\"Muzeul Municipiului Bucure\u0219ti\"],\"articleSection\":[\"Articole\",\"Cultur\u0103\",\"\u0218tiri\"],\"inLanguage\":\"en-GB\",\"copyrightYear\":\"2024\",\"copyrightHolder\":{\"@id\":\"https:\\\/\\\/buletin.de\\\/bucuresti\\\/#organization\"}},{\"@type\":\"WebPage\",\"@id\":\"https:\\\/\\\/buletin.de\\\/bucuresti\\\/expozitie-de-ceramica-la-palatul-sutu\\\/\",\"url\":\"https:\\\/\\\/buletin.de\\\/bucuresti\\\/expozitie-de-ceramica-la-palatul-sutu\\\/\",\"name\":\"Expozi\u021bie de ceramic\u0103, la Palatul Su\u021bu - Buletin de Bucure\u0219ti\",\"isPartOf\":{\"@id\":\"https:\\\/\\\/buletin.de\\\/bucuresti\\\/#website\"},\"primaryImageOfPage\":{\"@id\":\"https:\\\/\\\/buletin.de\\\/bucuresti\\\/expozitie-de-ceramica-la-palatul-sutu\\\/#primaryimage\"},\"image\":{\"@id\":\"https:\\\/\\\/buletin.de\\\/bucuresti\\\/expozitie-de-ceramica-la-palatul-sutu\\\/#primaryimage\"},\"thumbnailUrl\":\"https:\\\/\\\/buletin.de\\\/bucuresti\\\/wp-content\\\/uploads\\\/Palatul_Sutu_-_Poarta.jpg\",\"datePublished\":\"2024-09-15T03:00:00+00:00\",\"dateModified\":\"2024-09-15T05:59:45+00:00\",\"description\":\"Expozi\u021bie de ceramic\u0103, la Palatul Su\u021bu. Muzeul Municipiului Bucure\u0219ti anun\u021ba deschiderea unei noi expozi\u021bii tematice.\",\"breadcrumb\":{\"@id\":\"https:\\\/\\\/buletin.de\\\/bucuresti\\\/expozitie-de-ceramica-la-palatul-sutu\\\/#breadcrumb\"},\"inLanguage\":\"en-GB\",\"potentialAction\":[{\"@type\":\"ReadAction\",\"target\":[\"https:\\\/\\\/buletin.de\\\/bucuresti\\\/expozitie-de-ceramica-la-palatul-sutu\\\/\"]}]},{\"@type\":\"ImageObject\",\"inLanguage\":\"en-GB\",\"@id\":\"https:\\\/\\\/buletin.de\\\/bucuresti\\\/expozitie-de-ceramica-la-palatul-sutu\\\/#primaryimage\",\"url\":\"https:\\\/\\\/buletin.de\\\/bucuresti\\\/wp-content\\\/uploads\\\/Palatul_Sutu_-_Poarta.jpg\",\"contentUrl\":\"https:\\\/\\\/buletin.de\\\/bucuresti\\\/wp-content\\\/uploads\\\/Palatul_Sutu_-_Poarta.jpg\",\"width\":2000,\"height\":1500,\"caption\":\"Expozi\u021bie de ceramic\u0103, la Palatul Su\u021bu. FOTO: MMB\"},{\"@type\":\"BreadcrumbList\",\"@id\":\"https:\\\/\\\/buletin.de\\\/bucuresti\\\/expozitie-de-ceramica-la-palatul-sutu\\\/#breadcrumb\",\"itemListElement\":[{\"@type\":\"ListItem\",\"position\":1,\"name\":\"Acas\u0103\",\"item\":\"https:\\\/\\\/buletin.de\\\/bucuresti\\\/\"},{\"@type\":\"ListItem\",\"position\":2,\"name\":\"Expozi\u021bie de ceramic\u0103, la Palatul Su\u021bu\"}]},{\"@type\":\"WebSite\",\"@id\":\"https:\\\/\\\/buletin.de\\\/bucuresti\\\/#website\",\"url\":\"https:\\\/\\\/buletin.de\\\/bucuresti\\\/\",\"name\":\"Buletin de Bucure\u0219ti\",\"description\":\"\u0218tiri \u0219i investiga\u021bii esen\u021biale din capital\u0103\",\"publisher\":{\"@id\":\"https:\\\/\\\/buletin.de\\\/bucuresti\\\/#organization\"},\"potentialAction\":[{\"@type\":\"SearchAction\",\"target\":{\"@type\":\"EntryPoint\",\"urlTemplate\":\"https:\\\/\\\/buletin.de\\\/bucuresti\\\/?s={search_term_string}\"},\"query-input\":{\"@type\":\"PropertyValueSpecification\",\"valueRequired\":true,\"valueName\":\"search_term_string\"}}],\"inLanguage\":\"en-GB\"},{\"@type\":\"Organization\",\"@id\":\"https:\\\/\\\/buletin.de\\\/bucuresti\\\/#organization\",\"name\":\"Buletin de Bucure\u0219ti\",\"url\":\"https:\\\/\\\/buletin.de\\\/bucuresti\\\/\",\"logo\":{\"@type\":\"ImageObject\",\"inLanguage\":\"en-GB\",\"@id\":\"https:\\\/\\\/buletin.de\\\/bucuresti\\\/#\\\/schema\\\/logo\\\/image\\\/\",\"url\":\"https:\\\/\\\/buletin.de\\\/bucuresti\\\/wp-content\\\/uploads\\\/logo-bdb-full-wide-vernil-transparent.png\",\"contentUrl\":\"https:\\\/\\\/buletin.de\\\/bucuresti\\\/wp-content\\\/uploads\\\/logo-bdb-full-wide-vernil-transparent.png\",\"width\":1782,\"height\":626,\"caption\":\"Buletin de Bucure\u0219ti\"},\"image\":{\"@id\":\"https:\\\/\\\/buletin.de\\\/bucuresti\\\/#\\\/schema\\\/logo\\\/image\\\/\"},\"sameAs\":[\"https:\\\/\\\/www.facebook.com\\\/buletin.de.buc\",\"https:\\\/\\\/www.instagram.com\\\/buletinde.bucuresti\\\/\"]},{\"@type\":\"Person\",\"@id\":\"https:\\\/\\\/buletin.de\\\/bucuresti\\\/#\\\/schema\\\/person\\\/7e46040573290777280a0835d81ea4ea\",\"name\":\"Diana Matei\",\"image\":{\"@type\":\"ImageObject\",\"inLanguage\":\"en-GB\",\"@id\":\"https:\\\/\\\/buletin.de\\\/bucuresti\\\/wp-content\\\/uploads\\\/9-2-96x96.jpg1e8590b30871d70e62ebcdaf2eff570c\",\"url\":\"https:\\\/\\\/buletin.de\\\/bucuresti\\\/wp-content\\\/uploads\\\/9-2-96x96.jpg\",\"contentUrl\":\"https:\\\/\\\/buletin.de\\\/bucuresti\\\/wp-content\\\/uploads\\\/9-2-96x96.jpg\",\"caption\":\"Diana Matei\"},\"url\":\"https:\\\/\\\/buletin.de\\\/bucuresti\\\/author\\\/dianamatei\\\/\"}]}<\/script>\n<!-- \/ Yoast SEO Premium plugin. -->","yoast_head_json":{"title":"Expozi\u021bie de ceramic\u0103, la Palatul Su\u021bu - Buletin de Bucure\u0219ti","description":"Expozi\u021bie de ceramic\u0103, la Palatul Su\u021bu. Muzeul Municipiului Bucure\u0219ti anun\u021ba deschiderea unei noi expozi\u021bii tematice.","robots":{"index":"index","follow":"follow","max-snippet":"max-snippet:-1","max-image-preview":"max-image-preview:large","max-video-preview":"max-video-preview:-1"},"canonical":"https:\/\/buletin.de\/bucuresti\/expozitie-de-ceramica-la-palatul-sutu\/","og_locale":"en_GB","og_type":"article","og_title":"Expozi\u021bie de ceramic\u0103, la Palatul Su\u021bu","og_description":"Expozi\u021bie de ceramic\u0103, la Palatul Su\u021bu. Muzeul Municipiului Bucure\u0219ti anun\u021ba deschiderea unei noi expozi\u021bii tematice.","og_url":"https:\/\/buletin.de\/bucuresti\/expozitie-de-ceramica-la-palatul-sutu\/","og_site_name":"Buletin de Bucure\u0219ti","article_publisher":"https:\/\/www.facebook.com\/buletin.de.buc","article_published_time":"2024-09-15T03:00:00+00:00","article_modified_time":"2024-09-15T05:59:45+00:00","og_image":[{"width":2000,"height":1500,"url":"https:\/\/buletin.de\/bucuresti\/wp-content\/uploads\/Palatul_Sutu_-_Poarta.jpg","type":"image\/jpeg"}],"author":"Diana Matei","twitter_card":"summary_large_image","twitter_misc":{"Written by":"Diana Matei","Estimated reading time":"3 minutes"},"schema":{"@context":"https:\/\/schema.org","@graph":[{"@type":"Article","@id":"https:\/\/buletin.de\/bucuresti\/expozitie-de-ceramica-la-palatul-sutu\/#article","isPartOf":{"@id":"https:\/\/buletin.de\/bucuresti\/expozitie-de-ceramica-la-palatul-sutu\/"},"author":{"name":"Diana Matei","@id":"https:\/\/buletin.de\/bucuresti\/#\/schema\/person\/7e46040573290777280a0835d81ea4ea"},"headline":"Expozi\u021bie de ceramic\u0103, la Palatul Su\u021bu","datePublished":"2024-09-15T03:00:00+00:00","dateModified":"2024-09-15T05:59:45+00:00","mainEntityOfPage":{"@id":"https:\/\/buletin.de\/bucuresti\/expozitie-de-ceramica-la-palatul-sutu\/"},"wordCount":494,"publisher":{"@id":"https:\/\/buletin.de\/bucuresti\/#organization"},"image":{"@id":"https:\/\/buletin.de\/bucuresti\/expozitie-de-ceramica-la-palatul-sutu\/#primaryimage"},"thumbnailUrl":"https:\/\/buletin.de\/bucuresti\/wp-content\/uploads\/Palatul_Sutu_-_Poarta.jpg","keywords":["expozitie de ceramica","expozi\u021bie palatul sutu","Muzeul Municipiului Bucure\u0219ti"],"articleSection":["Articole","Cultur\u0103","\u0218tiri"],"inLanguage":"en-GB","copyrightYear":"2024","copyrightHolder":{"@id":"https:\/\/buletin.de\/bucuresti\/#organization"}},{"@type":"WebPage","@id":"https:\/\/buletin.de\/bucuresti\/expozitie-de-ceramica-la-palatul-sutu\/","url":"https:\/\/buletin.de\/bucuresti\/expozitie-de-ceramica-la-palatul-sutu\/","name":"Expozi\u021bie de ceramic\u0103, la Palatul Su\u021bu - Buletin de Bucure\u0219ti","isPartOf":{"@id":"https:\/\/buletin.de\/bucuresti\/#website"},"primaryImageOfPage":{"@id":"https:\/\/buletin.de\/bucuresti\/expozitie-de-ceramica-la-palatul-sutu\/#primaryimage"},"image":{"@id":"https:\/\/buletin.de\/bucuresti\/expozitie-de-ceramica-la-palatul-sutu\/#primaryimage"},"thumbnailUrl":"https:\/\/buletin.de\/bucuresti\/wp-content\/uploads\/Palatul_Sutu_-_Poarta.jpg","datePublished":"2024-09-15T03:00:00+00:00","dateModified":"2024-09-15T05:59:45+00:00","description":"Expozi\u021bie de ceramic\u0103, la Palatul Su\u021bu. Muzeul Municipiului Bucure\u0219ti anun\u021ba deschiderea unei noi expozi\u021bii tematice.","breadcrumb":{"@id":"https:\/\/buletin.de\/bucuresti\/expozitie-de-ceramica-la-palatul-sutu\/#breadcrumb"},"inLanguage":"en-GB","potentialAction":[{"@type":"ReadAction","target":["https:\/\/buletin.de\/bucuresti\/expozitie-de-ceramica-la-palatul-sutu\/"]}]},{"@type":"ImageObject","inLanguage":"en-GB","@id":"https:\/\/buletin.de\/bucuresti\/expozitie-de-ceramica-la-palatul-sutu\/#primaryimage","url":"https:\/\/buletin.de\/bucuresti\/wp-content\/uploads\/Palatul_Sutu_-_Poarta.jpg","contentUrl":"https:\/\/buletin.de\/bucuresti\/wp-content\/uploads\/Palatul_Sutu_-_Poarta.jpg","width":2000,"height":1500,"caption":"Expozi\u021bie de ceramic\u0103, la Palatul Su\u021bu. FOTO: MMB"},{"@type":"BreadcrumbList","@id":"https:\/\/buletin.de\/bucuresti\/expozitie-de-ceramica-la-palatul-sutu\/#breadcrumb","itemListElement":[{"@type":"ListItem","position":1,"name":"Acas\u0103","item":"https:\/\/buletin.de\/bucuresti\/"},{"@type":"ListItem","position":2,"name":"Expozi\u021bie de ceramic\u0103, la Palatul Su\u021bu"}]},{"@type":"WebSite","@id":"https:\/\/buletin.de\/bucuresti\/#website","url":"https:\/\/buletin.de\/bucuresti\/","name":"Buletin de Bucure\u0219ti","description":"\u0218tiri \u0219i investiga\u021bii esen\u021biale din capital\u0103","publisher":{"@id":"https:\/\/buletin.de\/bucuresti\/#organization"},"potentialAction":[{"@type":"SearchAction","target":{"@type":"EntryPoint","urlTemplate":"https:\/\/buletin.de\/bucuresti\/?s={search_term_string}"},"query-input":{"@type":"PropertyValueSpecification","valueRequired":true,"valueName":"search_term_string"}}],"inLanguage":"en-GB"},{"@type":"Organization","@id":"https:\/\/buletin.de\/bucuresti\/#organization","name":"Buletin de Bucure\u0219ti","url":"https:\/\/buletin.de\/bucuresti\/","logo":{"@type":"ImageObject","inLanguage":"en-GB","@id":"https:\/\/buletin.de\/bucuresti\/#\/schema\/logo\/image\/","url":"https:\/\/buletin.de\/bucuresti\/wp-content\/uploads\/logo-bdb-full-wide-vernil-transparent.png","contentUrl":"https:\/\/buletin.de\/bucuresti\/wp-content\/uploads\/logo-bdb-full-wide-vernil-transparent.png","width":1782,"height":626,"caption":"Buletin de Bucure\u0219ti"},"image":{"@id":"https:\/\/buletin.de\/bucuresti\/#\/schema\/logo\/image\/"},"sameAs":["https:\/\/www.facebook.com\/buletin.de.buc","https:\/\/www.instagram.com\/buletinde.bucuresti\/"]},{"@type":"Person","@id":"https:\/\/buletin.de\/bucuresti\/#\/schema\/person\/7e46040573290777280a0835d81ea4ea","name":"Diana Matei","image":{"@type":"ImageObject","inLanguage":"en-GB","@id":"https:\/\/buletin.de\/bucuresti\/wp-content\/uploads\/9-2-96x96.jpg1e8590b30871d70e62ebcdaf2eff570c","url":"https:\/\/buletin.de\/bucuresti\/wp-content\/uploads\/9-2-96x96.jpg","contentUrl":"https:\/\/buletin.de\/bucuresti\/wp-content\/uploads\/9-2-96x96.jpg","caption":"Diana Matei"},"url":"https:\/\/buletin.de\/bucuresti\/author\/dianamatei\/"}]}},"authors":[{"term_id":22574,"user_id":49,"is_guest":0,"slug":"dianamatei","display_name":"Diana Matei","avatar_url":"https:\/\/buletin.de\/bucuresti\/wp-content\/uploads\/9-2-96x96.jpg","0":null,"1":"","2":"","3":"","4":"","5":"","6":"","7":"","8":""}],"_links":{"self":[{"href":"https:\/\/buletin.de\/bucuresti\/wp-json\/wp\/v2\/posts\/96796","targetHints":{"allow":["GET"]}}],"collection":[{"href":"https:\/\/buletin.de\/bucuresti\/wp-json\/wp\/v2\/posts"}],"about":[{"href":"https:\/\/buletin.de\/bucuresti\/wp-json\/wp\/v2\/types\/post"}],"author":[{"embeddable":true,"href":"https:\/\/buletin.de\/bucuresti\/wp-json\/wp\/v2\/users\/49"}],"replies":[{"embeddable":true,"href":"https:\/\/buletin.de\/bucuresti\/wp-json\/wp\/v2\/comments?post=96796"}],"version-history":[{"count":4,"href":"https:\/\/buletin.de\/bucuresti\/wp-json\/wp\/v2\/posts\/96796\/revisions"}],"predecessor-version":[{"id":98379,"href":"https:\/\/buletin.de\/bucuresti\/wp-json\/wp\/v2\/posts\/96796\/revisions\/98379"}],"wp:featuredmedia":[{"embeddable":true,"href":"https:\/\/buletin.de\/bucuresti\/wp-json\/wp\/v2\/media\/96802"}],"wp:attachment":[{"href":"https:\/\/buletin.de\/bucuresti\/wp-json\/wp\/v2\/media?parent=96796"}],"wp:term":[{"taxonomy":"category","embeddable":true,"href":"https:\/\/buletin.de\/bucuresti\/wp-json\/wp\/v2\/categories?post=96796"},{"taxonomy":"post_tag","embeddable":true,"href":"https:\/\/buletin.de\/bucuresti\/wp-json\/wp\/v2\/tags?post=96796"},{"taxonomy":"author","embeddable":true,"href":"https:\/\/buletin.de\/bucuresti\/wp-json\/wp\/v2\/ppma_author?post=96796"}],"curies":[{"name":"wp","href":"https:\/\/api.w.org\/{rel}","templated":true}]}}