{"id":96713,"date":"2024-09-04T07:20:27","date_gmt":"2024-09-04T04:20:27","guid":{"rendered":"https:\/\/buletin.de\/bucuresti\/?p=96713"},"modified":"2024-09-04T12:41:11","modified_gmt":"2024-09-04T09:41:11","slug":"asociatia-metrou-usor-acuza-ca-noul-pmud-a-fost-reciclat-sunt-capitole-si-tabele-intregi-din-documentatii-precedente-ce-nu-mai-sunt-de-actualitate","status":"publish","type":"post","link":"https:\/\/buletin.de\/bucuresti\/asociatia-metrou-usor-acuza-ca-noul-pmud-a-fost-reciclat-sunt-capitole-si-tabele-intregi-din-documentatii-precedente-ce-nu-mai-sunt-de-actualitate\/","title":{"rendered":"Asocia\u0163ia \u201eMetrou U\u0219or\u201d acuz\u0103 c\u0103 noul PMUD a fost \u201ereciclat\u201d: \u201eSunt capitole \u00eentregi din documenta\u021bii precedente ce nu mai sunt de actualitate\u201d"},"content":{"rendered":"\n<p><strong>Asocia\u0163ia \u201eMetrou U\u0219or\u201d acuz\u0103, printr-un comunicat de pres\u0103 c\u0103 parte din forma actualizat\u0103 a Planului de Mobilitate Urban\u0103 Durabil\u0103 (PMUD), documentul strategic care ar urma s\u0103 stea la baza politicilor \u0219i investi\u021biilor \u00een domeniul mobilit\u0103\u021bii la nivelul \u00eentregii regiuni Bucure\u0219ti \u2013 Ilfov, este reciclat\u0103 din documenta\u021bii precedente ce nu mai sunt de actualitate. <\/strong><\/p>\n\n\n\n<p><strong>De asemenea, <a href=\"https:\/\/www.facebook.com\/MetrouUsor\" target=\"_blank\" rel=\"noreferrer noopener\">membrii celei mai importante asocia\u021bii de profil din Capital\u0103<\/a> sus\u021bin c\u0103 multe dintre m\u0103surile propuse nu sunt sustenabile.<\/strong><\/p>\n\n\n\n<p>Principalele probleme ridicate de membrii Asocia\u021biei \u201eMetrou U\u0219or\u201d cu privire la noul PMUD \u021bin de chestiuni legate de mediu. <\/p>\n\n\n\n<p>Astfel, este subliniat faptul c\u0103 nicio autobaz\u0103 nu este propus\u0103 pentru a fi electrificat\u0103 dar \u0219i c\u0103 necesarul de troleibuze din Capital\u0103 ar fi fost calculat gre\u0219it. <\/p>\n\n\n\n<p><a href=\"https:\/\/forum.metrouusor.com\/File?id=226410\">De asemenea, reprezenta\u021bii &nbsp;\u201eMetrou U\u0219or\u201d semnaleaz\u0103 c\u0103 s-au reciclat capitole \u0219i tabele \u00eentregi din documenta\u021bii precedente ce nu mai sunt de actualitate.<\/a><\/p>\n\n\n\n<p>CITE\u0218TE \u0218I <a href=\"https:\/\/buletin.de\/bucuresti\/portul-bucuresti-1-decembrie-si-parcul-logistic-la-jilava-incluse-in-pug-ul-dinamic-al-capitalei\/\" target=\"_blank\" rel=\"noreferrer noopener\"><strong>Portul \u201eBucure\u0219ti 1 Decembrie\u201d \u0219i parcul logistic la Jilava, incluse \u00een PUG-ul Dinamic al Capitalei&nbsp;&nbsp;<\/strong><\/a><\/p>\n\n\n\n<h2 class=\"wp-block-heading\" id=\"h-asociatia-metrou-u\u0219or-acuza-redam-integral-cele-6-observa\u021bii-transmise\">Asocia\u0163ia \u201eMetrou U\u0219or\u201d acuz\u0103. Red\u0103m, integral, cele 6 observa\u021bii transmise:<\/h2>\n\n\n\n<p><strong>1.<\/strong> Nicio autobaz\u0103 nu este propus\u0103 pentru a fi electrificat\u0103, nici m\u0103car par\u021bial, p\u00e2n\u0103 \u00een 2040. \u00cen schimb, prin instalarea sta\u021biilor de \u00eenc\u0103rcare lent\u0103 \u00een depourile de troleibuze se dore\u0219te reducerea capacit\u0103\u021bii de garare a troleibuzelor pentru a face loc autobuzelor electrice. <\/p>\n\n\n\n<p>Este inacceptabil acest lucru \u0219i am solicitat electrificarea autobazelor diesel. Autobuzele electrice trebuie sa \u00eenlocuiasc\u0103 autobuzele diesel. Ridic\u0103m semne de \u00eentrebare asupra viziunii \u0219i strategiei municipale de combatere a polu\u0103rii.<\/p>\n\n\n\n<p><strong>2. Se estimeaz\u0103 un necesar de 1.400 de autobuze noi p\u00e2n\u0103 \u00een 2040, f\u0103r\u0103 a fi specificat\u0103 motorizarea acestora. Ar putea fi electrice? Ar putea fi GNC? Ar putea fi diesel? Am solicitat clarificarea acestui aspect.<\/strong><\/p>\n\n\n\n<p><strong>3. <\/strong>Extinderea re\u021belei de <a href=\"https:\/\/www.facebook.com\/hashtag\/troleibuz?__eep__=6&amp;__cft__%5b0%5d=AZXPawqa5K6ZEN8-rdIoNMJtx9tjMQbGFdJj5cQ49n3ImWyvuAVN61EgMSuxZG7oqjxdR5pJ5uxlDag6N1subMg2dXt_i6zrDegffOViN2oGqBxl9XbnSRGJ9A1PyAq-MXPXJ98Se79DZsNu7MDdTOe06GVACOhh_M_gyoETFpMpBDGlm-4kcyc-Up8sKZq06Ws&amp;__tn__=*NK-R\">#troleibuz<\/a> cu 500m c\u0103tre Terminalul <a href=\"https:\/\/www.facebook.com\/hashtag\/apusului?__eep__=6&amp;__cft__%5b0%5d=AZXPawqa5K6ZEN8-rdIoNMJtx9tjMQbGFdJj5cQ49n3ImWyvuAVN61EgMSuxZG7oqjxdR5pJ5uxlDag6N1subMg2dXt_i6zrDegffOViN2oGqBxl9XbnSRGJ9A1PyAq-MXPXJ98Se79DZsNu7MDdTOe06GVACOhh_M_gyoETFpMpBDGlm-4kcyc-Up8sKZq06Ws&amp;__tn__=*NK-R\">#Apusului<\/a> a fost eliminat\u0103 din varianta final\u0103 a documentului, cu toate c\u0103 aceasta era prev\u0103zut\u0103 \u00een draftul PMUD 2.0. Am solicitat reincluderea acestui obiectiv firesc \u0219i necesar, justific\u00e2nd oportunitatea.<\/p>\n\n\n\n<p><strong>4.<\/strong> Necesarul de <a href=\"https:\/\/www.facebook.com\/hashtag\/troleibuze?__eep__=6&amp;__cft__%5b0%5d=AZXPawqa5K6ZEN8-rdIoNMJtx9tjMQbGFdJj5cQ49n3ImWyvuAVN61EgMSuxZG7oqjxdR5pJ5uxlDag6N1subMg2dXt_i6zrDegffOViN2oGqBxl9XbnSRGJ9A1PyAq-MXPXJ98Se79DZsNu7MDdTOe06GVACOhh_M_gyoETFpMpBDGlm-4kcyc-Up8sKZq06Ws&amp;__tn__=*NK-R\">#troleibuze<\/a> noi pentru urm\u0103torii ani este eronat calculat \u0219i subestimat \u00een raport cu situa\u021bia curent\u0103 de pe teren. De asemenea, necesarul calculat nu este corelat cu propunerile de extindere a re\u021belei stipulate \u00een acela\u0219i document.<\/p>\n\n\n\n<p><strong>5. Am identificat o serie lung\u0103 de erori \u0219i neconcordan\u021be \u00een materialele scrise \u0219i ilustrate din cadrul documentului, unele dintre acestea demonstr\u00e2nd c\u0103 s-au reciclat capitole \u0219i tabele \u00eentregi din documenta\u021bii precedente ce nu mai sunt de actualitate.<\/strong> <\/p>\n\n\n\n<p>De la linii de <a href=\"https:\/\/www.facebook.com\/hashtag\/tramvai?__eep__=6&amp;__cft__%5b0%5d=AZXPawqa5K6ZEN8-rdIoNMJtx9tjMQbGFdJj5cQ49n3ImWyvuAVN61EgMSuxZG7oqjxdR5pJ5uxlDag6N1subMg2dXt_i6zrDegffOViN2oGqBxl9XbnSRGJ9A1PyAq-MXPXJ98Se79DZsNu7MDdTOe06GVACOhh_M_gyoETFpMpBDGlm-4kcyc-Up8sKZq06Ws&amp;__tn__=*NK-R\">#tramvai<\/a> desfiin\u021bate acum zeci de ani ce apar ca fiind propuse pentru &#8220;modernizare&#8221;, p\u00e2n\u0103 la c\u0103utarea de &#8220;alternative&#8221; la Magistrala6 de metrou care se afl\u0103 deja \u00een construc\u021bie. Pe toate acestea le-am sumarizat \u0219i trimis autorit\u0103\u021bilor pentru corectare.<\/p>\n\n\n\n<p><strong>6.<\/strong> Am trimis o serie de observa\u021bii privind amenajarea sta\u021biilor de transport public \u00een conformitate cu bunele practici europene pentru accesibilitate.<\/p>\n\n\n\n<p><strong>CITE\u0218TE \u0218I:<\/strong>&nbsp;<strong><a href=\"https:\/\/buletin.de\/bucuresti\/planurile-in-proces-de-actualizare-ale-ilfovului-parkride-uri-si-bikeride-uri-26-de-gari-noi-noduri-intermodale-proiecte-de-agrement-si-statii-self-service-pentru-bicic\/\" target=\"_blank\" rel=\"noreferrer noopener\">Planurile \u201e\u00een proces de actualizare\u201d ale Ilfovului: Park&amp;Ride \u0219i Bike&amp;Ride, 26 de g\u0103ri noi, noduri intermodale, proiecte de agrement \u0219i sta\u021bii self-service pentru biciclete<\/a><\/strong><\/p>\n\n\n\n<h2 class=\"wp-block-heading\" id=\"h-pmud-2-0\">PMUD 2.0?<\/h2>\n\n\n\n<p>\u201eObserva\u021biile noastre \u00ee\u0219i propun doar s\u0103 corecteze lacunele identificate. Ne bucur\u0103 c\u0103 dezvoltarea transportului public prin extinderea metroului, tramvaiului, troleibuzului \u0219i introducerea trenului metropolitan r\u0103m\u00e2n piloni principali ai PMUD 2.0. <\/p>\n\n\n\n<p><strong>Privim \u00een acela\u0219i timp cu dezam\u0103gire la c\u00e2t de pu\u021bin a fost implementat din PMUD p\u00e2n\u0103 \u00een prezent, precum \u0219i la situa\u021biile \u00een care strategia a fost \u0219i r\u0103m\u00e2ne total ignorat\u0103 \u00een detrimentul unor c\u00e2\u0219tiguri electorale rapide, precum \u00een cazul construirii unor pasaje rutiere neconforme pe inelul median.<\/strong> Amintim \u0219i c\u0103 Asocia\u021bia &#8220;Metrou U\u0219or&#8221; s-a implicat activ \u00een cadrul fiec\u0103rei dezbateri premerg\u0103toare PMUD, onor\u00e2nd invita\u021bia organizatorilor \u0219i venind cu numeroase propuneri ce au fost \u0219i acceptate, spre a fi incluse \u00een document\u201d, se mai arat\u0103 \u00een comunicatul de pres\u0103.<\/p>\n\n\n\n<p>Introduse \u00een 2013, planurile de mobilitate urban\u0103 reprezint\u0103 o centralizare \u0219i o analiz\u0103 a documentelor esen\u021biale pentru reorganizarea mobilit\u0103\u021bii urbane \u00een Uniunea European\u0103. <\/p>\n\n\n\n<p>Aceste planuri sunt proiectate pentru a r\u0103spunde nevoilor specifice din zonele urbane \u00een vederea optimiz\u0103rii sistemelor de transport \u0219i mobilitate. \u00cen prezent, forma actualizat\u0103 a PMUD se afl\u0103 \u00een dezbatere public\u0103 iar detaliile pot fi consultate <a href=\"https:\/\/tpbi.ro\/pmud\/\">aici<\/a>.<\/p>\n\n\n\n<p>CITE\u0218TE \u0218I <a href=\"https:\/\/buletin.de\/bucuresti\/investitii-de-7-miliarde-de-euro-pentru-planul-de-mobilitate-urbana-durabila\/\" target=\"_blank\" rel=\"noreferrer noopener\"><strong>Investi\u021bii de 7 miliarde de euro pentru Planul de Mobilitate Urban\u0103 Durabil\u0103, dintre care jum\u0103tate pentru metrou<\/strong><\/a><\/p>\n","protected":false},"excerpt":{"rendered":"<p>Asocia\u0163ia \u201eMetrou U\u0219or\u201d acuz\u0103, printr-un comunicat de pres\u0103 c\u0103 parte din forma actualizat\u0103 a Planului de Mobilitate Urban\u0103 Durabil\u0103 (PMUD), documentul strategic care ar urma s\u0103 stea la baza politicilor \u0219i investi\u021biilor \u00een domeniul mobilit\u0103\u021bii la nivelul \u00eentregii regiuni Bucure\u0219ti \u2013 Ilfov, este reciclat\u0103 din documenta\u021bii precedente ce nu mai sunt de actualitate. De asemenea, [&hellip;]<\/p>\n","protected":false},"author":10,"featured_media":96722,"comment_status":"closed","ping_status":"open","sticky":false,"template":"","format":"standard","meta":{"_acf_changed":false,"inline_featured_image":false,"ngg_post_thumbnail":0,"footnotes":""},"categories":[6994,5762,650],"tags":[5907,554,14763,14764,166,14765,285],"ppma_author":[22575],"class_list":["post-96713","post","type-post","status-publish","format-standard","has-post-thumbnail","hentry","category-stiri-2","category-main","category-transport","tag-asociatia-metrou-usor","tag-dezbatere","tag-mausri","tag-observatii","tag-plan","tag-planului-de-mobilitate-urbana-durabila","tag-pmud"],"acf":[],"yoast_head":"<!-- This site is optimized with the Yoast SEO Premium plugin v25.3 (Yoast SEO v27.5) - https:\/\/yoast.com\/product\/yoast-seo-premium-wordpress\/ -->\n<title>Asocia\u0163ia \u201eMetrou U\u0219or\u201d acuz\u0103 c\u0103 noul PMUD a fost \u201ereciclat\u201d: \u201eSunt capitole \u00eentregi din documenta\u021bii precedente ce nu mai sunt de actualitate\u201d - Buletin de Bucure\u0219ti<\/title>\n<meta name=\"description\" content=\"Asocia\u0163ia \u201eMetrou U\u0219or\u201d acuz\u0103 c\u0103 noul PMUD a fost \u201ereciclat\u201d: \u201eSunt capitole \u00eentregi din documenta\u021bii precedente\u201d.\" \/>\n<meta name=\"robots\" content=\"index, follow, max-snippet:-1, max-image-preview:large, max-video-preview:-1\" \/>\n<link rel=\"canonical\" href=\"https:\/\/buletin.de\/bucuresti\/asociatia-metrou-usor-acuza-ca-noul-pmud-a-fost-reciclat-sunt-capitole-si-tabele-intregi-din-documentatii-precedente-ce-nu-mai-sunt-de-actualitate\/\" \/>\n<meta property=\"og:locale\" content=\"en_GB\" \/>\n<meta property=\"og:type\" content=\"article\" \/>\n<meta property=\"og:title\" content=\"Asocia\u0163ia \u201eMetrou U\u0219or\u201d acuz\u0103 c\u0103 noul PMUD a fost \u201ereciclat\u201d: \u201eSunt capitole \u00eentregi din documenta\u021bii precedente ce nu mai sunt de actualitate\u201d\" \/>\n<meta property=\"og:description\" content=\"Asocia\u0163ia \u201eMetrou U\u0219or\u201d acuz\u0103 c\u0103 noul PMUD a fost \u201ereciclat\u201d: \u201eSunt capitole \u00eentregi din documenta\u021bii precedente\u201d.\" \/>\n<meta property=\"og:url\" content=\"https:\/\/buletin.de\/bucuresti\/asociatia-metrou-usor-acuza-ca-noul-pmud-a-fost-reciclat-sunt-capitole-si-tabele-intregi-din-documentatii-precedente-ce-nu-mai-sunt-de-actualitate\/\" \/>\n<meta property=\"og:site_name\" content=\"Buletin de Bucure\u0219ti\" \/>\n<meta property=\"article:publisher\" content=\"https:\/\/www.facebook.com\/buletin.de.buc\" \/>\n<meta property=\"article:published_time\" content=\"2024-09-04T04:20:27+00:00\" \/>\n<meta property=\"article:modified_time\" content=\"2024-09-04T09:41:11+00:00\" \/>\n<meta property=\"og:image\" content=\"https:\/\/buletin.de\/bucuresti\/wp-content\/uploads\/Asociatia-Metrou-Usor-acuza-ca-noul-PMUD-a-fost-\u201ereciclat-\u201eSunt-capitole-si-tabele-intregi-din-documentatii-precedente-ce-nu-mai-sunt-de-actualitate.jpg\" \/>\n\t<meta property=\"og:image:width\" content=\"1324\" \/>\n\t<meta property=\"og:image:height\" content=\"1047\" \/>\n\t<meta property=\"og:image:type\" content=\"image\/jpeg\" \/>\n<meta name=\"author\" content=\"C\u0103t\u0103lin Dosca\u0219\" \/>\n<meta name=\"twitter:card\" content=\"summary_large_image\" \/>\n<meta name=\"twitter:label1\" content=\"Written by\" \/>\n\t<meta name=\"twitter:data1\" content=\"C\u0103t\u0103lin Dosca\u0219\" \/>\n\t<meta name=\"twitter:label2\" content=\"Estimated reading time\" \/>\n\t<meta name=\"twitter:data2\" content=\"4 minutes\" \/>\n<script type=\"application\/ld+json\" class=\"yoast-schema-graph\">{\"@context\":\"https:\\\/\\\/schema.org\",\"@graph\":[{\"@type\":\"Article\",\"@id\":\"https:\\\/\\\/buletin.de\\\/bucuresti\\\/asociatia-metrou-usor-acuza-ca-noul-pmud-a-fost-reciclat-sunt-capitole-si-tabele-intregi-din-documentatii-precedente-ce-nu-mai-sunt-de-actualitate\\\/#article\",\"isPartOf\":{\"@id\":\"https:\\\/\\\/buletin.de\\\/bucuresti\\\/asociatia-metrou-usor-acuza-ca-noul-pmud-a-fost-reciclat-sunt-capitole-si-tabele-intregi-din-documentatii-precedente-ce-nu-mai-sunt-de-actualitate\\\/\"},\"author\":{\"name\":\"C\u0103t\u0103lin Dosca\u0219\",\"@id\":\"https:\\\/\\\/buletin.de\\\/bucuresti\\\/#\\\/schema\\\/person\\\/31117187ed4d0bdb0a4c7d6acc79d0f8\"},\"headline\":\"Asocia\u0163ia \u201eMetrou U\u0219or\u201d acuz\u0103 c\u0103 noul PMUD a fost \u201ereciclat\u201d: \u201eSunt capitole \u00eentregi din documenta\u021bii precedente ce nu mai sunt de actualitate\u201d\",\"datePublished\":\"2024-09-04T04:20:27+00:00\",\"dateModified\":\"2024-09-04T09:41:11+00:00\",\"mainEntityOfPage\":{\"@id\":\"https:\\\/\\\/buletin.de\\\/bucuresti\\\/asociatia-metrou-usor-acuza-ca-noul-pmud-a-fost-reciclat-sunt-capitole-si-tabele-intregi-din-documentatii-precedente-ce-nu-mai-sunt-de-actualitate\\\/\"},\"wordCount\":772,\"publisher\":{\"@id\":\"https:\\\/\\\/buletin.de\\\/bucuresti\\\/#organization\"},\"image\":{\"@id\":\"https:\\\/\\\/buletin.de\\\/bucuresti\\\/asociatia-metrou-usor-acuza-ca-noul-pmud-a-fost-reciclat-sunt-capitole-si-tabele-intregi-din-documentatii-precedente-ce-nu-mai-sunt-de-actualitate\\\/#primaryimage\"},\"thumbnailUrl\":\"https:\\\/\\\/buletin.de\\\/bucuresti\\\/wp-content\\\/uploads\\\/Asociatia-Metrou-Usor-acuza-ca-noul-PMUD-a-fost-\u201ereciclat-\u201eSunt-capitole-si-tabele-intregi-din-documentatii-precedente-ce-nu-mai-sunt-de-actualitate.jpg\",\"keywords\":[\"asociatia metrou usor\",\"dezbatere\",\"mausri\",\"observatii\",\"plan\",\"Planului de Mobilitate Urban\u0103 Durabil\u0103\",\"pmud\"],\"articleSection\":[\"Articole\",\"Main\",\"Transport\"],\"inLanguage\":\"en-GB\",\"copyrightYear\":\"2024\",\"copyrightHolder\":{\"@id\":\"https:\\\/\\\/buletin.de\\\/bucuresti\\\/#organization\"}},{\"@type\":\"WebPage\",\"@id\":\"https:\\\/\\\/buletin.de\\\/bucuresti\\\/asociatia-metrou-usor-acuza-ca-noul-pmud-a-fost-reciclat-sunt-capitole-si-tabele-intregi-din-documentatii-precedente-ce-nu-mai-sunt-de-actualitate\\\/\",\"url\":\"https:\\\/\\\/buletin.de\\\/bucuresti\\\/asociatia-metrou-usor-acuza-ca-noul-pmud-a-fost-reciclat-sunt-capitole-si-tabele-intregi-din-documentatii-precedente-ce-nu-mai-sunt-de-actualitate\\\/\",\"name\":\"Asocia\u0163ia \u201eMetrou U\u0219or\u201d acuz\u0103 c\u0103 noul PMUD a fost \u201ereciclat\u201d: \u201eSunt capitole \u00eentregi din documenta\u021bii precedente ce nu mai sunt de actualitate\u201d - Buletin de Bucure\u0219ti\",\"isPartOf\":{\"@id\":\"https:\\\/\\\/buletin.de\\\/bucuresti\\\/#website\"},\"primaryImageOfPage\":{\"@id\":\"https:\\\/\\\/buletin.de\\\/bucuresti\\\/asociatia-metrou-usor-acuza-ca-noul-pmud-a-fost-reciclat-sunt-capitole-si-tabele-intregi-din-documentatii-precedente-ce-nu-mai-sunt-de-actualitate\\\/#primaryimage\"},\"image\":{\"@id\":\"https:\\\/\\\/buletin.de\\\/bucuresti\\\/asociatia-metrou-usor-acuza-ca-noul-pmud-a-fost-reciclat-sunt-capitole-si-tabele-intregi-din-documentatii-precedente-ce-nu-mai-sunt-de-actualitate\\\/#primaryimage\"},\"thumbnailUrl\":\"https:\\\/\\\/buletin.de\\\/bucuresti\\\/wp-content\\\/uploads\\\/Asociatia-Metrou-Usor-acuza-ca-noul-PMUD-a-fost-\u201ereciclat-\u201eSunt-capitole-si-tabele-intregi-din-documentatii-precedente-ce-nu-mai-sunt-de-actualitate.jpg\",\"datePublished\":\"2024-09-04T04:20:27+00:00\",\"dateModified\":\"2024-09-04T09:41:11+00:00\",\"description\":\"Asocia\u0163ia \u201eMetrou U\u0219or\u201d acuz\u0103 c\u0103 noul PMUD a fost \u201ereciclat\u201d: \u201eSunt capitole \u00eentregi din documenta\u021bii precedente\u201d.\",\"breadcrumb\":{\"@id\":\"https:\\\/\\\/buletin.de\\\/bucuresti\\\/asociatia-metrou-usor-acuza-ca-noul-pmud-a-fost-reciclat-sunt-capitole-si-tabele-intregi-din-documentatii-precedente-ce-nu-mai-sunt-de-actualitate\\\/#breadcrumb\"},\"inLanguage\":\"en-GB\",\"potentialAction\":[{\"@type\":\"ReadAction\",\"target\":[\"https:\\\/\\\/buletin.de\\\/bucuresti\\\/asociatia-metrou-usor-acuza-ca-noul-pmud-a-fost-reciclat-sunt-capitole-si-tabele-intregi-din-documentatii-precedente-ce-nu-mai-sunt-de-actualitate\\\/\"]}]},{\"@type\":\"ImageObject\",\"inLanguage\":\"en-GB\",\"@id\":\"https:\\\/\\\/buletin.de\\\/bucuresti\\\/asociatia-metrou-usor-acuza-ca-noul-pmud-a-fost-reciclat-sunt-capitole-si-tabele-intregi-din-documentatii-precedente-ce-nu-mai-sunt-de-actualitate\\\/#primaryimage\",\"url\":\"https:\\\/\\\/buletin.de\\\/bucuresti\\\/wp-content\\\/uploads\\\/Asociatia-Metrou-Usor-acuza-ca-noul-PMUD-a-fost-\u201ereciclat-\u201eSunt-capitole-si-tabele-intregi-din-documentatii-precedente-ce-nu-mai-sunt-de-actualitate.jpg\",\"contentUrl\":\"https:\\\/\\\/buletin.de\\\/bucuresti\\\/wp-content\\\/uploads\\\/Asociatia-Metrou-Usor-acuza-ca-noul-PMUD-a-fost-\u201ereciclat-\u201eSunt-capitole-si-tabele-intregi-din-documentatii-precedente-ce-nu-mai-sunt-de-actualitate.jpg\",\"width\":1324,\"height\":1047,\"caption\":\"Asocia\u0163ia \u201cMetrou U\u0219or\u201d acuz\u0103 c\u0103 noul PMUD a fost \u201ereciclat\u201d \u201eSunt capitole \u0219i tabele \u00eentregi din documenta\u021bii precedente ce nu mai sunt de actualitate\u201d\"},{\"@type\":\"BreadcrumbList\",\"@id\":\"https:\\\/\\\/buletin.de\\\/bucuresti\\\/asociatia-metrou-usor-acuza-ca-noul-pmud-a-fost-reciclat-sunt-capitole-si-tabele-intregi-din-documentatii-precedente-ce-nu-mai-sunt-de-actualitate\\\/#breadcrumb\",\"itemListElement\":[{\"@type\":\"ListItem\",\"position\":1,\"name\":\"Acas\u0103\",\"item\":\"https:\\\/\\\/buletin.de\\\/bucuresti\\\/\"},{\"@type\":\"ListItem\",\"position\":2,\"name\":\"Asocia\u0163ia \u201eMetrou U\u0219or\u201d acuz\u0103 c\u0103 noul PMUD a fost \u201ereciclat\u201d: \u201eSunt capitole \u00eentregi din documenta\u021bii precedente ce nu mai sunt de actualitate\u201d\"}]},{\"@type\":\"WebSite\",\"@id\":\"https:\\\/\\\/buletin.de\\\/bucuresti\\\/#website\",\"url\":\"https:\\\/\\\/buletin.de\\\/bucuresti\\\/\",\"name\":\"Buletin de Bucure\u0219ti\",\"description\":\"\u0218tiri \u0219i investiga\u021bii esen\u021biale din capital\u0103\",\"publisher\":{\"@id\":\"https:\\\/\\\/buletin.de\\\/bucuresti\\\/#organization\"},\"potentialAction\":[{\"@type\":\"SearchAction\",\"target\":{\"@type\":\"EntryPoint\",\"urlTemplate\":\"https:\\\/\\\/buletin.de\\\/bucuresti\\\/?s={search_term_string}\"},\"query-input\":{\"@type\":\"PropertyValueSpecification\",\"valueRequired\":true,\"valueName\":\"search_term_string\"}}],\"inLanguage\":\"en-GB\"},{\"@type\":\"Organization\",\"@id\":\"https:\\\/\\\/buletin.de\\\/bucuresti\\\/#organization\",\"name\":\"Buletin de Bucure\u0219ti\",\"url\":\"https:\\\/\\\/buletin.de\\\/bucuresti\\\/\",\"logo\":{\"@type\":\"ImageObject\",\"inLanguage\":\"en-GB\",\"@id\":\"https:\\\/\\\/buletin.de\\\/bucuresti\\\/#\\\/schema\\\/logo\\\/image\\\/\",\"url\":\"https:\\\/\\\/buletin.de\\\/bucuresti\\\/wp-content\\\/uploads\\\/logo-bdb-full-wide-vernil-transparent.png\",\"contentUrl\":\"https:\\\/\\\/buletin.de\\\/bucuresti\\\/wp-content\\\/uploads\\\/logo-bdb-full-wide-vernil-transparent.png\",\"width\":1782,\"height\":626,\"caption\":\"Buletin de Bucure\u0219ti\"},\"image\":{\"@id\":\"https:\\\/\\\/buletin.de\\\/bucuresti\\\/#\\\/schema\\\/logo\\\/image\\\/\"},\"sameAs\":[\"https:\\\/\\\/www.facebook.com\\\/buletin.de.buc\",\"https:\\\/\\\/www.instagram.com\\\/buletinde.bucuresti\\\/\"]},{\"@type\":\"Person\",\"@id\":\"https:\\\/\\\/buletin.de\\\/bucuresti\\\/#\\\/schema\\\/person\\\/31117187ed4d0bdb0a4c7d6acc79d0f8\",\"name\":\"C\u0103t\u0103lin Dosca\u0219\",\"image\":{\"@type\":\"ImageObject\",\"inLanguage\":\"en-GB\",\"@id\":\"https:\\\/\\\/buletin.de\\\/bucuresti\\\/wp-content\\\/uploads\\\/Catalin-Doscas-e1732731064764-96x96.jpga93e2943bb3b1c1f9ead823df6e6317a\",\"url\":\"https:\\\/\\\/buletin.de\\\/bucuresti\\\/wp-content\\\/uploads\\\/Catalin-Doscas-e1732731064764-96x96.jpg\",\"contentUrl\":\"https:\\\/\\\/buletin.de\\\/bucuresti\\\/wp-content\\\/uploads\\\/Catalin-Doscas-e1732731064764-96x96.jpg\",\"caption\":\"C\u0103t\u0103lin Dosca\u0219\"},\"description\":\"Reporter \u0219i redactor-\u0219ef Buletin de Bucure\u0219ti. Lucreaz\u0103 \u00een mass-media de la v\u00e2rsta de 15 ani, c\u00e2nd a publicat primele articole \u00een presa local\u0103 din Tecuci. \u00cen Bucure\u0219ti a lucrat \u00een redac\u021bii radio ca reporter, redactor \u0219i prezentator (StudentFM, Na\u021bionalFM, Radio Total, Smart FM), unde a acoperit domeniile politic, economic, social \u0219i externe. Ulterior, a fost editor-coordonator al postului Realitatea FM. Experien\u021ba \u00een jurnalismul online a dob\u00e2ndit-o la portalul B365.ro, unde a fost editor. \u00cen 2012 s-a angajat \u00een televiziune. La Realitatea TV a fost, pe r\u00e2nd, reporter la sec\u021bia Social, reporter special la emisiunea de reportaje \u0219i anchete \u201eReporterii Realit\u0103\u021bii\u201d, dar \u0219i editor al jurnalelor de \u0219tiri. Ulterior, a f\u0103cut parte din sec\u021bia de Investiga\u021bii de la Digi24 \u0219i a lucrat la campania \u201eRom\u00e2nia furat\u0103\u201d. A revenit \u00een presa scris\u0103 \u00een 2017, ca reporter special, \u00een cadrul unui proiect de repozi\u021bionare a tabloidului Libertatea \u00een cotidian generalist. Este jurnalist Buletin de Bucure\u0219ti din 2019.\",\"url\":\"https:\\\/\\\/buletin.de\\\/bucuresti\\\/author\\\/catalin\\\/\"}]}<\/script>\n<!-- \/ Yoast SEO Premium plugin. -->","yoast_head_json":{"title":"Asocia\u0163ia \u201eMetrou U\u0219or\u201d acuz\u0103 c\u0103 noul PMUD a fost \u201ereciclat\u201d: \u201eSunt capitole \u00eentregi din documenta\u021bii precedente ce nu mai sunt de actualitate\u201d - Buletin de Bucure\u0219ti","description":"Asocia\u0163ia \u201eMetrou U\u0219or\u201d acuz\u0103 c\u0103 noul PMUD a fost \u201ereciclat\u201d: \u201eSunt capitole \u00eentregi din documenta\u021bii precedente\u201d.","robots":{"index":"index","follow":"follow","max-snippet":"max-snippet:-1","max-image-preview":"max-image-preview:large","max-video-preview":"max-video-preview:-1"},"canonical":"https:\/\/buletin.de\/bucuresti\/asociatia-metrou-usor-acuza-ca-noul-pmud-a-fost-reciclat-sunt-capitole-si-tabele-intregi-din-documentatii-precedente-ce-nu-mai-sunt-de-actualitate\/","og_locale":"en_GB","og_type":"article","og_title":"Asocia\u0163ia \u201eMetrou U\u0219or\u201d acuz\u0103 c\u0103 noul PMUD a fost \u201ereciclat\u201d: \u201eSunt capitole \u00eentregi din documenta\u021bii precedente ce nu mai sunt de actualitate\u201d","og_description":"Asocia\u0163ia \u201eMetrou U\u0219or\u201d acuz\u0103 c\u0103 noul PMUD a fost \u201ereciclat\u201d: \u201eSunt capitole \u00eentregi din documenta\u021bii precedente\u201d.","og_url":"https:\/\/buletin.de\/bucuresti\/asociatia-metrou-usor-acuza-ca-noul-pmud-a-fost-reciclat-sunt-capitole-si-tabele-intregi-din-documentatii-precedente-ce-nu-mai-sunt-de-actualitate\/","og_site_name":"Buletin de Bucure\u0219ti","article_publisher":"https:\/\/www.facebook.com\/buletin.de.buc","article_published_time":"2024-09-04T04:20:27+00:00","article_modified_time":"2024-09-04T09:41:11+00:00","og_image":[{"width":1324,"height":1047,"url":"https:\/\/buletin.de\/bucuresti\/wp-content\/uploads\/Asociatia-Metrou-Usor-acuza-ca-noul-PMUD-a-fost-\u201ereciclat-\u201eSunt-capitole-si-tabele-intregi-din-documentatii-precedente-ce-nu-mai-sunt-de-actualitate.jpg","type":"image\/jpeg"}],"author":"C\u0103t\u0103lin Dosca\u0219","twitter_card":"summary_large_image","twitter_misc":{"Written by":"C\u0103t\u0103lin Dosca\u0219","Estimated reading time":"4 minutes"},"schema":{"@context":"https:\/\/schema.org","@graph":[{"@type":"Article","@id":"https:\/\/buletin.de\/bucuresti\/asociatia-metrou-usor-acuza-ca-noul-pmud-a-fost-reciclat-sunt-capitole-si-tabele-intregi-din-documentatii-precedente-ce-nu-mai-sunt-de-actualitate\/#article","isPartOf":{"@id":"https:\/\/buletin.de\/bucuresti\/asociatia-metrou-usor-acuza-ca-noul-pmud-a-fost-reciclat-sunt-capitole-si-tabele-intregi-din-documentatii-precedente-ce-nu-mai-sunt-de-actualitate\/"},"author":{"name":"C\u0103t\u0103lin Dosca\u0219","@id":"https:\/\/buletin.de\/bucuresti\/#\/schema\/person\/31117187ed4d0bdb0a4c7d6acc79d0f8"},"headline":"Asocia\u0163ia \u201eMetrou U\u0219or\u201d acuz\u0103 c\u0103 noul PMUD a fost \u201ereciclat\u201d: \u201eSunt capitole \u00eentregi din documenta\u021bii precedente ce nu mai sunt de actualitate\u201d","datePublished":"2024-09-04T04:20:27+00:00","dateModified":"2024-09-04T09:41:11+00:00","mainEntityOfPage":{"@id":"https:\/\/buletin.de\/bucuresti\/asociatia-metrou-usor-acuza-ca-noul-pmud-a-fost-reciclat-sunt-capitole-si-tabele-intregi-din-documentatii-precedente-ce-nu-mai-sunt-de-actualitate\/"},"wordCount":772,"publisher":{"@id":"https:\/\/buletin.de\/bucuresti\/#organization"},"image":{"@id":"https:\/\/buletin.de\/bucuresti\/asociatia-metrou-usor-acuza-ca-noul-pmud-a-fost-reciclat-sunt-capitole-si-tabele-intregi-din-documentatii-precedente-ce-nu-mai-sunt-de-actualitate\/#primaryimage"},"thumbnailUrl":"https:\/\/buletin.de\/bucuresti\/wp-content\/uploads\/Asociatia-Metrou-Usor-acuza-ca-noul-PMUD-a-fost-\u201ereciclat-\u201eSunt-capitole-si-tabele-intregi-din-documentatii-precedente-ce-nu-mai-sunt-de-actualitate.jpg","keywords":["asociatia metrou usor","dezbatere","mausri","observatii","plan","Planului de Mobilitate Urban\u0103 Durabil\u0103","pmud"],"articleSection":["Articole","Main","Transport"],"inLanguage":"en-GB","copyrightYear":"2024","copyrightHolder":{"@id":"https:\/\/buletin.de\/bucuresti\/#organization"}},{"@type":"WebPage","@id":"https:\/\/buletin.de\/bucuresti\/asociatia-metrou-usor-acuza-ca-noul-pmud-a-fost-reciclat-sunt-capitole-si-tabele-intregi-din-documentatii-precedente-ce-nu-mai-sunt-de-actualitate\/","url":"https:\/\/buletin.de\/bucuresti\/asociatia-metrou-usor-acuza-ca-noul-pmud-a-fost-reciclat-sunt-capitole-si-tabele-intregi-din-documentatii-precedente-ce-nu-mai-sunt-de-actualitate\/","name":"Asocia\u0163ia \u201eMetrou U\u0219or\u201d acuz\u0103 c\u0103 noul PMUD a fost \u201ereciclat\u201d: \u201eSunt capitole \u00eentregi din documenta\u021bii precedente ce nu mai sunt de actualitate\u201d - Buletin de Bucure\u0219ti","isPartOf":{"@id":"https:\/\/buletin.de\/bucuresti\/#website"},"primaryImageOfPage":{"@id":"https:\/\/buletin.de\/bucuresti\/asociatia-metrou-usor-acuza-ca-noul-pmud-a-fost-reciclat-sunt-capitole-si-tabele-intregi-din-documentatii-precedente-ce-nu-mai-sunt-de-actualitate\/#primaryimage"},"image":{"@id":"https:\/\/buletin.de\/bucuresti\/asociatia-metrou-usor-acuza-ca-noul-pmud-a-fost-reciclat-sunt-capitole-si-tabele-intregi-din-documentatii-precedente-ce-nu-mai-sunt-de-actualitate\/#primaryimage"},"thumbnailUrl":"https:\/\/buletin.de\/bucuresti\/wp-content\/uploads\/Asociatia-Metrou-Usor-acuza-ca-noul-PMUD-a-fost-\u201ereciclat-\u201eSunt-capitole-si-tabele-intregi-din-documentatii-precedente-ce-nu-mai-sunt-de-actualitate.jpg","datePublished":"2024-09-04T04:20:27+00:00","dateModified":"2024-09-04T09:41:11+00:00","description":"Asocia\u0163ia \u201eMetrou U\u0219or\u201d acuz\u0103 c\u0103 noul PMUD a fost \u201ereciclat\u201d: \u201eSunt capitole \u00eentregi din documenta\u021bii precedente\u201d.","breadcrumb":{"@id":"https:\/\/buletin.de\/bucuresti\/asociatia-metrou-usor-acuza-ca-noul-pmud-a-fost-reciclat-sunt-capitole-si-tabele-intregi-din-documentatii-precedente-ce-nu-mai-sunt-de-actualitate\/#breadcrumb"},"inLanguage":"en-GB","potentialAction":[{"@type":"ReadAction","target":["https:\/\/buletin.de\/bucuresti\/asociatia-metrou-usor-acuza-ca-noul-pmud-a-fost-reciclat-sunt-capitole-si-tabele-intregi-din-documentatii-precedente-ce-nu-mai-sunt-de-actualitate\/"]}]},{"@type":"ImageObject","inLanguage":"en-GB","@id":"https:\/\/buletin.de\/bucuresti\/asociatia-metrou-usor-acuza-ca-noul-pmud-a-fost-reciclat-sunt-capitole-si-tabele-intregi-din-documentatii-precedente-ce-nu-mai-sunt-de-actualitate\/#primaryimage","url":"https:\/\/buletin.de\/bucuresti\/wp-content\/uploads\/Asociatia-Metrou-Usor-acuza-ca-noul-PMUD-a-fost-\u201ereciclat-\u201eSunt-capitole-si-tabele-intregi-din-documentatii-precedente-ce-nu-mai-sunt-de-actualitate.jpg","contentUrl":"https:\/\/buletin.de\/bucuresti\/wp-content\/uploads\/Asociatia-Metrou-Usor-acuza-ca-noul-PMUD-a-fost-\u201ereciclat-\u201eSunt-capitole-si-tabele-intregi-din-documentatii-precedente-ce-nu-mai-sunt-de-actualitate.jpg","width":1324,"height":1047,"caption":"Asocia\u0163ia \u201cMetrou U\u0219or\u201d acuz\u0103 c\u0103 noul PMUD a fost \u201ereciclat\u201d \u201eSunt capitole \u0219i tabele \u00eentregi din documenta\u021bii precedente ce nu mai sunt de actualitate\u201d"},{"@type":"BreadcrumbList","@id":"https:\/\/buletin.de\/bucuresti\/asociatia-metrou-usor-acuza-ca-noul-pmud-a-fost-reciclat-sunt-capitole-si-tabele-intregi-din-documentatii-precedente-ce-nu-mai-sunt-de-actualitate\/#breadcrumb","itemListElement":[{"@type":"ListItem","position":1,"name":"Acas\u0103","item":"https:\/\/buletin.de\/bucuresti\/"},{"@type":"ListItem","position":2,"name":"Asocia\u0163ia \u201eMetrou U\u0219or\u201d acuz\u0103 c\u0103 noul PMUD a fost \u201ereciclat\u201d: \u201eSunt capitole \u00eentregi din documenta\u021bii precedente ce nu mai sunt de actualitate\u201d"}]},{"@type":"WebSite","@id":"https:\/\/buletin.de\/bucuresti\/#website","url":"https:\/\/buletin.de\/bucuresti\/","name":"Buletin de Bucure\u0219ti","description":"\u0218tiri \u0219i investiga\u021bii esen\u021biale din capital\u0103","publisher":{"@id":"https:\/\/buletin.de\/bucuresti\/#organization"},"potentialAction":[{"@type":"SearchAction","target":{"@type":"EntryPoint","urlTemplate":"https:\/\/buletin.de\/bucuresti\/?s={search_term_string}"},"query-input":{"@type":"PropertyValueSpecification","valueRequired":true,"valueName":"search_term_string"}}],"inLanguage":"en-GB"},{"@type":"Organization","@id":"https:\/\/buletin.de\/bucuresti\/#organization","name":"Buletin de Bucure\u0219ti","url":"https:\/\/buletin.de\/bucuresti\/","logo":{"@type":"ImageObject","inLanguage":"en-GB","@id":"https:\/\/buletin.de\/bucuresti\/#\/schema\/logo\/image\/","url":"https:\/\/buletin.de\/bucuresti\/wp-content\/uploads\/logo-bdb-full-wide-vernil-transparent.png","contentUrl":"https:\/\/buletin.de\/bucuresti\/wp-content\/uploads\/logo-bdb-full-wide-vernil-transparent.png","width":1782,"height":626,"caption":"Buletin de Bucure\u0219ti"},"image":{"@id":"https:\/\/buletin.de\/bucuresti\/#\/schema\/logo\/image\/"},"sameAs":["https:\/\/www.facebook.com\/buletin.de.buc","https:\/\/www.instagram.com\/buletinde.bucuresti\/"]},{"@type":"Person","@id":"https:\/\/buletin.de\/bucuresti\/#\/schema\/person\/31117187ed4d0bdb0a4c7d6acc79d0f8","name":"C\u0103t\u0103lin Dosca\u0219","image":{"@type":"ImageObject","inLanguage":"en-GB","@id":"https:\/\/buletin.de\/bucuresti\/wp-content\/uploads\/Catalin-Doscas-e1732731064764-96x96.jpga93e2943bb3b1c1f9ead823df6e6317a","url":"https:\/\/buletin.de\/bucuresti\/wp-content\/uploads\/Catalin-Doscas-e1732731064764-96x96.jpg","contentUrl":"https:\/\/buletin.de\/bucuresti\/wp-content\/uploads\/Catalin-Doscas-e1732731064764-96x96.jpg","caption":"C\u0103t\u0103lin Dosca\u0219"},"description":"Reporter \u0219i redactor-\u0219ef Buletin de Bucure\u0219ti. Lucreaz\u0103 \u00een mass-media de la v\u00e2rsta de 15 ani, c\u00e2nd a publicat primele articole \u00een presa local\u0103 din Tecuci. \u00cen Bucure\u0219ti a lucrat \u00een redac\u021bii radio ca reporter, redactor \u0219i prezentator (StudentFM, Na\u021bionalFM, Radio Total, Smart FM), unde a acoperit domeniile politic, economic, social \u0219i externe. Ulterior, a fost editor-coordonator al postului Realitatea FM. Experien\u021ba \u00een jurnalismul online a dob\u00e2ndit-o la portalul B365.ro, unde a fost editor. \u00cen 2012 s-a angajat \u00een televiziune. La Realitatea TV a fost, pe r\u00e2nd, reporter la sec\u021bia Social, reporter special la emisiunea de reportaje \u0219i anchete \u201eReporterii Realit\u0103\u021bii\u201d, dar \u0219i editor al jurnalelor de \u0219tiri. Ulterior, a f\u0103cut parte din sec\u021bia de Investiga\u021bii de la Digi24 \u0219i a lucrat la campania \u201eRom\u00e2nia furat\u0103\u201d. A revenit \u00een presa scris\u0103 \u00een 2017, ca reporter special, \u00een cadrul unui proiect de repozi\u021bionare a tabloidului Libertatea \u00een cotidian generalist. Este jurnalist Buletin de Bucure\u0219ti din 2019.","url":"https:\/\/buletin.de\/bucuresti\/author\/catalin\/"}]}},"authors":[{"term_id":22575,"user_id":10,"is_guest":0,"slug":"catalin","display_name":"C\u0103t\u0103lin Dosca\u0219","avatar_url":"https:\/\/buletin.de\/bucuresti\/wp-content\/uploads\/Catalin-Doscas-e1732731064764-96x96.jpg","0":null,"1":"","2":"","3":"","4":"","5":"","6":"","7":"","8":""}],"_links":{"self":[{"href":"https:\/\/buletin.de\/bucuresti\/wp-json\/wp\/v2\/posts\/96713","targetHints":{"allow":["GET"]}}],"collection":[{"href":"https:\/\/buletin.de\/bucuresti\/wp-json\/wp\/v2\/posts"}],"about":[{"href":"https:\/\/buletin.de\/bucuresti\/wp-json\/wp\/v2\/types\/post"}],"author":[{"embeddable":true,"href":"https:\/\/buletin.de\/bucuresti\/wp-json\/wp\/v2\/users\/10"}],"replies":[{"embeddable":true,"href":"https:\/\/buletin.de\/bucuresti\/wp-json\/wp\/v2\/comments?post=96713"}],"version-history":[{"count":8,"href":"https:\/\/buletin.de\/bucuresti\/wp-json\/wp\/v2\/posts\/96713\/revisions"}],"predecessor-version":[{"id":96783,"href":"https:\/\/buletin.de\/bucuresti\/wp-json\/wp\/v2\/posts\/96713\/revisions\/96783"}],"wp:featuredmedia":[{"embeddable":true,"href":"https:\/\/buletin.de\/bucuresti\/wp-json\/wp\/v2\/media\/96722"}],"wp:attachment":[{"href":"https:\/\/buletin.de\/bucuresti\/wp-json\/wp\/v2\/media?parent=96713"}],"wp:term":[{"taxonomy":"category","embeddable":true,"href":"https:\/\/buletin.de\/bucuresti\/wp-json\/wp\/v2\/categories?post=96713"},{"taxonomy":"post_tag","embeddable":true,"href":"https:\/\/buletin.de\/bucuresti\/wp-json\/wp\/v2\/tags?post=96713"},{"taxonomy":"author","embeddable":true,"href":"https:\/\/buletin.de\/bucuresti\/wp-json\/wp\/v2\/ppma_author?post=96713"}],"curies":[{"name":"wp","href":"https:\/\/api.w.org\/{rel}","templated":true}]}}