{"id":96528,"date":"2024-09-02T12:02:15","date_gmt":"2024-09-02T09:02:15","guid":{"rendered":"https:\/\/buletin.de\/bucuresti\/?p=96528"},"modified":"2024-09-02T12:06:01","modified_gmt":"2024-09-02T09:06:01","slug":"revine-caldura-in-bucuresti-temperaturi-mari-in-urmatoarele-zile","status":"publish","type":"post","link":"https:\/\/buletin.de\/bucuresti\/revine-caldura-in-bucuresti-temperaturi-mari-in-urmatoarele-zile\/","title":{"rendered":"Revine c\u0103ldur\u0103 \u00een Bucure\u0219ti. Temperaturi mari \u00een urm\u0103toarele zile"},"content":{"rendered":"\n<p><strong>Revine c\u0103ldur\u0103 \u00een Bucure\u0219ti. Cerul va fi variabil ziua \u015fi senin noaptea, iar v\u00e2ntul va sufla slab \u015fi moderat. Temperatura maxim\u00e3 va fi de 32-33 de grade, iar cea minim\u00e3 de 16-19 grade.<\/strong><\/p>\n\n\n\n<p>\u00cen intervalul 2 \u2013 3 septembrie, regimul termic va fi c\u0103lduros, cu cer variabil, mai mult senin pe parcursul nop\u0163ii, iar v\u00e2ntul va sufla slab \u015fi moderat. <\/p>\n\n\n\n<p>Temperatura maxim\u0103 va fi de 32 \u2013 33 de grade, iar cea minim\u0103 de 16 \u2013 18 grade, prognozei publicate luni de <a href=\"https:\/\/www.meteoromania.ro\/\" target=\"_blank\" rel=\"noreferrer noopener\">Administra\u0163ia Na\u0163ional\u0103 de Meteorologie<\/a> (ANM).<\/p>\n\n\n\n<p><strong>Totodat\u0103, \u00een perioada 3 septembrie, ora 9:00 \u2013 4 septembrie, ora 9:00, \u00een Capital\u0103, vremea va redeveni canicular\u0103, iar disconfortul termic va fi \u00een cre\u015ftere. <\/strong><\/p>\n\n\n\n<p>Cerul va fi mai mult senin \u015fi v\u00e2ntul va sufla slab \u015fi moderat. Temperatura maxim\u0103 se va situa \u00een jurul valorii de 35 de grade, \u00een timp ce minima va ajunge la 19 grade, u\u015for mai sc\u0103zut\u0103 \u00een zona preor\u0103\u015feneasc\u0103.<\/p>\n\n\n\n<p>Presiunea atmosferic\u0103 va fi u\u015for variabil\u00e3, la valori relativ sc\u00e3zute.<\/p>\n\n\n\n<p>CITE\u0218TE \u0218I: <strong><a href=\"https:\/\/buletin.de\/bucuresti\/planurile-in-proces-de-actualizare-ale-ilfovului-parkride-uri-si-bikeride-uri-26-de-gari-noi-noduri-intermodale-proiecte-de-agrement-si-statii-self-service-pentru-bicic\/\" target=\"_blank\" rel=\"noreferrer noopener\">Planurile \u201e\u00een proces de actualizare\u201d ale Ilfovului: Park&amp;Ride \u0219i Bike&amp;Ride, 26 de g\u0103ri noi, noduri intermodale, proiecte de agrement \u0219i sta\u021bii self-service pentru biciclete<\/a><\/strong><\/p>\n\n\n\n<h2 class=\"wp-block-heading\" id=\"h-revine-caldura-in-bucure\u0219ti-\u0219i-pe-litoral\">Revine c\u0103ldur\u0103 \u00een Bucure\u0219ti \u0219i pe litoral<\/h2>\n\n\n\n<p><strong>Pe litoral<\/strong>,\u00a0vremea se va \u00eenc\u00e3lzi fa\u0163\u00e3 de intervalul anterior, astfel c\u00e3 temperaturile maxime vor fi de 28&#8230;30 de grade. <\/p>\n\n\n\n<p>Cerul va fi temporar noros \u015fi trec\u00e3tor vor mai fi averse \u015fi desc\u00e3rc\u00e3ri electrice, mai ales la \u00eenceputul intervalului. V\u00e2ntul va sufla slab \u015fi moderat, cu intensific\u00e3ri trec\u00e3toare ziua. Temperaturile minime vor fi\u00a0 \u00eentre 19 \u015fi 22 de grade.<\/p>\n\n\n\n<p>Temperatura apei m\u00e3rii va avea valori de 23&#8230;25 de grade.<\/p>\n\n\n\n<p><strong>La munte<\/strong>, cerul va fi variabil ziua c\u00e2nd izolat vor fi averse \u015fi desc\u00e3rc\u00e3ri electrice, \u015fi senin noaptea.&nbsp;V\u00e2ntul va sufla slab \u015fi moderat. Temperaturile vor cre\u015fte fa\u0163\u00e3 de ziua anterioar\u00e3.<\/p>\n\n\n\n<p>CITE\u0218TE \u0218I:<strong>\u00a0<a href=\"https:\/\/buletin.de\/bucuresti\/analiza-bucurestiul-imbatraneste-demografic-capitala-se-va-confrunta-cu-un-deficit-semnificativ-de-forta-de-munca\/\" target=\"_blank\" rel=\"noreferrer noopener\">ANALIZ\u0102 | Bucure\u0219tiul \u201e\u00eemb\u0103tr\u00e2ne\u0219te\u201d demografic. Capitala se va confrunta cu \u201eun deficit semnificativ de for\u021b\u0103 de munc\u0103\u201d<\/a><\/strong><\/p>\n","protected":false},"excerpt":{"rendered":"<p>Revine c\u0103ldur\u0103 \u00een Bucure\u0219ti. Cerul va fi variabil ziua \u015fi senin noaptea, iar v\u00e2ntul va sufla slab \u015fi moderat. Temperatura maxim\u00e3 va fi de 32-33 de grade, iar cea minim\u00e3 de 16-19 grade. \u00cen intervalul 2 \u2013 3 septembrie, regimul termic va fi c\u0103lduros, cu cer variabil, mai mult senin pe parcursul nop\u0163ii, iar v\u00e2ntul [&hellip;]<\/p>\n","protected":false},"author":1,"featured_media":96531,"comment_status":"closed","ping_status":"open","sticky":false,"template":"","format":"standard","meta":{"_acf_changed":false,"inline_featured_image":false,"ngg_post_thumbnail":0,"footnotes":""},"categories":[6994,9026,62],"tags":[14717,5228,14719,14718],"ppma_author":[22583],"class_list":["post-96528","post","type-post","status-publish","format-standard","has-post-thumbnail","hentry","category-stiri-2","category-eveniment","category-stiri","tag-canicula-in-bucuresti","tag-meteo","tag-vremea-la-munte","tag-vremea-pe-litoral"],"acf":[],"yoast_head":"<!-- This site is optimized with the Yoast SEO Premium plugin v25.3 (Yoast SEO v27.4) - https:\/\/yoast.com\/product\/yoast-seo-premium-wordpress\/ -->\n<title>Revine c\u0103ldur\u0103 \u00een Bucure\u0219ti. Temperaturi mari \u00een urm\u0103toarele zile - Buletin de Bucure\u0219ti<\/title>\n<meta name=\"description\" content=\"Revine c\u0103ldur\u0103 \u00een Bucure\u0219ti. Cerul va fi variabil ziua \u015fi senin noaptea, iar v\u00e2ntul va sufla slab \u015fi moderat.\" \/>\n<meta name=\"robots\" content=\"index, follow, max-snippet:-1, max-image-preview:large, max-video-preview:-1\" \/>\n<link rel=\"canonical\" href=\"https:\/\/buletin.de\/bucuresti\/revine-caldura-in-bucuresti-temperaturi-mari-in-urmatoarele-zile\/\" \/>\n<meta property=\"og:locale\" content=\"en_GB\" \/>\n<meta property=\"og:type\" content=\"article\" \/>\n<meta property=\"og:title\" content=\"Revine c\u0103ldur\u0103 \u00een Bucure\u0219ti. Temperaturi mari \u00een urm\u0103toarele zile\" \/>\n<meta property=\"og:description\" content=\"Revine c\u0103ldur\u0103 \u00een Bucure\u0219ti. Cerul va fi variabil ziua \u015fi senin noaptea, iar v\u00e2ntul va sufla slab \u015fi moderat.\" \/>\n<meta property=\"og:url\" content=\"https:\/\/buletin.de\/bucuresti\/revine-caldura-in-bucuresti-temperaturi-mari-in-urmatoarele-zile\/\" \/>\n<meta property=\"og:site_name\" content=\"Buletin de Bucure\u0219ti\" \/>\n<meta property=\"article:publisher\" content=\"https:\/\/www.facebook.com\/buletin.de.buc\" \/>\n<meta property=\"article:published_time\" content=\"2024-09-02T09:02:15+00:00\" \/>\n<meta property=\"article:modified_time\" content=\"2024-09-02T09:06:01+00:00\" \/>\n<meta property=\"og:image\" content=\"https:\/\/buletin.de\/bucuresti\/wp-content\/uploads\/pexels-pixabay-301599.jpg\" \/>\n\t<meta property=\"og:image:width\" content=\"1280\" \/>\n\t<meta property=\"og:image:height\" content=\"720\" \/>\n\t<meta property=\"og:image:type\" content=\"image\/jpeg\" \/>\n<meta name=\"author\" content=\"Redac\u021bia Buletin de Bucure\u0219ti\" \/>\n<meta name=\"twitter:card\" content=\"summary_large_image\" \/>\n<meta name=\"twitter:label1\" content=\"Written by\" \/>\n\t<meta name=\"twitter:data1\" content=\"Redac\u021bia Buletin de Bucure\u0219ti\" \/>\n\t<meta name=\"twitter:label2\" content=\"Estimated reading time\" \/>\n\t<meta name=\"twitter:data2\" content=\"2 minutes\" \/>\n<script type=\"application\/ld+json\" class=\"yoast-schema-graph\">{\"@context\":\"https:\\\/\\\/schema.org\",\"@graph\":[{\"@type\":\"Article\",\"@id\":\"https:\\\/\\\/buletin.de\\\/bucuresti\\\/revine-caldura-in-bucuresti-temperaturi-mari-in-urmatoarele-zile\\\/#article\",\"isPartOf\":{\"@id\":\"https:\\\/\\\/buletin.de\\\/bucuresti\\\/revine-caldura-in-bucuresti-temperaturi-mari-in-urmatoarele-zile\\\/\"},\"author\":{\"name\":\"Redac\u021bia Buletin de Bucure\u0219ti\",\"@id\":\"https:\\\/\\\/buletin.de\\\/bucuresti\\\/#\\\/schema\\\/person\\\/2bbcf854e5f2419a13804af574d06ab1\"},\"headline\":\"Revine c\u0103ldur\u0103 \u00een Bucure\u0219ti. Temperaturi mari \u00een urm\u0103toarele zile\",\"datePublished\":\"2024-09-02T09:02:15+00:00\",\"dateModified\":\"2024-09-02T09:06:01+00:00\",\"mainEntityOfPage\":{\"@id\":\"https:\\\/\\\/buletin.de\\\/bucuresti\\\/revine-caldura-in-bucuresti-temperaturi-mari-in-urmatoarele-zile\\\/\"},\"wordCount\":347,\"publisher\":{\"@id\":\"https:\\\/\\\/buletin.de\\\/bucuresti\\\/#organization\"},\"image\":{\"@id\":\"https:\\\/\\\/buletin.de\\\/bucuresti\\\/revine-caldura-in-bucuresti-temperaturi-mari-in-urmatoarele-zile\\\/#primaryimage\"},\"thumbnailUrl\":\"https:\\\/\\\/buletin.de\\\/bucuresti\\\/wp-content\\\/uploads\\\/pexels-pixabay-301599.jpg\",\"keywords\":[\"canicula in bucuresti\",\"Meteo\",\"vremea la munte\",\"vremea pe litoral\"],\"articleSection\":[\"Articole\",\"Eveniment\",\"\u0218tiri\"],\"inLanguage\":\"en-GB\",\"copyrightYear\":\"2024\",\"copyrightHolder\":{\"@id\":\"https:\\\/\\\/buletin.de\\\/bucuresti\\\/#organization\"}},{\"@type\":\"WebPage\",\"@id\":\"https:\\\/\\\/buletin.de\\\/bucuresti\\\/revine-caldura-in-bucuresti-temperaturi-mari-in-urmatoarele-zile\\\/\",\"url\":\"https:\\\/\\\/buletin.de\\\/bucuresti\\\/revine-caldura-in-bucuresti-temperaturi-mari-in-urmatoarele-zile\\\/\",\"name\":\"Revine c\u0103ldur\u0103 \u00een Bucure\u0219ti. Temperaturi mari \u00een urm\u0103toarele zile - Buletin de Bucure\u0219ti\",\"isPartOf\":{\"@id\":\"https:\\\/\\\/buletin.de\\\/bucuresti\\\/#website\"},\"primaryImageOfPage\":{\"@id\":\"https:\\\/\\\/buletin.de\\\/bucuresti\\\/revine-caldura-in-bucuresti-temperaturi-mari-in-urmatoarele-zile\\\/#primaryimage\"},\"image\":{\"@id\":\"https:\\\/\\\/buletin.de\\\/bucuresti\\\/revine-caldura-in-bucuresti-temperaturi-mari-in-urmatoarele-zile\\\/#primaryimage\"},\"thumbnailUrl\":\"https:\\\/\\\/buletin.de\\\/bucuresti\\\/wp-content\\\/uploads\\\/pexels-pixabay-301599.jpg\",\"datePublished\":\"2024-09-02T09:02:15+00:00\",\"dateModified\":\"2024-09-02T09:06:01+00:00\",\"description\":\"Revine c\u0103ldur\u0103 \u00een Bucure\u0219ti. Cerul va fi variabil ziua \u015fi senin noaptea, iar v\u00e2ntul va sufla slab \u015fi moderat.\",\"breadcrumb\":{\"@id\":\"https:\\\/\\\/buletin.de\\\/bucuresti\\\/revine-caldura-in-bucuresti-temperaturi-mari-in-urmatoarele-zile\\\/#breadcrumb\"},\"inLanguage\":\"en-GB\",\"potentialAction\":[{\"@type\":\"ReadAction\",\"target\":[\"https:\\\/\\\/buletin.de\\\/bucuresti\\\/revine-caldura-in-bucuresti-temperaturi-mari-in-urmatoarele-zile\\\/\"]}]},{\"@type\":\"ImageObject\",\"inLanguage\":\"en-GB\",\"@id\":\"https:\\\/\\\/buletin.de\\\/bucuresti\\\/revine-caldura-in-bucuresti-temperaturi-mari-in-urmatoarele-zile\\\/#primaryimage\",\"url\":\"https:\\\/\\\/buletin.de\\\/bucuresti\\\/wp-content\\\/uploads\\\/pexels-pixabay-301599.jpg\",\"contentUrl\":\"https:\\\/\\\/buletin.de\\\/bucuresti\\\/wp-content\\\/uploads\\\/pexels-pixabay-301599.jpg\",\"width\":1280,\"height\":720,\"caption\":\"Revine c\u0103ldur\u0103 \u00een Bucure\u0219ti. Foto Pexels.com\"},{\"@type\":\"BreadcrumbList\",\"@id\":\"https:\\\/\\\/buletin.de\\\/bucuresti\\\/revine-caldura-in-bucuresti-temperaturi-mari-in-urmatoarele-zile\\\/#breadcrumb\",\"itemListElement\":[{\"@type\":\"ListItem\",\"position\":1,\"name\":\"Acas\u0103\",\"item\":\"https:\\\/\\\/buletin.de\\\/bucuresti\\\/\"},{\"@type\":\"ListItem\",\"position\":2,\"name\":\"Revine c\u0103ldur\u0103 \u00een Bucure\u0219ti. Temperaturi mari \u00een urm\u0103toarele zile\"}]},{\"@type\":\"WebSite\",\"@id\":\"https:\\\/\\\/buletin.de\\\/bucuresti\\\/#website\",\"url\":\"https:\\\/\\\/buletin.de\\\/bucuresti\\\/\",\"name\":\"Buletin de Bucure\u0219ti\",\"description\":\"\u0218tiri \u0219i investiga\u021bii esen\u021biale din capital\u0103\",\"publisher\":{\"@id\":\"https:\\\/\\\/buletin.de\\\/bucuresti\\\/#organization\"},\"potentialAction\":[{\"@type\":\"SearchAction\",\"target\":{\"@type\":\"EntryPoint\",\"urlTemplate\":\"https:\\\/\\\/buletin.de\\\/bucuresti\\\/?s={search_term_string}\"},\"query-input\":{\"@type\":\"PropertyValueSpecification\",\"valueRequired\":true,\"valueName\":\"search_term_string\"}}],\"inLanguage\":\"en-GB\"},{\"@type\":\"Organization\",\"@id\":\"https:\\\/\\\/buletin.de\\\/bucuresti\\\/#organization\",\"name\":\"Buletin de Bucure\u0219ti\",\"url\":\"https:\\\/\\\/buletin.de\\\/bucuresti\\\/\",\"logo\":{\"@type\":\"ImageObject\",\"inLanguage\":\"en-GB\",\"@id\":\"https:\\\/\\\/buletin.de\\\/bucuresti\\\/#\\\/schema\\\/logo\\\/image\\\/\",\"url\":\"https:\\\/\\\/buletin.de\\\/bucuresti\\\/wp-content\\\/uploads\\\/logo-bdb-full-wide-vernil-transparent.png\",\"contentUrl\":\"https:\\\/\\\/buletin.de\\\/bucuresti\\\/wp-content\\\/uploads\\\/logo-bdb-full-wide-vernil-transparent.png\",\"width\":1782,\"height\":626,\"caption\":\"Buletin de Bucure\u0219ti\"},\"image\":{\"@id\":\"https:\\\/\\\/buletin.de\\\/bucuresti\\\/#\\\/schema\\\/logo\\\/image\\\/\"},\"sameAs\":[\"https:\\\/\\\/www.facebook.com\\\/buletin.de.buc\",\"https:\\\/\\\/www.instagram.com\\\/buletinde.bucuresti\\\/\"]},{\"@type\":\"Person\",\"@id\":\"https:\\\/\\\/buletin.de\\\/bucuresti\\\/#\\\/schema\\\/person\\\/2bbcf854e5f2419a13804af574d06ab1\",\"name\":\"Redac\u021bia Buletin de Bucure\u0219ti\",\"image\":{\"@type\":\"ImageObject\",\"inLanguage\":\"en-GB\",\"@id\":\"https:\\\/\\\/secure.gravatar.com\\\/avatar\\\/18c5342381ed1a08620e6280424e3e5efc958618f5d67c522c9e44c1bc6f9226?s=96&d=monsterid&r=g60c7cd0ad92c68c049fcd4bb3504d609\",\"url\":\"https:\\\/\\\/secure.gravatar.com\\\/avatar\\\/18c5342381ed1a08620e6280424e3e5efc958618f5d67c522c9e44c1bc6f9226?s=96&d=monsterid&r=g\",\"contentUrl\":\"https:\\\/\\\/secure.gravatar.com\\\/avatar\\\/18c5342381ed1a08620e6280424e3e5efc958618f5d67c522c9e44c1bc6f9226?s=96&d=monsterid&r=g\",\"caption\":\"Redac\u021bia Buletin de Bucure\u0219ti\"},\"description\":\"Buletin de Bucure\u0219ti exist\u0103 din vara anului 2019.\",\"url\":\"https:\\\/\\\/buletin.de\\\/bucuresti\\\/author\\\/adminbuletin\\\/\"}]}<\/script>\n<!-- \/ Yoast SEO Premium plugin. -->","yoast_head_json":{"title":"Revine c\u0103ldur\u0103 \u00een Bucure\u0219ti. Temperaturi mari \u00een urm\u0103toarele zile - Buletin de Bucure\u0219ti","description":"Revine c\u0103ldur\u0103 \u00een Bucure\u0219ti. Cerul va fi variabil ziua \u015fi senin noaptea, iar v\u00e2ntul va sufla slab \u015fi moderat.","robots":{"index":"index","follow":"follow","max-snippet":"max-snippet:-1","max-image-preview":"max-image-preview:large","max-video-preview":"max-video-preview:-1"},"canonical":"https:\/\/buletin.de\/bucuresti\/revine-caldura-in-bucuresti-temperaturi-mari-in-urmatoarele-zile\/","og_locale":"en_GB","og_type":"article","og_title":"Revine c\u0103ldur\u0103 \u00een Bucure\u0219ti. Temperaturi mari \u00een urm\u0103toarele zile","og_description":"Revine c\u0103ldur\u0103 \u00een Bucure\u0219ti. Cerul va fi variabil ziua \u015fi senin noaptea, iar v\u00e2ntul va sufla slab \u015fi moderat.","og_url":"https:\/\/buletin.de\/bucuresti\/revine-caldura-in-bucuresti-temperaturi-mari-in-urmatoarele-zile\/","og_site_name":"Buletin de Bucure\u0219ti","article_publisher":"https:\/\/www.facebook.com\/buletin.de.buc","article_published_time":"2024-09-02T09:02:15+00:00","article_modified_time":"2024-09-02T09:06:01+00:00","og_image":[{"width":1280,"height":720,"url":"https:\/\/buletin.de\/bucuresti\/wp-content\/uploads\/pexels-pixabay-301599.jpg","type":"image\/jpeg"}],"author":"Redac\u021bia Buletin de Bucure\u0219ti","twitter_card":"summary_large_image","twitter_misc":{"Written by":"Redac\u021bia Buletin de Bucure\u0219ti","Estimated reading time":"2 minutes"},"schema":{"@context":"https:\/\/schema.org","@graph":[{"@type":"Article","@id":"https:\/\/buletin.de\/bucuresti\/revine-caldura-in-bucuresti-temperaturi-mari-in-urmatoarele-zile\/#article","isPartOf":{"@id":"https:\/\/buletin.de\/bucuresti\/revine-caldura-in-bucuresti-temperaturi-mari-in-urmatoarele-zile\/"},"author":{"name":"Redac\u021bia Buletin de Bucure\u0219ti","@id":"https:\/\/buletin.de\/bucuresti\/#\/schema\/person\/2bbcf854e5f2419a13804af574d06ab1"},"headline":"Revine c\u0103ldur\u0103 \u00een Bucure\u0219ti. Temperaturi mari \u00een urm\u0103toarele zile","datePublished":"2024-09-02T09:02:15+00:00","dateModified":"2024-09-02T09:06:01+00:00","mainEntityOfPage":{"@id":"https:\/\/buletin.de\/bucuresti\/revine-caldura-in-bucuresti-temperaturi-mari-in-urmatoarele-zile\/"},"wordCount":347,"publisher":{"@id":"https:\/\/buletin.de\/bucuresti\/#organization"},"image":{"@id":"https:\/\/buletin.de\/bucuresti\/revine-caldura-in-bucuresti-temperaturi-mari-in-urmatoarele-zile\/#primaryimage"},"thumbnailUrl":"https:\/\/buletin.de\/bucuresti\/wp-content\/uploads\/pexels-pixabay-301599.jpg","keywords":["canicula in bucuresti","Meteo","vremea la munte","vremea pe litoral"],"articleSection":["Articole","Eveniment","\u0218tiri"],"inLanguage":"en-GB","copyrightYear":"2024","copyrightHolder":{"@id":"https:\/\/buletin.de\/bucuresti\/#organization"}},{"@type":"WebPage","@id":"https:\/\/buletin.de\/bucuresti\/revine-caldura-in-bucuresti-temperaturi-mari-in-urmatoarele-zile\/","url":"https:\/\/buletin.de\/bucuresti\/revine-caldura-in-bucuresti-temperaturi-mari-in-urmatoarele-zile\/","name":"Revine c\u0103ldur\u0103 \u00een Bucure\u0219ti. Temperaturi mari \u00een urm\u0103toarele zile - Buletin de Bucure\u0219ti","isPartOf":{"@id":"https:\/\/buletin.de\/bucuresti\/#website"},"primaryImageOfPage":{"@id":"https:\/\/buletin.de\/bucuresti\/revine-caldura-in-bucuresti-temperaturi-mari-in-urmatoarele-zile\/#primaryimage"},"image":{"@id":"https:\/\/buletin.de\/bucuresti\/revine-caldura-in-bucuresti-temperaturi-mari-in-urmatoarele-zile\/#primaryimage"},"thumbnailUrl":"https:\/\/buletin.de\/bucuresti\/wp-content\/uploads\/pexels-pixabay-301599.jpg","datePublished":"2024-09-02T09:02:15+00:00","dateModified":"2024-09-02T09:06:01+00:00","description":"Revine c\u0103ldur\u0103 \u00een Bucure\u0219ti. Cerul va fi variabil ziua \u015fi senin noaptea, iar v\u00e2ntul va sufla slab \u015fi moderat.","breadcrumb":{"@id":"https:\/\/buletin.de\/bucuresti\/revine-caldura-in-bucuresti-temperaturi-mari-in-urmatoarele-zile\/#breadcrumb"},"inLanguage":"en-GB","potentialAction":[{"@type":"ReadAction","target":["https:\/\/buletin.de\/bucuresti\/revine-caldura-in-bucuresti-temperaturi-mari-in-urmatoarele-zile\/"]}]},{"@type":"ImageObject","inLanguage":"en-GB","@id":"https:\/\/buletin.de\/bucuresti\/revine-caldura-in-bucuresti-temperaturi-mari-in-urmatoarele-zile\/#primaryimage","url":"https:\/\/buletin.de\/bucuresti\/wp-content\/uploads\/pexels-pixabay-301599.jpg","contentUrl":"https:\/\/buletin.de\/bucuresti\/wp-content\/uploads\/pexels-pixabay-301599.jpg","width":1280,"height":720,"caption":"Revine c\u0103ldur\u0103 \u00een Bucure\u0219ti. Foto Pexels.com"},{"@type":"BreadcrumbList","@id":"https:\/\/buletin.de\/bucuresti\/revine-caldura-in-bucuresti-temperaturi-mari-in-urmatoarele-zile\/#breadcrumb","itemListElement":[{"@type":"ListItem","position":1,"name":"Acas\u0103","item":"https:\/\/buletin.de\/bucuresti\/"},{"@type":"ListItem","position":2,"name":"Revine c\u0103ldur\u0103 \u00een Bucure\u0219ti. Temperaturi mari \u00een urm\u0103toarele zile"}]},{"@type":"WebSite","@id":"https:\/\/buletin.de\/bucuresti\/#website","url":"https:\/\/buletin.de\/bucuresti\/","name":"Buletin de Bucure\u0219ti","description":"\u0218tiri \u0219i investiga\u021bii esen\u021biale din capital\u0103","publisher":{"@id":"https:\/\/buletin.de\/bucuresti\/#organization"},"potentialAction":[{"@type":"SearchAction","target":{"@type":"EntryPoint","urlTemplate":"https:\/\/buletin.de\/bucuresti\/?s={search_term_string}"},"query-input":{"@type":"PropertyValueSpecification","valueRequired":true,"valueName":"search_term_string"}}],"inLanguage":"en-GB"},{"@type":"Organization","@id":"https:\/\/buletin.de\/bucuresti\/#organization","name":"Buletin de Bucure\u0219ti","url":"https:\/\/buletin.de\/bucuresti\/","logo":{"@type":"ImageObject","inLanguage":"en-GB","@id":"https:\/\/buletin.de\/bucuresti\/#\/schema\/logo\/image\/","url":"https:\/\/buletin.de\/bucuresti\/wp-content\/uploads\/logo-bdb-full-wide-vernil-transparent.png","contentUrl":"https:\/\/buletin.de\/bucuresti\/wp-content\/uploads\/logo-bdb-full-wide-vernil-transparent.png","width":1782,"height":626,"caption":"Buletin de Bucure\u0219ti"},"image":{"@id":"https:\/\/buletin.de\/bucuresti\/#\/schema\/logo\/image\/"},"sameAs":["https:\/\/www.facebook.com\/buletin.de.buc","https:\/\/www.instagram.com\/buletinde.bucuresti\/"]},{"@type":"Person","@id":"https:\/\/buletin.de\/bucuresti\/#\/schema\/person\/2bbcf854e5f2419a13804af574d06ab1","name":"Redac\u021bia Buletin de Bucure\u0219ti","image":{"@type":"ImageObject","inLanguage":"en-GB","@id":"https:\/\/secure.gravatar.com\/avatar\/18c5342381ed1a08620e6280424e3e5efc958618f5d67c522c9e44c1bc6f9226?s=96&d=monsterid&r=g60c7cd0ad92c68c049fcd4bb3504d609","url":"https:\/\/secure.gravatar.com\/avatar\/18c5342381ed1a08620e6280424e3e5efc958618f5d67c522c9e44c1bc6f9226?s=96&d=monsterid&r=g","contentUrl":"https:\/\/secure.gravatar.com\/avatar\/18c5342381ed1a08620e6280424e3e5efc958618f5d67c522c9e44c1bc6f9226?s=96&d=monsterid&r=g","caption":"Redac\u021bia Buletin de Bucure\u0219ti"},"description":"Buletin de Bucure\u0219ti exist\u0103 din vara anului 2019.","url":"https:\/\/buletin.de\/bucuresti\/author\/adminbuletin\/"}]}},"authors":[{"term_id":22583,"user_id":1,"is_guest":0,"slug":"adminbuletin","display_name":"Redac\u021bia Buletin de Bucure\u0219ti","avatar_url":"https:\/\/secure.gravatar.com\/avatar\/18c5342381ed1a08620e6280424e3e5efc958618f5d67c522c9e44c1bc6f9226?s=96&d=monsterid&r=g","0":null,"1":"","2":"","3":"","4":"","5":"","6":"","7":"","8":""}],"_links":{"self":[{"href":"https:\/\/buletin.de\/bucuresti\/wp-json\/wp\/v2\/posts\/96528","targetHints":{"allow":["GET"]}}],"collection":[{"href":"https:\/\/buletin.de\/bucuresti\/wp-json\/wp\/v2\/posts"}],"about":[{"href":"https:\/\/buletin.de\/bucuresti\/wp-json\/wp\/v2\/types\/post"}],"author":[{"embeddable":true,"href":"https:\/\/buletin.de\/bucuresti\/wp-json\/wp\/v2\/users\/1"}],"replies":[{"embeddable":true,"href":"https:\/\/buletin.de\/bucuresti\/wp-json\/wp\/v2\/comments?post=96528"}],"version-history":[{"count":2,"href":"https:\/\/buletin.de\/bucuresti\/wp-json\/wp\/v2\/posts\/96528\/revisions"}],"predecessor-version":[{"id":96536,"href":"https:\/\/buletin.de\/bucuresti\/wp-json\/wp\/v2\/posts\/96528\/revisions\/96536"}],"wp:featuredmedia":[{"embeddable":true,"href":"https:\/\/buletin.de\/bucuresti\/wp-json\/wp\/v2\/media\/96531"}],"wp:attachment":[{"href":"https:\/\/buletin.de\/bucuresti\/wp-json\/wp\/v2\/media?parent=96528"}],"wp:term":[{"taxonomy":"category","embeddable":true,"href":"https:\/\/buletin.de\/bucuresti\/wp-json\/wp\/v2\/categories?post=96528"},{"taxonomy":"post_tag","embeddable":true,"href":"https:\/\/buletin.de\/bucuresti\/wp-json\/wp\/v2\/tags?post=96528"},{"taxonomy":"author","embeddable":true,"href":"https:\/\/buletin.de\/bucuresti\/wp-json\/wp\/v2\/ppma_author?post=96528"}],"curies":[{"name":"wp","href":"https:\/\/api.w.org\/{rel}","templated":true}]}}