{"id":9650,"date":"2020-07-26T16:35:00","date_gmt":"2020-07-26T13:35:00","guid":{"rendered":"https:\/\/buletin.de\/bucuresti\/?p=9650"},"modified":"2020-08-10T11:45:28","modified_gmt":"2020-08-10T08:45:28","slug":"radiografia-saptamanii-20-26-iulie-pe-judete-cu-50-mai-multe-cazuri-noi-fata-de-saptamana-trecuta","status":"publish","type":"post","link":"https:\/\/buletin.de\/bucuresti\/radiografia-saptamanii-20-26-iulie-pe-judete-cu-50-mai-multe-cazuri-noi-fata-de-saptamana-trecuta\/","title":{"rendered":"Radiografia s\u0103pt\u0103m\u00e2nii 20-26 iulie, pe jude\u021be | Cu 50% mai multe cazuri noi fa\u021b\u0103 de s\u0103pt\u0103m\u00e2na trecut\u0103"},"content":{"rendered":"\n<p><strong>S\u0103pt\u0103m\u00e2na aceasta num\u0103rul de cazuri zilnice depistate de COVID-19 a dep\u0103\u0219it 1.000 timp de cinci zile consecutive, iar totalul infect\u0103rilor a a ajuns la aproape 45.000 \u00een Rom\u00e2nia. Am f\u0103cut radiografia ultimelor zile pentru a descoperi cum a afectat criza de coronavirus fiecare jude\u021b al \u021b\u0103rii.<\/strong><\/p>\n\n\n\n<div class=\"infogram-embed\" data-id=\"78c74800-d35f-401c-aafc-404a7530ac4d\" data-type=\"interactive\" data-title=\"Analiz\u0103-s\u0103pt\u0103m\u00e2nal\u0103-26iulie\"><\/div><script>!function(e,i,n,s){var t=\"InfogramEmbeds\",d=e.getElementsByTagName(\"script\")[0];if(window[t]&&window[t].initialized)window[t].process&&window[t].process();else if(!e.getElementById(n)){var o=e.createElement(\"script\");o.async=1,o.id=n,o.src=\"https:\/\/e.infogram.com\/js\/dist\/embed-loader-min.js\",d.parentNode.insertBefore(o,d)}}(document,0,\"infogram-async\");<\/script>\n\n\n\n<p><strong>Num\u0103rul de cazuri la mia de locuitori<\/strong> este o unealt\u0103 util\u0103 pentru a compara situa\u021bia infect\u0103rilor \u00eentre jude\u021be (practic, \u021bine sub control diferen\u021bele dintre num\u0103rul \u00eemboln\u0103virilor \u00een diferite jude\u021be datorate diferen\u021belor dintre num\u0103rul de locuitori). De exemplu, o valoare de 2 \u00eenseamn\u0103 c\u0103 2 persoane din 1.000 au fost depistate cu coronavirus, \u00eentr-un anuit jude\u021b. Valoarea aceasta este ob\u021binut\u0103 prin \u201eregula de trei simpl\u0103\u201d: num\u0103rul total de cazuri din jude\u021bul Y \u00eenmul\u021bit cu 1.000, totul \u00eemp\u0103r\u021bit la num\u0103rul total de locuitori ai jude\u021bului Y. <\/p>\n\n\n\n<p><strong>Diferen\u021ba (%) dintre cazurile noi \u0219i cele \u00eenregistrate s\u0103pt\u0103m\u00e2na trecut\u0103 <\/strong>\u00ee\u021bi arat\u0103 <em>c\u00e2t de repede<\/em> au crescut cazurile \u00een anumite jude\u021be. Spre exemplu, o diferen\u021bp\u0103 de 100% \u00eenseamn\u0103 c\u0103 num\u0103rul de cazuri noi s-a dublat, fa\u021b\u0103 de s\u0103pt\u0103m\u00e2na anterioar\u0103. Aceast\u0103 m\u0103sur\u0103 poate induce \u00een eroare c\u00e2nd este vorba de valori mici: de exemplu, dac\u0103 s\u0103pt\u0103m\u00e2na trecut\u0103 s-au \u00eenregistrat 2 cazuri, iar s\u0103pt\u0103m\u00e2na asta 20, schimbarea va fi de 1000%. <\/p>\n","protected":false},"excerpt":{"rendered":"<p>S\u0103pt\u0103m\u00e2na aceasta num\u0103rul de cazuri zilnice depistate de COVID-19 a dep\u0103\u0219it 1.000 timp de cinci zile consecutive, iar totalul infect\u0103rilor a a ajuns la aproape 45.000 \u00een Rom\u00e2nia. Am f\u0103cut radiografia ultimelor zile pentru a descoperi cum a afectat criza de coronavirus fiecare jude\u021b al \u021b\u0103rii. Num\u0103rul de cazuri la mia de locuitori este o [&hellip;]<\/p>\n","protected":false},"author":15,"featured_media":9651,"comment_status":"closed","ping_status":"open","sticky":false,"template":"","format":"standard","meta":{"_acf_changed":false,"inline_featured_image":false,"ngg_post_thumbnail":0,"footnotes":""},"categories":[996,4,62],"tags":[529,643,16,1035,1350],"ppma_author":[22592],"class_list":["post-9650","post","type-post","status-publish","format-standard","has-post-thumbnail","hentry","category-covid-19","category-sanatate","category-stiri","tag-coronavirus","tag-covid19","tag-grafice","tag-infografic","tag-judete"],"acf":[],"yoast_head":"<!-- This site is optimized with the Yoast SEO Premium plugin v25.3 (Yoast SEO v27.4) - https:\/\/yoast.com\/product\/yoast-seo-premium-wordpress\/ -->\n<title>Radiografia s\u0103pt\u0103m\u00e2nii 20-26 iulie, pe jude\u021be | Cu 50% mai multe cazuri noi fa\u021b\u0103 de s\u0103pt\u0103m\u00e2na trecut\u0103 - Buletin de Bucure\u0219ti<\/title>\n<meta name=\"robots\" content=\"index, follow, max-snippet:-1, max-image-preview:large, max-video-preview:-1\" \/>\n<link rel=\"canonical\" href=\"https:\/\/buletin.de\/bucuresti\/radiografia-saptamanii-20-26-iulie-pe-judete-cu-50-mai-multe-cazuri-noi-fata-de-saptamana-trecuta\/\" \/>\n<meta property=\"og:locale\" content=\"en_GB\" \/>\n<meta property=\"og:type\" content=\"article\" \/>\n<meta property=\"og:title\" content=\"Radiografia s\u0103pt\u0103m\u00e2nii 20-26 iulie, pe jude\u021be | Cu 50% mai multe cazuri noi fa\u021b\u0103 de s\u0103pt\u0103m\u00e2na trecut\u0103\" \/>\n<meta property=\"og:description\" content=\"S\u0103pt\u0103m\u00e2na aceasta num\u0103rul de cazuri zilnice depistate de COVID-19 a dep\u0103\u0219it 1.000 timp de cinci zile consecutive, iar totalul infect\u0103rilor a a ajuns la aproape 45.000 \u00een Rom\u00e2nia. Am f\u0103cut radiografia ultimelor zile pentru a descoperi cum a afectat criza de coronavirus fiecare jude\u021b al \u021b\u0103rii. Num\u0103rul de cazuri la mia de locuitori este o [&hellip;]\" \/>\n<meta property=\"og:url\" content=\"https:\/\/buletin.de\/bucuresti\/radiografia-saptamanii-20-26-iulie-pe-judete-cu-50-mai-multe-cazuri-noi-fata-de-saptamana-trecuta\/\" \/>\n<meta property=\"og:site_name\" content=\"Buletin de Bucure\u0219ti\" \/>\n<meta property=\"article:publisher\" content=\"https:\/\/www.facebook.com\/buletin.de.buc\" \/>\n<meta property=\"article:published_time\" content=\"2020-07-26T13:35:00+00:00\" \/>\n<meta property=\"article:modified_time\" content=\"2020-08-10T08:45:28+00:00\" \/>\n<meta property=\"og:image\" content=\"https:\/\/buletin.de\/bucuresti\/wp-content\/uploads\/Screen-Shot-2020-07-26-at-16.17.25.png\" \/>\n\t<meta property=\"og:image:width\" content=\"764\" \/>\n\t<meta property=\"og:image:height\" content=\"520\" \/>\n\t<meta property=\"og:image:type\" content=\"image\/png\" \/>\n<meta name=\"author\" content=\"Irina Anghel\" \/>\n<meta name=\"twitter:card\" content=\"summary_large_image\" \/>\n<meta name=\"twitter:label1\" content=\"Written by\" \/>\n\t<meta name=\"twitter:data1\" content=\"Irina Anghel\" \/>\n\t<meta name=\"twitter:label2\" content=\"Estimated reading time\" \/>\n\t<meta name=\"twitter:data2\" content=\"1 minute\" \/>\n<script type=\"application\/ld+json\" class=\"yoast-schema-graph\">{\"@context\":\"https:\\\/\\\/schema.org\",\"@graph\":[{\"@type\":\"Article\",\"@id\":\"https:\\\/\\\/buletin.de\\\/bucuresti\\\/radiografia-saptamanii-20-26-iulie-pe-judete-cu-50-mai-multe-cazuri-noi-fata-de-saptamana-trecuta\\\/#article\",\"isPartOf\":{\"@id\":\"https:\\\/\\\/buletin.de\\\/bucuresti\\\/radiografia-saptamanii-20-26-iulie-pe-judete-cu-50-mai-multe-cazuri-noi-fata-de-saptamana-trecuta\\\/\"},\"author\":{\"name\":\"Irina Anghel\",\"@id\":\"https:\\\/\\\/buletin.de\\\/bucuresti\\\/#\\\/schema\\\/person\\\/7a01591ad05c4d2c7261fe7f0383d2af\"},\"headline\":\"Radiografia s\u0103pt\u0103m\u00e2nii 20-26 iulie, pe jude\u021be | Cu 50% mai multe cazuri noi fa\u021b\u0103 de s\u0103pt\u0103m\u00e2na trecut\u0103\",\"datePublished\":\"2020-07-26T13:35:00+00:00\",\"dateModified\":\"2020-08-10T08:45:28+00:00\",\"mainEntityOfPage\":{\"@id\":\"https:\\\/\\\/buletin.de\\\/bucuresti\\\/radiografia-saptamanii-20-26-iulie-pe-judete-cu-50-mai-multe-cazuri-noi-fata-de-saptamana-trecuta\\\/\"},\"wordCount\":255,\"publisher\":{\"@id\":\"https:\\\/\\\/buletin.de\\\/bucuresti\\\/#organization\"},\"image\":{\"@id\":\"https:\\\/\\\/buletin.de\\\/bucuresti\\\/radiografia-saptamanii-20-26-iulie-pe-judete-cu-50-mai-multe-cazuri-noi-fata-de-saptamana-trecuta\\\/#primaryimage\"},\"thumbnailUrl\":\"https:\\\/\\\/buletin.de\\\/bucuresti\\\/wp-content\\\/uploads\\\/Screen-Shot-2020-07-26-at-16.17.25.png\",\"keywords\":[\"coronavirus\",\"covid19\",\"grafice\",\"infografic\",\"judete\"],\"articleSection\":[\"Covid-19\",\"S\u0103n\u0103tate\",\"\u0218tiri\"],\"inLanguage\":\"en-GB\",\"copyrightYear\":\"2020\",\"copyrightHolder\":{\"@id\":\"https:\\\/\\\/buletin.de\\\/bucuresti\\\/#organization\"}},{\"@type\":\"WebPage\",\"@id\":\"https:\\\/\\\/buletin.de\\\/bucuresti\\\/radiografia-saptamanii-20-26-iulie-pe-judete-cu-50-mai-multe-cazuri-noi-fata-de-saptamana-trecuta\\\/\",\"url\":\"https:\\\/\\\/buletin.de\\\/bucuresti\\\/radiografia-saptamanii-20-26-iulie-pe-judete-cu-50-mai-multe-cazuri-noi-fata-de-saptamana-trecuta\\\/\",\"name\":\"Radiografia s\u0103pt\u0103m\u00e2nii 20-26 iulie, pe jude\u021be | Cu 50% mai multe cazuri noi fa\u021b\u0103 de s\u0103pt\u0103m\u00e2na trecut\u0103 - Buletin de Bucure\u0219ti\",\"isPartOf\":{\"@id\":\"https:\\\/\\\/buletin.de\\\/bucuresti\\\/#website\"},\"primaryImageOfPage\":{\"@id\":\"https:\\\/\\\/buletin.de\\\/bucuresti\\\/radiografia-saptamanii-20-26-iulie-pe-judete-cu-50-mai-multe-cazuri-noi-fata-de-saptamana-trecuta\\\/#primaryimage\"},\"image\":{\"@id\":\"https:\\\/\\\/buletin.de\\\/bucuresti\\\/radiografia-saptamanii-20-26-iulie-pe-judete-cu-50-mai-multe-cazuri-noi-fata-de-saptamana-trecuta\\\/#primaryimage\"},\"thumbnailUrl\":\"https:\\\/\\\/buletin.de\\\/bucuresti\\\/wp-content\\\/uploads\\\/Screen-Shot-2020-07-26-at-16.17.25.png\",\"datePublished\":\"2020-07-26T13:35:00+00:00\",\"dateModified\":\"2020-08-10T08:45:28+00:00\",\"breadcrumb\":{\"@id\":\"https:\\\/\\\/buletin.de\\\/bucuresti\\\/radiografia-saptamanii-20-26-iulie-pe-judete-cu-50-mai-multe-cazuri-noi-fata-de-saptamana-trecuta\\\/#breadcrumb\"},\"inLanguage\":\"en-GB\",\"potentialAction\":[{\"@type\":\"ReadAction\",\"target\":[\"https:\\\/\\\/buletin.de\\\/bucuresti\\\/radiografia-saptamanii-20-26-iulie-pe-judete-cu-50-mai-multe-cazuri-noi-fata-de-saptamana-trecuta\\\/\"]}]},{\"@type\":\"ImageObject\",\"inLanguage\":\"en-GB\",\"@id\":\"https:\\\/\\\/buletin.de\\\/bucuresti\\\/radiografia-saptamanii-20-26-iulie-pe-judete-cu-50-mai-multe-cazuri-noi-fata-de-saptamana-trecuta\\\/#primaryimage\",\"url\":\"https:\\\/\\\/buletin.de\\\/bucuresti\\\/wp-content\\\/uploads\\\/Screen-Shot-2020-07-26-at-16.17.25.png\",\"contentUrl\":\"https:\\\/\\\/buletin.de\\\/bucuresti\\\/wp-content\\\/uploads\\\/Screen-Shot-2020-07-26-at-16.17.25.png\",\"width\":764,\"height\":520},{\"@type\":\"BreadcrumbList\",\"@id\":\"https:\\\/\\\/buletin.de\\\/bucuresti\\\/radiografia-saptamanii-20-26-iulie-pe-judete-cu-50-mai-multe-cazuri-noi-fata-de-saptamana-trecuta\\\/#breadcrumb\",\"itemListElement\":[{\"@type\":\"ListItem\",\"position\":1,\"name\":\"Acas\u0103\",\"item\":\"https:\\\/\\\/buletin.de\\\/bucuresti\\\/\"},{\"@type\":\"ListItem\",\"position\":2,\"name\":\"Radiografia s\u0103pt\u0103m\u00e2nii 20-26 iulie, pe jude\u021be | Cu 50% mai multe cazuri noi fa\u021b\u0103 de s\u0103pt\u0103m\u00e2na trecut\u0103\"}]},{\"@type\":\"WebSite\",\"@id\":\"https:\\\/\\\/buletin.de\\\/bucuresti\\\/#website\",\"url\":\"https:\\\/\\\/buletin.de\\\/bucuresti\\\/\",\"name\":\"Buletin de Bucure\u0219ti\",\"description\":\"\u0218tiri \u0219i investiga\u021bii esen\u021biale din capital\u0103\",\"publisher\":{\"@id\":\"https:\\\/\\\/buletin.de\\\/bucuresti\\\/#organization\"},\"potentialAction\":[{\"@type\":\"SearchAction\",\"target\":{\"@type\":\"EntryPoint\",\"urlTemplate\":\"https:\\\/\\\/buletin.de\\\/bucuresti\\\/?s={search_term_string}\"},\"query-input\":{\"@type\":\"PropertyValueSpecification\",\"valueRequired\":true,\"valueName\":\"search_term_string\"}}],\"inLanguage\":\"en-GB\"},{\"@type\":\"Organization\",\"@id\":\"https:\\\/\\\/buletin.de\\\/bucuresti\\\/#organization\",\"name\":\"Buletin de Bucure\u0219ti\",\"url\":\"https:\\\/\\\/buletin.de\\\/bucuresti\\\/\",\"logo\":{\"@type\":\"ImageObject\",\"inLanguage\":\"en-GB\",\"@id\":\"https:\\\/\\\/buletin.de\\\/bucuresti\\\/#\\\/schema\\\/logo\\\/image\\\/\",\"url\":\"https:\\\/\\\/buletin.de\\\/bucuresti\\\/wp-content\\\/uploads\\\/logo-bdb-full-wide-vernil-transparent.png\",\"contentUrl\":\"https:\\\/\\\/buletin.de\\\/bucuresti\\\/wp-content\\\/uploads\\\/logo-bdb-full-wide-vernil-transparent.png\",\"width\":1782,\"height\":626,\"caption\":\"Buletin de Bucure\u0219ti\"},\"image\":{\"@id\":\"https:\\\/\\\/buletin.de\\\/bucuresti\\\/#\\\/schema\\\/logo\\\/image\\\/\"},\"sameAs\":[\"https:\\\/\\\/www.facebook.com\\\/buletin.de.buc\",\"https:\\\/\\\/www.instagram.com\\\/buletinde.bucuresti\\\/\"]},{\"@type\":\"Person\",\"@id\":\"https:\\\/\\\/buletin.de\\\/bucuresti\\\/#\\\/schema\\\/person\\\/7a01591ad05c4d2c7261fe7f0383d2af\",\"name\":\"Irina Anghel\",\"image\":{\"@type\":\"ImageObject\",\"inLanguage\":\"en-GB\",\"@id\":\"https:\\\/\\\/secure.gravatar.com\\\/avatar\\\/e7d429cbd0c7fe915f817961c0ffb96b407bc87e15aa35cee85f77146f8cce7e?s=96&d=monsterid&r=g693374df2a66e3f4935d210ea15b95ff\",\"url\":\"https:\\\/\\\/secure.gravatar.com\\\/avatar\\\/e7d429cbd0c7fe915f817961c0ffb96b407bc87e15aa35cee85f77146f8cce7e?s=96&d=monsterid&r=g\",\"contentUrl\":\"https:\\\/\\\/secure.gravatar.com\\\/avatar\\\/e7d429cbd0c7fe915f817961c0ffb96b407bc87e15aa35cee85f77146f8cce7e?s=96&d=monsterid&r=g\",\"caption\":\"Irina Anghel\"},\"url\":\"https:\\\/\\\/buletin.de\\\/bucuresti\\\/author\\\/irina\\\/\"}]}<\/script>\n<!-- \/ Yoast SEO Premium plugin. -->","yoast_head_json":{"title":"Radiografia s\u0103pt\u0103m\u00e2nii 20-26 iulie, pe jude\u021be | Cu 50% mai multe cazuri noi fa\u021b\u0103 de s\u0103pt\u0103m\u00e2na trecut\u0103 - Buletin de Bucure\u0219ti","robots":{"index":"index","follow":"follow","max-snippet":"max-snippet:-1","max-image-preview":"max-image-preview:large","max-video-preview":"max-video-preview:-1"},"canonical":"https:\/\/buletin.de\/bucuresti\/radiografia-saptamanii-20-26-iulie-pe-judete-cu-50-mai-multe-cazuri-noi-fata-de-saptamana-trecuta\/","og_locale":"en_GB","og_type":"article","og_title":"Radiografia s\u0103pt\u0103m\u00e2nii 20-26 iulie, pe jude\u021be | Cu 50% mai multe cazuri noi fa\u021b\u0103 de s\u0103pt\u0103m\u00e2na trecut\u0103","og_description":"S\u0103pt\u0103m\u00e2na aceasta num\u0103rul de cazuri zilnice depistate de COVID-19 a dep\u0103\u0219it 1.000 timp de cinci zile consecutive, iar totalul infect\u0103rilor a a ajuns la aproape 45.000 \u00een Rom\u00e2nia. Am f\u0103cut radiografia ultimelor zile pentru a descoperi cum a afectat criza de coronavirus fiecare jude\u021b al \u021b\u0103rii. Num\u0103rul de cazuri la mia de locuitori este o [&hellip;]","og_url":"https:\/\/buletin.de\/bucuresti\/radiografia-saptamanii-20-26-iulie-pe-judete-cu-50-mai-multe-cazuri-noi-fata-de-saptamana-trecuta\/","og_site_name":"Buletin de Bucure\u0219ti","article_publisher":"https:\/\/www.facebook.com\/buletin.de.buc","article_published_time":"2020-07-26T13:35:00+00:00","article_modified_time":"2020-08-10T08:45:28+00:00","og_image":[{"width":764,"height":520,"url":"https:\/\/buletin.de\/bucuresti\/wp-content\/uploads\/Screen-Shot-2020-07-26-at-16.17.25.png","type":"image\/png"}],"author":"Irina Anghel","twitter_card":"summary_large_image","twitter_misc":{"Written by":"Irina Anghel","Estimated reading time":"1 minute"},"schema":{"@context":"https:\/\/schema.org","@graph":[{"@type":"Article","@id":"https:\/\/buletin.de\/bucuresti\/radiografia-saptamanii-20-26-iulie-pe-judete-cu-50-mai-multe-cazuri-noi-fata-de-saptamana-trecuta\/#article","isPartOf":{"@id":"https:\/\/buletin.de\/bucuresti\/radiografia-saptamanii-20-26-iulie-pe-judete-cu-50-mai-multe-cazuri-noi-fata-de-saptamana-trecuta\/"},"author":{"name":"Irina Anghel","@id":"https:\/\/buletin.de\/bucuresti\/#\/schema\/person\/7a01591ad05c4d2c7261fe7f0383d2af"},"headline":"Radiografia s\u0103pt\u0103m\u00e2nii 20-26 iulie, pe jude\u021be | Cu 50% mai multe cazuri noi fa\u021b\u0103 de s\u0103pt\u0103m\u00e2na trecut\u0103","datePublished":"2020-07-26T13:35:00+00:00","dateModified":"2020-08-10T08:45:28+00:00","mainEntityOfPage":{"@id":"https:\/\/buletin.de\/bucuresti\/radiografia-saptamanii-20-26-iulie-pe-judete-cu-50-mai-multe-cazuri-noi-fata-de-saptamana-trecuta\/"},"wordCount":255,"publisher":{"@id":"https:\/\/buletin.de\/bucuresti\/#organization"},"image":{"@id":"https:\/\/buletin.de\/bucuresti\/radiografia-saptamanii-20-26-iulie-pe-judete-cu-50-mai-multe-cazuri-noi-fata-de-saptamana-trecuta\/#primaryimage"},"thumbnailUrl":"https:\/\/buletin.de\/bucuresti\/wp-content\/uploads\/Screen-Shot-2020-07-26-at-16.17.25.png","keywords":["coronavirus","covid19","grafice","infografic","judete"],"articleSection":["Covid-19","S\u0103n\u0103tate","\u0218tiri"],"inLanguage":"en-GB","copyrightYear":"2020","copyrightHolder":{"@id":"https:\/\/buletin.de\/bucuresti\/#organization"}},{"@type":"WebPage","@id":"https:\/\/buletin.de\/bucuresti\/radiografia-saptamanii-20-26-iulie-pe-judete-cu-50-mai-multe-cazuri-noi-fata-de-saptamana-trecuta\/","url":"https:\/\/buletin.de\/bucuresti\/radiografia-saptamanii-20-26-iulie-pe-judete-cu-50-mai-multe-cazuri-noi-fata-de-saptamana-trecuta\/","name":"Radiografia s\u0103pt\u0103m\u00e2nii 20-26 iulie, pe jude\u021be | Cu 50% mai multe cazuri noi fa\u021b\u0103 de s\u0103pt\u0103m\u00e2na trecut\u0103 - Buletin de Bucure\u0219ti","isPartOf":{"@id":"https:\/\/buletin.de\/bucuresti\/#website"},"primaryImageOfPage":{"@id":"https:\/\/buletin.de\/bucuresti\/radiografia-saptamanii-20-26-iulie-pe-judete-cu-50-mai-multe-cazuri-noi-fata-de-saptamana-trecuta\/#primaryimage"},"image":{"@id":"https:\/\/buletin.de\/bucuresti\/radiografia-saptamanii-20-26-iulie-pe-judete-cu-50-mai-multe-cazuri-noi-fata-de-saptamana-trecuta\/#primaryimage"},"thumbnailUrl":"https:\/\/buletin.de\/bucuresti\/wp-content\/uploads\/Screen-Shot-2020-07-26-at-16.17.25.png","datePublished":"2020-07-26T13:35:00+00:00","dateModified":"2020-08-10T08:45:28+00:00","breadcrumb":{"@id":"https:\/\/buletin.de\/bucuresti\/radiografia-saptamanii-20-26-iulie-pe-judete-cu-50-mai-multe-cazuri-noi-fata-de-saptamana-trecuta\/#breadcrumb"},"inLanguage":"en-GB","potentialAction":[{"@type":"ReadAction","target":["https:\/\/buletin.de\/bucuresti\/radiografia-saptamanii-20-26-iulie-pe-judete-cu-50-mai-multe-cazuri-noi-fata-de-saptamana-trecuta\/"]}]},{"@type":"ImageObject","inLanguage":"en-GB","@id":"https:\/\/buletin.de\/bucuresti\/radiografia-saptamanii-20-26-iulie-pe-judete-cu-50-mai-multe-cazuri-noi-fata-de-saptamana-trecuta\/#primaryimage","url":"https:\/\/buletin.de\/bucuresti\/wp-content\/uploads\/Screen-Shot-2020-07-26-at-16.17.25.png","contentUrl":"https:\/\/buletin.de\/bucuresti\/wp-content\/uploads\/Screen-Shot-2020-07-26-at-16.17.25.png","width":764,"height":520},{"@type":"BreadcrumbList","@id":"https:\/\/buletin.de\/bucuresti\/radiografia-saptamanii-20-26-iulie-pe-judete-cu-50-mai-multe-cazuri-noi-fata-de-saptamana-trecuta\/#breadcrumb","itemListElement":[{"@type":"ListItem","position":1,"name":"Acas\u0103","item":"https:\/\/buletin.de\/bucuresti\/"},{"@type":"ListItem","position":2,"name":"Radiografia s\u0103pt\u0103m\u00e2nii 20-26 iulie, pe jude\u021be | Cu 50% mai multe cazuri noi fa\u021b\u0103 de s\u0103pt\u0103m\u00e2na trecut\u0103"}]},{"@type":"WebSite","@id":"https:\/\/buletin.de\/bucuresti\/#website","url":"https:\/\/buletin.de\/bucuresti\/","name":"Buletin de Bucure\u0219ti","description":"\u0218tiri \u0219i investiga\u021bii esen\u021biale din capital\u0103","publisher":{"@id":"https:\/\/buletin.de\/bucuresti\/#organization"},"potentialAction":[{"@type":"SearchAction","target":{"@type":"EntryPoint","urlTemplate":"https:\/\/buletin.de\/bucuresti\/?s={search_term_string}"},"query-input":{"@type":"PropertyValueSpecification","valueRequired":true,"valueName":"search_term_string"}}],"inLanguage":"en-GB"},{"@type":"Organization","@id":"https:\/\/buletin.de\/bucuresti\/#organization","name":"Buletin de Bucure\u0219ti","url":"https:\/\/buletin.de\/bucuresti\/","logo":{"@type":"ImageObject","inLanguage":"en-GB","@id":"https:\/\/buletin.de\/bucuresti\/#\/schema\/logo\/image\/","url":"https:\/\/buletin.de\/bucuresti\/wp-content\/uploads\/logo-bdb-full-wide-vernil-transparent.png","contentUrl":"https:\/\/buletin.de\/bucuresti\/wp-content\/uploads\/logo-bdb-full-wide-vernil-transparent.png","width":1782,"height":626,"caption":"Buletin de Bucure\u0219ti"},"image":{"@id":"https:\/\/buletin.de\/bucuresti\/#\/schema\/logo\/image\/"},"sameAs":["https:\/\/www.facebook.com\/buletin.de.buc","https:\/\/www.instagram.com\/buletinde.bucuresti\/"]},{"@type":"Person","@id":"https:\/\/buletin.de\/bucuresti\/#\/schema\/person\/7a01591ad05c4d2c7261fe7f0383d2af","name":"Irina Anghel","image":{"@type":"ImageObject","inLanguage":"en-GB","@id":"https:\/\/secure.gravatar.com\/avatar\/e7d429cbd0c7fe915f817961c0ffb96b407bc87e15aa35cee85f77146f8cce7e?s=96&d=monsterid&r=g693374df2a66e3f4935d210ea15b95ff","url":"https:\/\/secure.gravatar.com\/avatar\/e7d429cbd0c7fe915f817961c0ffb96b407bc87e15aa35cee85f77146f8cce7e?s=96&d=monsterid&r=g","contentUrl":"https:\/\/secure.gravatar.com\/avatar\/e7d429cbd0c7fe915f817961c0ffb96b407bc87e15aa35cee85f77146f8cce7e?s=96&d=monsterid&r=g","caption":"Irina Anghel"},"url":"https:\/\/buletin.de\/bucuresti\/author\/irina\/"}]}},"authors":[{"term_id":22592,"user_id":15,"is_guest":0,"slug":"irina","display_name":"Irina Anghel","avatar_url":"https:\/\/secure.gravatar.com\/avatar\/e7d429cbd0c7fe915f817961c0ffb96b407bc87e15aa35cee85f77146f8cce7e?s=96&d=monsterid&r=g","0":null,"1":"","2":"","3":"","4":"","5":"","6":"","7":"","8":""}],"_links":{"self":[{"href":"https:\/\/buletin.de\/bucuresti\/wp-json\/wp\/v2\/posts\/9650","targetHints":{"allow":["GET"]}}],"collection":[{"href":"https:\/\/buletin.de\/bucuresti\/wp-json\/wp\/v2\/posts"}],"about":[{"href":"https:\/\/buletin.de\/bucuresti\/wp-json\/wp\/v2\/types\/post"}],"author":[{"embeddable":true,"href":"https:\/\/buletin.de\/bucuresti\/wp-json\/wp\/v2\/users\/15"}],"replies":[{"embeddable":true,"href":"https:\/\/buletin.de\/bucuresti\/wp-json\/wp\/v2\/comments?post=9650"}],"version-history":[{"count":3,"href":"https:\/\/buletin.de\/bucuresti\/wp-json\/wp\/v2\/posts\/9650\/revisions"}],"predecessor-version":[{"id":9655,"href":"https:\/\/buletin.de\/bucuresti\/wp-json\/wp\/v2\/posts\/9650\/revisions\/9655"}],"wp:featuredmedia":[{"embeddable":true,"href":"https:\/\/buletin.de\/bucuresti\/wp-json\/wp\/v2\/media\/9651"}],"wp:attachment":[{"href":"https:\/\/buletin.de\/bucuresti\/wp-json\/wp\/v2\/media?parent=9650"}],"wp:term":[{"taxonomy":"category","embeddable":true,"href":"https:\/\/buletin.de\/bucuresti\/wp-json\/wp\/v2\/categories?post=9650"},{"taxonomy":"post_tag","embeddable":true,"href":"https:\/\/buletin.de\/bucuresti\/wp-json\/wp\/v2\/tags?post=9650"},{"taxonomy":"author","embeddable":true,"href":"https:\/\/buletin.de\/bucuresti\/wp-json\/wp\/v2\/ppma_author?post=9650"}],"curies":[{"name":"wp","href":"https:\/\/api.w.org\/{rel}","templated":true}]}}