{"id":96490,"date":"2024-09-02T08:34:14","date_gmt":"2024-09-02T05:34:14","guid":{"rendered":"https:\/\/buletin.de\/bucuresti\/?p=96490"},"modified":"2024-09-02T16:13:38","modified_gmt":"2024-09-02T13:13:38","slug":"planurile-in-proces-de-actualizare-ale-ilfovului-parkride-uri-si-bikeride-uri-26-de-gari-noi-noduri-intermodale-proiecte-de-agrement-si-statii-self-service-pentru-bicic","status":"publish","type":"post","link":"https:\/\/buletin.de\/bucuresti\/planurile-in-proces-de-actualizare-ale-ilfovului-parkride-uri-si-bikeride-uri-26-de-gari-noi-noduri-intermodale-proiecte-de-agrement-si-statii-self-service-pentru-bicic\/","title":{"rendered":"Planurile \u201e\u00een proces de actualizare\u201d ale Ilfovului: Park&amp;Ride \u0219i Bike&amp;Ride, 26 de g\u0103ri noi, noduri intermodale, proiecte de agrement \u0219i sta\u021bii self-service pentru biciclete"},"content":{"rendered":"\n<p><strong>Planurile \u201e\u00een proces de actualizare\u201d ale Ilfovului. Jude\u021bul nu duce lips\u0103 de idei de dezvoltare la capitolul transporturi. Potrivit Planului de Mobilitate Urban\u0103 Durabil\u0103 (PMUD), documentul strategic care ar urma s\u0103 stea la baza politicilor \u0219i investi\u021biilor \u00een domeniul mobilit\u0103\u021bii la nivelul \u00eentregii regiuni Bucure\u0219ti \u2013 Ilfov, administra\u021bia jude\u021bean\u0103 are nu mai pu\u021bin de 25 proiecte relevante la nivel de studiu de fundamentare.<\/strong><\/p>\n\n\n\n<p>Proiectul de actualizare al <a href=\"https:\/\/tpbi.ro\/pmud\/?fbclid=IwY2xjawE2WfVleHRuA2FlbQIxMAABHfHSeFtmsgF1XWuKPj0aDnK0ngRR2XnXDvh0LWpCCq-JWTZQwJ9lsh3jiw_aem_RhEPG8NfkCYL-zRQkr-TYQ\" target=\"_blank\" rel=\"noreferrer noopener\">Planului de Mobilitate Urban\u0103 Durabil\u0103<\/a> (PMUD) din Capital\u0103 \u0219i zona metropolitan\u0103 include \u0219i componente din Planul de Amenajare a Teritoriului Jude\u021bean Ilfov (PATJ Ilfov), aflat la r\u00e2ndu-i \u00een proces de actualizare.<\/p>\n\n\n\n<p>\u201e<em><strong>Varianta preliminar\u0103 a documentului nu este disponibil\u0103 \u00een prezent<\/strong><\/em>\u201d, se arat\u0103 \u00een PMUD, document consultat de Buletin de Bucure\u0219ti. <\/p>\n\n\n\n<p>Totu\u0219i, \u201e\u00een cadrul studiului de fundamentare \u00a0\u00abRela\u021bia cu PATJ Ilfov al PUG al municipiului Bucure\u0219ti\u00bb (\u00een curs de actualizare), au fost identificate o serie de proiecte relevante pentru domeniul mobilit\u0103\u021bii urbane, pentru municipiul Bucure\u0219ti \u0219i jude\u021bul Ilfov\u201d, se mai arat\u0103 \u00een PMUD.<\/p>\n\n\n\n<p>CITE\u0218TE \u0218I:<strong> <a href=\"https:\/\/buletin.de\/bucuresti\/analiza-bucurestiul-imbatraneste-demografic-capitala-se-va-confrunta-cu-un-deficit-semnificativ-de-forta-de-munca\/\" target=\"_blank\" rel=\"noreferrer noopener\">ANALIZ\u0102 | Bucure\u0219tiul \u201e\u00eemb\u0103tr\u00e2ne\u0219te\u201d demografic. Capitala se va confrunta cu \u201eun deficit semnificativ de for\u021b\u0103 de munc\u0103\u201d<\/a><\/strong><\/p>\n\n\n\n<h2 class=\"wp-block-heading\" id=\"h-planurile-in-proces-de-actualizare-ale-ilfovului-sunt\">Planurile \u201e\u00een proces de actualizare\u201d ale Ilfovului sunt:<\/h2>\n\n\n\n<p><em><strong>\u2022 Introducerea \u0219i, ulterior dezvoltarea serviciilor de tren urban \u0219i metropolitan Bucure\u0219ti\u2013Ilfov;<\/strong><\/em><\/p>\n\n\n\n<p><em>\u2022 Realizarea unui proiect pentru integrarea lacurilor de pe raza jude\u021bului \u00een circuitul turistic<\/em> <em>\u0219i de agrement;<\/em><\/p>\n\n\n\n<p><strong><em>\u2022 Realizarea unui proiect pentru integrarea lacurilor de pe raza jude\u021bului \u00een circuitul turistic<\/em> <em>\u0219i de agrement;<\/em><\/strong><\/p>\n\n\n\n<p><em>\u2022 Proiect complex de amenajare a unei zone de agrement pe teritoriul jude\u021bului Ilfov;<\/em><\/p>\n\n\n\n<p><em><strong>\u2022 Nod intermodal Bucure\u0219ti-Ilfov (Bucharest-Ilfov Multimodal HUB-BIMH);<\/strong><\/em><\/p>\n\n\n\n<p><em>\u2022 Realizarea unei re\u021bele de noduri intermodale corelate cu dezvoltarea traseelor de transport public ale jude\u021bului Ilfov;<\/em><\/p>\n\n\n\n<p><em><strong>\u2022 Re\u021bea de parc\u0103ri de transfer\/Park and Ride. Dezvoltarea re\u021belei de parc\u0103ri de transfer \u00een sistem inelar la limita dintre jude\u021bul Ilfov \u0219i alte jude\u021be \u0219i la principalele ie\u0219iri din Bucure\u0219ti;<\/strong><\/em><\/p>\n\n\n\n<p><em>\u2022 Parc\u0103ri de transfer (Park and Ride): Cora Rahova (DN6 &#8211; DC 18 &#8211; str. Antiaerian\u0103), Metrou Berceni, Romprin (cap\u0103t linie tramvai pe \u0218os. Olteni\u021bei), Metrou Republica, AndronacheColentina-Fundeni;<\/em><\/p>\n\n\n\n<p><em><strong>\u2022 Introducerea \u0219i, ulterior, dezvoltarea serviciilor de tren urban \u0219i metropolitan Bucure\u0219ti \u2013 Ilfov, proiect care cuprinde: construc\u021bie de pasaje denivelate, reabilit\u0103ri de treceri la nivel cu calea ferat\u0103, modernizare drumuri acces gar\u0103\/sta\u021bie, realizare Park&amp;Ride \/ Bike&amp;Ride, parc\u0103ri \u0219i puncte de oprire;<\/strong><\/em><\/p>\n\n\n\n<p><em>\u2022 Modernizarea a 42 de sta\u021bii de cale ferat\u0103 existente din proiectul Tren Metropolitan \u0219i transformarea lor \u00een noduri intermodale, dotare cu peroane accesibile conform STI, P&amp;R \u0219i B&amp;R, pasaje pietonale subterane\/supraterane;<\/em><\/p>\n\n\n\n<p><em><strong>\u2022 \u00cenfiin\u021bare a 26 de puncte de oprire noi de cale ferata din proiectul Tren Metropolitan \u0219i transformarea lor \u00een noduri intermodale, dotare cu peroane accesibile conform STI, P&amp;R \u0219i B&amp;R, pasaje pietonale subterane\/supraterane;<\/strong><\/em><\/p>\n\n\n\n<p><em>\u2022 Extinderi re\u021bea de metrou;<\/em><\/p>\n\n\n\n<p><em>\u2022 Identificarea m\u0103surilor de sporire a siguran\u021bei traficului pe Centura existent\u0103 a Municipiului Bucure\u0219ti inclusiv \u00eembun\u0103t\u0103\u021birea unor intersec\u021bii de pe DNCB;<\/em><\/p>\n\n\n\n<p><em>\u2022 Realizare parc logistic;<\/em><\/p>\n\n\n\n<p><em>\u2022 Realizarea de circuite recreative \u00een p\u0103durile de pe raza jude\u021bului;<\/em><\/p>\n\n\n\n<p><em><strong>\u2022 Crearea unei re\u021bele de agrement pentru biciclete: piste de biciclete, spa\u021bii de parcare, alimentare \u0219i repara\u021bie biciclete (sta\u021bii self-service).<\/strong><\/em><\/p>\n\n\n\n<h2 class=\"wp-block-heading\" id=\"h-fenomenul-ilfov\"><strong>Fenomenul Ilfov<\/strong><\/h2>\n\n\n\n<p>Potrivit ultimelor date de la recens\u0103m\u00e2ntul din 2021, <a href=\"https:\/\/buletin.de\/bucuresti\/recensamant-2021-fenomenul-ilfov-judetul-cel-mai-tanar-si-cu-cea-mai-mare-crestere-a-populatiei\/\" target=\"_blank\" rel=\"noreferrer noopener\">Ilfovul este jude\u021bul cel mai t\u00e2n\u0103r \u0219i cu cea mai mare cre\u0219tere a popula\u021biei.<\/a> Aici\u00a0se \u00eenregistreaz\u0103 cea mai mic\u0103 v\u00e2rst\u0103 medie din \u021bar\u0103, de\u00a038,6 ani.\u00a0<\/p>\n\n\n\n<p>Localit\u0103\u021bile din regiunea Bucure\u0219ti Ilfov care au \u00eenregistrat cea mai mare cre\u0219tere demografic\u0103 \u0219i au o propor\u021bie ridicat\u0103 a segmentului de popula\u021bie t\u00e2n\u0103r\u0103 \u0219i activ\u0103 sunt Bragadiru (20,90% tineri \u0219i 71,65% adul\u021bi), Pope\u0219ti Leordeni (18,71% tineri \u0219i 73,72% adul\u021bi) \u0219i Chiajna (18,55% tineri \u0219i 73,87% adul\u021bi).<\/p>\n\n\n\n<p>Introduse \u00een 2013, planurile de mobilitate urban\u0103 reprezint\u0103 o centralizare \u0219i o analiz\u0103 a documentelor esen\u021biale pentru reorganizarea mobilit\u0103\u021bii urbane \u00een Uniunea European\u0103. Aceste planuri sunt proiectate pentru a r\u0103spunde nevoilor specifice din zonele urbane \u00een vederea optimiz\u0103rii sistemelor de transport \u0219i mobilitate.<\/p>\n\n\n\n<p>CITE\u0218TE \u0218I<strong> <a href=\"https:\/\/buletin.de\/bucuresti\/presedintele-cj-ilfov-condamnat-pentru-coruptie-anunta-ca-fosta-inchisoare-comunista-de-la-jilava-devine-muzeu\/\">Pre\u0219edintele CJ Ilfov, condamnat pentru corup\u021bie, anun\u021b\u0103 c\u0103 fosta \u00eenchisoare comunist\u0103 de la Jilava devine muzeu<\/a><\/strong><\/p>\n\n\n\n<p class=\"has-small-font-size\"><em>*Grafic\u0103 realizat\u0103 de generatorul Elementor AI, un program de inteligen\u021b\u0103 artificial\u0103 care creeaz\u0103 imagini din texte cu descrieri.<\/em><\/p>\n","protected":false},"excerpt":{"rendered":"<p>Planurile \u201e\u00een proces de actualizare\u201d ale Ilfovului. Jude\u021bul nu duce lips\u0103 de idei de dezvoltare la capitolul transporturi. Potrivit Planului de Mobilitate Urban\u0103 Durabil\u0103 (PMUD), documentul strategic care ar urma s\u0103 stea la baza politicilor \u0219i investi\u021biilor \u00een domeniul mobilit\u0103\u021bii la nivelul \u00eentregii regiuni Bucure\u0219ti \u2013 Ilfov, administra\u021bia jude\u021bean\u0103 are nu mai pu\u021bin de 25 [&hellip;]<\/p>\n","protected":false},"author":10,"featured_media":96497,"comment_status":"closed","ping_status":"open","sticky":false,"template":"","format":"standard","meta":{"_acf_changed":false,"inline_featured_image":false,"ngg_post_thumbnail":0,"footnotes":""},"categories":[6994,5762,650],"tags":[14710,3085,820,376,2839,3394,285,594],"ppma_author":[22575],"class_list":["post-96490","post","type-post","status-publish","format-standard","has-post-thumbnail","hentry","category-stiri-2","category-main","category-transport","tag-bike-and-ride","tag-gari","tag-ilfov","tag-metrou","tag-park-and-ride","tag-planuri","tag-pmud","tag-tren"],"acf":[],"yoast_head":"<!-- This site is optimized with the Yoast SEO Premium plugin v25.3 (Yoast SEO v27.4) - https:\/\/yoast.com\/product\/yoast-seo-premium-wordpress\/ -->\n<title>Planurile \u201e\u00een proces de actualizare\u201d ale Ilfovului: Park&amp;Ride \u0219i Bike&amp;Ride, 26 de g\u0103ri noi, noduri intermodale, proiecte de agrement \u0219i sta\u021bii self-service pentru biciclete - Buletin de Bucure\u0219ti<\/title>\n<meta name=\"description\" content=\"Planurile \u201e\u00een proces de actualizare\u201d ale Ilfovului: Park&amp;Ride \u0219i Bike&amp;Ride, 26 de g\u0103ri noi, noduri intermodale, proiecte de agrement.\" \/>\n<meta name=\"robots\" content=\"index, follow, max-snippet:-1, max-image-preview:large, max-video-preview:-1\" \/>\n<link rel=\"canonical\" href=\"https:\/\/buletin.de\/bucuresti\/planurile-in-proces-de-actualizare-ale-ilfovului-parkride-uri-si-bikeride-uri-26-de-gari-noi-noduri-intermodale-proiecte-de-agrement-si-statii-self-service-pentru-bicic\/\" \/>\n<meta property=\"og:locale\" content=\"en_GB\" \/>\n<meta property=\"og:type\" content=\"article\" \/>\n<meta property=\"og:title\" content=\"Planurile \u201e\u00een proces de actualizare\u201d ale Ilfovului: Park&amp;Ride \u0219i Bike&amp;Ride, 26 de g\u0103ri noi, noduri intermodale, proiecte de agrement \u0219i sta\u021bii self-service pentru biciclete\" \/>\n<meta property=\"og:description\" content=\"Planurile \u201e\u00een proces de actualizare\u201d ale Ilfovului: Park&amp;Ride \u0219i Bike&amp;Ride, 26 de g\u0103ri noi, noduri intermodale, proiecte de agrement.\" \/>\n<meta property=\"og:url\" content=\"https:\/\/buletin.de\/bucuresti\/planurile-in-proces-de-actualizare-ale-ilfovului-parkride-uri-si-bikeride-uri-26-de-gari-noi-noduri-intermodale-proiecte-de-agrement-si-statii-self-service-pentru-bicic\/\" \/>\n<meta property=\"og:site_name\" content=\"Buletin de Bucure\u0219ti\" \/>\n<meta property=\"article:publisher\" content=\"https:\/\/www.facebook.com\/buletin.de.buc\" \/>\n<meta property=\"article:published_time\" content=\"2024-09-02T05:34:14+00:00\" \/>\n<meta property=\"article:modified_time\" content=\"2024-09-02T13:13:38+00:00\" \/>\n<meta property=\"og:image\" content=\"https:\/\/buletin.de\/bucuresti\/wp-content\/uploads\/Planurile-\u201ein-proces-de-actualizare-ale-Ilfovului-ParkRide-uri-si-BikeRide-uri-26-de-gari-noi-noduri-intermodale-proiecte-de-agrement-si-statii-self-service-pentru-biciclete.png\" \/>\n\t<meta property=\"og:image:width\" content=\"1275\" \/>\n\t<meta property=\"og:image:height\" content=\"738\" \/>\n\t<meta property=\"og:image:type\" content=\"image\/png\" \/>\n<meta name=\"author\" content=\"C\u0103t\u0103lin Dosca\u0219\" \/>\n<meta name=\"twitter:card\" content=\"summary_large_image\" \/>\n<meta name=\"twitter:label1\" content=\"Written by\" \/>\n\t<meta name=\"twitter:data1\" content=\"C\u0103t\u0103lin Dosca\u0219\" \/>\n\t<meta name=\"twitter:label2\" content=\"Estimated reading time\" \/>\n\t<meta name=\"twitter:data2\" content=\"4 minutes\" \/>\n<script type=\"application\/ld+json\" class=\"yoast-schema-graph\">{\"@context\":\"https:\\\/\\\/schema.org\",\"@graph\":[{\"@type\":\"Article\",\"@id\":\"https:\\\/\\\/buletin.de\\\/bucuresti\\\/planurile-in-proces-de-actualizare-ale-ilfovului-parkride-uri-si-bikeride-uri-26-de-gari-noi-noduri-intermodale-proiecte-de-agrement-si-statii-self-service-pentru-bicic\\\/#article\",\"isPartOf\":{\"@id\":\"https:\\\/\\\/buletin.de\\\/bucuresti\\\/planurile-in-proces-de-actualizare-ale-ilfovului-parkride-uri-si-bikeride-uri-26-de-gari-noi-noduri-intermodale-proiecte-de-agrement-si-statii-self-service-pentru-bicic\\\/\"},\"author\":{\"name\":\"C\u0103t\u0103lin Dosca\u0219\",\"@id\":\"https:\\\/\\\/buletin.de\\\/bucuresti\\\/#\\\/schema\\\/person\\\/31117187ed4d0bdb0a4c7d6acc79d0f8\"},\"headline\":\"Planurile \u201e\u00een proces de actualizare\u201d ale Ilfovului: Park&amp;Ride \u0219i Bike&amp;Ride, 26 de g\u0103ri noi, noduri intermodale, proiecte de agrement \u0219i sta\u021bii self-service pentru biciclete\",\"datePublished\":\"2024-09-02T05:34:14+00:00\",\"dateModified\":\"2024-09-02T13:13:38+00:00\",\"mainEntityOfPage\":{\"@id\":\"https:\\\/\\\/buletin.de\\\/bucuresti\\\/planurile-in-proces-de-actualizare-ale-ilfovului-parkride-uri-si-bikeride-uri-26-de-gari-noi-noduri-intermodale-proiecte-de-agrement-si-statii-self-service-pentru-bicic\\\/\"},\"wordCount\":758,\"publisher\":{\"@id\":\"https:\\\/\\\/buletin.de\\\/bucuresti\\\/#organization\"},\"image\":{\"@id\":\"https:\\\/\\\/buletin.de\\\/bucuresti\\\/planurile-in-proces-de-actualizare-ale-ilfovului-parkride-uri-si-bikeride-uri-26-de-gari-noi-noduri-intermodale-proiecte-de-agrement-si-statii-self-service-pentru-bicic\\\/#primaryimage\"},\"thumbnailUrl\":\"https:\\\/\\\/buletin.de\\\/bucuresti\\\/wp-content\\\/uploads\\\/Planurile-\u201ein-proces-de-actualizare-ale-Ilfovului-ParkRide-uri-si-BikeRide-uri-26-de-gari-noi-noduri-intermodale-proiecte-de-agrement-si-statii-self-service-pentru-biciclete.png\",\"keywords\":[\"bike and ride\",\"gari\",\"Ilfov\",\"metrou\",\"park and ride\",\"planuri\",\"pmud\",\"tren\"],\"articleSection\":[\"Articole\",\"Main\",\"Transport\"],\"inLanguage\":\"en-GB\",\"copyrightYear\":\"2024\",\"copyrightHolder\":{\"@id\":\"https:\\\/\\\/buletin.de\\\/bucuresti\\\/#organization\"}},{\"@type\":\"WebPage\",\"@id\":\"https:\\\/\\\/buletin.de\\\/bucuresti\\\/planurile-in-proces-de-actualizare-ale-ilfovului-parkride-uri-si-bikeride-uri-26-de-gari-noi-noduri-intermodale-proiecte-de-agrement-si-statii-self-service-pentru-bicic\\\/\",\"url\":\"https:\\\/\\\/buletin.de\\\/bucuresti\\\/planurile-in-proces-de-actualizare-ale-ilfovului-parkride-uri-si-bikeride-uri-26-de-gari-noi-noduri-intermodale-proiecte-de-agrement-si-statii-self-service-pentru-bicic\\\/\",\"name\":\"Planurile \u201e\u00een proces de actualizare\u201d ale Ilfovului: Park&amp;Ride \u0219i Bike&amp;Ride, 26 de g\u0103ri noi, noduri intermodale, proiecte de agrement \u0219i sta\u021bii self-service pentru biciclete - Buletin de Bucure\u0219ti\",\"isPartOf\":{\"@id\":\"https:\\\/\\\/buletin.de\\\/bucuresti\\\/#website\"},\"primaryImageOfPage\":{\"@id\":\"https:\\\/\\\/buletin.de\\\/bucuresti\\\/planurile-in-proces-de-actualizare-ale-ilfovului-parkride-uri-si-bikeride-uri-26-de-gari-noi-noduri-intermodale-proiecte-de-agrement-si-statii-self-service-pentru-bicic\\\/#primaryimage\"},\"image\":{\"@id\":\"https:\\\/\\\/buletin.de\\\/bucuresti\\\/planurile-in-proces-de-actualizare-ale-ilfovului-parkride-uri-si-bikeride-uri-26-de-gari-noi-noduri-intermodale-proiecte-de-agrement-si-statii-self-service-pentru-bicic\\\/#primaryimage\"},\"thumbnailUrl\":\"https:\\\/\\\/buletin.de\\\/bucuresti\\\/wp-content\\\/uploads\\\/Planurile-\u201ein-proces-de-actualizare-ale-Ilfovului-ParkRide-uri-si-BikeRide-uri-26-de-gari-noi-noduri-intermodale-proiecte-de-agrement-si-statii-self-service-pentru-biciclete.png\",\"datePublished\":\"2024-09-02T05:34:14+00:00\",\"dateModified\":\"2024-09-02T13:13:38+00:00\",\"description\":\"Planurile \u201e\u00een proces de actualizare\u201d ale Ilfovului: Park&Ride \u0219i Bike&Ride, 26 de g\u0103ri noi, noduri intermodale, proiecte de agrement.\",\"breadcrumb\":{\"@id\":\"https:\\\/\\\/buletin.de\\\/bucuresti\\\/planurile-in-proces-de-actualizare-ale-ilfovului-parkride-uri-si-bikeride-uri-26-de-gari-noi-noduri-intermodale-proiecte-de-agrement-si-statii-self-service-pentru-bicic\\\/#breadcrumb\"},\"inLanguage\":\"en-GB\",\"potentialAction\":[{\"@type\":\"ReadAction\",\"target\":[\"https:\\\/\\\/buletin.de\\\/bucuresti\\\/planurile-in-proces-de-actualizare-ale-ilfovului-parkride-uri-si-bikeride-uri-26-de-gari-noi-noduri-intermodale-proiecte-de-agrement-si-statii-self-service-pentru-bicic\\\/\"]}]},{\"@type\":\"ImageObject\",\"inLanguage\":\"en-GB\",\"@id\":\"https:\\\/\\\/buletin.de\\\/bucuresti\\\/planurile-in-proces-de-actualizare-ale-ilfovului-parkride-uri-si-bikeride-uri-26-de-gari-noi-noduri-intermodale-proiecte-de-agrement-si-statii-self-service-pentru-bicic\\\/#primaryimage\",\"url\":\"https:\\\/\\\/buletin.de\\\/bucuresti\\\/wp-content\\\/uploads\\\/Planurile-\u201ein-proces-de-actualizare-ale-Ilfovului-ParkRide-uri-si-BikeRide-uri-26-de-gari-noi-noduri-intermodale-proiecte-de-agrement-si-statii-self-service-pentru-biciclete.png\",\"contentUrl\":\"https:\\\/\\\/buletin.de\\\/bucuresti\\\/wp-content\\\/uploads\\\/Planurile-\u201ein-proces-de-actualizare-ale-Ilfovului-ParkRide-uri-si-BikeRide-uri-26-de-gari-noi-noduri-intermodale-proiecte-de-agrement-si-statii-self-service-pentru-biciclete.png\",\"width\":1275,\"height\":738,\"caption\":\"Planurile \u201e\u00een proces de actualizare\u201d ale Ilfovului Park&Ride-uri \u0219i Bike&Ride-uri, 26 de g\u0103ri noi, noduri intermodale, proiecte de agrement \u0219i sta\u021bii self-service pentru biciclete. FOTO: Elementor AI\"},{\"@type\":\"BreadcrumbList\",\"@id\":\"https:\\\/\\\/buletin.de\\\/bucuresti\\\/planurile-in-proces-de-actualizare-ale-ilfovului-parkride-uri-si-bikeride-uri-26-de-gari-noi-noduri-intermodale-proiecte-de-agrement-si-statii-self-service-pentru-bicic\\\/#breadcrumb\",\"itemListElement\":[{\"@type\":\"ListItem\",\"position\":1,\"name\":\"Acas\u0103\",\"item\":\"https:\\\/\\\/buletin.de\\\/bucuresti\\\/\"},{\"@type\":\"ListItem\",\"position\":2,\"name\":\"Planurile \u201e\u00een proces de actualizare\u201d ale Ilfovului: Park&amp;Ride \u0219i Bike&amp;Ride, 26 de g\u0103ri noi, noduri intermodale, proiecte de agrement \u0219i sta\u021bii self-service pentru biciclete\"}]},{\"@type\":\"WebSite\",\"@id\":\"https:\\\/\\\/buletin.de\\\/bucuresti\\\/#website\",\"url\":\"https:\\\/\\\/buletin.de\\\/bucuresti\\\/\",\"name\":\"Buletin de Bucure\u0219ti\",\"description\":\"\u0218tiri \u0219i investiga\u021bii esen\u021biale din capital\u0103\",\"publisher\":{\"@id\":\"https:\\\/\\\/buletin.de\\\/bucuresti\\\/#organization\"},\"potentialAction\":[{\"@type\":\"SearchAction\",\"target\":{\"@type\":\"EntryPoint\",\"urlTemplate\":\"https:\\\/\\\/buletin.de\\\/bucuresti\\\/?s={search_term_string}\"},\"query-input\":{\"@type\":\"PropertyValueSpecification\",\"valueRequired\":true,\"valueName\":\"search_term_string\"}}],\"inLanguage\":\"en-GB\"},{\"@type\":\"Organization\",\"@id\":\"https:\\\/\\\/buletin.de\\\/bucuresti\\\/#organization\",\"name\":\"Buletin de Bucure\u0219ti\",\"url\":\"https:\\\/\\\/buletin.de\\\/bucuresti\\\/\",\"logo\":{\"@type\":\"ImageObject\",\"inLanguage\":\"en-GB\",\"@id\":\"https:\\\/\\\/buletin.de\\\/bucuresti\\\/#\\\/schema\\\/logo\\\/image\\\/\",\"url\":\"https:\\\/\\\/buletin.de\\\/bucuresti\\\/wp-content\\\/uploads\\\/logo-bdb-full-wide-vernil-transparent.png\",\"contentUrl\":\"https:\\\/\\\/buletin.de\\\/bucuresti\\\/wp-content\\\/uploads\\\/logo-bdb-full-wide-vernil-transparent.png\",\"width\":1782,\"height\":626,\"caption\":\"Buletin de Bucure\u0219ti\"},\"image\":{\"@id\":\"https:\\\/\\\/buletin.de\\\/bucuresti\\\/#\\\/schema\\\/logo\\\/image\\\/\"},\"sameAs\":[\"https:\\\/\\\/www.facebook.com\\\/buletin.de.buc\",\"https:\\\/\\\/www.instagram.com\\\/buletinde.bucuresti\\\/\"]},{\"@type\":\"Person\",\"@id\":\"https:\\\/\\\/buletin.de\\\/bucuresti\\\/#\\\/schema\\\/person\\\/31117187ed4d0bdb0a4c7d6acc79d0f8\",\"name\":\"C\u0103t\u0103lin Dosca\u0219\",\"image\":{\"@type\":\"ImageObject\",\"inLanguage\":\"en-GB\",\"@id\":\"https:\\\/\\\/buletin.de\\\/bucuresti\\\/wp-content\\\/uploads\\\/Catalin-Doscas-e1732731064764-96x96.jpga93e2943bb3b1c1f9ead823df6e6317a\",\"url\":\"https:\\\/\\\/buletin.de\\\/bucuresti\\\/wp-content\\\/uploads\\\/Catalin-Doscas-e1732731064764-96x96.jpg\",\"contentUrl\":\"https:\\\/\\\/buletin.de\\\/bucuresti\\\/wp-content\\\/uploads\\\/Catalin-Doscas-e1732731064764-96x96.jpg\",\"caption\":\"C\u0103t\u0103lin Dosca\u0219\"},\"description\":\"Reporter \u0219i redactor-\u0219ef Buletin de Bucure\u0219ti. Lucreaz\u0103 \u00een mass-media de la v\u00e2rsta de 15 ani, c\u00e2nd a publicat primele articole \u00een presa local\u0103 din Tecuci. \u00cen Bucure\u0219ti a lucrat \u00een redac\u021bii radio ca reporter, redactor \u0219i prezentator (StudentFM, Na\u021bionalFM, Radio Total, Smart FM), unde a acoperit domeniile politic, economic, social \u0219i externe. Ulterior, a fost editor-coordonator al postului Realitatea FM. Experien\u021ba \u00een jurnalismul online a dob\u00e2ndit-o la portalul B365.ro, unde a fost editor. \u00cen 2012 s-a angajat \u00een televiziune. La Realitatea TV a fost, pe r\u00e2nd, reporter la sec\u021bia Social, reporter special la emisiunea de reportaje \u0219i anchete \u201eReporterii Realit\u0103\u021bii\u201d, dar \u0219i editor al jurnalelor de \u0219tiri. Ulterior, a f\u0103cut parte din sec\u021bia de Investiga\u021bii de la Digi24 \u0219i a lucrat la campania \u201eRom\u00e2nia furat\u0103\u201d. A revenit \u00een presa scris\u0103 \u00een 2017, ca reporter special, \u00een cadrul unui proiect de repozi\u021bionare a tabloidului Libertatea \u00een cotidian generalist. Este jurnalist Buletin de Bucure\u0219ti din 2019.\",\"url\":\"https:\\\/\\\/buletin.de\\\/bucuresti\\\/author\\\/catalin\\\/\"}]}<\/script>\n<!-- \/ Yoast SEO Premium plugin. -->","yoast_head_json":{"title":"Planurile \u201e\u00een proces de actualizare\u201d ale Ilfovului: Park&amp;Ride \u0219i Bike&amp;Ride, 26 de g\u0103ri noi, noduri intermodale, proiecte de agrement \u0219i sta\u021bii self-service pentru biciclete - Buletin de Bucure\u0219ti","description":"Planurile \u201e\u00een proces de actualizare\u201d ale Ilfovului: Park&Ride \u0219i Bike&Ride, 26 de g\u0103ri noi, noduri intermodale, proiecte de agrement.","robots":{"index":"index","follow":"follow","max-snippet":"max-snippet:-1","max-image-preview":"max-image-preview:large","max-video-preview":"max-video-preview:-1"},"canonical":"https:\/\/buletin.de\/bucuresti\/planurile-in-proces-de-actualizare-ale-ilfovului-parkride-uri-si-bikeride-uri-26-de-gari-noi-noduri-intermodale-proiecte-de-agrement-si-statii-self-service-pentru-bicic\/","og_locale":"en_GB","og_type":"article","og_title":"Planurile \u201e\u00een proces de actualizare\u201d ale Ilfovului: Park&amp;Ride \u0219i Bike&amp;Ride, 26 de g\u0103ri noi, noduri intermodale, proiecte de agrement \u0219i sta\u021bii self-service pentru biciclete","og_description":"Planurile \u201e\u00een proces de actualizare\u201d ale Ilfovului: Park&Ride \u0219i Bike&Ride, 26 de g\u0103ri noi, noduri intermodale, proiecte de agrement.","og_url":"https:\/\/buletin.de\/bucuresti\/planurile-in-proces-de-actualizare-ale-ilfovului-parkride-uri-si-bikeride-uri-26-de-gari-noi-noduri-intermodale-proiecte-de-agrement-si-statii-self-service-pentru-bicic\/","og_site_name":"Buletin de Bucure\u0219ti","article_publisher":"https:\/\/www.facebook.com\/buletin.de.buc","article_published_time":"2024-09-02T05:34:14+00:00","article_modified_time":"2024-09-02T13:13:38+00:00","og_image":[{"width":1275,"height":738,"url":"https:\/\/buletin.de\/bucuresti\/wp-content\/uploads\/Planurile-\u201ein-proces-de-actualizare-ale-Ilfovului-ParkRide-uri-si-BikeRide-uri-26-de-gari-noi-noduri-intermodale-proiecte-de-agrement-si-statii-self-service-pentru-biciclete.png","type":"image\/png"}],"author":"C\u0103t\u0103lin Dosca\u0219","twitter_card":"summary_large_image","twitter_misc":{"Written by":"C\u0103t\u0103lin Dosca\u0219","Estimated reading time":"4 minutes"},"schema":{"@context":"https:\/\/schema.org","@graph":[{"@type":"Article","@id":"https:\/\/buletin.de\/bucuresti\/planurile-in-proces-de-actualizare-ale-ilfovului-parkride-uri-si-bikeride-uri-26-de-gari-noi-noduri-intermodale-proiecte-de-agrement-si-statii-self-service-pentru-bicic\/#article","isPartOf":{"@id":"https:\/\/buletin.de\/bucuresti\/planurile-in-proces-de-actualizare-ale-ilfovului-parkride-uri-si-bikeride-uri-26-de-gari-noi-noduri-intermodale-proiecte-de-agrement-si-statii-self-service-pentru-bicic\/"},"author":{"name":"C\u0103t\u0103lin Dosca\u0219","@id":"https:\/\/buletin.de\/bucuresti\/#\/schema\/person\/31117187ed4d0bdb0a4c7d6acc79d0f8"},"headline":"Planurile \u201e\u00een proces de actualizare\u201d ale Ilfovului: Park&amp;Ride \u0219i Bike&amp;Ride, 26 de g\u0103ri noi, noduri intermodale, proiecte de agrement \u0219i sta\u021bii self-service pentru biciclete","datePublished":"2024-09-02T05:34:14+00:00","dateModified":"2024-09-02T13:13:38+00:00","mainEntityOfPage":{"@id":"https:\/\/buletin.de\/bucuresti\/planurile-in-proces-de-actualizare-ale-ilfovului-parkride-uri-si-bikeride-uri-26-de-gari-noi-noduri-intermodale-proiecte-de-agrement-si-statii-self-service-pentru-bicic\/"},"wordCount":758,"publisher":{"@id":"https:\/\/buletin.de\/bucuresti\/#organization"},"image":{"@id":"https:\/\/buletin.de\/bucuresti\/planurile-in-proces-de-actualizare-ale-ilfovului-parkride-uri-si-bikeride-uri-26-de-gari-noi-noduri-intermodale-proiecte-de-agrement-si-statii-self-service-pentru-bicic\/#primaryimage"},"thumbnailUrl":"https:\/\/buletin.de\/bucuresti\/wp-content\/uploads\/Planurile-\u201ein-proces-de-actualizare-ale-Ilfovului-ParkRide-uri-si-BikeRide-uri-26-de-gari-noi-noduri-intermodale-proiecte-de-agrement-si-statii-self-service-pentru-biciclete.png","keywords":["bike and ride","gari","Ilfov","metrou","park and ride","planuri","pmud","tren"],"articleSection":["Articole","Main","Transport"],"inLanguage":"en-GB","copyrightYear":"2024","copyrightHolder":{"@id":"https:\/\/buletin.de\/bucuresti\/#organization"}},{"@type":"WebPage","@id":"https:\/\/buletin.de\/bucuresti\/planurile-in-proces-de-actualizare-ale-ilfovului-parkride-uri-si-bikeride-uri-26-de-gari-noi-noduri-intermodale-proiecte-de-agrement-si-statii-self-service-pentru-bicic\/","url":"https:\/\/buletin.de\/bucuresti\/planurile-in-proces-de-actualizare-ale-ilfovului-parkride-uri-si-bikeride-uri-26-de-gari-noi-noduri-intermodale-proiecte-de-agrement-si-statii-self-service-pentru-bicic\/","name":"Planurile \u201e\u00een proces de actualizare\u201d ale Ilfovului: Park&amp;Ride \u0219i Bike&amp;Ride, 26 de g\u0103ri noi, noduri intermodale, proiecte de agrement \u0219i sta\u021bii self-service pentru biciclete - Buletin de Bucure\u0219ti","isPartOf":{"@id":"https:\/\/buletin.de\/bucuresti\/#website"},"primaryImageOfPage":{"@id":"https:\/\/buletin.de\/bucuresti\/planurile-in-proces-de-actualizare-ale-ilfovului-parkride-uri-si-bikeride-uri-26-de-gari-noi-noduri-intermodale-proiecte-de-agrement-si-statii-self-service-pentru-bicic\/#primaryimage"},"image":{"@id":"https:\/\/buletin.de\/bucuresti\/planurile-in-proces-de-actualizare-ale-ilfovului-parkride-uri-si-bikeride-uri-26-de-gari-noi-noduri-intermodale-proiecte-de-agrement-si-statii-self-service-pentru-bicic\/#primaryimage"},"thumbnailUrl":"https:\/\/buletin.de\/bucuresti\/wp-content\/uploads\/Planurile-\u201ein-proces-de-actualizare-ale-Ilfovului-ParkRide-uri-si-BikeRide-uri-26-de-gari-noi-noduri-intermodale-proiecte-de-agrement-si-statii-self-service-pentru-biciclete.png","datePublished":"2024-09-02T05:34:14+00:00","dateModified":"2024-09-02T13:13:38+00:00","description":"Planurile \u201e\u00een proces de actualizare\u201d ale Ilfovului: Park&Ride \u0219i Bike&Ride, 26 de g\u0103ri noi, noduri intermodale, proiecte de agrement.","breadcrumb":{"@id":"https:\/\/buletin.de\/bucuresti\/planurile-in-proces-de-actualizare-ale-ilfovului-parkride-uri-si-bikeride-uri-26-de-gari-noi-noduri-intermodale-proiecte-de-agrement-si-statii-self-service-pentru-bicic\/#breadcrumb"},"inLanguage":"en-GB","potentialAction":[{"@type":"ReadAction","target":["https:\/\/buletin.de\/bucuresti\/planurile-in-proces-de-actualizare-ale-ilfovului-parkride-uri-si-bikeride-uri-26-de-gari-noi-noduri-intermodale-proiecte-de-agrement-si-statii-self-service-pentru-bicic\/"]}]},{"@type":"ImageObject","inLanguage":"en-GB","@id":"https:\/\/buletin.de\/bucuresti\/planurile-in-proces-de-actualizare-ale-ilfovului-parkride-uri-si-bikeride-uri-26-de-gari-noi-noduri-intermodale-proiecte-de-agrement-si-statii-self-service-pentru-bicic\/#primaryimage","url":"https:\/\/buletin.de\/bucuresti\/wp-content\/uploads\/Planurile-\u201ein-proces-de-actualizare-ale-Ilfovului-ParkRide-uri-si-BikeRide-uri-26-de-gari-noi-noduri-intermodale-proiecte-de-agrement-si-statii-self-service-pentru-biciclete.png","contentUrl":"https:\/\/buletin.de\/bucuresti\/wp-content\/uploads\/Planurile-\u201ein-proces-de-actualizare-ale-Ilfovului-ParkRide-uri-si-BikeRide-uri-26-de-gari-noi-noduri-intermodale-proiecte-de-agrement-si-statii-self-service-pentru-biciclete.png","width":1275,"height":738,"caption":"Planurile \u201e\u00een proces de actualizare\u201d ale Ilfovului Park&Ride-uri \u0219i Bike&Ride-uri, 26 de g\u0103ri noi, noduri intermodale, proiecte de agrement \u0219i sta\u021bii self-service pentru biciclete. FOTO: Elementor AI"},{"@type":"BreadcrumbList","@id":"https:\/\/buletin.de\/bucuresti\/planurile-in-proces-de-actualizare-ale-ilfovului-parkride-uri-si-bikeride-uri-26-de-gari-noi-noduri-intermodale-proiecte-de-agrement-si-statii-self-service-pentru-bicic\/#breadcrumb","itemListElement":[{"@type":"ListItem","position":1,"name":"Acas\u0103","item":"https:\/\/buletin.de\/bucuresti\/"},{"@type":"ListItem","position":2,"name":"Planurile \u201e\u00een proces de actualizare\u201d ale Ilfovului: Park&amp;Ride \u0219i Bike&amp;Ride, 26 de g\u0103ri noi, noduri intermodale, proiecte de agrement \u0219i sta\u021bii self-service pentru biciclete"}]},{"@type":"WebSite","@id":"https:\/\/buletin.de\/bucuresti\/#website","url":"https:\/\/buletin.de\/bucuresti\/","name":"Buletin de Bucure\u0219ti","description":"\u0218tiri \u0219i investiga\u021bii esen\u021biale din capital\u0103","publisher":{"@id":"https:\/\/buletin.de\/bucuresti\/#organization"},"potentialAction":[{"@type":"SearchAction","target":{"@type":"EntryPoint","urlTemplate":"https:\/\/buletin.de\/bucuresti\/?s={search_term_string}"},"query-input":{"@type":"PropertyValueSpecification","valueRequired":true,"valueName":"search_term_string"}}],"inLanguage":"en-GB"},{"@type":"Organization","@id":"https:\/\/buletin.de\/bucuresti\/#organization","name":"Buletin de Bucure\u0219ti","url":"https:\/\/buletin.de\/bucuresti\/","logo":{"@type":"ImageObject","inLanguage":"en-GB","@id":"https:\/\/buletin.de\/bucuresti\/#\/schema\/logo\/image\/","url":"https:\/\/buletin.de\/bucuresti\/wp-content\/uploads\/logo-bdb-full-wide-vernil-transparent.png","contentUrl":"https:\/\/buletin.de\/bucuresti\/wp-content\/uploads\/logo-bdb-full-wide-vernil-transparent.png","width":1782,"height":626,"caption":"Buletin de Bucure\u0219ti"},"image":{"@id":"https:\/\/buletin.de\/bucuresti\/#\/schema\/logo\/image\/"},"sameAs":["https:\/\/www.facebook.com\/buletin.de.buc","https:\/\/www.instagram.com\/buletinde.bucuresti\/"]},{"@type":"Person","@id":"https:\/\/buletin.de\/bucuresti\/#\/schema\/person\/31117187ed4d0bdb0a4c7d6acc79d0f8","name":"C\u0103t\u0103lin Dosca\u0219","image":{"@type":"ImageObject","inLanguage":"en-GB","@id":"https:\/\/buletin.de\/bucuresti\/wp-content\/uploads\/Catalin-Doscas-e1732731064764-96x96.jpga93e2943bb3b1c1f9ead823df6e6317a","url":"https:\/\/buletin.de\/bucuresti\/wp-content\/uploads\/Catalin-Doscas-e1732731064764-96x96.jpg","contentUrl":"https:\/\/buletin.de\/bucuresti\/wp-content\/uploads\/Catalin-Doscas-e1732731064764-96x96.jpg","caption":"C\u0103t\u0103lin Dosca\u0219"},"description":"Reporter \u0219i redactor-\u0219ef Buletin de Bucure\u0219ti. Lucreaz\u0103 \u00een mass-media de la v\u00e2rsta de 15 ani, c\u00e2nd a publicat primele articole \u00een presa local\u0103 din Tecuci. \u00cen Bucure\u0219ti a lucrat \u00een redac\u021bii radio ca reporter, redactor \u0219i prezentator (StudentFM, Na\u021bionalFM, Radio Total, Smart FM), unde a acoperit domeniile politic, economic, social \u0219i externe. Ulterior, a fost editor-coordonator al postului Realitatea FM. Experien\u021ba \u00een jurnalismul online a dob\u00e2ndit-o la portalul B365.ro, unde a fost editor. \u00cen 2012 s-a angajat \u00een televiziune. La Realitatea TV a fost, pe r\u00e2nd, reporter la sec\u021bia Social, reporter special la emisiunea de reportaje \u0219i anchete \u201eReporterii Realit\u0103\u021bii\u201d, dar \u0219i editor al jurnalelor de \u0219tiri. Ulterior, a f\u0103cut parte din sec\u021bia de Investiga\u021bii de la Digi24 \u0219i a lucrat la campania \u201eRom\u00e2nia furat\u0103\u201d. A revenit \u00een presa scris\u0103 \u00een 2017, ca reporter special, \u00een cadrul unui proiect de repozi\u021bionare a tabloidului Libertatea \u00een cotidian generalist. Este jurnalist Buletin de Bucure\u0219ti din 2019.","url":"https:\/\/buletin.de\/bucuresti\/author\/catalin\/"}]}},"authors":[{"term_id":22575,"user_id":10,"is_guest":0,"slug":"catalin","display_name":"C\u0103t\u0103lin Dosca\u0219","avatar_url":"https:\/\/buletin.de\/bucuresti\/wp-content\/uploads\/Catalin-Doscas-e1732731064764-96x96.jpg","0":null,"1":"","2":"","3":"","4":"","5":"","6":"","7":"","8":""}],"_links":{"self":[{"href":"https:\/\/buletin.de\/bucuresti\/wp-json\/wp\/v2\/posts\/96490","targetHints":{"allow":["GET"]}}],"collection":[{"href":"https:\/\/buletin.de\/bucuresti\/wp-json\/wp\/v2\/posts"}],"about":[{"href":"https:\/\/buletin.de\/bucuresti\/wp-json\/wp\/v2\/types\/post"}],"author":[{"embeddable":true,"href":"https:\/\/buletin.de\/bucuresti\/wp-json\/wp\/v2\/users\/10"}],"replies":[{"embeddable":true,"href":"https:\/\/buletin.de\/bucuresti\/wp-json\/wp\/v2\/comments?post=96490"}],"version-history":[{"count":7,"href":"https:\/\/buletin.de\/bucuresti\/wp-json\/wp\/v2\/posts\/96490\/revisions"}],"predecessor-version":[{"id":96524,"href":"https:\/\/buletin.de\/bucuresti\/wp-json\/wp\/v2\/posts\/96490\/revisions\/96524"}],"wp:featuredmedia":[{"embeddable":true,"href":"https:\/\/buletin.de\/bucuresti\/wp-json\/wp\/v2\/media\/96497"}],"wp:attachment":[{"href":"https:\/\/buletin.de\/bucuresti\/wp-json\/wp\/v2\/media?parent=96490"}],"wp:term":[{"taxonomy":"category","embeddable":true,"href":"https:\/\/buletin.de\/bucuresti\/wp-json\/wp\/v2\/categories?post=96490"},{"taxonomy":"post_tag","embeddable":true,"href":"https:\/\/buletin.de\/bucuresti\/wp-json\/wp\/v2\/tags?post=96490"},{"taxonomy":"author","embeddable":true,"href":"https:\/\/buletin.de\/bucuresti\/wp-json\/wp\/v2\/ppma_author?post=96490"}],"curies":[{"name":"wp","href":"https:\/\/api.w.org\/{rel}","templated":true}]}}