{"id":96402,"date":"2024-09-01T09:21:01","date_gmt":"2024-09-01T06:21:01","guid":{"rendered":"https:\/\/buletin.de\/bucuresti\/?p=96402"},"modified":"2024-09-02T11:36:39","modified_gmt":"2024-09-02T08:36:39","slug":"interviu-de-la-femeia-care-stapanea-pamanturile-din-nordul-capitalei-la-femeia-care-stapaneste-cerul-andreea-banesaru-profesoara-de-zbor-din-nationala-de-acrobatii","status":"publish","type":"post","link":"https:\/\/buletin.de\/bucuresti\/interviu-de-la-femeia-care-stapanea-pamanturile-din-nordul-capitalei-la-femeia-care-stapaneste-cerul-andreea-banesaru-profesoara-de-zbor-din-nationala-de-acrobatii\/","title":{"rendered":"INTERVIU | De la femeia care st\u0103p\u00e2nea p\u0103m\u00e2nturile din Nordul Capitalei la femeia care st\u0103p\u00e2ne\u0219te cerul B\u0103nesei. Andreea B\u0103nesaru, profesoara \u201ede zbor\u201d din na\u021bionala de acroba\u021bii"},"content":{"rendered":"\n<p><strong>\u00cenc\u0103 de mic\u0103, Andreea B\u0103nesaru a fost \u00eenconjurat\u0103 de avioane. Nu avea cu cine s\u0103 stea acas\u0103, a\u0219a c\u0103 mergea deseori la munc\u0103 al\u0103turi de p\u0103rin\u021bii s\u0103i, angaja\u021bi la Tarom. Nu erau pilo\u021bi, lucrau la sol.<\/strong><\/p>\n\n\n\n<p><strong>Vizitele dese au fost mai mult dec\u00e2t suficiente pentru a-i st\u00e2rni pasiunea. Costumele \u201estr\u0103lucitoare\u201d ale pilo\u021bilor \u00eei luau ochii. <\/strong><\/p>\n\n\n\n<blockquote class=\"wp-block-quote is-layout-flow wp-block-quote-is-layout-flow\">\n<p>Am zis c\u0103 vreau \u0219i eu s\u0103 m\u0103 \u00eembrac a\u0219a \u0219i s\u0103 devin ca ei.<\/p>\n<\/blockquote>\n\n\n\n<p><strong>Peste ani, visul i s-a \u00eendeplinit. Nu doar c\u0103 a reu\u0219it s\u0103 ajung\u0103 pilot, ci a devenit \u0219i membr\u0103 a echipei \u0218oimii Rom\u00e2niei (<a href=\"https:\/\/aeroclubulromaniei.ro\/page\/the-hawks-of-romania\">Hawks of Romania<\/a>), forma\u021bia na\u021bional\u0103 de acroba\u021bie aerian\u0103.<\/strong><\/p>\n\n\n\n<figure class=\"wp-block-gallery has-nested-images columns-default is-cropped wp-block-gallery-1 is-layout-flex wp-block-gallery-is-layout-flex\">\n<figure class=\"wp-block-image size-large\"><img fetchpriority=\"high\" decoding=\"async\" width=\"900\" height=\"675\" data-id=\"96434\" src=\"data:image\/gif;base64,R0lGODlhAQABAAAAACH5BAEKAAEALAAAAAABAAEAAAICTAEAOw==\" data-src=\"https:\/\/buletin.de\/bucuresti\/wp-content\/uploads\/IMG_7511-900x675.jpeg\" alt=\"Andreea B\u0103nesaru, la man\u0219a avionului\" class=\"wp-image-96434 lazyload\" data-sizes=\"auto\" data-srcset=\"https:\/\/buletin.de\/bucuresti\/wp-content\/uploads\/IMG_7511-900x675.jpeg 900w, https:\/\/buletin.de\/bucuresti\/wp-content\/uploads\/IMG_7511-300x225.jpeg 300w, https:\/\/buletin.de\/bucuresti\/wp-content\/uploads\/IMG_7511-768x576.jpeg 768w, https:\/\/buletin.de\/bucuresti\/wp-content\/uploads\/IMG_7511-1536x1152.jpeg 1536w, https:\/\/buletin.de\/bucuresti\/wp-content\/uploads\/IMG_7511-1600x1200.jpeg 1600w, https:\/\/buletin.de\/bucuresti\/wp-content\/uploads\/IMG_7511-1100x825.jpeg 1100w, https:\/\/buletin.de\/bucuresti\/wp-content\/uploads\/IMG_7511-600x450.jpeg 600w, https:\/\/buletin.de\/bucuresti\/wp-content\/uploads\/IMG_7511-20x15.jpeg 20w, https:\/\/buletin.de\/bucuresti\/wp-content\/uploads\/IMG_7511.jpeg 2000w\" sizes=\"(max-width: 900px) 100vw, 900px\" \/><\/figure>\n\n\n\n<figure class=\"wp-block-image size-large\"><img decoding=\"async\" width=\"900\" height=\"595\" data-id=\"96410\" src=\"data:image\/gif;base64,R0lGODlhAQABAAAAACH5BAEKAAEALAAAAAABAAEAAAICTAEAOw==\" data-src=\"https:\/\/buletin.de\/bucuresti\/wp-content\/uploads\/WhatsApp-Image-2024-09-01-at-05.11.29_b2969dc1-900x595.jpg\" alt=\"Andreea B\u0103nesaru, la man\u0219a avionului\" class=\"wp-image-96410 lazyload\" data-sizes=\"auto\" data-srcset=\"https:\/\/buletin.de\/bucuresti\/wp-content\/uploads\/WhatsApp-Image-2024-09-01-at-05.11.29_b2969dc1-900x595.jpg 900w, https:\/\/buletin.de\/bucuresti\/wp-content\/uploads\/WhatsApp-Image-2024-09-01-at-05.11.29_b2969dc1-300x198.jpg 300w, https:\/\/buletin.de\/bucuresti\/wp-content\/uploads\/WhatsApp-Image-2024-09-01-at-05.11.29_b2969dc1-768x508.jpg 768w, https:\/\/buletin.de\/bucuresti\/wp-content\/uploads\/WhatsApp-Image-2024-09-01-at-05.11.29_b2969dc1-1100x728.jpg 1100w, https:\/\/buletin.de\/bucuresti\/wp-content\/uploads\/WhatsApp-Image-2024-09-01-at-05.11.29_b2969dc1-600x397.jpg 600w, https:\/\/buletin.de\/bucuresti\/wp-content\/uploads\/WhatsApp-Image-2024-09-01-at-05.11.29_b2969dc1-20x13.jpg 20w, https:\/\/buletin.de\/bucuresti\/wp-content\/uploads\/WhatsApp-Image-2024-09-01-at-05.11.29_b2969dc1.jpg 1170w\" sizes=\"(max-width: 900px) 100vw, 900px\" \/><\/figure>\n<\/figure>\n\n\n\n<p>Prima dat\u0103 a zburat la 16 ani, c\u00e2nd a \u00eenceput <a href=\"https:\/\/aeroclubulromaniei.ro\/page\/cursuri-gratuite\">cursurile gratuite din cadrul Aeroclubului Rom\u00e2niei. <\/a>La 17 ani avea deja brevet de zbor, iar la 19 ani era angajat\u0103 ca instructor de zbor la Aeroclub. Tot atunci a \u00eenceput \u0219i acroba\u021bia.<\/p>\n\n\n\n<p>Acum, particip\u0103 la competi\u021bii na\u021bionale \u0219i interna\u021bionale at\u00e2t solo, c\u00e2t \u0219i \u00een forma\u021bie, al\u0103turi de restul \u0218oimilor. Este singura femeie \u0219i cea mai t\u00e2n\u0103r\u0103 din echip\u0103.<\/p>\n\n\n\n<p>Anul trecut a ob\u021binut locul II la Campionatul Na\u021bional de Acroba\u021bie. Ast\u0103zi, 1 septembrie, este prima zi din cadrul campionatului european, pentru care are mari emo\u021bii.  <\/p>\n\n\n\n<p>\u00cen timpul spectacolelor, sute de priviri sunt a\u021bintite spre ea, urm\u0103rindu-i cu emo\u021bie fiecare r\u0103sucire. S\u00e2mb\u0103t\u0103, 31 august, <a href=\"https:\/\/buletin.de\/bucuresti\/programul-bias-2024-acrobatii-aeriene-pe-aeroportul-baneasa\/\">a fost prezent\u0103 la BIAS 2024<\/a>, pe Aeroportul B\u0103neasa, unde mii de oameni i-au admirat acroba\u021biile. Andreea le-a mul\u021bumit, la r\u00e2ndu-i, \u00een felul ei, printr-un desen pe cer.<\/p>\n\n\n\n<figure class=\"wp-block-video\"><video height=\"480\" style=\"aspect-ratio: 848 \/ 480;\" width=\"848\" controls src=\"https:\/\/buletin.de\/bucuresti\/wp-content\/uploads\/WhatsApp-Video-2024-09-01-at-06.51.03_75c0a62c.mp4\"><\/video><\/figure>\n\n\n\n<p class=\"has-light-green-cyan-background-color has-background has-small-font-size\"><strong><em>Cartierul B\u0103neasa, fosta \u201ecomuna suburban\u0103 B\u0103neasa\u201d, a luat na\u0219tere pe o por\u021biune din vechea mo\u0219ie a Mariei Bibescu, contes\u0103 de Montesquiou-F\u00e9zensac. Denumirea satului, \u0219i mai apoi a comunei \u0219i cartierului bucure\u0219tean B\u0103neasa, vine de la so\u021bia (b\u0103neasa) banului Mare\u0219 din secolul XVII. <\/em><\/strong><\/p>\n\n\n\n<p class=\"has-light-green-cyan-background-color has-background has-small-font-size\"><br><strong><em>\u00cen 1910 apare prima atestare documentara \u00een presa vremii a Aeroportului Interna\u021bional Bucure\u0219ti B\u0103neasa &#8211; Aurel Vlaicu, c\u00e2nd pe &#8220;c\u00e2mpul de la B\u0103neasa&#8221;(fostul hipodrom de la Baneasa dupa 1920), Aurel Vlaicu prezint\u0103 c\u00e2teva evolu\u021bii cu avionul construit chiar de el, la mitingul aviatic organizat la acea vreme. \u00cen prezent, Aeroportul B\u0103neasa este al treilea cel mai vechi aeroport din lume \u00eenc\u0103 func\u021b<\/em><\/strong><em><strong>ional \u0219i g\u0103zduie\u0219te anual Bucharest International Air Show &amp; General Aviation Exhibition, cel mai mare show aviatic din Rom\u00e2nia.<\/strong><\/em><\/p>\n\n\n\n<h2 class=\"wp-block-heading\" id=\"h-andreea-banesaru-membra-a-\u0219oimilor-romaniei-imi-place-foarte-mult-sa-zbor-ca-\u0219i-aripa-dreapta\">Andreea B\u0103nesaru, membr\u0103 a \u0218oimilor Rom\u00e2niei: <strong>\u00cemi place foarte mult s\u0103 zbor ca \u0219i arip\u0103 dreapt\u0103<\/strong><\/h2>\n\n\n\n<h4 class=\"wp-block-heading\" id=\"h-buletin-de-bucure\u0219ti-cand-te-ai-urcat-pentru-prima-data-intr-un-avion\">Buletin de Bucure\u0219ti: C\u00e2nd te-ai urcat pentru prima dat\u0103 \u00eentr-un avion?<\/h4>\n\n\n\n<p><strong>Andreea B\u0103nesaru: <\/strong><em>Cred c\u0103 prima dat\u0103 m-am urcat \u00eentr-un avion \u00een Hangarul Taromului.<strong> Era un eveniment organizat de Cr\u0103ciun, pentru copii \u0219i am avut \u0219ansa s\u0103 intru \u00eentr-un cockpit de Boeing 737.<\/strong><\/em><\/p>\n\n\n\n<p><em>Atunci a fost primul meu contact cu o aeronav\u0103. Bine\u00een\u021beles, ca orice copil, am v\u0103zut foarte multe butoane, foarte multe lumini. Mi-a pl\u0103cut sentimentul.<\/em><\/p>\n\n\n\n<figure class=\"wp-block-gallery has-nested-images columns-default is-cropped wp-block-gallery-2 is-layout-flex wp-block-gallery-is-layout-flex\">\n<figure class=\"wp-block-image size-large\"><img decoding=\"async\" width=\"900\" height=\"578\" data-id=\"96435\" src=\"data:image\/gif;base64,R0lGODlhAQABAAAAACH5BAEKAAEALAAAAAABAAEAAAICTAEAOw==\" data-src=\"https:\/\/buletin.de\/bucuresti\/wp-content\/uploads\/IMG_6162-900x578.jpeg\" alt=\"Andreea B\u0103nesaru \u00een cabina de pilotaj\/ Foto: Andreea B\u0103nesaru\" class=\"wp-image-96435 lazyload\" data-sizes=\"auto\" data-srcset=\"https:\/\/buletin.de\/bucuresti\/wp-content\/uploads\/IMG_6162-900x578.jpeg 900w, https:\/\/buletin.de\/bucuresti\/wp-content\/uploads\/IMG_6162-300x193.jpeg 300w, https:\/\/buletin.de\/bucuresti\/wp-content\/uploads\/IMG_6162-768x494.jpeg 768w, https:\/\/buletin.de\/bucuresti\/wp-content\/uploads\/IMG_6162-1536x987.jpeg 1536w, https:\/\/buletin.de\/bucuresti\/wp-content\/uploads\/IMG_6162-1600x1028.jpeg 1600w, https:\/\/buletin.de\/bucuresti\/wp-content\/uploads\/IMG_6162-1100x707.jpeg 1100w, https:\/\/buletin.de\/bucuresti\/wp-content\/uploads\/IMG_6162-600x386.jpeg 600w, https:\/\/buletin.de\/bucuresti\/wp-content\/uploads\/IMG_6162-20x13.jpeg 20w, https:\/\/buletin.de\/bucuresti\/wp-content\/uploads\/IMG_6162.jpeg 2048w\" sizes=\"(max-width: 900px) 100vw, 900px\" \/><figcaption class=\"wp-element-caption\">Andreea B\u0103nesaru \u00een cabina de pilotaj\/ Foto: Andreea B\u0103nesaru<\/figcaption><\/figure>\n\n\n\n<figure class=\"wp-block-image size-large\"><a href=\"https:\/\/buletin.de\/bucuresti\/wp-content\/uploads\/Cockpit-1.png\"><img loading=\"lazy\" decoding=\"async\" width=\"900\" height=\"523\" data-id=\"96406\" src=\"data:image\/gif;base64,R0lGODlhAQABAAAAACH5BAEKAAEALAAAAAABAAEAAAICTAEAOw==\" data-src=\"https:\/\/buletin.de\/bucuresti\/wp-content\/uploads\/Cockpit-1-900x523.png\" alt=\"Cabina de pilotaj Boeing 737 NG. Foto: Captur\u0103 de ecran\/ Youtube\/ AviaLearn\" class=\"wp-image-96406 lazyload\" data-sizes=\"auto\" data-srcset=\"https:\/\/buletin.de\/bucuresti\/wp-content\/uploads\/Cockpit-1-900x523.png 900w, https:\/\/buletin.de\/bucuresti\/wp-content\/uploads\/Cockpit-1-300x174.png 300w, https:\/\/buletin.de\/bucuresti\/wp-content\/uploads\/Cockpit-1-768x446.png 768w, https:\/\/buletin.de\/bucuresti\/wp-content\/uploads\/Cockpit-1-1100x639.png 1100w, https:\/\/buletin.de\/bucuresti\/wp-content\/uploads\/Cockpit-1-600x349.png 600w, https:\/\/buletin.de\/bucuresti\/wp-content\/uploads\/Cockpit-1-20x12.png 20w, https:\/\/buletin.de\/bucuresti\/wp-content\/uploads\/Cockpit-1.png 1208w\" sizes=\"(max-width: 900px) 100vw, 900px\" \/><\/a><\/figure>\n<\/figure>\n\n\n\n<h4 class=\"wp-block-heading\" id=\"h-care-sunt-costurile-necesare-pentru-a-deveni-pilot\">Care sunt costurile necesare pentru a deveni pilot?<\/h4>\n\n\n\n<p><em>Ca s\u0103 devii pilot privat, ai nevoie de PPL-A (Private Pilot License), care este un program de 45 de ore de zbor \u0219i, bine\u00een\u021beles, 102 ore de teorie \u00eenainte. <\/em><\/p>\n\n\n\n<p><em><strong>Este practic prima calificare pe care o ob\u021bii indiferent dac\u0103 vrei s\u0103 te faci pilot acrobat sau pilot de linie.<\/strong><\/em><\/p>\n\n\n\n<p><em>Costurile depind foarte mult de \u0219coal\u0103 sau de tipul de aeronav\u0103. Pot s\u0103 v\u0103 dau un cost estimativ, <strong>\u00eentre 7.000 \u0219i 12.000 de euro.<\/strong> Asta depinde de aeronav\u0103.<\/em><\/p>\n\n\n\n<h4 class=\"wp-block-heading\" id=\"h-care-ar-fi-principala-diferen\u021ba-intre-un-zbor-acrobatic-solo-\u0219i-cel-in-forma\u021bie-ai-vreo-preferin\u021ba-in-acest-sens\">Care ar fi principala diferen\u021b\u0103 \u00eentre un zbor acrobatic solo \u0219i cel \u00een forma\u021bie? Ai vreo preferin\u021b\u0103 \u00een acest sens?<\/h4>\n\n\n\n<p><em>Zborul \u00een forma\u021bie, fa\u021b\u0103 de un zbor acrobatic solo, este mult mai complex. Trebuie mult mai mult\u0103 <strong>coordonare<\/strong>, mult mai mult\u0103 <strong>comunicare<\/strong>, mai ales pentru public, la un show aviatic.<\/em><\/p>\n\n\n\n<blockquote class=\"wp-block-quote is-layout-flow wp-block-quote-is-layout-flow\">\n<p>Zborul \u00een forma\u021bie este mult mai preten\u021bios, deoarece orice gre\u0219eal\u0103 de mi\u0219care, sus, jos, st\u00e2nga, dreapta, se vede.<\/p>\n<\/blockquote>\n\n\n\n<p><em>\u00cens\u0103 la solo, dup\u0103 at\u00e2tea r\u0103suciri, publicul nu reu\u0219e\u0219te s\u0103-\u0219i dea seama dac\u0103 a\u0219a am vrut sau dac\u0103 nu mi-a ie\u0219it.<\/em><\/p>\n\n\n\n<iframe width=\"560\" height=\"315\" src=\"https:\/\/www.youtube.com\/embed\/85ozQJ3yRN0?si=RZowYKRMNpmxISE3\" title=\"YouTube video player\" frameborder=\"0\" allow=\"accelerometer; autoplay; clipboard-write; encrypted-media; gyroscope; picture-in-picture; web-share\" referrerpolicy=\"strict-origin-when-cross-origin\" allowfullscreen><\/iframe>\n\n\n\n<p><em><strong>Personal, prefer s\u0103 fiu solo.<\/strong> A\u0219a am \u00eenceput \u00een 2022 cu echipa \u0219i a\u0219a am \u0219i r\u0103mas, pentru c\u0103 sunt solo \u00een echipa mare a veteranilor, <strong>\u0218oimii Rom\u00e2niei<\/strong>.<\/em><\/p>\n\n\n\n<p><em><strong>\u00cemi place foarte mult s\u0103 zbor ca \u0219i arip\u0103 dreapt\u0103.<\/strong> Dreapta este pozi\u021bia mea principal\u0103 \u00een forma\u021bie, pentru c\u0103 fiecare pilot are o pozi\u021bie pe care o \u00eenva\u021b\u0103 \u0219i de care se \u021bine. \u0218i pozi\u021bia mea este dreapta, dar \u0219i solo \u00een multe spectacole.<\/em><\/p>\n\n\n\n<h4 class=\"wp-block-heading\" id=\"h-care-este-cel-mai-important-lucru-pe-care-l-ai-inva\u021bat-ca-membra-a-echipei-\u0219oimii-romaniei\">Care este cel mai important lucru pe care l-ai \u00eenv\u0103\u021bat ca membr\u0103 a echipei \u0218oimii Rom\u00e2niei?<\/h4>\n\n\n\n<blockquote class=\"wp-block-quote is-layout-flow wp-block-quote-is-layout-flow\">\n<p>Cred c\u0103 cel mai important lucru a fost munca \u00een echip\u0103. Zborul acrobatic implic\u0103 foarte mult r\u0103bdare \u0219i lucru \u00een echip\u0103, mai ales la echipare.<\/p>\n<\/blockquote>\n\n\n\n<p><em>\u00centotdeauna c\u00e2nd se preg\u0103te\u0219te un coleg de forma\u021bie de zbor \u0219i unul dintre noi este la sol, \u00eel ajut\u0103m s\u0103-i d\u0103m centurile, s\u0103 ne asigur\u0103m c\u0103 nu sunt lucruri \u00een cabin\u0103 \u0219i nu urmeaz\u0103 s\u0103 pluteasc\u0103, s\u0103-l ajut\u0103m la str\u00e2ngerea chingilor.<\/em><\/p>\n\n\n\n<figure class=\"wp-block-image size-large\"><img loading=\"lazy\" decoding=\"async\" width=\"900\" height=\"586\" src=\"data:image\/gif;base64,R0lGODlhAQABAAAAACH5BAEKAAEALAAAAAABAAEAAAICTAEAOw==\" data-src=\"https:\/\/buletin.de\/bucuresti\/wp-content\/uploads\/5499ccb2-be8c-4b38-974e-97250292a5f7-900x586.jpeg\" alt=\"Cabina de pilotaj Boeing 737 NG. Foto: Captur\u0103 de ecran\/ Youtube\/ AviaLearn\" class=\"wp-image-96445 lazyload\" data-sizes=\"auto\" data-srcset=\"https:\/\/buletin.de\/bucuresti\/wp-content\/uploads\/5499ccb2-be8c-4b38-974e-97250292a5f7-900x586.jpeg 900w, https:\/\/buletin.de\/bucuresti\/wp-content\/uploads\/5499ccb2-be8c-4b38-974e-97250292a5f7-300x195.jpeg 300w, https:\/\/buletin.de\/bucuresti\/wp-content\/uploads\/5499ccb2-be8c-4b38-974e-97250292a5f7-768x500.jpeg 768w, https:\/\/buletin.de\/bucuresti\/wp-content\/uploads\/5499ccb2-be8c-4b38-974e-97250292a5f7-1536x999.jpeg 1536w, https:\/\/buletin.de\/bucuresti\/wp-content\/uploads\/5499ccb2-be8c-4b38-974e-97250292a5f7-1100x716.jpeg 1100w, https:\/\/buletin.de\/bucuresti\/wp-content\/uploads\/5499ccb2-be8c-4b38-974e-97250292a5f7-600x390.jpeg 600w, https:\/\/buletin.de\/bucuresti\/wp-content\/uploads\/5499ccb2-be8c-4b38-974e-97250292a5f7-20x13.jpeg 20w, https:\/\/buletin.de\/bucuresti\/wp-content\/uploads\/5499ccb2-be8c-4b38-974e-97250292a5f7.jpeg 1600w\" sizes=\"(max-width: 900px) 100vw, 900px\" \/><\/figure>\n\n\n\n<h4 class=\"wp-block-heading\" id=\"h-ce-le-ai-recomanda-celor-care-vor-sa-se-indrepte-in-aceasta-direc\u021bie\">Ce le-ai recomanda celor care vor s\u0103 se \u00eendrepte \u00een aceast\u0103 direc\u021bie?<\/h4>\n\n\n\n<p><em>Dac\u0103 au aceast\u0103 pasiune &#8211; avia\u021bia, le-a\u0219 recomanda s\u0103 nu renun\u021be.<strong> \u00centr-adev\u0103r, se spune c\u0103 trebuie s\u0103 ai pu\u021bin talent, dar talentul se \u0219i acumuleaz\u0103 \u00een timp.<\/strong><\/em><\/p>\n\n\n\n<p><em>Un exemplu personal, <strong>eu nu am fost un talent de la 16 ani.<\/strong> Am avut un nivel mediu \u0219i apoi, o cre\u0219tere foarte rapid\u0103.<\/em><\/p>\n\n\n\n<blockquote class=\"wp-block-quote is-layout-flow wp-block-quote-is-layout-flow\">\n<p>Dac\u0103 \u00ee\u0219i doresc cu adev\u0103rat s\u0103 fac\u0103 avia\u021bie, s\u0103 aib\u0103 \u00eencredere \u00een ei \u0219i s\u0103 nu renun\u021be la visul lor, pentru c\u0103 este o lume \u00een care dac\u0103 intri, greu mai ie\u0219i.<\/p>\n<\/blockquote>\n\n\n\n<h4 class=\"wp-block-heading\" id=\"h-ce-provocari-au-aparut-in-parcursul-tau-profesional-au-existat-\u0219i-momente-tensionate\">Ce provoc\u0103ri au ap\u0103rut \u00een parcursul t\u0103u profesional? Au existat \u0219i momente tensionate?<\/h4>\n\n\n\n<p><em><strong>Momentele tensionate, probabil, vor fi la acest concurs european. Am sim\u021bit aceast\u0103 presiune \u0219i la Campionaul Na\u021bional, dar acum&#8230;<\/strong><\/em><\/p>\n\n\n\n<p><em>De obicei, <strong>pilo\u021bii se transform\u0103 \u00een astfel de competi\u021bii<\/strong>. Sunt foarte concentra\u021bi, sunt foarte serio\u0219i. Doar \u00ee\u0219i repet\u0103 programul, pentru c\u0103, indiferent de c\u00e2t de bun sau slab ai fi, nu conteaz\u0103 gradul t\u0103u de experien\u021b\u0103.<\/em><\/p>\n\n\n\n<blockquote class=\"wp-block-quote is-layout-flow wp-block-quote-is-layout-flow\">\n<p>Conteaz\u0103 doar ce faci \u00een \u0219apte minute de zbor, iar cei opt arbitri de la sol \u00ee\u021bi dau note.<\/p>\n<\/blockquote>\n\n\n\n<p><em>Cred c\u0103 momentul competi\u021biei este cel mai stresant.<\/em><\/p>\n\n\n\n<figure class=\"wp-block-image size-large\"><img loading=\"lazy\" decoding=\"async\" width=\"900\" height=\"655\" src=\"data:image\/gif;base64,R0lGODlhAQABAAAAACH5BAEKAAEALAAAAAABAAEAAAICTAEAOw==\" data-src=\"https:\/\/buletin.de\/bucuresti\/wp-content\/uploads\/IMG_1686-900x655.jpeg\" alt=\"\" class=\"wp-image-96444 lazyload\" data-sizes=\"auto\" data-srcset=\"https:\/\/buletin.de\/bucuresti\/wp-content\/uploads\/IMG_1686-900x655.jpeg 900w, https:\/\/buletin.de\/bucuresti\/wp-content\/uploads\/IMG_1686-300x218.jpeg 300w, https:\/\/buletin.de\/bucuresti\/wp-content\/uploads\/IMG_1686-768x559.jpeg 768w, https:\/\/buletin.de\/bucuresti\/wp-content\/uploads\/IMG_1686-1536x1118.jpeg 1536w, https:\/\/buletin.de\/bucuresti\/wp-content\/uploads\/IMG_1686-1600x1165.jpeg 1600w, https:\/\/buletin.de\/bucuresti\/wp-content\/uploads\/IMG_1686-1100x801.jpeg 1100w, https:\/\/buletin.de\/bucuresti\/wp-content\/uploads\/IMG_1686-600x437.jpeg 600w, https:\/\/buletin.de\/bucuresti\/wp-content\/uploads\/IMG_1686-20x15.jpeg 20w, https:\/\/buletin.de\/bucuresti\/wp-content\/uploads\/IMG_1686.jpeg 1875w\" sizes=\"(max-width: 900px) 100vw, 900px\" \/><\/figure>\n\n\n\n<h4 class=\"wp-block-heading\" id=\"h-cum-arata-antrenamentul-tau-inaintea-unei-competi\u021bii\">Cum arat\u0103 antrenamentul t\u0103u \u00eenaintea unei competi\u021bii?<\/h4>\n\n\n\n<p><em><strong>Nu m\u0103 antrenez zilnic. \u00cen timpul s\u0103pt\u0103m\u00e2nii, am ore de instruc\u021bie. De obicei, fac 5-6 ore pe zi. \u00cemi programez elevi zilnic la zbor, pentru aceast\u0103 calificare PPL de care vorbeam mai devreme.<\/strong><\/em><\/p>\n\n\n\n<p><em>De vineri p\u00e2n\u0103 duminica alternez instruc\u021bia cu acroba\u021bia. <strong>De obicei am 2-3 ie\u0219iri pe zi de acroba\u021bie sau de forma\u021bie. \u00cen plus, avem cantonamente dedicate special pentru preg\u0103tirea unui concurs european sau mondial.<\/strong><\/em><\/p>\n\n\n\n<h4 class=\"wp-block-heading\" id=\"h-cum-te-sim\u021bi-in-pozi\u021bia-de-instructor\">Cum te sim\u021bi \u00een pozi\u021bia de instructor?<\/h4>\n\n\n\n<p><em><strong>E foarte frumos<\/strong>, mai ales atunci c\u00e2nd vezi c\u0103 elevul \u00eenva\u021b\u0103 \u0219i are rezultate dup\u0103.<\/em><\/p>\n\n\n\n<blockquote class=\"wp-block-quote is-layout-flow wp-block-quote-is-layout-flow\">\n<p>Probabil, cel mai greu moment \u00eentr-un zbor de instruc\u021bie este atunci c\u00e2nd elevul zboar\u0103 singur.<\/p>\n<\/blockquote>\n\n\n\n<p><em>\u00centr-un program de 45 de ore, elevul este \u00een simpl\u0103 comand\u0103 10 ore, iar instructorul st\u0103 la sol cu sta\u021bia. \u00cens\u0103 ai un sentiment foarte pl\u0103cut, mai ales la <strong>prima simpl\u0103<\/strong>, cum \u00eei spunem noi.<\/em><\/p>\n\n\n\n<h4 class=\"wp-block-heading\" id=\"h-ne-po\u021bi-da-cateva-detalii-despre-planurile-tale-de-viitor\">Ne po\u021bi da c\u00e2teva detalii despre planurile tale de viitor?<\/h4>\n\n\n\n<p><em>Planurile mele de viitor ar fi s\u0103 particip la o clas\u0103 mult mai avansat\u0103, la un <strong>campionat european<\/strong>, s\u0103 avansez cu forma\u021bia, s\u0103 particip la c\u00e2t mai multe <strong>show-uri na\u021bionale \u0219i interna\u021bionale<\/strong> al\u0103turi de ei.<\/em><\/p>\n\n\n\n<p><em>\u0218i bine\u00een\u021beles, s\u0103 \u00eencep s\u0103 fac din ce \u00een ce mai multe<strong> figuri acrobatice \u00een forma\u021bie<\/strong>, pentru c\u0103 sunt cele mai complexe.<\/em><\/p>\n\n\n\n<figure class=\"wp-block-image size-large\"><a href=\"https:\/\/buletin.de\/bucuresti\/wp-content\/uploads\/IMG_7876.jpeg\"><img loading=\"lazy\" decoding=\"async\" width=\"900\" height=\"506\" src=\"data:image\/gif;base64,R0lGODlhAQABAAAAACH5BAEKAAEALAAAAAABAAEAAAICTAEAOw==\" data-src=\"https:\/\/buletin.de\/bucuresti\/wp-content\/uploads\/IMG_7876-900x506.jpeg\" alt=\"\" class=\"wp-image-96420 lazyload\" data-sizes=\"auto\" data-srcset=\"https:\/\/buletin.de\/bucuresti\/wp-content\/uploads\/IMG_7876-900x506.jpeg 900w, https:\/\/buletin.de\/bucuresti\/wp-content\/uploads\/IMG_7876-300x169.jpeg 300w, https:\/\/buletin.de\/bucuresti\/wp-content\/uploads\/IMG_7876-768x432.jpeg 768w, https:\/\/buletin.de\/bucuresti\/wp-content\/uploads\/IMG_7876-600x338.jpeg 600w, https:\/\/buletin.de\/bucuresti\/wp-content\/uploads\/IMG_7876-20x11.jpeg 20w, https:\/\/buletin.de\/bucuresti\/wp-content\/uploads\/IMG_7876.jpeg 960w\" sizes=\"(max-width: 900px) 100vw, 900px\" \/><\/a><\/figure>\n\n\n\n<p><strong>Andreea B\u0103nesaru a primit insigna \u0218oimilor \u00een 2022, tot pe Aeroportul B\u0103neasa, \u00een urma spectacolului BIAS din acel an.<\/strong><\/p>\n\n\n\n<p>Echipa \u0218oimii Rom\u00e2niei este forma\u021bia na\u021bional\u0103&nbsp;de acroba\u021bie aerian\u0103&nbsp;din cadrul Aeroclubului Rom\u00e2niei. Aceasta este format\u0103 din 11 membri \u0219i este condus\u0103 de pilotul acrobat George Rotaru, instructor de zbor \u0219i director al Aeroclubului.<\/p>\n\n\n\n<p>\u00cen prezent, flota este format\u0103 din 5 aeronave Extra 300L \u0219i 5 Extra 330SC, f\u0103c\u00e2nd-o astfel una dintre cele mai mari forma\u021bii&nbsp;Extra 300\/330 din lume.<\/p>\n\n\n\n<p>CITE\u0218TE \u0218I:<a href=\"https:\/\/buletin.de\/bucuresti\/primaria-voluntari-despre-dezvaluirile-bdb-privind-pelerinajul-mamut-de-la-sf-parascheva-aspecte-exagerate-transformate-in-aberatii-ale-imaginatiei-unui-asa-zis-reporter\/\"><strong> Prim\u0103ria Voluntari despre dezv\u0103luirile BdB privind pelerinajul-mamut de la Sf. Parascheva: \u201eAspecte exagerate, transformate \u00een abera\u021bii ale imagina\u021biei unui a\u0219a-zis reporter\u201d<\/strong><\/a><\/p>\n","protected":false},"excerpt":{"rendered":"<p>\u00cenc\u0103 de mic\u0103, Andreea B\u0103nesaru a fost \u00eenconjurat\u0103 de avioane. Nu avea cu cine s\u0103 stea acas\u0103, a\u0219a c\u0103 mergea deseori la munc\u0103 al\u0103turi de p\u0103rin\u021bii s\u0103i, angaja\u021bi la Tarom. Nu erau pilo\u021bi, lucrau la sol. Vizitele dese au fost mai mult dec\u00e2t suficiente pentru a-i st\u00e2rni pasiunea. Costumele \u201estr\u0103lucitoare\u201d ale pilo\u021bilor \u00eei luau ochii. [&hellip;]<\/p>\n","protected":false},"author":55,"featured_media":96461,"comment_status":"closed","ping_status":"open","sticky":false,"template":"","format":"standard","meta":{"_acf_changed":false,"inline_featured_image":false,"ngg_post_thumbnail":0,"footnotes":""},"categories":[6994,3421,3238,5762],"tags":[14698,4400,14697,12929,14701,14699,14700,14702],"ppma_author":[22573],"class_list":["post-96402","post","type-post","status-publish","format-standard","has-post-thumbnail","hentry","category-stiri-2","category-educatie","category-interviu","category-main","tag-acrobatii-aeriene","tag-aeroport-baneasa","tag-andreea-banesaru","tag-bias-2024","tag-campionatul-european-de-acrobatie","tag-piloti-acrobati","tag-show-aviatic","tag-soimii-romaniei"],"acf":[],"yoast_head":"<!-- This site is optimized with the Yoast SEO Premium plugin v25.3 (Yoast SEO v27.5) - https:\/\/yoast.com\/product\/yoast-seo-premium-wordpress\/ -->\n<title>INTERVIU | De la femeia care st\u0103p\u00e2nea p\u0103m\u00e2nturile din Nordul Capitalei la femeia care st\u0103p\u00e2ne\u0219te cerul B\u0103nesei. Andreea B\u0103nesaru, profesoara \u201ede zbor\u201d din na\u021bionala de acroba\u021bii - Buletin de Bucure\u0219ti<\/title>\n<meta name=\"description\" content=\"Andreea B\u0103nesaru, profesoara \u201ede zbor\u201d din na\u021bionala de acroba\u021bii. Femeia care st\u0103p\u00e2ne\u0219te cerul B\u0103nesei. Discu\u021bie dup\u0103 BIAS 2024.\" \/>\n<meta name=\"robots\" content=\"index, follow, max-snippet:-1, max-image-preview:large, max-video-preview:-1\" \/>\n<link rel=\"canonical\" href=\"https:\/\/buletin.de\/bucuresti\/interviu-de-la-femeia-care-stapanea-pamanturile-din-nordul-capitalei-la-femeia-care-stapaneste-cerul-andreea-banesaru-profesoara-de-zbor-din-nationala-de-acrobatii\/\" \/>\n<meta property=\"og:locale\" content=\"en_GB\" \/>\n<meta property=\"og:type\" content=\"article\" \/>\n<meta property=\"og:title\" content=\"INTERVIU | De la femeia care st\u0103p\u00e2nea p\u0103m\u00e2nturile din Nordul Capitalei la femeia care st\u0103p\u00e2ne\u0219te cerul B\u0103nesei. Andreea B\u0103nesaru, profesoara \u201ede zbor\u201d din na\u021bionala de acroba\u021bii\" \/>\n<meta property=\"og:description\" content=\"Andreea B\u0103nesaru, profesoara \u201ede zbor\u201d din na\u021bionala de acroba\u021bii. Femeia care st\u0103p\u00e2ne\u0219te cerul B\u0103nesei. Discu\u021bie dup\u0103 BIAS 2024.\" \/>\n<meta property=\"og:url\" content=\"https:\/\/buletin.de\/bucuresti\/interviu-de-la-femeia-care-stapanea-pamanturile-din-nordul-capitalei-la-femeia-care-stapaneste-cerul-andreea-banesaru-profesoara-de-zbor-din-nationala-de-acrobatii\/\" \/>\n<meta property=\"og:site_name\" content=\"Buletin de Bucure\u0219ti\" \/>\n<meta property=\"article:publisher\" content=\"https:\/\/www.facebook.com\/buletin.de.buc\" \/>\n<meta property=\"article:published_time\" content=\"2024-09-01T06:21:01+00:00\" \/>\n<meta property=\"article:modified_time\" content=\"2024-09-02T08:36:39+00:00\" \/>\n<meta property=\"og:image\" content=\"https:\/\/buletin.de\/bucuresti\/wp-content\/uploads\/banesaru.jpg\" \/>\n\t<meta property=\"og:image:width\" content=\"2000\" \/>\n\t<meta property=\"og:image:height\" content=\"1468\" \/>\n\t<meta property=\"og:image:type\" content=\"image\/jpeg\" \/>\n<meta name=\"author\" content=\"Andreea Tudor\" \/>\n<meta name=\"twitter:card\" content=\"summary_large_image\" \/>\n<meta name=\"twitter:label1\" content=\"Written by\" \/>\n\t<meta name=\"twitter:data1\" content=\"Andreea Tudor\" \/>\n\t<meta name=\"twitter:label2\" content=\"Estimated reading time\" \/>\n\t<meta name=\"twitter:data2\" content=\"7 minutes\" \/>\n<script type=\"application\/ld+json\" class=\"yoast-schema-graph\">{\"@context\":\"https:\\\/\\\/schema.org\",\"@graph\":[{\"@type\":\"Article\",\"@id\":\"https:\\\/\\\/buletin.de\\\/bucuresti\\\/interviu-de-la-femeia-care-stapanea-pamanturile-din-nordul-capitalei-la-femeia-care-stapaneste-cerul-andreea-banesaru-profesoara-de-zbor-din-nationala-de-acrobatii\\\/#article\",\"isPartOf\":{\"@id\":\"https:\\\/\\\/buletin.de\\\/bucuresti\\\/interviu-de-la-femeia-care-stapanea-pamanturile-din-nordul-capitalei-la-femeia-care-stapaneste-cerul-andreea-banesaru-profesoara-de-zbor-din-nationala-de-acrobatii\\\/\"},\"author\":{\"name\":\"Andreea Tudor\",\"@id\":\"https:\\\/\\\/buletin.de\\\/bucuresti\\\/#\\\/schema\\\/person\\\/150590659efde715459d159da012f501\"},\"headline\":\"INTERVIU | De la femeia care st\u0103p\u00e2nea p\u0103m\u00e2nturile din Nordul Capitalei la femeia care st\u0103p\u00e2ne\u0219te cerul B\u0103nesei. Andreea B\u0103nesaru, profesoara \u201ede zbor\u201d din na\u021bionala de acroba\u021bii\",\"datePublished\":\"2024-09-01T06:21:01+00:00\",\"dateModified\":\"2024-09-02T08:36:39+00:00\",\"mainEntityOfPage\":{\"@id\":\"https:\\\/\\\/buletin.de\\\/bucuresti\\\/interviu-de-la-femeia-care-stapanea-pamanturile-din-nordul-capitalei-la-femeia-care-stapaneste-cerul-andreea-banesaru-profesoara-de-zbor-din-nationala-de-acrobatii\\\/\"},\"wordCount\":1493,\"publisher\":{\"@id\":\"https:\\\/\\\/buletin.de\\\/bucuresti\\\/#organization\"},\"image\":{\"@id\":\"https:\\\/\\\/buletin.de\\\/bucuresti\\\/interviu-de-la-femeia-care-stapanea-pamanturile-din-nordul-capitalei-la-femeia-care-stapaneste-cerul-andreea-banesaru-profesoara-de-zbor-din-nationala-de-acrobatii\\\/#primaryimage\"},\"thumbnailUrl\":\"https:\\\/\\\/buletin.de\\\/bucuresti\\\/wp-content\\\/uploads\\\/banesaru.jpg\",\"keywords\":[\"acrobatii aeriene\",\"aeroport baneasa\",\"andreea banesaru\",\"BIAS 2024\",\"campionatul european de acrobatie\",\"piloti acrobati\",\"show aviatic\",\"soimii romaniei\"],\"articleSection\":[\"Articole\",\"Educa\u021bie\",\"Interviu\",\"Main\"],\"inLanguage\":\"en-GB\",\"copyrightYear\":\"2024\",\"copyrightHolder\":{\"@id\":\"https:\\\/\\\/buletin.de\\\/bucuresti\\\/#organization\"}},{\"@type\":\"WebPage\",\"@id\":\"https:\\\/\\\/buletin.de\\\/bucuresti\\\/interviu-de-la-femeia-care-stapanea-pamanturile-din-nordul-capitalei-la-femeia-care-stapaneste-cerul-andreea-banesaru-profesoara-de-zbor-din-nationala-de-acrobatii\\\/\",\"url\":\"https:\\\/\\\/buletin.de\\\/bucuresti\\\/interviu-de-la-femeia-care-stapanea-pamanturile-din-nordul-capitalei-la-femeia-care-stapaneste-cerul-andreea-banesaru-profesoara-de-zbor-din-nationala-de-acrobatii\\\/\",\"name\":\"INTERVIU | De la femeia care st\u0103p\u00e2nea p\u0103m\u00e2nturile din Nordul Capitalei la femeia care st\u0103p\u00e2ne\u0219te cerul B\u0103nesei. Andreea B\u0103nesaru, profesoara \u201ede zbor\u201d din na\u021bionala de acroba\u021bii - Buletin de Bucure\u0219ti\",\"isPartOf\":{\"@id\":\"https:\\\/\\\/buletin.de\\\/bucuresti\\\/#website\"},\"primaryImageOfPage\":{\"@id\":\"https:\\\/\\\/buletin.de\\\/bucuresti\\\/interviu-de-la-femeia-care-stapanea-pamanturile-din-nordul-capitalei-la-femeia-care-stapaneste-cerul-andreea-banesaru-profesoara-de-zbor-din-nationala-de-acrobatii\\\/#primaryimage\"},\"image\":{\"@id\":\"https:\\\/\\\/buletin.de\\\/bucuresti\\\/interviu-de-la-femeia-care-stapanea-pamanturile-din-nordul-capitalei-la-femeia-care-stapaneste-cerul-andreea-banesaru-profesoara-de-zbor-din-nationala-de-acrobatii\\\/#primaryimage\"},\"thumbnailUrl\":\"https:\\\/\\\/buletin.de\\\/bucuresti\\\/wp-content\\\/uploads\\\/banesaru.jpg\",\"datePublished\":\"2024-09-01T06:21:01+00:00\",\"dateModified\":\"2024-09-02T08:36:39+00:00\",\"description\":\"Andreea B\u0103nesaru, profesoara \u201ede zbor\u201d din na\u021bionala de acroba\u021bii. Femeia care st\u0103p\u00e2ne\u0219te cerul B\u0103nesei. Discu\u021bie dup\u0103 BIAS 2024.\",\"breadcrumb\":{\"@id\":\"https:\\\/\\\/buletin.de\\\/bucuresti\\\/interviu-de-la-femeia-care-stapanea-pamanturile-din-nordul-capitalei-la-femeia-care-stapaneste-cerul-andreea-banesaru-profesoara-de-zbor-din-nationala-de-acrobatii\\\/#breadcrumb\"},\"inLanguage\":\"en-GB\",\"potentialAction\":[{\"@type\":\"ReadAction\",\"target\":[\"https:\\\/\\\/buletin.de\\\/bucuresti\\\/interviu-de-la-femeia-care-stapanea-pamanturile-din-nordul-capitalei-la-femeia-care-stapaneste-cerul-andreea-banesaru-profesoara-de-zbor-din-nationala-de-acrobatii\\\/\"]}]},{\"@type\":\"ImageObject\",\"inLanguage\":\"en-GB\",\"@id\":\"https:\\\/\\\/buletin.de\\\/bucuresti\\\/interviu-de-la-femeia-care-stapanea-pamanturile-din-nordul-capitalei-la-femeia-care-stapaneste-cerul-andreea-banesaru-profesoara-de-zbor-din-nationala-de-acrobatii\\\/#primaryimage\",\"url\":\"https:\\\/\\\/buletin.de\\\/bucuresti\\\/wp-content\\\/uploads\\\/banesaru.jpg\",\"contentUrl\":\"https:\\\/\\\/buletin.de\\\/bucuresti\\\/wp-content\\\/uploads\\\/banesaru.jpg\",\"width\":2000,\"height\":1468,\"caption\":\"De la femeia care st\u0103p\u00e2nea p\u0103m\u00e2nturile din nordul Capitalei la femeia care st\u0103p\u00e2ne\u0219te cerul B\u0103nesei. Interviu cu Andreea B\u0103nesaru, t\u00e2nara profesoar\u0103 \u201ede zbor\u201d\"},{\"@type\":\"BreadcrumbList\",\"@id\":\"https:\\\/\\\/buletin.de\\\/bucuresti\\\/interviu-de-la-femeia-care-stapanea-pamanturile-din-nordul-capitalei-la-femeia-care-stapaneste-cerul-andreea-banesaru-profesoara-de-zbor-din-nationala-de-acrobatii\\\/#breadcrumb\",\"itemListElement\":[{\"@type\":\"ListItem\",\"position\":1,\"name\":\"Acas\u0103\",\"item\":\"https:\\\/\\\/buletin.de\\\/bucuresti\\\/\"},{\"@type\":\"ListItem\",\"position\":2,\"name\":\"INTERVIU | De la femeia care st\u0103p\u00e2nea p\u0103m\u00e2nturile din Nordul Capitalei la femeia care st\u0103p\u00e2ne\u0219te cerul B\u0103nesei. Andreea B\u0103nesaru, profesoara \u201ede zbor\u201d din na\u021bionala de acroba\u021bii\"}]},{\"@type\":\"WebSite\",\"@id\":\"https:\\\/\\\/buletin.de\\\/bucuresti\\\/#website\",\"url\":\"https:\\\/\\\/buletin.de\\\/bucuresti\\\/\",\"name\":\"Buletin de Bucure\u0219ti\",\"description\":\"\u0218tiri \u0219i investiga\u021bii esen\u021biale din capital\u0103\",\"publisher\":{\"@id\":\"https:\\\/\\\/buletin.de\\\/bucuresti\\\/#organization\"},\"potentialAction\":[{\"@type\":\"SearchAction\",\"target\":{\"@type\":\"EntryPoint\",\"urlTemplate\":\"https:\\\/\\\/buletin.de\\\/bucuresti\\\/?s={search_term_string}\"},\"query-input\":{\"@type\":\"PropertyValueSpecification\",\"valueRequired\":true,\"valueName\":\"search_term_string\"}}],\"inLanguage\":\"en-GB\"},{\"@type\":\"Organization\",\"@id\":\"https:\\\/\\\/buletin.de\\\/bucuresti\\\/#organization\",\"name\":\"Buletin de Bucure\u0219ti\",\"url\":\"https:\\\/\\\/buletin.de\\\/bucuresti\\\/\",\"logo\":{\"@type\":\"ImageObject\",\"inLanguage\":\"en-GB\",\"@id\":\"https:\\\/\\\/buletin.de\\\/bucuresti\\\/#\\\/schema\\\/logo\\\/image\\\/\",\"url\":\"https:\\\/\\\/buletin.de\\\/bucuresti\\\/wp-content\\\/uploads\\\/logo-bdb-full-wide-vernil-transparent.png\",\"contentUrl\":\"https:\\\/\\\/buletin.de\\\/bucuresti\\\/wp-content\\\/uploads\\\/logo-bdb-full-wide-vernil-transparent.png\",\"width\":1782,\"height\":626,\"caption\":\"Buletin de Bucure\u0219ti\"},\"image\":{\"@id\":\"https:\\\/\\\/buletin.de\\\/bucuresti\\\/#\\\/schema\\\/logo\\\/image\\\/\"},\"sameAs\":[\"https:\\\/\\\/www.facebook.com\\\/buletin.de.buc\",\"https:\\\/\\\/www.instagram.com\\\/buletinde.bucuresti\\\/\"]},{\"@type\":\"Person\",\"@id\":\"https:\\\/\\\/buletin.de\\\/bucuresti\\\/#\\\/schema\\\/person\\\/150590659efde715459d159da012f501\",\"name\":\"Andreea Tudor\",\"image\":{\"@type\":\"ImageObject\",\"inLanguage\":\"en-GB\",\"@id\":\"https:\\\/\\\/secure.gravatar.com\\\/avatar\\\/a88705a186ab0b67f3349bcbced506c09e37256fbaad0e7f3bd1a79b4599f589?s=96&d=monsterid&r=g79290610aa1a65c2b86eebc2ca5aee8f\",\"url\":\"https:\\\/\\\/secure.gravatar.com\\\/avatar\\\/a88705a186ab0b67f3349bcbced506c09e37256fbaad0e7f3bd1a79b4599f589?s=96&d=monsterid&r=g\",\"contentUrl\":\"https:\\\/\\\/secure.gravatar.com\\\/avatar\\\/a88705a186ab0b67f3349bcbced506c09e37256fbaad0e7f3bd1a79b4599f589?s=96&d=monsterid&r=g\",\"caption\":\"Andreea Tudor\"},\"description\":\"N\u0103scut\u0103 \u0219i crescut\u0103 \u00een Bucure\u0219ti, sus\u021bin\u0103toare a presei independente. A\u0219a am ajuns redactor la Buletin de Bucure\u0219ti. Fiind eu, \u00eens\u0103mi, parte a sistemului de \u00eenv\u0103\u021b\u0103m\u00e2nt rom\u00e2nesc \u0219i pasionat\u0103 de domeniul social, pun sub lup\u0103 tot ceea ce se \u00eent\u00e2mpl\u0103 \u00een sfera educa\u021biei. Cred cu t\u0103rie c\u0103 presa \u201epentru cet\u0103\u021beni\u201d este presa independent\u0103. Oamenii au nevoie de o informare corect\u0103 pentru a \u00een\u021belege pe deplin ce se \u00eent\u00e2mpl\u0103 \u00een jurul lor \u0219i pentru a lua ac\u021biune \u00eempotriva nedrept\u0103\u021bilor.\",\"url\":\"https:\\\/\\\/buletin.de\\\/bucuresti\\\/author\\\/andreeatudor\\\/\"}]}<\/script>\n<!-- \/ Yoast SEO Premium plugin. -->","yoast_head_json":{"title":"INTERVIU | De la femeia care st\u0103p\u00e2nea p\u0103m\u00e2nturile din Nordul Capitalei la femeia care st\u0103p\u00e2ne\u0219te cerul B\u0103nesei. Andreea B\u0103nesaru, profesoara \u201ede zbor\u201d din na\u021bionala de acroba\u021bii - Buletin de Bucure\u0219ti","description":"Andreea B\u0103nesaru, profesoara \u201ede zbor\u201d din na\u021bionala de acroba\u021bii. Femeia care st\u0103p\u00e2ne\u0219te cerul B\u0103nesei. Discu\u021bie dup\u0103 BIAS 2024.","robots":{"index":"index","follow":"follow","max-snippet":"max-snippet:-1","max-image-preview":"max-image-preview:large","max-video-preview":"max-video-preview:-1"},"canonical":"https:\/\/buletin.de\/bucuresti\/interviu-de-la-femeia-care-stapanea-pamanturile-din-nordul-capitalei-la-femeia-care-stapaneste-cerul-andreea-banesaru-profesoara-de-zbor-din-nationala-de-acrobatii\/","og_locale":"en_GB","og_type":"article","og_title":"INTERVIU | De la femeia care st\u0103p\u00e2nea p\u0103m\u00e2nturile din Nordul Capitalei la femeia care st\u0103p\u00e2ne\u0219te cerul B\u0103nesei. Andreea B\u0103nesaru, profesoara \u201ede zbor\u201d din na\u021bionala de acroba\u021bii","og_description":"Andreea B\u0103nesaru, profesoara \u201ede zbor\u201d din na\u021bionala de acroba\u021bii. Femeia care st\u0103p\u00e2ne\u0219te cerul B\u0103nesei. Discu\u021bie dup\u0103 BIAS 2024.","og_url":"https:\/\/buletin.de\/bucuresti\/interviu-de-la-femeia-care-stapanea-pamanturile-din-nordul-capitalei-la-femeia-care-stapaneste-cerul-andreea-banesaru-profesoara-de-zbor-din-nationala-de-acrobatii\/","og_site_name":"Buletin de Bucure\u0219ti","article_publisher":"https:\/\/www.facebook.com\/buletin.de.buc","article_published_time":"2024-09-01T06:21:01+00:00","article_modified_time":"2024-09-02T08:36:39+00:00","og_image":[{"width":2000,"height":1468,"url":"https:\/\/buletin.de\/bucuresti\/wp-content\/uploads\/banesaru.jpg","type":"image\/jpeg"}],"author":"Andreea Tudor","twitter_card":"summary_large_image","twitter_misc":{"Written by":"Andreea Tudor","Estimated reading time":"7 minutes"},"schema":{"@context":"https:\/\/schema.org","@graph":[{"@type":"Article","@id":"https:\/\/buletin.de\/bucuresti\/interviu-de-la-femeia-care-stapanea-pamanturile-din-nordul-capitalei-la-femeia-care-stapaneste-cerul-andreea-banesaru-profesoara-de-zbor-din-nationala-de-acrobatii\/#article","isPartOf":{"@id":"https:\/\/buletin.de\/bucuresti\/interviu-de-la-femeia-care-stapanea-pamanturile-din-nordul-capitalei-la-femeia-care-stapaneste-cerul-andreea-banesaru-profesoara-de-zbor-din-nationala-de-acrobatii\/"},"author":{"name":"Andreea Tudor","@id":"https:\/\/buletin.de\/bucuresti\/#\/schema\/person\/150590659efde715459d159da012f501"},"headline":"INTERVIU | De la femeia care st\u0103p\u00e2nea p\u0103m\u00e2nturile din Nordul Capitalei la femeia care st\u0103p\u00e2ne\u0219te cerul B\u0103nesei. Andreea B\u0103nesaru, profesoara \u201ede zbor\u201d din na\u021bionala de acroba\u021bii","datePublished":"2024-09-01T06:21:01+00:00","dateModified":"2024-09-02T08:36:39+00:00","mainEntityOfPage":{"@id":"https:\/\/buletin.de\/bucuresti\/interviu-de-la-femeia-care-stapanea-pamanturile-din-nordul-capitalei-la-femeia-care-stapaneste-cerul-andreea-banesaru-profesoara-de-zbor-din-nationala-de-acrobatii\/"},"wordCount":1493,"publisher":{"@id":"https:\/\/buletin.de\/bucuresti\/#organization"},"image":{"@id":"https:\/\/buletin.de\/bucuresti\/interviu-de-la-femeia-care-stapanea-pamanturile-din-nordul-capitalei-la-femeia-care-stapaneste-cerul-andreea-banesaru-profesoara-de-zbor-din-nationala-de-acrobatii\/#primaryimage"},"thumbnailUrl":"https:\/\/buletin.de\/bucuresti\/wp-content\/uploads\/banesaru.jpg","keywords":["acrobatii aeriene","aeroport baneasa","andreea banesaru","BIAS 2024","campionatul european de acrobatie","piloti acrobati","show aviatic","soimii romaniei"],"articleSection":["Articole","Educa\u021bie","Interviu","Main"],"inLanguage":"en-GB","copyrightYear":"2024","copyrightHolder":{"@id":"https:\/\/buletin.de\/bucuresti\/#organization"}},{"@type":"WebPage","@id":"https:\/\/buletin.de\/bucuresti\/interviu-de-la-femeia-care-stapanea-pamanturile-din-nordul-capitalei-la-femeia-care-stapaneste-cerul-andreea-banesaru-profesoara-de-zbor-din-nationala-de-acrobatii\/","url":"https:\/\/buletin.de\/bucuresti\/interviu-de-la-femeia-care-stapanea-pamanturile-din-nordul-capitalei-la-femeia-care-stapaneste-cerul-andreea-banesaru-profesoara-de-zbor-din-nationala-de-acrobatii\/","name":"INTERVIU | De la femeia care st\u0103p\u00e2nea p\u0103m\u00e2nturile din Nordul Capitalei la femeia care st\u0103p\u00e2ne\u0219te cerul B\u0103nesei. Andreea B\u0103nesaru, profesoara \u201ede zbor\u201d din na\u021bionala de acroba\u021bii - Buletin de Bucure\u0219ti","isPartOf":{"@id":"https:\/\/buletin.de\/bucuresti\/#website"},"primaryImageOfPage":{"@id":"https:\/\/buletin.de\/bucuresti\/interviu-de-la-femeia-care-stapanea-pamanturile-din-nordul-capitalei-la-femeia-care-stapaneste-cerul-andreea-banesaru-profesoara-de-zbor-din-nationala-de-acrobatii\/#primaryimage"},"image":{"@id":"https:\/\/buletin.de\/bucuresti\/interviu-de-la-femeia-care-stapanea-pamanturile-din-nordul-capitalei-la-femeia-care-stapaneste-cerul-andreea-banesaru-profesoara-de-zbor-din-nationala-de-acrobatii\/#primaryimage"},"thumbnailUrl":"https:\/\/buletin.de\/bucuresti\/wp-content\/uploads\/banesaru.jpg","datePublished":"2024-09-01T06:21:01+00:00","dateModified":"2024-09-02T08:36:39+00:00","description":"Andreea B\u0103nesaru, profesoara \u201ede zbor\u201d din na\u021bionala de acroba\u021bii. Femeia care st\u0103p\u00e2ne\u0219te cerul B\u0103nesei. Discu\u021bie dup\u0103 BIAS 2024.","breadcrumb":{"@id":"https:\/\/buletin.de\/bucuresti\/interviu-de-la-femeia-care-stapanea-pamanturile-din-nordul-capitalei-la-femeia-care-stapaneste-cerul-andreea-banesaru-profesoara-de-zbor-din-nationala-de-acrobatii\/#breadcrumb"},"inLanguage":"en-GB","potentialAction":[{"@type":"ReadAction","target":["https:\/\/buletin.de\/bucuresti\/interviu-de-la-femeia-care-stapanea-pamanturile-din-nordul-capitalei-la-femeia-care-stapaneste-cerul-andreea-banesaru-profesoara-de-zbor-din-nationala-de-acrobatii\/"]}]},{"@type":"ImageObject","inLanguage":"en-GB","@id":"https:\/\/buletin.de\/bucuresti\/interviu-de-la-femeia-care-stapanea-pamanturile-din-nordul-capitalei-la-femeia-care-stapaneste-cerul-andreea-banesaru-profesoara-de-zbor-din-nationala-de-acrobatii\/#primaryimage","url":"https:\/\/buletin.de\/bucuresti\/wp-content\/uploads\/banesaru.jpg","contentUrl":"https:\/\/buletin.de\/bucuresti\/wp-content\/uploads\/banesaru.jpg","width":2000,"height":1468,"caption":"De la femeia care st\u0103p\u00e2nea p\u0103m\u00e2nturile din nordul Capitalei la femeia care st\u0103p\u00e2ne\u0219te cerul B\u0103nesei. Interviu cu Andreea B\u0103nesaru, t\u00e2nara profesoar\u0103 \u201ede zbor\u201d"},{"@type":"BreadcrumbList","@id":"https:\/\/buletin.de\/bucuresti\/interviu-de-la-femeia-care-stapanea-pamanturile-din-nordul-capitalei-la-femeia-care-stapaneste-cerul-andreea-banesaru-profesoara-de-zbor-din-nationala-de-acrobatii\/#breadcrumb","itemListElement":[{"@type":"ListItem","position":1,"name":"Acas\u0103","item":"https:\/\/buletin.de\/bucuresti\/"},{"@type":"ListItem","position":2,"name":"INTERVIU | De la femeia care st\u0103p\u00e2nea p\u0103m\u00e2nturile din Nordul Capitalei la femeia care st\u0103p\u00e2ne\u0219te cerul B\u0103nesei. Andreea B\u0103nesaru, profesoara \u201ede zbor\u201d din na\u021bionala de acroba\u021bii"}]},{"@type":"WebSite","@id":"https:\/\/buletin.de\/bucuresti\/#website","url":"https:\/\/buletin.de\/bucuresti\/","name":"Buletin de Bucure\u0219ti","description":"\u0218tiri \u0219i investiga\u021bii esen\u021biale din capital\u0103","publisher":{"@id":"https:\/\/buletin.de\/bucuresti\/#organization"},"potentialAction":[{"@type":"SearchAction","target":{"@type":"EntryPoint","urlTemplate":"https:\/\/buletin.de\/bucuresti\/?s={search_term_string}"},"query-input":{"@type":"PropertyValueSpecification","valueRequired":true,"valueName":"search_term_string"}}],"inLanguage":"en-GB"},{"@type":"Organization","@id":"https:\/\/buletin.de\/bucuresti\/#organization","name":"Buletin de Bucure\u0219ti","url":"https:\/\/buletin.de\/bucuresti\/","logo":{"@type":"ImageObject","inLanguage":"en-GB","@id":"https:\/\/buletin.de\/bucuresti\/#\/schema\/logo\/image\/","url":"https:\/\/buletin.de\/bucuresti\/wp-content\/uploads\/logo-bdb-full-wide-vernil-transparent.png","contentUrl":"https:\/\/buletin.de\/bucuresti\/wp-content\/uploads\/logo-bdb-full-wide-vernil-transparent.png","width":1782,"height":626,"caption":"Buletin de Bucure\u0219ti"},"image":{"@id":"https:\/\/buletin.de\/bucuresti\/#\/schema\/logo\/image\/"},"sameAs":["https:\/\/www.facebook.com\/buletin.de.buc","https:\/\/www.instagram.com\/buletinde.bucuresti\/"]},{"@type":"Person","@id":"https:\/\/buletin.de\/bucuresti\/#\/schema\/person\/150590659efde715459d159da012f501","name":"Andreea Tudor","image":{"@type":"ImageObject","inLanguage":"en-GB","@id":"https:\/\/secure.gravatar.com\/avatar\/a88705a186ab0b67f3349bcbced506c09e37256fbaad0e7f3bd1a79b4599f589?s=96&d=monsterid&r=g79290610aa1a65c2b86eebc2ca5aee8f","url":"https:\/\/secure.gravatar.com\/avatar\/a88705a186ab0b67f3349bcbced506c09e37256fbaad0e7f3bd1a79b4599f589?s=96&d=monsterid&r=g","contentUrl":"https:\/\/secure.gravatar.com\/avatar\/a88705a186ab0b67f3349bcbced506c09e37256fbaad0e7f3bd1a79b4599f589?s=96&d=monsterid&r=g","caption":"Andreea Tudor"},"description":"N\u0103scut\u0103 \u0219i crescut\u0103 \u00een Bucure\u0219ti, sus\u021bin\u0103toare a presei independente. A\u0219a am ajuns redactor la Buletin de Bucure\u0219ti. Fiind eu, \u00eens\u0103mi, parte a sistemului de \u00eenv\u0103\u021b\u0103m\u00e2nt rom\u00e2nesc \u0219i pasionat\u0103 de domeniul social, pun sub lup\u0103 tot ceea ce se \u00eent\u00e2mpl\u0103 \u00een sfera educa\u021biei. Cred cu t\u0103rie c\u0103 presa \u201epentru cet\u0103\u021beni\u201d este presa independent\u0103. Oamenii au nevoie de o informare corect\u0103 pentru a \u00een\u021belege pe deplin ce se \u00eent\u00e2mpl\u0103 \u00een jurul lor \u0219i pentru a lua ac\u021biune \u00eempotriva nedrept\u0103\u021bilor.","url":"https:\/\/buletin.de\/bucuresti\/author\/andreeatudor\/"}]}},"authors":[{"term_id":22573,"user_id":55,"is_guest":0,"slug":"andreeatudor","display_name":"Andreea Tudor","avatar_url":"https:\/\/secure.gravatar.com\/avatar\/a88705a186ab0b67f3349bcbced506c09e37256fbaad0e7f3bd1a79b4599f589?s=96&d=monsterid&r=g","0":null,"1":"","2":"","3":"","4":"","5":"","6":"","7":"","8":""}],"_links":{"self":[{"href":"https:\/\/buletin.de\/bucuresti\/wp-json\/wp\/v2\/posts\/96402","targetHints":{"allow":["GET"]}}],"collection":[{"href":"https:\/\/buletin.de\/bucuresti\/wp-json\/wp\/v2\/posts"}],"about":[{"href":"https:\/\/buletin.de\/bucuresti\/wp-json\/wp\/v2\/types\/post"}],"author":[{"embeddable":true,"href":"https:\/\/buletin.de\/bucuresti\/wp-json\/wp\/v2\/users\/55"}],"replies":[{"embeddable":true,"href":"https:\/\/buletin.de\/bucuresti\/wp-json\/wp\/v2\/comments?post=96402"}],"version-history":[{"count":37,"href":"https:\/\/buletin.de\/bucuresti\/wp-json\/wp\/v2\/posts\/96402\/revisions"}],"predecessor-version":[{"id":96549,"href":"https:\/\/buletin.de\/bucuresti\/wp-json\/wp\/v2\/posts\/96402\/revisions\/96549"}],"wp:featuredmedia":[{"embeddable":true,"href":"https:\/\/buletin.de\/bucuresti\/wp-json\/wp\/v2\/media\/96461"}],"wp:attachment":[{"href":"https:\/\/buletin.de\/bucuresti\/wp-json\/wp\/v2\/media?parent=96402"}],"wp:term":[{"taxonomy":"category","embeddable":true,"href":"https:\/\/buletin.de\/bucuresti\/wp-json\/wp\/v2\/categories?post=96402"},{"taxonomy":"post_tag","embeddable":true,"href":"https:\/\/buletin.de\/bucuresti\/wp-json\/wp\/v2\/tags?post=96402"},{"taxonomy":"author","embeddable":true,"href":"https:\/\/buletin.de\/bucuresti\/wp-json\/wp\/v2\/ppma_author?post=96402"}],"curies":[{"name":"wp","href":"https:\/\/api.w.org\/{rel}","templated":true}]}}