{"id":9640,"date":"2020-07-26T12:12:08","date_gmt":"2020-07-26T10:12:08","guid":{"rendered":"https:\/\/buletin.de\/bucuresti\/?p=9640"},"modified":"2023-09-19T15:06:31","modified_gmt":"2023-09-19T13:06:31","slug":"editorial-cat-se-poate-intinde-ipocrizia-gabirelei-firea-si-cand-se-va-rupe-ea","status":"publish","type":"post","link":"https:\/\/buletin.de\/bucuresti\/editorial-cat-se-poate-intinde-ipocrizia-gabirelei-firea-si-cand-se-va-rupe-ea\/","title":{"rendered":"EDITORIAL: C\u00e2t se poate \u00eentinde ipocrizia Gabirelei Firea \u0219i c\u00e2nd se va rupe ea?"},"content":{"rendered":"\n<p><strong>De dou\u0103 zile, prim\u0103ri\u021ba Firea toac\u0103 \u00eempotriva responsabililor din S\u0103n\u0103tate ca o moar\u0103 stricat\u0103. Pe un fond albastru liberal, \u00een post\u0103ri zbierate&nbsp; pe Facebook, Gabriela Vr\u00e2nceanu Firea Pandele&nbsp; se pl\u00e2nge de incompeten\u021ba \u0219i cinismul guvernului care, \u00een cinci luni nu a fost capabil s\u0103 deta\u0219eze doctori ATI sau s\u0103 g\u0103seasc\u0103 mai mult de 5 spitale pentru \u201clupta \u00eempotriva Covid19\u201d. Aceea\u0219i Gabriela Firea care, acum o lun\u0103 se t\u0103v\u0103lea pe jos de grija bolnavilor cronici care ar fi trebuit trata\u021bi la Spitalul Colentina. Spitalul, patronat de doamna Firea \u0219i implicat de d\u00e2nsa \u00een tratarea bolnavilor Covid19 de m\u00e2n\u0103 cu domnul dr. Adrian Str\u0103inu Cercel \u0219i care, pe vremea c\u00e2nd cronicii a\u0219teptau pe la por\u021bi f\u0103r\u0103 s\u0103-i bage cineva \u00een seam\u0103, ar fi fost gol pu\u0219c\u0103 \u0219i trebuia redat celor care aveau nevoie de el, nu l\u0103sat s\u0103 trateze bolnavi de Covid19.&nbsp;<\/strong><\/p>\n\n\n\n<p><\/p>\n\n\n\n<p>Dar, haide\u021bi s\u0103 vedem cronologia unui scandal programat:<br><\/p>\n\n\n\n<p><strong>16 martie 2020<\/strong><br><\/p>\n\n\n\n<p>Gabriela Firea, Adrian Streinu Cercel \u0219i secretarul Ministerului S\u0103n\u0103t\u0103\u021bii, Hora\u021biu Moldovan, iau<a href=\"https:\/\/evz.ro\/stare-de-urgenta-spitalul-colentina-devine-centru-pentru-pacientii-cu-coronavirus.html\"> decizia <\/a>de a transforma Spitalul Colentina \u00een spital de tratare a noului coronavirus, centru suport al Institutului Matei Bal\u0219. Decizia este luat\u0103 pentru c\u0103 Spitalul Colentina avea majoritatea specializ\u0103rilor medicale.<\/p>\n\n\n\n<p><strong>18 martie<\/strong><\/p>\n\n\n\n<p>\u00centr-o transmisie pe Facebook, Gabriela Firea anun\u021b\u0103 c\u0103 cele mai u\u015foare cazuri &#8211; tratate deja &#8211; vor fi externate iar pacien\u0163ii care mai au nevoie de \u00eengrijire vor fi transfera\u0163i la celelalte spitale.&nbsp;<\/p>\n\n\n\n<p><em>&#8220;Preg\u0103tim \u00een aceast\u0103 perioad\u0103 ca Spitalul Colentina, unul dintre cele mai mari \u015fi importante unit\u0103\u0163i spitalice\u015fti din Bucure\u015fti, s\u0103 devin\u0103 unitate suport a Institutului de boli infec\u0163ioase &#8216;Matei Bal\u015f&#8217;. Vreau s\u0103 le transmit at\u00e2t pacien\u0163ilor trata\u0163i la Spitalul Colentina, c\u00e2t \u015fi medicilor \u015fi asistentelor c\u0103 nu i-am p\u0103r\u0103sit, nu i-am abandonat. Ne \u00eengrijim de soarta lor, dar trebuie cu to\u0163ii s\u0103 contribuim \u00een aceast\u0103 perioad\u0103 de pandemie de coronavirus. Prin urmare, din discu\u0163iile pe care le-am avut cu ministrul S\u0103n\u0103t\u0103\u0163ii, situa\u0163ia va fi urm\u0103toarea: practic, \u00een Spitalul Colentina, dup\u0103 ce acesta va fi eliberat, cele mai u\u015foare cazuri &#8211; tratate deja &#8211; vor fi externate; pacien\u0163ii care mai au nevoie de \u00eengrijire vor fi transfera\u0163i la celelalte spitale. Corp cu corp, deci cl\u0103dire cu cl\u0103dire, pentru c\u0103 este un spital pavilionar, va primi pacien\u0163ii de la Institutul de boli infec\u0163ioase &#8216;Matei Bal\u015f&#8217;, sub directa \u00eendrumare a profesorului Streinu Cercel&#8221;<\/em><\/p>\n\n\n\n<p><br><\/p>\n\n\n\n<figure class=\"wp-block-embed-facebook wp-block-embed is-type-video is-provider-facebook\"><div class=\"wp-block-embed__wrapper\">\nhttps:\/\/www.facebook.com\/gabifirea\/videos\/225294148554540\/?t=279\n<\/div><\/figure>\n\n\n\n<p><\/p>\n\n\n\n<p><\/p>\n\n\n\n<p><strong>20 martie<\/strong><\/p>\n\n\n\n<p><strong>Gabriela Firea transmite c\u0103<\/strong><a href=\"https:\/\/www.cancan.ro\/gabriela-firea-anunt-de-ultima-ora-despre-spitalul-colentina-sa-nu-repetam-o-greseala-fatala-pe-care-a-facut-o-italia-20162736\"><strong> pacien\u021bii infecta\u021bi<\/strong><\/a><strong> cu noul coronavirus nu trebuie s\u0103 fie du\u0219i \u00een spitalele generaliste pentru c\u0103 Spitalul Colentina devine \u201dspital-suport\u201d pentru Institutul \u201dMatei Bal\u0219\u201d, pentru c\u0103 \u201c<\/strong>este vital s\u0103 nu repet\u0103m \u201cgre\u0219ala fatal\u0103\u201d pe care a f\u0103cut-o Italia. Ca spital-suport pentru Institutul \u201dMatei Bal\u0219\u201d, Spitalul Colentina se va afla sub \u00eendrumarea medicului Streinu-Cercel, iar pacien\u021bii trata\u021bi la Colentina vor fi trata\u021bi de o echip\u0103 mixt\u0103.<\/p>\n\n\n\n<p><strong>8 mai<\/strong><\/p>\n\n\n\n<p>O lun\u0103 \u0219i jum\u0103tate mai t\u00e2rziu, printr-o <a href=\"https:\/\/rohealthreview.ro\/alianta-pacientilor-cronici-din-romania-cere-redeschiderea-spitalului-colentina\/\">scrisoare<\/a> deschis\u0103 adresat\u0103 Ministerului S\u0103n\u0103t\u0103\u021bii \u0219i Administra\u021biei Spitalelor \u0219i Serviciilor Medicale Bucure\u0219ti, Alianta Bolnavilor Cronici din Rom\u00e2nia cere redeschiderea Spitalului Colentina.&nbsp;<\/p>\n\n\n\n<p>\u201c Cerem urgent redeschiderea Spitalului Colentina pentru pacien\u0163ii cronici. Colentina spital suport COVID-19 nu se justific\u0103, \u00een condi\u0163iile \u00een care num\u0103rul pacien\u0163ilor COVID-19 interna\u0163i este mult sub capacitatea spitalului, \u00een schimb mii de pacien\u0163ii cronici au fost repartiza\u0163i c\u0103tre alte spitale, aglomer\u00e2nd centre medicale deja supra-aglomerate\u201d se ar\u0103ta \u00een documentul oficialilor din S\u0103n\u0103tate.&nbsp;<\/p>\n\n\n\n<p><strong>15 iunie<\/strong><\/p>\n\n\n\n<p>Primul dintre politicieni care<a href=\"https:\/\/romania.europalibera.org\/a\/decizii-psd-prelungirea-st%C4%83rii-de-alerta-15-zile-ampla-opera%C8%9Biune-strangerea-de-semnaturi-de-la-pensionari\/30671996.html\"> preia tema<\/a> redeschiderii Spitalului Colentina este pre\u0219edeintele Partidului Social Democrat, Marcel Ciolacu.&nbsp;<\/p>\n\n\n\n<p>\u201eNici noi, politicienii, nu \u0219tim ce se va \u00eent\u00e2mpla c\u00e2nd va expira starea de alert\u0103. \u0218tim c\u0103 \u00een spa\u021biile \u00eenchise se pot juca p\u0103c\u0103nele. \u0218tim c\u0103 \u00een biserici nu se poate intra, nu \u0219tim dac\u0103 bolnavii cronici pot \u00een continuare s\u0103 mearg\u0103 \u00een tratament \u00een spitale. Spitalul Colentina e \u00eenchis degeaba. Tot ce \u021bine de s\u0103n\u0103tatea rom\u00e2nilor va fi votat de PSD, exclus s\u0103 vot\u0103m achizi\u021bii directe \u0219i multe alte abera\u021bii care nu au ajutat pe nimeni. Ne-am dori o stare intermediar\u0103, nu va fi prelungit\u0103 cu mai mult de 15 zile, acesta va fi votul nostru\u201d, a declarat Marcel Ciolacu la finalul \u0219edin\u021bei Comitetului Executiv al PSD.<br><\/p>\n\n\n\n<p><strong>20 iunie<\/strong><\/p>\n\n\n\n<p>&nbsp;Cinci zile mai t\u00e2rziu, \u00eens\u0103\u0219i Gabriele Firea anun\u021b\u0103 pe Facebbok c\u0103:<\/p>\n\n\n\n<p><em>&nbsp;\u201cNu exista nicio motivatie legala, logica si umana pentru care este mentinut inchis Spitalul Colentina &#8211; cu 860 de paturi -, care nu a avut, ca spital suport covid, mai mult de 100 de pacienti in varf de pandemie, si care puteau fi tratati in cele doua spitale de boli infectioase si tropicale din Capitala. DSP &#8211; cea care a blocat la ordinul Ministerului Sanatatii testarea din Capitala -, blocheaza acum si deschiderea Spitalului Colentina. In aceasta perioada, starea pacientilor cronici care erau tratati la Colentina s-a inrautatit. \u201c&nbsp;<\/em><br><\/p>\n\n\n\n<figure class=\"wp-block-embed-facebook wp-block-embed is-type-rich is-provider-facebook\"><div class=\"wp-block-embed__wrapper\">\nhttps:\/\/www.facebook.com\/gabifirea\/posts\/3291975964198521\n<\/div><\/figure>\n\n\n\n<p>Postarea Gabrielei Firea vine dup\u0103 ce, cu o zi \u00eenainte, <a href=\"https:\/\/www.formaremedicala.ro\/personalul-medical-de-la-spitalul-colentina-a-initiat-o-petitie-publica-pentru-redeschiderea-unitatii\/\">&nbsp;medicii din spital <\/a>, incluziv conducerea numit\u0103 de Gabriela Firea, au semnat o peti\u021bie pentru redeschiderea spitalului \u00een care erau sus\u021binute acelea\u0219i argumenta\u021bii.&nbsp;<br><\/p>\n\n\n\n<p><strong>24 iunie&nbsp;<\/strong><\/p>\n\n\n\n<p>Prim\u0103ria Capitalei, prin Administra\u021bia Spitalelor \u0219i Serviciilor Medicale Bucure\u0219ti (ASSMB), solicit\u0103 din nou autorit\u0103\u021bilor redeschiderea spitalului clinic Colentina.<\/p>\n\n\n\n<p>\u00centr-un <a href=\"https:\/\/www.qmagazine.ro\/primaria-capitalei-solicita-o-decizie-rapida-in-cazul-spitalului-colentina\/\">comunicat de pres\u0103<\/a> al Prim\u0103riei Municipiului Bucure\u0219ti se arat\u0103 c\u0103 \u201e\u00een ciuda tuturor insisten\u021belor\u201d c\u0103 Spitalul Colentina s\u0103 fie redeschis pentru pacien\u021bii non-Covid nu exist\u0103 niciun r\u0103spuns din partea DSP Bucure\u0219ti.&nbsp;<\/p>\n\n\n\n<p>29 iunie<\/p>\n\n\n\n<p>&nbsp;\u00cen zilele care urmeaz\u0103, Gabriela Firea<a href=\"https:\/\/www.dcnews.ro\/scandal-pe-redeschiderea-spitalului-colentina-firea-l-a-amenintat-ca-nu-i-da-avizul-ciutacu-e-spitalul-lu-ma-sa_756716.html\"> iese c<\/a>onstant la declara\u021bii \u00eempotriva DSP Bucure\u0219ti \u0219i a ministului S\u0103n\u0103t\u0103\u021bii.&nbsp;<\/p>\n\n\n\n<p><strong><em>\u201d<\/em><\/strong><em>La Victor Babe\u0219, sunt aproximativ 150 de paturi libere. La Spitalul Colentina, din 860 de paturi, sunt doar circa 100 de pacien\u021bi \u0219i nimeni nu va \u00een\u021belege de ce aceast\u0103 \u00eend\u00e2rjire de a \u021bine acest spital \u00eenchis. Ministrul S\u0103n\u0103t\u0103\u021bii cred c\u0103 \u0219i-a f\u0103cut o ambi\u021bie de a \u021bine aceast\u0103 unitate medical\u0103 \u00eenchis\u0103. \u00centr-o lun\u0103 normal\u0103 la aceast\u0103 unitate medical\u0103 se trateaz\u0103 aproximativ 20.000 de pacien\u021bi. Acum sunt doar 100 de pacien\u021bi. S\u0103pt\u0103m\u00e2na trecut\u0103, \u00een miez de noapte, reprezentan\u021bii DSP au descins acolo, au speriat pacien\u021bii \u0219i au num\u0103rat pacien\u021bii interna\u021bi, crez\u00e2nd c\u0103 sunt sute \u0219i noi comunic\u0103m un num\u0103r mic. Ast\u0103zi s-a consumat un nou episod abuziv. Directoarea DSP Bucure\u0219ti, care este fina doamnei ministru Anisie de la PNL, chiar \u0219i directoarea DSP fiind tot membru PNL, doamna Nicolescu, l-a sunat pe directorul Spitalului Colentina \u0219i l-a certat, a ridicat tonul, c\u0103 de ce comunic\u0103 cu reprezentan\u021bii mass-media, de ce livreaz\u0103 informa\u021bii \u0219i comunicate. \u00cen primul r\u00e2nd, nu este nicio subordonare, deci practic nu este doar o impertinen\u021b\u0103 \u0219i o obr\u0103znicie, ci este \u0219i un abuz pentru c\u0103 nu are de-a face DSP cu un spital s\u0103-l certe pe manager, nu e niciun contract de subordonare. (&#8230;) L-a amenin\u021bat c\u0103 nici nu o s\u0103-i dea avizul pentru redeschiderea acelui spital at\u00e2t de important\u201d<\/em><strong><em>,<\/em><\/strong> a declarat Gabriela Firea, primarul general al Capitalei.<\/p>\n\n\n\n<p><strong>15 iulie<\/strong><\/p>\n\n\n\n<p>&#8220;Ast\u0103zi se \u00eempline\u015fte o s\u0103pt\u0103m\u00e2n\u0103 de la declara\u0163ia ministrului S\u0103n\u0103t\u0103\u0163ii care a afirmat la televizor (&#8230;) c\u0103 se redeschide Spitalul Colentina pentru to\u0163i pacien\u0163ii cronici, peste 20.000 de pacien\u0163i lunar. (&#8230;) Marc\u0103m o s\u0103pt\u0103m\u00e2n\u0103 de la o minciun\u0103, pentru c\u0103 Spitalul Colentina \u00een continuare e \u00eenchis pentru bolnavii cronici, a avut \u00eentotdeauna p\u00e2n\u0103 \u00eentr-o sut\u0103 sau o sut\u0103 \u015fi ceva de pacien\u0163i COVID-19 care puteau fi prelua\u0163i de spitalele de boli infec\u0163ioase \u015fi tropicale din Capital\u0103 sau Ministerul S\u0103n\u0103t\u0103\u0163ii putea preg\u0103ti ca spital suport COVID un alt spital de mai mici dimensiuni, nu unul de 860 de paturi \u015fi unde sunt sec\u0163ii unice \u00een \u0163ar\u0103 sau foarte rare. (&#8230;) Solicit\u0103m m\u0103suri de urgen\u0163\u0103, m\u0103suri ferme din partea Guvernului, astfel \u00eenc\u00e2t Spitalul Colentina s\u0103 se redeschid\u0103 pentru pacien\u0163ii cronici&#8221;, a afirmat Gabriela Firea, l<a href=\"https:\/\/www.bursa.ro\/gabriela-firea-solicitam-guvernului-masuri-de-urgenta-pentru-redeschiderea-spitalului-colentina-pentru-pacientii-cronici-47150047\">a \u015fedin\u0163a<\/a> Consiliului General al Municipiului Bucure\u015fti.<br><\/p>\n\n\n\n<p><strong>16 iulie<\/strong><\/p>\n\n\n\n<p>Primarul general al Capitalei, Gabriela Firea, afirm\u0103 c\u0103 Direc\u0163ia de S\u0103n\u0103tate Public\u0103 a dat, \u00een cursul zilei de joi, avizul pentru ca Spitalul Colentina s\u0103 poat\u0103 fi redeschis \u015fi pentru pacien\u0163ii non-COVID, preciz\u00e2nd \u00eens\u0103 c\u0103 acest lucru nu \u00eenseamn\u0103 c\u0103 &#8220;intern\u0103rile nu se pot face de m\u00e2ine, pentru c\u0103 acum sunt interna\u0163i \u00een acest spital 140 de pacien\u0163i cu dubl\u0103 patologie, una cronic\u0103 \u015fi infec\u0163ia cu Sars-CoV-2&#8221;. Directorul medical al Spitalului Colentina, Sabina Zurac, a estimat c\u0103 \u00eentr-un termen de maxim dou\u0103 s\u0103pt\u0103m\u00e2ni \u00eentreaga unitate medical\u0103 va putea s\u0103 fie deschis\u0103 pentru pacien\u0163ii non-COVID&nbsp;<\/p>\n\n\n\n<p><\/p>\n\n\n\n<p><strong>18 iulie&nbsp;<\/strong><br><\/p>\n\n\n\n<p>Dou\u0103 zile mai t\u00e2rziu, o dat\u0103 cu cre\u0219terea spectaculoas\u0103 a num\u0103rului de cazuri, discursul prim\u0103ri\u021bei se schimb\u0103. E vina ministerului c\u0103 nu mai sunt locuri \u00een spitalele Covid19.&nbsp;<br><\/p>\n\n\n\n<p>\u201c\u0218i azi, sunt spitale de linia 1 \u0219i 2 care de\u021bin 600-700 de paturi normale \u0219i 50-60 de paturi de ATI care au alocat pt tratarea Covid 19 DOAR 200-300 de paturi normale \u0219i c\u00e2te 20 de paturi de ATI, pe motiv ca nu au personal. Dar acestea exista fizic. De ce nu se extind aceste sec\u021bii cu resursele existente?<\/p>\n\n\n\n<p>Si de ce nu se preocupa IMEDIAT (insemnand acum) Ministerul sanatatii sa transfere medici de ATI de la alte spitale din Bucure\u0219ti, pentru a putea r\u0103spunde prompt nevoilor pacien\u021bilor?\u201d&nbsp;<br><\/p>\n\n\n\n<figure class=\"wp-block-embed-facebook wp-block-embed is-type-rich is-provider-facebook\"><div class=\"wp-block-embed__wrapper\">\nhttps:\/\/www.facebook.com\/gabifirea\/posts\/3372752132787570\n<\/div><\/figure>\n\n\n\n<p>\u0218i tot \u00een aceea\u0219i zi, Gabriela Firea \u00eencepe atacul \u00eempotriva pacien\u021bilor din provincie care se trateaz\u0103 \u00een Bucure\u0219ti.&nbsp;<br><\/p>\n\n\n\n<p>\u201c Pacien\u021bii spitalelor din Capitala sunt din toata tara. Se transfera in Bucure\u0219ti la cerere sau vin direct cu ma\u0219ina proprie ori Ambulanta.<\/p>\n\n\n\n<p>&nbsp;60% din pacien\u021bii spitalelor din Bucure\u0219ti sunt din alte jude\u021be ale \u021b\u0103rii, nu sunt bucure\u0219teni.<\/p>\n\n\n\n<p>&nbsp;Avem suficiente paturi normale \u0219i de ATI \u00een Capitala, precum si ventilatoare mecanice, de asemenea cadre medicale foarte bine pregatite. Ministerul sanatatii trebuie doar sa isi faca datoria \u0219i sa reorganizeze resursele \u00een interior.\u201d&nbsp;<br><\/p>\n\n\n\n<figure class=\"wp-block-embed-facebook wp-block-embed is-type-rich is-provider-facebook\"><div class=\"wp-block-embed__wrapper\">\nhttps:\/\/www.facebook.com\/gabifirea\/posts\/3373284642734319\n<\/div><\/figure>\n\n\n\n<p>Post\u0103rile continu\u0103 \u0219i \u00een urm\u0103toarele zile cu aceea\u0219i intensitate.<br><\/p>\n\n\n\n<p>24 \u0219i 25 iulie 2020<br><\/p>\n\n\n\n<p>Pe 24 iulie, Gabriela Firea acuza de cinism Guvernul c\u0103 are doar 5 spitale \u00een lupta Covid19 \u00een Capital\u0103. Iar o zi mai t\u00e2rziu, c\u0103 acela\u0219i guvern e incompetent c\u0103 nu a transferat medici ATI de la alte spitale.&nbsp;<br><\/p>\n\n\n\n<figure class=\"wp-block-embed-facebook wp-block-embed is-type-rich is-provider-facebook\"><div class=\"wp-block-embed__wrapper\">\nhttps:\/\/www.facebook.com\/gabifirea\/posts\/3391767114219405\n<\/div><\/figure>\n\n\n\n<p><\/p>\n\n\n\n<figure class=\"wp-block-embed-facebook wp-block-embed is-type-rich is-provider-facebook\"><div class=\"wp-block-embed__wrapper\">\nhttps:\/\/www.facebook.com\/gabifirea\/posts\/3394113343984782\n<\/div><\/figure>\n\n\n\n<p>Post\u0103rile sunt ale primarului General al Capitalei, cel care \u00een urm\u0103 cu o lun\u0103 se pl\u00e2ngea c\u0103 Spitalul Colentina e folosit prost \u00een \u201clupta cu Covid19\u201d.&nbsp;<br><\/p>\n\n\n\n<p>A contribuit: Teodora Stroe<br><\/p>\n","protected":false},"excerpt":{"rendered":"<p>De dou\u0103 zile, prim\u0103ri\u021ba Firea toac\u0103 \u00eempotriva responsabililor din S\u0103n\u0103tate ca o moar\u0103 stricat\u0103. Pe un fond albastru liberal, \u00een post\u0103ri zbierate&nbsp; pe Facebook, Gabriela Vr\u00e2nceanu Firea Pandele&nbsp; se pl\u00e2nge de incompeten\u021ba \u0219i cinismul guvernului care, \u00een cinci luni nu a fost capabil s\u0103 deta\u0219eze doctori ATI sau s\u0103 g\u0103seasc\u0103 mai mult de 5 spitale [&hellip;]<\/p>\n","protected":false},"author":2,"featured_media":6917,"comment_status":"closed","ping_status":"open","sticky":false,"template":"","format":"standard","meta":{"_acf_changed":false,"inline_featured_image":false,"ngg_post_thumbnail":0,"footnotes":""},"categories":[41],"tags":[],"ppma_author":[22584],"class_list":["post-9640","post","type-post","status-publish","format-standard","has-post-thumbnail","hentry","category-editorial"],"acf":[],"yoast_head":"<!-- This site is optimized with the Yoast SEO Premium plugin v25.3 (Yoast SEO v27.5) - https:\/\/yoast.com\/product\/yoast-seo-premium-wordpress\/ -->\n<title>EDITORIAL: C\u00e2t se poate \u00eentinde ipocrizia Gabirelei Firea \u0219i c\u00e2nd se va rupe ea? - Buletin de Bucure\u0219ti<\/title>\n<meta name=\"robots\" content=\"index, follow, max-snippet:-1, max-image-preview:large, max-video-preview:-1\" \/>\n<link rel=\"canonical\" href=\"https:\/\/buletin.de\/bucuresti\/editorial-cat-se-poate-intinde-ipocrizia-gabirelei-firea-si-cand-se-va-rupe-ea\/\" \/>\n<meta property=\"og:locale\" content=\"en_GB\" \/>\n<meta property=\"og:type\" content=\"article\" \/>\n<meta property=\"og:title\" content=\"EDITORIAL: C\u00e2t se poate \u00eentinde ipocrizia Gabirelei Firea \u0219i c\u00e2nd se va rupe ea?\" \/>\n<meta property=\"og:description\" content=\"De dou\u0103 zile, prim\u0103ri\u021ba Firea toac\u0103 \u00eempotriva responsabililor din S\u0103n\u0103tate ca o moar\u0103 stricat\u0103. Pe un fond albastru liberal, \u00een post\u0103ri zbierate&nbsp; pe Facebook, Gabriela Vr\u00e2nceanu Firea Pandele&nbsp; se pl\u00e2nge de incompeten\u021ba \u0219i cinismul guvernului care, \u00een cinci luni nu a fost capabil s\u0103 deta\u0219eze doctori ATI sau s\u0103 g\u0103seasc\u0103 mai mult de 5 spitale [&hellip;]\" \/>\n<meta property=\"og:url\" content=\"https:\/\/buletin.de\/bucuresti\/editorial-cat-se-poate-intinde-ipocrizia-gabirelei-firea-si-cand-se-va-rupe-ea\/\" \/>\n<meta property=\"og:site_name\" content=\"Buletin de Bucure\u0219ti\" \/>\n<meta property=\"article:publisher\" content=\"https:\/\/www.facebook.com\/buletin.de.buc\" \/>\n<meta property=\"article:published_time\" content=\"2020-07-26T10:12:08+00:00\" \/>\n<meta property=\"article:modified_time\" content=\"2023-09-19T13:06:31+00:00\" \/>\n<meta property=\"og:image\" content=\"https:\/\/buletin.de\/bucuresti\/wp-content\/uploads\/firea-teste.jpg\" \/>\n\t<meta property=\"og:image:width\" content=\"2441\" \/>\n\t<meta property=\"og:image:height\" content=\"1321\" \/>\n\t<meta property=\"og:image:type\" content=\"image\/jpeg\" \/>\n<meta name=\"author\" content=\"Oana Despa\" \/>\n<meta name=\"twitter:card\" content=\"summary_large_image\" \/>\n<meta name=\"twitter:label1\" content=\"Written by\" \/>\n\t<meta name=\"twitter:data1\" content=\"Oana Despa\" \/>\n\t<meta name=\"twitter:label2\" content=\"Estimated reading time\" \/>\n\t<meta name=\"twitter:data2\" content=\"9 minutes\" \/>\n<script type=\"application\/ld+json\" class=\"yoast-schema-graph\">{\"@context\":\"https:\\\/\\\/schema.org\",\"@graph\":[{\"@type\":\"Article\",\"@id\":\"https:\\\/\\\/buletin.de\\\/bucuresti\\\/editorial-cat-se-poate-intinde-ipocrizia-gabirelei-firea-si-cand-se-va-rupe-ea\\\/#article\",\"isPartOf\":{\"@id\":\"https:\\\/\\\/buletin.de\\\/bucuresti\\\/editorial-cat-se-poate-intinde-ipocrizia-gabirelei-firea-si-cand-se-va-rupe-ea\\\/\"},\"author\":{\"name\":\"Oana Despa\",\"@id\":\"https:\\\/\\\/buletin.de\\\/bucuresti\\\/#\\\/schema\\\/person\\\/f02780e5e00039cf0bc1d929798d0239\"},\"headline\":\"EDITORIAL: C\u00e2t se poate \u00eentinde ipocrizia Gabirelei Firea \u0219i c\u00e2nd se va rupe ea?\",\"datePublished\":\"2020-07-26T10:12:08+00:00\",\"dateModified\":\"2023-09-19T13:06:31+00:00\",\"mainEntityOfPage\":{\"@id\":\"https:\\\/\\\/buletin.de\\\/bucuresti\\\/editorial-cat-se-poate-intinde-ipocrizia-gabirelei-firea-si-cand-se-va-rupe-ea\\\/\"},\"wordCount\":1875,\"publisher\":{\"@id\":\"https:\\\/\\\/buletin.de\\\/bucuresti\\\/#organization\"},\"image\":{\"@id\":\"https:\\\/\\\/buletin.de\\\/bucuresti\\\/editorial-cat-se-poate-intinde-ipocrizia-gabirelei-firea-si-cand-se-va-rupe-ea\\\/#primaryimage\"},\"thumbnailUrl\":\"https:\\\/\\\/buletin.de\\\/bucuresti\\\/wp-content\\\/uploads\\\/firea-teste.jpg\",\"articleSection\":[\"Editorial\"],\"inLanguage\":\"en-GB\",\"copyrightYear\":\"2020\",\"copyrightHolder\":{\"@id\":\"https:\\\/\\\/buletin.de\\\/bucuresti\\\/#organization\"}},{\"@type\":\"WebPage\",\"@id\":\"https:\\\/\\\/buletin.de\\\/bucuresti\\\/editorial-cat-se-poate-intinde-ipocrizia-gabirelei-firea-si-cand-se-va-rupe-ea\\\/\",\"url\":\"https:\\\/\\\/buletin.de\\\/bucuresti\\\/editorial-cat-se-poate-intinde-ipocrizia-gabirelei-firea-si-cand-se-va-rupe-ea\\\/\",\"name\":\"EDITORIAL: C\u00e2t se poate \u00eentinde ipocrizia Gabirelei Firea \u0219i c\u00e2nd se va rupe ea? - Buletin de Bucure\u0219ti\",\"isPartOf\":{\"@id\":\"https:\\\/\\\/buletin.de\\\/bucuresti\\\/#website\"},\"primaryImageOfPage\":{\"@id\":\"https:\\\/\\\/buletin.de\\\/bucuresti\\\/editorial-cat-se-poate-intinde-ipocrizia-gabirelei-firea-si-cand-se-va-rupe-ea\\\/#primaryimage\"},\"image\":{\"@id\":\"https:\\\/\\\/buletin.de\\\/bucuresti\\\/editorial-cat-se-poate-intinde-ipocrizia-gabirelei-firea-si-cand-se-va-rupe-ea\\\/#primaryimage\"},\"thumbnailUrl\":\"https:\\\/\\\/buletin.de\\\/bucuresti\\\/wp-content\\\/uploads\\\/firea-teste.jpg\",\"datePublished\":\"2020-07-26T10:12:08+00:00\",\"dateModified\":\"2023-09-19T13:06:31+00:00\",\"breadcrumb\":{\"@id\":\"https:\\\/\\\/buletin.de\\\/bucuresti\\\/editorial-cat-se-poate-intinde-ipocrizia-gabirelei-firea-si-cand-se-va-rupe-ea\\\/#breadcrumb\"},\"inLanguage\":\"en-GB\",\"potentialAction\":[{\"@type\":\"ReadAction\",\"target\":[\"https:\\\/\\\/buletin.de\\\/bucuresti\\\/editorial-cat-se-poate-intinde-ipocrizia-gabirelei-firea-si-cand-se-va-rupe-ea\\\/\"]}]},{\"@type\":\"ImageObject\",\"inLanguage\":\"en-GB\",\"@id\":\"https:\\\/\\\/buletin.de\\\/bucuresti\\\/editorial-cat-se-poate-intinde-ipocrizia-gabirelei-firea-si-cand-se-va-rupe-ea\\\/#primaryimage\",\"url\":\"https:\\\/\\\/buletin.de\\\/bucuresti\\\/wp-content\\\/uploads\\\/firea-teste.jpg\",\"contentUrl\":\"https:\\\/\\\/buletin.de\\\/bucuresti\\\/wp-content\\\/uploads\\\/firea-teste.jpg\",\"width\":2441,\"height\":1321},{\"@type\":\"BreadcrumbList\",\"@id\":\"https:\\\/\\\/buletin.de\\\/bucuresti\\\/editorial-cat-se-poate-intinde-ipocrizia-gabirelei-firea-si-cand-se-va-rupe-ea\\\/#breadcrumb\",\"itemListElement\":[{\"@type\":\"ListItem\",\"position\":1,\"name\":\"Acas\u0103\",\"item\":\"https:\\\/\\\/buletin.de\\\/bucuresti\\\/\"},{\"@type\":\"ListItem\",\"position\":2,\"name\":\"EDITORIAL: C\u00e2t se poate \u00eentinde ipocrizia Gabirelei Firea \u0219i c\u00e2nd se va rupe ea?\"}]},{\"@type\":\"WebSite\",\"@id\":\"https:\\\/\\\/buletin.de\\\/bucuresti\\\/#website\",\"url\":\"https:\\\/\\\/buletin.de\\\/bucuresti\\\/\",\"name\":\"Buletin de Bucure\u0219ti\",\"description\":\"\u0218tiri \u0219i investiga\u021bii esen\u021biale din capital\u0103\",\"publisher\":{\"@id\":\"https:\\\/\\\/buletin.de\\\/bucuresti\\\/#organization\"},\"potentialAction\":[{\"@type\":\"SearchAction\",\"target\":{\"@type\":\"EntryPoint\",\"urlTemplate\":\"https:\\\/\\\/buletin.de\\\/bucuresti\\\/?s={search_term_string}\"},\"query-input\":{\"@type\":\"PropertyValueSpecification\",\"valueRequired\":true,\"valueName\":\"search_term_string\"}}],\"inLanguage\":\"en-GB\"},{\"@type\":\"Organization\",\"@id\":\"https:\\\/\\\/buletin.de\\\/bucuresti\\\/#organization\",\"name\":\"Buletin de Bucure\u0219ti\",\"url\":\"https:\\\/\\\/buletin.de\\\/bucuresti\\\/\",\"logo\":{\"@type\":\"ImageObject\",\"inLanguage\":\"en-GB\",\"@id\":\"https:\\\/\\\/buletin.de\\\/bucuresti\\\/#\\\/schema\\\/logo\\\/image\\\/\",\"url\":\"https:\\\/\\\/buletin.de\\\/bucuresti\\\/wp-content\\\/uploads\\\/logo-bdb-full-wide-vernil-transparent.png\",\"contentUrl\":\"https:\\\/\\\/buletin.de\\\/bucuresti\\\/wp-content\\\/uploads\\\/logo-bdb-full-wide-vernil-transparent.png\",\"width\":1782,\"height\":626,\"caption\":\"Buletin de Bucure\u0219ti\"},\"image\":{\"@id\":\"https:\\\/\\\/buletin.de\\\/bucuresti\\\/#\\\/schema\\\/logo\\\/image\\\/\"},\"sameAs\":[\"https:\\\/\\\/www.facebook.com\\\/buletin.de.buc\",\"https:\\\/\\\/www.instagram.com\\\/buletinde.bucuresti\\\/\"]},{\"@type\":\"Person\",\"@id\":\"https:\\\/\\\/buletin.de\\\/bucuresti\\\/#\\\/schema\\\/person\\\/f02780e5e00039cf0bc1d929798d0239\",\"name\":\"Oana Despa\",\"image\":{\"@type\":\"ImageObject\",\"inLanguage\":\"en-GB\",\"@id\":\"https:\\\/\\\/secure.gravatar.com\\\/avatar\\\/315d42f2ee19dcce5c47d87713af9f3ec85494d7026ca420f44668b51324357e?s=96&d=monsterid&r=g9679e8786333bebe875735ec1e7b81f0\",\"url\":\"https:\\\/\\\/secure.gravatar.com\\\/avatar\\\/315d42f2ee19dcce5c47d87713af9f3ec85494d7026ca420f44668b51324357e?s=96&d=monsterid&r=g\",\"contentUrl\":\"https:\\\/\\\/secure.gravatar.com\\\/avatar\\\/315d42f2ee19dcce5c47d87713af9f3ec85494d7026ca420f44668b51324357e?s=96&d=monsterid&r=g\",\"caption\":\"Oana Despa\"},\"description\":\"Editor\",\"url\":\"https:\\\/\\\/buletin.de\\\/bucuresti\\\/author\\\/oanadespa\\\/\"}]}<\/script>\n<!-- \/ Yoast SEO Premium plugin. -->","yoast_head_json":{"title":"EDITORIAL: C\u00e2t se poate \u00eentinde ipocrizia Gabirelei Firea \u0219i c\u00e2nd se va rupe ea? - Buletin de Bucure\u0219ti","robots":{"index":"index","follow":"follow","max-snippet":"max-snippet:-1","max-image-preview":"max-image-preview:large","max-video-preview":"max-video-preview:-1"},"canonical":"https:\/\/buletin.de\/bucuresti\/editorial-cat-se-poate-intinde-ipocrizia-gabirelei-firea-si-cand-se-va-rupe-ea\/","og_locale":"en_GB","og_type":"article","og_title":"EDITORIAL: C\u00e2t se poate \u00eentinde ipocrizia Gabirelei Firea \u0219i c\u00e2nd se va rupe ea?","og_description":"De dou\u0103 zile, prim\u0103ri\u021ba Firea toac\u0103 \u00eempotriva responsabililor din S\u0103n\u0103tate ca o moar\u0103 stricat\u0103. Pe un fond albastru liberal, \u00een post\u0103ri zbierate&nbsp; pe Facebook, Gabriela Vr\u00e2nceanu Firea Pandele&nbsp; se pl\u00e2nge de incompeten\u021ba \u0219i cinismul guvernului care, \u00een cinci luni nu a fost capabil s\u0103 deta\u0219eze doctori ATI sau s\u0103 g\u0103seasc\u0103 mai mult de 5 spitale [&hellip;]","og_url":"https:\/\/buletin.de\/bucuresti\/editorial-cat-se-poate-intinde-ipocrizia-gabirelei-firea-si-cand-se-va-rupe-ea\/","og_site_name":"Buletin de Bucure\u0219ti","article_publisher":"https:\/\/www.facebook.com\/buletin.de.buc","article_published_time":"2020-07-26T10:12:08+00:00","article_modified_time":"2023-09-19T13:06:31+00:00","og_image":[{"width":2441,"height":1321,"url":"https:\/\/buletin.de\/bucuresti\/wp-content\/uploads\/firea-teste.jpg","type":"image\/jpeg"}],"author":"Oana Despa","twitter_card":"summary_large_image","twitter_misc":{"Written by":"Oana Despa","Estimated reading time":"9 minutes"},"schema":{"@context":"https:\/\/schema.org","@graph":[{"@type":"Article","@id":"https:\/\/buletin.de\/bucuresti\/editorial-cat-se-poate-intinde-ipocrizia-gabirelei-firea-si-cand-se-va-rupe-ea\/#article","isPartOf":{"@id":"https:\/\/buletin.de\/bucuresti\/editorial-cat-se-poate-intinde-ipocrizia-gabirelei-firea-si-cand-se-va-rupe-ea\/"},"author":{"name":"Oana Despa","@id":"https:\/\/buletin.de\/bucuresti\/#\/schema\/person\/f02780e5e00039cf0bc1d929798d0239"},"headline":"EDITORIAL: C\u00e2t se poate \u00eentinde ipocrizia Gabirelei Firea \u0219i c\u00e2nd se va rupe ea?","datePublished":"2020-07-26T10:12:08+00:00","dateModified":"2023-09-19T13:06:31+00:00","mainEntityOfPage":{"@id":"https:\/\/buletin.de\/bucuresti\/editorial-cat-se-poate-intinde-ipocrizia-gabirelei-firea-si-cand-se-va-rupe-ea\/"},"wordCount":1875,"publisher":{"@id":"https:\/\/buletin.de\/bucuresti\/#organization"},"image":{"@id":"https:\/\/buletin.de\/bucuresti\/editorial-cat-se-poate-intinde-ipocrizia-gabirelei-firea-si-cand-se-va-rupe-ea\/#primaryimage"},"thumbnailUrl":"https:\/\/buletin.de\/bucuresti\/wp-content\/uploads\/firea-teste.jpg","articleSection":["Editorial"],"inLanguage":"en-GB","copyrightYear":"2020","copyrightHolder":{"@id":"https:\/\/buletin.de\/bucuresti\/#organization"}},{"@type":"WebPage","@id":"https:\/\/buletin.de\/bucuresti\/editorial-cat-se-poate-intinde-ipocrizia-gabirelei-firea-si-cand-se-va-rupe-ea\/","url":"https:\/\/buletin.de\/bucuresti\/editorial-cat-se-poate-intinde-ipocrizia-gabirelei-firea-si-cand-se-va-rupe-ea\/","name":"EDITORIAL: C\u00e2t se poate \u00eentinde ipocrizia Gabirelei Firea \u0219i c\u00e2nd se va rupe ea? - Buletin de Bucure\u0219ti","isPartOf":{"@id":"https:\/\/buletin.de\/bucuresti\/#website"},"primaryImageOfPage":{"@id":"https:\/\/buletin.de\/bucuresti\/editorial-cat-se-poate-intinde-ipocrizia-gabirelei-firea-si-cand-se-va-rupe-ea\/#primaryimage"},"image":{"@id":"https:\/\/buletin.de\/bucuresti\/editorial-cat-se-poate-intinde-ipocrizia-gabirelei-firea-si-cand-se-va-rupe-ea\/#primaryimage"},"thumbnailUrl":"https:\/\/buletin.de\/bucuresti\/wp-content\/uploads\/firea-teste.jpg","datePublished":"2020-07-26T10:12:08+00:00","dateModified":"2023-09-19T13:06:31+00:00","breadcrumb":{"@id":"https:\/\/buletin.de\/bucuresti\/editorial-cat-se-poate-intinde-ipocrizia-gabirelei-firea-si-cand-se-va-rupe-ea\/#breadcrumb"},"inLanguage":"en-GB","potentialAction":[{"@type":"ReadAction","target":["https:\/\/buletin.de\/bucuresti\/editorial-cat-se-poate-intinde-ipocrizia-gabirelei-firea-si-cand-se-va-rupe-ea\/"]}]},{"@type":"ImageObject","inLanguage":"en-GB","@id":"https:\/\/buletin.de\/bucuresti\/editorial-cat-se-poate-intinde-ipocrizia-gabirelei-firea-si-cand-se-va-rupe-ea\/#primaryimage","url":"https:\/\/buletin.de\/bucuresti\/wp-content\/uploads\/firea-teste.jpg","contentUrl":"https:\/\/buletin.de\/bucuresti\/wp-content\/uploads\/firea-teste.jpg","width":2441,"height":1321},{"@type":"BreadcrumbList","@id":"https:\/\/buletin.de\/bucuresti\/editorial-cat-se-poate-intinde-ipocrizia-gabirelei-firea-si-cand-se-va-rupe-ea\/#breadcrumb","itemListElement":[{"@type":"ListItem","position":1,"name":"Acas\u0103","item":"https:\/\/buletin.de\/bucuresti\/"},{"@type":"ListItem","position":2,"name":"EDITORIAL: C\u00e2t se poate \u00eentinde ipocrizia Gabirelei Firea \u0219i c\u00e2nd se va rupe ea?"}]},{"@type":"WebSite","@id":"https:\/\/buletin.de\/bucuresti\/#website","url":"https:\/\/buletin.de\/bucuresti\/","name":"Buletin de Bucure\u0219ti","description":"\u0218tiri \u0219i investiga\u021bii esen\u021biale din capital\u0103","publisher":{"@id":"https:\/\/buletin.de\/bucuresti\/#organization"},"potentialAction":[{"@type":"SearchAction","target":{"@type":"EntryPoint","urlTemplate":"https:\/\/buletin.de\/bucuresti\/?s={search_term_string}"},"query-input":{"@type":"PropertyValueSpecification","valueRequired":true,"valueName":"search_term_string"}}],"inLanguage":"en-GB"},{"@type":"Organization","@id":"https:\/\/buletin.de\/bucuresti\/#organization","name":"Buletin de Bucure\u0219ti","url":"https:\/\/buletin.de\/bucuresti\/","logo":{"@type":"ImageObject","inLanguage":"en-GB","@id":"https:\/\/buletin.de\/bucuresti\/#\/schema\/logo\/image\/","url":"https:\/\/buletin.de\/bucuresti\/wp-content\/uploads\/logo-bdb-full-wide-vernil-transparent.png","contentUrl":"https:\/\/buletin.de\/bucuresti\/wp-content\/uploads\/logo-bdb-full-wide-vernil-transparent.png","width":1782,"height":626,"caption":"Buletin de Bucure\u0219ti"},"image":{"@id":"https:\/\/buletin.de\/bucuresti\/#\/schema\/logo\/image\/"},"sameAs":["https:\/\/www.facebook.com\/buletin.de.buc","https:\/\/www.instagram.com\/buletinde.bucuresti\/"]},{"@type":"Person","@id":"https:\/\/buletin.de\/bucuresti\/#\/schema\/person\/f02780e5e00039cf0bc1d929798d0239","name":"Oana Despa","image":{"@type":"ImageObject","inLanguage":"en-GB","@id":"https:\/\/secure.gravatar.com\/avatar\/315d42f2ee19dcce5c47d87713af9f3ec85494d7026ca420f44668b51324357e?s=96&d=monsterid&r=g9679e8786333bebe875735ec1e7b81f0","url":"https:\/\/secure.gravatar.com\/avatar\/315d42f2ee19dcce5c47d87713af9f3ec85494d7026ca420f44668b51324357e?s=96&d=monsterid&r=g","contentUrl":"https:\/\/secure.gravatar.com\/avatar\/315d42f2ee19dcce5c47d87713af9f3ec85494d7026ca420f44668b51324357e?s=96&d=monsterid&r=g","caption":"Oana Despa"},"description":"Editor","url":"https:\/\/buletin.de\/bucuresti\/author\/oanadespa\/"}]}},"authors":[{"term_id":22584,"user_id":2,"is_guest":0,"slug":"oanadespa","display_name":"Oana Despa","avatar_url":"https:\/\/secure.gravatar.com\/avatar\/315d42f2ee19dcce5c47d87713af9f3ec85494d7026ca420f44668b51324357e?s=96&d=monsterid&r=g","0":null,"1":"","2":"","3":"","4":"","5":"","6":"","7":"","8":""}],"_links":{"self":[{"href":"https:\/\/buletin.de\/bucuresti\/wp-json\/wp\/v2\/posts\/9640","targetHints":{"allow":["GET"]}}],"collection":[{"href":"https:\/\/buletin.de\/bucuresti\/wp-json\/wp\/v2\/posts"}],"about":[{"href":"https:\/\/buletin.de\/bucuresti\/wp-json\/wp\/v2\/types\/post"}],"author":[{"embeddable":true,"href":"https:\/\/buletin.de\/bucuresti\/wp-json\/wp\/v2\/users\/2"}],"replies":[{"embeddable":true,"href":"https:\/\/buletin.de\/bucuresti\/wp-json\/wp\/v2\/comments?post=9640"}],"version-history":[{"count":6,"href":"https:\/\/buletin.de\/bucuresti\/wp-json\/wp\/v2\/posts\/9640\/revisions"}],"predecessor-version":[{"id":10257,"href":"https:\/\/buletin.de\/bucuresti\/wp-json\/wp\/v2\/posts\/9640\/revisions\/10257"}],"wp:featuredmedia":[{"embeddable":true,"href":"https:\/\/buletin.de\/bucuresti\/wp-json\/wp\/v2\/media\/6917"}],"wp:attachment":[{"href":"https:\/\/buletin.de\/bucuresti\/wp-json\/wp\/v2\/media?parent=9640"}],"wp:term":[{"taxonomy":"category","embeddable":true,"href":"https:\/\/buletin.de\/bucuresti\/wp-json\/wp\/v2\/categories?post=9640"},{"taxonomy":"post_tag","embeddable":true,"href":"https:\/\/buletin.de\/bucuresti\/wp-json\/wp\/v2\/tags?post=9640"},{"taxonomy":"author","embeddable":true,"href":"https:\/\/buletin.de\/bucuresti\/wp-json\/wp\/v2\/ppma_author?post=9640"}],"curies":[{"name":"wp","href":"https:\/\/api.w.org\/{rel}","templated":true}]}}