{"id":96365,"date":"2024-09-01T14:29:00","date_gmt":"2024-09-01T11:29:00","guid":{"rendered":"https:\/\/buletin.de\/bucuresti\/?p=96365"},"modified":"2024-09-01T07:48:25","modified_gmt":"2024-09-01T04:48:25","slug":"vremea-in-septembrie","status":"publish","type":"post","link":"https:\/\/buletin.de\/bucuresti\/vremea-in-septembrie\/","title":{"rendered":"Vremea \u00een septembrie | Temperaturi crescute pentru primele zile de toamn\u0103, la Bucure\u0219ti"},"content":{"rendered":"\n<p><strong>Vremea \u00een septembrie. Meteorologii anun\u021b\u0103 temperaturi ridicate, pentru \u00eenceputul lunii. Potrivit <a href=\"https:\/\/www.meteoromania.ro\/avertizari\/\">ANM<\/a>, temperatura maxim\u0103 va ajunge la 35 de grade, la Bucure\u0219ti.<\/strong><\/p>\n\n\n\n<p><strong>Luni, 2 septembrie,<\/strong> temperatura cre\u0219te, din nou la Bucure\u0219ti, iar maxim\u0103 termic\u0103 ajunge la 34 de grade. Minima termic\u0103 ajunge la 19 grade, iar v\u00e2ntul bate cu 11 km\/h. Nu sunt prognozate precipita\u021bii.<\/p>\n\n\n\n<p><strong>Mar\u021bi, 3 septembrie, <\/strong>apar c\u00e2\u021biva nori, \u00eens\u0103 r\u0103m\u00e2ne deosebit de cald, cu 35 de grade, temperatura maxim\u0103, \u00een termometre. V\u00e2ntul bate cu 4 km\/h \u0219i nu sunt \u0219anse de ploaie.<\/p>\n\n\n\n<p><strong>Miercuri, 4 septembrie,<\/strong> cerul va fi par\u021bial \u00eensorit, \u00eens\u0103 r\u0103m\u00e2ne cald. Temperatura maxim\u0103 se va situa \u00een jurul valorii de 34 de grade. Sunt \u0219anse de averse, iar v\u00e2ntul bate cu 7 km\/h.<\/p>\n\n\n\n<p><strong>Joi, 5 septembrie,<\/strong> cerul va fi par\u021bial noros, \u00eens\u0103 nu sunt \u0219anse de precipita\u021bii. Minima termic\u0103 r\u0103m\u00e2ne la 19 grade, iar maxim\u0103 r\u0103m\u00e2ne ridicat\u0103, la 34 de grade. V\u00e2ntul bate cu 4 km\/h.<\/p>\n\n\n\n<p>Temperaturi crescute, pentru primele zile de toamn\u0103, la Bucure\u0219ti. La sf\u00e2r\u0219itul s\u0103pt\u0103m\u00e2nii, vremea r\u0103m\u00e2ne cald\u0103, iar temperatura maxim\u0103 ajunge la 34 de grade. <strong>Duminic\u0103, 8 septembrie,<\/strong> sunt prognozate ploi scurte.<\/p>\n\n\n\n<p><strong>CITE\u0218TE \u0218I:<\/strong> <a href=\"https:\/\/buletin.de\/bucuresti\/stb-schimbari-pentru-liniile-103-si-n109-si-statie-noua-pentru-443b\/\">STB | Schimb\u0103ri pentru liniile 103 \u015fi N109 \u015fi sta\u0163ie nou\u0103 pentru 443B<\/a><\/p>\n\n\n\n<h2 class=\"wp-block-heading\" id=\"h-vremea-in-septembrie-in-toata-\u021bara\">Vremea \u00een septembrie, \u00een toat\u0103 \u021bara<\/h2>\n\n\n\n<p>S\u0103pt\u0103m\u00e2n\u0103 viitoare \u00een vestul \u0219i sud-vestul teritoriului \u0219i local \u00een rest se vor \u00eenregistra temperaturi deosebit de ridicate, astfel c\u0103 vremea va fi c\u0103lduroas\u0103, chiar canicular\u0103 \u00een timpul dup\u0103-amiezelor.<\/p>\n\n\n\n<figure class=\"wp-block-image size-large is-resized\"><img fetchpriority=\"high\" decoding=\"async\" width=\"315\" height=\"224\" src=\"data:image\/gif;base64,R0lGODlhAQABAAAAACH5BAEKAAEALAAAAAABAAEAAAICTAEAOw==\" data-src=\"https:\/\/buletin.de\/bucuresti\/wp-content\/uploads\/harta-2.svg-4-2.svg\" alt=\"\" class=\"wp-image-96368 lazyload\" style=\"width:840px;height:auto\"\/><\/figure>\n\n\n\n<p>Potrivit meteorologilor, temperaturile r\u0103m\u00e2n crescute, pentru aceast\u0103 perioad\u0103. <\/p>\n\n\n\n<p>\u00cen luna iulie, au fost chiar \u0219i zile cu cod ro\u0219u, \u00een care temperatura ajungea la 41 de grade, la Bucure\u0219ti. \u00cen acest context, mai multe puncte de prim ajutor \u0219i hidratare au fost amplasate \u00een Bucure\u0219ti, pentru cet\u0103\u021benii care erau nevoi\u021bi s\u0103 ias\u0103 din cas\u0103 \u00een timpul perioadei caniculare. Lista complet\u0103 cu punctele de ajutor \u0219i hidratare din fiecare sector poate fi consultat\u0103&nbsp;<strong><a href=\"https:\/\/buletin.de\/bucuresti\/cod-rosu-de-canicula-in-capitala-recomandarile-meteorlogilor-si-punctele-de-prim-ajutor-si-hidratare-din-bucuresti\/\">aici<\/a><\/strong>.<\/p>\n\n\n\n<p><strong>CITE\u0218TE \u0218I:<\/strong> <a href=\"https:\/\/buletin.de\/bucuresti\/sector-5-bani-pentru-biserici-peste-25-milioane-lei-pentru-sase-parohii\/\">Sector 5 | Bani pentru biserici. Peste 2,5 milioane lei pentru \u0219ase parohii<\/a><\/p>\n\n\n\n<p><br><\/p>\n\n\n\n<p><\/p>\n","protected":false},"excerpt":{"rendered":"<p>Vremea \u00een septembrie. Meteorologii anun\u021b\u0103 temperaturi ridicate, pentru \u00eenceputul lunii. Potrivit ANM, temperatura maxim\u0103 va ajunge la 35 de grade, la Bucure\u0219ti. Luni, 2 septembrie, temperatura cre\u0219te, din nou la Bucure\u0219ti, iar maxim\u0103 termic\u0103 ajunge la 34 de grade. Minima termic\u0103 ajunge la 19 grade, iar v\u00e2ntul bate cu 11 km\/h. Nu sunt prognozate precipita\u021bii. [&hellip;]<\/p>\n","protected":false},"author":49,"featured_media":96376,"comment_status":"closed","ping_status":"open","sticky":false,"template":"","format":"standard","meta":{"_acf_changed":false,"inline_featured_image":false,"ngg_post_thumbnail":0,"footnotes":""},"categories":[6994,62],"tags":[4314,5928,10452,14690],"ppma_author":[22574],"class_list":["post-96365","post","type-post","status-publish","format-standard","has-post-thumbnail","hentry","category-stiri-2","category-stiri","tag-anm","tag-anm-prognoza-meteo","tag-temperaturi-bucuresti","tag-vremea-in-septembrie"],"acf":[],"yoast_head":"<!-- This site is optimized with the Yoast SEO Premium plugin v25.3 (Yoast SEO v27.4) - https:\/\/yoast.com\/product\/yoast-seo-premium-wordpress\/ -->\n<title>Vremea \u00een septembrie | Temperaturi crescute pentru primele zile de toamn\u0103, la Bucure\u0219ti - Buletin de Bucure\u0219ti<\/title>\n<meta name=\"description\" content=\"Vremea \u00een septembrie. Meteorologii anun\u021b\u0103 temperaturi ridicate, pentru \u00eenceputul lunii septembrie, potrivit ANM.\" \/>\n<meta name=\"robots\" content=\"index, follow, max-snippet:-1, max-image-preview:large, max-video-preview:-1\" \/>\n<link rel=\"canonical\" href=\"https:\/\/buletin.de\/bucuresti\/vremea-in-septembrie\/\" \/>\n<meta property=\"og:locale\" content=\"en_GB\" \/>\n<meta property=\"og:type\" content=\"article\" \/>\n<meta property=\"og:title\" content=\"Vremea \u00een septembrie | Temperaturi crescute pentru primele zile de toamn\u0103, la Bucure\u0219ti\" \/>\n<meta property=\"og:description\" content=\"Vremea \u00een septembrie. Meteorologii anun\u021b\u0103 temperaturi ridicate, pentru \u00eenceputul lunii septembrie, potrivit ANM.\" \/>\n<meta property=\"og:url\" content=\"https:\/\/buletin.de\/bucuresti\/vremea-in-septembrie\/\" \/>\n<meta property=\"og:site_name\" content=\"Buletin de Bucure\u0219ti\" \/>\n<meta property=\"article:publisher\" content=\"https:\/\/www.facebook.com\/buletin.de.buc\" \/>\n<meta property=\"article:published_time\" content=\"2024-09-01T11:29:00+00:00\" \/>\n<meta property=\"og:image\" content=\"https:\/\/buletin.de\/bucuresti\/wp-content\/uploads\/unnamed-1-5-900x900.jpg\" \/>\n\t<meta property=\"og:image:width\" content=\"900\" \/>\n\t<meta property=\"og:image:height\" content=\"900\" \/>\n\t<meta property=\"og:image:type\" content=\"image\/jpeg\" \/>\n<meta name=\"author\" content=\"Diana Matei\" \/>\n<meta name=\"twitter:card\" content=\"summary_large_image\" \/>\n<meta name=\"twitter:label1\" content=\"Written by\" \/>\n\t<meta name=\"twitter:data1\" content=\"Diana Matei\" \/>\n\t<meta name=\"twitter:label2\" content=\"Estimated reading time\" \/>\n\t<meta name=\"twitter:data2\" content=\"2 minutes\" \/>\n<script type=\"application\/ld+json\" class=\"yoast-schema-graph\">{\"@context\":\"https:\\\/\\\/schema.org\",\"@graph\":[{\"@type\":\"Article\",\"@id\":\"https:\\\/\\\/buletin.de\\\/bucuresti\\\/vremea-in-septembrie\\\/#article\",\"isPartOf\":{\"@id\":\"https:\\\/\\\/buletin.de\\\/bucuresti\\\/vremea-in-septembrie\\\/\"},\"author\":{\"name\":\"Diana Matei\",\"@id\":\"https:\\\/\\\/buletin.de\\\/bucuresti\\\/#\\\/schema\\\/person\\\/7e46040573290777280a0835d81ea4ea\"},\"headline\":\"Vremea \u00een septembrie | Temperaturi crescute pentru primele zile de toamn\u0103, la Bucure\u0219ti\",\"datePublished\":\"2024-09-01T11:29:00+00:00\",\"mainEntityOfPage\":{\"@id\":\"https:\\\/\\\/buletin.de\\\/bucuresti\\\/vremea-in-septembrie\\\/\"},\"wordCount\":359,\"publisher\":{\"@id\":\"https:\\\/\\\/buletin.de\\\/bucuresti\\\/#organization\"},\"image\":{\"@id\":\"https:\\\/\\\/buletin.de\\\/bucuresti\\\/vremea-in-septembrie\\\/#primaryimage\"},\"thumbnailUrl\":\"https:\\\/\\\/buletin.de\\\/bucuresti\\\/wp-content\\\/uploads\\\/unnamed-1-5.jpg\",\"keywords\":[\"anm\",\"anm prognoza meteo\",\"temperaturi Bucuresti\",\"Vremea \u00een septembrie\"],\"articleSection\":[\"Articole\",\"\u0218tiri\"],\"inLanguage\":\"en-GB\",\"copyrightYear\":\"2024\",\"copyrightHolder\":{\"@id\":\"https:\\\/\\\/buletin.de\\\/bucuresti\\\/#organization\"}},{\"@type\":\"WebPage\",\"@id\":\"https:\\\/\\\/buletin.de\\\/bucuresti\\\/vremea-in-septembrie\\\/\",\"url\":\"https:\\\/\\\/buletin.de\\\/bucuresti\\\/vremea-in-septembrie\\\/\",\"name\":\"Vremea \u00een septembrie | Temperaturi crescute pentru primele zile de toamn\u0103, la Bucure\u0219ti - Buletin de Bucure\u0219ti\",\"isPartOf\":{\"@id\":\"https:\\\/\\\/buletin.de\\\/bucuresti\\\/#website\"},\"primaryImageOfPage\":{\"@id\":\"https:\\\/\\\/buletin.de\\\/bucuresti\\\/vremea-in-septembrie\\\/#primaryimage\"},\"image\":{\"@id\":\"https:\\\/\\\/buletin.de\\\/bucuresti\\\/vremea-in-septembrie\\\/#primaryimage\"},\"thumbnailUrl\":\"https:\\\/\\\/buletin.de\\\/bucuresti\\\/wp-content\\\/uploads\\\/unnamed-1-5.jpg\",\"datePublished\":\"2024-09-01T11:29:00+00:00\",\"description\":\"Vremea \u00een septembrie. Meteorologii anun\u021b\u0103 temperaturi ridicate, pentru \u00eenceputul lunii septembrie, potrivit ANM.\",\"breadcrumb\":{\"@id\":\"https:\\\/\\\/buletin.de\\\/bucuresti\\\/vremea-in-septembrie\\\/#breadcrumb\"},\"inLanguage\":\"en-GB\",\"potentialAction\":[{\"@type\":\"ReadAction\",\"target\":[\"https:\\\/\\\/buletin.de\\\/bucuresti\\\/vremea-in-septembrie\\\/\"]}]},{\"@type\":\"ImageObject\",\"inLanguage\":\"en-GB\",\"@id\":\"https:\\\/\\\/buletin.de\\\/bucuresti\\\/vremea-in-septembrie\\\/#primaryimage\",\"url\":\"https:\\\/\\\/buletin.de\\\/bucuresti\\\/wp-content\\\/uploads\\\/unnamed-1-5.jpg\",\"contentUrl\":\"https:\\\/\\\/buletin.de\\\/bucuresti\\\/wp-content\\\/uploads\\\/unnamed-1-5.jpg\",\"width\":2000,\"height\":2000,\"caption\":\"METEO | Vremea se men\u021bine c\u0103lduroas\u0103, \u00een weekend. Temperatura maxim\u0103 ajunge la 32... 33 de grade. FOTO: Arhiva\"},{\"@type\":\"BreadcrumbList\",\"@id\":\"https:\\\/\\\/buletin.de\\\/bucuresti\\\/vremea-in-septembrie\\\/#breadcrumb\",\"itemListElement\":[{\"@type\":\"ListItem\",\"position\":1,\"name\":\"Acas\u0103\",\"item\":\"https:\\\/\\\/buletin.de\\\/bucuresti\\\/\"},{\"@type\":\"ListItem\",\"position\":2,\"name\":\"Vremea \u00een septembrie | Temperaturi crescute pentru primele zile de toamn\u0103, la Bucure\u0219ti\"}]},{\"@type\":\"WebSite\",\"@id\":\"https:\\\/\\\/buletin.de\\\/bucuresti\\\/#website\",\"url\":\"https:\\\/\\\/buletin.de\\\/bucuresti\\\/\",\"name\":\"Buletin de Bucure\u0219ti\",\"description\":\"\u0218tiri \u0219i investiga\u021bii esen\u021biale din capital\u0103\",\"publisher\":{\"@id\":\"https:\\\/\\\/buletin.de\\\/bucuresti\\\/#organization\"},\"potentialAction\":[{\"@type\":\"SearchAction\",\"target\":{\"@type\":\"EntryPoint\",\"urlTemplate\":\"https:\\\/\\\/buletin.de\\\/bucuresti\\\/?s={search_term_string}\"},\"query-input\":{\"@type\":\"PropertyValueSpecification\",\"valueRequired\":true,\"valueName\":\"search_term_string\"}}],\"inLanguage\":\"en-GB\"},{\"@type\":\"Organization\",\"@id\":\"https:\\\/\\\/buletin.de\\\/bucuresti\\\/#organization\",\"name\":\"Buletin de Bucure\u0219ti\",\"url\":\"https:\\\/\\\/buletin.de\\\/bucuresti\\\/\",\"logo\":{\"@type\":\"ImageObject\",\"inLanguage\":\"en-GB\",\"@id\":\"https:\\\/\\\/buletin.de\\\/bucuresti\\\/#\\\/schema\\\/logo\\\/image\\\/\",\"url\":\"https:\\\/\\\/buletin.de\\\/bucuresti\\\/wp-content\\\/uploads\\\/logo-bdb-full-wide-vernil-transparent.png\",\"contentUrl\":\"https:\\\/\\\/buletin.de\\\/bucuresti\\\/wp-content\\\/uploads\\\/logo-bdb-full-wide-vernil-transparent.png\",\"width\":1782,\"height\":626,\"caption\":\"Buletin de Bucure\u0219ti\"},\"image\":{\"@id\":\"https:\\\/\\\/buletin.de\\\/bucuresti\\\/#\\\/schema\\\/logo\\\/image\\\/\"},\"sameAs\":[\"https:\\\/\\\/www.facebook.com\\\/buletin.de.buc\",\"https:\\\/\\\/www.instagram.com\\\/buletinde.bucuresti\\\/\"]},{\"@type\":\"Person\",\"@id\":\"https:\\\/\\\/buletin.de\\\/bucuresti\\\/#\\\/schema\\\/person\\\/7e46040573290777280a0835d81ea4ea\",\"name\":\"Diana Matei\",\"image\":{\"@type\":\"ImageObject\",\"inLanguage\":\"en-GB\",\"@id\":\"https:\\\/\\\/buletin.de\\\/bucuresti\\\/wp-content\\\/uploads\\\/9-2-96x96.jpg1e8590b30871d70e62ebcdaf2eff570c\",\"url\":\"https:\\\/\\\/buletin.de\\\/bucuresti\\\/wp-content\\\/uploads\\\/9-2-96x96.jpg\",\"contentUrl\":\"https:\\\/\\\/buletin.de\\\/bucuresti\\\/wp-content\\\/uploads\\\/9-2-96x96.jpg\",\"caption\":\"Diana Matei\"},\"url\":\"https:\\\/\\\/buletin.de\\\/bucuresti\\\/author\\\/dianamatei\\\/\"}]}<\/script>\n<!-- \/ Yoast SEO Premium plugin. -->","yoast_head_json":{"title":"Vremea \u00een septembrie | Temperaturi crescute pentru primele zile de toamn\u0103, la Bucure\u0219ti - Buletin de Bucure\u0219ti","description":"Vremea \u00een septembrie. Meteorologii anun\u021b\u0103 temperaturi ridicate, pentru \u00eenceputul lunii septembrie, potrivit ANM.","robots":{"index":"index","follow":"follow","max-snippet":"max-snippet:-1","max-image-preview":"max-image-preview:large","max-video-preview":"max-video-preview:-1"},"canonical":"https:\/\/buletin.de\/bucuresti\/vremea-in-septembrie\/","og_locale":"en_GB","og_type":"article","og_title":"Vremea \u00een septembrie | Temperaturi crescute pentru primele zile de toamn\u0103, la Bucure\u0219ti","og_description":"Vremea \u00een septembrie. Meteorologii anun\u021b\u0103 temperaturi ridicate, pentru \u00eenceputul lunii septembrie, potrivit ANM.","og_url":"https:\/\/buletin.de\/bucuresti\/vremea-in-septembrie\/","og_site_name":"Buletin de Bucure\u0219ti","article_publisher":"https:\/\/www.facebook.com\/buletin.de.buc","article_published_time":"2024-09-01T11:29:00+00:00","og_image":[{"width":900,"height":900,"url":"https:\/\/buletin.de\/bucuresti\/wp-content\/uploads\/unnamed-1-5-900x900.jpg","type":"image\/jpeg"}],"author":"Diana Matei","twitter_card":"summary_large_image","twitter_misc":{"Written by":"Diana Matei","Estimated reading time":"2 minutes"},"schema":{"@context":"https:\/\/schema.org","@graph":[{"@type":"Article","@id":"https:\/\/buletin.de\/bucuresti\/vremea-in-septembrie\/#article","isPartOf":{"@id":"https:\/\/buletin.de\/bucuresti\/vremea-in-septembrie\/"},"author":{"name":"Diana Matei","@id":"https:\/\/buletin.de\/bucuresti\/#\/schema\/person\/7e46040573290777280a0835d81ea4ea"},"headline":"Vremea \u00een septembrie | Temperaturi crescute pentru primele zile de toamn\u0103, la Bucure\u0219ti","datePublished":"2024-09-01T11:29:00+00:00","mainEntityOfPage":{"@id":"https:\/\/buletin.de\/bucuresti\/vremea-in-septembrie\/"},"wordCount":359,"publisher":{"@id":"https:\/\/buletin.de\/bucuresti\/#organization"},"image":{"@id":"https:\/\/buletin.de\/bucuresti\/vremea-in-septembrie\/#primaryimage"},"thumbnailUrl":"https:\/\/buletin.de\/bucuresti\/wp-content\/uploads\/unnamed-1-5.jpg","keywords":["anm","anm prognoza meteo","temperaturi Bucuresti","Vremea \u00een septembrie"],"articleSection":["Articole","\u0218tiri"],"inLanguage":"en-GB","copyrightYear":"2024","copyrightHolder":{"@id":"https:\/\/buletin.de\/bucuresti\/#organization"}},{"@type":"WebPage","@id":"https:\/\/buletin.de\/bucuresti\/vremea-in-septembrie\/","url":"https:\/\/buletin.de\/bucuresti\/vremea-in-septembrie\/","name":"Vremea \u00een septembrie | Temperaturi crescute pentru primele zile de toamn\u0103, la Bucure\u0219ti - Buletin de Bucure\u0219ti","isPartOf":{"@id":"https:\/\/buletin.de\/bucuresti\/#website"},"primaryImageOfPage":{"@id":"https:\/\/buletin.de\/bucuresti\/vremea-in-septembrie\/#primaryimage"},"image":{"@id":"https:\/\/buletin.de\/bucuresti\/vremea-in-septembrie\/#primaryimage"},"thumbnailUrl":"https:\/\/buletin.de\/bucuresti\/wp-content\/uploads\/unnamed-1-5.jpg","datePublished":"2024-09-01T11:29:00+00:00","description":"Vremea \u00een septembrie. Meteorologii anun\u021b\u0103 temperaturi ridicate, pentru \u00eenceputul lunii septembrie, potrivit ANM.","breadcrumb":{"@id":"https:\/\/buletin.de\/bucuresti\/vremea-in-septembrie\/#breadcrumb"},"inLanguage":"en-GB","potentialAction":[{"@type":"ReadAction","target":["https:\/\/buletin.de\/bucuresti\/vremea-in-septembrie\/"]}]},{"@type":"ImageObject","inLanguage":"en-GB","@id":"https:\/\/buletin.de\/bucuresti\/vremea-in-septembrie\/#primaryimage","url":"https:\/\/buletin.de\/bucuresti\/wp-content\/uploads\/unnamed-1-5.jpg","contentUrl":"https:\/\/buletin.de\/bucuresti\/wp-content\/uploads\/unnamed-1-5.jpg","width":2000,"height":2000,"caption":"METEO | Vremea se men\u021bine c\u0103lduroas\u0103, \u00een weekend. Temperatura maxim\u0103 ajunge la 32... 33 de grade. FOTO: Arhiva"},{"@type":"BreadcrumbList","@id":"https:\/\/buletin.de\/bucuresti\/vremea-in-septembrie\/#breadcrumb","itemListElement":[{"@type":"ListItem","position":1,"name":"Acas\u0103","item":"https:\/\/buletin.de\/bucuresti\/"},{"@type":"ListItem","position":2,"name":"Vremea \u00een septembrie | Temperaturi crescute pentru primele zile de toamn\u0103, la Bucure\u0219ti"}]},{"@type":"WebSite","@id":"https:\/\/buletin.de\/bucuresti\/#website","url":"https:\/\/buletin.de\/bucuresti\/","name":"Buletin de Bucure\u0219ti","description":"\u0218tiri \u0219i investiga\u021bii esen\u021biale din capital\u0103","publisher":{"@id":"https:\/\/buletin.de\/bucuresti\/#organization"},"potentialAction":[{"@type":"SearchAction","target":{"@type":"EntryPoint","urlTemplate":"https:\/\/buletin.de\/bucuresti\/?s={search_term_string}"},"query-input":{"@type":"PropertyValueSpecification","valueRequired":true,"valueName":"search_term_string"}}],"inLanguage":"en-GB"},{"@type":"Organization","@id":"https:\/\/buletin.de\/bucuresti\/#organization","name":"Buletin de Bucure\u0219ti","url":"https:\/\/buletin.de\/bucuresti\/","logo":{"@type":"ImageObject","inLanguage":"en-GB","@id":"https:\/\/buletin.de\/bucuresti\/#\/schema\/logo\/image\/","url":"https:\/\/buletin.de\/bucuresti\/wp-content\/uploads\/logo-bdb-full-wide-vernil-transparent.png","contentUrl":"https:\/\/buletin.de\/bucuresti\/wp-content\/uploads\/logo-bdb-full-wide-vernil-transparent.png","width":1782,"height":626,"caption":"Buletin de Bucure\u0219ti"},"image":{"@id":"https:\/\/buletin.de\/bucuresti\/#\/schema\/logo\/image\/"},"sameAs":["https:\/\/www.facebook.com\/buletin.de.buc","https:\/\/www.instagram.com\/buletinde.bucuresti\/"]},{"@type":"Person","@id":"https:\/\/buletin.de\/bucuresti\/#\/schema\/person\/7e46040573290777280a0835d81ea4ea","name":"Diana Matei","image":{"@type":"ImageObject","inLanguage":"en-GB","@id":"https:\/\/buletin.de\/bucuresti\/wp-content\/uploads\/9-2-96x96.jpg1e8590b30871d70e62ebcdaf2eff570c","url":"https:\/\/buletin.de\/bucuresti\/wp-content\/uploads\/9-2-96x96.jpg","contentUrl":"https:\/\/buletin.de\/bucuresti\/wp-content\/uploads\/9-2-96x96.jpg","caption":"Diana Matei"},"url":"https:\/\/buletin.de\/bucuresti\/author\/dianamatei\/"}]}},"authors":[{"term_id":22574,"user_id":49,"is_guest":0,"slug":"dianamatei","display_name":"Diana Matei","avatar_url":"https:\/\/buletin.de\/bucuresti\/wp-content\/uploads\/9-2-96x96.jpg","0":null,"1":"","2":"","3":"","4":"","5":"","6":"","7":"","8":""}],"_links":{"self":[{"href":"https:\/\/buletin.de\/bucuresti\/wp-json\/wp\/v2\/posts\/96365","targetHints":{"allow":["GET"]}}],"collection":[{"href":"https:\/\/buletin.de\/bucuresti\/wp-json\/wp\/v2\/posts"}],"about":[{"href":"https:\/\/buletin.de\/bucuresti\/wp-json\/wp\/v2\/types\/post"}],"author":[{"embeddable":true,"href":"https:\/\/buletin.de\/bucuresti\/wp-json\/wp\/v2\/users\/49"}],"replies":[{"embeddable":true,"href":"https:\/\/buletin.de\/bucuresti\/wp-json\/wp\/v2\/comments?post=96365"}],"version-history":[{"count":7,"href":"https:\/\/buletin.de\/bucuresti\/wp-json\/wp\/v2\/posts\/96365\/revisions"}],"predecessor-version":[{"id":96437,"href":"https:\/\/buletin.de\/bucuresti\/wp-json\/wp\/v2\/posts\/96365\/revisions\/96437"}],"wp:featuredmedia":[{"embeddable":true,"href":"https:\/\/buletin.de\/bucuresti\/wp-json\/wp\/v2\/media\/96376"}],"wp:attachment":[{"href":"https:\/\/buletin.de\/bucuresti\/wp-json\/wp\/v2\/media?parent=96365"}],"wp:term":[{"taxonomy":"category","embeddable":true,"href":"https:\/\/buletin.de\/bucuresti\/wp-json\/wp\/v2\/categories?post=96365"},{"taxonomy":"post_tag","embeddable":true,"href":"https:\/\/buletin.de\/bucuresti\/wp-json\/wp\/v2\/tags?post=96365"},{"taxonomy":"author","embeddable":true,"href":"https:\/\/buletin.de\/bucuresti\/wp-json\/wp\/v2\/ppma_author?post=96365"}],"curies":[{"name":"wp","href":"https:\/\/api.w.org\/{rel}","templated":true}]}}