{"id":96091,"date":"2024-08-29T07:20:27","date_gmt":"2024-08-29T04:20:27","guid":{"rendered":"https:\/\/buletin.de\/bucuresti\/?p=96091"},"modified":"2024-08-29T09:09:43","modified_gmt":"2024-08-29T06:09:43","slug":"foto-locomotiva-iorga-modernizata-prin-pnrr-a-ajuns-la-chitila-triaj","status":"publish","type":"post","link":"https:\/\/buletin.de\/bucuresti\/foto-locomotiva-iorga-modernizata-prin-pnrr-a-ajuns-la-chitila-triaj\/","title":{"rendered":"FOTO | Locomotiva \u201eIorga\u201d modernizat\u0103 prin PNRR a ajuns la Chitila Triaj"},"content":{"rendered":"\n<p><strong>Locomotiva \u201eIorga\u201d modernizat\u0103, prima din programul de modernizare prin PNRR a CFR C\u0103l\u0103tori, a fost surprins\u0103 de pasiona\u021bi \u00een timpul unor manevre \u00een halta Chitila Triaj, din Nord-Vestul Capitalei. <\/strong><\/p>\n\n\n\n<p><strong>Locomotiva, colantat\u0103 cu portretul lui Nicolae Iorga, s-ar afla \u00een probe pentru testarea compatibilit\u0103\u021bilor cu sistemul european de control al trenurilor.<\/strong><\/p>\n\n\n\n<p>Imaginile cu prima locomotiv\u0103 modernizat\u0103 prin PNRR a CFR C\u0103l\u0103tori au fost surprinse pe 28 august \u00een halta Chitila Triaj si au fost postate de pasiona\u021bi pe mai multe grupuri de profil. Aceasta a ajuns \u00een Capital\u0103 de la Craiova, acolo unde a fost supus\u0103 unui proces de modernizare la Softronic Craiova. &nbsp;<\/p>\n\n\n\n<p>Locomotiva este colantat\u0103 cu portretul savantului Nicolae Iorga \u0219i se afl\u0103 \u00een prezent \u00een teste pentru a fi autorizat\u0103 \u0219i pus\u0103 \u00een circula\u021bie. <\/p>\n\n\n\n<p>Verific\u0103rile vizeaz\u0103 echipamentele care \u021bin de ETCS (Sistemul european de control al trenurilor), <a href=\"https:\/\/eur-lex.europa.eu\/RO\/legal-content\/summary\/deployment-of-the-rail-signalling-system-ertms-etcs.html\">un mecanism care permite transmiterea informa\u0163iilor \u00een timp real \u00een vederea cre\u0219terii siguran\u021bei feroviare \u0219i optimiz\u0103rii costurilor de operare.<\/a><\/p>\n\n\n\n<h2 class=\"wp-block-heading\" id=\"h-locomotiva-iorga-modernizata-la-chitila-triaj\">Locomotiva \u201eIorga\u201d modernizat\u0103, la Chitila Triaj<\/h2>\n\n\n\n<figure class=\"wp-block-image size-large\"><img fetchpriority=\"high\" decoding=\"async\" width=\"900\" height=\"675\" src=\"data:image\/gif;base64,R0lGODlhAQABAAAAACH5BAEKAAEALAAAAAABAAEAAAICTAEAOw==\" data-src=\"https:\/\/buletin.de\/bucuresti\/wp-content\/uploads\/457394837_3986078568279009_8530807915085576938_n-900x675.jpg\" alt=\"Locomotiva \u201eIorga\u201d modernizat\u0103 prin PNRR a ajuns la Chitila Triaj  FOTO: Tudor Eugen\" class=\"wp-image-96096 lazyload\" data-sizes=\"auto\" data-srcset=\"https:\/\/buletin.de\/bucuresti\/wp-content\/uploads\/457394837_3986078568279009_8530807915085576938_n-900x675.jpg 900w, https:\/\/buletin.de\/bucuresti\/wp-content\/uploads\/457394837_3986078568279009_8530807915085576938_n-300x225.jpg 300w, https:\/\/buletin.de\/bucuresti\/wp-content\/uploads\/457394837_3986078568279009_8530807915085576938_n-768x576.jpg 768w, https:\/\/buletin.de\/bucuresti\/wp-content\/uploads\/457394837_3986078568279009_8530807915085576938_n-1536x1152.jpg 1536w, https:\/\/buletin.de\/bucuresti\/wp-content\/uploads\/457394837_3986078568279009_8530807915085576938_n-1600x1200.jpg 1600w, https:\/\/buletin.de\/bucuresti\/wp-content\/uploads\/457394837_3986078568279009_8530807915085576938_n-1100x825.jpg 1100w, https:\/\/buletin.de\/bucuresti\/wp-content\/uploads\/457394837_3986078568279009_8530807915085576938_n-600x450.jpg 600w, https:\/\/buletin.de\/bucuresti\/wp-content\/uploads\/457394837_3986078568279009_8530807915085576938_n-20x15.jpg 20w, https:\/\/buletin.de\/bucuresti\/wp-content\/uploads\/457394837_3986078568279009_8530807915085576938_n.jpg 2048w\" sizes=\"(max-width: 900px) 100vw, 900px\" \/><figcaption class=\"wp-element-caption\">Locomotiva \u201eIorga\u201d modernizat\u0103 prin PNRR a ajuns la Chitila Triaj  FOTO: Tudor Eugen<\/figcaption><\/figure>\n\n\n\n<figure class=\"wp-block-gallery has-nested-images columns-default is-cropped wp-block-gallery-1 is-layout-flex wp-block-gallery-is-layout-flex\">\n<figure class=\"wp-block-image size-large\"><img decoding=\"async\" width=\"900\" height=\"679\" data-id=\"96095\" src=\"data:image\/gif;base64,R0lGODlhAQABAAAAACH5BAEKAAEALAAAAAABAAEAAAICTAEAOw==\" data-src=\"https:\/\/buletin.de\/bucuresti\/wp-content\/uploads\/457105803_3986078341612365_7469583340915949461_n-900x679.jpg\" alt=\"\" class=\"wp-image-96095 lazyload\" data-sizes=\"auto\" data-srcset=\"https:\/\/buletin.de\/bucuresti\/wp-content\/uploads\/457105803_3986078341612365_7469583340915949461_n-900x679.jpg 900w, https:\/\/buletin.de\/bucuresti\/wp-content\/uploads\/457105803_3986078341612365_7469583340915949461_n-300x226.jpg 300w, https:\/\/buletin.de\/bucuresti\/wp-content\/uploads\/457105803_3986078341612365_7469583340915949461_n-768x579.jpg 768w, https:\/\/buletin.de\/bucuresti\/wp-content\/uploads\/457105803_3986078341612365_7469583340915949461_n-1536x1159.jpg 1536w, https:\/\/buletin.de\/bucuresti\/wp-content\/uploads\/457105803_3986078341612365_7469583340915949461_n-1600x1207.jpg 1600w, https:\/\/buletin.de\/bucuresti\/wp-content\/uploads\/457105803_3986078341612365_7469583340915949461_n-1100x830.jpg 1100w, https:\/\/buletin.de\/bucuresti\/wp-content\/uploads\/457105803_3986078341612365_7469583340915949461_n-600x453.jpg 600w, https:\/\/buletin.de\/bucuresti\/wp-content\/uploads\/457105803_3986078341612365_7469583340915949461_n-20x15.jpg 20w, https:\/\/buletin.de\/bucuresti\/wp-content\/uploads\/457105803_3986078341612365_7469583340915949461_n.jpg 2048w\" sizes=\"(max-width: 900px) 100vw, 900px\" \/><\/figure>\n\n\n\n<figure class=\"wp-block-image size-large\"><img decoding=\"async\" width=\"900\" height=\"675\" data-id=\"96094\" src=\"data:image\/gif;base64,R0lGODlhAQABAAAAACH5BAEKAAEALAAAAAABAAEAAAICTAEAOw==\" data-src=\"https:\/\/buletin.de\/bucuresti\/wp-content\/uploads\/457126825_3986078384945694_5142196366956749484_n-1-900x675.jpg\" alt=\"\" class=\"wp-image-96094 lazyload\" data-sizes=\"auto\" data-srcset=\"https:\/\/buletin.de\/bucuresti\/wp-content\/uploads\/457126825_3986078384945694_5142196366956749484_n-1-900x675.jpg 900w, https:\/\/buletin.de\/bucuresti\/wp-content\/uploads\/457126825_3986078384945694_5142196366956749484_n-1-300x225.jpg 300w, https:\/\/buletin.de\/bucuresti\/wp-content\/uploads\/457126825_3986078384945694_5142196366956749484_n-1-768x576.jpg 768w, https:\/\/buletin.de\/bucuresti\/wp-content\/uploads\/457126825_3986078384945694_5142196366956749484_n-1-1536x1152.jpg 1536w, https:\/\/buletin.de\/bucuresti\/wp-content\/uploads\/457126825_3986078384945694_5142196366956749484_n-1-1600x1200.jpg 1600w, https:\/\/buletin.de\/bucuresti\/wp-content\/uploads\/457126825_3986078384945694_5142196366956749484_n-1-1100x825.jpg 1100w, https:\/\/buletin.de\/bucuresti\/wp-content\/uploads\/457126825_3986078384945694_5142196366956749484_n-1-600x450.jpg 600w, https:\/\/buletin.de\/bucuresti\/wp-content\/uploads\/457126825_3986078384945694_5142196366956749484_n-1-20x15.jpg 20w, https:\/\/buletin.de\/bucuresti\/wp-content\/uploads\/457126825_3986078384945694_5142196366956749484_n-1.jpg 2048w\" sizes=\"(max-width: 900px) 100vw, 900px\" \/><\/figure>\n<\/figure>\n\n\n\n<figure class=\"wp-block-image size-large\"><img loading=\"lazy\" decoding=\"async\" width=\"900\" height=\"675\" src=\"data:image\/gif;base64,R0lGODlhAQABAAAAACH5BAEKAAEALAAAAAABAAEAAAICTAEAOw==\" data-src=\"https:\/\/buletin.de\/bucuresti\/wp-content\/uploads\/457394837_3986078568279009_8530807915085576938_n-900x675.jpg\" alt=\"\" class=\"wp-image-96096 lazyload\" data-sizes=\"auto\" data-srcset=\"https:\/\/buletin.de\/bucuresti\/wp-content\/uploads\/457394837_3986078568279009_8530807915085576938_n-900x675.jpg 900w, https:\/\/buletin.de\/bucuresti\/wp-content\/uploads\/457394837_3986078568279009_8530807915085576938_n-300x225.jpg 300w, https:\/\/buletin.de\/bucuresti\/wp-content\/uploads\/457394837_3986078568279009_8530807915085576938_n-768x576.jpg 768w, https:\/\/buletin.de\/bucuresti\/wp-content\/uploads\/457394837_3986078568279009_8530807915085576938_n-1536x1152.jpg 1536w, https:\/\/buletin.de\/bucuresti\/wp-content\/uploads\/457394837_3986078568279009_8530807915085576938_n-1600x1200.jpg 1600w, https:\/\/buletin.de\/bucuresti\/wp-content\/uploads\/457394837_3986078568279009_8530807915085576938_n-1100x825.jpg 1100w, https:\/\/buletin.de\/bucuresti\/wp-content\/uploads\/457394837_3986078568279009_8530807915085576938_n-600x450.jpg 600w, https:\/\/buletin.de\/bucuresti\/wp-content\/uploads\/457394837_3986078568279009_8530807915085576938_n-20x15.jpg 20w, https:\/\/buletin.de\/bucuresti\/wp-content\/uploads\/457394837_3986078568279009_8530807915085576938_n.jpg 2048w\" sizes=\"(max-width: 900px) 100vw, 900px\" \/><figcaption class=\"wp-element-caption\">&nbsp;Locomotiva este colantat\u0103 cu portretul savantului Nicolae Iorga \u0219i se afl\u0103 \u00een prezent \u00een teste pentru a fi autorizat\u0103 \u0219i pus\u0103 \u00een circula\u021bie.  FOTO: <a href=\"https:\/\/www.facebook.com\/share\/p\/D3jCtnxoLL9vkGMj\/\">Tudor Eugen<\/a><\/figcaption><\/figure>\n\n\n\n<h2 class=\"wp-block-heading\" id=\"h-modernizare-cu-bani-europeni\">Modernizare cu bani europeni<\/h2>\n\n\n\n<p><strong>Recent, reprezentan\u021bii Ministerului Transporturilor au anun\u021bat finalizarea lucr\u0103rilor de modernizare a primei locomotive electrice dintr-un pachet de 55 de locomotive care beneficiaz\u0103 de finan\u021bare asigurat\u0103 din fonduri europene. <\/strong><\/p>\n\n\n\n<p>19 dintre acestea vor fi colantate cu mari personalit\u0103\u021bi istorice ale Rom\u00e2niei \u0219i vor avea o schem\u0103 unitar\u0103 de vopsire cu tot pachetul de 55 de locomotive, dar \u0219i cu cele 139 de vagoane modernizate din PNRR.<\/p>\n\n\n\n<p><a href=\"https:\/\/clubferoviar.ro\/prima-locomotiva-modernizata-prin-pnrr\/\" target=\"_blank\" rel=\"noreferrer noopener\">Potrivit Club Feroviar<\/a>, locomotivele vor fi dotate cu sistemul ETCS, cu\u00a0sisteme de \u00eenchidere de la mecanic a u\u0219ilor vagoanelor \u0219i vor fi apte pentru viteze de 160 km\/or\u0103 \u0219i trac\u021biunea a 16 vagoane.<\/p>\n\n\n\n<p>Modernizarea celor 55 de locomotive electrice cost\u0103 de 66 de milioane de euro din fonduri europene nerambursabile, iar pentru modernizarea a 139 de vagoane de dormit, cu\u0219et\u0103, restaurant, bistro \u0219i clas\u0103 este alocat\u0103 suma de 100 de milioane de euro, bani tot de la Comisia European\u0103.<\/p>\n\n\n\n<p>CITE\u0218TE \u0218I <a href=\"https:\/\/buletin.de\/bucuresti\/afacerea-sfanta-un-nou-pelerinaj-mamut-la-voluntari-primaria-lui-pandele-vrea-sa-plateasca-aproape-200-000-de-euro-pentru-a-duce-8-000-de-pelerini-la-sf-parascheva\/\">\u201e<strong>Afacerea Sf\u00e2nt\u0103\u201d | Un nou pelerinaj-mamut, la Voluntari: Prim\u0103ria lui Pandele vrea s\u0103 pl\u0103teasc\u0103 aproape 200.000 de euro pentru a duce 8.000 de pelerini la Sf. Parascheva<\/strong><\/a><\/p>\n\n\n\n<p><\/p>\n","protected":false},"excerpt":{"rendered":"<p>Locomotiva \u201eIorga\u201d modernizat\u0103, prima din programul de modernizare prin PNRR a CFR C\u0103l\u0103tori, a fost surprins\u0103 de pasiona\u021bi \u00een timpul unor manevre \u00een halta Chitila Triaj, din Nord-Vestul Capitalei. Locomotiva, colantat\u0103 cu portretul lui Nicolae Iorga, s-ar afla \u00een probe pentru testarea compatibilit\u0103\u021bilor cu sistemul european de control al trenurilor. Imaginile cu prima locomotiv\u0103 modernizat\u0103 [&hellip;]<\/p>\n","protected":false},"author":10,"featured_media":96092,"comment_status":"closed","ping_status":"open","sticky":false,"template":"","format":"standard","meta":{"_acf_changed":false,"inline_featured_image":false,"ngg_post_thumbnail":0,"footnotes":""},"categories":[6994,62,650],"tags":[5871,14598,8725,1088,14599,2343,1337],"ppma_author":[22575],"class_list":["post-96091","post","type-post","status-publish","format-standard","has-post-thumbnail","hentry","category-stiri-2","category-stiri","category-transport","tag-cfr-calatori-2","tag-iorga","tag-locomotiva","tag-modernizare","tag-personalitati","tag-pnrr","tag-pret"],"acf":[],"yoast_head":"<!-- This site is optimized with the Yoast SEO Premium plugin v25.3 (Yoast SEO v27.5) - https:\/\/yoast.com\/product\/yoast-seo-premium-wordpress\/ -->\n<title>FOTO | Locomotiva \u201eIorga\u201d modernizat\u0103 prin PNRR a ajuns la Chitila Triaj - Buletin de Bucure\u0219ti<\/title>\n<meta name=\"description\" content=\"Locomotiva \u201eIorga\u201d modernizat\u0103, prima din programul de modernizare prin PNRR, a fost surprins\u0103 \u00een timpul unor manevre \u00een halta Chitila Triaj.\" \/>\n<meta name=\"robots\" content=\"index, follow, max-snippet:-1, max-image-preview:large, max-video-preview:-1\" \/>\n<link rel=\"canonical\" href=\"https:\/\/buletin.de\/bucuresti\/foto-locomotiva-iorga-modernizata-prin-pnrr-a-ajuns-la-chitila-triaj\/\" \/>\n<meta property=\"og:locale\" content=\"en_GB\" \/>\n<meta property=\"og:type\" content=\"article\" \/>\n<meta property=\"og:title\" content=\"FOTO | Locomotiva \u201eIorga\u201d modernizat\u0103 prin PNRR a ajuns la Chitila Triaj\" \/>\n<meta property=\"og:description\" content=\"Locomotiva \u201eIorga\u201d modernizat\u0103, prima din programul de modernizare prin PNRR, a fost surprins\u0103 \u00een timpul unor manevre \u00een halta Chitila Triaj.\" \/>\n<meta property=\"og:url\" content=\"https:\/\/buletin.de\/bucuresti\/foto-locomotiva-iorga-modernizata-prin-pnrr-a-ajuns-la-chitila-triaj\/\" \/>\n<meta property=\"og:site_name\" content=\"Buletin de Bucure\u0219ti\" \/>\n<meta property=\"article:publisher\" content=\"https:\/\/www.facebook.com\/buletin.de.buc\" \/>\n<meta property=\"article:published_time\" content=\"2024-08-29T04:20:27+00:00\" \/>\n<meta property=\"article:modified_time\" content=\"2024-08-29T06:09:43+00:00\" \/>\n<meta property=\"og:image\" content=\"https:\/\/buletin.de\/bucuresti\/wp-content\/uploads\/457380608_3986078468279019_805182819462779291_n.jpg\" \/>\n\t<meta property=\"og:image:width\" content=\"2048\" \/>\n\t<meta property=\"og:image:height\" content=\"1536\" \/>\n\t<meta property=\"og:image:type\" content=\"image\/jpeg\" \/>\n<meta name=\"author\" content=\"C\u0103t\u0103lin Dosca\u0219\" \/>\n<meta name=\"twitter:card\" content=\"summary_large_image\" \/>\n<meta name=\"twitter:label1\" content=\"Written by\" \/>\n\t<meta name=\"twitter:data1\" content=\"C\u0103t\u0103lin Dosca\u0219\" \/>\n\t<meta name=\"twitter:label2\" content=\"Estimated reading time\" \/>\n\t<meta name=\"twitter:data2\" content=\"3 minutes\" \/>\n<script type=\"application\/ld+json\" class=\"yoast-schema-graph\">{\"@context\":\"https:\\\/\\\/schema.org\",\"@graph\":[{\"@type\":\"Article\",\"@id\":\"https:\\\/\\\/buletin.de\\\/bucuresti\\\/foto-locomotiva-iorga-modernizata-prin-pnrr-a-ajuns-la-chitila-triaj\\\/#article\",\"isPartOf\":{\"@id\":\"https:\\\/\\\/buletin.de\\\/bucuresti\\\/foto-locomotiva-iorga-modernizata-prin-pnrr-a-ajuns-la-chitila-triaj\\\/\"},\"author\":{\"name\":\"C\u0103t\u0103lin Dosca\u0219\",\"@id\":\"https:\\\/\\\/buletin.de\\\/bucuresti\\\/#\\\/schema\\\/person\\\/31117187ed4d0bdb0a4c7d6acc79d0f8\"},\"headline\":\"FOTO | Locomotiva \u201eIorga\u201d modernizat\u0103 prin PNRR a ajuns la Chitila Triaj\",\"datePublished\":\"2024-08-29T04:20:27+00:00\",\"dateModified\":\"2024-08-29T06:09:43+00:00\",\"mainEntityOfPage\":{\"@id\":\"https:\\\/\\\/buletin.de\\\/bucuresti\\\/foto-locomotiva-iorga-modernizata-prin-pnrr-a-ajuns-la-chitila-triaj\\\/\"},\"wordCount\":407,\"publisher\":{\"@id\":\"https:\\\/\\\/buletin.de\\\/bucuresti\\\/#organization\"},\"image\":{\"@id\":\"https:\\\/\\\/buletin.de\\\/bucuresti\\\/foto-locomotiva-iorga-modernizata-prin-pnrr-a-ajuns-la-chitila-triaj\\\/#primaryimage\"},\"thumbnailUrl\":\"https:\\\/\\\/buletin.de\\\/bucuresti\\\/wp-content\\\/uploads\\\/457380608_3986078468279019_805182819462779291_n.jpg\",\"keywords\":[\"CFR Calatori\",\"iorga\",\"locomotiva\",\"modernizare\",\"personalitati\",\"pnrr\",\"pret\"],\"articleSection\":[\"Articole\",\"\u0218tiri\",\"Transport\"],\"inLanguage\":\"en-GB\",\"copyrightYear\":\"2024\",\"copyrightHolder\":{\"@id\":\"https:\\\/\\\/buletin.de\\\/bucuresti\\\/#organization\"}},{\"@type\":\"WebPage\",\"@id\":\"https:\\\/\\\/buletin.de\\\/bucuresti\\\/foto-locomotiva-iorga-modernizata-prin-pnrr-a-ajuns-la-chitila-triaj\\\/\",\"url\":\"https:\\\/\\\/buletin.de\\\/bucuresti\\\/foto-locomotiva-iorga-modernizata-prin-pnrr-a-ajuns-la-chitila-triaj\\\/\",\"name\":\"FOTO | Locomotiva \u201eIorga\u201d modernizat\u0103 prin PNRR a ajuns la Chitila Triaj - Buletin de Bucure\u0219ti\",\"isPartOf\":{\"@id\":\"https:\\\/\\\/buletin.de\\\/bucuresti\\\/#website\"},\"primaryImageOfPage\":{\"@id\":\"https:\\\/\\\/buletin.de\\\/bucuresti\\\/foto-locomotiva-iorga-modernizata-prin-pnrr-a-ajuns-la-chitila-triaj\\\/#primaryimage\"},\"image\":{\"@id\":\"https:\\\/\\\/buletin.de\\\/bucuresti\\\/foto-locomotiva-iorga-modernizata-prin-pnrr-a-ajuns-la-chitila-triaj\\\/#primaryimage\"},\"thumbnailUrl\":\"https:\\\/\\\/buletin.de\\\/bucuresti\\\/wp-content\\\/uploads\\\/457380608_3986078468279019_805182819462779291_n.jpg\",\"datePublished\":\"2024-08-29T04:20:27+00:00\",\"dateModified\":\"2024-08-29T06:09:43+00:00\",\"description\":\"Locomotiva \u201eIorga\u201d modernizat\u0103, prima din programul de modernizare prin PNRR, a fost surprins\u0103 \u00een timpul unor manevre \u00een halta Chitila Triaj.\",\"breadcrumb\":{\"@id\":\"https:\\\/\\\/buletin.de\\\/bucuresti\\\/foto-locomotiva-iorga-modernizata-prin-pnrr-a-ajuns-la-chitila-triaj\\\/#breadcrumb\"},\"inLanguage\":\"en-GB\",\"potentialAction\":[{\"@type\":\"ReadAction\",\"target\":[\"https:\\\/\\\/buletin.de\\\/bucuresti\\\/foto-locomotiva-iorga-modernizata-prin-pnrr-a-ajuns-la-chitila-triaj\\\/\"]}]},{\"@type\":\"ImageObject\",\"inLanguage\":\"en-GB\",\"@id\":\"https:\\\/\\\/buletin.de\\\/bucuresti\\\/foto-locomotiva-iorga-modernizata-prin-pnrr-a-ajuns-la-chitila-triaj\\\/#primaryimage\",\"url\":\"https:\\\/\\\/buletin.de\\\/bucuresti\\\/wp-content\\\/uploads\\\/457380608_3986078468279019_805182819462779291_n.jpg\",\"contentUrl\":\"https:\\\/\\\/buletin.de\\\/bucuresti\\\/wp-content\\\/uploads\\\/457380608_3986078468279019_805182819462779291_n.jpg\",\"width\":2048,\"height\":1536,\"caption\":\"Locomotiva \u201eIorga\u201d modernizat\u0103 prin PNRR a ajuns la Chitila Triaj FOTO: Tudor Eugen\"},{\"@type\":\"BreadcrumbList\",\"@id\":\"https:\\\/\\\/buletin.de\\\/bucuresti\\\/foto-locomotiva-iorga-modernizata-prin-pnrr-a-ajuns-la-chitila-triaj\\\/#breadcrumb\",\"itemListElement\":[{\"@type\":\"ListItem\",\"position\":1,\"name\":\"Acas\u0103\",\"item\":\"https:\\\/\\\/buletin.de\\\/bucuresti\\\/\"},{\"@type\":\"ListItem\",\"position\":2,\"name\":\"FOTO | Locomotiva \u201eIorga\u201d modernizat\u0103 prin PNRR a ajuns la Chitila Triaj\"}]},{\"@type\":\"WebSite\",\"@id\":\"https:\\\/\\\/buletin.de\\\/bucuresti\\\/#website\",\"url\":\"https:\\\/\\\/buletin.de\\\/bucuresti\\\/\",\"name\":\"Buletin de Bucure\u0219ti\",\"description\":\"\u0218tiri \u0219i investiga\u021bii esen\u021biale din capital\u0103\",\"publisher\":{\"@id\":\"https:\\\/\\\/buletin.de\\\/bucuresti\\\/#organization\"},\"potentialAction\":[{\"@type\":\"SearchAction\",\"target\":{\"@type\":\"EntryPoint\",\"urlTemplate\":\"https:\\\/\\\/buletin.de\\\/bucuresti\\\/?s={search_term_string}\"},\"query-input\":{\"@type\":\"PropertyValueSpecification\",\"valueRequired\":true,\"valueName\":\"search_term_string\"}}],\"inLanguage\":\"en-GB\"},{\"@type\":\"Organization\",\"@id\":\"https:\\\/\\\/buletin.de\\\/bucuresti\\\/#organization\",\"name\":\"Buletin de Bucure\u0219ti\",\"url\":\"https:\\\/\\\/buletin.de\\\/bucuresti\\\/\",\"logo\":{\"@type\":\"ImageObject\",\"inLanguage\":\"en-GB\",\"@id\":\"https:\\\/\\\/buletin.de\\\/bucuresti\\\/#\\\/schema\\\/logo\\\/image\\\/\",\"url\":\"https:\\\/\\\/buletin.de\\\/bucuresti\\\/wp-content\\\/uploads\\\/logo-bdb-full-wide-vernil-transparent.png\",\"contentUrl\":\"https:\\\/\\\/buletin.de\\\/bucuresti\\\/wp-content\\\/uploads\\\/logo-bdb-full-wide-vernil-transparent.png\",\"width\":1782,\"height\":626,\"caption\":\"Buletin de Bucure\u0219ti\"},\"image\":{\"@id\":\"https:\\\/\\\/buletin.de\\\/bucuresti\\\/#\\\/schema\\\/logo\\\/image\\\/\"},\"sameAs\":[\"https:\\\/\\\/www.facebook.com\\\/buletin.de.buc\",\"https:\\\/\\\/www.instagram.com\\\/buletinde.bucuresti\\\/\"]},{\"@type\":\"Person\",\"@id\":\"https:\\\/\\\/buletin.de\\\/bucuresti\\\/#\\\/schema\\\/person\\\/31117187ed4d0bdb0a4c7d6acc79d0f8\",\"name\":\"C\u0103t\u0103lin Dosca\u0219\",\"image\":{\"@type\":\"ImageObject\",\"inLanguage\":\"en-GB\",\"@id\":\"https:\\\/\\\/buletin.de\\\/bucuresti\\\/wp-content\\\/uploads\\\/Catalin-Doscas-e1732731064764-96x96.jpga93e2943bb3b1c1f9ead823df6e6317a\",\"url\":\"https:\\\/\\\/buletin.de\\\/bucuresti\\\/wp-content\\\/uploads\\\/Catalin-Doscas-e1732731064764-96x96.jpg\",\"contentUrl\":\"https:\\\/\\\/buletin.de\\\/bucuresti\\\/wp-content\\\/uploads\\\/Catalin-Doscas-e1732731064764-96x96.jpg\",\"caption\":\"C\u0103t\u0103lin Dosca\u0219\"},\"description\":\"Reporter \u0219i redactor-\u0219ef Buletin de Bucure\u0219ti. Lucreaz\u0103 \u00een mass-media de la v\u00e2rsta de 15 ani, c\u00e2nd a publicat primele articole \u00een presa local\u0103 din Tecuci. \u00cen Bucure\u0219ti a lucrat \u00een redac\u021bii radio ca reporter, redactor \u0219i prezentator (StudentFM, Na\u021bionalFM, Radio Total, Smart FM), unde a acoperit domeniile politic, economic, social \u0219i externe. Ulterior, a fost editor-coordonator al postului Realitatea FM. Experien\u021ba \u00een jurnalismul online a dob\u00e2ndit-o la portalul B365.ro, unde a fost editor. \u00cen 2012 s-a angajat \u00een televiziune. La Realitatea TV a fost, pe r\u00e2nd, reporter la sec\u021bia Social, reporter special la emisiunea de reportaje \u0219i anchete \u201eReporterii Realit\u0103\u021bii\u201d, dar \u0219i editor al jurnalelor de \u0219tiri. Ulterior, a f\u0103cut parte din sec\u021bia de Investiga\u021bii de la Digi24 \u0219i a lucrat la campania \u201eRom\u00e2nia furat\u0103\u201d. A revenit \u00een presa scris\u0103 \u00een 2017, ca reporter special, \u00een cadrul unui proiect de repozi\u021bionare a tabloidului Libertatea \u00een cotidian generalist. Este jurnalist Buletin de Bucure\u0219ti din 2019.\",\"url\":\"https:\\\/\\\/buletin.de\\\/bucuresti\\\/author\\\/catalin\\\/\"}]}<\/script>\n<!-- \/ Yoast SEO Premium plugin. -->","yoast_head_json":{"title":"FOTO | Locomotiva \u201eIorga\u201d modernizat\u0103 prin PNRR a ajuns la Chitila Triaj - Buletin de Bucure\u0219ti","description":"Locomotiva \u201eIorga\u201d modernizat\u0103, prima din programul de modernizare prin PNRR, a fost surprins\u0103 \u00een timpul unor manevre \u00een halta Chitila Triaj.","robots":{"index":"index","follow":"follow","max-snippet":"max-snippet:-1","max-image-preview":"max-image-preview:large","max-video-preview":"max-video-preview:-1"},"canonical":"https:\/\/buletin.de\/bucuresti\/foto-locomotiva-iorga-modernizata-prin-pnrr-a-ajuns-la-chitila-triaj\/","og_locale":"en_GB","og_type":"article","og_title":"FOTO | Locomotiva \u201eIorga\u201d modernizat\u0103 prin PNRR a ajuns la Chitila Triaj","og_description":"Locomotiva \u201eIorga\u201d modernizat\u0103, prima din programul de modernizare prin PNRR, a fost surprins\u0103 \u00een timpul unor manevre \u00een halta Chitila Triaj.","og_url":"https:\/\/buletin.de\/bucuresti\/foto-locomotiva-iorga-modernizata-prin-pnrr-a-ajuns-la-chitila-triaj\/","og_site_name":"Buletin de Bucure\u0219ti","article_publisher":"https:\/\/www.facebook.com\/buletin.de.buc","article_published_time":"2024-08-29T04:20:27+00:00","article_modified_time":"2024-08-29T06:09:43+00:00","og_image":[{"width":2048,"height":1536,"url":"https:\/\/buletin.de\/bucuresti\/wp-content\/uploads\/457380608_3986078468279019_805182819462779291_n.jpg","type":"image\/jpeg"}],"author":"C\u0103t\u0103lin Dosca\u0219","twitter_card":"summary_large_image","twitter_misc":{"Written by":"C\u0103t\u0103lin Dosca\u0219","Estimated reading time":"3 minutes"},"schema":{"@context":"https:\/\/schema.org","@graph":[{"@type":"Article","@id":"https:\/\/buletin.de\/bucuresti\/foto-locomotiva-iorga-modernizata-prin-pnrr-a-ajuns-la-chitila-triaj\/#article","isPartOf":{"@id":"https:\/\/buletin.de\/bucuresti\/foto-locomotiva-iorga-modernizata-prin-pnrr-a-ajuns-la-chitila-triaj\/"},"author":{"name":"C\u0103t\u0103lin Dosca\u0219","@id":"https:\/\/buletin.de\/bucuresti\/#\/schema\/person\/31117187ed4d0bdb0a4c7d6acc79d0f8"},"headline":"FOTO | Locomotiva \u201eIorga\u201d modernizat\u0103 prin PNRR a ajuns la Chitila Triaj","datePublished":"2024-08-29T04:20:27+00:00","dateModified":"2024-08-29T06:09:43+00:00","mainEntityOfPage":{"@id":"https:\/\/buletin.de\/bucuresti\/foto-locomotiva-iorga-modernizata-prin-pnrr-a-ajuns-la-chitila-triaj\/"},"wordCount":407,"publisher":{"@id":"https:\/\/buletin.de\/bucuresti\/#organization"},"image":{"@id":"https:\/\/buletin.de\/bucuresti\/foto-locomotiva-iorga-modernizata-prin-pnrr-a-ajuns-la-chitila-triaj\/#primaryimage"},"thumbnailUrl":"https:\/\/buletin.de\/bucuresti\/wp-content\/uploads\/457380608_3986078468279019_805182819462779291_n.jpg","keywords":["CFR Calatori","iorga","locomotiva","modernizare","personalitati","pnrr","pret"],"articleSection":["Articole","\u0218tiri","Transport"],"inLanguage":"en-GB","copyrightYear":"2024","copyrightHolder":{"@id":"https:\/\/buletin.de\/bucuresti\/#organization"}},{"@type":"WebPage","@id":"https:\/\/buletin.de\/bucuresti\/foto-locomotiva-iorga-modernizata-prin-pnrr-a-ajuns-la-chitila-triaj\/","url":"https:\/\/buletin.de\/bucuresti\/foto-locomotiva-iorga-modernizata-prin-pnrr-a-ajuns-la-chitila-triaj\/","name":"FOTO | Locomotiva \u201eIorga\u201d modernizat\u0103 prin PNRR a ajuns la Chitila Triaj - Buletin de Bucure\u0219ti","isPartOf":{"@id":"https:\/\/buletin.de\/bucuresti\/#website"},"primaryImageOfPage":{"@id":"https:\/\/buletin.de\/bucuresti\/foto-locomotiva-iorga-modernizata-prin-pnrr-a-ajuns-la-chitila-triaj\/#primaryimage"},"image":{"@id":"https:\/\/buletin.de\/bucuresti\/foto-locomotiva-iorga-modernizata-prin-pnrr-a-ajuns-la-chitila-triaj\/#primaryimage"},"thumbnailUrl":"https:\/\/buletin.de\/bucuresti\/wp-content\/uploads\/457380608_3986078468279019_805182819462779291_n.jpg","datePublished":"2024-08-29T04:20:27+00:00","dateModified":"2024-08-29T06:09:43+00:00","description":"Locomotiva \u201eIorga\u201d modernizat\u0103, prima din programul de modernizare prin PNRR, a fost surprins\u0103 \u00een timpul unor manevre \u00een halta Chitila Triaj.","breadcrumb":{"@id":"https:\/\/buletin.de\/bucuresti\/foto-locomotiva-iorga-modernizata-prin-pnrr-a-ajuns-la-chitila-triaj\/#breadcrumb"},"inLanguage":"en-GB","potentialAction":[{"@type":"ReadAction","target":["https:\/\/buletin.de\/bucuresti\/foto-locomotiva-iorga-modernizata-prin-pnrr-a-ajuns-la-chitila-triaj\/"]}]},{"@type":"ImageObject","inLanguage":"en-GB","@id":"https:\/\/buletin.de\/bucuresti\/foto-locomotiva-iorga-modernizata-prin-pnrr-a-ajuns-la-chitila-triaj\/#primaryimage","url":"https:\/\/buletin.de\/bucuresti\/wp-content\/uploads\/457380608_3986078468279019_805182819462779291_n.jpg","contentUrl":"https:\/\/buletin.de\/bucuresti\/wp-content\/uploads\/457380608_3986078468279019_805182819462779291_n.jpg","width":2048,"height":1536,"caption":"Locomotiva \u201eIorga\u201d modernizat\u0103 prin PNRR a ajuns la Chitila Triaj FOTO: Tudor Eugen"},{"@type":"BreadcrumbList","@id":"https:\/\/buletin.de\/bucuresti\/foto-locomotiva-iorga-modernizata-prin-pnrr-a-ajuns-la-chitila-triaj\/#breadcrumb","itemListElement":[{"@type":"ListItem","position":1,"name":"Acas\u0103","item":"https:\/\/buletin.de\/bucuresti\/"},{"@type":"ListItem","position":2,"name":"FOTO | Locomotiva \u201eIorga\u201d modernizat\u0103 prin PNRR a ajuns la Chitila Triaj"}]},{"@type":"WebSite","@id":"https:\/\/buletin.de\/bucuresti\/#website","url":"https:\/\/buletin.de\/bucuresti\/","name":"Buletin de Bucure\u0219ti","description":"\u0218tiri \u0219i investiga\u021bii esen\u021biale din capital\u0103","publisher":{"@id":"https:\/\/buletin.de\/bucuresti\/#organization"},"potentialAction":[{"@type":"SearchAction","target":{"@type":"EntryPoint","urlTemplate":"https:\/\/buletin.de\/bucuresti\/?s={search_term_string}"},"query-input":{"@type":"PropertyValueSpecification","valueRequired":true,"valueName":"search_term_string"}}],"inLanguage":"en-GB"},{"@type":"Organization","@id":"https:\/\/buletin.de\/bucuresti\/#organization","name":"Buletin de Bucure\u0219ti","url":"https:\/\/buletin.de\/bucuresti\/","logo":{"@type":"ImageObject","inLanguage":"en-GB","@id":"https:\/\/buletin.de\/bucuresti\/#\/schema\/logo\/image\/","url":"https:\/\/buletin.de\/bucuresti\/wp-content\/uploads\/logo-bdb-full-wide-vernil-transparent.png","contentUrl":"https:\/\/buletin.de\/bucuresti\/wp-content\/uploads\/logo-bdb-full-wide-vernil-transparent.png","width":1782,"height":626,"caption":"Buletin de Bucure\u0219ti"},"image":{"@id":"https:\/\/buletin.de\/bucuresti\/#\/schema\/logo\/image\/"},"sameAs":["https:\/\/www.facebook.com\/buletin.de.buc","https:\/\/www.instagram.com\/buletinde.bucuresti\/"]},{"@type":"Person","@id":"https:\/\/buletin.de\/bucuresti\/#\/schema\/person\/31117187ed4d0bdb0a4c7d6acc79d0f8","name":"C\u0103t\u0103lin Dosca\u0219","image":{"@type":"ImageObject","inLanguage":"en-GB","@id":"https:\/\/buletin.de\/bucuresti\/wp-content\/uploads\/Catalin-Doscas-e1732731064764-96x96.jpga93e2943bb3b1c1f9ead823df6e6317a","url":"https:\/\/buletin.de\/bucuresti\/wp-content\/uploads\/Catalin-Doscas-e1732731064764-96x96.jpg","contentUrl":"https:\/\/buletin.de\/bucuresti\/wp-content\/uploads\/Catalin-Doscas-e1732731064764-96x96.jpg","caption":"C\u0103t\u0103lin Dosca\u0219"},"description":"Reporter \u0219i redactor-\u0219ef Buletin de Bucure\u0219ti. Lucreaz\u0103 \u00een mass-media de la v\u00e2rsta de 15 ani, c\u00e2nd a publicat primele articole \u00een presa local\u0103 din Tecuci. \u00cen Bucure\u0219ti a lucrat \u00een redac\u021bii radio ca reporter, redactor \u0219i prezentator (StudentFM, Na\u021bionalFM, Radio Total, Smart FM), unde a acoperit domeniile politic, economic, social \u0219i externe. Ulterior, a fost editor-coordonator al postului Realitatea FM. Experien\u021ba \u00een jurnalismul online a dob\u00e2ndit-o la portalul B365.ro, unde a fost editor. \u00cen 2012 s-a angajat \u00een televiziune. La Realitatea TV a fost, pe r\u00e2nd, reporter la sec\u021bia Social, reporter special la emisiunea de reportaje \u0219i anchete \u201eReporterii Realit\u0103\u021bii\u201d, dar \u0219i editor al jurnalelor de \u0219tiri. Ulterior, a f\u0103cut parte din sec\u021bia de Investiga\u021bii de la Digi24 \u0219i a lucrat la campania \u201eRom\u00e2nia furat\u0103\u201d. A revenit \u00een presa scris\u0103 \u00een 2017, ca reporter special, \u00een cadrul unui proiect de repozi\u021bionare a tabloidului Libertatea \u00een cotidian generalist. Este jurnalist Buletin de Bucure\u0219ti din 2019.","url":"https:\/\/buletin.de\/bucuresti\/author\/catalin\/"}]}},"authors":[{"term_id":22575,"user_id":10,"is_guest":0,"slug":"catalin","display_name":"C\u0103t\u0103lin Dosca\u0219","avatar_url":"https:\/\/buletin.de\/bucuresti\/wp-content\/uploads\/Catalin-Doscas-e1732731064764-96x96.jpg","0":null,"1":"","2":"","3":"","4":"","5":"","6":"","7":"","8":""}],"_links":{"self":[{"href":"https:\/\/buletin.de\/bucuresti\/wp-json\/wp\/v2\/posts\/96091","targetHints":{"allow":["GET"]}}],"collection":[{"href":"https:\/\/buletin.de\/bucuresti\/wp-json\/wp\/v2\/posts"}],"about":[{"href":"https:\/\/buletin.de\/bucuresti\/wp-json\/wp\/v2\/types\/post"}],"author":[{"embeddable":true,"href":"https:\/\/buletin.de\/bucuresti\/wp-json\/wp\/v2\/users\/10"}],"replies":[{"embeddable":true,"href":"https:\/\/buletin.de\/bucuresti\/wp-json\/wp\/v2\/comments?post=96091"}],"version-history":[{"count":2,"href":"https:\/\/buletin.de\/bucuresti\/wp-json\/wp\/v2\/posts\/96091\/revisions"}],"predecessor-version":[{"id":96103,"href":"https:\/\/buletin.de\/bucuresti\/wp-json\/wp\/v2\/posts\/96091\/revisions\/96103"}],"wp:featuredmedia":[{"embeddable":true,"href":"https:\/\/buletin.de\/bucuresti\/wp-json\/wp\/v2\/media\/96092"}],"wp:attachment":[{"href":"https:\/\/buletin.de\/bucuresti\/wp-json\/wp\/v2\/media?parent=96091"}],"wp:term":[{"taxonomy":"category","embeddable":true,"href":"https:\/\/buletin.de\/bucuresti\/wp-json\/wp\/v2\/categories?post=96091"},{"taxonomy":"post_tag","embeddable":true,"href":"https:\/\/buletin.de\/bucuresti\/wp-json\/wp\/v2\/tags?post=96091"},{"taxonomy":"author","embeddable":true,"href":"https:\/\/buletin.de\/bucuresti\/wp-json\/wp\/v2\/ppma_author?post=96091"}],"curies":[{"name":"wp","href":"https:\/\/api.w.org\/{rel}","templated":true}]}}