{"id":96012,"date":"2024-08-28T12:48:33","date_gmt":"2024-08-28T09:48:33","guid":{"rendered":"https:\/\/buletin.de\/bucuresti\/?p=96012"},"modified":"2024-08-29T05:51:58","modified_gmt":"2024-08-29T02:51:58","slug":"magistrala-m4-va-fi-modernizata-cu-160-de-milioane-de-lei-ce-schimbari-sunt-promise-de-guvern","status":"publish","type":"post","link":"https:\/\/buletin.de\/bucuresti\/magistrala-m4-va-fi-modernizata-cu-160-de-milioane-de-lei-ce-schimbari-sunt-promise-de-guvern\/","title":{"rendered":"Magistrala M4 va fi modernizat\u0103 cu 160 de milioane de lei"},"content":{"rendered":"\n<p><strong>Magistrala M4, cea care face leg\u0103tura \u00eentre Gara de Nord \u015fi Str\u0103ule\u015fti \u015fi pe care circul\u0103 trenuri IVA, va avea parte de o serie de moderniz\u0103ri care vor fi gata \u00een aproximativ \u015fapte luni, promite premierul Marcel Ciolacu.<\/strong><\/p>\n\n\n\n<p>\u201e<em>Toate sta\u021biile vor avea noi por\u021bi electronice de acces \u0219i automate de v\u00e2nzare a cartelelor. Investim peste 160 de milioane de lei \u0219i totul va fi gata \u00een \u015fapte luni<\/em>\u201d, <a href=\"https:\/\/www.youtube.com\/watch?v=YNe8fXCPslA\">a transmis premierul la \u00eenceputul \u015fedin\u0163ei de Guvern de miercuri<\/a>, 28 august. <\/p>\n\n\n\n<h2 class=\"wp-block-heading\" id=\"h-cand-vor-fi-schimbate-trenurile-vechi-de-cateva-decenii\">C\u00e2nd vor fi schimbate trenurile vechi de c\u00e2teva decenii<\/h2>\n\n\n\n<p>Magistrala este singura pe care circul\u0103 numai trenuri vechi, \u00eens\u0103 exist\u0103 planuri de schimbare a lor, <a href=\"https:\/\/buletin.de\/bucuresti\/batranele-metrouri-iva-vor-fi-scoase-la-pensie-dupa-ce-va-fi-gata-m6-gara-de-nord-otopeni-intre-timp-reclamatiile-calatorilor-se-inmultesc\/\">dup\u0103 cum Buletin de Bucure\u015fti a aflat de la reprezentan\u0163ii Metrorex<\/a>.<\/p>\n\n\n\n<p><strong>Vechile trenuri de produc\u021bie ASTRA-IVA, care \u00een acest moment circul\u0103 pe magistralele 3 \u0219i 4 de metrou, vor fi scoase din circula\u021bie odat\u0103 ce vor fi achizi\u021bionate \u0219i livrate noile trenuri care vor circula pe Magistrala 4 Gara de Nord-Str\u0103ule\u0219ti \u0219i Magistrala 6 Gara de Nord-Otopeni aflat\u0103 \u00een execu\u021bie.<\/strong><\/p>\n\n\n\n<blockquote class=\"wp-block-quote is-layout-flow wp-block-quote-is-layout-flow\">\n<p class=\"has-medium-font-size\"><strong>Metrorex are \u00een vedere retragerea (scoaterea din serviciu) a trenurilor de metrou de genera\u021bie veche (ASTRA-IVA), odat\u0103 ce noi trenuri de metrou pentru circula\u021bia pe Magistrala 4 \u0219i Magistrala 6 vor fi achizi\u021bionate \u0219i vor fi livrate.r\u0103spuns Metrorex pentru Buletin de Bucure\u0219ti<\/strong><\/p>\n<\/blockquote>\n\n\n\n<p>Trenurile IVA, vechi, cu tot mai multe probleme \u0219i murdare, au devenit motiv de reclama\u021bii ale pasagerilor. Un client Metrorex nemul\u021bumit a furnizat redac\u021biei pl\u00e2ngerea sa \u0219i r\u0103spunsul companiei, \u00een privin\u021ba acestor trenuri care circul\u0103 pe M3 Preciziei-Anghel Saligny \u0219i magistrala M4 Gara de Nord-Lac Str\u0103ule\u0219ti. B\u0103rbatul spune c\u0103 trenurile sunt foarte murdare \u0219i c\u0103 este o discriminare c\u0103 sunt folosite doar la periferie, \u00een vreme ce, de exemplu, pe M2, circul\u0103 numai garnituri noi, Bombardier. De altfel, acesta a f\u0103cut fotografii cu murd\u0103ria din gurile de aerisire.<\/p>\n\n\n\n<figure class=\"wp-block-image\"><img fetchpriority=\"high\" decoding=\"async\" width=\"900\" height=\"675\" src=\"data:image\/gif;base64,R0lGODlhAQABAAAAACH5BAEKAAEALAAAAAABAAEAAAICTAEAOw==\" data-src=\"https:\/\/buletin.de\/bucuresti\/wp-content\/uploads\/WhatsApp-Image-2024-04-05-at-13.29.34-1-900x675.jpeg\" alt=\"\" class=\"wp-image-82204 lazyload\" data-sizes=\"auto\" data-srcset=\"https:\/\/buletin.de\/bucuresti\/wp-content\/uploads\/WhatsApp-Image-2024-04-05-at-13.29.34-1-900x675.jpeg 900w, https:\/\/buletin.de\/bucuresti\/wp-content\/uploads\/WhatsApp-Image-2024-04-05-at-13.29.34-1-300x225.jpeg 300w, https:\/\/buletin.de\/bucuresti\/wp-content\/uploads\/WhatsApp-Image-2024-04-05-at-13.29.34-1-768x576.jpeg 768w, https:\/\/buletin.de\/bucuresti\/wp-content\/uploads\/WhatsApp-Image-2024-04-05-at-13.29.34-1-1536x1152.jpeg 1536w, https:\/\/buletin.de\/bucuresti\/wp-content\/uploads\/WhatsApp-Image-2024-04-05-at-13.29.34-1-1100x825.jpeg 1100w, https:\/\/buletin.de\/bucuresti\/wp-content\/uploads\/WhatsApp-Image-2024-04-05-at-13.29.34-1-600x450.jpeg 600w, https:\/\/buletin.de\/bucuresti\/wp-content\/uploads\/WhatsApp-Image-2024-04-05-at-13.29.34-1-20x15.jpeg 20w, https:\/\/buletin.de\/bucuresti\/wp-content\/uploads\/WhatsApp-Image-2024-04-05-at-13.29.34-1.jpeg 1600w\" sizes=\"(max-width: 900px) 100vw, 900px\" \/><figcaption class=\"wp-element-caption\">foto: amator<\/figcaption><\/figure>\n\n\n\n<p>Pasagerul nemul\u021bumit reclam\u0103 c\u0103 oamenii inspir\u0103 toat\u0103 aceast\u0103 murd\u0103rie din aerisire, care nu este niciodat\u0103 cur\u0103\u021bat\u0103.<\/p>\n\n\n\n<blockquote class=\"wp-block-quote is-layout-flow wp-block-quote-is-layout-flow\">\n<p class=\"has-medium-font-size\"><strong>C\u00e2t crede\u021bi c\u0103 mai dureaz\u0103 aceast\u0103 discriminare fa\u021b\u0103 de locuitorii de la periferia magistralei 3 \u0219i fa\u021b\u0103 de oamenii care au \u00een\u0103l\u021bime mai mare de 1.80 \u0219i care se lovesc la fiecare fr\u00e2n\u0103 de barele, foarte multe la num\u0103r, montate acum 30 de ani la 1.80. C\u00e2t timp, ochii mei sunt nevoi\u021bi s\u0103 adune mizeria care iese din aerisirile pline de jeg \u0219i mizerie din aceste trenuri IVA? Focar de infectie!!! (\u2026)<\/strong><\/p>\n\n\n\n<p class=\"has-medium-font-size\"><strong>Ne pl\u0103tim abonamentele cum \u00ee\u0219i pl\u0103tesc \u0219i cei din Pipera sau din alte zone unde circul\u0103 metrouri moderne. Aici nu merge nimeni f\u0103r\u0103 \u201cbilet\u201d cum se obi\u0219nuie\u0219te la STB. (\u2026)<\/strong><\/p>\n\n\n\n<p class=\"has-medium-font-size\"><strong>Eu consider c\u0103 este discriminare \u0219i b\u0103taie de joc.<\/strong><\/p>\n<cite>reclamant Metrorex<\/cite><\/blockquote>\n\n\n\n<p>Buletin de Bucure\u0219ti a adresat \u00eentreb\u0103rile legate de cur\u0103\u021benia \u00een metrouri la compania de transport, iar r\u0103spunsul a fost acesta:<\/p>\n\n\n\n<blockquote class=\"wp-block-quote is-layout-flow wp-block-quote-is-layout-flow\">\n<p class=\"has-medium-font-size\"><strong>Activit\u0103\u021bile de cur\u0103\u021benie a trenurilor cuprind, printre altele, cur\u0103\u021benia curent\u0103 (zilnic\u0103) \u0219i cur\u0103\u021benia periodic\u0103 (radical\u0103, la maxim 30 de zile), cel de-al doilea tip de cur\u0103\u021benie av\u00e2nd \u00eentr-adev\u0103r un caracter mai complex, necesit\u00e2nd o perioad\u0103 de imobilizare mai mare.<\/strong><\/p>\n<cite>r\u0103spuns Metrorex pentru Buletin de Bucure\u0219ti<\/cite><\/blockquote>\n\n\n\n<p>Cum reclamantul vorbea despre o discriminare \u00een privin\u021ba alegerii magistralelor pe care circul\u0103 trenurile vechi, am vrut s\u0103 vedem \u0219i cum sunt acestea alese.<\/p>\n\n\n\n<blockquote class=\"wp-block-quote is-layout-flow wp-block-quote-is-layout-flow\">\n<p>Din parcul ini\u021bial de trenuri (tip IVA) fabricate \u00een Rom\u00e2nia \u00een perioada 1980 \u2013 1992 \u0219i fiabilizate \u00een perioada 2011 \u2013 2014, se mai utilizeaz\u0103 \u00een exploatare, de regul\u0103, pe Magistrala 4 de metrou, 15 trenuri. Din punct de vedere al instala\u021biei \u00eembarcate pe tren, din cele 15 trenuri de tip IVA, 5 trenuri sunt dotate cu instala\u021bie apt\u0103 pentru a circula pe Magistrala 3.&nbsp;<\/p>\n\n\n\n<p>\u00cen mod normal, pe Magistrala 4 de metrou sunt utilizate doar trenuri IVA, \u00een timp ce pe Magistrala 3 de metrou, trenurile IVA sunt utilizate strict la necesitate, atunci c\u00e2nd trenurile de genera\u021bie mai nou\u0103 sunt implicate \u00een procese de mentenan\u021b\u0103 sau sunt relocate pe alte magistrale, a\u0219a cum se \u00eent\u00e2mpl\u0103 \u00een prezent pe Magistrala 5, p\u00e2n\u0103 la sosirea trenurilor noi alocate acestei magistrale.<\/p>\n\n\n\n<p>Re\u021beaua de metrou din Bucure\u0219ti, desf\u0103\u0219urat\u0103 pe mai multe magistrale, utilizeaz\u0103 sisteme de semnalizare, comand\u0103 \u0219i bloc de linie diferite, materialul rulant fiind echipat cu sisteme de siguran\u021b\u0103 compatibile. Av\u00e2nd \u00een vedere aspectele men\u021bionate, trenurile de metrou sunt distribuite \u00een circula\u021bie \u00een func\u021bie de sistemul de siguran\u021b\u0103 \u0219i control trafic, specific fiec\u0103rei magistrale.<\/p>\n\n\n\n<p><strong>Pe Magistrala 4, circul\u0103 doar trenuri IVA (6 trenuri \u00een zile lucr\u0103toare), procentul fiind de 100% trenuri IVA. Pe Magistrala 3, unde \u00een mod curent circul\u0103 trenuri Bombardier, se pot introduce, la necesitate, \u0219i trenuri IVA, de regul\u0103 num\u0103rul acestora nefiind mai mare de 1 \u2013 2 trenuri din cele 13 care circul\u0103 \u00een zilele lucr\u0103toare.\u00a0<\/strong><\/p>\n<cite>r\u0103spuns Metrorex pentru Buletin de Bucure\u0219ti<\/cite><\/blockquote>\n\n\n\n<p><strong>CITE\u015eTE \u015eI:<\/strong> <a href=\"https:\/\/buletin.de\/bucuresti\/licitatia-pentru-prelungirea-magistralei-m4-pusa-pe-pauza-neclaritatile-din-procedura-au-dus-la-o-suspendare-pe-termen-nedefinit\/\">Licita\u0163ia pentru prelungirea magistralei M4, pus\u0103 pe pauz\u0103. Neclarit\u0103\u0163ile din procedur\u0103 au dus la o suspendare pe termen nedefinit<\/a><br><\/p>\n","protected":false},"excerpt":{"rendered":"<p>Magistrala M4, cea care face leg\u0103tura \u00eentre Gara de Nord \u015fi Str\u0103ule\u015fti \u015fi pe care circul\u0103 trenuri IVA, va avea parte de o serie de moderniz\u0103ri care vor fi gata \u00een aproximativ \u015fapte luni, promite premierul Marcel Ciolacu. \u201eToate sta\u021biile vor avea noi por\u021bi electronice de acces \u0219i automate de v\u00e2nzare a cartelelor. Investim peste [&hellip;]<\/p>\n","protected":false},"author":8,"featured_media":82002,"comment_status":"closed","ping_status":"open","sticky":false,"template":"","format":"standard","meta":{"_acf_changed":false,"inline_featured_image":false,"ngg_post_thumbnail":0,"footnotes":""},"categories":[6994,5762,650],"tags":[667,14578,10951,2608,14579],"ppma_author":[22586],"class_list":["post-96012","post","type-post","status-publish","format-standard","has-post-thumbnail","hentry","category-stiri-2","category-main","category-transport","tag-guvern","tag-investitii-m4","tag-magistrala-m4","tag-marcel-ciolacu","tag-modernizare-statii-magistrala-m4"],"acf":[],"yoast_head":"<!-- This site is optimized with the Yoast SEO Premium plugin v25.3 (Yoast SEO v27.4) - https:\/\/yoast.com\/product\/yoast-seo-premium-wordpress\/ -->\n<title>Magistrala M4 va fi modernizat\u0103 cu 160 de milioane de lei - Buletin de Bucure\u0219ti<\/title>\n<meta name=\"description\" content=\"Magistrala M4, care face leg\u0103tura \u00eentre Gara de Nord \u015fi Str\u0103ule\u015fti \u015fi pe care circul\u0103 trenuri IVA, va avea parte de o serie de moderniz\u0103ri.\" \/>\n<meta name=\"robots\" content=\"index, follow, max-snippet:-1, max-image-preview:large, max-video-preview:-1\" \/>\n<link rel=\"canonical\" href=\"https:\/\/buletin.de\/bucuresti\/magistrala-m4-va-fi-modernizata-cu-160-de-milioane-de-lei-ce-schimbari-sunt-promise-de-guvern\/\" \/>\n<meta property=\"og:locale\" content=\"en_GB\" \/>\n<meta property=\"og:type\" content=\"article\" \/>\n<meta property=\"og:title\" content=\"Magistrala M4 va fi modernizat\u0103 cu 160 de milioane de lei\" \/>\n<meta property=\"og:description\" content=\"Magistrala M4, care face leg\u0103tura \u00eentre Gara de Nord \u015fi Str\u0103ule\u015fti \u015fi pe care circul\u0103 trenuri IVA, va avea parte de o serie de moderniz\u0103ri.\" \/>\n<meta property=\"og:url\" content=\"https:\/\/buletin.de\/bucuresti\/magistrala-m4-va-fi-modernizata-cu-160-de-milioane-de-lei-ce-schimbari-sunt-promise-de-guvern\/\" \/>\n<meta property=\"og:site_name\" content=\"Buletin de Bucure\u0219ti\" \/>\n<meta property=\"article:publisher\" content=\"https:\/\/www.facebook.com\/buletin.de.buc\" \/>\n<meta property=\"article:published_time\" content=\"2024-08-28T09:48:33+00:00\" \/>\n<meta property=\"article:modified_time\" content=\"2024-08-29T02:51:58+00:00\" \/>\n<meta property=\"og:image\" content=\"https:\/\/buletin.de\/bucuresti\/wp-content\/uploads\/statia-basarab-sursa-wikipedia.jpg\" \/>\n\t<meta property=\"og:image:width\" content=\"2000\" \/>\n\t<meta property=\"og:image:height\" content=\"1500\" \/>\n\t<meta property=\"og:image:type\" content=\"image\/jpeg\" \/>\n<meta name=\"author\" content=\"Ionu\u021b Lepa\" \/>\n<meta name=\"twitter:card\" content=\"summary_large_image\" \/>\n<meta name=\"twitter:label1\" content=\"Written by\" \/>\n\t<meta name=\"twitter:data1\" content=\"Ionu\u021b Lepa\" \/>\n\t<meta name=\"twitter:label2\" content=\"Estimated reading time\" \/>\n\t<meta name=\"twitter:data2\" content=\"1 minute\" \/>\n<script type=\"application\/ld+json\" class=\"yoast-schema-graph\">{\"@context\":\"https:\\\/\\\/schema.org\",\"@graph\":[{\"@type\":\"Article\",\"@id\":\"https:\\\/\\\/buletin.de\\\/bucuresti\\\/magistrala-m4-va-fi-modernizata-cu-160-de-milioane-de-lei-ce-schimbari-sunt-promise-de-guvern\\\/#article\",\"isPartOf\":{\"@id\":\"https:\\\/\\\/buletin.de\\\/bucuresti\\\/magistrala-m4-va-fi-modernizata-cu-160-de-milioane-de-lei-ce-schimbari-sunt-promise-de-guvern\\\/\"},\"author\":{\"name\":\"Ionu\u021b Lepa\",\"@id\":\"https:\\\/\\\/buletin.de\\\/bucuresti\\\/#\\\/schema\\\/person\\\/5272b8a057b33890940b57b837fc4ce6\"},\"headline\":\"Magistrala M4 va fi modernizat\u0103 cu 160 de milioane de lei\",\"datePublished\":\"2024-08-28T09:48:33+00:00\",\"dateModified\":\"2024-08-29T02:51:58+00:00\",\"mainEntityOfPage\":{\"@id\":\"https:\\\/\\\/buletin.de\\\/bucuresti\\\/magistrala-m4-va-fi-modernizata-cu-160-de-milioane-de-lei-ce-schimbari-sunt-promise-de-guvern\\\/\"},\"wordCount\":846,\"publisher\":{\"@id\":\"https:\\\/\\\/buletin.de\\\/bucuresti\\\/#organization\"},\"image\":{\"@id\":\"https:\\\/\\\/buletin.de\\\/bucuresti\\\/magistrala-m4-va-fi-modernizata-cu-160-de-milioane-de-lei-ce-schimbari-sunt-promise-de-guvern\\\/#primaryimage\"},\"thumbnailUrl\":\"https:\\\/\\\/buletin.de\\\/bucuresti\\\/wp-content\\\/uploads\\\/statia-basarab-sursa-wikipedia.jpg\",\"keywords\":[\"guvern\",\"investitii m4\",\"magistrala m4\",\"marcel ciolacu\",\"modernizare statii magistrala m4\"],\"articleSection\":[\"Articole\",\"Main\",\"Transport\"],\"inLanguage\":\"en-GB\",\"copyrightYear\":\"2024\",\"copyrightHolder\":{\"@id\":\"https:\\\/\\\/buletin.de\\\/bucuresti\\\/#organization\"}},{\"@type\":\"WebPage\",\"@id\":\"https:\\\/\\\/buletin.de\\\/bucuresti\\\/magistrala-m4-va-fi-modernizata-cu-160-de-milioane-de-lei-ce-schimbari-sunt-promise-de-guvern\\\/\",\"url\":\"https:\\\/\\\/buletin.de\\\/bucuresti\\\/magistrala-m4-va-fi-modernizata-cu-160-de-milioane-de-lei-ce-schimbari-sunt-promise-de-guvern\\\/\",\"name\":\"Magistrala M4 va fi modernizat\u0103 cu 160 de milioane de lei - Buletin de Bucure\u0219ti\",\"isPartOf\":{\"@id\":\"https:\\\/\\\/buletin.de\\\/bucuresti\\\/#website\"},\"primaryImageOfPage\":{\"@id\":\"https:\\\/\\\/buletin.de\\\/bucuresti\\\/magistrala-m4-va-fi-modernizata-cu-160-de-milioane-de-lei-ce-schimbari-sunt-promise-de-guvern\\\/#primaryimage\"},\"image\":{\"@id\":\"https:\\\/\\\/buletin.de\\\/bucuresti\\\/magistrala-m4-va-fi-modernizata-cu-160-de-milioane-de-lei-ce-schimbari-sunt-promise-de-guvern\\\/#primaryimage\"},\"thumbnailUrl\":\"https:\\\/\\\/buletin.de\\\/bucuresti\\\/wp-content\\\/uploads\\\/statia-basarab-sursa-wikipedia.jpg\",\"datePublished\":\"2024-08-28T09:48:33+00:00\",\"dateModified\":\"2024-08-29T02:51:58+00:00\",\"description\":\"Magistrala M4, care face leg\u0103tura \u00eentre Gara de Nord \u015fi Str\u0103ule\u015fti \u015fi pe care circul\u0103 trenuri IVA, va avea parte de o serie de moderniz\u0103ri.\",\"breadcrumb\":{\"@id\":\"https:\\\/\\\/buletin.de\\\/bucuresti\\\/magistrala-m4-va-fi-modernizata-cu-160-de-milioane-de-lei-ce-schimbari-sunt-promise-de-guvern\\\/#breadcrumb\"},\"inLanguage\":\"en-GB\",\"potentialAction\":[{\"@type\":\"ReadAction\",\"target\":[\"https:\\\/\\\/buletin.de\\\/bucuresti\\\/magistrala-m4-va-fi-modernizata-cu-160-de-milioane-de-lei-ce-schimbari-sunt-promise-de-guvern\\\/\"]}]},{\"@type\":\"ImageObject\",\"inLanguage\":\"en-GB\",\"@id\":\"https:\\\/\\\/buletin.de\\\/bucuresti\\\/magistrala-m4-va-fi-modernizata-cu-160-de-milioane-de-lei-ce-schimbari-sunt-promise-de-guvern\\\/#primaryimage\",\"url\":\"https:\\\/\\\/buletin.de\\\/bucuresti\\\/wp-content\\\/uploads\\\/statia-basarab-sursa-wikipedia.jpg\",\"contentUrl\":\"https:\\\/\\\/buletin.de\\\/bucuresti\\\/wp-content\\\/uploads\\\/statia-basarab-sursa-wikipedia.jpg\",\"width\":2000,\"height\":1500,\"caption\":\"Planuri de modernizare pentru magistrala M4. FOTO: Wikipedia (arhiv\u0103)\"},{\"@type\":\"BreadcrumbList\",\"@id\":\"https:\\\/\\\/buletin.de\\\/bucuresti\\\/magistrala-m4-va-fi-modernizata-cu-160-de-milioane-de-lei-ce-schimbari-sunt-promise-de-guvern\\\/#breadcrumb\",\"itemListElement\":[{\"@type\":\"ListItem\",\"position\":1,\"name\":\"Acas\u0103\",\"item\":\"https:\\\/\\\/buletin.de\\\/bucuresti\\\/\"},{\"@type\":\"ListItem\",\"position\":2,\"name\":\"Magistrala M4 va fi modernizat\u0103 cu 160 de milioane de lei\"}]},{\"@type\":\"WebSite\",\"@id\":\"https:\\\/\\\/buletin.de\\\/bucuresti\\\/#website\",\"url\":\"https:\\\/\\\/buletin.de\\\/bucuresti\\\/\",\"name\":\"Buletin de Bucure\u0219ti\",\"description\":\"\u0218tiri \u0219i investiga\u021bii esen\u021biale din capital\u0103\",\"publisher\":{\"@id\":\"https:\\\/\\\/buletin.de\\\/bucuresti\\\/#organization\"},\"potentialAction\":[{\"@type\":\"SearchAction\",\"target\":{\"@type\":\"EntryPoint\",\"urlTemplate\":\"https:\\\/\\\/buletin.de\\\/bucuresti\\\/?s={search_term_string}\"},\"query-input\":{\"@type\":\"PropertyValueSpecification\",\"valueRequired\":true,\"valueName\":\"search_term_string\"}}],\"inLanguage\":\"en-GB\"},{\"@type\":\"Organization\",\"@id\":\"https:\\\/\\\/buletin.de\\\/bucuresti\\\/#organization\",\"name\":\"Buletin de Bucure\u0219ti\",\"url\":\"https:\\\/\\\/buletin.de\\\/bucuresti\\\/\",\"logo\":{\"@type\":\"ImageObject\",\"inLanguage\":\"en-GB\",\"@id\":\"https:\\\/\\\/buletin.de\\\/bucuresti\\\/#\\\/schema\\\/logo\\\/image\\\/\",\"url\":\"https:\\\/\\\/buletin.de\\\/bucuresti\\\/wp-content\\\/uploads\\\/logo-bdb-full-wide-vernil-transparent.png\",\"contentUrl\":\"https:\\\/\\\/buletin.de\\\/bucuresti\\\/wp-content\\\/uploads\\\/logo-bdb-full-wide-vernil-transparent.png\",\"width\":1782,\"height\":626,\"caption\":\"Buletin de Bucure\u0219ti\"},\"image\":{\"@id\":\"https:\\\/\\\/buletin.de\\\/bucuresti\\\/#\\\/schema\\\/logo\\\/image\\\/\"},\"sameAs\":[\"https:\\\/\\\/www.facebook.com\\\/buletin.de.buc\",\"https:\\\/\\\/www.instagram.com\\\/buletinde.bucuresti\\\/\"]},{\"@type\":\"Person\",\"@id\":\"https:\\\/\\\/buletin.de\\\/bucuresti\\\/#\\\/schema\\\/person\\\/5272b8a057b33890940b57b837fc4ce6\",\"name\":\"Ionu\u021b Lepa\",\"image\":{\"@type\":\"ImageObject\",\"inLanguage\":\"en-GB\",\"@id\":\"https:\\\/\\\/buletin.de\\\/bucuresti\\\/wp-content\\\/uploads\\\/Ionut-Lepa-96x96.jpg5c4e4d9e049808799a8821652d2410a4\",\"url\":\"https:\\\/\\\/buletin.de\\\/bucuresti\\\/wp-content\\\/uploads\\\/Ionut-Lepa-96x96.jpg\",\"contentUrl\":\"https:\\\/\\\/buletin.de\\\/bucuresti\\\/wp-content\\\/uploads\\\/Ionut-Lepa-96x96.jpg\",\"caption\":\"Ionu\u021b Lepa\"},\"url\":\"https:\\\/\\\/buletin.de\\\/bucuresti\\\/author\\\/ionutlepa\\\/\"}]}<\/script>\n<!-- \/ Yoast SEO Premium plugin. -->","yoast_head_json":{"title":"Magistrala M4 va fi modernizat\u0103 cu 160 de milioane de lei - Buletin de Bucure\u0219ti","description":"Magistrala M4, care face leg\u0103tura \u00eentre Gara de Nord \u015fi Str\u0103ule\u015fti \u015fi pe care circul\u0103 trenuri IVA, va avea parte de o serie de moderniz\u0103ri.","robots":{"index":"index","follow":"follow","max-snippet":"max-snippet:-1","max-image-preview":"max-image-preview:large","max-video-preview":"max-video-preview:-1"},"canonical":"https:\/\/buletin.de\/bucuresti\/magistrala-m4-va-fi-modernizata-cu-160-de-milioane-de-lei-ce-schimbari-sunt-promise-de-guvern\/","og_locale":"en_GB","og_type":"article","og_title":"Magistrala M4 va fi modernizat\u0103 cu 160 de milioane de lei","og_description":"Magistrala M4, care face leg\u0103tura \u00eentre Gara de Nord \u015fi Str\u0103ule\u015fti \u015fi pe care circul\u0103 trenuri IVA, va avea parte de o serie de moderniz\u0103ri.","og_url":"https:\/\/buletin.de\/bucuresti\/magistrala-m4-va-fi-modernizata-cu-160-de-milioane-de-lei-ce-schimbari-sunt-promise-de-guvern\/","og_site_name":"Buletin de Bucure\u0219ti","article_publisher":"https:\/\/www.facebook.com\/buletin.de.buc","article_published_time":"2024-08-28T09:48:33+00:00","article_modified_time":"2024-08-29T02:51:58+00:00","og_image":[{"width":2000,"height":1500,"url":"https:\/\/buletin.de\/bucuresti\/wp-content\/uploads\/statia-basarab-sursa-wikipedia.jpg","type":"image\/jpeg"}],"author":"Ionu\u021b Lepa","twitter_card":"summary_large_image","twitter_misc":{"Written by":"Ionu\u021b Lepa","Estimated reading time":"1 minute"},"schema":{"@context":"https:\/\/schema.org","@graph":[{"@type":"Article","@id":"https:\/\/buletin.de\/bucuresti\/magistrala-m4-va-fi-modernizata-cu-160-de-milioane-de-lei-ce-schimbari-sunt-promise-de-guvern\/#article","isPartOf":{"@id":"https:\/\/buletin.de\/bucuresti\/magistrala-m4-va-fi-modernizata-cu-160-de-milioane-de-lei-ce-schimbari-sunt-promise-de-guvern\/"},"author":{"name":"Ionu\u021b Lepa","@id":"https:\/\/buletin.de\/bucuresti\/#\/schema\/person\/5272b8a057b33890940b57b837fc4ce6"},"headline":"Magistrala M4 va fi modernizat\u0103 cu 160 de milioane de lei","datePublished":"2024-08-28T09:48:33+00:00","dateModified":"2024-08-29T02:51:58+00:00","mainEntityOfPage":{"@id":"https:\/\/buletin.de\/bucuresti\/magistrala-m4-va-fi-modernizata-cu-160-de-milioane-de-lei-ce-schimbari-sunt-promise-de-guvern\/"},"wordCount":846,"publisher":{"@id":"https:\/\/buletin.de\/bucuresti\/#organization"},"image":{"@id":"https:\/\/buletin.de\/bucuresti\/magistrala-m4-va-fi-modernizata-cu-160-de-milioane-de-lei-ce-schimbari-sunt-promise-de-guvern\/#primaryimage"},"thumbnailUrl":"https:\/\/buletin.de\/bucuresti\/wp-content\/uploads\/statia-basarab-sursa-wikipedia.jpg","keywords":["guvern","investitii m4","magistrala m4","marcel ciolacu","modernizare statii magistrala m4"],"articleSection":["Articole","Main","Transport"],"inLanguage":"en-GB","copyrightYear":"2024","copyrightHolder":{"@id":"https:\/\/buletin.de\/bucuresti\/#organization"}},{"@type":"WebPage","@id":"https:\/\/buletin.de\/bucuresti\/magistrala-m4-va-fi-modernizata-cu-160-de-milioane-de-lei-ce-schimbari-sunt-promise-de-guvern\/","url":"https:\/\/buletin.de\/bucuresti\/magistrala-m4-va-fi-modernizata-cu-160-de-milioane-de-lei-ce-schimbari-sunt-promise-de-guvern\/","name":"Magistrala M4 va fi modernizat\u0103 cu 160 de milioane de lei - Buletin de Bucure\u0219ti","isPartOf":{"@id":"https:\/\/buletin.de\/bucuresti\/#website"},"primaryImageOfPage":{"@id":"https:\/\/buletin.de\/bucuresti\/magistrala-m4-va-fi-modernizata-cu-160-de-milioane-de-lei-ce-schimbari-sunt-promise-de-guvern\/#primaryimage"},"image":{"@id":"https:\/\/buletin.de\/bucuresti\/magistrala-m4-va-fi-modernizata-cu-160-de-milioane-de-lei-ce-schimbari-sunt-promise-de-guvern\/#primaryimage"},"thumbnailUrl":"https:\/\/buletin.de\/bucuresti\/wp-content\/uploads\/statia-basarab-sursa-wikipedia.jpg","datePublished":"2024-08-28T09:48:33+00:00","dateModified":"2024-08-29T02:51:58+00:00","description":"Magistrala M4, care face leg\u0103tura \u00eentre Gara de Nord \u015fi Str\u0103ule\u015fti \u015fi pe care circul\u0103 trenuri IVA, va avea parte de o serie de moderniz\u0103ri.","breadcrumb":{"@id":"https:\/\/buletin.de\/bucuresti\/magistrala-m4-va-fi-modernizata-cu-160-de-milioane-de-lei-ce-schimbari-sunt-promise-de-guvern\/#breadcrumb"},"inLanguage":"en-GB","potentialAction":[{"@type":"ReadAction","target":["https:\/\/buletin.de\/bucuresti\/magistrala-m4-va-fi-modernizata-cu-160-de-milioane-de-lei-ce-schimbari-sunt-promise-de-guvern\/"]}]},{"@type":"ImageObject","inLanguage":"en-GB","@id":"https:\/\/buletin.de\/bucuresti\/magistrala-m4-va-fi-modernizata-cu-160-de-milioane-de-lei-ce-schimbari-sunt-promise-de-guvern\/#primaryimage","url":"https:\/\/buletin.de\/bucuresti\/wp-content\/uploads\/statia-basarab-sursa-wikipedia.jpg","contentUrl":"https:\/\/buletin.de\/bucuresti\/wp-content\/uploads\/statia-basarab-sursa-wikipedia.jpg","width":2000,"height":1500,"caption":"Planuri de modernizare pentru magistrala M4. FOTO: Wikipedia (arhiv\u0103)"},{"@type":"BreadcrumbList","@id":"https:\/\/buletin.de\/bucuresti\/magistrala-m4-va-fi-modernizata-cu-160-de-milioane-de-lei-ce-schimbari-sunt-promise-de-guvern\/#breadcrumb","itemListElement":[{"@type":"ListItem","position":1,"name":"Acas\u0103","item":"https:\/\/buletin.de\/bucuresti\/"},{"@type":"ListItem","position":2,"name":"Magistrala M4 va fi modernizat\u0103 cu 160 de milioane de lei"}]},{"@type":"WebSite","@id":"https:\/\/buletin.de\/bucuresti\/#website","url":"https:\/\/buletin.de\/bucuresti\/","name":"Buletin de Bucure\u0219ti","description":"\u0218tiri \u0219i investiga\u021bii esen\u021biale din capital\u0103","publisher":{"@id":"https:\/\/buletin.de\/bucuresti\/#organization"},"potentialAction":[{"@type":"SearchAction","target":{"@type":"EntryPoint","urlTemplate":"https:\/\/buletin.de\/bucuresti\/?s={search_term_string}"},"query-input":{"@type":"PropertyValueSpecification","valueRequired":true,"valueName":"search_term_string"}}],"inLanguage":"en-GB"},{"@type":"Organization","@id":"https:\/\/buletin.de\/bucuresti\/#organization","name":"Buletin de Bucure\u0219ti","url":"https:\/\/buletin.de\/bucuresti\/","logo":{"@type":"ImageObject","inLanguage":"en-GB","@id":"https:\/\/buletin.de\/bucuresti\/#\/schema\/logo\/image\/","url":"https:\/\/buletin.de\/bucuresti\/wp-content\/uploads\/logo-bdb-full-wide-vernil-transparent.png","contentUrl":"https:\/\/buletin.de\/bucuresti\/wp-content\/uploads\/logo-bdb-full-wide-vernil-transparent.png","width":1782,"height":626,"caption":"Buletin de Bucure\u0219ti"},"image":{"@id":"https:\/\/buletin.de\/bucuresti\/#\/schema\/logo\/image\/"},"sameAs":["https:\/\/www.facebook.com\/buletin.de.buc","https:\/\/www.instagram.com\/buletinde.bucuresti\/"]},{"@type":"Person","@id":"https:\/\/buletin.de\/bucuresti\/#\/schema\/person\/5272b8a057b33890940b57b837fc4ce6","name":"Ionu\u021b Lepa","image":{"@type":"ImageObject","inLanguage":"en-GB","@id":"https:\/\/buletin.de\/bucuresti\/wp-content\/uploads\/Ionut-Lepa-96x96.jpg5c4e4d9e049808799a8821652d2410a4","url":"https:\/\/buletin.de\/bucuresti\/wp-content\/uploads\/Ionut-Lepa-96x96.jpg","contentUrl":"https:\/\/buletin.de\/bucuresti\/wp-content\/uploads\/Ionut-Lepa-96x96.jpg","caption":"Ionu\u021b Lepa"},"url":"https:\/\/buletin.de\/bucuresti\/author\/ionutlepa\/"}]}},"authors":[{"term_id":22586,"user_id":8,"is_guest":0,"slug":"ionutlepa","display_name":"Ionu\u021b Lepa","avatar_url":"https:\/\/buletin.de\/bucuresti\/wp-content\/uploads\/Ionut-Lepa-96x96.jpg","0":null,"1":"","2":"","3":"","4":"","5":"","6":"","7":"","8":""}],"_links":{"self":[{"href":"https:\/\/buletin.de\/bucuresti\/wp-json\/wp\/v2\/posts\/96012","targetHints":{"allow":["GET"]}}],"collection":[{"href":"https:\/\/buletin.de\/bucuresti\/wp-json\/wp\/v2\/posts"}],"about":[{"href":"https:\/\/buletin.de\/bucuresti\/wp-json\/wp\/v2\/types\/post"}],"author":[{"embeddable":true,"href":"https:\/\/buletin.de\/bucuresti\/wp-json\/wp\/v2\/users\/8"}],"replies":[{"embeddable":true,"href":"https:\/\/buletin.de\/bucuresti\/wp-json\/wp\/v2\/comments?post=96012"}],"version-history":[{"count":2,"href":"https:\/\/buletin.de\/bucuresti\/wp-json\/wp\/v2\/posts\/96012\/revisions"}],"predecessor-version":[{"id":96085,"href":"https:\/\/buletin.de\/bucuresti\/wp-json\/wp\/v2\/posts\/96012\/revisions\/96085"}],"wp:featuredmedia":[{"embeddable":true,"href":"https:\/\/buletin.de\/bucuresti\/wp-json\/wp\/v2\/media\/82002"}],"wp:attachment":[{"href":"https:\/\/buletin.de\/bucuresti\/wp-json\/wp\/v2\/media?parent=96012"}],"wp:term":[{"taxonomy":"category","embeddable":true,"href":"https:\/\/buletin.de\/bucuresti\/wp-json\/wp\/v2\/categories?post=96012"},{"taxonomy":"post_tag","embeddable":true,"href":"https:\/\/buletin.de\/bucuresti\/wp-json\/wp\/v2\/tags?post=96012"},{"taxonomy":"author","embeddable":true,"href":"https:\/\/buletin.de\/bucuresti\/wp-json\/wp\/v2\/ppma_author?post=96012"}],"curies":[{"name":"wp","href":"https:\/\/api.w.org\/{rel}","templated":true}]}}