{"id":9597,"date":"2020-07-24T20:37:22","date_gmt":"2020-07-24T17:37:22","guid":{"rendered":"https:\/\/buletin.de\/bucuresti\/?p=9597"},"modified":"2020-07-24T20:37:22","modified_gmt":"2020-07-24T17:37:22","slug":"14-zile-de-izolare-pentru-romanii-care-intra-in-italia","status":"publish","type":"post","link":"https:\/\/buletin.de\/bucuresti\/14-zile-de-izolare-pentru-romanii-care-intra-in-italia\/","title":{"rendered":"14 zile de izolare, pentru rom\u00e2nii care intr\u0103 \u00een Italia"},"content":{"rendered":"\n<p>Autorit\u0103\u021bile italiene au anun\u021bat c\u0103, din 24 iulie, orice persoan\u0103 care s-a aflat sau a tranzitat teritoriul Rom\u00e2niei \u00een ultimele 14 zile aterioare sosirii \u00een Italia trebuie s\u0103 se autoizoleze sub supraveghere medical\u0103 pentru o perioad\u0103 de 14 zile. <br><br>Decizia a fost luat\u0103 din cauza cre\u0219terii num\u0103rului de infecta\u021bi de la noi din \u021bar\u0103. <\/p>\n\n\n\n<p>Mai mult, persoanele care sosesc din Rom\u00e2nia vor trebui s\u0103 specifice \u00een detaliu \u00een declara\u021bia pe propria r\u0103spundere locul \u00een care vor petrece perioada de supraveghere sanitar\u0103 \u0219i izolare la domiciliu, mijlocul de transport privat prin care vor merge la acea adres\u0103 \u0219i un num\u0103r de telefon la care pot fi contactate \u00een aceast\u0103 perioad\u0103 (inclusiv un num\u0103r de telefon mobil). <\/p>\n\n\n\n<p>Sursa foto: Rom\u00e2nia din str\u0103in\u0103tate <\/p>\n","protected":false},"excerpt":{"rendered":"<p>Autorit\u0103\u021bile italiene au anun\u021bat c\u0103, din 24 iulie, orice persoan\u0103 care s-a aflat sau a tranzitat teritoriul Rom\u00e2niei \u00een ultimele 14 zile aterioare sosirii \u00een Italia trebuie s\u0103 se autoizoleze sub supraveghere medical\u0103 pentru o perioad\u0103 de 14 zile. Decizia a fost luat\u0103 din cauza cre\u0219terii num\u0103rului de infecta\u021bi de la noi din \u021bar\u0103. Mai [&hellip;]<\/p>\n","protected":false},"author":17,"featured_media":9600,"comment_status":"closed","ping_status":"open","sticky":false,"template":"","format":"standard","meta":{"_acf_changed":false,"inline_featured_image":false,"ngg_post_thumbnail":0,"footnotes":""},"categories":[1],"tags":[],"ppma_author":[22576],"class_list":["post-9597","post","type-post","status-publish","format-standard","has-post-thumbnail","hentry","category-diverse"],"acf":[],"yoast_head":"<!-- This site is optimized with the Yoast SEO Premium plugin v25.3 (Yoast SEO v27.4) - https:\/\/yoast.com\/product\/yoast-seo-premium-wordpress\/ -->\n<title>14 zile de izolare, pentru rom\u00e2nii care intr\u0103 \u00een Italia - Buletin de Bucure\u0219ti<\/title>\n<meta name=\"robots\" content=\"index, follow, max-snippet:-1, max-image-preview:large, max-video-preview:-1\" \/>\n<link rel=\"canonical\" href=\"https:\/\/buletin.de\/bucuresti\/14-zile-de-izolare-pentru-romanii-care-intra-in-italia\/\" \/>\n<meta property=\"og:locale\" content=\"en_GB\" \/>\n<meta property=\"og:type\" content=\"article\" \/>\n<meta property=\"og:title\" content=\"14 zile de izolare, pentru rom\u00e2nii care intr\u0103 \u00een Italia\" \/>\n<meta property=\"og:description\" content=\"Autorit\u0103\u021bile italiene au anun\u021bat c\u0103, din 24 iulie, orice persoan\u0103 care s-a aflat sau a tranzitat teritoriul Rom\u00e2niei \u00een ultimele 14 zile aterioare sosirii \u00een Italia trebuie s\u0103 se autoizoleze sub supraveghere medical\u0103 pentru o perioad\u0103 de 14 zile. Decizia a fost luat\u0103 din cauza cre\u0219terii num\u0103rului de infecta\u021bi de la noi din \u021bar\u0103. Mai [&hellip;]\" \/>\n<meta property=\"og:url\" content=\"https:\/\/buletin.de\/bucuresti\/14-zile-de-izolare-pentru-romanii-care-intra-in-italia\/\" \/>\n<meta property=\"og:site_name\" content=\"Buletin de Bucure\u0219ti\" \/>\n<meta property=\"article:publisher\" content=\"https:\/\/www.facebook.com\/buletin.de.buc\" \/>\n<meta property=\"article:published_time\" content=\"2020-07-24T17:37:22+00:00\" \/>\n<meta property=\"og:image\" content=\"https:\/\/buletin.de\/bucuresti\/wp-content\/uploads\/milano-1.jpg\" \/>\n\t<meta property=\"og:image:width\" content=\"800\" \/>\n\t<meta property=\"og:image:height\" content=\"504\" \/>\n\t<meta property=\"og:image:type\" content=\"image\/jpeg\" \/>\n<meta name=\"author\" content=\"Florin R\u00e2\u0219teiu\" \/>\n<meta name=\"twitter:card\" content=\"summary_large_image\" \/>\n<meta name=\"twitter:label1\" content=\"Written by\" \/>\n\t<meta name=\"twitter:data1\" content=\"Florin R\u00e2\u0219teiu\" \/>\n\t<meta name=\"twitter:label2\" content=\"Estimated reading time\" \/>\n\t<meta name=\"twitter:data2\" content=\"1 minute\" \/>\n<script type=\"application\/ld+json\" class=\"yoast-schema-graph\">{\"@context\":\"https:\\\/\\\/schema.org\",\"@graph\":[{\"@type\":\"Article\",\"@id\":\"https:\\\/\\\/buletin.de\\\/bucuresti\\\/14-zile-de-izolare-pentru-romanii-care-intra-in-italia\\\/#article\",\"isPartOf\":{\"@id\":\"https:\\\/\\\/buletin.de\\\/bucuresti\\\/14-zile-de-izolare-pentru-romanii-care-intra-in-italia\\\/\"},\"author\":{\"name\":\"Florin R\u00e2\u0219teiu\",\"@id\":\"https:\\\/\\\/buletin.de\\\/bucuresti\\\/#\\\/schema\\\/person\\\/b0686d7a8b666c6afc78239777fd8a89\"},\"headline\":\"14 zile de izolare, pentru rom\u00e2nii care intr\u0103 \u00een Italia\",\"datePublished\":\"2020-07-24T17:37:22+00:00\",\"mainEntityOfPage\":{\"@id\":\"https:\\\/\\\/buletin.de\\\/bucuresti\\\/14-zile-de-izolare-pentru-romanii-care-intra-in-italia\\\/\"},\"wordCount\":141,\"publisher\":{\"@id\":\"https:\\\/\\\/buletin.de\\\/bucuresti\\\/#organization\"},\"image\":{\"@id\":\"https:\\\/\\\/buletin.de\\\/bucuresti\\\/14-zile-de-izolare-pentru-romanii-care-intra-in-italia\\\/#primaryimage\"},\"thumbnailUrl\":\"https:\\\/\\\/buletin.de\\\/bucuresti\\\/wp-content\\\/uploads\\\/milano-1.jpg\",\"articleSection\":[\"Diverse\"],\"inLanguage\":\"en-GB\",\"copyrightYear\":\"2020\",\"copyrightHolder\":{\"@id\":\"https:\\\/\\\/buletin.de\\\/bucuresti\\\/#organization\"}},{\"@type\":\"WebPage\",\"@id\":\"https:\\\/\\\/buletin.de\\\/bucuresti\\\/14-zile-de-izolare-pentru-romanii-care-intra-in-italia\\\/\",\"url\":\"https:\\\/\\\/buletin.de\\\/bucuresti\\\/14-zile-de-izolare-pentru-romanii-care-intra-in-italia\\\/\",\"name\":\"14 zile de izolare, pentru rom\u00e2nii care intr\u0103 \u00een Italia - Buletin de Bucure\u0219ti\",\"isPartOf\":{\"@id\":\"https:\\\/\\\/buletin.de\\\/bucuresti\\\/#website\"},\"primaryImageOfPage\":{\"@id\":\"https:\\\/\\\/buletin.de\\\/bucuresti\\\/14-zile-de-izolare-pentru-romanii-care-intra-in-italia\\\/#primaryimage\"},\"image\":{\"@id\":\"https:\\\/\\\/buletin.de\\\/bucuresti\\\/14-zile-de-izolare-pentru-romanii-care-intra-in-italia\\\/#primaryimage\"},\"thumbnailUrl\":\"https:\\\/\\\/buletin.de\\\/bucuresti\\\/wp-content\\\/uploads\\\/milano-1.jpg\",\"datePublished\":\"2020-07-24T17:37:22+00:00\",\"breadcrumb\":{\"@id\":\"https:\\\/\\\/buletin.de\\\/bucuresti\\\/14-zile-de-izolare-pentru-romanii-care-intra-in-italia\\\/#breadcrumb\"},\"inLanguage\":\"en-GB\",\"potentialAction\":[{\"@type\":\"ReadAction\",\"target\":[\"https:\\\/\\\/buletin.de\\\/bucuresti\\\/14-zile-de-izolare-pentru-romanii-care-intra-in-italia\\\/\"]}]},{\"@type\":\"ImageObject\",\"inLanguage\":\"en-GB\",\"@id\":\"https:\\\/\\\/buletin.de\\\/bucuresti\\\/14-zile-de-izolare-pentru-romanii-care-intra-in-italia\\\/#primaryimage\",\"url\":\"https:\\\/\\\/buletin.de\\\/bucuresti\\\/wp-content\\\/uploads\\\/milano-1.jpg\",\"contentUrl\":\"https:\\\/\\\/buletin.de\\\/bucuresti\\\/wp-content\\\/uploads\\\/milano-1.jpg\",\"width\":800,\"height\":504},{\"@type\":\"BreadcrumbList\",\"@id\":\"https:\\\/\\\/buletin.de\\\/bucuresti\\\/14-zile-de-izolare-pentru-romanii-care-intra-in-italia\\\/#breadcrumb\",\"itemListElement\":[{\"@type\":\"ListItem\",\"position\":1,\"name\":\"Acas\u0103\",\"item\":\"https:\\\/\\\/buletin.de\\\/bucuresti\\\/\"},{\"@type\":\"ListItem\",\"position\":2,\"name\":\"14 zile de izolare, pentru rom\u00e2nii care intr\u0103 \u00een Italia\"}]},{\"@type\":\"WebSite\",\"@id\":\"https:\\\/\\\/buletin.de\\\/bucuresti\\\/#website\",\"url\":\"https:\\\/\\\/buletin.de\\\/bucuresti\\\/\",\"name\":\"Buletin de Bucure\u0219ti\",\"description\":\"\u0218tiri \u0219i investiga\u021bii esen\u021biale din capital\u0103\",\"publisher\":{\"@id\":\"https:\\\/\\\/buletin.de\\\/bucuresti\\\/#organization\"},\"potentialAction\":[{\"@type\":\"SearchAction\",\"target\":{\"@type\":\"EntryPoint\",\"urlTemplate\":\"https:\\\/\\\/buletin.de\\\/bucuresti\\\/?s={search_term_string}\"},\"query-input\":{\"@type\":\"PropertyValueSpecification\",\"valueRequired\":true,\"valueName\":\"search_term_string\"}}],\"inLanguage\":\"en-GB\"},{\"@type\":\"Organization\",\"@id\":\"https:\\\/\\\/buletin.de\\\/bucuresti\\\/#organization\",\"name\":\"Buletin de Bucure\u0219ti\",\"url\":\"https:\\\/\\\/buletin.de\\\/bucuresti\\\/\",\"logo\":{\"@type\":\"ImageObject\",\"inLanguage\":\"en-GB\",\"@id\":\"https:\\\/\\\/buletin.de\\\/bucuresti\\\/#\\\/schema\\\/logo\\\/image\\\/\",\"url\":\"https:\\\/\\\/buletin.de\\\/bucuresti\\\/wp-content\\\/uploads\\\/logo-bdb-full-wide-vernil-transparent.png\",\"contentUrl\":\"https:\\\/\\\/buletin.de\\\/bucuresti\\\/wp-content\\\/uploads\\\/logo-bdb-full-wide-vernil-transparent.png\",\"width\":1782,\"height\":626,\"caption\":\"Buletin de Bucure\u0219ti\"},\"image\":{\"@id\":\"https:\\\/\\\/buletin.de\\\/bucuresti\\\/#\\\/schema\\\/logo\\\/image\\\/\"},\"sameAs\":[\"https:\\\/\\\/www.facebook.com\\\/buletin.de.buc\",\"https:\\\/\\\/www.instagram.com\\\/buletinde.bucuresti\\\/\"]},{\"@type\":\"Person\",\"@id\":\"https:\\\/\\\/buletin.de\\\/bucuresti\\\/#\\\/schema\\\/person\\\/b0686d7a8b666c6afc78239777fd8a89\",\"name\":\"Florin R\u00e2\u0219teiu\",\"image\":{\"@type\":\"ImageObject\",\"inLanguage\":\"en-GB\",\"@id\":\"https:\\\/\\\/buletin.de\\\/bucuresti\\\/wp-content\\\/uploads\\\/Florin-Rasteiu-96x96.jpgf0a6fe28453aa12f0a60e4d0a2e3a78c\",\"url\":\"https:\\\/\\\/buletin.de\\\/bucuresti\\\/wp-content\\\/uploads\\\/Florin-Rasteiu-96x96.jpg\",\"contentUrl\":\"https:\\\/\\\/buletin.de\\\/bucuresti\\\/wp-content\\\/uploads\\\/Florin-Rasteiu-96x96.jpg\",\"caption\":\"Florin R\u00e2\u0219teiu\"},\"description\":\"Jurnalist de investiga\u021bie. Lucreaz\u0103 de aproape 6 ani la Buletin de Bucure\u0219ti, unde a publicat articole care scot la suprafa\u021b\u0103 corup\u021bia din Capital\u0103. Analizeaz\u0103 baze de date zilnic \u0219i scoate pove\u0219ti din exceluri pline de cifre. Pune reflectorul pe adev\u0103r cu fiecare ocazie. A c\u00e2\u0219tigat premiul I la categoria Pres\u0103 Local\u0103 \u00een 2025 \u0219i locul al II-lea la aceea\u0219i categorie \u00een 2024 \u00een cadrul Premiilor Superscrieri pentru jurnalism independent.\",\"url\":\"https:\\\/\\\/buletin.de\\\/bucuresti\\\/author\\\/florinrasteiu\\\/\"}]}<\/script>\n<!-- \/ Yoast SEO Premium plugin. -->","yoast_head_json":{"title":"14 zile de izolare, pentru rom\u00e2nii care intr\u0103 \u00een Italia - Buletin de Bucure\u0219ti","robots":{"index":"index","follow":"follow","max-snippet":"max-snippet:-1","max-image-preview":"max-image-preview:large","max-video-preview":"max-video-preview:-1"},"canonical":"https:\/\/buletin.de\/bucuresti\/14-zile-de-izolare-pentru-romanii-care-intra-in-italia\/","og_locale":"en_GB","og_type":"article","og_title":"14 zile de izolare, pentru rom\u00e2nii care intr\u0103 \u00een Italia","og_description":"Autorit\u0103\u021bile italiene au anun\u021bat c\u0103, din 24 iulie, orice persoan\u0103 care s-a aflat sau a tranzitat teritoriul Rom\u00e2niei \u00een ultimele 14 zile aterioare sosirii \u00een Italia trebuie s\u0103 se autoizoleze sub supraveghere medical\u0103 pentru o perioad\u0103 de 14 zile. Decizia a fost luat\u0103 din cauza cre\u0219terii num\u0103rului de infecta\u021bi de la noi din \u021bar\u0103. Mai [&hellip;]","og_url":"https:\/\/buletin.de\/bucuresti\/14-zile-de-izolare-pentru-romanii-care-intra-in-italia\/","og_site_name":"Buletin de Bucure\u0219ti","article_publisher":"https:\/\/www.facebook.com\/buletin.de.buc","article_published_time":"2020-07-24T17:37:22+00:00","og_image":[{"width":800,"height":504,"url":"https:\/\/buletin.de\/bucuresti\/wp-content\/uploads\/milano-1.jpg","type":"image\/jpeg"}],"author":"Florin R\u00e2\u0219teiu","twitter_card":"summary_large_image","twitter_misc":{"Written by":"Florin R\u00e2\u0219teiu","Estimated reading time":"1 minute"},"schema":{"@context":"https:\/\/schema.org","@graph":[{"@type":"Article","@id":"https:\/\/buletin.de\/bucuresti\/14-zile-de-izolare-pentru-romanii-care-intra-in-italia\/#article","isPartOf":{"@id":"https:\/\/buletin.de\/bucuresti\/14-zile-de-izolare-pentru-romanii-care-intra-in-italia\/"},"author":{"name":"Florin R\u00e2\u0219teiu","@id":"https:\/\/buletin.de\/bucuresti\/#\/schema\/person\/b0686d7a8b666c6afc78239777fd8a89"},"headline":"14 zile de izolare, pentru rom\u00e2nii care intr\u0103 \u00een Italia","datePublished":"2020-07-24T17:37:22+00:00","mainEntityOfPage":{"@id":"https:\/\/buletin.de\/bucuresti\/14-zile-de-izolare-pentru-romanii-care-intra-in-italia\/"},"wordCount":141,"publisher":{"@id":"https:\/\/buletin.de\/bucuresti\/#organization"},"image":{"@id":"https:\/\/buletin.de\/bucuresti\/14-zile-de-izolare-pentru-romanii-care-intra-in-italia\/#primaryimage"},"thumbnailUrl":"https:\/\/buletin.de\/bucuresti\/wp-content\/uploads\/milano-1.jpg","articleSection":["Diverse"],"inLanguage":"en-GB","copyrightYear":"2020","copyrightHolder":{"@id":"https:\/\/buletin.de\/bucuresti\/#organization"}},{"@type":"WebPage","@id":"https:\/\/buletin.de\/bucuresti\/14-zile-de-izolare-pentru-romanii-care-intra-in-italia\/","url":"https:\/\/buletin.de\/bucuresti\/14-zile-de-izolare-pentru-romanii-care-intra-in-italia\/","name":"14 zile de izolare, pentru rom\u00e2nii care intr\u0103 \u00een Italia - Buletin de Bucure\u0219ti","isPartOf":{"@id":"https:\/\/buletin.de\/bucuresti\/#website"},"primaryImageOfPage":{"@id":"https:\/\/buletin.de\/bucuresti\/14-zile-de-izolare-pentru-romanii-care-intra-in-italia\/#primaryimage"},"image":{"@id":"https:\/\/buletin.de\/bucuresti\/14-zile-de-izolare-pentru-romanii-care-intra-in-italia\/#primaryimage"},"thumbnailUrl":"https:\/\/buletin.de\/bucuresti\/wp-content\/uploads\/milano-1.jpg","datePublished":"2020-07-24T17:37:22+00:00","breadcrumb":{"@id":"https:\/\/buletin.de\/bucuresti\/14-zile-de-izolare-pentru-romanii-care-intra-in-italia\/#breadcrumb"},"inLanguage":"en-GB","potentialAction":[{"@type":"ReadAction","target":["https:\/\/buletin.de\/bucuresti\/14-zile-de-izolare-pentru-romanii-care-intra-in-italia\/"]}]},{"@type":"ImageObject","inLanguage":"en-GB","@id":"https:\/\/buletin.de\/bucuresti\/14-zile-de-izolare-pentru-romanii-care-intra-in-italia\/#primaryimage","url":"https:\/\/buletin.de\/bucuresti\/wp-content\/uploads\/milano-1.jpg","contentUrl":"https:\/\/buletin.de\/bucuresti\/wp-content\/uploads\/milano-1.jpg","width":800,"height":504},{"@type":"BreadcrumbList","@id":"https:\/\/buletin.de\/bucuresti\/14-zile-de-izolare-pentru-romanii-care-intra-in-italia\/#breadcrumb","itemListElement":[{"@type":"ListItem","position":1,"name":"Acas\u0103","item":"https:\/\/buletin.de\/bucuresti\/"},{"@type":"ListItem","position":2,"name":"14 zile de izolare, pentru rom\u00e2nii care intr\u0103 \u00een Italia"}]},{"@type":"WebSite","@id":"https:\/\/buletin.de\/bucuresti\/#website","url":"https:\/\/buletin.de\/bucuresti\/","name":"Buletin de Bucure\u0219ti","description":"\u0218tiri \u0219i investiga\u021bii esen\u021biale din capital\u0103","publisher":{"@id":"https:\/\/buletin.de\/bucuresti\/#organization"},"potentialAction":[{"@type":"SearchAction","target":{"@type":"EntryPoint","urlTemplate":"https:\/\/buletin.de\/bucuresti\/?s={search_term_string}"},"query-input":{"@type":"PropertyValueSpecification","valueRequired":true,"valueName":"search_term_string"}}],"inLanguage":"en-GB"},{"@type":"Organization","@id":"https:\/\/buletin.de\/bucuresti\/#organization","name":"Buletin de Bucure\u0219ti","url":"https:\/\/buletin.de\/bucuresti\/","logo":{"@type":"ImageObject","inLanguage":"en-GB","@id":"https:\/\/buletin.de\/bucuresti\/#\/schema\/logo\/image\/","url":"https:\/\/buletin.de\/bucuresti\/wp-content\/uploads\/logo-bdb-full-wide-vernil-transparent.png","contentUrl":"https:\/\/buletin.de\/bucuresti\/wp-content\/uploads\/logo-bdb-full-wide-vernil-transparent.png","width":1782,"height":626,"caption":"Buletin de Bucure\u0219ti"},"image":{"@id":"https:\/\/buletin.de\/bucuresti\/#\/schema\/logo\/image\/"},"sameAs":["https:\/\/www.facebook.com\/buletin.de.buc","https:\/\/www.instagram.com\/buletinde.bucuresti\/"]},{"@type":"Person","@id":"https:\/\/buletin.de\/bucuresti\/#\/schema\/person\/b0686d7a8b666c6afc78239777fd8a89","name":"Florin R\u00e2\u0219teiu","image":{"@type":"ImageObject","inLanguage":"en-GB","@id":"https:\/\/buletin.de\/bucuresti\/wp-content\/uploads\/Florin-Rasteiu-96x96.jpgf0a6fe28453aa12f0a60e4d0a2e3a78c","url":"https:\/\/buletin.de\/bucuresti\/wp-content\/uploads\/Florin-Rasteiu-96x96.jpg","contentUrl":"https:\/\/buletin.de\/bucuresti\/wp-content\/uploads\/Florin-Rasteiu-96x96.jpg","caption":"Florin R\u00e2\u0219teiu"},"description":"Jurnalist de investiga\u021bie. Lucreaz\u0103 de aproape 6 ani la Buletin de Bucure\u0219ti, unde a publicat articole care scot la suprafa\u021b\u0103 corup\u021bia din Capital\u0103. Analizeaz\u0103 baze de date zilnic \u0219i scoate pove\u0219ti din exceluri pline de cifre. Pune reflectorul pe adev\u0103r cu fiecare ocazie. A c\u00e2\u0219tigat premiul I la categoria Pres\u0103 Local\u0103 \u00een 2025 \u0219i locul al II-lea la aceea\u0219i categorie \u00een 2024 \u00een cadrul Premiilor Superscrieri pentru jurnalism independent.","url":"https:\/\/buletin.de\/bucuresti\/author\/florinrasteiu\/"}]}},"authors":[{"term_id":22576,"user_id":17,"is_guest":0,"slug":"florinrasteiu","display_name":"Florin R\u00e2\u0219teiu","avatar_url":"https:\/\/buletin.de\/bucuresti\/wp-content\/uploads\/Florin-Rasteiu-96x96.jpg","0":null,"1":"","2":"","3":"","4":"","5":"","6":"","7":"","8":""}],"_links":{"self":[{"href":"https:\/\/buletin.de\/bucuresti\/wp-json\/wp\/v2\/posts\/9597","targetHints":{"allow":["GET"]}}],"collection":[{"href":"https:\/\/buletin.de\/bucuresti\/wp-json\/wp\/v2\/posts"}],"about":[{"href":"https:\/\/buletin.de\/bucuresti\/wp-json\/wp\/v2\/types\/post"}],"author":[{"embeddable":true,"href":"https:\/\/buletin.de\/bucuresti\/wp-json\/wp\/v2\/users\/17"}],"replies":[{"embeddable":true,"href":"https:\/\/buletin.de\/bucuresti\/wp-json\/wp\/v2\/comments?post=9597"}],"version-history":[{"count":4,"href":"https:\/\/buletin.de\/bucuresti\/wp-json\/wp\/v2\/posts\/9597\/revisions"}],"predecessor-version":[{"id":9602,"href":"https:\/\/buletin.de\/bucuresti\/wp-json\/wp\/v2\/posts\/9597\/revisions\/9602"}],"wp:featuredmedia":[{"embeddable":true,"href":"https:\/\/buletin.de\/bucuresti\/wp-json\/wp\/v2\/media\/9600"}],"wp:attachment":[{"href":"https:\/\/buletin.de\/bucuresti\/wp-json\/wp\/v2\/media?parent=9597"}],"wp:term":[{"taxonomy":"category","embeddable":true,"href":"https:\/\/buletin.de\/bucuresti\/wp-json\/wp\/v2\/categories?post=9597"},{"taxonomy":"post_tag","embeddable":true,"href":"https:\/\/buletin.de\/bucuresti\/wp-json\/wp\/v2\/tags?post=9597"},{"taxonomy":"author","embeddable":true,"href":"https:\/\/buletin.de\/bucuresti\/wp-json\/wp\/v2\/ppma_author?post=9597"}],"curies":[{"name":"wp","href":"https:\/\/api.w.org\/{rel}","templated":true}]}}