{"id":95957,"date":"2024-08-28T12:22:53","date_gmt":"2024-08-28T09:22:53","guid":{"rendered":"https:\/\/buletin.de\/bucuresti\/?p=95957"},"modified":"2024-08-28T18:26:43","modified_gmt":"2024-08-28T15:26:43","slug":"sector-2-proiect-pentru-o-gradina-publica-de-3-3-milioane-de-euro-langa-malul-raului-colentina","status":"publish","type":"post","link":"https:\/\/buletin.de\/bucuresti\/sector-2-proiect-pentru-o-gradina-publica-de-3-3-milioane-de-euro-langa-malul-raului-colentina\/","title":{"rendered":"Sector 2 | Proiect pentru o gr\u0103din\u0103 public\u0103 de 3.3 milioane de euro, l\u00e2ng\u0103 malul r\u00e2ului Colentina"},"content":{"rendered":"\n<p><strong>Prim\u0103ria Sectorului 2 vrea s\u0103 investeasc\u0103 \u00eentr-un proiect pentru amenajarea unei gr\u0103dini publice l\u00e2ng\u0103 malul r\u00e2ului Colentina.<\/strong><\/p>\n\n\n\n<p><strong>Dac\u0103 proiectul de hot\u0103r\u00e2re trece de votul consilierilor din \u0219edin\u021ba de ast\u0103zi, 28 august, gr\u0103dina va fi amplasat\u0103 pe Aleea Romula nr. 22-34. Valoarea total\u0103 este de 3.3 milioane de euro (16.532.456,86 de lei).&nbsp;<\/strong><\/p>\n\n\n\n<h2 class=\"wp-block-heading\" id=\"h-update-28-08-ora-18-30\">UPDATE 28.08, ora 18:30<\/h2>\n\n\n\n<p>Proiectul a trecut cu 26 de voturi pentru.<\/p>\n\n\n\n<hr class=\"wp-block-separator has-alpha-channel-opacity\"\/>\n\n\n\n<p>Locuitorii din zon\u0103 au f\u0103cut mai multe solicit\u0103ri de-a lungul timpului pentru locuri de joac\u0103, recreere \u0219i odihn\u0103, dar \u0219i pentru spa\u021bii verzi, conform proiectului de hot\u0103r\u00e2re publicat pe <a href=\"https:\/\/cl.ps2.ro\/\">site-ul prim\u0103riei<\/a>. <\/p>\n\n\n\n<h2 class=\"wp-block-heading\" id=\"h-amenajarea-gradinii-publice\"><strong>Amenajarea gr\u0103dinii publice<\/strong><\/h2>\n\n\n\n<p>Proiectul propune amenajarea \u00een gr\u0103dina public\u0103 a unui loc de joac\u0103 pentru copii \u0219i echipamente de fitness de tip Calisthenics.&nbsp;<\/p>\n\n\n\n<p>\u00cen plus, planul mai include \u0219i amplasarea unor b\u0103nci, co\u0219uri de gunoi, \u0219ezlonguri, ci\u0219mele cu ap\u0103 potabil\u0103, un grup sanitar automat, standuri de biciclete, un foi\u0219or, pergole, o f\u00e2nt\u00e2n\u0103 artezian\u0103 circular\u0103, pist\u0103 de alergare, mese pentru ping-pong, mese de \u0219ah, sistem de iluminat public, sistem de iriga\u021bii automat \u0219i alei pavate.&nbsp;<\/p>\n\n\n\n<p>Lotul din Aleea Romula nr. 22-34 dispune de 5.000 de metri p\u0103tra\u021bi \u0219i este situat \u00een vecin\u0103tatea r\u00e2ului Colentina.<\/p>\n\n\n\n<p>\u00cen acest moment, acolo este un teren viran, delimitat cu o plas\u0103 sub\u021bire. \u00cen interior sunt doar buruieni \u0219i un loc de joac\u0103 improvizat, iar pe o parte lateral\u0103 se depoziteaz\u0103 constant gunoaie.&nbsp;<\/p>\n\n\n\n<p>CITE\u0218TE \u0218I<strong>: <a href=\"https:\/\/buletin.de\/bucuresti\/sector-6-campanie-de-intretinere-a-locurilor-de-joaca-muncitorii-au-inceput-sa-stearga-graffiti-uri\/\">Sector 6 | Campanie de \u00eentre\u021binere a locurilor de joac\u0103. Muncitorii au \u00eenceput s\u0103 \u015ftearg\u0103 graffiti-uri<\/a><\/strong><\/p>\n\n\n\n<h2 class=\"wp-block-heading\" id=\"h-mobilier-urban-pentru-sectorul-2\"><strong>Mobilier urban pentru Sectorul 2<\/strong><\/h2>\n\n\n\n<p><a href=\"https:\/\/buletin.de\/bucuresti\/sector-2-licitatie-de-aproape-34-de-milioane-de-euro-vor-fi-cumparate-printre-altele-banci-cosuri-de-gunoi-si-porti-de-fotbal\/\">O licita\u021bie de aproape 34 de milioane<\/a> de euro a fost anun\u021bat\u0103 s\u0103pt\u0103m\u00e2na trecut\u0103, de Administra\u021bia Domeniului Public (ADP) Sector 2 \u00een Sistemul Electronic de Achizi\u021bii Publice (SEAP).&nbsp;&nbsp;<\/p>\n\n\n\n<p>Mobilierul urban cu care va fi dotat Sectorul 2 includ: mobilier pentru locuri de joac\u0103, locuri de recreere, zone verzi, co\u0219uri de gunoi, b\u0103nci, panouri de informare \u0219i st\u00e2lpi de blocare.&nbsp;<\/p>\n\n\n\n<p>\u00cen prezent, sunt reabilitate toate platbandele \u0219i locurile de recreere unde va fi amplasat noul mobilier, \u0219i anume b\u0103nci, co\u0219uri de gunoi, panouri de informare, scrumiere, mese de tenis \u0219i altele.&nbsp;<\/p>\n\n\n\n<p>ADP inten\u021bioneaz\u0103 s\u0103 achizi\u021bioneze:<\/p>\n\n\n\n<ul class=\"wp-block-list\">\n<li>15 tipuri de b\u0103nci (2,820-7.800 de buc\u0103\u021bi)&nbsp;<\/li>\n\n\n\n<li>11 tipuri de co\u0219uri de gunoi (2.200-13.000 de buc\u0103\u021bi)<\/li>\n\n\n\n<li>Ci\u0219mele publice (20-100 de buc\u0103\u021bi)<\/li>\n\n\n\n<li>Ansamblu de \u0219ah (20-100 de buc\u0103\u021bi)<\/li>\n\n\n\n<li>Mese de ping pong (10-50 de buc\u0103\u021bi)<\/li>\n\n\n\n<li>Co\u0219uri de baschet (20-100 de buc\u0103\u021bi)<\/li>\n\n\n\n<li>Por\u021bi de fotbal (100-250 de buc\u0103\u021bi)<\/li>\n\n\n\n<li>Scrumiere (200-1.000 de buc\u0103\u021bi)<\/li>\n\n\n\n<li>Suporturi pentru biciclete (100-1.600 de buc\u0103\u021bi)<\/li>\n\n\n\n<li>Panouri pentru afi\u0219aj (1.400-4.800 de buc\u0103\u021bi)<\/li>\n\n\n\n<li>Cabine pentru paz\u0103 (35-80 de buc\u0103\u021bi)<\/li>\n\n\n\n<li>Foi\u0219oare (6-18 buc\u0103\u021bi)<\/li>\n\n\n\n<li>Pergole (100-400 de buc\u0103\u021bi)<\/li>\n\n\n\n<li>Jardiniere (100-400 de buc\u0103\u021bi)<\/li>\n\n\n\n<li>Aviziere (3.500-7.000 de buc\u0103\u021bi)<\/li>\n\n\n\n<li>Panouri afi\u0219are stradal\u0103<\/li>\n<\/ul>\n\n\n\n<p>CITE\u0218TE \u0218I: <strong><a href=\"https:\/\/buletin.de\/bucuresti\/sector-1-planuri-pentru-cumpararea-cladirii-liceului-nicolae-tonitza-si-inchirierea-a-mai-multe-spatii-pentru-o-scoala-si-o-gradinita\/\">Sector 1 | Planuri pentru cump\u0103rarea cl\u0103dirii Liceului Nicolae Tonitza \u015fi \u00eenchirierea a mai multe spa\u0163ii pentru o \u015fcoal\u0103 \u015fi o gr\u0103dini\u0163\u0103<\/a><\/strong><\/p>\n\n\n\n<p><\/p>\n","protected":false},"excerpt":{"rendered":"<p>Prim\u0103ria Sectorului 2 vrea s\u0103 investeasc\u0103 \u00eentr-un proiect pentru amenajarea unei gr\u0103dini publice l\u00e2ng\u0103 malul r\u00e2ului Colentina. Dac\u0103 proiectul de hot\u0103r\u00e2re trece de votul consilierilor din \u0219edin\u021ba de ast\u0103zi, 28 august, gr\u0103dina va fi amplasat\u0103 pe Aleea Romula nr. 22-34. Valoarea total\u0103 este de 3.3 milioane de euro (16.532.456,86 de lei).&nbsp; UPDATE 28.08, ora 18:30 [&hellip;]<\/p>\n","protected":false},"author":58,"featured_media":95962,"comment_status":"closed","ping_status":"open","sticky":false,"template":"","format":"standard","meta":{"_acf_changed":false,"inline_featured_image":false,"ngg_post_thumbnail":0,"footnotes":""},"categories":[6994,24,62],"tags":[2063,6661,14573,5714,229,7098],"ppma_author":[22581],"class_list":["post-95957","post","type-post","status-publish","format-standard","has-post-thumbnail","hentry","category-stiri-2","category-primarie","category-stiri","tag-bucuresti-2","tag-consiliul-local-sector-2","tag-gradina-publica","tag-loc-de-joaca-2","tag-sector-2","tag-spatii-verzi-2"],"acf":[],"yoast_head":"<!-- This site is optimized with the Yoast SEO Premium plugin v25.3 (Yoast SEO v27.4) - https:\/\/yoast.com\/product\/yoast-seo-premium-wordpress\/ -->\n<title>Sector 2 | Proiect pentru o gr\u0103din\u0103 public\u0103 de 3.3 milioane de euro, l\u00e2ng\u0103 malul r\u00e2ului Colentina - Buletin de Bucure\u0219ti<\/title>\n<meta name=\"description\" content=\"Prim\u0103ria Sectorului 2 vrea s\u0103 investeasc\u0103 \u00eentr-un proiect pentru amenajarea unei gr\u0103dini publice l\u00e2ng\u0103 malul R\u00e2ului Colentina.\" \/>\n<meta name=\"robots\" content=\"index, follow, max-snippet:-1, max-image-preview:large, max-video-preview:-1\" \/>\n<link rel=\"canonical\" href=\"https:\/\/buletin.de\/bucuresti\/sector-2-proiect-pentru-o-gradina-publica-de-3-3-milioane-de-euro-langa-malul-raului-colentina\/\" \/>\n<meta property=\"og:locale\" content=\"en_GB\" \/>\n<meta property=\"og:type\" content=\"article\" \/>\n<meta property=\"og:title\" content=\"Sector 2 | Proiect pentru o gr\u0103din\u0103 public\u0103 de 3.3 milioane de euro, l\u00e2ng\u0103 malul r\u00e2ului Colentina\" \/>\n<meta property=\"og:description\" content=\"Prim\u0103ria Sectorului 2 vrea s\u0103 investeasc\u0103 \u00eentr-un proiect pentru amenajarea unei gr\u0103dini publice l\u00e2ng\u0103 malul R\u00e2ului Colentina.\" \/>\n<meta property=\"og:url\" content=\"https:\/\/buletin.de\/bucuresti\/sector-2-proiect-pentru-o-gradina-publica-de-3-3-milioane-de-euro-langa-malul-raului-colentina\/\" \/>\n<meta property=\"og:site_name\" content=\"Buletin de Bucure\u0219ti\" \/>\n<meta property=\"article:publisher\" content=\"https:\/\/www.facebook.com\/buletin.de.buc\" \/>\n<meta property=\"article:published_time\" content=\"2024-08-28T09:22:53+00:00\" \/>\n<meta property=\"article:modified_time\" content=\"2024-08-28T15:26:43+00:00\" \/>\n<meta property=\"og:image\" content=\"https:\/\/buletin.de\/bucuresti\/wp-content\/uploads\/Proiect-pentru-amenajarea-unei-gradini-publice-in-Sectorul-2.png\" \/>\n\t<meta property=\"og:image:width\" content=\"1321\" \/>\n\t<meta property=\"og:image:height\" content=\"758\" \/>\n\t<meta property=\"og:image:type\" content=\"image\/png\" \/>\n<meta name=\"author\" content=\"Ana Anghel-Dimache\" \/>\n<meta name=\"twitter:card\" content=\"summary_large_image\" \/>\n<meta name=\"twitter:label1\" content=\"Written by\" \/>\n\t<meta name=\"twitter:data1\" content=\"Ana Anghel-Dimache\" \/>\n\t<meta name=\"twitter:label2\" content=\"Estimated reading time\" \/>\n\t<meta name=\"twitter:data2\" content=\"3 minutes\" \/>\n<script type=\"application\/ld+json\" class=\"yoast-schema-graph\">{\"@context\":\"https:\\\/\\\/schema.org\",\"@graph\":[{\"@type\":\"Article\",\"@id\":\"https:\\\/\\\/buletin.de\\\/bucuresti\\\/sector-2-proiect-pentru-o-gradina-publica-de-3-3-milioane-de-euro-langa-malul-raului-colentina\\\/#article\",\"isPartOf\":{\"@id\":\"https:\\\/\\\/buletin.de\\\/bucuresti\\\/sector-2-proiect-pentru-o-gradina-publica-de-3-3-milioane-de-euro-langa-malul-raului-colentina\\\/\"},\"author\":{\"name\":\"Ana Anghel-Dimache\",\"@id\":\"https:\\\/\\\/buletin.de\\\/bucuresti\\\/#\\\/schema\\\/person\\\/359459245996e200ed7c807f71f0551a\"},\"headline\":\"Sector 2 | Proiect pentru o gr\u0103din\u0103 public\u0103 de 3.3 milioane de euro, l\u00e2ng\u0103 malul r\u00e2ului Colentina\",\"datePublished\":\"2024-08-28T09:22:53+00:00\",\"dateModified\":\"2024-08-28T15:26:43+00:00\",\"mainEntityOfPage\":{\"@id\":\"https:\\\/\\\/buletin.de\\\/bucuresti\\\/sector-2-proiect-pentru-o-gradina-publica-de-3-3-milioane-de-euro-langa-malul-raului-colentina\\\/\"},\"wordCount\":528,\"publisher\":{\"@id\":\"https:\\\/\\\/buletin.de\\\/bucuresti\\\/#organization\"},\"image\":{\"@id\":\"https:\\\/\\\/buletin.de\\\/bucuresti\\\/sector-2-proiect-pentru-o-gradina-publica-de-3-3-milioane-de-euro-langa-malul-raului-colentina\\\/#primaryimage\"},\"thumbnailUrl\":\"https:\\\/\\\/buletin.de\\\/bucuresti\\\/wp-content\\\/uploads\\\/Proiect-pentru-amenajarea-unei-gradini-publice-in-Sectorul-2.png\",\"keywords\":[\"Bucure\u0219ti\",\"consiliul local sector 2\",\"gr\u0103din\u0103 public\u0103\",\"loc de joac\u0103\",\"Sector 2\",\"spa\u021bii verzi\"],\"articleSection\":[\"Articole\",\"Prim\u0103rie\",\"\u0218tiri\"],\"inLanguage\":\"en-GB\",\"copyrightYear\":\"2024\",\"copyrightHolder\":{\"@id\":\"https:\\\/\\\/buletin.de\\\/bucuresti\\\/#organization\"}},{\"@type\":\"WebPage\",\"@id\":\"https:\\\/\\\/buletin.de\\\/bucuresti\\\/sector-2-proiect-pentru-o-gradina-publica-de-3-3-milioane-de-euro-langa-malul-raului-colentina\\\/\",\"url\":\"https:\\\/\\\/buletin.de\\\/bucuresti\\\/sector-2-proiect-pentru-o-gradina-publica-de-3-3-milioane-de-euro-langa-malul-raului-colentina\\\/\",\"name\":\"Sector 2 | Proiect pentru o gr\u0103din\u0103 public\u0103 de 3.3 milioane de euro, l\u00e2ng\u0103 malul r\u00e2ului Colentina - Buletin de Bucure\u0219ti\",\"isPartOf\":{\"@id\":\"https:\\\/\\\/buletin.de\\\/bucuresti\\\/#website\"},\"primaryImageOfPage\":{\"@id\":\"https:\\\/\\\/buletin.de\\\/bucuresti\\\/sector-2-proiect-pentru-o-gradina-publica-de-3-3-milioane-de-euro-langa-malul-raului-colentina\\\/#primaryimage\"},\"image\":{\"@id\":\"https:\\\/\\\/buletin.de\\\/bucuresti\\\/sector-2-proiect-pentru-o-gradina-publica-de-3-3-milioane-de-euro-langa-malul-raului-colentina\\\/#primaryimage\"},\"thumbnailUrl\":\"https:\\\/\\\/buletin.de\\\/bucuresti\\\/wp-content\\\/uploads\\\/Proiect-pentru-amenajarea-unei-gradini-publice-in-Sectorul-2.png\",\"datePublished\":\"2024-08-28T09:22:53+00:00\",\"dateModified\":\"2024-08-28T15:26:43+00:00\",\"description\":\"Prim\u0103ria Sectorului 2 vrea s\u0103 investeasc\u0103 \u00eentr-un proiect pentru amenajarea unei gr\u0103dini publice l\u00e2ng\u0103 malul R\u00e2ului Colentina.\",\"breadcrumb\":{\"@id\":\"https:\\\/\\\/buletin.de\\\/bucuresti\\\/sector-2-proiect-pentru-o-gradina-publica-de-3-3-milioane-de-euro-langa-malul-raului-colentina\\\/#breadcrumb\"},\"inLanguage\":\"en-GB\",\"potentialAction\":[{\"@type\":\"ReadAction\",\"target\":[\"https:\\\/\\\/buletin.de\\\/bucuresti\\\/sector-2-proiect-pentru-o-gradina-publica-de-3-3-milioane-de-euro-langa-malul-raului-colentina\\\/\"]}]},{\"@type\":\"ImageObject\",\"inLanguage\":\"en-GB\",\"@id\":\"https:\\\/\\\/buletin.de\\\/bucuresti\\\/sector-2-proiect-pentru-o-gradina-publica-de-3-3-milioane-de-euro-langa-malul-raului-colentina\\\/#primaryimage\",\"url\":\"https:\\\/\\\/buletin.de\\\/bucuresti\\\/wp-content\\\/uploads\\\/Proiect-pentru-amenajarea-unei-gradini-publice-in-Sectorul-2.png\",\"contentUrl\":\"https:\\\/\\\/buletin.de\\\/bucuresti\\\/wp-content\\\/uploads\\\/Proiect-pentru-amenajarea-unei-gradini-publice-in-Sectorul-2.png\",\"width\":1321,\"height\":758,\"caption\":\"Proiect pentru amenajarea unei gr\u0103dini publice \u00een Sectorul 2. FOTO: Captur\u0103 Google Street View\"},{\"@type\":\"BreadcrumbList\",\"@id\":\"https:\\\/\\\/buletin.de\\\/bucuresti\\\/sector-2-proiect-pentru-o-gradina-publica-de-3-3-milioane-de-euro-langa-malul-raului-colentina\\\/#breadcrumb\",\"itemListElement\":[{\"@type\":\"ListItem\",\"position\":1,\"name\":\"Acas\u0103\",\"item\":\"https:\\\/\\\/buletin.de\\\/bucuresti\\\/\"},{\"@type\":\"ListItem\",\"position\":2,\"name\":\"Sector 2 | Proiect pentru o gr\u0103din\u0103 public\u0103 de 3.3 milioane de euro, l\u00e2ng\u0103 malul r\u00e2ului Colentina\"}]},{\"@type\":\"WebSite\",\"@id\":\"https:\\\/\\\/buletin.de\\\/bucuresti\\\/#website\",\"url\":\"https:\\\/\\\/buletin.de\\\/bucuresti\\\/\",\"name\":\"Buletin de Bucure\u0219ti\",\"description\":\"\u0218tiri \u0219i investiga\u021bii esen\u021biale din capital\u0103\",\"publisher\":{\"@id\":\"https:\\\/\\\/buletin.de\\\/bucuresti\\\/#organization\"},\"potentialAction\":[{\"@type\":\"SearchAction\",\"target\":{\"@type\":\"EntryPoint\",\"urlTemplate\":\"https:\\\/\\\/buletin.de\\\/bucuresti\\\/?s={search_term_string}\"},\"query-input\":{\"@type\":\"PropertyValueSpecification\",\"valueRequired\":true,\"valueName\":\"search_term_string\"}}],\"inLanguage\":\"en-GB\"},{\"@type\":\"Organization\",\"@id\":\"https:\\\/\\\/buletin.de\\\/bucuresti\\\/#organization\",\"name\":\"Buletin de Bucure\u0219ti\",\"url\":\"https:\\\/\\\/buletin.de\\\/bucuresti\\\/\",\"logo\":{\"@type\":\"ImageObject\",\"inLanguage\":\"en-GB\",\"@id\":\"https:\\\/\\\/buletin.de\\\/bucuresti\\\/#\\\/schema\\\/logo\\\/image\\\/\",\"url\":\"https:\\\/\\\/buletin.de\\\/bucuresti\\\/wp-content\\\/uploads\\\/logo-bdb-full-wide-vernil-transparent.png\",\"contentUrl\":\"https:\\\/\\\/buletin.de\\\/bucuresti\\\/wp-content\\\/uploads\\\/logo-bdb-full-wide-vernil-transparent.png\",\"width\":1782,\"height\":626,\"caption\":\"Buletin de Bucure\u0219ti\"},\"image\":{\"@id\":\"https:\\\/\\\/buletin.de\\\/bucuresti\\\/#\\\/schema\\\/logo\\\/image\\\/\"},\"sameAs\":[\"https:\\\/\\\/www.facebook.com\\\/buletin.de.buc\",\"https:\\\/\\\/www.instagram.com\\\/buletinde.bucuresti\\\/\"]},{\"@type\":\"Person\",\"@id\":\"https:\\\/\\\/buletin.de\\\/bucuresti\\\/#\\\/schema\\\/person\\\/359459245996e200ed7c807f71f0551a\",\"name\":\"Ana Anghel-Dimache\",\"image\":{\"@type\":\"ImageObject\",\"inLanguage\":\"en-GB\",\"@id\":\"https:\\\/\\\/buletin.de\\\/bucuresti\\\/wp-content\\\/uploads\\\/Ana-Anghel-Dimache-96x96.jpg861145fc2c4f1fe57dc81b59a6cfb674\",\"url\":\"https:\\\/\\\/buletin.de\\\/bucuresti\\\/wp-content\\\/uploads\\\/Ana-Anghel-Dimache-96x96.jpg\",\"contentUrl\":\"https:\\\/\\\/buletin.de\\\/bucuresti\\\/wp-content\\\/uploads\\\/Ana-Anghel-Dimache-96x96.jpg\",\"caption\":\"Ana Anghel-Dimache\"},\"description\":\"Sunt student\u0103 la jurnalism \u0219i m-am n\u0103scut \u00een Bucure\u0219ti, ora\u0219 plin de pove\u0219ti care merit\u0103 explorate. \u00cemi place s\u0103 scriu despre subiecte politice, de mediu \u0219i legate de transportul din Capital\u0103. \u00cencerc s\u0103 pictez o imagine c\u00e2t mai sincer\u0103 a realit\u0103\u021bii \u0219i sus\u021bin presa independent\u0103 pentru c\u0103 este esen\u021bial s\u0103 pot reda faptele \u00een formele lor adev\u0103rate.\",\"url\":\"https:\\\/\\\/buletin.de\\\/bucuresti\\\/author\\\/ana-dimache\\\/\"}]}<\/script>\n<!-- \/ Yoast SEO Premium plugin. -->","yoast_head_json":{"title":"Sector 2 | Proiect pentru o gr\u0103din\u0103 public\u0103 de 3.3 milioane de euro, l\u00e2ng\u0103 malul r\u00e2ului Colentina - Buletin de Bucure\u0219ti","description":"Prim\u0103ria Sectorului 2 vrea s\u0103 investeasc\u0103 \u00eentr-un proiect pentru amenajarea unei gr\u0103dini publice l\u00e2ng\u0103 malul R\u00e2ului Colentina.","robots":{"index":"index","follow":"follow","max-snippet":"max-snippet:-1","max-image-preview":"max-image-preview:large","max-video-preview":"max-video-preview:-1"},"canonical":"https:\/\/buletin.de\/bucuresti\/sector-2-proiect-pentru-o-gradina-publica-de-3-3-milioane-de-euro-langa-malul-raului-colentina\/","og_locale":"en_GB","og_type":"article","og_title":"Sector 2 | Proiect pentru o gr\u0103din\u0103 public\u0103 de 3.3 milioane de euro, l\u00e2ng\u0103 malul r\u00e2ului Colentina","og_description":"Prim\u0103ria Sectorului 2 vrea s\u0103 investeasc\u0103 \u00eentr-un proiect pentru amenajarea unei gr\u0103dini publice l\u00e2ng\u0103 malul R\u00e2ului Colentina.","og_url":"https:\/\/buletin.de\/bucuresti\/sector-2-proiect-pentru-o-gradina-publica-de-3-3-milioane-de-euro-langa-malul-raului-colentina\/","og_site_name":"Buletin de Bucure\u0219ti","article_publisher":"https:\/\/www.facebook.com\/buletin.de.buc","article_published_time":"2024-08-28T09:22:53+00:00","article_modified_time":"2024-08-28T15:26:43+00:00","og_image":[{"width":1321,"height":758,"url":"https:\/\/buletin.de\/bucuresti\/wp-content\/uploads\/Proiect-pentru-amenajarea-unei-gradini-publice-in-Sectorul-2.png","type":"image\/png"}],"author":"Ana Anghel-Dimache","twitter_card":"summary_large_image","twitter_misc":{"Written by":"Ana Anghel-Dimache","Estimated reading time":"3 minutes"},"schema":{"@context":"https:\/\/schema.org","@graph":[{"@type":"Article","@id":"https:\/\/buletin.de\/bucuresti\/sector-2-proiect-pentru-o-gradina-publica-de-3-3-milioane-de-euro-langa-malul-raului-colentina\/#article","isPartOf":{"@id":"https:\/\/buletin.de\/bucuresti\/sector-2-proiect-pentru-o-gradina-publica-de-3-3-milioane-de-euro-langa-malul-raului-colentina\/"},"author":{"name":"Ana Anghel-Dimache","@id":"https:\/\/buletin.de\/bucuresti\/#\/schema\/person\/359459245996e200ed7c807f71f0551a"},"headline":"Sector 2 | Proiect pentru o gr\u0103din\u0103 public\u0103 de 3.3 milioane de euro, l\u00e2ng\u0103 malul r\u00e2ului Colentina","datePublished":"2024-08-28T09:22:53+00:00","dateModified":"2024-08-28T15:26:43+00:00","mainEntityOfPage":{"@id":"https:\/\/buletin.de\/bucuresti\/sector-2-proiect-pentru-o-gradina-publica-de-3-3-milioane-de-euro-langa-malul-raului-colentina\/"},"wordCount":528,"publisher":{"@id":"https:\/\/buletin.de\/bucuresti\/#organization"},"image":{"@id":"https:\/\/buletin.de\/bucuresti\/sector-2-proiect-pentru-o-gradina-publica-de-3-3-milioane-de-euro-langa-malul-raului-colentina\/#primaryimage"},"thumbnailUrl":"https:\/\/buletin.de\/bucuresti\/wp-content\/uploads\/Proiect-pentru-amenajarea-unei-gradini-publice-in-Sectorul-2.png","keywords":["Bucure\u0219ti","consiliul local sector 2","gr\u0103din\u0103 public\u0103","loc de joac\u0103","Sector 2","spa\u021bii verzi"],"articleSection":["Articole","Prim\u0103rie","\u0218tiri"],"inLanguage":"en-GB","copyrightYear":"2024","copyrightHolder":{"@id":"https:\/\/buletin.de\/bucuresti\/#organization"}},{"@type":"WebPage","@id":"https:\/\/buletin.de\/bucuresti\/sector-2-proiect-pentru-o-gradina-publica-de-3-3-milioane-de-euro-langa-malul-raului-colentina\/","url":"https:\/\/buletin.de\/bucuresti\/sector-2-proiect-pentru-o-gradina-publica-de-3-3-milioane-de-euro-langa-malul-raului-colentina\/","name":"Sector 2 | Proiect pentru o gr\u0103din\u0103 public\u0103 de 3.3 milioane de euro, l\u00e2ng\u0103 malul r\u00e2ului Colentina - Buletin de Bucure\u0219ti","isPartOf":{"@id":"https:\/\/buletin.de\/bucuresti\/#website"},"primaryImageOfPage":{"@id":"https:\/\/buletin.de\/bucuresti\/sector-2-proiect-pentru-o-gradina-publica-de-3-3-milioane-de-euro-langa-malul-raului-colentina\/#primaryimage"},"image":{"@id":"https:\/\/buletin.de\/bucuresti\/sector-2-proiect-pentru-o-gradina-publica-de-3-3-milioane-de-euro-langa-malul-raului-colentina\/#primaryimage"},"thumbnailUrl":"https:\/\/buletin.de\/bucuresti\/wp-content\/uploads\/Proiect-pentru-amenajarea-unei-gradini-publice-in-Sectorul-2.png","datePublished":"2024-08-28T09:22:53+00:00","dateModified":"2024-08-28T15:26:43+00:00","description":"Prim\u0103ria Sectorului 2 vrea s\u0103 investeasc\u0103 \u00eentr-un proiect pentru amenajarea unei gr\u0103dini publice l\u00e2ng\u0103 malul R\u00e2ului Colentina.","breadcrumb":{"@id":"https:\/\/buletin.de\/bucuresti\/sector-2-proiect-pentru-o-gradina-publica-de-3-3-milioane-de-euro-langa-malul-raului-colentina\/#breadcrumb"},"inLanguage":"en-GB","potentialAction":[{"@type":"ReadAction","target":["https:\/\/buletin.de\/bucuresti\/sector-2-proiect-pentru-o-gradina-publica-de-3-3-milioane-de-euro-langa-malul-raului-colentina\/"]}]},{"@type":"ImageObject","inLanguage":"en-GB","@id":"https:\/\/buletin.de\/bucuresti\/sector-2-proiect-pentru-o-gradina-publica-de-3-3-milioane-de-euro-langa-malul-raului-colentina\/#primaryimage","url":"https:\/\/buletin.de\/bucuresti\/wp-content\/uploads\/Proiect-pentru-amenajarea-unei-gradini-publice-in-Sectorul-2.png","contentUrl":"https:\/\/buletin.de\/bucuresti\/wp-content\/uploads\/Proiect-pentru-amenajarea-unei-gradini-publice-in-Sectorul-2.png","width":1321,"height":758,"caption":"Proiect pentru amenajarea unei gr\u0103dini publice \u00een Sectorul 2. FOTO: Captur\u0103 Google Street View"},{"@type":"BreadcrumbList","@id":"https:\/\/buletin.de\/bucuresti\/sector-2-proiect-pentru-o-gradina-publica-de-3-3-milioane-de-euro-langa-malul-raului-colentina\/#breadcrumb","itemListElement":[{"@type":"ListItem","position":1,"name":"Acas\u0103","item":"https:\/\/buletin.de\/bucuresti\/"},{"@type":"ListItem","position":2,"name":"Sector 2 | Proiect pentru o gr\u0103din\u0103 public\u0103 de 3.3 milioane de euro, l\u00e2ng\u0103 malul r\u00e2ului Colentina"}]},{"@type":"WebSite","@id":"https:\/\/buletin.de\/bucuresti\/#website","url":"https:\/\/buletin.de\/bucuresti\/","name":"Buletin de Bucure\u0219ti","description":"\u0218tiri \u0219i investiga\u021bii esen\u021biale din capital\u0103","publisher":{"@id":"https:\/\/buletin.de\/bucuresti\/#organization"},"potentialAction":[{"@type":"SearchAction","target":{"@type":"EntryPoint","urlTemplate":"https:\/\/buletin.de\/bucuresti\/?s={search_term_string}"},"query-input":{"@type":"PropertyValueSpecification","valueRequired":true,"valueName":"search_term_string"}}],"inLanguage":"en-GB"},{"@type":"Organization","@id":"https:\/\/buletin.de\/bucuresti\/#organization","name":"Buletin de Bucure\u0219ti","url":"https:\/\/buletin.de\/bucuresti\/","logo":{"@type":"ImageObject","inLanguage":"en-GB","@id":"https:\/\/buletin.de\/bucuresti\/#\/schema\/logo\/image\/","url":"https:\/\/buletin.de\/bucuresti\/wp-content\/uploads\/logo-bdb-full-wide-vernil-transparent.png","contentUrl":"https:\/\/buletin.de\/bucuresti\/wp-content\/uploads\/logo-bdb-full-wide-vernil-transparent.png","width":1782,"height":626,"caption":"Buletin de Bucure\u0219ti"},"image":{"@id":"https:\/\/buletin.de\/bucuresti\/#\/schema\/logo\/image\/"},"sameAs":["https:\/\/www.facebook.com\/buletin.de.buc","https:\/\/www.instagram.com\/buletinde.bucuresti\/"]},{"@type":"Person","@id":"https:\/\/buletin.de\/bucuresti\/#\/schema\/person\/359459245996e200ed7c807f71f0551a","name":"Ana Anghel-Dimache","image":{"@type":"ImageObject","inLanguage":"en-GB","@id":"https:\/\/buletin.de\/bucuresti\/wp-content\/uploads\/Ana-Anghel-Dimache-96x96.jpg861145fc2c4f1fe57dc81b59a6cfb674","url":"https:\/\/buletin.de\/bucuresti\/wp-content\/uploads\/Ana-Anghel-Dimache-96x96.jpg","contentUrl":"https:\/\/buletin.de\/bucuresti\/wp-content\/uploads\/Ana-Anghel-Dimache-96x96.jpg","caption":"Ana Anghel-Dimache"},"description":"Sunt student\u0103 la jurnalism \u0219i m-am n\u0103scut \u00een Bucure\u0219ti, ora\u0219 plin de pove\u0219ti care merit\u0103 explorate. \u00cemi place s\u0103 scriu despre subiecte politice, de mediu \u0219i legate de transportul din Capital\u0103. \u00cencerc s\u0103 pictez o imagine c\u00e2t mai sincer\u0103 a realit\u0103\u021bii \u0219i sus\u021bin presa independent\u0103 pentru c\u0103 este esen\u021bial s\u0103 pot reda faptele \u00een formele lor adev\u0103rate.","url":"https:\/\/buletin.de\/bucuresti\/author\/ana-dimache\/"}]}},"authors":[{"term_id":22581,"user_id":58,"is_guest":0,"slug":"ana-dimache","display_name":"Ana Anghel-Dimache","avatar_url":"https:\/\/buletin.de\/bucuresti\/wp-content\/uploads\/Ana-Anghel-Dimache-96x96.jpg","0":null,"1":"","2":"","3":"","4":"","5":"","6":"","7":"","8":""}],"_links":{"self":[{"href":"https:\/\/buletin.de\/bucuresti\/wp-json\/wp\/v2\/posts\/95957","targetHints":{"allow":["GET"]}}],"collection":[{"href":"https:\/\/buletin.de\/bucuresti\/wp-json\/wp\/v2\/posts"}],"about":[{"href":"https:\/\/buletin.de\/bucuresti\/wp-json\/wp\/v2\/types\/post"}],"author":[{"embeddable":true,"href":"https:\/\/buletin.de\/bucuresti\/wp-json\/wp\/v2\/users\/58"}],"replies":[{"embeddable":true,"href":"https:\/\/buletin.de\/bucuresti\/wp-json\/wp\/v2\/comments?post=95957"}],"version-history":[{"count":5,"href":"https:\/\/buletin.de\/bucuresti\/wp-json\/wp\/v2\/posts\/95957\/revisions"}],"predecessor-version":[{"id":96051,"href":"https:\/\/buletin.de\/bucuresti\/wp-json\/wp\/v2\/posts\/95957\/revisions\/96051"}],"wp:featuredmedia":[{"embeddable":true,"href":"https:\/\/buletin.de\/bucuresti\/wp-json\/wp\/v2\/media\/95962"}],"wp:attachment":[{"href":"https:\/\/buletin.de\/bucuresti\/wp-json\/wp\/v2\/media?parent=95957"}],"wp:term":[{"taxonomy":"category","embeddable":true,"href":"https:\/\/buletin.de\/bucuresti\/wp-json\/wp\/v2\/categories?post=95957"},{"taxonomy":"post_tag","embeddable":true,"href":"https:\/\/buletin.de\/bucuresti\/wp-json\/wp\/v2\/tags?post=95957"},{"taxonomy":"author","embeddable":true,"href":"https:\/\/buletin.de\/bucuresti\/wp-json\/wp\/v2\/ppma_author?post=95957"}],"curies":[{"name":"wp","href":"https:\/\/api.w.org\/{rel}","templated":true}]}}