{"id":95924,"date":"2024-08-28T07:34:55","date_gmt":"2024-08-28T04:34:55","guid":{"rendered":"https:\/\/buletin.de\/bucuresti\/?p=95924"},"modified":"2024-08-28T07:34:55","modified_gmt":"2024-08-28T04:34:55","slug":"turul-frantei-restrictii-de-circulatie-in-bucuresti-pe-1-septembrie","status":"publish","type":"post","link":"https:\/\/buletin.de\/bucuresti\/turul-frantei-restrictii-de-circulatie-in-bucuresti-pe-1-septembrie\/","title":{"rendered":"Turul Fran\u021bei: restric\u021bii de circula\u021bie \u00een Bucure\u0219ti, pe 1 septembrie"},"content":{"rendered":"\n<p><strong>Turul Fran\u021bei va \u201etrece\u201d prin Bucure\u0219ti, duminic\u0103, 1 septembrie. Evenimentul sportiv interna\u021bional \u201eL`Etape Romania by Tour de France\u201d va impune, \u00eencep\u00e2nd cu ora 07:00, restric\u021bii de circula\u021bie pe mai multe artere principale din ora\u0219, p\u00e2n\u0103 la finalizarea evenimentului.<\/strong><\/p>\n\n\n\n<p>Prima curs\u0103, Family Ride are 14 kilometri \u0219i va \u00eencepe la ora 08:00 pe traseul: Bd. Unirii \u2013 Pia\u021ba Unirii \u2013 Bd. Unirii \u2013 Pia\u021ba Alba Iulia \u2013 Bd. Unirii \u2013 Pia\u021ba Unirii \u2013 Strada Halelor \u2013 Splaiul Independen\u021bei \u2013 Calea Victoriei \u2013 Bd. Regina Elisabeta \u2013 Bd. Schitu M\u0103gureanu \u2013 Str. \u0218tirbei Vod\u0103 \u2013 Calea Victoriei \u2013 Pia\u021ba Victoriei \u2013 Str. Buze\u0219ti \u2013 Str. Berzei \u2013 Str. Vasile P\u00e2rvan \u2013 Str. B. P. Ha\u0219deu \u2013 Splaiul Independen\u021bei \u2013 Bd. Libert\u0103\u021bii \u2013 Pia\u021ba Constitu\u021biei.<\/p>\n\n\n\n<p>Cursele The Race (85 km) \u0219i The Ride (42 km) vor \u00eencepe la ora 09:00 pe un traseu extins care include zonele: Bd. Unirii \u2013 Bd. Mircea Vod\u0103 \u2013 Str. Nerva Traian \u2013 Splaiul Unirii \u2013 Pasaj N. Grigorescu \u2013 Str. Nicolae Teclu \u2013 Drumul Lunca Cet\u0103\u021bii \u2013 Str. Drumul Malu Mierii \u2013 Bd. N. Grigorescu \u2013 Bd. Decebal \u2013 Bd. Basarabia \u2013 Arena Na\u021bional\u0103 \u2013 \u0218os. Kiseleff \u2013 Pia\u021ba Arcul de Triumf.<\/p>\n\n\n\n<p class=\"has-medium-font-size\"><strong>Brigada Rutier\u0103 le recomand\u0103 \u0219oferilor urm\u0103toarele rute alternative:<\/strong><\/p>\n\n\n\n<ul class=\"wp-block-list\">\n<li>Bulevardul Mihail Kog\u0103lniceanu \u2013 Pia\u021ba Universit\u0103\u021bii \u2013 Bulevardul Nicolae B\u0103lcescu \u2013 Bulevardul Gh. Magheru.<\/li>\n\n\n\n<li>Bulevardul Na\u021biunile Unite \u2013 Strada Izvor \u2013 Bulevardul Tudor Vladimirescu \u2013 Bulevardul George Co\u0219buc \u2013 Bulevardul Regina Maria.<\/li>\n\n\n\n<li>Bulevardul Pache Protopopescu \u2013 Str. Mihai Vod\u0103 \u2013 \u0218oseaua Mihai Bravu \u2013 Pasaj Pia\u021ba Muncii.<\/li>\n\n\n\n<li>Bulevardul M\u0103r\u0103\u0219e\u0219ti \u2013 Bulevardul Dimitrie Cantemir \u2013 Bulevardul Octavian Goga \u2013 Calea Dude\u0219ti \u2013 \u0218oseaua Mihai Bravu \u2013 Pia\u021ba Hurmuzachi.<\/li>\n<\/ul>\n\n\n\n<p>Traversarea zonelor afectate va fi permis\u0103 prin cinci puncte principale: Pasajul Pia\u021ba Victoriei, Pasajul M\u0103r\u0103\u0219e\u0219ti, Pasajul Pia\u021ba Muncii, Pasajul Mihai Bravu \u0219i Pasajul Nicolae Grigorescu.<\/p>\n\n\n\n<p>Autorit\u0103\u021bile recomand\u0103 folosirea <strong>transportului public<\/strong>, \u00een special a metroului, pentru a evita blocajele.<\/p>\n\n\n\n<p><strong>CITE\u0218TE \u0218I:<\/strong> <a href=\"https:\/\/buletin.de\/bucuresti\/ciclistii-amatori-se-vor-intrece-in-cursa-ca-profesionistii-in-septembrie-la-letape-romania-by-tour-de-france\/\" target=\"_blank\" rel=\"noreferrer noopener\"><strong>Turul Fran\u021bei \u201etrece\u201d prin Bucure\u0219ti: cicli\u0219tii amatori se vor \u00eentrece ca profesioni\u0219tii, \u00een septembrie<\/strong><\/a><\/p>\n\n\n\n<h2 class=\"wp-block-heading\" id=\"h-turul-fran\u021bei-trece-prin-bucure\u0219ti\"><strong>Turul Fran\u021bei \u201etrece\u201d prin Bucure\u0219ti<\/strong><\/h2>\n\n\n\n<p>Persoanele pasionate de ciclism, indiferent de nivelul de preg\u0103tire, se \u00eentrec duminic\u0103, 1 septembrie, pe cele trei trasee care se vor desf\u0103\u0219ura \u00een centrul Bucure\u0219tiului cu ocazia <a href=\"https:\/\/romania.letapebytourdefrance.com\/stages\" target=\"_blank\" rel=\"noreferrer noopener\">L\u2019Etape Romania by Tour de France<\/a>.<\/p>\n\n\n\n<p>La evenimentele L\u2019Etape by Tour de France, cei mai buni cicli\u0219ti vor c\u00e2\u0219tiga tricouri originale din lumea ciclismului. C\u00e2\u0219tig\u0103torii curselor de masculin \u0219i feminin vor fi recompensa\u021bi cu tricoul galben.<\/p>\n\n\n\n<p>O sec\u021biune de traseu de c\u00e2teva sute de metri, pe plat, va fi cronometrat\u0103, iar cei mai rapizi dintre bicicli\u0219ti au \u0219ansa de a c\u00e2\u0219tiga tricoul verde. Cel mai bun ciclist sub 25 de ani va primi tricoul alb.<\/p>\n\n\n\n<p>\u00cen 2024, L\u2019Etape by Tour de France face \u00eenconjurul lumii, organiz\u00e2nd evenimente precum cel din Bucure\u0219ti prin toat\u0103 Europa, \u00een Asia, America de Nord \u0219i de Sud. Pe l\u00e2ng\u0103 Rom\u00e2nia, alte 21 de \u021b\u0103ri sunt incluse \u00een planul de evenimente al bicicli\u0219tilor.<\/p>\n\n\n\n<p><strong>CITE\u0218TE \u0218I:<\/strong> <a href=\"https:\/\/buletin.de\/bucuresti\/tour-de-france-in-inima-bucurestiului\/\" target=\"_blank\" rel=\"noreferrer noopener\"><strong>\u201eTour de France\u201d, \u00een inima Bucure\u0219tiului<\/strong><\/a><\/p>\n","protected":false},"excerpt":{"rendered":"<p>Turul Fran\u021bei va \u201etrece\u201d prin Bucure\u0219ti, duminic\u0103, 1 septembrie. Evenimentul sportiv interna\u021bional \u201eL`Etape Romania by Tour de France\u201d va impune, \u00eencep\u00e2nd cu ora 07:00, restric\u021bii de circula\u021bie pe mai multe artere principale din ora\u0219, p\u00e2n\u0103 la finalizarea evenimentului. Prima curs\u0103, Family Ride are 14 kilometri \u0219i va \u00eencepe la ora 08:00 pe traseul: Bd. Unirii [&hellip;]<\/p>\n","protected":false},"author":59,"featured_media":95926,"comment_status":"closed","ping_status":"open","sticky":false,"template":"","format":"standard","meta":{"_acf_changed":false,"inline_featured_image":false,"ngg_post_thumbnail":0,"footnotes":""},"categories":[6994,62,650],"tags":[9,4494,14564],"ppma_author":[22572],"class_list":["post-95924","post","type-post","status-publish","format-standard","has-post-thumbnail","hentry","category-stiri-2","category-stiri","category-transport","tag-bucuresti","tag-restrictii-de-circulatie","tag-turul-frantei"],"acf":[],"yoast_head":"<!-- This site is optimized with the Yoast SEO Premium plugin v25.3 (Yoast SEO v27.4) - https:\/\/yoast.com\/product\/yoast-seo-premium-wordpress\/ -->\n<title>Turul Fran\u021bei: restric\u021bii de circula\u021bie \u00een Bucure\u0219ti, pe 1 septembrie - Buletin de Bucure\u0219ti<\/title>\n<meta name=\"description\" content=\"Turul Fran\u021bei va impune, \u00eencep\u00e2nd cu ora 07:00, restric\u021bii de circula\u021bie pe mai multe artere principale din ora\u0219.\" \/>\n<meta name=\"robots\" content=\"index, follow, max-snippet:-1, max-image-preview:large, max-video-preview:-1\" \/>\n<link rel=\"canonical\" href=\"https:\/\/buletin.de\/bucuresti\/turul-frantei-restrictii-de-circulatie-in-bucuresti-pe-1-septembrie\/\" \/>\n<meta property=\"og:locale\" content=\"en_GB\" \/>\n<meta property=\"og:type\" content=\"article\" \/>\n<meta property=\"og:title\" content=\"Turul Fran\u021bei: restric\u021bii de circula\u021bie \u00een Bucure\u0219ti, pe 1 septembrie\" \/>\n<meta property=\"og:description\" content=\"Turul Fran\u021bei va impune, \u00eencep\u00e2nd cu ora 07:00, restric\u021bii de circula\u021bie pe mai multe artere principale din ora\u0219.\" \/>\n<meta property=\"og:url\" content=\"https:\/\/buletin.de\/bucuresti\/turul-frantei-restrictii-de-circulatie-in-bucuresti-pe-1-septembrie\/\" \/>\n<meta property=\"og:site_name\" content=\"Buletin de Bucure\u0219ti\" \/>\n<meta property=\"article:publisher\" content=\"https:\/\/www.facebook.com\/buletin.de.buc\" \/>\n<meta property=\"article:published_time\" content=\"2024-08-28T04:34:55+00:00\" \/>\n<meta property=\"og:image\" content=\"https:\/\/buletin.de\/bucuresti\/wp-content\/uploads\/turul-frantei-restrictii.jpeg\" \/>\n\t<meta property=\"og:image:width\" content=\"1024\" \/>\n\t<meta property=\"og:image:height\" content=\"665\" \/>\n\t<meta property=\"og:image:type\" content=\"image\/jpeg\" \/>\n<meta name=\"author\" content=\"C\u0103t\u0103lin Anghel-Dimache\" \/>\n<meta name=\"twitter:card\" content=\"summary_large_image\" \/>\n<meta name=\"twitter:label1\" content=\"Written by\" \/>\n\t<meta name=\"twitter:data1\" content=\"C\u0103t\u0103lin Anghel-Dimache\" \/>\n\t<meta name=\"twitter:label2\" content=\"Estimated reading time\" \/>\n\t<meta name=\"twitter:data2\" content=\"3 minutes\" \/>\n<script type=\"application\/ld+json\" class=\"yoast-schema-graph\">{\"@context\":\"https:\\\/\\\/schema.org\",\"@graph\":[{\"@type\":\"Article\",\"@id\":\"https:\\\/\\\/buletin.de\\\/bucuresti\\\/turul-frantei-restrictii-de-circulatie-in-bucuresti-pe-1-septembrie\\\/#article\",\"isPartOf\":{\"@id\":\"https:\\\/\\\/buletin.de\\\/bucuresti\\\/turul-frantei-restrictii-de-circulatie-in-bucuresti-pe-1-septembrie\\\/\"},\"author\":{\"name\":\"C\u0103t\u0103lin Anghel-Dimache\",\"@id\":\"https:\\\/\\\/buletin.de\\\/bucuresti\\\/#\\\/schema\\\/person\\\/0ac9db30080482be87c7386a30f98796\"},\"headline\":\"Turul Fran\u021bei: restric\u021bii de circula\u021bie \u00een Bucure\u0219ti, pe 1 septembrie\",\"datePublished\":\"2024-08-28T04:34:55+00:00\",\"mainEntityOfPage\":{\"@id\":\"https:\\\/\\\/buletin.de\\\/bucuresti\\\/turul-frantei-restrictii-de-circulatie-in-bucuresti-pe-1-septembrie\\\/\"},\"wordCount\":507,\"publisher\":{\"@id\":\"https:\\\/\\\/buletin.de\\\/bucuresti\\\/#organization\"},\"image\":{\"@id\":\"https:\\\/\\\/buletin.de\\\/bucuresti\\\/turul-frantei-restrictii-de-circulatie-in-bucuresti-pe-1-septembrie\\\/#primaryimage\"},\"thumbnailUrl\":\"https:\\\/\\\/buletin.de\\\/bucuresti\\\/wp-content\\\/uploads\\\/turul-frantei-restrictii.jpeg\",\"keywords\":[\"bucuresti\",\"restrictii de circulatie\",\"turul frantei\"],\"articleSection\":[\"Articole\",\"\u0218tiri\",\"Transport\"],\"inLanguage\":\"en-GB\",\"copyrightYear\":\"2024\",\"copyrightHolder\":{\"@id\":\"https:\\\/\\\/buletin.de\\\/bucuresti\\\/#organization\"}},{\"@type\":\"WebPage\",\"@id\":\"https:\\\/\\\/buletin.de\\\/bucuresti\\\/turul-frantei-restrictii-de-circulatie-in-bucuresti-pe-1-septembrie\\\/\",\"url\":\"https:\\\/\\\/buletin.de\\\/bucuresti\\\/turul-frantei-restrictii-de-circulatie-in-bucuresti-pe-1-septembrie\\\/\",\"name\":\"Turul Fran\u021bei: restric\u021bii de circula\u021bie \u00een Bucure\u0219ti, pe 1 septembrie - Buletin de Bucure\u0219ti\",\"isPartOf\":{\"@id\":\"https:\\\/\\\/buletin.de\\\/bucuresti\\\/#website\"},\"primaryImageOfPage\":{\"@id\":\"https:\\\/\\\/buletin.de\\\/bucuresti\\\/turul-frantei-restrictii-de-circulatie-in-bucuresti-pe-1-septembrie\\\/#primaryimage\"},\"image\":{\"@id\":\"https:\\\/\\\/buletin.de\\\/bucuresti\\\/turul-frantei-restrictii-de-circulatie-in-bucuresti-pe-1-septembrie\\\/#primaryimage\"},\"thumbnailUrl\":\"https:\\\/\\\/buletin.de\\\/bucuresti\\\/wp-content\\\/uploads\\\/turul-frantei-restrictii.jpeg\",\"datePublished\":\"2024-08-28T04:34:55+00:00\",\"description\":\"Turul Fran\u021bei va impune, \u00eencep\u00e2nd cu ora 07:00, restric\u021bii de circula\u021bie pe mai multe artere principale din ora\u0219.\",\"breadcrumb\":{\"@id\":\"https:\\\/\\\/buletin.de\\\/bucuresti\\\/turul-frantei-restrictii-de-circulatie-in-bucuresti-pe-1-septembrie\\\/#breadcrumb\"},\"inLanguage\":\"en-GB\",\"potentialAction\":[{\"@type\":\"ReadAction\",\"target\":[\"https:\\\/\\\/buletin.de\\\/bucuresti\\\/turul-frantei-restrictii-de-circulatie-in-bucuresti-pe-1-septembrie\\\/\"]}]},{\"@type\":\"ImageObject\",\"inLanguage\":\"en-GB\",\"@id\":\"https:\\\/\\\/buletin.de\\\/bucuresti\\\/turul-frantei-restrictii-de-circulatie-in-bucuresti-pe-1-septembrie\\\/#primaryimage\",\"url\":\"https:\\\/\\\/buletin.de\\\/bucuresti\\\/wp-content\\\/uploads\\\/turul-frantei-restrictii.jpeg\",\"contentUrl\":\"https:\\\/\\\/buletin.de\\\/bucuresti\\\/wp-content\\\/uploads\\\/turul-frantei-restrictii.jpeg\",\"width\":1024,\"height\":665,\"caption\":\"Turul Fran\u021bei: restric\u021bii de circula\u021bie pe 1 septembrie. FOTO: Poli\u021bia Capitalei\"},{\"@type\":\"BreadcrumbList\",\"@id\":\"https:\\\/\\\/buletin.de\\\/bucuresti\\\/turul-frantei-restrictii-de-circulatie-in-bucuresti-pe-1-septembrie\\\/#breadcrumb\",\"itemListElement\":[{\"@type\":\"ListItem\",\"position\":1,\"name\":\"Acas\u0103\",\"item\":\"https:\\\/\\\/buletin.de\\\/bucuresti\\\/\"},{\"@type\":\"ListItem\",\"position\":2,\"name\":\"Turul Fran\u021bei: restric\u021bii de circula\u021bie \u00een Bucure\u0219ti, pe 1 septembrie\"}]},{\"@type\":\"WebSite\",\"@id\":\"https:\\\/\\\/buletin.de\\\/bucuresti\\\/#website\",\"url\":\"https:\\\/\\\/buletin.de\\\/bucuresti\\\/\",\"name\":\"Buletin de Bucure\u0219ti\",\"description\":\"\u0218tiri \u0219i investiga\u021bii esen\u021biale din capital\u0103\",\"publisher\":{\"@id\":\"https:\\\/\\\/buletin.de\\\/bucuresti\\\/#organization\"},\"potentialAction\":[{\"@type\":\"SearchAction\",\"target\":{\"@type\":\"EntryPoint\",\"urlTemplate\":\"https:\\\/\\\/buletin.de\\\/bucuresti\\\/?s={search_term_string}\"},\"query-input\":{\"@type\":\"PropertyValueSpecification\",\"valueRequired\":true,\"valueName\":\"search_term_string\"}}],\"inLanguage\":\"en-GB\"},{\"@type\":\"Organization\",\"@id\":\"https:\\\/\\\/buletin.de\\\/bucuresti\\\/#organization\",\"name\":\"Buletin de Bucure\u0219ti\",\"url\":\"https:\\\/\\\/buletin.de\\\/bucuresti\\\/\",\"logo\":{\"@type\":\"ImageObject\",\"inLanguage\":\"en-GB\",\"@id\":\"https:\\\/\\\/buletin.de\\\/bucuresti\\\/#\\\/schema\\\/logo\\\/image\\\/\",\"url\":\"https:\\\/\\\/buletin.de\\\/bucuresti\\\/wp-content\\\/uploads\\\/logo-bdb-full-wide-vernil-transparent.png\",\"contentUrl\":\"https:\\\/\\\/buletin.de\\\/bucuresti\\\/wp-content\\\/uploads\\\/logo-bdb-full-wide-vernil-transparent.png\",\"width\":1782,\"height\":626,\"caption\":\"Buletin de Bucure\u0219ti\"},\"image\":{\"@id\":\"https:\\\/\\\/buletin.de\\\/bucuresti\\\/#\\\/schema\\\/logo\\\/image\\\/\"},\"sameAs\":[\"https:\\\/\\\/www.facebook.com\\\/buletin.de.buc\",\"https:\\\/\\\/www.instagram.com\\\/buletinde.bucuresti\\\/\"]},{\"@type\":\"Person\",\"@id\":\"https:\\\/\\\/buletin.de\\\/bucuresti\\\/#\\\/schema\\\/person\\\/0ac9db30080482be87c7386a30f98796\",\"name\":\"C\u0103t\u0103lin Anghel-Dimache\",\"image\":{\"@type\":\"ImageObject\",\"inLanguage\":\"en-GB\",\"@id\":\"https:\\\/\\\/buletin.de\\\/bucuresti\\\/wp-content\\\/uploads\\\/Catalin-Anghel-Dimache-96x96.jpgbd9e43c5b25186d5b8e917ac61ad86c4\",\"url\":\"https:\\\/\\\/buletin.de\\\/bucuresti\\\/wp-content\\\/uploads\\\/Catalin-Anghel-Dimache-96x96.jpg\",\"contentUrl\":\"https:\\\/\\\/buletin.de\\\/bucuresti\\\/wp-content\\\/uploads\\\/Catalin-Anghel-Dimache-96x96.jpg\",\"caption\":\"C\u0103t\u0103lin Anghel-Dimache\"},\"description\":\"A absolvit Facultatea de Jurnalism \u0219i \u0218tiin\u021bele Comunic\u0103rii a Universit\u0103\u021bii din Bucure\u0219ti \u00een 2024. Scrie despre mediu \u0219i teme sociale, dar \u0219i despre cum se reflect\u0103 ele \u00een via\u021ba cotidian\u0103 a bucure\u0219tenilor, cu un ochi atent la pove\u0219tile personale din spatele titlurilor. N\u0103scut \u0219i crescut \u00een Bucure\u0219ti, a f\u0103cut un pas c\u0103tre presa local\u0103, din pasiune pentru ora\u0219ul s\u0103u \u0219i oamenii din el.\",\"url\":\"https:\\\/\\\/buletin.de\\\/bucuresti\\\/author\\\/catalin-anghel-dimache\\\/\"}]}<\/script>\n<!-- \/ Yoast SEO Premium plugin. -->","yoast_head_json":{"title":"Turul Fran\u021bei: restric\u021bii de circula\u021bie \u00een Bucure\u0219ti, pe 1 septembrie - Buletin de Bucure\u0219ti","description":"Turul Fran\u021bei va impune, \u00eencep\u00e2nd cu ora 07:00, restric\u021bii de circula\u021bie pe mai multe artere principale din ora\u0219.","robots":{"index":"index","follow":"follow","max-snippet":"max-snippet:-1","max-image-preview":"max-image-preview:large","max-video-preview":"max-video-preview:-1"},"canonical":"https:\/\/buletin.de\/bucuresti\/turul-frantei-restrictii-de-circulatie-in-bucuresti-pe-1-septembrie\/","og_locale":"en_GB","og_type":"article","og_title":"Turul Fran\u021bei: restric\u021bii de circula\u021bie \u00een Bucure\u0219ti, pe 1 septembrie","og_description":"Turul Fran\u021bei va impune, \u00eencep\u00e2nd cu ora 07:00, restric\u021bii de circula\u021bie pe mai multe artere principale din ora\u0219.","og_url":"https:\/\/buletin.de\/bucuresti\/turul-frantei-restrictii-de-circulatie-in-bucuresti-pe-1-septembrie\/","og_site_name":"Buletin de Bucure\u0219ti","article_publisher":"https:\/\/www.facebook.com\/buletin.de.buc","article_published_time":"2024-08-28T04:34:55+00:00","og_image":[{"width":1024,"height":665,"url":"https:\/\/buletin.de\/bucuresti\/wp-content\/uploads\/turul-frantei-restrictii.jpeg","type":"image\/jpeg"}],"author":"C\u0103t\u0103lin Anghel-Dimache","twitter_card":"summary_large_image","twitter_misc":{"Written by":"C\u0103t\u0103lin Anghel-Dimache","Estimated reading time":"3 minutes"},"schema":{"@context":"https:\/\/schema.org","@graph":[{"@type":"Article","@id":"https:\/\/buletin.de\/bucuresti\/turul-frantei-restrictii-de-circulatie-in-bucuresti-pe-1-septembrie\/#article","isPartOf":{"@id":"https:\/\/buletin.de\/bucuresti\/turul-frantei-restrictii-de-circulatie-in-bucuresti-pe-1-septembrie\/"},"author":{"name":"C\u0103t\u0103lin Anghel-Dimache","@id":"https:\/\/buletin.de\/bucuresti\/#\/schema\/person\/0ac9db30080482be87c7386a30f98796"},"headline":"Turul Fran\u021bei: restric\u021bii de circula\u021bie \u00een Bucure\u0219ti, pe 1 septembrie","datePublished":"2024-08-28T04:34:55+00:00","mainEntityOfPage":{"@id":"https:\/\/buletin.de\/bucuresti\/turul-frantei-restrictii-de-circulatie-in-bucuresti-pe-1-septembrie\/"},"wordCount":507,"publisher":{"@id":"https:\/\/buletin.de\/bucuresti\/#organization"},"image":{"@id":"https:\/\/buletin.de\/bucuresti\/turul-frantei-restrictii-de-circulatie-in-bucuresti-pe-1-septembrie\/#primaryimage"},"thumbnailUrl":"https:\/\/buletin.de\/bucuresti\/wp-content\/uploads\/turul-frantei-restrictii.jpeg","keywords":["bucuresti","restrictii de circulatie","turul frantei"],"articleSection":["Articole","\u0218tiri","Transport"],"inLanguage":"en-GB","copyrightYear":"2024","copyrightHolder":{"@id":"https:\/\/buletin.de\/bucuresti\/#organization"}},{"@type":"WebPage","@id":"https:\/\/buletin.de\/bucuresti\/turul-frantei-restrictii-de-circulatie-in-bucuresti-pe-1-septembrie\/","url":"https:\/\/buletin.de\/bucuresti\/turul-frantei-restrictii-de-circulatie-in-bucuresti-pe-1-septembrie\/","name":"Turul Fran\u021bei: restric\u021bii de circula\u021bie \u00een Bucure\u0219ti, pe 1 septembrie - Buletin de Bucure\u0219ti","isPartOf":{"@id":"https:\/\/buletin.de\/bucuresti\/#website"},"primaryImageOfPage":{"@id":"https:\/\/buletin.de\/bucuresti\/turul-frantei-restrictii-de-circulatie-in-bucuresti-pe-1-septembrie\/#primaryimage"},"image":{"@id":"https:\/\/buletin.de\/bucuresti\/turul-frantei-restrictii-de-circulatie-in-bucuresti-pe-1-septembrie\/#primaryimage"},"thumbnailUrl":"https:\/\/buletin.de\/bucuresti\/wp-content\/uploads\/turul-frantei-restrictii.jpeg","datePublished":"2024-08-28T04:34:55+00:00","description":"Turul Fran\u021bei va impune, \u00eencep\u00e2nd cu ora 07:00, restric\u021bii de circula\u021bie pe mai multe artere principale din ora\u0219.","breadcrumb":{"@id":"https:\/\/buletin.de\/bucuresti\/turul-frantei-restrictii-de-circulatie-in-bucuresti-pe-1-septembrie\/#breadcrumb"},"inLanguage":"en-GB","potentialAction":[{"@type":"ReadAction","target":["https:\/\/buletin.de\/bucuresti\/turul-frantei-restrictii-de-circulatie-in-bucuresti-pe-1-septembrie\/"]}]},{"@type":"ImageObject","inLanguage":"en-GB","@id":"https:\/\/buletin.de\/bucuresti\/turul-frantei-restrictii-de-circulatie-in-bucuresti-pe-1-septembrie\/#primaryimage","url":"https:\/\/buletin.de\/bucuresti\/wp-content\/uploads\/turul-frantei-restrictii.jpeg","contentUrl":"https:\/\/buletin.de\/bucuresti\/wp-content\/uploads\/turul-frantei-restrictii.jpeg","width":1024,"height":665,"caption":"Turul Fran\u021bei: restric\u021bii de circula\u021bie pe 1 septembrie. FOTO: Poli\u021bia Capitalei"},{"@type":"BreadcrumbList","@id":"https:\/\/buletin.de\/bucuresti\/turul-frantei-restrictii-de-circulatie-in-bucuresti-pe-1-septembrie\/#breadcrumb","itemListElement":[{"@type":"ListItem","position":1,"name":"Acas\u0103","item":"https:\/\/buletin.de\/bucuresti\/"},{"@type":"ListItem","position":2,"name":"Turul Fran\u021bei: restric\u021bii de circula\u021bie \u00een Bucure\u0219ti, pe 1 septembrie"}]},{"@type":"WebSite","@id":"https:\/\/buletin.de\/bucuresti\/#website","url":"https:\/\/buletin.de\/bucuresti\/","name":"Buletin de Bucure\u0219ti","description":"\u0218tiri \u0219i investiga\u021bii esen\u021biale din capital\u0103","publisher":{"@id":"https:\/\/buletin.de\/bucuresti\/#organization"},"potentialAction":[{"@type":"SearchAction","target":{"@type":"EntryPoint","urlTemplate":"https:\/\/buletin.de\/bucuresti\/?s={search_term_string}"},"query-input":{"@type":"PropertyValueSpecification","valueRequired":true,"valueName":"search_term_string"}}],"inLanguage":"en-GB"},{"@type":"Organization","@id":"https:\/\/buletin.de\/bucuresti\/#organization","name":"Buletin de Bucure\u0219ti","url":"https:\/\/buletin.de\/bucuresti\/","logo":{"@type":"ImageObject","inLanguage":"en-GB","@id":"https:\/\/buletin.de\/bucuresti\/#\/schema\/logo\/image\/","url":"https:\/\/buletin.de\/bucuresti\/wp-content\/uploads\/logo-bdb-full-wide-vernil-transparent.png","contentUrl":"https:\/\/buletin.de\/bucuresti\/wp-content\/uploads\/logo-bdb-full-wide-vernil-transparent.png","width":1782,"height":626,"caption":"Buletin de Bucure\u0219ti"},"image":{"@id":"https:\/\/buletin.de\/bucuresti\/#\/schema\/logo\/image\/"},"sameAs":["https:\/\/www.facebook.com\/buletin.de.buc","https:\/\/www.instagram.com\/buletinde.bucuresti\/"]},{"@type":"Person","@id":"https:\/\/buletin.de\/bucuresti\/#\/schema\/person\/0ac9db30080482be87c7386a30f98796","name":"C\u0103t\u0103lin Anghel-Dimache","image":{"@type":"ImageObject","inLanguage":"en-GB","@id":"https:\/\/buletin.de\/bucuresti\/wp-content\/uploads\/Catalin-Anghel-Dimache-96x96.jpgbd9e43c5b25186d5b8e917ac61ad86c4","url":"https:\/\/buletin.de\/bucuresti\/wp-content\/uploads\/Catalin-Anghel-Dimache-96x96.jpg","contentUrl":"https:\/\/buletin.de\/bucuresti\/wp-content\/uploads\/Catalin-Anghel-Dimache-96x96.jpg","caption":"C\u0103t\u0103lin Anghel-Dimache"},"description":"A absolvit Facultatea de Jurnalism \u0219i \u0218tiin\u021bele Comunic\u0103rii a Universit\u0103\u021bii din Bucure\u0219ti \u00een 2024. Scrie despre mediu \u0219i teme sociale, dar \u0219i despre cum se reflect\u0103 ele \u00een via\u021ba cotidian\u0103 a bucure\u0219tenilor, cu un ochi atent la pove\u0219tile personale din spatele titlurilor. N\u0103scut \u0219i crescut \u00een Bucure\u0219ti, a f\u0103cut un pas c\u0103tre presa local\u0103, din pasiune pentru ora\u0219ul s\u0103u \u0219i oamenii din el.","url":"https:\/\/buletin.de\/bucuresti\/author\/catalin-anghel-dimache\/"}]}},"authors":[{"term_id":22572,"user_id":59,"is_guest":0,"slug":"catalin-anghel-dimache","display_name":"C\u0103t\u0103lin Anghel-Dimache","avatar_url":"https:\/\/buletin.de\/bucuresti\/wp-content\/uploads\/Catalin-Anghel-Dimache-96x96.jpg","0":null,"1":"","2":"","3":"","4":"","5":"","6":"","7":"","8":""}],"_links":{"self":[{"href":"https:\/\/buletin.de\/bucuresti\/wp-json\/wp\/v2\/posts\/95924","targetHints":{"allow":["GET"]}}],"collection":[{"href":"https:\/\/buletin.de\/bucuresti\/wp-json\/wp\/v2\/posts"}],"about":[{"href":"https:\/\/buletin.de\/bucuresti\/wp-json\/wp\/v2\/types\/post"}],"author":[{"embeddable":true,"href":"https:\/\/buletin.de\/bucuresti\/wp-json\/wp\/v2\/users\/59"}],"replies":[{"embeddable":true,"href":"https:\/\/buletin.de\/bucuresti\/wp-json\/wp\/v2\/comments?post=95924"}],"version-history":[{"count":3,"href":"https:\/\/buletin.de\/bucuresti\/wp-json\/wp\/v2\/posts\/95924\/revisions"}],"predecessor-version":[{"id":95942,"href":"https:\/\/buletin.de\/bucuresti\/wp-json\/wp\/v2\/posts\/95924\/revisions\/95942"}],"wp:featuredmedia":[{"embeddable":true,"href":"https:\/\/buletin.de\/bucuresti\/wp-json\/wp\/v2\/media\/95926"}],"wp:attachment":[{"href":"https:\/\/buletin.de\/bucuresti\/wp-json\/wp\/v2\/media?parent=95924"}],"wp:term":[{"taxonomy":"category","embeddable":true,"href":"https:\/\/buletin.de\/bucuresti\/wp-json\/wp\/v2\/categories?post=95924"},{"taxonomy":"post_tag","embeddable":true,"href":"https:\/\/buletin.de\/bucuresti\/wp-json\/wp\/v2\/tags?post=95924"},{"taxonomy":"author","embeddable":true,"href":"https:\/\/buletin.de\/bucuresti\/wp-json\/wp\/v2\/ppma_author?post=95924"}],"curies":[{"name":"wp","href":"https:\/\/api.w.org\/{rel}","templated":true}]}}